{"id":177732,"date":"2021-11-05T18:18:27","date_gmt":"2021-11-05T17:18:27","guid":{"rendered":"https:\/\/dicodusport.fr\/blog\/?p=177732&#038;preview=true&#038;preview_id=177732"},"modified":"2021-11-05T18:18:27","modified_gmt":"2021-11-05T17:18:27","slug":"championnats-deurope-espoirs-de-judo-ophelie-vellozzi-en-bronze","status":"publish","type":"post","link":"https:\/\/dicodusport.fr\/blog\/championnats-deurope-espoirs-de-judo-ophelie-vellozzi-en-bronze\/","title":{"rendered":"Championnats d&rsquo;Europe espoirs de judo : Oph\u00e9lie Vellozzi en bronze"},"content":{"rendered":"<p style=\"text-align: justify;\"><strong><em><a href=\"https:\/\/dicodusport.fr\/blog\/judo-championnats-deurope-espoirs-2021-le-programme-complet\/\" target=\"_blank\" rel=\"noopener\">CHAMPIONNATS D&rsquo;EUROPE ESPOIRS DE JUDO<\/a> &#8211; Premi\u00e8re m\u00e9daille fran\u00e7aise \u00e0 Budapest avec le bronze obtenu par Oph\u00e9lie Vellozzi.<\/em><\/strong><\/p>\n<p style=\"text-align: justify;\"><strong>Oph\u00e9lie Vellozzi<\/strong> (-57 kg) a battu Andjela Samardzic au golden score. Au 2e tour, elle a inscrit un waza-ari face \u00e0 Vita Maidanik avant de r\u00e9aliser un ippon en toute fin de combat. En quarts, elle a battu Flaka Loxha avec un waza-ari. En demi-finale, elle s&rsquo;est inclin\u00e9e face \u00e0 Seija Ballhaus qui a r\u00e9alis\u00e9 un ippon rapide.<\/p>\n<p style=\"text-align: justify;\">Dans le combat pour le bronze, elle faisait face \u00e0 Andrea Karman. Et la vice-championne d&rsquo;Europe junior 2020, d\u00e9termin\u00e9e avant son entr\u00e9e sur le tapis, s&rsquo;est impos\u00e9e avec un waza-ari.<\/p>\n<h2>Orlando Cazorla au pied du podium<\/h2>\n<p style=\"text-align: justify;\"><strong>Orlando Cazorla<\/strong> (-66 kg) a battu Stanislas Semkov sur ippon au 2e tour. En quarts, alors que le Russe Ismail Misirov avait 2 p\u00e9nalit\u00e9s, il a inscrit un waza-ari avant la derni\u00e8re minute pour s&rsquo;imposer. Aux rep\u00eachages, il a battu Freddy Waizenegger sur ippon(immobilisation). Dans le combat pour le bronze, il a \u00e9t\u00e9 battu par Giorgi Tutashvili, champion d&rsquo;Europe junior 2019.<\/p>\n<h2 style=\"text-align: justify;\">Les autres r\u00e9sultats de la journ\u00e9e<\/h2>\n<p style=\"text-align: justify;\"><strong>Enzo Gibelli<\/strong> (-73 kg) attendra pour sa premi\u00e8re m\u00e9daille internationale. Il a d&rsquo;abord battu Luca Rubeca avec un waza-ari en fin de combat. Ensuite, il s&rsquo;est d\u00e9barass\u00e9 au golden score de Petru Pelivan qui l&rsquo;avait battu au m\u00eame stade chez les juniors l&rsquo;ann\u00e9e derni\u00e8re. Au 3e tour, il a battu Petar Klikovacn sur ippon au golden score. En quarts, le Moldave Adil Osmaonv a tout de suite \u00e9t\u00e9 entreprenant et le Fran\u00e7ais a \u00e9t\u00e9 surpris d\u00e8s la 2e attaque par un ippon.<\/p>\n<p style=\"text-align: justify;\">Il n&rsquo;est pas parvenu \u00e0 se remobiliser et aux rep\u00eachages, il a \u00e9t\u00e9 battu par Daniel Szegedi qui avait d&rsquo;abord inscrit un waza-ari rapide avant de s&rsquo;imposer sur ippon.<\/p>\n<p style=\"text-align: justify;\"><strong>Gabin Supervielle<\/strong> (-60 kg) a battu David Naij sur ippon. Le Fran\u00e7ais a ensuite ouvert le score face \u00e0 Vache Adamyan mais il a \u00e9t\u00e9 rejoint par l&rsquo;Autrichien en fin de combat qui s&rsquo;est finalement impos\u00e9 sur ippon.<\/p>\n<p style=\"text-align: justify;\"><strong>Benjamin Gomes<\/strong> (-66 kg) a battu Boyan Yotov sur ippon. Il s&rsquo;est ensuite inclin\u00e9 face \u00e0 Severin Edmeier sur un ippon rapide.<\/p>\n<p style=\"text-align: justify;\"><strong>Ana\u00efs Perrot<\/strong> (-48 kg) a \u00e9t\u00e9 battue par Amy Platten. La Fran\u00e7aise qui a rapidement \u00e9cop\u00e9 de 2 p\u00e9nalit\u00e9s a finalement re\u00e7u la 3e apr\u00e8s 3 minutes au golden score.<\/p>\n<p style=\"text-align: justify;\"><strong>L\u00e9onie Gonzalez<\/strong> (-52 kg) a \u00e9t\u00e9 battue au 2e tour par Nadezda Petrovic sur ippon au golden score.<\/p>\n<p style=\"text-align: justify;\"><strong>Rania Drid<\/strong> (-63 kg) a \u00e9t\u00e9 \u00e9limin\u00e9e sur ippon par Anastasiia Antipina au premier tour.<\/p>\n","protected":false},"excerpt":{"rendered":"<p>CHAMPIONNATS D&rsquo;EUROPE ESPOIRS DE JUDO &#8211; Premi\u00e8re m\u00e9daille fran\u00e7aise \u00e0 Budapest avec le bronze obtenu par Oph\u00e9lie Vellozzi.<\/p>\n","protected":false},"author":12,"featured_media":177744,"comment_status":"open","ping_status":"closed","sticky":false,"template":"","format":"standard","meta":{"_acf_changed":false,"_daextam_enable_autolinks":"","footnotes":""},"categories":[8651],"tags":[19651],"class_list":["post-177732","post","type-post","status-publish","format-standard","has-post-thumbnail","hentry","category-judo","tag-championnats-deurope-espoirs-de-judo"],"acf":[],"yoast_head":"<!-- This site is optimized with the Yoast SEO Premium plugin v26.7 (Yoast SEO v26.7) - https:\/\/yoast.com\/wordpress\/plugins\/seo\/ -->\n<title>Championnats d&#039;Europe espoirs de judo : Oph\u00e9lie Vellozzi en bronze<\/title>\n<meta name=\"description\" content=\"CHAMPIONNATS D&#039;EUROPE ESPOIRS DE JUDO - Premi\u00e8re m\u00e9daille fran\u00e7aise \u00e0 Budapest avec le bronze obtenu par Oph\u00e9lie Vellozzi.\" \/>\n<meta name=\"robots\" content=\"index, follow, max-snippet:-1, max-image-preview:large, max-video-preview:-1\" \/>\n<link rel=\"canonical\" href=\"https:\/\/dicodusport.fr\/blog\/championnats-deurope-espoirs-de-judo-ophelie-vellozzi-en-bronze\/\" \/>\n<meta property=\"og:locale\" content=\"fr_FR\" \/>\n<meta property=\"og:type\" content=\"article\" \/>\n<meta property=\"og:title\" content=\"Championnats d&#039;Europe espoirs de judo : Oph\u00e9lie Vellozzi en bronze\" \/>\n<meta property=\"og:description\" content=\"CHAMPIONNATS D&#039;EUROPE ESPOIRS DE JUDO - Premi\u00e8re m\u00e9daille fran\u00e7aise \u00e0 Budapest avec le bronze obtenu par Oph\u00e9lie Vellozzi.\" \/>\n<meta property=\"og:url\" content=\"https:\/\/dicodusport.fr\/blog\/championnats-deurope-espoirs-de-judo-ophelie-vellozzi-en-bronze\/\" \/>\n<meta property=\"og:site_name\" content=\"Dicodusport\" \/>\n<meta property=\"article:publisher\" content=\"https:\/\/www.facebook.com\/dicodusport\" \/>\n<meta property=\"article:published_time\" content=\"2021-11-05T17:18:27+00:00\" \/>\n<meta property=\"og:image\" content=\"https:\/\/dicodusport.fr\/blog\/wp-content\/uploads\/2021\/11\/Championnats-dEurope-espoirs-de-judo-Ophelie-Vellozzi-en-bronze.jpg\" \/>\n\t<meta property=\"og:image:width\" content=\"800\" \/>\n\t<meta property=\"og:image:height\" content=\"445\" \/>\n\t<meta property=\"og:image:type\" content=\"image\/jpeg\" \/>\n<meta name=\"author\" content=\"Arlette Yeye\" \/>\n<meta name=\"twitter:card\" content=\"summary_large_image\" \/>\n<meta name=\"twitter:title\" content=\"Championnats d&#039;Europe espoirs de judo : Oph\u00e9lie Vellozzi en bronze\" \/>\n<meta name=\"twitter:creator\" content=\"@https:\/\/twitter.com\/Shiclette94\" \/>\n<meta name=\"twitter:site\" content=\"@dicodusport\" \/>\n<script type=\"application\/ld+json\" class=\"yoast-schema-graph\">{\"@context\":\"https:\/\/schema.org\",\"@graph\":[{\"@type\":\"NewsArticle\",\"@id\":\"https:\/\/dicodusport.fr\/blog\/championnats-deurope-espoirs-de-judo-ophelie-vellozzi-en-bronze\/#article\",\"isPartOf\":{\"@id\":\"https:\/\/dicodusport.fr\/blog\/championnats-deurope-espoirs-de-judo-ophelie-vellozzi-en-bronze\/\"},\"author\":{\"name\":\"Arlette Yeye\",\"@id\":\"https:\/\/dicodusport.fr\/blog\/#\/schema\/person\/cce96fa88785bd8573e3d43078ac8c79\"},\"headline\":\"Championnats d&rsquo;Europe espoirs de judo : Oph\u00e9lie Vellozzi en bronze\",\"datePublished\":\"2021-11-05T17:18:27+00:00\",\"mainEntityOfPage\":{\"@id\":\"https:\/\/dicodusport.fr\/blog\/championnats-deurope-espoirs-de-judo-ophelie-vellozzi-en-bronze\/\"},\"wordCount\":465,\"commentCount\":0,\"publisher\":{\"@id\":\"https:\/\/dicodusport.fr\/blog\/#organization\"},\"image\":{\"@id\":\"https:\/\/dicodusport.fr\/blog\/championnats-deurope-espoirs-de-judo-ophelie-vellozzi-en-bronze\/#primaryimage\"},\"thumbnailUrl\":\"https:\/\/dicodusport.fr\/blog\/wp-content\/uploads\/2021\/11\/Championnats-dEurope-espoirs-de-judo-Ophelie-Vellozzi-en-bronze.jpg\",\"keywords\":[\"championnats d'Europe espoirs de judo\"],\"articleSection\":[\"Judo\"],\"inLanguage\":\"fr-FR\",\"potentialAction\":[{\"@type\":\"CommentAction\",\"name\":\"Comment\",\"target\":[\"https:\/\/dicodusport.fr\/blog\/championnats-deurope-espoirs-de-judo-ophelie-vellozzi-en-bronze\/#respond\"]}],\"copyrightYear\":\"2021\",\"copyrightHolder\":{\"@id\":\"https:\/\/dicodusport.fr\/blog\/#organization\"}},{\"@type\":\"WebPage\",\"@id\":\"https:\/\/dicodusport.fr\/blog\/championnats-deurope-espoirs-de-judo-ophelie-vellozzi-en-bronze\/\",\"url\":\"https:\/\/dicodusport.fr\/blog\/championnats-deurope-espoirs-de-judo-ophelie-vellozzi-en-bronze\/\",\"name\":\"Championnats d'Europe espoirs de judo : Oph\u00e9lie Vellozzi en bronze\",\"isPartOf\":{\"@id\":\"https:\/\/dicodusport.fr\/blog\/#website\"},\"primaryImageOfPage\":{\"@id\":\"https:\/\/dicodusport.fr\/blog\/championnats-deurope-espoirs-de-judo-ophelie-vellozzi-en-bronze\/#primaryimage\"},\"image\":{\"@id\":\"https:\/\/dicodusport.fr\/blog\/championnats-deurope-espoirs-de-judo-ophelie-vellozzi-en-bronze\/#primaryimage\"},\"thumbnailUrl\":\"https:\/\/dicodusport.fr\/blog\/wp-content\/uploads\/2021\/11\/Championnats-dEurope-espoirs-de-judo-Ophelie-Vellozzi-en-bronze.jpg\",\"datePublished\":\"2021-11-05T17:18:27+00:00\",\"description\":\"CHAMPIONNATS D'EUROPE ESPOIRS DE JUDO - Premi\u00e8re m\u00e9daille fran\u00e7aise \u00e0 Budapest avec le bronze obtenu par Oph\u00e9lie Vellozzi.\",\"breadcrumb\":{\"@id\":\"https:\/\/dicodusport.fr\/blog\/championnats-deurope-espoirs-de-judo-ophelie-vellozzi-en-bronze\/#breadcrumb\"},\"inLanguage\":\"fr-FR\",\"potentialAction\":[{\"@type\":\"ReadAction\",\"target\":[\"https:\/\/dicodusport.fr\/blog\/championnats-deurope-espoirs-de-judo-ophelie-vellozzi-en-bronze\/\"]}]},{\"@type\":\"ImageObject\",\"inLanguage\":\"fr-FR\",\"@id\":\"https:\/\/dicodusport.fr\/blog\/championnats-deurope-espoirs-de-judo-ophelie-vellozzi-en-bronze\/#primaryimage\",\"url\":\"https:\/\/dicodusport.fr\/blog\/wp-content\/uploads\/2021\/11\/Championnats-dEurope-espoirs-de-judo-Ophelie-Vellozzi-en-bronze.jpg\",\"contentUrl\":\"https:\/\/dicodusport.fr\/blog\/wp-content\/uploads\/2021\/11\/Championnats-dEurope-espoirs-de-judo-Ophelie-Vellozzi-en-bronze.jpg\",\"width\":800,\"height\":445,\"caption\":\"Championnats d'Europe espoirs de judo Oph\u00e9lie Vellozzi en bronze\"},{\"@type\":\"BreadcrumbList\",\"@id\":\"https:\/\/dicodusport.fr\/blog\/championnats-deurope-espoirs-de-judo-ophelie-vellozzi-en-bronze\/#breadcrumb\",\"itemListElement\":[{\"@type\":\"ListItem\",\"position\":1,\"name\":\"Accueil\",\"item\":\"https:\/\/dicodusport.fr\/blog\/\"},{\"@type\":\"ListItem\",\"position\":2,\"name\":\"Championnats d&rsquo;Europe espoirs de judo : Oph\u00e9lie Vellozzi en bronze\"}]},{\"@type\":\"WebSite\",\"@id\":\"https:\/\/dicodusport.fr\/blog\/#website\",\"url\":\"https:\/\/dicodusport.fr\/blog\/\",\"name\":\"Dicodusport\",\"description\":\"L&#039;encyclop\u00e9die de l&#039;actualit\u00e9 sportive\",\"publisher\":{\"@id\":\"https:\/\/dicodusport.fr\/blog\/#organization\"},\"potentialAction\":[{\"@type\":\"SearchAction\",\"target\":{\"@type\":\"EntryPoint\",\"urlTemplate\":\"https:\/\/dicodusport.fr\/blog\/?s={search_term_string}\"},\"query-input\":{\"@type\":\"PropertyValueSpecification\",\"valueRequired\":true,\"valueName\":\"search_term_string\"}}],\"inLanguage\":\"fr-FR\"},{\"@type\":\"NewsMediaOrganization\",\"@id\":\"https:\/\/dicodusport.fr\/blog\/#organization\",\"name\":\"Dicodusport\",\"url\":\"https:\/\/dicodusport.fr\/blog\/\",\"logo\":{\"@type\":\"ImageObject\",\"inLanguage\":\"fr-FR\",\"@id\":\"https:\/\/dicodusport.fr\/blog\/#\/schema\/logo\/image\/\",\"url\":\"https:\/\/dicodusport.fr\/blog\/wp-content\/uploads\/2020\/06\/cropped-LOGO-DICODUSPORT-2020-SANS-FOND-SANS-TEXTE.png\",\"contentUrl\":\"https:\/\/dicodusport.fr\/blog\/wp-content\/uploads\/2020\/06\/cropped-LOGO-DICODUSPORT-2020-SANS-FOND-SANS-TEXTE.png\",\"width\":512,\"height\":512,\"caption\":\"Dicodusport\"},\"image\":{\"@id\":\"https:\/\/dicodusport.fr\/blog\/#\/schema\/logo\/image\/\"},\"sameAs\":[\"https:\/\/www.facebook.com\/dicodusport\",\"https:\/\/x.com\/dicodusport\",\"https:\/\/www.instagram.com\/dicodusport\/\",\"https:\/\/www.youtube.com\/channel\/UC7V2KZ5sd3htJivAbA4ZG3w\"],\"description\":\"Dicodusport est l'encyclop\u00e9die de l'actualit\u00e9 sportive.\",\"email\":\"bonjour@dicodusport.fr\",\"legalName\":\"DICODUSPORT\",\"foundingDate\":\"2018-01-14\",\"vatID\":\"FR71834470973\",\"taxID\":\"83447097300043\",\"numberOfEmployees\":{\"@type\":\"QuantitativeValue\",\"minValue\":\"1\",\"maxValue\":\"10\"}},{\"@type\":\"Person\",\"@id\":\"https:\/\/dicodusport.fr\/blog\/#\/schema\/person\/cce96fa88785bd8573e3d43078ac8c79\",\"name\":\"Arlette Yeye\",\"image\":{\"@type\":\"ImageObject\",\"inLanguage\":\"fr-FR\",\"@id\":\"https:\/\/dicodusport.fr\/blog\/#\/schema\/person\/image\/\",\"url\":\"https:\/\/secure.gravatar.com\/avatar\/dca4a6239e6d708e46c45d60e160de6c?s=96&d=wp_user_avatar&r=g\",\"contentUrl\":\"https:\/\/secure.gravatar.com\/avatar\/dca4a6239e6d708e46c45d60e160de6c?s=96&d=wp_user_avatar&r=g\",\"caption\":\"Arlette Yeye\"},\"description\":\"Journaliste\/r\u00e9dactrice depuis septembre 2015 - Supportrice de Chelsea, j'ai pour sports de pr\u00e9dilection le handball, l'athl\u00e9tisme et le tennis. Si je tweete plus vite que mon ombre, vous pouvez aussi me retrouver les week-ends sur les playgrounds de Bruxelles pour un petit foot ou basket entre potes. Parcourir la France, l'Europe et plus si affinit\u00e9s pour suivre mes sportifs pr\u00e9f\u00e9r\u00e9s ? Mon kif ! Et c'est avec plaisir que je partage les r\u00e9sultats des sports populaires mais \u00e9galement plus confidentiels pour Dicodusport.\",\"sameAs\":[\"https:\/\/x.com\/https:\/\/twitter.com\/Shiclette94\"],\"url\":\"https:\/\/dicodusport.fr\/blog\/author\/arlette\/\"}]}<\/script>\n<!-- \/ Yoast SEO Premium plugin. -->","yoast_head_json":{"title":"Championnats d'Europe espoirs de judo : Oph\u00e9lie Vellozzi en bronze","description":"CHAMPIONNATS D'EUROPE ESPOIRS DE JUDO - Premi\u00e8re m\u00e9daille fran\u00e7aise \u00e0 Budapest avec le bronze obtenu par Oph\u00e9lie Vellozzi.","robots":{"index":"index","follow":"follow","max-snippet":"max-snippet:-1","max-image-preview":"max-image-preview:large","max-video-preview":"max-video-preview:-1"},"canonical":"https:\/\/dicodusport.fr\/blog\/championnats-deurope-espoirs-de-judo-ophelie-vellozzi-en-bronze\/","og_locale":"fr_FR","og_type":"article","og_title":"Championnats d'Europe espoirs de judo : Oph\u00e9lie Vellozzi en bronze","og_description":"CHAMPIONNATS D'EUROPE ESPOIRS DE JUDO - Premi\u00e8re m\u00e9daille fran\u00e7aise \u00e0 Budapest avec le bronze obtenu par Oph\u00e9lie Vellozzi.","og_url":"https:\/\/dicodusport.fr\/blog\/championnats-deurope-espoirs-de-judo-ophelie-vellozzi-en-bronze\/","og_site_name":"Dicodusport","article_publisher":"https:\/\/www.facebook.com\/dicodusport","article_published_time":"2021-11-05T17:18:27+00:00","og_image":[{"width":800,"height":445,"url":"https:\/\/dicodusport.fr\/blog\/wp-content\/uploads\/2021\/11\/Championnats-dEurope-espoirs-de-judo-Ophelie-Vellozzi-en-bronze.jpg","type":"image\/jpeg"}],"author":"Arlette Yeye","twitter_card":"summary_large_image","twitter_title":"Championnats d'Europe espoirs de judo : Oph\u00e9lie Vellozzi en bronze","twitter_creator":"@https:\/\/twitter.com\/Shiclette94","twitter_site":"@dicodusport","schema":{"@context":"https:\/\/schema.org","@graph":[{"@type":"NewsArticle","@id":"https:\/\/dicodusport.fr\/blog\/championnats-deurope-espoirs-de-judo-ophelie-vellozzi-en-bronze\/#article","isPartOf":{"@id":"https:\/\/dicodusport.fr\/blog\/championnats-deurope-espoirs-de-judo-ophelie-vellozzi-en-bronze\/"},"author":{"name":"Arlette Yeye","@id":"https:\/\/dicodusport.fr\/blog\/#\/schema\/person\/cce96fa88785bd8573e3d43078ac8c79"},"headline":"Championnats d&rsquo;Europe espoirs de judo : Oph\u00e9lie Vellozzi en bronze","datePublished":"2021-11-05T17:18:27+00:00","mainEntityOfPage":{"@id":"https:\/\/dicodusport.fr\/blog\/championnats-deurope-espoirs-de-judo-ophelie-vellozzi-en-bronze\/"},"wordCount":465,"commentCount":0,"publisher":{"@id":"https:\/\/dicodusport.fr\/blog\/#organization"},"image":{"@id":"https:\/\/dicodusport.fr\/blog\/championnats-deurope-espoirs-de-judo-ophelie-vellozzi-en-bronze\/#primaryimage"},"thumbnailUrl":"https:\/\/dicodusport.fr\/blog\/wp-content\/uploads\/2021\/11\/Championnats-dEurope-espoirs-de-judo-Ophelie-Vellozzi-en-bronze.jpg","keywords":["championnats d'Europe espoirs de judo"],"articleSection":["Judo"],"inLanguage":"fr-FR","potentialAction":[{"@type":"CommentAction","name":"Comment","target":["https:\/\/dicodusport.fr\/blog\/championnats-deurope-espoirs-de-judo-ophelie-vellozzi-en-bronze\/#respond"]}],"copyrightYear":"2021","copyrightHolder":{"@id":"https:\/\/dicodusport.fr\/blog\/#organization"}},{"@type":"WebPage","@id":"https:\/\/dicodusport.fr\/blog\/championnats-deurope-espoirs-de-judo-ophelie-vellozzi-en-bronze\/","url":"https:\/\/dicodusport.fr\/blog\/championnats-deurope-espoirs-de-judo-ophelie-vellozzi-en-bronze\/","name":"Championnats d'Europe espoirs de judo : Oph\u00e9lie Vellozzi en bronze","isPartOf":{"@id":"https:\/\/dicodusport.fr\/blog\/#website"},"primaryImageOfPage":{"@id":"https:\/\/dicodusport.fr\/blog\/championnats-deurope-espoirs-de-judo-ophelie-vellozzi-en-bronze\/#primaryimage"},"image":{"@id":"https:\/\/dicodusport.fr\/blog\/championnats-deurope-espoirs-de-judo-ophelie-vellozzi-en-bronze\/#primaryimage"},"thumbnailUrl":"https:\/\/dicodusport.fr\/blog\/wp-content\/uploads\/2021\/11\/Championnats-dEurope-espoirs-de-judo-Ophelie-Vellozzi-en-bronze.jpg","datePublished":"2021-11-05T17:18:27+00:00","description":"CHAMPIONNATS D'EUROPE ESPOIRS DE JUDO - Premi\u00e8re m\u00e9daille fran\u00e7aise \u00e0 Budapest avec le bronze obtenu par Oph\u00e9lie Vellozzi.","breadcrumb":{"@id":"https:\/\/dicodusport.fr\/blog\/championnats-deurope-espoirs-de-judo-ophelie-vellozzi-en-bronze\/#breadcrumb"},"inLanguage":"fr-FR","potentialAction":[{"@type":"ReadAction","target":["https:\/\/dicodusport.fr\/blog\/championnats-deurope-espoirs-de-judo-ophelie-vellozzi-en-bronze\/"]}]},{"@type":"ImageObject","inLanguage":"fr-FR","@id":"https:\/\/dicodusport.fr\/blog\/championnats-deurope-espoirs-de-judo-ophelie-vellozzi-en-bronze\/#primaryimage","url":"https:\/\/dicodusport.fr\/blog\/wp-content\/uploads\/2021\/11\/Championnats-dEurope-espoirs-de-judo-Ophelie-Vellozzi-en-bronze.jpg","contentUrl":"https:\/\/dicodusport.fr\/blog\/wp-content\/uploads\/2021\/11\/Championnats-dEurope-espoirs-de-judo-Ophelie-Vellozzi-en-bronze.jpg","width":800,"height":445,"caption":"Championnats d'Europe espoirs de judo Oph\u00e9lie Vellozzi en bronze"},{"@type":"BreadcrumbList","@id":"https:\/\/dicodusport.fr\/blog\/championnats-deurope-espoirs-de-judo-ophelie-vellozzi-en-bronze\/#breadcrumb","itemListElement":[{"@type":"ListItem","position":1,"name":"Accueil","item":"https:\/\/dicodusport.fr\/blog\/"},{"@type":"ListItem","position":2,"name":"Championnats d&rsquo;Europe espoirs de judo : Oph\u00e9lie Vellozzi en bronze"}]},{"@type":"WebSite","@id":"https:\/\/dicodusport.fr\/blog\/#website","url":"https:\/\/dicodusport.fr\/blog\/","name":"Dicodusport","description":"L&#039;encyclop\u00e9die de l&#039;actualit\u00e9 sportive","publisher":{"@id":"https:\/\/dicodusport.fr\/blog\/#organization"},"potentialAction":[{"@type":"SearchAction","target":{"@type":"EntryPoint","urlTemplate":"https:\/\/dicodusport.fr\/blog\/?s={search_term_string}"},"query-input":{"@type":"PropertyValueSpecification","valueRequired":true,"valueName":"search_term_string"}}],"inLanguage":"fr-FR"},{"@type":"NewsMediaOrganization","@id":"https:\/\/dicodusport.fr\/blog\/#organization","name":"Dicodusport","url":"https:\/\/dicodusport.fr\/blog\/","logo":{"@type":"ImageObject","inLanguage":"fr-FR","@id":"https:\/\/dicodusport.fr\/blog\/#\/schema\/logo\/image\/","url":"https:\/\/dicodusport.fr\/blog\/wp-content\/uploads\/2020\/06\/cropped-LOGO-DICODUSPORT-2020-SANS-FOND-SANS-TEXTE.png","contentUrl":"https:\/\/dicodusport.fr\/blog\/wp-content\/uploads\/2020\/06\/cropped-LOGO-DICODUSPORT-2020-SANS-FOND-SANS-TEXTE.png","width":512,"height":512,"caption":"Dicodusport"},"image":{"@id":"https:\/\/dicodusport.fr\/blog\/#\/schema\/logo\/image\/"},"sameAs":["https:\/\/www.facebook.com\/dicodusport","https:\/\/x.com\/dicodusport","https:\/\/www.instagram.com\/dicodusport\/","https:\/\/www.youtube.com\/channel\/UC7V2KZ5sd3htJivAbA4ZG3w"],"description":"Dicodusport est l'encyclop\u00e9die de l'actualit\u00e9 sportive.","email":"bonjour@dicodusport.fr","legalName":"DICODUSPORT","foundingDate":"2018-01-14","vatID":"FR71834470973","taxID":"83447097300043","numberOfEmployees":{"@type":"QuantitativeValue","minValue":"1","maxValue":"10"}},{"@type":"Person","@id":"https:\/\/dicodusport.fr\/blog\/#\/schema\/person\/cce96fa88785bd8573e3d43078ac8c79","name":"Arlette Yeye","image":{"@type":"ImageObject","inLanguage":"fr-FR","@id":"https:\/\/dicodusport.fr\/blog\/#\/schema\/person\/image\/","url":"https:\/\/secure.gravatar.com\/avatar\/dca4a6239e6d708e46c45d60e160de6c?s=96&d=wp_user_avatar&r=g","contentUrl":"https:\/\/secure.gravatar.com\/avatar\/dca4a6239e6d708e46c45d60e160de6c?s=96&d=wp_user_avatar&r=g","caption":"Arlette Yeye"},"description":"Journaliste\/r\u00e9dactrice depuis septembre 2015 - Supportrice de Chelsea, j'ai pour sports de pr\u00e9dilection le handball, l'athl\u00e9tisme et le tennis. Si je tweete plus vite que mon ombre, vous pouvez aussi me retrouver les week-ends sur les playgrounds de Bruxelles pour un petit foot ou basket entre potes. Parcourir la France, l'Europe et plus si affinit\u00e9s pour suivre mes sportifs pr\u00e9f\u00e9r\u00e9s ? Mon kif ! Et c'est avec plaisir que je partage les r\u00e9sultats des sports populaires mais \u00e9galement plus confidentiels pour Dicodusport.","sameAs":["https:\/\/x.com\/https:\/\/twitter.com\/Shiclette94"],"url":"https:\/\/dicodusport.fr\/blog\/author\/arlette\/"}]}},"_links":{"self":[{"href":"https:\/\/dicodusport.fr\/blog\/wp-json\/wp\/v2\/posts\/177732","targetHints":{"allow":["GET"]}}],"collection":[{"href":"https:\/\/dicodusport.fr\/blog\/wp-json\/wp\/v2\/posts"}],"about":[{"href":"https:\/\/dicodusport.fr\/blog\/wp-json\/wp\/v2\/types\/post"}],"author":[{"embeddable":true,"href":"https:\/\/dicodusport.fr\/blog\/wp-json\/wp\/v2\/users\/12"}],"replies":[{"embeddable":true,"href":"https:\/\/dicodusport.fr\/blog\/wp-json\/wp\/v2\/comments?post=177732"}],"version-history":[{"count":0,"href":"https:\/\/dicodusport.fr\/blog\/wp-json\/wp\/v2\/posts\/177732\/revisions"}],"wp:featuredmedia":[{"embeddable":true,"href":"https:\/\/dicodusport.fr\/blog\/wp-json\/wp\/v2\/media\/177744"}],"wp:attachment":[{"href":"https:\/\/dicodusport.fr\/blog\/wp-json\/wp\/v2\/media?parent=177732"}],"wp:term":[{"taxonomy":"category","embeddable":true,"href":"https:\/\/dicodusport.fr\/blog\/wp-json\/wp\/v2\/categories?post=177732"},{"taxonomy":"post_tag","embeddable":true,"href":"https:\/\/dicodusport.fr\/blog\/wp-json\/wp\/v2\/tags?post=177732"}],"curies":[{"name":"wp","href":"https:\/\/api.w.org\/{rel}","templated":true}]}}