{"id":177920,"date":"2021-11-06T19:01:15","date_gmt":"2021-11-06T18:01:15","guid":{"rendered":"https:\/\/dicodusport.fr\/blog\/?p=177920&#038;preview=true&#038;preview_id=177920"},"modified":"2025-06-21T20:37:25","modified_gmt":"2025-06-21T18:37:25","slug":"duathlon-nathan-guerbeur-champion-du-monde-devant-maxime-hueber-moosbrugger","status":"publish","type":"post","link":"https:\/\/dicodusport.fr\/blog\/duathlon-nathan-guerbeur-champion-du-monde-devant-maxime-hueber-moosbrugger\/","title":{"rendered":"Duathlon : Nathan Guerbeur champion du monde devant Maxime Hueber-Moosbrugger"},"content":{"rendered":"<p style=\"text-align: justify;\"><strong><em>DUATHLON &#8211; Ce samedi, \u00e0 Aviles (Espagne), le Fran\u00e7ais Nathan Guerbeur est devenu champion du monde de duathlon, devant son compatriote Maxime Hueber-Moosbrugger. Le Belge Arnaud Dely compl\u00e8te le podium.<\/em><\/strong><\/p>\n<p style=\"text-align: justify;\">Annul\u00e9s l&rsquo;ann\u00e9e pass\u00e9e \u00e0 cause de la pand\u00e9mie li\u00e9e au Covid-19, les Mondiaux de duathlon ont bien eu lieu cette ann\u00e9e, \u00e0 Aviles (Espagne), apr\u00e8s une nouveau report. La journ\u00e9e avait bien d\u00e9but\u00e9 pour le clan tricolore, puisque <strong>Marion Legrand<\/strong> avait d\u00e9croch\u00e9 le bronze sur la course f\u00e9minine. Avant le feu d&rsquo;artifice de la course masculine. En effet, les Bleus ont sign\u00e9 un sacr\u00e9 doubl\u00e9 sur le parcours espagnol. Apr\u00e8s 10 km de course \u00e0 pied, 40 km de cyclisme et 5 km de course \u00e0 pied, <strong>Nathan Guerbeur<\/strong>, 25 ans, est devenu champion du monde, en passant la ligne d&rsquo;arriv\u00e9e seul en t\u00eate. Il devance de quelques secondes son compatriote <strong>Maxime Hueber-Moosbrugger<\/strong>, 25 ans \u00e9galement. Derri\u00e8re, le Belge <strong>Arnaud Dely<\/strong>, titr\u00e9 chez les espoirs en 2018, compl\u00e8te le podium.<\/p>\n<blockquote class=\"twitter-tweet\">\n<p dir=\"ltr\" lang=\"en\">Congratulations to Nathan Guerbeur, 2021 World Triathlon <a href=\"https:\/\/twitter.com\/hashtag\/Duathlon?src=hash&amp;ref_src=twsrc%5Etfw\">#Duathlon<\/a> Champion in the men&rsquo;s race in Aviles, Spain!<\/p>\n<p>Silver for Maxime Hueber-Moosbrugger FRA<br \/>\nBronze for Arnaud Dely BEL<\/p>\n<p>Watch LIVE!<a href=\"https:\/\/t.co\/oqk2BHVBv5\">https:\/\/t.co\/oqk2BHVBv5<\/a><a href=\"https:\/\/twitter.com\/hashtag\/RoadtoBHM?src=hash&amp;ref_src=twsrc%5Etfw\">#RoadtoBHM<\/a> <a href=\"https:\/\/twitter.com\/gillcurrsanders?ref_src=twsrc%5Etfw\">@gillcurrsanders<\/a> <a href=\"https:\/\/twitter.com\/triathannie?ref_src=twsrc%5Etfw\">@triathannie<\/a> <a href=\"https:\/\/twitter.com\/FFTRI?ref_src=twsrc%5Etfw\">@FFTRI<\/a> <a href=\"https:\/\/t.co\/EYY9yMUaKh\">pic.twitter.com\/EYY9yMUaKh<\/a><\/p>\n<p>\u2014 World Triathlon (@worldtriathlon) <a href=\"https:\/\/twitter.com\/worldtriathlon\/status\/1457030132120555526?ref_src=twsrc%5Etfw\">November 6, 2021<\/a><\/p><\/blockquote>\n<p><script async src=\"https:\/\/platform.twitter.com\/widgets.js\" charset=\"utf-8\"><\/script><\/p>\n<p style=\"text-align: justify;\">\u00c0 noter que <strong>Nathan Guerbeur<\/strong> devient le quatri\u00e8me duathl\u00e8te fran\u00e7ais \u00e0 \u00eatre sacr\u00e9 champion du monde dans la discipline, apr\u00e8s <strong>Yann Millon<\/strong> (1998 et 1999), <strong>Beno\u00eet Nicolas<\/strong> (2014 et 2017) et <strong>Benjamin Choquert<\/strong> (2019), qui n&rsquo;\u00e9tait ni plus ni moins que le champion du monde sortant. D\u00e9cid\u00e9ment, le triathlon (et ses nombreuses disciplines) fran\u00e7ais se porte bien en cette fin d&rsquo;ann\u00e9e, apr\u00e8s les titres mondiaux le week-end d&rsquo;<a href=\"https:\/\/dicodusport.fr\/blog\/arthur-serrieres-sacre-champion-du-monde-de-cross-triathlon\/\">Arthur Serri\u00e8res en cross triathlon<\/a> et de <strong>Margot Garabedian <\/strong>en aquathlon.<\/p>\n","protected":false},"excerpt":{"rendered":"<p>DUATHLON &#8211; Ce samedi, \u00e0 Aviles (Espagne), le Fran\u00e7ais Nathan Guerbeur est devenu sacr\u00e9 champion du monde de duathlon, devant son compatriote Maxime Hueber-Moosbrugger. Le Belge Arnaud Dely compl\u00e8te le podium.<\/p>\n","protected":false},"author":4,"featured_media":177925,"comment_status":"open","ping_status":"closed","sticky":false,"template":"","format":"standard","meta":{"_acf_changed":false,"_daextam_enable_autolinks":"","footnotes":""},"categories":[26722],"tags":[20281,20283],"class_list":["post-177920","post","type-post","status-publish","format-standard","has-post-thumbnail","hentry","category-duathlon","tag-duathlon","tag-maxime-hueber-moosbrugger"],"acf":[],"yoast_head":"<!-- This site is optimized with the Yoast SEO Premium plugin v26.7 (Yoast SEO v26.7) - https:\/\/yoast.com\/wordpress\/plugins\/seo\/ -->\n<title>Duathlon : Nathan Guerbeur champion du monde devant Maxime Hueber-Moosbrugger<\/title>\n<meta name=\"description\" content=\"DUATHLON - Ce samedi, \u00e0 Aviles (Espagne), le Fran\u00e7ais Nathan Guerbeur est devenu sacr\u00e9 champion du monde de duathlon.\" \/>\n<meta name=\"robots\" content=\"index, follow, max-snippet:-1, max-image-preview:large, max-video-preview:-1\" \/>\n<link rel=\"canonical\" href=\"https:\/\/dicodusport.fr\/blog\/duathlon-nathan-guerbeur-champion-du-monde-devant-maxime-hueber-moosbrugger\/\" \/>\n<meta property=\"og:locale\" content=\"fr_FR\" \/>\n<meta property=\"og:type\" content=\"article\" \/>\n<meta property=\"og:title\" content=\"Duathlon : Nathan Guerbeur champion du monde devant Maxime Hueber-Moosbrugger\" \/>\n<meta property=\"og:description\" content=\"DUATHLON - Ce samedi, \u00e0 Aviles (Espagne), le Fran\u00e7ais Nathan Guerbeur est devenu sacr\u00e9 champion du monde de duathlon.\" \/>\n<meta property=\"og:url\" content=\"https:\/\/dicodusport.fr\/blog\/duathlon-nathan-guerbeur-champion-du-monde-devant-maxime-hueber-moosbrugger\/\" \/>\n<meta property=\"og:site_name\" content=\"Dicodusport\" \/>\n<meta property=\"article:publisher\" content=\"https:\/\/www.facebook.com\/dicodusport\" \/>\n<meta property=\"article:author\" content=\"https:\/\/www.facebook.com\/florent.ostermann\" \/>\n<meta property=\"article:published_time\" content=\"2021-11-06T18:01:15+00:00\" \/>\n<meta property=\"article:modified_time\" content=\"2025-06-21T18:37:25+00:00\" \/>\n<meta property=\"og:image\" content=\"https:\/\/dicodusport.fr\/blog\/wp-content\/uploads\/2021\/11\/Duathlon-Nathan-Guerbeur-champion-du-monde-devant-Maxime-Hueber-Moosbrugger.png\" \/>\n\t<meta property=\"og:image:width\" content=\"800\" \/>\n\t<meta property=\"og:image:height\" content=\"445\" \/>\n\t<meta property=\"og:image:type\" content=\"image\/png\" \/>\n<meta name=\"author\" content=\"Flo Ostermann\" \/>\n<meta name=\"twitter:card\" content=\"summary_large_image\" \/>\n<meta name=\"twitter:title\" content=\"Duathlon : Nathan Guerbeur champion du monde devant Maxime Hueber-Moosbrugger\" \/>\n<meta name=\"twitter:creator\" content=\"@https:\/\/twitter.com\/FlOstermann\" \/>\n<meta name=\"twitter:site\" content=\"@dicodusport\" \/>\n<script type=\"application\/ld+json\" class=\"yoast-schema-graph\">{\"@context\":\"https:\/\/schema.org\",\"@graph\":[{\"@type\":\"NewsArticle\",\"@id\":\"https:\/\/dicodusport.fr\/blog\/duathlon-nathan-guerbeur-champion-du-monde-devant-maxime-hueber-moosbrugger\/#article\",\"isPartOf\":{\"@id\":\"https:\/\/dicodusport.fr\/blog\/duathlon-nathan-guerbeur-champion-du-monde-devant-maxime-hueber-moosbrugger\/\"},\"author\":{\"name\":\"Flo Ostermann\",\"@id\":\"https:\/\/dicodusport.fr\/blog\/#\/schema\/person\/cb02af4c173ce4a653b55e9baf388d4a\"},\"headline\":\"Duathlon : Nathan Guerbeur champion du monde devant Maxime Hueber-Moosbrugger\",\"datePublished\":\"2021-11-06T18:01:15+00:00\",\"dateModified\":\"2025-06-21T18:37:25+00:00\",\"mainEntityOfPage\":{\"@id\":\"https:\/\/dicodusport.fr\/blog\/duathlon-nathan-guerbeur-champion-du-monde-devant-maxime-hueber-moosbrugger\/\"},\"wordCount\":310,\"commentCount\":0,\"publisher\":{\"@id\":\"https:\/\/dicodusport.fr\/blog\/#organization\"},\"image\":{\"@id\":\"https:\/\/dicodusport.fr\/blog\/duathlon-nathan-guerbeur-champion-du-monde-devant-maxime-hueber-moosbrugger\/#primaryimage\"},\"thumbnailUrl\":\"https:\/\/dicodusport.fr\/blog\/wp-content\/uploads\/2021\/11\/Duathlon-Nathan-Guerbeur-champion-du-monde-devant-Maxime-Hueber-Moosbrugger.png\",\"keywords\":[\"Duathlon\",\"Maxime Hueber-Moosbrugger\"],\"articleSection\":[\"Duathlon\"],\"inLanguage\":\"fr-FR\",\"potentialAction\":[{\"@type\":\"CommentAction\",\"name\":\"Comment\",\"target\":[\"https:\/\/dicodusport.fr\/blog\/duathlon-nathan-guerbeur-champion-du-monde-devant-maxime-hueber-moosbrugger\/#respond\"]}],\"copyrightYear\":\"2021\",\"copyrightHolder\":{\"@id\":\"https:\/\/dicodusport.fr\/blog\/#organization\"}},{\"@type\":\"WebPage\",\"@id\":\"https:\/\/dicodusport.fr\/blog\/duathlon-nathan-guerbeur-champion-du-monde-devant-maxime-hueber-moosbrugger\/\",\"url\":\"https:\/\/dicodusport.fr\/blog\/duathlon-nathan-guerbeur-champion-du-monde-devant-maxime-hueber-moosbrugger\/\",\"name\":\"Duathlon : Nathan Guerbeur champion du monde devant Maxime Hueber-Moosbrugger\",\"isPartOf\":{\"@id\":\"https:\/\/dicodusport.fr\/blog\/#website\"},\"primaryImageOfPage\":{\"@id\":\"https:\/\/dicodusport.fr\/blog\/duathlon-nathan-guerbeur-champion-du-monde-devant-maxime-hueber-moosbrugger\/#primaryimage\"},\"image\":{\"@id\":\"https:\/\/dicodusport.fr\/blog\/duathlon-nathan-guerbeur-champion-du-monde-devant-maxime-hueber-moosbrugger\/#primaryimage\"},\"thumbnailUrl\":\"https:\/\/dicodusport.fr\/blog\/wp-content\/uploads\/2021\/11\/Duathlon-Nathan-Guerbeur-champion-du-monde-devant-Maxime-Hueber-Moosbrugger.png\",\"datePublished\":\"2021-11-06T18:01:15+00:00\",\"dateModified\":\"2025-06-21T18:37:25+00:00\",\"description\":\"DUATHLON - Ce samedi, \u00e0 Aviles (Espagne), le Fran\u00e7ais Nathan Guerbeur est devenu sacr\u00e9 champion du monde de duathlon.\",\"breadcrumb\":{\"@id\":\"https:\/\/dicodusport.fr\/blog\/duathlon-nathan-guerbeur-champion-du-monde-devant-maxime-hueber-moosbrugger\/#breadcrumb\"},\"inLanguage\":\"fr-FR\",\"potentialAction\":[{\"@type\":\"ReadAction\",\"target\":[\"https:\/\/dicodusport.fr\/blog\/duathlon-nathan-guerbeur-champion-du-monde-devant-maxime-hueber-moosbrugger\/\"]}]},{\"@type\":\"ImageObject\",\"inLanguage\":\"fr-FR\",\"@id\":\"https:\/\/dicodusport.fr\/blog\/duathlon-nathan-guerbeur-champion-du-monde-devant-maxime-hueber-moosbrugger\/#primaryimage\",\"url\":\"https:\/\/dicodusport.fr\/blog\/wp-content\/uploads\/2021\/11\/Duathlon-Nathan-Guerbeur-champion-du-monde-devant-Maxime-Hueber-Moosbrugger.png\",\"contentUrl\":\"https:\/\/dicodusport.fr\/blog\/wp-content\/uploads\/2021\/11\/Duathlon-Nathan-Guerbeur-champion-du-monde-devant-Maxime-Hueber-Moosbrugger.png\",\"width\":800,\"height\":445,\"caption\":\"Duathlon : Nathan Guerbeur champion du monde devant Maxime Hueber-Moosbrugger\"},{\"@type\":\"BreadcrumbList\",\"@id\":\"https:\/\/dicodusport.fr\/blog\/duathlon-nathan-guerbeur-champion-du-monde-devant-maxime-hueber-moosbrugger\/#breadcrumb\",\"itemListElement\":[{\"@type\":\"ListItem\",\"position\":1,\"name\":\"Accueil\",\"item\":\"https:\/\/dicodusport.fr\/blog\/\"},{\"@type\":\"ListItem\",\"position\":2,\"name\":\"Duathlon : Nathan Guerbeur champion du monde devant Maxime Hueber-Moosbrugger\"}]},{\"@type\":\"WebSite\",\"@id\":\"https:\/\/dicodusport.fr\/blog\/#website\",\"url\":\"https:\/\/dicodusport.fr\/blog\/\",\"name\":\"Dicodusport\",\"description\":\"L&#039;encyclop\u00e9die de l&#039;actualit\u00e9 sportive\",\"publisher\":{\"@id\":\"https:\/\/dicodusport.fr\/blog\/#organization\"},\"potentialAction\":[{\"@type\":\"SearchAction\",\"target\":{\"@type\":\"EntryPoint\",\"urlTemplate\":\"https:\/\/dicodusport.fr\/blog\/?s={search_term_string}\"},\"query-input\":{\"@type\":\"PropertyValueSpecification\",\"valueRequired\":true,\"valueName\":\"search_term_string\"}}],\"inLanguage\":\"fr-FR\"},{\"@type\":\"NewsMediaOrganization\",\"@id\":\"https:\/\/dicodusport.fr\/blog\/#organization\",\"name\":\"Dicodusport\",\"url\":\"https:\/\/dicodusport.fr\/blog\/\",\"logo\":{\"@type\":\"ImageObject\",\"inLanguage\":\"fr-FR\",\"@id\":\"https:\/\/dicodusport.fr\/blog\/#\/schema\/logo\/image\/\",\"url\":\"https:\/\/dicodusport.fr\/blog\/wp-content\/uploads\/2020\/06\/cropped-LOGO-DICODUSPORT-2020-SANS-FOND-SANS-TEXTE.png\",\"contentUrl\":\"https:\/\/dicodusport.fr\/blog\/wp-content\/uploads\/2020\/06\/cropped-LOGO-DICODUSPORT-2020-SANS-FOND-SANS-TEXTE.png\",\"width\":512,\"height\":512,\"caption\":\"Dicodusport\"},\"image\":{\"@id\":\"https:\/\/dicodusport.fr\/blog\/#\/schema\/logo\/image\/\"},\"sameAs\":[\"https:\/\/www.facebook.com\/dicodusport\",\"https:\/\/x.com\/dicodusport\",\"https:\/\/www.instagram.com\/dicodusport\/\",\"https:\/\/www.youtube.com\/channel\/UC7V2KZ5sd3htJivAbA4ZG3w\"],\"description\":\"Dicodusport est l'encyclop\u00e9die de l'actualit\u00e9 sportive.\",\"email\":\"bonjour@dicodusport.fr\",\"legalName\":\"DICODUSPORT\",\"foundingDate\":\"2018-01-14\",\"vatID\":\"FR71834470973\",\"taxID\":\"83447097300043\",\"numberOfEmployees\":{\"@type\":\"QuantitativeValue\",\"minValue\":\"1\",\"maxValue\":\"10\"}},{\"@type\":\"Person\",\"@id\":\"https:\/\/dicodusport.fr\/blog\/#\/schema\/person\/cb02af4c173ce4a653b55e9baf388d4a\",\"name\":\"Flo Ostermann\",\"image\":{\"@type\":\"ImageObject\",\"inLanguage\":\"fr-FR\",\"@id\":\"https:\/\/dicodusport.fr\/blog\/#\/schema\/person\/image\/\",\"url\":\"https:\/\/dicodusport.fr\/blog\/wp-content\/uploads\/2021\/05\/Flo-Ostermann-150x150.jpg\",\"contentUrl\":\"https:\/\/dicodusport.fr\/blog\/wp-content\/uploads\/2021\/05\/Flo-Ostermann-150x150.jpg\",\"caption\":\"Flo Ostermann\"},\"description\":\"Journaliste\/R\u00e9dacteur depuis septembre 2015 - Mes premiers souvenirs dans le sport ? Les envol\u00e9es du Stade Toulousain et les duels Villeneuve-Schumacher et H\u00e4kkinen-Schumacher \u00e0 la fin des ann\u00e9es 90, la Coupe du monde de football en 1998, l\u2019exploit du XV de France face aux All Blacks en 1999, mais aussi Richard C\u0153ur de Lion qui vole sur les montagnes du Tour de France. Bien parti pour devenir professeur d\u2019EPS, les \u00e9v\u00e9nements de la vie (et la flemme d\u2019animer des s\u00e9ances de 3x500 m\u00e8tres toute ma vie) m\u2019ont conduit \u00e0 revoir mes plans. Me voil\u00e0 depuis fin 2017 sur Dicodusport, m\u00e9dia gr\u00e2ce (et pour) lequel je partage ma passion : le sport dans tous ses \u00e9tats. Le tout accompagn\u00e9 par les fous furieux et folles furieuses cit\u00e9s sur cette page !\",\"sameAs\":[\"https:\/\/www.facebook.com\/florent.ostermann\",\"https:\/\/x.com\/https:\/\/twitter.com\/FlOstermann\",\"admin\"],\"url\":\"https:\/\/dicodusport.fr\/blog\/author\/flo\/\"}]}<\/script>\n<!-- \/ Yoast SEO Premium plugin. -->","yoast_head_json":{"title":"Duathlon : Nathan Guerbeur champion du monde devant Maxime Hueber-Moosbrugger","description":"DUATHLON - Ce samedi, \u00e0 Aviles (Espagne), le Fran\u00e7ais Nathan Guerbeur est devenu sacr\u00e9 champion du monde de duathlon.","robots":{"index":"index","follow":"follow","max-snippet":"max-snippet:-1","max-image-preview":"max-image-preview:large","max-video-preview":"max-video-preview:-1"},"canonical":"https:\/\/dicodusport.fr\/blog\/duathlon-nathan-guerbeur-champion-du-monde-devant-maxime-hueber-moosbrugger\/","og_locale":"fr_FR","og_type":"article","og_title":"Duathlon : Nathan Guerbeur champion du monde devant Maxime Hueber-Moosbrugger","og_description":"DUATHLON - Ce samedi, \u00e0 Aviles (Espagne), le Fran\u00e7ais Nathan Guerbeur est devenu sacr\u00e9 champion du monde de duathlon.","og_url":"https:\/\/dicodusport.fr\/blog\/duathlon-nathan-guerbeur-champion-du-monde-devant-maxime-hueber-moosbrugger\/","og_site_name":"Dicodusport","article_publisher":"https:\/\/www.facebook.com\/dicodusport","article_author":"https:\/\/www.facebook.com\/florent.ostermann","article_published_time":"2021-11-06T18:01:15+00:00","article_modified_time":"2025-06-21T18:37:25+00:00","og_image":[{"width":800,"height":445,"url":"https:\/\/dicodusport.fr\/blog\/wp-content\/uploads\/2021\/11\/Duathlon-Nathan-Guerbeur-champion-du-monde-devant-Maxime-Hueber-Moosbrugger.png","type":"image\/png"}],"author":"Flo Ostermann","twitter_card":"summary_large_image","twitter_title":"Duathlon : Nathan Guerbeur champion du monde devant Maxime Hueber-Moosbrugger","twitter_creator":"@https:\/\/twitter.com\/FlOstermann","twitter_site":"@dicodusport","schema":{"@context":"https:\/\/schema.org","@graph":[{"@type":"NewsArticle","@id":"https:\/\/dicodusport.fr\/blog\/duathlon-nathan-guerbeur-champion-du-monde-devant-maxime-hueber-moosbrugger\/#article","isPartOf":{"@id":"https:\/\/dicodusport.fr\/blog\/duathlon-nathan-guerbeur-champion-du-monde-devant-maxime-hueber-moosbrugger\/"},"author":{"name":"Flo Ostermann","@id":"https:\/\/dicodusport.fr\/blog\/#\/schema\/person\/cb02af4c173ce4a653b55e9baf388d4a"},"headline":"Duathlon : Nathan Guerbeur champion du monde devant Maxime Hueber-Moosbrugger","datePublished":"2021-11-06T18:01:15+00:00","dateModified":"2025-06-21T18:37:25+00:00","mainEntityOfPage":{"@id":"https:\/\/dicodusport.fr\/blog\/duathlon-nathan-guerbeur-champion-du-monde-devant-maxime-hueber-moosbrugger\/"},"wordCount":310,"commentCount":0,"publisher":{"@id":"https:\/\/dicodusport.fr\/blog\/#organization"},"image":{"@id":"https:\/\/dicodusport.fr\/blog\/duathlon-nathan-guerbeur-champion-du-monde-devant-maxime-hueber-moosbrugger\/#primaryimage"},"thumbnailUrl":"https:\/\/dicodusport.fr\/blog\/wp-content\/uploads\/2021\/11\/Duathlon-Nathan-Guerbeur-champion-du-monde-devant-Maxime-Hueber-Moosbrugger.png","keywords":["Duathlon","Maxime Hueber-Moosbrugger"],"articleSection":["Duathlon"],"inLanguage":"fr-FR","potentialAction":[{"@type":"CommentAction","name":"Comment","target":["https:\/\/dicodusport.fr\/blog\/duathlon-nathan-guerbeur-champion-du-monde-devant-maxime-hueber-moosbrugger\/#respond"]}],"copyrightYear":"2021","copyrightHolder":{"@id":"https:\/\/dicodusport.fr\/blog\/#organization"}},{"@type":"WebPage","@id":"https:\/\/dicodusport.fr\/blog\/duathlon-nathan-guerbeur-champion-du-monde-devant-maxime-hueber-moosbrugger\/","url":"https:\/\/dicodusport.fr\/blog\/duathlon-nathan-guerbeur-champion-du-monde-devant-maxime-hueber-moosbrugger\/","name":"Duathlon : Nathan Guerbeur champion du monde devant Maxime Hueber-Moosbrugger","isPartOf":{"@id":"https:\/\/dicodusport.fr\/blog\/#website"},"primaryImageOfPage":{"@id":"https:\/\/dicodusport.fr\/blog\/duathlon-nathan-guerbeur-champion-du-monde-devant-maxime-hueber-moosbrugger\/#primaryimage"},"image":{"@id":"https:\/\/dicodusport.fr\/blog\/duathlon-nathan-guerbeur-champion-du-monde-devant-maxime-hueber-moosbrugger\/#primaryimage"},"thumbnailUrl":"https:\/\/dicodusport.fr\/blog\/wp-content\/uploads\/2021\/11\/Duathlon-Nathan-Guerbeur-champion-du-monde-devant-Maxime-Hueber-Moosbrugger.png","datePublished":"2021-11-06T18:01:15+00:00","dateModified":"2025-06-21T18:37:25+00:00","description":"DUATHLON - Ce samedi, \u00e0 Aviles (Espagne), le Fran\u00e7ais Nathan Guerbeur est devenu sacr\u00e9 champion du monde de duathlon.","breadcrumb":{"@id":"https:\/\/dicodusport.fr\/blog\/duathlon-nathan-guerbeur-champion-du-monde-devant-maxime-hueber-moosbrugger\/#breadcrumb"},"inLanguage":"fr-FR","potentialAction":[{"@type":"ReadAction","target":["https:\/\/dicodusport.fr\/blog\/duathlon-nathan-guerbeur-champion-du-monde-devant-maxime-hueber-moosbrugger\/"]}]},{"@type":"ImageObject","inLanguage":"fr-FR","@id":"https:\/\/dicodusport.fr\/blog\/duathlon-nathan-guerbeur-champion-du-monde-devant-maxime-hueber-moosbrugger\/#primaryimage","url":"https:\/\/dicodusport.fr\/blog\/wp-content\/uploads\/2021\/11\/Duathlon-Nathan-Guerbeur-champion-du-monde-devant-Maxime-Hueber-Moosbrugger.png","contentUrl":"https:\/\/dicodusport.fr\/blog\/wp-content\/uploads\/2021\/11\/Duathlon-Nathan-Guerbeur-champion-du-monde-devant-Maxime-Hueber-Moosbrugger.png","width":800,"height":445,"caption":"Duathlon : Nathan Guerbeur champion du monde devant Maxime Hueber-Moosbrugger"},{"@type":"BreadcrumbList","@id":"https:\/\/dicodusport.fr\/blog\/duathlon-nathan-guerbeur-champion-du-monde-devant-maxime-hueber-moosbrugger\/#breadcrumb","itemListElement":[{"@type":"ListItem","position":1,"name":"Accueil","item":"https:\/\/dicodusport.fr\/blog\/"},{"@type":"ListItem","position":2,"name":"Duathlon : Nathan Guerbeur champion du monde devant Maxime Hueber-Moosbrugger"}]},{"@type":"WebSite","@id":"https:\/\/dicodusport.fr\/blog\/#website","url":"https:\/\/dicodusport.fr\/blog\/","name":"Dicodusport","description":"L&#039;encyclop\u00e9die de l&#039;actualit\u00e9 sportive","publisher":{"@id":"https:\/\/dicodusport.fr\/blog\/#organization"},"potentialAction":[{"@type":"SearchAction","target":{"@type":"EntryPoint","urlTemplate":"https:\/\/dicodusport.fr\/blog\/?s={search_term_string}"},"query-input":{"@type":"PropertyValueSpecification","valueRequired":true,"valueName":"search_term_string"}}],"inLanguage":"fr-FR"},{"@type":"NewsMediaOrganization","@id":"https:\/\/dicodusport.fr\/blog\/#organization","name":"Dicodusport","url":"https:\/\/dicodusport.fr\/blog\/","logo":{"@type":"ImageObject","inLanguage":"fr-FR","@id":"https:\/\/dicodusport.fr\/blog\/#\/schema\/logo\/image\/","url":"https:\/\/dicodusport.fr\/blog\/wp-content\/uploads\/2020\/06\/cropped-LOGO-DICODUSPORT-2020-SANS-FOND-SANS-TEXTE.png","contentUrl":"https:\/\/dicodusport.fr\/blog\/wp-content\/uploads\/2020\/06\/cropped-LOGO-DICODUSPORT-2020-SANS-FOND-SANS-TEXTE.png","width":512,"height":512,"caption":"Dicodusport"},"image":{"@id":"https:\/\/dicodusport.fr\/blog\/#\/schema\/logo\/image\/"},"sameAs":["https:\/\/www.facebook.com\/dicodusport","https:\/\/x.com\/dicodusport","https:\/\/www.instagram.com\/dicodusport\/","https:\/\/www.youtube.com\/channel\/UC7V2KZ5sd3htJivAbA4ZG3w"],"description":"Dicodusport est l'encyclop\u00e9die de l'actualit\u00e9 sportive.","email":"bonjour@dicodusport.fr","legalName":"DICODUSPORT","foundingDate":"2018-01-14","vatID":"FR71834470973","taxID":"83447097300043","numberOfEmployees":{"@type":"QuantitativeValue","minValue":"1","maxValue":"10"}},{"@type":"Person","@id":"https:\/\/dicodusport.fr\/blog\/#\/schema\/person\/cb02af4c173ce4a653b55e9baf388d4a","name":"Flo Ostermann","image":{"@type":"ImageObject","inLanguage":"fr-FR","@id":"https:\/\/dicodusport.fr\/blog\/#\/schema\/person\/image\/","url":"https:\/\/dicodusport.fr\/blog\/wp-content\/uploads\/2021\/05\/Flo-Ostermann-150x150.jpg","contentUrl":"https:\/\/dicodusport.fr\/blog\/wp-content\/uploads\/2021\/05\/Flo-Ostermann-150x150.jpg","caption":"Flo Ostermann"},"description":"Journaliste\/R\u00e9dacteur depuis septembre 2015 - Mes premiers souvenirs dans le sport ? Les envol\u00e9es du Stade Toulousain et les duels Villeneuve-Schumacher et H\u00e4kkinen-Schumacher \u00e0 la fin des ann\u00e9es 90, la Coupe du monde de football en 1998, l\u2019exploit du XV de France face aux All Blacks en 1999, mais aussi Richard C\u0153ur de Lion qui vole sur les montagnes du Tour de France. Bien parti pour devenir professeur d\u2019EPS, les \u00e9v\u00e9nements de la vie (et la flemme d\u2019animer des s\u00e9ances de 3x500 m\u00e8tres toute ma vie) m\u2019ont conduit \u00e0 revoir mes plans. Me voil\u00e0 depuis fin 2017 sur Dicodusport, m\u00e9dia gr\u00e2ce (et pour) lequel je partage ma passion : le sport dans tous ses \u00e9tats. Le tout accompagn\u00e9 par les fous furieux et folles furieuses cit\u00e9s sur cette page !","sameAs":["https:\/\/www.facebook.com\/florent.ostermann","https:\/\/x.com\/https:\/\/twitter.com\/FlOstermann","admin"],"url":"https:\/\/dicodusport.fr\/blog\/author\/flo\/"}]}},"_links":{"self":[{"href":"https:\/\/dicodusport.fr\/blog\/wp-json\/wp\/v2\/posts\/177920","targetHints":{"allow":["GET"]}}],"collection":[{"href":"https:\/\/dicodusport.fr\/blog\/wp-json\/wp\/v2\/posts"}],"about":[{"href":"https:\/\/dicodusport.fr\/blog\/wp-json\/wp\/v2\/types\/post"}],"author":[{"embeddable":true,"href":"https:\/\/dicodusport.fr\/blog\/wp-json\/wp\/v2\/users\/4"}],"replies":[{"embeddable":true,"href":"https:\/\/dicodusport.fr\/blog\/wp-json\/wp\/v2\/comments?post=177920"}],"version-history":[{"count":1,"href":"https:\/\/dicodusport.fr\/blog\/wp-json\/wp\/v2\/posts\/177920\/revisions"}],"predecessor-version":[{"id":589110,"href":"https:\/\/dicodusport.fr\/blog\/wp-json\/wp\/v2\/posts\/177920\/revisions\/589110"}],"wp:featuredmedia":[{"embeddable":true,"href":"https:\/\/dicodusport.fr\/blog\/wp-json\/wp\/v2\/media\/177925"}],"wp:attachment":[{"href":"https:\/\/dicodusport.fr\/blog\/wp-json\/wp\/v2\/media?parent=177920"}],"wp:term":[{"taxonomy":"category","embeddable":true,"href":"https:\/\/dicodusport.fr\/blog\/wp-json\/wp\/v2\/categories?post=177920"},{"taxonomy":"post_tag","embeddable":true,"href":"https:\/\/dicodusport.fr\/blog\/wp-json\/wp\/v2\/tags?post=177920"}],"curies":[{"name":"wp","href":"https:\/\/api.w.org\/{rel}","templated":true}]}}