{"id":178481,"date":"2021-11-09T17:45:42","date_gmt":"2021-11-09T16:45:42","guid":{"rendered":"https:\/\/dicodusport.fr\/blog\/?p=178481&#038;preview=true&#038;preview_id=178481"},"modified":"2021-11-09T17:45:42","modified_gmt":"2021-11-09T16:45:42","slug":"top-14-pierre-mignoni-se-questionne-sur-son-avenir-a-lyon","status":"publish","type":"post","link":"https:\/\/dicodusport.fr\/blog\/top-14-pierre-mignoni-se-questionne-sur-son-avenir-a-lyon\/","title":{"rendered":"Top 14 : Pierre Mignoni se questionne sur son avenir \u00e0 Lyon"},"content":{"rendered":"<p style=\"text-align: justify;\"><em><strong>TOP 14 2021-2022 &#8211; Pourtant sous contrat jusqu&rsquo;en juin 2023 avec le club de Lyon, Pierre Mignoni se pose des questions sur son avenir. Le manager du LOU annonce m\u00eame qu&rsquo;il va \u00ab prendre une d\u00e9cision rapidement \u00bb.\u00a0<\/strong><\/em><\/p>\n<h2 style=\"text-align: justify;\">Mignoni et le LOU, fin de l&rsquo;histoire ?<\/h2>\n<p style=\"text-align: justify;\">L&rsquo;avenir de <strong>Pierre Mignoni<\/strong> devrait \u00eatre connu dans les semaines \u00e0 venir. Le manager du LOU est en tout cas en pleine r\u00e9flexion sur la suite de son histoire avec le club, d\u00e9but\u00e9e lors de la saison 2015-2016 par un <strong>titre en Pro D2<\/strong> et une accession en Top14. Aupr\u00e8s du <em>Progr\u00e8s,\u00a0<\/em><strong>l&rsquo;ancien international fran\u00e7ais (28 s\u00e9lections)<\/strong> n&rsquo;a pas cach\u00e9 la r\u00e9alit\u00e9 de la situation. <em>\u00ab<\/em> <em>C\u2019est le vrai sujet du moment. Je n\u2019ai pas encore vu Monsieur Ginon (actionnaire majoritaire du club), mais j\u2019en ai d\u00e9j\u00e0 discut\u00e9 avec Yann Roubert (pr\u00e9sident). Il m\u2019a dit que <strong>le club avait envie qu\u2019on continue ensemble<\/strong> et qu\u2019on ne serait pas au bout de l\u2019aventure en 2023, m\u00eame si cela fera huit ans que je suis \u00e0 Lyon. \u00bb<\/em><\/p>\n<blockquote class=\"twitter-tweet\">\n<p dir=\"ltr\" lang=\"fr\"><a href=\"https:\/\/twitter.com\/hashtag\/Rugby?src=hash&amp;ref_src=twsrc%5Etfw\">#Rugby<\/a> <a href=\"https:\/\/twitter.com\/hashtag\/Top14?src=hash&amp;ref_src=twsrc%5Etfw\">#Top14<\/a>. Pierre Mignoni (<a href=\"https:\/\/twitter.com\/hashtag\/LOU?src=hash&amp;ref_src=twsrc%5Etfw\">#LOU<\/a>) : \u00ab Je vais prendre rapidement une d\u00e9cision sur mon avenir \u00bb <a href=\"https:\/\/t.co\/Pa4tq9W8Vv\">https:\/\/t.co\/Pa4tq9W8Vv<\/a><\/p>\n<p>\u2014 Le Progr\u00e8s Sports Rh\u00f4ne (@LeProgresSport) <a href=\"https:\/\/twitter.com\/LeProgresSport\/status\/1457801148186853378?ref_src=twsrc%5Etfw\">November 8, 2021<\/a><\/p><\/blockquote>\n<p><script async src=\"https:\/\/platform.twitter.com\/widgets.js\" charset=\"utf-8\"><\/script><\/p>\n<h2 style=\"text-align: justify;\">R\u00e9flexion sur son r\u00f4le pour les saisons \u00e0 venir<\/h2>\n<p style=\"text-align: justify;\">Le souhait du club est donc clair, conserver <strong>Pierre Mignoni<\/strong>. Le principal int\u00e9ress\u00e9 souhaite n\u00e9anmoins prendre un peu de distance avec le terrain. <em>\u00ab<\/em> <em><strong>Mon r\u00f4le serait identique avec un peu de recul<\/strong> peut-\u00eatre sur certaines choses. Je resterais sur le terrain avec la nomination d\u2019un entra\u00eeneur principal. Mais si je poursuis ma mission, <strong>je souhaite aussi m\u2019impliquer davantage dans le d\u00e9veloppement sportif et la structuration du club \u00bb.<\/strong><\/em><\/p>\n<p style=\"text-align: justify;\">Conscient que la situation doit \u00e9voluer, Mignoni souhaite <em>\u00ab <\/em><em>prendre rapidement une d\u00e9cision sur mon avenir pour le bien de tout le monde \u00bb.<\/em> Ce manque de stabilit\u00e9 a m\u00eame d\u00e9j\u00e0 p\u00e9nalis\u00e9 le club conc\u00e8de l&rsquo;homme de 44 ans. <em>\u00ab <\/em><em><strong>Cette incertitude m\u2019a fait manquer des joueurs<\/strong> qui \u00e9taient susceptibles de venir au LOU. Mais au-del\u00e0 de ma personne, c\u2019est surtout important pour le club afin qu\u2019il puisse se retourner et poursuivre le d\u00e9veloppement de l\u2019\u00e9quipe au cas o\u00f9\u2026 \u00bb<\/em><\/p>\n","protected":false},"excerpt":{"rendered":"<p>TOP 14 2021-2022 &#8211; Pourtant sous contrat jusqu&rsquo;en juin 2023 avec le club de Lyon, Pierre Mignoni se pose des questions sur son avenir. Le manager du LOU annonce m\u00eame qu&rsquo;il va \u00ab prendre une d\u00e9cision rapidement \u00bb.\u00a0<\/p>\n","protected":false},"author":60,"featured_media":178489,"comment_status":"open","ping_status":"closed","sticky":false,"template":"","format":"standard","meta":{"_acf_changed":false,"_daextam_enable_autolinks":"","footnotes":""},"categories":[47050],"tags":[5011,7516,111],"class_list":["post-178481","post","type-post","status-publish","format-standard","has-post-thumbnail","hentry","category-top-14","tag-lou-rugby","tag-pierre-mignoni","tag-top-14"],"acf":[],"yoast_head":"<!-- This site is optimized with the Yoast SEO Premium plugin v26.7 (Yoast SEO v26.7) - https:\/\/yoast.com\/wordpress\/plugins\/seo\/ -->\n<title>Top 14 : Pierre Mignoni se questionne sur son avenir \u00e0 Lyon<\/title>\n<meta name=\"description\" content=\"Rugby - Pourtant sous contrat jusqu&#039;en juin 2023 avec le LOU, l&#039;entra\u00eeneur Pierre Mignoni se pose des questions sur son avenir.\" \/>\n<meta name=\"robots\" content=\"index, follow, max-snippet:-1, max-image-preview:large, max-video-preview:-1\" \/>\n<link rel=\"canonical\" href=\"https:\/\/dicodusport.fr\/blog\/top-14-pierre-mignoni-se-questionne-sur-son-avenir-a-lyon\/\" \/>\n<meta property=\"og:locale\" content=\"fr_FR\" \/>\n<meta property=\"og:type\" content=\"article\" \/>\n<meta property=\"og:title\" content=\"Top 14 : Pierre Mignoni se questionne sur son avenir \u00e0 Lyon\" \/>\n<meta property=\"og:description\" content=\"Rugby - Pourtant sous contrat jusqu&#039;en juin 2023 avec le LOU, l&#039;entra\u00eeneur Pierre Mignoni se pose des questions sur son avenir.\" \/>\n<meta property=\"og:url\" content=\"https:\/\/dicodusport.fr\/blog\/top-14-pierre-mignoni-se-questionne-sur-son-avenir-a-lyon\/\" \/>\n<meta property=\"og:site_name\" content=\"Dicodusport\" \/>\n<meta property=\"article:publisher\" content=\"https:\/\/www.facebook.com\/dicodusport\" \/>\n<meta property=\"article:published_time\" content=\"2021-11-09T16:45:42+00:00\" \/>\n<meta property=\"og:image\" content=\"https:\/\/dicodusport.fr\/blog\/wp-content\/uploads\/2021\/11\/Top-14-Pierre-Mignoni-se-questionne-sur-son-avenir-a-Lyon.png\" \/>\n\t<meta property=\"og:image:width\" content=\"800\" \/>\n\t<meta property=\"og:image:height\" content=\"445\" \/>\n\t<meta property=\"og:image:type\" content=\"image\/png\" \/>\n<meta name=\"author\" content=\"Victor Friot\" \/>\n<meta name=\"twitter:card\" content=\"summary_large_image\" \/>\n<meta name=\"twitter:title\" content=\"Top 14 : Pierre Mignoni se questionne sur son avenir \u00e0 Lyon\" \/>\n<meta name=\"twitter:creator\" content=\"@dicodusport\" \/>\n<meta name=\"twitter:site\" content=\"@dicodusport\" \/>\n<script type=\"application\/ld+json\" class=\"yoast-schema-graph\">{\"@context\":\"https:\/\/schema.org\",\"@graph\":[{\"@type\":\"NewsArticle\",\"@id\":\"https:\/\/dicodusport.fr\/blog\/top-14-pierre-mignoni-se-questionne-sur-son-avenir-a-lyon\/#article\",\"isPartOf\":{\"@id\":\"https:\/\/dicodusport.fr\/blog\/top-14-pierre-mignoni-se-questionne-sur-son-avenir-a-lyon\/\"},\"author\":{\"name\":\"Victor Friot\",\"@id\":\"https:\/\/dicodusport.fr\/blog\/#\/schema\/person\/463bd3fdf7997eaf381a70f42317d8db\"},\"headline\":\"Top 14 : Pierre Mignoni se questionne sur son avenir \u00e0 Lyon\",\"datePublished\":\"2021-11-09T16:45:42+00:00\",\"mainEntityOfPage\":{\"@id\":\"https:\/\/dicodusport.fr\/blog\/top-14-pierre-mignoni-se-questionne-sur-son-avenir-a-lyon\/\"},\"wordCount\":397,\"commentCount\":0,\"publisher\":{\"@id\":\"https:\/\/dicodusport.fr\/blog\/#organization\"},\"image\":{\"@id\":\"https:\/\/dicodusport.fr\/blog\/top-14-pierre-mignoni-se-questionne-sur-son-avenir-a-lyon\/#primaryimage\"},\"thumbnailUrl\":\"https:\/\/dicodusport.fr\/blog\/wp-content\/uploads\/2021\/11\/Top-14-Pierre-Mignoni-se-questionne-sur-son-avenir-a-Lyon.png\",\"keywords\":[\"LOU Rugby\",\"Pierre Mignoni\",\"Top 14\"],\"articleSection\":[\"Top 14\"],\"inLanguage\":\"fr-FR\",\"potentialAction\":[{\"@type\":\"CommentAction\",\"name\":\"Comment\",\"target\":[\"https:\/\/dicodusport.fr\/blog\/top-14-pierre-mignoni-se-questionne-sur-son-avenir-a-lyon\/#respond\"]}],\"copyrightYear\":\"2021\",\"copyrightHolder\":{\"@id\":\"https:\/\/dicodusport.fr\/blog\/#organization\"}},{\"@type\":\"WebPage\",\"@id\":\"https:\/\/dicodusport.fr\/blog\/top-14-pierre-mignoni-se-questionne-sur-son-avenir-a-lyon\/\",\"url\":\"https:\/\/dicodusport.fr\/blog\/top-14-pierre-mignoni-se-questionne-sur-son-avenir-a-lyon\/\",\"name\":\"Top 14 : Pierre Mignoni se questionne sur son avenir \u00e0 Lyon\",\"isPartOf\":{\"@id\":\"https:\/\/dicodusport.fr\/blog\/#website\"},\"primaryImageOfPage\":{\"@id\":\"https:\/\/dicodusport.fr\/blog\/top-14-pierre-mignoni-se-questionne-sur-son-avenir-a-lyon\/#primaryimage\"},\"image\":{\"@id\":\"https:\/\/dicodusport.fr\/blog\/top-14-pierre-mignoni-se-questionne-sur-son-avenir-a-lyon\/#primaryimage\"},\"thumbnailUrl\":\"https:\/\/dicodusport.fr\/blog\/wp-content\/uploads\/2021\/11\/Top-14-Pierre-Mignoni-se-questionne-sur-son-avenir-a-Lyon.png\",\"datePublished\":\"2021-11-09T16:45:42+00:00\",\"description\":\"Rugby - Pourtant sous contrat jusqu'en juin 2023 avec le LOU, l'entra\u00eeneur Pierre Mignoni se pose des questions sur son avenir.\",\"breadcrumb\":{\"@id\":\"https:\/\/dicodusport.fr\/blog\/top-14-pierre-mignoni-se-questionne-sur-son-avenir-a-lyon\/#breadcrumb\"},\"inLanguage\":\"fr-FR\",\"potentialAction\":[{\"@type\":\"ReadAction\",\"target\":[\"https:\/\/dicodusport.fr\/blog\/top-14-pierre-mignoni-se-questionne-sur-son-avenir-a-lyon\/\"]}]},{\"@type\":\"ImageObject\",\"inLanguage\":\"fr-FR\",\"@id\":\"https:\/\/dicodusport.fr\/blog\/top-14-pierre-mignoni-se-questionne-sur-son-avenir-a-lyon\/#primaryimage\",\"url\":\"https:\/\/dicodusport.fr\/blog\/wp-content\/uploads\/2021\/11\/Top-14-Pierre-Mignoni-se-questionne-sur-son-avenir-a-Lyon.png\",\"contentUrl\":\"https:\/\/dicodusport.fr\/blog\/wp-content\/uploads\/2021\/11\/Top-14-Pierre-Mignoni-se-questionne-sur-son-avenir-a-Lyon.png\",\"width\":800,\"height\":445,\"caption\":\"Top 14 Pierre Mignoni se questionne sur son avenir \u00e0 Lyon\"},{\"@type\":\"BreadcrumbList\",\"@id\":\"https:\/\/dicodusport.fr\/blog\/top-14-pierre-mignoni-se-questionne-sur-son-avenir-a-lyon\/#breadcrumb\",\"itemListElement\":[{\"@type\":\"ListItem\",\"position\":1,\"name\":\"Accueil\",\"item\":\"https:\/\/dicodusport.fr\/blog\/\"},{\"@type\":\"ListItem\",\"position\":2,\"name\":\"Top 14 : Pierre Mignoni se questionne sur son avenir \u00e0 Lyon\"}]},{\"@type\":\"WebSite\",\"@id\":\"https:\/\/dicodusport.fr\/blog\/#website\",\"url\":\"https:\/\/dicodusport.fr\/blog\/\",\"name\":\"Dicodusport\",\"description\":\"L&#039;encyclop\u00e9die de l&#039;actualit\u00e9 sportive\",\"publisher\":{\"@id\":\"https:\/\/dicodusport.fr\/blog\/#organization\"},\"potentialAction\":[{\"@type\":\"SearchAction\",\"target\":{\"@type\":\"EntryPoint\",\"urlTemplate\":\"https:\/\/dicodusport.fr\/blog\/?s={search_term_string}\"},\"query-input\":{\"@type\":\"PropertyValueSpecification\",\"valueRequired\":true,\"valueName\":\"search_term_string\"}}],\"inLanguage\":\"fr-FR\"},{\"@type\":\"NewsMediaOrganization\",\"@id\":\"https:\/\/dicodusport.fr\/blog\/#organization\",\"name\":\"Dicodusport\",\"url\":\"https:\/\/dicodusport.fr\/blog\/\",\"logo\":{\"@type\":\"ImageObject\",\"inLanguage\":\"fr-FR\",\"@id\":\"https:\/\/dicodusport.fr\/blog\/#\/schema\/logo\/image\/\",\"url\":\"https:\/\/dicodusport.fr\/blog\/wp-content\/uploads\/2020\/06\/cropped-LOGO-DICODUSPORT-2020-SANS-FOND-SANS-TEXTE.png\",\"contentUrl\":\"https:\/\/dicodusport.fr\/blog\/wp-content\/uploads\/2020\/06\/cropped-LOGO-DICODUSPORT-2020-SANS-FOND-SANS-TEXTE.png\",\"width\":512,\"height\":512,\"caption\":\"Dicodusport\"},\"image\":{\"@id\":\"https:\/\/dicodusport.fr\/blog\/#\/schema\/logo\/image\/\"},\"sameAs\":[\"https:\/\/www.facebook.com\/dicodusport\",\"https:\/\/x.com\/dicodusport\",\"https:\/\/www.instagram.com\/dicodusport\/\",\"https:\/\/www.youtube.com\/channel\/UC7V2KZ5sd3htJivAbA4ZG3w\"],\"description\":\"Dicodusport est l'encyclop\u00e9die de l'actualit\u00e9 sportive.\",\"email\":\"bonjour@dicodusport.fr\",\"legalName\":\"DICODUSPORT\",\"foundingDate\":\"2018-01-14\",\"vatID\":\"FR71834470973\",\"taxID\":\"83447097300043\",\"numberOfEmployees\":{\"@type\":\"QuantitativeValue\",\"minValue\":\"1\",\"maxValue\":\"10\"}},{\"@type\":\"Person\",\"@id\":\"https:\/\/dicodusport.fr\/blog\/#\/schema\/person\/463bd3fdf7997eaf381a70f42317d8db\",\"name\":\"Victor Friot\",\"image\":{\"@type\":\"ImageObject\",\"inLanguage\":\"fr-FR\",\"@id\":\"https:\/\/dicodusport.fr\/blog\/#\/schema\/person\/image\/\",\"url\":\"https:\/\/dicodusport.fr\/blog\/wp-content\/uploads\/2020\/06\/LOGO-DICODUSPORT-2020-SANS-FOND-SANS-TEXTE-150x150.png\",\"contentUrl\":\"https:\/\/dicodusport.fr\/blog\/wp-content\/uploads\/2020\/06\/LOGO-DICODUSPORT-2020-SANS-FOND-SANS-TEXTE-150x150.png\",\"caption\":\"Victor Friot\"},\"url\":\"https:\/\/dicodusport.fr\/blog\/author\/victor-friot\/\"}]}<\/script>\n<!-- \/ Yoast SEO Premium plugin. -->","yoast_head_json":{"title":"Top 14 : Pierre Mignoni se questionne sur son avenir \u00e0 Lyon","description":"Rugby - Pourtant sous contrat jusqu'en juin 2023 avec le LOU, l'entra\u00eeneur Pierre Mignoni se pose des questions sur son avenir.","robots":{"index":"index","follow":"follow","max-snippet":"max-snippet:-1","max-image-preview":"max-image-preview:large","max-video-preview":"max-video-preview:-1"},"canonical":"https:\/\/dicodusport.fr\/blog\/top-14-pierre-mignoni-se-questionne-sur-son-avenir-a-lyon\/","og_locale":"fr_FR","og_type":"article","og_title":"Top 14 : Pierre Mignoni se questionne sur son avenir \u00e0 Lyon","og_description":"Rugby - Pourtant sous contrat jusqu'en juin 2023 avec le LOU, l'entra\u00eeneur Pierre Mignoni se pose des questions sur son avenir.","og_url":"https:\/\/dicodusport.fr\/blog\/top-14-pierre-mignoni-se-questionne-sur-son-avenir-a-lyon\/","og_site_name":"Dicodusport","article_publisher":"https:\/\/www.facebook.com\/dicodusport","article_published_time":"2021-11-09T16:45:42+00:00","og_image":[{"width":800,"height":445,"url":"https:\/\/dicodusport.fr\/blog\/wp-content\/uploads\/2021\/11\/Top-14-Pierre-Mignoni-se-questionne-sur-son-avenir-a-Lyon.png","type":"image\/png"}],"author":"Victor Friot","twitter_card":"summary_large_image","twitter_title":"Top 14 : Pierre Mignoni se questionne sur son avenir \u00e0 Lyon","twitter_creator":"@dicodusport","twitter_site":"@dicodusport","schema":{"@context":"https:\/\/schema.org","@graph":[{"@type":"NewsArticle","@id":"https:\/\/dicodusport.fr\/blog\/top-14-pierre-mignoni-se-questionne-sur-son-avenir-a-lyon\/#article","isPartOf":{"@id":"https:\/\/dicodusport.fr\/blog\/top-14-pierre-mignoni-se-questionne-sur-son-avenir-a-lyon\/"},"author":{"name":"Victor Friot","@id":"https:\/\/dicodusport.fr\/blog\/#\/schema\/person\/463bd3fdf7997eaf381a70f42317d8db"},"headline":"Top 14 : Pierre Mignoni se questionne sur son avenir \u00e0 Lyon","datePublished":"2021-11-09T16:45:42+00:00","mainEntityOfPage":{"@id":"https:\/\/dicodusport.fr\/blog\/top-14-pierre-mignoni-se-questionne-sur-son-avenir-a-lyon\/"},"wordCount":397,"commentCount":0,"publisher":{"@id":"https:\/\/dicodusport.fr\/blog\/#organization"},"image":{"@id":"https:\/\/dicodusport.fr\/blog\/top-14-pierre-mignoni-se-questionne-sur-son-avenir-a-lyon\/#primaryimage"},"thumbnailUrl":"https:\/\/dicodusport.fr\/blog\/wp-content\/uploads\/2021\/11\/Top-14-Pierre-Mignoni-se-questionne-sur-son-avenir-a-Lyon.png","keywords":["LOU Rugby","Pierre Mignoni","Top 14"],"articleSection":["Top 14"],"inLanguage":"fr-FR","potentialAction":[{"@type":"CommentAction","name":"Comment","target":["https:\/\/dicodusport.fr\/blog\/top-14-pierre-mignoni-se-questionne-sur-son-avenir-a-lyon\/#respond"]}],"copyrightYear":"2021","copyrightHolder":{"@id":"https:\/\/dicodusport.fr\/blog\/#organization"}},{"@type":"WebPage","@id":"https:\/\/dicodusport.fr\/blog\/top-14-pierre-mignoni-se-questionne-sur-son-avenir-a-lyon\/","url":"https:\/\/dicodusport.fr\/blog\/top-14-pierre-mignoni-se-questionne-sur-son-avenir-a-lyon\/","name":"Top 14 : Pierre Mignoni se questionne sur son avenir \u00e0 Lyon","isPartOf":{"@id":"https:\/\/dicodusport.fr\/blog\/#website"},"primaryImageOfPage":{"@id":"https:\/\/dicodusport.fr\/blog\/top-14-pierre-mignoni-se-questionne-sur-son-avenir-a-lyon\/#primaryimage"},"image":{"@id":"https:\/\/dicodusport.fr\/blog\/top-14-pierre-mignoni-se-questionne-sur-son-avenir-a-lyon\/#primaryimage"},"thumbnailUrl":"https:\/\/dicodusport.fr\/blog\/wp-content\/uploads\/2021\/11\/Top-14-Pierre-Mignoni-se-questionne-sur-son-avenir-a-Lyon.png","datePublished":"2021-11-09T16:45:42+00:00","description":"Rugby - Pourtant sous contrat jusqu'en juin 2023 avec le LOU, l'entra\u00eeneur Pierre Mignoni se pose des questions sur son avenir.","breadcrumb":{"@id":"https:\/\/dicodusport.fr\/blog\/top-14-pierre-mignoni-se-questionne-sur-son-avenir-a-lyon\/#breadcrumb"},"inLanguage":"fr-FR","potentialAction":[{"@type":"ReadAction","target":["https:\/\/dicodusport.fr\/blog\/top-14-pierre-mignoni-se-questionne-sur-son-avenir-a-lyon\/"]}]},{"@type":"ImageObject","inLanguage":"fr-FR","@id":"https:\/\/dicodusport.fr\/blog\/top-14-pierre-mignoni-se-questionne-sur-son-avenir-a-lyon\/#primaryimage","url":"https:\/\/dicodusport.fr\/blog\/wp-content\/uploads\/2021\/11\/Top-14-Pierre-Mignoni-se-questionne-sur-son-avenir-a-Lyon.png","contentUrl":"https:\/\/dicodusport.fr\/blog\/wp-content\/uploads\/2021\/11\/Top-14-Pierre-Mignoni-se-questionne-sur-son-avenir-a-Lyon.png","width":800,"height":445,"caption":"Top 14 Pierre Mignoni se questionne sur son avenir \u00e0 Lyon"},{"@type":"BreadcrumbList","@id":"https:\/\/dicodusport.fr\/blog\/top-14-pierre-mignoni-se-questionne-sur-son-avenir-a-lyon\/#breadcrumb","itemListElement":[{"@type":"ListItem","position":1,"name":"Accueil","item":"https:\/\/dicodusport.fr\/blog\/"},{"@type":"ListItem","position":2,"name":"Top 14 : Pierre Mignoni se questionne sur son avenir \u00e0 Lyon"}]},{"@type":"WebSite","@id":"https:\/\/dicodusport.fr\/blog\/#website","url":"https:\/\/dicodusport.fr\/blog\/","name":"Dicodusport","description":"L&#039;encyclop\u00e9die de l&#039;actualit\u00e9 sportive","publisher":{"@id":"https:\/\/dicodusport.fr\/blog\/#organization"},"potentialAction":[{"@type":"SearchAction","target":{"@type":"EntryPoint","urlTemplate":"https:\/\/dicodusport.fr\/blog\/?s={search_term_string}"},"query-input":{"@type":"PropertyValueSpecification","valueRequired":true,"valueName":"search_term_string"}}],"inLanguage":"fr-FR"},{"@type":"NewsMediaOrganization","@id":"https:\/\/dicodusport.fr\/blog\/#organization","name":"Dicodusport","url":"https:\/\/dicodusport.fr\/blog\/","logo":{"@type":"ImageObject","inLanguage":"fr-FR","@id":"https:\/\/dicodusport.fr\/blog\/#\/schema\/logo\/image\/","url":"https:\/\/dicodusport.fr\/blog\/wp-content\/uploads\/2020\/06\/cropped-LOGO-DICODUSPORT-2020-SANS-FOND-SANS-TEXTE.png","contentUrl":"https:\/\/dicodusport.fr\/blog\/wp-content\/uploads\/2020\/06\/cropped-LOGO-DICODUSPORT-2020-SANS-FOND-SANS-TEXTE.png","width":512,"height":512,"caption":"Dicodusport"},"image":{"@id":"https:\/\/dicodusport.fr\/blog\/#\/schema\/logo\/image\/"},"sameAs":["https:\/\/www.facebook.com\/dicodusport","https:\/\/x.com\/dicodusport","https:\/\/www.instagram.com\/dicodusport\/","https:\/\/www.youtube.com\/channel\/UC7V2KZ5sd3htJivAbA4ZG3w"],"description":"Dicodusport est l'encyclop\u00e9die de l'actualit\u00e9 sportive.","email":"bonjour@dicodusport.fr","legalName":"DICODUSPORT","foundingDate":"2018-01-14","vatID":"FR71834470973","taxID":"83447097300043","numberOfEmployees":{"@type":"QuantitativeValue","minValue":"1","maxValue":"10"}},{"@type":"Person","@id":"https:\/\/dicodusport.fr\/blog\/#\/schema\/person\/463bd3fdf7997eaf381a70f42317d8db","name":"Victor Friot","image":{"@type":"ImageObject","inLanguage":"fr-FR","@id":"https:\/\/dicodusport.fr\/blog\/#\/schema\/person\/image\/","url":"https:\/\/dicodusport.fr\/blog\/wp-content\/uploads\/2020\/06\/LOGO-DICODUSPORT-2020-SANS-FOND-SANS-TEXTE-150x150.png","contentUrl":"https:\/\/dicodusport.fr\/blog\/wp-content\/uploads\/2020\/06\/LOGO-DICODUSPORT-2020-SANS-FOND-SANS-TEXTE-150x150.png","caption":"Victor Friot"},"url":"https:\/\/dicodusport.fr\/blog\/author\/victor-friot\/"}]}},"_links":{"self":[{"href":"https:\/\/dicodusport.fr\/blog\/wp-json\/wp\/v2\/posts\/178481","targetHints":{"allow":["GET"]}}],"collection":[{"href":"https:\/\/dicodusport.fr\/blog\/wp-json\/wp\/v2\/posts"}],"about":[{"href":"https:\/\/dicodusport.fr\/blog\/wp-json\/wp\/v2\/types\/post"}],"author":[{"embeddable":true,"href":"https:\/\/dicodusport.fr\/blog\/wp-json\/wp\/v2\/users\/60"}],"replies":[{"embeddable":true,"href":"https:\/\/dicodusport.fr\/blog\/wp-json\/wp\/v2\/comments?post=178481"}],"version-history":[{"count":0,"href":"https:\/\/dicodusport.fr\/blog\/wp-json\/wp\/v2\/posts\/178481\/revisions"}],"wp:featuredmedia":[{"embeddable":true,"href":"https:\/\/dicodusport.fr\/blog\/wp-json\/wp\/v2\/media\/178489"}],"wp:attachment":[{"href":"https:\/\/dicodusport.fr\/blog\/wp-json\/wp\/v2\/media?parent=178481"}],"wp:term":[{"taxonomy":"category","embeddable":true,"href":"https:\/\/dicodusport.fr\/blog\/wp-json\/wp\/v2\/categories?post=178481"},{"taxonomy":"post_tag","embeddable":true,"href":"https:\/\/dicodusport.fr\/blog\/wp-json\/wp\/v2\/tags?post=178481"}],"curies":[{"name":"wp","href":"https:\/\/api.w.org\/{rel}","templated":true}]}}