{"id":178570,"date":"2021-11-10T15:45:29","date_gmt":"2021-11-10T14:45:29","guid":{"rendered":"https:\/\/dicodusport.fr\/blog\/?p=178570&#038;preview=true&#038;preview_id=178570"},"modified":"2021-11-10T18:27:06","modified_gmt":"2021-11-10T17:27:06","slug":"coupe-davis-hugo-gaston-et-adrian-mannarino-a-la-rescousse","status":"publish","type":"post","link":"https:\/\/dicodusport.fr\/blog\/coupe-davis-hugo-gaston-et-adrian-mannarino-a-la-rescousse\/","title":{"rendered":"Coupe Davis : Hugo Gaston et Adrian Mannarino \u00e0 la rescousse"},"content":{"rendered":"<p style=\"text-align: justify;\"><em><strong>TENNIS &#8211; COUPE DAVIS &#8211; S\u00e9bastien Grosjean a convoqu\u00e9 Hugo Gaston et Adrian Mannarino, suite au forfait d&rsquo;Ugo Humbert pour la phase finale de la Coupe Davis.\u00a0<\/strong><\/em><\/p>\n<p style=\"text-align: justify;\"><strong>Ugo Humbert<\/strong> forfait, on aurait pu imaginer que<strong> Ga\u00ebl Monfils<\/strong> soit appel\u00e9 en renfort, mais le num\u00e9ro 1 Fran\u00e7ais s&rsquo;est bless\u00e9 \u00e0 Paris. <strong>S\u00e9bastien Grosjean<\/strong> a donc d\u00e9cid\u00e9 d&rsquo;appeler deux joueurs en renfort, dont <strong>Hugo Gaston<\/strong> qui reste sur une tr\u00e8s belle semaine parisienne. <strong>Adrian Mannarino<\/strong>, battu par <em>La Monf<\/em> \u00e0 Paris, est aussi convoqu\u00e9. Le s\u00e9lectionneur de l&rsquo;\u00e9quipe de France s&rsquo;est expliqu\u00e9 dans un communiqu\u00e9.<\/p>\n<blockquote>\n<p style=\"text-align: justify;\">Au vu de leur fin de saison, Hugo Gaston et Adrian Mannarino m\u00e9ritent leur place en \u00e9quipe de France. Hugo a sign\u00e9 un magnifique parcours au Rolex Paris Masters en atteignant les quarts de finale, avec une qualit\u00e9 de jeu exceptionnelle. De son c\u00f4t\u00e9, Adrian retrouve un niveau de jeu tr\u00e8s int\u00e9ressant apr\u00e8s de belles victoires face \u00e0 Andrey Rublev \u00e0 Moscou et Nikoloz Basilashvili au Rolex Paris Masters. Je compte donc sur eux pour aider l&rsquo;\u00e9quipe de France \u00e0 se qualifier pour les quarts de finale. Par ailleurs, partir avec six joueurs permet d&rsquo;offrir plus de possibilit\u00e9s.<\/p>\n<\/blockquote>\n<blockquote class=\"twitter-tweet\">\n<p dir=\"ltr\" lang=\"fr\">Apr\u00e8s le forfait d\u2019Ugo Humbert, le capitaine de l\u2019\u00e9quipe de France S\u00e9bastien Grosjean a choisi d\u2019appeler Hugo Gaston et Adrian Mannarino pour la phase finale de la Davis Cup !<\/p>\n<p><a href=\"https:\/\/twitter.com\/hashtag\/DavisCupFinals?src=hash&amp;ref_src=twsrc%5Etfw\">#DavisCupFinals<\/a> <a href=\"https:\/\/t.co\/dU4qCqF4GA\">pic.twitter.com\/dU4qCqF4GA<\/a><\/p>\n<p>\u2014 FFT (@FFTennis) <a href=\"https:\/\/twitter.com\/FFTennis\/status\/1458419191581663239?ref_src=twsrc%5Etfw\">November 10, 2021<\/a><\/p><\/blockquote>\n<p><script async src=\"https:\/\/platform.twitter.com\/widgets.js\" charset=\"utf-8\"><\/script><\/p>\n","protected":false},"excerpt":{"rendered":"<p>TENNIS &#8211; COUPE DAVIS &#8211; S\u00e9bastien Grosjean a convoqu\u00e9 Hugo Gaston et Adrian Mannarino, suite au forfait d&rsquo;Ugo Humbert pour la phase finale de la Coupe Davis.\u00a0<\/p>\n","protected":false},"author":1,"featured_media":178571,"comment_status":"open","ping_status":"closed","sticky":false,"template":"","format":"standard","meta":{"_acf_changed":false,"_daextam_enable_autolinks":"","footnotes":""},"categories":[2302],"tags":[4303,2540,7906],"class_list":["post-178570","post","type-post","status-publish","format-standard","has-post-thumbnail","hentry","category-tennis","tag-adrian-mannarino","tag-coupe-davis","tag-hugo-gaston"],"acf":[],"yoast_head":"<!-- This site is optimized with the Yoast SEO Premium plugin v26.7 (Yoast SEO v26.7) - https:\/\/yoast.com\/wordpress\/plugins\/seo\/ -->\n<title>Coupe Davis : Hugo Gaston et Adrian Mannarino \u00e0 la rescousse<\/title>\n<meta name=\"description\" content=\"S\u00e9bastien Grosjean a convoqu\u00e9 Hugo Gaston et Adrian Mannarino, suite au forfait d&#039;Ugo Humbert pour la phase finale de la Coupe Davis.\u00a0\" \/>\n<meta name=\"robots\" content=\"index, follow, max-snippet:-1, max-image-preview:large, max-video-preview:-1\" \/>\n<link rel=\"canonical\" href=\"https:\/\/dicodusport.fr\/blog\/coupe-davis-hugo-gaston-et-adrian-mannarino-a-la-rescousse\/\" \/>\n<meta property=\"og:locale\" content=\"fr_FR\" \/>\n<meta property=\"og:type\" content=\"article\" \/>\n<meta property=\"og:title\" content=\"Coupe Davis : Hugo Gaston et Adrian Mannarino \u00e0 la rescousse\" \/>\n<meta property=\"og:description\" content=\"S\u00e9bastien Grosjean a convoqu\u00e9 Hugo Gaston et Adrian Mannarino, suite au forfait d&#039;Ugo Humbert pour la phase finale de la Coupe Davis.\u00a0\" \/>\n<meta property=\"og:url\" content=\"https:\/\/dicodusport.fr\/blog\/coupe-davis-hugo-gaston-et-adrian-mannarino-a-la-rescousse\/\" \/>\n<meta property=\"og:site_name\" content=\"Dicodusport\" \/>\n<meta property=\"article:publisher\" content=\"https:\/\/www.facebook.com\/dicodusport\" \/>\n<meta property=\"article:author\" content=\"https:\/\/www.facebook.com\/dicodusport\" \/>\n<meta property=\"article:published_time\" content=\"2021-11-10T14:45:29+00:00\" \/>\n<meta property=\"article:modified_time\" content=\"2021-11-10T17:27:06+00:00\" \/>\n<meta property=\"og:image\" content=\"https:\/\/dicodusport.fr\/blog\/wp-content\/uploads\/2021\/11\/Coupe-Davis-Hugo-Gaston-et-Adrian-Mannarino-a\u0300-la-rescousse.png\" \/>\n\t<meta property=\"og:image:width\" content=\"800\" \/>\n\t<meta property=\"og:image:height\" content=\"445\" \/>\n\t<meta property=\"og:image:type\" content=\"image\/png\" \/>\n<meta name=\"author\" content=\"Nicolas Jacquemard\" \/>\n<meta name=\"twitter:card\" content=\"summary_large_image\" \/>\n<meta name=\"twitter:title\" content=\"Coupe Davis : Hugo Gaston et Adrian Mannarino \u00e0 la rescousse\" \/>\n<meta name=\"twitter:creator\" content=\"@https:\/\/twitter.com\/Nico_Jacquemard\" \/>\n<meta name=\"twitter:site\" content=\"@dicodusport\" \/>\n<script type=\"application\/ld+json\" class=\"yoast-schema-graph\">{\"@context\":\"https:\/\/schema.org\",\"@graph\":[{\"@type\":\"NewsArticle\",\"@id\":\"https:\/\/dicodusport.fr\/blog\/coupe-davis-hugo-gaston-et-adrian-mannarino-a-la-rescousse\/#article\",\"isPartOf\":{\"@id\":\"https:\/\/dicodusport.fr\/blog\/coupe-davis-hugo-gaston-et-adrian-mannarino-a-la-rescousse\/\"},\"author\":{\"name\":\"Nicolas Jacquemard\",\"@id\":\"https:\/\/dicodusport.fr\/blog\/#\/schema\/person\/55dcb50ad410894e431ed812bbb70191\"},\"headline\":\"Coupe Davis : Hugo Gaston et Adrian Mannarino \u00e0 la rescousse\",\"datePublished\":\"2021-11-10T14:45:29+00:00\",\"dateModified\":\"2021-11-10T17:27:06+00:00\",\"mainEntityOfPage\":{\"@id\":\"https:\/\/dicodusport.fr\/blog\/coupe-davis-hugo-gaston-et-adrian-mannarino-a-la-rescousse\/\"},\"wordCount\":259,\"commentCount\":0,\"publisher\":{\"@id\":\"https:\/\/dicodusport.fr\/blog\/#organization\"},\"image\":{\"@id\":\"https:\/\/dicodusport.fr\/blog\/coupe-davis-hugo-gaston-et-adrian-mannarino-a-la-rescousse\/#primaryimage\"},\"thumbnailUrl\":\"https:\/\/dicodusport.fr\/blog\/wp-content\/uploads\/2021\/11\/Coupe-Davis-Hugo-Gaston-et-Adrian-Mannarino-a\u0300-la-rescousse.png\",\"keywords\":[\"Adrian Mannarino\",\"Coupe Davis\",\"Hugo Gaston\"],\"articleSection\":[\"Tennis\"],\"inLanguage\":\"fr-FR\",\"potentialAction\":[{\"@type\":\"CommentAction\",\"name\":\"Comment\",\"target\":[\"https:\/\/dicodusport.fr\/blog\/coupe-davis-hugo-gaston-et-adrian-mannarino-a-la-rescousse\/#respond\"]}],\"copyrightYear\":\"2021\",\"copyrightHolder\":{\"@id\":\"https:\/\/dicodusport.fr\/blog\/#organization\"}},{\"@type\":\"WebPage\",\"@id\":\"https:\/\/dicodusport.fr\/blog\/coupe-davis-hugo-gaston-et-adrian-mannarino-a-la-rescousse\/\",\"url\":\"https:\/\/dicodusport.fr\/blog\/coupe-davis-hugo-gaston-et-adrian-mannarino-a-la-rescousse\/\",\"name\":\"Coupe Davis : Hugo Gaston et Adrian Mannarino \u00e0 la rescousse\",\"isPartOf\":{\"@id\":\"https:\/\/dicodusport.fr\/blog\/#website\"},\"primaryImageOfPage\":{\"@id\":\"https:\/\/dicodusport.fr\/blog\/coupe-davis-hugo-gaston-et-adrian-mannarino-a-la-rescousse\/#primaryimage\"},\"image\":{\"@id\":\"https:\/\/dicodusport.fr\/blog\/coupe-davis-hugo-gaston-et-adrian-mannarino-a-la-rescousse\/#primaryimage\"},\"thumbnailUrl\":\"https:\/\/dicodusport.fr\/blog\/wp-content\/uploads\/2021\/11\/Coupe-Davis-Hugo-Gaston-et-Adrian-Mannarino-a\u0300-la-rescousse.png\",\"datePublished\":\"2021-11-10T14:45:29+00:00\",\"dateModified\":\"2021-11-10T17:27:06+00:00\",\"description\":\"S\u00e9bastien Grosjean a convoqu\u00e9 Hugo Gaston et Adrian Mannarino, suite au forfait d'Ugo Humbert pour la phase finale de la Coupe Davis.\u00a0\",\"breadcrumb\":{\"@id\":\"https:\/\/dicodusport.fr\/blog\/coupe-davis-hugo-gaston-et-adrian-mannarino-a-la-rescousse\/#breadcrumb\"},\"inLanguage\":\"fr-FR\",\"potentialAction\":[{\"@type\":\"ReadAction\",\"target\":[\"https:\/\/dicodusport.fr\/blog\/coupe-davis-hugo-gaston-et-adrian-mannarino-a-la-rescousse\/\"]}]},{\"@type\":\"ImageObject\",\"inLanguage\":\"fr-FR\",\"@id\":\"https:\/\/dicodusport.fr\/blog\/coupe-davis-hugo-gaston-et-adrian-mannarino-a-la-rescousse\/#primaryimage\",\"url\":\"https:\/\/dicodusport.fr\/blog\/wp-content\/uploads\/2021\/11\/Coupe-Davis-Hugo-Gaston-et-Adrian-Mannarino-a\u0300-la-rescousse.png\",\"contentUrl\":\"https:\/\/dicodusport.fr\/blog\/wp-content\/uploads\/2021\/11\/Coupe-Davis-Hugo-Gaston-et-Adrian-Mannarino-a\u0300-la-rescousse.png\",\"width\":800,\"height\":445},{\"@type\":\"BreadcrumbList\",\"@id\":\"https:\/\/dicodusport.fr\/blog\/coupe-davis-hugo-gaston-et-adrian-mannarino-a-la-rescousse\/#breadcrumb\",\"itemListElement\":[{\"@type\":\"ListItem\",\"position\":1,\"name\":\"Accueil\",\"item\":\"https:\/\/dicodusport.fr\/blog\/\"},{\"@type\":\"ListItem\",\"position\":2,\"name\":\"Coupe Davis : Hugo Gaston et Adrian Mannarino \u00e0 la rescousse\"}]},{\"@type\":\"WebSite\",\"@id\":\"https:\/\/dicodusport.fr\/blog\/#website\",\"url\":\"https:\/\/dicodusport.fr\/blog\/\",\"name\":\"Dicodusport\",\"description\":\"L&#039;encyclop\u00e9die de l&#039;actualit\u00e9 sportive\",\"publisher\":{\"@id\":\"https:\/\/dicodusport.fr\/blog\/#organization\"},\"potentialAction\":[{\"@type\":\"SearchAction\",\"target\":{\"@type\":\"EntryPoint\",\"urlTemplate\":\"https:\/\/dicodusport.fr\/blog\/?s={search_term_string}\"},\"query-input\":{\"@type\":\"PropertyValueSpecification\",\"valueRequired\":true,\"valueName\":\"search_term_string\"}}],\"inLanguage\":\"fr-FR\"},{\"@type\":\"NewsMediaOrganization\",\"@id\":\"https:\/\/dicodusport.fr\/blog\/#organization\",\"name\":\"Dicodusport\",\"url\":\"https:\/\/dicodusport.fr\/blog\/\",\"logo\":{\"@type\":\"ImageObject\",\"inLanguage\":\"fr-FR\",\"@id\":\"https:\/\/dicodusport.fr\/blog\/#\/schema\/logo\/image\/\",\"url\":\"https:\/\/dicodusport.fr\/blog\/wp-content\/uploads\/2020\/06\/cropped-LOGO-DICODUSPORT-2020-SANS-FOND-SANS-TEXTE.png\",\"contentUrl\":\"https:\/\/dicodusport.fr\/blog\/wp-content\/uploads\/2020\/06\/cropped-LOGO-DICODUSPORT-2020-SANS-FOND-SANS-TEXTE.png\",\"width\":512,\"height\":512,\"caption\":\"Dicodusport\"},\"image\":{\"@id\":\"https:\/\/dicodusport.fr\/blog\/#\/schema\/logo\/image\/\"},\"sameAs\":[\"https:\/\/www.facebook.com\/dicodusport\",\"https:\/\/x.com\/dicodusport\",\"https:\/\/www.instagram.com\/dicodusport\/\",\"https:\/\/www.youtube.com\/channel\/UC7V2KZ5sd3htJivAbA4ZG3w\"],\"description\":\"Dicodusport est l'encyclop\u00e9die de l'actualit\u00e9 sportive.\",\"email\":\"bonjour@dicodusport.fr\",\"legalName\":\"DICODUSPORT\",\"foundingDate\":\"2018-01-14\",\"vatID\":\"FR71834470973\",\"taxID\":\"83447097300043\",\"numberOfEmployees\":{\"@type\":\"QuantitativeValue\",\"minValue\":\"1\",\"maxValue\":\"10\"}},{\"@type\":\"Person\",\"@id\":\"https:\/\/dicodusport.fr\/blog\/#\/schema\/person\/55dcb50ad410894e431ed812bbb70191\",\"name\":\"Nicolas Jacquemard\",\"image\":{\"@type\":\"ImageObject\",\"inLanguage\":\"fr-FR\",\"@id\":\"https:\/\/dicodusport.fr\/blog\/#\/schema\/person\/image\/\",\"url\":\"https:\/\/dicodusport.fr\/blog\/wp-content\/uploads\/2021\/05\/Nicolas-Jacquemard-150x150.jpeg\",\"contentUrl\":\"https:\/\/dicodusport.fr\/blog\/wp-content\/uploads\/2021\/05\/Nicolas-Jacquemard-150x150.jpeg\",\"caption\":\"Nicolas Jacquemard\"},\"description\":\"Passionn\u00e9 de sport et entrepreneur depuis mes 18 ans, la cr\u00e9ation de Dicodusport m'a sembl\u00e9 \u00e9vidente pour participer \u00e0 la m\u00e9diatisation d'un plus grand nombre de sports. Le chemin est long mais avec une \u00e9quipe des plus motiv\u00e9es et les Jeux Olympiques de Paris 2024 en point de mire, nous y arriverons ! Journaliste dans le monde du sport depuis plus de 5 ans, je traite aussi bien de football, de rugby, de biathlon que de cyclisme.\",\"sameAs\":[\"https:\/\/www.facebook.com\/dicodusport\",\"https:\/\/x.com\/https:\/\/twitter.com\/Nico_Jacquemard\"],\"url\":\"https:\/\/dicodusport.fr\/blog\/author\/dicodusport\/\"}]}<\/script>\n<!-- \/ Yoast SEO Premium plugin. -->","yoast_head_json":{"title":"Coupe Davis : Hugo Gaston et Adrian Mannarino \u00e0 la rescousse","description":"S\u00e9bastien Grosjean a convoqu\u00e9 Hugo Gaston et Adrian Mannarino, suite au forfait d'Ugo Humbert pour la phase finale de la Coupe Davis.\u00a0","robots":{"index":"index","follow":"follow","max-snippet":"max-snippet:-1","max-image-preview":"max-image-preview:large","max-video-preview":"max-video-preview:-1"},"canonical":"https:\/\/dicodusport.fr\/blog\/coupe-davis-hugo-gaston-et-adrian-mannarino-a-la-rescousse\/","og_locale":"fr_FR","og_type":"article","og_title":"Coupe Davis : Hugo Gaston et Adrian Mannarino \u00e0 la rescousse","og_description":"S\u00e9bastien Grosjean a convoqu\u00e9 Hugo Gaston et Adrian Mannarino, suite au forfait d'Ugo Humbert pour la phase finale de la Coupe Davis.\u00a0","og_url":"https:\/\/dicodusport.fr\/blog\/coupe-davis-hugo-gaston-et-adrian-mannarino-a-la-rescousse\/","og_site_name":"Dicodusport","article_publisher":"https:\/\/www.facebook.com\/dicodusport","article_author":"https:\/\/www.facebook.com\/dicodusport","article_published_time":"2021-11-10T14:45:29+00:00","article_modified_time":"2021-11-10T17:27:06+00:00","og_image":[{"width":800,"height":445,"url":"https:\/\/dicodusport.fr\/blog\/wp-content\/uploads\/2021\/11\/Coupe-Davis-Hugo-Gaston-et-Adrian-Mannarino-a\u0300-la-rescousse.png","type":"image\/png"}],"author":"Nicolas Jacquemard","twitter_card":"summary_large_image","twitter_title":"Coupe Davis : Hugo Gaston et Adrian Mannarino \u00e0 la rescousse","twitter_creator":"@https:\/\/twitter.com\/Nico_Jacquemard","twitter_site":"@dicodusport","schema":{"@context":"https:\/\/schema.org","@graph":[{"@type":"NewsArticle","@id":"https:\/\/dicodusport.fr\/blog\/coupe-davis-hugo-gaston-et-adrian-mannarino-a-la-rescousse\/#article","isPartOf":{"@id":"https:\/\/dicodusport.fr\/blog\/coupe-davis-hugo-gaston-et-adrian-mannarino-a-la-rescousse\/"},"author":{"name":"Nicolas Jacquemard","@id":"https:\/\/dicodusport.fr\/blog\/#\/schema\/person\/55dcb50ad410894e431ed812bbb70191"},"headline":"Coupe Davis : Hugo Gaston et Adrian Mannarino \u00e0 la rescousse","datePublished":"2021-11-10T14:45:29+00:00","dateModified":"2021-11-10T17:27:06+00:00","mainEntityOfPage":{"@id":"https:\/\/dicodusport.fr\/blog\/coupe-davis-hugo-gaston-et-adrian-mannarino-a-la-rescousse\/"},"wordCount":259,"commentCount":0,"publisher":{"@id":"https:\/\/dicodusport.fr\/blog\/#organization"},"image":{"@id":"https:\/\/dicodusport.fr\/blog\/coupe-davis-hugo-gaston-et-adrian-mannarino-a-la-rescousse\/#primaryimage"},"thumbnailUrl":"https:\/\/dicodusport.fr\/blog\/wp-content\/uploads\/2021\/11\/Coupe-Davis-Hugo-Gaston-et-Adrian-Mannarino-a\u0300-la-rescousse.png","keywords":["Adrian Mannarino","Coupe Davis","Hugo Gaston"],"articleSection":["Tennis"],"inLanguage":"fr-FR","potentialAction":[{"@type":"CommentAction","name":"Comment","target":["https:\/\/dicodusport.fr\/blog\/coupe-davis-hugo-gaston-et-adrian-mannarino-a-la-rescousse\/#respond"]}],"copyrightYear":"2021","copyrightHolder":{"@id":"https:\/\/dicodusport.fr\/blog\/#organization"}},{"@type":"WebPage","@id":"https:\/\/dicodusport.fr\/blog\/coupe-davis-hugo-gaston-et-adrian-mannarino-a-la-rescousse\/","url":"https:\/\/dicodusport.fr\/blog\/coupe-davis-hugo-gaston-et-adrian-mannarino-a-la-rescousse\/","name":"Coupe Davis : Hugo Gaston et Adrian Mannarino \u00e0 la rescousse","isPartOf":{"@id":"https:\/\/dicodusport.fr\/blog\/#website"},"primaryImageOfPage":{"@id":"https:\/\/dicodusport.fr\/blog\/coupe-davis-hugo-gaston-et-adrian-mannarino-a-la-rescousse\/#primaryimage"},"image":{"@id":"https:\/\/dicodusport.fr\/blog\/coupe-davis-hugo-gaston-et-adrian-mannarino-a-la-rescousse\/#primaryimage"},"thumbnailUrl":"https:\/\/dicodusport.fr\/blog\/wp-content\/uploads\/2021\/11\/Coupe-Davis-Hugo-Gaston-et-Adrian-Mannarino-a\u0300-la-rescousse.png","datePublished":"2021-11-10T14:45:29+00:00","dateModified":"2021-11-10T17:27:06+00:00","description":"S\u00e9bastien Grosjean a convoqu\u00e9 Hugo Gaston et Adrian Mannarino, suite au forfait d'Ugo Humbert pour la phase finale de la Coupe Davis.\u00a0","breadcrumb":{"@id":"https:\/\/dicodusport.fr\/blog\/coupe-davis-hugo-gaston-et-adrian-mannarino-a-la-rescousse\/#breadcrumb"},"inLanguage":"fr-FR","potentialAction":[{"@type":"ReadAction","target":["https:\/\/dicodusport.fr\/blog\/coupe-davis-hugo-gaston-et-adrian-mannarino-a-la-rescousse\/"]}]},{"@type":"ImageObject","inLanguage":"fr-FR","@id":"https:\/\/dicodusport.fr\/blog\/coupe-davis-hugo-gaston-et-adrian-mannarino-a-la-rescousse\/#primaryimage","url":"https:\/\/dicodusport.fr\/blog\/wp-content\/uploads\/2021\/11\/Coupe-Davis-Hugo-Gaston-et-Adrian-Mannarino-a\u0300-la-rescousse.png","contentUrl":"https:\/\/dicodusport.fr\/blog\/wp-content\/uploads\/2021\/11\/Coupe-Davis-Hugo-Gaston-et-Adrian-Mannarino-a\u0300-la-rescousse.png","width":800,"height":445},{"@type":"BreadcrumbList","@id":"https:\/\/dicodusport.fr\/blog\/coupe-davis-hugo-gaston-et-adrian-mannarino-a-la-rescousse\/#breadcrumb","itemListElement":[{"@type":"ListItem","position":1,"name":"Accueil","item":"https:\/\/dicodusport.fr\/blog\/"},{"@type":"ListItem","position":2,"name":"Coupe Davis : Hugo Gaston et Adrian Mannarino \u00e0 la rescousse"}]},{"@type":"WebSite","@id":"https:\/\/dicodusport.fr\/blog\/#website","url":"https:\/\/dicodusport.fr\/blog\/","name":"Dicodusport","description":"L&#039;encyclop\u00e9die de l&#039;actualit\u00e9 sportive","publisher":{"@id":"https:\/\/dicodusport.fr\/blog\/#organization"},"potentialAction":[{"@type":"SearchAction","target":{"@type":"EntryPoint","urlTemplate":"https:\/\/dicodusport.fr\/blog\/?s={search_term_string}"},"query-input":{"@type":"PropertyValueSpecification","valueRequired":true,"valueName":"search_term_string"}}],"inLanguage":"fr-FR"},{"@type":"NewsMediaOrganization","@id":"https:\/\/dicodusport.fr\/blog\/#organization","name":"Dicodusport","url":"https:\/\/dicodusport.fr\/blog\/","logo":{"@type":"ImageObject","inLanguage":"fr-FR","@id":"https:\/\/dicodusport.fr\/blog\/#\/schema\/logo\/image\/","url":"https:\/\/dicodusport.fr\/blog\/wp-content\/uploads\/2020\/06\/cropped-LOGO-DICODUSPORT-2020-SANS-FOND-SANS-TEXTE.png","contentUrl":"https:\/\/dicodusport.fr\/blog\/wp-content\/uploads\/2020\/06\/cropped-LOGO-DICODUSPORT-2020-SANS-FOND-SANS-TEXTE.png","width":512,"height":512,"caption":"Dicodusport"},"image":{"@id":"https:\/\/dicodusport.fr\/blog\/#\/schema\/logo\/image\/"},"sameAs":["https:\/\/www.facebook.com\/dicodusport","https:\/\/x.com\/dicodusport","https:\/\/www.instagram.com\/dicodusport\/","https:\/\/www.youtube.com\/channel\/UC7V2KZ5sd3htJivAbA4ZG3w"],"description":"Dicodusport est l'encyclop\u00e9die de l'actualit\u00e9 sportive.","email":"bonjour@dicodusport.fr","legalName":"DICODUSPORT","foundingDate":"2018-01-14","vatID":"FR71834470973","taxID":"83447097300043","numberOfEmployees":{"@type":"QuantitativeValue","minValue":"1","maxValue":"10"}},{"@type":"Person","@id":"https:\/\/dicodusport.fr\/blog\/#\/schema\/person\/55dcb50ad410894e431ed812bbb70191","name":"Nicolas Jacquemard","image":{"@type":"ImageObject","inLanguage":"fr-FR","@id":"https:\/\/dicodusport.fr\/blog\/#\/schema\/person\/image\/","url":"https:\/\/dicodusport.fr\/blog\/wp-content\/uploads\/2021\/05\/Nicolas-Jacquemard-150x150.jpeg","contentUrl":"https:\/\/dicodusport.fr\/blog\/wp-content\/uploads\/2021\/05\/Nicolas-Jacquemard-150x150.jpeg","caption":"Nicolas Jacquemard"},"description":"Passionn\u00e9 de sport et entrepreneur depuis mes 18 ans, la cr\u00e9ation de Dicodusport m'a sembl\u00e9 \u00e9vidente pour participer \u00e0 la m\u00e9diatisation d'un plus grand nombre de sports. Le chemin est long mais avec une \u00e9quipe des plus motiv\u00e9es et les Jeux Olympiques de Paris 2024 en point de mire, nous y arriverons ! Journaliste dans le monde du sport depuis plus de 5 ans, je traite aussi bien de football, de rugby, de biathlon que de cyclisme.","sameAs":["https:\/\/www.facebook.com\/dicodusport","https:\/\/x.com\/https:\/\/twitter.com\/Nico_Jacquemard"],"url":"https:\/\/dicodusport.fr\/blog\/author\/dicodusport\/"}]}},"_links":{"self":[{"href":"https:\/\/dicodusport.fr\/blog\/wp-json\/wp\/v2\/posts\/178570","targetHints":{"allow":["GET"]}}],"collection":[{"href":"https:\/\/dicodusport.fr\/blog\/wp-json\/wp\/v2\/posts"}],"about":[{"href":"https:\/\/dicodusport.fr\/blog\/wp-json\/wp\/v2\/types\/post"}],"author":[{"embeddable":true,"href":"https:\/\/dicodusport.fr\/blog\/wp-json\/wp\/v2\/users\/1"}],"replies":[{"embeddable":true,"href":"https:\/\/dicodusport.fr\/blog\/wp-json\/wp\/v2\/comments?post=178570"}],"version-history":[{"count":0,"href":"https:\/\/dicodusport.fr\/blog\/wp-json\/wp\/v2\/posts\/178570\/revisions"}],"wp:featuredmedia":[{"embeddable":true,"href":"https:\/\/dicodusport.fr\/blog\/wp-json\/wp\/v2\/media\/178571"}],"wp:attachment":[{"href":"https:\/\/dicodusport.fr\/blog\/wp-json\/wp\/v2\/media?parent=178570"}],"wp:term":[{"taxonomy":"category","embeddable":true,"href":"https:\/\/dicodusport.fr\/blog\/wp-json\/wp\/v2\/categories?post=178570"},{"taxonomy":"post_tag","embeddable":true,"href":"https:\/\/dicodusport.fr\/blog\/wp-json\/wp\/v2\/tags?post=178570"}],"curies":[{"name":"wp","href":"https:\/\/api.w.org\/{rel}","templated":true}]}}