{"id":178581,"date":"2021-11-10T16:19:24","date_gmt":"2021-11-10T15:19:24","guid":{"rendered":"https:\/\/dicodusport.fr\/blog\/?p=178581"},"modified":"2021-11-12T19:25:18","modified_gmt":"2021-11-12T18:25:18","slug":"coupe-du-monde-de-ski-alpin-la-presentation-des-geants-paralleles-de-lech-zurs","status":"publish","type":"post","link":"https:\/\/dicodusport.fr\/blog\/coupe-du-monde-de-ski-alpin-la-presentation-des-geants-paralleles-de-lech-zurs\/","title":{"rendered":"Coupe du monde de ski alpin : La pr\u00e9sentation des g\u00e9ants parall\u00e8les de Lech-Z\u00fcrs"},"content":{"rendered":"<p style=\"text-align: justify;\"><em><span class=\"tojvnm2t a6sixzi8 abs2jz4q a8s20v7p t1p8iaqh k5wvi7nf q3lfd5jv pk4s997a bipmatt0 cebpdrjk qowsmv63 owwhemhu dp1hu0rb dhp61c6y iyyx5f41\"><strong><b><i><a href=\"https:\/\/dicodusport.fr\/blog\/actualites\/sports-dhiver\/ski\/coupe-du-monde-ski-alpin-2021-2022\/\">COUPE DU MONDE DE SKI ALPIN 2021-2022<\/a> \u2013 <\/i><\/b>Trois semaines apr\u00e8s les g\u00e9ants d&rsquo;ouverture \u00e0 S\u00f6lden, la Coupe du monde restera en Autriche les 14 et 15 novembre pour les g\u00e9ants parall\u00e8les de Lech-Z\u00fcrs en l&rsquo;absence de Shiffrin, souffrante du dos.<\/strong> <\/span><\/em><\/p>\n<p style=\"text-align: justify;\"><span class=\"tojvnm2t a6sixzi8 abs2jz4q a8s20v7p t1p8iaqh k5wvi7nf q3lfd5jv pk4s997a bipmatt0 cebpdrjk qowsmv63 owwhemhu dp1hu0rb dhp61c6y iyyx5f41\">Le concept, longtemps d\u00e9cri\u00e9 par les concurrents mais adoub\u00e9 par la FIS, sera simple : deux skieurs s\u2019affrontent en duel sur des parcours distincts (un avec des portes rouges et l&rsquo;autre avec des portes bleues). Apr\u00e8s une phase qualificative au temps, la phase finale rassemblera les 16 meilleurs qui s&rsquo;affronteront en mode aller-retour sur chacun des deux trac\u00e9s. <\/span><\/p>\n<p style=\"text-align: justify;\"><span class=\"tojvnm2t a6sixzi8 abs2jz4q a8s20v7p t1p8iaqh k5wvi7nf q3lfd5jv pk4s997a bipmatt0 cebpdrjk qowsmv63 owwhemhu dp1hu0rb dhp61c6y iyyx5f41\">Afin d\u2019\u00e9viter de tuer tout suspense puisqu\u2019il semble impossible de r\u00e9aliser deux parcours identiques et \u00e9quitables afin d&rsquo;\u00e9viter la m\u00e9saventure de Sestri\u00e8res o\u00f9 la piste bleue \u00e9tait la plus rapide, le skieur le moins rapide lors du premier run s\u2019\u00e9lancera en seconde manche avec le retard pris sur la premi\u00e8re (au maximum 50 centi\u00e8mes de seconde). Le premier \u00e0 franchir la ligne apr\u00e8s la seconde se qualifiera pour la suite. <\/span><\/p>\n<p style=\"text-align: justify;\"><span class=\"tojvnm2t a6sixzi8 abs2jz4q a8s20v7p t1p8iaqh k5wvi7nf q3lfd5jv pk4s997a bipmatt0 cebpdrjk qowsmv63 owwhemhu dp1hu0rb dhp61c6y iyyx5f41\">Avec des portes tr\u00e8s rapproch\u00e9es, cette discipline demandera une grande vivacit\u00e9 sur un effort court et intense d&rsquo;une vingtaine de secondes. Mais, ces trac\u00e9s trop serr\u00e9s seront extr\u00eamement contraignants pour les articulations avec des courbes hach\u00e9es, puisque les skis de g\u00e9ant demanderont une bonne trentaine de m\u00e8tres entre les portes. <\/span><span class=\"tojvnm2t a6sixzi8 abs2jz4q a8s20v7p t1p8iaqh k5wvi7nf q3lfd5jv pk4s997a bipmatt0 cebpdrjk qowsmv63 owwhemhu dp1hu0rb dhp61c6y iyyx5f41\">De plus, la FIS a \u00e9loign\u00e9 les deux trac\u00e9s pour la s\u00e9curit\u00e9 des skieurs afin d&rsquo;\u00e9viter le presque accident de Chamonix o\u00f9 l\u2019Am\u00e9ricain Tommy Ford avait failli percuter Thomas Tumler. <\/span><\/p>\n<p style=\"text-align: justify;\"><span class=\"tojvnm2t a6sixzi8 abs2jz4q a8s20v7p t1p8iaqh k5wvi7nf q3lfd5jv pk4s997a bipmatt0 cebpdrjk qowsmv63 owwhemhu dp1hu0rb dhp61c6y iyyx5f41\">Enfin, du c\u00f4t\u00e9 des points pour le g\u00e9n\u00e9ral de la Coupe du monde, on restera dans le classique avec 100 points pour la victoire, 80 pour le deuxi\u00e8me, 60 pour le troisi\u00e8me etc. <\/span>L&rsquo;an dernier, <b>Alexis Pinturault <\/b>s&rsquo;\u00e9tait impos\u00e9 en finale face \u00e0 <strong>Henrik Kristoffersen<\/strong> tandis que <b>Petra Vlhov\u00e1 <\/b>avait pris le meilleur sur <b>Paula Moltzan<\/b>.<\/p>\n<div id=\"attachment_178886\" style=\"width: 1062px\" class=\"wp-caption aligncenter\"><a href=\"https:\/\/dicodusport.fr\/blog\/wp-content\/uploads\/2021\/11\/Le-detail-de-la-piste-de-Lech-Zurs.png\"><img loading=\"lazy\" decoding=\"async\" aria-describedby=\"caption-attachment-178886\" class=\"size-full wp-image-178886\" src=\"https:\/\/dicodusport.fr\/blog\/wp-content\/uploads\/2021\/11\/Le-detail-de-la-piste-de-Lech-Zurs.png\" alt=\"Le d\u00e9tail de la piste de Lech-Z\u00fcrs\" width=\"1052\" height=\"1523\" srcset=\"https:\/\/dicodusport.fr\/blog\/wp-content\/uploads\/2021\/11\/Le-detail-de-la-piste-de-Lech-Zurs.png 1052w, https:\/\/dicodusport.fr\/blog\/wp-content\/uploads\/2021\/11\/Le-detail-de-la-piste-de-Lech-Zurs-207x300.png 207w, https:\/\/dicodusport.fr\/blog\/wp-content\/uploads\/2021\/11\/Le-detail-de-la-piste-de-Lech-Zurs-707x1024.png 707w, https:\/\/dicodusport.fr\/blog\/wp-content\/uploads\/2021\/11\/Le-detail-de-la-piste-de-Lech-Zurs-768x1112.png 768w\" sizes=\"auto, (max-width: 1052px) 100vw, 1052px\" \/><\/a><p id=\"caption-attachment-178886\" class=\"wp-caption-text\">Le d\u00e9tail de la piste de Lech-Z\u00fcrs<\/p><\/div>\n<h2 style=\"text-align: justify;\"><strong>\u00c0 lire aussi<\/strong><\/h2>\n<ul>\n<li style=\"text-align: justify;\"><a href=\"https:\/\/dicodusport.fr\/blog\/ski-alpin-coupe-du-monde-2021-2022-classement-general-hommes\/\"><strong>Le classement g\u00e9n\u00e9ral de la Coupe du monde masculine<\/strong><\/a><\/li>\n<li style=\"text-align: justify;\"><a href=\"https:\/\/dicodusport.fr\/blog\/ski-alpin-coupe-du-monde-2021-2022-classement-general-femmes\/\"><strong>Le classement g\u00e9n\u00e9ral de la Coupe du monde f\u00e9minine<\/strong><\/a><\/li>\n<\/ul>\n","protected":false},"excerpt":{"rendered":"<p>COUPE DU MONDE DE SKI ALPIN 2021-2022 \u2013 Trois semaines apr\u00e8s les g\u00e9ants d&rsquo;ouverture \u00e0 S\u00f6lden, la Coupe du monde restera en Autriche les 14 et 15 novembre pour les g\u00e9ants parall\u00e8les de Lech-Z\u00fcrs en l&rsquo;absence de Shiffrin, souffrante du dos.<\/p>\n","protected":false},"author":48,"featured_media":115189,"comment_status":"open","ping_status":"closed","sticky":false,"template":"","format":"standard","meta":{"_acf_changed":false,"_daextam_enable_autolinks":"","footnotes":""},"categories":[47084],"tags":[12586],"class_list":["post-178581","post","type-post","status-publish","format-standard","has-post-thumbnail","hentry","category-coupe-du-monde-ski-alpin","tag-coupe-du-monde-de-ski-alpin"],"acf":[],"yoast_head":"<!-- This site is optimized with the Yoast SEO Premium plugin v26.7 (Yoast SEO v26.7) - https:\/\/yoast.com\/wordpress\/plugins\/seo\/ -->\n<title>Coupe du monde de ski alpin : La pr\u00e9sentation des g\u00e9ants parall\u00e8les de Lech-Z\u00fcrs<\/title>\n<meta name=\"description\" content=\"COUPE DU MONDE DE SKI ALPIN 2021-2022 \u2013 Pr\u00e9sentation des g\u00e9ants parall\u00e8les de Lech-Z\u00fcrs (Autriche), deuxi\u00e8me \u00e9preuve de la Coupe du monde.\" \/>\n<meta name=\"robots\" content=\"index, follow, max-snippet:-1, max-image-preview:large, max-video-preview:-1\" \/>\n<link rel=\"canonical\" href=\"https:\/\/dicodusport.fr\/blog\/coupe-du-monde-de-ski-alpin-la-presentation-des-geants-paralleles-de-lech-zurs\/\" \/>\n<meta property=\"og:locale\" content=\"fr_FR\" \/>\n<meta property=\"og:type\" content=\"article\" \/>\n<meta property=\"og:title\" content=\"Coupe du monde de ski alpin : La pr\u00e9sentation des g\u00e9ants parall\u00e8les de Lech-Z\u00fcrs\" \/>\n<meta property=\"og:description\" content=\"COUPE DU MONDE DE SKI ALPIN 2021-2022 \u2013 Pr\u00e9sentation des g\u00e9ants parall\u00e8les de Lech-Z\u00fcrs (Autriche), deuxi\u00e8me \u00e9preuve de la Coupe du monde.\" \/>\n<meta property=\"og:url\" content=\"https:\/\/dicodusport.fr\/blog\/coupe-du-monde-de-ski-alpin-la-presentation-des-geants-paralleles-de-lech-zurs\/\" \/>\n<meta property=\"og:site_name\" content=\"Dicodusport\" \/>\n<meta property=\"article:publisher\" content=\"https:\/\/www.facebook.com\/dicodusport\" \/>\n<meta property=\"article:author\" content=\"https:\/\/www.facebook.com\/groups\/LesRoisDuPeloton\" \/>\n<meta property=\"article:published_time\" content=\"2021-11-10T15:19:24+00:00\" \/>\n<meta property=\"article:modified_time\" content=\"2021-11-12T18:25:18+00:00\" \/>\n<meta property=\"og:image\" content=\"https:\/\/dicodusport.fr\/blog\/wp-content\/uploads\/2021\/03\/Ski-Slalom-geant-de-Lenzerheide-Alexis-Pinturault-simpose-et-sadjuge-le-gros-globe.png\" \/>\n\t<meta property=\"og:image:width\" content=\"800\" \/>\n\t<meta property=\"og:image:height\" content=\"445\" \/>\n\t<meta property=\"og:image:type\" content=\"image\/png\" \/>\n<meta name=\"author\" content=\"Emilien Descampiaux\" \/>\n<meta name=\"twitter:card\" content=\"summary_large_image\" \/>\n<meta name=\"twitter:title\" content=\"Coupe du monde de ski alpin : La pr\u00e9sentation des g\u00e9ants parall\u00e8les de Lech-Z\u00fcrs\" \/>\n<meta name=\"twitter:creator\" content=\"@https:\/\/twitter.com\/LRoisDuPeloton\" \/>\n<meta name=\"twitter:site\" content=\"@dicodusport\" \/>\n<script type=\"application\/ld+json\" class=\"yoast-schema-graph\">{\"@context\":\"https:\/\/schema.org\",\"@graph\":[{\"@type\":\"NewsArticle\",\"@id\":\"https:\/\/dicodusport.fr\/blog\/coupe-du-monde-de-ski-alpin-la-presentation-des-geants-paralleles-de-lech-zurs\/#article\",\"isPartOf\":{\"@id\":\"https:\/\/dicodusport.fr\/blog\/coupe-du-monde-de-ski-alpin-la-presentation-des-geants-paralleles-de-lech-zurs\/\"},\"author\":{\"name\":\"Emilien Descampiaux\",\"@id\":\"https:\/\/dicodusport.fr\/blog\/#\/schema\/person\/6db4bae06b171592211be385b32876a7\"},\"headline\":\"Coupe du monde de ski alpin : La pr\u00e9sentation des g\u00e9ants parall\u00e8les de Lech-Z\u00fcrs\",\"datePublished\":\"2021-11-10T15:19:24+00:00\",\"dateModified\":\"2021-11-12T18:25:18+00:00\",\"mainEntityOfPage\":{\"@id\":\"https:\/\/dicodusport.fr\/blog\/coupe-du-monde-de-ski-alpin-la-presentation-des-geants-paralleles-de-lech-zurs\/\"},\"wordCount\":396,\"commentCount\":0,\"publisher\":{\"@id\":\"https:\/\/dicodusport.fr\/blog\/#organization\"},\"image\":{\"@id\":\"https:\/\/dicodusport.fr\/blog\/coupe-du-monde-de-ski-alpin-la-presentation-des-geants-paralleles-de-lech-zurs\/#primaryimage\"},\"thumbnailUrl\":\"https:\/\/dicodusport.fr\/blog\/wp-content\/uploads\/2021\/03\/Ski-Slalom-geant-de-Lenzerheide-Alexis-Pinturault-simpose-et-sadjuge-le-gros-globe.png\",\"keywords\":[\"Coupe du monde de ski alpin\"],\"articleSection\":[\"Coupe du monde de ski alpin\"],\"inLanguage\":\"fr-FR\",\"potentialAction\":[{\"@type\":\"CommentAction\",\"name\":\"Comment\",\"target\":[\"https:\/\/dicodusport.fr\/blog\/coupe-du-monde-de-ski-alpin-la-presentation-des-geants-paralleles-de-lech-zurs\/#respond\"]}],\"copyrightYear\":\"2021\",\"copyrightHolder\":{\"@id\":\"https:\/\/dicodusport.fr\/blog\/#organization\"}},{\"@type\":\"WebPage\",\"@id\":\"https:\/\/dicodusport.fr\/blog\/coupe-du-monde-de-ski-alpin-la-presentation-des-geants-paralleles-de-lech-zurs\/\",\"url\":\"https:\/\/dicodusport.fr\/blog\/coupe-du-monde-de-ski-alpin-la-presentation-des-geants-paralleles-de-lech-zurs\/\",\"name\":\"Coupe du monde de ski alpin : La pr\u00e9sentation des g\u00e9ants parall\u00e8les de Lech-Z\u00fcrs\",\"isPartOf\":{\"@id\":\"https:\/\/dicodusport.fr\/blog\/#website\"},\"primaryImageOfPage\":{\"@id\":\"https:\/\/dicodusport.fr\/blog\/coupe-du-monde-de-ski-alpin-la-presentation-des-geants-paralleles-de-lech-zurs\/#primaryimage\"},\"image\":{\"@id\":\"https:\/\/dicodusport.fr\/blog\/coupe-du-monde-de-ski-alpin-la-presentation-des-geants-paralleles-de-lech-zurs\/#primaryimage\"},\"thumbnailUrl\":\"https:\/\/dicodusport.fr\/blog\/wp-content\/uploads\/2021\/03\/Ski-Slalom-geant-de-Lenzerheide-Alexis-Pinturault-simpose-et-sadjuge-le-gros-globe.png\",\"datePublished\":\"2021-11-10T15:19:24+00:00\",\"dateModified\":\"2021-11-12T18:25:18+00:00\",\"description\":\"COUPE DU MONDE DE SKI ALPIN 2021-2022 \u2013 Pr\u00e9sentation des g\u00e9ants parall\u00e8les de Lech-Z\u00fcrs (Autriche), deuxi\u00e8me \u00e9preuve de la Coupe du monde.\",\"breadcrumb\":{\"@id\":\"https:\/\/dicodusport.fr\/blog\/coupe-du-monde-de-ski-alpin-la-presentation-des-geants-paralleles-de-lech-zurs\/#breadcrumb\"},\"inLanguage\":\"fr-FR\",\"potentialAction\":[{\"@type\":\"ReadAction\",\"target\":[\"https:\/\/dicodusport.fr\/blog\/coupe-du-monde-de-ski-alpin-la-presentation-des-geants-paralleles-de-lech-zurs\/\"]}]},{\"@type\":\"ImageObject\",\"inLanguage\":\"fr-FR\",\"@id\":\"https:\/\/dicodusport.fr\/blog\/coupe-du-monde-de-ski-alpin-la-presentation-des-geants-paralleles-de-lech-zurs\/#primaryimage\",\"url\":\"https:\/\/dicodusport.fr\/blog\/wp-content\/uploads\/2021\/03\/Ski-Slalom-geant-de-Lenzerheide-Alexis-Pinturault-simpose-et-sadjuge-le-gros-globe.png\",\"contentUrl\":\"https:\/\/dicodusport.fr\/blog\/wp-content\/uploads\/2021\/03\/Ski-Slalom-geant-de-Lenzerheide-Alexis-Pinturault-simpose-et-sadjuge-le-gros-globe.png\",\"width\":800,\"height\":445,\"caption\":\"Ski - Slalom g\u00e9ant de Lenzerheide - Alexis Pinturault s'impose et s'adjuge le gros globe\"},{\"@type\":\"BreadcrumbList\",\"@id\":\"https:\/\/dicodusport.fr\/blog\/coupe-du-monde-de-ski-alpin-la-presentation-des-geants-paralleles-de-lech-zurs\/#breadcrumb\",\"itemListElement\":[{\"@type\":\"ListItem\",\"position\":1,\"name\":\"Accueil\",\"item\":\"https:\/\/dicodusport.fr\/blog\/\"},{\"@type\":\"ListItem\",\"position\":2,\"name\":\"Coupe du monde de ski alpin : La pr\u00e9sentation des g\u00e9ants parall\u00e8les de Lech-Z\u00fcrs\"}]},{\"@type\":\"WebSite\",\"@id\":\"https:\/\/dicodusport.fr\/blog\/#website\",\"url\":\"https:\/\/dicodusport.fr\/blog\/\",\"name\":\"Dicodusport\",\"description\":\"L&#039;encyclop\u00e9die de l&#039;actualit\u00e9 sportive\",\"publisher\":{\"@id\":\"https:\/\/dicodusport.fr\/blog\/#organization\"},\"potentialAction\":[{\"@type\":\"SearchAction\",\"target\":{\"@type\":\"EntryPoint\",\"urlTemplate\":\"https:\/\/dicodusport.fr\/blog\/?s={search_term_string}\"},\"query-input\":{\"@type\":\"PropertyValueSpecification\",\"valueRequired\":true,\"valueName\":\"search_term_string\"}}],\"inLanguage\":\"fr-FR\"},{\"@type\":\"NewsMediaOrganization\",\"@id\":\"https:\/\/dicodusport.fr\/blog\/#organization\",\"name\":\"Dicodusport\",\"url\":\"https:\/\/dicodusport.fr\/blog\/\",\"logo\":{\"@type\":\"ImageObject\",\"inLanguage\":\"fr-FR\",\"@id\":\"https:\/\/dicodusport.fr\/blog\/#\/schema\/logo\/image\/\",\"url\":\"https:\/\/dicodusport.fr\/blog\/wp-content\/uploads\/2020\/06\/cropped-LOGO-DICODUSPORT-2020-SANS-FOND-SANS-TEXTE.png\",\"contentUrl\":\"https:\/\/dicodusport.fr\/blog\/wp-content\/uploads\/2020\/06\/cropped-LOGO-DICODUSPORT-2020-SANS-FOND-SANS-TEXTE.png\",\"width\":512,\"height\":512,\"caption\":\"Dicodusport\"},\"image\":{\"@id\":\"https:\/\/dicodusport.fr\/blog\/#\/schema\/logo\/image\/\"},\"sameAs\":[\"https:\/\/www.facebook.com\/dicodusport\",\"https:\/\/x.com\/dicodusport\",\"https:\/\/www.instagram.com\/dicodusport\/\",\"https:\/\/www.youtube.com\/channel\/UC7V2KZ5sd3htJivAbA4ZG3w\"],\"description\":\"Dicodusport est l'encyclop\u00e9die de l'actualit\u00e9 sportive.\",\"email\":\"bonjour@dicodusport.fr\",\"legalName\":\"DICODUSPORT\",\"foundingDate\":\"2018-01-14\",\"vatID\":\"FR71834470973\",\"taxID\":\"83447097300043\",\"numberOfEmployees\":{\"@type\":\"QuantitativeValue\",\"minValue\":\"1\",\"maxValue\":\"10\"}},{\"@type\":\"Person\",\"@id\":\"https:\/\/dicodusport.fr\/blog\/#\/schema\/person\/6db4bae06b171592211be385b32876a7\",\"name\":\"Emilien Descampiaux\",\"image\":{\"@type\":\"ImageObject\",\"inLanguage\":\"fr-FR\",\"@id\":\"https:\/\/dicodusport.fr\/blog\/#\/schema\/person\/image\/\",\"url\":\"https:\/\/dicodusport.fr\/blog\/wp-content\/uploads\/2021\/05\/Emilien-Descampiaux-150x150.jpg\",\"contentUrl\":\"https:\/\/dicodusport.fr\/blog\/wp-content\/uploads\/2021\/05\/Emilien-Descampiaux-150x150.jpg\",\"caption\":\"Emilien Descampiaux\"},\"description\":\"Journaliste\/r\u00e9dacteur depuis 2014 - Fan de la classe de Frank Vandenbroucke, je vis cyclisme (et de ses paysages) depuis plus de 20 ans. Je suis tr\u00e8s impliqu\u00e9 sur mes diff\u00e9rents r\u00e9seaux sociaux pour partager ma passion sur le monde et l'Histoire de la bicyclette avec ma voix sur les images en noir et blanc du succ\u00e8s de Rik Van Steenbergen lors du Ronde sur le V\u00e9lodrome de Gand.\",\"sameAs\":[\"https:\/\/www.facebook.com\/groups\/LesRoisDuPeloton\",\"https:\/\/x.com\/https:\/\/twitter.com\/LRoisDuPeloton\"],\"url\":\"https:\/\/dicodusport.fr\/blog\/author\/emiliend\/\"}]}<\/script>\n<!-- \/ Yoast SEO Premium plugin. -->","yoast_head_json":{"title":"Coupe du monde de ski alpin : La pr\u00e9sentation des g\u00e9ants parall\u00e8les de Lech-Z\u00fcrs","description":"COUPE DU MONDE DE SKI ALPIN 2021-2022 \u2013 Pr\u00e9sentation des g\u00e9ants parall\u00e8les de Lech-Z\u00fcrs (Autriche), deuxi\u00e8me \u00e9preuve de la Coupe du monde.","robots":{"index":"index","follow":"follow","max-snippet":"max-snippet:-1","max-image-preview":"max-image-preview:large","max-video-preview":"max-video-preview:-1"},"canonical":"https:\/\/dicodusport.fr\/blog\/coupe-du-monde-de-ski-alpin-la-presentation-des-geants-paralleles-de-lech-zurs\/","og_locale":"fr_FR","og_type":"article","og_title":"Coupe du monde de ski alpin : La pr\u00e9sentation des g\u00e9ants parall\u00e8les de Lech-Z\u00fcrs","og_description":"COUPE DU MONDE DE SKI ALPIN 2021-2022 \u2013 Pr\u00e9sentation des g\u00e9ants parall\u00e8les de Lech-Z\u00fcrs (Autriche), deuxi\u00e8me \u00e9preuve de la Coupe du monde.","og_url":"https:\/\/dicodusport.fr\/blog\/coupe-du-monde-de-ski-alpin-la-presentation-des-geants-paralleles-de-lech-zurs\/","og_site_name":"Dicodusport","article_publisher":"https:\/\/www.facebook.com\/dicodusport","article_author":"https:\/\/www.facebook.com\/groups\/LesRoisDuPeloton","article_published_time":"2021-11-10T15:19:24+00:00","article_modified_time":"2021-11-12T18:25:18+00:00","og_image":[{"width":800,"height":445,"url":"https:\/\/dicodusport.fr\/blog\/wp-content\/uploads\/2021\/03\/Ski-Slalom-geant-de-Lenzerheide-Alexis-Pinturault-simpose-et-sadjuge-le-gros-globe.png","type":"image\/png"}],"author":"Emilien Descampiaux","twitter_card":"summary_large_image","twitter_title":"Coupe du monde de ski alpin : La pr\u00e9sentation des g\u00e9ants parall\u00e8les de Lech-Z\u00fcrs","twitter_creator":"@https:\/\/twitter.com\/LRoisDuPeloton","twitter_site":"@dicodusport","schema":{"@context":"https:\/\/schema.org","@graph":[{"@type":"NewsArticle","@id":"https:\/\/dicodusport.fr\/blog\/coupe-du-monde-de-ski-alpin-la-presentation-des-geants-paralleles-de-lech-zurs\/#article","isPartOf":{"@id":"https:\/\/dicodusport.fr\/blog\/coupe-du-monde-de-ski-alpin-la-presentation-des-geants-paralleles-de-lech-zurs\/"},"author":{"name":"Emilien Descampiaux","@id":"https:\/\/dicodusport.fr\/blog\/#\/schema\/person\/6db4bae06b171592211be385b32876a7"},"headline":"Coupe du monde de ski alpin : La pr\u00e9sentation des g\u00e9ants parall\u00e8les de Lech-Z\u00fcrs","datePublished":"2021-11-10T15:19:24+00:00","dateModified":"2021-11-12T18:25:18+00:00","mainEntityOfPage":{"@id":"https:\/\/dicodusport.fr\/blog\/coupe-du-monde-de-ski-alpin-la-presentation-des-geants-paralleles-de-lech-zurs\/"},"wordCount":396,"commentCount":0,"publisher":{"@id":"https:\/\/dicodusport.fr\/blog\/#organization"},"image":{"@id":"https:\/\/dicodusport.fr\/blog\/coupe-du-monde-de-ski-alpin-la-presentation-des-geants-paralleles-de-lech-zurs\/#primaryimage"},"thumbnailUrl":"https:\/\/dicodusport.fr\/blog\/wp-content\/uploads\/2021\/03\/Ski-Slalom-geant-de-Lenzerheide-Alexis-Pinturault-simpose-et-sadjuge-le-gros-globe.png","keywords":["Coupe du monde de ski alpin"],"articleSection":["Coupe du monde de ski alpin"],"inLanguage":"fr-FR","potentialAction":[{"@type":"CommentAction","name":"Comment","target":["https:\/\/dicodusport.fr\/blog\/coupe-du-monde-de-ski-alpin-la-presentation-des-geants-paralleles-de-lech-zurs\/#respond"]}],"copyrightYear":"2021","copyrightHolder":{"@id":"https:\/\/dicodusport.fr\/blog\/#organization"}},{"@type":"WebPage","@id":"https:\/\/dicodusport.fr\/blog\/coupe-du-monde-de-ski-alpin-la-presentation-des-geants-paralleles-de-lech-zurs\/","url":"https:\/\/dicodusport.fr\/blog\/coupe-du-monde-de-ski-alpin-la-presentation-des-geants-paralleles-de-lech-zurs\/","name":"Coupe du monde de ski alpin : La pr\u00e9sentation des g\u00e9ants parall\u00e8les de Lech-Z\u00fcrs","isPartOf":{"@id":"https:\/\/dicodusport.fr\/blog\/#website"},"primaryImageOfPage":{"@id":"https:\/\/dicodusport.fr\/blog\/coupe-du-monde-de-ski-alpin-la-presentation-des-geants-paralleles-de-lech-zurs\/#primaryimage"},"image":{"@id":"https:\/\/dicodusport.fr\/blog\/coupe-du-monde-de-ski-alpin-la-presentation-des-geants-paralleles-de-lech-zurs\/#primaryimage"},"thumbnailUrl":"https:\/\/dicodusport.fr\/blog\/wp-content\/uploads\/2021\/03\/Ski-Slalom-geant-de-Lenzerheide-Alexis-Pinturault-simpose-et-sadjuge-le-gros-globe.png","datePublished":"2021-11-10T15:19:24+00:00","dateModified":"2021-11-12T18:25:18+00:00","description":"COUPE DU MONDE DE SKI ALPIN 2021-2022 \u2013 Pr\u00e9sentation des g\u00e9ants parall\u00e8les de Lech-Z\u00fcrs (Autriche), deuxi\u00e8me \u00e9preuve de la Coupe du monde.","breadcrumb":{"@id":"https:\/\/dicodusport.fr\/blog\/coupe-du-monde-de-ski-alpin-la-presentation-des-geants-paralleles-de-lech-zurs\/#breadcrumb"},"inLanguage":"fr-FR","potentialAction":[{"@type":"ReadAction","target":["https:\/\/dicodusport.fr\/blog\/coupe-du-monde-de-ski-alpin-la-presentation-des-geants-paralleles-de-lech-zurs\/"]}]},{"@type":"ImageObject","inLanguage":"fr-FR","@id":"https:\/\/dicodusport.fr\/blog\/coupe-du-monde-de-ski-alpin-la-presentation-des-geants-paralleles-de-lech-zurs\/#primaryimage","url":"https:\/\/dicodusport.fr\/blog\/wp-content\/uploads\/2021\/03\/Ski-Slalom-geant-de-Lenzerheide-Alexis-Pinturault-simpose-et-sadjuge-le-gros-globe.png","contentUrl":"https:\/\/dicodusport.fr\/blog\/wp-content\/uploads\/2021\/03\/Ski-Slalom-geant-de-Lenzerheide-Alexis-Pinturault-simpose-et-sadjuge-le-gros-globe.png","width":800,"height":445,"caption":"Ski - Slalom g\u00e9ant de Lenzerheide - Alexis Pinturault s'impose et s'adjuge le gros globe"},{"@type":"BreadcrumbList","@id":"https:\/\/dicodusport.fr\/blog\/coupe-du-monde-de-ski-alpin-la-presentation-des-geants-paralleles-de-lech-zurs\/#breadcrumb","itemListElement":[{"@type":"ListItem","position":1,"name":"Accueil","item":"https:\/\/dicodusport.fr\/blog\/"},{"@type":"ListItem","position":2,"name":"Coupe du monde de ski alpin : La pr\u00e9sentation des g\u00e9ants parall\u00e8les de Lech-Z\u00fcrs"}]},{"@type":"WebSite","@id":"https:\/\/dicodusport.fr\/blog\/#website","url":"https:\/\/dicodusport.fr\/blog\/","name":"Dicodusport","description":"L&#039;encyclop\u00e9die de l&#039;actualit\u00e9 sportive","publisher":{"@id":"https:\/\/dicodusport.fr\/blog\/#organization"},"potentialAction":[{"@type":"SearchAction","target":{"@type":"EntryPoint","urlTemplate":"https:\/\/dicodusport.fr\/blog\/?s={search_term_string}"},"query-input":{"@type":"PropertyValueSpecification","valueRequired":true,"valueName":"search_term_string"}}],"inLanguage":"fr-FR"},{"@type":"NewsMediaOrganization","@id":"https:\/\/dicodusport.fr\/blog\/#organization","name":"Dicodusport","url":"https:\/\/dicodusport.fr\/blog\/","logo":{"@type":"ImageObject","inLanguage":"fr-FR","@id":"https:\/\/dicodusport.fr\/blog\/#\/schema\/logo\/image\/","url":"https:\/\/dicodusport.fr\/blog\/wp-content\/uploads\/2020\/06\/cropped-LOGO-DICODUSPORT-2020-SANS-FOND-SANS-TEXTE.png","contentUrl":"https:\/\/dicodusport.fr\/blog\/wp-content\/uploads\/2020\/06\/cropped-LOGO-DICODUSPORT-2020-SANS-FOND-SANS-TEXTE.png","width":512,"height":512,"caption":"Dicodusport"},"image":{"@id":"https:\/\/dicodusport.fr\/blog\/#\/schema\/logo\/image\/"},"sameAs":["https:\/\/www.facebook.com\/dicodusport","https:\/\/x.com\/dicodusport","https:\/\/www.instagram.com\/dicodusport\/","https:\/\/www.youtube.com\/channel\/UC7V2KZ5sd3htJivAbA4ZG3w"],"description":"Dicodusport est l'encyclop\u00e9die de l'actualit\u00e9 sportive.","email":"bonjour@dicodusport.fr","legalName":"DICODUSPORT","foundingDate":"2018-01-14","vatID":"FR71834470973","taxID":"83447097300043","numberOfEmployees":{"@type":"QuantitativeValue","minValue":"1","maxValue":"10"}},{"@type":"Person","@id":"https:\/\/dicodusport.fr\/blog\/#\/schema\/person\/6db4bae06b171592211be385b32876a7","name":"Emilien Descampiaux","image":{"@type":"ImageObject","inLanguage":"fr-FR","@id":"https:\/\/dicodusport.fr\/blog\/#\/schema\/person\/image\/","url":"https:\/\/dicodusport.fr\/blog\/wp-content\/uploads\/2021\/05\/Emilien-Descampiaux-150x150.jpg","contentUrl":"https:\/\/dicodusport.fr\/blog\/wp-content\/uploads\/2021\/05\/Emilien-Descampiaux-150x150.jpg","caption":"Emilien Descampiaux"},"description":"Journaliste\/r\u00e9dacteur depuis 2014 - Fan de la classe de Frank Vandenbroucke, je vis cyclisme (et de ses paysages) depuis plus de 20 ans. Je suis tr\u00e8s impliqu\u00e9 sur mes diff\u00e9rents r\u00e9seaux sociaux pour partager ma passion sur le monde et l'Histoire de la bicyclette avec ma voix sur les images en noir et blanc du succ\u00e8s de Rik Van Steenbergen lors du Ronde sur le V\u00e9lodrome de Gand.","sameAs":["https:\/\/www.facebook.com\/groups\/LesRoisDuPeloton","https:\/\/x.com\/https:\/\/twitter.com\/LRoisDuPeloton"],"url":"https:\/\/dicodusport.fr\/blog\/author\/emiliend\/"}]}},"_links":{"self":[{"href":"https:\/\/dicodusport.fr\/blog\/wp-json\/wp\/v2\/posts\/178581","targetHints":{"allow":["GET"]}}],"collection":[{"href":"https:\/\/dicodusport.fr\/blog\/wp-json\/wp\/v2\/posts"}],"about":[{"href":"https:\/\/dicodusport.fr\/blog\/wp-json\/wp\/v2\/types\/post"}],"author":[{"embeddable":true,"href":"https:\/\/dicodusport.fr\/blog\/wp-json\/wp\/v2\/users\/48"}],"replies":[{"embeddable":true,"href":"https:\/\/dicodusport.fr\/blog\/wp-json\/wp\/v2\/comments?post=178581"}],"version-history":[{"count":0,"href":"https:\/\/dicodusport.fr\/blog\/wp-json\/wp\/v2\/posts\/178581\/revisions"}],"wp:featuredmedia":[{"embeddable":true,"href":"https:\/\/dicodusport.fr\/blog\/wp-json\/wp\/v2\/media\/115189"}],"wp:attachment":[{"href":"https:\/\/dicodusport.fr\/blog\/wp-json\/wp\/v2\/media?parent=178581"}],"wp:term":[{"taxonomy":"category","embeddable":true,"href":"https:\/\/dicodusport.fr\/blog\/wp-json\/wp\/v2\/categories?post=178581"},{"taxonomy":"post_tag","embeddable":true,"href":"https:\/\/dicodusport.fr\/blog\/wp-json\/wp\/v2\/tags?post=178581"}],"curies":[{"name":"wp","href":"https:\/\/api.w.org\/{rel}","templated":true}]}}