{"id":17885,"date":"2018-05-13T12:00:29","date_gmt":"2018-05-13T10:00:29","guid":{"rendered":"http:\/\/dicodusport.fr\/blog\/?p=17885"},"modified":"2018-05-13T10:48:44","modified_gmt":"2018-05-13T08:48:44","slug":"marion-allemoz-on-ne-veut-pas-se-contenter-de-cela-et-on-veut-plus","status":"publish","type":"post","link":"https:\/\/dicodusport.fr\/blog\/marion-allemoz-on-ne-veut-pas-se-contenter-de-cela-et-on-veut-plus\/","title":{"rendered":"Marion Allemoz : \u00ab On ne veut pas se contenter de cela et on veut plus \u00bb"},"content":{"rendered":"<p style=\"text-align: justify;\"><strong><em>Trois\u00a0semaines apr\u00e8s le titre mondial de Division\u00a01A, nous avons interrog\u00e9 Marion Allemoz, la capitaine de cette belle \u00e9quipe de France qui acc\u00e8de pour la premi\u00e8re fois de son histoire \u00e0 l\u2019\u00e9lite mondiale.<\/em><\/strong><\/p>\n<h5 style=\"text-align: justify;\">Marion, f\u00e9licitations pour ce titre de championne du monde qui a d\u00fb faire plaisir \u00e0 toute l\u2019\u00e9quipe de France.<\/h5>\n<p style=\"text-align: justify;\">Oui merci, c\u2019est vrai qu\u2019il fait plaisir celui-ci !<\/p>\n<h5 style=\"text-align: justify;\">Surtout que le d\u00e9but\u00a0a \u00e9t\u00e9\u00a0un peu d\u00e9licat apr\u00e8s deux matchs, avec une victoire et une d\u00e9faite. Quel\u00a0\u00e9tait ton sentiment, et celui de l\u2019\u00e9quipe, apr\u00e8s ces\u00a0deux premiers matchs qui ont \u00e9t\u00e9 accroch\u00e9s\u00a0?<\/h5>\n<p style=\"text-align: justify;\">C\u2019est exactement le championnat du monde auquel on s\u2019attendait, c\u2019est-\u00e0-dire \u00e0 des matchs serr\u00e9s. On en a eu la preuve sur les\u00a0quatre premiers matchs o\u00f9\u00a0cela se joue \u00e0 un but d\u2019\u00e9cart. On a vraiment fait preuve de caract\u00e8re sur l\u2019ensemble du Mondial. On a eu des d\u00e9buts de matchs difficiles sur certaines parties, mais on n\u2019a jamais rien l\u00e2ch\u00e9 et c\u2019est ce qui a fait la diff\u00e9rence \u00e0 la fin.<\/p>\n<h5 style=\"text-align: justify;\">Ensuite, vous\u00a0avez encha\u00een\u00e9\u00a0les victoires. \u00c0 quel moment as-tu senti, avec le groupe, que le titre \u00e9tait vraiment possible\u00a0? Apr\u00e8s l\u2019Autriche ou la Hongrie\u00a0?<\/h5>\n<p style=\"text-align: justify;\">D\u00e9j\u00e0, contre l\u2019Autriche, on savait qu\u2019il y avait un gros enjeu sur ce match l\u00e0 parce que si on perdait, c\u2019\u00e9tait quasiment termin\u00e9 pour la premi\u00e8re place. Et on savait qu\u2019en gagnant contre la Hongrie, on se mettait dans une bonne position. Et encore, m\u00eame l\u00e0 ce n\u2019\u00e9tait pas fait, car il fallait aussi attendre les r\u00e9sultats des autres \u00e9quipes et on avait un dernier match \u00e0 aller chercher. On ne pouvait donc pas pronostiquer le r\u00e9sultat final car le niveau \u00e9tait serr\u00e9 et toute anticipation \u00e9tait impossible.<\/p>\n<h5 style=\"text-align: justify;\">Vous \u00eates finalement\u00a0championnes du monde avant votre dernier match contre la Slovaquie. Raconte-moi cette journ\u00e9e particuli\u00e8re. Comment avez-vous suivi le match et appris pour le titre\u00a0?<\/h5>\n<p style=\"text-align: justify;\">C\u2019est un sentiment particulier d\u2019apprendre avant le dernier match que l&rsquo;on\u00a0est championne. On avait d\u00e9cid\u00e9 d\u2019aller s\u2019entra\u00eener le matin et de regarder le match ensemble l\u2019apr\u00e8s-midi, avant notre sieste. Et quand on a appris qu\u2019on \u00e9tait championnes, on a vite c\u00e9l\u00e9br\u00e9 le titre\u00a0ensemble. On avait surtout du mal \u00e0 r\u00e9aliser sur le moment et on s\u2019est tout de suite focalis\u00e9e\u00a0sur le match du soir, car on voulait bien finir le travail. Et je pense que c\u2019est ce que l&rsquo;on\u00a0a r\u00e9ussi \u00e0 faire sur le dernier match.<\/p>\n<h5 style=\"text-align: justify;\">Cela vous a-t-il aid\u00e9 de jouer \u00e0 domicile avec les supporters qui vous ont bien pouss\u00e9es sur l\u2019ensemble du tournoi\u00a0?<\/h5>\n<p style=\"text-align: justify;\">Oui, toutes les conditions \u00e9taient r\u00e9unies pour que l&rsquo;on\u00a0performe bien. Le public nous a pouss\u00e9es jusqu\u2019au bout sur l\u2019ensemble des matchs, surtout sur les\u00a0troisi\u00e8mes p\u00e9riodes. C\u2019est s\u00fbr que c\u2019\u00e9tait un appui suppl\u00e9mentaire et que cela a permis de faire la diff\u00e9rence dans les moments cl\u00e9s.<\/p>\n<h5 style=\"text-align: justify;\">\u00c0 l\u2019ultime sir\u00e8ne, explosion de joie. Qu\u2019as-tu ressenti\u00a0?<\/h5>\n<p style=\"text-align: justify;\">M\u00eame sur le coup, c\u2019\u00e9tait exceptionnel de pouvoir dire que pour la premi\u00e8re fois de notre histoire, on allait jouer l\u2019ann\u00e9e prochaine un championnat du monde \u00e9lite, c\u2019est quand m\u00eame historique. Pour ma part, j\u2019ai eu du mal \u00e0 r\u00e9aliser sur le coup ce que l&rsquo;on\u00a0venait de faire et \u00e7a a pris quand m\u00eame du temps pour se dire <em>\u00ab\u00a0Bon OK, maintenant c\u2019est fait, on y est arriv\u00e9\u00a0\u00bb.<\/em><\/p>\n<h5 style=\"text-align: justify;\">Au cours de cette comp\u00e9tition, tu as honor\u00e9 ta 200\u00e8me s\u00e9lection. Est-ce que tu mesures le chemin parcouru depuis ta premi\u00e8re s\u00e9lection jusqu&rsquo;au titre de championne du monde ?<\/h5>\n<p style=\"text-align: justify;\">Oui. C\u2019est certain qu\u2019on revient de loin. Je suis pass\u00e9e par ce que \u00a0appelle la Division 1\u00a0B. J\u2019avais v\u00e9cu la descente en 2009, la remont\u00e9e en 2013. Quand je regarde le chemin parcouru, c\u2019est juste exceptionnel de pouvoir dire que maintenant, on va faire partie du Top\u00a010 l\u2019ann\u00e9e prochaine. D\u2019ailleurs, sur le nouveau ranking de l\u2019IIHF, on est 10\u00e8me mondial. C\u2019est s\u00fbr que regarder en arri\u00e8re et de voir\u00a0tout ce que l&rsquo;on a accompli, c\u2019est une belle fiert\u00e9. Maintenant, on ne veut pas se contenter de cela et on veut plus. Mais c\u2019est d\u00e9j\u00e0 un bel objectif qui a \u00e9t\u00e9 atteint.<\/p>\n<h5 style=\"text-align: justify;\">Tu as \u00e9t\u00e9 un peu plus discr\u00e8te au niveau des statistiques compar\u00e9 \u00e0 d\u2019habitude. En tant que capitaine, tu as appr\u00e9ci\u00e9 la force collective de ton \u00e9quipe ?<\/h5>\n<p style=\"text-align: justify;\">Oui, c\u2019est l\u2019une de nos forces. L\u00e0 o\u00f9 des \u00e9quipes comptent sur quelques individualit\u00e9s, nous avons un groupe homog\u00e8ne. Le tournoi a vraiment \u00e9t\u00e9 une performance d\u2019\u00e9quipe et on a pu jouer sur la profondeur que l&rsquo;on avait. Le danger pouvait venir de partout. Physiquement, sur l\u2019ensemble des matchs, cela a fait la diff\u00e9rence.<\/p>\n<h5 style=\"text-align: justify;\">Il y a eu une vague d\u2019engouement pour vous sur les r\u00e9seaux sociaux de la part d\u2019autres internationales, comme les championnes du monde de handball. Comment as-tu ressenti cela ?<\/h5>\n<p style=\"text-align: justify;\">\u00c7a fait plaisir et chaud au c\u0153ur de voir qu\u2019on a le soutien d\u2019autres sportives fran\u00e7aises car on voit qu\u2019au final, on porte toutes les couleurs de la France. Et donc de se soutenir entre sports, c\u2019est vraiment une belle image.<\/p>\n<h5 style=\"text-align: justify;\">C\u2019est trop t\u00f4t pour penser \u00e0 la Finlande (NDLR\u00a0: lieu du prochain Championnat du monde en 2019) ou c\u2019est d\u00e9j\u00e0 dans un coin de ta t\u00eate\u00a0?<\/h5>\n<p style=\"text-align: justify;\">Non, \u00e7a vient rapidement apr\u00e8s quelques semaines de repos en France. C\u2019est d\u00e9j\u00e0 dans nos t\u00eates car la pr\u00e9paration commence d\u00e8s maintenant. L\u2019ann\u00e9e prochaine, on sait \u00e0 quoi s\u2019attendre avec des matchs de niveau tr\u00e8s \u00e9lev\u00e9.\u00a0Il faudra donc\u00a0reproduire des matchs \u00e0 haute intensit\u00e9 de mani\u00e8re\u00a0r\u00e9p\u00e9t\u00e9e afin que l&rsquo;on soit\u00a0pr\u00eates pour l\u2019ann\u00e9e prochaine\u00a0afin se maintenir.<\/p>\n<p style=\"text-align: justify;\">\n<h5 style=\"text-align: justify;\">Revenons sur ta saison en club. Est-ce que le titre en bleu att\u00e9nue la d\u00e9ception de l\u2019\u00e9limination en demi-finale avec les Canadiennes\u00a0?<\/h5>\n<p style=\"text-align: justify;\">Ce sont deux\u00a0choses diff\u00e9rentes aussi pour moi. Jouer pour son pays, c\u2019est quelque chose de diff\u00e9rent et d\u2019avoir r\u00e9ussi ce que l&rsquo;on\u00a0a fait, c\u2019est incroyable. Et quand je repense \u00e0 ma saison avec les Canadiennes, c\u2019est quand m\u00eame un bilan mitig\u00e9 puisqu\u2019on a r\u00e9ussi \u00e0 aller chercher la premi\u00e8re place de saison r\u00e9guli\u00e8re. En demi-finale, on est tomb\u00e9 sur une tr\u00e8s bonne \u00e9quipe du Markham Thunder qui a \u00e9t\u00e9 tr\u00e8s solide d\u00e9fensivement, qui nous a coup\u00e9es nos offensives.<\/p>\n<p><em><strong>Damien Meunier<\/strong><br \/>\n<\/em><a href=\"https:\/\/twitter.com\/Lyoson69\"><img loading=\"lazy\" decoding=\"async\" class=\"alignnone wp-image-2908\" src=\"http:\/\/dicodusport.fr\/blog\/wp-content\/uploads\/2017\/07\/logo-twitter-150x150.png\" alt=\"\" width=\"39\" height=\"39\" \/><\/a><\/p>\n<p>&nbsp;<\/p>\n<p>&nbsp;<\/p>\n","protected":false},"excerpt":{"rendered":"<p>Trois semaines apr\u00e8s le titre mondial de Division 1A, nous avons interrog\u00e9 Marion Allemoz, la capitaine de cette belle \u00e9quipe de France qui acc\u00e8de pour la premi\u00e8re fois de son histoire \u00e0 l\u2019\u00e9lite mondiale.<\/p>\n","protected":false},"author":10,"featured_media":18229,"comment_status":"open","ping_status":"closed","sticky":false,"template":"","format":"standard","meta":{"_acf_changed":false,"_daextam_enable_autolinks":"","footnotes":""},"categories":[2,2313],"tags":[],"class_list":["post-17885","post","type-post","status-publish","format-standard","has-post-thumbnail","hentry","category-actualites","category-sports-dhiver"],"acf":[],"yoast_head":"<!-- This site is optimized with the Yoast SEO Premium plugin v26.7 (Yoast SEO v26.7) - https:\/\/yoast.com\/wordpress\/plugins\/seo\/ -->\n<title>Marion Allemoz : \u00ab On ne veut pas se contenter de cela et on veut plus \u00bb<\/title>\n<meta name=\"description\" content=\"Trois semaines apr\u00e8s le titre mondial de Division 1A, nous avons interrog\u00e9 Marion Allemoz, la capitaine de cette belle \u00e9quipe de France qui acc\u00e8de pour la premi\u00e8re fois de son histoire \u00e0 l\u2019\u00e9lite mondiale.\" \/>\n<meta name=\"robots\" content=\"index, follow, max-snippet:-1, max-image-preview:large, max-video-preview:-1\" \/>\n<link rel=\"canonical\" href=\"https:\/\/dicodusport.fr\/blog\/marion-allemoz-on-ne-veut-pas-se-contenter-de-cela-et-on-veut-plus\/\" \/>\n<meta property=\"og:locale\" content=\"fr_FR\" \/>\n<meta property=\"og:type\" content=\"article\" \/>\n<meta property=\"og:title\" content=\"Marion Allemoz : \u00ab On ne veut pas se contenter de cela et on veut plus \u00bb\" \/>\n<meta property=\"og:description\" content=\"Trois semaines apr\u00e8s le titre mondial de Division 1A, nous avons interrog\u00e9 Marion Allemoz, la capitaine de cette belle \u00e9quipe de France qui acc\u00e8de pour la premi\u00e8re fois de son histoire \u00e0 l\u2019\u00e9lite mondiale.\" \/>\n<meta property=\"og:url\" content=\"https:\/\/dicodusport.fr\/blog\/marion-allemoz-on-ne-veut-pas-se-contenter-de-cela-et-on-veut-plus\/\" \/>\n<meta property=\"og:site_name\" content=\"Dicodusport\" \/>\n<meta property=\"article:publisher\" content=\"https:\/\/www.facebook.com\/dicodusport\" \/>\n<meta property=\"article:published_time\" content=\"2018-05-13T10:00:29+00:00\" \/>\n<meta property=\"og:image\" content=\"https:\/\/dicodusport.fr\/blog\/wp-content\/uploads\/2018\/05\/Marion-Allemoz-mondial-hockey.png\" \/>\n\t<meta property=\"og:image:width\" content=\"800\" \/>\n\t<meta property=\"og:image:height\" content=\"445\" \/>\n\t<meta property=\"og:image:type\" content=\"image\/png\" \/>\n<meta name=\"author\" content=\"Damien Meunier\" \/>\n<meta name=\"twitter:card\" content=\"summary_large_image\" \/>\n<meta name=\"twitter:creator\" content=\"@https:\/\/x.com\/DamienMeunier69\" \/>\n<meta name=\"twitter:site\" content=\"@dicodusport\" \/>\n<script type=\"application\/ld+json\" class=\"yoast-schema-graph\">{\"@context\":\"https:\/\/schema.org\",\"@graph\":[{\"@type\":\"NewsArticle\",\"@id\":\"https:\/\/dicodusport.fr\/blog\/marion-allemoz-on-ne-veut-pas-se-contenter-de-cela-et-on-veut-plus\/#article\",\"isPartOf\":{\"@id\":\"https:\/\/dicodusport.fr\/blog\/marion-allemoz-on-ne-veut-pas-se-contenter-de-cela-et-on-veut-plus\/\"},\"author\":{\"name\":\"Damien Meunier\",\"@id\":\"https:\/\/dicodusport.fr\/blog\/#\/schema\/person\/7ce262eb34bbc1847cff5f60345d4735\"},\"headline\":\"Marion Allemoz : \u00ab On ne veut pas se contenter de cela et on veut plus \u00bb\",\"datePublished\":\"2018-05-13T10:00:29+00:00\",\"mainEntityOfPage\":{\"@id\":\"https:\/\/dicodusport.fr\/blog\/marion-allemoz-on-ne-veut-pas-se-contenter-de-cela-et-on-veut-plus\/\"},\"wordCount\":1185,\"commentCount\":0,\"publisher\":{\"@id\":\"https:\/\/dicodusport.fr\/blog\/#organization\"},\"image\":{\"@id\":\"https:\/\/dicodusport.fr\/blog\/marion-allemoz-on-ne-veut-pas-se-contenter-de-cela-et-on-veut-plus\/#primaryimage\"},\"thumbnailUrl\":\"https:\/\/dicodusport.fr\/blog\/wp-content\/uploads\/2018\/05\/Marion-Allemoz-mondial-hockey.png\",\"articleSection\":[\"Actualit\u00e9s\",\"Sports d'hiver\"],\"inLanguage\":\"fr-FR\",\"potentialAction\":[{\"@type\":\"CommentAction\",\"name\":\"Comment\",\"target\":[\"https:\/\/dicodusport.fr\/blog\/marion-allemoz-on-ne-veut-pas-se-contenter-de-cela-et-on-veut-plus\/#respond\"]}],\"copyrightYear\":\"2018\",\"copyrightHolder\":{\"@id\":\"https:\/\/dicodusport.fr\/blog\/#organization\"}},{\"@type\":\"WebPage\",\"@id\":\"https:\/\/dicodusport.fr\/blog\/marion-allemoz-on-ne-veut-pas-se-contenter-de-cela-et-on-veut-plus\/\",\"url\":\"https:\/\/dicodusport.fr\/blog\/marion-allemoz-on-ne-veut-pas-se-contenter-de-cela-et-on-veut-plus\/\",\"name\":\"Marion Allemoz : \u00ab On ne veut pas se contenter de cela et on veut plus \u00bb\",\"isPartOf\":{\"@id\":\"https:\/\/dicodusport.fr\/blog\/#website\"},\"primaryImageOfPage\":{\"@id\":\"https:\/\/dicodusport.fr\/blog\/marion-allemoz-on-ne-veut-pas-se-contenter-de-cela-et-on-veut-plus\/#primaryimage\"},\"image\":{\"@id\":\"https:\/\/dicodusport.fr\/blog\/marion-allemoz-on-ne-veut-pas-se-contenter-de-cela-et-on-veut-plus\/#primaryimage\"},\"thumbnailUrl\":\"https:\/\/dicodusport.fr\/blog\/wp-content\/uploads\/2018\/05\/Marion-Allemoz-mondial-hockey.png\",\"datePublished\":\"2018-05-13T10:00:29+00:00\",\"description\":\"Trois semaines apr\u00e8s le titre mondial de Division 1A, nous avons interrog\u00e9 Marion Allemoz, la capitaine de cette belle \u00e9quipe de France qui acc\u00e8de pour la premi\u00e8re fois de son histoire \u00e0 l\u2019\u00e9lite mondiale.\",\"breadcrumb\":{\"@id\":\"https:\/\/dicodusport.fr\/blog\/marion-allemoz-on-ne-veut-pas-se-contenter-de-cela-et-on-veut-plus\/#breadcrumb\"},\"inLanguage\":\"fr-FR\",\"potentialAction\":[{\"@type\":\"ReadAction\",\"target\":[\"https:\/\/dicodusport.fr\/blog\/marion-allemoz-on-ne-veut-pas-se-contenter-de-cela-et-on-veut-plus\/\"]}]},{\"@type\":\"ImageObject\",\"inLanguage\":\"fr-FR\",\"@id\":\"https:\/\/dicodusport.fr\/blog\/marion-allemoz-on-ne-veut-pas-se-contenter-de-cela-et-on-veut-plus\/#primaryimage\",\"url\":\"https:\/\/dicodusport.fr\/blog\/wp-content\/uploads\/2018\/05\/Marion-Allemoz-mondial-hockey.png\",\"contentUrl\":\"https:\/\/dicodusport.fr\/blog\/wp-content\/uploads\/2018\/05\/Marion-Allemoz-mondial-hockey.png\",\"width\":800,\"height\":445},{\"@type\":\"BreadcrumbList\",\"@id\":\"https:\/\/dicodusport.fr\/blog\/marion-allemoz-on-ne-veut-pas-se-contenter-de-cela-et-on-veut-plus\/#breadcrumb\",\"itemListElement\":[{\"@type\":\"ListItem\",\"position\":1,\"name\":\"Accueil\",\"item\":\"https:\/\/dicodusport.fr\/blog\/\"},{\"@type\":\"ListItem\",\"position\":2,\"name\":\"Marion Allemoz : \u00ab On ne veut pas se contenter de cela et on veut plus \u00bb\"}]},{\"@type\":\"WebSite\",\"@id\":\"https:\/\/dicodusport.fr\/blog\/#website\",\"url\":\"https:\/\/dicodusport.fr\/blog\/\",\"name\":\"Dicodusport\",\"description\":\"L&#039;encyclop\u00e9die de l&#039;actualit\u00e9 sportive\",\"publisher\":{\"@id\":\"https:\/\/dicodusport.fr\/blog\/#organization\"},\"potentialAction\":[{\"@type\":\"SearchAction\",\"target\":{\"@type\":\"EntryPoint\",\"urlTemplate\":\"https:\/\/dicodusport.fr\/blog\/?s={search_term_string}\"},\"query-input\":{\"@type\":\"PropertyValueSpecification\",\"valueRequired\":true,\"valueName\":\"search_term_string\"}}],\"inLanguage\":\"fr-FR\"},{\"@type\":\"NewsMediaOrganization\",\"@id\":\"https:\/\/dicodusport.fr\/blog\/#organization\",\"name\":\"Dicodusport\",\"url\":\"https:\/\/dicodusport.fr\/blog\/\",\"logo\":{\"@type\":\"ImageObject\",\"inLanguage\":\"fr-FR\",\"@id\":\"https:\/\/dicodusport.fr\/blog\/#\/schema\/logo\/image\/\",\"url\":\"https:\/\/dicodusport.fr\/blog\/wp-content\/uploads\/2020\/06\/cropped-LOGO-DICODUSPORT-2020-SANS-FOND-SANS-TEXTE.png\",\"contentUrl\":\"https:\/\/dicodusport.fr\/blog\/wp-content\/uploads\/2020\/06\/cropped-LOGO-DICODUSPORT-2020-SANS-FOND-SANS-TEXTE.png\",\"width\":512,\"height\":512,\"caption\":\"Dicodusport\"},\"image\":{\"@id\":\"https:\/\/dicodusport.fr\/blog\/#\/schema\/logo\/image\/\"},\"sameAs\":[\"https:\/\/www.facebook.com\/dicodusport\",\"https:\/\/x.com\/dicodusport\",\"https:\/\/www.instagram.com\/dicodusport\/\",\"https:\/\/www.youtube.com\/channel\/UC7V2KZ5sd3htJivAbA4ZG3w\"],\"description\":\"Dicodusport est l'encyclop\u00e9die de l'actualit\u00e9 sportive.\",\"email\":\"bonjour@dicodusport.fr\",\"legalName\":\"DICODUSPORT\",\"foundingDate\":\"2018-01-14\",\"vatID\":\"FR71834470973\",\"taxID\":\"83447097300043\",\"numberOfEmployees\":{\"@type\":\"QuantitativeValue\",\"minValue\":\"1\",\"maxValue\":\"10\"}},{\"@type\":\"Person\",\"@id\":\"https:\/\/dicodusport.fr\/blog\/#\/schema\/person\/7ce262eb34bbc1847cff5f60345d4735\",\"name\":\"Damien Meunier\",\"image\":{\"@type\":\"ImageObject\",\"inLanguage\":\"fr-FR\",\"@id\":\"https:\/\/dicodusport.fr\/blog\/#\/schema\/person\/image\/\",\"url\":\"https:\/\/secure.gravatar.com\/avatar\/dfe0549a73ac21bb20dfdf302b222ba2?s=96&d=wp_user_avatar&r=g\",\"contentUrl\":\"https:\/\/secure.gravatar.com\/avatar\/dfe0549a73ac21bb20dfdf302b222ba2?s=96&d=wp_user_avatar&r=g\",\"caption\":\"Damien Meunier\"},\"description\":\"Journaliste\/r\u00e9dacteur depuis d\u00e9cembre 2016 - Amateur professionnel de sport, d\u2019abord le football, j\u2019aurais pu en faire mon m\u00e9tier. Mais bon, vous savez les \u2026 non, pas les crois\u00e9s, ils vont bien eux. Juste un manque de talent, de technique et de niveau surtout. Mais cette passion est ancr\u00e9e en moi telle la pomme dans la tarte tatin. Le c\u00f4t\u00e9 suiveur\/supporter est \u00e9videmment important au quotidien, que ce soit un soir de juillet 1998 en banlieue lyonnaise ou de juillet 2018 \u00e0 Montr\u00e9al. Car oui, depuis ma France natale, j\u2019ai migr\u00e9 outre-Atlantique, au pays des caribous. L\u00e0, le football se joue \u00e0 la main et non au pied. Et surtout, la religion sportive est plut\u00f4t froide et se joue avec une crosse. Non, ce n\u2019est pas le curling ni le Lacrosse, encore que, mais le hockey sur glace. Une autre vision, une autre culture. On troque les crudit\u00e9s devant la t\u00e9l\u00e9 pour une poutine et on s\u2019installe avec notre chandail pour suivre cela. Et en moins de temps qu\u2019il ne faut pour le dire, ou la vitesse d\u2019un slap shot de McDavid ou un arr\u00eat de la mitaine de Price, j\u2019\u00e9cris sur de l\u2019actualit\u00e9 par ici mais aussi le sport f\u00e9minin, pas assez mis en avant.\",\"sameAs\":[\"https:\/\/x.com\/https:\/\/x.com\/DamienMeunier69\"],\"url\":\"https:\/\/dicodusport.fr\/blog\/author\/damien-m\/\"}]}<\/script>\n<!-- \/ Yoast SEO Premium plugin. -->","yoast_head_json":{"title":"Marion Allemoz : \u00ab On ne veut pas se contenter de cela et on veut plus \u00bb","description":"Trois semaines apr\u00e8s le titre mondial de Division 1A, nous avons interrog\u00e9 Marion Allemoz, la capitaine de cette belle \u00e9quipe de France qui acc\u00e8de pour la premi\u00e8re fois de son histoire \u00e0 l\u2019\u00e9lite mondiale.","robots":{"index":"index","follow":"follow","max-snippet":"max-snippet:-1","max-image-preview":"max-image-preview:large","max-video-preview":"max-video-preview:-1"},"canonical":"https:\/\/dicodusport.fr\/blog\/marion-allemoz-on-ne-veut-pas-se-contenter-de-cela-et-on-veut-plus\/","og_locale":"fr_FR","og_type":"article","og_title":"Marion Allemoz : \u00ab On ne veut pas se contenter de cela et on veut plus \u00bb","og_description":"Trois semaines apr\u00e8s le titre mondial de Division 1A, nous avons interrog\u00e9 Marion Allemoz, la capitaine de cette belle \u00e9quipe de France qui acc\u00e8de pour la premi\u00e8re fois de son histoire \u00e0 l\u2019\u00e9lite mondiale.","og_url":"https:\/\/dicodusport.fr\/blog\/marion-allemoz-on-ne-veut-pas-se-contenter-de-cela-et-on-veut-plus\/","og_site_name":"Dicodusport","article_publisher":"https:\/\/www.facebook.com\/dicodusport","article_published_time":"2018-05-13T10:00:29+00:00","og_image":[{"width":800,"height":445,"url":"https:\/\/dicodusport.fr\/blog\/wp-content\/uploads\/2018\/05\/Marion-Allemoz-mondial-hockey.png","type":"image\/png"}],"author":"Damien Meunier","twitter_card":"summary_large_image","twitter_creator":"@https:\/\/x.com\/DamienMeunier69","twitter_site":"@dicodusport","schema":{"@context":"https:\/\/schema.org","@graph":[{"@type":"NewsArticle","@id":"https:\/\/dicodusport.fr\/blog\/marion-allemoz-on-ne-veut-pas-se-contenter-de-cela-et-on-veut-plus\/#article","isPartOf":{"@id":"https:\/\/dicodusport.fr\/blog\/marion-allemoz-on-ne-veut-pas-se-contenter-de-cela-et-on-veut-plus\/"},"author":{"name":"Damien Meunier","@id":"https:\/\/dicodusport.fr\/blog\/#\/schema\/person\/7ce262eb34bbc1847cff5f60345d4735"},"headline":"Marion Allemoz : \u00ab On ne veut pas se contenter de cela et on veut plus \u00bb","datePublished":"2018-05-13T10:00:29+00:00","mainEntityOfPage":{"@id":"https:\/\/dicodusport.fr\/blog\/marion-allemoz-on-ne-veut-pas-se-contenter-de-cela-et-on-veut-plus\/"},"wordCount":1185,"commentCount":0,"publisher":{"@id":"https:\/\/dicodusport.fr\/blog\/#organization"},"image":{"@id":"https:\/\/dicodusport.fr\/blog\/marion-allemoz-on-ne-veut-pas-se-contenter-de-cela-et-on-veut-plus\/#primaryimage"},"thumbnailUrl":"https:\/\/dicodusport.fr\/blog\/wp-content\/uploads\/2018\/05\/Marion-Allemoz-mondial-hockey.png","articleSection":["Actualit\u00e9s","Sports d'hiver"],"inLanguage":"fr-FR","potentialAction":[{"@type":"CommentAction","name":"Comment","target":["https:\/\/dicodusport.fr\/blog\/marion-allemoz-on-ne-veut-pas-se-contenter-de-cela-et-on-veut-plus\/#respond"]}],"copyrightYear":"2018","copyrightHolder":{"@id":"https:\/\/dicodusport.fr\/blog\/#organization"}},{"@type":"WebPage","@id":"https:\/\/dicodusport.fr\/blog\/marion-allemoz-on-ne-veut-pas-se-contenter-de-cela-et-on-veut-plus\/","url":"https:\/\/dicodusport.fr\/blog\/marion-allemoz-on-ne-veut-pas-se-contenter-de-cela-et-on-veut-plus\/","name":"Marion Allemoz : \u00ab On ne veut pas se contenter de cela et on veut plus \u00bb","isPartOf":{"@id":"https:\/\/dicodusport.fr\/blog\/#website"},"primaryImageOfPage":{"@id":"https:\/\/dicodusport.fr\/blog\/marion-allemoz-on-ne-veut-pas-se-contenter-de-cela-et-on-veut-plus\/#primaryimage"},"image":{"@id":"https:\/\/dicodusport.fr\/blog\/marion-allemoz-on-ne-veut-pas-se-contenter-de-cela-et-on-veut-plus\/#primaryimage"},"thumbnailUrl":"https:\/\/dicodusport.fr\/blog\/wp-content\/uploads\/2018\/05\/Marion-Allemoz-mondial-hockey.png","datePublished":"2018-05-13T10:00:29+00:00","description":"Trois semaines apr\u00e8s le titre mondial de Division 1A, nous avons interrog\u00e9 Marion Allemoz, la capitaine de cette belle \u00e9quipe de France qui acc\u00e8de pour la premi\u00e8re fois de son histoire \u00e0 l\u2019\u00e9lite mondiale.","breadcrumb":{"@id":"https:\/\/dicodusport.fr\/blog\/marion-allemoz-on-ne-veut-pas-se-contenter-de-cela-et-on-veut-plus\/#breadcrumb"},"inLanguage":"fr-FR","potentialAction":[{"@type":"ReadAction","target":["https:\/\/dicodusport.fr\/blog\/marion-allemoz-on-ne-veut-pas-se-contenter-de-cela-et-on-veut-plus\/"]}]},{"@type":"ImageObject","inLanguage":"fr-FR","@id":"https:\/\/dicodusport.fr\/blog\/marion-allemoz-on-ne-veut-pas-se-contenter-de-cela-et-on-veut-plus\/#primaryimage","url":"https:\/\/dicodusport.fr\/blog\/wp-content\/uploads\/2018\/05\/Marion-Allemoz-mondial-hockey.png","contentUrl":"https:\/\/dicodusport.fr\/blog\/wp-content\/uploads\/2018\/05\/Marion-Allemoz-mondial-hockey.png","width":800,"height":445},{"@type":"BreadcrumbList","@id":"https:\/\/dicodusport.fr\/blog\/marion-allemoz-on-ne-veut-pas-se-contenter-de-cela-et-on-veut-plus\/#breadcrumb","itemListElement":[{"@type":"ListItem","position":1,"name":"Accueil","item":"https:\/\/dicodusport.fr\/blog\/"},{"@type":"ListItem","position":2,"name":"Marion Allemoz : \u00ab On ne veut pas se contenter de cela et on veut plus \u00bb"}]},{"@type":"WebSite","@id":"https:\/\/dicodusport.fr\/blog\/#website","url":"https:\/\/dicodusport.fr\/blog\/","name":"Dicodusport","description":"L&#039;encyclop\u00e9die de l&#039;actualit\u00e9 sportive","publisher":{"@id":"https:\/\/dicodusport.fr\/blog\/#organization"},"potentialAction":[{"@type":"SearchAction","target":{"@type":"EntryPoint","urlTemplate":"https:\/\/dicodusport.fr\/blog\/?s={search_term_string}"},"query-input":{"@type":"PropertyValueSpecification","valueRequired":true,"valueName":"search_term_string"}}],"inLanguage":"fr-FR"},{"@type":"NewsMediaOrganization","@id":"https:\/\/dicodusport.fr\/blog\/#organization","name":"Dicodusport","url":"https:\/\/dicodusport.fr\/blog\/","logo":{"@type":"ImageObject","inLanguage":"fr-FR","@id":"https:\/\/dicodusport.fr\/blog\/#\/schema\/logo\/image\/","url":"https:\/\/dicodusport.fr\/blog\/wp-content\/uploads\/2020\/06\/cropped-LOGO-DICODUSPORT-2020-SANS-FOND-SANS-TEXTE.png","contentUrl":"https:\/\/dicodusport.fr\/blog\/wp-content\/uploads\/2020\/06\/cropped-LOGO-DICODUSPORT-2020-SANS-FOND-SANS-TEXTE.png","width":512,"height":512,"caption":"Dicodusport"},"image":{"@id":"https:\/\/dicodusport.fr\/blog\/#\/schema\/logo\/image\/"},"sameAs":["https:\/\/www.facebook.com\/dicodusport","https:\/\/x.com\/dicodusport","https:\/\/www.instagram.com\/dicodusport\/","https:\/\/www.youtube.com\/channel\/UC7V2KZ5sd3htJivAbA4ZG3w"],"description":"Dicodusport est l'encyclop\u00e9die de l'actualit\u00e9 sportive.","email":"bonjour@dicodusport.fr","legalName":"DICODUSPORT","foundingDate":"2018-01-14","vatID":"FR71834470973","taxID":"83447097300043","numberOfEmployees":{"@type":"QuantitativeValue","minValue":"1","maxValue":"10"}},{"@type":"Person","@id":"https:\/\/dicodusport.fr\/blog\/#\/schema\/person\/7ce262eb34bbc1847cff5f60345d4735","name":"Damien Meunier","image":{"@type":"ImageObject","inLanguage":"fr-FR","@id":"https:\/\/dicodusport.fr\/blog\/#\/schema\/person\/image\/","url":"https:\/\/secure.gravatar.com\/avatar\/dfe0549a73ac21bb20dfdf302b222ba2?s=96&d=wp_user_avatar&r=g","contentUrl":"https:\/\/secure.gravatar.com\/avatar\/dfe0549a73ac21bb20dfdf302b222ba2?s=96&d=wp_user_avatar&r=g","caption":"Damien Meunier"},"description":"Journaliste\/r\u00e9dacteur depuis d\u00e9cembre 2016 - Amateur professionnel de sport, d\u2019abord le football, j\u2019aurais pu en faire mon m\u00e9tier. Mais bon, vous savez les \u2026 non, pas les crois\u00e9s, ils vont bien eux. Juste un manque de talent, de technique et de niveau surtout. Mais cette passion est ancr\u00e9e en moi telle la pomme dans la tarte tatin. Le c\u00f4t\u00e9 suiveur\/supporter est \u00e9videmment important au quotidien, que ce soit un soir de juillet 1998 en banlieue lyonnaise ou de juillet 2018 \u00e0 Montr\u00e9al. Car oui, depuis ma France natale, j\u2019ai migr\u00e9 outre-Atlantique, au pays des caribous. L\u00e0, le football se joue \u00e0 la main et non au pied. Et surtout, la religion sportive est plut\u00f4t froide et se joue avec une crosse. Non, ce n\u2019est pas le curling ni le Lacrosse, encore que, mais le hockey sur glace. Une autre vision, une autre culture. On troque les crudit\u00e9s devant la t\u00e9l\u00e9 pour une poutine et on s\u2019installe avec notre chandail pour suivre cela. Et en moins de temps qu\u2019il ne faut pour le dire, ou la vitesse d\u2019un slap shot de McDavid ou un arr\u00eat de la mitaine de Price, j\u2019\u00e9cris sur de l\u2019actualit\u00e9 par ici mais aussi le sport f\u00e9minin, pas assez mis en avant.","sameAs":["https:\/\/x.com\/https:\/\/x.com\/DamienMeunier69"],"url":"https:\/\/dicodusport.fr\/blog\/author\/damien-m\/"}]}},"_links":{"self":[{"href":"https:\/\/dicodusport.fr\/blog\/wp-json\/wp\/v2\/posts\/17885","targetHints":{"allow":["GET"]}}],"collection":[{"href":"https:\/\/dicodusport.fr\/blog\/wp-json\/wp\/v2\/posts"}],"about":[{"href":"https:\/\/dicodusport.fr\/blog\/wp-json\/wp\/v2\/types\/post"}],"author":[{"embeddable":true,"href":"https:\/\/dicodusport.fr\/blog\/wp-json\/wp\/v2\/users\/10"}],"replies":[{"embeddable":true,"href":"https:\/\/dicodusport.fr\/blog\/wp-json\/wp\/v2\/comments?post=17885"}],"version-history":[{"count":0,"href":"https:\/\/dicodusport.fr\/blog\/wp-json\/wp\/v2\/posts\/17885\/revisions"}],"wp:featuredmedia":[{"embeddable":true,"href":"https:\/\/dicodusport.fr\/blog\/wp-json\/wp\/v2\/media\/18229"}],"wp:attachment":[{"href":"https:\/\/dicodusport.fr\/blog\/wp-json\/wp\/v2\/media?parent=17885"}],"wp:term":[{"taxonomy":"category","embeddable":true,"href":"https:\/\/dicodusport.fr\/blog\/wp-json\/wp\/v2\/categories?post=17885"},{"taxonomy":"post_tag","embeddable":true,"href":"https:\/\/dicodusport.fr\/blog\/wp-json\/wp\/v2\/tags?post=17885"}],"curies":[{"name":"wp","href":"https:\/\/api.w.org\/{rel}","templated":true}]}}