{"id":178970,"date":"2021-11-13T12:34:19","date_gmt":"2021-11-13T11:34:19","guid":{"rendered":"https:\/\/dicodusport.fr\/blog\/?p=178970&#038;preview=true&#038;preview_id=178970"},"modified":"2021-11-13T14:19:50","modified_gmt":"2021-11-13T13:19:50","slug":"biathlon-sjusjoen-julia-simon-remporte-le-sprint-de-presaison-devant-roeiseland-et-eckhoff","status":"publish","type":"post","link":"https:\/\/dicodusport.fr\/blog\/biathlon-sjusjoen-julia-simon-remporte-le-sprint-de-presaison-devant-roeiseland-et-eckhoff\/","title":{"rendered":"Biathlon \u2013 Sjusjoen : Julia Simon remporte le sprint de pr\u00e9saison devant Roeiseland et Eckhoff"},"content":{"rendered":"<p style=\"text-align: justify;\"><em><strong><a href=\"https:\/\/dicodusport.fr\/blog\/biathlon-sjusjoen-le-programme-complet\/\">BIATHLON &#8211; SJUSJOEN<\/a> &#8211; Lors de l&rsquo;\u00e9tape de pr\u00e9saison \u00e0 Sjusjoen en Norv\u00e8ge, locales et Fran\u00e7aises s&rsquo;affrontaient autour d&rsquo;un sprint. C&rsquo;est Julia Simon qui a \u00e9t\u00e9 la meilleure avec un 10\/10 au tir et un temps tr\u00e8s correct sur les skis. Elle devance Marte-Olsbu Roeiseland et Tiril Eckhoff.<\/strong><\/em><\/p>\n<h2><strong>Le match Norv\u00e8ge &#8211; France lanc\u00e9<\/strong><\/h2>\n<p style=\"text-align: justify;\">Une \u00e0 une, les filles ont pris le d\u00e9part des 7,5km. Le moins qu\u2019on puisse dire, c\u2019est que cela nous avait manqu\u00e9 ! Tch\u00e8ques, Ukrainiennes et Belges \u00e9taient \u00e9galement de la partie. Sur un pas de tir sans difficult\u00e9 particuli\u00e8re, peu font des erreurs. La premi\u00e8re Fran\u00e7aise \u00e0 s\u2019\u00e9lancer, c\u2019est <strong>Ana\u00efs Bescond<\/strong> avec le dossard 23. Et c\u2019est le sans-faute au tir couch\u00e9 pour la plus exp\u00e9riment\u00e9e des biathl\u00e8tes tricolores. S\u2019en est suivie une petite chute \u00e0 la sortie du pas de tir. Lors de son tir debout, une faute lui permet de r\u00e9aliser le 9\/10. Elle termine finalement en 7<sup>\u00e8me<\/sup> position.<\/p>\n<p style=\"text-align: justify;\"><strong>Chlo\u00e9 Chevalier<\/strong> partait avec le dossard 32 et r\u00e9alise un rapide 5\/5 au tir couch\u00e9. A l\u2019image de sa pr\u00e9d\u00e9cesseuse tricolore, elle commet une faute sur le debout et s\u2019en sort avec un 9\/10. Elle peine un peu sur les skis en fin de course mais montre une belle forme en prenant la 4<sup>\u00e8me<\/sup> place de la course\u00a0!<\/p>\n<p style=\"text-align: justify;\">Cot\u00e9 Norv\u00e8ge, c\u2019est <strong>Ingrid Tandrevold<\/strong> qui a lanc\u00e9 les affaires chez les cadors avec le num\u00e9ro 48. Avec un 9\/10, elle termine derri\u00e8re les deux Fran\u00e7aises et m\u00eame \u00e0 plus de 30 secondes de <strong>Chlo\u00e9 Chevalier<\/strong>\u00a0! Elle s\u00e9curise alors une 9<sup>\u00e8me<\/sup> place. Les Fran\u00e7aises semblent bien sur les skis, \u00e7a va vite. N\u00e9anmoins,\u00a0<b>Ana\u00efs\u00a0Chevalier-Bouchet<\/b>, dossard 52, a l\u2019air plus \u00e0 la peine peine. Avec 4 fautes et des difficult\u00e9s sur les skis, elle est loin de ses co\u00e9quipi\u00e8res. La Fran\u00e7aise termine a une lointaine 45<sup>\u00e8me<\/sup> place.<\/p>\n<p style=\"text-align: justify;\"><strong>Justine Braisaz-Bouchet<\/strong>, dossard 66, part vite sur les skis mais ne r\u00e9alise qu&rsquo;un 4\/5 sur le couch\u00e9. Elle doit alors parcourir un tour d\u2019anneau de p\u00e9nalit\u00e9. Sur le tir debout, la Fran\u00e7aise perd deux balles pour terminer sur un 7\/10. Sa performance ne lui permet de prendre que la 11<sup>\u00e8me<\/sup> place \u00e0 l\u2019arriv\u00e9e.<\/p>\n<h2 style=\"text-align: justify;\">Julia Simon devant les Norv\u00e9giennes<\/h2>\n<p style=\"text-align: justify;\">La derni\u00e8re Fran\u00e7aise \u00e0 s\u2019\u00e9lancer, c\u2019est <strong>Julia Simon<\/strong> avec le dossard 74. Un magnifique 10\/10 lui permet de ressortir en t\u00eate, poursuivie par deux filles que l\u2019on conna\u00eet bien. La championne du monde en titre et tenante du gros globe, <strong>Tiril Eckhoff<\/strong>, partait dans les derni\u00e8res. Sa faute au couch\u00e9 lui fait perdre du temps sur la biathl\u00e8te des Saisies. Elle termine a plus de 20 secondes de celle-ci pour prendre la 3<sup>\u00e8me<\/sup> place \u00e0 l\u2019arriv\u00e9e.<\/p>\n<p style=\"text-align: justify;\">Juste apr\u00e8s, <strong>Marte Olsbu Roeiseland <\/strong>a aussi \u00e9t\u00e9 l\u2019auteure d\u2019un 9\/10, insuffisant pour rattraper <strong>Julia Simon<\/strong>. La Norv\u00e9gienne termine alors \u00e0 la deuxi\u00e8me place derri\u00e8re la Fran\u00e7aise. <strong>Julia Simon<\/strong>, parfaite, remporte cette course et valide sa pr\u00e9paration en montrant une forme olympique.<\/p>\n<blockquote class=\"twitter-tweet\">\n<p dir=\"ltr\" lang=\"fr\">Quel d\u00e9part pour ce <a href=\"https:\/\/twitter.com\/hashtag\/weekendROYAL?src=hash&amp;ref_src=twsrc%5Etfw\">#weekendROYAL<\/a> ! Julia Simon remporte le sprint ! &#x1f4aa;&#x1f1eb;&#x1f1f7; <a href=\"https:\/\/twitter.com\/hashtag\/lequipeBIATHLON?src=hash&amp;ref_src=twsrc%5Etfw\">#lequipeBIATHLON<\/a> <a href=\"https:\/\/t.co\/zoXwbXJ8fS\">pic.twitter.com\/zoXwbXJ8fS<\/a><\/p>\n<p>\u2014 la chaine L&rsquo;\u00c9quipe (@lachainelequipe) <a href=\"https:\/\/twitter.com\/lachainelequipe\/status\/1459483973399293955?ref_src=twsrc%5Etfw\">November 13, 2021<\/a><\/p><\/blockquote>\n<p><script async src=\"https:\/\/platform.twitter.com\/widgets.js\" charset=\"utf-8\"><\/script><\/p>\n<ul>\n<li style=\"text-align: justify;\"><strong>\u00c0 lire aussi &#8211; <a href=\"https:\/\/dicodusport.fr\/blog\/biathlon-sjusjoen-classement-sprint-femmes\/\">Le classement du sprint femmes \u00e0 Sjusjoen<\/a><\/strong><\/li>\n<\/ul>\n","protected":false},"excerpt":{"rendered":"<p>BIATHLON &#8211; SJUSJOEN &#8211; Lors de l&rsquo;\u00e9tape de pr\u00e9saison \u00e0 Sjusjoen en Norv\u00e8ge, locales et Fran\u00e7aises s&rsquo;affrontaient autour d&rsquo;un sprint. C&rsquo;est Julia Simon qui a \u00e9t\u00e9 la meilleure avec un 10\/10 au tir et un temps tr\u00e8s correct sur les skis. Elle devance Marte-Olsbu Roeiseland et Tiril Eckhoff.<\/p>\n","protected":false},"author":54,"featured_media":178991,"comment_status":"open","ping_status":"closed","sticky":false,"template":"","format":"standard","meta":{"_acf_changed":false,"_daextam_enable_autolinks":"","footnotes":""},"categories":[2426],"tags":[2427,20374,6893,9201,24,7214],"class_list":["post-178970","post","type-post","status-publish","format-standard","has-post-thumbnail","hentry","category-biathlon","tag-biathlon","tag-biathlon-sjusjoen","tag-julia-simon","tag-sjusjoen","tag-sport","tag-tiril-eckhoff"],"acf":[],"yoast_head":"<!-- This site is optimized with the Yoast SEO Premium plugin v26.7 (Yoast SEO v26.7) - https:\/\/yoast.com\/wordpress\/plugins\/seo\/ -->\n<title>Biathlon \u2013 Sjusjoen : Julia Simon remporte le sprint de pr\u00e9saison devant Roeiseland et Eckhoff<\/title>\n<meta name=\"description\" content=\"BIATHLON - SJUSJOEN - Julia Simon a remport\u00e9 le sprint de pr\u00e9saison, \u00e0 Sjusjoen (Norv\u00e8ge). La Fran\u00e7aise devance Roeiseland et Eckhoff.\" \/>\n<meta name=\"robots\" content=\"index, follow, max-snippet:-1, max-image-preview:large, max-video-preview:-1\" \/>\n<link rel=\"canonical\" href=\"https:\/\/dicodusport.fr\/blog\/biathlon-sjusjoen-julia-simon-remporte-le-sprint-de-presaison-devant-roeiseland-et-eckhoff\/\" \/>\n<meta property=\"og:locale\" content=\"fr_FR\" \/>\n<meta property=\"og:type\" content=\"article\" \/>\n<meta property=\"og:title\" content=\"Biathlon \u2013 Sjusjoen : Julia Simon remporte le sprint de pr\u00e9saison devant Roeiseland et Eckhoff\" \/>\n<meta property=\"og:description\" content=\"BIATHLON - SJUSJOEN - Julia Simon a remport\u00e9 le sprint de pr\u00e9saison, \u00e0 Sjusjoen (Norv\u00e8ge). La Fran\u00e7aise devance Roeiseland et Eckhoff.\" \/>\n<meta property=\"og:url\" content=\"https:\/\/dicodusport.fr\/blog\/biathlon-sjusjoen-julia-simon-remporte-le-sprint-de-presaison-devant-roeiseland-et-eckhoff\/\" \/>\n<meta property=\"og:site_name\" content=\"Dicodusport\" \/>\n<meta property=\"article:publisher\" content=\"https:\/\/www.facebook.com\/dicodusport\" \/>\n<meta property=\"article:author\" content=\"https:\/\/www.facebook.com\/roxane.lecacher\" \/>\n<meta property=\"article:published_time\" content=\"2021-11-13T11:34:19+00:00\" \/>\n<meta property=\"article:modified_time\" content=\"2021-11-13T13:19:50+00:00\" \/>\n<meta property=\"og:image\" content=\"https:\/\/dicodusport.fr\/blog\/wp-content\/uploads\/2021\/11\/Biathlon-\u2013-Sjusjoen-Julia-Simon-remporte-le-sprint-de-presaison-devant-Roeiseland-et-Eckhoff.png\" \/>\n\t<meta property=\"og:image:width\" content=\"800\" \/>\n\t<meta property=\"og:image:height\" content=\"445\" \/>\n\t<meta property=\"og:image:type\" content=\"image\/png\" \/>\n<meta name=\"author\" content=\"Roxane Lecacher\" \/>\n<meta name=\"twitter:card\" content=\"summary_large_image\" \/>\n<meta name=\"twitter:title\" content=\"Biathlon \u2013 Sjusjoen : Julia Simon remporte le sprint de pr\u00e9saison devant Roeiseland et Eckhoff\" \/>\n<meta name=\"twitter:creator\" content=\"@dicodusport\" \/>\n<meta name=\"twitter:site\" content=\"@dicodusport\" \/>\n<script type=\"application\/ld+json\" class=\"yoast-schema-graph\">{\"@context\":\"https:\/\/schema.org\",\"@graph\":[{\"@type\":\"NewsArticle\",\"@id\":\"https:\/\/dicodusport.fr\/blog\/biathlon-sjusjoen-julia-simon-remporte-le-sprint-de-presaison-devant-roeiseland-et-eckhoff\/#article\",\"isPartOf\":{\"@id\":\"https:\/\/dicodusport.fr\/blog\/biathlon-sjusjoen-julia-simon-remporte-le-sprint-de-presaison-devant-roeiseland-et-eckhoff\/\"},\"author\":{\"name\":\"Roxane Lecacher\",\"@id\":\"https:\/\/dicodusport.fr\/blog\/#\/schema\/person\/819fb2545dd2715bd7c0580d6d4b411a\"},\"headline\":\"Biathlon \u2013 Sjusjoen : Julia Simon remporte le sprint de pr\u00e9saison devant Roeiseland et Eckhoff\",\"datePublished\":\"2021-11-13T11:34:19+00:00\",\"dateModified\":\"2021-11-13T13:19:50+00:00\",\"mainEntityOfPage\":{\"@id\":\"https:\/\/dicodusport.fr\/blog\/biathlon-sjusjoen-julia-simon-remporte-le-sprint-de-presaison-devant-roeiseland-et-eckhoff\/\"},\"wordCount\":575,\"commentCount\":0,\"publisher\":{\"@id\":\"https:\/\/dicodusport.fr\/blog\/#organization\"},\"image\":{\"@id\":\"https:\/\/dicodusport.fr\/blog\/biathlon-sjusjoen-julia-simon-remporte-le-sprint-de-presaison-devant-roeiseland-et-eckhoff\/#primaryimage\"},\"thumbnailUrl\":\"https:\/\/dicodusport.fr\/blog\/wp-content\/uploads\/2021\/11\/Biathlon-\u2013-Sjusjoen-Julia-Simon-remporte-le-sprint-de-presaison-devant-Roeiseland-et-Eckhoff.png\",\"keywords\":[\"Biathlon\",\"Biathlon Sjusjoen\",\"Julia Simon\",\"Sjusjoen\",\"sport\",\"Tiril Eckhoff\"],\"articleSection\":[\"Biathlon\"],\"inLanguage\":\"fr-FR\",\"potentialAction\":[{\"@type\":\"CommentAction\",\"name\":\"Comment\",\"target\":[\"https:\/\/dicodusport.fr\/blog\/biathlon-sjusjoen-julia-simon-remporte-le-sprint-de-presaison-devant-roeiseland-et-eckhoff\/#respond\"]}],\"copyrightYear\":\"2021\",\"copyrightHolder\":{\"@id\":\"https:\/\/dicodusport.fr\/blog\/#organization\"}},{\"@type\":\"WebPage\",\"@id\":\"https:\/\/dicodusport.fr\/blog\/biathlon-sjusjoen-julia-simon-remporte-le-sprint-de-presaison-devant-roeiseland-et-eckhoff\/\",\"url\":\"https:\/\/dicodusport.fr\/blog\/biathlon-sjusjoen-julia-simon-remporte-le-sprint-de-presaison-devant-roeiseland-et-eckhoff\/\",\"name\":\"Biathlon \u2013 Sjusjoen : Julia Simon remporte le sprint de pr\u00e9saison devant Roeiseland et Eckhoff\",\"isPartOf\":{\"@id\":\"https:\/\/dicodusport.fr\/blog\/#website\"},\"primaryImageOfPage\":{\"@id\":\"https:\/\/dicodusport.fr\/blog\/biathlon-sjusjoen-julia-simon-remporte-le-sprint-de-presaison-devant-roeiseland-et-eckhoff\/#primaryimage\"},\"image\":{\"@id\":\"https:\/\/dicodusport.fr\/blog\/biathlon-sjusjoen-julia-simon-remporte-le-sprint-de-presaison-devant-roeiseland-et-eckhoff\/#primaryimage\"},\"thumbnailUrl\":\"https:\/\/dicodusport.fr\/blog\/wp-content\/uploads\/2021\/11\/Biathlon-\u2013-Sjusjoen-Julia-Simon-remporte-le-sprint-de-presaison-devant-Roeiseland-et-Eckhoff.png\",\"datePublished\":\"2021-11-13T11:34:19+00:00\",\"dateModified\":\"2021-11-13T13:19:50+00:00\",\"description\":\"BIATHLON - SJUSJOEN - Julia Simon a remport\u00e9 le sprint de pr\u00e9saison, \u00e0 Sjusjoen (Norv\u00e8ge). La Fran\u00e7aise devance Roeiseland et Eckhoff.\",\"breadcrumb\":{\"@id\":\"https:\/\/dicodusport.fr\/blog\/biathlon-sjusjoen-julia-simon-remporte-le-sprint-de-presaison-devant-roeiseland-et-eckhoff\/#breadcrumb\"},\"inLanguage\":\"fr-FR\",\"potentialAction\":[{\"@type\":\"ReadAction\",\"target\":[\"https:\/\/dicodusport.fr\/blog\/biathlon-sjusjoen-julia-simon-remporte-le-sprint-de-presaison-devant-roeiseland-et-eckhoff\/\"]}]},{\"@type\":\"ImageObject\",\"inLanguage\":\"fr-FR\",\"@id\":\"https:\/\/dicodusport.fr\/blog\/biathlon-sjusjoen-julia-simon-remporte-le-sprint-de-presaison-devant-roeiseland-et-eckhoff\/#primaryimage\",\"url\":\"https:\/\/dicodusport.fr\/blog\/wp-content\/uploads\/2021\/11\/Biathlon-\u2013-Sjusjoen-Julia-Simon-remporte-le-sprint-de-presaison-devant-Roeiseland-et-Eckhoff.png\",\"contentUrl\":\"https:\/\/dicodusport.fr\/blog\/wp-content\/uploads\/2021\/11\/Biathlon-\u2013-Sjusjoen-Julia-Simon-remporte-le-sprint-de-presaison-devant-Roeiseland-et-Eckhoff.png\",\"width\":800,\"height\":445,\"caption\":\"Biathlon \u2013 Sjusjoen Julia Simon remporte le sprint de pr\u00e9saison devant Roeiseland et Eckhoff\"},{\"@type\":\"BreadcrumbList\",\"@id\":\"https:\/\/dicodusport.fr\/blog\/biathlon-sjusjoen-julia-simon-remporte-le-sprint-de-presaison-devant-roeiseland-et-eckhoff\/#breadcrumb\",\"itemListElement\":[{\"@type\":\"ListItem\",\"position\":1,\"name\":\"Accueil\",\"item\":\"https:\/\/dicodusport.fr\/blog\/\"},{\"@type\":\"ListItem\",\"position\":2,\"name\":\"Biathlon \u2013 Sjusjoen : Julia Simon remporte le sprint de pr\u00e9saison devant Roeiseland et Eckhoff\"}]},{\"@type\":\"WebSite\",\"@id\":\"https:\/\/dicodusport.fr\/blog\/#website\",\"url\":\"https:\/\/dicodusport.fr\/blog\/\",\"name\":\"Dicodusport\",\"description\":\"L&#039;encyclop\u00e9die de l&#039;actualit\u00e9 sportive\",\"publisher\":{\"@id\":\"https:\/\/dicodusport.fr\/blog\/#organization\"},\"potentialAction\":[{\"@type\":\"SearchAction\",\"target\":{\"@type\":\"EntryPoint\",\"urlTemplate\":\"https:\/\/dicodusport.fr\/blog\/?s={search_term_string}\"},\"query-input\":{\"@type\":\"PropertyValueSpecification\",\"valueRequired\":true,\"valueName\":\"search_term_string\"}}],\"inLanguage\":\"fr-FR\"},{\"@type\":\"NewsMediaOrganization\",\"@id\":\"https:\/\/dicodusport.fr\/blog\/#organization\",\"name\":\"Dicodusport\",\"url\":\"https:\/\/dicodusport.fr\/blog\/\",\"logo\":{\"@type\":\"ImageObject\",\"inLanguage\":\"fr-FR\",\"@id\":\"https:\/\/dicodusport.fr\/blog\/#\/schema\/logo\/image\/\",\"url\":\"https:\/\/dicodusport.fr\/blog\/wp-content\/uploads\/2020\/06\/cropped-LOGO-DICODUSPORT-2020-SANS-FOND-SANS-TEXTE.png\",\"contentUrl\":\"https:\/\/dicodusport.fr\/blog\/wp-content\/uploads\/2020\/06\/cropped-LOGO-DICODUSPORT-2020-SANS-FOND-SANS-TEXTE.png\",\"width\":512,\"height\":512,\"caption\":\"Dicodusport\"},\"image\":{\"@id\":\"https:\/\/dicodusport.fr\/blog\/#\/schema\/logo\/image\/\"},\"sameAs\":[\"https:\/\/www.facebook.com\/dicodusport\",\"https:\/\/x.com\/dicodusport\",\"https:\/\/www.instagram.com\/dicodusport\/\",\"https:\/\/www.youtube.com\/channel\/UC7V2KZ5sd3htJivAbA4ZG3w\"],\"description\":\"Dicodusport est l'encyclop\u00e9die de l'actualit\u00e9 sportive.\",\"email\":\"bonjour@dicodusport.fr\",\"legalName\":\"DICODUSPORT\",\"foundingDate\":\"2018-01-14\",\"vatID\":\"FR71834470973\",\"taxID\":\"83447097300043\",\"numberOfEmployees\":{\"@type\":\"QuantitativeValue\",\"minValue\":\"1\",\"maxValue\":\"10\"}},{\"@type\":\"Person\",\"@id\":\"https:\/\/dicodusport.fr\/blog\/#\/schema\/person\/819fb2545dd2715bd7c0580d6d4b411a\",\"name\":\"Roxane Lecacher\",\"image\":{\"@type\":\"ImageObject\",\"inLanguage\":\"fr-FR\",\"@id\":\"https:\/\/dicodusport.fr\/blog\/#\/schema\/person\/image\/\",\"url\":\"https:\/\/dicodusport.fr\/blog\/wp-content\/uploads\/2021\/05\/Roxane-Lecacher-150x150.jpg\",\"contentUrl\":\"https:\/\/dicodusport.fr\/blog\/wp-content\/uploads\/2021\/05\/Roxane-Lecacher-150x150.jpg\",\"caption\":\"Roxane Lecacher\"},\"description\":\"Journaliste\/r\u00e9dactrice depuis janvier 2021 - N\u00e9e quelques jours avant la premi\u00e8re \u00e9toile des Bleus, je baigne dans une famille tr\u00e8s sportive. Je n\u2019ai eu d\u2019autres choix que de me passionner pour le sujet. Pratiquante de l\u2019athl\u00e9tisme depuis toute petite, j\u2019ai aussi un attrait tout particulier pour la Formule 1, le biathlon et le foot. Pendant les grands \u00e9v\u00e9nements, il est impossible de d\u00e9crocher de ma t\u00e9l\u00e9. C\u2019est \u00e0 travers Dicodusport que j\u2019aime d\u00e9sormais vous transmettre mes \u00e9motions et ma passion.\",\"sameAs\":[\"https:\/\/www.facebook.com\/roxane.lecacher\",\"https:\/\/fr.linkedin.com\/in\/roxane-lecacher-23368313b\"],\"url\":\"https:\/\/dicodusport.fr\/blog\/author\/roxanel\/\"}]}<\/script>\n<!-- \/ Yoast SEO Premium plugin. -->","yoast_head_json":{"title":"Biathlon \u2013 Sjusjoen : Julia Simon remporte le sprint de pr\u00e9saison devant Roeiseland et Eckhoff","description":"BIATHLON - SJUSJOEN - Julia Simon a remport\u00e9 le sprint de pr\u00e9saison, \u00e0 Sjusjoen (Norv\u00e8ge). La Fran\u00e7aise devance Roeiseland et Eckhoff.","robots":{"index":"index","follow":"follow","max-snippet":"max-snippet:-1","max-image-preview":"max-image-preview:large","max-video-preview":"max-video-preview:-1"},"canonical":"https:\/\/dicodusport.fr\/blog\/biathlon-sjusjoen-julia-simon-remporte-le-sprint-de-presaison-devant-roeiseland-et-eckhoff\/","og_locale":"fr_FR","og_type":"article","og_title":"Biathlon \u2013 Sjusjoen : Julia Simon remporte le sprint de pr\u00e9saison devant Roeiseland et Eckhoff","og_description":"BIATHLON - SJUSJOEN - Julia Simon a remport\u00e9 le sprint de pr\u00e9saison, \u00e0 Sjusjoen (Norv\u00e8ge). La Fran\u00e7aise devance Roeiseland et Eckhoff.","og_url":"https:\/\/dicodusport.fr\/blog\/biathlon-sjusjoen-julia-simon-remporte-le-sprint-de-presaison-devant-roeiseland-et-eckhoff\/","og_site_name":"Dicodusport","article_publisher":"https:\/\/www.facebook.com\/dicodusport","article_author":"https:\/\/www.facebook.com\/roxane.lecacher","article_published_time":"2021-11-13T11:34:19+00:00","article_modified_time":"2021-11-13T13:19:50+00:00","og_image":[{"width":800,"height":445,"url":"https:\/\/dicodusport.fr\/blog\/wp-content\/uploads\/2021\/11\/Biathlon-\u2013-Sjusjoen-Julia-Simon-remporte-le-sprint-de-presaison-devant-Roeiseland-et-Eckhoff.png","type":"image\/png"}],"author":"Roxane Lecacher","twitter_card":"summary_large_image","twitter_title":"Biathlon \u2013 Sjusjoen : Julia Simon remporte le sprint de pr\u00e9saison devant Roeiseland et Eckhoff","twitter_creator":"@dicodusport","twitter_site":"@dicodusport","schema":{"@context":"https:\/\/schema.org","@graph":[{"@type":"NewsArticle","@id":"https:\/\/dicodusport.fr\/blog\/biathlon-sjusjoen-julia-simon-remporte-le-sprint-de-presaison-devant-roeiseland-et-eckhoff\/#article","isPartOf":{"@id":"https:\/\/dicodusport.fr\/blog\/biathlon-sjusjoen-julia-simon-remporte-le-sprint-de-presaison-devant-roeiseland-et-eckhoff\/"},"author":{"name":"Roxane Lecacher","@id":"https:\/\/dicodusport.fr\/blog\/#\/schema\/person\/819fb2545dd2715bd7c0580d6d4b411a"},"headline":"Biathlon \u2013 Sjusjoen : Julia Simon remporte le sprint de pr\u00e9saison devant Roeiseland et Eckhoff","datePublished":"2021-11-13T11:34:19+00:00","dateModified":"2021-11-13T13:19:50+00:00","mainEntityOfPage":{"@id":"https:\/\/dicodusport.fr\/blog\/biathlon-sjusjoen-julia-simon-remporte-le-sprint-de-presaison-devant-roeiseland-et-eckhoff\/"},"wordCount":575,"commentCount":0,"publisher":{"@id":"https:\/\/dicodusport.fr\/blog\/#organization"},"image":{"@id":"https:\/\/dicodusport.fr\/blog\/biathlon-sjusjoen-julia-simon-remporte-le-sprint-de-presaison-devant-roeiseland-et-eckhoff\/#primaryimage"},"thumbnailUrl":"https:\/\/dicodusport.fr\/blog\/wp-content\/uploads\/2021\/11\/Biathlon-\u2013-Sjusjoen-Julia-Simon-remporte-le-sprint-de-presaison-devant-Roeiseland-et-Eckhoff.png","keywords":["Biathlon","Biathlon Sjusjoen","Julia Simon","Sjusjoen","sport","Tiril Eckhoff"],"articleSection":["Biathlon"],"inLanguage":"fr-FR","potentialAction":[{"@type":"CommentAction","name":"Comment","target":["https:\/\/dicodusport.fr\/blog\/biathlon-sjusjoen-julia-simon-remporte-le-sprint-de-presaison-devant-roeiseland-et-eckhoff\/#respond"]}],"copyrightYear":"2021","copyrightHolder":{"@id":"https:\/\/dicodusport.fr\/blog\/#organization"}},{"@type":"WebPage","@id":"https:\/\/dicodusport.fr\/blog\/biathlon-sjusjoen-julia-simon-remporte-le-sprint-de-presaison-devant-roeiseland-et-eckhoff\/","url":"https:\/\/dicodusport.fr\/blog\/biathlon-sjusjoen-julia-simon-remporte-le-sprint-de-presaison-devant-roeiseland-et-eckhoff\/","name":"Biathlon \u2013 Sjusjoen : Julia Simon remporte le sprint de pr\u00e9saison devant Roeiseland et Eckhoff","isPartOf":{"@id":"https:\/\/dicodusport.fr\/blog\/#website"},"primaryImageOfPage":{"@id":"https:\/\/dicodusport.fr\/blog\/biathlon-sjusjoen-julia-simon-remporte-le-sprint-de-presaison-devant-roeiseland-et-eckhoff\/#primaryimage"},"image":{"@id":"https:\/\/dicodusport.fr\/blog\/biathlon-sjusjoen-julia-simon-remporte-le-sprint-de-presaison-devant-roeiseland-et-eckhoff\/#primaryimage"},"thumbnailUrl":"https:\/\/dicodusport.fr\/blog\/wp-content\/uploads\/2021\/11\/Biathlon-\u2013-Sjusjoen-Julia-Simon-remporte-le-sprint-de-presaison-devant-Roeiseland-et-Eckhoff.png","datePublished":"2021-11-13T11:34:19+00:00","dateModified":"2021-11-13T13:19:50+00:00","description":"BIATHLON - SJUSJOEN - Julia Simon a remport\u00e9 le sprint de pr\u00e9saison, \u00e0 Sjusjoen (Norv\u00e8ge). La Fran\u00e7aise devance Roeiseland et Eckhoff.","breadcrumb":{"@id":"https:\/\/dicodusport.fr\/blog\/biathlon-sjusjoen-julia-simon-remporte-le-sprint-de-presaison-devant-roeiseland-et-eckhoff\/#breadcrumb"},"inLanguage":"fr-FR","potentialAction":[{"@type":"ReadAction","target":["https:\/\/dicodusport.fr\/blog\/biathlon-sjusjoen-julia-simon-remporte-le-sprint-de-presaison-devant-roeiseland-et-eckhoff\/"]}]},{"@type":"ImageObject","inLanguage":"fr-FR","@id":"https:\/\/dicodusport.fr\/blog\/biathlon-sjusjoen-julia-simon-remporte-le-sprint-de-presaison-devant-roeiseland-et-eckhoff\/#primaryimage","url":"https:\/\/dicodusport.fr\/blog\/wp-content\/uploads\/2021\/11\/Biathlon-\u2013-Sjusjoen-Julia-Simon-remporte-le-sprint-de-presaison-devant-Roeiseland-et-Eckhoff.png","contentUrl":"https:\/\/dicodusport.fr\/blog\/wp-content\/uploads\/2021\/11\/Biathlon-\u2013-Sjusjoen-Julia-Simon-remporte-le-sprint-de-presaison-devant-Roeiseland-et-Eckhoff.png","width":800,"height":445,"caption":"Biathlon \u2013 Sjusjoen Julia Simon remporte le sprint de pr\u00e9saison devant Roeiseland et Eckhoff"},{"@type":"BreadcrumbList","@id":"https:\/\/dicodusport.fr\/blog\/biathlon-sjusjoen-julia-simon-remporte-le-sprint-de-presaison-devant-roeiseland-et-eckhoff\/#breadcrumb","itemListElement":[{"@type":"ListItem","position":1,"name":"Accueil","item":"https:\/\/dicodusport.fr\/blog\/"},{"@type":"ListItem","position":2,"name":"Biathlon \u2013 Sjusjoen : Julia Simon remporte le sprint de pr\u00e9saison devant Roeiseland et Eckhoff"}]},{"@type":"WebSite","@id":"https:\/\/dicodusport.fr\/blog\/#website","url":"https:\/\/dicodusport.fr\/blog\/","name":"Dicodusport","description":"L&#039;encyclop\u00e9die de l&#039;actualit\u00e9 sportive","publisher":{"@id":"https:\/\/dicodusport.fr\/blog\/#organization"},"potentialAction":[{"@type":"SearchAction","target":{"@type":"EntryPoint","urlTemplate":"https:\/\/dicodusport.fr\/blog\/?s={search_term_string}"},"query-input":{"@type":"PropertyValueSpecification","valueRequired":true,"valueName":"search_term_string"}}],"inLanguage":"fr-FR"},{"@type":"NewsMediaOrganization","@id":"https:\/\/dicodusport.fr\/blog\/#organization","name":"Dicodusport","url":"https:\/\/dicodusport.fr\/blog\/","logo":{"@type":"ImageObject","inLanguage":"fr-FR","@id":"https:\/\/dicodusport.fr\/blog\/#\/schema\/logo\/image\/","url":"https:\/\/dicodusport.fr\/blog\/wp-content\/uploads\/2020\/06\/cropped-LOGO-DICODUSPORT-2020-SANS-FOND-SANS-TEXTE.png","contentUrl":"https:\/\/dicodusport.fr\/blog\/wp-content\/uploads\/2020\/06\/cropped-LOGO-DICODUSPORT-2020-SANS-FOND-SANS-TEXTE.png","width":512,"height":512,"caption":"Dicodusport"},"image":{"@id":"https:\/\/dicodusport.fr\/blog\/#\/schema\/logo\/image\/"},"sameAs":["https:\/\/www.facebook.com\/dicodusport","https:\/\/x.com\/dicodusport","https:\/\/www.instagram.com\/dicodusport\/","https:\/\/www.youtube.com\/channel\/UC7V2KZ5sd3htJivAbA4ZG3w"],"description":"Dicodusport est l'encyclop\u00e9die de l'actualit\u00e9 sportive.","email":"bonjour@dicodusport.fr","legalName":"DICODUSPORT","foundingDate":"2018-01-14","vatID":"FR71834470973","taxID":"83447097300043","numberOfEmployees":{"@type":"QuantitativeValue","minValue":"1","maxValue":"10"}},{"@type":"Person","@id":"https:\/\/dicodusport.fr\/blog\/#\/schema\/person\/819fb2545dd2715bd7c0580d6d4b411a","name":"Roxane Lecacher","image":{"@type":"ImageObject","inLanguage":"fr-FR","@id":"https:\/\/dicodusport.fr\/blog\/#\/schema\/person\/image\/","url":"https:\/\/dicodusport.fr\/blog\/wp-content\/uploads\/2021\/05\/Roxane-Lecacher-150x150.jpg","contentUrl":"https:\/\/dicodusport.fr\/blog\/wp-content\/uploads\/2021\/05\/Roxane-Lecacher-150x150.jpg","caption":"Roxane Lecacher"},"description":"Journaliste\/r\u00e9dactrice depuis janvier 2021 - N\u00e9e quelques jours avant la premi\u00e8re \u00e9toile des Bleus, je baigne dans une famille tr\u00e8s sportive. Je n\u2019ai eu d\u2019autres choix que de me passionner pour le sujet. Pratiquante de l\u2019athl\u00e9tisme depuis toute petite, j\u2019ai aussi un attrait tout particulier pour la Formule 1, le biathlon et le foot. Pendant les grands \u00e9v\u00e9nements, il est impossible de d\u00e9crocher de ma t\u00e9l\u00e9. C\u2019est \u00e0 travers Dicodusport que j\u2019aime d\u00e9sormais vous transmettre mes \u00e9motions et ma passion.","sameAs":["https:\/\/www.facebook.com\/roxane.lecacher","https:\/\/fr.linkedin.com\/in\/roxane-lecacher-23368313b"],"url":"https:\/\/dicodusport.fr\/blog\/author\/roxanel\/"}]}},"_links":{"self":[{"href":"https:\/\/dicodusport.fr\/blog\/wp-json\/wp\/v2\/posts\/178970","targetHints":{"allow":["GET"]}}],"collection":[{"href":"https:\/\/dicodusport.fr\/blog\/wp-json\/wp\/v2\/posts"}],"about":[{"href":"https:\/\/dicodusport.fr\/blog\/wp-json\/wp\/v2\/types\/post"}],"author":[{"embeddable":true,"href":"https:\/\/dicodusport.fr\/blog\/wp-json\/wp\/v2\/users\/54"}],"replies":[{"embeddable":true,"href":"https:\/\/dicodusport.fr\/blog\/wp-json\/wp\/v2\/comments?post=178970"}],"version-history":[{"count":0,"href":"https:\/\/dicodusport.fr\/blog\/wp-json\/wp\/v2\/posts\/178970\/revisions"}],"wp:featuredmedia":[{"embeddable":true,"href":"https:\/\/dicodusport.fr\/blog\/wp-json\/wp\/v2\/media\/178991"}],"wp:attachment":[{"href":"https:\/\/dicodusport.fr\/blog\/wp-json\/wp\/v2\/media?parent=178970"}],"wp:term":[{"taxonomy":"category","embeddable":true,"href":"https:\/\/dicodusport.fr\/blog\/wp-json\/wp\/v2\/categories?post=178970"},{"taxonomy":"post_tag","embeddable":true,"href":"https:\/\/dicodusport.fr\/blog\/wp-json\/wp\/v2\/tags?post=178970"}],"curies":[{"name":"wp","href":"https:\/\/api.w.org\/{rel}","templated":true}]}}