{"id":178972,"date":"2021-11-13T12:01:58","date_gmt":"2021-11-13T11:01:58","guid":{"rendered":"https:\/\/dicodusport.fr\/blog\/?p=178972&#038;preview=true&#038;preview_id=178972"},"modified":"2021-11-13T17:55:53","modified_gmt":"2021-11-13T16:55:53","slug":"jerome-pineau-je-suis-persuade-que-victor-koretzky-sera-tres-vite-tres-haut","status":"publish","type":"post","link":"https:\/\/dicodusport.fr\/blog\/jerome-pineau-je-suis-persuade-que-victor-koretzky-sera-tres-vite-tres-haut\/","title":{"rendered":"J\u00e9r\u00f4me Pineau : \u00ab\u00a0Je suis persuad\u00e9 que Victor Koretzky sera tr\u00e8s vite tr\u00e8s haut\u00a0\u00bb"},"content":{"rendered":"<p style=\"text-align: justify;\"><em><strong>CYCLISME &#8211; Dans un entretien pour Cyclism&rsquo;Actu, J\u00e9r\u00f4me Pineau, le boss de la formation\u00a0 a \u00e9voqu\u00e9 le recrutement de Victor Koretzky qui sort d&rsquo;une grosse saison en VTT.\u00a0<\/strong><\/em><\/p>\n<p style=\"text-align: justify;\">Le manager de B&amp;B Hotels p\/b KTM, <strong>J\u00e9r\u00f4me Pineau<\/strong>, est interloqu\u00e9 par le peu de bruit qu&rsquo;a fait <a href=\"https:\/\/dicodusport.fr\/blog\/vtt-victor-koretzky-passe-professionnel-sur-route-et-signe-chez-bb-hotels-pb-ktm\/\">le recrutement de <strong>Victor Koretzky<\/strong><\/a>. L&rsquo;ancien coureur voit son nouveau poulain faire de belles choses d\u00e8s 2022.<\/p>\n<blockquote>\n<p style=\"text-align: justify;\">On a recrut\u00e9 Pierre Barbier qui va tr\u00e8s vite, Victor Koretzky qui est num\u00e9ro un mondial en VTT. Je suis assez surpris et parfois interloqu\u00e9 du peu de consid\u00e9ration qu&rsquo;on a pour ce recrutement alors que s&rsquo;il s&rsquo;appelait Schurter ou Van der Poel ce ne serait pas la m\u00eame chose. Je suis persuad\u00e9 que Victor sera tr\u00e8s vite tr\u00e8s haut dans la hi\u00e9rarchie du cyclisme sur la route<\/p>\n<\/blockquote>\n<p style=\"text-align: justify;\"><strong>Victor Koretzky<\/strong> n&rsquo;a aucune r\u00e9f\u00e9rence sur route mais il se sait maintenant attendu au plus haut par son nouveau manager. Quel programme va-t-il se fixer pour sa premi\u00e8re ann\u00e9e sur la route ? R\u00e9ponse dans quelques semaines.<\/p>\n<blockquote class=\"twitter-tweet\">\n<p dir=\"ltr\" lang=\"ro\">ITW : J\u00e9r\u00f4me Pineau : \u00ab\u00a0Si Victor Koretzky s&rsquo;appelait Van der Poel&#8230;\u00a0\u00bb <a href=\"https:\/\/twitter.com\/hashtag\/Pineau?src=hash&amp;ref_src=twsrc%5Etfw\">#Pineau<\/a> <a href=\"https:\/\/twitter.com\/hashtag\/MeninGlaz?src=hash&amp;ref_src=twsrc%5Etfw\">#MeninGlaz<\/a> <a href=\"https:\/\/twitter.com\/hashtag\/Coquard?src=hash&amp;ref_src=twsrc%5Etfw\">#Coquard<\/a> <a href=\"https:\/\/twitter.com\/hashtag\/Bonnamour?src=hash&amp;ref_src=twsrc%5Etfw\">#Bonnamour<\/a> <a href=\"https:\/\/twitter.com\/hashtag\/TDF2022?src=hash&amp;ref_src=twsrc%5Etfw\">#TDF2022<\/a> <a href=\"https:\/\/t.co\/lEGKIOrMS5\">https:\/\/t.co\/lEGKIOrMS5<\/a><\/p>\n<p>\u2014 Cyclism&rsquo;Actu (@cyclismactu) <a href=\"https:\/\/twitter.com\/cyclismactu\/status\/1458500229838213121?ref_src=twsrc%5Etfw\">November 10, 2021<\/a><\/p><\/blockquote>\n<p style=\"text-align: justify;\"><script async src=\"https:\/\/platform.twitter.com\/widgets.js\" charset=\"utf-8\"><\/script><\/p>\n","protected":false},"excerpt":{"rendered":"<p>CYCLISME &#8211; Dans un entretien pour Cyclism&rsquo;Actu, J\u00e9r\u00f4me Pineau, le boss de la formation\u00a0 a \u00e9voqu\u00e9 le recrutement de Victor Koretzky qui sort d&rsquo;une grosse saison en VTT.\u00a0<\/p>\n","protected":false},"author":1,"featured_media":178976,"comment_status":"open","ping_status":"closed","sticky":false,"template":"","format":"standard","meta":{"_acf_changed":false,"_daextam_enable_autolinks":"","footnotes":""},"categories":[2307],"tags":[574,5851,16547],"class_list":["post-178972","post","type-post","status-publish","format-standard","has-post-thumbnail","hentry","category-cyclisme","tag-cyclisme","tag-jerome-pineau","tag-victor-koretzky"],"acf":[],"yoast_head":"<!-- This site is optimized with the Yoast SEO Premium plugin v26.7 (Yoast SEO v26.7) - https:\/\/yoast.com\/wordpress\/plugins\/seo\/ -->\n<title>J\u00e9r\u00f4me Pineau : &quot;Je suis persuad\u00e9 que Victor Koretzky sera tr\u00e8s vite tr\u00e8s haut&quot;<\/title>\n<meta name=\"description\" content=\"CYCLISME - Dans un entretien pour Cyclism&#039;Actu, J\u00e9r\u00f4me Pineau, le boss de la formation\u00a0 a \u00e9voqu\u00e9 le recrutement de Victor Koretzky.\" \/>\n<meta name=\"robots\" content=\"index, follow, max-snippet:-1, max-image-preview:large, max-video-preview:-1\" \/>\n<link rel=\"canonical\" href=\"https:\/\/dicodusport.fr\/blog\/jerome-pineau-je-suis-persuade-que-victor-koretzky-sera-tres-vite-tres-haut\/\" \/>\n<meta property=\"og:locale\" content=\"fr_FR\" \/>\n<meta property=\"og:type\" content=\"article\" \/>\n<meta property=\"og:title\" content=\"J\u00e9r\u00f4me Pineau : &quot;Je suis persuad\u00e9 que Victor Koretzky sera tr\u00e8s vite tr\u00e8s haut&quot;\" \/>\n<meta property=\"og:description\" content=\"CYCLISME - Dans un entretien pour Cyclism&#039;Actu, J\u00e9r\u00f4me Pineau, le boss de la formation\u00a0 a \u00e9voqu\u00e9 le recrutement de Victor Koretzky.\" \/>\n<meta property=\"og:url\" content=\"https:\/\/dicodusport.fr\/blog\/jerome-pineau-je-suis-persuade-que-victor-koretzky-sera-tres-vite-tres-haut\/\" \/>\n<meta property=\"og:site_name\" content=\"Dicodusport\" \/>\n<meta property=\"article:publisher\" content=\"https:\/\/www.facebook.com\/dicodusport\" \/>\n<meta property=\"article:author\" content=\"https:\/\/www.facebook.com\/dicodusport\" \/>\n<meta property=\"article:published_time\" content=\"2021-11-13T11:01:58+00:00\" \/>\n<meta property=\"article:modified_time\" content=\"2021-11-13T16:55:53+00:00\" \/>\n<meta property=\"og:image\" content=\"https:\/\/dicodusport.fr\/blog\/wp-content\/uploads\/2021\/11\/Je\u0301ro\u0302me-Pineau-Je-suis-persuade\u0301-que-Victor-Koretzky-sera-tre\u0300s-vite-tre\u0300s-haut.png\" \/>\n\t<meta property=\"og:image:width\" content=\"800\" \/>\n\t<meta property=\"og:image:height\" content=\"445\" \/>\n\t<meta property=\"og:image:type\" content=\"image\/png\" \/>\n<meta name=\"author\" content=\"Nicolas Jacquemard\" \/>\n<meta name=\"twitter:card\" content=\"summary_large_image\" \/>\n<meta name=\"twitter:title\" content=\"J\u00e9r\u00f4me Pineau : &quot;Je suis persuad\u00e9 que Victor Koretzky sera tr\u00e8s vite tr\u00e8s haut&quot;\" \/>\n<meta name=\"twitter:creator\" content=\"@https:\/\/twitter.com\/Nico_Jacquemard\" \/>\n<meta name=\"twitter:site\" content=\"@dicodusport\" \/>\n<script type=\"application\/ld+json\" class=\"yoast-schema-graph\">{\"@context\":\"https:\/\/schema.org\",\"@graph\":[{\"@type\":\"NewsArticle\",\"@id\":\"https:\/\/dicodusport.fr\/blog\/jerome-pineau-je-suis-persuade-que-victor-koretzky-sera-tres-vite-tres-haut\/#article\",\"isPartOf\":{\"@id\":\"https:\/\/dicodusport.fr\/blog\/jerome-pineau-je-suis-persuade-que-victor-koretzky-sera-tres-vite-tres-haut\/\"},\"author\":{\"name\":\"Nicolas Jacquemard\",\"@id\":\"https:\/\/dicodusport.fr\/blog\/#\/schema\/person\/55dcb50ad410894e431ed812bbb70191\"},\"headline\":\"J\u00e9r\u00f4me Pineau : \u00ab\u00a0Je suis persuad\u00e9 que Victor Koretzky sera tr\u00e8s vite tr\u00e8s haut\u00a0\u00bb\",\"datePublished\":\"2021-11-13T11:01:58+00:00\",\"dateModified\":\"2021-11-13T16:55:53+00:00\",\"mainEntityOfPage\":{\"@id\":\"https:\/\/dicodusport.fr\/blog\/jerome-pineau-je-suis-persuade-que-victor-koretzky-sera-tres-vite-tres-haut\/\"},\"wordCount\":237,\"commentCount\":0,\"publisher\":{\"@id\":\"https:\/\/dicodusport.fr\/blog\/#organization\"},\"image\":{\"@id\":\"https:\/\/dicodusport.fr\/blog\/jerome-pineau-je-suis-persuade-que-victor-koretzky-sera-tres-vite-tres-haut\/#primaryimage\"},\"thumbnailUrl\":\"https:\/\/dicodusport.fr\/blog\/wp-content\/uploads\/2021\/11\/Je\u0301ro\u0302me-Pineau-Je-suis-persuade\u0301-que-Victor-Koretzky-sera-tre\u0300s-vite-tre\u0300s-haut.png\",\"keywords\":[\"Cyclisme\",\"J\u00e9r\u00f4me Pineau\",\"Victor Koretzky\"],\"articleSection\":[\"Cyclisme\"],\"inLanguage\":\"fr-FR\",\"potentialAction\":[{\"@type\":\"CommentAction\",\"name\":\"Comment\",\"target\":[\"https:\/\/dicodusport.fr\/blog\/jerome-pineau-je-suis-persuade-que-victor-koretzky-sera-tres-vite-tres-haut\/#respond\"]}],\"copyrightYear\":\"2021\",\"copyrightHolder\":{\"@id\":\"https:\/\/dicodusport.fr\/blog\/#organization\"}},{\"@type\":\"WebPage\",\"@id\":\"https:\/\/dicodusport.fr\/blog\/jerome-pineau-je-suis-persuade-que-victor-koretzky-sera-tres-vite-tres-haut\/\",\"url\":\"https:\/\/dicodusport.fr\/blog\/jerome-pineau-je-suis-persuade-que-victor-koretzky-sera-tres-vite-tres-haut\/\",\"name\":\"J\u00e9r\u00f4me Pineau : \\\"Je suis persuad\u00e9 que Victor Koretzky sera tr\u00e8s vite tr\u00e8s haut\\\"\",\"isPartOf\":{\"@id\":\"https:\/\/dicodusport.fr\/blog\/#website\"},\"primaryImageOfPage\":{\"@id\":\"https:\/\/dicodusport.fr\/blog\/jerome-pineau-je-suis-persuade-que-victor-koretzky-sera-tres-vite-tres-haut\/#primaryimage\"},\"image\":{\"@id\":\"https:\/\/dicodusport.fr\/blog\/jerome-pineau-je-suis-persuade-que-victor-koretzky-sera-tres-vite-tres-haut\/#primaryimage\"},\"thumbnailUrl\":\"https:\/\/dicodusport.fr\/blog\/wp-content\/uploads\/2021\/11\/Je\u0301ro\u0302me-Pineau-Je-suis-persuade\u0301-que-Victor-Koretzky-sera-tre\u0300s-vite-tre\u0300s-haut.png\",\"datePublished\":\"2021-11-13T11:01:58+00:00\",\"dateModified\":\"2021-11-13T16:55:53+00:00\",\"description\":\"CYCLISME - Dans un entretien pour Cyclism'Actu, J\u00e9r\u00f4me Pineau, le boss de la formation\u00a0 a \u00e9voqu\u00e9 le recrutement de Victor Koretzky.\",\"breadcrumb\":{\"@id\":\"https:\/\/dicodusport.fr\/blog\/jerome-pineau-je-suis-persuade-que-victor-koretzky-sera-tres-vite-tres-haut\/#breadcrumb\"},\"inLanguage\":\"fr-FR\",\"potentialAction\":[{\"@type\":\"ReadAction\",\"target\":[\"https:\/\/dicodusport.fr\/blog\/jerome-pineau-je-suis-persuade-que-victor-koretzky-sera-tres-vite-tres-haut\/\"]}]},{\"@type\":\"ImageObject\",\"inLanguage\":\"fr-FR\",\"@id\":\"https:\/\/dicodusport.fr\/blog\/jerome-pineau-je-suis-persuade-que-victor-koretzky-sera-tres-vite-tres-haut\/#primaryimage\",\"url\":\"https:\/\/dicodusport.fr\/blog\/wp-content\/uploads\/2021\/11\/Je\u0301ro\u0302me-Pineau-Je-suis-persuade\u0301-que-Victor-Koretzky-sera-tre\u0300s-vite-tre\u0300s-haut.png\",\"contentUrl\":\"https:\/\/dicodusport.fr\/blog\/wp-content\/uploads\/2021\/11\/Je\u0301ro\u0302me-Pineau-Je-suis-persuade\u0301-que-Victor-Koretzky-sera-tre\u0300s-vite-tre\u0300s-haut.png\",\"width\":800,\"height\":445},{\"@type\":\"BreadcrumbList\",\"@id\":\"https:\/\/dicodusport.fr\/blog\/jerome-pineau-je-suis-persuade-que-victor-koretzky-sera-tres-vite-tres-haut\/#breadcrumb\",\"itemListElement\":[{\"@type\":\"ListItem\",\"position\":1,\"name\":\"Accueil\",\"item\":\"https:\/\/dicodusport.fr\/blog\/\"},{\"@type\":\"ListItem\",\"position\":2,\"name\":\"J\u00e9r\u00f4me Pineau : \u00ab\u00a0Je suis persuad\u00e9 que Victor Koretzky sera tr\u00e8s vite tr\u00e8s haut\u00a0\u00bb\"}]},{\"@type\":\"WebSite\",\"@id\":\"https:\/\/dicodusport.fr\/blog\/#website\",\"url\":\"https:\/\/dicodusport.fr\/blog\/\",\"name\":\"Dicodusport\",\"description\":\"L&#039;encyclop\u00e9die de l&#039;actualit\u00e9 sportive\",\"publisher\":{\"@id\":\"https:\/\/dicodusport.fr\/blog\/#organization\"},\"potentialAction\":[{\"@type\":\"SearchAction\",\"target\":{\"@type\":\"EntryPoint\",\"urlTemplate\":\"https:\/\/dicodusport.fr\/blog\/?s={search_term_string}\"},\"query-input\":{\"@type\":\"PropertyValueSpecification\",\"valueRequired\":true,\"valueName\":\"search_term_string\"}}],\"inLanguage\":\"fr-FR\"},{\"@type\":\"NewsMediaOrganization\",\"@id\":\"https:\/\/dicodusport.fr\/blog\/#organization\",\"name\":\"Dicodusport\",\"url\":\"https:\/\/dicodusport.fr\/blog\/\",\"logo\":{\"@type\":\"ImageObject\",\"inLanguage\":\"fr-FR\",\"@id\":\"https:\/\/dicodusport.fr\/blog\/#\/schema\/logo\/image\/\",\"url\":\"https:\/\/dicodusport.fr\/blog\/wp-content\/uploads\/2020\/06\/cropped-LOGO-DICODUSPORT-2020-SANS-FOND-SANS-TEXTE.png\",\"contentUrl\":\"https:\/\/dicodusport.fr\/blog\/wp-content\/uploads\/2020\/06\/cropped-LOGO-DICODUSPORT-2020-SANS-FOND-SANS-TEXTE.png\",\"width\":512,\"height\":512,\"caption\":\"Dicodusport\"},\"image\":{\"@id\":\"https:\/\/dicodusport.fr\/blog\/#\/schema\/logo\/image\/\"},\"sameAs\":[\"https:\/\/www.facebook.com\/dicodusport\",\"https:\/\/x.com\/dicodusport\",\"https:\/\/www.instagram.com\/dicodusport\/\",\"https:\/\/www.youtube.com\/channel\/UC7V2KZ5sd3htJivAbA4ZG3w\"],\"description\":\"Dicodusport est l'encyclop\u00e9die de l'actualit\u00e9 sportive.\",\"email\":\"bonjour@dicodusport.fr\",\"legalName\":\"DICODUSPORT\",\"foundingDate\":\"2018-01-14\",\"vatID\":\"FR71834470973\",\"taxID\":\"83447097300043\",\"numberOfEmployees\":{\"@type\":\"QuantitativeValue\",\"minValue\":\"1\",\"maxValue\":\"10\"}},{\"@type\":\"Person\",\"@id\":\"https:\/\/dicodusport.fr\/blog\/#\/schema\/person\/55dcb50ad410894e431ed812bbb70191\",\"name\":\"Nicolas Jacquemard\",\"image\":{\"@type\":\"ImageObject\",\"inLanguage\":\"fr-FR\",\"@id\":\"https:\/\/dicodusport.fr\/blog\/#\/schema\/person\/image\/\",\"url\":\"https:\/\/dicodusport.fr\/blog\/wp-content\/uploads\/2021\/05\/Nicolas-Jacquemard-150x150.jpeg\",\"contentUrl\":\"https:\/\/dicodusport.fr\/blog\/wp-content\/uploads\/2021\/05\/Nicolas-Jacquemard-150x150.jpeg\",\"caption\":\"Nicolas Jacquemard\"},\"description\":\"Passionn\u00e9 de sport et entrepreneur depuis mes 18 ans, la cr\u00e9ation de Dicodusport m'a sembl\u00e9 \u00e9vidente pour participer \u00e0 la m\u00e9diatisation d'un plus grand nombre de sports. Le chemin est long mais avec une \u00e9quipe des plus motiv\u00e9es et les Jeux Olympiques de Paris 2024 en point de mire, nous y arriverons ! Journaliste dans le monde du sport depuis plus de 5 ans, je traite aussi bien de football, de rugby, de biathlon que de cyclisme.\",\"sameAs\":[\"https:\/\/www.facebook.com\/dicodusport\",\"https:\/\/x.com\/https:\/\/twitter.com\/Nico_Jacquemard\"],\"url\":\"https:\/\/dicodusport.fr\/blog\/author\/dicodusport\/\"}]}<\/script>\n<!-- \/ Yoast SEO Premium plugin. -->","yoast_head_json":{"title":"J\u00e9r\u00f4me Pineau : \"Je suis persuad\u00e9 que Victor Koretzky sera tr\u00e8s vite tr\u00e8s haut\"","description":"CYCLISME - Dans un entretien pour Cyclism'Actu, J\u00e9r\u00f4me Pineau, le boss de la formation\u00a0 a \u00e9voqu\u00e9 le recrutement de Victor Koretzky.","robots":{"index":"index","follow":"follow","max-snippet":"max-snippet:-1","max-image-preview":"max-image-preview:large","max-video-preview":"max-video-preview:-1"},"canonical":"https:\/\/dicodusport.fr\/blog\/jerome-pineau-je-suis-persuade-que-victor-koretzky-sera-tres-vite-tres-haut\/","og_locale":"fr_FR","og_type":"article","og_title":"J\u00e9r\u00f4me Pineau : \"Je suis persuad\u00e9 que Victor Koretzky sera tr\u00e8s vite tr\u00e8s haut\"","og_description":"CYCLISME - Dans un entretien pour Cyclism'Actu, J\u00e9r\u00f4me Pineau, le boss de la formation\u00a0 a \u00e9voqu\u00e9 le recrutement de Victor Koretzky.","og_url":"https:\/\/dicodusport.fr\/blog\/jerome-pineau-je-suis-persuade-que-victor-koretzky-sera-tres-vite-tres-haut\/","og_site_name":"Dicodusport","article_publisher":"https:\/\/www.facebook.com\/dicodusport","article_author":"https:\/\/www.facebook.com\/dicodusport","article_published_time":"2021-11-13T11:01:58+00:00","article_modified_time":"2021-11-13T16:55:53+00:00","og_image":[{"width":800,"height":445,"url":"https:\/\/dicodusport.fr\/blog\/wp-content\/uploads\/2021\/11\/Je\u0301ro\u0302me-Pineau-Je-suis-persuade\u0301-que-Victor-Koretzky-sera-tre\u0300s-vite-tre\u0300s-haut.png","type":"image\/png"}],"author":"Nicolas Jacquemard","twitter_card":"summary_large_image","twitter_title":"J\u00e9r\u00f4me Pineau : \"Je suis persuad\u00e9 que Victor Koretzky sera tr\u00e8s vite tr\u00e8s haut\"","twitter_creator":"@https:\/\/twitter.com\/Nico_Jacquemard","twitter_site":"@dicodusport","schema":{"@context":"https:\/\/schema.org","@graph":[{"@type":"NewsArticle","@id":"https:\/\/dicodusport.fr\/blog\/jerome-pineau-je-suis-persuade-que-victor-koretzky-sera-tres-vite-tres-haut\/#article","isPartOf":{"@id":"https:\/\/dicodusport.fr\/blog\/jerome-pineau-je-suis-persuade-que-victor-koretzky-sera-tres-vite-tres-haut\/"},"author":{"name":"Nicolas Jacquemard","@id":"https:\/\/dicodusport.fr\/blog\/#\/schema\/person\/55dcb50ad410894e431ed812bbb70191"},"headline":"J\u00e9r\u00f4me Pineau : \u00ab\u00a0Je suis persuad\u00e9 que Victor Koretzky sera tr\u00e8s vite tr\u00e8s haut\u00a0\u00bb","datePublished":"2021-11-13T11:01:58+00:00","dateModified":"2021-11-13T16:55:53+00:00","mainEntityOfPage":{"@id":"https:\/\/dicodusport.fr\/blog\/jerome-pineau-je-suis-persuade-que-victor-koretzky-sera-tres-vite-tres-haut\/"},"wordCount":237,"commentCount":0,"publisher":{"@id":"https:\/\/dicodusport.fr\/blog\/#organization"},"image":{"@id":"https:\/\/dicodusport.fr\/blog\/jerome-pineau-je-suis-persuade-que-victor-koretzky-sera-tres-vite-tres-haut\/#primaryimage"},"thumbnailUrl":"https:\/\/dicodusport.fr\/blog\/wp-content\/uploads\/2021\/11\/Je\u0301ro\u0302me-Pineau-Je-suis-persuade\u0301-que-Victor-Koretzky-sera-tre\u0300s-vite-tre\u0300s-haut.png","keywords":["Cyclisme","J\u00e9r\u00f4me Pineau","Victor Koretzky"],"articleSection":["Cyclisme"],"inLanguage":"fr-FR","potentialAction":[{"@type":"CommentAction","name":"Comment","target":["https:\/\/dicodusport.fr\/blog\/jerome-pineau-je-suis-persuade-que-victor-koretzky-sera-tres-vite-tres-haut\/#respond"]}],"copyrightYear":"2021","copyrightHolder":{"@id":"https:\/\/dicodusport.fr\/blog\/#organization"}},{"@type":"WebPage","@id":"https:\/\/dicodusport.fr\/blog\/jerome-pineau-je-suis-persuade-que-victor-koretzky-sera-tres-vite-tres-haut\/","url":"https:\/\/dicodusport.fr\/blog\/jerome-pineau-je-suis-persuade-que-victor-koretzky-sera-tres-vite-tres-haut\/","name":"J\u00e9r\u00f4me Pineau : \"Je suis persuad\u00e9 que Victor Koretzky sera tr\u00e8s vite tr\u00e8s haut\"","isPartOf":{"@id":"https:\/\/dicodusport.fr\/blog\/#website"},"primaryImageOfPage":{"@id":"https:\/\/dicodusport.fr\/blog\/jerome-pineau-je-suis-persuade-que-victor-koretzky-sera-tres-vite-tres-haut\/#primaryimage"},"image":{"@id":"https:\/\/dicodusport.fr\/blog\/jerome-pineau-je-suis-persuade-que-victor-koretzky-sera-tres-vite-tres-haut\/#primaryimage"},"thumbnailUrl":"https:\/\/dicodusport.fr\/blog\/wp-content\/uploads\/2021\/11\/Je\u0301ro\u0302me-Pineau-Je-suis-persuade\u0301-que-Victor-Koretzky-sera-tre\u0300s-vite-tre\u0300s-haut.png","datePublished":"2021-11-13T11:01:58+00:00","dateModified":"2021-11-13T16:55:53+00:00","description":"CYCLISME - Dans un entretien pour Cyclism'Actu, J\u00e9r\u00f4me Pineau, le boss de la formation\u00a0 a \u00e9voqu\u00e9 le recrutement de Victor Koretzky.","breadcrumb":{"@id":"https:\/\/dicodusport.fr\/blog\/jerome-pineau-je-suis-persuade-que-victor-koretzky-sera-tres-vite-tres-haut\/#breadcrumb"},"inLanguage":"fr-FR","potentialAction":[{"@type":"ReadAction","target":["https:\/\/dicodusport.fr\/blog\/jerome-pineau-je-suis-persuade-que-victor-koretzky-sera-tres-vite-tres-haut\/"]}]},{"@type":"ImageObject","inLanguage":"fr-FR","@id":"https:\/\/dicodusport.fr\/blog\/jerome-pineau-je-suis-persuade-que-victor-koretzky-sera-tres-vite-tres-haut\/#primaryimage","url":"https:\/\/dicodusport.fr\/blog\/wp-content\/uploads\/2021\/11\/Je\u0301ro\u0302me-Pineau-Je-suis-persuade\u0301-que-Victor-Koretzky-sera-tre\u0300s-vite-tre\u0300s-haut.png","contentUrl":"https:\/\/dicodusport.fr\/blog\/wp-content\/uploads\/2021\/11\/Je\u0301ro\u0302me-Pineau-Je-suis-persuade\u0301-que-Victor-Koretzky-sera-tre\u0300s-vite-tre\u0300s-haut.png","width":800,"height":445},{"@type":"BreadcrumbList","@id":"https:\/\/dicodusport.fr\/blog\/jerome-pineau-je-suis-persuade-que-victor-koretzky-sera-tres-vite-tres-haut\/#breadcrumb","itemListElement":[{"@type":"ListItem","position":1,"name":"Accueil","item":"https:\/\/dicodusport.fr\/blog\/"},{"@type":"ListItem","position":2,"name":"J\u00e9r\u00f4me Pineau : \u00ab\u00a0Je suis persuad\u00e9 que Victor Koretzky sera tr\u00e8s vite tr\u00e8s haut\u00a0\u00bb"}]},{"@type":"WebSite","@id":"https:\/\/dicodusport.fr\/blog\/#website","url":"https:\/\/dicodusport.fr\/blog\/","name":"Dicodusport","description":"L&#039;encyclop\u00e9die de l&#039;actualit\u00e9 sportive","publisher":{"@id":"https:\/\/dicodusport.fr\/blog\/#organization"},"potentialAction":[{"@type":"SearchAction","target":{"@type":"EntryPoint","urlTemplate":"https:\/\/dicodusport.fr\/blog\/?s={search_term_string}"},"query-input":{"@type":"PropertyValueSpecification","valueRequired":true,"valueName":"search_term_string"}}],"inLanguage":"fr-FR"},{"@type":"NewsMediaOrganization","@id":"https:\/\/dicodusport.fr\/blog\/#organization","name":"Dicodusport","url":"https:\/\/dicodusport.fr\/blog\/","logo":{"@type":"ImageObject","inLanguage":"fr-FR","@id":"https:\/\/dicodusport.fr\/blog\/#\/schema\/logo\/image\/","url":"https:\/\/dicodusport.fr\/blog\/wp-content\/uploads\/2020\/06\/cropped-LOGO-DICODUSPORT-2020-SANS-FOND-SANS-TEXTE.png","contentUrl":"https:\/\/dicodusport.fr\/blog\/wp-content\/uploads\/2020\/06\/cropped-LOGO-DICODUSPORT-2020-SANS-FOND-SANS-TEXTE.png","width":512,"height":512,"caption":"Dicodusport"},"image":{"@id":"https:\/\/dicodusport.fr\/blog\/#\/schema\/logo\/image\/"},"sameAs":["https:\/\/www.facebook.com\/dicodusport","https:\/\/x.com\/dicodusport","https:\/\/www.instagram.com\/dicodusport\/","https:\/\/www.youtube.com\/channel\/UC7V2KZ5sd3htJivAbA4ZG3w"],"description":"Dicodusport est l'encyclop\u00e9die de l'actualit\u00e9 sportive.","email":"bonjour@dicodusport.fr","legalName":"DICODUSPORT","foundingDate":"2018-01-14","vatID":"FR71834470973","taxID":"83447097300043","numberOfEmployees":{"@type":"QuantitativeValue","minValue":"1","maxValue":"10"}},{"@type":"Person","@id":"https:\/\/dicodusport.fr\/blog\/#\/schema\/person\/55dcb50ad410894e431ed812bbb70191","name":"Nicolas Jacquemard","image":{"@type":"ImageObject","inLanguage":"fr-FR","@id":"https:\/\/dicodusport.fr\/blog\/#\/schema\/person\/image\/","url":"https:\/\/dicodusport.fr\/blog\/wp-content\/uploads\/2021\/05\/Nicolas-Jacquemard-150x150.jpeg","contentUrl":"https:\/\/dicodusport.fr\/blog\/wp-content\/uploads\/2021\/05\/Nicolas-Jacquemard-150x150.jpeg","caption":"Nicolas Jacquemard"},"description":"Passionn\u00e9 de sport et entrepreneur depuis mes 18 ans, la cr\u00e9ation de Dicodusport m'a sembl\u00e9 \u00e9vidente pour participer \u00e0 la m\u00e9diatisation d'un plus grand nombre de sports. Le chemin est long mais avec une \u00e9quipe des plus motiv\u00e9es et les Jeux Olympiques de Paris 2024 en point de mire, nous y arriverons ! Journaliste dans le monde du sport depuis plus de 5 ans, je traite aussi bien de football, de rugby, de biathlon que de cyclisme.","sameAs":["https:\/\/www.facebook.com\/dicodusport","https:\/\/x.com\/https:\/\/twitter.com\/Nico_Jacquemard"],"url":"https:\/\/dicodusport.fr\/blog\/author\/dicodusport\/"}]}},"_links":{"self":[{"href":"https:\/\/dicodusport.fr\/blog\/wp-json\/wp\/v2\/posts\/178972","targetHints":{"allow":["GET"]}}],"collection":[{"href":"https:\/\/dicodusport.fr\/blog\/wp-json\/wp\/v2\/posts"}],"about":[{"href":"https:\/\/dicodusport.fr\/blog\/wp-json\/wp\/v2\/types\/post"}],"author":[{"embeddable":true,"href":"https:\/\/dicodusport.fr\/blog\/wp-json\/wp\/v2\/users\/1"}],"replies":[{"embeddable":true,"href":"https:\/\/dicodusport.fr\/blog\/wp-json\/wp\/v2\/comments?post=178972"}],"version-history":[{"count":0,"href":"https:\/\/dicodusport.fr\/blog\/wp-json\/wp\/v2\/posts\/178972\/revisions"}],"wp:featuredmedia":[{"embeddable":true,"href":"https:\/\/dicodusport.fr\/blog\/wp-json\/wp\/v2\/media\/178976"}],"wp:attachment":[{"href":"https:\/\/dicodusport.fr\/blog\/wp-json\/wp\/v2\/media?parent=178972"}],"wp:term":[{"taxonomy":"category","embeddable":true,"href":"https:\/\/dicodusport.fr\/blog\/wp-json\/wp\/v2\/categories?post=178972"},{"taxonomy":"post_tag","embeddable":true,"href":"https:\/\/dicodusport.fr\/blog\/wp-json\/wp\/v2\/tags?post=178972"}],"curies":[{"name":"wp","href":"https:\/\/api.w.org\/{rel}","templated":true}]}}