{"id":179011,"date":"2021-11-13T15:12:41","date_gmt":"2021-11-13T14:12:41","guid":{"rendered":"https:\/\/dicodusport.fr\/blog\/?p=179011&#038;preview=true&#038;preview_id=179011"},"modified":"2021-11-13T15:34:14","modified_gmt":"2021-11-13T14:34:14","slug":"biathlon-sjusjoen-sivert-guttorm-bakken-remporte-sprint-fillon-maillet-6eme","status":"publish","type":"post","link":"https:\/\/dicodusport.fr\/blog\/biathlon-sjusjoen-sivert-guttorm-bakken-remporte-sprint-fillon-maillet-6eme\/","title":{"rendered":"Biathlon \u2013 Sjusjoen : Sivert Guttorm Bakken remporte le sprint, Fillon Maillet 6\u00e8me"},"content":{"rendered":"<p style=\"text-align: justify;\"><em><strong><a href=\"https:\/\/dicodusport.fr\/blog\/biathlon-sjusjoen-le-programme-complet\/\">BIATHLON &#8211; SJUSJOEN<\/a> &#8211; Aux portes de l&rsquo;\u00e9quipe de Norv\u00e8ge A, Sivert Guttorm\u00a0Bakken, 23 ans, a cr\u00e9\u00e9 la surprise en remportant le sprint de pr\u00e9saison \u00e0 Sjusjoen (Norv\u00e8ge). Il devance ses deux compatriotes Havard Bogetveit et Tarjei Boe. Premier Fran\u00e7ais, Quentin Fillon Maillet se classe 6\u00e8me.<\/strong><\/em><\/p>\n<p style=\"text-align: justify;\"><strong>Sivert Guttorm Bakken<\/strong>, la surprise du chef ! Gr\u00e2ce \u00e0 un sans-faute au tir et un ski rapide, le Norv\u00e9gien de 23 ans a remport\u00e9 le sprint de pr\u00e9saison \u00e0 Sjusjoen ce samedi. Cantonn\u00e9, pour le moment, \u00e0 l&rsquo;IBU Cup (11 podiums dont 4 victoires), il a devanc\u00e9 ses deux compatriotes <strong>Havard Bogetveit<\/strong> et <strong>Tarjei Boe<\/strong>. Le premier s&rsquo;est fendu d&rsquo;un 9\/10 au tir et termine \u00e0 9,5 secondes, le second cit\u00e9 termine \u00e9galement avec une faute, \u00e0 10,6 secondes. Premier Fran\u00e7ais, <strong>Quentin Fillon Maillet<\/strong> (9\/10) doit se contenter de la 6\u00e8me place, \u00e0 19,7 secondes. <strong>\u00c9milien Jacquelin<\/strong> (8\u00e8me, 8\/10) et <strong>Simon Desthieux<\/strong> (9\u00e8me, 9\/10) sont \u00e9galement dans le coup.<\/p>\n<p style=\"text-align: justify;\">R\u00e9v\u00e9lation de la saison derni\u00e8re en terminant deuxi\u00e8me du g\u00e9n\u00e9ral de la Coupe du monde pour sa premi\u00e8re saison compl\u00e8te sur le circuit, <strong>Sturla Laegreid<\/strong> est loin, 20\u00e8me \u00e0 1:10, avec seulement une faute face aux cibles.<\/p>\n<blockquote class=\"twitter-tweet\">\n<p dir=\"ltr\" lang=\"fr\">Sjusjoen &#8211; Quintupl\u00e9 norv\u00e9gien men\u00e9 par Sivert Guttorm Bakken &#x1f1f3;&#x1f1f4;<\/p>\n<p>Le prometteur Sivert Guttorm Bakken a remport\u00e9 le sprint de Sjusjoen en devan\u00e7ant tous les cadors. Quentin Fillon Maillet, premier Fran\u00e7ais, est sixi\u00e8me.<\/p>\n<p>&#x1f4f8; Kevin Voigt <a href=\"https:\/\/t.co\/NjiD88m1TH\">pic.twitter.com\/NjiD88m1TH<\/a><\/p>\n<p>\u2014 Biathlon Live (@BiathlonLivefr) <a href=\"https:\/\/twitter.com\/BiathlonLivefr\/status\/1459523095916593154?ref_src=twsrc%5Etfw\">November 13, 2021<\/a><\/p><\/blockquote>\n<p><script async src=\"https:\/\/platform.twitter.com\/widgets.js\" charset=\"utf-8\"><\/script><\/p>\n<ul>\n<li style=\"text-align: justify;\"><strong>\u00c0 lire aussi &#8211; <a href=\"https:\/\/dicodusport.fr\/blog\/biathlon-sjusjoen-classement-sprint-hommes\/\">Le classement du sprint hommes \u00e0 Sjusjoen<\/a><\/strong><\/li>\n<\/ul>\n","protected":false},"excerpt":{"rendered":"<p>BIATHLON &#8211; SJUSJOEN &#8211; Aux portes de l&rsquo;\u00e9quipe de Norv\u00e8ge A, Sivert Guttorm\u00a0Bakken, 23 ans, a cr\u00e9\u00e9 la surprise en remportant le sprint de pr\u00e9saison \u00e0 Sjusjoen (Norv\u00e8ge). Il devance ses deux compatriotes Havard Bogetveit et Tarjei Boe. Premier Fran\u00e7ais, Quentin Fillon Maillet se classe 6\u00e8me.<\/p>\n","protected":false},"author":4,"featured_media":179062,"comment_status":"open","ping_status":"closed","sticky":false,"template":"","format":"standard","meta":{"_acf_changed":false,"_daextam_enable_autolinks":"","footnotes":""},"categories":[2426],"tags":[2427,20374,9201],"class_list":["post-179011","post","type-post","status-publish","format-standard","has-post-thumbnail","hentry","category-biathlon","tag-biathlon","tag-biathlon-sjusjoen","tag-sjusjoen"],"acf":[],"yoast_head":"<!-- This site is optimized with the Yoast SEO Premium plugin v26.7 (Yoast SEO v26.7) - https:\/\/yoast.com\/wordpress\/plugins\/seo\/ -->\n<title>Biathlon \u2013 Sjusjoen : Sivert Guttorm Bakken remporte le sprint, Fillon Maillet 6\u00e8me<\/title>\n<meta name=\"description\" content=\"BIATHLON - SJUSJOEN - Aux portes de l&#039;\u00e9quipe de Norv\u00e8ge A, Sivert Guttorm\u00a0Bakken, 23 ans, a cr\u00e9\u00e9 la surprise en remportant le sprint de pr\u00e9saison \u00e0 Sjusjoen.\" \/>\n<meta name=\"robots\" content=\"index, follow, max-snippet:-1, max-image-preview:large, max-video-preview:-1\" \/>\n<link rel=\"canonical\" href=\"https:\/\/dicodusport.fr\/blog\/biathlon-sjusjoen-sivert-guttorm-bakken-remporte-sprint-fillon-maillet-6eme\/\" \/>\n<meta property=\"og:locale\" content=\"fr_FR\" \/>\n<meta property=\"og:type\" content=\"article\" \/>\n<meta property=\"og:title\" content=\"Biathlon \u2013 Sjusjoen : Sivert Guttorm Bakken remporte le sprint, Fillon Maillet 6\u00e8me\" \/>\n<meta property=\"og:description\" content=\"BIATHLON - SJUSJOEN - Aux portes de l&#039;\u00e9quipe de Norv\u00e8ge A, Sivert Guttorm\u00a0Bakken, 23 ans, a cr\u00e9\u00e9 la surprise en remportant le sprint de pr\u00e9saison \u00e0 Sjusjoen.\" \/>\n<meta property=\"og:url\" content=\"https:\/\/dicodusport.fr\/blog\/biathlon-sjusjoen-sivert-guttorm-bakken-remporte-sprint-fillon-maillet-6eme\/\" \/>\n<meta property=\"og:site_name\" content=\"Dicodusport\" \/>\n<meta property=\"article:publisher\" content=\"https:\/\/www.facebook.com\/dicodusport\" \/>\n<meta property=\"article:author\" content=\"https:\/\/www.facebook.com\/florent.ostermann\" \/>\n<meta property=\"article:published_time\" content=\"2021-11-13T14:12:41+00:00\" \/>\n<meta property=\"article:modified_time\" content=\"2021-11-13T14:34:14+00:00\" \/>\n<meta property=\"og:image\" content=\"https:\/\/dicodusport.fr\/blog\/wp-content\/uploads\/2021\/11\/Biathlon-\u2013-Sjusjoen-Sivert-Guttorm-Bakken-remporte-le-sprint-Fillon-Maillet-6eme.png\" \/>\n\t<meta property=\"og:image:width\" content=\"800\" \/>\n\t<meta property=\"og:image:height\" content=\"445\" \/>\n\t<meta property=\"og:image:type\" content=\"image\/png\" \/>\n<meta name=\"author\" content=\"Flo Ostermann\" \/>\n<meta name=\"twitter:card\" content=\"summary_large_image\" \/>\n<meta name=\"twitter:title\" content=\"Biathlon \u2013 Sjusjoen : Sivert Guttorm Bakken remporte le sprint, Fillon Maillet 6\u00e8me\" \/>\n<meta name=\"twitter:creator\" content=\"@https:\/\/twitter.com\/FlOstermann\" \/>\n<meta name=\"twitter:site\" content=\"@dicodusport\" \/>\n<script type=\"application\/ld+json\" class=\"yoast-schema-graph\">{\"@context\":\"https:\/\/schema.org\",\"@graph\":[{\"@type\":\"NewsArticle\",\"@id\":\"https:\/\/dicodusport.fr\/blog\/biathlon-sjusjoen-sivert-guttorm-bakken-remporte-sprint-fillon-maillet-6eme\/#article\",\"isPartOf\":{\"@id\":\"https:\/\/dicodusport.fr\/blog\/biathlon-sjusjoen-sivert-guttorm-bakken-remporte-sprint-fillon-maillet-6eme\/\"},\"author\":{\"name\":\"Flo Ostermann\",\"@id\":\"https:\/\/dicodusport.fr\/blog\/#\/schema\/person\/cb02af4c173ce4a653b55e9baf388d4a\"},\"headline\":\"Biathlon \u2013 Sjusjoen : Sivert Guttorm Bakken remporte le sprint, Fillon Maillet 6\u00e8me\",\"datePublished\":\"2021-11-13T14:12:41+00:00\",\"dateModified\":\"2021-11-13T14:34:14+00:00\",\"mainEntityOfPage\":{\"@id\":\"https:\/\/dicodusport.fr\/blog\/biathlon-sjusjoen-sivert-guttorm-bakken-remporte-sprint-fillon-maillet-6eme\/\"},\"wordCount\":270,\"commentCount\":0,\"publisher\":{\"@id\":\"https:\/\/dicodusport.fr\/blog\/#organization\"},\"image\":{\"@id\":\"https:\/\/dicodusport.fr\/blog\/biathlon-sjusjoen-sivert-guttorm-bakken-remporte-sprint-fillon-maillet-6eme\/#primaryimage\"},\"thumbnailUrl\":\"https:\/\/dicodusport.fr\/blog\/wp-content\/uploads\/2021\/11\/Biathlon-\u2013-Sjusjoen-Sivert-Guttorm-Bakken-remporte-le-sprint-Fillon-Maillet-6eme.png\",\"keywords\":[\"Biathlon\",\"Biathlon Sjusjoen\",\"Sjusjoen\"],\"articleSection\":[\"Biathlon\"],\"inLanguage\":\"fr-FR\",\"potentialAction\":[{\"@type\":\"CommentAction\",\"name\":\"Comment\",\"target\":[\"https:\/\/dicodusport.fr\/blog\/biathlon-sjusjoen-sivert-guttorm-bakken-remporte-sprint-fillon-maillet-6eme\/#respond\"]}],\"copyrightYear\":\"2021\",\"copyrightHolder\":{\"@id\":\"https:\/\/dicodusport.fr\/blog\/#organization\"}},{\"@type\":\"WebPage\",\"@id\":\"https:\/\/dicodusport.fr\/blog\/biathlon-sjusjoen-sivert-guttorm-bakken-remporte-sprint-fillon-maillet-6eme\/\",\"url\":\"https:\/\/dicodusport.fr\/blog\/biathlon-sjusjoen-sivert-guttorm-bakken-remporte-sprint-fillon-maillet-6eme\/\",\"name\":\"Biathlon \u2013 Sjusjoen : Sivert Guttorm Bakken remporte le sprint, Fillon Maillet 6\u00e8me\",\"isPartOf\":{\"@id\":\"https:\/\/dicodusport.fr\/blog\/#website\"},\"primaryImageOfPage\":{\"@id\":\"https:\/\/dicodusport.fr\/blog\/biathlon-sjusjoen-sivert-guttorm-bakken-remporte-sprint-fillon-maillet-6eme\/#primaryimage\"},\"image\":{\"@id\":\"https:\/\/dicodusport.fr\/blog\/biathlon-sjusjoen-sivert-guttorm-bakken-remporte-sprint-fillon-maillet-6eme\/#primaryimage\"},\"thumbnailUrl\":\"https:\/\/dicodusport.fr\/blog\/wp-content\/uploads\/2021\/11\/Biathlon-\u2013-Sjusjoen-Sivert-Guttorm-Bakken-remporte-le-sprint-Fillon-Maillet-6eme.png\",\"datePublished\":\"2021-11-13T14:12:41+00:00\",\"dateModified\":\"2021-11-13T14:34:14+00:00\",\"description\":\"BIATHLON - SJUSJOEN - Aux portes de l'\u00e9quipe de Norv\u00e8ge A, Sivert Guttorm\u00a0Bakken, 23 ans, a cr\u00e9\u00e9 la surprise en remportant le sprint de pr\u00e9saison \u00e0 Sjusjoen.\",\"breadcrumb\":{\"@id\":\"https:\/\/dicodusport.fr\/blog\/biathlon-sjusjoen-sivert-guttorm-bakken-remporte-sprint-fillon-maillet-6eme\/#breadcrumb\"},\"inLanguage\":\"fr-FR\",\"potentialAction\":[{\"@type\":\"ReadAction\",\"target\":[\"https:\/\/dicodusport.fr\/blog\/biathlon-sjusjoen-sivert-guttorm-bakken-remporte-sprint-fillon-maillet-6eme\/\"]}]},{\"@type\":\"ImageObject\",\"inLanguage\":\"fr-FR\",\"@id\":\"https:\/\/dicodusport.fr\/blog\/biathlon-sjusjoen-sivert-guttorm-bakken-remporte-sprint-fillon-maillet-6eme\/#primaryimage\",\"url\":\"https:\/\/dicodusport.fr\/blog\/wp-content\/uploads\/2021\/11\/Biathlon-\u2013-Sjusjoen-Sivert-Guttorm-Bakken-remporte-le-sprint-Fillon-Maillet-6eme.png\",\"contentUrl\":\"https:\/\/dicodusport.fr\/blog\/wp-content\/uploads\/2021\/11\/Biathlon-\u2013-Sjusjoen-Sivert-Guttorm-Bakken-remporte-le-sprint-Fillon-Maillet-6eme.png\",\"width\":800,\"height\":445,\"caption\":\"Biathlon \u2013 Sjusjoen Sivert Guttorm Bakken remporte le sprint, Fillon Maillet 6\u00e8me\"},{\"@type\":\"BreadcrumbList\",\"@id\":\"https:\/\/dicodusport.fr\/blog\/biathlon-sjusjoen-sivert-guttorm-bakken-remporte-sprint-fillon-maillet-6eme\/#breadcrumb\",\"itemListElement\":[{\"@type\":\"ListItem\",\"position\":1,\"name\":\"Accueil\",\"item\":\"https:\/\/dicodusport.fr\/blog\/\"},{\"@type\":\"ListItem\",\"position\":2,\"name\":\"Biathlon \u2013 Sjusjoen : Sivert Guttorm Bakken remporte le sprint, Fillon Maillet 6\u00e8me\"}]},{\"@type\":\"WebSite\",\"@id\":\"https:\/\/dicodusport.fr\/blog\/#website\",\"url\":\"https:\/\/dicodusport.fr\/blog\/\",\"name\":\"Dicodusport\",\"description\":\"L&#039;encyclop\u00e9die de l&#039;actualit\u00e9 sportive\",\"publisher\":{\"@id\":\"https:\/\/dicodusport.fr\/blog\/#organization\"},\"potentialAction\":[{\"@type\":\"SearchAction\",\"target\":{\"@type\":\"EntryPoint\",\"urlTemplate\":\"https:\/\/dicodusport.fr\/blog\/?s={search_term_string}\"},\"query-input\":{\"@type\":\"PropertyValueSpecification\",\"valueRequired\":true,\"valueName\":\"search_term_string\"}}],\"inLanguage\":\"fr-FR\"},{\"@type\":\"NewsMediaOrganization\",\"@id\":\"https:\/\/dicodusport.fr\/blog\/#organization\",\"name\":\"Dicodusport\",\"url\":\"https:\/\/dicodusport.fr\/blog\/\",\"logo\":{\"@type\":\"ImageObject\",\"inLanguage\":\"fr-FR\",\"@id\":\"https:\/\/dicodusport.fr\/blog\/#\/schema\/logo\/image\/\",\"url\":\"https:\/\/dicodusport.fr\/blog\/wp-content\/uploads\/2020\/06\/cropped-LOGO-DICODUSPORT-2020-SANS-FOND-SANS-TEXTE.png\",\"contentUrl\":\"https:\/\/dicodusport.fr\/blog\/wp-content\/uploads\/2020\/06\/cropped-LOGO-DICODUSPORT-2020-SANS-FOND-SANS-TEXTE.png\",\"width\":512,\"height\":512,\"caption\":\"Dicodusport\"},\"image\":{\"@id\":\"https:\/\/dicodusport.fr\/blog\/#\/schema\/logo\/image\/\"},\"sameAs\":[\"https:\/\/www.facebook.com\/dicodusport\",\"https:\/\/x.com\/dicodusport\",\"https:\/\/www.instagram.com\/dicodusport\/\",\"https:\/\/www.youtube.com\/channel\/UC7V2KZ5sd3htJivAbA4ZG3w\"],\"description\":\"Dicodusport est l'encyclop\u00e9die de l'actualit\u00e9 sportive.\",\"email\":\"bonjour@dicodusport.fr\",\"legalName\":\"DICODUSPORT\",\"foundingDate\":\"2018-01-14\",\"vatID\":\"FR71834470973\",\"taxID\":\"83447097300043\",\"numberOfEmployees\":{\"@type\":\"QuantitativeValue\",\"minValue\":\"1\",\"maxValue\":\"10\"}},{\"@type\":\"Person\",\"@id\":\"https:\/\/dicodusport.fr\/blog\/#\/schema\/person\/cb02af4c173ce4a653b55e9baf388d4a\",\"name\":\"Flo Ostermann\",\"image\":{\"@type\":\"ImageObject\",\"inLanguage\":\"fr-FR\",\"@id\":\"https:\/\/dicodusport.fr\/blog\/#\/schema\/person\/image\/\",\"url\":\"https:\/\/dicodusport.fr\/blog\/wp-content\/uploads\/2021\/05\/Flo-Ostermann-150x150.jpg\",\"contentUrl\":\"https:\/\/dicodusport.fr\/blog\/wp-content\/uploads\/2021\/05\/Flo-Ostermann-150x150.jpg\",\"caption\":\"Flo Ostermann\"},\"description\":\"Journaliste\/R\u00e9dacteur depuis septembre 2015 - Mes premiers souvenirs dans le sport ? Les envol\u00e9es du Stade Toulousain et les duels Villeneuve-Schumacher et H\u00e4kkinen-Schumacher \u00e0 la fin des ann\u00e9es 90, la Coupe du monde de football en 1998, l\u2019exploit du XV de France face aux All Blacks en 1999, mais aussi Richard C\u0153ur de Lion qui vole sur les montagnes du Tour de France. Bien parti pour devenir professeur d\u2019EPS, les \u00e9v\u00e9nements de la vie (et la flemme d\u2019animer des s\u00e9ances de 3x500 m\u00e8tres toute ma vie) m\u2019ont conduit \u00e0 revoir mes plans. Me voil\u00e0 depuis fin 2017 sur Dicodusport, m\u00e9dia gr\u00e2ce (et pour) lequel je partage ma passion : le sport dans tous ses \u00e9tats. Le tout accompagn\u00e9 par les fous furieux et folles furieuses cit\u00e9s sur cette page !\",\"sameAs\":[\"https:\/\/www.facebook.com\/florent.ostermann\",\"https:\/\/x.com\/https:\/\/twitter.com\/FlOstermann\",\"admin\"],\"url\":\"https:\/\/dicodusport.fr\/blog\/author\/flo\/\"}]}<\/script>\n<!-- \/ Yoast SEO Premium plugin. -->","yoast_head_json":{"title":"Biathlon \u2013 Sjusjoen : Sivert Guttorm Bakken remporte le sprint, Fillon Maillet 6\u00e8me","description":"BIATHLON - SJUSJOEN - Aux portes de l'\u00e9quipe de Norv\u00e8ge A, Sivert Guttorm\u00a0Bakken, 23 ans, a cr\u00e9\u00e9 la surprise en remportant le sprint de pr\u00e9saison \u00e0 Sjusjoen.","robots":{"index":"index","follow":"follow","max-snippet":"max-snippet:-1","max-image-preview":"max-image-preview:large","max-video-preview":"max-video-preview:-1"},"canonical":"https:\/\/dicodusport.fr\/blog\/biathlon-sjusjoen-sivert-guttorm-bakken-remporte-sprint-fillon-maillet-6eme\/","og_locale":"fr_FR","og_type":"article","og_title":"Biathlon \u2013 Sjusjoen : Sivert Guttorm Bakken remporte le sprint, Fillon Maillet 6\u00e8me","og_description":"BIATHLON - SJUSJOEN - Aux portes de l'\u00e9quipe de Norv\u00e8ge A, Sivert Guttorm\u00a0Bakken, 23 ans, a cr\u00e9\u00e9 la surprise en remportant le sprint de pr\u00e9saison \u00e0 Sjusjoen.","og_url":"https:\/\/dicodusport.fr\/blog\/biathlon-sjusjoen-sivert-guttorm-bakken-remporte-sprint-fillon-maillet-6eme\/","og_site_name":"Dicodusport","article_publisher":"https:\/\/www.facebook.com\/dicodusport","article_author":"https:\/\/www.facebook.com\/florent.ostermann","article_published_time":"2021-11-13T14:12:41+00:00","article_modified_time":"2021-11-13T14:34:14+00:00","og_image":[{"width":800,"height":445,"url":"https:\/\/dicodusport.fr\/blog\/wp-content\/uploads\/2021\/11\/Biathlon-\u2013-Sjusjoen-Sivert-Guttorm-Bakken-remporte-le-sprint-Fillon-Maillet-6eme.png","type":"image\/png"}],"author":"Flo Ostermann","twitter_card":"summary_large_image","twitter_title":"Biathlon \u2013 Sjusjoen : Sivert Guttorm Bakken remporte le sprint, Fillon Maillet 6\u00e8me","twitter_creator":"@https:\/\/twitter.com\/FlOstermann","twitter_site":"@dicodusport","schema":{"@context":"https:\/\/schema.org","@graph":[{"@type":"NewsArticle","@id":"https:\/\/dicodusport.fr\/blog\/biathlon-sjusjoen-sivert-guttorm-bakken-remporte-sprint-fillon-maillet-6eme\/#article","isPartOf":{"@id":"https:\/\/dicodusport.fr\/blog\/biathlon-sjusjoen-sivert-guttorm-bakken-remporte-sprint-fillon-maillet-6eme\/"},"author":{"name":"Flo Ostermann","@id":"https:\/\/dicodusport.fr\/blog\/#\/schema\/person\/cb02af4c173ce4a653b55e9baf388d4a"},"headline":"Biathlon \u2013 Sjusjoen : Sivert Guttorm Bakken remporte le sprint, Fillon Maillet 6\u00e8me","datePublished":"2021-11-13T14:12:41+00:00","dateModified":"2021-11-13T14:34:14+00:00","mainEntityOfPage":{"@id":"https:\/\/dicodusport.fr\/blog\/biathlon-sjusjoen-sivert-guttorm-bakken-remporte-sprint-fillon-maillet-6eme\/"},"wordCount":270,"commentCount":0,"publisher":{"@id":"https:\/\/dicodusport.fr\/blog\/#organization"},"image":{"@id":"https:\/\/dicodusport.fr\/blog\/biathlon-sjusjoen-sivert-guttorm-bakken-remporte-sprint-fillon-maillet-6eme\/#primaryimage"},"thumbnailUrl":"https:\/\/dicodusport.fr\/blog\/wp-content\/uploads\/2021\/11\/Biathlon-\u2013-Sjusjoen-Sivert-Guttorm-Bakken-remporte-le-sprint-Fillon-Maillet-6eme.png","keywords":["Biathlon","Biathlon Sjusjoen","Sjusjoen"],"articleSection":["Biathlon"],"inLanguage":"fr-FR","potentialAction":[{"@type":"CommentAction","name":"Comment","target":["https:\/\/dicodusport.fr\/blog\/biathlon-sjusjoen-sivert-guttorm-bakken-remporte-sprint-fillon-maillet-6eme\/#respond"]}],"copyrightYear":"2021","copyrightHolder":{"@id":"https:\/\/dicodusport.fr\/blog\/#organization"}},{"@type":"WebPage","@id":"https:\/\/dicodusport.fr\/blog\/biathlon-sjusjoen-sivert-guttorm-bakken-remporte-sprint-fillon-maillet-6eme\/","url":"https:\/\/dicodusport.fr\/blog\/biathlon-sjusjoen-sivert-guttorm-bakken-remporte-sprint-fillon-maillet-6eme\/","name":"Biathlon \u2013 Sjusjoen : Sivert Guttorm Bakken remporte le sprint, Fillon Maillet 6\u00e8me","isPartOf":{"@id":"https:\/\/dicodusport.fr\/blog\/#website"},"primaryImageOfPage":{"@id":"https:\/\/dicodusport.fr\/blog\/biathlon-sjusjoen-sivert-guttorm-bakken-remporte-sprint-fillon-maillet-6eme\/#primaryimage"},"image":{"@id":"https:\/\/dicodusport.fr\/blog\/biathlon-sjusjoen-sivert-guttorm-bakken-remporte-sprint-fillon-maillet-6eme\/#primaryimage"},"thumbnailUrl":"https:\/\/dicodusport.fr\/blog\/wp-content\/uploads\/2021\/11\/Biathlon-\u2013-Sjusjoen-Sivert-Guttorm-Bakken-remporte-le-sprint-Fillon-Maillet-6eme.png","datePublished":"2021-11-13T14:12:41+00:00","dateModified":"2021-11-13T14:34:14+00:00","description":"BIATHLON - SJUSJOEN - Aux portes de l'\u00e9quipe de Norv\u00e8ge A, Sivert Guttorm\u00a0Bakken, 23 ans, a cr\u00e9\u00e9 la surprise en remportant le sprint de pr\u00e9saison \u00e0 Sjusjoen.","breadcrumb":{"@id":"https:\/\/dicodusport.fr\/blog\/biathlon-sjusjoen-sivert-guttorm-bakken-remporte-sprint-fillon-maillet-6eme\/#breadcrumb"},"inLanguage":"fr-FR","potentialAction":[{"@type":"ReadAction","target":["https:\/\/dicodusport.fr\/blog\/biathlon-sjusjoen-sivert-guttorm-bakken-remporte-sprint-fillon-maillet-6eme\/"]}]},{"@type":"ImageObject","inLanguage":"fr-FR","@id":"https:\/\/dicodusport.fr\/blog\/biathlon-sjusjoen-sivert-guttorm-bakken-remporte-sprint-fillon-maillet-6eme\/#primaryimage","url":"https:\/\/dicodusport.fr\/blog\/wp-content\/uploads\/2021\/11\/Biathlon-\u2013-Sjusjoen-Sivert-Guttorm-Bakken-remporte-le-sprint-Fillon-Maillet-6eme.png","contentUrl":"https:\/\/dicodusport.fr\/blog\/wp-content\/uploads\/2021\/11\/Biathlon-\u2013-Sjusjoen-Sivert-Guttorm-Bakken-remporte-le-sprint-Fillon-Maillet-6eme.png","width":800,"height":445,"caption":"Biathlon \u2013 Sjusjoen Sivert Guttorm Bakken remporte le sprint, Fillon Maillet 6\u00e8me"},{"@type":"BreadcrumbList","@id":"https:\/\/dicodusport.fr\/blog\/biathlon-sjusjoen-sivert-guttorm-bakken-remporte-sprint-fillon-maillet-6eme\/#breadcrumb","itemListElement":[{"@type":"ListItem","position":1,"name":"Accueil","item":"https:\/\/dicodusport.fr\/blog\/"},{"@type":"ListItem","position":2,"name":"Biathlon \u2013 Sjusjoen : Sivert Guttorm Bakken remporte le sprint, Fillon Maillet 6\u00e8me"}]},{"@type":"WebSite","@id":"https:\/\/dicodusport.fr\/blog\/#website","url":"https:\/\/dicodusport.fr\/blog\/","name":"Dicodusport","description":"L&#039;encyclop\u00e9die de l&#039;actualit\u00e9 sportive","publisher":{"@id":"https:\/\/dicodusport.fr\/blog\/#organization"},"potentialAction":[{"@type":"SearchAction","target":{"@type":"EntryPoint","urlTemplate":"https:\/\/dicodusport.fr\/blog\/?s={search_term_string}"},"query-input":{"@type":"PropertyValueSpecification","valueRequired":true,"valueName":"search_term_string"}}],"inLanguage":"fr-FR"},{"@type":"NewsMediaOrganization","@id":"https:\/\/dicodusport.fr\/blog\/#organization","name":"Dicodusport","url":"https:\/\/dicodusport.fr\/blog\/","logo":{"@type":"ImageObject","inLanguage":"fr-FR","@id":"https:\/\/dicodusport.fr\/blog\/#\/schema\/logo\/image\/","url":"https:\/\/dicodusport.fr\/blog\/wp-content\/uploads\/2020\/06\/cropped-LOGO-DICODUSPORT-2020-SANS-FOND-SANS-TEXTE.png","contentUrl":"https:\/\/dicodusport.fr\/blog\/wp-content\/uploads\/2020\/06\/cropped-LOGO-DICODUSPORT-2020-SANS-FOND-SANS-TEXTE.png","width":512,"height":512,"caption":"Dicodusport"},"image":{"@id":"https:\/\/dicodusport.fr\/blog\/#\/schema\/logo\/image\/"},"sameAs":["https:\/\/www.facebook.com\/dicodusport","https:\/\/x.com\/dicodusport","https:\/\/www.instagram.com\/dicodusport\/","https:\/\/www.youtube.com\/channel\/UC7V2KZ5sd3htJivAbA4ZG3w"],"description":"Dicodusport est l'encyclop\u00e9die de l'actualit\u00e9 sportive.","email":"bonjour@dicodusport.fr","legalName":"DICODUSPORT","foundingDate":"2018-01-14","vatID":"FR71834470973","taxID":"83447097300043","numberOfEmployees":{"@type":"QuantitativeValue","minValue":"1","maxValue":"10"}},{"@type":"Person","@id":"https:\/\/dicodusport.fr\/blog\/#\/schema\/person\/cb02af4c173ce4a653b55e9baf388d4a","name":"Flo Ostermann","image":{"@type":"ImageObject","inLanguage":"fr-FR","@id":"https:\/\/dicodusport.fr\/blog\/#\/schema\/person\/image\/","url":"https:\/\/dicodusport.fr\/blog\/wp-content\/uploads\/2021\/05\/Flo-Ostermann-150x150.jpg","contentUrl":"https:\/\/dicodusport.fr\/blog\/wp-content\/uploads\/2021\/05\/Flo-Ostermann-150x150.jpg","caption":"Flo Ostermann"},"description":"Journaliste\/R\u00e9dacteur depuis septembre 2015 - Mes premiers souvenirs dans le sport ? Les envol\u00e9es du Stade Toulousain et les duels Villeneuve-Schumacher et H\u00e4kkinen-Schumacher \u00e0 la fin des ann\u00e9es 90, la Coupe du monde de football en 1998, l\u2019exploit du XV de France face aux All Blacks en 1999, mais aussi Richard C\u0153ur de Lion qui vole sur les montagnes du Tour de France. Bien parti pour devenir professeur d\u2019EPS, les \u00e9v\u00e9nements de la vie (et la flemme d\u2019animer des s\u00e9ances de 3x500 m\u00e8tres toute ma vie) m\u2019ont conduit \u00e0 revoir mes plans. Me voil\u00e0 depuis fin 2017 sur Dicodusport, m\u00e9dia gr\u00e2ce (et pour) lequel je partage ma passion : le sport dans tous ses \u00e9tats. Le tout accompagn\u00e9 par les fous furieux et folles furieuses cit\u00e9s sur cette page !","sameAs":["https:\/\/www.facebook.com\/florent.ostermann","https:\/\/x.com\/https:\/\/twitter.com\/FlOstermann","admin"],"url":"https:\/\/dicodusport.fr\/blog\/author\/flo\/"}]}},"_links":{"self":[{"href":"https:\/\/dicodusport.fr\/blog\/wp-json\/wp\/v2\/posts\/179011","targetHints":{"allow":["GET"]}}],"collection":[{"href":"https:\/\/dicodusport.fr\/blog\/wp-json\/wp\/v2\/posts"}],"about":[{"href":"https:\/\/dicodusport.fr\/blog\/wp-json\/wp\/v2\/types\/post"}],"author":[{"embeddable":true,"href":"https:\/\/dicodusport.fr\/blog\/wp-json\/wp\/v2\/users\/4"}],"replies":[{"embeddable":true,"href":"https:\/\/dicodusport.fr\/blog\/wp-json\/wp\/v2\/comments?post=179011"}],"version-history":[{"count":0,"href":"https:\/\/dicodusport.fr\/blog\/wp-json\/wp\/v2\/posts\/179011\/revisions"}],"wp:featuredmedia":[{"embeddable":true,"href":"https:\/\/dicodusport.fr\/blog\/wp-json\/wp\/v2\/media\/179062"}],"wp:attachment":[{"href":"https:\/\/dicodusport.fr\/blog\/wp-json\/wp\/v2\/media?parent=179011"}],"wp:term":[{"taxonomy":"category","embeddable":true,"href":"https:\/\/dicodusport.fr\/blog\/wp-json\/wp\/v2\/categories?post=179011"},{"taxonomy":"post_tag","embeddable":true,"href":"https:\/\/dicodusport.fr\/blog\/wp-json\/wp\/v2\/tags?post=179011"}],"curies":[{"name":"wp","href":"https:\/\/api.w.org\/{rel}","templated":true}]}}