{"id":179264,"date":"2021-11-14T16:27:20","date_gmt":"2021-11-14T15:27:20","guid":{"rendered":"https:\/\/dicodusport.fr\/blog\/?p=179264"},"modified":"2021-11-14T18:00:45","modified_gmt":"2021-11-14T17:00:45","slug":"coupe-du-monde-de-tabor-2021-lars-van-der-haar-simpose-avec-autorite","status":"publish","type":"post","link":"https:\/\/dicodusport.fr\/blog\/coupe-du-monde-de-tabor-2021-lars-van-der-haar-simpose-avec-autorite\/","title":{"rendered":"Coupe du monde de Tabor 2021 : Lars van der Haar s&rsquo;impose avec autorit\u00e9"},"content":{"rendered":"<p style=\"text-align: justify;\"><b><i><a href=\"https:\/\/dicodusport.fr\/blog\/coupe-du-monde-cyclo-cross-2021-2022-calendrier-complet\/\">COUPE DU MONDE DE CYCLO-CROSS 2021-2022<\/a> &#8211; <strong>Lars van der Haar <\/strong>(Trek Baloise Lions) s&rsquo;est impos\u00e9 ce dimanche sur la Coupe du monde de Tabor. Il a devanc\u00e9 <strong>Eli Iserbyt<\/strong> (Pauwels Sauzen \u2013 Bingoal) et <strong>Quinten Hermans<\/strong> (Tormans Cyclo Cross Team).<br \/>\n<\/i><\/b><\/p>\n<p style=\"text-align: justify;\">D&rsquo;abord, <strong>Eli Iserbyt<\/strong> (Pauwels Sauzen \u2013 Bingoal) s&rsquo;est parfaitement \u00e9lanc\u00e9 devant <strong>Quinten Hermans <\/strong>et <strong>Corn\u00e9 van Kessel<\/strong> (Tormans Cyclo Cross Team). Le leader de la Coupe du monde a pris les choses en main dans le premier tour. Mais, <strong>Toon Aerts<\/strong> (Trek Baloise Lions) a fait le forcing dans la partie sinueuse \u00e0 l&rsquo;avant d&rsquo;un groupe de t\u00eate d&rsquo;une quinzaine de coureurs.<\/p>\n<h2 style=\"text-align: justify;\">Lars van der Haar en t\u00eate pendant trois tours<\/h2>\n<p style=\"text-align: justify;\"><strong>Quinten Hermans<\/strong> a impos\u00e9 son tempo dans le deuxi\u00e8me tour. Cependant, le champion d&rsquo;Europe <strong>Lars van der Haar<\/strong> (Trek Baloise Lions) a forc\u00e9 l&rsquo;allure sur la partie technique finale. Apr\u00e8s un d\u00e9part rat\u00e9, <strong>David Menut<\/strong> est remont\u00e9 en 21\u00e8me position. Puis, dans le troisi\u00e8me tour, Lars van der Haar a continu\u00e9 son travail de sape avec dans son sillage <strong>Michael Vanthourenhout, Toon Aerts <\/strong>et <strong>Quinten Hermans. Eli Iserbyt<\/strong> a \u00e9t\u00e9 contraint \u00e0 faire un effort pour revenir sur la t\u00eate de course.<\/p>\n<p style=\"text-align: justify;\">Par la suite, <strong>Quinten Hermans<\/strong> (Tormans Cyclo Cross Team) a crev\u00e9 de la roue avant dans le quatri\u00e8me tour mais le coureur belge, 2\u00e8me des derniers championnats d&rsquo;Europe, est vite revenu dans le groupe de t\u00eate apr\u00e8s \u00eatre pass\u00e9 par la zone technique. Ensuite, <strong>Michael Vanthourenhout<\/strong> (Pauwels Sauzen \u2013 Bingoal) a acc\u00e9l\u00e9r\u00e9 au d\u00e9but du cinqui\u00e8me tour obligeant <strong>Toon Aerts<\/strong> et <strong>Eli Iserbyt<\/strong> \u00e0 r\u00e9agir. On a toujours eu huit coureurs \u00e0 l&rsquo;avant de la course. 19\u00e8me, <strong>David Menut<\/strong> s&rsquo;est rapproch\u00e9 du top 15.<\/p>\n<h2 style=\"text-align: justify;\">Lars van der Haar finit en boulet de canon<\/h2>\n<p style=\"text-align: justify;\">Apr\u00e8s le passage des planches, <strong>Eli Iserbyt<\/strong> s&rsquo;est isol\u00e9 dans le sixi\u00e8me tour mais Lars van der Haar a fait le jump facilement tout comme <strong>Quinten Hermans<\/strong>. En grande forme, le champion d&rsquo;Europe a encore pos\u00e9 une violente attaque au milieu du septi\u00e8me tour.<\/p>\n<p style=\"text-align: justify;\">Enfin, dans le dernier tour, <strong>Quinten Hermans<\/strong> a craqu\u00e9 \u00e0 cause du rythme impos\u00e9 par van der Haar. Eli Iserbyt a perdu m\u00e8tre apr\u00e8s m\u00e8tre sur un N\u00e9erlandais tr\u00e8s entreprenant.<\/p>\n<p style=\"text-align: justify;\">Sur un parcours taill\u00e9 pour ses caract\u00e9ristiques, <strong>Lars van der Haar <\/strong>(Trek Baloise Lions) s&rsquo;est impos\u00e9 pour la premi\u00e8re fois en Coupe du monde depuis 2017 \u00e0 Hoogerheide en devan\u00e7ant de 11 secondes <strong>Eli Iserbyt<\/strong> (Pauwels Sauzen \u2013 Bingoal). <strong>Quinten Hermans<\/strong> (Tormans Cyclo Cross Team) a compl\u00e9t\u00e9 le podium \u00e0 15 secondes. <strong>Toon Aerts<\/strong> (Trek Baloise Lions) a fini 4\u00e8me \u00e0 29 secondes devant <strong>Michael Vanthourenhout<\/strong> (Pauwels Sauzen \u2013 Bingoal), 5\u00e8me \u00e0 41 secondes. Le Fran\u00e7ais <strong>David Menut<\/strong> a termin\u00e9 19\u00e8me \u00e0 2 minutes et 51 secondes du vainqueur.<\/p>\n<blockquote class=\"twitter-tweet\">\n<p dir=\"ltr\" lang=\"en\">What a performance by European Champion Lars van der Haar! &#x1f525; He wins in Tabor, Eli Iserbyt &#x1f948;, Quinten Hermans &#x1f949;. <a href=\"https:\/\/twitter.com\/hashtag\/CXWorldCup?src=hash&amp;ref_src=twsrc%5Etfw\">#CXWorldCup<\/a> <a href=\"https:\/\/t.co\/TvaYEsPdjo\">pic.twitter.com\/TvaYEsPdjo<\/a><\/p>\n<p>\u2014 UCI Cyclo-cross World Cup (@UCIcyclocrossWC) <a href=\"https:\/\/twitter.com\/UCIcyclocrossWC\/status\/1459898841436770311?ref_src=twsrc%5Etfw\">November 14, 2021<\/a><\/p><\/blockquote>\n<p><script async src=\"https:\/\/platform.twitter.com\/widgets.js\" charset=\"utf-8\"><\/script><\/p>\n<h2 style=\"text-align: justify;\"><strong>\u00c0 lire aussi<\/strong><\/h2>\n<ul>\n<li style=\"text-align: justify;\"><strong><a href=\"https:\/\/dicodusport.fr\/blog\/cyclo-cross-coupe-du-monde-tabor-2021-classement-course-hommes\/\">Le classement complet de la course hommes<\/a><br \/>\n<\/strong><\/li>\n<li style=\"text-align: justify;\"><a href=\"https:\/\/dicodusport.fr\/blog\/coupe-du-monde-de-cyclo-cross-2021-2022-classement-general-femmes\/\"><strong>Le classement g\u00e9n\u00e9ral de la Coupe du monde<\/strong><\/a><\/li>\n<li style=\"text-align: justify;\"><a href=\"https:\/\/dicodusport.fr\/blog\/coupe-du-monde-cyclo-cross-2021-2022-calendrier-complet\/\"><strong>Le calendrier complet de la Coupe du monde de cyclo-cross 2021-2022<\/strong><\/a><\/li>\n<\/ul>\n","protected":false},"excerpt":{"rendered":"<p>COUPE DU MONDE DE CYCLO-CROSS 2021-2022 &#8211; Lars van der Haar (Trek Baloise Lions) s&rsquo;est impos\u00e9 ce dimanche sur la Coupe du monde de Tabor. Il a devanc\u00e9 Eli Iserbyt (Pauwels Sauzen \u2013 Bingoal) et Quinten Hermans (Tormans Cyclo Cross Team).<\/p>\n","protected":false},"author":48,"featured_media":179348,"comment_status":"open","ping_status":"closed","sticky":false,"template":"","format":"standard","meta":{"_acf_changed":false,"_daextam_enable_autolinks":"","footnotes":""},"categories":[9611],"tags":[20385,6666,12740],"class_list":["post-179264","post","type-post","status-publish","format-standard","has-post-thumbnail","hentry","category-cyclo-cross","tag-coupe-du-monde-de-tabor","tag-cyclo-cross","tag-cyclo-cross-tabor"],"acf":[],"yoast_head":"<!-- This site is optimized with the Yoast SEO Premium plugin v26.7 (Yoast SEO v26.7) - https:\/\/yoast.com\/wordpress\/plugins\/seo\/ -->\n<title>Coupe du monde de Tabor 2021 : Lars van der Haar s&#039;impose avec autorit\u00e9<\/title>\n<meta name=\"description\" content=\"COUPE DU MONDE DE CYCLO-CROSS 2021-2022 - Lars van der Haar (Trek Baloise Lions) s&#039;est impos\u00e9 ce dimanche sur la Coupe du monde de Tabor.\" \/>\n<meta name=\"robots\" content=\"index, follow, max-snippet:-1, max-image-preview:large, max-video-preview:-1\" \/>\n<link rel=\"canonical\" href=\"https:\/\/dicodusport.fr\/blog\/coupe-du-monde-de-tabor-2021-lars-van-der-haar-simpose-avec-autorite\/\" \/>\n<meta property=\"og:locale\" content=\"fr_FR\" \/>\n<meta property=\"og:type\" content=\"article\" \/>\n<meta property=\"og:title\" content=\"Coupe du monde de Tabor 2021 : Lars van der Haar s&#039;impose avec autorit\u00e9\" \/>\n<meta property=\"og:description\" content=\"COUPE DU MONDE DE CYCLO-CROSS 2021-2022 - Lars van der Haar (Trek Baloise Lions) s&#039;est impos\u00e9 ce dimanche sur la Coupe du monde de Tabor.\" \/>\n<meta property=\"og:url\" content=\"https:\/\/dicodusport.fr\/blog\/coupe-du-monde-de-tabor-2021-lars-van-der-haar-simpose-avec-autorite\/\" \/>\n<meta property=\"og:site_name\" content=\"Dicodusport\" \/>\n<meta property=\"article:publisher\" content=\"https:\/\/www.facebook.com\/dicodusport\" \/>\n<meta property=\"article:author\" content=\"https:\/\/www.facebook.com\/groups\/LesRoisDuPeloton\" \/>\n<meta property=\"article:published_time\" content=\"2021-11-14T15:27:20+00:00\" \/>\n<meta property=\"article:modified_time\" content=\"2021-11-14T17:00:45+00:00\" \/>\n<meta property=\"og:image\" content=\"https:\/\/dicodusport.fr\/blog\/wp-content\/uploads\/2021\/11\/Coupe-du-monde-de-Tabor-2021-Lars-van-der-Haar-simpose-avec-autorite.png\" \/>\n\t<meta property=\"og:image:width\" content=\"800\" \/>\n\t<meta property=\"og:image:height\" content=\"445\" \/>\n\t<meta property=\"og:image:type\" content=\"image\/png\" \/>\n<meta name=\"author\" content=\"Emilien Descampiaux\" \/>\n<meta name=\"twitter:card\" content=\"summary_large_image\" \/>\n<meta name=\"twitter:title\" content=\"Coupe du monde de Tabor 2021 : Lars van der Haar s&#039;impose avec autorit\u00e9\" \/>\n<meta name=\"twitter:creator\" content=\"@https:\/\/twitter.com\/LRoisDuPeloton\" \/>\n<meta name=\"twitter:site\" content=\"@dicodusport\" \/>\n<script type=\"application\/ld+json\" class=\"yoast-schema-graph\">{\"@context\":\"https:\/\/schema.org\",\"@graph\":[{\"@type\":\"NewsArticle\",\"@id\":\"https:\/\/dicodusport.fr\/blog\/coupe-du-monde-de-tabor-2021-lars-van-der-haar-simpose-avec-autorite\/#article\",\"isPartOf\":{\"@id\":\"https:\/\/dicodusport.fr\/blog\/coupe-du-monde-de-tabor-2021-lars-van-der-haar-simpose-avec-autorite\/\"},\"author\":{\"name\":\"Emilien Descampiaux\",\"@id\":\"https:\/\/dicodusport.fr\/blog\/#\/schema\/person\/6db4bae06b171592211be385b32876a7\"},\"headline\":\"Coupe du monde de Tabor 2021 : Lars van der Haar s&rsquo;impose avec autorit\u00e9\",\"datePublished\":\"2021-11-14T15:27:20+00:00\",\"dateModified\":\"2021-11-14T17:00:45+00:00\",\"mainEntityOfPage\":{\"@id\":\"https:\/\/dicodusport.fr\/blog\/coupe-du-monde-de-tabor-2021-lars-van-der-haar-simpose-avec-autorite\/\"},\"wordCount\":547,\"commentCount\":0,\"publisher\":{\"@id\":\"https:\/\/dicodusport.fr\/blog\/#organization\"},\"image\":{\"@id\":\"https:\/\/dicodusport.fr\/blog\/coupe-du-monde-de-tabor-2021-lars-van-der-haar-simpose-avec-autorite\/#primaryimage\"},\"thumbnailUrl\":\"https:\/\/dicodusport.fr\/blog\/wp-content\/uploads\/2021\/11\/Coupe-du-monde-de-Tabor-2021-Lars-van-der-Haar-simpose-avec-autorite.png\",\"keywords\":[\"Coupe du monde de Tabor\",\"Cyclo-cross\",\"Cyclo-cross Tabor\"],\"articleSection\":[\"Cyclo-cross\"],\"inLanguage\":\"fr-FR\",\"potentialAction\":[{\"@type\":\"CommentAction\",\"name\":\"Comment\",\"target\":[\"https:\/\/dicodusport.fr\/blog\/coupe-du-monde-de-tabor-2021-lars-van-der-haar-simpose-avec-autorite\/#respond\"]}],\"copyrightYear\":\"2021\",\"copyrightHolder\":{\"@id\":\"https:\/\/dicodusport.fr\/blog\/#organization\"}},{\"@type\":\"WebPage\",\"@id\":\"https:\/\/dicodusport.fr\/blog\/coupe-du-monde-de-tabor-2021-lars-van-der-haar-simpose-avec-autorite\/\",\"url\":\"https:\/\/dicodusport.fr\/blog\/coupe-du-monde-de-tabor-2021-lars-van-der-haar-simpose-avec-autorite\/\",\"name\":\"Coupe du monde de Tabor 2021 : Lars van der Haar s'impose avec autorit\u00e9\",\"isPartOf\":{\"@id\":\"https:\/\/dicodusport.fr\/blog\/#website\"},\"primaryImageOfPage\":{\"@id\":\"https:\/\/dicodusport.fr\/blog\/coupe-du-monde-de-tabor-2021-lars-van-der-haar-simpose-avec-autorite\/#primaryimage\"},\"image\":{\"@id\":\"https:\/\/dicodusport.fr\/blog\/coupe-du-monde-de-tabor-2021-lars-van-der-haar-simpose-avec-autorite\/#primaryimage\"},\"thumbnailUrl\":\"https:\/\/dicodusport.fr\/blog\/wp-content\/uploads\/2021\/11\/Coupe-du-monde-de-Tabor-2021-Lars-van-der-Haar-simpose-avec-autorite.png\",\"datePublished\":\"2021-11-14T15:27:20+00:00\",\"dateModified\":\"2021-11-14T17:00:45+00:00\",\"description\":\"COUPE DU MONDE DE CYCLO-CROSS 2021-2022 - Lars van der Haar (Trek Baloise Lions) s'est impos\u00e9 ce dimanche sur la Coupe du monde de Tabor.\",\"breadcrumb\":{\"@id\":\"https:\/\/dicodusport.fr\/blog\/coupe-du-monde-de-tabor-2021-lars-van-der-haar-simpose-avec-autorite\/#breadcrumb\"},\"inLanguage\":\"fr-FR\",\"potentialAction\":[{\"@type\":\"ReadAction\",\"target\":[\"https:\/\/dicodusport.fr\/blog\/coupe-du-monde-de-tabor-2021-lars-van-der-haar-simpose-avec-autorite\/\"]}]},{\"@type\":\"ImageObject\",\"inLanguage\":\"fr-FR\",\"@id\":\"https:\/\/dicodusport.fr\/blog\/coupe-du-monde-de-tabor-2021-lars-van-der-haar-simpose-avec-autorite\/#primaryimage\",\"url\":\"https:\/\/dicodusport.fr\/blog\/wp-content\/uploads\/2021\/11\/Coupe-du-monde-de-Tabor-2021-Lars-van-der-Haar-simpose-avec-autorite.png\",\"contentUrl\":\"https:\/\/dicodusport.fr\/blog\/wp-content\/uploads\/2021\/11\/Coupe-du-monde-de-Tabor-2021-Lars-van-der-Haar-simpose-avec-autorite.png\",\"width\":800,\"height\":445,\"caption\":\"Coupe du monde de Tabor 2021 Lars van der Haar s'impose avec autorit\u00e9\"},{\"@type\":\"BreadcrumbList\",\"@id\":\"https:\/\/dicodusport.fr\/blog\/coupe-du-monde-de-tabor-2021-lars-van-der-haar-simpose-avec-autorite\/#breadcrumb\",\"itemListElement\":[{\"@type\":\"ListItem\",\"position\":1,\"name\":\"Accueil\",\"item\":\"https:\/\/dicodusport.fr\/blog\/\"},{\"@type\":\"ListItem\",\"position\":2,\"name\":\"Coupe du monde de Tabor 2021 : Lars van der Haar s&rsquo;impose avec autorit\u00e9\"}]},{\"@type\":\"WebSite\",\"@id\":\"https:\/\/dicodusport.fr\/blog\/#website\",\"url\":\"https:\/\/dicodusport.fr\/blog\/\",\"name\":\"Dicodusport\",\"description\":\"L&#039;encyclop\u00e9die de l&#039;actualit\u00e9 sportive\",\"publisher\":{\"@id\":\"https:\/\/dicodusport.fr\/blog\/#organization\"},\"potentialAction\":[{\"@type\":\"SearchAction\",\"target\":{\"@type\":\"EntryPoint\",\"urlTemplate\":\"https:\/\/dicodusport.fr\/blog\/?s={search_term_string}\"},\"query-input\":{\"@type\":\"PropertyValueSpecification\",\"valueRequired\":true,\"valueName\":\"search_term_string\"}}],\"inLanguage\":\"fr-FR\"},{\"@type\":\"NewsMediaOrganization\",\"@id\":\"https:\/\/dicodusport.fr\/blog\/#organization\",\"name\":\"Dicodusport\",\"url\":\"https:\/\/dicodusport.fr\/blog\/\",\"logo\":{\"@type\":\"ImageObject\",\"inLanguage\":\"fr-FR\",\"@id\":\"https:\/\/dicodusport.fr\/blog\/#\/schema\/logo\/image\/\",\"url\":\"https:\/\/dicodusport.fr\/blog\/wp-content\/uploads\/2020\/06\/cropped-LOGO-DICODUSPORT-2020-SANS-FOND-SANS-TEXTE.png\",\"contentUrl\":\"https:\/\/dicodusport.fr\/blog\/wp-content\/uploads\/2020\/06\/cropped-LOGO-DICODUSPORT-2020-SANS-FOND-SANS-TEXTE.png\",\"width\":512,\"height\":512,\"caption\":\"Dicodusport\"},\"image\":{\"@id\":\"https:\/\/dicodusport.fr\/blog\/#\/schema\/logo\/image\/\"},\"sameAs\":[\"https:\/\/www.facebook.com\/dicodusport\",\"https:\/\/x.com\/dicodusport\",\"https:\/\/www.instagram.com\/dicodusport\/\",\"https:\/\/www.youtube.com\/channel\/UC7V2KZ5sd3htJivAbA4ZG3w\"],\"description\":\"Dicodusport est l'encyclop\u00e9die de l'actualit\u00e9 sportive.\",\"email\":\"bonjour@dicodusport.fr\",\"legalName\":\"DICODUSPORT\",\"foundingDate\":\"2018-01-14\",\"vatID\":\"FR71834470973\",\"taxID\":\"83447097300043\",\"numberOfEmployees\":{\"@type\":\"QuantitativeValue\",\"minValue\":\"1\",\"maxValue\":\"10\"}},{\"@type\":\"Person\",\"@id\":\"https:\/\/dicodusport.fr\/blog\/#\/schema\/person\/6db4bae06b171592211be385b32876a7\",\"name\":\"Emilien Descampiaux\",\"image\":{\"@type\":\"ImageObject\",\"inLanguage\":\"fr-FR\",\"@id\":\"https:\/\/dicodusport.fr\/blog\/#\/schema\/person\/image\/\",\"url\":\"https:\/\/dicodusport.fr\/blog\/wp-content\/uploads\/2021\/05\/Emilien-Descampiaux-150x150.jpg\",\"contentUrl\":\"https:\/\/dicodusport.fr\/blog\/wp-content\/uploads\/2021\/05\/Emilien-Descampiaux-150x150.jpg\",\"caption\":\"Emilien Descampiaux\"},\"description\":\"Journaliste\/r\u00e9dacteur depuis 2014 - Fan de la classe de Frank Vandenbroucke, je vis cyclisme (et de ses paysages) depuis plus de 20 ans. Je suis tr\u00e8s impliqu\u00e9 sur mes diff\u00e9rents r\u00e9seaux sociaux pour partager ma passion sur le monde et l'Histoire de la bicyclette avec ma voix sur les images en noir et blanc du succ\u00e8s de Rik Van Steenbergen lors du Ronde sur le V\u00e9lodrome de Gand.\",\"sameAs\":[\"https:\/\/www.facebook.com\/groups\/LesRoisDuPeloton\",\"https:\/\/x.com\/https:\/\/twitter.com\/LRoisDuPeloton\"],\"url\":\"https:\/\/dicodusport.fr\/blog\/author\/emiliend\/\"}]}<\/script>\n<!-- \/ Yoast SEO Premium plugin. -->","yoast_head_json":{"title":"Coupe du monde de Tabor 2021 : Lars van der Haar s'impose avec autorit\u00e9","description":"COUPE DU MONDE DE CYCLO-CROSS 2021-2022 - Lars van der Haar (Trek Baloise Lions) s'est impos\u00e9 ce dimanche sur la Coupe du monde de Tabor.","robots":{"index":"index","follow":"follow","max-snippet":"max-snippet:-1","max-image-preview":"max-image-preview:large","max-video-preview":"max-video-preview:-1"},"canonical":"https:\/\/dicodusport.fr\/blog\/coupe-du-monde-de-tabor-2021-lars-van-der-haar-simpose-avec-autorite\/","og_locale":"fr_FR","og_type":"article","og_title":"Coupe du monde de Tabor 2021 : Lars van der Haar s'impose avec autorit\u00e9","og_description":"COUPE DU MONDE DE CYCLO-CROSS 2021-2022 - Lars van der Haar (Trek Baloise Lions) s'est impos\u00e9 ce dimanche sur la Coupe du monde de Tabor.","og_url":"https:\/\/dicodusport.fr\/blog\/coupe-du-monde-de-tabor-2021-lars-van-der-haar-simpose-avec-autorite\/","og_site_name":"Dicodusport","article_publisher":"https:\/\/www.facebook.com\/dicodusport","article_author":"https:\/\/www.facebook.com\/groups\/LesRoisDuPeloton","article_published_time":"2021-11-14T15:27:20+00:00","article_modified_time":"2021-11-14T17:00:45+00:00","og_image":[{"width":800,"height":445,"url":"https:\/\/dicodusport.fr\/blog\/wp-content\/uploads\/2021\/11\/Coupe-du-monde-de-Tabor-2021-Lars-van-der-Haar-simpose-avec-autorite.png","type":"image\/png"}],"author":"Emilien Descampiaux","twitter_card":"summary_large_image","twitter_title":"Coupe du monde de Tabor 2021 : Lars van der Haar s'impose avec autorit\u00e9","twitter_creator":"@https:\/\/twitter.com\/LRoisDuPeloton","twitter_site":"@dicodusport","schema":{"@context":"https:\/\/schema.org","@graph":[{"@type":"NewsArticle","@id":"https:\/\/dicodusport.fr\/blog\/coupe-du-monde-de-tabor-2021-lars-van-der-haar-simpose-avec-autorite\/#article","isPartOf":{"@id":"https:\/\/dicodusport.fr\/blog\/coupe-du-monde-de-tabor-2021-lars-van-der-haar-simpose-avec-autorite\/"},"author":{"name":"Emilien Descampiaux","@id":"https:\/\/dicodusport.fr\/blog\/#\/schema\/person\/6db4bae06b171592211be385b32876a7"},"headline":"Coupe du monde de Tabor 2021 : Lars van der Haar s&rsquo;impose avec autorit\u00e9","datePublished":"2021-11-14T15:27:20+00:00","dateModified":"2021-11-14T17:00:45+00:00","mainEntityOfPage":{"@id":"https:\/\/dicodusport.fr\/blog\/coupe-du-monde-de-tabor-2021-lars-van-der-haar-simpose-avec-autorite\/"},"wordCount":547,"commentCount":0,"publisher":{"@id":"https:\/\/dicodusport.fr\/blog\/#organization"},"image":{"@id":"https:\/\/dicodusport.fr\/blog\/coupe-du-monde-de-tabor-2021-lars-van-der-haar-simpose-avec-autorite\/#primaryimage"},"thumbnailUrl":"https:\/\/dicodusport.fr\/blog\/wp-content\/uploads\/2021\/11\/Coupe-du-monde-de-Tabor-2021-Lars-van-der-Haar-simpose-avec-autorite.png","keywords":["Coupe du monde de Tabor","Cyclo-cross","Cyclo-cross Tabor"],"articleSection":["Cyclo-cross"],"inLanguage":"fr-FR","potentialAction":[{"@type":"CommentAction","name":"Comment","target":["https:\/\/dicodusport.fr\/blog\/coupe-du-monde-de-tabor-2021-lars-van-der-haar-simpose-avec-autorite\/#respond"]}],"copyrightYear":"2021","copyrightHolder":{"@id":"https:\/\/dicodusport.fr\/blog\/#organization"}},{"@type":"WebPage","@id":"https:\/\/dicodusport.fr\/blog\/coupe-du-monde-de-tabor-2021-lars-van-der-haar-simpose-avec-autorite\/","url":"https:\/\/dicodusport.fr\/blog\/coupe-du-monde-de-tabor-2021-lars-van-der-haar-simpose-avec-autorite\/","name":"Coupe du monde de Tabor 2021 : Lars van der Haar s'impose avec autorit\u00e9","isPartOf":{"@id":"https:\/\/dicodusport.fr\/blog\/#website"},"primaryImageOfPage":{"@id":"https:\/\/dicodusport.fr\/blog\/coupe-du-monde-de-tabor-2021-lars-van-der-haar-simpose-avec-autorite\/#primaryimage"},"image":{"@id":"https:\/\/dicodusport.fr\/blog\/coupe-du-monde-de-tabor-2021-lars-van-der-haar-simpose-avec-autorite\/#primaryimage"},"thumbnailUrl":"https:\/\/dicodusport.fr\/blog\/wp-content\/uploads\/2021\/11\/Coupe-du-monde-de-Tabor-2021-Lars-van-der-Haar-simpose-avec-autorite.png","datePublished":"2021-11-14T15:27:20+00:00","dateModified":"2021-11-14T17:00:45+00:00","description":"COUPE DU MONDE DE CYCLO-CROSS 2021-2022 - Lars van der Haar (Trek Baloise Lions) s'est impos\u00e9 ce dimanche sur la Coupe du monde de Tabor.","breadcrumb":{"@id":"https:\/\/dicodusport.fr\/blog\/coupe-du-monde-de-tabor-2021-lars-van-der-haar-simpose-avec-autorite\/#breadcrumb"},"inLanguage":"fr-FR","potentialAction":[{"@type":"ReadAction","target":["https:\/\/dicodusport.fr\/blog\/coupe-du-monde-de-tabor-2021-lars-van-der-haar-simpose-avec-autorite\/"]}]},{"@type":"ImageObject","inLanguage":"fr-FR","@id":"https:\/\/dicodusport.fr\/blog\/coupe-du-monde-de-tabor-2021-lars-van-der-haar-simpose-avec-autorite\/#primaryimage","url":"https:\/\/dicodusport.fr\/blog\/wp-content\/uploads\/2021\/11\/Coupe-du-monde-de-Tabor-2021-Lars-van-der-Haar-simpose-avec-autorite.png","contentUrl":"https:\/\/dicodusport.fr\/blog\/wp-content\/uploads\/2021\/11\/Coupe-du-monde-de-Tabor-2021-Lars-van-der-Haar-simpose-avec-autorite.png","width":800,"height":445,"caption":"Coupe du monde de Tabor 2021 Lars van der Haar s'impose avec autorit\u00e9"},{"@type":"BreadcrumbList","@id":"https:\/\/dicodusport.fr\/blog\/coupe-du-monde-de-tabor-2021-lars-van-der-haar-simpose-avec-autorite\/#breadcrumb","itemListElement":[{"@type":"ListItem","position":1,"name":"Accueil","item":"https:\/\/dicodusport.fr\/blog\/"},{"@type":"ListItem","position":2,"name":"Coupe du monde de Tabor 2021 : Lars van der Haar s&rsquo;impose avec autorit\u00e9"}]},{"@type":"WebSite","@id":"https:\/\/dicodusport.fr\/blog\/#website","url":"https:\/\/dicodusport.fr\/blog\/","name":"Dicodusport","description":"L&#039;encyclop\u00e9die de l&#039;actualit\u00e9 sportive","publisher":{"@id":"https:\/\/dicodusport.fr\/blog\/#organization"},"potentialAction":[{"@type":"SearchAction","target":{"@type":"EntryPoint","urlTemplate":"https:\/\/dicodusport.fr\/blog\/?s={search_term_string}"},"query-input":{"@type":"PropertyValueSpecification","valueRequired":true,"valueName":"search_term_string"}}],"inLanguage":"fr-FR"},{"@type":"NewsMediaOrganization","@id":"https:\/\/dicodusport.fr\/blog\/#organization","name":"Dicodusport","url":"https:\/\/dicodusport.fr\/blog\/","logo":{"@type":"ImageObject","inLanguage":"fr-FR","@id":"https:\/\/dicodusport.fr\/blog\/#\/schema\/logo\/image\/","url":"https:\/\/dicodusport.fr\/blog\/wp-content\/uploads\/2020\/06\/cropped-LOGO-DICODUSPORT-2020-SANS-FOND-SANS-TEXTE.png","contentUrl":"https:\/\/dicodusport.fr\/blog\/wp-content\/uploads\/2020\/06\/cropped-LOGO-DICODUSPORT-2020-SANS-FOND-SANS-TEXTE.png","width":512,"height":512,"caption":"Dicodusport"},"image":{"@id":"https:\/\/dicodusport.fr\/blog\/#\/schema\/logo\/image\/"},"sameAs":["https:\/\/www.facebook.com\/dicodusport","https:\/\/x.com\/dicodusport","https:\/\/www.instagram.com\/dicodusport\/","https:\/\/www.youtube.com\/channel\/UC7V2KZ5sd3htJivAbA4ZG3w"],"description":"Dicodusport est l'encyclop\u00e9die de l'actualit\u00e9 sportive.","email":"bonjour@dicodusport.fr","legalName":"DICODUSPORT","foundingDate":"2018-01-14","vatID":"FR71834470973","taxID":"83447097300043","numberOfEmployees":{"@type":"QuantitativeValue","minValue":"1","maxValue":"10"}},{"@type":"Person","@id":"https:\/\/dicodusport.fr\/blog\/#\/schema\/person\/6db4bae06b171592211be385b32876a7","name":"Emilien Descampiaux","image":{"@type":"ImageObject","inLanguage":"fr-FR","@id":"https:\/\/dicodusport.fr\/blog\/#\/schema\/person\/image\/","url":"https:\/\/dicodusport.fr\/blog\/wp-content\/uploads\/2021\/05\/Emilien-Descampiaux-150x150.jpg","contentUrl":"https:\/\/dicodusport.fr\/blog\/wp-content\/uploads\/2021\/05\/Emilien-Descampiaux-150x150.jpg","caption":"Emilien Descampiaux"},"description":"Journaliste\/r\u00e9dacteur depuis 2014 - Fan de la classe de Frank Vandenbroucke, je vis cyclisme (et de ses paysages) depuis plus de 20 ans. Je suis tr\u00e8s impliqu\u00e9 sur mes diff\u00e9rents r\u00e9seaux sociaux pour partager ma passion sur le monde et l'Histoire de la bicyclette avec ma voix sur les images en noir et blanc du succ\u00e8s de Rik Van Steenbergen lors du Ronde sur le V\u00e9lodrome de Gand.","sameAs":["https:\/\/www.facebook.com\/groups\/LesRoisDuPeloton","https:\/\/x.com\/https:\/\/twitter.com\/LRoisDuPeloton"],"url":"https:\/\/dicodusport.fr\/blog\/author\/emiliend\/"}]}},"_links":{"self":[{"href":"https:\/\/dicodusport.fr\/blog\/wp-json\/wp\/v2\/posts\/179264","targetHints":{"allow":["GET"]}}],"collection":[{"href":"https:\/\/dicodusport.fr\/blog\/wp-json\/wp\/v2\/posts"}],"about":[{"href":"https:\/\/dicodusport.fr\/blog\/wp-json\/wp\/v2\/types\/post"}],"author":[{"embeddable":true,"href":"https:\/\/dicodusport.fr\/blog\/wp-json\/wp\/v2\/users\/48"}],"replies":[{"embeddable":true,"href":"https:\/\/dicodusport.fr\/blog\/wp-json\/wp\/v2\/comments?post=179264"}],"version-history":[{"count":0,"href":"https:\/\/dicodusport.fr\/blog\/wp-json\/wp\/v2\/posts\/179264\/revisions"}],"wp:featuredmedia":[{"embeddable":true,"href":"https:\/\/dicodusport.fr\/blog\/wp-json\/wp\/v2\/media\/179348"}],"wp:attachment":[{"href":"https:\/\/dicodusport.fr\/blog\/wp-json\/wp\/v2\/media?parent=179264"}],"wp:term":[{"taxonomy":"category","embeddable":true,"href":"https:\/\/dicodusport.fr\/blog\/wp-json\/wp\/v2\/categories?post=179264"},{"taxonomy":"post_tag","embeddable":true,"href":"https:\/\/dicodusport.fr\/blog\/wp-json\/wp\/v2\/tags?post=179264"}],"curies":[{"name":"wp","href":"https:\/\/api.w.org\/{rel}","templated":true}]}}