{"id":179275,"date":"2021-11-14T15:01:11","date_gmt":"2021-11-14T14:01:11","guid":{"rendered":"https:\/\/dicodusport.fr\/blog\/?p=179275&#038;preview=true&#038;preview_id=179275"},"modified":"2022-09-10T22:09:28","modified_gmt":"2022-09-10T20:09:28","slug":"biathlon-sjusjoen-tarjei-boe-le-plus-fort-sur-la-mass-start-devant-fillon-maillet-et-jacquelin","status":"publish","type":"post","link":"https:\/\/dicodusport.fr\/blog\/biathlon-sjusjoen-tarjei-boe-le-plus-fort-sur-la-mass-start-devant-fillon-maillet-et-jacquelin\/","title":{"rendered":"Biathlon \u2013 Sjusjoen : Tarjei Boe le plus fort sur la mass start devant Fillon Maillet et Jacquelin"},"content":{"rendered":"<p style=\"text-align: justify;\"><em><strong>BIATHLON &#8211; SJUSJOEN &#8211; Pour cette derni\u00e8re course de pr\u00e9saison \u00e0 Sjusjoen en Norv\u00e8ge, les hommes ont pu se jauger aujourd&rsquo;hui durant la mass start. Tarjei Boe a \u00e9t\u00e9 le plus fort devant Quentin Fillon Maillet, et Emilien Jacquelin compl\u00e8te ce podium.<\/strong><\/em><\/p>\n<p style=\"text-align: justify;\">Pour conclure ce week-end de pr\u00e9saison \u00e0 Sjusjoen, la mass start homme nous promettait encore une belle bataille France\/Norv\u00e8ge, malgr\u00e9 l&rsquo;absence de <strong>Johannes Boe<\/strong>.<\/p>\n<h2 style=\"text-align: justify;\">Des Fran\u00e7ais en forme<\/h2>\n<p style=\"text-align: justify;\">D\u00e8s le d\u00e9part, les Fran\u00e7ais ont tout de suite \u00e9t\u00e9 pr\u00e9sents aux avant-postes, en sortant du premier tir sans aucune faute, avec en t\u00eate <strong>Fabien Claude<\/strong> et <strong>Simon Desthieux<\/strong> en chefs de file, suivis de pr\u00e8s par les Norv\u00e9giens emmen\u00e9s par <strong>Sturla Laegreid<\/strong>.<\/p>\n<blockquote class=\"twitter-tweet\">\n<p dir=\"ltr\" lang=\"fr\">Tr\u00e8s bon d\u00e9but de course pour Bleus ! ALLEZ &#x1f4aa;&#x1f1eb;&#x1f1f7; <a href=\"https:\/\/twitter.com\/hashtag\/weekendROYAL?src=hash&amp;ref_src=twsrc%5Etfw\">#weekendROYAL<\/a> <a href=\"https:\/\/twitter.com\/hashtag\/lequipeBIATHLON?src=hash&amp;ref_src=twsrc%5Etfw\">#lequipeBIATHLON<\/a> <a href=\"https:\/\/t.co\/OgRCioMTPi\">pic.twitter.com\/OgRCioMTPi<\/a><\/p>\n<p>\u2014 la chaine L&rsquo;\u00c9quipe (@lachainelequipe) <a href=\"https:\/\/twitter.com\/lachainelequipe\/status\/1459875001151234051?ref_src=twsrc%5Etfw\">November 14, 2021<\/a><\/p><\/blockquote>\n<p><script async src=\"https:\/\/platform.twitter.com\/widgets.js\" charset=\"utf-8\"><\/script><\/p>\n<p style=\"text-align: justify;\"><strong>Fabien Claude<\/strong> est ensuite ressorti en t\u00eate au second tir couch\u00e9 gr\u00e2ce \u00e0 un tr\u00e8s bon 10\/10, suivi de pr\u00e8s par <strong>Laegreid<\/strong>. <strong>Jacquelin<\/strong> a \u00e9galement pu suivre le wagon de t\u00eate avec un sans-faute. L&rsquo;affaire s&rsquo;est alors compliqu\u00e9e pour nos autres Fran\u00e7ais, coupables d&rsquo;erreurs aux tirs. Cependant, <strong>Quentin<\/strong> <strong>Fillon Maillet<\/strong> ne conc\u00e9dait que 25 secondes de retard en sortie du pas de tir.<\/p>\n<p style=\"text-align: justify;\">Avant l&rsquo;arriv\u00e9e \u00e0 la troisi\u00e8me s\u00e9ance de tir, <strong>Emilien Jacquelin<\/strong> a mis une acc\u00e9l\u00e9ration afin de dynamiter le groupe de t\u00eate. A l&rsquo;inverse, <strong>Quentin Fillon Maillet<\/strong> lui essayait de revenir sur le groupe de t\u00eate en compagnie de <strong>Tarjei Boe<\/strong> et de <strong>Antonin Guigonnat<\/strong>, leur reprenant 5 secondes. A la suite de ce tir, 4 hommes se sont d\u00e9tach\u00e9s en t\u00eate, dont <strong>Emilien Jacquelin<\/strong> et <strong>Sturla Laegreid<\/strong>. QFM ressortait pour sa part avec 11 secondes de retard sur ce groupe.<\/p>\n<h2 style=\"text-align: justify;\">Un final au forceps<\/h2>\n<p style=\"text-align: justify;\">Le dernier tir et le 20\/20 de <strong>Sturla Laegreid<\/strong> n&rsquo;a pas suffi \u00e0 la r\u00e9v\u00e9lation norv\u00e9gienne de l&rsquo;ann\u00e9e derni\u00e8re pour s&rsquo;imposer aujourd&rsquo;hui. En effet, <strong>Quentin Fillon Maillet<\/strong> et son 19\/20 ainsi que <strong>Tarjei Boe<\/strong> et<strong> Emilien Jacquelin<\/strong> 18\/20, ressortis respectivement 2\u00e8me \u00e0 4.6 secondes, 4\u00e8me \u00e0 10 secondes et 5\u00e8me \u00e0 15 secondes ont \u00e9t\u00e9 les hommes les plus en forme pour aller chercher le podium aujourd&rsquo;hui. <strong>Tarjei Boe<\/strong> vainqueur avec 7 secondes d&rsquo;avance sur <strong>Fillon Maillet<\/strong> et 9 secondes sur<strong> Jacquelin<\/strong> nous a montr\u00e9 qu&rsquo;il sera bel et bien pr\u00e9sent pour la Coupe du monde qui commence dans 13 jours \u00e0 Ostersund, mais il faudra \u00e9galement compter sur les Fran\u00e7ais qui ont \u00e9galement r\u00e9pondu pr\u00e9sents sur ce week-end de pr\u00e9saison !<\/p>\n<blockquote class=\"twitter-tweet\">\n<p dir=\"ltr\" lang=\"fr\">2e place pour Quentin Fillon Maillet et 3e place pour Emilien Jacquelin ! &#x1f4aa;&#x1f1eb;&#x1f1f7; <a href=\"https:\/\/twitter.com\/hashtag\/weekendROYAL?src=hash&amp;ref_src=twsrc%5Etfw\">#weekendROYAL<\/a> <a href=\"https:\/\/twitter.com\/hashtag\/lequipeBIATHLON?src=hash&amp;ref_src=twsrc%5Etfw\">#lequipeBIATHLON<\/a> <a href=\"https:\/\/t.co\/1DFOsxzHJq\">pic.twitter.com\/1DFOsxzHJq<\/a><\/p>\n<p>\u2014 la chaine L&rsquo;\u00c9quipe (@lachainelequipe) <a href=\"https:\/\/twitter.com\/lachainelequipe\/status\/1459882257523556360?ref_src=twsrc%5Etfw\">November 14, 2021<\/a><\/p><\/blockquote>\n<p><script async src=\"https:\/\/platform.twitter.com\/widgets.js\" charset=\"utf-8\"><\/script><\/p>\n","protected":false},"excerpt":{"rendered":"<p>BIATHLON &#8211; SJUSJOEN &#8211; Pour cette derni\u00e8re course de pr\u00e9saison \u00e0 Sjusjoen en Norv\u00e8ge, les hommes ont pu se jauger aujourd&rsquo;hui durant la mass start. Tarjei Boe a \u00e9t\u00e9 le plus fort devant Quentin Fillon Maillet, et Emilien Jacquelin compl\u00e8te ce podium.<\/p>\n","protected":false},"author":63,"featured_media":179316,"comment_status":"open","ping_status":"closed","sticky":false,"template":"","format":"standard","meta":{"_acf_changed":false,"_daextam_enable_autolinks":"","footnotes":""},"categories":[2426],"tags":[2427,20374,9201],"class_list":["post-179275","post","type-post","status-publish","format-standard","has-post-thumbnail","hentry","category-biathlon","tag-biathlon","tag-biathlon-sjusjoen","tag-sjusjoen"],"acf":[],"yoast_head":"<!-- This site is optimized with the Yoast SEO Premium plugin v26.7 (Yoast SEO v26.7) - https:\/\/yoast.com\/wordpress\/plugins\/seo\/ -->\n<title>Biathlon \u2013 Sjusjoen : Tarjei Boe le plus fort sur la mass start devant Fillon Maillet et Jacquelin<\/title>\n<meta name=\"description\" content=\"BIATHLON - SJUSJOEN - Tarjei Boe a \u00e9t\u00e9 le plus fort sur la mass start devant Quentin Fillon Maillet, et Emilien Jacquelin compl\u00e8te ce podium.\" \/>\n<meta name=\"robots\" content=\"index, follow, max-snippet:-1, max-image-preview:large, max-video-preview:-1\" \/>\n<link rel=\"canonical\" href=\"https:\/\/dicodusport.fr\/blog\/biathlon-sjusjoen-tarjei-boe-le-plus-fort-sur-la-mass-start-devant-fillon-maillet-et-jacquelin\/\" \/>\n<meta property=\"og:locale\" content=\"fr_FR\" \/>\n<meta property=\"og:type\" content=\"article\" \/>\n<meta property=\"og:title\" content=\"Biathlon \u2013 Sjusjoen : Tarjei Boe le plus fort sur la mass start devant Fillon Maillet et Jacquelin\" \/>\n<meta property=\"og:description\" content=\"BIATHLON - SJUSJOEN - Tarjei Boe a \u00e9t\u00e9 le plus fort sur la mass start devant Quentin Fillon Maillet, et Emilien Jacquelin compl\u00e8te ce podium.\" \/>\n<meta property=\"og:url\" content=\"https:\/\/dicodusport.fr\/blog\/biathlon-sjusjoen-tarjei-boe-le-plus-fort-sur-la-mass-start-devant-fillon-maillet-et-jacquelin\/\" \/>\n<meta property=\"og:site_name\" content=\"Dicodusport\" \/>\n<meta property=\"article:publisher\" content=\"https:\/\/www.facebook.com\/dicodusport\" \/>\n<meta property=\"article:published_time\" content=\"2021-11-14T14:01:11+00:00\" \/>\n<meta property=\"article:modified_time\" content=\"2022-09-10T20:09:28+00:00\" \/>\n<meta property=\"og:image\" content=\"https:\/\/dicodusport.fr\/blog\/wp-content\/uploads\/2021\/11\/Biathlon-\u2013-Sjusjoen-Tarjei-Boe-le-plus-fort-sur-la-mass-start-devant-Fillon-Maillet-et-Jacquelin.png\" \/>\n\t<meta property=\"og:image:width\" content=\"800\" \/>\n\t<meta property=\"og:image:height\" content=\"445\" \/>\n\t<meta property=\"og:image:type\" content=\"image\/png\" \/>\n<meta name=\"author\" content=\"Cl\u00e9ment Derouelle\" \/>\n<meta name=\"twitter:card\" content=\"summary_large_image\" \/>\n<meta name=\"twitter:title\" content=\"Biathlon \u2013 Sjusjoen : Tarjei Boe le plus fort sur la mass start devant Fillon Maillet et Jacquelin\" \/>\n<meta name=\"twitter:creator\" content=\"@dicodusport\" \/>\n<meta name=\"twitter:site\" content=\"@dicodusport\" \/>\n<script type=\"application\/ld+json\" class=\"yoast-schema-graph\">{\"@context\":\"https:\/\/schema.org\",\"@graph\":[{\"@type\":\"NewsArticle\",\"@id\":\"https:\/\/dicodusport.fr\/blog\/biathlon-sjusjoen-tarjei-boe-le-plus-fort-sur-la-mass-start-devant-fillon-maillet-et-jacquelin\/#article\",\"isPartOf\":{\"@id\":\"https:\/\/dicodusport.fr\/blog\/biathlon-sjusjoen-tarjei-boe-le-plus-fort-sur-la-mass-start-devant-fillon-maillet-et-jacquelin\/\"},\"author\":{\"name\":\"Cl\u00e9ment Derouelle\",\"@id\":\"https:\/\/dicodusport.fr\/blog\/#\/schema\/person\/4b301ac615f5a54fe4c52e51a061a324\"},\"headline\":\"Biathlon \u2013 Sjusjoen : Tarjei Boe le plus fort sur la mass start devant Fillon Maillet et Jacquelin\",\"datePublished\":\"2021-11-14T14:01:11+00:00\",\"dateModified\":\"2022-09-10T20:09:28+00:00\",\"mainEntityOfPage\":{\"@id\":\"https:\/\/dicodusport.fr\/blog\/biathlon-sjusjoen-tarjei-boe-le-plus-fort-sur-la-mass-start-devant-fillon-maillet-et-jacquelin\/\"},\"wordCount\":496,\"commentCount\":0,\"publisher\":{\"@id\":\"https:\/\/dicodusport.fr\/blog\/#organization\"},\"image\":{\"@id\":\"https:\/\/dicodusport.fr\/blog\/biathlon-sjusjoen-tarjei-boe-le-plus-fort-sur-la-mass-start-devant-fillon-maillet-et-jacquelin\/#primaryimage\"},\"thumbnailUrl\":\"https:\/\/dicodusport.fr\/blog\/wp-content\/uploads\/2021\/11\/Biathlon-\u2013-Sjusjoen-Tarjei-Boe-le-plus-fort-sur-la-mass-start-devant-Fillon-Maillet-et-Jacquelin.png\",\"keywords\":[\"Biathlon\",\"Biathlon Sjusjoen\",\"Sjusjoen\"],\"articleSection\":[\"Biathlon\"],\"inLanguage\":\"fr-FR\",\"potentialAction\":[{\"@type\":\"CommentAction\",\"name\":\"Comment\",\"target\":[\"https:\/\/dicodusport.fr\/blog\/biathlon-sjusjoen-tarjei-boe-le-plus-fort-sur-la-mass-start-devant-fillon-maillet-et-jacquelin\/#respond\"]}],\"copyrightYear\":\"2021\",\"copyrightHolder\":{\"@id\":\"https:\/\/dicodusport.fr\/blog\/#organization\"}},{\"@type\":\"WebPage\",\"@id\":\"https:\/\/dicodusport.fr\/blog\/biathlon-sjusjoen-tarjei-boe-le-plus-fort-sur-la-mass-start-devant-fillon-maillet-et-jacquelin\/\",\"url\":\"https:\/\/dicodusport.fr\/blog\/biathlon-sjusjoen-tarjei-boe-le-plus-fort-sur-la-mass-start-devant-fillon-maillet-et-jacquelin\/\",\"name\":\"Biathlon \u2013 Sjusjoen : Tarjei Boe le plus fort sur la mass start devant Fillon Maillet et Jacquelin\",\"isPartOf\":{\"@id\":\"https:\/\/dicodusport.fr\/blog\/#website\"},\"primaryImageOfPage\":{\"@id\":\"https:\/\/dicodusport.fr\/blog\/biathlon-sjusjoen-tarjei-boe-le-plus-fort-sur-la-mass-start-devant-fillon-maillet-et-jacquelin\/#primaryimage\"},\"image\":{\"@id\":\"https:\/\/dicodusport.fr\/blog\/biathlon-sjusjoen-tarjei-boe-le-plus-fort-sur-la-mass-start-devant-fillon-maillet-et-jacquelin\/#primaryimage\"},\"thumbnailUrl\":\"https:\/\/dicodusport.fr\/blog\/wp-content\/uploads\/2021\/11\/Biathlon-\u2013-Sjusjoen-Tarjei-Boe-le-plus-fort-sur-la-mass-start-devant-Fillon-Maillet-et-Jacquelin.png\",\"datePublished\":\"2021-11-14T14:01:11+00:00\",\"dateModified\":\"2022-09-10T20:09:28+00:00\",\"description\":\"BIATHLON - SJUSJOEN - Tarjei Boe a \u00e9t\u00e9 le plus fort sur la mass start devant Quentin Fillon Maillet, et Emilien Jacquelin compl\u00e8te ce podium.\",\"breadcrumb\":{\"@id\":\"https:\/\/dicodusport.fr\/blog\/biathlon-sjusjoen-tarjei-boe-le-plus-fort-sur-la-mass-start-devant-fillon-maillet-et-jacquelin\/#breadcrumb\"},\"inLanguage\":\"fr-FR\",\"potentialAction\":[{\"@type\":\"ReadAction\",\"target\":[\"https:\/\/dicodusport.fr\/blog\/biathlon-sjusjoen-tarjei-boe-le-plus-fort-sur-la-mass-start-devant-fillon-maillet-et-jacquelin\/\"]}]},{\"@type\":\"ImageObject\",\"inLanguage\":\"fr-FR\",\"@id\":\"https:\/\/dicodusport.fr\/blog\/biathlon-sjusjoen-tarjei-boe-le-plus-fort-sur-la-mass-start-devant-fillon-maillet-et-jacquelin\/#primaryimage\",\"url\":\"https:\/\/dicodusport.fr\/blog\/wp-content\/uploads\/2021\/11\/Biathlon-\u2013-Sjusjoen-Tarjei-Boe-le-plus-fort-sur-la-mass-start-devant-Fillon-Maillet-et-Jacquelin.png\",\"contentUrl\":\"https:\/\/dicodusport.fr\/blog\/wp-content\/uploads\/2021\/11\/Biathlon-\u2013-Sjusjoen-Tarjei-Boe-le-plus-fort-sur-la-mass-start-devant-Fillon-Maillet-et-Jacquelin.png\",\"width\":800,\"height\":445,\"caption\":\"Biathlon \u2013 Sjusjoen Tarjei Boe le plus fort sur la mass start devant Fillon Maillet et Jacquelin\"},{\"@type\":\"BreadcrumbList\",\"@id\":\"https:\/\/dicodusport.fr\/blog\/biathlon-sjusjoen-tarjei-boe-le-plus-fort-sur-la-mass-start-devant-fillon-maillet-et-jacquelin\/#breadcrumb\",\"itemListElement\":[{\"@type\":\"ListItem\",\"position\":1,\"name\":\"Accueil\",\"item\":\"https:\/\/dicodusport.fr\/blog\/\"},{\"@type\":\"ListItem\",\"position\":2,\"name\":\"Biathlon \u2013 Sjusjoen : Tarjei Boe le plus fort sur la mass start devant Fillon Maillet et Jacquelin\"}]},{\"@type\":\"WebSite\",\"@id\":\"https:\/\/dicodusport.fr\/blog\/#website\",\"url\":\"https:\/\/dicodusport.fr\/blog\/\",\"name\":\"Dicodusport\",\"description\":\"L&#039;encyclop\u00e9die de l&#039;actualit\u00e9 sportive\",\"publisher\":{\"@id\":\"https:\/\/dicodusport.fr\/blog\/#organization\"},\"potentialAction\":[{\"@type\":\"SearchAction\",\"target\":{\"@type\":\"EntryPoint\",\"urlTemplate\":\"https:\/\/dicodusport.fr\/blog\/?s={search_term_string}\"},\"query-input\":{\"@type\":\"PropertyValueSpecification\",\"valueRequired\":true,\"valueName\":\"search_term_string\"}}],\"inLanguage\":\"fr-FR\"},{\"@type\":\"NewsMediaOrganization\",\"@id\":\"https:\/\/dicodusport.fr\/blog\/#organization\",\"name\":\"Dicodusport\",\"url\":\"https:\/\/dicodusport.fr\/blog\/\",\"logo\":{\"@type\":\"ImageObject\",\"inLanguage\":\"fr-FR\",\"@id\":\"https:\/\/dicodusport.fr\/blog\/#\/schema\/logo\/image\/\",\"url\":\"https:\/\/dicodusport.fr\/blog\/wp-content\/uploads\/2020\/06\/cropped-LOGO-DICODUSPORT-2020-SANS-FOND-SANS-TEXTE.png\",\"contentUrl\":\"https:\/\/dicodusport.fr\/blog\/wp-content\/uploads\/2020\/06\/cropped-LOGO-DICODUSPORT-2020-SANS-FOND-SANS-TEXTE.png\",\"width\":512,\"height\":512,\"caption\":\"Dicodusport\"},\"image\":{\"@id\":\"https:\/\/dicodusport.fr\/blog\/#\/schema\/logo\/image\/\"},\"sameAs\":[\"https:\/\/www.facebook.com\/dicodusport\",\"https:\/\/x.com\/dicodusport\",\"https:\/\/www.instagram.com\/dicodusport\/\",\"https:\/\/www.youtube.com\/channel\/UC7V2KZ5sd3htJivAbA4ZG3w\"],\"description\":\"Dicodusport est l'encyclop\u00e9die de l'actualit\u00e9 sportive.\",\"email\":\"bonjour@dicodusport.fr\",\"legalName\":\"DICODUSPORT\",\"foundingDate\":\"2018-01-14\",\"vatID\":\"FR71834470973\",\"taxID\":\"83447097300043\",\"numberOfEmployees\":{\"@type\":\"QuantitativeValue\",\"minValue\":\"1\",\"maxValue\":\"10\"}},{\"@type\":\"Person\",\"@id\":\"https:\/\/dicodusport.fr\/blog\/#\/schema\/person\/4b301ac615f5a54fe4c52e51a061a324\",\"name\":\"Cl\u00e9ment Derouelle\",\"image\":{\"@type\":\"ImageObject\",\"inLanguage\":\"fr-FR\",\"@id\":\"https:\/\/dicodusport.fr\/blog\/#\/schema\/person\/image\/\",\"url\":\"https:\/\/dicodusport.fr\/blog\/wp-content\/uploads\/2020\/06\/cropped-LOGO-DICODUSPORT-2020-SANS-FOND-SANS-TEXTE-150x150.png\",\"contentUrl\":\"https:\/\/dicodusport.fr\/blog\/wp-content\/uploads\/2020\/06\/cropped-LOGO-DICODUSPORT-2020-SANS-FOND-SANS-TEXTE-150x150.png\",\"caption\":\"Cl\u00e9ment Derouelle\"},\"url\":\"https:\/\/dicodusport.fr\/blog\/author\/clement-derouelle\/\"}]}<\/script>\n<!-- \/ Yoast SEO Premium plugin. -->","yoast_head_json":{"title":"Biathlon \u2013 Sjusjoen : Tarjei Boe le plus fort sur la mass start devant Fillon Maillet et Jacquelin","description":"BIATHLON - SJUSJOEN - Tarjei Boe a \u00e9t\u00e9 le plus fort sur la mass start devant Quentin Fillon Maillet, et Emilien Jacquelin compl\u00e8te ce podium.","robots":{"index":"index","follow":"follow","max-snippet":"max-snippet:-1","max-image-preview":"max-image-preview:large","max-video-preview":"max-video-preview:-1"},"canonical":"https:\/\/dicodusport.fr\/blog\/biathlon-sjusjoen-tarjei-boe-le-plus-fort-sur-la-mass-start-devant-fillon-maillet-et-jacquelin\/","og_locale":"fr_FR","og_type":"article","og_title":"Biathlon \u2013 Sjusjoen : Tarjei Boe le plus fort sur la mass start devant Fillon Maillet et Jacquelin","og_description":"BIATHLON - SJUSJOEN - Tarjei Boe a \u00e9t\u00e9 le plus fort sur la mass start devant Quentin Fillon Maillet, et Emilien Jacquelin compl\u00e8te ce podium.","og_url":"https:\/\/dicodusport.fr\/blog\/biathlon-sjusjoen-tarjei-boe-le-plus-fort-sur-la-mass-start-devant-fillon-maillet-et-jacquelin\/","og_site_name":"Dicodusport","article_publisher":"https:\/\/www.facebook.com\/dicodusport","article_published_time":"2021-11-14T14:01:11+00:00","article_modified_time":"2022-09-10T20:09:28+00:00","og_image":[{"width":800,"height":445,"url":"https:\/\/dicodusport.fr\/blog\/wp-content\/uploads\/2021\/11\/Biathlon-\u2013-Sjusjoen-Tarjei-Boe-le-plus-fort-sur-la-mass-start-devant-Fillon-Maillet-et-Jacquelin.png","type":"image\/png"}],"author":"Cl\u00e9ment Derouelle","twitter_card":"summary_large_image","twitter_title":"Biathlon \u2013 Sjusjoen : Tarjei Boe le plus fort sur la mass start devant Fillon Maillet et Jacquelin","twitter_creator":"@dicodusport","twitter_site":"@dicodusport","schema":{"@context":"https:\/\/schema.org","@graph":[{"@type":"NewsArticle","@id":"https:\/\/dicodusport.fr\/blog\/biathlon-sjusjoen-tarjei-boe-le-plus-fort-sur-la-mass-start-devant-fillon-maillet-et-jacquelin\/#article","isPartOf":{"@id":"https:\/\/dicodusport.fr\/blog\/biathlon-sjusjoen-tarjei-boe-le-plus-fort-sur-la-mass-start-devant-fillon-maillet-et-jacquelin\/"},"author":{"name":"Cl\u00e9ment Derouelle","@id":"https:\/\/dicodusport.fr\/blog\/#\/schema\/person\/4b301ac615f5a54fe4c52e51a061a324"},"headline":"Biathlon \u2013 Sjusjoen : Tarjei Boe le plus fort sur la mass start devant Fillon Maillet et Jacquelin","datePublished":"2021-11-14T14:01:11+00:00","dateModified":"2022-09-10T20:09:28+00:00","mainEntityOfPage":{"@id":"https:\/\/dicodusport.fr\/blog\/biathlon-sjusjoen-tarjei-boe-le-plus-fort-sur-la-mass-start-devant-fillon-maillet-et-jacquelin\/"},"wordCount":496,"commentCount":0,"publisher":{"@id":"https:\/\/dicodusport.fr\/blog\/#organization"},"image":{"@id":"https:\/\/dicodusport.fr\/blog\/biathlon-sjusjoen-tarjei-boe-le-plus-fort-sur-la-mass-start-devant-fillon-maillet-et-jacquelin\/#primaryimage"},"thumbnailUrl":"https:\/\/dicodusport.fr\/blog\/wp-content\/uploads\/2021\/11\/Biathlon-\u2013-Sjusjoen-Tarjei-Boe-le-plus-fort-sur-la-mass-start-devant-Fillon-Maillet-et-Jacquelin.png","keywords":["Biathlon","Biathlon Sjusjoen","Sjusjoen"],"articleSection":["Biathlon"],"inLanguage":"fr-FR","potentialAction":[{"@type":"CommentAction","name":"Comment","target":["https:\/\/dicodusport.fr\/blog\/biathlon-sjusjoen-tarjei-boe-le-plus-fort-sur-la-mass-start-devant-fillon-maillet-et-jacquelin\/#respond"]}],"copyrightYear":"2021","copyrightHolder":{"@id":"https:\/\/dicodusport.fr\/blog\/#organization"}},{"@type":"WebPage","@id":"https:\/\/dicodusport.fr\/blog\/biathlon-sjusjoen-tarjei-boe-le-plus-fort-sur-la-mass-start-devant-fillon-maillet-et-jacquelin\/","url":"https:\/\/dicodusport.fr\/blog\/biathlon-sjusjoen-tarjei-boe-le-plus-fort-sur-la-mass-start-devant-fillon-maillet-et-jacquelin\/","name":"Biathlon \u2013 Sjusjoen : Tarjei Boe le plus fort sur la mass start devant Fillon Maillet et Jacquelin","isPartOf":{"@id":"https:\/\/dicodusport.fr\/blog\/#website"},"primaryImageOfPage":{"@id":"https:\/\/dicodusport.fr\/blog\/biathlon-sjusjoen-tarjei-boe-le-plus-fort-sur-la-mass-start-devant-fillon-maillet-et-jacquelin\/#primaryimage"},"image":{"@id":"https:\/\/dicodusport.fr\/blog\/biathlon-sjusjoen-tarjei-boe-le-plus-fort-sur-la-mass-start-devant-fillon-maillet-et-jacquelin\/#primaryimage"},"thumbnailUrl":"https:\/\/dicodusport.fr\/blog\/wp-content\/uploads\/2021\/11\/Biathlon-\u2013-Sjusjoen-Tarjei-Boe-le-plus-fort-sur-la-mass-start-devant-Fillon-Maillet-et-Jacquelin.png","datePublished":"2021-11-14T14:01:11+00:00","dateModified":"2022-09-10T20:09:28+00:00","description":"BIATHLON - SJUSJOEN - Tarjei Boe a \u00e9t\u00e9 le plus fort sur la mass start devant Quentin Fillon Maillet, et Emilien Jacquelin compl\u00e8te ce podium.","breadcrumb":{"@id":"https:\/\/dicodusport.fr\/blog\/biathlon-sjusjoen-tarjei-boe-le-plus-fort-sur-la-mass-start-devant-fillon-maillet-et-jacquelin\/#breadcrumb"},"inLanguage":"fr-FR","potentialAction":[{"@type":"ReadAction","target":["https:\/\/dicodusport.fr\/blog\/biathlon-sjusjoen-tarjei-boe-le-plus-fort-sur-la-mass-start-devant-fillon-maillet-et-jacquelin\/"]}]},{"@type":"ImageObject","inLanguage":"fr-FR","@id":"https:\/\/dicodusport.fr\/blog\/biathlon-sjusjoen-tarjei-boe-le-plus-fort-sur-la-mass-start-devant-fillon-maillet-et-jacquelin\/#primaryimage","url":"https:\/\/dicodusport.fr\/blog\/wp-content\/uploads\/2021\/11\/Biathlon-\u2013-Sjusjoen-Tarjei-Boe-le-plus-fort-sur-la-mass-start-devant-Fillon-Maillet-et-Jacquelin.png","contentUrl":"https:\/\/dicodusport.fr\/blog\/wp-content\/uploads\/2021\/11\/Biathlon-\u2013-Sjusjoen-Tarjei-Boe-le-plus-fort-sur-la-mass-start-devant-Fillon-Maillet-et-Jacquelin.png","width":800,"height":445,"caption":"Biathlon \u2013 Sjusjoen Tarjei Boe le plus fort sur la mass start devant Fillon Maillet et Jacquelin"},{"@type":"BreadcrumbList","@id":"https:\/\/dicodusport.fr\/blog\/biathlon-sjusjoen-tarjei-boe-le-plus-fort-sur-la-mass-start-devant-fillon-maillet-et-jacquelin\/#breadcrumb","itemListElement":[{"@type":"ListItem","position":1,"name":"Accueil","item":"https:\/\/dicodusport.fr\/blog\/"},{"@type":"ListItem","position":2,"name":"Biathlon \u2013 Sjusjoen : Tarjei Boe le plus fort sur la mass start devant Fillon Maillet et Jacquelin"}]},{"@type":"WebSite","@id":"https:\/\/dicodusport.fr\/blog\/#website","url":"https:\/\/dicodusport.fr\/blog\/","name":"Dicodusport","description":"L&#039;encyclop\u00e9die de l&#039;actualit\u00e9 sportive","publisher":{"@id":"https:\/\/dicodusport.fr\/blog\/#organization"},"potentialAction":[{"@type":"SearchAction","target":{"@type":"EntryPoint","urlTemplate":"https:\/\/dicodusport.fr\/blog\/?s={search_term_string}"},"query-input":{"@type":"PropertyValueSpecification","valueRequired":true,"valueName":"search_term_string"}}],"inLanguage":"fr-FR"},{"@type":"NewsMediaOrganization","@id":"https:\/\/dicodusport.fr\/blog\/#organization","name":"Dicodusport","url":"https:\/\/dicodusport.fr\/blog\/","logo":{"@type":"ImageObject","inLanguage":"fr-FR","@id":"https:\/\/dicodusport.fr\/blog\/#\/schema\/logo\/image\/","url":"https:\/\/dicodusport.fr\/blog\/wp-content\/uploads\/2020\/06\/cropped-LOGO-DICODUSPORT-2020-SANS-FOND-SANS-TEXTE.png","contentUrl":"https:\/\/dicodusport.fr\/blog\/wp-content\/uploads\/2020\/06\/cropped-LOGO-DICODUSPORT-2020-SANS-FOND-SANS-TEXTE.png","width":512,"height":512,"caption":"Dicodusport"},"image":{"@id":"https:\/\/dicodusport.fr\/blog\/#\/schema\/logo\/image\/"},"sameAs":["https:\/\/www.facebook.com\/dicodusport","https:\/\/x.com\/dicodusport","https:\/\/www.instagram.com\/dicodusport\/","https:\/\/www.youtube.com\/channel\/UC7V2KZ5sd3htJivAbA4ZG3w"],"description":"Dicodusport est l'encyclop\u00e9die de l'actualit\u00e9 sportive.","email":"bonjour@dicodusport.fr","legalName":"DICODUSPORT","foundingDate":"2018-01-14","vatID":"FR71834470973","taxID":"83447097300043","numberOfEmployees":{"@type":"QuantitativeValue","minValue":"1","maxValue":"10"}},{"@type":"Person","@id":"https:\/\/dicodusport.fr\/blog\/#\/schema\/person\/4b301ac615f5a54fe4c52e51a061a324","name":"Cl\u00e9ment Derouelle","image":{"@type":"ImageObject","inLanguage":"fr-FR","@id":"https:\/\/dicodusport.fr\/blog\/#\/schema\/person\/image\/","url":"https:\/\/dicodusport.fr\/blog\/wp-content\/uploads\/2020\/06\/cropped-LOGO-DICODUSPORT-2020-SANS-FOND-SANS-TEXTE-150x150.png","contentUrl":"https:\/\/dicodusport.fr\/blog\/wp-content\/uploads\/2020\/06\/cropped-LOGO-DICODUSPORT-2020-SANS-FOND-SANS-TEXTE-150x150.png","caption":"Cl\u00e9ment Derouelle"},"url":"https:\/\/dicodusport.fr\/blog\/author\/clement-derouelle\/"}]}},"_links":{"self":[{"href":"https:\/\/dicodusport.fr\/blog\/wp-json\/wp\/v2\/posts\/179275","targetHints":{"allow":["GET"]}}],"collection":[{"href":"https:\/\/dicodusport.fr\/blog\/wp-json\/wp\/v2\/posts"}],"about":[{"href":"https:\/\/dicodusport.fr\/blog\/wp-json\/wp\/v2\/types\/post"}],"author":[{"embeddable":true,"href":"https:\/\/dicodusport.fr\/blog\/wp-json\/wp\/v2\/users\/63"}],"replies":[{"embeddable":true,"href":"https:\/\/dicodusport.fr\/blog\/wp-json\/wp\/v2\/comments?post=179275"}],"version-history":[{"count":0,"href":"https:\/\/dicodusport.fr\/blog\/wp-json\/wp\/v2\/posts\/179275\/revisions"}],"wp:featuredmedia":[{"embeddable":true,"href":"https:\/\/dicodusport.fr\/blog\/wp-json\/wp\/v2\/media\/179316"}],"wp:attachment":[{"href":"https:\/\/dicodusport.fr\/blog\/wp-json\/wp\/v2\/media?parent=179275"}],"wp:term":[{"taxonomy":"category","embeddable":true,"href":"https:\/\/dicodusport.fr\/blog\/wp-json\/wp\/v2\/categories?post=179275"},{"taxonomy":"post_tag","embeddable":true,"href":"https:\/\/dicodusport.fr\/blog\/wp-json\/wp\/v2\/tags?post=179275"}],"curies":[{"name":"wp","href":"https:\/\/api.w.org\/{rel}","templated":true}]}}