{"id":179355,"date":"2021-11-14T17:48:53","date_gmt":"2021-11-14T16:48:53","guid":{"rendered":"https:\/\/dicodusport.fr\/blog\/?p=179355"},"modified":"2021-11-14T17:48:53","modified_gmt":"2021-11-14T16:48:53","slug":"coupe-du-monde-de-ski-alpin-christian-hirschbuehl-gagne-le-geant-parallele-de-lech-zurs","status":"publish","type":"post","link":"https:\/\/dicodusport.fr\/blog\/coupe-du-monde-de-ski-alpin-christian-hirschbuehl-gagne-le-geant-parallele-de-lech-zurs\/","title":{"rendered":"Coupe du monde de ski alpin : Christian Hirschbuehl gagne le g\u00e9ant parall\u00e8le de Lech-Z\u00fcrs"},"content":{"rendered":"<p style=\"text-align: justify;\"><em><span class=\"tojvnm2t a6sixzi8 abs2jz4q a8s20v7p t1p8iaqh k5wvi7nf q3lfd5jv pk4s997a bipmatt0 cebpdrjk qowsmv63 owwhemhu dp1hu0rb dhp61c6y iyyx5f41\"><strong><b><i><a href=\"https:\/\/dicodusport.fr\/blog\/actualites\/sports-dhiver\/ski\/coupe-du-monde-ski-alpin-2021-2022\/\">COUPE DU MONDE DE SKI ALPIN 2021-2022<\/a> \u2013 Christian Hirschbuehl s&rsquo;est impos\u00e9 sur le parall\u00e8le de Lech-Z\u00fcrs en battant son compatriote Dominik Raschner. Le podium a \u00e9t\u00e9 compl\u00e9t\u00e9 par Atle Lie McGrath. L&rsquo;\u00e9quipe de France est pass\u00e9e \u00e0 c\u00f4t\u00e9 de cette deuxi\u00e8me \u00e9tape de la Coupe du monde avec seulement Cyprien Sarrazin qualifi\u00e9 pour la phase finale en nocturne.<br \/>\n<\/i><\/b><\/strong><\/span><\/em><\/p>\n<h2 style=\"text-align: justify;\">La surprise Dominik Raschner<\/h2>\n<p style=\"text-align: justify;\">Lors de ces qualifications, <strong>Dominik Raschner<\/strong> s\u2019est montr\u00e9 le plus rapide en 45.58 en devan\u00e7ant de peu le Slov\u00e8ne <strong>Zan Kranjec<\/strong> de 4 centi\u00e8mes et le Norv\u00e9gien <strong>Henrik Kristoffersen<\/strong> (3e \u00e0 0.12). Un autre Norv\u00e9gien, <strong>Atle Lie McGrath<\/strong>, a r\u00e9alis\u00e9 deux grosses manches, surtout sur le parcours rouge, avec le 4e temps \u00e0 0.14 de Raschner.<\/p>\n<p style=\"text-align: justify;\">Laur\u00e9at l&rsquo;an dernier, <strong>Alexis Pinturault<\/strong> a rat\u00e9 l&rsquo;opportunit\u00e9 de prendre de gros points au classement g\u00e9n\u00e9ral, en l\u2019absence de <strong>Marco Odermatt<\/strong>, <strong>Lo\u00efc Meillard<\/strong>, ou encore du Norv\u00e9gien <strong>Alexander Aamodt Kilde<\/strong>. En t\u00eate apr\u00e8s la premi\u00e8re manche sur le parcours rouge, le Fran\u00e7ais a enfourch\u00e9 sur le bas du trac\u00e9 de la deuxi\u00e8me manche \u00e0 cause d&rsquo;un trou et a \u00e9t\u00e9 \u00e9limin\u00e9. L&rsquo;autre grosse surprise est venue du Croate <strong>Filip Zubcic<\/strong> qui s&rsquo;est \u00e9galement pas qualifi\u00e9.<\/p>\n<h2 style=\"text-align: justify;\">Une journ\u00e9e \u00e0 oublier pour l&rsquo;\u00e9quipe de France<\/h2>\n<p style=\"text-align: justify;\"><strong>Cyprien Sarrazin<\/strong>, qui s&rsquo;\u00e9tait impos\u00e9 lors du parall\u00e8le d&rsquo;Alta Badia en 2016, est le seul Fran\u00e7ais qualifi\u00e9 pour les huiti\u00e8mes de finale, sur les cinq engag\u00e9s. Puisqu&rsquo;en plus de l&rsquo;\u00e9limination de Pinturault, <strong>Thibaut Favrot<\/strong> n&rsquo;a r\u00e9alis\u00e9 que le 18e temps \u00e0 0.51, <strong>Victor Muffat-Jeandet<\/strong> le 19e \u00e0 0.53, et le slalomeur <strong>Cl\u00e9ment No\u00ebl<\/strong> a termin\u00e9 34e \u00e0 0.94. \u00c0 noter, le seizi\u00e8me temps du Belge <strong>Armand Marchand<\/strong> \u00e0 44 centi\u00e8mes.<\/p>\n<p style=\"text-align: justify;\">D\u00e8s les huiti\u00e8mes de finale, <strong>Cyprien Sarrazin<\/strong> n&rsquo;a pas fini sa premi\u00e8re manche et a \u00e9t\u00e9 \u00e9limin\u00e9 par <strong>Atle Lie McGrath<\/strong>. <strong>Dominik Raschner<\/strong> a lui facilement \u00e9limin\u00e9 <strong>Armand Marchand<\/strong>. Les autres qualifi\u00e9s \u00e9taient <strong>Stefan Hadalin<\/strong>, <strong>Adrian Pertl, Henrik Kristoffersen, Erik Read, Trevor Philp<\/strong> et <strong>Christian Hirschbuehl<\/strong> qui a \u00e9limin\u00e9 Kranjec.<\/p>\n<p style=\"text-align: justify;\">Sur une neige sal\u00e9e, <strong>Dominik Raschner<\/strong> s&rsquo;en est parfaitement sorti face \u00e0 <strong>Stefan Hadalin<\/strong> qui a tout tent\u00e9 mais qui a chut\u00e9 en seconde manche. <strong>Atle Lie Mc Grath, Henrik Kristoffersen<\/strong> et <strong>Christian Hirschbuehl <\/strong>(qualifi\u00e9 avec le 15e temps) ont \u00e9galement franchi le cap des quarts de finale.<\/p>\n<p style=\"text-align: justify;\">En demi-finales, <strong>Dominik Raschner<\/strong> a b\u00e9n\u00e9fici\u00e9 de deux grosses fautes d&rsquo;<strong>Atle Lie McGrath<\/strong> pour aller en finale. Son compatriote <strong>Christian Hirschbuehl<\/strong> a r\u00e9ussi l&rsquo;exploit de sortir <strong>Henrik Kristoffersen<\/strong> qui avait une belle avance sur la premi\u00e8re manche.<\/p>\n<p style=\"text-align: justify;\">Puis, dans la petite finale 100 % norv\u00e9gienne, <strong>Atle Lie McGrath<\/strong> a battu <strong>Henrik Kristoffersen<\/strong>. Le haut de la piste bleue est alors devenu inskiable. <strong>Atle Lie McGrath<\/strong> est mont\u00e9 sur son deuxi\u00e8me podium en Coupe du monde apr\u00e8s sa 2e place du slalom g\u00e9ant d&rsquo;Alta Badia, \u00e0 7 centi\u00e8mes de seconde d&rsquo;Alexis Pinturault.<\/p>\n<h2 style=\"text-align: justify;\">Christian Hirschbuehl profite du r\u00e8glement<\/h2>\n<p style=\"text-align: justify;\">Finalement, en finale 100 % autrichienne, <strong>Christian Hirschbuehl<\/strong> s&rsquo;est impos\u00e9 de 7 centi\u00e8mes sur <strong>Dominik Raschner<\/strong>. <strong>Hirschbuehl<\/strong> a sign\u00e9 sa premi\u00e8re victoire en Coupe du monde apr\u00e8s avoir b\u00e9n\u00e9fici\u00e9 de la p\u00e9nalit\u00e9 d&rsquo;une demi-seconde lors de la premi\u00e8re manche et en reprenant 63 centi\u00e8mes sur la seconde.<\/p>\n<blockquote class=\"twitter-tweet\">\n<p dir=\"ltr\" lang=\"en\">What a fight to the end! The big final consisted of two Austrian skiers, Christian and Dominik, where Christian won his first ever World Cup and Dominik getting his first World Cup podium. Norwegian skier, Atle Lie McGrath, beat fellow Norwegian to come third!<a href=\"https:\/\/twitter.com\/hashtag\/fisalpine?src=hash&amp;ref_src=twsrc%5Etfw\">#fisalpine<\/a> <a href=\"https:\/\/t.co\/1nCrUx9Ris\">pic.twitter.com\/1nCrUx9Ris<\/a><\/p>\n<p>\u2014 FIS Alpine (@fisalpine) <a href=\"https:\/\/twitter.com\/fisalpine\/status\/1459923502354550790?ref_src=twsrc%5Etfw\">November 14, 2021<\/a><\/p><\/blockquote>\n<p><script async src=\"https:\/\/platform.twitter.com\/widgets.js\" charset=\"utf-8\"><\/script><\/p>\n<p style=\"text-align: justify;\"><strong>Trevor Philp<\/strong> s&rsquo;est class\u00e9 cinqui\u00e8me en battant <strong>Adrian Pertl<\/strong>, le Canadien obtenant sa meilleure place en Coupe du monde, \u00e0 \u00e9galit\u00e9 avec le combin\u00e9 de Bansko en 2019.<\/p>\n<h2 style=\"text-align: justify;\"><strong>\u00c0 lire aussi<\/strong><\/h2>\n<ul>\n<li style=\"text-align: justify;\"><a href=\"https:\/\/dicodusport.fr\/blog\/ski-alpin-coupe-du-monde-2021-2022-classement-general-hommes\/\"><strong>Le classement g\u00e9n\u00e9ral de la Coupe du monde hommes<\/strong><\/a><\/li>\n<\/ul>\n","protected":false},"excerpt":{"rendered":"<p>COUPE DU MONDE DE SKI ALPIN 2021-2022 \u2013 Christian Hirschbuehl s&rsquo;est impos\u00e9 sur le parall\u00e8le de Lech-Z\u00fcrs en battant son compatriote Dominik Raschner. Le podium a \u00e9t\u00e9 compl\u00e9t\u00e9 par Atle Lie McGrath. L&rsquo;\u00e9quipe de France est pass\u00e9e \u00e0 c\u00f4t\u00e9 de cette deuxi\u00e8me \u00e9tape de la Coupe du monde avec seulement Cyprien Sarrazin qualifi\u00e9 pour la phase finale en nocturne.<\/p>\n","protected":false},"author":48,"featured_media":179372,"comment_status":"open","ping_status":"closed","sticky":false,"template":"","format":"standard","meta":{"_acf_changed":false,"_daextam_enable_autolinks":"","footnotes":""},"categories":[47084],"tags":[12586],"class_list":["post-179355","post","type-post","status-publish","format-standard","has-post-thumbnail","hentry","category-coupe-du-monde-ski-alpin","tag-coupe-du-monde-de-ski-alpin"],"acf":[],"yoast_head":"<!-- This site is optimized with the Yoast SEO Premium plugin v26.7 (Yoast SEO v26.7) - https:\/\/yoast.com\/wordpress\/plugins\/seo\/ -->\n<title>Coupe du monde de ski alpin : Christian Hirschbuehl gagne le g\u00e9ant parall\u00e8le de Lech-Z\u00fcrs<\/title>\n<meta name=\"description\" content=\"COUPE DU MONDE DE SKI ALPIN 2021-2022 \u2013 Christian Hirschbuehl s&#039;est impos\u00e9 sur le parall\u00e8le de Lech-Z\u00fcrs en battant son compatriote Dominik Raschner.\" \/>\n<meta name=\"robots\" content=\"index, follow, max-snippet:-1, max-image-preview:large, max-video-preview:-1\" \/>\n<link rel=\"canonical\" href=\"https:\/\/dicodusport.fr\/blog\/coupe-du-monde-de-ski-alpin-christian-hirschbuehl-gagne-le-geant-parallele-de-lech-zurs\/\" \/>\n<meta property=\"og:locale\" content=\"fr_FR\" \/>\n<meta property=\"og:type\" content=\"article\" \/>\n<meta property=\"og:title\" content=\"Coupe du monde de ski alpin : Christian Hirschbuehl gagne le g\u00e9ant parall\u00e8le de Lech-Z\u00fcrs\" \/>\n<meta property=\"og:description\" content=\"COUPE DU MONDE DE SKI ALPIN 2021-2022 \u2013 Christian Hirschbuehl s&#039;est impos\u00e9 sur le parall\u00e8le de Lech-Z\u00fcrs en battant son compatriote Dominik Raschner.\" \/>\n<meta property=\"og:url\" content=\"https:\/\/dicodusport.fr\/blog\/coupe-du-monde-de-ski-alpin-christian-hirschbuehl-gagne-le-geant-parallele-de-lech-zurs\/\" \/>\n<meta property=\"og:site_name\" content=\"Dicodusport\" \/>\n<meta property=\"article:publisher\" content=\"https:\/\/www.facebook.com\/dicodusport\" \/>\n<meta property=\"article:author\" content=\"https:\/\/www.facebook.com\/groups\/LesRoisDuPeloton\" \/>\n<meta property=\"article:published_time\" content=\"2021-11-14T16:48:53+00:00\" \/>\n<meta property=\"og:image\" content=\"https:\/\/dicodusport.fr\/blog\/wp-content\/uploads\/2021\/11\/Coupe-du-monde-de-ski-alpin-Christian-Hirschbuehl-gagne-le-geant-parallele-de-Lech-Zurs.png\" \/>\n\t<meta property=\"og:image:width\" content=\"800\" \/>\n\t<meta property=\"og:image:height\" content=\"445\" \/>\n\t<meta property=\"og:image:type\" content=\"image\/png\" \/>\n<meta name=\"author\" content=\"Emilien Descampiaux\" \/>\n<meta name=\"twitter:card\" content=\"summary_large_image\" \/>\n<meta name=\"twitter:title\" content=\"Coupe du monde de ski alpin : Christian Hirschbuehl gagne le g\u00e9ant parall\u00e8le de Lech-Z\u00fcrs\" \/>\n<meta name=\"twitter:creator\" content=\"@https:\/\/twitter.com\/LRoisDuPeloton\" \/>\n<meta name=\"twitter:site\" content=\"@dicodusport\" \/>\n<script type=\"application\/ld+json\" class=\"yoast-schema-graph\">{\"@context\":\"https:\/\/schema.org\",\"@graph\":[{\"@type\":\"NewsArticle\",\"@id\":\"https:\/\/dicodusport.fr\/blog\/coupe-du-monde-de-ski-alpin-christian-hirschbuehl-gagne-le-geant-parallele-de-lech-zurs\/#article\",\"isPartOf\":{\"@id\":\"https:\/\/dicodusport.fr\/blog\/coupe-du-monde-de-ski-alpin-christian-hirschbuehl-gagne-le-geant-parallele-de-lech-zurs\/\"},\"author\":{\"name\":\"Emilien Descampiaux\",\"@id\":\"https:\/\/dicodusport.fr\/blog\/#\/schema\/person\/6db4bae06b171592211be385b32876a7\"},\"headline\":\"Coupe du monde de ski alpin : Christian Hirschbuehl gagne le g\u00e9ant parall\u00e8le de Lech-Z\u00fcrs\",\"datePublished\":\"2021-11-14T16:48:53+00:00\",\"mainEntityOfPage\":{\"@id\":\"https:\/\/dicodusport.fr\/blog\/coupe-du-monde-de-ski-alpin-christian-hirschbuehl-gagne-le-geant-parallele-de-lech-zurs\/\"},\"wordCount\":674,\"commentCount\":0,\"publisher\":{\"@id\":\"https:\/\/dicodusport.fr\/blog\/#organization\"},\"image\":{\"@id\":\"https:\/\/dicodusport.fr\/blog\/coupe-du-monde-de-ski-alpin-christian-hirschbuehl-gagne-le-geant-parallele-de-lech-zurs\/#primaryimage\"},\"thumbnailUrl\":\"https:\/\/dicodusport.fr\/blog\/wp-content\/uploads\/2021\/11\/Coupe-du-monde-de-ski-alpin-Christian-Hirschbuehl-gagne-le-geant-parallele-de-Lech-Zurs.png\",\"keywords\":[\"Coupe du monde de ski alpin\"],\"articleSection\":[\"Coupe du monde de ski alpin\"],\"inLanguage\":\"fr-FR\",\"potentialAction\":[{\"@type\":\"CommentAction\",\"name\":\"Comment\",\"target\":[\"https:\/\/dicodusport.fr\/blog\/coupe-du-monde-de-ski-alpin-christian-hirschbuehl-gagne-le-geant-parallele-de-lech-zurs\/#respond\"]}],\"copyrightYear\":\"2021\",\"copyrightHolder\":{\"@id\":\"https:\/\/dicodusport.fr\/blog\/#organization\"}},{\"@type\":\"WebPage\",\"@id\":\"https:\/\/dicodusport.fr\/blog\/coupe-du-monde-de-ski-alpin-christian-hirschbuehl-gagne-le-geant-parallele-de-lech-zurs\/\",\"url\":\"https:\/\/dicodusport.fr\/blog\/coupe-du-monde-de-ski-alpin-christian-hirschbuehl-gagne-le-geant-parallele-de-lech-zurs\/\",\"name\":\"Coupe du monde de ski alpin : Christian Hirschbuehl gagne le g\u00e9ant parall\u00e8le de Lech-Z\u00fcrs\",\"isPartOf\":{\"@id\":\"https:\/\/dicodusport.fr\/blog\/#website\"},\"primaryImageOfPage\":{\"@id\":\"https:\/\/dicodusport.fr\/blog\/coupe-du-monde-de-ski-alpin-christian-hirschbuehl-gagne-le-geant-parallele-de-lech-zurs\/#primaryimage\"},\"image\":{\"@id\":\"https:\/\/dicodusport.fr\/blog\/coupe-du-monde-de-ski-alpin-christian-hirschbuehl-gagne-le-geant-parallele-de-lech-zurs\/#primaryimage\"},\"thumbnailUrl\":\"https:\/\/dicodusport.fr\/blog\/wp-content\/uploads\/2021\/11\/Coupe-du-monde-de-ski-alpin-Christian-Hirschbuehl-gagne-le-geant-parallele-de-Lech-Zurs.png\",\"datePublished\":\"2021-11-14T16:48:53+00:00\",\"description\":\"COUPE DU MONDE DE SKI ALPIN 2021-2022 \u2013 Christian Hirschbuehl s'est impos\u00e9 sur le parall\u00e8le de Lech-Z\u00fcrs en battant son compatriote Dominik Raschner.\",\"breadcrumb\":{\"@id\":\"https:\/\/dicodusport.fr\/blog\/coupe-du-monde-de-ski-alpin-christian-hirschbuehl-gagne-le-geant-parallele-de-lech-zurs\/#breadcrumb\"},\"inLanguage\":\"fr-FR\",\"potentialAction\":[{\"@type\":\"ReadAction\",\"target\":[\"https:\/\/dicodusport.fr\/blog\/coupe-du-monde-de-ski-alpin-christian-hirschbuehl-gagne-le-geant-parallele-de-lech-zurs\/\"]}]},{\"@type\":\"ImageObject\",\"inLanguage\":\"fr-FR\",\"@id\":\"https:\/\/dicodusport.fr\/blog\/coupe-du-monde-de-ski-alpin-christian-hirschbuehl-gagne-le-geant-parallele-de-lech-zurs\/#primaryimage\",\"url\":\"https:\/\/dicodusport.fr\/blog\/wp-content\/uploads\/2021\/11\/Coupe-du-monde-de-ski-alpin-Christian-Hirschbuehl-gagne-le-geant-parallele-de-Lech-Zurs.png\",\"contentUrl\":\"https:\/\/dicodusport.fr\/blog\/wp-content\/uploads\/2021\/11\/Coupe-du-monde-de-ski-alpin-Christian-Hirschbuehl-gagne-le-geant-parallele-de-Lech-Zurs.png\",\"width\":800,\"height\":445,\"caption\":\"Coupe du monde de ski alpin Christian Hirschbuehl gagne le g\u00e9ant parall\u00e8le de Lech-Z\u00fcrs\"},{\"@type\":\"BreadcrumbList\",\"@id\":\"https:\/\/dicodusport.fr\/blog\/coupe-du-monde-de-ski-alpin-christian-hirschbuehl-gagne-le-geant-parallele-de-lech-zurs\/#breadcrumb\",\"itemListElement\":[{\"@type\":\"ListItem\",\"position\":1,\"name\":\"Accueil\",\"item\":\"https:\/\/dicodusport.fr\/blog\/\"},{\"@type\":\"ListItem\",\"position\":2,\"name\":\"Coupe du monde de ski alpin : Christian Hirschbuehl gagne le g\u00e9ant parall\u00e8le de Lech-Z\u00fcrs\"}]},{\"@type\":\"WebSite\",\"@id\":\"https:\/\/dicodusport.fr\/blog\/#website\",\"url\":\"https:\/\/dicodusport.fr\/blog\/\",\"name\":\"Dicodusport\",\"description\":\"L&#039;encyclop\u00e9die de l&#039;actualit\u00e9 sportive\",\"publisher\":{\"@id\":\"https:\/\/dicodusport.fr\/blog\/#organization\"},\"potentialAction\":[{\"@type\":\"SearchAction\",\"target\":{\"@type\":\"EntryPoint\",\"urlTemplate\":\"https:\/\/dicodusport.fr\/blog\/?s={search_term_string}\"},\"query-input\":{\"@type\":\"PropertyValueSpecification\",\"valueRequired\":true,\"valueName\":\"search_term_string\"}}],\"inLanguage\":\"fr-FR\"},{\"@type\":\"NewsMediaOrganization\",\"@id\":\"https:\/\/dicodusport.fr\/blog\/#organization\",\"name\":\"Dicodusport\",\"url\":\"https:\/\/dicodusport.fr\/blog\/\",\"logo\":{\"@type\":\"ImageObject\",\"inLanguage\":\"fr-FR\",\"@id\":\"https:\/\/dicodusport.fr\/blog\/#\/schema\/logo\/image\/\",\"url\":\"https:\/\/dicodusport.fr\/blog\/wp-content\/uploads\/2020\/06\/cropped-LOGO-DICODUSPORT-2020-SANS-FOND-SANS-TEXTE.png\",\"contentUrl\":\"https:\/\/dicodusport.fr\/blog\/wp-content\/uploads\/2020\/06\/cropped-LOGO-DICODUSPORT-2020-SANS-FOND-SANS-TEXTE.png\",\"width\":512,\"height\":512,\"caption\":\"Dicodusport\"},\"image\":{\"@id\":\"https:\/\/dicodusport.fr\/blog\/#\/schema\/logo\/image\/\"},\"sameAs\":[\"https:\/\/www.facebook.com\/dicodusport\",\"https:\/\/x.com\/dicodusport\",\"https:\/\/www.instagram.com\/dicodusport\/\",\"https:\/\/www.youtube.com\/channel\/UC7V2KZ5sd3htJivAbA4ZG3w\"],\"description\":\"Dicodusport est l'encyclop\u00e9die de l'actualit\u00e9 sportive.\",\"email\":\"bonjour@dicodusport.fr\",\"legalName\":\"DICODUSPORT\",\"foundingDate\":\"2018-01-14\",\"vatID\":\"FR71834470973\",\"taxID\":\"83447097300043\",\"numberOfEmployees\":{\"@type\":\"QuantitativeValue\",\"minValue\":\"1\",\"maxValue\":\"10\"}},{\"@type\":\"Person\",\"@id\":\"https:\/\/dicodusport.fr\/blog\/#\/schema\/person\/6db4bae06b171592211be385b32876a7\",\"name\":\"Emilien Descampiaux\",\"image\":{\"@type\":\"ImageObject\",\"inLanguage\":\"fr-FR\",\"@id\":\"https:\/\/dicodusport.fr\/blog\/#\/schema\/person\/image\/\",\"url\":\"https:\/\/dicodusport.fr\/blog\/wp-content\/uploads\/2021\/05\/Emilien-Descampiaux-150x150.jpg\",\"contentUrl\":\"https:\/\/dicodusport.fr\/blog\/wp-content\/uploads\/2021\/05\/Emilien-Descampiaux-150x150.jpg\",\"caption\":\"Emilien Descampiaux\"},\"description\":\"Journaliste\/r\u00e9dacteur depuis 2014 - Fan de la classe de Frank Vandenbroucke, je vis cyclisme (et de ses paysages) depuis plus de 20 ans. Je suis tr\u00e8s impliqu\u00e9 sur mes diff\u00e9rents r\u00e9seaux sociaux pour partager ma passion sur le monde et l'Histoire de la bicyclette avec ma voix sur les images en noir et blanc du succ\u00e8s de Rik Van Steenbergen lors du Ronde sur le V\u00e9lodrome de Gand.\",\"sameAs\":[\"https:\/\/www.facebook.com\/groups\/LesRoisDuPeloton\",\"https:\/\/x.com\/https:\/\/twitter.com\/LRoisDuPeloton\"],\"url\":\"https:\/\/dicodusport.fr\/blog\/author\/emiliend\/\"}]}<\/script>\n<!-- \/ Yoast SEO Premium plugin. -->","yoast_head_json":{"title":"Coupe du monde de ski alpin : Christian Hirschbuehl gagne le g\u00e9ant parall\u00e8le de Lech-Z\u00fcrs","description":"COUPE DU MONDE DE SKI ALPIN 2021-2022 \u2013 Christian Hirschbuehl s'est impos\u00e9 sur le parall\u00e8le de Lech-Z\u00fcrs en battant son compatriote Dominik Raschner.","robots":{"index":"index","follow":"follow","max-snippet":"max-snippet:-1","max-image-preview":"max-image-preview:large","max-video-preview":"max-video-preview:-1"},"canonical":"https:\/\/dicodusport.fr\/blog\/coupe-du-monde-de-ski-alpin-christian-hirschbuehl-gagne-le-geant-parallele-de-lech-zurs\/","og_locale":"fr_FR","og_type":"article","og_title":"Coupe du monde de ski alpin : Christian Hirschbuehl gagne le g\u00e9ant parall\u00e8le de Lech-Z\u00fcrs","og_description":"COUPE DU MONDE DE SKI ALPIN 2021-2022 \u2013 Christian Hirschbuehl s'est impos\u00e9 sur le parall\u00e8le de Lech-Z\u00fcrs en battant son compatriote Dominik Raschner.","og_url":"https:\/\/dicodusport.fr\/blog\/coupe-du-monde-de-ski-alpin-christian-hirschbuehl-gagne-le-geant-parallele-de-lech-zurs\/","og_site_name":"Dicodusport","article_publisher":"https:\/\/www.facebook.com\/dicodusport","article_author":"https:\/\/www.facebook.com\/groups\/LesRoisDuPeloton","article_published_time":"2021-11-14T16:48:53+00:00","og_image":[{"width":800,"height":445,"url":"https:\/\/dicodusport.fr\/blog\/wp-content\/uploads\/2021\/11\/Coupe-du-monde-de-ski-alpin-Christian-Hirschbuehl-gagne-le-geant-parallele-de-Lech-Zurs.png","type":"image\/png"}],"author":"Emilien Descampiaux","twitter_card":"summary_large_image","twitter_title":"Coupe du monde de ski alpin : Christian Hirschbuehl gagne le g\u00e9ant parall\u00e8le de Lech-Z\u00fcrs","twitter_creator":"@https:\/\/twitter.com\/LRoisDuPeloton","twitter_site":"@dicodusport","schema":{"@context":"https:\/\/schema.org","@graph":[{"@type":"NewsArticle","@id":"https:\/\/dicodusport.fr\/blog\/coupe-du-monde-de-ski-alpin-christian-hirschbuehl-gagne-le-geant-parallele-de-lech-zurs\/#article","isPartOf":{"@id":"https:\/\/dicodusport.fr\/blog\/coupe-du-monde-de-ski-alpin-christian-hirschbuehl-gagne-le-geant-parallele-de-lech-zurs\/"},"author":{"name":"Emilien Descampiaux","@id":"https:\/\/dicodusport.fr\/blog\/#\/schema\/person\/6db4bae06b171592211be385b32876a7"},"headline":"Coupe du monde de ski alpin : Christian Hirschbuehl gagne le g\u00e9ant parall\u00e8le de Lech-Z\u00fcrs","datePublished":"2021-11-14T16:48:53+00:00","mainEntityOfPage":{"@id":"https:\/\/dicodusport.fr\/blog\/coupe-du-monde-de-ski-alpin-christian-hirschbuehl-gagne-le-geant-parallele-de-lech-zurs\/"},"wordCount":674,"commentCount":0,"publisher":{"@id":"https:\/\/dicodusport.fr\/blog\/#organization"},"image":{"@id":"https:\/\/dicodusport.fr\/blog\/coupe-du-monde-de-ski-alpin-christian-hirschbuehl-gagne-le-geant-parallele-de-lech-zurs\/#primaryimage"},"thumbnailUrl":"https:\/\/dicodusport.fr\/blog\/wp-content\/uploads\/2021\/11\/Coupe-du-monde-de-ski-alpin-Christian-Hirschbuehl-gagne-le-geant-parallele-de-Lech-Zurs.png","keywords":["Coupe du monde de ski alpin"],"articleSection":["Coupe du monde de ski alpin"],"inLanguage":"fr-FR","potentialAction":[{"@type":"CommentAction","name":"Comment","target":["https:\/\/dicodusport.fr\/blog\/coupe-du-monde-de-ski-alpin-christian-hirschbuehl-gagne-le-geant-parallele-de-lech-zurs\/#respond"]}],"copyrightYear":"2021","copyrightHolder":{"@id":"https:\/\/dicodusport.fr\/blog\/#organization"}},{"@type":"WebPage","@id":"https:\/\/dicodusport.fr\/blog\/coupe-du-monde-de-ski-alpin-christian-hirschbuehl-gagne-le-geant-parallele-de-lech-zurs\/","url":"https:\/\/dicodusport.fr\/blog\/coupe-du-monde-de-ski-alpin-christian-hirschbuehl-gagne-le-geant-parallele-de-lech-zurs\/","name":"Coupe du monde de ski alpin : Christian Hirschbuehl gagne le g\u00e9ant parall\u00e8le de Lech-Z\u00fcrs","isPartOf":{"@id":"https:\/\/dicodusport.fr\/blog\/#website"},"primaryImageOfPage":{"@id":"https:\/\/dicodusport.fr\/blog\/coupe-du-monde-de-ski-alpin-christian-hirschbuehl-gagne-le-geant-parallele-de-lech-zurs\/#primaryimage"},"image":{"@id":"https:\/\/dicodusport.fr\/blog\/coupe-du-monde-de-ski-alpin-christian-hirschbuehl-gagne-le-geant-parallele-de-lech-zurs\/#primaryimage"},"thumbnailUrl":"https:\/\/dicodusport.fr\/blog\/wp-content\/uploads\/2021\/11\/Coupe-du-monde-de-ski-alpin-Christian-Hirschbuehl-gagne-le-geant-parallele-de-Lech-Zurs.png","datePublished":"2021-11-14T16:48:53+00:00","description":"COUPE DU MONDE DE SKI ALPIN 2021-2022 \u2013 Christian Hirschbuehl s'est impos\u00e9 sur le parall\u00e8le de Lech-Z\u00fcrs en battant son compatriote Dominik Raschner.","breadcrumb":{"@id":"https:\/\/dicodusport.fr\/blog\/coupe-du-monde-de-ski-alpin-christian-hirschbuehl-gagne-le-geant-parallele-de-lech-zurs\/#breadcrumb"},"inLanguage":"fr-FR","potentialAction":[{"@type":"ReadAction","target":["https:\/\/dicodusport.fr\/blog\/coupe-du-monde-de-ski-alpin-christian-hirschbuehl-gagne-le-geant-parallele-de-lech-zurs\/"]}]},{"@type":"ImageObject","inLanguage":"fr-FR","@id":"https:\/\/dicodusport.fr\/blog\/coupe-du-monde-de-ski-alpin-christian-hirschbuehl-gagne-le-geant-parallele-de-lech-zurs\/#primaryimage","url":"https:\/\/dicodusport.fr\/blog\/wp-content\/uploads\/2021\/11\/Coupe-du-monde-de-ski-alpin-Christian-Hirschbuehl-gagne-le-geant-parallele-de-Lech-Zurs.png","contentUrl":"https:\/\/dicodusport.fr\/blog\/wp-content\/uploads\/2021\/11\/Coupe-du-monde-de-ski-alpin-Christian-Hirschbuehl-gagne-le-geant-parallele-de-Lech-Zurs.png","width":800,"height":445,"caption":"Coupe du monde de ski alpin Christian Hirschbuehl gagne le g\u00e9ant parall\u00e8le de Lech-Z\u00fcrs"},{"@type":"BreadcrumbList","@id":"https:\/\/dicodusport.fr\/blog\/coupe-du-monde-de-ski-alpin-christian-hirschbuehl-gagne-le-geant-parallele-de-lech-zurs\/#breadcrumb","itemListElement":[{"@type":"ListItem","position":1,"name":"Accueil","item":"https:\/\/dicodusport.fr\/blog\/"},{"@type":"ListItem","position":2,"name":"Coupe du monde de ski alpin : Christian Hirschbuehl gagne le g\u00e9ant parall\u00e8le de Lech-Z\u00fcrs"}]},{"@type":"WebSite","@id":"https:\/\/dicodusport.fr\/blog\/#website","url":"https:\/\/dicodusport.fr\/blog\/","name":"Dicodusport","description":"L&#039;encyclop\u00e9die de l&#039;actualit\u00e9 sportive","publisher":{"@id":"https:\/\/dicodusport.fr\/blog\/#organization"},"potentialAction":[{"@type":"SearchAction","target":{"@type":"EntryPoint","urlTemplate":"https:\/\/dicodusport.fr\/blog\/?s={search_term_string}"},"query-input":{"@type":"PropertyValueSpecification","valueRequired":true,"valueName":"search_term_string"}}],"inLanguage":"fr-FR"},{"@type":"NewsMediaOrganization","@id":"https:\/\/dicodusport.fr\/blog\/#organization","name":"Dicodusport","url":"https:\/\/dicodusport.fr\/blog\/","logo":{"@type":"ImageObject","inLanguage":"fr-FR","@id":"https:\/\/dicodusport.fr\/blog\/#\/schema\/logo\/image\/","url":"https:\/\/dicodusport.fr\/blog\/wp-content\/uploads\/2020\/06\/cropped-LOGO-DICODUSPORT-2020-SANS-FOND-SANS-TEXTE.png","contentUrl":"https:\/\/dicodusport.fr\/blog\/wp-content\/uploads\/2020\/06\/cropped-LOGO-DICODUSPORT-2020-SANS-FOND-SANS-TEXTE.png","width":512,"height":512,"caption":"Dicodusport"},"image":{"@id":"https:\/\/dicodusport.fr\/blog\/#\/schema\/logo\/image\/"},"sameAs":["https:\/\/www.facebook.com\/dicodusport","https:\/\/x.com\/dicodusport","https:\/\/www.instagram.com\/dicodusport\/","https:\/\/www.youtube.com\/channel\/UC7V2KZ5sd3htJivAbA4ZG3w"],"description":"Dicodusport est l'encyclop\u00e9die de l'actualit\u00e9 sportive.","email":"bonjour@dicodusport.fr","legalName":"DICODUSPORT","foundingDate":"2018-01-14","vatID":"FR71834470973","taxID":"83447097300043","numberOfEmployees":{"@type":"QuantitativeValue","minValue":"1","maxValue":"10"}},{"@type":"Person","@id":"https:\/\/dicodusport.fr\/blog\/#\/schema\/person\/6db4bae06b171592211be385b32876a7","name":"Emilien Descampiaux","image":{"@type":"ImageObject","inLanguage":"fr-FR","@id":"https:\/\/dicodusport.fr\/blog\/#\/schema\/person\/image\/","url":"https:\/\/dicodusport.fr\/blog\/wp-content\/uploads\/2021\/05\/Emilien-Descampiaux-150x150.jpg","contentUrl":"https:\/\/dicodusport.fr\/blog\/wp-content\/uploads\/2021\/05\/Emilien-Descampiaux-150x150.jpg","caption":"Emilien Descampiaux"},"description":"Journaliste\/r\u00e9dacteur depuis 2014 - Fan de la classe de Frank Vandenbroucke, je vis cyclisme (et de ses paysages) depuis plus de 20 ans. Je suis tr\u00e8s impliqu\u00e9 sur mes diff\u00e9rents r\u00e9seaux sociaux pour partager ma passion sur le monde et l'Histoire de la bicyclette avec ma voix sur les images en noir et blanc du succ\u00e8s de Rik Van Steenbergen lors du Ronde sur le V\u00e9lodrome de Gand.","sameAs":["https:\/\/www.facebook.com\/groups\/LesRoisDuPeloton","https:\/\/x.com\/https:\/\/twitter.com\/LRoisDuPeloton"],"url":"https:\/\/dicodusport.fr\/blog\/author\/emiliend\/"}]}},"_links":{"self":[{"href":"https:\/\/dicodusport.fr\/blog\/wp-json\/wp\/v2\/posts\/179355","targetHints":{"allow":["GET"]}}],"collection":[{"href":"https:\/\/dicodusport.fr\/blog\/wp-json\/wp\/v2\/posts"}],"about":[{"href":"https:\/\/dicodusport.fr\/blog\/wp-json\/wp\/v2\/types\/post"}],"author":[{"embeddable":true,"href":"https:\/\/dicodusport.fr\/blog\/wp-json\/wp\/v2\/users\/48"}],"replies":[{"embeddable":true,"href":"https:\/\/dicodusport.fr\/blog\/wp-json\/wp\/v2\/comments?post=179355"}],"version-history":[{"count":0,"href":"https:\/\/dicodusport.fr\/blog\/wp-json\/wp\/v2\/posts\/179355\/revisions"}],"wp:featuredmedia":[{"embeddable":true,"href":"https:\/\/dicodusport.fr\/blog\/wp-json\/wp\/v2\/media\/179372"}],"wp:attachment":[{"href":"https:\/\/dicodusport.fr\/blog\/wp-json\/wp\/v2\/media?parent=179355"}],"wp:term":[{"taxonomy":"category","embeddable":true,"href":"https:\/\/dicodusport.fr\/blog\/wp-json\/wp\/v2\/categories?post=179355"},{"taxonomy":"post_tag","embeddable":true,"href":"https:\/\/dicodusport.fr\/blog\/wp-json\/wp\/v2\/tags?post=179355"}],"curies":[{"name":"wp","href":"https:\/\/api.w.org\/{rel}","templated":true}]}}