{"id":179453,"date":"2021-11-15T08:14:33","date_gmt":"2021-11-15T07:14:33","guid":{"rendered":"https:\/\/dicodusport.fr\/blog\/?p=179453&#038;preview=true&#038;preview_id=179453"},"modified":"2021-11-15T08:14:33","modified_gmt":"2021-11-15T07:14:33","slug":"pierre-bourgarit-et-13-autres-bleus-convoques-pour-preparer-les-all-blacks","status":"publish","type":"post","link":"https:\/\/dicodusport.fr\/blog\/pierre-bourgarit-et-13-autres-bleus-convoques-pour-preparer-les-all-blacks\/","title":{"rendered":"Pierre Bourgarit et 13 autres Bleus convoqu\u00e9s pour pr\u00e9parer les All Blacks"},"content":{"rendered":"<p style=\"text-align: justify;\"><em><b>TOURN\u00c9E D&rsquo;AUTOMNE &#8211; <a href=\"https:\/\/dicodusport.fr\/blog\/tournee-d-automne-les-bleus-battent-la-georgie-sans-convaincre\/\">Apr\u00e8s la victoire brouillonne face \u00e0 la G\u00e9orgie (41-15)<\/a>, le staff du XV de France a convoqu\u00e9 14 joueurs suppl\u00e9mentaires pour pr\u00e9parer le match face \u00e0 la Nouvelle-Z\u00e9lande ce samedi, \u00e0 21 heures.\u00a0<\/b><\/em><\/p>\n<p style=\"text-align: justify;\">Le Rochelais <strong>Pierre Bourgarit<\/strong> fait sa premi\u00e8re apparition dans le groupe tricolore pour cette tourn\u00e9e d&rsquo;automne, une convocation certainement li\u00e9e \u00e0 la blessure aux c\u00f4tes de <strong>Julien Marchand<\/strong>. Pour le reste, c&rsquo;est du classique, \u00e0 l&rsquo;exception de <strong>Pierre-Henri Azagoh<\/strong>, qui avait fait ses d\u00e9buts avec le XV de France lors de la tourn\u00e9e d&rsquo;\u00e9t\u00e9.<\/p>\n<h2 style=\"text-align: justify;\">Les 14 joueurs appel\u00e9s pour pr\u00e9parer la Nouvelle-Z\u00e9lande<\/h2>\n<p style=\"text-align: justify;\">Pierre-Henri AZAGOH (Stade Fran\u00e7ais, 2 s\u00e9lections)<br \/>\nAlexandre BECOGNEE (Montpellier, 1 s\u00e9lection)<br \/>\nPierre BOURGARIT (Stade Rochelais, 5 s\u00e9lections)<br \/>\nDylan CRETIN (LOU, 13 s\u00e9lections)<br \/>\nIbrahim DIALLO (Racing 92, 1 s\u00e9lection)<br \/>\nKillian GERACI (LOU, 3 s\u00e9lections)<br \/>\nDany PRISO (Stade Rochelais, 14 s\u00e9lections)<br \/>\nPierre-Louis BARASSI (LOU Rugby, 3 s\u00e9lections)<br \/>\nRomain BUROS (UBB, 0 s\u00e9lection)<br \/>\nBrice DULIN (Stade Rochelais, 36 s\u00e9lections)<br \/>\nYoram MOEFANA (UBB, 2 s\u00e9lections)<br \/>\nVincent RATTEZ (Montpellier, 8 s\u00e9lections)<br \/>\nDonovan TAOFIFENUA (Racing 92, 0 s\u00e9lection)<br \/>\nTani VILI (Clermont, 0 s\u00e9lection)<\/p>\n<blockquote class=\"twitter-tweet\">\n<p dir=\"ltr\" lang=\"fr\">&#x2139;&#xfe0f; Voici la liste des 14 joueurs convoqu\u00e9s pour rejoindre le <a href=\"https:\/\/twitter.com\/hashtag\/XVdeFrance?src=hash&amp;ref_src=twsrc%5Etfw\">#XVdeFrance<\/a>, au titre de la convention entre la FFR et la <a href=\"https:\/\/twitter.com\/LNRofficiel?ref_src=twsrc%5Etfw\">@LNRofficiel<\/a>, en vue de <a href=\"https:\/\/twitter.com\/hashtag\/FRANZL?src=hash&amp;ref_src=twsrc%5Etfw\">#FRANZL<\/a> samedi prochain au <a href=\"https:\/\/twitter.com\/StadeFrance?ref_src=twsrc%5Etfw\">@StadeFrance<\/a>. <a href=\"https:\/\/twitter.com\/hashtag\/NeFaisonsXV?src=hash&amp;ref_src=twsrc%5Etfw\">#NeFaisonsXV<\/a> &#x1f447;<\/p>\n<p>\u2014 France Rugby (@FranceRugby) <a href=\"https:\/\/twitter.com\/FranceRugby\/status\/1459975967636611075?ref_src=twsrc%5Etfw\">November 14, 2021<\/a><\/p><\/blockquote>\n<p style=\"text-align: justify;\"><script async src=\"https:\/\/platform.twitter.com\/widgets.js\" charset=\"utf-8\"><\/script><\/p>\n","protected":false},"excerpt":{"rendered":"<p>TOURN\u00c9E D&rsquo;AUTOMNE &#8211; Apr\u00e8s la victoire brouillonne face \u00e0 la G\u00e9orgie (41-15), le staff du XV de France a convoqu\u00e9 14 joueurs suppl\u00e9mentaires pour pr\u00e9parer le match face \u00e0 la Nouvelle-Z\u00e9lande ce samedi, \u00e0 21 heures.\u00a0<\/p>\n","protected":false},"author":1,"featured_media":179455,"comment_status":"open","ping_status":"closed","sticky":false,"template":"","format":"standard","meta":{"_acf_changed":false,"_daextam_enable_autolinks":"","footnotes":""},"categories":[19951],"tags":[21,30,12,1638],"class_list":["post-179453","post","type-post","status-publish","format-standard","has-post-thumbnail","hentry","category-xv-de-france","tag-all-blacks","tag-france","tag-nouvelle-zelande","tag-xv-de-france"],"acf":[],"yoast_head":"<!-- This site is optimized with the Yoast SEO Premium plugin v26.7 (Yoast SEO v26.7) - https:\/\/yoast.com\/wordpress\/plugins\/seo\/ -->\n<title>Pierre Bourgarit et 13 autres Bleus convoqu\u00e9s pour pr\u00e9parer les All Blacks<\/title>\n<meta name=\"description\" content=\"Le staff du XV de France a convoqu\u00e9 14 joueurs suppl\u00e9mentaires pour pr\u00e9parer le match face \u00e0 la Nouvelle-Z\u00e9lande ce samedi, \u00e0 21 heures.\u00a0\" \/>\n<meta name=\"robots\" content=\"index, follow, max-snippet:-1, max-image-preview:large, max-video-preview:-1\" \/>\n<link rel=\"canonical\" href=\"https:\/\/dicodusport.fr\/blog\/pierre-bourgarit-et-13-autres-bleus-convoques-pour-preparer-les-all-blacks\/\" \/>\n<meta property=\"og:locale\" content=\"fr_FR\" \/>\n<meta property=\"og:type\" content=\"article\" \/>\n<meta property=\"og:title\" content=\"Pierre Bourgarit et 13 autres Bleus convoqu\u00e9s pour pr\u00e9parer les All Blacks\" \/>\n<meta property=\"og:description\" content=\"Le staff du XV de France a convoqu\u00e9 14 joueurs suppl\u00e9mentaires pour pr\u00e9parer le match face \u00e0 la Nouvelle-Z\u00e9lande ce samedi, \u00e0 21 heures.\u00a0\" \/>\n<meta property=\"og:url\" content=\"https:\/\/dicodusport.fr\/blog\/pierre-bourgarit-et-13-autres-bleus-convoques-pour-preparer-les-all-blacks\/\" \/>\n<meta property=\"og:site_name\" content=\"Dicodusport\" \/>\n<meta property=\"article:publisher\" content=\"https:\/\/www.facebook.com\/dicodusport\" \/>\n<meta property=\"article:author\" content=\"https:\/\/www.facebook.com\/dicodusport\" \/>\n<meta property=\"article:published_time\" content=\"2021-11-15T07:14:33+00:00\" \/>\n<meta property=\"og:image\" content=\"https:\/\/dicodusport.fr\/blog\/wp-content\/uploads\/2021\/11\/Pierre-Bourgarit-et-13-autres-Bleus-convoque\u0301s-pour-pre\u0301parer-les-All-Blacks.png\" \/>\n\t<meta property=\"og:image:width\" content=\"800\" \/>\n\t<meta property=\"og:image:height\" content=\"445\" \/>\n\t<meta property=\"og:image:type\" content=\"image\/png\" \/>\n<meta name=\"author\" content=\"Nicolas Jacquemard\" \/>\n<meta name=\"twitter:card\" content=\"summary_large_image\" \/>\n<meta name=\"twitter:title\" content=\"Pierre Bourgarit et 13 autres Bleus convoqu\u00e9s pour pr\u00e9parer les All Blacks\" \/>\n<meta name=\"twitter:creator\" content=\"@https:\/\/twitter.com\/Nico_Jacquemard\" \/>\n<meta name=\"twitter:site\" content=\"@dicodusport\" \/>\n<script type=\"application\/ld+json\" class=\"yoast-schema-graph\">{\"@context\":\"https:\/\/schema.org\",\"@graph\":[{\"@type\":\"NewsArticle\",\"@id\":\"https:\/\/dicodusport.fr\/blog\/pierre-bourgarit-et-13-autres-bleus-convoques-pour-preparer-les-all-blacks\/#article\",\"isPartOf\":{\"@id\":\"https:\/\/dicodusport.fr\/blog\/pierre-bourgarit-et-13-autres-bleus-convoques-pour-preparer-les-all-blacks\/\"},\"author\":{\"name\":\"Nicolas Jacquemard\",\"@id\":\"https:\/\/dicodusport.fr\/blog\/#\/schema\/person\/55dcb50ad410894e431ed812bbb70191\"},\"headline\":\"Pierre Bourgarit et 13 autres Bleus convoqu\u00e9s pour pr\u00e9parer les All Blacks\",\"datePublished\":\"2021-11-15T07:14:33+00:00\",\"mainEntityOfPage\":{\"@id\":\"https:\/\/dicodusport.fr\/blog\/pierre-bourgarit-et-13-autres-bleus-convoques-pour-preparer-les-all-blacks\/\"},\"wordCount\":239,\"commentCount\":0,\"publisher\":{\"@id\":\"https:\/\/dicodusport.fr\/blog\/#organization\"},\"image\":{\"@id\":\"https:\/\/dicodusport.fr\/blog\/pierre-bourgarit-et-13-autres-bleus-convoques-pour-preparer-les-all-blacks\/#primaryimage\"},\"thumbnailUrl\":\"https:\/\/dicodusport.fr\/blog\/wp-content\/uploads\/2021\/11\/Pierre-Bourgarit-et-13-autres-Bleus-convoque\u0301s-pour-pre\u0301parer-les-All-Blacks.png\",\"keywords\":[\"All Blacks\",\"France\",\"Nouvelle-Z\u00e9lande\",\"XV de France\"],\"articleSection\":[\"XV de France\"],\"inLanguage\":\"fr-FR\",\"potentialAction\":[{\"@type\":\"CommentAction\",\"name\":\"Comment\",\"target\":[\"https:\/\/dicodusport.fr\/blog\/pierre-bourgarit-et-13-autres-bleus-convoques-pour-preparer-les-all-blacks\/#respond\"]}],\"copyrightYear\":\"2021\",\"copyrightHolder\":{\"@id\":\"https:\/\/dicodusport.fr\/blog\/#organization\"}},{\"@type\":\"WebPage\",\"@id\":\"https:\/\/dicodusport.fr\/blog\/pierre-bourgarit-et-13-autres-bleus-convoques-pour-preparer-les-all-blacks\/\",\"url\":\"https:\/\/dicodusport.fr\/blog\/pierre-bourgarit-et-13-autres-bleus-convoques-pour-preparer-les-all-blacks\/\",\"name\":\"Pierre Bourgarit et 13 autres Bleus convoqu\u00e9s pour pr\u00e9parer les All Blacks\",\"isPartOf\":{\"@id\":\"https:\/\/dicodusport.fr\/blog\/#website\"},\"primaryImageOfPage\":{\"@id\":\"https:\/\/dicodusport.fr\/blog\/pierre-bourgarit-et-13-autres-bleus-convoques-pour-preparer-les-all-blacks\/#primaryimage\"},\"image\":{\"@id\":\"https:\/\/dicodusport.fr\/blog\/pierre-bourgarit-et-13-autres-bleus-convoques-pour-preparer-les-all-blacks\/#primaryimage\"},\"thumbnailUrl\":\"https:\/\/dicodusport.fr\/blog\/wp-content\/uploads\/2021\/11\/Pierre-Bourgarit-et-13-autres-Bleus-convoque\u0301s-pour-pre\u0301parer-les-All-Blacks.png\",\"datePublished\":\"2021-11-15T07:14:33+00:00\",\"description\":\"Le staff du XV de France a convoqu\u00e9 14 joueurs suppl\u00e9mentaires pour pr\u00e9parer le match face \u00e0 la Nouvelle-Z\u00e9lande ce samedi, \u00e0 21 heures.\u00a0\",\"breadcrumb\":{\"@id\":\"https:\/\/dicodusport.fr\/blog\/pierre-bourgarit-et-13-autres-bleus-convoques-pour-preparer-les-all-blacks\/#breadcrumb\"},\"inLanguage\":\"fr-FR\",\"potentialAction\":[{\"@type\":\"ReadAction\",\"target\":[\"https:\/\/dicodusport.fr\/blog\/pierre-bourgarit-et-13-autres-bleus-convoques-pour-preparer-les-all-blacks\/\"]}]},{\"@type\":\"ImageObject\",\"inLanguage\":\"fr-FR\",\"@id\":\"https:\/\/dicodusport.fr\/blog\/pierre-bourgarit-et-13-autres-bleus-convoques-pour-preparer-les-all-blacks\/#primaryimage\",\"url\":\"https:\/\/dicodusport.fr\/blog\/wp-content\/uploads\/2021\/11\/Pierre-Bourgarit-et-13-autres-Bleus-convoque\u0301s-pour-pre\u0301parer-les-All-Blacks.png\",\"contentUrl\":\"https:\/\/dicodusport.fr\/blog\/wp-content\/uploads\/2021\/11\/Pierre-Bourgarit-et-13-autres-Bleus-convoque\u0301s-pour-pre\u0301parer-les-All-Blacks.png\",\"width\":800,\"height\":445},{\"@type\":\"BreadcrumbList\",\"@id\":\"https:\/\/dicodusport.fr\/blog\/pierre-bourgarit-et-13-autres-bleus-convoques-pour-preparer-les-all-blacks\/#breadcrumb\",\"itemListElement\":[{\"@type\":\"ListItem\",\"position\":1,\"name\":\"Accueil\",\"item\":\"https:\/\/dicodusport.fr\/blog\/\"},{\"@type\":\"ListItem\",\"position\":2,\"name\":\"Pierre Bourgarit et 13 autres Bleus convoqu\u00e9s pour pr\u00e9parer les All Blacks\"}]},{\"@type\":\"WebSite\",\"@id\":\"https:\/\/dicodusport.fr\/blog\/#website\",\"url\":\"https:\/\/dicodusport.fr\/blog\/\",\"name\":\"Dicodusport\",\"description\":\"L&#039;encyclop\u00e9die de l&#039;actualit\u00e9 sportive\",\"publisher\":{\"@id\":\"https:\/\/dicodusport.fr\/blog\/#organization\"},\"potentialAction\":[{\"@type\":\"SearchAction\",\"target\":{\"@type\":\"EntryPoint\",\"urlTemplate\":\"https:\/\/dicodusport.fr\/blog\/?s={search_term_string}\"},\"query-input\":{\"@type\":\"PropertyValueSpecification\",\"valueRequired\":true,\"valueName\":\"search_term_string\"}}],\"inLanguage\":\"fr-FR\"},{\"@type\":\"NewsMediaOrganization\",\"@id\":\"https:\/\/dicodusport.fr\/blog\/#organization\",\"name\":\"Dicodusport\",\"url\":\"https:\/\/dicodusport.fr\/blog\/\",\"logo\":{\"@type\":\"ImageObject\",\"inLanguage\":\"fr-FR\",\"@id\":\"https:\/\/dicodusport.fr\/blog\/#\/schema\/logo\/image\/\",\"url\":\"https:\/\/dicodusport.fr\/blog\/wp-content\/uploads\/2020\/06\/cropped-LOGO-DICODUSPORT-2020-SANS-FOND-SANS-TEXTE.png\",\"contentUrl\":\"https:\/\/dicodusport.fr\/blog\/wp-content\/uploads\/2020\/06\/cropped-LOGO-DICODUSPORT-2020-SANS-FOND-SANS-TEXTE.png\",\"width\":512,\"height\":512,\"caption\":\"Dicodusport\"},\"image\":{\"@id\":\"https:\/\/dicodusport.fr\/blog\/#\/schema\/logo\/image\/\"},\"sameAs\":[\"https:\/\/www.facebook.com\/dicodusport\",\"https:\/\/x.com\/dicodusport\",\"https:\/\/www.instagram.com\/dicodusport\/\",\"https:\/\/www.youtube.com\/channel\/UC7V2KZ5sd3htJivAbA4ZG3w\"],\"description\":\"Dicodusport est l'encyclop\u00e9die de l'actualit\u00e9 sportive.\",\"email\":\"bonjour@dicodusport.fr\",\"legalName\":\"DICODUSPORT\",\"foundingDate\":\"2018-01-14\",\"vatID\":\"FR71834470973\",\"taxID\":\"83447097300043\",\"numberOfEmployees\":{\"@type\":\"QuantitativeValue\",\"minValue\":\"1\",\"maxValue\":\"10\"}},{\"@type\":\"Person\",\"@id\":\"https:\/\/dicodusport.fr\/blog\/#\/schema\/person\/55dcb50ad410894e431ed812bbb70191\",\"name\":\"Nicolas Jacquemard\",\"image\":{\"@type\":\"ImageObject\",\"inLanguage\":\"fr-FR\",\"@id\":\"https:\/\/dicodusport.fr\/blog\/#\/schema\/person\/image\/\",\"url\":\"https:\/\/dicodusport.fr\/blog\/wp-content\/uploads\/2021\/05\/Nicolas-Jacquemard-150x150.jpeg\",\"contentUrl\":\"https:\/\/dicodusport.fr\/blog\/wp-content\/uploads\/2021\/05\/Nicolas-Jacquemard-150x150.jpeg\",\"caption\":\"Nicolas Jacquemard\"},\"description\":\"Passionn\u00e9 de sport et entrepreneur depuis mes 18 ans, la cr\u00e9ation de Dicodusport m'a sembl\u00e9 \u00e9vidente pour participer \u00e0 la m\u00e9diatisation d'un plus grand nombre de sports. Le chemin est long mais avec une \u00e9quipe des plus motiv\u00e9es et les Jeux Olympiques de Paris 2024 en point de mire, nous y arriverons ! Journaliste dans le monde du sport depuis plus de 5 ans, je traite aussi bien de football, de rugby, de biathlon que de cyclisme.\",\"sameAs\":[\"https:\/\/www.facebook.com\/dicodusport\",\"https:\/\/x.com\/https:\/\/twitter.com\/Nico_Jacquemard\"],\"url\":\"https:\/\/dicodusport.fr\/blog\/author\/dicodusport\/\"}]}<\/script>\n<!-- \/ Yoast SEO Premium plugin. -->","yoast_head_json":{"title":"Pierre Bourgarit et 13 autres Bleus convoqu\u00e9s pour pr\u00e9parer les All Blacks","description":"Le staff du XV de France a convoqu\u00e9 14 joueurs suppl\u00e9mentaires pour pr\u00e9parer le match face \u00e0 la Nouvelle-Z\u00e9lande ce samedi, \u00e0 21 heures.\u00a0","robots":{"index":"index","follow":"follow","max-snippet":"max-snippet:-1","max-image-preview":"max-image-preview:large","max-video-preview":"max-video-preview:-1"},"canonical":"https:\/\/dicodusport.fr\/blog\/pierre-bourgarit-et-13-autres-bleus-convoques-pour-preparer-les-all-blacks\/","og_locale":"fr_FR","og_type":"article","og_title":"Pierre Bourgarit et 13 autres Bleus convoqu\u00e9s pour pr\u00e9parer les All Blacks","og_description":"Le staff du XV de France a convoqu\u00e9 14 joueurs suppl\u00e9mentaires pour pr\u00e9parer le match face \u00e0 la Nouvelle-Z\u00e9lande ce samedi, \u00e0 21 heures.\u00a0","og_url":"https:\/\/dicodusport.fr\/blog\/pierre-bourgarit-et-13-autres-bleus-convoques-pour-preparer-les-all-blacks\/","og_site_name":"Dicodusport","article_publisher":"https:\/\/www.facebook.com\/dicodusport","article_author":"https:\/\/www.facebook.com\/dicodusport","article_published_time":"2021-11-15T07:14:33+00:00","og_image":[{"width":800,"height":445,"url":"https:\/\/dicodusport.fr\/blog\/wp-content\/uploads\/2021\/11\/Pierre-Bourgarit-et-13-autres-Bleus-convoque\u0301s-pour-pre\u0301parer-les-All-Blacks.png","type":"image\/png"}],"author":"Nicolas Jacquemard","twitter_card":"summary_large_image","twitter_title":"Pierre Bourgarit et 13 autres Bleus convoqu\u00e9s pour pr\u00e9parer les All Blacks","twitter_creator":"@https:\/\/twitter.com\/Nico_Jacquemard","twitter_site":"@dicodusport","schema":{"@context":"https:\/\/schema.org","@graph":[{"@type":"NewsArticle","@id":"https:\/\/dicodusport.fr\/blog\/pierre-bourgarit-et-13-autres-bleus-convoques-pour-preparer-les-all-blacks\/#article","isPartOf":{"@id":"https:\/\/dicodusport.fr\/blog\/pierre-bourgarit-et-13-autres-bleus-convoques-pour-preparer-les-all-blacks\/"},"author":{"name":"Nicolas Jacquemard","@id":"https:\/\/dicodusport.fr\/blog\/#\/schema\/person\/55dcb50ad410894e431ed812bbb70191"},"headline":"Pierre Bourgarit et 13 autres Bleus convoqu\u00e9s pour pr\u00e9parer les All Blacks","datePublished":"2021-11-15T07:14:33+00:00","mainEntityOfPage":{"@id":"https:\/\/dicodusport.fr\/blog\/pierre-bourgarit-et-13-autres-bleus-convoques-pour-preparer-les-all-blacks\/"},"wordCount":239,"commentCount":0,"publisher":{"@id":"https:\/\/dicodusport.fr\/blog\/#organization"},"image":{"@id":"https:\/\/dicodusport.fr\/blog\/pierre-bourgarit-et-13-autres-bleus-convoques-pour-preparer-les-all-blacks\/#primaryimage"},"thumbnailUrl":"https:\/\/dicodusport.fr\/blog\/wp-content\/uploads\/2021\/11\/Pierre-Bourgarit-et-13-autres-Bleus-convoque\u0301s-pour-pre\u0301parer-les-All-Blacks.png","keywords":["All Blacks","France","Nouvelle-Z\u00e9lande","XV de France"],"articleSection":["XV de France"],"inLanguage":"fr-FR","potentialAction":[{"@type":"CommentAction","name":"Comment","target":["https:\/\/dicodusport.fr\/blog\/pierre-bourgarit-et-13-autres-bleus-convoques-pour-preparer-les-all-blacks\/#respond"]}],"copyrightYear":"2021","copyrightHolder":{"@id":"https:\/\/dicodusport.fr\/blog\/#organization"}},{"@type":"WebPage","@id":"https:\/\/dicodusport.fr\/blog\/pierre-bourgarit-et-13-autres-bleus-convoques-pour-preparer-les-all-blacks\/","url":"https:\/\/dicodusport.fr\/blog\/pierre-bourgarit-et-13-autres-bleus-convoques-pour-preparer-les-all-blacks\/","name":"Pierre Bourgarit et 13 autres Bleus convoqu\u00e9s pour pr\u00e9parer les All Blacks","isPartOf":{"@id":"https:\/\/dicodusport.fr\/blog\/#website"},"primaryImageOfPage":{"@id":"https:\/\/dicodusport.fr\/blog\/pierre-bourgarit-et-13-autres-bleus-convoques-pour-preparer-les-all-blacks\/#primaryimage"},"image":{"@id":"https:\/\/dicodusport.fr\/blog\/pierre-bourgarit-et-13-autres-bleus-convoques-pour-preparer-les-all-blacks\/#primaryimage"},"thumbnailUrl":"https:\/\/dicodusport.fr\/blog\/wp-content\/uploads\/2021\/11\/Pierre-Bourgarit-et-13-autres-Bleus-convoque\u0301s-pour-pre\u0301parer-les-All-Blacks.png","datePublished":"2021-11-15T07:14:33+00:00","description":"Le staff du XV de France a convoqu\u00e9 14 joueurs suppl\u00e9mentaires pour pr\u00e9parer le match face \u00e0 la Nouvelle-Z\u00e9lande ce samedi, \u00e0 21 heures.\u00a0","breadcrumb":{"@id":"https:\/\/dicodusport.fr\/blog\/pierre-bourgarit-et-13-autres-bleus-convoques-pour-preparer-les-all-blacks\/#breadcrumb"},"inLanguage":"fr-FR","potentialAction":[{"@type":"ReadAction","target":["https:\/\/dicodusport.fr\/blog\/pierre-bourgarit-et-13-autres-bleus-convoques-pour-preparer-les-all-blacks\/"]}]},{"@type":"ImageObject","inLanguage":"fr-FR","@id":"https:\/\/dicodusport.fr\/blog\/pierre-bourgarit-et-13-autres-bleus-convoques-pour-preparer-les-all-blacks\/#primaryimage","url":"https:\/\/dicodusport.fr\/blog\/wp-content\/uploads\/2021\/11\/Pierre-Bourgarit-et-13-autres-Bleus-convoque\u0301s-pour-pre\u0301parer-les-All-Blacks.png","contentUrl":"https:\/\/dicodusport.fr\/blog\/wp-content\/uploads\/2021\/11\/Pierre-Bourgarit-et-13-autres-Bleus-convoque\u0301s-pour-pre\u0301parer-les-All-Blacks.png","width":800,"height":445},{"@type":"BreadcrumbList","@id":"https:\/\/dicodusport.fr\/blog\/pierre-bourgarit-et-13-autres-bleus-convoques-pour-preparer-les-all-blacks\/#breadcrumb","itemListElement":[{"@type":"ListItem","position":1,"name":"Accueil","item":"https:\/\/dicodusport.fr\/blog\/"},{"@type":"ListItem","position":2,"name":"Pierre Bourgarit et 13 autres Bleus convoqu\u00e9s pour pr\u00e9parer les All Blacks"}]},{"@type":"WebSite","@id":"https:\/\/dicodusport.fr\/blog\/#website","url":"https:\/\/dicodusport.fr\/blog\/","name":"Dicodusport","description":"L&#039;encyclop\u00e9die de l&#039;actualit\u00e9 sportive","publisher":{"@id":"https:\/\/dicodusport.fr\/blog\/#organization"},"potentialAction":[{"@type":"SearchAction","target":{"@type":"EntryPoint","urlTemplate":"https:\/\/dicodusport.fr\/blog\/?s={search_term_string}"},"query-input":{"@type":"PropertyValueSpecification","valueRequired":true,"valueName":"search_term_string"}}],"inLanguage":"fr-FR"},{"@type":"NewsMediaOrganization","@id":"https:\/\/dicodusport.fr\/blog\/#organization","name":"Dicodusport","url":"https:\/\/dicodusport.fr\/blog\/","logo":{"@type":"ImageObject","inLanguage":"fr-FR","@id":"https:\/\/dicodusport.fr\/blog\/#\/schema\/logo\/image\/","url":"https:\/\/dicodusport.fr\/blog\/wp-content\/uploads\/2020\/06\/cropped-LOGO-DICODUSPORT-2020-SANS-FOND-SANS-TEXTE.png","contentUrl":"https:\/\/dicodusport.fr\/blog\/wp-content\/uploads\/2020\/06\/cropped-LOGO-DICODUSPORT-2020-SANS-FOND-SANS-TEXTE.png","width":512,"height":512,"caption":"Dicodusport"},"image":{"@id":"https:\/\/dicodusport.fr\/blog\/#\/schema\/logo\/image\/"},"sameAs":["https:\/\/www.facebook.com\/dicodusport","https:\/\/x.com\/dicodusport","https:\/\/www.instagram.com\/dicodusport\/","https:\/\/www.youtube.com\/channel\/UC7V2KZ5sd3htJivAbA4ZG3w"],"description":"Dicodusport est l'encyclop\u00e9die de l'actualit\u00e9 sportive.","email":"bonjour@dicodusport.fr","legalName":"DICODUSPORT","foundingDate":"2018-01-14","vatID":"FR71834470973","taxID":"83447097300043","numberOfEmployees":{"@type":"QuantitativeValue","minValue":"1","maxValue":"10"}},{"@type":"Person","@id":"https:\/\/dicodusport.fr\/blog\/#\/schema\/person\/55dcb50ad410894e431ed812bbb70191","name":"Nicolas Jacquemard","image":{"@type":"ImageObject","inLanguage":"fr-FR","@id":"https:\/\/dicodusport.fr\/blog\/#\/schema\/person\/image\/","url":"https:\/\/dicodusport.fr\/blog\/wp-content\/uploads\/2021\/05\/Nicolas-Jacquemard-150x150.jpeg","contentUrl":"https:\/\/dicodusport.fr\/blog\/wp-content\/uploads\/2021\/05\/Nicolas-Jacquemard-150x150.jpeg","caption":"Nicolas Jacquemard"},"description":"Passionn\u00e9 de sport et entrepreneur depuis mes 18 ans, la cr\u00e9ation de Dicodusport m'a sembl\u00e9 \u00e9vidente pour participer \u00e0 la m\u00e9diatisation d'un plus grand nombre de sports. Le chemin est long mais avec une \u00e9quipe des plus motiv\u00e9es et les Jeux Olympiques de Paris 2024 en point de mire, nous y arriverons ! Journaliste dans le monde du sport depuis plus de 5 ans, je traite aussi bien de football, de rugby, de biathlon que de cyclisme.","sameAs":["https:\/\/www.facebook.com\/dicodusport","https:\/\/x.com\/https:\/\/twitter.com\/Nico_Jacquemard"],"url":"https:\/\/dicodusport.fr\/blog\/author\/dicodusport\/"}]}},"_links":{"self":[{"href":"https:\/\/dicodusport.fr\/blog\/wp-json\/wp\/v2\/posts\/179453","targetHints":{"allow":["GET"]}}],"collection":[{"href":"https:\/\/dicodusport.fr\/blog\/wp-json\/wp\/v2\/posts"}],"about":[{"href":"https:\/\/dicodusport.fr\/blog\/wp-json\/wp\/v2\/types\/post"}],"author":[{"embeddable":true,"href":"https:\/\/dicodusport.fr\/blog\/wp-json\/wp\/v2\/users\/1"}],"replies":[{"embeddable":true,"href":"https:\/\/dicodusport.fr\/blog\/wp-json\/wp\/v2\/comments?post=179453"}],"version-history":[{"count":0,"href":"https:\/\/dicodusport.fr\/blog\/wp-json\/wp\/v2\/posts\/179453\/revisions"}],"wp:featuredmedia":[{"embeddable":true,"href":"https:\/\/dicodusport.fr\/blog\/wp-json\/wp\/v2\/media\/179455"}],"wp:attachment":[{"href":"https:\/\/dicodusport.fr\/blog\/wp-json\/wp\/v2\/media?parent=179453"}],"wp:term":[{"taxonomy":"category","embeddable":true,"href":"https:\/\/dicodusport.fr\/blog\/wp-json\/wp\/v2\/categories?post=179453"},{"taxonomy":"post_tag","embeddable":true,"href":"https:\/\/dicodusport.fr\/blog\/wp-json\/wp\/v2\/tags?post=179453"}],"curies":[{"name":"wp","href":"https:\/\/api.w.org\/{rel}","templated":true}]}}