{"id":179493,"date":"2021-11-15T14:02:50","date_gmt":"2021-11-15T13:02:50","guid":{"rendered":"https:\/\/dicodusport.fr\/blog\/?p=179493&#038;preview=true&#038;preview_id=179493"},"modified":"2021-11-15T15:01:08","modified_gmt":"2021-11-15T14:01:08","slug":"xv-de-france-julien-marchand-forfait-face-aux-all-blacks","status":"publish","type":"post","link":"https:\/\/dicodusport.fr\/blog\/xv-de-france-julien-marchand-forfait-face-aux-all-blacks\/","title":{"rendered":"XV de France : Julien Marchand forfait face aux All Blacks"},"content":{"rendered":"<p style=\"text-align: justify;\"><em><strong>XV DE FRANCE &#8211; C&rsquo;\u00e9tait fortement pressenti, c&rsquo;est d\u00e9sormais officiel. Julien Marchand (26 ans, 16 s\u00e9lections) ne sera pas de la partie face \u00e0 la Nouvelle-Z\u00e9lande, ce samedi (21h). Peato Mauvaka, son comp\u00e8re talonneur du Stade Toulousain, pourrait le suppl\u00e9er dans le XV de d\u00e9part.<\/strong><\/em><\/p>\n<p style=\"text-align: justify;\">Coup dur pour les Bleus. Touch\u00e9 aux c\u00f4tes face \u00e0 la G\u00e9orgie dimanche, le talonneur toulousain <strong>Julien Marchand<\/strong> doit d\u00e9clarer forfait pour le match face aux All Blacks samedi. Le Stadiste avait d\u00fb laisser sa place avant la pause \u00e0 son co\u00e9quipier \u00e0 Toulouse, <strong>Peato Mauvaka<\/strong>. Les examens pass\u00e9s apr\u00e8s la rencontre \u00e0 Bordeaux ont confirm\u00e9 sa blessure aux cartilages des c\u00f4tes. En fin de journ\u00e9e ce dimanche, le staff du XV de France avait d\u00e9j\u00e0 pris ses pr\u00e9cautions, <a href=\"https:\/\/dicodusport.fr\/blog\/pierre-bourgarit-et-13-autres-bleus-convoques-pour-preparer-les-all-blacks\/\">en convoquant le Rochelais <strong>Pierre Bourgarit<\/strong><\/a>, en plus des pr\u00e9sences de <strong>Peato Mauvaka<\/strong> et <strong>Ga\u00ebtan Barlot<\/strong>.<\/p>\n<blockquote class=\"twitter-tweet\">\n<p dir=\"ltr\" lang=\"fr\">&#x1f1eb;&#x1f1f7; Bless\u00e9 contre la G\u00e9orgie, Julien Marchand est forfait pour le match contre les All Blacks.<a href=\"https:\/\/t.co\/w2Wa6B7QRG\">https:\/\/t.co\/w2Wa6B7QRG<\/a><\/p>\n<p>\u2014 RMC Sport (@RMCsport) <a href=\"https:\/\/twitter.com\/RMCsport\/status\/1460232662375874561?ref_src=twsrc%5Etfw\">November 15, 2021<\/a><\/p><\/blockquote>\n<p><script async src=\"https:\/\/platform.twitter.com\/widgets.js\" charset=\"utf-8\"><\/script><\/p>\n","protected":false},"excerpt":{"rendered":"<p>XV DE FRANCE &#8211; C&rsquo;\u00e9tait fortement pressenti, c&rsquo;est d\u00e9sormais officiel. Julien Marchand (26 ans, 16 s\u00e9lections) ne sera pas de la partie face \u00e0 la Nouvelle-Z\u00e9lande, ce samedi (21h). Peato Mauvaka, son comp\u00e8re talonneur du Stade Toulousain, pourrait le suppl\u00e9er dans le XV de d\u00e9part.<\/p>\n","protected":false},"author":4,"featured_media":179494,"comment_status":"open","ping_status":"closed","sticky":false,"template":"","format":"standard","meta":{"_acf_changed":false,"_daextam_enable_autolinks":"","footnotes":""},"categories":[19951],"tags":[20397,12,1638],"class_list":["post-179493","post","type-post","status-publish","format-standard","has-post-thumbnail","hentry","category-xv-de-france","tag-julien-marchand","tag-nouvelle-zelande","tag-xv-de-france"],"acf":[],"yoast_head":"<!-- This site is optimized with the Yoast SEO Premium plugin v26.7 (Yoast SEO v26.7) - https:\/\/yoast.com\/wordpress\/plugins\/seo\/ -->\n<title>XV de France : Julien Marchand forfait face aux All Blacks<\/title>\n<meta name=\"description\" content=\"XV DE FRANCE - C&#039;est d\u00e9sormais officiel. Julien Marchand (26 ans, 16 s\u00e9lections) ne sera pas de la partie face \u00e0 la Nouvelle-Z\u00e9lande.\" \/>\n<meta name=\"robots\" content=\"index, follow, max-snippet:-1, max-image-preview:large, max-video-preview:-1\" \/>\n<link rel=\"canonical\" href=\"https:\/\/dicodusport.fr\/blog\/xv-de-france-julien-marchand-forfait-face-aux-all-blacks\/\" \/>\n<meta property=\"og:locale\" content=\"fr_FR\" \/>\n<meta property=\"og:type\" content=\"article\" \/>\n<meta property=\"og:title\" content=\"XV de France : Julien Marchand forfait face aux All Blacks\" \/>\n<meta property=\"og:description\" content=\"XV DE FRANCE - C&#039;est d\u00e9sormais officiel. Julien Marchand (26 ans, 16 s\u00e9lections) ne sera pas de la partie face \u00e0 la Nouvelle-Z\u00e9lande.\" \/>\n<meta property=\"og:url\" content=\"https:\/\/dicodusport.fr\/blog\/xv-de-france-julien-marchand-forfait-face-aux-all-blacks\/\" \/>\n<meta property=\"og:site_name\" content=\"Dicodusport\" \/>\n<meta property=\"article:publisher\" content=\"https:\/\/www.facebook.com\/dicodusport\" \/>\n<meta property=\"article:author\" content=\"https:\/\/www.facebook.com\/florent.ostermann\" \/>\n<meta property=\"article:published_time\" content=\"2021-11-15T13:02:50+00:00\" \/>\n<meta property=\"article:modified_time\" content=\"2021-11-15T14:01:08+00:00\" \/>\n<meta property=\"og:image\" content=\"https:\/\/dicodusport.fr\/blog\/wp-content\/uploads\/2021\/11\/XV-de-France-Julien-Marchand-forfait-face-aux-All-Blacks.png\" \/>\n\t<meta property=\"og:image:width\" content=\"800\" \/>\n\t<meta property=\"og:image:height\" content=\"445\" \/>\n\t<meta property=\"og:image:type\" content=\"image\/png\" \/>\n<meta name=\"author\" content=\"Flo Ostermann\" \/>\n<meta name=\"twitter:card\" content=\"summary_large_image\" \/>\n<meta name=\"twitter:title\" content=\"XV de France : Julien Marchand forfait face aux All Blacks\" \/>\n<meta name=\"twitter:creator\" content=\"@https:\/\/twitter.com\/FlOstermann\" \/>\n<meta name=\"twitter:site\" content=\"@dicodusport\" \/>\n<script type=\"application\/ld+json\" class=\"yoast-schema-graph\">{\"@context\":\"https:\/\/schema.org\",\"@graph\":[{\"@type\":\"NewsArticle\",\"@id\":\"https:\/\/dicodusport.fr\/blog\/xv-de-france-julien-marchand-forfait-face-aux-all-blacks\/#article\",\"isPartOf\":{\"@id\":\"https:\/\/dicodusport.fr\/blog\/xv-de-france-julien-marchand-forfait-face-aux-all-blacks\/\"},\"author\":{\"name\":\"Flo Ostermann\",\"@id\":\"https:\/\/dicodusport.fr\/blog\/#\/schema\/person\/cb02af4c173ce4a653b55e9baf388d4a\"},\"headline\":\"XV de France : Julien Marchand forfait face aux All Blacks\",\"datePublished\":\"2021-11-15T13:02:50+00:00\",\"dateModified\":\"2021-11-15T14:01:08+00:00\",\"mainEntityOfPage\":{\"@id\":\"https:\/\/dicodusport.fr\/blog\/xv-de-france-julien-marchand-forfait-face-aux-all-blacks\/\"},\"wordCount\":196,\"commentCount\":0,\"publisher\":{\"@id\":\"https:\/\/dicodusport.fr\/blog\/#organization\"},\"image\":{\"@id\":\"https:\/\/dicodusport.fr\/blog\/xv-de-france-julien-marchand-forfait-face-aux-all-blacks\/#primaryimage\"},\"thumbnailUrl\":\"https:\/\/dicodusport.fr\/blog\/wp-content\/uploads\/2021\/11\/XV-de-France-Julien-Marchand-forfait-face-aux-All-Blacks.png\",\"keywords\":[\"Julien Marchand\",\"Nouvelle-Z\u00e9lande\",\"XV de France\"],\"articleSection\":[\"XV de France\"],\"inLanguage\":\"fr-FR\",\"potentialAction\":[{\"@type\":\"CommentAction\",\"name\":\"Comment\",\"target\":[\"https:\/\/dicodusport.fr\/blog\/xv-de-france-julien-marchand-forfait-face-aux-all-blacks\/#respond\"]}],\"copyrightYear\":\"2021\",\"copyrightHolder\":{\"@id\":\"https:\/\/dicodusport.fr\/blog\/#organization\"}},{\"@type\":\"WebPage\",\"@id\":\"https:\/\/dicodusport.fr\/blog\/xv-de-france-julien-marchand-forfait-face-aux-all-blacks\/\",\"url\":\"https:\/\/dicodusport.fr\/blog\/xv-de-france-julien-marchand-forfait-face-aux-all-blacks\/\",\"name\":\"XV de France : Julien Marchand forfait face aux All Blacks\",\"isPartOf\":{\"@id\":\"https:\/\/dicodusport.fr\/blog\/#website\"},\"primaryImageOfPage\":{\"@id\":\"https:\/\/dicodusport.fr\/blog\/xv-de-france-julien-marchand-forfait-face-aux-all-blacks\/#primaryimage\"},\"image\":{\"@id\":\"https:\/\/dicodusport.fr\/blog\/xv-de-france-julien-marchand-forfait-face-aux-all-blacks\/#primaryimage\"},\"thumbnailUrl\":\"https:\/\/dicodusport.fr\/blog\/wp-content\/uploads\/2021\/11\/XV-de-France-Julien-Marchand-forfait-face-aux-All-Blacks.png\",\"datePublished\":\"2021-11-15T13:02:50+00:00\",\"dateModified\":\"2021-11-15T14:01:08+00:00\",\"description\":\"XV DE FRANCE - C'est d\u00e9sormais officiel. Julien Marchand (26 ans, 16 s\u00e9lections) ne sera pas de la partie face \u00e0 la Nouvelle-Z\u00e9lande.\",\"breadcrumb\":{\"@id\":\"https:\/\/dicodusport.fr\/blog\/xv-de-france-julien-marchand-forfait-face-aux-all-blacks\/#breadcrumb\"},\"inLanguage\":\"fr-FR\",\"potentialAction\":[{\"@type\":\"ReadAction\",\"target\":[\"https:\/\/dicodusport.fr\/blog\/xv-de-france-julien-marchand-forfait-face-aux-all-blacks\/\"]}]},{\"@type\":\"ImageObject\",\"inLanguage\":\"fr-FR\",\"@id\":\"https:\/\/dicodusport.fr\/blog\/xv-de-france-julien-marchand-forfait-face-aux-all-blacks\/#primaryimage\",\"url\":\"https:\/\/dicodusport.fr\/blog\/wp-content\/uploads\/2021\/11\/XV-de-France-Julien-Marchand-forfait-face-aux-All-Blacks.png\",\"contentUrl\":\"https:\/\/dicodusport.fr\/blog\/wp-content\/uploads\/2021\/11\/XV-de-France-Julien-Marchand-forfait-face-aux-All-Blacks.png\",\"width\":800,\"height\":445,\"caption\":\"XV de France Julien Marchand forfait face aux All Blacks\"},{\"@type\":\"BreadcrumbList\",\"@id\":\"https:\/\/dicodusport.fr\/blog\/xv-de-france-julien-marchand-forfait-face-aux-all-blacks\/#breadcrumb\",\"itemListElement\":[{\"@type\":\"ListItem\",\"position\":1,\"name\":\"Accueil\",\"item\":\"https:\/\/dicodusport.fr\/blog\/\"},{\"@type\":\"ListItem\",\"position\":2,\"name\":\"XV de France : Julien Marchand forfait face aux All Blacks\"}]},{\"@type\":\"WebSite\",\"@id\":\"https:\/\/dicodusport.fr\/blog\/#website\",\"url\":\"https:\/\/dicodusport.fr\/blog\/\",\"name\":\"Dicodusport\",\"description\":\"L&#039;encyclop\u00e9die de l&#039;actualit\u00e9 sportive\",\"publisher\":{\"@id\":\"https:\/\/dicodusport.fr\/blog\/#organization\"},\"potentialAction\":[{\"@type\":\"SearchAction\",\"target\":{\"@type\":\"EntryPoint\",\"urlTemplate\":\"https:\/\/dicodusport.fr\/blog\/?s={search_term_string}\"},\"query-input\":{\"@type\":\"PropertyValueSpecification\",\"valueRequired\":true,\"valueName\":\"search_term_string\"}}],\"inLanguage\":\"fr-FR\"},{\"@type\":\"NewsMediaOrganization\",\"@id\":\"https:\/\/dicodusport.fr\/blog\/#organization\",\"name\":\"Dicodusport\",\"url\":\"https:\/\/dicodusport.fr\/blog\/\",\"logo\":{\"@type\":\"ImageObject\",\"inLanguage\":\"fr-FR\",\"@id\":\"https:\/\/dicodusport.fr\/blog\/#\/schema\/logo\/image\/\",\"url\":\"https:\/\/dicodusport.fr\/blog\/wp-content\/uploads\/2020\/06\/cropped-LOGO-DICODUSPORT-2020-SANS-FOND-SANS-TEXTE.png\",\"contentUrl\":\"https:\/\/dicodusport.fr\/blog\/wp-content\/uploads\/2020\/06\/cropped-LOGO-DICODUSPORT-2020-SANS-FOND-SANS-TEXTE.png\",\"width\":512,\"height\":512,\"caption\":\"Dicodusport\"},\"image\":{\"@id\":\"https:\/\/dicodusport.fr\/blog\/#\/schema\/logo\/image\/\"},\"sameAs\":[\"https:\/\/www.facebook.com\/dicodusport\",\"https:\/\/x.com\/dicodusport\",\"https:\/\/www.instagram.com\/dicodusport\/\",\"https:\/\/www.youtube.com\/channel\/UC7V2KZ5sd3htJivAbA4ZG3w\"],\"description\":\"Dicodusport est l'encyclop\u00e9die de l'actualit\u00e9 sportive.\",\"email\":\"bonjour@dicodusport.fr\",\"legalName\":\"DICODUSPORT\",\"foundingDate\":\"2018-01-14\",\"vatID\":\"FR71834470973\",\"taxID\":\"83447097300043\",\"numberOfEmployees\":{\"@type\":\"QuantitativeValue\",\"minValue\":\"1\",\"maxValue\":\"10\"}},{\"@type\":\"Person\",\"@id\":\"https:\/\/dicodusport.fr\/blog\/#\/schema\/person\/cb02af4c173ce4a653b55e9baf388d4a\",\"name\":\"Flo Ostermann\",\"image\":{\"@type\":\"ImageObject\",\"inLanguage\":\"fr-FR\",\"@id\":\"https:\/\/dicodusport.fr\/blog\/#\/schema\/person\/image\/\",\"url\":\"https:\/\/dicodusport.fr\/blog\/wp-content\/uploads\/2021\/05\/Flo-Ostermann-150x150.jpg\",\"contentUrl\":\"https:\/\/dicodusport.fr\/blog\/wp-content\/uploads\/2021\/05\/Flo-Ostermann-150x150.jpg\",\"caption\":\"Flo Ostermann\"},\"description\":\"Journaliste\/R\u00e9dacteur depuis septembre 2015 - Mes premiers souvenirs dans le sport ? Les envol\u00e9es du Stade Toulousain et les duels Villeneuve-Schumacher et H\u00e4kkinen-Schumacher \u00e0 la fin des ann\u00e9es 90, la Coupe du monde de football en 1998, l\u2019exploit du XV de France face aux All Blacks en 1999, mais aussi Richard C\u0153ur de Lion qui vole sur les montagnes du Tour de France. Bien parti pour devenir professeur d\u2019EPS, les \u00e9v\u00e9nements de la vie (et la flemme d\u2019animer des s\u00e9ances de 3x500 m\u00e8tres toute ma vie) m\u2019ont conduit \u00e0 revoir mes plans. Me voil\u00e0 depuis fin 2017 sur Dicodusport, m\u00e9dia gr\u00e2ce (et pour) lequel je partage ma passion : le sport dans tous ses \u00e9tats. Le tout accompagn\u00e9 par les fous furieux et folles furieuses cit\u00e9s sur cette page !\",\"sameAs\":[\"https:\/\/www.facebook.com\/florent.ostermann\",\"https:\/\/x.com\/https:\/\/twitter.com\/FlOstermann\",\"admin\"],\"url\":\"https:\/\/dicodusport.fr\/blog\/author\/flo\/\"}]}<\/script>\n<!-- \/ Yoast SEO Premium plugin. -->","yoast_head_json":{"title":"XV de France : Julien Marchand forfait face aux All Blacks","description":"XV DE FRANCE - C'est d\u00e9sormais officiel. Julien Marchand (26 ans, 16 s\u00e9lections) ne sera pas de la partie face \u00e0 la Nouvelle-Z\u00e9lande.","robots":{"index":"index","follow":"follow","max-snippet":"max-snippet:-1","max-image-preview":"max-image-preview:large","max-video-preview":"max-video-preview:-1"},"canonical":"https:\/\/dicodusport.fr\/blog\/xv-de-france-julien-marchand-forfait-face-aux-all-blacks\/","og_locale":"fr_FR","og_type":"article","og_title":"XV de France : Julien Marchand forfait face aux All Blacks","og_description":"XV DE FRANCE - C'est d\u00e9sormais officiel. Julien Marchand (26 ans, 16 s\u00e9lections) ne sera pas de la partie face \u00e0 la Nouvelle-Z\u00e9lande.","og_url":"https:\/\/dicodusport.fr\/blog\/xv-de-france-julien-marchand-forfait-face-aux-all-blacks\/","og_site_name":"Dicodusport","article_publisher":"https:\/\/www.facebook.com\/dicodusport","article_author":"https:\/\/www.facebook.com\/florent.ostermann","article_published_time":"2021-11-15T13:02:50+00:00","article_modified_time":"2021-11-15T14:01:08+00:00","og_image":[{"width":800,"height":445,"url":"https:\/\/dicodusport.fr\/blog\/wp-content\/uploads\/2021\/11\/XV-de-France-Julien-Marchand-forfait-face-aux-All-Blacks.png","type":"image\/png"}],"author":"Flo Ostermann","twitter_card":"summary_large_image","twitter_title":"XV de France : Julien Marchand forfait face aux All Blacks","twitter_creator":"@https:\/\/twitter.com\/FlOstermann","twitter_site":"@dicodusport","schema":{"@context":"https:\/\/schema.org","@graph":[{"@type":"NewsArticle","@id":"https:\/\/dicodusport.fr\/blog\/xv-de-france-julien-marchand-forfait-face-aux-all-blacks\/#article","isPartOf":{"@id":"https:\/\/dicodusport.fr\/blog\/xv-de-france-julien-marchand-forfait-face-aux-all-blacks\/"},"author":{"name":"Flo Ostermann","@id":"https:\/\/dicodusport.fr\/blog\/#\/schema\/person\/cb02af4c173ce4a653b55e9baf388d4a"},"headline":"XV de France : Julien Marchand forfait face aux All Blacks","datePublished":"2021-11-15T13:02:50+00:00","dateModified":"2021-11-15T14:01:08+00:00","mainEntityOfPage":{"@id":"https:\/\/dicodusport.fr\/blog\/xv-de-france-julien-marchand-forfait-face-aux-all-blacks\/"},"wordCount":196,"commentCount":0,"publisher":{"@id":"https:\/\/dicodusport.fr\/blog\/#organization"},"image":{"@id":"https:\/\/dicodusport.fr\/blog\/xv-de-france-julien-marchand-forfait-face-aux-all-blacks\/#primaryimage"},"thumbnailUrl":"https:\/\/dicodusport.fr\/blog\/wp-content\/uploads\/2021\/11\/XV-de-France-Julien-Marchand-forfait-face-aux-All-Blacks.png","keywords":["Julien Marchand","Nouvelle-Z\u00e9lande","XV de France"],"articleSection":["XV de France"],"inLanguage":"fr-FR","potentialAction":[{"@type":"CommentAction","name":"Comment","target":["https:\/\/dicodusport.fr\/blog\/xv-de-france-julien-marchand-forfait-face-aux-all-blacks\/#respond"]}],"copyrightYear":"2021","copyrightHolder":{"@id":"https:\/\/dicodusport.fr\/blog\/#organization"}},{"@type":"WebPage","@id":"https:\/\/dicodusport.fr\/blog\/xv-de-france-julien-marchand-forfait-face-aux-all-blacks\/","url":"https:\/\/dicodusport.fr\/blog\/xv-de-france-julien-marchand-forfait-face-aux-all-blacks\/","name":"XV de France : Julien Marchand forfait face aux All Blacks","isPartOf":{"@id":"https:\/\/dicodusport.fr\/blog\/#website"},"primaryImageOfPage":{"@id":"https:\/\/dicodusport.fr\/blog\/xv-de-france-julien-marchand-forfait-face-aux-all-blacks\/#primaryimage"},"image":{"@id":"https:\/\/dicodusport.fr\/blog\/xv-de-france-julien-marchand-forfait-face-aux-all-blacks\/#primaryimage"},"thumbnailUrl":"https:\/\/dicodusport.fr\/blog\/wp-content\/uploads\/2021\/11\/XV-de-France-Julien-Marchand-forfait-face-aux-All-Blacks.png","datePublished":"2021-11-15T13:02:50+00:00","dateModified":"2021-11-15T14:01:08+00:00","description":"XV DE FRANCE - C'est d\u00e9sormais officiel. Julien Marchand (26 ans, 16 s\u00e9lections) ne sera pas de la partie face \u00e0 la Nouvelle-Z\u00e9lande.","breadcrumb":{"@id":"https:\/\/dicodusport.fr\/blog\/xv-de-france-julien-marchand-forfait-face-aux-all-blacks\/#breadcrumb"},"inLanguage":"fr-FR","potentialAction":[{"@type":"ReadAction","target":["https:\/\/dicodusport.fr\/blog\/xv-de-france-julien-marchand-forfait-face-aux-all-blacks\/"]}]},{"@type":"ImageObject","inLanguage":"fr-FR","@id":"https:\/\/dicodusport.fr\/blog\/xv-de-france-julien-marchand-forfait-face-aux-all-blacks\/#primaryimage","url":"https:\/\/dicodusport.fr\/blog\/wp-content\/uploads\/2021\/11\/XV-de-France-Julien-Marchand-forfait-face-aux-All-Blacks.png","contentUrl":"https:\/\/dicodusport.fr\/blog\/wp-content\/uploads\/2021\/11\/XV-de-France-Julien-Marchand-forfait-face-aux-All-Blacks.png","width":800,"height":445,"caption":"XV de France Julien Marchand forfait face aux All Blacks"},{"@type":"BreadcrumbList","@id":"https:\/\/dicodusport.fr\/blog\/xv-de-france-julien-marchand-forfait-face-aux-all-blacks\/#breadcrumb","itemListElement":[{"@type":"ListItem","position":1,"name":"Accueil","item":"https:\/\/dicodusport.fr\/blog\/"},{"@type":"ListItem","position":2,"name":"XV de France : Julien Marchand forfait face aux All Blacks"}]},{"@type":"WebSite","@id":"https:\/\/dicodusport.fr\/blog\/#website","url":"https:\/\/dicodusport.fr\/blog\/","name":"Dicodusport","description":"L&#039;encyclop\u00e9die de l&#039;actualit\u00e9 sportive","publisher":{"@id":"https:\/\/dicodusport.fr\/blog\/#organization"},"potentialAction":[{"@type":"SearchAction","target":{"@type":"EntryPoint","urlTemplate":"https:\/\/dicodusport.fr\/blog\/?s={search_term_string}"},"query-input":{"@type":"PropertyValueSpecification","valueRequired":true,"valueName":"search_term_string"}}],"inLanguage":"fr-FR"},{"@type":"NewsMediaOrganization","@id":"https:\/\/dicodusport.fr\/blog\/#organization","name":"Dicodusport","url":"https:\/\/dicodusport.fr\/blog\/","logo":{"@type":"ImageObject","inLanguage":"fr-FR","@id":"https:\/\/dicodusport.fr\/blog\/#\/schema\/logo\/image\/","url":"https:\/\/dicodusport.fr\/blog\/wp-content\/uploads\/2020\/06\/cropped-LOGO-DICODUSPORT-2020-SANS-FOND-SANS-TEXTE.png","contentUrl":"https:\/\/dicodusport.fr\/blog\/wp-content\/uploads\/2020\/06\/cropped-LOGO-DICODUSPORT-2020-SANS-FOND-SANS-TEXTE.png","width":512,"height":512,"caption":"Dicodusport"},"image":{"@id":"https:\/\/dicodusport.fr\/blog\/#\/schema\/logo\/image\/"},"sameAs":["https:\/\/www.facebook.com\/dicodusport","https:\/\/x.com\/dicodusport","https:\/\/www.instagram.com\/dicodusport\/","https:\/\/www.youtube.com\/channel\/UC7V2KZ5sd3htJivAbA4ZG3w"],"description":"Dicodusport est l'encyclop\u00e9die de l'actualit\u00e9 sportive.","email":"bonjour@dicodusport.fr","legalName":"DICODUSPORT","foundingDate":"2018-01-14","vatID":"FR71834470973","taxID":"83447097300043","numberOfEmployees":{"@type":"QuantitativeValue","minValue":"1","maxValue":"10"}},{"@type":"Person","@id":"https:\/\/dicodusport.fr\/blog\/#\/schema\/person\/cb02af4c173ce4a653b55e9baf388d4a","name":"Flo Ostermann","image":{"@type":"ImageObject","inLanguage":"fr-FR","@id":"https:\/\/dicodusport.fr\/blog\/#\/schema\/person\/image\/","url":"https:\/\/dicodusport.fr\/blog\/wp-content\/uploads\/2021\/05\/Flo-Ostermann-150x150.jpg","contentUrl":"https:\/\/dicodusport.fr\/blog\/wp-content\/uploads\/2021\/05\/Flo-Ostermann-150x150.jpg","caption":"Flo Ostermann"},"description":"Journaliste\/R\u00e9dacteur depuis septembre 2015 - Mes premiers souvenirs dans le sport ? Les envol\u00e9es du Stade Toulousain et les duels Villeneuve-Schumacher et H\u00e4kkinen-Schumacher \u00e0 la fin des ann\u00e9es 90, la Coupe du monde de football en 1998, l\u2019exploit du XV de France face aux All Blacks en 1999, mais aussi Richard C\u0153ur de Lion qui vole sur les montagnes du Tour de France. Bien parti pour devenir professeur d\u2019EPS, les \u00e9v\u00e9nements de la vie (et la flemme d\u2019animer des s\u00e9ances de 3x500 m\u00e8tres toute ma vie) m\u2019ont conduit \u00e0 revoir mes plans. Me voil\u00e0 depuis fin 2017 sur Dicodusport, m\u00e9dia gr\u00e2ce (et pour) lequel je partage ma passion : le sport dans tous ses \u00e9tats. Le tout accompagn\u00e9 par les fous furieux et folles furieuses cit\u00e9s sur cette page !","sameAs":["https:\/\/www.facebook.com\/florent.ostermann","https:\/\/x.com\/https:\/\/twitter.com\/FlOstermann","admin"],"url":"https:\/\/dicodusport.fr\/blog\/author\/flo\/"}]}},"_links":{"self":[{"href":"https:\/\/dicodusport.fr\/blog\/wp-json\/wp\/v2\/posts\/179493","targetHints":{"allow":["GET"]}}],"collection":[{"href":"https:\/\/dicodusport.fr\/blog\/wp-json\/wp\/v2\/posts"}],"about":[{"href":"https:\/\/dicodusport.fr\/blog\/wp-json\/wp\/v2\/types\/post"}],"author":[{"embeddable":true,"href":"https:\/\/dicodusport.fr\/blog\/wp-json\/wp\/v2\/users\/4"}],"replies":[{"embeddable":true,"href":"https:\/\/dicodusport.fr\/blog\/wp-json\/wp\/v2\/comments?post=179493"}],"version-history":[{"count":0,"href":"https:\/\/dicodusport.fr\/blog\/wp-json\/wp\/v2\/posts\/179493\/revisions"}],"wp:featuredmedia":[{"embeddable":true,"href":"https:\/\/dicodusport.fr\/blog\/wp-json\/wp\/v2\/media\/179494"}],"wp:attachment":[{"href":"https:\/\/dicodusport.fr\/blog\/wp-json\/wp\/v2\/media?parent=179493"}],"wp:term":[{"taxonomy":"category","embeddable":true,"href":"https:\/\/dicodusport.fr\/blog\/wp-json\/wp\/v2\/categories?post=179493"},{"taxonomy":"post_tag","embeddable":true,"href":"https:\/\/dicodusport.fr\/blog\/wp-json\/wp\/v2\/tags?post=179493"}],"curies":[{"name":"wp","href":"https:\/\/api.w.org\/{rel}","templated":true}]}}