{"id":179523,"date":"2021-11-15T19:04:53","date_gmt":"2021-11-15T18:04:53","guid":{"rendered":"https:\/\/dicodusport.fr\/blog\/?p=179523&#038;preview=true&#038;preview_id=179523"},"modified":"2021-11-15T19:04:53","modified_gmt":"2021-11-15T18:04:53","slug":"stade-toulousain-avenir-toujours-incertain-pour-joe-tekori","status":"publish","type":"post","link":"https:\/\/dicodusport.fr\/blog\/stade-toulousain-avenir-toujours-incertain-pour-joe-tekori\/","title":{"rendered":"Stade Toulousain : Avenir toujours incertain pour Joe Tekori"},"content":{"rendered":"<p style=\"text-align: justify;\"><em><strong>RUGBY &#8211; En fin de contrat en juin 2022, Iosefa Tekori pourrait poursuivre d&rsquo;au moins une ann\u00e9e avec le Stade Toulousain. A bient\u00f4t 38 ans, le deuxi\u00e8me samoan ne compte pas mettre un terme \u00e0 sa carri\u00e8re en fin de saison. Plusieurs clubs lui ont m\u00eame d\u00e9j\u00e0 fait part de leur int\u00e9r\u00eat.\u00a0<\/strong><\/em><\/p>\n<h2 style=\"text-align: justify;\">Tekori veut continuer avec le Stade Toulousain<\/h2>\n<p style=\"text-align: justify;\">L&rsquo;histoire de <strong>Iosefa Tekori<\/strong> avec le Stade Toulousain pourrait se poursuivre. Alors que le contrat du deuxi\u00e8me ligne samoan arrive \u00e0 \u00e9ch\u00e9ance en juin 2022, le joueur souhaite rempiler avec le champion de France et d&rsquo;Europe. Aupr\u00e8s de <em><a href=\"https:\/\/www.rugbyrama.fr\/rugby\/tekori-avec-les-barbarians-la-tournee-du-patron_sto8627817\/story.shtml\" target=\"_blank\" rel=\"nofollow noopener\">Rugbyrama<\/a>, <\/em>Tekori assure avec franchise : <em>\u00ab<\/em> <em><strong>Physiquement, je me sens encore bien<\/strong> et si Toulouse veut encore de moi la saison prochaine, <strong>je serai bien \u00e9videmment d&rsquo;accord pour continuer<\/strong><\/em>. \u00bb<\/p>\n<p style=\"text-align: justify;\">A bient\u00f4t 38 ans (il les f\u00eatera le 17 d\u00e9cembre prochain), le capitaine des Barbarians face aux Tonga samedi dernier se sent d&rsquo;encha\u00eener une dixi\u00e8me saison avec Toulouse. M\u00eame s&rsquo;il ne cache pas l&rsquo;int\u00e9r\u00eat d&rsquo;ores et d\u00e9j\u00e0 d&rsquo;autres clubs. <em>\u00ab<\/em> <em>Ma seule certitude, c\u2019est que je ne me vois pas arr\u00eater. <strong>J\u2019ai quelques offres pour les deux prochaines saisons<\/strong> que j\u2019\u00e9tudierai si besoin \u00bb<\/em>. Au <strong>Stade Toulousain<\/strong> de faire son choix d\u00e9sormais.<\/p>\n<blockquote class=\"twitter-tweet\">\n<p dir=\"ltr\" lang=\"fr\">(<a href=\"https:\/\/twitter.com\/StadeToulousain?ref_src=twsrc%5Etfw\">@StadeToulousain<\/a>) sera notre capitaine pour le 61\u00e8me match de l&rsquo;histoire du , \u00e0 Lyon face aux Tonga ce samedi &#x26aa;<\/p>\n<p>Vos places pour le 13 novembre <a href=\"https:\/\/t.co\/pQzyJTuOOg\">https:\/\/t.co\/pQzyJTuOOg<\/a><a href=\"https:\/\/twitter.com\/hashtag\/EspritEtJeu?src=hash&amp;ref_src=twsrc%5Etfw\">#EspritEtJeu<\/a> <a href=\"https:\/\/twitter.com\/hashtag\/BRC?src=hash&amp;ref_src=twsrc%5Etfw\">#BRC<\/a> <a href=\"https:\/\/twitter.com\/hashtag\/BaaBaas?src=hash&amp;ref_src=twsrc%5Etfw\">#BaaBaas<\/a> <a href=\"https:\/\/t.co\/Qc2Sp35Tkm\">pic.twitter.com\/Qc2Sp35Tkm<\/a><\/p>\n<p>\u2014 Barbarian Rugby Club (@Barbarian_RC) <a href=\"https:\/\/twitter.com\/Barbarian_RC\/status\/1457754797352890371?ref_src=twsrc%5Etfw\">November 8, 2021<\/a><\/p><\/blockquote>\n<p><script async src=\"https:\/\/platform.twitter.com\/widgets.js\" charset=\"utf-8\"><\/script><\/p>\n","protected":false},"excerpt":{"rendered":"<p>RUGBY &#8211; En fin de contrat en juin 2022, Iosefa Tekori pourrait poursuivre d&rsquo;au moins une ann\u00e9e avec le Stade Toulousain. A bient\u00f4t 38 ans, le deuxi\u00e8me samoan ne compte pas mettre un terme \u00e0 sa carri\u00e8re en fin de saison. Plusieurs clubs lui ont m\u00eame d\u00e9j\u00e0 fait part de leur int\u00e9r\u00eat.\u00a0<\/p>\n","protected":false},"author":60,"featured_media":179531,"comment_status":"open","ping_status":"closed","sticky":false,"template":"","format":"standard","meta":{"_acf_changed":false,"_daextam_enable_autolinks":"","footnotes":""},"categories":[47050],"tags":[3043,4008],"class_list":["post-179523","post","type-post","status-publish","format-standard","has-post-thumbnail","hentry","category-top-14","tag-retraite","tag-stade-toulousain"],"acf":[],"yoast_head":"<!-- This site is optimized with the Yoast SEO Premium plugin v26.7 (Yoast SEO v26.7) - https:\/\/yoast.com\/wordpress\/plugins\/seo\/ -->\n<title>Stade Toulousain : Avenir toujours incertain pour Joe Tekori<\/title>\n<meta name=\"description\" content=\"TOP 14 - \u00c2g\u00e9 de bient\u00f4t 38 ans, Iosefa Tekori souhaite poursuivre sa carri\u00e8re avec Toulouse \u00e0 l&#039;issue de la saison 2021-2022.\" \/>\n<meta name=\"robots\" content=\"index, follow, max-snippet:-1, max-image-preview:large, max-video-preview:-1\" \/>\n<link rel=\"canonical\" href=\"https:\/\/dicodusport.fr\/blog\/stade-toulousain-avenir-toujours-incertain-pour-joe-tekori\/\" \/>\n<meta property=\"og:locale\" content=\"fr_FR\" \/>\n<meta property=\"og:type\" content=\"article\" \/>\n<meta property=\"og:title\" content=\"Stade Toulousain : Avenir toujours incertain pour Joe Tekori\" \/>\n<meta property=\"og:description\" content=\"TOP 14 - \u00c2g\u00e9 de bient\u00f4t 38 ans, Iosefa Tekori souhaite poursuivre sa carri\u00e8re avec Toulouse \u00e0 l&#039;issue de la saison 2021-2022.\" \/>\n<meta property=\"og:url\" content=\"https:\/\/dicodusport.fr\/blog\/stade-toulousain-avenir-toujours-incertain-pour-joe-tekori\/\" \/>\n<meta property=\"og:site_name\" content=\"Dicodusport\" \/>\n<meta property=\"article:publisher\" content=\"https:\/\/www.facebook.com\/dicodusport\" \/>\n<meta property=\"article:published_time\" content=\"2021-11-15T18:04:53+00:00\" \/>\n<meta property=\"og:image\" content=\"https:\/\/dicodusport.fr\/blog\/wp-content\/uploads\/2021\/11\/Stade-Toulousain-Avenir-toujours-incertain-pour-Joe-Tekori.png\" \/>\n\t<meta property=\"og:image:width\" content=\"800\" \/>\n\t<meta property=\"og:image:height\" content=\"445\" \/>\n\t<meta property=\"og:image:type\" content=\"image\/png\" \/>\n<meta name=\"author\" content=\"Victor Friot\" \/>\n<meta name=\"twitter:card\" content=\"summary_large_image\" \/>\n<meta name=\"twitter:title\" content=\"Stade Toulousain : Avenir toujours incertain pour Joe Tekori\" \/>\n<meta name=\"twitter:creator\" content=\"@dicodusport\" \/>\n<meta name=\"twitter:site\" content=\"@dicodusport\" \/>\n<script type=\"application\/ld+json\" class=\"yoast-schema-graph\">{\"@context\":\"https:\/\/schema.org\",\"@graph\":[{\"@type\":\"NewsArticle\",\"@id\":\"https:\/\/dicodusport.fr\/blog\/stade-toulousain-avenir-toujours-incertain-pour-joe-tekori\/#article\",\"isPartOf\":{\"@id\":\"https:\/\/dicodusport.fr\/blog\/stade-toulousain-avenir-toujours-incertain-pour-joe-tekori\/\"},\"author\":{\"name\":\"Victor Friot\",\"@id\":\"https:\/\/dicodusport.fr\/blog\/#\/schema\/person\/463bd3fdf7997eaf381a70f42317d8db\"},\"headline\":\"Stade Toulousain : Avenir toujours incertain pour Joe Tekori\",\"datePublished\":\"2021-11-15T18:04:53+00:00\",\"mainEntityOfPage\":{\"@id\":\"https:\/\/dicodusport.fr\/blog\/stade-toulousain-avenir-toujours-incertain-pour-joe-tekori\/\"},\"wordCount\":274,\"commentCount\":0,\"publisher\":{\"@id\":\"https:\/\/dicodusport.fr\/blog\/#organization\"},\"image\":{\"@id\":\"https:\/\/dicodusport.fr\/blog\/stade-toulousain-avenir-toujours-incertain-pour-joe-tekori\/#primaryimage\"},\"thumbnailUrl\":\"https:\/\/dicodusport.fr\/blog\/wp-content\/uploads\/2021\/11\/Stade-Toulousain-Avenir-toujours-incertain-pour-Joe-Tekori.png\",\"keywords\":[\"retraite\",\"Stade Toulousain\"],\"articleSection\":[\"Top 14\"],\"inLanguage\":\"fr-FR\",\"potentialAction\":[{\"@type\":\"CommentAction\",\"name\":\"Comment\",\"target\":[\"https:\/\/dicodusport.fr\/blog\/stade-toulousain-avenir-toujours-incertain-pour-joe-tekori\/#respond\"]}],\"copyrightYear\":\"2021\",\"copyrightHolder\":{\"@id\":\"https:\/\/dicodusport.fr\/blog\/#organization\"}},{\"@type\":\"WebPage\",\"@id\":\"https:\/\/dicodusport.fr\/blog\/stade-toulousain-avenir-toujours-incertain-pour-joe-tekori\/\",\"url\":\"https:\/\/dicodusport.fr\/blog\/stade-toulousain-avenir-toujours-incertain-pour-joe-tekori\/\",\"name\":\"Stade Toulousain : Avenir toujours incertain pour Joe Tekori\",\"isPartOf\":{\"@id\":\"https:\/\/dicodusport.fr\/blog\/#website\"},\"primaryImageOfPage\":{\"@id\":\"https:\/\/dicodusport.fr\/blog\/stade-toulousain-avenir-toujours-incertain-pour-joe-tekori\/#primaryimage\"},\"image\":{\"@id\":\"https:\/\/dicodusport.fr\/blog\/stade-toulousain-avenir-toujours-incertain-pour-joe-tekori\/#primaryimage\"},\"thumbnailUrl\":\"https:\/\/dicodusport.fr\/blog\/wp-content\/uploads\/2021\/11\/Stade-Toulousain-Avenir-toujours-incertain-pour-Joe-Tekori.png\",\"datePublished\":\"2021-11-15T18:04:53+00:00\",\"description\":\"TOP 14 - \u00c2g\u00e9 de bient\u00f4t 38 ans, Iosefa Tekori souhaite poursuivre sa carri\u00e8re avec Toulouse \u00e0 l'issue de la saison 2021-2022.\",\"breadcrumb\":{\"@id\":\"https:\/\/dicodusport.fr\/blog\/stade-toulousain-avenir-toujours-incertain-pour-joe-tekori\/#breadcrumb\"},\"inLanguage\":\"fr-FR\",\"potentialAction\":[{\"@type\":\"ReadAction\",\"target\":[\"https:\/\/dicodusport.fr\/blog\/stade-toulousain-avenir-toujours-incertain-pour-joe-tekori\/\"]}]},{\"@type\":\"ImageObject\",\"inLanguage\":\"fr-FR\",\"@id\":\"https:\/\/dicodusport.fr\/blog\/stade-toulousain-avenir-toujours-incertain-pour-joe-tekori\/#primaryimage\",\"url\":\"https:\/\/dicodusport.fr\/blog\/wp-content\/uploads\/2021\/11\/Stade-Toulousain-Avenir-toujours-incertain-pour-Joe-Tekori.png\",\"contentUrl\":\"https:\/\/dicodusport.fr\/blog\/wp-content\/uploads\/2021\/11\/Stade-Toulousain-Avenir-toujours-incertain-pour-Joe-Tekori.png\",\"width\":800,\"height\":445,\"caption\":\"Stade Toulousain Avenir toujours incertain pour Joe Tekori\"},{\"@type\":\"BreadcrumbList\",\"@id\":\"https:\/\/dicodusport.fr\/blog\/stade-toulousain-avenir-toujours-incertain-pour-joe-tekori\/#breadcrumb\",\"itemListElement\":[{\"@type\":\"ListItem\",\"position\":1,\"name\":\"Accueil\",\"item\":\"https:\/\/dicodusport.fr\/blog\/\"},{\"@type\":\"ListItem\",\"position\":2,\"name\":\"Stade Toulousain : Avenir toujours incertain pour Joe Tekori\"}]},{\"@type\":\"WebSite\",\"@id\":\"https:\/\/dicodusport.fr\/blog\/#website\",\"url\":\"https:\/\/dicodusport.fr\/blog\/\",\"name\":\"Dicodusport\",\"description\":\"L&#039;encyclop\u00e9die de l&#039;actualit\u00e9 sportive\",\"publisher\":{\"@id\":\"https:\/\/dicodusport.fr\/blog\/#organization\"},\"potentialAction\":[{\"@type\":\"SearchAction\",\"target\":{\"@type\":\"EntryPoint\",\"urlTemplate\":\"https:\/\/dicodusport.fr\/blog\/?s={search_term_string}\"},\"query-input\":{\"@type\":\"PropertyValueSpecification\",\"valueRequired\":true,\"valueName\":\"search_term_string\"}}],\"inLanguage\":\"fr-FR\"},{\"@type\":\"NewsMediaOrganization\",\"@id\":\"https:\/\/dicodusport.fr\/blog\/#organization\",\"name\":\"Dicodusport\",\"url\":\"https:\/\/dicodusport.fr\/blog\/\",\"logo\":{\"@type\":\"ImageObject\",\"inLanguage\":\"fr-FR\",\"@id\":\"https:\/\/dicodusport.fr\/blog\/#\/schema\/logo\/image\/\",\"url\":\"https:\/\/dicodusport.fr\/blog\/wp-content\/uploads\/2020\/06\/cropped-LOGO-DICODUSPORT-2020-SANS-FOND-SANS-TEXTE.png\",\"contentUrl\":\"https:\/\/dicodusport.fr\/blog\/wp-content\/uploads\/2020\/06\/cropped-LOGO-DICODUSPORT-2020-SANS-FOND-SANS-TEXTE.png\",\"width\":512,\"height\":512,\"caption\":\"Dicodusport\"},\"image\":{\"@id\":\"https:\/\/dicodusport.fr\/blog\/#\/schema\/logo\/image\/\"},\"sameAs\":[\"https:\/\/www.facebook.com\/dicodusport\",\"https:\/\/x.com\/dicodusport\",\"https:\/\/www.instagram.com\/dicodusport\/\",\"https:\/\/www.youtube.com\/channel\/UC7V2KZ5sd3htJivAbA4ZG3w\"],\"description\":\"Dicodusport est l'encyclop\u00e9die de l'actualit\u00e9 sportive.\",\"email\":\"bonjour@dicodusport.fr\",\"legalName\":\"DICODUSPORT\",\"foundingDate\":\"2018-01-14\",\"vatID\":\"FR71834470973\",\"taxID\":\"83447097300043\",\"numberOfEmployees\":{\"@type\":\"QuantitativeValue\",\"minValue\":\"1\",\"maxValue\":\"10\"}},{\"@type\":\"Person\",\"@id\":\"https:\/\/dicodusport.fr\/blog\/#\/schema\/person\/463bd3fdf7997eaf381a70f42317d8db\",\"name\":\"Victor Friot\",\"image\":{\"@type\":\"ImageObject\",\"inLanguage\":\"fr-FR\",\"@id\":\"https:\/\/dicodusport.fr\/blog\/#\/schema\/person\/image\/\",\"url\":\"https:\/\/dicodusport.fr\/blog\/wp-content\/uploads\/2020\/06\/LOGO-DICODUSPORT-2020-SANS-FOND-SANS-TEXTE-150x150.png\",\"contentUrl\":\"https:\/\/dicodusport.fr\/blog\/wp-content\/uploads\/2020\/06\/LOGO-DICODUSPORT-2020-SANS-FOND-SANS-TEXTE-150x150.png\",\"caption\":\"Victor Friot\"},\"url\":\"https:\/\/dicodusport.fr\/blog\/author\/victor-friot\/\"}]}<\/script>\n<!-- \/ Yoast SEO Premium plugin. -->","yoast_head_json":{"title":"Stade Toulousain : Avenir toujours incertain pour Joe Tekori","description":"TOP 14 - \u00c2g\u00e9 de bient\u00f4t 38 ans, Iosefa Tekori souhaite poursuivre sa carri\u00e8re avec Toulouse \u00e0 l'issue de la saison 2021-2022.","robots":{"index":"index","follow":"follow","max-snippet":"max-snippet:-1","max-image-preview":"max-image-preview:large","max-video-preview":"max-video-preview:-1"},"canonical":"https:\/\/dicodusport.fr\/blog\/stade-toulousain-avenir-toujours-incertain-pour-joe-tekori\/","og_locale":"fr_FR","og_type":"article","og_title":"Stade Toulousain : Avenir toujours incertain pour Joe Tekori","og_description":"TOP 14 - \u00c2g\u00e9 de bient\u00f4t 38 ans, Iosefa Tekori souhaite poursuivre sa carri\u00e8re avec Toulouse \u00e0 l'issue de la saison 2021-2022.","og_url":"https:\/\/dicodusport.fr\/blog\/stade-toulousain-avenir-toujours-incertain-pour-joe-tekori\/","og_site_name":"Dicodusport","article_publisher":"https:\/\/www.facebook.com\/dicodusport","article_published_time":"2021-11-15T18:04:53+00:00","og_image":[{"width":800,"height":445,"url":"https:\/\/dicodusport.fr\/blog\/wp-content\/uploads\/2021\/11\/Stade-Toulousain-Avenir-toujours-incertain-pour-Joe-Tekori.png","type":"image\/png"}],"author":"Victor Friot","twitter_card":"summary_large_image","twitter_title":"Stade Toulousain : Avenir toujours incertain pour Joe Tekori","twitter_creator":"@dicodusport","twitter_site":"@dicodusport","schema":{"@context":"https:\/\/schema.org","@graph":[{"@type":"NewsArticle","@id":"https:\/\/dicodusport.fr\/blog\/stade-toulousain-avenir-toujours-incertain-pour-joe-tekori\/#article","isPartOf":{"@id":"https:\/\/dicodusport.fr\/blog\/stade-toulousain-avenir-toujours-incertain-pour-joe-tekori\/"},"author":{"name":"Victor Friot","@id":"https:\/\/dicodusport.fr\/blog\/#\/schema\/person\/463bd3fdf7997eaf381a70f42317d8db"},"headline":"Stade Toulousain : Avenir toujours incertain pour Joe Tekori","datePublished":"2021-11-15T18:04:53+00:00","mainEntityOfPage":{"@id":"https:\/\/dicodusport.fr\/blog\/stade-toulousain-avenir-toujours-incertain-pour-joe-tekori\/"},"wordCount":274,"commentCount":0,"publisher":{"@id":"https:\/\/dicodusport.fr\/blog\/#organization"},"image":{"@id":"https:\/\/dicodusport.fr\/blog\/stade-toulousain-avenir-toujours-incertain-pour-joe-tekori\/#primaryimage"},"thumbnailUrl":"https:\/\/dicodusport.fr\/blog\/wp-content\/uploads\/2021\/11\/Stade-Toulousain-Avenir-toujours-incertain-pour-Joe-Tekori.png","keywords":["retraite","Stade Toulousain"],"articleSection":["Top 14"],"inLanguage":"fr-FR","potentialAction":[{"@type":"CommentAction","name":"Comment","target":["https:\/\/dicodusport.fr\/blog\/stade-toulousain-avenir-toujours-incertain-pour-joe-tekori\/#respond"]}],"copyrightYear":"2021","copyrightHolder":{"@id":"https:\/\/dicodusport.fr\/blog\/#organization"}},{"@type":"WebPage","@id":"https:\/\/dicodusport.fr\/blog\/stade-toulousain-avenir-toujours-incertain-pour-joe-tekori\/","url":"https:\/\/dicodusport.fr\/blog\/stade-toulousain-avenir-toujours-incertain-pour-joe-tekori\/","name":"Stade Toulousain : Avenir toujours incertain pour Joe Tekori","isPartOf":{"@id":"https:\/\/dicodusport.fr\/blog\/#website"},"primaryImageOfPage":{"@id":"https:\/\/dicodusport.fr\/blog\/stade-toulousain-avenir-toujours-incertain-pour-joe-tekori\/#primaryimage"},"image":{"@id":"https:\/\/dicodusport.fr\/blog\/stade-toulousain-avenir-toujours-incertain-pour-joe-tekori\/#primaryimage"},"thumbnailUrl":"https:\/\/dicodusport.fr\/blog\/wp-content\/uploads\/2021\/11\/Stade-Toulousain-Avenir-toujours-incertain-pour-Joe-Tekori.png","datePublished":"2021-11-15T18:04:53+00:00","description":"TOP 14 - \u00c2g\u00e9 de bient\u00f4t 38 ans, Iosefa Tekori souhaite poursuivre sa carri\u00e8re avec Toulouse \u00e0 l'issue de la saison 2021-2022.","breadcrumb":{"@id":"https:\/\/dicodusport.fr\/blog\/stade-toulousain-avenir-toujours-incertain-pour-joe-tekori\/#breadcrumb"},"inLanguage":"fr-FR","potentialAction":[{"@type":"ReadAction","target":["https:\/\/dicodusport.fr\/blog\/stade-toulousain-avenir-toujours-incertain-pour-joe-tekori\/"]}]},{"@type":"ImageObject","inLanguage":"fr-FR","@id":"https:\/\/dicodusport.fr\/blog\/stade-toulousain-avenir-toujours-incertain-pour-joe-tekori\/#primaryimage","url":"https:\/\/dicodusport.fr\/blog\/wp-content\/uploads\/2021\/11\/Stade-Toulousain-Avenir-toujours-incertain-pour-Joe-Tekori.png","contentUrl":"https:\/\/dicodusport.fr\/blog\/wp-content\/uploads\/2021\/11\/Stade-Toulousain-Avenir-toujours-incertain-pour-Joe-Tekori.png","width":800,"height":445,"caption":"Stade Toulousain Avenir toujours incertain pour Joe Tekori"},{"@type":"BreadcrumbList","@id":"https:\/\/dicodusport.fr\/blog\/stade-toulousain-avenir-toujours-incertain-pour-joe-tekori\/#breadcrumb","itemListElement":[{"@type":"ListItem","position":1,"name":"Accueil","item":"https:\/\/dicodusport.fr\/blog\/"},{"@type":"ListItem","position":2,"name":"Stade Toulousain : Avenir toujours incertain pour Joe Tekori"}]},{"@type":"WebSite","@id":"https:\/\/dicodusport.fr\/blog\/#website","url":"https:\/\/dicodusport.fr\/blog\/","name":"Dicodusport","description":"L&#039;encyclop\u00e9die de l&#039;actualit\u00e9 sportive","publisher":{"@id":"https:\/\/dicodusport.fr\/blog\/#organization"},"potentialAction":[{"@type":"SearchAction","target":{"@type":"EntryPoint","urlTemplate":"https:\/\/dicodusport.fr\/blog\/?s={search_term_string}"},"query-input":{"@type":"PropertyValueSpecification","valueRequired":true,"valueName":"search_term_string"}}],"inLanguage":"fr-FR"},{"@type":"NewsMediaOrganization","@id":"https:\/\/dicodusport.fr\/blog\/#organization","name":"Dicodusport","url":"https:\/\/dicodusport.fr\/blog\/","logo":{"@type":"ImageObject","inLanguage":"fr-FR","@id":"https:\/\/dicodusport.fr\/blog\/#\/schema\/logo\/image\/","url":"https:\/\/dicodusport.fr\/blog\/wp-content\/uploads\/2020\/06\/cropped-LOGO-DICODUSPORT-2020-SANS-FOND-SANS-TEXTE.png","contentUrl":"https:\/\/dicodusport.fr\/blog\/wp-content\/uploads\/2020\/06\/cropped-LOGO-DICODUSPORT-2020-SANS-FOND-SANS-TEXTE.png","width":512,"height":512,"caption":"Dicodusport"},"image":{"@id":"https:\/\/dicodusport.fr\/blog\/#\/schema\/logo\/image\/"},"sameAs":["https:\/\/www.facebook.com\/dicodusport","https:\/\/x.com\/dicodusport","https:\/\/www.instagram.com\/dicodusport\/","https:\/\/www.youtube.com\/channel\/UC7V2KZ5sd3htJivAbA4ZG3w"],"description":"Dicodusport est l'encyclop\u00e9die de l'actualit\u00e9 sportive.","email":"bonjour@dicodusport.fr","legalName":"DICODUSPORT","foundingDate":"2018-01-14","vatID":"FR71834470973","taxID":"83447097300043","numberOfEmployees":{"@type":"QuantitativeValue","minValue":"1","maxValue":"10"}},{"@type":"Person","@id":"https:\/\/dicodusport.fr\/blog\/#\/schema\/person\/463bd3fdf7997eaf381a70f42317d8db","name":"Victor Friot","image":{"@type":"ImageObject","inLanguage":"fr-FR","@id":"https:\/\/dicodusport.fr\/blog\/#\/schema\/person\/image\/","url":"https:\/\/dicodusport.fr\/blog\/wp-content\/uploads\/2020\/06\/LOGO-DICODUSPORT-2020-SANS-FOND-SANS-TEXTE-150x150.png","contentUrl":"https:\/\/dicodusport.fr\/blog\/wp-content\/uploads\/2020\/06\/LOGO-DICODUSPORT-2020-SANS-FOND-SANS-TEXTE-150x150.png","caption":"Victor Friot"},"url":"https:\/\/dicodusport.fr\/blog\/author\/victor-friot\/"}]}},"_links":{"self":[{"href":"https:\/\/dicodusport.fr\/blog\/wp-json\/wp\/v2\/posts\/179523","targetHints":{"allow":["GET"]}}],"collection":[{"href":"https:\/\/dicodusport.fr\/blog\/wp-json\/wp\/v2\/posts"}],"about":[{"href":"https:\/\/dicodusport.fr\/blog\/wp-json\/wp\/v2\/types\/post"}],"author":[{"embeddable":true,"href":"https:\/\/dicodusport.fr\/blog\/wp-json\/wp\/v2\/users\/60"}],"replies":[{"embeddable":true,"href":"https:\/\/dicodusport.fr\/blog\/wp-json\/wp\/v2\/comments?post=179523"}],"version-history":[{"count":0,"href":"https:\/\/dicodusport.fr\/blog\/wp-json\/wp\/v2\/posts\/179523\/revisions"}],"wp:featuredmedia":[{"embeddable":true,"href":"https:\/\/dicodusport.fr\/blog\/wp-json\/wp\/v2\/media\/179531"}],"wp:attachment":[{"href":"https:\/\/dicodusport.fr\/blog\/wp-json\/wp\/v2\/media?parent=179523"}],"wp:term":[{"taxonomy":"category","embeddable":true,"href":"https:\/\/dicodusport.fr\/blog\/wp-json\/wp\/v2\/categories?post=179523"},{"taxonomy":"post_tag","embeddable":true,"href":"https:\/\/dicodusport.fr\/blog\/wp-json\/wp\/v2\/tags?post=179523"}],"curies":[{"name":"wp","href":"https:\/\/api.w.org\/{rel}","templated":true}]}}