{"id":179566,"date":"2022-05-14T10:30:23","date_gmt":"2022-05-14T08:30:23","guid":{"rendered":"https:\/\/dicodusport.fr\/blog\/?p=179566"},"modified":"2022-05-15T10:46:21","modified_gmt":"2022-05-15T08:46:21","slug":"tour-d-italie-2022-parcours-et-profil-9eme-etape","status":"publish","type":"post","link":"https:\/\/dicodusport.fr\/blog\/tour-d-italie-2022-parcours-et-profil-9eme-etape\/","title":{"rendered":"Tour d&rsquo;Italie 2022 &#8211; Parcours et profil de la 9\u00e8me \u00e9tape"},"content":{"rendered":"<p style=\"text-align: justify;\"><em><strong><b><i><a href=\"https:\/\/dicodusport.fr\/blog\/actualites\/cyclisme\/cyclisme-sur-route-2022\/tour-italie-2022\/\">TOUR D&rsquo;ITALIE 2022<\/a> &#8211; <\/i><\/b>La 9\u00e8me \u00e9tape sera une \u00e9tape de haute montagne dans les Apennins, entre Isernia et le Blockhaus (191 km), avec 5 000 m\u00e8tres de d\u00e9nivel\u00e9 et trois cols \u00e0 gravir. Parcours et profil.<\/strong><\/em><\/p>\n<p style=\"text-align: justify;\">D&rsquo;abord, les coureurs s&rsquo;\u00e9lanceront d&rsquo;<strong>Isernia<\/strong>, \u00e0 79 kilom\u00e8tres au nord de Naples. \u00c0 peine sortis de la ville, les coureurs grimperont le <strong>Valico del Macerone<\/strong> (3,1 km \u00e0 5,7 %, class\u00e9 en 3e cat\u00e9gorie). Apr\u00e8s une descente de pr\u00e8s 6 km, ce sera d\u00e9j\u00e0 la deuxi\u00e8me mont\u00e9e du jour : le <strong>Rionero Sannitico <\/strong>(9 km \u00e0 6,3 %). Cette ascension sera en deux parties assez pentues, entrecoup\u00e9es d&rsquo;une portion plate apr\u00e8s plus de 4 kilom\u00e8tres de mont\u00e9e.<\/p>\n<p style=\"text-align: justify;\">Puis, les coureurs descendront jusqu&rsquo;au <strong>Ponte Zittola<\/strong> sur 8 kilom\u00e8tres, sur un plateau \u00e0 plus de 800 m\u00e8tres d&rsquo;altitude. Ensuite, il va falloir monter le <strong>Roccaraso <\/strong>(7,4 km \u00e0 6,1 % &#8211; une mont\u00e9e r\u00e9guli\u00e8rement pentue avec un replat \u00e0 plus d&rsquo;un kilom\u00e8tre du sommet). Au sommet, il y aura un plateau de plus de 10 kilom\u00e8tres avant de plonger dans une descente de 36 kilom\u00e8tres en plusieurs paliers.<\/p>\n<p style=\"text-align: justify;\">Ensuite, la portion en vall\u00e9e de 42 kilom\u00e8tres sera exigeante, avec quatre petites bosses dont une pour rejoindre <strong>Guardiagrele\u00a0<\/strong>(3,9 km \u00e0 5,3 %) pour rejoindre 9 kilom\u00e8tres plus loin <strong>Filetto<\/strong> et son sprint interm\u00e9diaire, avant de descendre \u00e0 nouveau.<\/p>\n<p style=\"text-align: justify;\">Apr\u00e8s avoir travers\u00e9 <strong>Fara Filiorum Petri <\/strong>et emprunt\u00e9 une longue portion montante de 9 km \u00e0 4 %, les coureurs attaqueront le <strong>Passo Lanciano <\/strong>(10,8 km \u00e0 6,2 %) avec d\u00e8s le pied, les plus forts pourcentages. Au sommet, les coureurs basculeront dans la descente sur <strong>Scala<\/strong>, longue de moins de 15 kilom\u00e8tres. Cette descente sera en parall\u00e8le de la mont\u00e9e finale Par la suite, ce sera une longue portion montante de pr\u00e8s de 10 km \u00e0 5 % sur <strong>Roccamorice<\/strong>, avec quelques kilom\u00e8tres de plat dans cette derni\u00e8re pour le second sprint interm\u00e9diaire.<\/p>\n<p style=\"text-align: justify;\">Enfin, les coureurs feront face \u00e0 l&rsquo;ascension du <strong>Blockhaus<\/strong> (13,6 km \u00e0 8,4 %) <span class=\"tojvnm2t a6sixzi8 abs2jz4q a8s20v7p t1p8iaqh k5wvi7nf q3lfd5jv pk4s997a bipmatt0 cebpdrjk qowsmv63 owwhemhu dp1hu0rb dhp61c6y iyyx5f41\">sein du Parc National de la Majella<\/span>. Un col proposera r\u00e9guli\u00e8rement des pentes \u00e0 plus de 9 % sur les 10 derniers kilom\u00e8tres sur une route \u00e9troite, avec plusieurs virages en \u00e9pingle avec une rampe maximale \u00e0 14 %. Il y a un tr\u00e8s court tron\u00e7on en descente 500 m avant l\u2019arriv\u00e9e. La ligne droite sera longue de 200 m sur une pente d\u2019environ 8 % avec une arriv\u00e9e arriv\u00e9e vers 17h20. <span class=\"tojvnm2t a6sixzi8 abs2jz4q a8s20v7p t1p8iaqh k5wvi7nf q3lfd5jv pk4s997a bipmatt0 cebpdrjk qowsmv63 owwhemhu dp1hu0rb dhp61c6y iyyx5f41\">Son nom de <strong>Blockhaus<\/strong> provient de la forteresse, 500 m\u00e8tres plus haut.<\/span><\/p>\n<p style=\"text-align: justify;\">Le <strong>Blockhaus<\/strong> a \u00e9t\u00e9 inclus pour la premi\u00e8re fois sur le parcours du Giro d&rsquo;Italia en 1967, avec le premier succ\u00e8s d&rsquo;Eddy Merckx dans un Grand Tour. Depuis, Franco Bitossi (1968), Jos\u00e9 Manuel Fuente (1972), Moreno Argentin (1984), Ivan Basso (2006), Franco Pellizotti (2009) et Nairo Quintana (2017) se sont impos\u00e9s au sommet.<\/p>\n<div id=\"attachment_223532\" style=\"width: 862px\" class=\"wp-caption aligncenter\"><a href=\"https:\/\/dicodusport.fr\/blog\/wp-content\/uploads\/2021\/11\/La-carte-du-parcours-de-la-9eme-etape-du-Tour-dItalie-2022.jpg\"><img loading=\"lazy\" decoding=\"async\" aria-describedby=\"caption-attachment-223532\" class=\"size-full wp-image-223532\" src=\"https:\/\/dicodusport.fr\/blog\/wp-content\/uploads\/2021\/11\/La-carte-du-parcours-de-la-9eme-etape-du-Tour-dItalie-2022.jpg\" alt=\"La carte du parcours de la 9\u00e8me \u00e9tape du Tour d'Italie 2022\" width=\"852\" height=\"853\" srcset=\"https:\/\/dicodusport.fr\/blog\/wp-content\/uploads\/2021\/11\/La-carte-du-parcours-de-la-9eme-etape-du-Tour-dItalie-2022.jpg 852w, https:\/\/dicodusport.fr\/blog\/wp-content\/uploads\/2021\/11\/La-carte-du-parcours-de-la-9eme-etape-du-Tour-dItalie-2022-300x300.jpg 300w, https:\/\/dicodusport.fr\/blog\/wp-content\/uploads\/2021\/11\/La-carte-du-parcours-de-la-9eme-etape-du-Tour-dItalie-2022-150x150.jpg 150w, https:\/\/dicodusport.fr\/blog\/wp-content\/uploads\/2021\/11\/La-carte-du-parcours-de-la-9eme-etape-du-Tour-dItalie-2022-768x769.jpg 768w, https:\/\/dicodusport.fr\/blog\/wp-content\/uploads\/2021\/11\/La-carte-du-parcours-de-la-9eme-etape-du-Tour-dItalie-2022-80x80.jpg 80w\" sizes=\"auto, (max-width: 852px) 100vw, 852px\" \/><\/a><p id=\"caption-attachment-223532\" class=\"wp-caption-text\">La carte du parcours de la 9\u00e8me \u00e9tape du Tour d&rsquo;Italie 2022<\/p><\/div>\n<h2><strong>Le profil de la 9\u00e8me \u00e9tape du Tour d&rsquo;Italie 2022<\/strong><\/h2>\n<div id=\"attachment_223530\" style=\"width: 750px\" class=\"wp-caption aligncenter\"><a href=\"https:\/\/dicodusport.fr\/blog\/wp-content\/uploads\/2021\/11\/Profil-de-la-9eme-etape-du-Tour-dItalie-2022.jpg\"><img loading=\"lazy\" decoding=\"async\" aria-describedby=\"caption-attachment-223530\" class=\"wp-image-223530 size-large\" src=\"https:\/\/dicodusport.fr\/blog\/wp-content\/uploads\/2021\/11\/Profil-de-la-9eme-etape-du-Tour-dItalie-2022-1024x682.jpg\" alt=\"Profil de la 9\u00e8me \u00e9tape du Tour d'Italie 2022\" width=\"740\" height=\"493\" srcset=\"https:\/\/dicodusport.fr\/blog\/wp-content\/uploads\/2021\/11\/Profil-de-la-9eme-etape-du-Tour-dItalie-2022-1024x682.jpg 1024w, https:\/\/dicodusport.fr\/blog\/wp-content\/uploads\/2021\/11\/Profil-de-la-9eme-etape-du-Tour-dItalie-2022-300x200.jpg 300w, https:\/\/dicodusport.fr\/blog\/wp-content\/uploads\/2021\/11\/Profil-de-la-9eme-etape-du-Tour-dItalie-2022-768x511.jpg 768w, https:\/\/dicodusport.fr\/blog\/wp-content\/uploads\/2021\/11\/Profil-de-la-9eme-etape-du-Tour-dItalie-2022.jpg 1280w\" sizes=\"auto, (max-width: 740px) 100vw, 740px\" \/><\/a><p id=\"caption-attachment-223530\" class=\"wp-caption-text\">Profil de la 9\u00e8me \u00e9tape du Tour d&rsquo;Italie 2022 &#8211; Via RCS<\/p><\/div>\n<h2>\u00c0 lire aussi<\/h2>\n<ul>\n<li><strong>Nos favoris pour la 9\u00e8me \u00e9tape (\u00e0 venir)<\/strong><\/li>\n<li><a href=\"https:\/\/dicodusport.fr\/blog\/tour-d-italie-2022-etapes-et-resultats\/\"><strong>Tour d\u2019Italie 2022 \u2013 \u00c9tapes et r\u00e9sultats<\/strong><\/a><\/li>\n<li><a href=\"https:\/\/dicodusport.fr\/blog\/tour-italie-2022-le-profil-des-21-etapes\/\" target=\"_blank\" rel=\"noopener\"><b>Le profil des 21 \u00e9tapes du Tour d\u2019Italie 2022<\/b><\/a><\/li>\n<li><a href=\"https:\/\/dicodusport.fr\/blog\/tour-italie-2022-a-quelle-heure-et-sur-quelle-chaine\/\"><strong>Tour d\u2019Italie 2022 : \u00c0 quelle heure et sur quelle cha\u00eene ?<\/strong><\/a><\/li>\n<\/ul>\n","protected":false},"excerpt":{"rendered":"<p>TOUR D&rsquo;ITALIE 2022 &#8211; La 9\u00e8me \u00e9tape sera une \u00e9tape de haute-montagne dans les Apennins, entre Isernia et le Blockhaus (191 km), avec 5 000 m\u00e8tres de d\u00e9nivel\u00e9 et trois cols \u00e0 gravir. Parcours et profil.<\/p>\n","protected":false},"author":48,"featured_media":223535,"comment_status":"open","ping_status":"closed","sticky":false,"template":"","format":"standard","meta":{"_acf_changed":false,"_daextam_enable_autolinks":"","footnotes":""},"categories":[47041],"tags":[3119],"class_list":["post-179566","post","type-post","status-publish","format-standard","has-post-thumbnail","hentry","category-tour-d-italie","tag-actualite-cyclisme"],"acf":[],"yoast_head":"<!-- This site is optimized with the Yoast SEO Premium plugin v26.7 (Yoast SEO v26.7) - https:\/\/yoast.com\/wordpress\/plugins\/seo\/ -->\n<title>Tour d&#039;Italie 2022 - Parcours et profil de la 9\u00e8me \u00e9tape<\/title>\n<meta name=\"description\" content=\"TOUR D&#039;ITALIE 2022 - D\u00e9couvrez le parcours et le profil de la 9\u00e8me \u00e9tape du Giro, entre Isernia et le Blockhaus (191 km).\" \/>\n<meta name=\"robots\" content=\"index, follow, max-snippet:-1, max-image-preview:large, max-video-preview:-1\" \/>\n<link rel=\"canonical\" href=\"https:\/\/dicodusport.fr\/blog\/tour-d-italie-2022-parcours-et-profil-9eme-etape\/\" \/>\n<meta property=\"og:locale\" content=\"fr_FR\" \/>\n<meta property=\"og:type\" content=\"article\" \/>\n<meta property=\"og:title\" content=\"Tour d&#039;Italie 2022 - Parcours et profil de la 9\u00e8me \u00e9tape\" \/>\n<meta property=\"og:description\" content=\"TOUR D&#039;ITALIE 2022 - D\u00e9couvrez le parcours et le profil de la 9\u00e8me \u00e9tape du Giro, entre Isernia et le Blockhaus (191 km).\" \/>\n<meta property=\"og:url\" content=\"https:\/\/dicodusport.fr\/blog\/tour-d-italie-2022-parcours-et-profil-9eme-etape\/\" \/>\n<meta property=\"og:site_name\" content=\"Dicodusport\" \/>\n<meta property=\"article:publisher\" content=\"https:\/\/www.facebook.com\/dicodusport\" \/>\n<meta property=\"article:author\" content=\"https:\/\/www.facebook.com\/groups\/LesRoisDuPeloton\" \/>\n<meta property=\"article:published_time\" content=\"2022-05-14T08:30:23+00:00\" \/>\n<meta property=\"article:modified_time\" content=\"2022-05-15T08:46:21+00:00\" \/>\n<meta property=\"og:image\" content=\"https:\/\/dicodusport.fr\/blog\/wp-content\/uploads\/2021\/11\/Tour-dItalie-2022-Parcours-et-profil-de-la-9eme-etape.png\" \/>\n\t<meta property=\"og:image:width\" content=\"800\" \/>\n\t<meta property=\"og:image:height\" content=\"445\" \/>\n\t<meta property=\"og:image:type\" content=\"image\/png\" \/>\n<meta name=\"author\" content=\"Emilien Descampiaux\" \/>\n<meta name=\"twitter:card\" content=\"summary_large_image\" \/>\n<meta name=\"twitter:title\" content=\"Tour d&#039;Italie 2022 - Parcours et profil de la 9\u00e8me \u00e9tape\" \/>\n<meta name=\"twitter:creator\" content=\"@https:\/\/twitter.com\/LRoisDuPeloton\" \/>\n<meta name=\"twitter:site\" content=\"@dicodusport\" \/>\n<script type=\"application\/ld+json\" class=\"yoast-schema-graph\">{\"@context\":\"https:\/\/schema.org\",\"@graph\":[{\"@type\":\"NewsArticle\",\"@id\":\"https:\/\/dicodusport.fr\/blog\/tour-d-italie-2022-parcours-et-profil-9eme-etape\/#article\",\"isPartOf\":{\"@id\":\"https:\/\/dicodusport.fr\/blog\/tour-d-italie-2022-parcours-et-profil-9eme-etape\/\"},\"author\":{\"name\":\"Emilien Descampiaux\",\"@id\":\"https:\/\/dicodusport.fr\/blog\/#\/schema\/person\/6db4bae06b171592211be385b32876a7\"},\"headline\":\"Tour d&rsquo;Italie 2022 &#8211; Parcours et profil de la 9\u00e8me \u00e9tape\",\"datePublished\":\"2022-05-14T08:30:23+00:00\",\"dateModified\":\"2022-05-15T08:46:21+00:00\",\"mainEntityOfPage\":{\"@id\":\"https:\/\/dicodusport.fr\/blog\/tour-d-italie-2022-parcours-et-profil-9eme-etape\/\"},\"wordCount\":547,\"commentCount\":0,\"publisher\":{\"@id\":\"https:\/\/dicodusport.fr\/blog\/#organization\"},\"image\":{\"@id\":\"https:\/\/dicodusport.fr\/blog\/tour-d-italie-2022-parcours-et-profil-9eme-etape\/#primaryimage\"},\"thumbnailUrl\":\"https:\/\/dicodusport.fr\/blog\/wp-content\/uploads\/2021\/11\/Tour-dItalie-2022-Parcours-et-profil-de-la-9eme-etape.png\",\"keywords\":[\"Actualit\u00e9 Cyclisme\"],\"articleSection\":[\"Tour d'Italie\"],\"inLanguage\":\"fr-FR\",\"potentialAction\":[{\"@type\":\"CommentAction\",\"name\":\"Comment\",\"target\":[\"https:\/\/dicodusport.fr\/blog\/tour-d-italie-2022-parcours-et-profil-9eme-etape\/#respond\"]}],\"copyrightYear\":\"2022\",\"copyrightHolder\":{\"@id\":\"https:\/\/dicodusport.fr\/blog\/#organization\"}},{\"@type\":\"WebPage\",\"@id\":\"https:\/\/dicodusport.fr\/blog\/tour-d-italie-2022-parcours-et-profil-9eme-etape\/\",\"url\":\"https:\/\/dicodusport.fr\/blog\/tour-d-italie-2022-parcours-et-profil-9eme-etape\/\",\"name\":\"Tour d'Italie 2022 - Parcours et profil de la 9\u00e8me \u00e9tape\",\"isPartOf\":{\"@id\":\"https:\/\/dicodusport.fr\/blog\/#website\"},\"primaryImageOfPage\":{\"@id\":\"https:\/\/dicodusport.fr\/blog\/tour-d-italie-2022-parcours-et-profil-9eme-etape\/#primaryimage\"},\"image\":{\"@id\":\"https:\/\/dicodusport.fr\/blog\/tour-d-italie-2022-parcours-et-profil-9eme-etape\/#primaryimage\"},\"thumbnailUrl\":\"https:\/\/dicodusport.fr\/blog\/wp-content\/uploads\/2021\/11\/Tour-dItalie-2022-Parcours-et-profil-de-la-9eme-etape.png\",\"datePublished\":\"2022-05-14T08:30:23+00:00\",\"dateModified\":\"2022-05-15T08:46:21+00:00\",\"description\":\"TOUR D'ITALIE 2022 - D\u00e9couvrez le parcours et le profil de la 9\u00e8me \u00e9tape du Giro, entre Isernia et le Blockhaus (191 km).\",\"breadcrumb\":{\"@id\":\"https:\/\/dicodusport.fr\/blog\/tour-d-italie-2022-parcours-et-profil-9eme-etape\/#breadcrumb\"},\"inLanguage\":\"fr-FR\",\"potentialAction\":[{\"@type\":\"ReadAction\",\"target\":[\"https:\/\/dicodusport.fr\/blog\/tour-d-italie-2022-parcours-et-profil-9eme-etape\/\"]}]},{\"@type\":\"ImageObject\",\"inLanguage\":\"fr-FR\",\"@id\":\"https:\/\/dicodusport.fr\/blog\/tour-d-italie-2022-parcours-et-profil-9eme-etape\/#primaryimage\",\"url\":\"https:\/\/dicodusport.fr\/blog\/wp-content\/uploads\/2021\/11\/Tour-dItalie-2022-Parcours-et-profil-de-la-9eme-etape.png\",\"contentUrl\":\"https:\/\/dicodusport.fr\/blog\/wp-content\/uploads\/2021\/11\/Tour-dItalie-2022-Parcours-et-profil-de-la-9eme-etape.png\",\"width\":800,\"height\":445,\"caption\":\"Tour d'Italie 2022 - Parcours et profil de la 9\u00e8me \u00e9tape\"},{\"@type\":\"BreadcrumbList\",\"@id\":\"https:\/\/dicodusport.fr\/blog\/tour-d-italie-2022-parcours-et-profil-9eme-etape\/#breadcrumb\",\"itemListElement\":[{\"@type\":\"ListItem\",\"position\":1,\"name\":\"Accueil\",\"item\":\"https:\/\/dicodusport.fr\/blog\/\"},{\"@type\":\"ListItem\",\"position\":2,\"name\":\"Tour d&rsquo;Italie 2022 &#8211; Parcours et profil de la 9\u00e8me \u00e9tape\"}]},{\"@type\":\"WebSite\",\"@id\":\"https:\/\/dicodusport.fr\/blog\/#website\",\"url\":\"https:\/\/dicodusport.fr\/blog\/\",\"name\":\"Dicodusport\",\"description\":\"L&#039;encyclop\u00e9die de l&#039;actualit\u00e9 sportive\",\"publisher\":{\"@id\":\"https:\/\/dicodusport.fr\/blog\/#organization\"},\"potentialAction\":[{\"@type\":\"SearchAction\",\"target\":{\"@type\":\"EntryPoint\",\"urlTemplate\":\"https:\/\/dicodusport.fr\/blog\/?s={search_term_string}\"},\"query-input\":{\"@type\":\"PropertyValueSpecification\",\"valueRequired\":true,\"valueName\":\"search_term_string\"}}],\"inLanguage\":\"fr-FR\"},{\"@type\":\"NewsMediaOrganization\",\"@id\":\"https:\/\/dicodusport.fr\/blog\/#organization\",\"name\":\"Dicodusport\",\"url\":\"https:\/\/dicodusport.fr\/blog\/\",\"logo\":{\"@type\":\"ImageObject\",\"inLanguage\":\"fr-FR\",\"@id\":\"https:\/\/dicodusport.fr\/blog\/#\/schema\/logo\/image\/\",\"url\":\"https:\/\/dicodusport.fr\/blog\/wp-content\/uploads\/2020\/06\/cropped-LOGO-DICODUSPORT-2020-SANS-FOND-SANS-TEXTE.png\",\"contentUrl\":\"https:\/\/dicodusport.fr\/blog\/wp-content\/uploads\/2020\/06\/cropped-LOGO-DICODUSPORT-2020-SANS-FOND-SANS-TEXTE.png\",\"width\":512,\"height\":512,\"caption\":\"Dicodusport\"},\"image\":{\"@id\":\"https:\/\/dicodusport.fr\/blog\/#\/schema\/logo\/image\/\"},\"sameAs\":[\"https:\/\/www.facebook.com\/dicodusport\",\"https:\/\/x.com\/dicodusport\",\"https:\/\/www.instagram.com\/dicodusport\/\",\"https:\/\/www.youtube.com\/channel\/UC7V2KZ5sd3htJivAbA4ZG3w\"],\"description\":\"Dicodusport est l'encyclop\u00e9die de l'actualit\u00e9 sportive.\",\"email\":\"bonjour@dicodusport.fr\",\"legalName\":\"DICODUSPORT\",\"foundingDate\":\"2018-01-14\",\"vatID\":\"FR71834470973\",\"taxID\":\"83447097300043\",\"numberOfEmployees\":{\"@type\":\"QuantitativeValue\",\"minValue\":\"1\",\"maxValue\":\"10\"}},{\"@type\":\"Person\",\"@id\":\"https:\/\/dicodusport.fr\/blog\/#\/schema\/person\/6db4bae06b171592211be385b32876a7\",\"name\":\"Emilien Descampiaux\",\"image\":{\"@type\":\"ImageObject\",\"inLanguage\":\"fr-FR\",\"@id\":\"https:\/\/dicodusport.fr\/blog\/#\/schema\/person\/image\/\",\"url\":\"https:\/\/dicodusport.fr\/blog\/wp-content\/uploads\/2021\/05\/Emilien-Descampiaux-150x150.jpg\",\"contentUrl\":\"https:\/\/dicodusport.fr\/blog\/wp-content\/uploads\/2021\/05\/Emilien-Descampiaux-150x150.jpg\",\"caption\":\"Emilien Descampiaux\"},\"description\":\"Journaliste\/r\u00e9dacteur depuis 2014 - Fan de la classe de Frank Vandenbroucke, je vis cyclisme (et de ses paysages) depuis plus de 20 ans. Je suis tr\u00e8s impliqu\u00e9 sur mes diff\u00e9rents r\u00e9seaux sociaux pour partager ma passion sur le monde et l'Histoire de la bicyclette avec ma voix sur les images en noir et blanc du succ\u00e8s de Rik Van Steenbergen lors du Ronde sur le V\u00e9lodrome de Gand.\",\"sameAs\":[\"https:\/\/www.facebook.com\/groups\/LesRoisDuPeloton\",\"https:\/\/x.com\/https:\/\/twitter.com\/LRoisDuPeloton\"],\"url\":\"https:\/\/dicodusport.fr\/blog\/author\/emiliend\/\"}]}<\/script>\n<!-- \/ Yoast SEO Premium plugin. -->","yoast_head_json":{"title":"Tour d'Italie 2022 - Parcours et profil de la 9\u00e8me \u00e9tape","description":"TOUR D'ITALIE 2022 - D\u00e9couvrez le parcours et le profil de la 9\u00e8me \u00e9tape du Giro, entre Isernia et le Blockhaus (191 km).","robots":{"index":"index","follow":"follow","max-snippet":"max-snippet:-1","max-image-preview":"max-image-preview:large","max-video-preview":"max-video-preview:-1"},"canonical":"https:\/\/dicodusport.fr\/blog\/tour-d-italie-2022-parcours-et-profil-9eme-etape\/","og_locale":"fr_FR","og_type":"article","og_title":"Tour d'Italie 2022 - Parcours et profil de la 9\u00e8me \u00e9tape","og_description":"TOUR D'ITALIE 2022 - D\u00e9couvrez le parcours et le profil de la 9\u00e8me \u00e9tape du Giro, entre Isernia et le Blockhaus (191 km).","og_url":"https:\/\/dicodusport.fr\/blog\/tour-d-italie-2022-parcours-et-profil-9eme-etape\/","og_site_name":"Dicodusport","article_publisher":"https:\/\/www.facebook.com\/dicodusport","article_author":"https:\/\/www.facebook.com\/groups\/LesRoisDuPeloton","article_published_time":"2022-05-14T08:30:23+00:00","article_modified_time":"2022-05-15T08:46:21+00:00","og_image":[{"width":800,"height":445,"url":"https:\/\/dicodusport.fr\/blog\/wp-content\/uploads\/2021\/11\/Tour-dItalie-2022-Parcours-et-profil-de-la-9eme-etape.png","type":"image\/png"}],"author":"Emilien Descampiaux","twitter_card":"summary_large_image","twitter_title":"Tour d'Italie 2022 - Parcours et profil de la 9\u00e8me \u00e9tape","twitter_creator":"@https:\/\/twitter.com\/LRoisDuPeloton","twitter_site":"@dicodusport","schema":{"@context":"https:\/\/schema.org","@graph":[{"@type":"NewsArticle","@id":"https:\/\/dicodusport.fr\/blog\/tour-d-italie-2022-parcours-et-profil-9eme-etape\/#article","isPartOf":{"@id":"https:\/\/dicodusport.fr\/blog\/tour-d-italie-2022-parcours-et-profil-9eme-etape\/"},"author":{"name":"Emilien Descampiaux","@id":"https:\/\/dicodusport.fr\/blog\/#\/schema\/person\/6db4bae06b171592211be385b32876a7"},"headline":"Tour d&rsquo;Italie 2022 &#8211; Parcours et profil de la 9\u00e8me \u00e9tape","datePublished":"2022-05-14T08:30:23+00:00","dateModified":"2022-05-15T08:46:21+00:00","mainEntityOfPage":{"@id":"https:\/\/dicodusport.fr\/blog\/tour-d-italie-2022-parcours-et-profil-9eme-etape\/"},"wordCount":547,"commentCount":0,"publisher":{"@id":"https:\/\/dicodusport.fr\/blog\/#organization"},"image":{"@id":"https:\/\/dicodusport.fr\/blog\/tour-d-italie-2022-parcours-et-profil-9eme-etape\/#primaryimage"},"thumbnailUrl":"https:\/\/dicodusport.fr\/blog\/wp-content\/uploads\/2021\/11\/Tour-dItalie-2022-Parcours-et-profil-de-la-9eme-etape.png","keywords":["Actualit\u00e9 Cyclisme"],"articleSection":["Tour d'Italie"],"inLanguage":"fr-FR","potentialAction":[{"@type":"CommentAction","name":"Comment","target":["https:\/\/dicodusport.fr\/blog\/tour-d-italie-2022-parcours-et-profil-9eme-etape\/#respond"]}],"copyrightYear":"2022","copyrightHolder":{"@id":"https:\/\/dicodusport.fr\/blog\/#organization"}},{"@type":"WebPage","@id":"https:\/\/dicodusport.fr\/blog\/tour-d-italie-2022-parcours-et-profil-9eme-etape\/","url":"https:\/\/dicodusport.fr\/blog\/tour-d-italie-2022-parcours-et-profil-9eme-etape\/","name":"Tour d'Italie 2022 - Parcours et profil de la 9\u00e8me \u00e9tape","isPartOf":{"@id":"https:\/\/dicodusport.fr\/blog\/#website"},"primaryImageOfPage":{"@id":"https:\/\/dicodusport.fr\/blog\/tour-d-italie-2022-parcours-et-profil-9eme-etape\/#primaryimage"},"image":{"@id":"https:\/\/dicodusport.fr\/blog\/tour-d-italie-2022-parcours-et-profil-9eme-etape\/#primaryimage"},"thumbnailUrl":"https:\/\/dicodusport.fr\/blog\/wp-content\/uploads\/2021\/11\/Tour-dItalie-2022-Parcours-et-profil-de-la-9eme-etape.png","datePublished":"2022-05-14T08:30:23+00:00","dateModified":"2022-05-15T08:46:21+00:00","description":"TOUR D'ITALIE 2022 - D\u00e9couvrez le parcours et le profil de la 9\u00e8me \u00e9tape du Giro, entre Isernia et le Blockhaus (191 km).","breadcrumb":{"@id":"https:\/\/dicodusport.fr\/blog\/tour-d-italie-2022-parcours-et-profil-9eme-etape\/#breadcrumb"},"inLanguage":"fr-FR","potentialAction":[{"@type":"ReadAction","target":["https:\/\/dicodusport.fr\/blog\/tour-d-italie-2022-parcours-et-profil-9eme-etape\/"]}]},{"@type":"ImageObject","inLanguage":"fr-FR","@id":"https:\/\/dicodusport.fr\/blog\/tour-d-italie-2022-parcours-et-profil-9eme-etape\/#primaryimage","url":"https:\/\/dicodusport.fr\/blog\/wp-content\/uploads\/2021\/11\/Tour-dItalie-2022-Parcours-et-profil-de-la-9eme-etape.png","contentUrl":"https:\/\/dicodusport.fr\/blog\/wp-content\/uploads\/2021\/11\/Tour-dItalie-2022-Parcours-et-profil-de-la-9eme-etape.png","width":800,"height":445,"caption":"Tour d'Italie 2022 - Parcours et profil de la 9\u00e8me \u00e9tape"},{"@type":"BreadcrumbList","@id":"https:\/\/dicodusport.fr\/blog\/tour-d-italie-2022-parcours-et-profil-9eme-etape\/#breadcrumb","itemListElement":[{"@type":"ListItem","position":1,"name":"Accueil","item":"https:\/\/dicodusport.fr\/blog\/"},{"@type":"ListItem","position":2,"name":"Tour d&rsquo;Italie 2022 &#8211; Parcours et profil de la 9\u00e8me \u00e9tape"}]},{"@type":"WebSite","@id":"https:\/\/dicodusport.fr\/blog\/#website","url":"https:\/\/dicodusport.fr\/blog\/","name":"Dicodusport","description":"L&#039;encyclop\u00e9die de l&#039;actualit\u00e9 sportive","publisher":{"@id":"https:\/\/dicodusport.fr\/blog\/#organization"},"potentialAction":[{"@type":"SearchAction","target":{"@type":"EntryPoint","urlTemplate":"https:\/\/dicodusport.fr\/blog\/?s={search_term_string}"},"query-input":{"@type":"PropertyValueSpecification","valueRequired":true,"valueName":"search_term_string"}}],"inLanguage":"fr-FR"},{"@type":"NewsMediaOrganization","@id":"https:\/\/dicodusport.fr\/blog\/#organization","name":"Dicodusport","url":"https:\/\/dicodusport.fr\/blog\/","logo":{"@type":"ImageObject","inLanguage":"fr-FR","@id":"https:\/\/dicodusport.fr\/blog\/#\/schema\/logo\/image\/","url":"https:\/\/dicodusport.fr\/blog\/wp-content\/uploads\/2020\/06\/cropped-LOGO-DICODUSPORT-2020-SANS-FOND-SANS-TEXTE.png","contentUrl":"https:\/\/dicodusport.fr\/blog\/wp-content\/uploads\/2020\/06\/cropped-LOGO-DICODUSPORT-2020-SANS-FOND-SANS-TEXTE.png","width":512,"height":512,"caption":"Dicodusport"},"image":{"@id":"https:\/\/dicodusport.fr\/blog\/#\/schema\/logo\/image\/"},"sameAs":["https:\/\/www.facebook.com\/dicodusport","https:\/\/x.com\/dicodusport","https:\/\/www.instagram.com\/dicodusport\/","https:\/\/www.youtube.com\/channel\/UC7V2KZ5sd3htJivAbA4ZG3w"],"description":"Dicodusport est l'encyclop\u00e9die de l'actualit\u00e9 sportive.","email":"bonjour@dicodusport.fr","legalName":"DICODUSPORT","foundingDate":"2018-01-14","vatID":"FR71834470973","taxID":"83447097300043","numberOfEmployees":{"@type":"QuantitativeValue","minValue":"1","maxValue":"10"}},{"@type":"Person","@id":"https:\/\/dicodusport.fr\/blog\/#\/schema\/person\/6db4bae06b171592211be385b32876a7","name":"Emilien Descampiaux","image":{"@type":"ImageObject","inLanguage":"fr-FR","@id":"https:\/\/dicodusport.fr\/blog\/#\/schema\/person\/image\/","url":"https:\/\/dicodusport.fr\/blog\/wp-content\/uploads\/2021\/05\/Emilien-Descampiaux-150x150.jpg","contentUrl":"https:\/\/dicodusport.fr\/blog\/wp-content\/uploads\/2021\/05\/Emilien-Descampiaux-150x150.jpg","caption":"Emilien Descampiaux"},"description":"Journaliste\/r\u00e9dacteur depuis 2014 - Fan de la classe de Frank Vandenbroucke, je vis cyclisme (et de ses paysages) depuis plus de 20 ans. Je suis tr\u00e8s impliqu\u00e9 sur mes diff\u00e9rents r\u00e9seaux sociaux pour partager ma passion sur le monde et l'Histoire de la bicyclette avec ma voix sur les images en noir et blanc du succ\u00e8s de Rik Van Steenbergen lors du Ronde sur le V\u00e9lodrome de Gand.","sameAs":["https:\/\/www.facebook.com\/groups\/LesRoisDuPeloton","https:\/\/x.com\/https:\/\/twitter.com\/LRoisDuPeloton"],"url":"https:\/\/dicodusport.fr\/blog\/author\/emiliend\/"}]}},"_links":{"self":[{"href":"https:\/\/dicodusport.fr\/blog\/wp-json\/wp\/v2\/posts\/179566","targetHints":{"allow":["GET"]}}],"collection":[{"href":"https:\/\/dicodusport.fr\/blog\/wp-json\/wp\/v2\/posts"}],"about":[{"href":"https:\/\/dicodusport.fr\/blog\/wp-json\/wp\/v2\/types\/post"}],"author":[{"embeddable":true,"href":"https:\/\/dicodusport.fr\/blog\/wp-json\/wp\/v2\/users\/48"}],"replies":[{"embeddable":true,"href":"https:\/\/dicodusport.fr\/blog\/wp-json\/wp\/v2\/comments?post=179566"}],"version-history":[{"count":0,"href":"https:\/\/dicodusport.fr\/blog\/wp-json\/wp\/v2\/posts\/179566\/revisions"}],"wp:featuredmedia":[{"embeddable":true,"href":"https:\/\/dicodusport.fr\/blog\/wp-json\/wp\/v2\/media\/223535"}],"wp:attachment":[{"href":"https:\/\/dicodusport.fr\/blog\/wp-json\/wp\/v2\/media?parent=179566"}],"wp:term":[{"taxonomy":"category","embeddable":true,"href":"https:\/\/dicodusport.fr\/blog\/wp-json\/wp\/v2\/categories?post=179566"},{"taxonomy":"post_tag","embeddable":true,"href":"https:\/\/dicodusport.fr\/blog\/wp-json\/wp\/v2\/tags?post=179566"}],"curies":[{"name":"wp","href":"https:\/\/api.w.org\/{rel}","templated":true}]}}