{"id":179673,"date":"2021-11-16T18:33:07","date_gmt":"2021-11-16T17:33:07","guid":{"rendered":"https:\/\/dicodusport.fr\/blog\/?p=179673&#038;preview=true&#038;preview_id=179673"},"modified":"2021-11-16T18:33:07","modified_gmt":"2021-11-16T17:33:07","slug":"ubb-christophe-urios-devrait-prolonger-pour-deux-saisons-supplementaires","status":"publish","type":"post","link":"https:\/\/dicodusport.fr\/blog\/ubb-christophe-urios-devrait-prolonger-pour-deux-saisons-supplementaires\/","title":{"rendered":"UBB : Christophe Urios devrait prolonger pour deux saisons suppl\u00e9mentaires"},"content":{"rendered":"<p style=\"text-align: justify;\"><em><strong>TOP 14 &#8211; Selon nos confr\u00e8res de Midi Olympique, Christophe Urios est bien parti pour prolonger avec l&rsquo;UBB, et ce pour deux saisons suppl\u00e9mentaires.<\/strong><\/em><\/p>\n<p style=\"text-align: justify;\">Incertain sur son avenir il y a encore peu de temps, <strong>Christophe Urios<\/strong> semble d\u00e9sormais sur la voie de la prolongation en Gironde. Li\u00e9 au club bordelo-b\u00e9glais jusqu&rsquo;en juin 2023, l&rsquo;ancien technicien du Castres Olympique, arriv\u00e9 \u00e0 la t\u00eate de l&rsquo;<strong>UBB<\/strong> en 2019, semble garder toute la confiance de Laurent Marti, le pr\u00e9sident du club girondin. Et selon le <a href=\"https:\/\/actu.fr\/sports\/rugby\/top-14\/transfert-le-gros-coup-de-bordeaux-matthieu-jalibert-prolonge-jusqu-en-2025_46031915.html\" target=\"_blank\" rel=\"nofollow noopener\"><em>Midi Olympique<\/em><\/a>, les discussions entre le coach et le boss de l&rsquo;UBB avanceraient dans le bon sens, pour une prolongation de deux saisons suppl\u00e9mentaire, soit jusqu&rsquo;en juin 2025. Un projet sur le long terme donc, et <a href=\"https:\/\/actu.fr\/sports\/rugby\/top-14\/transfert-le-gros-coup-de-bordeaux-matthieu-jalibert-prolonge-jusqu-en-2025_46031915.html\" target=\"_blank\" rel=\"nofollow noopener\">la prolongation de <strong>Matthieu Jalibert<\/strong><\/a>, jusqu&rsquo;en 2025 \u00e9galement, est sans doute un argument de poids pour prolonger <strong>Christophe Urios<\/strong>.<\/p>\n<blockquote class=\"twitter-tweet\">\n<p dir=\"ltr\" lang=\"fr\">Une prolongation de deux ans en vue pour Christophe Urios ? &#8211; <a href=\"https:\/\/t.co\/yNUcFyRt2Y\">https:\/\/t.co\/yNUcFyRt2Y<\/a> <a href=\"https:\/\/t.co\/ptETu2kluA\">pic.twitter.com\/ptETu2kluA<\/a><\/p>\n<p>\u2014 Rugby-Scapulaire.com (@RugbyScapulaire) <a href=\"https:\/\/twitter.com\/RugbyScapulaire\/status\/1460503112511328263?ref_src=twsrc%5Etfw\">November 16, 2021<\/a><\/p><\/blockquote>\n<p><script async src=\"https:\/\/platform.twitter.com\/widgets.js\" charset=\"utf-8\"><\/script><\/p>\n","protected":false},"excerpt":{"rendered":"<p>TOP 14 &#8211; Selon nos confr\u00e8res de Midi Olympique, Christophe Urios est bien parti pour prolonger avec l&rsquo;UBB, et ce pour deux saisons suppl\u00e9mentaires.<\/p>\n","protected":false},"author":4,"featured_media":179680,"comment_status":"open","ping_status":"closed","sticky":false,"template":"","format":"standard","meta":{"_acf_changed":false,"_daextam_enable_autolinks":"","footnotes":""},"categories":[47050],"tags":[10236,111,1567],"class_list":["post-179673","post","type-post","status-publish","format-standard","has-post-thumbnail","hentry","category-top-14","tag-christophe-urios","tag-top-14","tag-ubb"],"acf":[],"yoast_head":"<!-- This site is optimized with the Yoast SEO Premium plugin v26.7 (Yoast SEO v26.7) - https:\/\/yoast.com\/wordpress\/plugins\/seo\/ -->\n<title>UBB : Christophe Urios devrait prolonger pour deux saisons suppl\u00e9mentaires<\/title>\n<meta name=\"description\" content=\"TOP 14 - Selon nos confr\u00e8res de Midi Olympique, Christophe Urios est bien parti pour prolonger avec l&#039;UBB, et ce pour deux saisons suppl\u00e9mentaires.\" \/>\n<meta name=\"robots\" content=\"index, follow, max-snippet:-1, max-image-preview:large, max-video-preview:-1\" \/>\n<link rel=\"canonical\" href=\"https:\/\/dicodusport.fr\/blog\/ubb-christophe-urios-devrait-prolonger-pour-deux-saisons-supplementaires\/\" \/>\n<meta property=\"og:locale\" content=\"fr_FR\" \/>\n<meta property=\"og:type\" content=\"article\" \/>\n<meta property=\"og:title\" content=\"UBB : Christophe Urios devrait prolonger pour deux saisons suppl\u00e9mentaires\" \/>\n<meta property=\"og:description\" content=\"TOP 14 - Selon nos confr\u00e8res de Midi Olympique, Christophe Urios est bien parti pour prolonger avec l&#039;UBB, et ce pour deux saisons suppl\u00e9mentaires.\" \/>\n<meta property=\"og:url\" content=\"https:\/\/dicodusport.fr\/blog\/ubb-christophe-urios-devrait-prolonger-pour-deux-saisons-supplementaires\/\" \/>\n<meta property=\"og:site_name\" content=\"Dicodusport\" \/>\n<meta property=\"article:publisher\" content=\"https:\/\/www.facebook.com\/dicodusport\" \/>\n<meta property=\"article:author\" content=\"https:\/\/www.facebook.com\/florent.ostermann\" \/>\n<meta property=\"article:published_time\" content=\"2021-11-16T17:33:07+00:00\" \/>\n<meta property=\"og:image\" content=\"https:\/\/dicodusport.fr\/blog\/wp-content\/uploads\/2021\/11\/UBB-Christophe-Urios-devrait-prolonger-pour-deux-saisons-supplementaires.png\" \/>\n\t<meta property=\"og:image:width\" content=\"800\" \/>\n\t<meta property=\"og:image:height\" content=\"445\" \/>\n\t<meta property=\"og:image:type\" content=\"image\/png\" \/>\n<meta name=\"author\" content=\"Flo Ostermann\" \/>\n<meta name=\"twitter:card\" content=\"summary_large_image\" \/>\n<meta name=\"twitter:title\" content=\"UBB : Christophe Urios devrait prolonger pour deux saisons suppl\u00e9mentaires\" \/>\n<meta name=\"twitter:creator\" content=\"@https:\/\/twitter.com\/FlOstermann\" \/>\n<meta name=\"twitter:site\" content=\"@dicodusport\" \/>\n<script type=\"application\/ld+json\" class=\"yoast-schema-graph\">{\"@context\":\"https:\/\/schema.org\",\"@graph\":[{\"@type\":\"NewsArticle\",\"@id\":\"https:\/\/dicodusport.fr\/blog\/ubb-christophe-urios-devrait-prolonger-pour-deux-saisons-supplementaires\/#article\",\"isPartOf\":{\"@id\":\"https:\/\/dicodusport.fr\/blog\/ubb-christophe-urios-devrait-prolonger-pour-deux-saisons-supplementaires\/\"},\"author\":{\"name\":\"Flo Ostermann\",\"@id\":\"https:\/\/dicodusport.fr\/blog\/#\/schema\/person\/cb02af4c173ce4a653b55e9baf388d4a\"},\"headline\":\"UBB : Christophe Urios devrait prolonger pour deux saisons suppl\u00e9mentaires\",\"datePublished\":\"2021-11-16T17:33:07+00:00\",\"mainEntityOfPage\":{\"@id\":\"https:\/\/dicodusport.fr\/blog\/ubb-christophe-urios-devrait-prolonger-pour-deux-saisons-supplementaires\/\"},\"wordCount\":181,\"commentCount\":0,\"publisher\":{\"@id\":\"https:\/\/dicodusport.fr\/blog\/#organization\"},\"image\":{\"@id\":\"https:\/\/dicodusport.fr\/blog\/ubb-christophe-urios-devrait-prolonger-pour-deux-saisons-supplementaires\/#primaryimage\"},\"thumbnailUrl\":\"https:\/\/dicodusport.fr\/blog\/wp-content\/uploads\/2021\/11\/UBB-Christophe-Urios-devrait-prolonger-pour-deux-saisons-supplementaires.png\",\"keywords\":[\"Christophe Urios\",\"Top 14\",\"UBB\"],\"articleSection\":[\"Top 14\"],\"inLanguage\":\"fr-FR\",\"potentialAction\":[{\"@type\":\"CommentAction\",\"name\":\"Comment\",\"target\":[\"https:\/\/dicodusport.fr\/blog\/ubb-christophe-urios-devrait-prolonger-pour-deux-saisons-supplementaires\/#respond\"]}],\"copyrightYear\":\"2021\",\"copyrightHolder\":{\"@id\":\"https:\/\/dicodusport.fr\/blog\/#organization\"}},{\"@type\":\"WebPage\",\"@id\":\"https:\/\/dicodusport.fr\/blog\/ubb-christophe-urios-devrait-prolonger-pour-deux-saisons-supplementaires\/\",\"url\":\"https:\/\/dicodusport.fr\/blog\/ubb-christophe-urios-devrait-prolonger-pour-deux-saisons-supplementaires\/\",\"name\":\"UBB : Christophe Urios devrait prolonger pour deux saisons suppl\u00e9mentaires\",\"isPartOf\":{\"@id\":\"https:\/\/dicodusport.fr\/blog\/#website\"},\"primaryImageOfPage\":{\"@id\":\"https:\/\/dicodusport.fr\/blog\/ubb-christophe-urios-devrait-prolonger-pour-deux-saisons-supplementaires\/#primaryimage\"},\"image\":{\"@id\":\"https:\/\/dicodusport.fr\/blog\/ubb-christophe-urios-devrait-prolonger-pour-deux-saisons-supplementaires\/#primaryimage\"},\"thumbnailUrl\":\"https:\/\/dicodusport.fr\/blog\/wp-content\/uploads\/2021\/11\/UBB-Christophe-Urios-devrait-prolonger-pour-deux-saisons-supplementaires.png\",\"datePublished\":\"2021-11-16T17:33:07+00:00\",\"description\":\"TOP 14 - Selon nos confr\u00e8res de Midi Olympique, Christophe Urios est bien parti pour prolonger avec l'UBB, et ce pour deux saisons suppl\u00e9mentaires.\",\"breadcrumb\":{\"@id\":\"https:\/\/dicodusport.fr\/blog\/ubb-christophe-urios-devrait-prolonger-pour-deux-saisons-supplementaires\/#breadcrumb\"},\"inLanguage\":\"fr-FR\",\"potentialAction\":[{\"@type\":\"ReadAction\",\"target\":[\"https:\/\/dicodusport.fr\/blog\/ubb-christophe-urios-devrait-prolonger-pour-deux-saisons-supplementaires\/\"]}]},{\"@type\":\"ImageObject\",\"inLanguage\":\"fr-FR\",\"@id\":\"https:\/\/dicodusport.fr\/blog\/ubb-christophe-urios-devrait-prolonger-pour-deux-saisons-supplementaires\/#primaryimage\",\"url\":\"https:\/\/dicodusport.fr\/blog\/wp-content\/uploads\/2021\/11\/UBB-Christophe-Urios-devrait-prolonger-pour-deux-saisons-supplementaires.png\",\"contentUrl\":\"https:\/\/dicodusport.fr\/blog\/wp-content\/uploads\/2021\/11\/UBB-Christophe-Urios-devrait-prolonger-pour-deux-saisons-supplementaires.png\",\"width\":800,\"height\":445,\"caption\":\"UBB Christophe Urios devrait prolonger pour deux saisons suppl\u00e9mentaires\"},{\"@type\":\"BreadcrumbList\",\"@id\":\"https:\/\/dicodusport.fr\/blog\/ubb-christophe-urios-devrait-prolonger-pour-deux-saisons-supplementaires\/#breadcrumb\",\"itemListElement\":[{\"@type\":\"ListItem\",\"position\":1,\"name\":\"Accueil\",\"item\":\"https:\/\/dicodusport.fr\/blog\/\"},{\"@type\":\"ListItem\",\"position\":2,\"name\":\"UBB : Christophe Urios devrait prolonger pour deux saisons suppl\u00e9mentaires\"}]},{\"@type\":\"WebSite\",\"@id\":\"https:\/\/dicodusport.fr\/blog\/#website\",\"url\":\"https:\/\/dicodusport.fr\/blog\/\",\"name\":\"Dicodusport\",\"description\":\"L&#039;encyclop\u00e9die de l&#039;actualit\u00e9 sportive\",\"publisher\":{\"@id\":\"https:\/\/dicodusport.fr\/blog\/#organization\"},\"potentialAction\":[{\"@type\":\"SearchAction\",\"target\":{\"@type\":\"EntryPoint\",\"urlTemplate\":\"https:\/\/dicodusport.fr\/blog\/?s={search_term_string}\"},\"query-input\":{\"@type\":\"PropertyValueSpecification\",\"valueRequired\":true,\"valueName\":\"search_term_string\"}}],\"inLanguage\":\"fr-FR\"},{\"@type\":\"NewsMediaOrganization\",\"@id\":\"https:\/\/dicodusport.fr\/blog\/#organization\",\"name\":\"Dicodusport\",\"url\":\"https:\/\/dicodusport.fr\/blog\/\",\"logo\":{\"@type\":\"ImageObject\",\"inLanguage\":\"fr-FR\",\"@id\":\"https:\/\/dicodusport.fr\/blog\/#\/schema\/logo\/image\/\",\"url\":\"https:\/\/dicodusport.fr\/blog\/wp-content\/uploads\/2020\/06\/cropped-LOGO-DICODUSPORT-2020-SANS-FOND-SANS-TEXTE.png\",\"contentUrl\":\"https:\/\/dicodusport.fr\/blog\/wp-content\/uploads\/2020\/06\/cropped-LOGO-DICODUSPORT-2020-SANS-FOND-SANS-TEXTE.png\",\"width\":512,\"height\":512,\"caption\":\"Dicodusport\"},\"image\":{\"@id\":\"https:\/\/dicodusport.fr\/blog\/#\/schema\/logo\/image\/\"},\"sameAs\":[\"https:\/\/www.facebook.com\/dicodusport\",\"https:\/\/x.com\/dicodusport\",\"https:\/\/www.instagram.com\/dicodusport\/\",\"https:\/\/www.youtube.com\/channel\/UC7V2KZ5sd3htJivAbA4ZG3w\"],\"description\":\"Dicodusport est l'encyclop\u00e9die de l'actualit\u00e9 sportive.\",\"email\":\"bonjour@dicodusport.fr\",\"legalName\":\"DICODUSPORT\",\"foundingDate\":\"2018-01-14\",\"vatID\":\"FR71834470973\",\"taxID\":\"83447097300043\",\"numberOfEmployees\":{\"@type\":\"QuantitativeValue\",\"minValue\":\"1\",\"maxValue\":\"10\"}},{\"@type\":\"Person\",\"@id\":\"https:\/\/dicodusport.fr\/blog\/#\/schema\/person\/cb02af4c173ce4a653b55e9baf388d4a\",\"name\":\"Flo Ostermann\",\"image\":{\"@type\":\"ImageObject\",\"inLanguage\":\"fr-FR\",\"@id\":\"https:\/\/dicodusport.fr\/blog\/#\/schema\/person\/image\/\",\"url\":\"https:\/\/dicodusport.fr\/blog\/wp-content\/uploads\/2021\/05\/Flo-Ostermann-150x150.jpg\",\"contentUrl\":\"https:\/\/dicodusport.fr\/blog\/wp-content\/uploads\/2021\/05\/Flo-Ostermann-150x150.jpg\",\"caption\":\"Flo Ostermann\"},\"description\":\"Journaliste\/R\u00e9dacteur depuis septembre 2015 - Mes premiers souvenirs dans le sport ? Les envol\u00e9es du Stade Toulousain et les duels Villeneuve-Schumacher et H\u00e4kkinen-Schumacher \u00e0 la fin des ann\u00e9es 90, la Coupe du monde de football en 1998, l\u2019exploit du XV de France face aux All Blacks en 1999, mais aussi Richard C\u0153ur de Lion qui vole sur les montagnes du Tour de France. Bien parti pour devenir professeur d\u2019EPS, les \u00e9v\u00e9nements de la vie (et la flemme d\u2019animer des s\u00e9ances de 3x500 m\u00e8tres toute ma vie) m\u2019ont conduit \u00e0 revoir mes plans. Me voil\u00e0 depuis fin 2017 sur Dicodusport, m\u00e9dia gr\u00e2ce (et pour) lequel je partage ma passion : le sport dans tous ses \u00e9tats. Le tout accompagn\u00e9 par les fous furieux et folles furieuses cit\u00e9s sur cette page !\",\"sameAs\":[\"https:\/\/www.facebook.com\/florent.ostermann\",\"https:\/\/x.com\/https:\/\/twitter.com\/FlOstermann\",\"admin\"],\"url\":\"https:\/\/dicodusport.fr\/blog\/author\/flo\/\"}]}<\/script>\n<!-- \/ Yoast SEO Premium plugin. -->","yoast_head_json":{"title":"UBB : Christophe Urios devrait prolonger pour deux saisons suppl\u00e9mentaires","description":"TOP 14 - Selon nos confr\u00e8res de Midi Olympique, Christophe Urios est bien parti pour prolonger avec l'UBB, et ce pour deux saisons suppl\u00e9mentaires.","robots":{"index":"index","follow":"follow","max-snippet":"max-snippet:-1","max-image-preview":"max-image-preview:large","max-video-preview":"max-video-preview:-1"},"canonical":"https:\/\/dicodusport.fr\/blog\/ubb-christophe-urios-devrait-prolonger-pour-deux-saisons-supplementaires\/","og_locale":"fr_FR","og_type":"article","og_title":"UBB : Christophe Urios devrait prolonger pour deux saisons suppl\u00e9mentaires","og_description":"TOP 14 - Selon nos confr\u00e8res de Midi Olympique, Christophe Urios est bien parti pour prolonger avec l'UBB, et ce pour deux saisons suppl\u00e9mentaires.","og_url":"https:\/\/dicodusport.fr\/blog\/ubb-christophe-urios-devrait-prolonger-pour-deux-saisons-supplementaires\/","og_site_name":"Dicodusport","article_publisher":"https:\/\/www.facebook.com\/dicodusport","article_author":"https:\/\/www.facebook.com\/florent.ostermann","article_published_time":"2021-11-16T17:33:07+00:00","og_image":[{"width":800,"height":445,"url":"https:\/\/dicodusport.fr\/blog\/wp-content\/uploads\/2021\/11\/UBB-Christophe-Urios-devrait-prolonger-pour-deux-saisons-supplementaires.png","type":"image\/png"}],"author":"Flo Ostermann","twitter_card":"summary_large_image","twitter_title":"UBB : Christophe Urios devrait prolonger pour deux saisons suppl\u00e9mentaires","twitter_creator":"@https:\/\/twitter.com\/FlOstermann","twitter_site":"@dicodusport","schema":{"@context":"https:\/\/schema.org","@graph":[{"@type":"NewsArticle","@id":"https:\/\/dicodusport.fr\/blog\/ubb-christophe-urios-devrait-prolonger-pour-deux-saisons-supplementaires\/#article","isPartOf":{"@id":"https:\/\/dicodusport.fr\/blog\/ubb-christophe-urios-devrait-prolonger-pour-deux-saisons-supplementaires\/"},"author":{"name":"Flo Ostermann","@id":"https:\/\/dicodusport.fr\/blog\/#\/schema\/person\/cb02af4c173ce4a653b55e9baf388d4a"},"headline":"UBB : Christophe Urios devrait prolonger pour deux saisons suppl\u00e9mentaires","datePublished":"2021-11-16T17:33:07+00:00","mainEntityOfPage":{"@id":"https:\/\/dicodusport.fr\/blog\/ubb-christophe-urios-devrait-prolonger-pour-deux-saisons-supplementaires\/"},"wordCount":181,"commentCount":0,"publisher":{"@id":"https:\/\/dicodusport.fr\/blog\/#organization"},"image":{"@id":"https:\/\/dicodusport.fr\/blog\/ubb-christophe-urios-devrait-prolonger-pour-deux-saisons-supplementaires\/#primaryimage"},"thumbnailUrl":"https:\/\/dicodusport.fr\/blog\/wp-content\/uploads\/2021\/11\/UBB-Christophe-Urios-devrait-prolonger-pour-deux-saisons-supplementaires.png","keywords":["Christophe Urios","Top 14","UBB"],"articleSection":["Top 14"],"inLanguage":"fr-FR","potentialAction":[{"@type":"CommentAction","name":"Comment","target":["https:\/\/dicodusport.fr\/blog\/ubb-christophe-urios-devrait-prolonger-pour-deux-saisons-supplementaires\/#respond"]}],"copyrightYear":"2021","copyrightHolder":{"@id":"https:\/\/dicodusport.fr\/blog\/#organization"}},{"@type":"WebPage","@id":"https:\/\/dicodusport.fr\/blog\/ubb-christophe-urios-devrait-prolonger-pour-deux-saisons-supplementaires\/","url":"https:\/\/dicodusport.fr\/blog\/ubb-christophe-urios-devrait-prolonger-pour-deux-saisons-supplementaires\/","name":"UBB : Christophe Urios devrait prolonger pour deux saisons suppl\u00e9mentaires","isPartOf":{"@id":"https:\/\/dicodusport.fr\/blog\/#website"},"primaryImageOfPage":{"@id":"https:\/\/dicodusport.fr\/blog\/ubb-christophe-urios-devrait-prolonger-pour-deux-saisons-supplementaires\/#primaryimage"},"image":{"@id":"https:\/\/dicodusport.fr\/blog\/ubb-christophe-urios-devrait-prolonger-pour-deux-saisons-supplementaires\/#primaryimage"},"thumbnailUrl":"https:\/\/dicodusport.fr\/blog\/wp-content\/uploads\/2021\/11\/UBB-Christophe-Urios-devrait-prolonger-pour-deux-saisons-supplementaires.png","datePublished":"2021-11-16T17:33:07+00:00","description":"TOP 14 - Selon nos confr\u00e8res de Midi Olympique, Christophe Urios est bien parti pour prolonger avec l'UBB, et ce pour deux saisons suppl\u00e9mentaires.","breadcrumb":{"@id":"https:\/\/dicodusport.fr\/blog\/ubb-christophe-urios-devrait-prolonger-pour-deux-saisons-supplementaires\/#breadcrumb"},"inLanguage":"fr-FR","potentialAction":[{"@type":"ReadAction","target":["https:\/\/dicodusport.fr\/blog\/ubb-christophe-urios-devrait-prolonger-pour-deux-saisons-supplementaires\/"]}]},{"@type":"ImageObject","inLanguage":"fr-FR","@id":"https:\/\/dicodusport.fr\/blog\/ubb-christophe-urios-devrait-prolonger-pour-deux-saisons-supplementaires\/#primaryimage","url":"https:\/\/dicodusport.fr\/blog\/wp-content\/uploads\/2021\/11\/UBB-Christophe-Urios-devrait-prolonger-pour-deux-saisons-supplementaires.png","contentUrl":"https:\/\/dicodusport.fr\/blog\/wp-content\/uploads\/2021\/11\/UBB-Christophe-Urios-devrait-prolonger-pour-deux-saisons-supplementaires.png","width":800,"height":445,"caption":"UBB Christophe Urios devrait prolonger pour deux saisons suppl\u00e9mentaires"},{"@type":"BreadcrumbList","@id":"https:\/\/dicodusport.fr\/blog\/ubb-christophe-urios-devrait-prolonger-pour-deux-saisons-supplementaires\/#breadcrumb","itemListElement":[{"@type":"ListItem","position":1,"name":"Accueil","item":"https:\/\/dicodusport.fr\/blog\/"},{"@type":"ListItem","position":2,"name":"UBB : Christophe Urios devrait prolonger pour deux saisons suppl\u00e9mentaires"}]},{"@type":"WebSite","@id":"https:\/\/dicodusport.fr\/blog\/#website","url":"https:\/\/dicodusport.fr\/blog\/","name":"Dicodusport","description":"L&#039;encyclop\u00e9die de l&#039;actualit\u00e9 sportive","publisher":{"@id":"https:\/\/dicodusport.fr\/blog\/#organization"},"potentialAction":[{"@type":"SearchAction","target":{"@type":"EntryPoint","urlTemplate":"https:\/\/dicodusport.fr\/blog\/?s={search_term_string}"},"query-input":{"@type":"PropertyValueSpecification","valueRequired":true,"valueName":"search_term_string"}}],"inLanguage":"fr-FR"},{"@type":"NewsMediaOrganization","@id":"https:\/\/dicodusport.fr\/blog\/#organization","name":"Dicodusport","url":"https:\/\/dicodusport.fr\/blog\/","logo":{"@type":"ImageObject","inLanguage":"fr-FR","@id":"https:\/\/dicodusport.fr\/blog\/#\/schema\/logo\/image\/","url":"https:\/\/dicodusport.fr\/blog\/wp-content\/uploads\/2020\/06\/cropped-LOGO-DICODUSPORT-2020-SANS-FOND-SANS-TEXTE.png","contentUrl":"https:\/\/dicodusport.fr\/blog\/wp-content\/uploads\/2020\/06\/cropped-LOGO-DICODUSPORT-2020-SANS-FOND-SANS-TEXTE.png","width":512,"height":512,"caption":"Dicodusport"},"image":{"@id":"https:\/\/dicodusport.fr\/blog\/#\/schema\/logo\/image\/"},"sameAs":["https:\/\/www.facebook.com\/dicodusport","https:\/\/x.com\/dicodusport","https:\/\/www.instagram.com\/dicodusport\/","https:\/\/www.youtube.com\/channel\/UC7V2KZ5sd3htJivAbA4ZG3w"],"description":"Dicodusport est l'encyclop\u00e9die de l'actualit\u00e9 sportive.","email":"bonjour@dicodusport.fr","legalName":"DICODUSPORT","foundingDate":"2018-01-14","vatID":"FR71834470973","taxID":"83447097300043","numberOfEmployees":{"@type":"QuantitativeValue","minValue":"1","maxValue":"10"}},{"@type":"Person","@id":"https:\/\/dicodusport.fr\/blog\/#\/schema\/person\/cb02af4c173ce4a653b55e9baf388d4a","name":"Flo Ostermann","image":{"@type":"ImageObject","inLanguage":"fr-FR","@id":"https:\/\/dicodusport.fr\/blog\/#\/schema\/person\/image\/","url":"https:\/\/dicodusport.fr\/blog\/wp-content\/uploads\/2021\/05\/Flo-Ostermann-150x150.jpg","contentUrl":"https:\/\/dicodusport.fr\/blog\/wp-content\/uploads\/2021\/05\/Flo-Ostermann-150x150.jpg","caption":"Flo Ostermann"},"description":"Journaliste\/R\u00e9dacteur depuis septembre 2015 - Mes premiers souvenirs dans le sport ? Les envol\u00e9es du Stade Toulousain et les duels Villeneuve-Schumacher et H\u00e4kkinen-Schumacher \u00e0 la fin des ann\u00e9es 90, la Coupe du monde de football en 1998, l\u2019exploit du XV de France face aux All Blacks en 1999, mais aussi Richard C\u0153ur de Lion qui vole sur les montagnes du Tour de France. Bien parti pour devenir professeur d\u2019EPS, les \u00e9v\u00e9nements de la vie (et la flemme d\u2019animer des s\u00e9ances de 3x500 m\u00e8tres toute ma vie) m\u2019ont conduit \u00e0 revoir mes plans. Me voil\u00e0 depuis fin 2017 sur Dicodusport, m\u00e9dia gr\u00e2ce (et pour) lequel je partage ma passion : le sport dans tous ses \u00e9tats. Le tout accompagn\u00e9 par les fous furieux et folles furieuses cit\u00e9s sur cette page !","sameAs":["https:\/\/www.facebook.com\/florent.ostermann","https:\/\/x.com\/https:\/\/twitter.com\/FlOstermann","admin"],"url":"https:\/\/dicodusport.fr\/blog\/author\/flo\/"}]}},"_links":{"self":[{"href":"https:\/\/dicodusport.fr\/blog\/wp-json\/wp\/v2\/posts\/179673","targetHints":{"allow":["GET"]}}],"collection":[{"href":"https:\/\/dicodusport.fr\/blog\/wp-json\/wp\/v2\/posts"}],"about":[{"href":"https:\/\/dicodusport.fr\/blog\/wp-json\/wp\/v2\/types\/post"}],"author":[{"embeddable":true,"href":"https:\/\/dicodusport.fr\/blog\/wp-json\/wp\/v2\/users\/4"}],"replies":[{"embeddable":true,"href":"https:\/\/dicodusport.fr\/blog\/wp-json\/wp\/v2\/comments?post=179673"}],"version-history":[{"count":0,"href":"https:\/\/dicodusport.fr\/blog\/wp-json\/wp\/v2\/posts\/179673\/revisions"}],"wp:featuredmedia":[{"embeddable":true,"href":"https:\/\/dicodusport.fr\/blog\/wp-json\/wp\/v2\/media\/179680"}],"wp:attachment":[{"href":"https:\/\/dicodusport.fr\/blog\/wp-json\/wp\/v2\/media?parent=179673"}],"wp:term":[{"taxonomy":"category","embeddable":true,"href":"https:\/\/dicodusport.fr\/blog\/wp-json\/wp\/v2\/categories?post=179673"},{"taxonomy":"post_tag","embeddable":true,"href":"https:\/\/dicodusport.fr\/blog\/wp-json\/wp\/v2\/tags?post=179673"}],"curies":[{"name":"wp","href":"https:\/\/api.w.org\/{rel}","templated":true}]}}