{"id":17978,"date":"2018-05-08T14:16:26","date_gmt":"2018-05-08T12:16:26","guid":{"rendered":"http:\/\/dicodusport.fr\/blog\/?p=17978"},"modified":"2018-05-08T14:23:15","modified_gmt":"2018-05-08T12:23:15","slug":"internationaux-de-strasbourg-du-bleu-blanc-rouge-sur-les-courts","status":"publish","type":"post","link":"https:\/\/dicodusport.fr\/blog\/internationaux-de-strasbourg-du-bleu-blanc-rouge-sur-les-courts\/","title":{"rendered":"Internationaux de Strasbourg : du bleu blanc rouge sur les courts"},"content":{"rendered":"<p style=\"text-align: justify;\"><strong><em>Quatre joueuses fran\u00e7aises seront pr\u00e9sentes au premier tour des Internationaux de Strasbourg qui auront lieu du 18 au 26 mai prochain.<\/em>\u00a0<\/strong><\/p>\n<p style=\"text-align: justify;\">Le tournoi f\u00e9minin de\u00a0Strasbourg\u00a0a d&rsquo;ores et d\u00e9j\u00e0 attribu\u00e9 trois de ses invitations \u00e0 trois joueuses fran\u00e7aises. En effet, les organisateurs ont pu annoncer la pr\u00e9sence de Pauline Parmentier, Amandine Hesse et Myrtille Georges.<\/p>\n<h4>Pauline Parmentier, l&rsquo;attraction fran\u00e7aise<\/h4>\n<p style=\"text-align: justify;\">Pauline Parmentier (75\u00e8me mondiale), membre de l&rsquo;\u00e9quipe de France de Fed Cup, retrouvera les courts du Wacken pour la 12\u00e8me fois de sa carri\u00e8re. Celle qui vient de remporter son troisi\u00e8me titre WTA \u00e0 Istanbul, sera l&rsquo;attraction fran\u00e7aise avec <a href=\"https:\/\/dicodusport.fr\/blog\/internationaux-de-strasbourg-beau-monde-prevision-sur-les-courts\/\">Aliz\u00e9 Cornet<\/a>.\u00a0De son c\u00f4t\u00e9, Amandine Hesse (195\u00e8me), co\u00e9quipi\u00e8re de Parmentier en Fed Cup, reviendra en Alsace pour tenter d\u2019aller plus loin que le stade des huiti\u00e8mes de finale (en 2017). Enfin, il faut souligner la participation de Myrtille Georges, 191\u00e8me mondiale, qui reviendra au TC Strasbourg pour la cinqui\u00e8me fois.<\/p>\n<p style=\"text-align: justify;\">Apr\u00e8s ses trois premi\u00e8res invitations, les organisateurs surveilleront ainsi attentivement les premiers tours \u00e0 Rome pour pourquoi pas, r\u00e9cup\u00e9rer une joueuse en perte de confiance avant Roland-Garros.<\/p>\n<p><strong><em>Tristan Mieger<br \/>\n<a href=\"https:\/\/twitter.com\/llodra67?lang=fr\" target=\"_blank\" rel=\"noopener\"><img loading=\"lazy\" decoding=\"async\" class=\"alignnone wp-image-2908 size-full\" src=\"http:\/\/dicodusport.fr\/blog\/wp-content\/uploads\/2017\/07\/logo-twitter-e1516110106986.png\" alt=\"\" width=\"39\" height=\"39\" \/><\/a><\/em><\/strong><\/p>\n","protected":false},"excerpt":{"rendered":"<p>Quatre joueuses fran\u00e7aises, dont Pauline Parmentier, seront pr\u00e9sentes au premier tour des Internationaux de Strasbourg qui auront lieu du 18 au 26 mai prochain. <\/p>\n","protected":false},"author":6,"featured_media":17985,"comment_status":"open","ping_status":"closed","sticky":false,"template":"","format":"standard","meta":{"_acf_changed":false,"_daextam_enable_autolinks":"","footnotes":""},"categories":[2,2365,2302],"tags":[4785,3759,136],"class_list":["post-17978","post","type-post","status-publish","format-standard","has-post-thumbnail","hentry","category-actualites","category-sports-de-raquette","category-tennis","tag-alize-cornet","tag-pauline-parmentier","tag-tennis"],"acf":[],"yoast_head":"<!-- This site is optimized with the Yoast SEO Premium plugin v26.7 (Yoast SEO v26.7) - https:\/\/yoast.com\/wordpress\/plugins\/seo\/ -->\n<title>Internationaux de Strasbourg : du bleu blanc rouge sur les courts<\/title>\n<meta name=\"description\" content=\"Quatre joueuses fran\u00e7aises, dont Pauline Parmentier, seront pr\u00e9sentes au premier tour des Internationaux de Strasbourg qui auront lieu du 18 au 26 mai prochain. \u00a0\" \/>\n<meta name=\"robots\" content=\"index, follow, max-snippet:-1, max-image-preview:large, max-video-preview:-1\" \/>\n<link rel=\"canonical\" href=\"https:\/\/dicodusport.fr\/blog\/internationaux-de-strasbourg-du-bleu-blanc-rouge-sur-les-courts\/\" \/>\n<meta property=\"og:locale\" content=\"fr_FR\" \/>\n<meta property=\"og:type\" content=\"article\" \/>\n<meta property=\"og:title\" content=\"Internationaux de Strasbourg : du bleu blanc rouge sur les courts\" \/>\n<meta property=\"og:description\" content=\"Quatre joueuses fran\u00e7aises, dont Pauline Parmentier, seront pr\u00e9sentes au premier tour des Internationaux de Strasbourg qui auront lieu du 18 au 26 mai prochain. \u00a0\" \/>\n<meta property=\"og:url\" content=\"https:\/\/dicodusport.fr\/blog\/internationaux-de-strasbourg-du-bleu-blanc-rouge-sur-les-courts\/\" \/>\n<meta property=\"og:site_name\" content=\"Dicodusport\" \/>\n<meta property=\"article:publisher\" content=\"https:\/\/www.facebook.com\/dicodusport\" \/>\n<meta property=\"article:published_time\" content=\"2018-05-08T12:16:26+00:00\" \/>\n<meta property=\"article:modified_time\" content=\"2018-05-08T12:23:15+00:00\" \/>\n<meta property=\"og:image\" content=\"https:\/\/dicodusport.fr\/blog\/wp-content\/uploads\/2018\/05\/Internationaux-de-Strasbourg-Parmentier.png\" \/>\n\t<meta property=\"og:image:width\" content=\"800\" \/>\n\t<meta property=\"og:image:height\" content=\"445\" \/>\n\t<meta property=\"og:image:type\" content=\"image\/png\" \/>\n<meta name=\"author\" content=\"Tristan\" \/>\n<meta name=\"twitter:card\" content=\"summary_large_image\" \/>\n<meta name=\"twitter:creator\" content=\"@dicodusport\" \/>\n<meta name=\"twitter:site\" content=\"@dicodusport\" \/>\n<script type=\"application\/ld+json\" class=\"yoast-schema-graph\">{\"@context\":\"https:\/\/schema.org\",\"@graph\":[{\"@type\":\"NewsArticle\",\"@id\":\"https:\/\/dicodusport.fr\/blog\/internationaux-de-strasbourg-du-bleu-blanc-rouge-sur-les-courts\/#article\",\"isPartOf\":{\"@id\":\"https:\/\/dicodusport.fr\/blog\/internationaux-de-strasbourg-du-bleu-blanc-rouge-sur-les-courts\/\"},\"author\":{\"name\":\"Tristan\",\"@id\":\"https:\/\/dicodusport.fr\/blog\/#\/schema\/person\/70c332124679336c1a1a6ec090e8a904\"},\"headline\":\"Internationaux de Strasbourg : du bleu blanc rouge sur les courts\",\"datePublished\":\"2018-05-08T12:16:26+00:00\",\"dateModified\":\"2018-05-08T12:23:15+00:00\",\"mainEntityOfPage\":{\"@id\":\"https:\/\/dicodusport.fr\/blog\/internationaux-de-strasbourg-du-bleu-blanc-rouge-sur-les-courts\/\"},\"wordCount\":207,\"commentCount\":0,\"publisher\":{\"@id\":\"https:\/\/dicodusport.fr\/blog\/#organization\"},\"image\":{\"@id\":\"https:\/\/dicodusport.fr\/blog\/internationaux-de-strasbourg-du-bleu-blanc-rouge-sur-les-courts\/#primaryimage\"},\"thumbnailUrl\":\"https:\/\/dicodusport.fr\/blog\/wp-content\/uploads\/2018\/05\/Internationaux-de-Strasbourg-Parmentier.png\",\"keywords\":[\"Aliz\u00e9 Cornet\",\"Pauline Parmentier\",\"Tennis\"],\"articleSection\":[\"Actualit\u00e9s\",\"Sports de raquette\",\"Tennis\"],\"inLanguage\":\"fr-FR\",\"potentialAction\":[{\"@type\":\"CommentAction\",\"name\":\"Comment\",\"target\":[\"https:\/\/dicodusport.fr\/blog\/internationaux-de-strasbourg-du-bleu-blanc-rouge-sur-les-courts\/#respond\"]}],\"copyrightYear\":\"2018\",\"copyrightHolder\":{\"@id\":\"https:\/\/dicodusport.fr\/blog\/#organization\"}},{\"@type\":\"WebPage\",\"@id\":\"https:\/\/dicodusport.fr\/blog\/internationaux-de-strasbourg-du-bleu-blanc-rouge-sur-les-courts\/\",\"url\":\"https:\/\/dicodusport.fr\/blog\/internationaux-de-strasbourg-du-bleu-blanc-rouge-sur-les-courts\/\",\"name\":\"Internationaux de Strasbourg : du bleu blanc rouge sur les courts\",\"isPartOf\":{\"@id\":\"https:\/\/dicodusport.fr\/blog\/#website\"},\"primaryImageOfPage\":{\"@id\":\"https:\/\/dicodusport.fr\/blog\/internationaux-de-strasbourg-du-bleu-blanc-rouge-sur-les-courts\/#primaryimage\"},\"image\":{\"@id\":\"https:\/\/dicodusport.fr\/blog\/internationaux-de-strasbourg-du-bleu-blanc-rouge-sur-les-courts\/#primaryimage\"},\"thumbnailUrl\":\"https:\/\/dicodusport.fr\/blog\/wp-content\/uploads\/2018\/05\/Internationaux-de-Strasbourg-Parmentier.png\",\"datePublished\":\"2018-05-08T12:16:26+00:00\",\"dateModified\":\"2018-05-08T12:23:15+00:00\",\"description\":\"Quatre joueuses fran\u00e7aises, dont Pauline Parmentier, seront pr\u00e9sentes au premier tour des Internationaux de Strasbourg qui auront lieu du 18 au 26 mai prochain. \u00a0\",\"breadcrumb\":{\"@id\":\"https:\/\/dicodusport.fr\/blog\/internationaux-de-strasbourg-du-bleu-blanc-rouge-sur-les-courts\/#breadcrumb\"},\"inLanguage\":\"fr-FR\",\"potentialAction\":[{\"@type\":\"ReadAction\",\"target\":[\"https:\/\/dicodusport.fr\/blog\/internationaux-de-strasbourg-du-bleu-blanc-rouge-sur-les-courts\/\"]}]},{\"@type\":\"ImageObject\",\"inLanguage\":\"fr-FR\",\"@id\":\"https:\/\/dicodusport.fr\/blog\/internationaux-de-strasbourg-du-bleu-blanc-rouge-sur-les-courts\/#primaryimage\",\"url\":\"https:\/\/dicodusport.fr\/blog\/wp-content\/uploads\/2018\/05\/Internationaux-de-Strasbourg-Parmentier.png\",\"contentUrl\":\"https:\/\/dicodusport.fr\/blog\/wp-content\/uploads\/2018\/05\/Internationaux-de-Strasbourg-Parmentier.png\",\"width\":800,\"height\":445},{\"@type\":\"BreadcrumbList\",\"@id\":\"https:\/\/dicodusport.fr\/blog\/internationaux-de-strasbourg-du-bleu-blanc-rouge-sur-les-courts\/#breadcrumb\",\"itemListElement\":[{\"@type\":\"ListItem\",\"position\":1,\"name\":\"Accueil\",\"item\":\"https:\/\/dicodusport.fr\/blog\/\"},{\"@type\":\"ListItem\",\"position\":2,\"name\":\"Internationaux de Strasbourg : du bleu blanc rouge sur les courts\"}]},{\"@type\":\"WebSite\",\"@id\":\"https:\/\/dicodusport.fr\/blog\/#website\",\"url\":\"https:\/\/dicodusport.fr\/blog\/\",\"name\":\"Dicodusport\",\"description\":\"L&#039;encyclop\u00e9die de l&#039;actualit\u00e9 sportive\",\"publisher\":{\"@id\":\"https:\/\/dicodusport.fr\/blog\/#organization\"},\"potentialAction\":[{\"@type\":\"SearchAction\",\"target\":{\"@type\":\"EntryPoint\",\"urlTemplate\":\"https:\/\/dicodusport.fr\/blog\/?s={search_term_string}\"},\"query-input\":{\"@type\":\"PropertyValueSpecification\",\"valueRequired\":true,\"valueName\":\"search_term_string\"}}],\"inLanguage\":\"fr-FR\"},{\"@type\":\"NewsMediaOrganization\",\"@id\":\"https:\/\/dicodusport.fr\/blog\/#organization\",\"name\":\"Dicodusport\",\"url\":\"https:\/\/dicodusport.fr\/blog\/\",\"logo\":{\"@type\":\"ImageObject\",\"inLanguage\":\"fr-FR\",\"@id\":\"https:\/\/dicodusport.fr\/blog\/#\/schema\/logo\/image\/\",\"url\":\"https:\/\/dicodusport.fr\/blog\/wp-content\/uploads\/2020\/06\/cropped-LOGO-DICODUSPORT-2020-SANS-FOND-SANS-TEXTE.png\",\"contentUrl\":\"https:\/\/dicodusport.fr\/blog\/wp-content\/uploads\/2020\/06\/cropped-LOGO-DICODUSPORT-2020-SANS-FOND-SANS-TEXTE.png\",\"width\":512,\"height\":512,\"caption\":\"Dicodusport\"},\"image\":{\"@id\":\"https:\/\/dicodusport.fr\/blog\/#\/schema\/logo\/image\/\"},\"sameAs\":[\"https:\/\/www.facebook.com\/dicodusport\",\"https:\/\/x.com\/dicodusport\",\"https:\/\/www.instagram.com\/dicodusport\/\",\"https:\/\/www.youtube.com\/channel\/UC7V2KZ5sd3htJivAbA4ZG3w\"],\"description\":\"Dicodusport est l'encyclop\u00e9die de l'actualit\u00e9 sportive.\",\"email\":\"bonjour@dicodusport.fr\",\"legalName\":\"DICODUSPORT\",\"foundingDate\":\"2018-01-14\",\"vatID\":\"FR71834470973\",\"taxID\":\"83447097300043\",\"numberOfEmployees\":{\"@type\":\"QuantitativeValue\",\"minValue\":\"1\",\"maxValue\":\"10\"}},{\"@type\":\"Person\",\"@id\":\"https:\/\/dicodusport.fr\/blog\/#\/schema\/person\/70c332124679336c1a1a6ec090e8a904\",\"name\":\"Tristan\",\"image\":{\"@type\":\"ImageObject\",\"inLanguage\":\"fr-FR\",\"@id\":\"https:\/\/dicodusport.fr\/blog\/#\/schema\/person\/image\/\",\"url\":\"https:\/\/dicodusport.fr\/blog\/wp-content\/uploads\/2018\/06\/User-blue-icon-150x150.png\",\"contentUrl\":\"https:\/\/dicodusport.fr\/blog\/wp-content\/uploads\/2018\/06\/User-blue-icon-150x150.png\",\"caption\":\"Tristan\"},\"url\":\"https:\/\/dicodusport.fr\/blog\/author\/tristan\/\"}]}<\/script>\n<!-- \/ Yoast SEO Premium plugin. -->","yoast_head_json":{"title":"Internationaux de Strasbourg : du bleu blanc rouge sur les courts","description":"Quatre joueuses fran\u00e7aises, dont Pauline Parmentier, seront pr\u00e9sentes au premier tour des Internationaux de Strasbourg qui auront lieu du 18 au 26 mai prochain. \u00a0","robots":{"index":"index","follow":"follow","max-snippet":"max-snippet:-1","max-image-preview":"max-image-preview:large","max-video-preview":"max-video-preview:-1"},"canonical":"https:\/\/dicodusport.fr\/blog\/internationaux-de-strasbourg-du-bleu-blanc-rouge-sur-les-courts\/","og_locale":"fr_FR","og_type":"article","og_title":"Internationaux de Strasbourg : du bleu blanc rouge sur les courts","og_description":"Quatre joueuses fran\u00e7aises, dont Pauline Parmentier, seront pr\u00e9sentes au premier tour des Internationaux de Strasbourg qui auront lieu du 18 au 26 mai prochain. \u00a0","og_url":"https:\/\/dicodusport.fr\/blog\/internationaux-de-strasbourg-du-bleu-blanc-rouge-sur-les-courts\/","og_site_name":"Dicodusport","article_publisher":"https:\/\/www.facebook.com\/dicodusport","article_published_time":"2018-05-08T12:16:26+00:00","article_modified_time":"2018-05-08T12:23:15+00:00","og_image":[{"width":800,"height":445,"url":"https:\/\/dicodusport.fr\/blog\/wp-content\/uploads\/2018\/05\/Internationaux-de-Strasbourg-Parmentier.png","type":"image\/png"}],"author":"Tristan","twitter_card":"summary_large_image","twitter_creator":"@dicodusport","twitter_site":"@dicodusport","schema":{"@context":"https:\/\/schema.org","@graph":[{"@type":"NewsArticle","@id":"https:\/\/dicodusport.fr\/blog\/internationaux-de-strasbourg-du-bleu-blanc-rouge-sur-les-courts\/#article","isPartOf":{"@id":"https:\/\/dicodusport.fr\/blog\/internationaux-de-strasbourg-du-bleu-blanc-rouge-sur-les-courts\/"},"author":{"name":"Tristan","@id":"https:\/\/dicodusport.fr\/blog\/#\/schema\/person\/70c332124679336c1a1a6ec090e8a904"},"headline":"Internationaux de Strasbourg : du bleu blanc rouge sur les courts","datePublished":"2018-05-08T12:16:26+00:00","dateModified":"2018-05-08T12:23:15+00:00","mainEntityOfPage":{"@id":"https:\/\/dicodusport.fr\/blog\/internationaux-de-strasbourg-du-bleu-blanc-rouge-sur-les-courts\/"},"wordCount":207,"commentCount":0,"publisher":{"@id":"https:\/\/dicodusport.fr\/blog\/#organization"},"image":{"@id":"https:\/\/dicodusport.fr\/blog\/internationaux-de-strasbourg-du-bleu-blanc-rouge-sur-les-courts\/#primaryimage"},"thumbnailUrl":"https:\/\/dicodusport.fr\/blog\/wp-content\/uploads\/2018\/05\/Internationaux-de-Strasbourg-Parmentier.png","keywords":["Aliz\u00e9 Cornet","Pauline Parmentier","Tennis"],"articleSection":["Actualit\u00e9s","Sports de raquette","Tennis"],"inLanguage":"fr-FR","potentialAction":[{"@type":"CommentAction","name":"Comment","target":["https:\/\/dicodusport.fr\/blog\/internationaux-de-strasbourg-du-bleu-blanc-rouge-sur-les-courts\/#respond"]}],"copyrightYear":"2018","copyrightHolder":{"@id":"https:\/\/dicodusport.fr\/blog\/#organization"}},{"@type":"WebPage","@id":"https:\/\/dicodusport.fr\/blog\/internationaux-de-strasbourg-du-bleu-blanc-rouge-sur-les-courts\/","url":"https:\/\/dicodusport.fr\/blog\/internationaux-de-strasbourg-du-bleu-blanc-rouge-sur-les-courts\/","name":"Internationaux de Strasbourg : du bleu blanc rouge sur les courts","isPartOf":{"@id":"https:\/\/dicodusport.fr\/blog\/#website"},"primaryImageOfPage":{"@id":"https:\/\/dicodusport.fr\/blog\/internationaux-de-strasbourg-du-bleu-blanc-rouge-sur-les-courts\/#primaryimage"},"image":{"@id":"https:\/\/dicodusport.fr\/blog\/internationaux-de-strasbourg-du-bleu-blanc-rouge-sur-les-courts\/#primaryimage"},"thumbnailUrl":"https:\/\/dicodusport.fr\/blog\/wp-content\/uploads\/2018\/05\/Internationaux-de-Strasbourg-Parmentier.png","datePublished":"2018-05-08T12:16:26+00:00","dateModified":"2018-05-08T12:23:15+00:00","description":"Quatre joueuses fran\u00e7aises, dont Pauline Parmentier, seront pr\u00e9sentes au premier tour des Internationaux de Strasbourg qui auront lieu du 18 au 26 mai prochain. \u00a0","breadcrumb":{"@id":"https:\/\/dicodusport.fr\/blog\/internationaux-de-strasbourg-du-bleu-blanc-rouge-sur-les-courts\/#breadcrumb"},"inLanguage":"fr-FR","potentialAction":[{"@type":"ReadAction","target":["https:\/\/dicodusport.fr\/blog\/internationaux-de-strasbourg-du-bleu-blanc-rouge-sur-les-courts\/"]}]},{"@type":"ImageObject","inLanguage":"fr-FR","@id":"https:\/\/dicodusport.fr\/blog\/internationaux-de-strasbourg-du-bleu-blanc-rouge-sur-les-courts\/#primaryimage","url":"https:\/\/dicodusport.fr\/blog\/wp-content\/uploads\/2018\/05\/Internationaux-de-Strasbourg-Parmentier.png","contentUrl":"https:\/\/dicodusport.fr\/blog\/wp-content\/uploads\/2018\/05\/Internationaux-de-Strasbourg-Parmentier.png","width":800,"height":445},{"@type":"BreadcrumbList","@id":"https:\/\/dicodusport.fr\/blog\/internationaux-de-strasbourg-du-bleu-blanc-rouge-sur-les-courts\/#breadcrumb","itemListElement":[{"@type":"ListItem","position":1,"name":"Accueil","item":"https:\/\/dicodusport.fr\/blog\/"},{"@type":"ListItem","position":2,"name":"Internationaux de Strasbourg : du bleu blanc rouge sur les courts"}]},{"@type":"WebSite","@id":"https:\/\/dicodusport.fr\/blog\/#website","url":"https:\/\/dicodusport.fr\/blog\/","name":"Dicodusport","description":"L&#039;encyclop\u00e9die de l&#039;actualit\u00e9 sportive","publisher":{"@id":"https:\/\/dicodusport.fr\/blog\/#organization"},"potentialAction":[{"@type":"SearchAction","target":{"@type":"EntryPoint","urlTemplate":"https:\/\/dicodusport.fr\/blog\/?s={search_term_string}"},"query-input":{"@type":"PropertyValueSpecification","valueRequired":true,"valueName":"search_term_string"}}],"inLanguage":"fr-FR"},{"@type":"NewsMediaOrganization","@id":"https:\/\/dicodusport.fr\/blog\/#organization","name":"Dicodusport","url":"https:\/\/dicodusport.fr\/blog\/","logo":{"@type":"ImageObject","inLanguage":"fr-FR","@id":"https:\/\/dicodusport.fr\/blog\/#\/schema\/logo\/image\/","url":"https:\/\/dicodusport.fr\/blog\/wp-content\/uploads\/2020\/06\/cropped-LOGO-DICODUSPORT-2020-SANS-FOND-SANS-TEXTE.png","contentUrl":"https:\/\/dicodusport.fr\/blog\/wp-content\/uploads\/2020\/06\/cropped-LOGO-DICODUSPORT-2020-SANS-FOND-SANS-TEXTE.png","width":512,"height":512,"caption":"Dicodusport"},"image":{"@id":"https:\/\/dicodusport.fr\/blog\/#\/schema\/logo\/image\/"},"sameAs":["https:\/\/www.facebook.com\/dicodusport","https:\/\/x.com\/dicodusport","https:\/\/www.instagram.com\/dicodusport\/","https:\/\/www.youtube.com\/channel\/UC7V2KZ5sd3htJivAbA4ZG3w"],"description":"Dicodusport est l'encyclop\u00e9die de l'actualit\u00e9 sportive.","email":"bonjour@dicodusport.fr","legalName":"DICODUSPORT","foundingDate":"2018-01-14","vatID":"FR71834470973","taxID":"83447097300043","numberOfEmployees":{"@type":"QuantitativeValue","minValue":"1","maxValue":"10"}},{"@type":"Person","@id":"https:\/\/dicodusport.fr\/blog\/#\/schema\/person\/70c332124679336c1a1a6ec090e8a904","name":"Tristan","image":{"@type":"ImageObject","inLanguage":"fr-FR","@id":"https:\/\/dicodusport.fr\/blog\/#\/schema\/person\/image\/","url":"https:\/\/dicodusport.fr\/blog\/wp-content\/uploads\/2018\/06\/User-blue-icon-150x150.png","contentUrl":"https:\/\/dicodusport.fr\/blog\/wp-content\/uploads\/2018\/06\/User-blue-icon-150x150.png","caption":"Tristan"},"url":"https:\/\/dicodusport.fr\/blog\/author\/tristan\/"}]}},"_links":{"self":[{"href":"https:\/\/dicodusport.fr\/blog\/wp-json\/wp\/v2\/posts\/17978","targetHints":{"allow":["GET"]}}],"collection":[{"href":"https:\/\/dicodusport.fr\/blog\/wp-json\/wp\/v2\/posts"}],"about":[{"href":"https:\/\/dicodusport.fr\/blog\/wp-json\/wp\/v2\/types\/post"}],"author":[{"embeddable":true,"href":"https:\/\/dicodusport.fr\/blog\/wp-json\/wp\/v2\/users\/6"}],"replies":[{"embeddable":true,"href":"https:\/\/dicodusport.fr\/blog\/wp-json\/wp\/v2\/comments?post=17978"}],"version-history":[{"count":0,"href":"https:\/\/dicodusport.fr\/blog\/wp-json\/wp\/v2\/posts\/17978\/revisions"}],"wp:featuredmedia":[{"embeddable":true,"href":"https:\/\/dicodusport.fr\/blog\/wp-json\/wp\/v2\/media\/17985"}],"wp:attachment":[{"href":"https:\/\/dicodusport.fr\/blog\/wp-json\/wp\/v2\/media?parent=17978"}],"wp:term":[{"taxonomy":"category","embeddable":true,"href":"https:\/\/dicodusport.fr\/blog\/wp-json\/wp\/v2\/categories?post=17978"},{"taxonomy":"post_tag","embeddable":true,"href":"https:\/\/dicodusport.fr\/blog\/wp-json\/wp\/v2\/tags?post=17978"}],"curies":[{"name":"wp","href":"https:\/\/api.w.org\/{rel}","templated":true}]}}