{"id":18004,"date":"2018-05-09T12:04:31","date_gmt":"2018-05-09T10:04:31","guid":{"rendered":"http:\/\/dicodusport.fr\/blog\/?p=18004"},"modified":"2018-05-09T12:19:18","modified_gmt":"2018-05-09T10:19:18","slug":"face-a-face-unite-nationale-place-dans-sport","status":"publish","type":"post","link":"https:\/\/dicodusport.fr\/blog\/face-a-face-unite-nationale-place-dans-sport\/","title":{"rendered":"Face \u00e0 face : l&rsquo;unit\u00e9 nationale a-t-elle sa place dans le sport ?"},"content":{"rendered":"<p style=\"text-align: justify;\"><span style=\"background-color: #ffffff;\"><em><strong><b>Chaque mercredi, les r\u00e9dacteurs de Dicodusport\u00a0entrent sur le ring et s\u2019affrontent dans un Face \u00e0 Face autour d\u2019un sujet d\u2019actualit\u00e9. Dans ce un-contre-un engag\u00e9, chaque r\u00e9dacteur ou r\u00e9dactrice tentera de convaincre son adversaire ainsi que vous, cher lecteur, qu\u2019il m\u00e9rite de remporter ce duel. Un arbitre sera alors charg\u00e9 de les d\u00e9partager et de d\u00e9signer un vainqueur.\u00a0Aujourd&rsquo;hui, le d\u00e9bat porte sur la participation de l&rsquo;OM \u00e0 la finale de l&rsquo;Europa League. Les Marseillais joueront cette finale face \u00e0 l&rsquo;Atl\u00e9tico Madrid. Etant donn\u00e9 que c&rsquo;est une \u00e9quipe fran\u00e7aise, devrait-on tous supporter l&rsquo;OM ? <span style=\"color: #ff0000;\">En se basant sur le cas du football et de cette finale<\/span>, l&rsquo;unit\u00e9 nationale a-t-elle sa place dans le sport ?<\/b><\/strong><\/em><\/span><\/p>\n<hr \/>\n<h4><\/h4>\n<div id=\"attachment_18023\" style=\"width: 368px\" class=\"wp-caption aligncenter\"><img loading=\"lazy\" decoding=\"async\" aria-describedby=\"caption-attachment-18023\" class=\" wp-image-18023\" src=\"http:\/\/dicodusport.fr\/blog\/wp-content\/uploads\/2018\/05\/Charlie.jpg\" alt=\"\" width=\"358\" height=\"358\" srcset=\"https:\/\/dicodusport.fr\/blog\/wp-content\/uploads\/2018\/05\/Charlie.jpg 960w, https:\/\/dicodusport.fr\/blog\/wp-content\/uploads\/2018\/05\/Charlie-150x150.jpg 150w, https:\/\/dicodusport.fr\/blog\/wp-content\/uploads\/2018\/05\/Charlie-300x300.jpg 300w, https:\/\/dicodusport.fr\/blog\/wp-content\/uploads\/2018\/05\/Charlie-768x767.jpg 768w\" sizes=\"auto, (max-width: 358px) 100vw, 358px\" \/><p id=\"caption-attachment-18023\" class=\"wp-caption-text\">Pour Charlie, c&rsquo;est une \u00e9vidence.<\/p><\/div>\n<h4 style=\"text-align: justify;\">&#x1f44d; Charlie : Oui, cela devrait \u00eatre naturel !<\/h4>\n<p style=\"text-align: justify;\"><span lang=\"FR\">Sans unit\u00e9 nationale, la France aurait un palmar\u00e8s footballistique aussi creux qu\u2019une coquille vide.<br \/>\nEn 1993, c\u2019est cette m\u00eame unit\u00e9 nationale autour de l\u2019Olympique Marseille, en finale de Ligue des Champions qui a permis au football fran\u00e7ais d\u2019entrer dans le cercle ferm\u00e9 des pays vainqueurs de la comp\u00e9tition europ\u00e9enne, la plus prestigieuse. <\/span><span lang=\"FR\">A l\u2019\u00e9poque, les rivalit\u00e9s de clubs importaient peu au vu\u00a0de l\u2019enjeu de cette rencontre alors qu\u2019aujourd\u2019hui, \u00a0on tente de faire passer cette rivalit\u00e9 au-dessus, tout en se plaignant du mauvais parcours des clubs fran\u00e7ais en Europe.<\/span><\/p>\n<p style=\"text-align: justify;\"><span lang=\"FR\"> Une occasion en or, nous est offerte. D\u2019une part, stopper\u00a0la supr\u00e9matie du football espagnol, bourreaux de nos repr\u00e9sentants et d\u2019autre part, potentiellement assurer directement trois clubs fran\u00e7ais en Ligue des Champions. Autre enjeu, \u00e9largir notre rayonnement mondial. Montrer des chamailleries entre rivaux olympiens sous fond de chants mena\u00e7ants, pourraient refroidir les ardeurs de futurs investisseurs ou de t\u00e9l\u00e9spectateurs chinois par exemples. A la diff\u00e9rence, unir un pays derri\u00e8re le seul repr\u00e9sentant \u00e0 avoir gagn\u00e9 une \u00e9toile europ\u00e9enne, assurera davantage le spectacle, montrant que la France, est tout autant un pays de football que l\u2019Allemagne ou l\u2019Espagne et ainsi, permettre \u00e0 son championnat d\u2019obtenir plus de droits TV, subvenant aux besoins de nos clubs moins riches. <\/span><\/p>\n<p style=\"text-align: justify;\"><span lang=\"FR\">Dire que l\u2019unit\u00e9 nationale n\u2019a pas sa place dans le football serait du pur orgueil, quand on sait que notre pays a pr\u00f4n\u00e9 une g\u00e9n\u00e9ration multiethnique\u00a0: la g\u00e9n\u00e9ration Black-Blanc-Beur, \u00e0 l\u2019issue de la Coupe du Monde 1998. En quoi une g\u00e9n\u00e9ration intercommunale\u00a0Lyonnais-Parisiens-Marseillais serait-elle diff\u00e9rente\u00a0?<\/span><\/p>\n<hr \/>\n<div id=\"attachment_16157\" style=\"width: 251px\" class=\"wp-caption aligncenter\"><img loading=\"lazy\" decoding=\"async\" aria-describedby=\"caption-attachment-16157\" class=\" wp-image-16157\" src=\"http:\/\/dicodusport.fr\/blog\/wp-content\/uploads\/2018\/04\/Tristan-Mieger.jpg\" alt=\"\" width=\"241\" height=\"428\" srcset=\"https:\/\/dicodusport.fr\/blog\/wp-content\/uploads\/2018\/04\/Tristan-Mieger.jpg 540w, https:\/\/dicodusport.fr\/blog\/wp-content\/uploads\/2018\/04\/Tristan-Mieger-169x300.jpg 169w\" sizes=\"auto, (max-width: 241px) 100vw, 241px\" \/><p id=\"caption-attachment-16157\" class=\"wp-caption-text\">Tristan n&rsquo;est pas du tout de l&rsquo;avis de Charlie et il le fait savoir.<\/p><\/div>\n<h4>&#x1f44e; Tristan : Non, <span lang=\"FR\">c&rsquo;est impossible d&rsquo;avoir un \u00e9lan de c\u0153ur pour un club rival !<\/span><\/h4>\n<p style=\"text-align: justify;\">Comment s\u2019imaginer quelques secondes qu\u2019un \u00e9lan de c\u0153ur pour un club rival\u00a0soit possible\u00a0? Ce football qu\u2019ils aiment, ce sport dont ils vivent \u00e0 chaque\u00a0moment de la vie. N\u2019est-ce pas le principe m\u00eame des supporters d\u2019avoir des rivaux, n\u2019est-ce pas la raison centrale du succ\u00e8s universel du football ? Alors certes, l\u2019Olympique de Marseille s\u2019est qualifi\u00e9 pour la finale de l\u2019Europa League, mais comment penser que les supporters de Paris ou encore\u00a0 de Lyon seront derri\u00e8re Marseille \u00e0 ce moment-l\u00e0\u00a0?<\/p>\n<p style=\"text-align: justify;\">En effet, la rivalit\u00e9 entre le PSG et Marseille d\u00e9passe les fronti\u00e8res du sport. Elle est n\u00e9e naturellement dans l\u2019opposition entre deux villes radicalement diff\u00e9rentes et entre deux clubs qui \u00e9pousent leur ville pour le meilleur et pour le pire, sur le fond et sur la forme. Tout comme les Marseillais lors du huiti\u00e8me de finale entre le Paris Saint-Germain et le Real Madrid o\u00f9 l\u2019ensemble des\u00a0supporters soutenaient Zidane et son club, il est tout naturel de voir les supporters du PSG, soutenir Antoine Griezmann et les siens. Existe-t-il un Barcelonais \u00e0 fond derri\u00e8re le Real Madrid\u00a0? Quel supporter de Saint-Etienne pourrait voir Lyon \u00eatre champion de France\u00a0? Aucun, et tant que ce sera comme \u00e7a, le football tournera bien rond.<\/p>\n<p style=\"text-align: justify;\">Ce n\u2019est pas une question de fiert\u00e9, mais une question de passion et celle-ci sera toujours sup\u00e9rieure \u00e0 l\u2019unit\u00e9 nationale lors d\u2019une Coupe d\u2019Europe.<\/p>\n<hr \/>\n<h4>Verdict de l&rsquo;arbitre :<\/h4>\n<p style=\"text-align: justify;\">Marseille est en finale de l&rsquo;Europa League.\u00a0Ca a quand m\u00eame le m\u00e9rite d&rsquo;\u00eatre rappel\u00e9. Loin du budget faramineux parisien, et quand m\u00eame en-dessous de la qualit\u00e9 des effectifs mon\u00e9gasques ou encore lyonnais, ils y sont ! Une \u00e9quipe fran\u00e7aise va donc jouer pour remporter cette saison un titre europ\u00e9en, c&rsquo;est quand m\u00eame beau. Doit-on pour autant crier \u00ab\u00a0Cocorico\u00a0\u00bb ?<\/p>\n<p style=\"text-align: justify;\">Comme le souligne tr\u00e8s justement Charlie, il y a quelques temps, ces rivalit\u00e9s entre clubs n&rsquo;avaient pas autant d&rsquo;importance qu&rsquo;aujourd&rsquo;hui. Et c&rsquo;est probablement ce qui a permis au club phoc\u00e9en d&rsquo;inscrire un petit bout de France dans le livre sacr\u00e9 de la prestigieuse coupe aux grandes oreilles. Puis il faudrait vraiment \u00eatre de mauvaise foi pour ne pas reconna\u00eetre que l&rsquo;occasion est belle de faire rayonner la France. De ce point de vue, tous se rassembler derri\u00e8re l&rsquo;OM para\u00eet presque \u00eatre un devoir.<\/p>\n<p style=\"text-align: justify;\">Cependant, Tristan a \u00e9veill\u00e9 en moi une question. Ayant plus d&rsquo;attache\u00a0pour l&rsquo;AS Monaco et \u00e9tant fan d&rsquo;Antoine Griezmann, serait-ce une \u00ab\u00a0faute\u00a0\u00bb de ma part que de supporter les Colchoneros ? Il est vrai que le football, et le sport en g\u00e9n\u00e9ral, est un r\u00e9el vecteur de valeurs, notamment celle de la\u00a0solidarit\u00e9.<\/p>\n<p style=\"text-align: justify;\">Amoureux de football, je regarderai ce match en esp\u00e9rant avoir une belle partie digne d&rsquo;une finale. Vous l&rsquo;aurez compris, mon c\u0153ur n&rsquo;est pas marseillais, encore moins madril\u00e8ne. L&rsquo;unit\u00e9 nationale a, et doit avoir une importance dans le sport. Mais cela me semble r\u00e9ellement difficile lorsqu&rsquo;il s&rsquo;agit d&rsquo;une rencontre entre deux clubs. Un club n&rsquo;\u00e9tant finalement qu&rsquo;une palette de nationalit\u00e9s.<\/p>\n<p style=\"text-align: justify;\">Le c\u0153ur a ses raisons que la raison ignore.<\/p>\n<p><strong>&#x1f3c6; Tristan remporte ce\u00a0d\u00e9bat<\/strong><strong>\u00a0!<\/strong><\/p>\n<p><em><strong>Sofiane Soultan<br \/>\n<\/strong><\/em> <a style=\"color: #000000;\" href=\"https:\/\/twitter.com\/Nico_Jacquemard\" target=\"_blank\" rel=\"noopener noreferrer\"><img loading=\"lazy\" decoding=\"async\" class=\"alignnone wp-image-2908\" src=\"http:\/\/dicodusport.fr\/blog\/wp-content\/uploads\/2017\/07\/logo-twitter-150x150.png\" alt=\"\" width=\"39\" height=\"39\" \/><\/a><a style=\"color: #000000;\" href=\"https:\/\/www.facebook.com\/dicodusport\/\" target=\"_blank\" rel=\"noopener noreferrer\"><img loading=\"lazy\" decoding=\"async\" class=\"alignnone wp-image-2909\" src=\"http:\/\/dicodusport.fr\/blog\/wp-content\/uploads\/2017\/07\/logo-facebook-150x150.png\" alt=\"\" width=\"40\" height=\"40\" \/><\/a><\/p>\n","protected":false},"excerpt":{"rendered":"<p>Aujourd&rsquo;hui, le d\u00e9bat porte sur la participation de l&rsquo;OM \u00e0 la finale de l&rsquo;Europa League. Les Marseillais joueront cette finale face \u00e0 l&rsquo;Atl\u00e9tico Madrid. Etant donn\u00e9 que c&rsquo;est une \u00e9quipe fran\u00e7aise, devrait-on tous supporter l&rsquo;OM ? En se basant sur le cas du football et de cette finale, l&rsquo;unit\u00e9 nationale a-t-elle sa place dans le sport ?<\/p>\n","protected":false},"author":16,"featured_media":18022,"comment_status":"open","ping_status":"closed","sticky":false,"template":"","format":"standard","meta":{"_acf_changed":false,"_daextam_enable_autolinks":"","footnotes":""},"categories":[2,2348,2301],"tags":[4789,2420,3829,75,196,1889],"class_list":["post-18004","post","type-post","status-publish","format-standard","has-post-thumbnail","hentry","category-actualites","category-face-a-face","category-football","tag-atletico-madrid","tag-debat","tag-europa-league","tag-football","tag-griezmann","tag-om"],"acf":[],"yoast_head":"<!-- This site is optimized with the Yoast SEO Premium plugin v26.7 (Yoast SEO v26.7) - https:\/\/yoast.com\/wordpress\/plugins\/seo\/ -->\n<title>Face \u00e0 face : l&#039;unit\u00e9 nationale a-t-elle sa place dans le sport ?<\/title>\n<meta name=\"description\" content=\"Aujourd&#039;hui, le d\u00e9bat porte sur la participation de l&#039;OM \u00e0 la finale de l&#039;Europa League. Les Marseillais joueront cette finale face \u00e0 l&#039;Atl\u00e9tico Madrid. Etant donn\u00e9 que c&#039;est une \u00e9quipe fran\u00e7aise, devrait-on tous supporter l&#039;OM ? En se basant sur le cas du football et de cette finale, l&#039;unit\u00e9 nationale a-t-elle sa place dans le sport ?\" \/>\n<meta name=\"robots\" content=\"index, follow, max-snippet:-1, max-image-preview:large, max-video-preview:-1\" \/>\n<link rel=\"canonical\" href=\"https:\/\/dicodusport.fr\/blog\/face-a-face-unite-nationale-place-dans-sport\/\" \/>\n<meta property=\"og:locale\" content=\"fr_FR\" \/>\n<meta property=\"og:type\" content=\"article\" \/>\n<meta property=\"og:title\" content=\"Face \u00e0 face : l&#039;unit\u00e9 nationale a-t-elle sa place dans le sport ?\" \/>\n<meta property=\"og:description\" content=\"Aujourd&#039;hui, le d\u00e9bat porte sur la participation de l&#039;OM \u00e0 la finale de l&#039;Europa League. Les Marseillais joueront cette finale face \u00e0 l&#039;Atl\u00e9tico Madrid. Etant donn\u00e9 que c&#039;est une \u00e9quipe fran\u00e7aise, devrait-on tous supporter l&#039;OM ? En se basant sur le cas du football et de cette finale, l&#039;unit\u00e9 nationale a-t-elle sa place dans le sport ?\" \/>\n<meta property=\"og:url\" content=\"https:\/\/dicodusport.fr\/blog\/face-a-face-unite-nationale-place-dans-sport\/\" \/>\n<meta property=\"og:site_name\" content=\"Dicodusport\" \/>\n<meta property=\"article:publisher\" content=\"https:\/\/www.facebook.com\/dicodusport\" \/>\n<meta property=\"article:published_time\" content=\"2018-05-09T10:04:31+00:00\" \/>\n<meta property=\"article:modified_time\" content=\"2018-05-09T10:19:18+00:00\" \/>\n<meta property=\"og:image\" content=\"https:\/\/dicodusport.fr\/blog\/wp-content\/uploads\/2018\/05\/Unit\u00e9-nationale-sport-OM.png\" \/>\n\t<meta property=\"og:image:width\" content=\"800\" \/>\n\t<meta property=\"og:image:height\" content=\"445\" \/>\n\t<meta property=\"og:image:type\" content=\"image\/png\" \/>\n<meta name=\"author\" content=\"Sofiane\" \/>\n<meta name=\"twitter:card\" content=\"summary_large_image\" \/>\n<meta name=\"twitter:creator\" content=\"@dicodusport\" \/>\n<meta name=\"twitter:site\" content=\"@dicodusport\" \/>\n<script type=\"application\/ld+json\" class=\"yoast-schema-graph\">{\"@context\":\"https:\/\/schema.org\",\"@graph\":[{\"@type\":\"NewsArticle\",\"@id\":\"https:\/\/dicodusport.fr\/blog\/face-a-face-unite-nationale-place-dans-sport\/#article\",\"isPartOf\":{\"@id\":\"https:\/\/dicodusport.fr\/blog\/face-a-face-unite-nationale-place-dans-sport\/\"},\"author\":{\"name\":\"Sofiane\",\"@id\":\"https:\/\/dicodusport.fr\/blog\/#\/schema\/person\/13e0a3ddb06ad9267132482b9edf1b02\"},\"headline\":\"Face \u00e0 face : l&rsquo;unit\u00e9 nationale a-t-elle sa place dans le sport ?\",\"datePublished\":\"2018-05-09T10:04:31+00:00\",\"dateModified\":\"2018-05-09T10:19:18+00:00\",\"mainEntityOfPage\":{\"@id\":\"https:\/\/dicodusport.fr\/blog\/face-a-face-unite-nationale-place-dans-sport\/\"},\"wordCount\":1059,\"commentCount\":0,\"publisher\":{\"@id\":\"https:\/\/dicodusport.fr\/blog\/#organization\"},\"image\":{\"@id\":\"https:\/\/dicodusport.fr\/blog\/face-a-face-unite-nationale-place-dans-sport\/#primaryimage\"},\"thumbnailUrl\":\"https:\/\/dicodusport.fr\/blog\/wp-content\/uploads\/2018\/05\/Unit\u00e9-nationale-sport-OM.png\",\"keywords\":[\"Atl\u00e9tico madrid\",\"D\u00e9bat\",\"Europa League\",\"Football\",\"Griezmann\",\"OM\"],\"articleSection\":[\"Actualit\u00e9s\",\"Face \u00e0 face\",\"Football\"],\"inLanguage\":\"fr-FR\",\"potentialAction\":[{\"@type\":\"CommentAction\",\"name\":\"Comment\",\"target\":[\"https:\/\/dicodusport.fr\/blog\/face-a-face-unite-nationale-place-dans-sport\/#respond\"]}],\"copyrightYear\":\"2018\",\"copyrightHolder\":{\"@id\":\"https:\/\/dicodusport.fr\/blog\/#organization\"}},{\"@type\":\"WebPage\",\"@id\":\"https:\/\/dicodusport.fr\/blog\/face-a-face-unite-nationale-place-dans-sport\/\",\"url\":\"https:\/\/dicodusport.fr\/blog\/face-a-face-unite-nationale-place-dans-sport\/\",\"name\":\"Face \u00e0 face : l'unit\u00e9 nationale a-t-elle sa place dans le sport ?\",\"isPartOf\":{\"@id\":\"https:\/\/dicodusport.fr\/blog\/#website\"},\"primaryImageOfPage\":{\"@id\":\"https:\/\/dicodusport.fr\/blog\/face-a-face-unite-nationale-place-dans-sport\/#primaryimage\"},\"image\":{\"@id\":\"https:\/\/dicodusport.fr\/blog\/face-a-face-unite-nationale-place-dans-sport\/#primaryimage\"},\"thumbnailUrl\":\"https:\/\/dicodusport.fr\/blog\/wp-content\/uploads\/2018\/05\/Unit\u00e9-nationale-sport-OM.png\",\"datePublished\":\"2018-05-09T10:04:31+00:00\",\"dateModified\":\"2018-05-09T10:19:18+00:00\",\"description\":\"Aujourd'hui, le d\u00e9bat porte sur la participation de l'OM \u00e0 la finale de l'Europa League. Les Marseillais joueront cette finale face \u00e0 l'Atl\u00e9tico Madrid. Etant donn\u00e9 que c'est une \u00e9quipe fran\u00e7aise, devrait-on tous supporter l'OM ? En se basant sur le cas du football et de cette finale, l'unit\u00e9 nationale a-t-elle sa place dans le sport ?\",\"breadcrumb\":{\"@id\":\"https:\/\/dicodusport.fr\/blog\/face-a-face-unite-nationale-place-dans-sport\/#breadcrumb\"},\"inLanguage\":\"fr-FR\",\"potentialAction\":[{\"@type\":\"ReadAction\",\"target\":[\"https:\/\/dicodusport.fr\/blog\/face-a-face-unite-nationale-place-dans-sport\/\"]}]},{\"@type\":\"ImageObject\",\"inLanguage\":\"fr-FR\",\"@id\":\"https:\/\/dicodusport.fr\/blog\/face-a-face-unite-nationale-place-dans-sport\/#primaryimage\",\"url\":\"https:\/\/dicodusport.fr\/blog\/wp-content\/uploads\/2018\/05\/Unit\u00e9-nationale-sport-OM.png\",\"contentUrl\":\"https:\/\/dicodusport.fr\/blog\/wp-content\/uploads\/2018\/05\/Unit\u00e9-nationale-sport-OM.png\",\"width\":800,\"height\":445},{\"@type\":\"BreadcrumbList\",\"@id\":\"https:\/\/dicodusport.fr\/blog\/face-a-face-unite-nationale-place-dans-sport\/#breadcrumb\",\"itemListElement\":[{\"@type\":\"ListItem\",\"position\":1,\"name\":\"Accueil\",\"item\":\"https:\/\/dicodusport.fr\/blog\/\"},{\"@type\":\"ListItem\",\"position\":2,\"name\":\"Face \u00e0 face : l&rsquo;unit\u00e9 nationale a-t-elle sa place dans le sport ?\"}]},{\"@type\":\"WebSite\",\"@id\":\"https:\/\/dicodusport.fr\/blog\/#website\",\"url\":\"https:\/\/dicodusport.fr\/blog\/\",\"name\":\"Dicodusport\",\"description\":\"L&#039;encyclop\u00e9die de l&#039;actualit\u00e9 sportive\",\"publisher\":{\"@id\":\"https:\/\/dicodusport.fr\/blog\/#organization\"},\"potentialAction\":[{\"@type\":\"SearchAction\",\"target\":{\"@type\":\"EntryPoint\",\"urlTemplate\":\"https:\/\/dicodusport.fr\/blog\/?s={search_term_string}\"},\"query-input\":{\"@type\":\"PropertyValueSpecification\",\"valueRequired\":true,\"valueName\":\"search_term_string\"}}],\"inLanguage\":\"fr-FR\"},{\"@type\":\"NewsMediaOrganization\",\"@id\":\"https:\/\/dicodusport.fr\/blog\/#organization\",\"name\":\"Dicodusport\",\"url\":\"https:\/\/dicodusport.fr\/blog\/\",\"logo\":{\"@type\":\"ImageObject\",\"inLanguage\":\"fr-FR\",\"@id\":\"https:\/\/dicodusport.fr\/blog\/#\/schema\/logo\/image\/\",\"url\":\"https:\/\/dicodusport.fr\/blog\/wp-content\/uploads\/2020\/06\/cropped-LOGO-DICODUSPORT-2020-SANS-FOND-SANS-TEXTE.png\",\"contentUrl\":\"https:\/\/dicodusport.fr\/blog\/wp-content\/uploads\/2020\/06\/cropped-LOGO-DICODUSPORT-2020-SANS-FOND-SANS-TEXTE.png\",\"width\":512,\"height\":512,\"caption\":\"Dicodusport\"},\"image\":{\"@id\":\"https:\/\/dicodusport.fr\/blog\/#\/schema\/logo\/image\/\"},\"sameAs\":[\"https:\/\/www.facebook.com\/dicodusport\",\"https:\/\/x.com\/dicodusport\",\"https:\/\/www.instagram.com\/dicodusport\/\",\"https:\/\/www.youtube.com\/channel\/UC7V2KZ5sd3htJivAbA4ZG3w\"],\"description\":\"Dicodusport est l'encyclop\u00e9die de l'actualit\u00e9 sportive.\",\"email\":\"bonjour@dicodusport.fr\",\"legalName\":\"DICODUSPORT\",\"foundingDate\":\"2018-01-14\",\"vatID\":\"FR71834470973\",\"taxID\":\"83447097300043\",\"numberOfEmployees\":{\"@type\":\"QuantitativeValue\",\"minValue\":\"1\",\"maxValue\":\"10\"}},{\"@type\":\"Person\",\"@id\":\"https:\/\/dicodusport.fr\/blog\/#\/schema\/person\/13e0a3ddb06ad9267132482b9edf1b02\",\"name\":\"Sofiane\",\"image\":{\"@type\":\"ImageObject\",\"inLanguage\":\"fr-FR\",\"@id\":\"https:\/\/dicodusport.fr\/blog\/#\/schema\/person\/image\/\",\"url\":\"https:\/\/dicodusport.fr\/blog\/wp-content\/uploads\/2018\/06\/User-blue-icon-150x150.png\",\"contentUrl\":\"https:\/\/dicodusport.fr\/blog\/wp-content\/uploads\/2018\/06\/User-blue-icon-150x150.png\",\"caption\":\"Sofiane\"},\"url\":\"https:\/\/dicodusport.fr\/blog\/author\/sofiane\/\"}]}<\/script>\n<!-- \/ Yoast SEO Premium plugin. -->","yoast_head_json":{"title":"Face \u00e0 face : l'unit\u00e9 nationale a-t-elle sa place dans le sport ?","description":"Aujourd'hui, le d\u00e9bat porte sur la participation de l'OM \u00e0 la finale de l'Europa League. Les Marseillais joueront cette finale face \u00e0 l'Atl\u00e9tico Madrid. Etant donn\u00e9 que c'est une \u00e9quipe fran\u00e7aise, devrait-on tous supporter l'OM ? En se basant sur le cas du football et de cette finale, l'unit\u00e9 nationale a-t-elle sa place dans le sport ?","robots":{"index":"index","follow":"follow","max-snippet":"max-snippet:-1","max-image-preview":"max-image-preview:large","max-video-preview":"max-video-preview:-1"},"canonical":"https:\/\/dicodusport.fr\/blog\/face-a-face-unite-nationale-place-dans-sport\/","og_locale":"fr_FR","og_type":"article","og_title":"Face \u00e0 face : l'unit\u00e9 nationale a-t-elle sa place dans le sport ?","og_description":"Aujourd'hui, le d\u00e9bat porte sur la participation de l'OM \u00e0 la finale de l'Europa League. Les Marseillais joueront cette finale face \u00e0 l'Atl\u00e9tico Madrid. Etant donn\u00e9 que c'est une \u00e9quipe fran\u00e7aise, devrait-on tous supporter l'OM ? En se basant sur le cas du football et de cette finale, l'unit\u00e9 nationale a-t-elle sa place dans le sport ?","og_url":"https:\/\/dicodusport.fr\/blog\/face-a-face-unite-nationale-place-dans-sport\/","og_site_name":"Dicodusport","article_publisher":"https:\/\/www.facebook.com\/dicodusport","article_published_time":"2018-05-09T10:04:31+00:00","article_modified_time":"2018-05-09T10:19:18+00:00","og_image":[{"width":800,"height":445,"url":"https:\/\/dicodusport.fr\/blog\/wp-content\/uploads\/2018\/05\/Unit\u00e9-nationale-sport-OM.png","type":"image\/png"}],"author":"Sofiane","twitter_card":"summary_large_image","twitter_creator":"@dicodusport","twitter_site":"@dicodusport","schema":{"@context":"https:\/\/schema.org","@graph":[{"@type":"NewsArticle","@id":"https:\/\/dicodusport.fr\/blog\/face-a-face-unite-nationale-place-dans-sport\/#article","isPartOf":{"@id":"https:\/\/dicodusport.fr\/blog\/face-a-face-unite-nationale-place-dans-sport\/"},"author":{"name":"Sofiane","@id":"https:\/\/dicodusport.fr\/blog\/#\/schema\/person\/13e0a3ddb06ad9267132482b9edf1b02"},"headline":"Face \u00e0 face : l&rsquo;unit\u00e9 nationale a-t-elle sa place dans le sport ?","datePublished":"2018-05-09T10:04:31+00:00","dateModified":"2018-05-09T10:19:18+00:00","mainEntityOfPage":{"@id":"https:\/\/dicodusport.fr\/blog\/face-a-face-unite-nationale-place-dans-sport\/"},"wordCount":1059,"commentCount":0,"publisher":{"@id":"https:\/\/dicodusport.fr\/blog\/#organization"},"image":{"@id":"https:\/\/dicodusport.fr\/blog\/face-a-face-unite-nationale-place-dans-sport\/#primaryimage"},"thumbnailUrl":"https:\/\/dicodusport.fr\/blog\/wp-content\/uploads\/2018\/05\/Unit\u00e9-nationale-sport-OM.png","keywords":["Atl\u00e9tico madrid","D\u00e9bat","Europa League","Football","Griezmann","OM"],"articleSection":["Actualit\u00e9s","Face \u00e0 face","Football"],"inLanguage":"fr-FR","potentialAction":[{"@type":"CommentAction","name":"Comment","target":["https:\/\/dicodusport.fr\/blog\/face-a-face-unite-nationale-place-dans-sport\/#respond"]}],"copyrightYear":"2018","copyrightHolder":{"@id":"https:\/\/dicodusport.fr\/blog\/#organization"}},{"@type":"WebPage","@id":"https:\/\/dicodusport.fr\/blog\/face-a-face-unite-nationale-place-dans-sport\/","url":"https:\/\/dicodusport.fr\/blog\/face-a-face-unite-nationale-place-dans-sport\/","name":"Face \u00e0 face : l'unit\u00e9 nationale a-t-elle sa place dans le sport ?","isPartOf":{"@id":"https:\/\/dicodusport.fr\/blog\/#website"},"primaryImageOfPage":{"@id":"https:\/\/dicodusport.fr\/blog\/face-a-face-unite-nationale-place-dans-sport\/#primaryimage"},"image":{"@id":"https:\/\/dicodusport.fr\/blog\/face-a-face-unite-nationale-place-dans-sport\/#primaryimage"},"thumbnailUrl":"https:\/\/dicodusport.fr\/blog\/wp-content\/uploads\/2018\/05\/Unit\u00e9-nationale-sport-OM.png","datePublished":"2018-05-09T10:04:31+00:00","dateModified":"2018-05-09T10:19:18+00:00","description":"Aujourd'hui, le d\u00e9bat porte sur la participation de l'OM \u00e0 la finale de l'Europa League. Les Marseillais joueront cette finale face \u00e0 l'Atl\u00e9tico Madrid. Etant donn\u00e9 que c'est une \u00e9quipe fran\u00e7aise, devrait-on tous supporter l'OM ? En se basant sur le cas du football et de cette finale, l'unit\u00e9 nationale a-t-elle sa place dans le sport ?","breadcrumb":{"@id":"https:\/\/dicodusport.fr\/blog\/face-a-face-unite-nationale-place-dans-sport\/#breadcrumb"},"inLanguage":"fr-FR","potentialAction":[{"@type":"ReadAction","target":["https:\/\/dicodusport.fr\/blog\/face-a-face-unite-nationale-place-dans-sport\/"]}]},{"@type":"ImageObject","inLanguage":"fr-FR","@id":"https:\/\/dicodusport.fr\/blog\/face-a-face-unite-nationale-place-dans-sport\/#primaryimage","url":"https:\/\/dicodusport.fr\/blog\/wp-content\/uploads\/2018\/05\/Unit\u00e9-nationale-sport-OM.png","contentUrl":"https:\/\/dicodusport.fr\/blog\/wp-content\/uploads\/2018\/05\/Unit\u00e9-nationale-sport-OM.png","width":800,"height":445},{"@type":"BreadcrumbList","@id":"https:\/\/dicodusport.fr\/blog\/face-a-face-unite-nationale-place-dans-sport\/#breadcrumb","itemListElement":[{"@type":"ListItem","position":1,"name":"Accueil","item":"https:\/\/dicodusport.fr\/blog\/"},{"@type":"ListItem","position":2,"name":"Face \u00e0 face : l&rsquo;unit\u00e9 nationale a-t-elle sa place dans le sport ?"}]},{"@type":"WebSite","@id":"https:\/\/dicodusport.fr\/blog\/#website","url":"https:\/\/dicodusport.fr\/blog\/","name":"Dicodusport","description":"L&#039;encyclop\u00e9die de l&#039;actualit\u00e9 sportive","publisher":{"@id":"https:\/\/dicodusport.fr\/blog\/#organization"},"potentialAction":[{"@type":"SearchAction","target":{"@type":"EntryPoint","urlTemplate":"https:\/\/dicodusport.fr\/blog\/?s={search_term_string}"},"query-input":{"@type":"PropertyValueSpecification","valueRequired":true,"valueName":"search_term_string"}}],"inLanguage":"fr-FR"},{"@type":"NewsMediaOrganization","@id":"https:\/\/dicodusport.fr\/blog\/#organization","name":"Dicodusport","url":"https:\/\/dicodusport.fr\/blog\/","logo":{"@type":"ImageObject","inLanguage":"fr-FR","@id":"https:\/\/dicodusport.fr\/blog\/#\/schema\/logo\/image\/","url":"https:\/\/dicodusport.fr\/blog\/wp-content\/uploads\/2020\/06\/cropped-LOGO-DICODUSPORT-2020-SANS-FOND-SANS-TEXTE.png","contentUrl":"https:\/\/dicodusport.fr\/blog\/wp-content\/uploads\/2020\/06\/cropped-LOGO-DICODUSPORT-2020-SANS-FOND-SANS-TEXTE.png","width":512,"height":512,"caption":"Dicodusport"},"image":{"@id":"https:\/\/dicodusport.fr\/blog\/#\/schema\/logo\/image\/"},"sameAs":["https:\/\/www.facebook.com\/dicodusport","https:\/\/x.com\/dicodusport","https:\/\/www.instagram.com\/dicodusport\/","https:\/\/www.youtube.com\/channel\/UC7V2KZ5sd3htJivAbA4ZG3w"],"description":"Dicodusport est l'encyclop\u00e9die de l'actualit\u00e9 sportive.","email":"bonjour@dicodusport.fr","legalName":"DICODUSPORT","foundingDate":"2018-01-14","vatID":"FR71834470973","taxID":"83447097300043","numberOfEmployees":{"@type":"QuantitativeValue","minValue":"1","maxValue":"10"}},{"@type":"Person","@id":"https:\/\/dicodusport.fr\/blog\/#\/schema\/person\/13e0a3ddb06ad9267132482b9edf1b02","name":"Sofiane","image":{"@type":"ImageObject","inLanguage":"fr-FR","@id":"https:\/\/dicodusport.fr\/blog\/#\/schema\/person\/image\/","url":"https:\/\/dicodusport.fr\/blog\/wp-content\/uploads\/2018\/06\/User-blue-icon-150x150.png","contentUrl":"https:\/\/dicodusport.fr\/blog\/wp-content\/uploads\/2018\/06\/User-blue-icon-150x150.png","caption":"Sofiane"},"url":"https:\/\/dicodusport.fr\/blog\/author\/sofiane\/"}]}},"_links":{"self":[{"href":"https:\/\/dicodusport.fr\/blog\/wp-json\/wp\/v2\/posts\/18004","targetHints":{"allow":["GET"]}}],"collection":[{"href":"https:\/\/dicodusport.fr\/blog\/wp-json\/wp\/v2\/posts"}],"about":[{"href":"https:\/\/dicodusport.fr\/blog\/wp-json\/wp\/v2\/types\/post"}],"author":[{"embeddable":true,"href":"https:\/\/dicodusport.fr\/blog\/wp-json\/wp\/v2\/users\/16"}],"replies":[{"embeddable":true,"href":"https:\/\/dicodusport.fr\/blog\/wp-json\/wp\/v2\/comments?post=18004"}],"version-history":[{"count":0,"href":"https:\/\/dicodusport.fr\/blog\/wp-json\/wp\/v2\/posts\/18004\/revisions"}],"wp:featuredmedia":[{"embeddable":true,"href":"https:\/\/dicodusport.fr\/blog\/wp-json\/wp\/v2\/media\/18022"}],"wp:attachment":[{"href":"https:\/\/dicodusport.fr\/blog\/wp-json\/wp\/v2\/media?parent=18004"}],"wp:term":[{"taxonomy":"category","embeddable":true,"href":"https:\/\/dicodusport.fr\/blog\/wp-json\/wp\/v2\/categories?post=18004"},{"taxonomy":"post_tag","embeddable":true,"href":"https:\/\/dicodusport.fr\/blog\/wp-json\/wp\/v2\/tags?post=18004"}],"curies":[{"name":"wp","href":"https:\/\/api.w.org\/{rel}","templated":true}]}}