{"id":180066,"date":"2021-11-19T10:02:25","date_gmt":"2021-11-19T09:02:25","guid":{"rendered":"https:\/\/dicodusport.fr\/blog\/?p=180066&#038;preview=true&#038;preview_id=180066"},"modified":"2021-11-19T13:37:30","modified_gmt":"2021-11-19T12:37:30","slug":"stade-toulousain-arthur-bonneval-et-antoine-miquel-en-partance","status":"publish","type":"post","link":"https:\/\/dicodusport.fr\/blog\/stade-toulousain-arthur-bonneval-et-antoine-miquel-en-partance\/","title":{"rendered":"Stade Toulousain : Arthur Bonneval et Antoine Miquel en partance ?"},"content":{"rendered":"<p style=\"text-align: justify;\"><em><b>TOP 14 &#8211; Selon nos confr\u00e8res du <a href=\"https:\/\/www.midi-olympique.fr\/2021\/11\/18\/toulouse-miquel-et-bonneval-sur-le-depart-9935282.php\" target=\"_blank\" rel=\"nofollow noopener\">Midi Olympique<\/a>, les Toulousains Arthur Bonneval et Antoine Miquel n&rsquo;ont toujours pas prolong\u00e9 avec le club haut-garonnais, et attisent les convoitises.\u00a0<\/b><\/em><\/p>\n<p style=\"text-align: justify;\">Pur produit du Stade Toulousain, <strong>Arthur Bonneval<\/strong> (26 ans) est sans doute \u00e0 un tournant de sa carri\u00e8re. Celui qui a disput\u00e9 son premier match avec l&rsquo;\u00e9quipe premi\u00e8re en 2013 (67 matchs pour 23 essais) n&rsquo;a toujours pas prolong\u00e9 avec les Rouge et Noir. Convoit\u00e9 par l&rsquo;UBB et le Stade Fran\u00e7ais, le trois-quart polyvalent, capable d&rsquo;\u00e9voluer \u00e0 l&rsquo;aile, \u00e0 l&rsquo;arri\u00e8re et au centre, pourrait bien aller voir ailleurs. Souvent cantonn\u00e9 \u00e0 un r\u00f4le de troisi\u00e8me, voire 4\u00e8me homme \u00e0 l&rsquo;aile, le natif de la ville rose a \u00e9galement \u00e9t\u00e9 durement touch\u00e9 par les blessures depuis 2017, avec une rupture du ligament crois\u00e9 ant\u00e9rieur du genou droit, une rupture du tendon d&rsquo;Achille, puis des fractures \u00e0 la main et \u00e0 un doigt. R\u00e9ponse dans les semaines \u00e0 venir pour Bonneval.<\/p>\n<p style=\"text-align: justify;\">Autre joueur toulousain dans l&rsquo;incertitude concernant son avenir, le troisi\u00e8me ligne <strong>Antoine Miquel<\/strong>. Arriv\u00e9 \u00e0 Toulouse en 2019, l&rsquo;ancien Agenais a disput\u00e9 34 matchs avec les Stadistes, et doit faire face \u00e0 une grosse concurrence en troisi\u00e8me latte (Tolofua, Cros, Jelonch, Elstadt, Placines). Utilis\u00e9 \u00e0 8 reprises pour 6 titularisations lors des 10 premi\u00e8res journ\u00e9es de championnat, Miquel est suivi de tr\u00e8s pr\u00e8s par le LOU, et a m\u00eame \u00e9t\u00e9 re\u00e7u par les dirigeants lyonnais cet automne. Selon le <em>Midol<\/em>, le joueur de 27 ans serait tent\u00e9 par l&rsquo;aventure rhodanienne, mais attendrait des garanties quant au maintien, ou non, de Pierre Mignoni \u00e0 la t\u00eate du LOU. Affaire \u00e0 suivre.<\/p>\n<blockquote class=\"twitter-tweet\">\n<p dir=\"ltr\" lang=\"fr\">Parmi les joueurs arrivant en fin de contrat, le num\u00e9ro 8 et l\u2019ailier ont des touches en Top 14. &#x1f447;<a href=\"https:\/\/t.co\/5AbJOfc3DS\">https:\/\/t.co\/5AbJOfc3DS<\/a><\/p>\n<p>\u2014 Midi Olympique (@midi_olympique) <a href=\"https:\/\/twitter.com\/midi_olympique\/status\/1461606726713626628?ref_src=twsrc%5Etfw\">November 19, 2021<\/a><\/p><\/blockquote>\n<p><script async src=\"https:\/\/platform.twitter.com\/widgets.js\" charset=\"utf-8\"><\/script><\/p>\n","protected":false},"excerpt":{"rendered":"<p>TOP 14 &#8211; Selon nos confr\u00e8res du Midi Olympique, les Toulousains Arthur Bonneval et Antoine Miquel n&rsquo;ont toujours pas prolong\u00e9 avec le club haut-garonnais, et attisent les convoitises.<\/p>\n","protected":false},"author":4,"featured_media":180076,"comment_status":"open","ping_status":"closed","sticky":false,"template":"","format":"standard","meta":{"_acf_changed":false,"_daextam_enable_autolinks":"","footnotes":""},"categories":[47050],"tags":[20448,4008,111],"class_list":["post-180066","post","type-post","status-publish","format-standard","has-post-thumbnail","hentry","category-top-14","tag-arthur-bonneval","tag-stade-toulousain","tag-top-14"],"acf":[],"yoast_head":"<!-- This site is optimized with the Yoast SEO Premium plugin v26.7 (Yoast SEO v26.7) - https:\/\/yoast.com\/wordpress\/plugins\/seo\/ -->\n<title>Stade Toulousain : Arthur Bonneval et Antoine Miquel en partance ?<\/title>\n<meta name=\"description\" content=\"TOP 14 - Selon nos confr\u00e8res du Midol, les Toulousains Arthur Bonneval et Antoine Miquel n&#039;ont toujours pas prolong\u00e9 avec le club haut-garonnais.\" \/>\n<meta name=\"robots\" content=\"index, follow, max-snippet:-1, max-image-preview:large, max-video-preview:-1\" \/>\n<link rel=\"canonical\" href=\"https:\/\/dicodusport.fr\/blog\/stade-toulousain-arthur-bonneval-et-antoine-miquel-en-partance\/\" \/>\n<meta property=\"og:locale\" content=\"fr_FR\" \/>\n<meta property=\"og:type\" content=\"article\" \/>\n<meta property=\"og:title\" content=\"Stade Toulousain : Arthur Bonneval et Antoine Miquel en partance ?\" \/>\n<meta property=\"og:description\" content=\"TOP 14 - Selon nos confr\u00e8res du Midol, les Toulousains Arthur Bonneval et Antoine Miquel n&#039;ont toujours pas prolong\u00e9 avec le club haut-garonnais.\" \/>\n<meta property=\"og:url\" content=\"https:\/\/dicodusport.fr\/blog\/stade-toulousain-arthur-bonneval-et-antoine-miquel-en-partance\/\" \/>\n<meta property=\"og:site_name\" content=\"Dicodusport\" \/>\n<meta property=\"article:publisher\" content=\"https:\/\/www.facebook.com\/dicodusport\" \/>\n<meta property=\"article:author\" content=\"https:\/\/www.facebook.com\/florent.ostermann\" \/>\n<meta property=\"article:published_time\" content=\"2021-11-19T09:02:25+00:00\" \/>\n<meta property=\"article:modified_time\" content=\"2021-11-19T12:37:30+00:00\" \/>\n<meta property=\"og:image\" content=\"https:\/\/dicodusport.fr\/blog\/wp-content\/uploads\/2021\/11\/Stade-Toulousain-Arthur-Bonneval-et-Antoine-Miquel-en-partance-.png\" \/>\n\t<meta property=\"og:image:width\" content=\"800\" \/>\n\t<meta property=\"og:image:height\" content=\"445\" \/>\n\t<meta property=\"og:image:type\" content=\"image\/png\" \/>\n<meta name=\"author\" content=\"Flo Ostermann\" \/>\n<meta name=\"twitter:card\" content=\"summary_large_image\" \/>\n<meta name=\"twitter:title\" content=\"Stade Toulousain : Arthur Bonneval et Antoine Miquel en partance ?\" \/>\n<meta name=\"twitter:creator\" content=\"@https:\/\/twitter.com\/FlOstermann\" \/>\n<meta name=\"twitter:site\" content=\"@dicodusport\" \/>\n<script type=\"application\/ld+json\" class=\"yoast-schema-graph\">{\"@context\":\"https:\/\/schema.org\",\"@graph\":[{\"@type\":\"NewsArticle\",\"@id\":\"https:\/\/dicodusport.fr\/blog\/stade-toulousain-arthur-bonneval-et-antoine-miquel-en-partance\/#article\",\"isPartOf\":{\"@id\":\"https:\/\/dicodusport.fr\/blog\/stade-toulousain-arthur-bonneval-et-antoine-miquel-en-partance\/\"},\"author\":{\"name\":\"Flo Ostermann\",\"@id\":\"https:\/\/dicodusport.fr\/blog\/#\/schema\/person\/cb02af4c173ce4a653b55e9baf388d4a\"},\"headline\":\"Stade Toulousain : Arthur Bonneval et Antoine Miquel en partance ?\",\"datePublished\":\"2021-11-19T09:02:25+00:00\",\"dateModified\":\"2021-11-19T12:37:30+00:00\",\"mainEntityOfPage\":{\"@id\":\"https:\/\/dicodusport.fr\/blog\/stade-toulousain-arthur-bonneval-et-antoine-miquel-en-partance\/\"},\"wordCount\":312,\"commentCount\":0,\"publisher\":{\"@id\":\"https:\/\/dicodusport.fr\/blog\/#organization\"},\"image\":{\"@id\":\"https:\/\/dicodusport.fr\/blog\/stade-toulousain-arthur-bonneval-et-antoine-miquel-en-partance\/#primaryimage\"},\"thumbnailUrl\":\"https:\/\/dicodusport.fr\/blog\/wp-content\/uploads\/2021\/11\/Stade-Toulousain-Arthur-Bonneval-et-Antoine-Miquel-en-partance-.png\",\"keywords\":[\"Arthur Bonneval\",\"Stade Toulousain\",\"Top 14\"],\"articleSection\":[\"Top 14\"],\"inLanguage\":\"fr-FR\",\"potentialAction\":[{\"@type\":\"CommentAction\",\"name\":\"Comment\",\"target\":[\"https:\/\/dicodusport.fr\/blog\/stade-toulousain-arthur-bonneval-et-antoine-miquel-en-partance\/#respond\"]}],\"copyrightYear\":\"2021\",\"copyrightHolder\":{\"@id\":\"https:\/\/dicodusport.fr\/blog\/#organization\"}},{\"@type\":\"WebPage\",\"@id\":\"https:\/\/dicodusport.fr\/blog\/stade-toulousain-arthur-bonneval-et-antoine-miquel-en-partance\/\",\"url\":\"https:\/\/dicodusport.fr\/blog\/stade-toulousain-arthur-bonneval-et-antoine-miquel-en-partance\/\",\"name\":\"Stade Toulousain : Arthur Bonneval et Antoine Miquel en partance ?\",\"isPartOf\":{\"@id\":\"https:\/\/dicodusport.fr\/blog\/#website\"},\"primaryImageOfPage\":{\"@id\":\"https:\/\/dicodusport.fr\/blog\/stade-toulousain-arthur-bonneval-et-antoine-miquel-en-partance\/#primaryimage\"},\"image\":{\"@id\":\"https:\/\/dicodusport.fr\/blog\/stade-toulousain-arthur-bonneval-et-antoine-miquel-en-partance\/#primaryimage\"},\"thumbnailUrl\":\"https:\/\/dicodusport.fr\/blog\/wp-content\/uploads\/2021\/11\/Stade-Toulousain-Arthur-Bonneval-et-Antoine-Miquel-en-partance-.png\",\"datePublished\":\"2021-11-19T09:02:25+00:00\",\"dateModified\":\"2021-11-19T12:37:30+00:00\",\"description\":\"TOP 14 - Selon nos confr\u00e8res du Midol, les Toulousains Arthur Bonneval et Antoine Miquel n'ont toujours pas prolong\u00e9 avec le club haut-garonnais.\",\"breadcrumb\":{\"@id\":\"https:\/\/dicodusport.fr\/blog\/stade-toulousain-arthur-bonneval-et-antoine-miquel-en-partance\/#breadcrumb\"},\"inLanguage\":\"fr-FR\",\"potentialAction\":[{\"@type\":\"ReadAction\",\"target\":[\"https:\/\/dicodusport.fr\/blog\/stade-toulousain-arthur-bonneval-et-antoine-miquel-en-partance\/\"]}]},{\"@type\":\"ImageObject\",\"inLanguage\":\"fr-FR\",\"@id\":\"https:\/\/dicodusport.fr\/blog\/stade-toulousain-arthur-bonneval-et-antoine-miquel-en-partance\/#primaryimage\",\"url\":\"https:\/\/dicodusport.fr\/blog\/wp-content\/uploads\/2021\/11\/Stade-Toulousain-Arthur-Bonneval-et-Antoine-Miquel-en-partance-.png\",\"contentUrl\":\"https:\/\/dicodusport.fr\/blog\/wp-content\/uploads\/2021\/11\/Stade-Toulousain-Arthur-Bonneval-et-Antoine-Miquel-en-partance-.png\",\"width\":800,\"height\":445,\"caption\":\"Stade Toulousain Arthur Bonneval et Antoine Miquel en partance\"},{\"@type\":\"BreadcrumbList\",\"@id\":\"https:\/\/dicodusport.fr\/blog\/stade-toulousain-arthur-bonneval-et-antoine-miquel-en-partance\/#breadcrumb\",\"itemListElement\":[{\"@type\":\"ListItem\",\"position\":1,\"name\":\"Accueil\",\"item\":\"https:\/\/dicodusport.fr\/blog\/\"},{\"@type\":\"ListItem\",\"position\":2,\"name\":\"Stade Toulousain : Arthur Bonneval et Antoine Miquel en partance ?\"}]},{\"@type\":\"WebSite\",\"@id\":\"https:\/\/dicodusport.fr\/blog\/#website\",\"url\":\"https:\/\/dicodusport.fr\/blog\/\",\"name\":\"Dicodusport\",\"description\":\"L&#039;encyclop\u00e9die de l&#039;actualit\u00e9 sportive\",\"publisher\":{\"@id\":\"https:\/\/dicodusport.fr\/blog\/#organization\"},\"potentialAction\":[{\"@type\":\"SearchAction\",\"target\":{\"@type\":\"EntryPoint\",\"urlTemplate\":\"https:\/\/dicodusport.fr\/blog\/?s={search_term_string}\"},\"query-input\":{\"@type\":\"PropertyValueSpecification\",\"valueRequired\":true,\"valueName\":\"search_term_string\"}}],\"inLanguage\":\"fr-FR\"},{\"@type\":\"NewsMediaOrganization\",\"@id\":\"https:\/\/dicodusport.fr\/blog\/#organization\",\"name\":\"Dicodusport\",\"url\":\"https:\/\/dicodusport.fr\/blog\/\",\"logo\":{\"@type\":\"ImageObject\",\"inLanguage\":\"fr-FR\",\"@id\":\"https:\/\/dicodusport.fr\/blog\/#\/schema\/logo\/image\/\",\"url\":\"https:\/\/dicodusport.fr\/blog\/wp-content\/uploads\/2020\/06\/cropped-LOGO-DICODUSPORT-2020-SANS-FOND-SANS-TEXTE.png\",\"contentUrl\":\"https:\/\/dicodusport.fr\/blog\/wp-content\/uploads\/2020\/06\/cropped-LOGO-DICODUSPORT-2020-SANS-FOND-SANS-TEXTE.png\",\"width\":512,\"height\":512,\"caption\":\"Dicodusport\"},\"image\":{\"@id\":\"https:\/\/dicodusport.fr\/blog\/#\/schema\/logo\/image\/\"},\"sameAs\":[\"https:\/\/www.facebook.com\/dicodusport\",\"https:\/\/x.com\/dicodusport\",\"https:\/\/www.instagram.com\/dicodusport\/\",\"https:\/\/www.youtube.com\/channel\/UC7V2KZ5sd3htJivAbA4ZG3w\"],\"description\":\"Dicodusport est l'encyclop\u00e9die de l'actualit\u00e9 sportive.\",\"email\":\"bonjour@dicodusport.fr\",\"legalName\":\"DICODUSPORT\",\"foundingDate\":\"2018-01-14\",\"vatID\":\"FR71834470973\",\"taxID\":\"83447097300043\",\"numberOfEmployees\":{\"@type\":\"QuantitativeValue\",\"minValue\":\"1\",\"maxValue\":\"10\"}},{\"@type\":\"Person\",\"@id\":\"https:\/\/dicodusport.fr\/blog\/#\/schema\/person\/cb02af4c173ce4a653b55e9baf388d4a\",\"name\":\"Flo Ostermann\",\"image\":{\"@type\":\"ImageObject\",\"inLanguage\":\"fr-FR\",\"@id\":\"https:\/\/dicodusport.fr\/blog\/#\/schema\/person\/image\/\",\"url\":\"https:\/\/dicodusport.fr\/blog\/wp-content\/uploads\/2021\/05\/Flo-Ostermann-150x150.jpg\",\"contentUrl\":\"https:\/\/dicodusport.fr\/blog\/wp-content\/uploads\/2021\/05\/Flo-Ostermann-150x150.jpg\",\"caption\":\"Flo Ostermann\"},\"description\":\"Journaliste\/R\u00e9dacteur depuis septembre 2015 - Mes premiers souvenirs dans le sport ? Les envol\u00e9es du Stade Toulousain et les duels Villeneuve-Schumacher et H\u00e4kkinen-Schumacher \u00e0 la fin des ann\u00e9es 90, la Coupe du monde de football en 1998, l\u2019exploit du XV de France face aux All Blacks en 1999, mais aussi Richard C\u0153ur de Lion qui vole sur les montagnes du Tour de France. Bien parti pour devenir professeur d\u2019EPS, les \u00e9v\u00e9nements de la vie (et la flemme d\u2019animer des s\u00e9ances de 3x500 m\u00e8tres toute ma vie) m\u2019ont conduit \u00e0 revoir mes plans. Me voil\u00e0 depuis fin 2017 sur Dicodusport, m\u00e9dia gr\u00e2ce (et pour) lequel je partage ma passion : le sport dans tous ses \u00e9tats. Le tout accompagn\u00e9 par les fous furieux et folles furieuses cit\u00e9s sur cette page !\",\"sameAs\":[\"https:\/\/www.facebook.com\/florent.ostermann\",\"https:\/\/x.com\/https:\/\/twitter.com\/FlOstermann\",\"admin\"],\"url\":\"https:\/\/dicodusport.fr\/blog\/author\/flo\/\"}]}<\/script>\n<!-- \/ Yoast SEO Premium plugin. -->","yoast_head_json":{"title":"Stade Toulousain : Arthur Bonneval et Antoine Miquel en partance ?","description":"TOP 14 - Selon nos confr\u00e8res du Midol, les Toulousains Arthur Bonneval et Antoine Miquel n'ont toujours pas prolong\u00e9 avec le club haut-garonnais.","robots":{"index":"index","follow":"follow","max-snippet":"max-snippet:-1","max-image-preview":"max-image-preview:large","max-video-preview":"max-video-preview:-1"},"canonical":"https:\/\/dicodusport.fr\/blog\/stade-toulousain-arthur-bonneval-et-antoine-miquel-en-partance\/","og_locale":"fr_FR","og_type":"article","og_title":"Stade Toulousain : Arthur Bonneval et Antoine Miquel en partance ?","og_description":"TOP 14 - Selon nos confr\u00e8res du Midol, les Toulousains Arthur Bonneval et Antoine Miquel n'ont toujours pas prolong\u00e9 avec le club haut-garonnais.","og_url":"https:\/\/dicodusport.fr\/blog\/stade-toulousain-arthur-bonneval-et-antoine-miquel-en-partance\/","og_site_name":"Dicodusport","article_publisher":"https:\/\/www.facebook.com\/dicodusport","article_author":"https:\/\/www.facebook.com\/florent.ostermann","article_published_time":"2021-11-19T09:02:25+00:00","article_modified_time":"2021-11-19T12:37:30+00:00","og_image":[{"width":800,"height":445,"url":"https:\/\/dicodusport.fr\/blog\/wp-content\/uploads\/2021\/11\/Stade-Toulousain-Arthur-Bonneval-et-Antoine-Miquel-en-partance-.png","type":"image\/png"}],"author":"Flo Ostermann","twitter_card":"summary_large_image","twitter_title":"Stade Toulousain : Arthur Bonneval et Antoine Miquel en partance ?","twitter_creator":"@https:\/\/twitter.com\/FlOstermann","twitter_site":"@dicodusport","schema":{"@context":"https:\/\/schema.org","@graph":[{"@type":"NewsArticle","@id":"https:\/\/dicodusport.fr\/blog\/stade-toulousain-arthur-bonneval-et-antoine-miquel-en-partance\/#article","isPartOf":{"@id":"https:\/\/dicodusport.fr\/blog\/stade-toulousain-arthur-bonneval-et-antoine-miquel-en-partance\/"},"author":{"name":"Flo Ostermann","@id":"https:\/\/dicodusport.fr\/blog\/#\/schema\/person\/cb02af4c173ce4a653b55e9baf388d4a"},"headline":"Stade Toulousain : Arthur Bonneval et Antoine Miquel en partance ?","datePublished":"2021-11-19T09:02:25+00:00","dateModified":"2021-11-19T12:37:30+00:00","mainEntityOfPage":{"@id":"https:\/\/dicodusport.fr\/blog\/stade-toulousain-arthur-bonneval-et-antoine-miquel-en-partance\/"},"wordCount":312,"commentCount":0,"publisher":{"@id":"https:\/\/dicodusport.fr\/blog\/#organization"},"image":{"@id":"https:\/\/dicodusport.fr\/blog\/stade-toulousain-arthur-bonneval-et-antoine-miquel-en-partance\/#primaryimage"},"thumbnailUrl":"https:\/\/dicodusport.fr\/blog\/wp-content\/uploads\/2021\/11\/Stade-Toulousain-Arthur-Bonneval-et-Antoine-Miquel-en-partance-.png","keywords":["Arthur Bonneval","Stade Toulousain","Top 14"],"articleSection":["Top 14"],"inLanguage":"fr-FR","potentialAction":[{"@type":"CommentAction","name":"Comment","target":["https:\/\/dicodusport.fr\/blog\/stade-toulousain-arthur-bonneval-et-antoine-miquel-en-partance\/#respond"]}],"copyrightYear":"2021","copyrightHolder":{"@id":"https:\/\/dicodusport.fr\/blog\/#organization"}},{"@type":"WebPage","@id":"https:\/\/dicodusport.fr\/blog\/stade-toulousain-arthur-bonneval-et-antoine-miquel-en-partance\/","url":"https:\/\/dicodusport.fr\/blog\/stade-toulousain-arthur-bonneval-et-antoine-miquel-en-partance\/","name":"Stade Toulousain : Arthur Bonneval et Antoine Miquel en partance ?","isPartOf":{"@id":"https:\/\/dicodusport.fr\/blog\/#website"},"primaryImageOfPage":{"@id":"https:\/\/dicodusport.fr\/blog\/stade-toulousain-arthur-bonneval-et-antoine-miquel-en-partance\/#primaryimage"},"image":{"@id":"https:\/\/dicodusport.fr\/blog\/stade-toulousain-arthur-bonneval-et-antoine-miquel-en-partance\/#primaryimage"},"thumbnailUrl":"https:\/\/dicodusport.fr\/blog\/wp-content\/uploads\/2021\/11\/Stade-Toulousain-Arthur-Bonneval-et-Antoine-Miquel-en-partance-.png","datePublished":"2021-11-19T09:02:25+00:00","dateModified":"2021-11-19T12:37:30+00:00","description":"TOP 14 - Selon nos confr\u00e8res du Midol, les Toulousains Arthur Bonneval et Antoine Miquel n'ont toujours pas prolong\u00e9 avec le club haut-garonnais.","breadcrumb":{"@id":"https:\/\/dicodusport.fr\/blog\/stade-toulousain-arthur-bonneval-et-antoine-miquel-en-partance\/#breadcrumb"},"inLanguage":"fr-FR","potentialAction":[{"@type":"ReadAction","target":["https:\/\/dicodusport.fr\/blog\/stade-toulousain-arthur-bonneval-et-antoine-miquel-en-partance\/"]}]},{"@type":"ImageObject","inLanguage":"fr-FR","@id":"https:\/\/dicodusport.fr\/blog\/stade-toulousain-arthur-bonneval-et-antoine-miquel-en-partance\/#primaryimage","url":"https:\/\/dicodusport.fr\/blog\/wp-content\/uploads\/2021\/11\/Stade-Toulousain-Arthur-Bonneval-et-Antoine-Miquel-en-partance-.png","contentUrl":"https:\/\/dicodusport.fr\/blog\/wp-content\/uploads\/2021\/11\/Stade-Toulousain-Arthur-Bonneval-et-Antoine-Miquel-en-partance-.png","width":800,"height":445,"caption":"Stade Toulousain Arthur Bonneval et Antoine Miquel en partance"},{"@type":"BreadcrumbList","@id":"https:\/\/dicodusport.fr\/blog\/stade-toulousain-arthur-bonneval-et-antoine-miquel-en-partance\/#breadcrumb","itemListElement":[{"@type":"ListItem","position":1,"name":"Accueil","item":"https:\/\/dicodusport.fr\/blog\/"},{"@type":"ListItem","position":2,"name":"Stade Toulousain : Arthur Bonneval et Antoine Miquel en partance ?"}]},{"@type":"WebSite","@id":"https:\/\/dicodusport.fr\/blog\/#website","url":"https:\/\/dicodusport.fr\/blog\/","name":"Dicodusport","description":"L&#039;encyclop\u00e9die de l&#039;actualit\u00e9 sportive","publisher":{"@id":"https:\/\/dicodusport.fr\/blog\/#organization"},"potentialAction":[{"@type":"SearchAction","target":{"@type":"EntryPoint","urlTemplate":"https:\/\/dicodusport.fr\/blog\/?s={search_term_string}"},"query-input":{"@type":"PropertyValueSpecification","valueRequired":true,"valueName":"search_term_string"}}],"inLanguage":"fr-FR"},{"@type":"NewsMediaOrganization","@id":"https:\/\/dicodusport.fr\/blog\/#organization","name":"Dicodusport","url":"https:\/\/dicodusport.fr\/blog\/","logo":{"@type":"ImageObject","inLanguage":"fr-FR","@id":"https:\/\/dicodusport.fr\/blog\/#\/schema\/logo\/image\/","url":"https:\/\/dicodusport.fr\/blog\/wp-content\/uploads\/2020\/06\/cropped-LOGO-DICODUSPORT-2020-SANS-FOND-SANS-TEXTE.png","contentUrl":"https:\/\/dicodusport.fr\/blog\/wp-content\/uploads\/2020\/06\/cropped-LOGO-DICODUSPORT-2020-SANS-FOND-SANS-TEXTE.png","width":512,"height":512,"caption":"Dicodusport"},"image":{"@id":"https:\/\/dicodusport.fr\/blog\/#\/schema\/logo\/image\/"},"sameAs":["https:\/\/www.facebook.com\/dicodusport","https:\/\/x.com\/dicodusport","https:\/\/www.instagram.com\/dicodusport\/","https:\/\/www.youtube.com\/channel\/UC7V2KZ5sd3htJivAbA4ZG3w"],"description":"Dicodusport est l'encyclop\u00e9die de l'actualit\u00e9 sportive.","email":"bonjour@dicodusport.fr","legalName":"DICODUSPORT","foundingDate":"2018-01-14","vatID":"FR71834470973","taxID":"83447097300043","numberOfEmployees":{"@type":"QuantitativeValue","minValue":"1","maxValue":"10"}},{"@type":"Person","@id":"https:\/\/dicodusport.fr\/blog\/#\/schema\/person\/cb02af4c173ce4a653b55e9baf388d4a","name":"Flo Ostermann","image":{"@type":"ImageObject","inLanguage":"fr-FR","@id":"https:\/\/dicodusport.fr\/blog\/#\/schema\/person\/image\/","url":"https:\/\/dicodusport.fr\/blog\/wp-content\/uploads\/2021\/05\/Flo-Ostermann-150x150.jpg","contentUrl":"https:\/\/dicodusport.fr\/blog\/wp-content\/uploads\/2021\/05\/Flo-Ostermann-150x150.jpg","caption":"Flo Ostermann"},"description":"Journaliste\/R\u00e9dacteur depuis septembre 2015 - Mes premiers souvenirs dans le sport ? Les envol\u00e9es du Stade Toulousain et les duels Villeneuve-Schumacher et H\u00e4kkinen-Schumacher \u00e0 la fin des ann\u00e9es 90, la Coupe du monde de football en 1998, l\u2019exploit du XV de France face aux All Blacks en 1999, mais aussi Richard C\u0153ur de Lion qui vole sur les montagnes du Tour de France. Bien parti pour devenir professeur d\u2019EPS, les \u00e9v\u00e9nements de la vie (et la flemme d\u2019animer des s\u00e9ances de 3x500 m\u00e8tres toute ma vie) m\u2019ont conduit \u00e0 revoir mes plans. Me voil\u00e0 depuis fin 2017 sur Dicodusport, m\u00e9dia gr\u00e2ce (et pour) lequel je partage ma passion : le sport dans tous ses \u00e9tats. Le tout accompagn\u00e9 par les fous furieux et folles furieuses cit\u00e9s sur cette page !","sameAs":["https:\/\/www.facebook.com\/florent.ostermann","https:\/\/x.com\/https:\/\/twitter.com\/FlOstermann","admin"],"url":"https:\/\/dicodusport.fr\/blog\/author\/flo\/"}]}},"_links":{"self":[{"href":"https:\/\/dicodusport.fr\/blog\/wp-json\/wp\/v2\/posts\/180066","targetHints":{"allow":["GET"]}}],"collection":[{"href":"https:\/\/dicodusport.fr\/blog\/wp-json\/wp\/v2\/posts"}],"about":[{"href":"https:\/\/dicodusport.fr\/blog\/wp-json\/wp\/v2\/types\/post"}],"author":[{"embeddable":true,"href":"https:\/\/dicodusport.fr\/blog\/wp-json\/wp\/v2\/users\/4"}],"replies":[{"embeddable":true,"href":"https:\/\/dicodusport.fr\/blog\/wp-json\/wp\/v2\/comments?post=180066"}],"version-history":[{"count":0,"href":"https:\/\/dicodusport.fr\/blog\/wp-json\/wp\/v2\/posts\/180066\/revisions"}],"wp:featuredmedia":[{"embeddable":true,"href":"https:\/\/dicodusport.fr\/blog\/wp-json\/wp\/v2\/media\/180076"}],"wp:attachment":[{"href":"https:\/\/dicodusport.fr\/blog\/wp-json\/wp\/v2\/media?parent=180066"}],"wp:term":[{"taxonomy":"category","embeddable":true,"href":"https:\/\/dicodusport.fr\/blog\/wp-json\/wp\/v2\/categories?post=180066"},{"taxonomy":"post_tag","embeddable":true,"href":"https:\/\/dicodusport.fr\/blog\/wp-json\/wp\/v2\/tags?post=180066"}],"curies":[{"name":"wp","href":"https:\/\/api.w.org\/{rel}","templated":true}]}}