{"id":180147,"date":"2021-11-19T19:06:55","date_gmt":"2021-11-19T18:06:55","guid":{"rendered":"https:\/\/dicodusport.fr\/blog\/?p=180147&#038;preview=true&#038;preview_id=180147"},"modified":"2021-11-19T19:06:55","modified_gmt":"2021-11-19T18:06:55","slug":"all-blacks-ce-qu-il-faut-savoir-de-will-magic-jordan","status":"publish","type":"post","link":"https:\/\/dicodusport.fr\/blog\/all-blacks-ce-qu-il-faut-savoir-de-will-magic-jordan\/","title":{"rendered":"All Blacks : Les 5 choses \u00e0 savoir sur Will Jordan"},"content":{"rendered":"<p style=\"text-align: justify;\"><em><strong>RUGBY &#8211; S\u00e9rial scoreur, Will Jordan s&rsquo;impose peu \u00e0 peu comme la t\u00eate d&rsquo;affiche des All Blacks. Ses statistiques (17 essais en 12 s\u00e9lections) sous le maillot de sa s\u00e9lection sont affolantes. Samedi, le nouveau prodige du rugby mondial sera \u00e0 surveiller de tr\u00e8s pr\u00e8s par le XV de France.<\/strong><\/em><\/p>\n<h2 style=\"text-align: justify;\">Une moyenne d&rsquo;1,4 essai par s\u00e9lection<\/h2>\n<p style=\"text-align: justify;\">A seulement 23 ans, <strong>Will Jordan<\/strong> est la nouvelle p\u00e9pite du rugby n\u00e9o-z\u00e9landais. Ses statistiques sous le maillot des All Blacks sont tout simplement affolantes. 17 essais en 12 s\u00e9lections et une moyenne donc d&rsquo;1,4 ballon aplatit dans l&rsquo;en-but par match. S\u00e9lectionn\u00e9 pour la premi\u00e8re fois en septembre 2020, Jordan encha\u00eene les performances de haut vol depuis. Sur ses 10 titularisations, il a scor\u00e9 9 fois. Celui qui est surnomm\u00e9 Will <em>Magic<\/em> Jordan propose \u00e9galement de belles feuilles de match dans son club des Crusaders. 47 essais lors de ses 57 titularisations. Un s\u00e9rial scoreur on vous a dit.<\/p>\n<blockquote class=\"twitter-tweet\">\n<p dir=\"ltr\" lang=\"en\">Make that 16 tries in 11 Tests for Will Jordan &#x1f44f;&#x1f3fd;<\/p>\n<p>&#x1f3a5;: <a href=\"https:\/\/twitter.com\/skysportnz?ref_src=twsrc%5Etfw\">@skysportnz<\/a><a href=\"https:\/\/twitter.com\/hashtag\/WALvNZL?src=hash&amp;ref_src=twsrc%5Etfw\">#WALvNZL<\/a> <a href=\"https:\/\/t.co\/NTkXRE821l\">pic.twitter.com\/NTkXRE821l<\/a><\/p>\n<p>\u2014 All Blacks (@AllBlacks) <a href=\"https:\/\/twitter.com\/AllBlacks\/status\/1454599002062733312?ref_src=twsrc%5Etfw\">October 31, 2021<\/a><\/p><\/blockquote>\n<p><script async src=\"https:\/\/platform.twitter.com\/widgets.js\" charset=\"utf-8\"><\/script><\/p>\n<h2 style=\"text-align: justify;\">Un quintupl\u00e9 face aux Tonga<\/h2>\n<p style=\"text-align: justify;\">Si la mont\u00e9e en puissance de ce joueur se fait depuis plusieurs ann\u00e9es, son explosion aux yeux du monde du rugby s&rsquo;est probablement faite lors de l&rsquo;\u00e9crasante victoire des siens face aux Tonga 102-0 le 3 juillet dernier. Au cours de cette rencontre, 5 des 16 essais inscrits par la Nouvelle-Z\u00e9lande sont aplatis par <strong>Will Jordan<\/strong>. Depuis, il a marqu\u00e9 lors de 8 des 9 rencontres disput\u00e9es par la premi\u00e8re nation au long nuage blanc.<\/p>\n<h2 style=\"text-align: justify;\">Champion du monde avec les Baby Blacks<\/h2>\n<p style=\"text-align: justify;\">Champion du monde, <strong>Will Jordan<\/strong> l&rsquo;est d\u00e9j\u00e0, mais avec les jeunes. Deux ans apr\u00e8s le titre des All Blacks, il m\u00e8ne les Baby Blacks au titre mondial des U20 en 2017, en G\u00e9orgie. Au cours de la comp\u00e9tition, le jeune prodige marque 5 essais en&#8230; 5 matchs. Cette performance le propulse dans le groupe s\u00e9nior des Crusaders. Mais une commotion c\u00e9r\u00e9brale s\u00e9rieuse l&#8217;emp\u00eachera de fouler les pelouses du Super Rugby avant 2019.<\/p>\n<h2 style=\"text-align: justify;\">Le record de Rokocoko menac\u00e9 face \u00e0 la France<\/h2>\n<p style=\"text-align: justify;\">Face aux Bleus samedi, <strong>Will Jordan<\/strong> va tenter d&rsquo;\u00e9galer et m\u00eame de d\u00e9passer un vieux record d\u00e9tenu par Joe Rokocoko. En 2003, l&rsquo;ailier des Blacks r\u00e9alise une saison historique avec 17 essais en 12 matchs disput\u00e9s avec les All Blacks. Aujourd&rsquo;hui arm\u00e9 de ses 15 essais en 10 rencontres, Will Jordan peut donc r\u00eaver de rejoindre son illustre compatriote. Pour cela, il devra inscrire au moins deux essais face au XV de France samedi, voire un troisi\u00e8me pour \u00eatre le seul et unique d\u00e9tenteur de ce record. Esp\u00e9rons tout de m\u00eame ne pas en arriver jusque l\u00e0.<\/p>\n<blockquote class=\"twitter-tweet\">\n<p dir=\"ltr\" lang=\"en\">Did you see this earlier today from Will Jordan? &#x1f633; <a href=\"https:\/\/t.co\/pxORzVup8n\">pic.twitter.com\/pxORzVup8n<\/a><\/p>\n<p>\u2014 SA Rugby magazine (@SARugbymag) <a href=\"https:\/\/twitter.com\/SARugbymag\/status\/1289576695230394370?ref_src=twsrc%5Etfw\">August 1, 2020<\/a><\/p><\/blockquote>\n<p><script async src=\"https:\/\/platform.twitter.com\/widgets.js\" charset=\"utf-8\"><\/script><\/p>\n<h2 style=\"text-align: justify;\">Un ailier complet au timing parfait<\/h2>\n<p style=\"text-align: justify;\">Avec 1m88 et 91 kg sur la balance, <strong>Will Jordan<\/strong> a le profil de l&rsquo;ailier complet. Rapide et costaud, peu de d\u00e9fenses sont capables de lui r\u00e9sister. Surtout, c&rsquo;est son sens du timing qui lui permet souvent de faire la diff\u00e9rence. Redoutable intercepteur, le jeune All Black a surtout un sens du jeu au dessus de la moyenne. Son placement toujours juste, alli\u00e9 \u00e0 ses capacit\u00e9s physiques, font de lui l&rsquo;ailier moderne par excellence. Les Bleus sont pr\u00e9venus.<\/p>\n<blockquote class=\"twitter-tweet\">\n<p dir=\"ltr\" lang=\"fr\">&#x1f6a8;Quatre incroyables joueurs nomm\u00e9s dans la cat\u00e9gorie r\u00e9v\u00e9lation de l\u2019ann\u00e9e <a href=\"https:\/\/twitter.com\/WorldRugby?ref_src=twsrc%5Etfw\">@WorldRugby<\/a>.<\/p>\n<p>Pour vous, qui m\u00e9rite ce titre ? <a href=\"https:\/\/t.co\/7xNiCpIxqo\">pic.twitter.com\/7xNiCpIxqo<\/a><\/p>\n<p>\u2014 Gauthier Baudin (@GauthierBaudin) <a href=\"https:\/\/twitter.com\/GauthierBaudin\/status\/1460203562710020096?ref_src=twsrc%5Etfw\">November 15, 2021<\/a><\/p><\/blockquote>\n<p><script async src=\"https:\/\/platform.twitter.com\/widgets.js\" charset=\"utf-8\"><\/script><br \/>\n&nbsp;<\/p>\n<p>&nbsp;<\/p>\n<p>&nbsp;<\/p>\n<p>&nbsp;<\/p>\n","protected":false},"excerpt":{"rendered":"<p>RUGBY &#8211; S\u00e9rial scoreur, Will Jordan s&rsquo;impose peu \u00e0 peu comme la t\u00eate d&rsquo;affiche des All Blacks. Ses statistiques (17 essais en 12 s\u00e9lections) sous le maillot de sa s\u00e9lection sont affolantes. Samedi, le nouveau prodige du rugby mondial sera \u00e0 surveiller de tr\u00e8s pr\u00e8s par le XV de France.<\/p>\n","protected":false},"author":60,"featured_media":180167,"comment_status":"open","ping_status":"closed","sticky":false,"template":"","format":"standard","meta":{"_acf_changed":false,"_daextam_enable_autolinks":"","footnotes":""},"categories":[9129],"tags":[21,1638],"class_list":["post-180147","post","type-post","status-publish","format-standard","has-post-thumbnail","hentry","category-rugby-a-xv","tag-all-blacks","tag-xv-de-france"],"acf":[],"yoast_head":"<!-- This site is optimized with the Yoast SEO Premium plugin v26.7 (Yoast SEO v26.7) - https:\/\/yoast.com\/wordpress\/plugins\/seo\/ -->\n<title>All Blacks : Les 5 choses \u00e0 savoir sur Will Jordan<\/title>\n<meta name=\"description\" content=\"RUGBY - A seulement 23 ans, Will Jordan affole les compteurs. L&#039;ailier des All Blacks sera \u00e0 surveiller de pr\u00e8s par les Bleus samedi.\" \/>\n<meta name=\"robots\" content=\"index, follow, max-snippet:-1, max-image-preview:large, max-video-preview:-1\" \/>\n<link rel=\"canonical\" href=\"https:\/\/dicodusport.fr\/blog\/all-blacks-ce-qu-il-faut-savoir-de-will-magic-jordan\/\" \/>\n<meta property=\"og:locale\" content=\"fr_FR\" \/>\n<meta property=\"og:type\" content=\"article\" \/>\n<meta property=\"og:title\" content=\"All Blacks : Les 5 choses \u00e0 savoir sur Will Jordan\" \/>\n<meta property=\"og:description\" content=\"RUGBY - A seulement 23 ans, Will Jordan affole les compteurs. L&#039;ailier des All Blacks sera \u00e0 surveiller de pr\u00e8s par les Bleus samedi.\" \/>\n<meta property=\"og:url\" content=\"https:\/\/dicodusport.fr\/blog\/all-blacks-ce-qu-il-faut-savoir-de-will-magic-jordan\/\" \/>\n<meta property=\"og:site_name\" content=\"Dicodusport\" \/>\n<meta property=\"article:publisher\" content=\"https:\/\/www.facebook.com\/dicodusport\" \/>\n<meta property=\"article:published_time\" content=\"2021-11-19T18:06:55+00:00\" \/>\n<meta property=\"og:image\" content=\"https:\/\/dicodusport.fr\/blog\/wp-content\/uploads\/2021\/11\/All-Blacks-Les-5-choses-a-savoir-sur-Will-Jordan.png\" \/>\n\t<meta property=\"og:image:width\" content=\"800\" \/>\n\t<meta property=\"og:image:height\" content=\"445\" \/>\n\t<meta property=\"og:image:type\" content=\"image\/png\" \/>\n<meta name=\"author\" content=\"Victor Friot\" \/>\n<meta name=\"twitter:card\" content=\"summary_large_image\" \/>\n<meta name=\"twitter:title\" content=\"All Blacks : Les 5 choses \u00e0 savoir sur Will Jordan\" \/>\n<meta name=\"twitter:creator\" content=\"@dicodusport\" \/>\n<meta name=\"twitter:site\" content=\"@dicodusport\" \/>\n<script type=\"application\/ld+json\" class=\"yoast-schema-graph\">{\"@context\":\"https:\/\/schema.org\",\"@graph\":[{\"@type\":\"NewsArticle\",\"@id\":\"https:\/\/dicodusport.fr\/blog\/all-blacks-ce-qu-il-faut-savoir-de-will-magic-jordan\/#article\",\"isPartOf\":{\"@id\":\"https:\/\/dicodusport.fr\/blog\/all-blacks-ce-qu-il-faut-savoir-de-will-magic-jordan\/\"},\"author\":{\"name\":\"Victor Friot\",\"@id\":\"https:\/\/dicodusport.fr\/blog\/#\/schema\/person\/463bd3fdf7997eaf381a70f42317d8db\"},\"headline\":\"All Blacks : Les 5 choses \u00e0 savoir sur Will Jordan\",\"datePublished\":\"2021-11-19T18:06:55+00:00\",\"mainEntityOfPage\":{\"@id\":\"https:\/\/dicodusport.fr\/blog\/all-blacks-ce-qu-il-faut-savoir-de-will-magic-jordan\/\"},\"wordCount\":629,\"commentCount\":0,\"publisher\":{\"@id\":\"https:\/\/dicodusport.fr\/blog\/#organization\"},\"image\":{\"@id\":\"https:\/\/dicodusport.fr\/blog\/all-blacks-ce-qu-il-faut-savoir-de-will-magic-jordan\/#primaryimage\"},\"thumbnailUrl\":\"https:\/\/dicodusport.fr\/blog\/wp-content\/uploads\/2021\/11\/All-Blacks-Les-5-choses-a-savoir-sur-Will-Jordan.png\",\"keywords\":[\"All Blacks\",\"XV de France\"],\"articleSection\":[\"Rugby \u00e0 XV\"],\"inLanguage\":\"fr-FR\",\"potentialAction\":[{\"@type\":\"CommentAction\",\"name\":\"Comment\",\"target\":[\"https:\/\/dicodusport.fr\/blog\/all-blacks-ce-qu-il-faut-savoir-de-will-magic-jordan\/#respond\"]}],\"copyrightYear\":\"2021\",\"copyrightHolder\":{\"@id\":\"https:\/\/dicodusport.fr\/blog\/#organization\"}},{\"@type\":\"WebPage\",\"@id\":\"https:\/\/dicodusport.fr\/blog\/all-blacks-ce-qu-il-faut-savoir-de-will-magic-jordan\/\",\"url\":\"https:\/\/dicodusport.fr\/blog\/all-blacks-ce-qu-il-faut-savoir-de-will-magic-jordan\/\",\"name\":\"All Blacks : Les 5 choses \u00e0 savoir sur Will Jordan\",\"isPartOf\":{\"@id\":\"https:\/\/dicodusport.fr\/blog\/#website\"},\"primaryImageOfPage\":{\"@id\":\"https:\/\/dicodusport.fr\/blog\/all-blacks-ce-qu-il-faut-savoir-de-will-magic-jordan\/#primaryimage\"},\"image\":{\"@id\":\"https:\/\/dicodusport.fr\/blog\/all-blacks-ce-qu-il-faut-savoir-de-will-magic-jordan\/#primaryimage\"},\"thumbnailUrl\":\"https:\/\/dicodusport.fr\/blog\/wp-content\/uploads\/2021\/11\/All-Blacks-Les-5-choses-a-savoir-sur-Will-Jordan.png\",\"datePublished\":\"2021-11-19T18:06:55+00:00\",\"description\":\"RUGBY - A seulement 23 ans, Will Jordan affole les compteurs. L'ailier des All Blacks sera \u00e0 surveiller de pr\u00e8s par les Bleus samedi.\",\"breadcrumb\":{\"@id\":\"https:\/\/dicodusport.fr\/blog\/all-blacks-ce-qu-il-faut-savoir-de-will-magic-jordan\/#breadcrumb\"},\"inLanguage\":\"fr-FR\",\"potentialAction\":[{\"@type\":\"ReadAction\",\"target\":[\"https:\/\/dicodusport.fr\/blog\/all-blacks-ce-qu-il-faut-savoir-de-will-magic-jordan\/\"]}]},{\"@type\":\"ImageObject\",\"inLanguage\":\"fr-FR\",\"@id\":\"https:\/\/dicodusport.fr\/blog\/all-blacks-ce-qu-il-faut-savoir-de-will-magic-jordan\/#primaryimage\",\"url\":\"https:\/\/dicodusport.fr\/blog\/wp-content\/uploads\/2021\/11\/All-Blacks-Les-5-choses-a-savoir-sur-Will-Jordan.png\",\"contentUrl\":\"https:\/\/dicodusport.fr\/blog\/wp-content\/uploads\/2021\/11\/All-Blacks-Les-5-choses-a-savoir-sur-Will-Jordan.png\",\"width\":800,\"height\":445,\"caption\":\"All Blacks Les 5 choses \u00e0 savoir sur Will Jordan\"},{\"@type\":\"BreadcrumbList\",\"@id\":\"https:\/\/dicodusport.fr\/blog\/all-blacks-ce-qu-il-faut-savoir-de-will-magic-jordan\/#breadcrumb\",\"itemListElement\":[{\"@type\":\"ListItem\",\"position\":1,\"name\":\"Accueil\",\"item\":\"https:\/\/dicodusport.fr\/blog\/\"},{\"@type\":\"ListItem\",\"position\":2,\"name\":\"All Blacks : Les 5 choses \u00e0 savoir sur Will Jordan\"}]},{\"@type\":\"WebSite\",\"@id\":\"https:\/\/dicodusport.fr\/blog\/#website\",\"url\":\"https:\/\/dicodusport.fr\/blog\/\",\"name\":\"Dicodusport\",\"description\":\"L&#039;encyclop\u00e9die de l&#039;actualit\u00e9 sportive\",\"publisher\":{\"@id\":\"https:\/\/dicodusport.fr\/blog\/#organization\"},\"potentialAction\":[{\"@type\":\"SearchAction\",\"target\":{\"@type\":\"EntryPoint\",\"urlTemplate\":\"https:\/\/dicodusport.fr\/blog\/?s={search_term_string}\"},\"query-input\":{\"@type\":\"PropertyValueSpecification\",\"valueRequired\":true,\"valueName\":\"search_term_string\"}}],\"inLanguage\":\"fr-FR\"},{\"@type\":\"NewsMediaOrganization\",\"@id\":\"https:\/\/dicodusport.fr\/blog\/#organization\",\"name\":\"Dicodusport\",\"url\":\"https:\/\/dicodusport.fr\/blog\/\",\"logo\":{\"@type\":\"ImageObject\",\"inLanguage\":\"fr-FR\",\"@id\":\"https:\/\/dicodusport.fr\/blog\/#\/schema\/logo\/image\/\",\"url\":\"https:\/\/dicodusport.fr\/blog\/wp-content\/uploads\/2020\/06\/cropped-LOGO-DICODUSPORT-2020-SANS-FOND-SANS-TEXTE.png\",\"contentUrl\":\"https:\/\/dicodusport.fr\/blog\/wp-content\/uploads\/2020\/06\/cropped-LOGO-DICODUSPORT-2020-SANS-FOND-SANS-TEXTE.png\",\"width\":512,\"height\":512,\"caption\":\"Dicodusport\"},\"image\":{\"@id\":\"https:\/\/dicodusport.fr\/blog\/#\/schema\/logo\/image\/\"},\"sameAs\":[\"https:\/\/www.facebook.com\/dicodusport\",\"https:\/\/x.com\/dicodusport\",\"https:\/\/www.instagram.com\/dicodusport\/\",\"https:\/\/www.youtube.com\/channel\/UC7V2KZ5sd3htJivAbA4ZG3w\"],\"description\":\"Dicodusport est l'encyclop\u00e9die de l'actualit\u00e9 sportive.\",\"email\":\"bonjour@dicodusport.fr\",\"legalName\":\"DICODUSPORT\",\"foundingDate\":\"2018-01-14\",\"vatID\":\"FR71834470973\",\"taxID\":\"83447097300043\",\"numberOfEmployees\":{\"@type\":\"QuantitativeValue\",\"minValue\":\"1\",\"maxValue\":\"10\"}},{\"@type\":\"Person\",\"@id\":\"https:\/\/dicodusport.fr\/blog\/#\/schema\/person\/463bd3fdf7997eaf381a70f42317d8db\",\"name\":\"Victor Friot\",\"image\":{\"@type\":\"ImageObject\",\"inLanguage\":\"fr-FR\",\"@id\":\"https:\/\/dicodusport.fr\/blog\/#\/schema\/person\/image\/\",\"url\":\"https:\/\/dicodusport.fr\/blog\/wp-content\/uploads\/2020\/06\/LOGO-DICODUSPORT-2020-SANS-FOND-SANS-TEXTE-150x150.png\",\"contentUrl\":\"https:\/\/dicodusport.fr\/blog\/wp-content\/uploads\/2020\/06\/LOGO-DICODUSPORT-2020-SANS-FOND-SANS-TEXTE-150x150.png\",\"caption\":\"Victor Friot\"},\"url\":\"https:\/\/dicodusport.fr\/blog\/author\/victor-friot\/\"}]}<\/script>\n<!-- \/ Yoast SEO Premium plugin. -->","yoast_head_json":{"title":"All Blacks : Les 5 choses \u00e0 savoir sur Will Jordan","description":"RUGBY - A seulement 23 ans, Will Jordan affole les compteurs. L'ailier des All Blacks sera \u00e0 surveiller de pr\u00e8s par les Bleus samedi.","robots":{"index":"index","follow":"follow","max-snippet":"max-snippet:-1","max-image-preview":"max-image-preview:large","max-video-preview":"max-video-preview:-1"},"canonical":"https:\/\/dicodusport.fr\/blog\/all-blacks-ce-qu-il-faut-savoir-de-will-magic-jordan\/","og_locale":"fr_FR","og_type":"article","og_title":"All Blacks : Les 5 choses \u00e0 savoir sur Will Jordan","og_description":"RUGBY - A seulement 23 ans, Will Jordan affole les compteurs. L'ailier des All Blacks sera \u00e0 surveiller de pr\u00e8s par les Bleus samedi.","og_url":"https:\/\/dicodusport.fr\/blog\/all-blacks-ce-qu-il-faut-savoir-de-will-magic-jordan\/","og_site_name":"Dicodusport","article_publisher":"https:\/\/www.facebook.com\/dicodusport","article_published_time":"2021-11-19T18:06:55+00:00","og_image":[{"width":800,"height":445,"url":"https:\/\/dicodusport.fr\/blog\/wp-content\/uploads\/2021\/11\/All-Blacks-Les-5-choses-a-savoir-sur-Will-Jordan.png","type":"image\/png"}],"author":"Victor Friot","twitter_card":"summary_large_image","twitter_title":"All Blacks : Les 5 choses \u00e0 savoir sur Will Jordan","twitter_creator":"@dicodusport","twitter_site":"@dicodusport","schema":{"@context":"https:\/\/schema.org","@graph":[{"@type":"NewsArticle","@id":"https:\/\/dicodusport.fr\/blog\/all-blacks-ce-qu-il-faut-savoir-de-will-magic-jordan\/#article","isPartOf":{"@id":"https:\/\/dicodusport.fr\/blog\/all-blacks-ce-qu-il-faut-savoir-de-will-magic-jordan\/"},"author":{"name":"Victor Friot","@id":"https:\/\/dicodusport.fr\/blog\/#\/schema\/person\/463bd3fdf7997eaf381a70f42317d8db"},"headline":"All Blacks : Les 5 choses \u00e0 savoir sur Will Jordan","datePublished":"2021-11-19T18:06:55+00:00","mainEntityOfPage":{"@id":"https:\/\/dicodusport.fr\/blog\/all-blacks-ce-qu-il-faut-savoir-de-will-magic-jordan\/"},"wordCount":629,"commentCount":0,"publisher":{"@id":"https:\/\/dicodusport.fr\/blog\/#organization"},"image":{"@id":"https:\/\/dicodusport.fr\/blog\/all-blacks-ce-qu-il-faut-savoir-de-will-magic-jordan\/#primaryimage"},"thumbnailUrl":"https:\/\/dicodusport.fr\/blog\/wp-content\/uploads\/2021\/11\/All-Blacks-Les-5-choses-a-savoir-sur-Will-Jordan.png","keywords":["All Blacks","XV de France"],"articleSection":["Rugby \u00e0 XV"],"inLanguage":"fr-FR","potentialAction":[{"@type":"CommentAction","name":"Comment","target":["https:\/\/dicodusport.fr\/blog\/all-blacks-ce-qu-il-faut-savoir-de-will-magic-jordan\/#respond"]}],"copyrightYear":"2021","copyrightHolder":{"@id":"https:\/\/dicodusport.fr\/blog\/#organization"}},{"@type":"WebPage","@id":"https:\/\/dicodusport.fr\/blog\/all-blacks-ce-qu-il-faut-savoir-de-will-magic-jordan\/","url":"https:\/\/dicodusport.fr\/blog\/all-blacks-ce-qu-il-faut-savoir-de-will-magic-jordan\/","name":"All Blacks : Les 5 choses \u00e0 savoir sur Will Jordan","isPartOf":{"@id":"https:\/\/dicodusport.fr\/blog\/#website"},"primaryImageOfPage":{"@id":"https:\/\/dicodusport.fr\/blog\/all-blacks-ce-qu-il-faut-savoir-de-will-magic-jordan\/#primaryimage"},"image":{"@id":"https:\/\/dicodusport.fr\/blog\/all-blacks-ce-qu-il-faut-savoir-de-will-magic-jordan\/#primaryimage"},"thumbnailUrl":"https:\/\/dicodusport.fr\/blog\/wp-content\/uploads\/2021\/11\/All-Blacks-Les-5-choses-a-savoir-sur-Will-Jordan.png","datePublished":"2021-11-19T18:06:55+00:00","description":"RUGBY - A seulement 23 ans, Will Jordan affole les compteurs. L'ailier des All Blacks sera \u00e0 surveiller de pr\u00e8s par les Bleus samedi.","breadcrumb":{"@id":"https:\/\/dicodusport.fr\/blog\/all-blacks-ce-qu-il-faut-savoir-de-will-magic-jordan\/#breadcrumb"},"inLanguage":"fr-FR","potentialAction":[{"@type":"ReadAction","target":["https:\/\/dicodusport.fr\/blog\/all-blacks-ce-qu-il-faut-savoir-de-will-magic-jordan\/"]}]},{"@type":"ImageObject","inLanguage":"fr-FR","@id":"https:\/\/dicodusport.fr\/blog\/all-blacks-ce-qu-il-faut-savoir-de-will-magic-jordan\/#primaryimage","url":"https:\/\/dicodusport.fr\/blog\/wp-content\/uploads\/2021\/11\/All-Blacks-Les-5-choses-a-savoir-sur-Will-Jordan.png","contentUrl":"https:\/\/dicodusport.fr\/blog\/wp-content\/uploads\/2021\/11\/All-Blacks-Les-5-choses-a-savoir-sur-Will-Jordan.png","width":800,"height":445,"caption":"All Blacks Les 5 choses \u00e0 savoir sur Will Jordan"},{"@type":"BreadcrumbList","@id":"https:\/\/dicodusport.fr\/blog\/all-blacks-ce-qu-il-faut-savoir-de-will-magic-jordan\/#breadcrumb","itemListElement":[{"@type":"ListItem","position":1,"name":"Accueil","item":"https:\/\/dicodusport.fr\/blog\/"},{"@type":"ListItem","position":2,"name":"All Blacks : Les 5 choses \u00e0 savoir sur Will Jordan"}]},{"@type":"WebSite","@id":"https:\/\/dicodusport.fr\/blog\/#website","url":"https:\/\/dicodusport.fr\/blog\/","name":"Dicodusport","description":"L&#039;encyclop\u00e9die de l&#039;actualit\u00e9 sportive","publisher":{"@id":"https:\/\/dicodusport.fr\/blog\/#organization"},"potentialAction":[{"@type":"SearchAction","target":{"@type":"EntryPoint","urlTemplate":"https:\/\/dicodusport.fr\/blog\/?s={search_term_string}"},"query-input":{"@type":"PropertyValueSpecification","valueRequired":true,"valueName":"search_term_string"}}],"inLanguage":"fr-FR"},{"@type":"NewsMediaOrganization","@id":"https:\/\/dicodusport.fr\/blog\/#organization","name":"Dicodusport","url":"https:\/\/dicodusport.fr\/blog\/","logo":{"@type":"ImageObject","inLanguage":"fr-FR","@id":"https:\/\/dicodusport.fr\/blog\/#\/schema\/logo\/image\/","url":"https:\/\/dicodusport.fr\/blog\/wp-content\/uploads\/2020\/06\/cropped-LOGO-DICODUSPORT-2020-SANS-FOND-SANS-TEXTE.png","contentUrl":"https:\/\/dicodusport.fr\/blog\/wp-content\/uploads\/2020\/06\/cropped-LOGO-DICODUSPORT-2020-SANS-FOND-SANS-TEXTE.png","width":512,"height":512,"caption":"Dicodusport"},"image":{"@id":"https:\/\/dicodusport.fr\/blog\/#\/schema\/logo\/image\/"},"sameAs":["https:\/\/www.facebook.com\/dicodusport","https:\/\/x.com\/dicodusport","https:\/\/www.instagram.com\/dicodusport\/","https:\/\/www.youtube.com\/channel\/UC7V2KZ5sd3htJivAbA4ZG3w"],"description":"Dicodusport est l'encyclop\u00e9die de l'actualit\u00e9 sportive.","email":"bonjour@dicodusport.fr","legalName":"DICODUSPORT","foundingDate":"2018-01-14","vatID":"FR71834470973","taxID":"83447097300043","numberOfEmployees":{"@type":"QuantitativeValue","minValue":"1","maxValue":"10"}},{"@type":"Person","@id":"https:\/\/dicodusport.fr\/blog\/#\/schema\/person\/463bd3fdf7997eaf381a70f42317d8db","name":"Victor Friot","image":{"@type":"ImageObject","inLanguage":"fr-FR","@id":"https:\/\/dicodusport.fr\/blog\/#\/schema\/person\/image\/","url":"https:\/\/dicodusport.fr\/blog\/wp-content\/uploads\/2020\/06\/LOGO-DICODUSPORT-2020-SANS-FOND-SANS-TEXTE-150x150.png","contentUrl":"https:\/\/dicodusport.fr\/blog\/wp-content\/uploads\/2020\/06\/LOGO-DICODUSPORT-2020-SANS-FOND-SANS-TEXTE-150x150.png","caption":"Victor Friot"},"url":"https:\/\/dicodusport.fr\/blog\/author\/victor-friot\/"}]}},"_links":{"self":[{"href":"https:\/\/dicodusport.fr\/blog\/wp-json\/wp\/v2\/posts\/180147","targetHints":{"allow":["GET"]}}],"collection":[{"href":"https:\/\/dicodusport.fr\/blog\/wp-json\/wp\/v2\/posts"}],"about":[{"href":"https:\/\/dicodusport.fr\/blog\/wp-json\/wp\/v2\/types\/post"}],"author":[{"embeddable":true,"href":"https:\/\/dicodusport.fr\/blog\/wp-json\/wp\/v2\/users\/60"}],"replies":[{"embeddable":true,"href":"https:\/\/dicodusport.fr\/blog\/wp-json\/wp\/v2\/comments?post=180147"}],"version-history":[{"count":0,"href":"https:\/\/dicodusport.fr\/blog\/wp-json\/wp\/v2\/posts\/180147\/revisions"}],"wp:featuredmedia":[{"embeddable":true,"href":"https:\/\/dicodusport.fr\/blog\/wp-json\/wp\/v2\/media\/180167"}],"wp:attachment":[{"href":"https:\/\/dicodusport.fr\/blog\/wp-json\/wp\/v2\/media?parent=180147"}],"wp:term":[{"taxonomy":"category","embeddable":true,"href":"https:\/\/dicodusport.fr\/blog\/wp-json\/wp\/v2\/categories?post=180147"},{"taxonomy":"post_tag","embeddable":true,"href":"https:\/\/dicodusport.fr\/blog\/wp-json\/wp\/v2\/tags?post=180147"}],"curies":[{"name":"wp","href":"https:\/\/api.w.org\/{rel}","templated":true}]}}