{"id":180235,"date":"2021-11-20T14:33:54","date_gmt":"2021-11-20T13:33:54","guid":{"rendered":"https:\/\/dicodusport.fr\/blog\/?p=180235"},"modified":"2021-11-20T16:07:23","modified_gmt":"2021-11-20T15:07:23","slug":"coupe-du-monde-de-ski-alpin-petra-vlhova-la-reine-de-levi","status":"publish","type":"post","link":"https:\/\/dicodusport.fr\/blog\/coupe-du-monde-de-ski-alpin-petra-vlhova-la-reine-de-levi\/","title":{"rendered":"Coupe du monde de ski alpin : Petra Vlhov\u00e1, la reine de Levi"},"content":{"rendered":"<p style=\"text-align: justify;\"><em><span class=\"tojvnm2t a6sixzi8 abs2jz4q a8s20v7p t1p8iaqh k5wvi7nf q3lfd5jv pk4s997a bipmatt0 cebpdrjk qowsmv63 owwhemhu dp1hu0rb dhp61c6y iyyx5f41\"><strong><b><i><a href=\"https:\/\/dicodusport.fr\/blog\/actualites\/sports-dhiver\/ski\/coupe-du-monde-ski-alpin-2021-2022\/\">COUPE DU MONDE DE SKI ALPIN 2021-2022<\/a> \u2013 Sur une neige assez accrocheuse, Petra Vlhov\u00e1 s&rsquo;est impos\u00e9e sur le premier slalom de la saison \u00e0 Levi ce samedi. Elle a devanc\u00e9 Mikaela Shiffrin et Lena Duerr. Nastasia Noens a fini 26e. <\/i><\/b><\/strong><i><br \/>\n<\/i><\/span><\/em><\/p>\n<h2 style=\"text-align: justify;\">Le duel Petra Vlhov\u00e1 &#8211; Mikaela Shiffrin<\/h2>\n<p style=\"text-align: justify;\">Sur une premi\u00e8re manche assez r\u00e9guli\u00e8re, trac\u00e9e par l&rsquo;entra\u00eeneur allemand, <strong>Petra Vlhov\u00e1<\/strong> a sorti un parcours tr\u00e8s propre en laissant parler sa puissance sur le haut de la piste. G\u00ean\u00e9e par des soucis de dos ces derniers jours, <strong>Mikaela Shiffrin<\/strong> a r\u00e9alis\u00e9 le deuxi\u00e8me temps \u00e0 21 centi\u00e8mes avec des appuis plus courts sur les piqu\u00e9s et une excellente seconde moiti\u00e9 de parcours. La gagnante du parall\u00e8le de Lech <strong>Andreja Slokar<\/strong> a confirm\u00e9 sa bonne forme du moment (3e \u00e0 0.48) devant la vice-championne du monde de slalom 2019 <strong>Anna Swenn-Larsson<\/strong> (4e \u00e0 0.55).<\/p>\n<p style=\"text-align: justify;\">Laur\u00e9ate du petit globe de la discipline l&rsquo;an dernier, <strong>Katharina Liensberger<\/strong> a \u00e9t\u00e9 dans la retenue avec le 6e temps \u00e0 72 centi\u00e8mes \u00e0 \u00e9galit\u00e9 avec <strong>Lena Duerr<\/strong>. L&rsquo;Autrichienne a \u00e9t\u00e9 devanc\u00e9e de deux centi\u00e8mes par <strong>Michelle Gisin<\/strong>, qui elle non plus n&rsquo;a pas r\u00e9alis\u00e9 la manche de sa vie. Apr\u00e8s ses fractures aux scapho\u00efdes sur les deux mains en octobre, la Suissesse <strong>Wendy Holdener<\/strong> a pein\u00e9 en terminant le 8e temps \u00e0 93 centi\u00e8mes.<\/p>\n<p style=\"text-align: justify;\">De son c\u00f4t\u00e9, <strong>Nastasia Noens<\/strong> a eu beaucoup de mal sur le bas du mur pour r\u00e9ussir tout de m\u00eame \u00e0 se qualifier pour la seconde manche avec le 25\u00e8me chrono, 2.01 secondes. <strong>Doriane Escane<\/strong> a malheureusement rat\u00e9 le cut de peu pour 1 centi\u00e8me avec le 31e temps \u00e0 2.24. <strong>Marie Lamure<\/strong> a fini tr\u00e8s loin, 68e \u00e0 4.76.<\/p>\n<h2 style=\"text-align: justify;\"><strong>Petra Vlhov\u00e1<\/strong> prend le meilleur sur <strong>Mikaela Shiffrin<\/strong><\/h2>\n<p style=\"text-align: justify;\">Finalement, <strong>Petra Vlhov\u00e1<\/strong> s&rsquo;est impos\u00e9e avec des appuis plus ronds afin d&rsquo;\u00e9viter les traces laiss\u00e9es par les concurrents en 1:46.19. La Slovaque a gagn\u00e9 son 13e succ\u00e8s en carri\u00e8re en slalom.<\/p>\n<p style=\"text-align: justify;\">Un peu perturb\u00e9e par la piste marqu\u00e9e surtout dans le mur, <strong>Mikaela Shiffrin<\/strong> a termin\u00e9 deuxi\u00e8me de la course \u00e0 31 centi\u00e8mes. C\u00f4t\u00e9 surprises, on a \u00e9t\u00e9 g\u00e2t\u00e9s. Sixi\u00e8me\u00a0de la premi\u00e8re manche, <strong>Lena Duerr<\/strong>, avec un ski agressif et avec le bon tempo, monte sur le premier podium de sa carri\u00e8re gr\u00e2ce au deuxi\u00e8me meilleur temps de la seconde manche (3e \u00e0 0.84). La Slov\u00e8ne <strong>Andreja Slokar<\/strong> (4e \u00e0 1.12) et <strong>Anna Swenn-Larsson<\/strong> (5e \u00e0 1.13) ont assur\u00e9 sur ce second trac\u00e9, mais elles ont r\u00e9alis\u00e9 une belle performance.<\/p>\n<p style=\"text-align: justify;\"><strong>Katharina Liensberger<\/strong> a commis deux grosses fautes dans le mur et a peut-\u00eatre subi un peu la pression du dossard rouge (6e \u00e0 1.28). <strong>Wendy Holdener<\/strong>, \u00e0 l&rsquo;\u00e9nergie malgr\u00e9 la douleur a termin\u00e9 7e \u00e0 1.40 devant la polyvalente <strong>Michelle Gisin<\/strong> (8e \u00e0 1.63) et Sara Hector (9e \u00e0 1.92). La p\u00e9pite allemande, partie avec le dossard 60, <strong>Emma Aicher,<\/strong> a marqu\u00e9 de gros points pour son premier slalom en Coupe du monde \u00e0 18 ans (14e \u00e0 2.47).<\/p>\n<p style=\"text-align: justify;\">Lors de la seconde manche avec un mur plus tournant,<strong> Nastasia Noens<\/strong> n&rsquo;a pas r\u00e9ussi \u00e0 lib\u00e9rer son ski pour terminer 26e \u00e0 3.53.<\/p>\n<blockquote class=\"twitter-tweet\">\n<p dir=\"ltr\" lang=\"fr\">Petra Vlhova r\u00e9pond \u00e0 Mikaela Shiffrin ! La Slovaque s&rsquo;adjuge le premier slalom de la saison \u00e0 Levi, avec 31 centi\u00e8mes d&rsquo;avance sur l&rsquo;Am\u00e9ricaine ! <a href=\"https:\/\/twitter.com\/hashtag\/ChaletClub?src=hash&amp;ref_src=twsrc%5Etfw\">#ChaletClub<\/a> <a href=\"https:\/\/t.co\/WdCI0jz50E\">pic.twitter.com\/WdCI0jz50E<\/a><\/p>\n<p>\u2014 Eurosport France (@Eurosport_FR) <a href=\"https:\/\/twitter.com\/Eurosport_FR\/status\/1462050636837576705?ref_src=twsrc%5Etfw\">November 20, 2021<\/a><\/p><\/blockquote>\n<p><script async src=\"https:\/\/platform.twitter.com\/widgets.js\" charset=\"utf-8\"><\/script><\/p>\n<h2><strong>\u00c0 lire aussi<\/strong><\/h2>\n<ul>\n<li style=\"text-align: justify;\"><a href=\"https:\/\/dicodusport.fr\/blog\/coupe-du-monde-de-ski-alpin-levi-classement-premier-slalom-femmes\/\"><strong>Le classement du premier slalom de Levi<\/strong><\/a><\/li>\n<li><a href=\"https:\/\/dicodusport.fr\/blog\/ski-alpin-coupe-du-monde-2021-2022-classement-general-femmes\/\"><strong>Le classement g\u00e9n\u00e9ral de la Coupe du monde f\u00e9minine<\/strong><\/a><\/li>\n<\/ul>\n","protected":false},"excerpt":{"rendered":"<p>COUPE DU MONDE DE SKI ALPIN 2021-2022 \u2013 Sur une neige assez accrocheuse, Petra Vlhov\u00e1 s&rsquo;est impos\u00e9e sur le premier slalom de la saison \u00e0 Levi ce samedi. Elle a devanc\u00e9 Mikaela Shiffrin et Lena Duerr. Nastasia Noens a fini 26e.<\/p>\n","protected":false},"author":48,"featured_media":180295,"comment_status":"open","ping_status":"closed","sticky":false,"template":"","format":"standard","meta":{"_acf_changed":false,"_daextam_enable_autolinks":"","footnotes":""},"categories":[47084],"tags":[12586,2233,9256],"class_list":["post-180235","post","type-post","status-publish","format-standard","has-post-thumbnail","hentry","category-coupe-du-monde-ski-alpin","tag-coupe-du-monde-de-ski-alpin","tag-ski-alpin","tag-slalom-levi"],"acf":[],"yoast_head":"<!-- This site is optimized with the Yoast SEO Premium plugin v26.7 (Yoast SEO v26.7) - https:\/\/yoast.com\/wordpress\/plugins\/seo\/ -->\n<title>Coupe du monde de ski alpin : Petra Vlhov\u00e1, la reine de Levi<\/title>\n<meta name=\"description\" content=\"COUPE DU MONDE DE SKI ALPIN 2021-2022 \u2013 Sur une neige assez accrocheuse, Petra Vlhov\u00e1 s&#039;est impos\u00e9e sur le premier slalom de la saison \u00e0 Levi ce samedi.\" \/>\n<meta name=\"robots\" content=\"index, follow, max-snippet:-1, max-image-preview:large, max-video-preview:-1\" \/>\n<link rel=\"canonical\" href=\"https:\/\/dicodusport.fr\/blog\/coupe-du-monde-de-ski-alpin-petra-vlhova-la-reine-de-levi\/\" \/>\n<meta property=\"og:locale\" content=\"fr_FR\" \/>\n<meta property=\"og:type\" content=\"article\" \/>\n<meta property=\"og:title\" content=\"Coupe du monde de ski alpin : Petra Vlhov\u00e1, la reine de Levi\" \/>\n<meta property=\"og:description\" content=\"COUPE DU MONDE DE SKI ALPIN 2021-2022 \u2013 Sur une neige assez accrocheuse, Petra Vlhov\u00e1 s&#039;est impos\u00e9e sur le premier slalom de la saison \u00e0 Levi ce samedi.\" \/>\n<meta property=\"og:url\" content=\"https:\/\/dicodusport.fr\/blog\/coupe-du-monde-de-ski-alpin-petra-vlhova-la-reine-de-levi\/\" \/>\n<meta property=\"og:site_name\" content=\"Dicodusport\" \/>\n<meta property=\"article:publisher\" content=\"https:\/\/www.facebook.com\/dicodusport\" \/>\n<meta property=\"article:author\" content=\"https:\/\/www.facebook.com\/groups\/LesRoisDuPeloton\" \/>\n<meta property=\"article:published_time\" content=\"2021-11-20T13:33:54+00:00\" \/>\n<meta property=\"article:modified_time\" content=\"2021-11-20T15:07:23+00:00\" \/>\n<meta property=\"og:image\" content=\"https:\/\/dicodusport.fr\/blog\/wp-content\/uploads\/2021\/11\/Coupe-du-monde-de-ski-alpin-Petra-Vlhova-la-reine-de-Levi.png\" \/>\n\t<meta property=\"og:image:width\" content=\"800\" \/>\n\t<meta property=\"og:image:height\" content=\"445\" \/>\n\t<meta property=\"og:image:type\" content=\"image\/png\" \/>\n<meta name=\"author\" content=\"Emilien Descampiaux\" \/>\n<meta name=\"twitter:card\" content=\"summary_large_image\" \/>\n<meta name=\"twitter:title\" content=\"Coupe du monde de ski alpin : Petra Vlhov\u00e1, la reine de Levi\" \/>\n<meta name=\"twitter:creator\" content=\"@https:\/\/twitter.com\/LRoisDuPeloton\" \/>\n<meta name=\"twitter:site\" content=\"@dicodusport\" \/>\n<script type=\"application\/ld+json\" class=\"yoast-schema-graph\">{\"@context\":\"https:\/\/schema.org\",\"@graph\":[{\"@type\":\"NewsArticle\",\"@id\":\"https:\/\/dicodusport.fr\/blog\/coupe-du-monde-de-ski-alpin-petra-vlhova-la-reine-de-levi\/#article\",\"isPartOf\":{\"@id\":\"https:\/\/dicodusport.fr\/blog\/coupe-du-monde-de-ski-alpin-petra-vlhova-la-reine-de-levi\/\"},\"author\":{\"name\":\"Emilien Descampiaux\",\"@id\":\"https:\/\/dicodusport.fr\/blog\/#\/schema\/person\/6db4bae06b171592211be385b32876a7\"},\"headline\":\"Coupe du monde de ski alpin : Petra Vlhov\u00e1, la reine de Levi\",\"datePublished\":\"2021-11-20T13:33:54+00:00\",\"dateModified\":\"2021-11-20T15:07:23+00:00\",\"mainEntityOfPage\":{\"@id\":\"https:\/\/dicodusport.fr\/blog\/coupe-du-monde-de-ski-alpin-petra-vlhova-la-reine-de-levi\/\"},\"wordCount\":591,\"commentCount\":0,\"publisher\":{\"@id\":\"https:\/\/dicodusport.fr\/blog\/#organization\"},\"image\":{\"@id\":\"https:\/\/dicodusport.fr\/blog\/coupe-du-monde-de-ski-alpin-petra-vlhova-la-reine-de-levi\/#primaryimage\"},\"thumbnailUrl\":\"https:\/\/dicodusport.fr\/blog\/wp-content\/uploads\/2021\/11\/Coupe-du-monde-de-ski-alpin-Petra-Vlhova-la-reine-de-Levi.png\",\"keywords\":[\"Coupe du monde de ski alpin\",\"Ski alpin\",\"Slalom Levi\"],\"articleSection\":[\"Coupe du monde de ski alpin\"],\"inLanguage\":\"fr-FR\",\"potentialAction\":[{\"@type\":\"CommentAction\",\"name\":\"Comment\",\"target\":[\"https:\/\/dicodusport.fr\/blog\/coupe-du-monde-de-ski-alpin-petra-vlhova-la-reine-de-levi\/#respond\"]}],\"copyrightYear\":\"2021\",\"copyrightHolder\":{\"@id\":\"https:\/\/dicodusport.fr\/blog\/#organization\"}},{\"@type\":\"WebPage\",\"@id\":\"https:\/\/dicodusport.fr\/blog\/coupe-du-monde-de-ski-alpin-petra-vlhova-la-reine-de-levi\/\",\"url\":\"https:\/\/dicodusport.fr\/blog\/coupe-du-monde-de-ski-alpin-petra-vlhova-la-reine-de-levi\/\",\"name\":\"Coupe du monde de ski alpin : Petra Vlhov\u00e1, la reine de Levi\",\"isPartOf\":{\"@id\":\"https:\/\/dicodusport.fr\/blog\/#website\"},\"primaryImageOfPage\":{\"@id\":\"https:\/\/dicodusport.fr\/blog\/coupe-du-monde-de-ski-alpin-petra-vlhova-la-reine-de-levi\/#primaryimage\"},\"image\":{\"@id\":\"https:\/\/dicodusport.fr\/blog\/coupe-du-monde-de-ski-alpin-petra-vlhova-la-reine-de-levi\/#primaryimage\"},\"thumbnailUrl\":\"https:\/\/dicodusport.fr\/blog\/wp-content\/uploads\/2021\/11\/Coupe-du-monde-de-ski-alpin-Petra-Vlhova-la-reine-de-Levi.png\",\"datePublished\":\"2021-11-20T13:33:54+00:00\",\"dateModified\":\"2021-11-20T15:07:23+00:00\",\"description\":\"COUPE DU MONDE DE SKI ALPIN 2021-2022 \u2013 Sur une neige assez accrocheuse, Petra Vlhov\u00e1 s'est impos\u00e9e sur le premier slalom de la saison \u00e0 Levi ce samedi.\",\"breadcrumb\":{\"@id\":\"https:\/\/dicodusport.fr\/blog\/coupe-du-monde-de-ski-alpin-petra-vlhova-la-reine-de-levi\/#breadcrumb\"},\"inLanguage\":\"fr-FR\",\"potentialAction\":[{\"@type\":\"ReadAction\",\"target\":[\"https:\/\/dicodusport.fr\/blog\/coupe-du-monde-de-ski-alpin-petra-vlhova-la-reine-de-levi\/\"]}]},{\"@type\":\"ImageObject\",\"inLanguage\":\"fr-FR\",\"@id\":\"https:\/\/dicodusport.fr\/blog\/coupe-du-monde-de-ski-alpin-petra-vlhova-la-reine-de-levi\/#primaryimage\",\"url\":\"https:\/\/dicodusport.fr\/blog\/wp-content\/uploads\/2021\/11\/Coupe-du-monde-de-ski-alpin-Petra-Vlhova-la-reine-de-Levi.png\",\"contentUrl\":\"https:\/\/dicodusport.fr\/blog\/wp-content\/uploads\/2021\/11\/Coupe-du-monde-de-ski-alpin-Petra-Vlhova-la-reine-de-Levi.png\",\"width\":800,\"height\":445,\"caption\":\"Coupe du monde de ski alpin Petra Vlhov\u00e1, la reine de Levi\"},{\"@type\":\"BreadcrumbList\",\"@id\":\"https:\/\/dicodusport.fr\/blog\/coupe-du-monde-de-ski-alpin-petra-vlhova-la-reine-de-levi\/#breadcrumb\",\"itemListElement\":[{\"@type\":\"ListItem\",\"position\":1,\"name\":\"Accueil\",\"item\":\"https:\/\/dicodusport.fr\/blog\/\"},{\"@type\":\"ListItem\",\"position\":2,\"name\":\"Coupe du monde de ski alpin : Petra Vlhov\u00e1, la reine de Levi\"}]},{\"@type\":\"WebSite\",\"@id\":\"https:\/\/dicodusport.fr\/blog\/#website\",\"url\":\"https:\/\/dicodusport.fr\/blog\/\",\"name\":\"Dicodusport\",\"description\":\"L&#039;encyclop\u00e9die de l&#039;actualit\u00e9 sportive\",\"publisher\":{\"@id\":\"https:\/\/dicodusport.fr\/blog\/#organization\"},\"potentialAction\":[{\"@type\":\"SearchAction\",\"target\":{\"@type\":\"EntryPoint\",\"urlTemplate\":\"https:\/\/dicodusport.fr\/blog\/?s={search_term_string}\"},\"query-input\":{\"@type\":\"PropertyValueSpecification\",\"valueRequired\":true,\"valueName\":\"search_term_string\"}}],\"inLanguage\":\"fr-FR\"},{\"@type\":\"NewsMediaOrganization\",\"@id\":\"https:\/\/dicodusport.fr\/blog\/#organization\",\"name\":\"Dicodusport\",\"url\":\"https:\/\/dicodusport.fr\/blog\/\",\"logo\":{\"@type\":\"ImageObject\",\"inLanguage\":\"fr-FR\",\"@id\":\"https:\/\/dicodusport.fr\/blog\/#\/schema\/logo\/image\/\",\"url\":\"https:\/\/dicodusport.fr\/blog\/wp-content\/uploads\/2020\/06\/cropped-LOGO-DICODUSPORT-2020-SANS-FOND-SANS-TEXTE.png\",\"contentUrl\":\"https:\/\/dicodusport.fr\/blog\/wp-content\/uploads\/2020\/06\/cropped-LOGO-DICODUSPORT-2020-SANS-FOND-SANS-TEXTE.png\",\"width\":512,\"height\":512,\"caption\":\"Dicodusport\"},\"image\":{\"@id\":\"https:\/\/dicodusport.fr\/blog\/#\/schema\/logo\/image\/\"},\"sameAs\":[\"https:\/\/www.facebook.com\/dicodusport\",\"https:\/\/x.com\/dicodusport\",\"https:\/\/www.instagram.com\/dicodusport\/\",\"https:\/\/www.youtube.com\/channel\/UC7V2KZ5sd3htJivAbA4ZG3w\"],\"description\":\"Dicodusport est l'encyclop\u00e9die de l'actualit\u00e9 sportive.\",\"email\":\"bonjour@dicodusport.fr\",\"legalName\":\"DICODUSPORT\",\"foundingDate\":\"2018-01-14\",\"vatID\":\"FR71834470973\",\"taxID\":\"83447097300043\",\"numberOfEmployees\":{\"@type\":\"QuantitativeValue\",\"minValue\":\"1\",\"maxValue\":\"10\"}},{\"@type\":\"Person\",\"@id\":\"https:\/\/dicodusport.fr\/blog\/#\/schema\/person\/6db4bae06b171592211be385b32876a7\",\"name\":\"Emilien Descampiaux\",\"image\":{\"@type\":\"ImageObject\",\"inLanguage\":\"fr-FR\",\"@id\":\"https:\/\/dicodusport.fr\/blog\/#\/schema\/person\/image\/\",\"url\":\"https:\/\/dicodusport.fr\/blog\/wp-content\/uploads\/2021\/05\/Emilien-Descampiaux-150x150.jpg\",\"contentUrl\":\"https:\/\/dicodusport.fr\/blog\/wp-content\/uploads\/2021\/05\/Emilien-Descampiaux-150x150.jpg\",\"caption\":\"Emilien Descampiaux\"},\"description\":\"Journaliste\/r\u00e9dacteur depuis 2014 - Fan de la classe de Frank Vandenbroucke, je vis cyclisme (et de ses paysages) depuis plus de 20 ans. Je suis tr\u00e8s impliqu\u00e9 sur mes diff\u00e9rents r\u00e9seaux sociaux pour partager ma passion sur le monde et l'Histoire de la bicyclette avec ma voix sur les images en noir et blanc du succ\u00e8s de Rik Van Steenbergen lors du Ronde sur le V\u00e9lodrome de Gand.\",\"sameAs\":[\"https:\/\/www.facebook.com\/groups\/LesRoisDuPeloton\",\"https:\/\/x.com\/https:\/\/twitter.com\/LRoisDuPeloton\"],\"url\":\"https:\/\/dicodusport.fr\/blog\/author\/emiliend\/\"}]}<\/script>\n<!-- \/ Yoast SEO Premium plugin. -->","yoast_head_json":{"title":"Coupe du monde de ski alpin : Petra Vlhov\u00e1, la reine de Levi","description":"COUPE DU MONDE DE SKI ALPIN 2021-2022 \u2013 Sur une neige assez accrocheuse, Petra Vlhov\u00e1 s'est impos\u00e9e sur le premier slalom de la saison \u00e0 Levi ce samedi.","robots":{"index":"index","follow":"follow","max-snippet":"max-snippet:-1","max-image-preview":"max-image-preview:large","max-video-preview":"max-video-preview:-1"},"canonical":"https:\/\/dicodusport.fr\/blog\/coupe-du-monde-de-ski-alpin-petra-vlhova-la-reine-de-levi\/","og_locale":"fr_FR","og_type":"article","og_title":"Coupe du monde de ski alpin : Petra Vlhov\u00e1, la reine de Levi","og_description":"COUPE DU MONDE DE SKI ALPIN 2021-2022 \u2013 Sur une neige assez accrocheuse, Petra Vlhov\u00e1 s'est impos\u00e9e sur le premier slalom de la saison \u00e0 Levi ce samedi.","og_url":"https:\/\/dicodusport.fr\/blog\/coupe-du-monde-de-ski-alpin-petra-vlhova-la-reine-de-levi\/","og_site_name":"Dicodusport","article_publisher":"https:\/\/www.facebook.com\/dicodusport","article_author":"https:\/\/www.facebook.com\/groups\/LesRoisDuPeloton","article_published_time":"2021-11-20T13:33:54+00:00","article_modified_time":"2021-11-20T15:07:23+00:00","og_image":[{"width":800,"height":445,"url":"https:\/\/dicodusport.fr\/blog\/wp-content\/uploads\/2021\/11\/Coupe-du-monde-de-ski-alpin-Petra-Vlhova-la-reine-de-Levi.png","type":"image\/png"}],"author":"Emilien Descampiaux","twitter_card":"summary_large_image","twitter_title":"Coupe du monde de ski alpin : Petra Vlhov\u00e1, la reine de Levi","twitter_creator":"@https:\/\/twitter.com\/LRoisDuPeloton","twitter_site":"@dicodusport","schema":{"@context":"https:\/\/schema.org","@graph":[{"@type":"NewsArticle","@id":"https:\/\/dicodusport.fr\/blog\/coupe-du-monde-de-ski-alpin-petra-vlhova-la-reine-de-levi\/#article","isPartOf":{"@id":"https:\/\/dicodusport.fr\/blog\/coupe-du-monde-de-ski-alpin-petra-vlhova-la-reine-de-levi\/"},"author":{"name":"Emilien Descampiaux","@id":"https:\/\/dicodusport.fr\/blog\/#\/schema\/person\/6db4bae06b171592211be385b32876a7"},"headline":"Coupe du monde de ski alpin : Petra Vlhov\u00e1, la reine de Levi","datePublished":"2021-11-20T13:33:54+00:00","dateModified":"2021-11-20T15:07:23+00:00","mainEntityOfPage":{"@id":"https:\/\/dicodusport.fr\/blog\/coupe-du-monde-de-ski-alpin-petra-vlhova-la-reine-de-levi\/"},"wordCount":591,"commentCount":0,"publisher":{"@id":"https:\/\/dicodusport.fr\/blog\/#organization"},"image":{"@id":"https:\/\/dicodusport.fr\/blog\/coupe-du-monde-de-ski-alpin-petra-vlhova-la-reine-de-levi\/#primaryimage"},"thumbnailUrl":"https:\/\/dicodusport.fr\/blog\/wp-content\/uploads\/2021\/11\/Coupe-du-monde-de-ski-alpin-Petra-Vlhova-la-reine-de-Levi.png","keywords":["Coupe du monde de ski alpin","Ski alpin","Slalom Levi"],"articleSection":["Coupe du monde de ski alpin"],"inLanguage":"fr-FR","potentialAction":[{"@type":"CommentAction","name":"Comment","target":["https:\/\/dicodusport.fr\/blog\/coupe-du-monde-de-ski-alpin-petra-vlhova-la-reine-de-levi\/#respond"]}],"copyrightYear":"2021","copyrightHolder":{"@id":"https:\/\/dicodusport.fr\/blog\/#organization"}},{"@type":"WebPage","@id":"https:\/\/dicodusport.fr\/blog\/coupe-du-monde-de-ski-alpin-petra-vlhova-la-reine-de-levi\/","url":"https:\/\/dicodusport.fr\/blog\/coupe-du-monde-de-ski-alpin-petra-vlhova-la-reine-de-levi\/","name":"Coupe du monde de ski alpin : Petra Vlhov\u00e1, la reine de Levi","isPartOf":{"@id":"https:\/\/dicodusport.fr\/blog\/#website"},"primaryImageOfPage":{"@id":"https:\/\/dicodusport.fr\/blog\/coupe-du-monde-de-ski-alpin-petra-vlhova-la-reine-de-levi\/#primaryimage"},"image":{"@id":"https:\/\/dicodusport.fr\/blog\/coupe-du-monde-de-ski-alpin-petra-vlhova-la-reine-de-levi\/#primaryimage"},"thumbnailUrl":"https:\/\/dicodusport.fr\/blog\/wp-content\/uploads\/2021\/11\/Coupe-du-monde-de-ski-alpin-Petra-Vlhova-la-reine-de-Levi.png","datePublished":"2021-11-20T13:33:54+00:00","dateModified":"2021-11-20T15:07:23+00:00","description":"COUPE DU MONDE DE SKI ALPIN 2021-2022 \u2013 Sur une neige assez accrocheuse, Petra Vlhov\u00e1 s'est impos\u00e9e sur le premier slalom de la saison \u00e0 Levi ce samedi.","breadcrumb":{"@id":"https:\/\/dicodusport.fr\/blog\/coupe-du-monde-de-ski-alpin-petra-vlhova-la-reine-de-levi\/#breadcrumb"},"inLanguage":"fr-FR","potentialAction":[{"@type":"ReadAction","target":["https:\/\/dicodusport.fr\/blog\/coupe-du-monde-de-ski-alpin-petra-vlhova-la-reine-de-levi\/"]}]},{"@type":"ImageObject","inLanguage":"fr-FR","@id":"https:\/\/dicodusport.fr\/blog\/coupe-du-monde-de-ski-alpin-petra-vlhova-la-reine-de-levi\/#primaryimage","url":"https:\/\/dicodusport.fr\/blog\/wp-content\/uploads\/2021\/11\/Coupe-du-monde-de-ski-alpin-Petra-Vlhova-la-reine-de-Levi.png","contentUrl":"https:\/\/dicodusport.fr\/blog\/wp-content\/uploads\/2021\/11\/Coupe-du-monde-de-ski-alpin-Petra-Vlhova-la-reine-de-Levi.png","width":800,"height":445,"caption":"Coupe du monde de ski alpin Petra Vlhov\u00e1, la reine de Levi"},{"@type":"BreadcrumbList","@id":"https:\/\/dicodusport.fr\/blog\/coupe-du-monde-de-ski-alpin-petra-vlhova-la-reine-de-levi\/#breadcrumb","itemListElement":[{"@type":"ListItem","position":1,"name":"Accueil","item":"https:\/\/dicodusport.fr\/blog\/"},{"@type":"ListItem","position":2,"name":"Coupe du monde de ski alpin : Petra Vlhov\u00e1, la reine de Levi"}]},{"@type":"WebSite","@id":"https:\/\/dicodusport.fr\/blog\/#website","url":"https:\/\/dicodusport.fr\/blog\/","name":"Dicodusport","description":"L&#039;encyclop\u00e9die de l&#039;actualit\u00e9 sportive","publisher":{"@id":"https:\/\/dicodusport.fr\/blog\/#organization"},"potentialAction":[{"@type":"SearchAction","target":{"@type":"EntryPoint","urlTemplate":"https:\/\/dicodusport.fr\/blog\/?s={search_term_string}"},"query-input":{"@type":"PropertyValueSpecification","valueRequired":true,"valueName":"search_term_string"}}],"inLanguage":"fr-FR"},{"@type":"NewsMediaOrganization","@id":"https:\/\/dicodusport.fr\/blog\/#organization","name":"Dicodusport","url":"https:\/\/dicodusport.fr\/blog\/","logo":{"@type":"ImageObject","inLanguage":"fr-FR","@id":"https:\/\/dicodusport.fr\/blog\/#\/schema\/logo\/image\/","url":"https:\/\/dicodusport.fr\/blog\/wp-content\/uploads\/2020\/06\/cropped-LOGO-DICODUSPORT-2020-SANS-FOND-SANS-TEXTE.png","contentUrl":"https:\/\/dicodusport.fr\/blog\/wp-content\/uploads\/2020\/06\/cropped-LOGO-DICODUSPORT-2020-SANS-FOND-SANS-TEXTE.png","width":512,"height":512,"caption":"Dicodusport"},"image":{"@id":"https:\/\/dicodusport.fr\/blog\/#\/schema\/logo\/image\/"},"sameAs":["https:\/\/www.facebook.com\/dicodusport","https:\/\/x.com\/dicodusport","https:\/\/www.instagram.com\/dicodusport\/","https:\/\/www.youtube.com\/channel\/UC7V2KZ5sd3htJivAbA4ZG3w"],"description":"Dicodusport est l'encyclop\u00e9die de l'actualit\u00e9 sportive.","email":"bonjour@dicodusport.fr","legalName":"DICODUSPORT","foundingDate":"2018-01-14","vatID":"FR71834470973","taxID":"83447097300043","numberOfEmployees":{"@type":"QuantitativeValue","minValue":"1","maxValue":"10"}},{"@type":"Person","@id":"https:\/\/dicodusport.fr\/blog\/#\/schema\/person\/6db4bae06b171592211be385b32876a7","name":"Emilien Descampiaux","image":{"@type":"ImageObject","inLanguage":"fr-FR","@id":"https:\/\/dicodusport.fr\/blog\/#\/schema\/person\/image\/","url":"https:\/\/dicodusport.fr\/blog\/wp-content\/uploads\/2021\/05\/Emilien-Descampiaux-150x150.jpg","contentUrl":"https:\/\/dicodusport.fr\/blog\/wp-content\/uploads\/2021\/05\/Emilien-Descampiaux-150x150.jpg","caption":"Emilien Descampiaux"},"description":"Journaliste\/r\u00e9dacteur depuis 2014 - Fan de la classe de Frank Vandenbroucke, je vis cyclisme (et de ses paysages) depuis plus de 20 ans. Je suis tr\u00e8s impliqu\u00e9 sur mes diff\u00e9rents r\u00e9seaux sociaux pour partager ma passion sur le monde et l'Histoire de la bicyclette avec ma voix sur les images en noir et blanc du succ\u00e8s de Rik Van Steenbergen lors du Ronde sur le V\u00e9lodrome de Gand.","sameAs":["https:\/\/www.facebook.com\/groups\/LesRoisDuPeloton","https:\/\/x.com\/https:\/\/twitter.com\/LRoisDuPeloton"],"url":"https:\/\/dicodusport.fr\/blog\/author\/emiliend\/"}]}},"_links":{"self":[{"href":"https:\/\/dicodusport.fr\/blog\/wp-json\/wp\/v2\/posts\/180235","targetHints":{"allow":["GET"]}}],"collection":[{"href":"https:\/\/dicodusport.fr\/blog\/wp-json\/wp\/v2\/posts"}],"about":[{"href":"https:\/\/dicodusport.fr\/blog\/wp-json\/wp\/v2\/types\/post"}],"author":[{"embeddable":true,"href":"https:\/\/dicodusport.fr\/blog\/wp-json\/wp\/v2\/users\/48"}],"replies":[{"embeddable":true,"href":"https:\/\/dicodusport.fr\/blog\/wp-json\/wp\/v2\/comments?post=180235"}],"version-history":[{"count":0,"href":"https:\/\/dicodusport.fr\/blog\/wp-json\/wp\/v2\/posts\/180235\/revisions"}],"wp:featuredmedia":[{"embeddable":true,"href":"https:\/\/dicodusport.fr\/blog\/wp-json\/wp\/v2\/media\/180295"}],"wp:attachment":[{"href":"https:\/\/dicodusport.fr\/blog\/wp-json\/wp\/v2\/media?parent=180235"}],"wp:term":[{"taxonomy":"category","embeddable":true,"href":"https:\/\/dicodusport.fr\/blog\/wp-json\/wp\/v2\/categories?post=180235"},{"taxonomy":"post_tag","embeddable":true,"href":"https:\/\/dicodusport.fr\/blog\/wp-json\/wp\/v2\/tags?post=180235"}],"curies":[{"name":"wp","href":"https:\/\/api.w.org\/{rel}","templated":true}]}}