{"id":180472,"date":"2021-11-21T14:27:29","date_gmt":"2021-11-21T13:27:29","guid":{"rendered":"https:\/\/dicodusport.fr\/blog\/?p=180472"},"modified":"2021-11-21T15:18:02","modified_gmt":"2021-11-21T14:18:02","slug":"coupe-du-monde-de-ski-alpin-petra-vlhova-realise-le-double","status":"publish","type":"post","link":"https:\/\/dicodusport.fr\/blog\/coupe-du-monde-de-ski-alpin-petra-vlhova-realise-le-double\/","title":{"rendered":"Coupe du monde de ski alpin : Petra Vlhova r\u00e9alise le doubl\u00e9 \u00e0 Levi"},"content":{"rendered":"<p style=\"text-align: justify;\"><em><span class=\"tojvnm2t a6sixzi8 abs2jz4q a8s20v7p t1p8iaqh k5wvi7nf q3lfd5jv pk4s997a bipmatt0 cebpdrjk qowsmv63 owwhemhu dp1hu0rb dhp61c6y iyyx5f41\"><strong><b><i><a href=\"https:\/\/dicodusport.fr\/blog\/actualites\/sports-dhiver\/ski\/coupe-du-monde-ski-alpin-2021-2022\/\">COUPE DU MONDE DE SKI ALPIN 2021-2022<\/a> \u2013 Dans des conditions plus froides qu&rsquo;hier, Petra Vlhova s&rsquo;est impos\u00e9e sur la second slalom de Levi ce dimanche. Elle a devanc\u00e9 Mikaela Shiffrin et Lena Duerr, soit le m\u00eame podium qu&rsquo;hier.<br \/>\n<\/i><\/b><\/strong><\/span><\/em><\/p>\n<h2 style=\"text-align: justify;\">Un \u00e9ni\u00e8me duel entre Petra Vhlova et Mikaela Shiffrin<\/h2>\n<p style=\"text-align: justify;\">Sous le soleil, <strong>Petra Vlhova<\/strong> a r\u00e9alis\u00e9 le meilleur temps de la premi\u00e8re manche en 52.14 avec beaucoup de hauteur sur le haut du mur, gr\u00e2ce \u00e0 un excellent encha\u00eenement sur la triple. Sur une premi\u00e8re manche trac\u00e9e par l&rsquo;entra\u00eeneur am\u00e9ricain, <strong>Mikaela Shiffrin<\/strong> a termin\u00e9 \u00e0 18 centi\u00e8mes avec un ski plus stable et plus rel\u00e2ch\u00e9 qu&rsquo;hier.<\/p>\n<p style=\"text-align: justify;\">Ensuite, <strong>Michelle Gisin<\/strong> a termin\u00e9 avec le 3e chrono \u00e0 36 centi\u00e8mes avec une excellente seconde moiti\u00e9 de parcours devant <strong>Anna Swenn-Larsson<\/strong> qui a confirm\u00e9 son retour au haut niveau avec le 4e chrono \u00e0 37 centi\u00e8mes. Partie avec le dossard 46, <strong>Maria Therese Tviberg<\/strong> a profit\u00e9 d&rsquo;une piste parfaitement pr\u00e9par\u00e9e pour r\u00e9aliser le 5e chrono \u00e0 52 centi\u00e8mes. Trop basse sur la trajectoire dans le mur mais tr\u00e8s \u00e0 l&rsquo;aise sur les portion plate,<strong> Lena Duerr<\/strong> a c\u00e9d\u00e9 55 centi\u00e8mes avec le 6e temps.<\/p>\n<p style=\"text-align: justify;\">Puis, <strong>Katharina Liensberger<\/strong> a fait une faute sur le haut du mur, mais la laur\u00e9ate du petit globe de la sp\u00e9cialit\u00e9 en 2021 a limit\u00e9 la casse sur le bas de la piste (10e \u00e0 0.94) derri\u00e8re les surprenantes <strong>Martina Dubrovska<\/strong> (7e \u00e0 0.73) et <strong>Katharina Huber<\/strong> (8e \u00e0 0.81). <strong>Wendy Holdener<\/strong> a eu du mal \u00e0 trouver son rythme avec le 9e temps \u00e0 84 centi\u00e8mes.<\/p>\n<p style=\"text-align: justify;\">Apr\u00e8s un bon d\u00e9part,<strong> Nastasia Noens<\/strong> a manqu\u00e9 de confiance dans le mur (23e \u00e0 1.81). <strong>Doriane Escane<\/strong> n&rsquo;a malheureusement pas fini sa manche tandis que <strong>Marie Lamure<\/strong> n&rsquo;a pas r\u00e9ussi \u00e0 passer le cut avec 45\u00e8me temps \u00e0 3.21.<\/p>\n<h2>Petra Vlhova plus forte que Mikaela Shiffrin<\/h2>\n<p style=\"text-align: justify;\">Sur une seconde manche dessin\u00e9e par l&rsquo;entra\u00eeneur autrichien avec un trac\u00e9 irr\u00e9gulier avec des encha\u00eenements de double-double, une quadruple et une banane au milieu du mur, <strong>Petra Vlhova<\/strong> a r\u00e9alis\u00e9 une manche sobre, sans faute pour s&rsquo;imposer. <strong>Vlhova<\/strong> a remport\u00e9 les six derni\u00e8res courses sur la piste de Levi et compte maintenant 16 victoires en slalom. <strong>Mikaela Shiffrin<\/strong> a fait une grosse faute en haut du mur \u00e0 cause d&rsquo;une ligne trop directe mais le reste de sa manche a \u00e9t\u00e9 tr\u00e8s propre. L&rsquo;Am\u00e9ricaine a fini deuxi\u00e8me \u00e0 47 centi\u00e8mes.<\/p>\n<p style=\"text-align: justify;\">Ensuite, <strong>Lena Duerr<\/strong> a tr\u00e8s bien limit\u00e9 la casse malgr\u00e9 pas mal de petites fautes tout au long du parcours, mais l&rsquo;Allemande a su conserver beaucoup de vitesse pour monter sur la bo\u00eete (3e \u00e0 0.97). Malgr\u00e9 une petite faute au bas du mur, <strong>Wendy Holdener<\/strong> a fini au pied du podium \u00e0 97 centi\u00e8mes devant sa compatriote <strong>Michelle Gisin<\/strong> (5e \u00e0 1.24), avec une seconde manche plus chaotique, et la Tch\u00e8que <strong>Martina Dubrovski<\/strong> (6e \u00e0 1.40), un peu attentiste sur le haut.<\/p>\n<p style=\"text-align: justify;\">De son c\u00f4t\u00e9,<strong> Katharina Liensberger<\/strong> a fait une grosse faute \u00e0 l&rsquo;entr\u00e9e du plat final et la championne du monde a termin\u00e9 \u00e0 la 8e place \u00e0 1.64 devant sa compatriote <strong>Katharina Truppe<\/strong> (9e \u00e0 1.66). La Slov\u00e8ne <strong>Ana Bucik<\/strong> a r\u00e9ussi \u00e0 trouver le bon tempo sur cette seconde manche pour remonter \u00e0 la 7e place \u00e0 1.46.<\/p>\n<blockquote class=\"twitter-tweet\">\n<p dir=\"ltr\" lang=\"fr\">&#x1f4a5; La reine de ce d\u00e9but de saison, c\u2019est Vlhova ! Comme samedi, la Slovaque s\u2019est impos\u00e9e sur le slalom de Levi devant Mikaela Shiffrin. Elle s&rsquo;offre sa 2e victoire de la saison et la 22e victoire de sa carri\u00e8re en Coupe du monde ! <a href=\"https:\/\/twitter.com\/hashtag\/ChaletClub?src=hash&amp;ref_src=twsrc%5Etfw\">#ChaletClub<\/a> <a href=\"https:\/\/t.co\/w47bJgvx6w\">pic.twitter.com\/w47bJgvx6w<\/a><\/p>\n<p>\u2014 Eurosport France (@Eurosport_FR) <a href=\"https:\/\/twitter.com\/Eurosport_FR\/status\/1462414867600658439?ref_src=twsrc%5Etfw\">November 21, 2021<\/a><\/p><\/blockquote>\n<p><script async src=\"https:\/\/platform.twitter.com\/widgets.js\" charset=\"utf-8\"><\/script><\/p>\n<h2 style=\"text-align: justify;\"><strong>Maria Therese Tviberg<\/strong> et <strong>Nastasia Noens<\/strong> dans le dur<\/h2>\n<p style=\"text-align: justify;\">Finalement, <strong>Nastasia Noens<\/strong> a marqu\u00e9 trop d&rsquo;appuis sur le mur et a commis une faute d&rsquo;int\u00e9rieur sur le haut pour terminer 27e \u00e0 3.69. La grosse surprise <strong>Maria Therese Tviberg<\/strong> a, comme hier, \u00e9t\u00e9 \u00e9limin\u00e9e au m\u00eame endroit qu&rsquo;hier.<\/p>\n<h2 style=\"text-align: justify;\"><strong>\u00c0 lire aussi<\/strong><\/h2>\n<ul>\n<li style=\"text-align: justify;\"><a href=\"https:\/\/dicodusport.fr\/blog\/coupe-du-monde-ski-alpin-levi-classement-deuxieme-slalom-femmes\/\"><strong>Le classement du second slalom de Levi<\/strong><\/a><\/li>\n<li style=\"text-align: justify;\"><a href=\"https:\/\/dicodusport.fr\/blog\/ski-alpin-coupe-du-monde-2021-2022-classement-general-femmes\/\"><strong>Le classement g\u00e9n\u00e9ral de la Coupe du monde femmes<\/strong><\/a><\/li>\n<\/ul>\n","protected":false},"excerpt":{"rendered":"<p>COUPE DU MONDE DE SKI ALPIN 2021-2022 \u2013 Dans des conditions plus froides qu&rsquo;hier, Petra Vlhova s&rsquo;est impos\u00e9e sur la second slalom de Levi ce dimanche. Elle a devanc\u00e9 Mikaela Shiffrin et Lena Duerr, soit le m\u00eame podium qu&rsquo;hier.<\/p>\n","protected":false},"author":48,"featured_media":180571,"comment_status":"open","ping_status":"closed","sticky":false,"template":"","format":"standard","meta":{"_acf_changed":false,"_daextam_enable_autolinks":"","footnotes":""},"categories":[47084],"tags":[12586,2233,9256],"class_list":["post-180472","post","type-post","status-publish","format-standard","has-post-thumbnail","hentry","category-coupe-du-monde-ski-alpin","tag-coupe-du-monde-de-ski-alpin","tag-ski-alpin","tag-slalom-levi"],"acf":[],"yoast_head":"<!-- This site is optimized with the Yoast SEO Premium plugin v26.7 (Yoast SEO v26.7) - https:\/\/yoast.com\/wordpress\/plugins\/seo\/ -->\n<title>Coupe du monde de ski alpin : Petra Vlhova r\u00e9alise le doubl\u00e9 \u00e0 Levi<\/title>\n<meta name=\"description\" content=\"COUPE DU MONDE DE SKI ALPIN 2021-2022 \u2013 Dans des conditions plus froides qu&#039;hier, Petra Vlhov\u00e1 s&#039;est impos\u00e9e sur la second slalom de Levi ce dimanche.\" \/>\n<meta name=\"robots\" content=\"index, follow, max-snippet:-1, max-image-preview:large, max-video-preview:-1\" \/>\n<link rel=\"canonical\" href=\"https:\/\/dicodusport.fr\/blog\/coupe-du-monde-de-ski-alpin-petra-vlhova-realise-le-double\/\" \/>\n<meta property=\"og:locale\" content=\"fr_FR\" \/>\n<meta property=\"og:type\" content=\"article\" \/>\n<meta property=\"og:title\" content=\"Coupe du monde de ski alpin : Petra Vlhova r\u00e9alise le doubl\u00e9 \u00e0 Levi\" \/>\n<meta property=\"og:description\" content=\"COUPE DU MONDE DE SKI ALPIN 2021-2022 \u2013 Dans des conditions plus froides qu&#039;hier, Petra Vlhov\u00e1 s&#039;est impos\u00e9e sur la second slalom de Levi ce dimanche.\" \/>\n<meta property=\"og:url\" content=\"https:\/\/dicodusport.fr\/blog\/coupe-du-monde-de-ski-alpin-petra-vlhova-realise-le-double\/\" \/>\n<meta property=\"og:site_name\" content=\"Dicodusport\" \/>\n<meta property=\"article:publisher\" content=\"https:\/\/www.facebook.com\/dicodusport\" \/>\n<meta property=\"article:author\" content=\"https:\/\/www.facebook.com\/groups\/LesRoisDuPeloton\" \/>\n<meta property=\"article:published_time\" content=\"2021-11-21T13:27:29+00:00\" \/>\n<meta property=\"article:modified_time\" content=\"2021-11-21T14:18:02+00:00\" \/>\n<meta property=\"og:image\" content=\"https:\/\/dicodusport.fr\/blog\/wp-content\/uploads\/2021\/11\/Coupe-du-monde-de-ski-alpin-Petra-Vlhova-realise-le-double-a-Levi.png\" \/>\n\t<meta property=\"og:image:width\" content=\"800\" \/>\n\t<meta property=\"og:image:height\" content=\"445\" \/>\n\t<meta property=\"og:image:type\" content=\"image\/png\" \/>\n<meta name=\"author\" content=\"Emilien Descampiaux\" \/>\n<meta name=\"twitter:card\" content=\"summary_large_image\" \/>\n<meta name=\"twitter:title\" content=\"Coupe du monde de ski alpin : Petra Vlhova r\u00e9alise le doubl\u00e9 \u00e0 Levi\" \/>\n<meta name=\"twitter:creator\" content=\"@https:\/\/twitter.com\/LRoisDuPeloton\" \/>\n<meta name=\"twitter:site\" content=\"@dicodusport\" \/>\n<script type=\"application\/ld+json\" class=\"yoast-schema-graph\">{\"@context\":\"https:\/\/schema.org\",\"@graph\":[{\"@type\":\"NewsArticle\",\"@id\":\"https:\/\/dicodusport.fr\/blog\/coupe-du-monde-de-ski-alpin-petra-vlhova-realise-le-double\/#article\",\"isPartOf\":{\"@id\":\"https:\/\/dicodusport.fr\/blog\/coupe-du-monde-de-ski-alpin-petra-vlhova-realise-le-double\/\"},\"author\":{\"name\":\"Emilien Descampiaux\",\"@id\":\"https:\/\/dicodusport.fr\/blog\/#\/schema\/person\/6db4bae06b171592211be385b32876a7\"},\"headline\":\"Coupe du monde de ski alpin : Petra Vlhova r\u00e9alise le doubl\u00e9 \u00e0 Levi\",\"datePublished\":\"2021-11-21T13:27:29+00:00\",\"dateModified\":\"2021-11-21T14:18:02+00:00\",\"mainEntityOfPage\":{\"@id\":\"https:\/\/dicodusport.fr\/blog\/coupe-du-monde-de-ski-alpin-petra-vlhova-realise-le-double\/\"},\"wordCount\":695,\"commentCount\":0,\"publisher\":{\"@id\":\"https:\/\/dicodusport.fr\/blog\/#organization\"},\"image\":{\"@id\":\"https:\/\/dicodusport.fr\/blog\/coupe-du-monde-de-ski-alpin-petra-vlhova-realise-le-double\/#primaryimage\"},\"thumbnailUrl\":\"https:\/\/dicodusport.fr\/blog\/wp-content\/uploads\/2021\/11\/Coupe-du-monde-de-ski-alpin-Petra-Vlhova-realise-le-double-a-Levi.png\",\"keywords\":[\"Coupe du monde de ski alpin\",\"Ski alpin\",\"Slalom Levi\"],\"articleSection\":[\"Coupe du monde de ski alpin\"],\"inLanguage\":\"fr-FR\",\"potentialAction\":[{\"@type\":\"CommentAction\",\"name\":\"Comment\",\"target\":[\"https:\/\/dicodusport.fr\/blog\/coupe-du-monde-de-ski-alpin-petra-vlhova-realise-le-double\/#respond\"]}],\"copyrightYear\":\"2021\",\"copyrightHolder\":{\"@id\":\"https:\/\/dicodusport.fr\/blog\/#organization\"}},{\"@type\":\"WebPage\",\"@id\":\"https:\/\/dicodusport.fr\/blog\/coupe-du-monde-de-ski-alpin-petra-vlhova-realise-le-double\/\",\"url\":\"https:\/\/dicodusport.fr\/blog\/coupe-du-monde-de-ski-alpin-petra-vlhova-realise-le-double\/\",\"name\":\"Coupe du monde de ski alpin : Petra Vlhova r\u00e9alise le doubl\u00e9 \u00e0 Levi\",\"isPartOf\":{\"@id\":\"https:\/\/dicodusport.fr\/blog\/#website\"},\"primaryImageOfPage\":{\"@id\":\"https:\/\/dicodusport.fr\/blog\/coupe-du-monde-de-ski-alpin-petra-vlhova-realise-le-double\/#primaryimage\"},\"image\":{\"@id\":\"https:\/\/dicodusport.fr\/blog\/coupe-du-monde-de-ski-alpin-petra-vlhova-realise-le-double\/#primaryimage\"},\"thumbnailUrl\":\"https:\/\/dicodusport.fr\/blog\/wp-content\/uploads\/2021\/11\/Coupe-du-monde-de-ski-alpin-Petra-Vlhova-realise-le-double-a-Levi.png\",\"datePublished\":\"2021-11-21T13:27:29+00:00\",\"dateModified\":\"2021-11-21T14:18:02+00:00\",\"description\":\"COUPE DU MONDE DE SKI ALPIN 2021-2022 \u2013 Dans des conditions plus froides qu'hier, Petra Vlhov\u00e1 s'est impos\u00e9e sur la second slalom de Levi ce dimanche.\",\"breadcrumb\":{\"@id\":\"https:\/\/dicodusport.fr\/blog\/coupe-du-monde-de-ski-alpin-petra-vlhova-realise-le-double\/#breadcrumb\"},\"inLanguage\":\"fr-FR\",\"potentialAction\":[{\"@type\":\"ReadAction\",\"target\":[\"https:\/\/dicodusport.fr\/blog\/coupe-du-monde-de-ski-alpin-petra-vlhova-realise-le-double\/\"]}]},{\"@type\":\"ImageObject\",\"inLanguage\":\"fr-FR\",\"@id\":\"https:\/\/dicodusport.fr\/blog\/coupe-du-monde-de-ski-alpin-petra-vlhova-realise-le-double\/#primaryimage\",\"url\":\"https:\/\/dicodusport.fr\/blog\/wp-content\/uploads\/2021\/11\/Coupe-du-monde-de-ski-alpin-Petra-Vlhova-realise-le-double-a-Levi.png\",\"contentUrl\":\"https:\/\/dicodusport.fr\/blog\/wp-content\/uploads\/2021\/11\/Coupe-du-monde-de-ski-alpin-Petra-Vlhova-realise-le-double-a-Levi.png\",\"width\":800,\"height\":445,\"caption\":\"Coupe du monde de ski alpin Petra Vlhova r\u00e9alise le doubl\u00e9 \u00e0 Levi\"},{\"@type\":\"BreadcrumbList\",\"@id\":\"https:\/\/dicodusport.fr\/blog\/coupe-du-monde-de-ski-alpin-petra-vlhova-realise-le-double\/#breadcrumb\",\"itemListElement\":[{\"@type\":\"ListItem\",\"position\":1,\"name\":\"Accueil\",\"item\":\"https:\/\/dicodusport.fr\/blog\/\"},{\"@type\":\"ListItem\",\"position\":2,\"name\":\"Coupe du monde de ski alpin : Petra Vlhova r\u00e9alise le doubl\u00e9 \u00e0 Levi\"}]},{\"@type\":\"WebSite\",\"@id\":\"https:\/\/dicodusport.fr\/blog\/#website\",\"url\":\"https:\/\/dicodusport.fr\/blog\/\",\"name\":\"Dicodusport\",\"description\":\"L&#039;encyclop\u00e9die de l&#039;actualit\u00e9 sportive\",\"publisher\":{\"@id\":\"https:\/\/dicodusport.fr\/blog\/#organization\"},\"potentialAction\":[{\"@type\":\"SearchAction\",\"target\":{\"@type\":\"EntryPoint\",\"urlTemplate\":\"https:\/\/dicodusport.fr\/blog\/?s={search_term_string}\"},\"query-input\":{\"@type\":\"PropertyValueSpecification\",\"valueRequired\":true,\"valueName\":\"search_term_string\"}}],\"inLanguage\":\"fr-FR\"},{\"@type\":\"NewsMediaOrganization\",\"@id\":\"https:\/\/dicodusport.fr\/blog\/#organization\",\"name\":\"Dicodusport\",\"url\":\"https:\/\/dicodusport.fr\/blog\/\",\"logo\":{\"@type\":\"ImageObject\",\"inLanguage\":\"fr-FR\",\"@id\":\"https:\/\/dicodusport.fr\/blog\/#\/schema\/logo\/image\/\",\"url\":\"https:\/\/dicodusport.fr\/blog\/wp-content\/uploads\/2020\/06\/cropped-LOGO-DICODUSPORT-2020-SANS-FOND-SANS-TEXTE.png\",\"contentUrl\":\"https:\/\/dicodusport.fr\/blog\/wp-content\/uploads\/2020\/06\/cropped-LOGO-DICODUSPORT-2020-SANS-FOND-SANS-TEXTE.png\",\"width\":512,\"height\":512,\"caption\":\"Dicodusport\"},\"image\":{\"@id\":\"https:\/\/dicodusport.fr\/blog\/#\/schema\/logo\/image\/\"},\"sameAs\":[\"https:\/\/www.facebook.com\/dicodusport\",\"https:\/\/x.com\/dicodusport\",\"https:\/\/www.instagram.com\/dicodusport\/\",\"https:\/\/www.youtube.com\/channel\/UC7V2KZ5sd3htJivAbA4ZG3w\"],\"description\":\"Dicodusport est l'encyclop\u00e9die de l'actualit\u00e9 sportive.\",\"email\":\"bonjour@dicodusport.fr\",\"legalName\":\"DICODUSPORT\",\"foundingDate\":\"2018-01-14\",\"vatID\":\"FR71834470973\",\"taxID\":\"83447097300043\",\"numberOfEmployees\":{\"@type\":\"QuantitativeValue\",\"minValue\":\"1\",\"maxValue\":\"10\"}},{\"@type\":\"Person\",\"@id\":\"https:\/\/dicodusport.fr\/blog\/#\/schema\/person\/6db4bae06b171592211be385b32876a7\",\"name\":\"Emilien Descampiaux\",\"image\":{\"@type\":\"ImageObject\",\"inLanguage\":\"fr-FR\",\"@id\":\"https:\/\/dicodusport.fr\/blog\/#\/schema\/person\/image\/\",\"url\":\"https:\/\/dicodusport.fr\/blog\/wp-content\/uploads\/2021\/05\/Emilien-Descampiaux-150x150.jpg\",\"contentUrl\":\"https:\/\/dicodusport.fr\/blog\/wp-content\/uploads\/2021\/05\/Emilien-Descampiaux-150x150.jpg\",\"caption\":\"Emilien Descampiaux\"},\"description\":\"Journaliste\/r\u00e9dacteur depuis 2014 - Fan de la classe de Frank Vandenbroucke, je vis cyclisme (et de ses paysages) depuis plus de 20 ans. Je suis tr\u00e8s impliqu\u00e9 sur mes diff\u00e9rents r\u00e9seaux sociaux pour partager ma passion sur le monde et l'Histoire de la bicyclette avec ma voix sur les images en noir et blanc du succ\u00e8s de Rik Van Steenbergen lors du Ronde sur le V\u00e9lodrome de Gand.\",\"sameAs\":[\"https:\/\/www.facebook.com\/groups\/LesRoisDuPeloton\",\"https:\/\/x.com\/https:\/\/twitter.com\/LRoisDuPeloton\"],\"url\":\"https:\/\/dicodusport.fr\/blog\/author\/emiliend\/\"}]}<\/script>\n<!-- \/ Yoast SEO Premium plugin. -->","yoast_head_json":{"title":"Coupe du monde de ski alpin : Petra Vlhova r\u00e9alise le doubl\u00e9 \u00e0 Levi","description":"COUPE DU MONDE DE SKI ALPIN 2021-2022 \u2013 Dans des conditions plus froides qu'hier, Petra Vlhov\u00e1 s'est impos\u00e9e sur la second slalom de Levi ce dimanche.","robots":{"index":"index","follow":"follow","max-snippet":"max-snippet:-1","max-image-preview":"max-image-preview:large","max-video-preview":"max-video-preview:-1"},"canonical":"https:\/\/dicodusport.fr\/blog\/coupe-du-monde-de-ski-alpin-petra-vlhova-realise-le-double\/","og_locale":"fr_FR","og_type":"article","og_title":"Coupe du monde de ski alpin : Petra Vlhova r\u00e9alise le doubl\u00e9 \u00e0 Levi","og_description":"COUPE DU MONDE DE SKI ALPIN 2021-2022 \u2013 Dans des conditions plus froides qu'hier, Petra Vlhov\u00e1 s'est impos\u00e9e sur la second slalom de Levi ce dimanche.","og_url":"https:\/\/dicodusport.fr\/blog\/coupe-du-monde-de-ski-alpin-petra-vlhova-realise-le-double\/","og_site_name":"Dicodusport","article_publisher":"https:\/\/www.facebook.com\/dicodusport","article_author":"https:\/\/www.facebook.com\/groups\/LesRoisDuPeloton","article_published_time":"2021-11-21T13:27:29+00:00","article_modified_time":"2021-11-21T14:18:02+00:00","og_image":[{"width":800,"height":445,"url":"https:\/\/dicodusport.fr\/blog\/wp-content\/uploads\/2021\/11\/Coupe-du-monde-de-ski-alpin-Petra-Vlhova-realise-le-double-a-Levi.png","type":"image\/png"}],"author":"Emilien Descampiaux","twitter_card":"summary_large_image","twitter_title":"Coupe du monde de ski alpin : Petra Vlhova r\u00e9alise le doubl\u00e9 \u00e0 Levi","twitter_creator":"@https:\/\/twitter.com\/LRoisDuPeloton","twitter_site":"@dicodusport","schema":{"@context":"https:\/\/schema.org","@graph":[{"@type":"NewsArticle","@id":"https:\/\/dicodusport.fr\/blog\/coupe-du-monde-de-ski-alpin-petra-vlhova-realise-le-double\/#article","isPartOf":{"@id":"https:\/\/dicodusport.fr\/blog\/coupe-du-monde-de-ski-alpin-petra-vlhova-realise-le-double\/"},"author":{"name":"Emilien Descampiaux","@id":"https:\/\/dicodusport.fr\/blog\/#\/schema\/person\/6db4bae06b171592211be385b32876a7"},"headline":"Coupe du monde de ski alpin : Petra Vlhova r\u00e9alise le doubl\u00e9 \u00e0 Levi","datePublished":"2021-11-21T13:27:29+00:00","dateModified":"2021-11-21T14:18:02+00:00","mainEntityOfPage":{"@id":"https:\/\/dicodusport.fr\/blog\/coupe-du-monde-de-ski-alpin-petra-vlhova-realise-le-double\/"},"wordCount":695,"commentCount":0,"publisher":{"@id":"https:\/\/dicodusport.fr\/blog\/#organization"},"image":{"@id":"https:\/\/dicodusport.fr\/blog\/coupe-du-monde-de-ski-alpin-petra-vlhova-realise-le-double\/#primaryimage"},"thumbnailUrl":"https:\/\/dicodusport.fr\/blog\/wp-content\/uploads\/2021\/11\/Coupe-du-monde-de-ski-alpin-Petra-Vlhova-realise-le-double-a-Levi.png","keywords":["Coupe du monde de ski alpin","Ski alpin","Slalom Levi"],"articleSection":["Coupe du monde de ski alpin"],"inLanguage":"fr-FR","potentialAction":[{"@type":"CommentAction","name":"Comment","target":["https:\/\/dicodusport.fr\/blog\/coupe-du-monde-de-ski-alpin-petra-vlhova-realise-le-double\/#respond"]}],"copyrightYear":"2021","copyrightHolder":{"@id":"https:\/\/dicodusport.fr\/blog\/#organization"}},{"@type":"WebPage","@id":"https:\/\/dicodusport.fr\/blog\/coupe-du-monde-de-ski-alpin-petra-vlhova-realise-le-double\/","url":"https:\/\/dicodusport.fr\/blog\/coupe-du-monde-de-ski-alpin-petra-vlhova-realise-le-double\/","name":"Coupe du monde de ski alpin : Petra Vlhova r\u00e9alise le doubl\u00e9 \u00e0 Levi","isPartOf":{"@id":"https:\/\/dicodusport.fr\/blog\/#website"},"primaryImageOfPage":{"@id":"https:\/\/dicodusport.fr\/blog\/coupe-du-monde-de-ski-alpin-petra-vlhova-realise-le-double\/#primaryimage"},"image":{"@id":"https:\/\/dicodusport.fr\/blog\/coupe-du-monde-de-ski-alpin-petra-vlhova-realise-le-double\/#primaryimage"},"thumbnailUrl":"https:\/\/dicodusport.fr\/blog\/wp-content\/uploads\/2021\/11\/Coupe-du-monde-de-ski-alpin-Petra-Vlhova-realise-le-double-a-Levi.png","datePublished":"2021-11-21T13:27:29+00:00","dateModified":"2021-11-21T14:18:02+00:00","description":"COUPE DU MONDE DE SKI ALPIN 2021-2022 \u2013 Dans des conditions plus froides qu'hier, Petra Vlhov\u00e1 s'est impos\u00e9e sur la second slalom de Levi ce dimanche.","breadcrumb":{"@id":"https:\/\/dicodusport.fr\/blog\/coupe-du-monde-de-ski-alpin-petra-vlhova-realise-le-double\/#breadcrumb"},"inLanguage":"fr-FR","potentialAction":[{"@type":"ReadAction","target":["https:\/\/dicodusport.fr\/blog\/coupe-du-monde-de-ski-alpin-petra-vlhova-realise-le-double\/"]}]},{"@type":"ImageObject","inLanguage":"fr-FR","@id":"https:\/\/dicodusport.fr\/blog\/coupe-du-monde-de-ski-alpin-petra-vlhova-realise-le-double\/#primaryimage","url":"https:\/\/dicodusport.fr\/blog\/wp-content\/uploads\/2021\/11\/Coupe-du-monde-de-ski-alpin-Petra-Vlhova-realise-le-double-a-Levi.png","contentUrl":"https:\/\/dicodusport.fr\/blog\/wp-content\/uploads\/2021\/11\/Coupe-du-monde-de-ski-alpin-Petra-Vlhova-realise-le-double-a-Levi.png","width":800,"height":445,"caption":"Coupe du monde de ski alpin Petra Vlhova r\u00e9alise le doubl\u00e9 \u00e0 Levi"},{"@type":"BreadcrumbList","@id":"https:\/\/dicodusport.fr\/blog\/coupe-du-monde-de-ski-alpin-petra-vlhova-realise-le-double\/#breadcrumb","itemListElement":[{"@type":"ListItem","position":1,"name":"Accueil","item":"https:\/\/dicodusport.fr\/blog\/"},{"@type":"ListItem","position":2,"name":"Coupe du monde de ski alpin : Petra Vlhova r\u00e9alise le doubl\u00e9 \u00e0 Levi"}]},{"@type":"WebSite","@id":"https:\/\/dicodusport.fr\/blog\/#website","url":"https:\/\/dicodusport.fr\/blog\/","name":"Dicodusport","description":"L&#039;encyclop\u00e9die de l&#039;actualit\u00e9 sportive","publisher":{"@id":"https:\/\/dicodusport.fr\/blog\/#organization"},"potentialAction":[{"@type":"SearchAction","target":{"@type":"EntryPoint","urlTemplate":"https:\/\/dicodusport.fr\/blog\/?s={search_term_string}"},"query-input":{"@type":"PropertyValueSpecification","valueRequired":true,"valueName":"search_term_string"}}],"inLanguage":"fr-FR"},{"@type":"NewsMediaOrganization","@id":"https:\/\/dicodusport.fr\/blog\/#organization","name":"Dicodusport","url":"https:\/\/dicodusport.fr\/blog\/","logo":{"@type":"ImageObject","inLanguage":"fr-FR","@id":"https:\/\/dicodusport.fr\/blog\/#\/schema\/logo\/image\/","url":"https:\/\/dicodusport.fr\/blog\/wp-content\/uploads\/2020\/06\/cropped-LOGO-DICODUSPORT-2020-SANS-FOND-SANS-TEXTE.png","contentUrl":"https:\/\/dicodusport.fr\/blog\/wp-content\/uploads\/2020\/06\/cropped-LOGO-DICODUSPORT-2020-SANS-FOND-SANS-TEXTE.png","width":512,"height":512,"caption":"Dicodusport"},"image":{"@id":"https:\/\/dicodusport.fr\/blog\/#\/schema\/logo\/image\/"},"sameAs":["https:\/\/www.facebook.com\/dicodusport","https:\/\/x.com\/dicodusport","https:\/\/www.instagram.com\/dicodusport\/","https:\/\/www.youtube.com\/channel\/UC7V2KZ5sd3htJivAbA4ZG3w"],"description":"Dicodusport est l'encyclop\u00e9die de l'actualit\u00e9 sportive.","email":"bonjour@dicodusport.fr","legalName":"DICODUSPORT","foundingDate":"2018-01-14","vatID":"FR71834470973","taxID":"83447097300043","numberOfEmployees":{"@type":"QuantitativeValue","minValue":"1","maxValue":"10"}},{"@type":"Person","@id":"https:\/\/dicodusport.fr\/blog\/#\/schema\/person\/6db4bae06b171592211be385b32876a7","name":"Emilien Descampiaux","image":{"@type":"ImageObject","inLanguage":"fr-FR","@id":"https:\/\/dicodusport.fr\/blog\/#\/schema\/person\/image\/","url":"https:\/\/dicodusport.fr\/blog\/wp-content\/uploads\/2021\/05\/Emilien-Descampiaux-150x150.jpg","contentUrl":"https:\/\/dicodusport.fr\/blog\/wp-content\/uploads\/2021\/05\/Emilien-Descampiaux-150x150.jpg","caption":"Emilien Descampiaux"},"description":"Journaliste\/r\u00e9dacteur depuis 2014 - Fan de la classe de Frank Vandenbroucke, je vis cyclisme (et de ses paysages) depuis plus de 20 ans. Je suis tr\u00e8s impliqu\u00e9 sur mes diff\u00e9rents r\u00e9seaux sociaux pour partager ma passion sur le monde et l'Histoire de la bicyclette avec ma voix sur les images en noir et blanc du succ\u00e8s de Rik Van Steenbergen lors du Ronde sur le V\u00e9lodrome de Gand.","sameAs":["https:\/\/www.facebook.com\/groups\/LesRoisDuPeloton","https:\/\/x.com\/https:\/\/twitter.com\/LRoisDuPeloton"],"url":"https:\/\/dicodusport.fr\/blog\/author\/emiliend\/"}]}},"_links":{"self":[{"href":"https:\/\/dicodusport.fr\/blog\/wp-json\/wp\/v2\/posts\/180472","targetHints":{"allow":["GET"]}}],"collection":[{"href":"https:\/\/dicodusport.fr\/blog\/wp-json\/wp\/v2\/posts"}],"about":[{"href":"https:\/\/dicodusport.fr\/blog\/wp-json\/wp\/v2\/types\/post"}],"author":[{"embeddable":true,"href":"https:\/\/dicodusport.fr\/blog\/wp-json\/wp\/v2\/users\/48"}],"replies":[{"embeddable":true,"href":"https:\/\/dicodusport.fr\/blog\/wp-json\/wp\/v2\/comments?post=180472"}],"version-history":[{"count":0,"href":"https:\/\/dicodusport.fr\/blog\/wp-json\/wp\/v2\/posts\/180472\/revisions"}],"wp:featuredmedia":[{"embeddable":true,"href":"https:\/\/dicodusport.fr\/blog\/wp-json\/wp\/v2\/media\/180571"}],"wp:attachment":[{"href":"https:\/\/dicodusport.fr\/blog\/wp-json\/wp\/v2\/media?parent=180472"}],"wp:term":[{"taxonomy":"category","embeddable":true,"href":"https:\/\/dicodusport.fr\/blog\/wp-json\/wp\/v2\/categories?post=180472"},{"taxonomy":"post_tag","embeddable":true,"href":"https:\/\/dicodusport.fr\/blog\/wp-json\/wp\/v2\/tags?post=180472"}],"curies":[{"name":"wp","href":"https:\/\/api.w.org\/{rel}","templated":true}]}}