{"id":180777,"date":"2021-11-23T08:00:46","date_gmt":"2021-11-23T07:00:46","guid":{"rendered":"https:\/\/dicodusport.fr\/blog\/?p=180777"},"modified":"2021-11-23T08:00:53","modified_gmt":"2021-11-23T07:00:53","slug":"23-novembre-2014-premiere-coupe-davis-pour-la-suisse","status":"publish","type":"post","link":"https:\/\/dicodusport.fr\/blog\/23-novembre-2014-premiere-coupe-davis-pour-la-suisse\/","title":{"rendered":"23 novembre 2014 : Premi\u00e8re Coupe Davis pour la Suisse"},"content":{"rendered":"<p style=\"text-align: justify;\"><em><strong><a href=\"https:\/\/dicodusport.fr\/definition-sport\/tennis\/\">TENNIS<\/a> &#8211; Quand on entend \u00ab Suisse \u00bb au tennis, on pourrait penser que nos voisins helv\u00e8tes ont d\u00e9j\u00e0 ajout\u00e9 \u00e0 leur palmar\u00e8s au moins une Coupe Davis avant ce jour de 2014. Et pourtant \u2026 la premi\u00e8re fois a bien eu lieu ce 23 novembre \u2026 sur les terres fran\u00e7aises.<\/strong> <\/em><\/p>\n<h2 style=\"text-align: justify;\">\u00c7a s&rsquo;est pass\u00e9 le 23 novembre 2014<\/h2>\n<p style=\"text-align: justify;\">Les Suisses semblaient f\u00e9briles \u00e0 l\u2019approche de cette finale de Coupe Davis. <strong>Roger Federer<\/strong> souffrait du dos et se prenait le bec avec <strong>Stan Wawrinka<\/strong> une semaine avant. Du c\u00f4t\u00e9 des Bleus, au contraire, on la jouait solidaire et d\u00e9contract\u00e9 avant ce duel. Mais pendant ce week-end, la tendance s\u2019est invers\u00e9e. A Lille, les Fran\u00e7ais sont plus crisp\u00e9s qu\u2019autre chose et cela se ressent sur le court. En face, la brouille entre <strong>Federer<\/strong> et <strong>Wawrinka<\/strong> \u00e9tant r\u00e9gl\u00e9e, ce dernier ne fait qu\u2019une bouch\u00e9e de <strong>Jo-Wilfried Tsonga<\/strong> lors du premier match.<\/p>\n<p style=\"text-align: justify;\">C\u2019est <strong>Ga\u00ebl Monfils<\/strong> qui ram\u00e8ne son \u00e9quipe \u00e0 \u00e9galit\u00e9, contre un <strong>Roger Federer<\/strong> qui commence doucement \u00e0 retrouver sa forme. Lors du double, la paire<strong> Benneteau<\/strong>&#8211;<strong>Gasquet<\/strong> ne fait pas le poids non plus. La large victoire 6-3, 7-5, 6-4 du duo <strong>Federer<\/strong>&#8211;<strong>Wawrinka<\/strong> refroidit le stade Pierre Mauroy. Les visiteurs m\u00e8nent maintenant 2-1 et c\u2019est <strong>Richard Gasquet<\/strong> qui doit tenter de sauver la patrie. Contre qui ? Le num\u00e9ro 2 mondial du moment, <strong>Roger Federer<\/strong>, qui est mont\u00e9 en puissance pendant le double. Et clairement, il n\u2019y a pas match entre les deux. Le Tricolore s\u2019incline 6-4, 6-2, 6-2, la Suisse d\u00e9croche ainsi sa premi\u00e8re Coupe Davis apr\u00e8s la finale perdue de 1992.<\/p>\n<p style=\"text-align: justify;\"><strong>Info<\/strong>\u00a0: Ann\u00e9e de r\u00eave pour <strong>Stan Wawrinka<\/strong>. Avant cette victoire en Coupe Davis, le Suisse s\u2019\u00e9tait offert l\u2019Open d\u2019Australie en battant <strong>Rafael Nadal<\/strong> en finale. Il s\u2019\u00e9tait \u00e9galement impos\u00e9 \u00e0 Monte-Carlo, \u00e9liminant cette fois pour le titre \u2026 son compatriote <strong>Roger Federer<\/strong>.<\/p>\n","protected":false},"excerpt":{"rendered":"<p>Retour sur le 23 novembre 2014, la Suisse d\u00e9crochait sa premi\u00e8re Coupe Davis de son histoire en s&rsquo;imposant contre les Fran\u00e7ais.<\/p>\n","protected":false},"author":18,"featured_media":180896,"comment_status":"open","ping_status":"closed","sticky":false,"template":"","format":"standard","meta":{"_acf_changed":false,"_daextam_enable_autolinks":"","footnotes":""},"categories":[8,2302],"tags":[30,8481,334,136],"class_list":["post-180777","post","type-post","status-publish","format-standard","has-post-thumbnail","hentry","category-histoire","category-tennis","tag-france","tag-histoire","tag-suisse","tag-tennis"],"acf":[],"yoast_head":"<!-- This site is optimized with the Yoast SEO Premium plugin v26.7 (Yoast SEO v26.7) - https:\/\/yoast.com\/wordpress\/plugins\/seo\/ -->\n<title>23 novembre 2014 : Premi\u00e8re Coupe Davis pour la Suisse<\/title>\n<meta name=\"description\" content=\"Retour sur le 23 novembre 2014, la Suisse d\u00e9crochait sa premi\u00e8re Coupe Davis de son histoire en s&#039;imposant contre les Fran\u00e7ais.\" \/>\n<meta name=\"robots\" content=\"index, follow, max-snippet:-1, max-image-preview:large, max-video-preview:-1\" \/>\n<link rel=\"canonical\" href=\"https:\/\/dicodusport.fr\/blog\/23-novembre-2014-premiere-coupe-davis-pour-la-suisse\/\" \/>\n<meta property=\"og:locale\" content=\"fr_FR\" \/>\n<meta property=\"og:type\" content=\"article\" \/>\n<meta property=\"og:title\" content=\"23 novembre 2014 : Premi\u00e8re Coupe Davis pour la Suisse\" \/>\n<meta property=\"og:description\" content=\"Retour sur le 23 novembre 2014, la Suisse d\u00e9crochait sa premi\u00e8re Coupe Davis de son histoire en s&#039;imposant contre les Fran\u00e7ais.\" \/>\n<meta property=\"og:url\" content=\"https:\/\/dicodusport.fr\/blog\/23-novembre-2014-premiere-coupe-davis-pour-la-suisse\/\" \/>\n<meta property=\"og:site_name\" content=\"Dicodusport\" \/>\n<meta property=\"article:publisher\" content=\"https:\/\/www.facebook.com\/dicodusport\" \/>\n<meta property=\"article:author\" content=\"https:\/\/www.facebook.com\/soocube\" \/>\n<meta property=\"article:published_time\" content=\"2021-11-23T07:00:46+00:00\" \/>\n<meta property=\"article:modified_time\" content=\"2021-11-23T07:00:53+00:00\" \/>\n<meta property=\"og:image\" content=\"https:\/\/dicodusport.fr\/blog\/wp-content\/uploads\/2021\/11\/23-novembre-2014-Premiere-Coupe-Davis-pour-la-Suisse.png\" \/>\n\t<meta property=\"og:image:width\" content=\"800\" \/>\n\t<meta property=\"og:image:height\" content=\"445\" \/>\n\t<meta property=\"og:image:type\" content=\"image\/png\" \/>\n<meta name=\"author\" content=\"Sophie Clapier\" \/>\n<meta name=\"twitter:card\" content=\"summary_large_image\" \/>\n<meta name=\"twitter:title\" content=\"23 novembre 2014 : Premi\u00e8re Coupe Davis pour la Suisse\" \/>\n<meta name=\"twitter:creator\" content=\"@https:\/\/twitter.com\/soocube\" \/>\n<meta name=\"twitter:site\" content=\"@dicodusport\" \/>\n<script type=\"application\/ld+json\" class=\"yoast-schema-graph\">{\"@context\":\"https:\/\/schema.org\",\"@graph\":[{\"@type\":\"NewsArticle\",\"@id\":\"https:\/\/dicodusport.fr\/blog\/23-novembre-2014-premiere-coupe-davis-pour-la-suisse\/#article\",\"isPartOf\":{\"@id\":\"https:\/\/dicodusport.fr\/blog\/23-novembre-2014-premiere-coupe-davis-pour-la-suisse\/\"},\"author\":{\"name\":\"Sophie Clapier\",\"@id\":\"https:\/\/dicodusport.fr\/blog\/#\/schema\/person\/416c975648aca9da8839bdfe333a21c9\"},\"headline\":\"23 novembre 2014 : Premi\u00e8re Coupe Davis pour la Suisse\",\"datePublished\":\"2021-11-23T07:00:46+00:00\",\"dateModified\":\"2021-11-23T07:00:53+00:00\",\"mainEntityOfPage\":{\"@id\":\"https:\/\/dicodusport.fr\/blog\/23-novembre-2014-premiere-coupe-davis-pour-la-suisse\/\"},\"wordCount\":329,\"commentCount\":0,\"publisher\":{\"@id\":\"https:\/\/dicodusport.fr\/blog\/#organization\"},\"image\":{\"@id\":\"https:\/\/dicodusport.fr\/blog\/23-novembre-2014-premiere-coupe-davis-pour-la-suisse\/#primaryimage\"},\"thumbnailUrl\":\"https:\/\/dicodusport.fr\/blog\/wp-content\/uploads\/2021\/11\/23-novembre-2014-Premiere-Coupe-Davis-pour-la-Suisse.png\",\"keywords\":[\"France\",\"histoire\",\"Suisse\",\"Tennis\"],\"articleSection\":[\"Histoire\",\"Tennis\"],\"inLanguage\":\"fr-FR\",\"potentialAction\":[{\"@type\":\"CommentAction\",\"name\":\"Comment\",\"target\":[\"https:\/\/dicodusport.fr\/blog\/23-novembre-2014-premiere-coupe-davis-pour-la-suisse\/#respond\"]}],\"copyrightYear\":\"2021\",\"copyrightHolder\":{\"@id\":\"https:\/\/dicodusport.fr\/blog\/#organization\"}},{\"@type\":\"WebPage\",\"@id\":\"https:\/\/dicodusport.fr\/blog\/23-novembre-2014-premiere-coupe-davis-pour-la-suisse\/\",\"url\":\"https:\/\/dicodusport.fr\/blog\/23-novembre-2014-premiere-coupe-davis-pour-la-suisse\/\",\"name\":\"23 novembre 2014 : Premi\u00e8re Coupe Davis pour la Suisse\",\"isPartOf\":{\"@id\":\"https:\/\/dicodusport.fr\/blog\/#website\"},\"primaryImageOfPage\":{\"@id\":\"https:\/\/dicodusport.fr\/blog\/23-novembre-2014-premiere-coupe-davis-pour-la-suisse\/#primaryimage\"},\"image\":{\"@id\":\"https:\/\/dicodusport.fr\/blog\/23-novembre-2014-premiere-coupe-davis-pour-la-suisse\/#primaryimage\"},\"thumbnailUrl\":\"https:\/\/dicodusport.fr\/blog\/wp-content\/uploads\/2021\/11\/23-novembre-2014-Premiere-Coupe-Davis-pour-la-Suisse.png\",\"datePublished\":\"2021-11-23T07:00:46+00:00\",\"dateModified\":\"2021-11-23T07:00:53+00:00\",\"description\":\"Retour sur le 23 novembre 2014, la Suisse d\u00e9crochait sa premi\u00e8re Coupe Davis de son histoire en s'imposant contre les Fran\u00e7ais.\",\"breadcrumb\":{\"@id\":\"https:\/\/dicodusport.fr\/blog\/23-novembre-2014-premiere-coupe-davis-pour-la-suisse\/#breadcrumb\"},\"inLanguage\":\"fr-FR\",\"potentialAction\":[{\"@type\":\"ReadAction\",\"target\":[\"https:\/\/dicodusport.fr\/blog\/23-novembre-2014-premiere-coupe-davis-pour-la-suisse\/\"]}]},{\"@type\":\"ImageObject\",\"inLanguage\":\"fr-FR\",\"@id\":\"https:\/\/dicodusport.fr\/blog\/23-novembre-2014-premiere-coupe-davis-pour-la-suisse\/#primaryimage\",\"url\":\"https:\/\/dicodusport.fr\/blog\/wp-content\/uploads\/2021\/11\/23-novembre-2014-Premiere-Coupe-Davis-pour-la-Suisse.png\",\"contentUrl\":\"https:\/\/dicodusport.fr\/blog\/wp-content\/uploads\/2021\/11\/23-novembre-2014-Premiere-Coupe-Davis-pour-la-Suisse.png\",\"width\":800,\"height\":445,\"caption\":\"23 novembre 2014 Premi\u00e8re Coupe Davis pour la Suisse\"},{\"@type\":\"BreadcrumbList\",\"@id\":\"https:\/\/dicodusport.fr\/blog\/23-novembre-2014-premiere-coupe-davis-pour-la-suisse\/#breadcrumb\",\"itemListElement\":[{\"@type\":\"ListItem\",\"position\":1,\"name\":\"Accueil\",\"item\":\"https:\/\/dicodusport.fr\/blog\/\"},{\"@type\":\"ListItem\",\"position\":2,\"name\":\"23 novembre 2014 : Premi\u00e8re Coupe Davis pour la Suisse\"}]},{\"@type\":\"WebSite\",\"@id\":\"https:\/\/dicodusport.fr\/blog\/#website\",\"url\":\"https:\/\/dicodusport.fr\/blog\/\",\"name\":\"Dicodusport\",\"description\":\"L&#039;encyclop\u00e9die de l&#039;actualit\u00e9 sportive\",\"publisher\":{\"@id\":\"https:\/\/dicodusport.fr\/blog\/#organization\"},\"potentialAction\":[{\"@type\":\"SearchAction\",\"target\":{\"@type\":\"EntryPoint\",\"urlTemplate\":\"https:\/\/dicodusport.fr\/blog\/?s={search_term_string}\"},\"query-input\":{\"@type\":\"PropertyValueSpecification\",\"valueRequired\":true,\"valueName\":\"search_term_string\"}}],\"inLanguage\":\"fr-FR\"},{\"@type\":\"NewsMediaOrganization\",\"@id\":\"https:\/\/dicodusport.fr\/blog\/#organization\",\"name\":\"Dicodusport\",\"url\":\"https:\/\/dicodusport.fr\/blog\/\",\"logo\":{\"@type\":\"ImageObject\",\"inLanguage\":\"fr-FR\",\"@id\":\"https:\/\/dicodusport.fr\/blog\/#\/schema\/logo\/image\/\",\"url\":\"https:\/\/dicodusport.fr\/blog\/wp-content\/uploads\/2020\/06\/cropped-LOGO-DICODUSPORT-2020-SANS-FOND-SANS-TEXTE.png\",\"contentUrl\":\"https:\/\/dicodusport.fr\/blog\/wp-content\/uploads\/2020\/06\/cropped-LOGO-DICODUSPORT-2020-SANS-FOND-SANS-TEXTE.png\",\"width\":512,\"height\":512,\"caption\":\"Dicodusport\"},\"image\":{\"@id\":\"https:\/\/dicodusport.fr\/blog\/#\/schema\/logo\/image\/\"},\"sameAs\":[\"https:\/\/www.facebook.com\/dicodusport\",\"https:\/\/x.com\/dicodusport\",\"https:\/\/www.instagram.com\/dicodusport\/\",\"https:\/\/www.youtube.com\/channel\/UC7V2KZ5sd3htJivAbA4ZG3w\"],\"description\":\"Dicodusport est l'encyclop\u00e9die de l'actualit\u00e9 sportive.\",\"email\":\"bonjour@dicodusport.fr\",\"legalName\":\"DICODUSPORT\",\"foundingDate\":\"2018-01-14\",\"vatID\":\"FR71834470973\",\"taxID\":\"83447097300043\",\"numberOfEmployees\":{\"@type\":\"QuantitativeValue\",\"minValue\":\"1\",\"maxValue\":\"10\"}},{\"@type\":\"Person\",\"@id\":\"https:\/\/dicodusport.fr\/blog\/#\/schema\/person\/416c975648aca9da8839bdfe333a21c9\",\"name\":\"Sophie Clapier\",\"image\":{\"@type\":\"ImageObject\",\"inLanguage\":\"fr-FR\",\"@id\":\"https:\/\/dicodusport.fr\/blog\/#\/schema\/person\/image\/\",\"url\":\"https:\/\/dicodusport.fr\/blog\/wp-content\/uploads\/2021\/05\/Sophie-Clapier-150x150.jpg\",\"contentUrl\":\"https:\/\/dicodusport.fr\/blog\/wp-content\/uploads\/2021\/05\/Sophie-Clapier-150x150.jpg\",\"caption\":\"Sophie Clapier\"},\"description\":\"Journaliste\/r\u00e9dactrice depuis janvier 2016 - Passionn\u00e9e de sport depuis toujours, j\u2019en ai pratiqu\u00e9 quelques-uns. Judo, football, handball ou encore tennis, je n\u2019ai jamais pu me mettre d\u2019accord sur un en particulier. Mais \u00e7a, c\u2019\u00e9tait avant de d\u00e9couvrir le basket, devenu mon sport de pr\u00e9dilection. Les actions NBA, le All-Star Week-end, la fureur des Game 7 pendant les playoffs ou mieux, lors des Finals, this is why we play. Team Spurs T.P, je m\u2019accroche encore \u00e0 Gregg Popovich (don\u2019t leave !). Team chef Curry, je souhaite qu\u2019il finisse aux Warriors (staaaay !). Non, il n\u2019y a pas qu\u2019eux, des petits nouveaux -et des petites nouvelles \u00e9videmment- arrivent chaque jour dans toutes les disciplines et cr\u00e9ent de nouveaux exploits. Alors pour les grands \u00e9v\u00e9nements et comp\u00e9titions internationales, vive les pulsations 240\/minutes et le d\u00e9fibrillateur pas loin, et allez les Bleu(e)s ! C\u2019est s\u00fbr, j\u2019aurai plus vu ma vie sur un terrain de sport, mais \u00e0 d\u00e9faut d\u2019en faire en haut niveau, je le partage avec vous.\",\"sameAs\":[\"https:\/\/www.facebook.com\/soocube\",\"https:\/\/x.com\/https:\/\/twitter.com\/soocube\",\"admin\"],\"url\":\"https:\/\/dicodusport.fr\/blog\/author\/sophie\/\"}]}<\/script>\n<!-- \/ Yoast SEO Premium plugin. -->","yoast_head_json":{"title":"23 novembre 2014 : Premi\u00e8re Coupe Davis pour la Suisse","description":"Retour sur le 23 novembre 2014, la Suisse d\u00e9crochait sa premi\u00e8re Coupe Davis de son histoire en s'imposant contre les Fran\u00e7ais.","robots":{"index":"index","follow":"follow","max-snippet":"max-snippet:-1","max-image-preview":"max-image-preview:large","max-video-preview":"max-video-preview:-1"},"canonical":"https:\/\/dicodusport.fr\/blog\/23-novembre-2014-premiere-coupe-davis-pour-la-suisse\/","og_locale":"fr_FR","og_type":"article","og_title":"23 novembre 2014 : Premi\u00e8re Coupe Davis pour la Suisse","og_description":"Retour sur le 23 novembre 2014, la Suisse d\u00e9crochait sa premi\u00e8re Coupe Davis de son histoire en s'imposant contre les Fran\u00e7ais.","og_url":"https:\/\/dicodusport.fr\/blog\/23-novembre-2014-premiere-coupe-davis-pour-la-suisse\/","og_site_name":"Dicodusport","article_publisher":"https:\/\/www.facebook.com\/dicodusport","article_author":"https:\/\/www.facebook.com\/soocube","article_published_time":"2021-11-23T07:00:46+00:00","article_modified_time":"2021-11-23T07:00:53+00:00","og_image":[{"width":800,"height":445,"url":"https:\/\/dicodusport.fr\/blog\/wp-content\/uploads\/2021\/11\/23-novembre-2014-Premiere-Coupe-Davis-pour-la-Suisse.png","type":"image\/png"}],"author":"Sophie Clapier","twitter_card":"summary_large_image","twitter_title":"23 novembre 2014 : Premi\u00e8re Coupe Davis pour la Suisse","twitter_creator":"@https:\/\/twitter.com\/soocube","twitter_site":"@dicodusport","schema":{"@context":"https:\/\/schema.org","@graph":[{"@type":"NewsArticle","@id":"https:\/\/dicodusport.fr\/blog\/23-novembre-2014-premiere-coupe-davis-pour-la-suisse\/#article","isPartOf":{"@id":"https:\/\/dicodusport.fr\/blog\/23-novembre-2014-premiere-coupe-davis-pour-la-suisse\/"},"author":{"name":"Sophie Clapier","@id":"https:\/\/dicodusport.fr\/blog\/#\/schema\/person\/416c975648aca9da8839bdfe333a21c9"},"headline":"23 novembre 2014 : Premi\u00e8re Coupe Davis pour la Suisse","datePublished":"2021-11-23T07:00:46+00:00","dateModified":"2021-11-23T07:00:53+00:00","mainEntityOfPage":{"@id":"https:\/\/dicodusport.fr\/blog\/23-novembre-2014-premiere-coupe-davis-pour-la-suisse\/"},"wordCount":329,"commentCount":0,"publisher":{"@id":"https:\/\/dicodusport.fr\/blog\/#organization"},"image":{"@id":"https:\/\/dicodusport.fr\/blog\/23-novembre-2014-premiere-coupe-davis-pour-la-suisse\/#primaryimage"},"thumbnailUrl":"https:\/\/dicodusport.fr\/blog\/wp-content\/uploads\/2021\/11\/23-novembre-2014-Premiere-Coupe-Davis-pour-la-Suisse.png","keywords":["France","histoire","Suisse","Tennis"],"articleSection":["Histoire","Tennis"],"inLanguage":"fr-FR","potentialAction":[{"@type":"CommentAction","name":"Comment","target":["https:\/\/dicodusport.fr\/blog\/23-novembre-2014-premiere-coupe-davis-pour-la-suisse\/#respond"]}],"copyrightYear":"2021","copyrightHolder":{"@id":"https:\/\/dicodusport.fr\/blog\/#organization"}},{"@type":"WebPage","@id":"https:\/\/dicodusport.fr\/blog\/23-novembre-2014-premiere-coupe-davis-pour-la-suisse\/","url":"https:\/\/dicodusport.fr\/blog\/23-novembre-2014-premiere-coupe-davis-pour-la-suisse\/","name":"23 novembre 2014 : Premi\u00e8re Coupe Davis pour la Suisse","isPartOf":{"@id":"https:\/\/dicodusport.fr\/blog\/#website"},"primaryImageOfPage":{"@id":"https:\/\/dicodusport.fr\/blog\/23-novembre-2014-premiere-coupe-davis-pour-la-suisse\/#primaryimage"},"image":{"@id":"https:\/\/dicodusport.fr\/blog\/23-novembre-2014-premiere-coupe-davis-pour-la-suisse\/#primaryimage"},"thumbnailUrl":"https:\/\/dicodusport.fr\/blog\/wp-content\/uploads\/2021\/11\/23-novembre-2014-Premiere-Coupe-Davis-pour-la-Suisse.png","datePublished":"2021-11-23T07:00:46+00:00","dateModified":"2021-11-23T07:00:53+00:00","description":"Retour sur le 23 novembre 2014, la Suisse d\u00e9crochait sa premi\u00e8re Coupe Davis de son histoire en s'imposant contre les Fran\u00e7ais.","breadcrumb":{"@id":"https:\/\/dicodusport.fr\/blog\/23-novembre-2014-premiere-coupe-davis-pour-la-suisse\/#breadcrumb"},"inLanguage":"fr-FR","potentialAction":[{"@type":"ReadAction","target":["https:\/\/dicodusport.fr\/blog\/23-novembre-2014-premiere-coupe-davis-pour-la-suisse\/"]}]},{"@type":"ImageObject","inLanguage":"fr-FR","@id":"https:\/\/dicodusport.fr\/blog\/23-novembre-2014-premiere-coupe-davis-pour-la-suisse\/#primaryimage","url":"https:\/\/dicodusport.fr\/blog\/wp-content\/uploads\/2021\/11\/23-novembre-2014-Premiere-Coupe-Davis-pour-la-Suisse.png","contentUrl":"https:\/\/dicodusport.fr\/blog\/wp-content\/uploads\/2021\/11\/23-novembre-2014-Premiere-Coupe-Davis-pour-la-Suisse.png","width":800,"height":445,"caption":"23 novembre 2014 Premi\u00e8re Coupe Davis pour la Suisse"},{"@type":"BreadcrumbList","@id":"https:\/\/dicodusport.fr\/blog\/23-novembre-2014-premiere-coupe-davis-pour-la-suisse\/#breadcrumb","itemListElement":[{"@type":"ListItem","position":1,"name":"Accueil","item":"https:\/\/dicodusport.fr\/blog\/"},{"@type":"ListItem","position":2,"name":"23 novembre 2014 : Premi\u00e8re Coupe Davis pour la Suisse"}]},{"@type":"WebSite","@id":"https:\/\/dicodusport.fr\/blog\/#website","url":"https:\/\/dicodusport.fr\/blog\/","name":"Dicodusport","description":"L&#039;encyclop\u00e9die de l&#039;actualit\u00e9 sportive","publisher":{"@id":"https:\/\/dicodusport.fr\/blog\/#organization"},"potentialAction":[{"@type":"SearchAction","target":{"@type":"EntryPoint","urlTemplate":"https:\/\/dicodusport.fr\/blog\/?s={search_term_string}"},"query-input":{"@type":"PropertyValueSpecification","valueRequired":true,"valueName":"search_term_string"}}],"inLanguage":"fr-FR"},{"@type":"NewsMediaOrganization","@id":"https:\/\/dicodusport.fr\/blog\/#organization","name":"Dicodusport","url":"https:\/\/dicodusport.fr\/blog\/","logo":{"@type":"ImageObject","inLanguage":"fr-FR","@id":"https:\/\/dicodusport.fr\/blog\/#\/schema\/logo\/image\/","url":"https:\/\/dicodusport.fr\/blog\/wp-content\/uploads\/2020\/06\/cropped-LOGO-DICODUSPORT-2020-SANS-FOND-SANS-TEXTE.png","contentUrl":"https:\/\/dicodusport.fr\/blog\/wp-content\/uploads\/2020\/06\/cropped-LOGO-DICODUSPORT-2020-SANS-FOND-SANS-TEXTE.png","width":512,"height":512,"caption":"Dicodusport"},"image":{"@id":"https:\/\/dicodusport.fr\/blog\/#\/schema\/logo\/image\/"},"sameAs":["https:\/\/www.facebook.com\/dicodusport","https:\/\/x.com\/dicodusport","https:\/\/www.instagram.com\/dicodusport\/","https:\/\/www.youtube.com\/channel\/UC7V2KZ5sd3htJivAbA4ZG3w"],"description":"Dicodusport est l'encyclop\u00e9die de l'actualit\u00e9 sportive.","email":"bonjour@dicodusport.fr","legalName":"DICODUSPORT","foundingDate":"2018-01-14","vatID":"FR71834470973","taxID":"83447097300043","numberOfEmployees":{"@type":"QuantitativeValue","minValue":"1","maxValue":"10"}},{"@type":"Person","@id":"https:\/\/dicodusport.fr\/blog\/#\/schema\/person\/416c975648aca9da8839bdfe333a21c9","name":"Sophie Clapier","image":{"@type":"ImageObject","inLanguage":"fr-FR","@id":"https:\/\/dicodusport.fr\/blog\/#\/schema\/person\/image\/","url":"https:\/\/dicodusport.fr\/blog\/wp-content\/uploads\/2021\/05\/Sophie-Clapier-150x150.jpg","contentUrl":"https:\/\/dicodusport.fr\/blog\/wp-content\/uploads\/2021\/05\/Sophie-Clapier-150x150.jpg","caption":"Sophie Clapier"},"description":"Journaliste\/r\u00e9dactrice depuis janvier 2016 - Passionn\u00e9e de sport depuis toujours, j\u2019en ai pratiqu\u00e9 quelques-uns. Judo, football, handball ou encore tennis, je n\u2019ai jamais pu me mettre d\u2019accord sur un en particulier. Mais \u00e7a, c\u2019\u00e9tait avant de d\u00e9couvrir le basket, devenu mon sport de pr\u00e9dilection. Les actions NBA, le All-Star Week-end, la fureur des Game 7 pendant les playoffs ou mieux, lors des Finals, this is why we play. Team Spurs T.P, je m\u2019accroche encore \u00e0 Gregg Popovich (don\u2019t leave !). Team chef Curry, je souhaite qu\u2019il finisse aux Warriors (staaaay !). Non, il n\u2019y a pas qu\u2019eux, des petits nouveaux -et des petites nouvelles \u00e9videmment- arrivent chaque jour dans toutes les disciplines et cr\u00e9ent de nouveaux exploits. Alors pour les grands \u00e9v\u00e9nements et comp\u00e9titions internationales, vive les pulsations 240\/minutes et le d\u00e9fibrillateur pas loin, et allez les Bleu(e)s ! C\u2019est s\u00fbr, j\u2019aurai plus vu ma vie sur un terrain de sport, mais \u00e0 d\u00e9faut d\u2019en faire en haut niveau, je le partage avec vous.","sameAs":["https:\/\/www.facebook.com\/soocube","https:\/\/x.com\/https:\/\/twitter.com\/soocube","admin"],"url":"https:\/\/dicodusport.fr\/blog\/author\/sophie\/"}]}},"_links":{"self":[{"href":"https:\/\/dicodusport.fr\/blog\/wp-json\/wp\/v2\/posts\/180777","targetHints":{"allow":["GET"]}}],"collection":[{"href":"https:\/\/dicodusport.fr\/blog\/wp-json\/wp\/v2\/posts"}],"about":[{"href":"https:\/\/dicodusport.fr\/blog\/wp-json\/wp\/v2\/types\/post"}],"author":[{"embeddable":true,"href":"https:\/\/dicodusport.fr\/blog\/wp-json\/wp\/v2\/users\/18"}],"replies":[{"embeddable":true,"href":"https:\/\/dicodusport.fr\/blog\/wp-json\/wp\/v2\/comments?post=180777"}],"version-history":[{"count":0,"href":"https:\/\/dicodusport.fr\/blog\/wp-json\/wp\/v2\/posts\/180777\/revisions"}],"wp:featuredmedia":[{"embeddable":true,"href":"https:\/\/dicodusport.fr\/blog\/wp-json\/wp\/v2\/media\/180896"}],"wp:attachment":[{"href":"https:\/\/dicodusport.fr\/blog\/wp-json\/wp\/v2\/media?parent=180777"}],"wp:term":[{"taxonomy":"category","embeddable":true,"href":"https:\/\/dicodusport.fr\/blog\/wp-json\/wp\/v2\/categories?post=180777"},{"taxonomy":"post_tag","embeddable":true,"href":"https:\/\/dicodusport.fr\/blog\/wp-json\/wp\/v2\/tags?post=180777"}],"curies":[{"name":"wp","href":"https:\/\/api.w.org\/{rel}","templated":true}]}}