{"id":180906,"date":"2021-11-23T12:15:30","date_gmt":"2021-11-23T11:15:30","guid":{"rendered":"https:\/\/dicodusport.fr\/blog\/?p=180906"},"modified":"2021-11-23T13:50:57","modified_gmt":"2021-11-23T12:50:57","slug":"hockey-sur-glace-france-les-23-joueurs-retenus-pour-les-mondiaux-u20-division-1","status":"publish","type":"post","link":"https:\/\/dicodusport.fr\/blog\/hockey-sur-glace-france-les-23-joueurs-retenus-pour-les-mondiaux-u20-division-1\/","title":{"rendered":"Hockey sur glace &#8211; France : Les 23 joueurs retenus pour les Mondiaux U20 Division 1"},"content":{"rendered":"<p style=\"text-align: justify;\"><em><strong>A partir du 6 d\u00e9cembre prochain, l&rsquo;\u00e9quipe de France U20 va se retrouver afin d&rsquo;aller disputer les championnats du Monde Division 1B \u00e0 Tallinn, en Estonie. Pour Yorick Treille et ses hommes, l&rsquo;objectif sera simple : obtenir la mont\u00e9e afin de retrouver le niveau sup\u00e9rieur<\/strong><\/em><\/p>\n<p style=\"text-align: justify;\">Si l&rsquo;\u00e9quipe de France S\u00e9niors sera en mission pour retrouver l&rsquo;\u00e9lite du hockey sur glace mondial en mai prochain, les U20 vont eux d&rsquo;ici \u00e0 peine quelques semaines tenter de revenir dans l&rsquo;antichambre du hockey mondial. En effet, du 12 au 18 d\u00e9cembre prochain, les jeunes tricolores seront en mission \u00e0 Tallinn. Pour l&rsquo;occasion, ils devront faire face successivement \u00e0 la <strong>Pologne<\/strong>, l&rsquo;<strong>Estonie<\/strong>, l&rsquo;<strong>Ukraine<\/strong>, le <strong>Japon<\/strong> et la <strong>Slov\u00e9nie<\/strong>. Des adversaires abordables sur le papier, mais contre lesquels il ne faudra pas faire preuve de laxisme. Avant d&rsquo;entrer dans le vif de la comp\u00e9tition, le groupe se retrouvera le <strong>6 d\u00e9cembre<\/strong>, avant de se mettre en jambes le 9 d\u00e9cembre \u00e0 l&rsquo;occasion d&rsquo;une rencontre amicale face \u00e0 la <strong>Slov\u00e9nie<\/strong>.<\/p>\n<h2 style=\"text-align: justify;\"><strong>Tomas Simonsen fait son retour, Maxime Orlov \u00e9cart\u00e9<\/strong><\/h2>\n<p style=\"text-align: justify;\">Ainsi, <strong>Yorick Treille<\/strong> a d\u00fb effectuer des choix m\u00eame si dans l&rsquo;ensemble, le groupe constitu\u00e9 ne comporte que quelques modifications par rapport \u00e0 celui qui a remport\u00e9 le <strong>tournoi des 4 nations<\/strong> il y a dix jours. Au poste de gardien, le seul 2004 du groupe <strong>Antoine Keller<\/strong> (Gen\u00e8ve) et <strong>Maxime Makeev<\/strong> (Grenoble) sont toujours pr\u00e9sents, et seront accompagn\u00e9s par <strong>Tonin Caubet<\/strong> (Anglet), qui r\u00e9int\u00e8gre la s\u00e9lection. En d\u00e9fense, un seul changement est \u00e0 signaler avec la r\u00e9int\u00e9gration de <strong>Maxime Corvez<\/strong> (Grenoble) au d\u00e9triment de <strong>Marius Ceret<\/strong> (Rouen). Pour mener cette d\u00e9fense, les Bleuets pourront compter notamment sur <strong>Jules Boscq<\/strong>, auteur d&rsquo;une belle saison avec Bordeaux, mais \u00e9galement sur quatre joueurs du fort contingent grenoblois (neuf joueurs en tout).<\/p>\n<p style=\"text-align: justify;\">Sur le plan offensif, il y a \u00e9galement deux modifications \u00e0 souligner avec en premier lieu, l&rsquo;absence de <strong>Maxime Orlov,<\/strong> \u00e9cart\u00e9 du groupe des 23 et list\u00e9 dans les rempla\u00e7ants. Une petite surprise tant le joueur r\u00e9gale dans le championnat U20 suisse avec Biel-Bienne (26 points en 21 matchs). Pr\u00e9sent en Italie d\u00e9but novembre, <strong>Paul Schmitt<\/strong> (Cergy-Pontoise) ne fait \u00e9galement pas partie de la s\u00e9lection. En revanche, <strong>Tommy Perret<\/strong> (Rouen), le fr\u00e8re de l&rsquo;international A Jordann, et surtout <strong>Tomas Simonsen<\/strong> (Amiens), sont de retour. Avec 14 points inscrits en autant de rencontres de Ligue Magnus, ce dernier sera l&rsquo;un des fers de lance de l&rsquo;attaque tricolore aux c\u00f4t\u00e9s d&rsquo;un <strong>Lucas Colombin<\/strong> impressionnant avec les U20 de Gen\u00e8ve, d&rsquo;un <strong>Flavien Dair<\/strong> int\u00e9gr\u00e9 \u00e0 la rotation des Br\u00fbleurs de Loups, ou encore du trio rouennais <strong>Kaylian Leborgne<\/strong>&#8211;<strong>Th\u00e9o Gueurif<\/strong>&#8211;<strong>Quentin Tommasino<\/strong>.<\/p>\n<h2 style=\"text-align: justify;\"><strong>La liste des 23 joueurs convoqu\u00e9s :\u00a0<\/strong><\/h2>\n<p style=\"text-align: justify;\"><em><strong><span style=\"text-decoration: underline;\">Gardiens<\/span> :<\/strong><\/em> <strong>Tonin CAUBET<\/strong> (Anglet), <strong>Antoine KELLER<\/strong> (Gen\u00e8ve, SUI), <strong>Maxime MAKEEV<\/strong> (Grenoble).<\/p>\n<p style=\"text-align: justify;\"><span style=\"text-decoration: underline;\"><em><strong>D\u00e9fenseurs<\/strong><\/em><\/span> :<strong> Jules BOSCQ<\/strong> (Bordeaux), <strong>Maxime CORVEZ<\/strong> (Grenoble), <strong>Sasha DJIGAOURI<\/strong> (Grenoble),<strong> Alexis DOGEMONT<\/strong> (Grenoble), <strong>Antoine FERTIN<\/strong> (Grenoble),<strong> Arthur LARROQUE<\/strong> (Anglet), <strong>Guillaume ROUSSEL<\/strong> (Amiens).<\/p>\n<p style=\"text-align: justify;\"><span style=\"text-decoration: underline;\"><em><strong>Attaquants<\/strong><\/em><\/span> : <strong>Matias BACHELET<\/strong> (Grenoble), <strong>Enzo CARRY<\/strong> (Bordeaux),<strong> Lucas COLOMBIN<\/strong> (Gen\u00e8ve, SUI), <strong>Flavian DAIR<\/strong> (Grenoble, <strong>Ilies DJEMEL<\/strong> (Amiens), <strong>Th\u00e9o GUEURIF (<\/strong>Rouen), <strong>Jordan HERVE<\/strong> (Rouen), <strong>Kaylian LEBORGNE<\/strong> (Rouen), <strong>Emmanuel NAVARRO<\/strong> (Grenoble), <strong>Tommy PERRET<\/strong> (Rouen), <strong>Tomas SIMONSEN<\/strong> (Amiens),<strong> Paul SIRAUDIN<\/strong> (Grenoble), <strong>Quentin TOMMASINO<\/strong> (Rouen).<\/p>\n<blockquote class=\"twitter-tweet\">\n<p dir=\"ltr\" lang=\"fr\">D\u00e9couvrez la liste des 23 joueurs retenus par le staff de l&rsquo;\u00e9quipe de France U20 pour le Mondial D1B \u00e0 Tallinn (Estonie) du 12 au 18 d\u00e9cembre 2021 &#x1f1eb;&#x1f1f7; &#x2935;&#xfe0f;<\/p>\n<p>Retrouvez \u00e9galement le calendrier avec les futurs adversaires de nos Bleuets &#x1f4c5; &#x2694;&#xfe0f;<a href=\"https:\/\/twitter.com\/hashtag\/HockeyFrance?src=hash&amp;ref_src=twsrc%5Etfw\">#HockeyFrance<\/a> <a href=\"https:\/\/t.co\/r9PBN4QFKp\">https:\/\/t.co\/r9PBN4QFKp<\/a><\/p>\n<p>\u2014 \u00c9quipes France Hockey (@Hockey_FRA) <a href=\"https:\/\/twitter.com\/Hockey_FRA\/status\/1462810133164183554?ref_src=twsrc%5Etfw\">November 22, 2021<\/a><\/p><\/blockquote>\n<p><script async src=\"https:\/\/platform.twitter.com\/widgets.js\" charset=\"utf-8\"><\/script><\/p>\n","protected":false},"excerpt":{"rendered":"<p>A partir du 6 d\u00e9cembre prochain, l&rsquo;\u00e9quipe de France U20 va se retrouver afin d&rsquo;aller disputer les championnats du Monde Division 1 \u00e0 Tallinn, en Estonie. Pour Yorick Treille et ses hommes, l&rsquo;objectif sera simple : obtenir la mont\u00e9e afin de retrouver le groupe \u00e9lite.<\/p>\n","protected":false},"author":55,"featured_media":180930,"comment_status":"open","ping_status":"closed","sticky":false,"template":"","format":"standard","meta":{"_acf_changed":false,"_daextam_enable_autolinks":"","footnotes":""},"categories":[10575],"tags":[30,6951,838,18587],"class_list":["post-180906","post","type-post","status-publish","format-standard","has-post-thumbnail","hentry","category-hockey-sur-glace","tag-france","tag-france-u20","tag-hockey-sur-glace","tag-yorick-treille"],"acf":[],"yoast_head":"<!-- This site is optimized with the Yoast SEO Premium plugin v26.7 (Yoast SEO v26.7) - https:\/\/yoast.com\/wordpress\/plugins\/seo\/ -->\n<title>Hockey sur glace - France : Les 23 joueurs retenus pour les Mondiaux U20 Division 1<\/title>\n<meta name=\"description\" content=\"Le s\u00e9lectionneur Yorick Treille a d\u00e9voil\u00e9 la composition de l&#039;\u00c9quipe de France U20 pour les mondiaux Division 1 de Tallinn.\" \/>\n<meta name=\"robots\" content=\"index, follow, max-snippet:-1, max-image-preview:large, max-video-preview:-1\" \/>\n<link rel=\"canonical\" href=\"https:\/\/dicodusport.fr\/blog\/hockey-sur-glace-france-les-23-joueurs-retenus-pour-les-mondiaux-u20-division-1\/\" \/>\n<meta property=\"og:locale\" content=\"fr_FR\" \/>\n<meta property=\"og:type\" content=\"article\" \/>\n<meta property=\"og:title\" content=\"Hockey sur glace - France : Les 23 joueurs retenus pour les Mondiaux U20 Division 1\" \/>\n<meta property=\"og:description\" content=\"Le s\u00e9lectionneur Yorick Treille a d\u00e9voil\u00e9 la composition de l&#039;\u00c9quipe de France U20 pour les mondiaux Division 1 de Tallinn.\" \/>\n<meta property=\"og:url\" content=\"https:\/\/dicodusport.fr\/blog\/hockey-sur-glace-france-les-23-joueurs-retenus-pour-les-mondiaux-u20-division-1\/\" \/>\n<meta property=\"og:site_name\" content=\"Dicodusport\" \/>\n<meta property=\"article:publisher\" content=\"https:\/\/www.facebook.com\/dicodusport\" \/>\n<meta property=\"article:published_time\" content=\"2021-11-23T11:15:30+00:00\" \/>\n<meta property=\"article:modified_time\" content=\"2021-11-23T12:50:57+00:00\" \/>\n<meta property=\"og:image\" content=\"https:\/\/dicodusport.fr\/blog\/wp-content\/uploads\/2021\/11\/Hockey-sur-glace-France-Les-23-joueurs-retenus-pour-les-Mondiaux-U20-Division-1.png\" \/>\n\t<meta property=\"og:image:width\" content=\"800\" \/>\n\t<meta property=\"og:image:height\" content=\"445\" \/>\n\t<meta property=\"og:image:type\" content=\"image\/png\" \/>\n<meta name=\"author\" content=\"Maxime Cazenave\" \/>\n<meta name=\"twitter:card\" content=\"summary_large_image\" \/>\n<meta name=\"twitter:title\" content=\"Hockey sur glace - France : Les 23 joueurs retenus pour les Mondiaux U20 Division 1\" \/>\n<meta name=\"twitter:creator\" content=\"@https:\/\/twitter.com\/Maxime_Caze\" \/>\n<meta name=\"twitter:site\" content=\"@dicodusport\" \/>\n<script type=\"application\/ld+json\" class=\"yoast-schema-graph\">{\"@context\":\"https:\/\/schema.org\",\"@graph\":[{\"@type\":\"NewsArticle\",\"@id\":\"https:\/\/dicodusport.fr\/blog\/hockey-sur-glace-france-les-23-joueurs-retenus-pour-les-mondiaux-u20-division-1\/#article\",\"isPartOf\":{\"@id\":\"https:\/\/dicodusport.fr\/blog\/hockey-sur-glace-france-les-23-joueurs-retenus-pour-les-mondiaux-u20-division-1\/\"},\"author\":{\"name\":\"Maxime Cazenave\",\"@id\":\"https:\/\/dicodusport.fr\/blog\/#\/schema\/person\/37def232098a7a5cbab3974a3690abb0\"},\"headline\":\"Hockey sur glace &#8211; France : Les 23 joueurs retenus pour les Mondiaux U20 Division 1\",\"datePublished\":\"2021-11-23T11:15:30+00:00\",\"dateModified\":\"2021-11-23T12:50:57+00:00\",\"mainEntityOfPage\":{\"@id\":\"https:\/\/dicodusport.fr\/blog\/hockey-sur-glace-france-les-23-joueurs-retenus-pour-les-mondiaux-u20-division-1\/\"},\"wordCount\":624,\"commentCount\":0,\"publisher\":{\"@id\":\"https:\/\/dicodusport.fr\/blog\/#organization\"},\"image\":{\"@id\":\"https:\/\/dicodusport.fr\/blog\/hockey-sur-glace-france-les-23-joueurs-retenus-pour-les-mondiaux-u20-division-1\/#primaryimage\"},\"thumbnailUrl\":\"https:\/\/dicodusport.fr\/blog\/wp-content\/uploads\/2021\/11\/Hockey-sur-glace-France-Les-23-joueurs-retenus-pour-les-Mondiaux-U20-Division-1.png\",\"keywords\":[\"France\",\"France U20\",\"hockey sur glace\",\"Yorick Treille\"],\"articleSection\":[\"Hockey sur glace\"],\"inLanguage\":\"fr-FR\",\"potentialAction\":[{\"@type\":\"CommentAction\",\"name\":\"Comment\",\"target\":[\"https:\/\/dicodusport.fr\/blog\/hockey-sur-glace-france-les-23-joueurs-retenus-pour-les-mondiaux-u20-division-1\/#respond\"]}],\"copyrightYear\":\"2021\",\"copyrightHolder\":{\"@id\":\"https:\/\/dicodusport.fr\/blog\/#organization\"}},{\"@type\":\"WebPage\",\"@id\":\"https:\/\/dicodusport.fr\/blog\/hockey-sur-glace-france-les-23-joueurs-retenus-pour-les-mondiaux-u20-division-1\/\",\"url\":\"https:\/\/dicodusport.fr\/blog\/hockey-sur-glace-france-les-23-joueurs-retenus-pour-les-mondiaux-u20-division-1\/\",\"name\":\"Hockey sur glace - France : Les 23 joueurs retenus pour les Mondiaux U20 Division 1\",\"isPartOf\":{\"@id\":\"https:\/\/dicodusport.fr\/blog\/#website\"},\"primaryImageOfPage\":{\"@id\":\"https:\/\/dicodusport.fr\/blog\/hockey-sur-glace-france-les-23-joueurs-retenus-pour-les-mondiaux-u20-division-1\/#primaryimage\"},\"image\":{\"@id\":\"https:\/\/dicodusport.fr\/blog\/hockey-sur-glace-france-les-23-joueurs-retenus-pour-les-mondiaux-u20-division-1\/#primaryimage\"},\"thumbnailUrl\":\"https:\/\/dicodusport.fr\/blog\/wp-content\/uploads\/2021\/11\/Hockey-sur-glace-France-Les-23-joueurs-retenus-pour-les-Mondiaux-U20-Division-1.png\",\"datePublished\":\"2021-11-23T11:15:30+00:00\",\"dateModified\":\"2021-11-23T12:50:57+00:00\",\"description\":\"Le s\u00e9lectionneur Yorick Treille a d\u00e9voil\u00e9 la composition de l'\u00c9quipe de France U20 pour les mondiaux Division 1 de Tallinn.\",\"breadcrumb\":{\"@id\":\"https:\/\/dicodusport.fr\/blog\/hockey-sur-glace-france-les-23-joueurs-retenus-pour-les-mondiaux-u20-division-1\/#breadcrumb\"},\"inLanguage\":\"fr-FR\",\"potentialAction\":[{\"@type\":\"ReadAction\",\"target\":[\"https:\/\/dicodusport.fr\/blog\/hockey-sur-glace-france-les-23-joueurs-retenus-pour-les-mondiaux-u20-division-1\/\"]}]},{\"@type\":\"ImageObject\",\"inLanguage\":\"fr-FR\",\"@id\":\"https:\/\/dicodusport.fr\/blog\/hockey-sur-glace-france-les-23-joueurs-retenus-pour-les-mondiaux-u20-division-1\/#primaryimage\",\"url\":\"https:\/\/dicodusport.fr\/blog\/wp-content\/uploads\/2021\/11\/Hockey-sur-glace-France-Les-23-joueurs-retenus-pour-les-Mondiaux-U20-Division-1.png\",\"contentUrl\":\"https:\/\/dicodusport.fr\/blog\/wp-content\/uploads\/2021\/11\/Hockey-sur-glace-France-Les-23-joueurs-retenus-pour-les-Mondiaux-U20-Division-1.png\",\"width\":800,\"height\":445,\"caption\":\"Hockey sur glace - France Les 23 joueurs retenus pour les Mondiaux U20 Division 1\"},{\"@type\":\"BreadcrumbList\",\"@id\":\"https:\/\/dicodusport.fr\/blog\/hockey-sur-glace-france-les-23-joueurs-retenus-pour-les-mondiaux-u20-division-1\/#breadcrumb\",\"itemListElement\":[{\"@type\":\"ListItem\",\"position\":1,\"name\":\"Accueil\",\"item\":\"https:\/\/dicodusport.fr\/blog\/\"},{\"@type\":\"ListItem\",\"position\":2,\"name\":\"Hockey sur glace &#8211; France : Les 23 joueurs retenus pour les Mondiaux U20 Division 1\"}]},{\"@type\":\"WebSite\",\"@id\":\"https:\/\/dicodusport.fr\/blog\/#website\",\"url\":\"https:\/\/dicodusport.fr\/blog\/\",\"name\":\"Dicodusport\",\"description\":\"L&#039;encyclop\u00e9die de l&#039;actualit\u00e9 sportive\",\"publisher\":{\"@id\":\"https:\/\/dicodusport.fr\/blog\/#organization\"},\"potentialAction\":[{\"@type\":\"SearchAction\",\"target\":{\"@type\":\"EntryPoint\",\"urlTemplate\":\"https:\/\/dicodusport.fr\/blog\/?s={search_term_string}\"},\"query-input\":{\"@type\":\"PropertyValueSpecification\",\"valueRequired\":true,\"valueName\":\"search_term_string\"}}],\"inLanguage\":\"fr-FR\"},{\"@type\":\"NewsMediaOrganization\",\"@id\":\"https:\/\/dicodusport.fr\/blog\/#organization\",\"name\":\"Dicodusport\",\"url\":\"https:\/\/dicodusport.fr\/blog\/\",\"logo\":{\"@type\":\"ImageObject\",\"inLanguage\":\"fr-FR\",\"@id\":\"https:\/\/dicodusport.fr\/blog\/#\/schema\/logo\/image\/\",\"url\":\"https:\/\/dicodusport.fr\/blog\/wp-content\/uploads\/2020\/06\/cropped-LOGO-DICODUSPORT-2020-SANS-FOND-SANS-TEXTE.png\",\"contentUrl\":\"https:\/\/dicodusport.fr\/blog\/wp-content\/uploads\/2020\/06\/cropped-LOGO-DICODUSPORT-2020-SANS-FOND-SANS-TEXTE.png\",\"width\":512,\"height\":512,\"caption\":\"Dicodusport\"},\"image\":{\"@id\":\"https:\/\/dicodusport.fr\/blog\/#\/schema\/logo\/image\/\"},\"sameAs\":[\"https:\/\/www.facebook.com\/dicodusport\",\"https:\/\/x.com\/dicodusport\",\"https:\/\/www.instagram.com\/dicodusport\/\",\"https:\/\/www.youtube.com\/channel\/UC7V2KZ5sd3htJivAbA4ZG3w\"],\"description\":\"Dicodusport est l'encyclop\u00e9die de l'actualit\u00e9 sportive.\",\"email\":\"bonjour@dicodusport.fr\",\"legalName\":\"DICODUSPORT\",\"foundingDate\":\"2018-01-14\",\"vatID\":\"FR71834470973\",\"taxID\":\"83447097300043\",\"numberOfEmployees\":{\"@type\":\"QuantitativeValue\",\"minValue\":\"1\",\"maxValue\":\"10\"}},{\"@type\":\"Person\",\"@id\":\"https:\/\/dicodusport.fr\/blog\/#\/schema\/person\/37def232098a7a5cbab3974a3690abb0\",\"name\":\"Maxime Cazenave\",\"image\":{\"@type\":\"ImageObject\",\"inLanguage\":\"fr-FR\",\"@id\":\"https:\/\/dicodusport.fr\/blog\/#\/schema\/person\/image\/\",\"url\":\"https:\/\/dicodusport.fr\/blog\/wp-content\/uploads\/2021\/05\/Maxime-Cazenave-150x150.jpg\",\"contentUrl\":\"https:\/\/dicodusport.fr\/blog\/wp-content\/uploads\/2021\/05\/Maxime-Cazenave-150x150.jpg\",\"caption\":\"Maxime Cazenave\"},\"description\":\"Journaliste\/R\u00e9dacteur depuis 2012 - Berc\u00e9 par l\u2019amour des Girondins de Bordeaux, les \u00e9checs de Christophe Moreau sur le Tour de France sous l'\u00e8re Lance Armstrong et le fade-away l\u00e9tal de Dirk Nowitzki, ma passion d\u00e9vorante pour le sport a toujours \u00e9t\u00e9 un pan incontournable de ma vie. Transmettre ma passion \u00e0 l\u2019\u00e9crit a \u00e9t\u00e9 une transition naturelle. Suiveur assidu de basket et de hockey sur glace, je garde toujours un peu de place pour suivre le cyclisme, le football et le maximum de performances fran\u00e7aises.\",\"sameAs\":[\"https:\/\/x.com\/https:\/\/twitter.com\/Maxime_Caze\"],\"url\":\"https:\/\/dicodusport.fr\/blog\/author\/maximec\/\"}]}<\/script>\n<!-- \/ Yoast SEO Premium plugin. -->","yoast_head_json":{"title":"Hockey sur glace - France : Les 23 joueurs retenus pour les Mondiaux U20 Division 1","description":"Le s\u00e9lectionneur Yorick Treille a d\u00e9voil\u00e9 la composition de l'\u00c9quipe de France U20 pour les mondiaux Division 1 de Tallinn.","robots":{"index":"index","follow":"follow","max-snippet":"max-snippet:-1","max-image-preview":"max-image-preview:large","max-video-preview":"max-video-preview:-1"},"canonical":"https:\/\/dicodusport.fr\/blog\/hockey-sur-glace-france-les-23-joueurs-retenus-pour-les-mondiaux-u20-division-1\/","og_locale":"fr_FR","og_type":"article","og_title":"Hockey sur glace - France : Les 23 joueurs retenus pour les Mondiaux U20 Division 1","og_description":"Le s\u00e9lectionneur Yorick Treille a d\u00e9voil\u00e9 la composition de l'\u00c9quipe de France U20 pour les mondiaux Division 1 de Tallinn.","og_url":"https:\/\/dicodusport.fr\/blog\/hockey-sur-glace-france-les-23-joueurs-retenus-pour-les-mondiaux-u20-division-1\/","og_site_name":"Dicodusport","article_publisher":"https:\/\/www.facebook.com\/dicodusport","article_published_time":"2021-11-23T11:15:30+00:00","article_modified_time":"2021-11-23T12:50:57+00:00","og_image":[{"width":800,"height":445,"url":"https:\/\/dicodusport.fr\/blog\/wp-content\/uploads\/2021\/11\/Hockey-sur-glace-France-Les-23-joueurs-retenus-pour-les-Mondiaux-U20-Division-1.png","type":"image\/png"}],"author":"Maxime Cazenave","twitter_card":"summary_large_image","twitter_title":"Hockey sur glace - France : Les 23 joueurs retenus pour les Mondiaux U20 Division 1","twitter_creator":"@https:\/\/twitter.com\/Maxime_Caze","twitter_site":"@dicodusport","schema":{"@context":"https:\/\/schema.org","@graph":[{"@type":"NewsArticle","@id":"https:\/\/dicodusport.fr\/blog\/hockey-sur-glace-france-les-23-joueurs-retenus-pour-les-mondiaux-u20-division-1\/#article","isPartOf":{"@id":"https:\/\/dicodusport.fr\/blog\/hockey-sur-glace-france-les-23-joueurs-retenus-pour-les-mondiaux-u20-division-1\/"},"author":{"name":"Maxime Cazenave","@id":"https:\/\/dicodusport.fr\/blog\/#\/schema\/person\/37def232098a7a5cbab3974a3690abb0"},"headline":"Hockey sur glace &#8211; France : Les 23 joueurs retenus pour les Mondiaux U20 Division 1","datePublished":"2021-11-23T11:15:30+00:00","dateModified":"2021-11-23T12:50:57+00:00","mainEntityOfPage":{"@id":"https:\/\/dicodusport.fr\/blog\/hockey-sur-glace-france-les-23-joueurs-retenus-pour-les-mondiaux-u20-division-1\/"},"wordCount":624,"commentCount":0,"publisher":{"@id":"https:\/\/dicodusport.fr\/blog\/#organization"},"image":{"@id":"https:\/\/dicodusport.fr\/blog\/hockey-sur-glace-france-les-23-joueurs-retenus-pour-les-mondiaux-u20-division-1\/#primaryimage"},"thumbnailUrl":"https:\/\/dicodusport.fr\/blog\/wp-content\/uploads\/2021\/11\/Hockey-sur-glace-France-Les-23-joueurs-retenus-pour-les-Mondiaux-U20-Division-1.png","keywords":["France","France U20","hockey sur glace","Yorick Treille"],"articleSection":["Hockey sur glace"],"inLanguage":"fr-FR","potentialAction":[{"@type":"CommentAction","name":"Comment","target":["https:\/\/dicodusport.fr\/blog\/hockey-sur-glace-france-les-23-joueurs-retenus-pour-les-mondiaux-u20-division-1\/#respond"]}],"copyrightYear":"2021","copyrightHolder":{"@id":"https:\/\/dicodusport.fr\/blog\/#organization"}},{"@type":"WebPage","@id":"https:\/\/dicodusport.fr\/blog\/hockey-sur-glace-france-les-23-joueurs-retenus-pour-les-mondiaux-u20-division-1\/","url":"https:\/\/dicodusport.fr\/blog\/hockey-sur-glace-france-les-23-joueurs-retenus-pour-les-mondiaux-u20-division-1\/","name":"Hockey sur glace - France : Les 23 joueurs retenus pour les Mondiaux U20 Division 1","isPartOf":{"@id":"https:\/\/dicodusport.fr\/blog\/#website"},"primaryImageOfPage":{"@id":"https:\/\/dicodusport.fr\/blog\/hockey-sur-glace-france-les-23-joueurs-retenus-pour-les-mondiaux-u20-division-1\/#primaryimage"},"image":{"@id":"https:\/\/dicodusport.fr\/blog\/hockey-sur-glace-france-les-23-joueurs-retenus-pour-les-mondiaux-u20-division-1\/#primaryimage"},"thumbnailUrl":"https:\/\/dicodusport.fr\/blog\/wp-content\/uploads\/2021\/11\/Hockey-sur-glace-France-Les-23-joueurs-retenus-pour-les-Mondiaux-U20-Division-1.png","datePublished":"2021-11-23T11:15:30+00:00","dateModified":"2021-11-23T12:50:57+00:00","description":"Le s\u00e9lectionneur Yorick Treille a d\u00e9voil\u00e9 la composition de l'\u00c9quipe de France U20 pour les mondiaux Division 1 de Tallinn.","breadcrumb":{"@id":"https:\/\/dicodusport.fr\/blog\/hockey-sur-glace-france-les-23-joueurs-retenus-pour-les-mondiaux-u20-division-1\/#breadcrumb"},"inLanguage":"fr-FR","potentialAction":[{"@type":"ReadAction","target":["https:\/\/dicodusport.fr\/blog\/hockey-sur-glace-france-les-23-joueurs-retenus-pour-les-mondiaux-u20-division-1\/"]}]},{"@type":"ImageObject","inLanguage":"fr-FR","@id":"https:\/\/dicodusport.fr\/blog\/hockey-sur-glace-france-les-23-joueurs-retenus-pour-les-mondiaux-u20-division-1\/#primaryimage","url":"https:\/\/dicodusport.fr\/blog\/wp-content\/uploads\/2021\/11\/Hockey-sur-glace-France-Les-23-joueurs-retenus-pour-les-Mondiaux-U20-Division-1.png","contentUrl":"https:\/\/dicodusport.fr\/blog\/wp-content\/uploads\/2021\/11\/Hockey-sur-glace-France-Les-23-joueurs-retenus-pour-les-Mondiaux-U20-Division-1.png","width":800,"height":445,"caption":"Hockey sur glace - France Les 23 joueurs retenus pour les Mondiaux U20 Division 1"},{"@type":"BreadcrumbList","@id":"https:\/\/dicodusport.fr\/blog\/hockey-sur-glace-france-les-23-joueurs-retenus-pour-les-mondiaux-u20-division-1\/#breadcrumb","itemListElement":[{"@type":"ListItem","position":1,"name":"Accueil","item":"https:\/\/dicodusport.fr\/blog\/"},{"@type":"ListItem","position":2,"name":"Hockey sur glace &#8211; France : Les 23 joueurs retenus pour les Mondiaux U20 Division 1"}]},{"@type":"WebSite","@id":"https:\/\/dicodusport.fr\/blog\/#website","url":"https:\/\/dicodusport.fr\/blog\/","name":"Dicodusport","description":"L&#039;encyclop\u00e9die de l&#039;actualit\u00e9 sportive","publisher":{"@id":"https:\/\/dicodusport.fr\/blog\/#organization"},"potentialAction":[{"@type":"SearchAction","target":{"@type":"EntryPoint","urlTemplate":"https:\/\/dicodusport.fr\/blog\/?s={search_term_string}"},"query-input":{"@type":"PropertyValueSpecification","valueRequired":true,"valueName":"search_term_string"}}],"inLanguage":"fr-FR"},{"@type":"NewsMediaOrganization","@id":"https:\/\/dicodusport.fr\/blog\/#organization","name":"Dicodusport","url":"https:\/\/dicodusport.fr\/blog\/","logo":{"@type":"ImageObject","inLanguage":"fr-FR","@id":"https:\/\/dicodusport.fr\/blog\/#\/schema\/logo\/image\/","url":"https:\/\/dicodusport.fr\/blog\/wp-content\/uploads\/2020\/06\/cropped-LOGO-DICODUSPORT-2020-SANS-FOND-SANS-TEXTE.png","contentUrl":"https:\/\/dicodusport.fr\/blog\/wp-content\/uploads\/2020\/06\/cropped-LOGO-DICODUSPORT-2020-SANS-FOND-SANS-TEXTE.png","width":512,"height":512,"caption":"Dicodusport"},"image":{"@id":"https:\/\/dicodusport.fr\/blog\/#\/schema\/logo\/image\/"},"sameAs":["https:\/\/www.facebook.com\/dicodusport","https:\/\/x.com\/dicodusport","https:\/\/www.instagram.com\/dicodusport\/","https:\/\/www.youtube.com\/channel\/UC7V2KZ5sd3htJivAbA4ZG3w"],"description":"Dicodusport est l'encyclop\u00e9die de l'actualit\u00e9 sportive.","email":"bonjour@dicodusport.fr","legalName":"DICODUSPORT","foundingDate":"2018-01-14","vatID":"FR71834470973","taxID":"83447097300043","numberOfEmployees":{"@type":"QuantitativeValue","minValue":"1","maxValue":"10"}},{"@type":"Person","@id":"https:\/\/dicodusport.fr\/blog\/#\/schema\/person\/37def232098a7a5cbab3974a3690abb0","name":"Maxime Cazenave","image":{"@type":"ImageObject","inLanguage":"fr-FR","@id":"https:\/\/dicodusport.fr\/blog\/#\/schema\/person\/image\/","url":"https:\/\/dicodusport.fr\/blog\/wp-content\/uploads\/2021\/05\/Maxime-Cazenave-150x150.jpg","contentUrl":"https:\/\/dicodusport.fr\/blog\/wp-content\/uploads\/2021\/05\/Maxime-Cazenave-150x150.jpg","caption":"Maxime Cazenave"},"description":"Journaliste\/R\u00e9dacteur depuis 2012 - Berc\u00e9 par l\u2019amour des Girondins de Bordeaux, les \u00e9checs de Christophe Moreau sur le Tour de France sous l'\u00e8re Lance Armstrong et le fade-away l\u00e9tal de Dirk Nowitzki, ma passion d\u00e9vorante pour le sport a toujours \u00e9t\u00e9 un pan incontournable de ma vie. Transmettre ma passion \u00e0 l\u2019\u00e9crit a \u00e9t\u00e9 une transition naturelle. Suiveur assidu de basket et de hockey sur glace, je garde toujours un peu de place pour suivre le cyclisme, le football et le maximum de performances fran\u00e7aises.","sameAs":["https:\/\/x.com\/https:\/\/twitter.com\/Maxime_Caze"],"url":"https:\/\/dicodusport.fr\/blog\/author\/maximec\/"}]}},"_links":{"self":[{"href":"https:\/\/dicodusport.fr\/blog\/wp-json\/wp\/v2\/posts\/180906","targetHints":{"allow":["GET"]}}],"collection":[{"href":"https:\/\/dicodusport.fr\/blog\/wp-json\/wp\/v2\/posts"}],"about":[{"href":"https:\/\/dicodusport.fr\/blog\/wp-json\/wp\/v2\/types\/post"}],"author":[{"embeddable":true,"href":"https:\/\/dicodusport.fr\/blog\/wp-json\/wp\/v2\/users\/55"}],"replies":[{"embeddable":true,"href":"https:\/\/dicodusport.fr\/blog\/wp-json\/wp\/v2\/comments?post=180906"}],"version-history":[{"count":0,"href":"https:\/\/dicodusport.fr\/blog\/wp-json\/wp\/v2\/posts\/180906\/revisions"}],"wp:featuredmedia":[{"embeddable":true,"href":"https:\/\/dicodusport.fr\/blog\/wp-json\/wp\/v2\/media\/180930"}],"wp:attachment":[{"href":"https:\/\/dicodusport.fr\/blog\/wp-json\/wp\/v2\/media?parent=180906"}],"wp:term":[{"taxonomy":"category","embeddable":true,"href":"https:\/\/dicodusport.fr\/blog\/wp-json\/wp\/v2\/categories?post=180906"},{"taxonomy":"post_tag","embeddable":true,"href":"https:\/\/dicodusport.fr\/blog\/wp-json\/wp\/v2\/tags?post=180906"}],"curies":[{"name":"wp","href":"https:\/\/api.w.org\/{rel}","templated":true}]}}