{"id":180967,"date":"2021-11-24T14:51:46","date_gmt":"2021-11-24T13:51:46","guid":{"rendered":"https:\/\/dicodusport.fr\/blog\/?p=180967&#038;preview=true&#038;preview_id=180967"},"modified":"2021-11-24T14:56:24","modified_gmt":"2021-11-24T13:56:24","slug":"cyclo-cross-coupe-du-monde-val-di-sole-nouveau-pas-vers-integration-aux-jo","status":"publish","type":"post","link":"https:\/\/dicodusport.fr\/blog\/cyclo-cross-coupe-du-monde-val-di-sole-nouveau-pas-vers-integration-aux-jo\/","title":{"rendered":"Cyclo-cross : La Coupe du monde de Val di Sole, un nouveau pas vers l&rsquo;int\u00e9gration aux JO ?"},"content":{"rendered":"<p style=\"text-align: justify;\"><em><strong>CYCLO-CROSS &#8211; Le 12 d\u00e9cembre prochain, la Coupe du monde de cyclo-cross fera escale \u00e0 Val di Sole (Italie), pour une manche tr\u00e8s certainement enneig\u00e9e. L&rsquo;occasion est trop belle pour promouvoir le CX, en vue d&rsquo;une probable int\u00e9gration au programme des JO d&rsquo;hiver.<\/strong><\/em><\/p>\n<p style=\"text-align: justify;\">Ce mardi, nos confr\u00e8res n\u00e9erlandais de <a href=\"https:\/\/www.wielerflits.nl\/nieuws\/wb-veldrijden-in-de-sneeuw-van-val-di-sole-moet-opstapje-richting-olympische-winterspelen-worden\/\"><em>Wielerflits<\/em><\/a> rappelaient que le cyclo-cross pourrait bien \u00eatre \u00e0 un tournant de son histoire. Et pour cause, le 12 d\u00e9cembre prochain, la <strong>Coupe du monde de cyclo-cross<\/strong> s&rsquo;installera en Italie, et plus pr\u00e9cis\u00e9ment \u00e0 Val di Sole, dans le Trentin. Situ\u00e9e \u00e0 800 m\u00e8tres d&rsquo;altitude, cette longue vall\u00e9e accueille d\u00e9j\u00e0 des manches de Coupe du monde de VTT durant l&rsquo;\u00e9t\u00e9. Et cette date du 12 d\u00e9cembre, pourrait, peut-\u00eatre, \u00eatre \u00e0 l&rsquo;origine d&rsquo;un autre point commun entre le VTT (XCO), et donc le CX.<\/p>\n<h2 style=\"text-align: justify;\"><strong>Val di Sole en guise de promotion<\/strong><\/h2>\n<p style=\"text-align: justify;\">Et oui. Dans trois semaines, cette Coupe du monde italienne aura tout d&rsquo;une vitrine du cyclo-cross, en vue d&rsquo;une possible arriv\u00e9e aux JO d&rsquo;hiver. <strong>Tomas Van den Spiegel<\/strong>, pr\u00e9sident de <em>Flanders Classics<\/em>, l&rsquo;organisation qui s&rsquo;occupe d\u00e9j\u00e0 des classiques flandriennes sur route et qui sera en charge de la Coupe du monde dans les ann\u00e9es \u00e0 venir, ne dit pas autre chose. <em>\u00ab Nous voulons en effet un parcours qui sera enneig\u00e9 (artificiellement ou non) et nous esp\u00e9rons que le pr\u00e9sident du CIO, Thomas Bach, aura un \u0153il sur l&rsquo;\u00e9v\u00e9nement \u00bb<\/em>.<\/p>\n<p style=\"text-align: justify;\">De plus, un plateau XXL est annonc\u00e9 pour l&rsquo;\u00e9v\u00e9nement, comme le rappelle <em>Wielerflits<\/em>. <strong>Wout Van Aert<\/strong> et <strong>Tom Pidcock<\/strong> chez les hommes, <strong>Marianne Vos<\/strong> chez les dames, seront de la partie. Quid de <strong>Mathieu van der Poel<\/strong>, dont la reprise est annonc\u00e9e mi-d\u00e9cembre ? N\u00e9anmoins, certaines t\u00eates d&rsquo;affiche manqueront \u00e0 l&rsquo;appel, comme l&rsquo;\u00e9quipe Baloise Trek Lions du champion d&rsquo;Europe<strong> Lars van der Haar<\/strong>, de vainqueur de Zonhoven <strong>Toon Aerts<\/strong> et de la championne du monde <strong>Lucinda Brand<\/strong>. Regrettable, forc\u00e9ment, mais <strong>Sven Nys<\/strong>, le directeur g\u00e9n\u00e9ral de l&rsquo;\u00e9quipe belge, a expliqu\u00e9 les raisons de cette impasse.<\/p>\n<blockquote>\n<p style=\"text-align: justify;\">Chaque ann\u00e9e, nous partons en stage \u00e0 cette p\u00e9riode. Les h\u00f4tels et les billets d&rsquo;avion ont \u00e9t\u00e9 r\u00e9serv\u00e9s. Donc pour nous, c&rsquo;est irr\u00e9versible. C&rsquo;est aussi le r\u00e9sultat d&rsquo;un calendrier surcharg\u00e9. Et nous avons notre stage chaque ann\u00e9e pendant cette p\u00e9riode. Un camp d&rsquo;entra\u00eenement indispensable pour pr\u00e9parer la deuxi\u00e8me partie de saison. De cette fa\u00e7on, nous esp\u00e9rons \u00eatre un peu plus frais pour les Coupes du monde. [&#8230;] Val di Sole a aussi l&rsquo;inconv\u00e9nient de tomber le lendemain de l&rsquo;Ethias Cross d&rsquo;Essen (Belgique). Si nous d\u00e9pla\u00e7ons notre stage d&rsquo;une semaine, nous perdrons deux courses de course de Coupe du monde (Rucphen et Namur, 18 et 19\/12).<\/p>\n<\/blockquote>\n<p style=\"text-align: justify;\">Ces impasses peuvent-elles nuire \u00e0 l&rsquo;avanc\u00e9e du dossier \u00ab\u00a0CX aux JO d&rsquo;hiver\u00a0\u00bb ? Toujours est-il qu&rsquo;il y a un an d\u00e9j\u00e0, <a href=\"https:\/\/dicodusport.fr\/blog\/le-cyclo-cross-aux-jeux-olympiques-dhiver\/\">l&rsquo;UCI militait d\u00e9j\u00e0 pour l&rsquo;entr\u00e9e de la discipline au programme olympique<\/a>. Et cette manche de Coupe du monde \u00e0 Val di Sole a tout d&rsquo;un test grandeur nature pour aller dans ce sens, sans parler des stars des pelotons sur route que sont <strong>Mathieu van der Poel<\/strong>, <strong>Wout Van Aert<\/strong>, <strong>Tom Pidcock<\/strong>, <strong>Marianne Vos<\/strong> et <strong>Lucinda Brand<\/strong>, font office de v\u00e9ritables atouts pour la notori\u00e9t\u00e9 du cyclo-cross, une discipline qui gagne aussi en m\u00e9diatisation, gr\u00e2ce \u00e0 ses t\u00eates d&rsquo;affiche. La balle est d\u00e9sormais dans le camp du CIO.<\/p>\n<div id=\"attachment_168429\" style=\"width: 810px\" class=\"wp-caption aligncenter\"><a href=\"https:\/\/dicodusport.fr\/blog\/wp-content\/uploads\/2021\/09\/Cyclo-cross-Le-calendrier-complet-de-la-saison-2021-2022.png\"><img loading=\"lazy\" decoding=\"async\" aria-describedby=\"caption-attachment-168429\" class=\"size-full wp-image-168429\" src=\"https:\/\/dicodusport.fr\/blog\/wp-content\/uploads\/2021\/09\/Cyclo-cross-Le-calendrier-complet-de-la-saison-2021-2022.png\" alt=\"Cyclo-cross : Le calendrier complet de la saison 2021-2022\" width=\"800\" height=\"445\" srcset=\"https:\/\/dicodusport.fr\/blog\/wp-content\/uploads\/2021\/09\/Cyclo-cross-Le-calendrier-complet-de-la-saison-2021-2022.png 800w, https:\/\/dicodusport.fr\/blog\/wp-content\/uploads\/2021\/09\/Cyclo-cross-Le-calendrier-complet-de-la-saison-2021-2022-300x167.png 300w, https:\/\/dicodusport.fr\/blog\/wp-content\/uploads\/2021\/09\/Cyclo-cross-Le-calendrier-complet-de-la-saison-2021-2022-768x427.png 768w\" sizes=\"auto, (max-width: 800px) 100vw, 800px\" \/><\/a><p id=\"caption-attachment-168429\" class=\"wp-caption-text\">van der Poel vs Van Aert bient\u00f4t aux JO&#8230; d&rsquo;hiver ? &#8211; Icon Sport<\/p><\/div>\n","protected":false},"excerpt":{"rendered":"<p>CYCLO-CROSS &#8211; Le 12 d\u00e9cembre prochain, la Coupe du monde de cyclo-cross fera escale \u00e0 Val di Sole (Italie), pour une manche tr\u00e8s certainement enneig\u00e9e. L&rsquo;occasion est trop belle pour promouvoir le CX, en vue d&rsquo;une probable int\u00e9gration au programme des JO d&rsquo;hiver.<\/p>\n","protected":false},"author":4,"featured_media":181060,"comment_status":"open","ping_status":"closed","sticky":false,"template":"","format":"standard","meta":{"_acf_changed":false,"_daextam_enable_autolinks":"","footnotes":""},"categories":[9611],"tags":[6666],"class_list":["post-180967","post","type-post","status-publish","format-standard","has-post-thumbnail","hentry","category-cyclo-cross","tag-cyclo-cross"],"acf":[],"yoast_head":"<!-- This site is optimized with the Yoast SEO Premium plugin v26.7 (Yoast SEO v26.7) - https:\/\/yoast.com\/wordpress\/plugins\/seo\/ -->\n<title>Cyclo-cross : La Coupe du monde de Val di Sole, un nouveau pas vers l&#039;int\u00e9gration aux JO ?<\/title>\n<meta name=\"description\" content=\"CYCLO-CROSS - Le 12 d\u00e9cembre prochain, la Coupe du monde de cyclo-cross fera escale \u00e0 Val di Sole. L&#039;occasion est de promouvoir le CX en vue d&#039;une prochaine int\u00e9gration aux JO ?\" \/>\n<meta name=\"robots\" content=\"index, follow, max-snippet:-1, max-image-preview:large, max-video-preview:-1\" \/>\n<link rel=\"canonical\" href=\"https:\/\/dicodusport.fr\/blog\/cyclo-cross-coupe-du-monde-val-di-sole-nouveau-pas-vers-integration-aux-jo\/\" \/>\n<meta property=\"og:locale\" content=\"fr_FR\" \/>\n<meta property=\"og:type\" content=\"article\" \/>\n<meta property=\"og:title\" content=\"Cyclo-cross : La Coupe du monde de Val di Sole, un nouveau pas vers l&#039;int\u00e9gration aux JO ?\" \/>\n<meta property=\"og:description\" content=\"CYCLO-CROSS - Le 12 d\u00e9cembre prochain, la Coupe du monde de cyclo-cross fera escale \u00e0 Val di Sole. L&#039;occasion est de promouvoir le CX en vue d&#039;une prochaine int\u00e9gration aux JO ?\" \/>\n<meta property=\"og:url\" content=\"https:\/\/dicodusport.fr\/blog\/cyclo-cross-coupe-du-monde-val-di-sole-nouveau-pas-vers-integration-aux-jo\/\" \/>\n<meta property=\"og:site_name\" content=\"Dicodusport\" \/>\n<meta property=\"article:publisher\" content=\"https:\/\/www.facebook.com\/dicodusport\" \/>\n<meta property=\"article:author\" content=\"https:\/\/www.facebook.com\/florent.ostermann\" \/>\n<meta property=\"article:published_time\" content=\"2021-11-24T13:51:46+00:00\" \/>\n<meta property=\"article:modified_time\" content=\"2021-11-24T13:56:24+00:00\" \/>\n<meta property=\"og:image\" content=\"https:\/\/dicodusport.fr\/blog\/wp-content\/uploads\/2021\/11\/Cyclo-cross-La-Coupe-du-monde-de-Val-di-Sole-un-nouveau-pas-vers-lintegration-aux-JO-.png\" \/>\n\t<meta property=\"og:image:width\" content=\"800\" \/>\n\t<meta property=\"og:image:height\" content=\"445\" \/>\n\t<meta property=\"og:image:type\" content=\"image\/png\" \/>\n<meta name=\"author\" content=\"Flo Ostermann\" \/>\n<meta name=\"twitter:card\" content=\"summary_large_image\" \/>\n<meta name=\"twitter:title\" content=\"Cyclo-cross : La Coupe du monde de Val di Sole, un nouveau pas vers l&#039;int\u00e9gration aux JO ?\" \/>\n<meta name=\"twitter:creator\" content=\"@https:\/\/twitter.com\/FlOstermann\" \/>\n<meta name=\"twitter:site\" content=\"@dicodusport\" \/>\n<script type=\"application\/ld+json\" class=\"yoast-schema-graph\">{\"@context\":\"https:\/\/schema.org\",\"@graph\":[{\"@type\":\"NewsArticle\",\"@id\":\"https:\/\/dicodusport.fr\/blog\/cyclo-cross-coupe-du-monde-val-di-sole-nouveau-pas-vers-integration-aux-jo\/#article\",\"isPartOf\":{\"@id\":\"https:\/\/dicodusport.fr\/blog\/cyclo-cross-coupe-du-monde-val-di-sole-nouveau-pas-vers-integration-aux-jo\/\"},\"author\":{\"name\":\"Flo Ostermann\",\"@id\":\"https:\/\/dicodusport.fr\/blog\/#\/schema\/person\/cb02af4c173ce4a653b55e9baf388d4a\"},\"headline\":\"Cyclo-cross : La Coupe du monde de Val di Sole, un nouveau pas vers l&rsquo;int\u00e9gration aux JO ?\",\"datePublished\":\"2021-11-24T13:51:46+00:00\",\"dateModified\":\"2021-11-24T13:56:24+00:00\",\"mainEntityOfPage\":{\"@id\":\"https:\/\/dicodusport.fr\/blog\/cyclo-cross-coupe-du-monde-val-di-sole-nouveau-pas-vers-integration-aux-jo\/\"},\"wordCount\":649,\"commentCount\":0,\"publisher\":{\"@id\":\"https:\/\/dicodusport.fr\/blog\/#organization\"},\"image\":{\"@id\":\"https:\/\/dicodusport.fr\/blog\/cyclo-cross-coupe-du-monde-val-di-sole-nouveau-pas-vers-integration-aux-jo\/#primaryimage\"},\"thumbnailUrl\":\"https:\/\/dicodusport.fr\/blog\/wp-content\/uploads\/2021\/11\/Cyclo-cross-La-Coupe-du-monde-de-Val-di-Sole-un-nouveau-pas-vers-lintegration-aux-JO-.png\",\"keywords\":[\"Cyclo-cross\"],\"articleSection\":[\"Cyclo-cross\"],\"inLanguage\":\"fr-FR\",\"potentialAction\":[{\"@type\":\"CommentAction\",\"name\":\"Comment\",\"target\":[\"https:\/\/dicodusport.fr\/blog\/cyclo-cross-coupe-du-monde-val-di-sole-nouveau-pas-vers-integration-aux-jo\/#respond\"]}],\"copyrightYear\":\"2021\",\"copyrightHolder\":{\"@id\":\"https:\/\/dicodusport.fr\/blog\/#organization\"}},{\"@type\":\"WebPage\",\"@id\":\"https:\/\/dicodusport.fr\/blog\/cyclo-cross-coupe-du-monde-val-di-sole-nouveau-pas-vers-integration-aux-jo\/\",\"url\":\"https:\/\/dicodusport.fr\/blog\/cyclo-cross-coupe-du-monde-val-di-sole-nouveau-pas-vers-integration-aux-jo\/\",\"name\":\"Cyclo-cross : La Coupe du monde de Val di Sole, un nouveau pas vers l'int\u00e9gration aux JO ?\",\"isPartOf\":{\"@id\":\"https:\/\/dicodusport.fr\/blog\/#website\"},\"primaryImageOfPage\":{\"@id\":\"https:\/\/dicodusport.fr\/blog\/cyclo-cross-coupe-du-monde-val-di-sole-nouveau-pas-vers-integration-aux-jo\/#primaryimage\"},\"image\":{\"@id\":\"https:\/\/dicodusport.fr\/blog\/cyclo-cross-coupe-du-monde-val-di-sole-nouveau-pas-vers-integration-aux-jo\/#primaryimage\"},\"thumbnailUrl\":\"https:\/\/dicodusport.fr\/blog\/wp-content\/uploads\/2021\/11\/Cyclo-cross-La-Coupe-du-monde-de-Val-di-Sole-un-nouveau-pas-vers-lintegration-aux-JO-.png\",\"datePublished\":\"2021-11-24T13:51:46+00:00\",\"dateModified\":\"2021-11-24T13:56:24+00:00\",\"description\":\"CYCLO-CROSS - Le 12 d\u00e9cembre prochain, la Coupe du monde de cyclo-cross fera escale \u00e0 Val di Sole. L'occasion est de promouvoir le CX en vue d'une prochaine int\u00e9gration aux JO ?\",\"breadcrumb\":{\"@id\":\"https:\/\/dicodusport.fr\/blog\/cyclo-cross-coupe-du-monde-val-di-sole-nouveau-pas-vers-integration-aux-jo\/#breadcrumb\"},\"inLanguage\":\"fr-FR\",\"potentialAction\":[{\"@type\":\"ReadAction\",\"target\":[\"https:\/\/dicodusport.fr\/blog\/cyclo-cross-coupe-du-monde-val-di-sole-nouveau-pas-vers-integration-aux-jo\/\"]}]},{\"@type\":\"ImageObject\",\"inLanguage\":\"fr-FR\",\"@id\":\"https:\/\/dicodusport.fr\/blog\/cyclo-cross-coupe-du-monde-val-di-sole-nouveau-pas-vers-integration-aux-jo\/#primaryimage\",\"url\":\"https:\/\/dicodusport.fr\/blog\/wp-content\/uploads\/2021\/11\/Cyclo-cross-La-Coupe-du-monde-de-Val-di-Sole-un-nouveau-pas-vers-lintegration-aux-JO-.png\",\"contentUrl\":\"https:\/\/dicodusport.fr\/blog\/wp-content\/uploads\/2021\/11\/Cyclo-cross-La-Coupe-du-monde-de-Val-di-Sole-un-nouveau-pas-vers-lintegration-aux-JO-.png\",\"width\":800,\"height\":445,\"caption\":\"Cyclo-cross La Coupe du monde de Val di Sole, un nouveau pas vers l'int\u00e9gration aux JO\"},{\"@type\":\"BreadcrumbList\",\"@id\":\"https:\/\/dicodusport.fr\/blog\/cyclo-cross-coupe-du-monde-val-di-sole-nouveau-pas-vers-integration-aux-jo\/#breadcrumb\",\"itemListElement\":[{\"@type\":\"ListItem\",\"position\":1,\"name\":\"Accueil\",\"item\":\"https:\/\/dicodusport.fr\/blog\/\"},{\"@type\":\"ListItem\",\"position\":2,\"name\":\"Cyclo-cross : La Coupe du monde de Val di Sole, un nouveau pas vers l&rsquo;int\u00e9gration aux JO ?\"}]},{\"@type\":\"WebSite\",\"@id\":\"https:\/\/dicodusport.fr\/blog\/#website\",\"url\":\"https:\/\/dicodusport.fr\/blog\/\",\"name\":\"Dicodusport\",\"description\":\"L&#039;encyclop\u00e9die de l&#039;actualit\u00e9 sportive\",\"publisher\":{\"@id\":\"https:\/\/dicodusport.fr\/blog\/#organization\"},\"potentialAction\":[{\"@type\":\"SearchAction\",\"target\":{\"@type\":\"EntryPoint\",\"urlTemplate\":\"https:\/\/dicodusport.fr\/blog\/?s={search_term_string}\"},\"query-input\":{\"@type\":\"PropertyValueSpecification\",\"valueRequired\":true,\"valueName\":\"search_term_string\"}}],\"inLanguage\":\"fr-FR\"},{\"@type\":\"NewsMediaOrganization\",\"@id\":\"https:\/\/dicodusport.fr\/blog\/#organization\",\"name\":\"Dicodusport\",\"url\":\"https:\/\/dicodusport.fr\/blog\/\",\"logo\":{\"@type\":\"ImageObject\",\"inLanguage\":\"fr-FR\",\"@id\":\"https:\/\/dicodusport.fr\/blog\/#\/schema\/logo\/image\/\",\"url\":\"https:\/\/dicodusport.fr\/blog\/wp-content\/uploads\/2020\/06\/cropped-LOGO-DICODUSPORT-2020-SANS-FOND-SANS-TEXTE.png\",\"contentUrl\":\"https:\/\/dicodusport.fr\/blog\/wp-content\/uploads\/2020\/06\/cropped-LOGO-DICODUSPORT-2020-SANS-FOND-SANS-TEXTE.png\",\"width\":512,\"height\":512,\"caption\":\"Dicodusport\"},\"image\":{\"@id\":\"https:\/\/dicodusport.fr\/blog\/#\/schema\/logo\/image\/\"},\"sameAs\":[\"https:\/\/www.facebook.com\/dicodusport\",\"https:\/\/x.com\/dicodusport\",\"https:\/\/www.instagram.com\/dicodusport\/\",\"https:\/\/www.youtube.com\/channel\/UC7V2KZ5sd3htJivAbA4ZG3w\"],\"description\":\"Dicodusport est l'encyclop\u00e9die de l'actualit\u00e9 sportive.\",\"email\":\"bonjour@dicodusport.fr\",\"legalName\":\"DICODUSPORT\",\"foundingDate\":\"2018-01-14\",\"vatID\":\"FR71834470973\",\"taxID\":\"83447097300043\",\"numberOfEmployees\":{\"@type\":\"QuantitativeValue\",\"minValue\":\"1\",\"maxValue\":\"10\"}},{\"@type\":\"Person\",\"@id\":\"https:\/\/dicodusport.fr\/blog\/#\/schema\/person\/cb02af4c173ce4a653b55e9baf388d4a\",\"name\":\"Flo Ostermann\",\"image\":{\"@type\":\"ImageObject\",\"inLanguage\":\"fr-FR\",\"@id\":\"https:\/\/dicodusport.fr\/blog\/#\/schema\/person\/image\/\",\"url\":\"https:\/\/dicodusport.fr\/blog\/wp-content\/uploads\/2021\/05\/Flo-Ostermann-150x150.jpg\",\"contentUrl\":\"https:\/\/dicodusport.fr\/blog\/wp-content\/uploads\/2021\/05\/Flo-Ostermann-150x150.jpg\",\"caption\":\"Flo Ostermann\"},\"description\":\"Journaliste\/R\u00e9dacteur depuis septembre 2015 - Mes premiers souvenirs dans le sport ? Les envol\u00e9es du Stade Toulousain et les duels Villeneuve-Schumacher et H\u00e4kkinen-Schumacher \u00e0 la fin des ann\u00e9es 90, la Coupe du monde de football en 1998, l\u2019exploit du XV de France face aux All Blacks en 1999, mais aussi Richard C\u0153ur de Lion qui vole sur les montagnes du Tour de France. Bien parti pour devenir professeur d\u2019EPS, les \u00e9v\u00e9nements de la vie (et la flemme d\u2019animer des s\u00e9ances de 3x500 m\u00e8tres toute ma vie) m\u2019ont conduit \u00e0 revoir mes plans. Me voil\u00e0 depuis fin 2017 sur Dicodusport, m\u00e9dia gr\u00e2ce (et pour) lequel je partage ma passion : le sport dans tous ses \u00e9tats. Le tout accompagn\u00e9 par les fous furieux et folles furieuses cit\u00e9s sur cette page !\",\"sameAs\":[\"https:\/\/www.facebook.com\/florent.ostermann\",\"https:\/\/x.com\/https:\/\/twitter.com\/FlOstermann\",\"admin\"],\"url\":\"https:\/\/dicodusport.fr\/blog\/author\/flo\/\"}]}<\/script>\n<!-- \/ Yoast SEO Premium plugin. -->","yoast_head_json":{"title":"Cyclo-cross : La Coupe du monde de Val di Sole, un nouveau pas vers l'int\u00e9gration aux JO ?","description":"CYCLO-CROSS - Le 12 d\u00e9cembre prochain, la Coupe du monde de cyclo-cross fera escale \u00e0 Val di Sole. L'occasion est de promouvoir le CX en vue d'une prochaine int\u00e9gration aux JO ?","robots":{"index":"index","follow":"follow","max-snippet":"max-snippet:-1","max-image-preview":"max-image-preview:large","max-video-preview":"max-video-preview:-1"},"canonical":"https:\/\/dicodusport.fr\/blog\/cyclo-cross-coupe-du-monde-val-di-sole-nouveau-pas-vers-integration-aux-jo\/","og_locale":"fr_FR","og_type":"article","og_title":"Cyclo-cross : La Coupe du monde de Val di Sole, un nouveau pas vers l'int\u00e9gration aux JO ?","og_description":"CYCLO-CROSS - Le 12 d\u00e9cembre prochain, la Coupe du monde de cyclo-cross fera escale \u00e0 Val di Sole. L'occasion est de promouvoir le CX en vue d'une prochaine int\u00e9gration aux JO ?","og_url":"https:\/\/dicodusport.fr\/blog\/cyclo-cross-coupe-du-monde-val-di-sole-nouveau-pas-vers-integration-aux-jo\/","og_site_name":"Dicodusport","article_publisher":"https:\/\/www.facebook.com\/dicodusport","article_author":"https:\/\/www.facebook.com\/florent.ostermann","article_published_time":"2021-11-24T13:51:46+00:00","article_modified_time":"2021-11-24T13:56:24+00:00","og_image":[{"width":800,"height":445,"url":"https:\/\/dicodusport.fr\/blog\/wp-content\/uploads\/2021\/11\/Cyclo-cross-La-Coupe-du-monde-de-Val-di-Sole-un-nouveau-pas-vers-lintegration-aux-JO-.png","type":"image\/png"}],"author":"Flo Ostermann","twitter_card":"summary_large_image","twitter_title":"Cyclo-cross : La Coupe du monde de Val di Sole, un nouveau pas vers l'int\u00e9gration aux JO ?","twitter_creator":"@https:\/\/twitter.com\/FlOstermann","twitter_site":"@dicodusport","schema":{"@context":"https:\/\/schema.org","@graph":[{"@type":"NewsArticle","@id":"https:\/\/dicodusport.fr\/blog\/cyclo-cross-coupe-du-monde-val-di-sole-nouveau-pas-vers-integration-aux-jo\/#article","isPartOf":{"@id":"https:\/\/dicodusport.fr\/blog\/cyclo-cross-coupe-du-monde-val-di-sole-nouveau-pas-vers-integration-aux-jo\/"},"author":{"name":"Flo Ostermann","@id":"https:\/\/dicodusport.fr\/blog\/#\/schema\/person\/cb02af4c173ce4a653b55e9baf388d4a"},"headline":"Cyclo-cross : La Coupe du monde de Val di Sole, un nouveau pas vers l&rsquo;int\u00e9gration aux JO ?","datePublished":"2021-11-24T13:51:46+00:00","dateModified":"2021-11-24T13:56:24+00:00","mainEntityOfPage":{"@id":"https:\/\/dicodusport.fr\/blog\/cyclo-cross-coupe-du-monde-val-di-sole-nouveau-pas-vers-integration-aux-jo\/"},"wordCount":649,"commentCount":0,"publisher":{"@id":"https:\/\/dicodusport.fr\/blog\/#organization"},"image":{"@id":"https:\/\/dicodusport.fr\/blog\/cyclo-cross-coupe-du-monde-val-di-sole-nouveau-pas-vers-integration-aux-jo\/#primaryimage"},"thumbnailUrl":"https:\/\/dicodusport.fr\/blog\/wp-content\/uploads\/2021\/11\/Cyclo-cross-La-Coupe-du-monde-de-Val-di-Sole-un-nouveau-pas-vers-lintegration-aux-JO-.png","keywords":["Cyclo-cross"],"articleSection":["Cyclo-cross"],"inLanguage":"fr-FR","potentialAction":[{"@type":"CommentAction","name":"Comment","target":["https:\/\/dicodusport.fr\/blog\/cyclo-cross-coupe-du-monde-val-di-sole-nouveau-pas-vers-integration-aux-jo\/#respond"]}],"copyrightYear":"2021","copyrightHolder":{"@id":"https:\/\/dicodusport.fr\/blog\/#organization"}},{"@type":"WebPage","@id":"https:\/\/dicodusport.fr\/blog\/cyclo-cross-coupe-du-monde-val-di-sole-nouveau-pas-vers-integration-aux-jo\/","url":"https:\/\/dicodusport.fr\/blog\/cyclo-cross-coupe-du-monde-val-di-sole-nouveau-pas-vers-integration-aux-jo\/","name":"Cyclo-cross : La Coupe du monde de Val di Sole, un nouveau pas vers l'int\u00e9gration aux JO ?","isPartOf":{"@id":"https:\/\/dicodusport.fr\/blog\/#website"},"primaryImageOfPage":{"@id":"https:\/\/dicodusport.fr\/blog\/cyclo-cross-coupe-du-monde-val-di-sole-nouveau-pas-vers-integration-aux-jo\/#primaryimage"},"image":{"@id":"https:\/\/dicodusport.fr\/blog\/cyclo-cross-coupe-du-monde-val-di-sole-nouveau-pas-vers-integration-aux-jo\/#primaryimage"},"thumbnailUrl":"https:\/\/dicodusport.fr\/blog\/wp-content\/uploads\/2021\/11\/Cyclo-cross-La-Coupe-du-monde-de-Val-di-Sole-un-nouveau-pas-vers-lintegration-aux-JO-.png","datePublished":"2021-11-24T13:51:46+00:00","dateModified":"2021-11-24T13:56:24+00:00","description":"CYCLO-CROSS - Le 12 d\u00e9cembre prochain, la Coupe du monde de cyclo-cross fera escale \u00e0 Val di Sole. L'occasion est de promouvoir le CX en vue d'une prochaine int\u00e9gration aux JO ?","breadcrumb":{"@id":"https:\/\/dicodusport.fr\/blog\/cyclo-cross-coupe-du-monde-val-di-sole-nouveau-pas-vers-integration-aux-jo\/#breadcrumb"},"inLanguage":"fr-FR","potentialAction":[{"@type":"ReadAction","target":["https:\/\/dicodusport.fr\/blog\/cyclo-cross-coupe-du-monde-val-di-sole-nouveau-pas-vers-integration-aux-jo\/"]}]},{"@type":"ImageObject","inLanguage":"fr-FR","@id":"https:\/\/dicodusport.fr\/blog\/cyclo-cross-coupe-du-monde-val-di-sole-nouveau-pas-vers-integration-aux-jo\/#primaryimage","url":"https:\/\/dicodusport.fr\/blog\/wp-content\/uploads\/2021\/11\/Cyclo-cross-La-Coupe-du-monde-de-Val-di-Sole-un-nouveau-pas-vers-lintegration-aux-JO-.png","contentUrl":"https:\/\/dicodusport.fr\/blog\/wp-content\/uploads\/2021\/11\/Cyclo-cross-La-Coupe-du-monde-de-Val-di-Sole-un-nouveau-pas-vers-lintegration-aux-JO-.png","width":800,"height":445,"caption":"Cyclo-cross La Coupe du monde de Val di Sole, un nouveau pas vers l'int\u00e9gration aux JO"},{"@type":"BreadcrumbList","@id":"https:\/\/dicodusport.fr\/blog\/cyclo-cross-coupe-du-monde-val-di-sole-nouveau-pas-vers-integration-aux-jo\/#breadcrumb","itemListElement":[{"@type":"ListItem","position":1,"name":"Accueil","item":"https:\/\/dicodusport.fr\/blog\/"},{"@type":"ListItem","position":2,"name":"Cyclo-cross : La Coupe du monde de Val di Sole, un nouveau pas vers l&rsquo;int\u00e9gration aux JO ?"}]},{"@type":"WebSite","@id":"https:\/\/dicodusport.fr\/blog\/#website","url":"https:\/\/dicodusport.fr\/blog\/","name":"Dicodusport","description":"L&#039;encyclop\u00e9die de l&#039;actualit\u00e9 sportive","publisher":{"@id":"https:\/\/dicodusport.fr\/blog\/#organization"},"potentialAction":[{"@type":"SearchAction","target":{"@type":"EntryPoint","urlTemplate":"https:\/\/dicodusport.fr\/blog\/?s={search_term_string}"},"query-input":{"@type":"PropertyValueSpecification","valueRequired":true,"valueName":"search_term_string"}}],"inLanguage":"fr-FR"},{"@type":"NewsMediaOrganization","@id":"https:\/\/dicodusport.fr\/blog\/#organization","name":"Dicodusport","url":"https:\/\/dicodusport.fr\/blog\/","logo":{"@type":"ImageObject","inLanguage":"fr-FR","@id":"https:\/\/dicodusport.fr\/blog\/#\/schema\/logo\/image\/","url":"https:\/\/dicodusport.fr\/blog\/wp-content\/uploads\/2020\/06\/cropped-LOGO-DICODUSPORT-2020-SANS-FOND-SANS-TEXTE.png","contentUrl":"https:\/\/dicodusport.fr\/blog\/wp-content\/uploads\/2020\/06\/cropped-LOGO-DICODUSPORT-2020-SANS-FOND-SANS-TEXTE.png","width":512,"height":512,"caption":"Dicodusport"},"image":{"@id":"https:\/\/dicodusport.fr\/blog\/#\/schema\/logo\/image\/"},"sameAs":["https:\/\/www.facebook.com\/dicodusport","https:\/\/x.com\/dicodusport","https:\/\/www.instagram.com\/dicodusport\/","https:\/\/www.youtube.com\/channel\/UC7V2KZ5sd3htJivAbA4ZG3w"],"description":"Dicodusport est l'encyclop\u00e9die de l'actualit\u00e9 sportive.","email":"bonjour@dicodusport.fr","legalName":"DICODUSPORT","foundingDate":"2018-01-14","vatID":"FR71834470973","taxID":"83447097300043","numberOfEmployees":{"@type":"QuantitativeValue","minValue":"1","maxValue":"10"}},{"@type":"Person","@id":"https:\/\/dicodusport.fr\/blog\/#\/schema\/person\/cb02af4c173ce4a653b55e9baf388d4a","name":"Flo Ostermann","image":{"@type":"ImageObject","inLanguage":"fr-FR","@id":"https:\/\/dicodusport.fr\/blog\/#\/schema\/person\/image\/","url":"https:\/\/dicodusport.fr\/blog\/wp-content\/uploads\/2021\/05\/Flo-Ostermann-150x150.jpg","contentUrl":"https:\/\/dicodusport.fr\/blog\/wp-content\/uploads\/2021\/05\/Flo-Ostermann-150x150.jpg","caption":"Flo Ostermann"},"description":"Journaliste\/R\u00e9dacteur depuis septembre 2015 - Mes premiers souvenirs dans le sport ? Les envol\u00e9es du Stade Toulousain et les duels Villeneuve-Schumacher et H\u00e4kkinen-Schumacher \u00e0 la fin des ann\u00e9es 90, la Coupe du monde de football en 1998, l\u2019exploit du XV de France face aux All Blacks en 1999, mais aussi Richard C\u0153ur de Lion qui vole sur les montagnes du Tour de France. Bien parti pour devenir professeur d\u2019EPS, les \u00e9v\u00e9nements de la vie (et la flemme d\u2019animer des s\u00e9ances de 3x500 m\u00e8tres toute ma vie) m\u2019ont conduit \u00e0 revoir mes plans. Me voil\u00e0 depuis fin 2017 sur Dicodusport, m\u00e9dia gr\u00e2ce (et pour) lequel je partage ma passion : le sport dans tous ses \u00e9tats. Le tout accompagn\u00e9 par les fous furieux et folles furieuses cit\u00e9s sur cette page !","sameAs":["https:\/\/www.facebook.com\/florent.ostermann","https:\/\/x.com\/https:\/\/twitter.com\/FlOstermann","admin"],"url":"https:\/\/dicodusport.fr\/blog\/author\/flo\/"}]}},"_links":{"self":[{"href":"https:\/\/dicodusport.fr\/blog\/wp-json\/wp\/v2\/posts\/180967","targetHints":{"allow":["GET"]}}],"collection":[{"href":"https:\/\/dicodusport.fr\/blog\/wp-json\/wp\/v2\/posts"}],"about":[{"href":"https:\/\/dicodusport.fr\/blog\/wp-json\/wp\/v2\/types\/post"}],"author":[{"embeddable":true,"href":"https:\/\/dicodusport.fr\/blog\/wp-json\/wp\/v2\/users\/4"}],"replies":[{"embeddable":true,"href":"https:\/\/dicodusport.fr\/blog\/wp-json\/wp\/v2\/comments?post=180967"}],"version-history":[{"count":0,"href":"https:\/\/dicodusport.fr\/blog\/wp-json\/wp\/v2\/posts\/180967\/revisions"}],"wp:featuredmedia":[{"embeddable":true,"href":"https:\/\/dicodusport.fr\/blog\/wp-json\/wp\/v2\/media\/181060"}],"wp:attachment":[{"href":"https:\/\/dicodusport.fr\/blog\/wp-json\/wp\/v2\/media?parent=180967"}],"wp:term":[{"taxonomy":"category","embeddable":true,"href":"https:\/\/dicodusport.fr\/blog\/wp-json\/wp\/v2\/categories?post=180967"},{"taxonomy":"post_tag","embeddable":true,"href":"https:\/\/dicodusport.fr\/blog\/wp-json\/wp\/v2\/tags?post=180967"}],"curies":[{"name":"wp","href":"https:\/\/api.w.org\/{rel}","templated":true}]}}