{"id":181179,"date":"2021-11-25T15:04:23","date_gmt":"2021-11-25T14:04:23","guid":{"rendered":"https:\/\/dicodusport.fr\/blog\/?p=181179&#038;preview=true&#038;preview_id=181179"},"modified":"2021-11-26T20:58:17","modified_gmt":"2021-11-26T19:58:17","slug":"coupe-du-monde-de-biathlon-feminine-paris-petits-globes-cristal","status":"publish","type":"post","link":"https:\/\/dicodusport.fr\/blog\/coupe-du-monde-de-biathlon-feminine-paris-petits-globes-cristal\/","title":{"rendered":"Coupe du monde de biathlon f\u00e9minine : Nos paris pour les petits globes de cristal"},"content":{"rendered":"<p style=\"text-align: justify;\"><em><strong><a href=\"https:\/\/dicodusport.fr\/blog\/actualites\/biathlon\/coupe-du-monde-biathlon-2021-2022\/\">COUPE DU MONDE DE BIATHLON 2021\/2022<\/a> &#8211; La Coupe du monde de biathlon 2021-2022 commence ce samedi 28 novembre \u00e0 Ostersund, en Su\u00e8de. Pour l&rsquo;occasion, on vous propose nos paris pour les petits globes de cristal chez les dames.<\/strong><\/em><\/p>\n<h2 style=\"text-align: justify;\">Nos favorites pour le petit globe du sprint<\/h2>\n<p style=\"text-align: justify;\">Qui d&rsquo;autre que <strong>Tiril Eckhoff<\/strong> pour rafler un nouveau petit globe sur le sprint ? Lors de la saison pass\u00e9e, la laur\u00e9ate du classement g\u00e9n\u00e9ral a survol\u00e9 l&rsquo;exercice \u00e0 deux tirs, avec 8 podiums, dont 7 victoires, en 10 courses ! La championne du monde en titre de la sp\u00e9cialit\u00e9 sera tr\u00e8s difficile \u00e0 battre si elle skie aussi vite que lors de la saison pr\u00e9c\u00e9dente. Avec un taux de r\u00e9ussite \u00e0 82,5 % au tir, elle pourrait \u00eatre encore plus inatteignable si elle se montre davantage pr\u00e9cise. Derri\u00e8re, sa compatriote <strong>Roeiseland<\/strong> (84 % au tir la saison pass\u00e9e), mais surtout la Su\u00e9doise <strong>Hanna Oeberg<\/strong>, laur\u00e9ate de deux sprints la saison derni\u00e8re (84,5 % de r\u00e9ussite), seront certainement ses plus grandes adversaires. Attention \u00e9galement \u00e0 la Fran\u00e7aise <strong>Ana\u00efs Chevalier-Bouchet<\/strong> et l&rsquo;Allemande <strong>Denise Herrmann<\/strong>, \u00e0 l&rsquo;aise sur le sprint.<\/p>\n<p style=\"text-align: justify;\"><strong>Notre top 5 pour le petit globe du sprint :<\/strong><\/p>\n<p style=\"text-align: justify;\">1 &#8211; Tiril Eckhoff<\/p>\n<p style=\"text-align: justify;\">2 &#8211; Marte Olsbu Roeiseland<\/p>\n<p style=\"text-align: justify;\">3 &#8211; Hanna Oeberg<\/p>\n<p style=\"text-align: justify;\">4 &#8211; Ana\u00efs Chevalier<\/p>\n<p style=\"text-align: justify;\">5 &#8211; Denise Herrmann<\/p>\n<hr \/>\n<h2 style=\"text-align: justify;\">Nos favorites pour le petit globe de la poursuite<\/h2>\n<p style=\"text-align: justify;\">L\u00e0 aussi, notre grande favorite n&rsquo;est autre que <strong>Tiril Eckhoff<\/strong>. Championne du monde \u00e0 Pokljuka, la Norv\u00e9gienne a r\u00e9alis\u00e9 cinq doubl\u00e9s sprint-poursuite la saison pass\u00e9e. En 8 courses, elle a d\u00e9croch\u00e9 7 podiums dont 6 victoires. Si elle confirme sa domination sur le sprint, elle sera de nouveau tr\u00e8s difficile \u00e0 aller chercher sur les poursuites, surtout si elle prend le d\u00e9part avec une belle marge. Derri\u00e8re, les pr\u00e9tendantes sont nombreuses. Notre pari se nomme tout simplement <strong>Lisa Theresa Hauser<\/strong> : l&rsquo;Autrichienne, fiable derri\u00e8re la carabine (84 % la saison pass\u00e9e, 88 % sur les tirs debouts), mais aussi rapide sur les skis, a d\u00e9croch\u00e9 deux podiums en poursuite la saison derni\u00e8re, elle qui semble avoir atteint une vraie maturit\u00e9 \u00e0 27 ans.<\/p>\n<p style=\"text-align: justify;\">Enfin, <strong>Marte Olsbu Roeiseland<\/strong> (2 victoires en 2020\/2021), la r\u00e9guli\u00e8re et exp\u00e9riment\u00e9e <strong>Dorothea Wierer<\/strong> et la r\u00e9v\u00e9lation bi\u00e9lorusse <strong>Dzinara Alimbekava<\/strong> (2 podiums \u00e9galement) devraient \u00eatre \u00e0 la lutte pour un podium final, voire mieux si le duo Eckhoff-Hauser baisse de niveau en cours de saison.<\/p>\n<p><strong>Notre top 5 pour le petit globe de la poursuite :<\/strong><\/p>\n<p>1 &#8211; Tiril Eckhoff<\/p>\n<p>2 &#8211; Lisa Theresa Hauser<\/p>\n<p>3 &#8211; Marte Olsbu Roeiseland<\/p>\n<p>4 &#8211; Dorothea Wierer<\/p>\n<p>5 &#8211; Dzinara Alimbekava<\/p>\n<div id=\"attachment_181228\" style=\"width: 750px\" class=\"wp-caption aligncenter\"><a href=\"https:\/\/dicodusport.fr\/blog\/wp-content\/uploads\/2021\/11\/Tiril-Eckhoff-et-son-petit-globe-de-la-poursuite-scaled.jpg\"><img loading=\"lazy\" decoding=\"async\" aria-describedby=\"caption-attachment-181228\" class=\"size-large wp-image-181228\" src=\"https:\/\/dicodusport.fr\/blog\/wp-content\/uploads\/2021\/11\/Tiril-Eckhoff-et-son-petit-globe-de-la-poursuite-1024x683.jpg\" alt=\"Tiril Eckhoff et son petit globe de la poursuite\" width=\"740\" height=\"494\" srcset=\"https:\/\/dicodusport.fr\/blog\/wp-content\/uploads\/2021\/11\/Tiril-Eckhoff-et-son-petit-globe-de-la-poursuite-1024x683.jpg 1024w, https:\/\/dicodusport.fr\/blog\/wp-content\/uploads\/2021\/11\/Tiril-Eckhoff-et-son-petit-globe-de-la-poursuite-300x200.jpg 300w, https:\/\/dicodusport.fr\/blog\/wp-content\/uploads\/2021\/11\/Tiril-Eckhoff-et-son-petit-globe-de-la-poursuite-768x512.jpg 768w, https:\/\/dicodusport.fr\/blog\/wp-content\/uploads\/2021\/11\/Tiril-Eckhoff-et-son-petit-globe-de-la-poursuite-1536x1024.jpg 1536w, https:\/\/dicodusport.fr\/blog\/wp-content\/uploads\/2021\/11\/Tiril-Eckhoff-et-son-petit-globe-de-la-poursuite-2048x1365.jpg 2048w\" sizes=\"auto, (max-width: 740px) 100vw, 740px\" \/><\/a><p id=\"caption-attachment-181228\" class=\"wp-caption-text\">Tiril Eckhoff et son petit globe de la poursuite &#8211; Icon Sport<\/p><\/div>\n<hr \/>\n<h2 style=\"text-align: justify;\">Nos favorites pour le petit globe de l&rsquo;individuel<\/h2>\n<p style=\"text-align: justify;\">La saison derni\u00e8re, <strong>Lisa Theresa Hauser<\/strong> et <strong>Dorothea Wierer<\/strong> se sont partag\u00e9es le petit globe de l&rsquo;individuel. De plus, les trois courses de cette sp\u00e9cialit\u00e9 ont \u00e9t\u00e9 remport\u00e9es par trois biathl\u00e8tes diff\u00e9rentes : <strong>Hauser<\/strong>, <strong>Wierer<\/strong> et <strong>Marketa Davidova<\/strong>. L&rsquo;individuel, qui r\u00e9compense le plus souvent les excellentes tireuses (une faute face aux cibles inflige une minute de p\u00e9nalit\u00e9 sur le temps total), permet \u00e9galement aux meilleures skieuses de se mettre en \u00e9vidence. \u00c0 ce petit jeu-l\u00e0, on voit bien <strong>Lisa Theresa Hauser<\/strong>, sur la lanc\u00e9e de sa saison 2020\/2021 r\u00e9ussie, faire le doubl\u00e9. R\u00e9guli\u00e8re, <strong>Hanna Oeberg<\/strong> a une belle carte \u00e0 jouer, sur une \u00e9preuve o\u00f9 les Norv\u00e9giennes ont tendance \u00e0 sous-performer. <strong>Marketa Davidova<\/strong>, <strong>Dorothea Wierer<\/strong> mais aussi <strong>Julia Simon<\/strong>, en progression sur son tir et endurante sur les longues distances, auront aussi leur mot \u00e0 dire.<\/p>\n<p><strong>Notre top 5 pour le petit globe de l&rsquo;individuelle :<\/strong><\/p>\n<p>1 &#8211; Lisa Theresa Hauser<\/p>\n<p>2 &#8211; Hanna Oeberg<\/p>\n<p>3 &#8211; Marketa Davidova<\/p>\n<p>4 &#8211; Dorothea Wierer<\/p>\n<p>5 &#8211; Julia Simon<\/p>\n<hr \/>\n<h2 style=\"text-align: justify;\">Nos favorites pour le petit globe de la mass start<\/h2>\n<p style=\"text-align: justify;\">Championne du monde de la mass start en 2020, <strong>Marte Olsbu Roeiseland<\/strong> pourrait bien \u00eatre la grande dame de la course des reines cette saison. Quatri\u00e8me au classement de la sp\u00e9cialit\u00e9 la saison derni\u00e8re avec une victoire en prime, son exp\u00e9rience et sa science de la course seront d\u00e9cisifs pour glaner le petit globe. Derri\u00e8re, les outsiders ne manquent pas. \u00c0 commencer par la Fran\u00e7aise <strong>Julia Simon<\/strong> ! Victorieuse \u00e0 deux reprises lors de l&rsquo;exercice 2020-2021, la biathl\u00e8te des Saisies \u00e9tait en t\u00eate du g\u00e9n\u00e9ral de la sp\u00e9cialit\u00e9 avant la derni\u00e8re course \u00e0 Ostersund, mais a tout simplement craqu\u00e9 au moment de conclure. Du coup, c&rsquo;est <strong>Ingrid Tandrevold<\/strong> qui avait rafl\u00e9 le petit globe, en plus de sa premi\u00e8re victoire en Coupe du monde. <strong>Tandrevold<\/strong> pourrait ainsi de nouveau se m\u00ealer dans la lutte pour le globe, dans un format qui lui correspond parfaitement.<\/p>\n<p style=\"text-align: justify;\">Dans notre top 5, et m\u00eame top 3, on retrouve <strong>Lisa Theresa Hauser<\/strong>. La championne du monde en titre de la sp\u00e9cialit\u00e9 a forc\u00e9ment de gros atouts \u00e0 faire valoir sur une course \u00e0 4 tirs. M\u00eame chose pour <strong>Hanna Oeberg<\/strong>, \u00e0 deux reprises sur le podium d&rsquo;une mass start la saison derni\u00e8re.<\/p>\n<p><strong>Notre top 5 pour le petit globe de la mass start :<\/strong><\/p>\n<p>1 &#8211; Marte Olsbu Roeiseland<\/p>\n<p>2 &#8211; Julia Simon<\/p>\n<p>3 &#8211; Lisa Theresa Hauser<\/p>\n<p>4 &#8211; Ingrid Tandrevold<\/p>\n<p>5 &#8211; Hanna Oeberg<\/p>\n<h2 style=\"text-align: justify;\"><strong>\u00c0 lire aussi<\/strong><\/h2>\n<ul>\n<li style=\"text-align: justify;\"><a href=\"https:\/\/dicodusport.fr\/blog\/coupe-du-monde-de-biathlon-feminine-nos-paris-pour-la-course-au-gros-globe\/\"><strong>Nos paris pour la course au gros globe<\/strong><\/a><\/li>\n<li style=\"text-align: justify;\"><a href=\"https:\/\/dicodusport.fr\/blog\/coupe-du-monde-de-biathlon-2021-2022-qu-attendre-des-francaises-cette-saison\/\"><strong>Qu&rsquo;attendre des Fran\u00e7aises pour cette Coupe du monde 2021-2022 ?<\/strong><\/a><\/li>\n<li style=\"text-align: justify;\"><strong><a href=\"https:\/\/dicodusport.fr\/blog\/biathlon-coupe-du-monde-2021-2022-le-calendrier-complet\/\">Le calendrier complet de la Coupe du monde 2021-2022<\/a><\/strong><\/li>\n<\/ul>\n","protected":false},"excerpt":{"rendered":"<p>COUPE DU MONDE DE BIATHLON 2021\/2022 &#8211; La Coupe du monde de biathlon 2021-2022 commence ce samedi 28 novembre \u00e0 Ostersund, en Su\u00e8de. Pour l&rsquo;occasion, on vous propose nos paris pour les petits globes de cristal chez les dames.<\/p>\n","protected":false},"author":4,"featured_media":181229,"comment_status":"open","ping_status":"closed","sticky":false,"template":"","format":"standard","meta":{"_acf_changed":false,"_daextam_enable_autolinks":"","footnotes":""},"categories":[47040],"tags":[2427,2694],"class_list":["post-181179","post","type-post","status-publish","format-standard","has-post-thumbnail","hentry","category-coupe-du-monde-de-biathlon","tag-biathlon","tag-ibu"],"acf":[],"yoast_head":"<!-- This site is optimized with the Yoast SEO Premium plugin v26.7 (Yoast SEO v26.7) - https:\/\/yoast.com\/wordpress\/plugins\/seo\/ -->\n<title>Coupe du monde de biathlon f\u00e9minine : Nos paris pour les petits globes<\/title>\n<meta name=\"description\" content=\"La Coupe du monde de biathlon d\u00e9bute ce samedi 28 novembre \u00e0 Ostersund. Nos pronostics pour les petits globes de cristal chez les dames.\" \/>\n<meta name=\"robots\" content=\"index, follow, max-snippet:-1, max-image-preview:large, max-video-preview:-1\" \/>\n<link rel=\"canonical\" href=\"https:\/\/dicodusport.fr\/blog\/coupe-du-monde-de-biathlon-feminine-paris-petits-globes-cristal\/\" \/>\n<meta property=\"og:locale\" content=\"fr_FR\" \/>\n<meta property=\"og:type\" content=\"article\" \/>\n<meta property=\"og:title\" content=\"Coupe du monde de biathlon f\u00e9minine : Nos paris pour les petits globes de cristal\" \/>\n<meta property=\"og:description\" content=\"La Coupe du monde de biathlon d\u00e9bute ce samedi 28 novembre \u00e0 Ostersund. Nos pronostics pour les petits globes de cristal chez les dames.\" \/>\n<meta property=\"og:url\" content=\"https:\/\/dicodusport.fr\/blog\/coupe-du-monde-de-biathlon-feminine-paris-petits-globes-cristal\/\" \/>\n<meta property=\"og:site_name\" content=\"Dicodusport\" \/>\n<meta property=\"article:publisher\" content=\"https:\/\/www.facebook.com\/dicodusport\" \/>\n<meta property=\"article:author\" content=\"https:\/\/www.facebook.com\/florent.ostermann\" \/>\n<meta property=\"article:published_time\" content=\"2021-11-25T14:04:23+00:00\" \/>\n<meta property=\"article:modified_time\" content=\"2021-11-26T19:58:17+00:00\" \/>\n<meta property=\"og:image\" content=\"https:\/\/dicodusport.fr\/blog\/wp-content\/uploads\/2021\/11\/Coupe-du-monde-de-biathlon-feminine-Nos-paris-pour-les-petits-globes-de-cristal.png\" \/>\n\t<meta property=\"og:image:width\" content=\"800\" \/>\n\t<meta property=\"og:image:height\" content=\"445\" \/>\n\t<meta property=\"og:image:type\" content=\"image\/png\" \/>\n<meta name=\"author\" content=\"Flo Ostermann\" \/>\n<meta name=\"twitter:card\" content=\"summary_large_image\" \/>\n<meta name=\"twitter:title\" content=\"Coupe du monde de biathlon f\u00e9minine : Nos paris pour les petits globes de cristal\" \/>\n<meta name=\"twitter:creator\" content=\"@https:\/\/twitter.com\/FlOstermann\" \/>\n<meta name=\"twitter:site\" content=\"@dicodusport\" \/>\n<script type=\"application\/ld+json\" class=\"yoast-schema-graph\">{\"@context\":\"https:\/\/schema.org\",\"@graph\":[{\"@type\":\"NewsArticle\",\"@id\":\"https:\/\/dicodusport.fr\/blog\/coupe-du-monde-de-biathlon-feminine-paris-petits-globes-cristal\/#article\",\"isPartOf\":{\"@id\":\"https:\/\/dicodusport.fr\/blog\/coupe-du-monde-de-biathlon-feminine-paris-petits-globes-cristal\/\"},\"author\":{\"name\":\"Flo Ostermann\",\"@id\":\"https:\/\/dicodusport.fr\/blog\/#\/schema\/person\/cb02af4c173ce4a653b55e9baf388d4a\"},\"headline\":\"Coupe du monde de biathlon f\u00e9minine : Nos paris pour les petits globes de cristal\",\"datePublished\":\"2021-11-25T14:04:23+00:00\",\"dateModified\":\"2021-11-26T19:58:17+00:00\",\"mainEntityOfPage\":{\"@id\":\"https:\/\/dicodusport.fr\/blog\/coupe-du-monde-de-biathlon-feminine-paris-petits-globes-cristal\/\"},\"wordCount\":913,\"commentCount\":0,\"publisher\":{\"@id\":\"https:\/\/dicodusport.fr\/blog\/#organization\"},\"image\":{\"@id\":\"https:\/\/dicodusport.fr\/blog\/coupe-du-monde-de-biathlon-feminine-paris-petits-globes-cristal\/#primaryimage\"},\"thumbnailUrl\":\"https:\/\/dicodusport.fr\/blog\/wp-content\/uploads\/2021\/11\/Coupe-du-monde-de-biathlon-feminine-Nos-paris-pour-les-petits-globes-de-cristal.png\",\"keywords\":[\"Biathlon\",\"IBU\"],\"articleSection\":[\"Coupe du monde de biathlon\"],\"inLanguage\":\"fr-FR\",\"potentialAction\":[{\"@type\":\"CommentAction\",\"name\":\"Comment\",\"target\":[\"https:\/\/dicodusport.fr\/blog\/coupe-du-monde-de-biathlon-feminine-paris-petits-globes-cristal\/#respond\"]}],\"copyrightYear\":\"2021\",\"copyrightHolder\":{\"@id\":\"https:\/\/dicodusport.fr\/blog\/#organization\"}},{\"@type\":\"WebPage\",\"@id\":\"https:\/\/dicodusport.fr\/blog\/coupe-du-monde-de-biathlon-feminine-paris-petits-globes-cristal\/\",\"url\":\"https:\/\/dicodusport.fr\/blog\/coupe-du-monde-de-biathlon-feminine-paris-petits-globes-cristal\/\",\"name\":\"Coupe du monde de biathlon f\u00e9minine : Nos paris pour les petits globes\",\"isPartOf\":{\"@id\":\"https:\/\/dicodusport.fr\/blog\/#website\"},\"primaryImageOfPage\":{\"@id\":\"https:\/\/dicodusport.fr\/blog\/coupe-du-monde-de-biathlon-feminine-paris-petits-globes-cristal\/#primaryimage\"},\"image\":{\"@id\":\"https:\/\/dicodusport.fr\/blog\/coupe-du-monde-de-biathlon-feminine-paris-petits-globes-cristal\/#primaryimage\"},\"thumbnailUrl\":\"https:\/\/dicodusport.fr\/blog\/wp-content\/uploads\/2021\/11\/Coupe-du-monde-de-biathlon-feminine-Nos-paris-pour-les-petits-globes-de-cristal.png\",\"datePublished\":\"2021-11-25T14:04:23+00:00\",\"dateModified\":\"2021-11-26T19:58:17+00:00\",\"description\":\"La Coupe du monde de biathlon d\u00e9bute ce samedi 28 novembre \u00e0 Ostersund. Nos pronostics pour les petits globes de cristal chez les dames.\",\"breadcrumb\":{\"@id\":\"https:\/\/dicodusport.fr\/blog\/coupe-du-monde-de-biathlon-feminine-paris-petits-globes-cristal\/#breadcrumb\"},\"inLanguage\":\"fr-FR\",\"potentialAction\":[{\"@type\":\"ReadAction\",\"target\":[\"https:\/\/dicodusport.fr\/blog\/coupe-du-monde-de-biathlon-feminine-paris-petits-globes-cristal\/\"]}]},{\"@type\":\"ImageObject\",\"inLanguage\":\"fr-FR\",\"@id\":\"https:\/\/dicodusport.fr\/blog\/coupe-du-monde-de-biathlon-feminine-paris-petits-globes-cristal\/#primaryimage\",\"url\":\"https:\/\/dicodusport.fr\/blog\/wp-content\/uploads\/2021\/11\/Coupe-du-monde-de-biathlon-feminine-Nos-paris-pour-les-petits-globes-de-cristal.png\",\"contentUrl\":\"https:\/\/dicodusport.fr\/blog\/wp-content\/uploads\/2021\/11\/Coupe-du-monde-de-biathlon-feminine-Nos-paris-pour-les-petits-globes-de-cristal.png\",\"width\":800,\"height\":445,\"caption\":\"Coupe du monde de biathlon f\u00e9minine Nos paris pour les petits globes de cristal\"},{\"@type\":\"BreadcrumbList\",\"@id\":\"https:\/\/dicodusport.fr\/blog\/coupe-du-monde-de-biathlon-feminine-paris-petits-globes-cristal\/#breadcrumb\",\"itemListElement\":[{\"@type\":\"ListItem\",\"position\":1,\"name\":\"Accueil\",\"item\":\"https:\/\/dicodusport.fr\/blog\/\"},{\"@type\":\"ListItem\",\"position\":2,\"name\":\"Coupe du monde de biathlon f\u00e9minine : Nos paris pour les petits globes de cristal\"}]},{\"@type\":\"WebSite\",\"@id\":\"https:\/\/dicodusport.fr\/blog\/#website\",\"url\":\"https:\/\/dicodusport.fr\/blog\/\",\"name\":\"Dicodusport\",\"description\":\"L&#039;encyclop\u00e9die de l&#039;actualit\u00e9 sportive\",\"publisher\":{\"@id\":\"https:\/\/dicodusport.fr\/blog\/#organization\"},\"potentialAction\":[{\"@type\":\"SearchAction\",\"target\":{\"@type\":\"EntryPoint\",\"urlTemplate\":\"https:\/\/dicodusport.fr\/blog\/?s={search_term_string}\"},\"query-input\":{\"@type\":\"PropertyValueSpecification\",\"valueRequired\":true,\"valueName\":\"search_term_string\"}}],\"inLanguage\":\"fr-FR\"},{\"@type\":\"NewsMediaOrganization\",\"@id\":\"https:\/\/dicodusport.fr\/blog\/#organization\",\"name\":\"Dicodusport\",\"url\":\"https:\/\/dicodusport.fr\/blog\/\",\"logo\":{\"@type\":\"ImageObject\",\"inLanguage\":\"fr-FR\",\"@id\":\"https:\/\/dicodusport.fr\/blog\/#\/schema\/logo\/image\/\",\"url\":\"https:\/\/dicodusport.fr\/blog\/wp-content\/uploads\/2020\/06\/cropped-LOGO-DICODUSPORT-2020-SANS-FOND-SANS-TEXTE.png\",\"contentUrl\":\"https:\/\/dicodusport.fr\/blog\/wp-content\/uploads\/2020\/06\/cropped-LOGO-DICODUSPORT-2020-SANS-FOND-SANS-TEXTE.png\",\"width\":512,\"height\":512,\"caption\":\"Dicodusport\"},\"image\":{\"@id\":\"https:\/\/dicodusport.fr\/blog\/#\/schema\/logo\/image\/\"},\"sameAs\":[\"https:\/\/www.facebook.com\/dicodusport\",\"https:\/\/x.com\/dicodusport\",\"https:\/\/www.instagram.com\/dicodusport\/\",\"https:\/\/www.youtube.com\/channel\/UC7V2KZ5sd3htJivAbA4ZG3w\"],\"description\":\"Dicodusport est l'encyclop\u00e9die de l'actualit\u00e9 sportive.\",\"email\":\"bonjour@dicodusport.fr\",\"legalName\":\"DICODUSPORT\",\"foundingDate\":\"2018-01-14\",\"vatID\":\"FR71834470973\",\"taxID\":\"83447097300043\",\"numberOfEmployees\":{\"@type\":\"QuantitativeValue\",\"minValue\":\"1\",\"maxValue\":\"10\"}},{\"@type\":\"Person\",\"@id\":\"https:\/\/dicodusport.fr\/blog\/#\/schema\/person\/cb02af4c173ce4a653b55e9baf388d4a\",\"name\":\"Flo Ostermann\",\"image\":{\"@type\":\"ImageObject\",\"inLanguage\":\"fr-FR\",\"@id\":\"https:\/\/dicodusport.fr\/blog\/#\/schema\/person\/image\/\",\"url\":\"https:\/\/dicodusport.fr\/blog\/wp-content\/uploads\/2021\/05\/Flo-Ostermann-150x150.jpg\",\"contentUrl\":\"https:\/\/dicodusport.fr\/blog\/wp-content\/uploads\/2021\/05\/Flo-Ostermann-150x150.jpg\",\"caption\":\"Flo Ostermann\"},\"description\":\"Journaliste\/R\u00e9dacteur depuis septembre 2015 - Mes premiers souvenirs dans le sport ? Les envol\u00e9es du Stade Toulousain et les duels Villeneuve-Schumacher et H\u00e4kkinen-Schumacher \u00e0 la fin des ann\u00e9es 90, la Coupe du monde de football en 1998, l\u2019exploit du XV de France face aux All Blacks en 1999, mais aussi Richard C\u0153ur de Lion qui vole sur les montagnes du Tour de France. Bien parti pour devenir professeur d\u2019EPS, les \u00e9v\u00e9nements de la vie (et la flemme d\u2019animer des s\u00e9ances de 3x500 m\u00e8tres toute ma vie) m\u2019ont conduit \u00e0 revoir mes plans. Me voil\u00e0 depuis fin 2017 sur Dicodusport, m\u00e9dia gr\u00e2ce (et pour) lequel je partage ma passion : le sport dans tous ses \u00e9tats. Le tout accompagn\u00e9 par les fous furieux et folles furieuses cit\u00e9s sur cette page !\",\"sameAs\":[\"https:\/\/www.facebook.com\/florent.ostermann\",\"https:\/\/x.com\/https:\/\/twitter.com\/FlOstermann\",\"admin\"],\"url\":\"https:\/\/dicodusport.fr\/blog\/author\/flo\/\"}]}<\/script>\n<!-- \/ Yoast SEO Premium plugin. -->","yoast_head_json":{"title":"Coupe du monde de biathlon f\u00e9minine : Nos paris pour les petits globes","description":"La Coupe du monde de biathlon d\u00e9bute ce samedi 28 novembre \u00e0 Ostersund. Nos pronostics pour les petits globes de cristal chez les dames.","robots":{"index":"index","follow":"follow","max-snippet":"max-snippet:-1","max-image-preview":"max-image-preview:large","max-video-preview":"max-video-preview:-1"},"canonical":"https:\/\/dicodusport.fr\/blog\/coupe-du-monde-de-biathlon-feminine-paris-petits-globes-cristal\/","og_locale":"fr_FR","og_type":"article","og_title":"Coupe du monde de biathlon f\u00e9minine : Nos paris pour les petits globes de cristal","og_description":"La Coupe du monde de biathlon d\u00e9bute ce samedi 28 novembre \u00e0 Ostersund. Nos pronostics pour les petits globes de cristal chez les dames.","og_url":"https:\/\/dicodusport.fr\/blog\/coupe-du-monde-de-biathlon-feminine-paris-petits-globes-cristal\/","og_site_name":"Dicodusport","article_publisher":"https:\/\/www.facebook.com\/dicodusport","article_author":"https:\/\/www.facebook.com\/florent.ostermann","article_published_time":"2021-11-25T14:04:23+00:00","article_modified_time":"2021-11-26T19:58:17+00:00","og_image":[{"width":800,"height":445,"url":"https:\/\/dicodusport.fr\/blog\/wp-content\/uploads\/2021\/11\/Coupe-du-monde-de-biathlon-feminine-Nos-paris-pour-les-petits-globes-de-cristal.png","type":"image\/png"}],"author":"Flo Ostermann","twitter_card":"summary_large_image","twitter_title":"Coupe du monde de biathlon f\u00e9minine : Nos paris pour les petits globes de cristal","twitter_creator":"@https:\/\/twitter.com\/FlOstermann","twitter_site":"@dicodusport","schema":{"@context":"https:\/\/schema.org","@graph":[{"@type":"NewsArticle","@id":"https:\/\/dicodusport.fr\/blog\/coupe-du-monde-de-biathlon-feminine-paris-petits-globes-cristal\/#article","isPartOf":{"@id":"https:\/\/dicodusport.fr\/blog\/coupe-du-monde-de-biathlon-feminine-paris-petits-globes-cristal\/"},"author":{"name":"Flo Ostermann","@id":"https:\/\/dicodusport.fr\/blog\/#\/schema\/person\/cb02af4c173ce4a653b55e9baf388d4a"},"headline":"Coupe du monde de biathlon f\u00e9minine : Nos paris pour les petits globes de cristal","datePublished":"2021-11-25T14:04:23+00:00","dateModified":"2021-11-26T19:58:17+00:00","mainEntityOfPage":{"@id":"https:\/\/dicodusport.fr\/blog\/coupe-du-monde-de-biathlon-feminine-paris-petits-globes-cristal\/"},"wordCount":913,"commentCount":0,"publisher":{"@id":"https:\/\/dicodusport.fr\/blog\/#organization"},"image":{"@id":"https:\/\/dicodusport.fr\/blog\/coupe-du-monde-de-biathlon-feminine-paris-petits-globes-cristal\/#primaryimage"},"thumbnailUrl":"https:\/\/dicodusport.fr\/blog\/wp-content\/uploads\/2021\/11\/Coupe-du-monde-de-biathlon-feminine-Nos-paris-pour-les-petits-globes-de-cristal.png","keywords":["Biathlon","IBU"],"articleSection":["Coupe du monde de biathlon"],"inLanguage":"fr-FR","potentialAction":[{"@type":"CommentAction","name":"Comment","target":["https:\/\/dicodusport.fr\/blog\/coupe-du-monde-de-biathlon-feminine-paris-petits-globes-cristal\/#respond"]}],"copyrightYear":"2021","copyrightHolder":{"@id":"https:\/\/dicodusport.fr\/blog\/#organization"}},{"@type":"WebPage","@id":"https:\/\/dicodusport.fr\/blog\/coupe-du-monde-de-biathlon-feminine-paris-petits-globes-cristal\/","url":"https:\/\/dicodusport.fr\/blog\/coupe-du-monde-de-biathlon-feminine-paris-petits-globes-cristal\/","name":"Coupe du monde de biathlon f\u00e9minine : Nos paris pour les petits globes","isPartOf":{"@id":"https:\/\/dicodusport.fr\/blog\/#website"},"primaryImageOfPage":{"@id":"https:\/\/dicodusport.fr\/blog\/coupe-du-monde-de-biathlon-feminine-paris-petits-globes-cristal\/#primaryimage"},"image":{"@id":"https:\/\/dicodusport.fr\/blog\/coupe-du-monde-de-biathlon-feminine-paris-petits-globes-cristal\/#primaryimage"},"thumbnailUrl":"https:\/\/dicodusport.fr\/blog\/wp-content\/uploads\/2021\/11\/Coupe-du-monde-de-biathlon-feminine-Nos-paris-pour-les-petits-globes-de-cristal.png","datePublished":"2021-11-25T14:04:23+00:00","dateModified":"2021-11-26T19:58:17+00:00","description":"La Coupe du monde de biathlon d\u00e9bute ce samedi 28 novembre \u00e0 Ostersund. Nos pronostics pour les petits globes de cristal chez les dames.","breadcrumb":{"@id":"https:\/\/dicodusport.fr\/blog\/coupe-du-monde-de-biathlon-feminine-paris-petits-globes-cristal\/#breadcrumb"},"inLanguage":"fr-FR","potentialAction":[{"@type":"ReadAction","target":["https:\/\/dicodusport.fr\/blog\/coupe-du-monde-de-biathlon-feminine-paris-petits-globes-cristal\/"]}]},{"@type":"ImageObject","inLanguage":"fr-FR","@id":"https:\/\/dicodusport.fr\/blog\/coupe-du-monde-de-biathlon-feminine-paris-petits-globes-cristal\/#primaryimage","url":"https:\/\/dicodusport.fr\/blog\/wp-content\/uploads\/2021\/11\/Coupe-du-monde-de-biathlon-feminine-Nos-paris-pour-les-petits-globes-de-cristal.png","contentUrl":"https:\/\/dicodusport.fr\/blog\/wp-content\/uploads\/2021\/11\/Coupe-du-monde-de-biathlon-feminine-Nos-paris-pour-les-petits-globes-de-cristal.png","width":800,"height":445,"caption":"Coupe du monde de biathlon f\u00e9minine Nos paris pour les petits globes de cristal"},{"@type":"BreadcrumbList","@id":"https:\/\/dicodusport.fr\/blog\/coupe-du-monde-de-biathlon-feminine-paris-petits-globes-cristal\/#breadcrumb","itemListElement":[{"@type":"ListItem","position":1,"name":"Accueil","item":"https:\/\/dicodusport.fr\/blog\/"},{"@type":"ListItem","position":2,"name":"Coupe du monde de biathlon f\u00e9minine : Nos paris pour les petits globes de cristal"}]},{"@type":"WebSite","@id":"https:\/\/dicodusport.fr\/blog\/#website","url":"https:\/\/dicodusport.fr\/blog\/","name":"Dicodusport","description":"L&#039;encyclop\u00e9die de l&#039;actualit\u00e9 sportive","publisher":{"@id":"https:\/\/dicodusport.fr\/blog\/#organization"},"potentialAction":[{"@type":"SearchAction","target":{"@type":"EntryPoint","urlTemplate":"https:\/\/dicodusport.fr\/blog\/?s={search_term_string}"},"query-input":{"@type":"PropertyValueSpecification","valueRequired":true,"valueName":"search_term_string"}}],"inLanguage":"fr-FR"},{"@type":"NewsMediaOrganization","@id":"https:\/\/dicodusport.fr\/blog\/#organization","name":"Dicodusport","url":"https:\/\/dicodusport.fr\/blog\/","logo":{"@type":"ImageObject","inLanguage":"fr-FR","@id":"https:\/\/dicodusport.fr\/blog\/#\/schema\/logo\/image\/","url":"https:\/\/dicodusport.fr\/blog\/wp-content\/uploads\/2020\/06\/cropped-LOGO-DICODUSPORT-2020-SANS-FOND-SANS-TEXTE.png","contentUrl":"https:\/\/dicodusport.fr\/blog\/wp-content\/uploads\/2020\/06\/cropped-LOGO-DICODUSPORT-2020-SANS-FOND-SANS-TEXTE.png","width":512,"height":512,"caption":"Dicodusport"},"image":{"@id":"https:\/\/dicodusport.fr\/blog\/#\/schema\/logo\/image\/"},"sameAs":["https:\/\/www.facebook.com\/dicodusport","https:\/\/x.com\/dicodusport","https:\/\/www.instagram.com\/dicodusport\/","https:\/\/www.youtube.com\/channel\/UC7V2KZ5sd3htJivAbA4ZG3w"],"description":"Dicodusport est l'encyclop\u00e9die de l'actualit\u00e9 sportive.","email":"bonjour@dicodusport.fr","legalName":"DICODUSPORT","foundingDate":"2018-01-14","vatID":"FR71834470973","taxID":"83447097300043","numberOfEmployees":{"@type":"QuantitativeValue","minValue":"1","maxValue":"10"}},{"@type":"Person","@id":"https:\/\/dicodusport.fr\/blog\/#\/schema\/person\/cb02af4c173ce4a653b55e9baf388d4a","name":"Flo Ostermann","image":{"@type":"ImageObject","inLanguage":"fr-FR","@id":"https:\/\/dicodusport.fr\/blog\/#\/schema\/person\/image\/","url":"https:\/\/dicodusport.fr\/blog\/wp-content\/uploads\/2021\/05\/Flo-Ostermann-150x150.jpg","contentUrl":"https:\/\/dicodusport.fr\/blog\/wp-content\/uploads\/2021\/05\/Flo-Ostermann-150x150.jpg","caption":"Flo Ostermann"},"description":"Journaliste\/R\u00e9dacteur depuis septembre 2015 - Mes premiers souvenirs dans le sport ? Les envol\u00e9es du Stade Toulousain et les duels Villeneuve-Schumacher et H\u00e4kkinen-Schumacher \u00e0 la fin des ann\u00e9es 90, la Coupe du monde de football en 1998, l\u2019exploit du XV de France face aux All Blacks en 1999, mais aussi Richard C\u0153ur de Lion qui vole sur les montagnes du Tour de France. Bien parti pour devenir professeur d\u2019EPS, les \u00e9v\u00e9nements de la vie (et la flemme d\u2019animer des s\u00e9ances de 3x500 m\u00e8tres toute ma vie) m\u2019ont conduit \u00e0 revoir mes plans. Me voil\u00e0 depuis fin 2017 sur Dicodusport, m\u00e9dia gr\u00e2ce (et pour) lequel je partage ma passion : le sport dans tous ses \u00e9tats. Le tout accompagn\u00e9 par les fous furieux et folles furieuses cit\u00e9s sur cette page !","sameAs":["https:\/\/www.facebook.com\/florent.ostermann","https:\/\/x.com\/https:\/\/twitter.com\/FlOstermann","admin"],"url":"https:\/\/dicodusport.fr\/blog\/author\/flo\/"}]}},"_links":{"self":[{"href":"https:\/\/dicodusport.fr\/blog\/wp-json\/wp\/v2\/posts\/181179","targetHints":{"allow":["GET"]}}],"collection":[{"href":"https:\/\/dicodusport.fr\/blog\/wp-json\/wp\/v2\/posts"}],"about":[{"href":"https:\/\/dicodusport.fr\/blog\/wp-json\/wp\/v2\/types\/post"}],"author":[{"embeddable":true,"href":"https:\/\/dicodusport.fr\/blog\/wp-json\/wp\/v2\/users\/4"}],"replies":[{"embeddable":true,"href":"https:\/\/dicodusport.fr\/blog\/wp-json\/wp\/v2\/comments?post=181179"}],"version-history":[{"count":0,"href":"https:\/\/dicodusport.fr\/blog\/wp-json\/wp\/v2\/posts\/181179\/revisions"}],"wp:featuredmedia":[{"embeddable":true,"href":"https:\/\/dicodusport.fr\/blog\/wp-json\/wp\/v2\/media\/181229"}],"wp:attachment":[{"href":"https:\/\/dicodusport.fr\/blog\/wp-json\/wp\/v2\/media?parent=181179"}],"wp:term":[{"taxonomy":"category","embeddable":true,"href":"https:\/\/dicodusport.fr\/blog\/wp-json\/wp\/v2\/categories?post=181179"},{"taxonomy":"post_tag","embeddable":true,"href":"https:\/\/dicodusport.fr\/blog\/wp-json\/wp\/v2\/tags?post=181179"}],"curies":[{"name":"wp","href":"https:\/\/api.w.org\/{rel}","templated":true}]}}