{"id":181389,"date":"2021-11-26T18:28:02","date_gmt":"2021-11-26T17:28:02","guid":{"rendered":"https:\/\/dicodusport.fr\/blog\/?p=181389&#038;preview=true&#038;preview_id=181389"},"modified":"2021-11-26T18:28:02","modified_gmt":"2021-11-26T17:28:02","slug":"coupe-du-monde-de-biathlon-feminine-nos-paris-pour-la-course-au-gros-globe","status":"publish","type":"post","link":"https:\/\/dicodusport.fr\/blog\/coupe-du-monde-de-biathlon-feminine-nos-paris-pour-la-course-au-gros-globe\/","title":{"rendered":"Coupe du monde de biathlon f\u00e9minine : Nos paris pour la course au gros globe"},"content":{"rendered":"<p style=\"text-align: justify;\"><em><strong><a href=\"https:\/\/dicodusport.fr\/blog\/actualites\/biathlon\/coupe-du-monde-biathlon-2021-2022\/\">COUPE DU MONDE DE BIATHLON 2021-2022<\/a> &#8211; La Coupe du monde reprend ses droits ce samedi 28 novembre en Ostersund, en Su\u00e8de. \u00c0 la veille de l&rsquo;individuel inaugural, on fait le point sur la lutte pour le gros globe de cristal.<\/strong><\/em><\/p>\n<h2 style=\"text-align: justify;\">Tiril Eckhoff, grande favorite pour un doubl\u00e9<\/h2>\n<p style=\"text-align: justify;\">Comment ne pas citer <strong>Tiril Eckhoff<\/strong> comme immense favorite \u00e0 sa propre succession ? Sacr\u00e9e la saison pass\u00e9e avec 17 podiums dont 13 succ\u00e8s en 26 \u00e9preuves, la Norv\u00e9gienne de 31 ans a franchi un cap, celui de la maturit\u00e9 \u00e0 tous les niveau, en \u00e9tant capable de performer toute la saison. Son taux de r\u00e9ussite au tir l&rsquo;an pass\u00e9 (82,5 %) est encore l\u00e9ger sur certaines courses, mais sa vitesse sur les skis compense largement ses quelques lacunes. Surtout, si elle se montre aussi imp\u00e9riale sur le sprint et la poursuite, elle sera difficile \u00e0 aller d\u00e9tr\u00f4ner. D&rsquo;autant plus que la native de B\u00e6rum a encore de la marge sur les mass starts et les individuels, respectivement 5\u00e8me et 27\u00e8me au classement de ces deux \u00e9preuves la saison derni\u00e8re.<\/p>\n<p style=\"text-align: justify;\">Encore en rodage lors des s\u00e9lections norv\u00e9giennes \u00e0 Sjusjoen, <strong>Eckhoff<\/strong> a annonc\u00e9 la couleur au d\u00e9but du mois de novembre. Avec 26 victoires en Coupe du monde, elle esp\u00e8re devenir ni plus ni moins la meilleure biathl\u00e8te norv\u00e9gienne de l&rsquo;histoire et d\u00e9passer Tora Berger (28 victoires). C&rsquo;est ce qu&rsquo;elle a avou\u00e9, en tout humilit\u00e9 au m\u00e9dia norv\u00e9gien <a href=\"https:\/\/www.vg.no\/sport\/skiskyting\/i\/dnM9vB\/eckhoff-vil-gjenskape-suksessen-jeg-er-ingen-mimrer\" target=\"_blank\" rel=\"nofollow noopener\"><em>VG<\/em><\/a>. L&rsquo;avenir semble lui appartenir.<\/p>\n<blockquote>\n<p style=\"text-align: justify;\">Honn\u00eatement, je dois admettre que j\u2019ai l\u2019ambition de d\u00e9passer Tora et de devenir le meilleure biathl\u00e8te norv\u00e9gienne de l\u2019histoire. Mais ce n\u2019est pas encore fait. Je n\u2019y ai jamais pens\u00e9, mais maintenant j\u2019en suis tr\u00e8s proche.<\/p>\n<\/blockquote>\n<h2 style=\"text-align: justify;\">Roeiseland, Oeberg et Hauser en embuscade<\/h2>\n<p style=\"text-align: justify;\">Trois biathl\u00e8tes semblent pouvoir r\u00e9ellement contrecarrer les plans de <strong>Tiril Eckhoff<\/strong>. La premi\u00e8re n&rsquo;est autre que sa compatriote <strong>Marte Olsbu Roeiseland<\/strong>. \u00c0 30 ans, celui qui a termin\u00e9 deuxi\u00e8me du g\u00e9n\u00e9ral la saison derni\u00e8re (8 podiums dont 3 victoires) s&rsquo;affirme comme l&rsquo;une des biathl\u00e8tes les plus r\u00e9guli\u00e8res depuis trois saisons. Un peu plus pr\u00e9cise face aux cibles (84 %), elle reste n\u00e9anmoins un l\u00e9ger ton en-dessous d&rsquo;Eckhoff sur la piste. N\u00e9anmoins, si cette derni\u00e8re tend \u00e0 retomber dans quelques travers en cours de saison, <strong>Roeiseland<\/strong> sera sans doute l&rsquo;une des premi\u00e8re \u00e0 en profiter. Comme toutes les autres biathl\u00e8tes, les JO seront sans doute son grand objectif de la saison. Au point de d\u00e9laisser le g\u00e9n\u00e9ral ? Pas s\u00fbr.<\/p>\n<p style=\"text-align: justify;\">Derri\u00e8re, deux noms nous viennent \u00e0 l&rsquo;esprit pour venir emb\u00eater le duo norv\u00e9gien. Le premier est celui d&rsquo;<strong>Hanna Oeberg<\/strong>. Quatri\u00e8me du g\u00e9n\u00e9ral lors de l&rsquo;exercice pr\u00e9c\u00e9dent avec 8 podiums dont 2 victoires, la Su\u00e9doise n&rsquo;a pas termin\u00e9 au-del\u00e0 de la 7\u00e8me place sur les quatre classements g\u00e9n\u00e9raux des \u00e9preuves individuelles. \u00c0 26 ans, cela pourrait bien \u00eatre la saison de la maturit\u00e9 pour celle qui s&rsquo;est montr\u00e9e un peu plus fiable au tir (84,5 % de r\u00e9ussite) qu&rsquo;<strong>Eckhoff<\/strong> et <strong>Roeiseland<\/strong>. Enfin, l&rsquo;Autrichienne <strong>Lisa Therasa Hauser<\/strong> sera \u00e0 suivre de tr\u00e8s pr\u00e8s. Dans le top 8 de tous les classements des petits globes, celle qui a remport\u00e9 celui de l&rsquo;individuel la saison derni\u00e8re, en plus du titre mondial de la mass start, a un vrai coup \u00e0 jouer si elle se montre toujours aussi performante au tir (84 % de r\u00e9ussite en tout, 88 % au debout). Sa r\u00e9gularit\u00e9, au m\u00eame titre qu&rsquo;Oeberg, peut lui permettre de r\u00eaver plus grand.<\/p>\n<h2 style=\"text-align: justify;\">La r\u00e9v\u00e9lation qui peut chambouler la hi\u00e9rarche : Dzinara\u00a0Alimbekava<\/h2>\n<p style=\"text-align: justify;\">Notre gros pari, c&rsquo;est bien elle ! \u00c0 25 ans, <strong>Dzinara Alimbekava<\/strong> a perc\u00e9 la saison pass\u00e9e. Championne olympique sur le relais dames \u00e0 Pyeongchang en 2018, la Bi\u00e9lorusse n&rsquo;avait pas confirm\u00e9, jusqu&rsquo;au d\u00e9but de saison derni\u00e8re. Laur\u00e9ate du sprint d&rsquo;Hochfilzen, elle a pris la 7\u00e8me place du g\u00e9n\u00e9ral, tout en \u00e9tant dans le top 11 de tous les classements g\u00e9n\u00e9raux individuels. Loin d&rsquo;\u00eatre maladroite derri\u00e8re la carabine (83,5 % de r\u00e9ussite), elle peut \u00eatre explosive sur les skis. La saison de la confirmation pour Alimbekava ? Nous, on la voit bien venir emb\u00eater plus d&rsquo;une fois les favorites.<\/p>\n<p style=\"text-align: justify;\">Et nos Fran\u00e7aises dans tout cela ? Si on voit <strong>Julia Simon<\/strong> et <strong>Ana\u00efs Chevalier-Bouchet<\/strong> avoir les possibilit\u00e9s de se m\u00ealer la lutte pour un petit globe, il para\u00eet difficile de voir les Tricolores se bagarrer pour le graal, mais au mieux pour un top 5, et notamment pour Julia Simon. La biathl\u00e8te des Saisies est capable, si son tir est plus r\u00e9gulier et son sprint toujours aussi explosif, de se rapprocher du haut du classement.<\/p>\n<h2 style=\"text-align: justify;\"><span class=\"tojvnm2t a6sixzi8 abs2jz4q a8s20v7p t1p8iaqh k5wvi7nf q3lfd5jv pk4s997a bipmatt0 cebpdrjk qowsmv63 owwhemhu dp1hu0rb dhp61c6y iyyx5f41\">Notre pari pour le top 5 du gros globe de cristal<br \/>\n<\/span><\/h2>\n<p>1 &#8211; Tiril Eckhoff<\/p>\n<p>2 &#8211; Marte Olsbu Roeiseland<\/p>\n<p>3 &#8211; Hanna Oeberg<\/p>\n<p>4 &#8211; Lisa Theresa Hauser<\/p>\n<p>5 &#8211; Dzinara\u00a0Alimbekava<\/p>\n<ul>\n<li style=\"text-align: justify;\"><a href=\"https:\/\/dicodusport.fr\/blog\/jo-tokyo-2020-judo-france-championne-olympique-par-equipes\/\"><strong>Nos paris pour la course aux petits globes de cristal<\/strong><\/a><\/li>\n<li style=\"text-align: justify;\"><a href=\"https:\/\/dicodusport.fr\/blog\/coupe-du-monde-biathlon-2021-2022-quattendre-des-francais-cette-saison\/\"><strong>Qu\u2019attendre des Fran\u00e7ais pour cette Coupe du monde 2021-2022<\/strong><\/a><\/li>\n<li style=\"text-align: justify;\"><strong><a href=\"https:\/\/dicodusport.fr\/blog\/biathlon-coupe-du-monde-2021-2022-le-calendrier-complet\/\">Le calendrier complet de la Coupe du monde 2021-2022<\/a><\/strong><\/li>\n<\/ul>\n","protected":false},"excerpt":{"rendered":"<p>COUPE DU MONDE DE BIATHLON 2021-2022 &#8211; La Coupe du monde d\u00e9bute ce samedi 28 novembre en Ostersund, en Su\u00e8de. Pour l&rsquo;occasion, nous vous proposons nos pronostics pour la course au gros globe de cristal.<\/p>\n","protected":false},"author":4,"featured_media":181455,"comment_status":"open","ping_status":"closed","sticky":false,"template":"","format":"standard","meta":{"_acf_changed":false,"_daextam_enable_autolinks":"","footnotes":""},"categories":[47040],"tags":[2427,2694],"class_list":["post-181389","post","type-post","status-publish","format-standard","has-post-thumbnail","hentry","category-coupe-du-monde-de-biathlon","tag-biathlon","tag-ibu"],"acf":[],"yoast_head":"<!-- This site is optimized with the Yoast SEO Premium plugin v26.7 (Yoast SEO v26.7) - https:\/\/yoast.com\/wordpress\/plugins\/seo\/ -->\n<title>Coupe du monde de biathlon masculine : Nos paris pour la course au gros globe<\/title>\n<meta name=\"description\" content=\"La Coupe du monde de biathlon 2021-2022 d\u00e9bute ce samedi 28 novembre \u00e0 Ostersund. Nos pronostics pour la course au gros globe de cristal.\" \/>\n<meta name=\"robots\" content=\"index, follow, max-snippet:-1, max-image-preview:large, max-video-preview:-1\" \/>\n<link rel=\"canonical\" href=\"https:\/\/dicodusport.fr\/blog\/coupe-du-monde-de-biathlon-feminine-nos-paris-pour-la-course-au-gros-globe\/\" \/>\n<meta property=\"og:locale\" content=\"fr_FR\" \/>\n<meta property=\"og:type\" content=\"article\" \/>\n<meta property=\"og:title\" content=\"Coupe du monde de biathlon masculine : Nos paris pour la course au gros globe\" \/>\n<meta property=\"og:description\" content=\"La Coupe du monde de biathlon 2021-2022 d\u00e9bute ce samedi 28 novembre \u00e0 Ostersund. Nos pronostics pour la course au gros globe de cristal.\" \/>\n<meta property=\"og:url\" content=\"https:\/\/dicodusport.fr\/blog\/coupe-du-monde-de-biathlon-feminine-nos-paris-pour-la-course-au-gros-globe\/\" \/>\n<meta property=\"og:site_name\" content=\"Dicodusport\" \/>\n<meta property=\"article:publisher\" content=\"https:\/\/www.facebook.com\/dicodusport\" \/>\n<meta property=\"article:author\" content=\"https:\/\/www.facebook.com\/florent.ostermann\" \/>\n<meta property=\"article:published_time\" content=\"2021-11-26T17:28:02+00:00\" \/>\n<meta property=\"og:image\" content=\"https:\/\/dicodusport.fr\/blog\/wp-content\/uploads\/2021\/11\/Coupe-du-monde-de-biathlon-feminine-Nos-paris-pour-la-course-au-gros-globe.png\" \/>\n\t<meta property=\"og:image:width\" content=\"800\" \/>\n\t<meta property=\"og:image:height\" content=\"445\" \/>\n\t<meta property=\"og:image:type\" content=\"image\/png\" \/>\n<meta name=\"author\" content=\"Flo Ostermann\" \/>\n<meta name=\"twitter:card\" content=\"summary_large_image\" \/>\n<meta name=\"twitter:title\" content=\"Coupe du monde de biathlon masculine : Nos paris pour la course au gros globe\" \/>\n<meta name=\"twitter:creator\" content=\"@https:\/\/twitter.com\/FlOstermann\" \/>\n<meta name=\"twitter:site\" content=\"@dicodusport\" \/>\n<script type=\"application\/ld+json\" class=\"yoast-schema-graph\">{\"@context\":\"https:\/\/schema.org\",\"@graph\":[{\"@type\":\"NewsArticle\",\"@id\":\"https:\/\/dicodusport.fr\/blog\/coupe-du-monde-de-biathlon-feminine-nos-paris-pour-la-course-au-gros-globe\/#article\",\"isPartOf\":{\"@id\":\"https:\/\/dicodusport.fr\/blog\/coupe-du-monde-de-biathlon-feminine-nos-paris-pour-la-course-au-gros-globe\/\"},\"author\":{\"name\":\"Flo Ostermann\",\"@id\":\"https:\/\/dicodusport.fr\/blog\/#\/schema\/person\/cb02af4c173ce4a653b55e9baf388d4a\"},\"headline\":\"Coupe du monde de biathlon f\u00e9minine : Nos paris pour la course au gros globe\",\"datePublished\":\"2021-11-26T17:28:02+00:00\",\"mainEntityOfPage\":{\"@id\":\"https:\/\/dicodusport.fr\/blog\/coupe-du-monde-de-biathlon-feminine-nos-paris-pour-la-course-au-gros-globe\/\"},\"wordCount\":889,\"commentCount\":0,\"publisher\":{\"@id\":\"https:\/\/dicodusport.fr\/blog\/#organization\"},\"image\":{\"@id\":\"https:\/\/dicodusport.fr\/blog\/coupe-du-monde-de-biathlon-feminine-nos-paris-pour-la-course-au-gros-globe\/#primaryimage\"},\"thumbnailUrl\":\"https:\/\/dicodusport.fr\/blog\/wp-content\/uploads\/2021\/11\/Coupe-du-monde-de-biathlon-feminine-Nos-paris-pour-la-course-au-gros-globe.png\",\"keywords\":[\"Biathlon\",\"IBU\"],\"articleSection\":[\"Coupe du monde de biathlon\"],\"inLanguage\":\"fr-FR\",\"potentialAction\":[{\"@type\":\"CommentAction\",\"name\":\"Comment\",\"target\":[\"https:\/\/dicodusport.fr\/blog\/coupe-du-monde-de-biathlon-feminine-nos-paris-pour-la-course-au-gros-globe\/#respond\"]}],\"copyrightYear\":\"2021\",\"copyrightHolder\":{\"@id\":\"https:\/\/dicodusport.fr\/blog\/#organization\"}},{\"@type\":\"WebPage\",\"@id\":\"https:\/\/dicodusport.fr\/blog\/coupe-du-monde-de-biathlon-feminine-nos-paris-pour-la-course-au-gros-globe\/\",\"url\":\"https:\/\/dicodusport.fr\/blog\/coupe-du-monde-de-biathlon-feminine-nos-paris-pour-la-course-au-gros-globe\/\",\"name\":\"Coupe du monde de biathlon masculine : Nos paris pour la course au gros globe\",\"isPartOf\":{\"@id\":\"https:\/\/dicodusport.fr\/blog\/#website\"},\"primaryImageOfPage\":{\"@id\":\"https:\/\/dicodusport.fr\/blog\/coupe-du-monde-de-biathlon-feminine-nos-paris-pour-la-course-au-gros-globe\/#primaryimage\"},\"image\":{\"@id\":\"https:\/\/dicodusport.fr\/blog\/coupe-du-monde-de-biathlon-feminine-nos-paris-pour-la-course-au-gros-globe\/#primaryimage\"},\"thumbnailUrl\":\"https:\/\/dicodusport.fr\/blog\/wp-content\/uploads\/2021\/11\/Coupe-du-monde-de-biathlon-feminine-Nos-paris-pour-la-course-au-gros-globe.png\",\"datePublished\":\"2021-11-26T17:28:02+00:00\",\"description\":\"La Coupe du monde de biathlon 2021-2022 d\u00e9bute ce samedi 28 novembre \u00e0 Ostersund. Nos pronostics pour la course au gros globe de cristal.\",\"breadcrumb\":{\"@id\":\"https:\/\/dicodusport.fr\/blog\/coupe-du-monde-de-biathlon-feminine-nos-paris-pour-la-course-au-gros-globe\/#breadcrumb\"},\"inLanguage\":\"fr-FR\",\"potentialAction\":[{\"@type\":\"ReadAction\",\"target\":[\"https:\/\/dicodusport.fr\/blog\/coupe-du-monde-de-biathlon-feminine-nos-paris-pour-la-course-au-gros-globe\/\"]}]},{\"@type\":\"ImageObject\",\"inLanguage\":\"fr-FR\",\"@id\":\"https:\/\/dicodusport.fr\/blog\/coupe-du-monde-de-biathlon-feminine-nos-paris-pour-la-course-au-gros-globe\/#primaryimage\",\"url\":\"https:\/\/dicodusport.fr\/blog\/wp-content\/uploads\/2021\/11\/Coupe-du-monde-de-biathlon-feminine-Nos-paris-pour-la-course-au-gros-globe.png\",\"contentUrl\":\"https:\/\/dicodusport.fr\/blog\/wp-content\/uploads\/2021\/11\/Coupe-du-monde-de-biathlon-feminine-Nos-paris-pour-la-course-au-gros-globe.png\",\"width\":800,\"height\":445,\"caption\":\"Coupe du monde de biathlon f\u00e9minine Nos paris pour la course au gros globe\"},{\"@type\":\"BreadcrumbList\",\"@id\":\"https:\/\/dicodusport.fr\/blog\/coupe-du-monde-de-biathlon-feminine-nos-paris-pour-la-course-au-gros-globe\/#breadcrumb\",\"itemListElement\":[{\"@type\":\"ListItem\",\"position\":1,\"name\":\"Accueil\",\"item\":\"https:\/\/dicodusport.fr\/blog\/\"},{\"@type\":\"ListItem\",\"position\":2,\"name\":\"Coupe du monde de biathlon f\u00e9minine : Nos paris pour la course au gros globe\"}]},{\"@type\":\"WebSite\",\"@id\":\"https:\/\/dicodusport.fr\/blog\/#website\",\"url\":\"https:\/\/dicodusport.fr\/blog\/\",\"name\":\"Dicodusport\",\"description\":\"L&#039;encyclop\u00e9die de l&#039;actualit\u00e9 sportive\",\"publisher\":{\"@id\":\"https:\/\/dicodusport.fr\/blog\/#organization\"},\"potentialAction\":[{\"@type\":\"SearchAction\",\"target\":{\"@type\":\"EntryPoint\",\"urlTemplate\":\"https:\/\/dicodusport.fr\/blog\/?s={search_term_string}\"},\"query-input\":{\"@type\":\"PropertyValueSpecification\",\"valueRequired\":true,\"valueName\":\"search_term_string\"}}],\"inLanguage\":\"fr-FR\"},{\"@type\":\"NewsMediaOrganization\",\"@id\":\"https:\/\/dicodusport.fr\/blog\/#organization\",\"name\":\"Dicodusport\",\"url\":\"https:\/\/dicodusport.fr\/blog\/\",\"logo\":{\"@type\":\"ImageObject\",\"inLanguage\":\"fr-FR\",\"@id\":\"https:\/\/dicodusport.fr\/blog\/#\/schema\/logo\/image\/\",\"url\":\"https:\/\/dicodusport.fr\/blog\/wp-content\/uploads\/2020\/06\/cropped-LOGO-DICODUSPORT-2020-SANS-FOND-SANS-TEXTE.png\",\"contentUrl\":\"https:\/\/dicodusport.fr\/blog\/wp-content\/uploads\/2020\/06\/cropped-LOGO-DICODUSPORT-2020-SANS-FOND-SANS-TEXTE.png\",\"width\":512,\"height\":512,\"caption\":\"Dicodusport\"},\"image\":{\"@id\":\"https:\/\/dicodusport.fr\/blog\/#\/schema\/logo\/image\/\"},\"sameAs\":[\"https:\/\/www.facebook.com\/dicodusport\",\"https:\/\/x.com\/dicodusport\",\"https:\/\/www.instagram.com\/dicodusport\/\",\"https:\/\/www.youtube.com\/channel\/UC7V2KZ5sd3htJivAbA4ZG3w\"],\"description\":\"Dicodusport est l'encyclop\u00e9die de l'actualit\u00e9 sportive.\",\"email\":\"bonjour@dicodusport.fr\",\"legalName\":\"DICODUSPORT\",\"foundingDate\":\"2018-01-14\",\"vatID\":\"FR71834470973\",\"taxID\":\"83447097300043\",\"numberOfEmployees\":{\"@type\":\"QuantitativeValue\",\"minValue\":\"1\",\"maxValue\":\"10\"}},{\"@type\":\"Person\",\"@id\":\"https:\/\/dicodusport.fr\/blog\/#\/schema\/person\/cb02af4c173ce4a653b55e9baf388d4a\",\"name\":\"Flo Ostermann\",\"image\":{\"@type\":\"ImageObject\",\"inLanguage\":\"fr-FR\",\"@id\":\"https:\/\/dicodusport.fr\/blog\/#\/schema\/person\/image\/\",\"url\":\"https:\/\/dicodusport.fr\/blog\/wp-content\/uploads\/2021\/05\/Flo-Ostermann-150x150.jpg\",\"contentUrl\":\"https:\/\/dicodusport.fr\/blog\/wp-content\/uploads\/2021\/05\/Flo-Ostermann-150x150.jpg\",\"caption\":\"Flo Ostermann\"},\"description\":\"Journaliste\/R\u00e9dacteur depuis septembre 2015 - Mes premiers souvenirs dans le sport ? Les envol\u00e9es du Stade Toulousain et les duels Villeneuve-Schumacher et H\u00e4kkinen-Schumacher \u00e0 la fin des ann\u00e9es 90, la Coupe du monde de football en 1998, l\u2019exploit du XV de France face aux All Blacks en 1999, mais aussi Richard C\u0153ur de Lion qui vole sur les montagnes du Tour de France. Bien parti pour devenir professeur d\u2019EPS, les \u00e9v\u00e9nements de la vie (et la flemme d\u2019animer des s\u00e9ances de 3x500 m\u00e8tres toute ma vie) m\u2019ont conduit \u00e0 revoir mes plans. Me voil\u00e0 depuis fin 2017 sur Dicodusport, m\u00e9dia gr\u00e2ce (et pour) lequel je partage ma passion : le sport dans tous ses \u00e9tats. Le tout accompagn\u00e9 par les fous furieux et folles furieuses cit\u00e9s sur cette page !\",\"sameAs\":[\"https:\/\/www.facebook.com\/florent.ostermann\",\"https:\/\/x.com\/https:\/\/twitter.com\/FlOstermann\",\"admin\"],\"url\":\"https:\/\/dicodusport.fr\/blog\/author\/flo\/\"}]}<\/script>\n<!-- \/ Yoast SEO Premium plugin. -->","yoast_head_json":{"title":"Coupe du monde de biathlon masculine : Nos paris pour la course au gros globe","description":"La Coupe du monde de biathlon 2021-2022 d\u00e9bute ce samedi 28 novembre \u00e0 Ostersund. Nos pronostics pour la course au gros globe de cristal.","robots":{"index":"index","follow":"follow","max-snippet":"max-snippet:-1","max-image-preview":"max-image-preview:large","max-video-preview":"max-video-preview:-1"},"canonical":"https:\/\/dicodusport.fr\/blog\/coupe-du-monde-de-biathlon-feminine-nos-paris-pour-la-course-au-gros-globe\/","og_locale":"fr_FR","og_type":"article","og_title":"Coupe du monde de biathlon masculine : Nos paris pour la course au gros globe","og_description":"La Coupe du monde de biathlon 2021-2022 d\u00e9bute ce samedi 28 novembre \u00e0 Ostersund. Nos pronostics pour la course au gros globe de cristal.","og_url":"https:\/\/dicodusport.fr\/blog\/coupe-du-monde-de-biathlon-feminine-nos-paris-pour-la-course-au-gros-globe\/","og_site_name":"Dicodusport","article_publisher":"https:\/\/www.facebook.com\/dicodusport","article_author":"https:\/\/www.facebook.com\/florent.ostermann","article_published_time":"2021-11-26T17:28:02+00:00","og_image":[{"width":800,"height":445,"url":"https:\/\/dicodusport.fr\/blog\/wp-content\/uploads\/2021\/11\/Coupe-du-monde-de-biathlon-feminine-Nos-paris-pour-la-course-au-gros-globe.png","type":"image\/png"}],"author":"Flo Ostermann","twitter_card":"summary_large_image","twitter_title":"Coupe du monde de biathlon masculine : Nos paris pour la course au gros globe","twitter_creator":"@https:\/\/twitter.com\/FlOstermann","twitter_site":"@dicodusport","schema":{"@context":"https:\/\/schema.org","@graph":[{"@type":"NewsArticle","@id":"https:\/\/dicodusport.fr\/blog\/coupe-du-monde-de-biathlon-feminine-nos-paris-pour-la-course-au-gros-globe\/#article","isPartOf":{"@id":"https:\/\/dicodusport.fr\/blog\/coupe-du-monde-de-biathlon-feminine-nos-paris-pour-la-course-au-gros-globe\/"},"author":{"name":"Flo Ostermann","@id":"https:\/\/dicodusport.fr\/blog\/#\/schema\/person\/cb02af4c173ce4a653b55e9baf388d4a"},"headline":"Coupe du monde de biathlon f\u00e9minine : Nos paris pour la course au gros globe","datePublished":"2021-11-26T17:28:02+00:00","mainEntityOfPage":{"@id":"https:\/\/dicodusport.fr\/blog\/coupe-du-monde-de-biathlon-feminine-nos-paris-pour-la-course-au-gros-globe\/"},"wordCount":889,"commentCount":0,"publisher":{"@id":"https:\/\/dicodusport.fr\/blog\/#organization"},"image":{"@id":"https:\/\/dicodusport.fr\/blog\/coupe-du-monde-de-biathlon-feminine-nos-paris-pour-la-course-au-gros-globe\/#primaryimage"},"thumbnailUrl":"https:\/\/dicodusport.fr\/blog\/wp-content\/uploads\/2021\/11\/Coupe-du-monde-de-biathlon-feminine-Nos-paris-pour-la-course-au-gros-globe.png","keywords":["Biathlon","IBU"],"articleSection":["Coupe du monde de biathlon"],"inLanguage":"fr-FR","potentialAction":[{"@type":"CommentAction","name":"Comment","target":["https:\/\/dicodusport.fr\/blog\/coupe-du-monde-de-biathlon-feminine-nos-paris-pour-la-course-au-gros-globe\/#respond"]}],"copyrightYear":"2021","copyrightHolder":{"@id":"https:\/\/dicodusport.fr\/blog\/#organization"}},{"@type":"WebPage","@id":"https:\/\/dicodusport.fr\/blog\/coupe-du-monde-de-biathlon-feminine-nos-paris-pour-la-course-au-gros-globe\/","url":"https:\/\/dicodusport.fr\/blog\/coupe-du-monde-de-biathlon-feminine-nos-paris-pour-la-course-au-gros-globe\/","name":"Coupe du monde de biathlon masculine : Nos paris pour la course au gros globe","isPartOf":{"@id":"https:\/\/dicodusport.fr\/blog\/#website"},"primaryImageOfPage":{"@id":"https:\/\/dicodusport.fr\/blog\/coupe-du-monde-de-biathlon-feminine-nos-paris-pour-la-course-au-gros-globe\/#primaryimage"},"image":{"@id":"https:\/\/dicodusport.fr\/blog\/coupe-du-monde-de-biathlon-feminine-nos-paris-pour-la-course-au-gros-globe\/#primaryimage"},"thumbnailUrl":"https:\/\/dicodusport.fr\/blog\/wp-content\/uploads\/2021\/11\/Coupe-du-monde-de-biathlon-feminine-Nos-paris-pour-la-course-au-gros-globe.png","datePublished":"2021-11-26T17:28:02+00:00","description":"La Coupe du monde de biathlon 2021-2022 d\u00e9bute ce samedi 28 novembre \u00e0 Ostersund. Nos pronostics pour la course au gros globe de cristal.","breadcrumb":{"@id":"https:\/\/dicodusport.fr\/blog\/coupe-du-monde-de-biathlon-feminine-nos-paris-pour-la-course-au-gros-globe\/#breadcrumb"},"inLanguage":"fr-FR","potentialAction":[{"@type":"ReadAction","target":["https:\/\/dicodusport.fr\/blog\/coupe-du-monde-de-biathlon-feminine-nos-paris-pour-la-course-au-gros-globe\/"]}]},{"@type":"ImageObject","inLanguage":"fr-FR","@id":"https:\/\/dicodusport.fr\/blog\/coupe-du-monde-de-biathlon-feminine-nos-paris-pour-la-course-au-gros-globe\/#primaryimage","url":"https:\/\/dicodusport.fr\/blog\/wp-content\/uploads\/2021\/11\/Coupe-du-monde-de-biathlon-feminine-Nos-paris-pour-la-course-au-gros-globe.png","contentUrl":"https:\/\/dicodusport.fr\/blog\/wp-content\/uploads\/2021\/11\/Coupe-du-monde-de-biathlon-feminine-Nos-paris-pour-la-course-au-gros-globe.png","width":800,"height":445,"caption":"Coupe du monde de biathlon f\u00e9minine Nos paris pour la course au gros globe"},{"@type":"BreadcrumbList","@id":"https:\/\/dicodusport.fr\/blog\/coupe-du-monde-de-biathlon-feminine-nos-paris-pour-la-course-au-gros-globe\/#breadcrumb","itemListElement":[{"@type":"ListItem","position":1,"name":"Accueil","item":"https:\/\/dicodusport.fr\/blog\/"},{"@type":"ListItem","position":2,"name":"Coupe du monde de biathlon f\u00e9minine : Nos paris pour la course au gros globe"}]},{"@type":"WebSite","@id":"https:\/\/dicodusport.fr\/blog\/#website","url":"https:\/\/dicodusport.fr\/blog\/","name":"Dicodusport","description":"L&#039;encyclop\u00e9die de l&#039;actualit\u00e9 sportive","publisher":{"@id":"https:\/\/dicodusport.fr\/blog\/#organization"},"potentialAction":[{"@type":"SearchAction","target":{"@type":"EntryPoint","urlTemplate":"https:\/\/dicodusport.fr\/blog\/?s={search_term_string}"},"query-input":{"@type":"PropertyValueSpecification","valueRequired":true,"valueName":"search_term_string"}}],"inLanguage":"fr-FR"},{"@type":"NewsMediaOrganization","@id":"https:\/\/dicodusport.fr\/blog\/#organization","name":"Dicodusport","url":"https:\/\/dicodusport.fr\/blog\/","logo":{"@type":"ImageObject","inLanguage":"fr-FR","@id":"https:\/\/dicodusport.fr\/blog\/#\/schema\/logo\/image\/","url":"https:\/\/dicodusport.fr\/blog\/wp-content\/uploads\/2020\/06\/cropped-LOGO-DICODUSPORT-2020-SANS-FOND-SANS-TEXTE.png","contentUrl":"https:\/\/dicodusport.fr\/blog\/wp-content\/uploads\/2020\/06\/cropped-LOGO-DICODUSPORT-2020-SANS-FOND-SANS-TEXTE.png","width":512,"height":512,"caption":"Dicodusport"},"image":{"@id":"https:\/\/dicodusport.fr\/blog\/#\/schema\/logo\/image\/"},"sameAs":["https:\/\/www.facebook.com\/dicodusport","https:\/\/x.com\/dicodusport","https:\/\/www.instagram.com\/dicodusport\/","https:\/\/www.youtube.com\/channel\/UC7V2KZ5sd3htJivAbA4ZG3w"],"description":"Dicodusport est l'encyclop\u00e9die de l'actualit\u00e9 sportive.","email":"bonjour@dicodusport.fr","legalName":"DICODUSPORT","foundingDate":"2018-01-14","vatID":"FR71834470973","taxID":"83447097300043","numberOfEmployees":{"@type":"QuantitativeValue","minValue":"1","maxValue":"10"}},{"@type":"Person","@id":"https:\/\/dicodusport.fr\/blog\/#\/schema\/person\/cb02af4c173ce4a653b55e9baf388d4a","name":"Flo Ostermann","image":{"@type":"ImageObject","inLanguage":"fr-FR","@id":"https:\/\/dicodusport.fr\/blog\/#\/schema\/person\/image\/","url":"https:\/\/dicodusport.fr\/blog\/wp-content\/uploads\/2021\/05\/Flo-Ostermann-150x150.jpg","contentUrl":"https:\/\/dicodusport.fr\/blog\/wp-content\/uploads\/2021\/05\/Flo-Ostermann-150x150.jpg","caption":"Flo Ostermann"},"description":"Journaliste\/R\u00e9dacteur depuis septembre 2015 - Mes premiers souvenirs dans le sport ? Les envol\u00e9es du Stade Toulousain et les duels Villeneuve-Schumacher et H\u00e4kkinen-Schumacher \u00e0 la fin des ann\u00e9es 90, la Coupe du monde de football en 1998, l\u2019exploit du XV de France face aux All Blacks en 1999, mais aussi Richard C\u0153ur de Lion qui vole sur les montagnes du Tour de France. Bien parti pour devenir professeur d\u2019EPS, les \u00e9v\u00e9nements de la vie (et la flemme d\u2019animer des s\u00e9ances de 3x500 m\u00e8tres toute ma vie) m\u2019ont conduit \u00e0 revoir mes plans. Me voil\u00e0 depuis fin 2017 sur Dicodusport, m\u00e9dia gr\u00e2ce (et pour) lequel je partage ma passion : le sport dans tous ses \u00e9tats. Le tout accompagn\u00e9 par les fous furieux et folles furieuses cit\u00e9s sur cette page !","sameAs":["https:\/\/www.facebook.com\/florent.ostermann","https:\/\/x.com\/https:\/\/twitter.com\/FlOstermann","admin"],"url":"https:\/\/dicodusport.fr\/blog\/author\/flo\/"}]}},"_links":{"self":[{"href":"https:\/\/dicodusport.fr\/blog\/wp-json\/wp\/v2\/posts\/181389","targetHints":{"allow":["GET"]}}],"collection":[{"href":"https:\/\/dicodusport.fr\/blog\/wp-json\/wp\/v2\/posts"}],"about":[{"href":"https:\/\/dicodusport.fr\/blog\/wp-json\/wp\/v2\/types\/post"}],"author":[{"embeddable":true,"href":"https:\/\/dicodusport.fr\/blog\/wp-json\/wp\/v2\/users\/4"}],"replies":[{"embeddable":true,"href":"https:\/\/dicodusport.fr\/blog\/wp-json\/wp\/v2\/comments?post=181389"}],"version-history":[{"count":0,"href":"https:\/\/dicodusport.fr\/blog\/wp-json\/wp\/v2\/posts\/181389\/revisions"}],"wp:featuredmedia":[{"embeddable":true,"href":"https:\/\/dicodusport.fr\/blog\/wp-json\/wp\/v2\/media\/181455"}],"wp:attachment":[{"href":"https:\/\/dicodusport.fr\/blog\/wp-json\/wp\/v2\/media?parent=181389"}],"wp:term":[{"taxonomy":"category","embeddable":true,"href":"https:\/\/dicodusport.fr\/blog\/wp-json\/wp\/v2\/categories?post=181389"},{"taxonomy":"post_tag","embeddable":true,"href":"https:\/\/dicodusport.fr\/blog\/wp-json\/wp\/v2\/tags?post=181389"}],"curies":[{"name":"wp","href":"https:\/\/api.w.org\/{rel}","templated":true}]}}