{"id":181651,"date":"2021-11-27T12:41:34","date_gmt":"2021-11-27T11:41:34","guid":{"rendered":"https:\/\/dicodusport.fr\/blog\/?p=181651&#038;preview=true&#038;preview_id=181651"},"modified":"2022-05-02T13:15:53","modified_gmt":"2022-05-02T11:15:53","slug":"julian-alaphilippe-je-veux-faire-le-tour-d-italie","status":"publish","type":"post","link":"https:\/\/dicodusport.fr\/blog\/julian-alaphilippe-je-veux-faire-le-tour-d-italie\/","title":{"rendered":"Julian Alaphilippe : \u00ab\u00a0Je veux faire le Tour d&rsquo;Italie\u00a0\u00bb"},"content":{"rendered":"<p style=\"text-align: justify;\"><em><strong>CYCLISME &#8211; Dans un entretien accord\u00e9 \u00e0 <a href=\"https:\/\/www.ouest-france.fr\/sport\/cyclisme\/julian-alaphilippe\/exclusif-julian-alaphilippe-je-participerai-au-tour-d-italie-c-est-sur-8bcc34bc-4966-11ec-837a-0b24af42f148\" target=\"_blank\" rel=\"nofollow noopener\">Ouest-France<\/a>, Julian Alaphilippe (Deceuninck &#8211; Quick-Step) a \u00e9voqu\u00e9 sa volont\u00e9 de d\u00e9couvrir le Tour d&rsquo;Italie.\u00a0<\/strong><\/em><\/p>\n<p style=\"text-align: justify;\">Ce ne sera pas pour 2022, mais le double champion du monde <strong>Julian Alaphilippe<\/strong> veut participer au Giro avant la fin de sa carri\u00e8re de cycliste professionnel, lui qui a d\u00e9j\u00e0 couru la Vuelta en 2017, en plus de cinq Tour de France.<\/p>\n<blockquote>\n<p style=\"text-align: justify;\">Je ne sais pas encore, non plus, quand elle sera, mais cette ann\u00e9e existera, c\u2019est s\u00fbr. C\u2019est une course que je veux faire, que je veux d\u00e9couvrir. En fait, je veux faire toutes les courses avant la fin de ma carri\u00e8re. Donc \u00e7a fait partie de mes plans, oui.<\/p>\n<\/blockquote>\n<blockquote class=\"twitter-tweet\">\n<p dir=\"ltr\" lang=\"fr\">EXCLUSIF. Julian Alaphilippe : \u00ab Je participerai au Tour d\u2019Italie, c\u2019est s\u00fbr ! \u00bb <a href=\"https:\/\/t.co\/NDSf54inQ0\">https:\/\/t.co\/NDSf54inQ0<\/a> via <a href=\"https:\/\/twitter.com\/OuestFrance?ref_src=twsrc%5Etfw\">@ouestfrance<\/a><\/p>\n<p>\u2014 Vincent Cot\u00e9 (@Vincent_Cote) <a href=\"https:\/\/twitter.com\/Vincent_Cote\/status\/1464255105067270146?ref_src=twsrc%5Etfw\">November 26, 2021<\/a><\/p><\/blockquote>\n<p><script async src=\"https:\/\/platform.twitter.com\/widgets.js\" charset=\"utf-8\"><\/script><\/p>\n","protected":false},"excerpt":{"rendered":"<p>CYCLISME &#8211; Dans un entretien accord\u00e9 \u00e0 Ouest-France, Julian Alaphilippe (Deceuninck &#8211; Quick-Step) a \u00e9voqu\u00e9 sa volont\u00e9 de d\u00e9couvrir le Tour d&rsquo;Italie.\u00a0<\/p>\n","protected":false},"author":1,"featured_media":181658,"comment_status":"open","ping_status":"closed","sticky":false,"template":"","format":"standard","meta":{"_acf_changed":false,"_daextam_enable_autolinks":"","footnotes":""},"categories":[47041],"tags":[574,1719],"class_list":["post-181651","post","type-post","status-publish","format-standard","has-post-thumbnail","hentry","category-tour-d-italie","tag-cyclisme","tag-julian-alaphilippe"],"acf":[],"yoast_head":"<!-- This site is optimized with the Yoast SEO Premium plugin v26.7 (Yoast SEO v26.7) - https:\/\/yoast.com\/wordpress\/plugins\/seo\/ -->\n<title>Julian Alaphilippe : &quot;Je veux faire le Tour d&#039;Italie&quot;<\/title>\n<meta name=\"description\" content=\"CYCLISME - Dans un entretien accord\u00e9 \u00e0 Ouest-France, Julian Alaphilippe a \u00e9voqu\u00e9 sa volont\u00e9 de d\u00e9couvrir le Tour d&#039;Italie.\u00a0\" \/>\n<meta name=\"robots\" content=\"index, follow, max-snippet:-1, max-image-preview:large, max-video-preview:-1\" \/>\n<link rel=\"canonical\" href=\"https:\/\/dicodusport.fr\/blog\/julian-alaphilippe-je-veux-faire-le-tour-d-italie\/\" \/>\n<meta property=\"og:locale\" content=\"fr_FR\" \/>\n<meta property=\"og:type\" content=\"article\" \/>\n<meta property=\"og:title\" content=\"Julian Alaphilippe : &quot;Je veux faire le Tour d&#039;Italie&quot;\" \/>\n<meta property=\"og:description\" content=\"CYCLISME - Dans un entretien accord\u00e9 \u00e0 Ouest-France, Julian Alaphilippe a \u00e9voqu\u00e9 sa volont\u00e9 de d\u00e9couvrir le Tour d&#039;Italie.\u00a0\" \/>\n<meta property=\"og:url\" content=\"https:\/\/dicodusport.fr\/blog\/julian-alaphilippe-je-veux-faire-le-tour-d-italie\/\" \/>\n<meta property=\"og:site_name\" content=\"Dicodusport\" \/>\n<meta property=\"article:publisher\" content=\"https:\/\/www.facebook.com\/dicodusport\" \/>\n<meta property=\"article:author\" content=\"https:\/\/www.facebook.com\/dicodusport\" \/>\n<meta property=\"article:published_time\" content=\"2021-11-27T11:41:34+00:00\" \/>\n<meta property=\"article:modified_time\" content=\"2022-05-02T11:15:53+00:00\" \/>\n<meta property=\"og:image\" content=\"https:\/\/dicodusport.fr\/blog\/wp-content\/uploads\/2021\/11\/Julian-Alaphilippe-Je-veux-faire-le-Tour-dItalie.png\" \/>\n\t<meta property=\"og:image:width\" content=\"800\" \/>\n\t<meta property=\"og:image:height\" content=\"445\" \/>\n\t<meta property=\"og:image:type\" content=\"image\/png\" \/>\n<meta name=\"author\" content=\"Nicolas Jacquemard\" \/>\n<meta name=\"twitter:card\" content=\"summary_large_image\" \/>\n<meta name=\"twitter:title\" content=\"Julian Alaphilippe : &quot;Je veux faire le Tour d&#039;Italie&quot;\" \/>\n<meta name=\"twitter:creator\" content=\"@https:\/\/twitter.com\/Nico_Jacquemard\" \/>\n<meta name=\"twitter:site\" content=\"@dicodusport\" \/>\n<script type=\"application\/ld+json\" class=\"yoast-schema-graph\">{\"@context\":\"https:\/\/schema.org\",\"@graph\":[{\"@type\":\"NewsArticle\",\"@id\":\"https:\/\/dicodusport.fr\/blog\/julian-alaphilippe-je-veux-faire-le-tour-d-italie\/#article\",\"isPartOf\":{\"@id\":\"https:\/\/dicodusport.fr\/blog\/julian-alaphilippe-je-veux-faire-le-tour-d-italie\/\"},\"author\":{\"name\":\"Nicolas Jacquemard\",\"@id\":\"https:\/\/dicodusport.fr\/blog\/#\/schema\/person\/55dcb50ad410894e431ed812bbb70191\"},\"headline\":\"Julian Alaphilippe : \u00ab\u00a0Je veux faire le Tour d&rsquo;Italie\u00a0\u00bb\",\"datePublished\":\"2021-11-27T11:41:34+00:00\",\"dateModified\":\"2022-05-02T11:15:53+00:00\",\"mainEntityOfPage\":{\"@id\":\"https:\/\/dicodusport.fr\/blog\/julian-alaphilippe-je-veux-faire-le-tour-d-italie\/\"},\"wordCount\":155,\"commentCount\":0,\"publisher\":{\"@id\":\"https:\/\/dicodusport.fr\/blog\/#organization\"},\"image\":{\"@id\":\"https:\/\/dicodusport.fr\/blog\/julian-alaphilippe-je-veux-faire-le-tour-d-italie\/#primaryimage\"},\"thumbnailUrl\":\"https:\/\/dicodusport.fr\/blog\/wp-content\/uploads\/2021\/11\/Julian-Alaphilippe-Je-veux-faire-le-Tour-dItalie.png\",\"keywords\":[\"Cyclisme\",\"Julian Alaphilippe\"],\"articleSection\":[\"Tour d'Italie\"],\"inLanguage\":\"fr-FR\",\"potentialAction\":[{\"@type\":\"CommentAction\",\"name\":\"Comment\",\"target\":[\"https:\/\/dicodusport.fr\/blog\/julian-alaphilippe-je-veux-faire-le-tour-d-italie\/#respond\"]}],\"copyrightYear\":\"2021\",\"copyrightHolder\":{\"@id\":\"https:\/\/dicodusport.fr\/blog\/#organization\"}},{\"@type\":\"WebPage\",\"@id\":\"https:\/\/dicodusport.fr\/blog\/julian-alaphilippe-je-veux-faire-le-tour-d-italie\/\",\"url\":\"https:\/\/dicodusport.fr\/blog\/julian-alaphilippe-je-veux-faire-le-tour-d-italie\/\",\"name\":\"Julian Alaphilippe : \\\"Je veux faire le Tour d'Italie\\\"\",\"isPartOf\":{\"@id\":\"https:\/\/dicodusport.fr\/blog\/#website\"},\"primaryImageOfPage\":{\"@id\":\"https:\/\/dicodusport.fr\/blog\/julian-alaphilippe-je-veux-faire-le-tour-d-italie\/#primaryimage\"},\"image\":{\"@id\":\"https:\/\/dicodusport.fr\/blog\/julian-alaphilippe-je-veux-faire-le-tour-d-italie\/#primaryimage\"},\"thumbnailUrl\":\"https:\/\/dicodusport.fr\/blog\/wp-content\/uploads\/2021\/11\/Julian-Alaphilippe-Je-veux-faire-le-Tour-dItalie.png\",\"datePublished\":\"2021-11-27T11:41:34+00:00\",\"dateModified\":\"2022-05-02T11:15:53+00:00\",\"description\":\"CYCLISME - Dans un entretien accord\u00e9 \u00e0 Ouest-France, Julian Alaphilippe a \u00e9voqu\u00e9 sa volont\u00e9 de d\u00e9couvrir le Tour d'Italie.\u00a0\",\"breadcrumb\":{\"@id\":\"https:\/\/dicodusport.fr\/blog\/julian-alaphilippe-je-veux-faire-le-tour-d-italie\/#breadcrumb\"},\"inLanguage\":\"fr-FR\",\"potentialAction\":[{\"@type\":\"ReadAction\",\"target\":[\"https:\/\/dicodusport.fr\/blog\/julian-alaphilippe-je-veux-faire-le-tour-d-italie\/\"]}]},{\"@type\":\"ImageObject\",\"inLanguage\":\"fr-FR\",\"@id\":\"https:\/\/dicodusport.fr\/blog\/julian-alaphilippe-je-veux-faire-le-tour-d-italie\/#primaryimage\",\"url\":\"https:\/\/dicodusport.fr\/blog\/wp-content\/uploads\/2021\/11\/Julian-Alaphilippe-Je-veux-faire-le-Tour-dItalie.png\",\"contentUrl\":\"https:\/\/dicodusport.fr\/blog\/wp-content\/uploads\/2021\/11\/Julian-Alaphilippe-Je-veux-faire-le-Tour-dItalie.png\",\"width\":800,\"height\":445},{\"@type\":\"BreadcrumbList\",\"@id\":\"https:\/\/dicodusport.fr\/blog\/julian-alaphilippe-je-veux-faire-le-tour-d-italie\/#breadcrumb\",\"itemListElement\":[{\"@type\":\"ListItem\",\"position\":1,\"name\":\"Accueil\",\"item\":\"https:\/\/dicodusport.fr\/blog\/\"},{\"@type\":\"ListItem\",\"position\":2,\"name\":\"Julian Alaphilippe : \u00ab\u00a0Je veux faire le Tour d&rsquo;Italie\u00a0\u00bb\"}]},{\"@type\":\"WebSite\",\"@id\":\"https:\/\/dicodusport.fr\/blog\/#website\",\"url\":\"https:\/\/dicodusport.fr\/blog\/\",\"name\":\"Dicodusport\",\"description\":\"L&#039;encyclop\u00e9die de l&#039;actualit\u00e9 sportive\",\"publisher\":{\"@id\":\"https:\/\/dicodusport.fr\/blog\/#organization\"},\"potentialAction\":[{\"@type\":\"SearchAction\",\"target\":{\"@type\":\"EntryPoint\",\"urlTemplate\":\"https:\/\/dicodusport.fr\/blog\/?s={search_term_string}\"},\"query-input\":{\"@type\":\"PropertyValueSpecification\",\"valueRequired\":true,\"valueName\":\"search_term_string\"}}],\"inLanguage\":\"fr-FR\"},{\"@type\":\"NewsMediaOrganization\",\"@id\":\"https:\/\/dicodusport.fr\/blog\/#organization\",\"name\":\"Dicodusport\",\"url\":\"https:\/\/dicodusport.fr\/blog\/\",\"logo\":{\"@type\":\"ImageObject\",\"inLanguage\":\"fr-FR\",\"@id\":\"https:\/\/dicodusport.fr\/blog\/#\/schema\/logo\/image\/\",\"url\":\"https:\/\/dicodusport.fr\/blog\/wp-content\/uploads\/2020\/06\/cropped-LOGO-DICODUSPORT-2020-SANS-FOND-SANS-TEXTE.png\",\"contentUrl\":\"https:\/\/dicodusport.fr\/blog\/wp-content\/uploads\/2020\/06\/cropped-LOGO-DICODUSPORT-2020-SANS-FOND-SANS-TEXTE.png\",\"width\":512,\"height\":512,\"caption\":\"Dicodusport\"},\"image\":{\"@id\":\"https:\/\/dicodusport.fr\/blog\/#\/schema\/logo\/image\/\"},\"sameAs\":[\"https:\/\/www.facebook.com\/dicodusport\",\"https:\/\/x.com\/dicodusport\",\"https:\/\/www.instagram.com\/dicodusport\/\",\"https:\/\/www.youtube.com\/channel\/UC7V2KZ5sd3htJivAbA4ZG3w\"],\"description\":\"Dicodusport est l'encyclop\u00e9die de l'actualit\u00e9 sportive.\",\"email\":\"bonjour@dicodusport.fr\",\"legalName\":\"DICODUSPORT\",\"foundingDate\":\"2018-01-14\",\"vatID\":\"FR71834470973\",\"taxID\":\"83447097300043\",\"numberOfEmployees\":{\"@type\":\"QuantitativeValue\",\"minValue\":\"1\",\"maxValue\":\"10\"}},{\"@type\":\"Person\",\"@id\":\"https:\/\/dicodusport.fr\/blog\/#\/schema\/person\/55dcb50ad410894e431ed812bbb70191\",\"name\":\"Nicolas Jacquemard\",\"image\":{\"@type\":\"ImageObject\",\"inLanguage\":\"fr-FR\",\"@id\":\"https:\/\/dicodusport.fr\/blog\/#\/schema\/person\/image\/\",\"url\":\"https:\/\/dicodusport.fr\/blog\/wp-content\/uploads\/2021\/05\/Nicolas-Jacquemard-150x150.jpeg\",\"contentUrl\":\"https:\/\/dicodusport.fr\/blog\/wp-content\/uploads\/2021\/05\/Nicolas-Jacquemard-150x150.jpeg\",\"caption\":\"Nicolas Jacquemard\"},\"description\":\"Passionn\u00e9 de sport et entrepreneur depuis mes 18 ans, la cr\u00e9ation de Dicodusport m'a sembl\u00e9 \u00e9vidente pour participer \u00e0 la m\u00e9diatisation d'un plus grand nombre de sports. Le chemin est long mais avec une \u00e9quipe des plus motiv\u00e9es et les Jeux Olympiques de Paris 2024 en point de mire, nous y arriverons ! Journaliste dans le monde du sport depuis plus de 5 ans, je traite aussi bien de football, de rugby, de biathlon que de cyclisme.\",\"sameAs\":[\"https:\/\/www.facebook.com\/dicodusport\",\"https:\/\/x.com\/https:\/\/twitter.com\/Nico_Jacquemard\"],\"url\":\"https:\/\/dicodusport.fr\/blog\/author\/dicodusport\/\"}]}<\/script>\n<!-- \/ Yoast SEO Premium plugin. -->","yoast_head_json":{"title":"Julian Alaphilippe : \"Je veux faire le Tour d'Italie\"","description":"CYCLISME - Dans un entretien accord\u00e9 \u00e0 Ouest-France, Julian Alaphilippe a \u00e9voqu\u00e9 sa volont\u00e9 de d\u00e9couvrir le Tour d'Italie.\u00a0","robots":{"index":"index","follow":"follow","max-snippet":"max-snippet:-1","max-image-preview":"max-image-preview:large","max-video-preview":"max-video-preview:-1"},"canonical":"https:\/\/dicodusport.fr\/blog\/julian-alaphilippe-je-veux-faire-le-tour-d-italie\/","og_locale":"fr_FR","og_type":"article","og_title":"Julian Alaphilippe : \"Je veux faire le Tour d'Italie\"","og_description":"CYCLISME - Dans un entretien accord\u00e9 \u00e0 Ouest-France, Julian Alaphilippe a \u00e9voqu\u00e9 sa volont\u00e9 de d\u00e9couvrir le Tour d'Italie.\u00a0","og_url":"https:\/\/dicodusport.fr\/blog\/julian-alaphilippe-je-veux-faire-le-tour-d-italie\/","og_site_name":"Dicodusport","article_publisher":"https:\/\/www.facebook.com\/dicodusport","article_author":"https:\/\/www.facebook.com\/dicodusport","article_published_time":"2021-11-27T11:41:34+00:00","article_modified_time":"2022-05-02T11:15:53+00:00","og_image":[{"width":800,"height":445,"url":"https:\/\/dicodusport.fr\/blog\/wp-content\/uploads\/2021\/11\/Julian-Alaphilippe-Je-veux-faire-le-Tour-dItalie.png","type":"image\/png"}],"author":"Nicolas Jacquemard","twitter_card":"summary_large_image","twitter_title":"Julian Alaphilippe : \"Je veux faire le Tour d'Italie\"","twitter_creator":"@https:\/\/twitter.com\/Nico_Jacquemard","twitter_site":"@dicodusport","schema":{"@context":"https:\/\/schema.org","@graph":[{"@type":"NewsArticle","@id":"https:\/\/dicodusport.fr\/blog\/julian-alaphilippe-je-veux-faire-le-tour-d-italie\/#article","isPartOf":{"@id":"https:\/\/dicodusport.fr\/blog\/julian-alaphilippe-je-veux-faire-le-tour-d-italie\/"},"author":{"name":"Nicolas Jacquemard","@id":"https:\/\/dicodusport.fr\/blog\/#\/schema\/person\/55dcb50ad410894e431ed812bbb70191"},"headline":"Julian Alaphilippe : \u00ab\u00a0Je veux faire le Tour d&rsquo;Italie\u00a0\u00bb","datePublished":"2021-11-27T11:41:34+00:00","dateModified":"2022-05-02T11:15:53+00:00","mainEntityOfPage":{"@id":"https:\/\/dicodusport.fr\/blog\/julian-alaphilippe-je-veux-faire-le-tour-d-italie\/"},"wordCount":155,"commentCount":0,"publisher":{"@id":"https:\/\/dicodusport.fr\/blog\/#organization"},"image":{"@id":"https:\/\/dicodusport.fr\/blog\/julian-alaphilippe-je-veux-faire-le-tour-d-italie\/#primaryimage"},"thumbnailUrl":"https:\/\/dicodusport.fr\/blog\/wp-content\/uploads\/2021\/11\/Julian-Alaphilippe-Je-veux-faire-le-Tour-dItalie.png","keywords":["Cyclisme","Julian Alaphilippe"],"articleSection":["Tour d'Italie"],"inLanguage":"fr-FR","potentialAction":[{"@type":"CommentAction","name":"Comment","target":["https:\/\/dicodusport.fr\/blog\/julian-alaphilippe-je-veux-faire-le-tour-d-italie\/#respond"]}],"copyrightYear":"2021","copyrightHolder":{"@id":"https:\/\/dicodusport.fr\/blog\/#organization"}},{"@type":"WebPage","@id":"https:\/\/dicodusport.fr\/blog\/julian-alaphilippe-je-veux-faire-le-tour-d-italie\/","url":"https:\/\/dicodusport.fr\/blog\/julian-alaphilippe-je-veux-faire-le-tour-d-italie\/","name":"Julian Alaphilippe : \"Je veux faire le Tour d'Italie\"","isPartOf":{"@id":"https:\/\/dicodusport.fr\/blog\/#website"},"primaryImageOfPage":{"@id":"https:\/\/dicodusport.fr\/blog\/julian-alaphilippe-je-veux-faire-le-tour-d-italie\/#primaryimage"},"image":{"@id":"https:\/\/dicodusport.fr\/blog\/julian-alaphilippe-je-veux-faire-le-tour-d-italie\/#primaryimage"},"thumbnailUrl":"https:\/\/dicodusport.fr\/blog\/wp-content\/uploads\/2021\/11\/Julian-Alaphilippe-Je-veux-faire-le-Tour-dItalie.png","datePublished":"2021-11-27T11:41:34+00:00","dateModified":"2022-05-02T11:15:53+00:00","description":"CYCLISME - Dans un entretien accord\u00e9 \u00e0 Ouest-France, Julian Alaphilippe a \u00e9voqu\u00e9 sa volont\u00e9 de d\u00e9couvrir le Tour d'Italie.\u00a0","breadcrumb":{"@id":"https:\/\/dicodusport.fr\/blog\/julian-alaphilippe-je-veux-faire-le-tour-d-italie\/#breadcrumb"},"inLanguage":"fr-FR","potentialAction":[{"@type":"ReadAction","target":["https:\/\/dicodusport.fr\/blog\/julian-alaphilippe-je-veux-faire-le-tour-d-italie\/"]}]},{"@type":"ImageObject","inLanguage":"fr-FR","@id":"https:\/\/dicodusport.fr\/blog\/julian-alaphilippe-je-veux-faire-le-tour-d-italie\/#primaryimage","url":"https:\/\/dicodusport.fr\/blog\/wp-content\/uploads\/2021\/11\/Julian-Alaphilippe-Je-veux-faire-le-Tour-dItalie.png","contentUrl":"https:\/\/dicodusport.fr\/blog\/wp-content\/uploads\/2021\/11\/Julian-Alaphilippe-Je-veux-faire-le-Tour-dItalie.png","width":800,"height":445},{"@type":"BreadcrumbList","@id":"https:\/\/dicodusport.fr\/blog\/julian-alaphilippe-je-veux-faire-le-tour-d-italie\/#breadcrumb","itemListElement":[{"@type":"ListItem","position":1,"name":"Accueil","item":"https:\/\/dicodusport.fr\/blog\/"},{"@type":"ListItem","position":2,"name":"Julian Alaphilippe : \u00ab\u00a0Je veux faire le Tour d&rsquo;Italie\u00a0\u00bb"}]},{"@type":"WebSite","@id":"https:\/\/dicodusport.fr\/blog\/#website","url":"https:\/\/dicodusport.fr\/blog\/","name":"Dicodusport","description":"L&#039;encyclop\u00e9die de l&#039;actualit\u00e9 sportive","publisher":{"@id":"https:\/\/dicodusport.fr\/blog\/#organization"},"potentialAction":[{"@type":"SearchAction","target":{"@type":"EntryPoint","urlTemplate":"https:\/\/dicodusport.fr\/blog\/?s={search_term_string}"},"query-input":{"@type":"PropertyValueSpecification","valueRequired":true,"valueName":"search_term_string"}}],"inLanguage":"fr-FR"},{"@type":"NewsMediaOrganization","@id":"https:\/\/dicodusport.fr\/blog\/#organization","name":"Dicodusport","url":"https:\/\/dicodusport.fr\/blog\/","logo":{"@type":"ImageObject","inLanguage":"fr-FR","@id":"https:\/\/dicodusport.fr\/blog\/#\/schema\/logo\/image\/","url":"https:\/\/dicodusport.fr\/blog\/wp-content\/uploads\/2020\/06\/cropped-LOGO-DICODUSPORT-2020-SANS-FOND-SANS-TEXTE.png","contentUrl":"https:\/\/dicodusport.fr\/blog\/wp-content\/uploads\/2020\/06\/cropped-LOGO-DICODUSPORT-2020-SANS-FOND-SANS-TEXTE.png","width":512,"height":512,"caption":"Dicodusport"},"image":{"@id":"https:\/\/dicodusport.fr\/blog\/#\/schema\/logo\/image\/"},"sameAs":["https:\/\/www.facebook.com\/dicodusport","https:\/\/x.com\/dicodusport","https:\/\/www.instagram.com\/dicodusport\/","https:\/\/www.youtube.com\/channel\/UC7V2KZ5sd3htJivAbA4ZG3w"],"description":"Dicodusport est l'encyclop\u00e9die de l'actualit\u00e9 sportive.","email":"bonjour@dicodusport.fr","legalName":"DICODUSPORT","foundingDate":"2018-01-14","vatID":"FR71834470973","taxID":"83447097300043","numberOfEmployees":{"@type":"QuantitativeValue","minValue":"1","maxValue":"10"}},{"@type":"Person","@id":"https:\/\/dicodusport.fr\/blog\/#\/schema\/person\/55dcb50ad410894e431ed812bbb70191","name":"Nicolas Jacquemard","image":{"@type":"ImageObject","inLanguage":"fr-FR","@id":"https:\/\/dicodusport.fr\/blog\/#\/schema\/person\/image\/","url":"https:\/\/dicodusport.fr\/blog\/wp-content\/uploads\/2021\/05\/Nicolas-Jacquemard-150x150.jpeg","contentUrl":"https:\/\/dicodusport.fr\/blog\/wp-content\/uploads\/2021\/05\/Nicolas-Jacquemard-150x150.jpeg","caption":"Nicolas Jacquemard"},"description":"Passionn\u00e9 de sport et entrepreneur depuis mes 18 ans, la cr\u00e9ation de Dicodusport m'a sembl\u00e9 \u00e9vidente pour participer \u00e0 la m\u00e9diatisation d'un plus grand nombre de sports. Le chemin est long mais avec une \u00e9quipe des plus motiv\u00e9es et les Jeux Olympiques de Paris 2024 en point de mire, nous y arriverons ! Journaliste dans le monde du sport depuis plus de 5 ans, je traite aussi bien de football, de rugby, de biathlon que de cyclisme.","sameAs":["https:\/\/www.facebook.com\/dicodusport","https:\/\/x.com\/https:\/\/twitter.com\/Nico_Jacquemard"],"url":"https:\/\/dicodusport.fr\/blog\/author\/dicodusport\/"}]}},"_links":{"self":[{"href":"https:\/\/dicodusport.fr\/blog\/wp-json\/wp\/v2\/posts\/181651","targetHints":{"allow":["GET"]}}],"collection":[{"href":"https:\/\/dicodusport.fr\/blog\/wp-json\/wp\/v2\/posts"}],"about":[{"href":"https:\/\/dicodusport.fr\/blog\/wp-json\/wp\/v2\/types\/post"}],"author":[{"embeddable":true,"href":"https:\/\/dicodusport.fr\/blog\/wp-json\/wp\/v2\/users\/1"}],"replies":[{"embeddable":true,"href":"https:\/\/dicodusport.fr\/blog\/wp-json\/wp\/v2\/comments?post=181651"}],"version-history":[{"count":0,"href":"https:\/\/dicodusport.fr\/blog\/wp-json\/wp\/v2\/posts\/181651\/revisions"}],"wp:featuredmedia":[{"embeddable":true,"href":"https:\/\/dicodusport.fr\/blog\/wp-json\/wp\/v2\/media\/181658"}],"wp:attachment":[{"href":"https:\/\/dicodusport.fr\/blog\/wp-json\/wp\/v2\/media?parent=181651"}],"wp:term":[{"taxonomy":"category","embeddable":true,"href":"https:\/\/dicodusport.fr\/blog\/wp-json\/wp\/v2\/categories?post=181651"},{"taxonomy":"post_tag","embeddable":true,"href":"https:\/\/dicodusport.fr\/blog\/wp-json\/wp\/v2\/tags?post=181651"}],"curies":[{"name":"wp","href":"https:\/\/api.w.org\/{rel}","templated":true}]}}