{"id":181727,"date":"2021-11-27T16:08:41","date_gmt":"2021-11-27T15:08:41","guid":{"rendered":"https:\/\/dicodusport.fr\/blog\/?p=181727"},"modified":"2021-11-27T20:13:05","modified_gmt":"2021-11-27T19:13:05","slug":"championnats-du-monde-de-taekwondo-althea-laurin-vice-championne-du-monde","status":"publish","type":"post","link":"https:\/\/dicodusport.fr\/blog\/championnats-du-monde-de-taekwondo-althea-laurin-vice-championne-du-monde\/","title":{"rendered":"Championnats du monde de taekwondo : Alth\u00e9a Laurin vice-championne du monde"},"content":{"rendered":"<p style=\"text-align: justify;\"><em><strong>CHAMPIONNATS DU MONDE DE TAEKWONDO 2021 &#8211; Organis\u00e9s \u00e0 Riyad, capitale saoudienne, les Mondiaux de taekwondo \u00e9taient pour la premi\u00e8re fois exclusivement f\u00e9minins. M\u00e9daill\u00e9e de bronze dans la cat\u00e9gorie des plus de 67 kg aux Jeux de Tokyo, Alth\u00e9a Laurin est cette fois m\u00e9daill\u00e9e d&rsquo;argent malgr\u00e9 une belle finale.<\/strong><\/em><\/p>\n<h2 style=\"text-align: justify;\">Vice-championne du monde \u00e0 20 ans<\/h2>\n<p style=\"text-align: justify;\">En lice dans la cat\u00e9gorie des moins de 73 kg, la Fran\u00e7aise <strong>Alth\u00e9a Laurin<\/strong> s&rsquo;est hiss\u00e9e en finale mondiale pour la premi\u00e8re fois. Apr\u00e8s les deux premi\u00e8res minutes, aucun point n&rsquo;\u00e9tait marqu\u00e9, mais la Fran\u00e7aise, plus grande que son adversaire, fait parler son allonge pour tenir \u00e0 distance la Russe. Tr\u00e8s ferm\u00e9, le combat aura \u00e9t\u00e9 saccad\u00e9 d&rsquo;un bout \u00e0 l&rsquo;autre, sans qu&rsquo;aucune des deux combattantes ne prenne le moindre risque d&rsquo;\u00eatre contr\u00e9e. C&rsquo;est finalement lors de la troisi\u00e8me reprise que le combat s&rsquo;anime. Et c&rsquo;est <strong>Polina Khan<\/strong> qui ouvre le score d&rsquo;un coup de poing avant qu&rsquo;<strong>Alth\u00e9a Laurin<\/strong> ne prenne l&rsquo;avantage par un coup de pied. Trois partout au bout des 6 minutes de combat, place au golden round. Une minute de combat suppl\u00e9mentaire pour d\u00e9cider de la vainqueur. Aucun point ne sera marqu\u00e9, mais c&rsquo;est malheureusement <strong>Polina Khan<\/strong> qui l&#8217;emporte au nombre d&rsquo;impact, 3 fois 1 point, contre une fois 2 points et une fois 1 point pour la Fran\u00e7aise.<\/p>\n<p style=\"text-align: justify;\">Ces Mondiaux se terminent sur une d\u00e9faite pour <strong>Alth\u00e9a Laurin<\/strong> qui gravit cependant un \u00e9chelon de plus apr\u00e8s <a href=\"https:\/\/dicodusport.fr\/blog\/jo-tokyo-2020-taekwondo-althea-laurin-remporte-la-medaille-de-bronze\/\">le bronze des Jeux Olympiques<\/a>. \u00c0 seulement 20 ans, elle est promise \u00e0 un avenir plein de m\u00e9dailles, sans aucun doute. \u00c0 noter que la France rentre d&rsquo;Arabie Saoudite avec deux m\u00e9dailles, l&rsquo;argent donc pour <strong>Alth\u00e9a Laurin<\/strong> et le bronze pour <strong>Marie-Paule Bl\u00e9<\/strong>, d\u00e9faite par sa compatriote en demi-finale des moins de 73 kg.<\/p>\n<blockquote class=\"twitter-tweet\">\n<p dir=\"ltr\" lang=\"en\">Another close final settled by a golden point as &#x1f1f7;&#x1f1fa; Polina Khan edges out &#x1f1eb;&#x1f1f7; <a href=\"https:\/\/twitter.com\/AltheaLaurin?ref_src=twsrc%5Etfw\">@AltheaLaurin<\/a> to win -73kg &#x1f947;<a href=\"https:\/\/twitter.com\/hashtag\/WorldTKDinRiyadh?src=hash&amp;ref_src=twsrc%5Etfw\">#WorldTKDinRiyadh<\/a> <a href=\"https:\/\/t.co\/3V55tRUtxk\">pic.twitter.com\/3V55tRUtxk<\/a><\/p>\n<p>\u2014 #WorldTKDinRiyadh (@SaudiTKD) <a href=\"https:\/\/twitter.com\/SaudiTKD\/status\/1464607750542041091?ref_src=twsrc%5Etfw\">November 27, 2021<\/a><\/p><\/blockquote>\n<p><script async src=\"https:\/\/platform.twitter.com\/widgets.js\" charset=\"utf-8\"><\/script><\/p>\n","protected":false},"excerpt":{"rendered":"<p>CHAMPIONNATS DU MONDE DE TAEKWONDO 2021 &#8211; Organis\u00e9s \u00e0 Riyad, capitale saoudienne, les Mondiaux de taekwondo \u00e9taient pour la premi\u00e8re fois exclusivement f\u00e9minins. M\u00e9daill\u00e9e de bronze dans la cat\u00e9gorie des plus de 67 kg aux Jeux de Tokyo, Alth\u00e9a Laurin est cette fois m\u00e9daill\u00e9e d&rsquo;argent malgr\u00e9 une belle finale.<\/p>\n","protected":false},"author":43,"featured_media":181756,"comment_status":"open","ping_status":"closed","sticky":false,"template":"","format":"standard","meta":{"_acf_changed":false,"_daextam_enable_autolinks":"","footnotes":""},"categories":[10983],"tags":[12953,926],"class_list":["post-181727","post","type-post","status-publish","format-standard","has-post-thumbnail","hentry","category-taekwondo","tag-althea-laurin","tag-taekwondo"],"acf":[],"yoast_head":"<!-- This site is optimized with the Yoast SEO Premium plugin v26.7 (Yoast SEO v26.7) - https:\/\/yoast.com\/wordpress\/plugins\/seo\/ -->\n<title>Championnats du monde de taekwondo : Alth\u00e9a Laurin vice-championne du monde<\/title>\n<meta name=\"description\" content=\"TAEKWONDO - Apr\u00e8s le bronze olympique, ce sera de l&#039;argent mondial pour Alth\u00e9a Laurin battue en finale de la cat\u00e9gorie des moins de 73 kg\" \/>\n<meta name=\"robots\" content=\"index, follow, max-snippet:-1, max-image-preview:large, max-video-preview:-1\" \/>\n<link rel=\"canonical\" href=\"https:\/\/dicodusport.fr\/blog\/championnats-du-monde-de-taekwondo-althea-laurin-vice-championne-du-monde\/\" \/>\n<meta property=\"og:locale\" content=\"fr_FR\" \/>\n<meta property=\"og:type\" content=\"article\" \/>\n<meta property=\"og:title\" content=\"Championnats du monde de taekwondo : Alth\u00e9a Laurin vice-championne du monde\" \/>\n<meta property=\"og:description\" content=\"TAEKWONDO - Apr\u00e8s le bronze olympique, ce sera de l&#039;argent mondial pour Alth\u00e9a Laurin battue en finale de la cat\u00e9gorie des moins de 73 kg\" \/>\n<meta property=\"og:url\" content=\"https:\/\/dicodusport.fr\/blog\/championnats-du-monde-de-taekwondo-althea-laurin-vice-championne-du-monde\/\" \/>\n<meta property=\"og:site_name\" content=\"Dicodusport\" \/>\n<meta property=\"article:publisher\" content=\"https:\/\/www.facebook.com\/dicodusport\" \/>\n<meta property=\"article:author\" content=\"https:\/\/www.facebook.com\/Max.Bld2\/\" \/>\n<meta property=\"article:published_time\" content=\"2021-11-27T15:08:41+00:00\" \/>\n<meta property=\"article:modified_time\" content=\"2021-11-27T19:13:05+00:00\" \/>\n<meta property=\"og:image\" content=\"https:\/\/dicodusport.fr\/blog\/wp-content\/uploads\/2021\/11\/Championnats-du-monde-de-taekwondo-Althea-Laurin-vice-championne-du-monde.png\" \/>\n\t<meta property=\"og:image:width\" content=\"800\" \/>\n\t<meta property=\"og:image:height\" content=\"445\" \/>\n\t<meta property=\"og:image:type\" content=\"image\/png\" \/>\n<meta name=\"author\" content=\"Maxime Boulard\" \/>\n<meta name=\"twitter:card\" content=\"summary_large_image\" \/>\n<meta name=\"twitter:title\" content=\"Championnats du monde de taekwondo : Alth\u00e9a Laurin vice-championne du monde\" \/>\n<meta name=\"twitter:creator\" content=\"@https:\/\/twitter.com\/MaximeB_2\" \/>\n<meta name=\"twitter:site\" content=\"@dicodusport\" \/>\n<script type=\"application\/ld+json\" class=\"yoast-schema-graph\">{\"@context\":\"https:\/\/schema.org\",\"@graph\":[{\"@type\":\"NewsArticle\",\"@id\":\"https:\/\/dicodusport.fr\/blog\/championnats-du-monde-de-taekwondo-althea-laurin-vice-championne-du-monde\/#article\",\"isPartOf\":{\"@id\":\"https:\/\/dicodusport.fr\/blog\/championnats-du-monde-de-taekwondo-althea-laurin-vice-championne-du-monde\/\"},\"author\":{\"name\":\"Maxime Boulard\",\"@id\":\"https:\/\/dicodusport.fr\/blog\/#\/schema\/person\/5aab10ee856e86ac63e9819a9da34784\"},\"headline\":\"Championnats du monde de taekwondo : Alth\u00e9a Laurin vice-championne du monde\",\"datePublished\":\"2021-11-27T15:08:41+00:00\",\"dateModified\":\"2021-11-27T19:13:05+00:00\",\"mainEntityOfPage\":{\"@id\":\"https:\/\/dicodusport.fr\/blog\/championnats-du-monde-de-taekwondo-althea-laurin-vice-championne-du-monde\/\"},\"wordCount\":372,\"commentCount\":0,\"publisher\":{\"@id\":\"https:\/\/dicodusport.fr\/blog\/#organization\"},\"image\":{\"@id\":\"https:\/\/dicodusport.fr\/blog\/championnats-du-monde-de-taekwondo-althea-laurin-vice-championne-du-monde\/#primaryimage\"},\"thumbnailUrl\":\"https:\/\/dicodusport.fr\/blog\/wp-content\/uploads\/2021\/11\/Championnats-du-monde-de-taekwondo-Althea-Laurin-vice-championne-du-monde.png\",\"keywords\":[\"Alth\u00e9a Laurin\",\"taekwondo\"],\"articleSection\":[\"Taekwondo\"],\"inLanguage\":\"fr-FR\",\"potentialAction\":[{\"@type\":\"CommentAction\",\"name\":\"Comment\",\"target\":[\"https:\/\/dicodusport.fr\/blog\/championnats-du-monde-de-taekwondo-althea-laurin-vice-championne-du-monde\/#respond\"]}],\"copyrightYear\":\"2021\",\"copyrightHolder\":{\"@id\":\"https:\/\/dicodusport.fr\/blog\/#organization\"}},{\"@type\":\"WebPage\",\"@id\":\"https:\/\/dicodusport.fr\/blog\/championnats-du-monde-de-taekwondo-althea-laurin-vice-championne-du-monde\/\",\"url\":\"https:\/\/dicodusport.fr\/blog\/championnats-du-monde-de-taekwondo-althea-laurin-vice-championne-du-monde\/\",\"name\":\"Championnats du monde de taekwondo : Alth\u00e9a Laurin vice-championne du monde\",\"isPartOf\":{\"@id\":\"https:\/\/dicodusport.fr\/blog\/#website\"},\"primaryImageOfPage\":{\"@id\":\"https:\/\/dicodusport.fr\/blog\/championnats-du-monde-de-taekwondo-althea-laurin-vice-championne-du-monde\/#primaryimage\"},\"image\":{\"@id\":\"https:\/\/dicodusport.fr\/blog\/championnats-du-monde-de-taekwondo-althea-laurin-vice-championne-du-monde\/#primaryimage\"},\"thumbnailUrl\":\"https:\/\/dicodusport.fr\/blog\/wp-content\/uploads\/2021\/11\/Championnats-du-monde-de-taekwondo-Althea-Laurin-vice-championne-du-monde.png\",\"datePublished\":\"2021-11-27T15:08:41+00:00\",\"dateModified\":\"2021-11-27T19:13:05+00:00\",\"description\":\"TAEKWONDO - Apr\u00e8s le bronze olympique, ce sera de l'argent mondial pour Alth\u00e9a Laurin battue en finale de la cat\u00e9gorie des moins de 73 kg\",\"breadcrumb\":{\"@id\":\"https:\/\/dicodusport.fr\/blog\/championnats-du-monde-de-taekwondo-althea-laurin-vice-championne-du-monde\/#breadcrumb\"},\"inLanguage\":\"fr-FR\",\"potentialAction\":[{\"@type\":\"ReadAction\",\"target\":[\"https:\/\/dicodusport.fr\/blog\/championnats-du-monde-de-taekwondo-althea-laurin-vice-championne-du-monde\/\"]}]},{\"@type\":\"ImageObject\",\"inLanguage\":\"fr-FR\",\"@id\":\"https:\/\/dicodusport.fr\/blog\/championnats-du-monde-de-taekwondo-althea-laurin-vice-championne-du-monde\/#primaryimage\",\"url\":\"https:\/\/dicodusport.fr\/blog\/wp-content\/uploads\/2021\/11\/Championnats-du-monde-de-taekwondo-Althea-Laurin-vice-championne-du-monde.png\",\"contentUrl\":\"https:\/\/dicodusport.fr\/blog\/wp-content\/uploads\/2021\/11\/Championnats-du-monde-de-taekwondo-Althea-Laurin-vice-championne-du-monde.png\",\"width\":800,\"height\":445,\"caption\":\"Championnats du monde de taekwondo Alth\u00e9a Laurin vice-championne du monde\"},{\"@type\":\"BreadcrumbList\",\"@id\":\"https:\/\/dicodusport.fr\/blog\/championnats-du-monde-de-taekwondo-althea-laurin-vice-championne-du-monde\/#breadcrumb\",\"itemListElement\":[{\"@type\":\"ListItem\",\"position\":1,\"name\":\"Accueil\",\"item\":\"https:\/\/dicodusport.fr\/blog\/\"},{\"@type\":\"ListItem\",\"position\":2,\"name\":\"Championnats du monde de taekwondo : Alth\u00e9a Laurin vice-championne du monde\"}]},{\"@type\":\"WebSite\",\"@id\":\"https:\/\/dicodusport.fr\/blog\/#website\",\"url\":\"https:\/\/dicodusport.fr\/blog\/\",\"name\":\"Dicodusport\",\"description\":\"L&#039;encyclop\u00e9die de l&#039;actualit\u00e9 sportive\",\"publisher\":{\"@id\":\"https:\/\/dicodusport.fr\/blog\/#organization\"},\"potentialAction\":[{\"@type\":\"SearchAction\",\"target\":{\"@type\":\"EntryPoint\",\"urlTemplate\":\"https:\/\/dicodusport.fr\/blog\/?s={search_term_string}\"},\"query-input\":{\"@type\":\"PropertyValueSpecification\",\"valueRequired\":true,\"valueName\":\"search_term_string\"}}],\"inLanguage\":\"fr-FR\"},{\"@type\":\"NewsMediaOrganization\",\"@id\":\"https:\/\/dicodusport.fr\/blog\/#organization\",\"name\":\"Dicodusport\",\"url\":\"https:\/\/dicodusport.fr\/blog\/\",\"logo\":{\"@type\":\"ImageObject\",\"inLanguage\":\"fr-FR\",\"@id\":\"https:\/\/dicodusport.fr\/blog\/#\/schema\/logo\/image\/\",\"url\":\"https:\/\/dicodusport.fr\/blog\/wp-content\/uploads\/2020\/06\/cropped-LOGO-DICODUSPORT-2020-SANS-FOND-SANS-TEXTE.png\",\"contentUrl\":\"https:\/\/dicodusport.fr\/blog\/wp-content\/uploads\/2020\/06\/cropped-LOGO-DICODUSPORT-2020-SANS-FOND-SANS-TEXTE.png\",\"width\":512,\"height\":512,\"caption\":\"Dicodusport\"},\"image\":{\"@id\":\"https:\/\/dicodusport.fr\/blog\/#\/schema\/logo\/image\/\"},\"sameAs\":[\"https:\/\/www.facebook.com\/dicodusport\",\"https:\/\/x.com\/dicodusport\",\"https:\/\/www.instagram.com\/dicodusport\/\",\"https:\/\/www.youtube.com\/channel\/UC7V2KZ5sd3htJivAbA4ZG3w\"],\"description\":\"Dicodusport est l'encyclop\u00e9die de l'actualit\u00e9 sportive.\",\"email\":\"bonjour@dicodusport.fr\",\"legalName\":\"DICODUSPORT\",\"foundingDate\":\"2018-01-14\",\"vatID\":\"FR71834470973\",\"taxID\":\"83447097300043\",\"numberOfEmployees\":{\"@type\":\"QuantitativeValue\",\"minValue\":\"1\",\"maxValue\":\"10\"}},{\"@type\":\"Person\",\"@id\":\"https:\/\/dicodusport.fr\/blog\/#\/schema\/person\/5aab10ee856e86ac63e9819a9da34784\",\"name\":\"Maxime Boulard\",\"image\":{\"@type\":\"ImageObject\",\"inLanguage\":\"fr-FR\",\"@id\":\"https:\/\/dicodusport.fr\/blog\/#\/schema\/person\/image\/\",\"url\":\"https:\/\/dicodusport.fr\/blog\/wp-content\/uploads\/2021\/05\/Maxime-Boulard-150x150.jpg\",\"contentUrl\":\"https:\/\/dicodusport.fr\/blog\/wp-content\/uploads\/2021\/05\/Maxime-Boulard-150x150.jpg\",\"caption\":\"Maxime Boulard\"},\"description\":\"Journaliste\/r\u00e9dacteur depuis octobre 2020 - Si mon plus vieux souvenir de sport aurait pu m'en d\u00e9go\u00fbter, la finale de la Coupe du monde 2006 a \u00e9t\u00e9 tout le contraire. V\u00e9ritable d\u00e9clencheur d'une passion qui aujourd'hui ne fait que grandir avec le temps, mon leitmotiv est la France qui brille ! Je relate les exploits pass\u00e9s et pr\u00e9sents du sport bleu-blanc-rouge sans m\u00e9nagement depuis octobre 2020. Sport valide ou handisport, aucune diff\u00e9rence, il n'y a que du sport et plusieurs fa\u00e7ons de le pratiquer.\",\"sameAs\":[\"https:\/\/www.facebook.com\/Max.Bld2\/\",\"https:\/\/x.com\/https:\/\/twitter.com\/MaximeB_2\"],\"url\":\"https:\/\/dicodusport.fr\/blog\/author\/maxime-b\/\"}]}<\/script>\n<!-- \/ Yoast SEO Premium plugin. -->","yoast_head_json":{"title":"Championnats du monde de taekwondo : Alth\u00e9a Laurin vice-championne du monde","description":"TAEKWONDO - Apr\u00e8s le bronze olympique, ce sera de l'argent mondial pour Alth\u00e9a Laurin battue en finale de la cat\u00e9gorie des moins de 73 kg","robots":{"index":"index","follow":"follow","max-snippet":"max-snippet:-1","max-image-preview":"max-image-preview:large","max-video-preview":"max-video-preview:-1"},"canonical":"https:\/\/dicodusport.fr\/blog\/championnats-du-monde-de-taekwondo-althea-laurin-vice-championne-du-monde\/","og_locale":"fr_FR","og_type":"article","og_title":"Championnats du monde de taekwondo : Alth\u00e9a Laurin vice-championne du monde","og_description":"TAEKWONDO - Apr\u00e8s le bronze olympique, ce sera de l'argent mondial pour Alth\u00e9a Laurin battue en finale de la cat\u00e9gorie des moins de 73 kg","og_url":"https:\/\/dicodusport.fr\/blog\/championnats-du-monde-de-taekwondo-althea-laurin-vice-championne-du-monde\/","og_site_name":"Dicodusport","article_publisher":"https:\/\/www.facebook.com\/dicodusport","article_author":"https:\/\/www.facebook.com\/Max.Bld2\/","article_published_time":"2021-11-27T15:08:41+00:00","article_modified_time":"2021-11-27T19:13:05+00:00","og_image":[{"width":800,"height":445,"url":"https:\/\/dicodusport.fr\/blog\/wp-content\/uploads\/2021\/11\/Championnats-du-monde-de-taekwondo-Althea-Laurin-vice-championne-du-monde.png","type":"image\/png"}],"author":"Maxime Boulard","twitter_card":"summary_large_image","twitter_title":"Championnats du monde de taekwondo : Alth\u00e9a Laurin vice-championne du monde","twitter_creator":"@https:\/\/twitter.com\/MaximeB_2","twitter_site":"@dicodusport","schema":{"@context":"https:\/\/schema.org","@graph":[{"@type":"NewsArticle","@id":"https:\/\/dicodusport.fr\/blog\/championnats-du-monde-de-taekwondo-althea-laurin-vice-championne-du-monde\/#article","isPartOf":{"@id":"https:\/\/dicodusport.fr\/blog\/championnats-du-monde-de-taekwondo-althea-laurin-vice-championne-du-monde\/"},"author":{"name":"Maxime Boulard","@id":"https:\/\/dicodusport.fr\/blog\/#\/schema\/person\/5aab10ee856e86ac63e9819a9da34784"},"headline":"Championnats du monde de taekwondo : Alth\u00e9a Laurin vice-championne du monde","datePublished":"2021-11-27T15:08:41+00:00","dateModified":"2021-11-27T19:13:05+00:00","mainEntityOfPage":{"@id":"https:\/\/dicodusport.fr\/blog\/championnats-du-monde-de-taekwondo-althea-laurin-vice-championne-du-monde\/"},"wordCount":372,"commentCount":0,"publisher":{"@id":"https:\/\/dicodusport.fr\/blog\/#organization"},"image":{"@id":"https:\/\/dicodusport.fr\/blog\/championnats-du-monde-de-taekwondo-althea-laurin-vice-championne-du-monde\/#primaryimage"},"thumbnailUrl":"https:\/\/dicodusport.fr\/blog\/wp-content\/uploads\/2021\/11\/Championnats-du-monde-de-taekwondo-Althea-Laurin-vice-championne-du-monde.png","keywords":["Alth\u00e9a Laurin","taekwondo"],"articleSection":["Taekwondo"],"inLanguage":"fr-FR","potentialAction":[{"@type":"CommentAction","name":"Comment","target":["https:\/\/dicodusport.fr\/blog\/championnats-du-monde-de-taekwondo-althea-laurin-vice-championne-du-monde\/#respond"]}],"copyrightYear":"2021","copyrightHolder":{"@id":"https:\/\/dicodusport.fr\/blog\/#organization"}},{"@type":"WebPage","@id":"https:\/\/dicodusport.fr\/blog\/championnats-du-monde-de-taekwondo-althea-laurin-vice-championne-du-monde\/","url":"https:\/\/dicodusport.fr\/blog\/championnats-du-monde-de-taekwondo-althea-laurin-vice-championne-du-monde\/","name":"Championnats du monde de taekwondo : Alth\u00e9a Laurin vice-championne du monde","isPartOf":{"@id":"https:\/\/dicodusport.fr\/blog\/#website"},"primaryImageOfPage":{"@id":"https:\/\/dicodusport.fr\/blog\/championnats-du-monde-de-taekwondo-althea-laurin-vice-championne-du-monde\/#primaryimage"},"image":{"@id":"https:\/\/dicodusport.fr\/blog\/championnats-du-monde-de-taekwondo-althea-laurin-vice-championne-du-monde\/#primaryimage"},"thumbnailUrl":"https:\/\/dicodusport.fr\/blog\/wp-content\/uploads\/2021\/11\/Championnats-du-monde-de-taekwondo-Althea-Laurin-vice-championne-du-monde.png","datePublished":"2021-11-27T15:08:41+00:00","dateModified":"2021-11-27T19:13:05+00:00","description":"TAEKWONDO - Apr\u00e8s le bronze olympique, ce sera de l'argent mondial pour Alth\u00e9a Laurin battue en finale de la cat\u00e9gorie des moins de 73 kg","breadcrumb":{"@id":"https:\/\/dicodusport.fr\/blog\/championnats-du-monde-de-taekwondo-althea-laurin-vice-championne-du-monde\/#breadcrumb"},"inLanguage":"fr-FR","potentialAction":[{"@type":"ReadAction","target":["https:\/\/dicodusport.fr\/blog\/championnats-du-monde-de-taekwondo-althea-laurin-vice-championne-du-monde\/"]}]},{"@type":"ImageObject","inLanguage":"fr-FR","@id":"https:\/\/dicodusport.fr\/blog\/championnats-du-monde-de-taekwondo-althea-laurin-vice-championne-du-monde\/#primaryimage","url":"https:\/\/dicodusport.fr\/blog\/wp-content\/uploads\/2021\/11\/Championnats-du-monde-de-taekwondo-Althea-Laurin-vice-championne-du-monde.png","contentUrl":"https:\/\/dicodusport.fr\/blog\/wp-content\/uploads\/2021\/11\/Championnats-du-monde-de-taekwondo-Althea-Laurin-vice-championne-du-monde.png","width":800,"height":445,"caption":"Championnats du monde de taekwondo Alth\u00e9a Laurin vice-championne du monde"},{"@type":"BreadcrumbList","@id":"https:\/\/dicodusport.fr\/blog\/championnats-du-monde-de-taekwondo-althea-laurin-vice-championne-du-monde\/#breadcrumb","itemListElement":[{"@type":"ListItem","position":1,"name":"Accueil","item":"https:\/\/dicodusport.fr\/blog\/"},{"@type":"ListItem","position":2,"name":"Championnats du monde de taekwondo : Alth\u00e9a Laurin vice-championne du monde"}]},{"@type":"WebSite","@id":"https:\/\/dicodusport.fr\/blog\/#website","url":"https:\/\/dicodusport.fr\/blog\/","name":"Dicodusport","description":"L&#039;encyclop\u00e9die de l&#039;actualit\u00e9 sportive","publisher":{"@id":"https:\/\/dicodusport.fr\/blog\/#organization"},"potentialAction":[{"@type":"SearchAction","target":{"@type":"EntryPoint","urlTemplate":"https:\/\/dicodusport.fr\/blog\/?s={search_term_string}"},"query-input":{"@type":"PropertyValueSpecification","valueRequired":true,"valueName":"search_term_string"}}],"inLanguage":"fr-FR"},{"@type":"NewsMediaOrganization","@id":"https:\/\/dicodusport.fr\/blog\/#organization","name":"Dicodusport","url":"https:\/\/dicodusport.fr\/blog\/","logo":{"@type":"ImageObject","inLanguage":"fr-FR","@id":"https:\/\/dicodusport.fr\/blog\/#\/schema\/logo\/image\/","url":"https:\/\/dicodusport.fr\/blog\/wp-content\/uploads\/2020\/06\/cropped-LOGO-DICODUSPORT-2020-SANS-FOND-SANS-TEXTE.png","contentUrl":"https:\/\/dicodusport.fr\/blog\/wp-content\/uploads\/2020\/06\/cropped-LOGO-DICODUSPORT-2020-SANS-FOND-SANS-TEXTE.png","width":512,"height":512,"caption":"Dicodusport"},"image":{"@id":"https:\/\/dicodusport.fr\/blog\/#\/schema\/logo\/image\/"},"sameAs":["https:\/\/www.facebook.com\/dicodusport","https:\/\/x.com\/dicodusport","https:\/\/www.instagram.com\/dicodusport\/","https:\/\/www.youtube.com\/channel\/UC7V2KZ5sd3htJivAbA4ZG3w"],"description":"Dicodusport est l'encyclop\u00e9die de l'actualit\u00e9 sportive.","email":"bonjour@dicodusport.fr","legalName":"DICODUSPORT","foundingDate":"2018-01-14","vatID":"FR71834470973","taxID":"83447097300043","numberOfEmployees":{"@type":"QuantitativeValue","minValue":"1","maxValue":"10"}},{"@type":"Person","@id":"https:\/\/dicodusport.fr\/blog\/#\/schema\/person\/5aab10ee856e86ac63e9819a9da34784","name":"Maxime Boulard","image":{"@type":"ImageObject","inLanguage":"fr-FR","@id":"https:\/\/dicodusport.fr\/blog\/#\/schema\/person\/image\/","url":"https:\/\/dicodusport.fr\/blog\/wp-content\/uploads\/2021\/05\/Maxime-Boulard-150x150.jpg","contentUrl":"https:\/\/dicodusport.fr\/blog\/wp-content\/uploads\/2021\/05\/Maxime-Boulard-150x150.jpg","caption":"Maxime Boulard"},"description":"Journaliste\/r\u00e9dacteur depuis octobre 2020 - Si mon plus vieux souvenir de sport aurait pu m'en d\u00e9go\u00fbter, la finale de la Coupe du monde 2006 a \u00e9t\u00e9 tout le contraire. V\u00e9ritable d\u00e9clencheur d'une passion qui aujourd'hui ne fait que grandir avec le temps, mon leitmotiv est la France qui brille ! Je relate les exploits pass\u00e9s et pr\u00e9sents du sport bleu-blanc-rouge sans m\u00e9nagement depuis octobre 2020. Sport valide ou handisport, aucune diff\u00e9rence, il n'y a que du sport et plusieurs fa\u00e7ons de le pratiquer.","sameAs":["https:\/\/www.facebook.com\/Max.Bld2\/","https:\/\/x.com\/https:\/\/twitter.com\/MaximeB_2"],"url":"https:\/\/dicodusport.fr\/blog\/author\/maxime-b\/"}]}},"_links":{"self":[{"href":"https:\/\/dicodusport.fr\/blog\/wp-json\/wp\/v2\/posts\/181727","targetHints":{"allow":["GET"]}}],"collection":[{"href":"https:\/\/dicodusport.fr\/blog\/wp-json\/wp\/v2\/posts"}],"about":[{"href":"https:\/\/dicodusport.fr\/blog\/wp-json\/wp\/v2\/types\/post"}],"author":[{"embeddable":true,"href":"https:\/\/dicodusport.fr\/blog\/wp-json\/wp\/v2\/users\/43"}],"replies":[{"embeddable":true,"href":"https:\/\/dicodusport.fr\/blog\/wp-json\/wp\/v2\/comments?post=181727"}],"version-history":[{"count":0,"href":"https:\/\/dicodusport.fr\/blog\/wp-json\/wp\/v2\/posts\/181727\/revisions"}],"wp:featuredmedia":[{"embeddable":true,"href":"https:\/\/dicodusport.fr\/blog\/wp-json\/wp\/v2\/media\/181756"}],"wp:attachment":[{"href":"https:\/\/dicodusport.fr\/blog\/wp-json\/wp\/v2\/media?parent=181727"}],"wp:term":[{"taxonomy":"category","embeddable":true,"href":"https:\/\/dicodusport.fr\/blog\/wp-json\/wp\/v2\/categories?post=181727"},{"taxonomy":"post_tag","embeddable":true,"href":"https:\/\/dicodusport.fr\/blog\/wp-json\/wp\/v2\/tags?post=181727"}],"curies":[{"name":"wp","href":"https:\/\/api.w.org\/{rel}","templated":true}]}}