{"id":1822,"date":"2017-05-21T14:46:23","date_gmt":"2017-05-21T13:46:23","guid":{"rendered":"http:\/\/dicodusport.fr\/blog\/?p=1822"},"modified":"2021-04-13T23:19:48","modified_gmt":"2021-04-13T21:19:48","slug":"au-coeur-de-team-dardillat-mois-dicodusport-fr","status":"publish","type":"post","link":"https:\/\/dicodusport.fr\/blog\/au-coeur-de-team-dardillat-mois-dicodusport-fr\/","title":{"rendered":"\u00ab\u00a0Au coeur de la Team Dardillat\u00a0\u00bb, tous les mois sur dicodusport.fr"},"content":{"rendered":"<p style=\"text-align: justify;\"><span style=\"color: #000000;\">Double champion du monde et double champion d&rsquo;Europe, <span style=\"color: #0000ff;\"><a style=\"color: #0000ff;\" href=\"http:\/\/dicodusport.fr\/blog\/valentin-dardillat\/\" target=\"_blank\" rel=\"noopener noreferrer\">Valentin Dardillat<\/a><\/span> est un des pilotes fran\u00e7ais de Jet Ski les plus titr\u00e9s. Alors qu&rsquo;il aura 26 ans en ao\u00fbt, Valentin repart motiv\u00e9 comme jamais pour r\u00e9aliser de grandes performances sur le circuit et c&rsquo;est chaque mois (le 20) qu&rsquo;il viendra vous parler de sa vie de pilote et de celle de son team dans sa chronique, \u00ab\u00a0Au coeur de la team\u00a0Dardillat\u00a0\u00bb.<\/span><\/p>\n<p style=\"text-align: justify;\"><span style=\"text-decoration: underline; color: #000000;\"><strong>Le pourquoi du comment par Benjamin, co-fondateur de dicodusport.fr<\/strong><\/span><\/p>\n<p style=\"text-align: justify;\"><span style=\"color: #000000;\">Valentin est un athl\u00e8te ambitieux qui pratique un sport qui gagne \u00e0 \u00eatre connu. C&rsquo;est pour cela qu&rsquo;on lui donne la possibilit\u00e9 de nous raconter ces aventures tous les mois dans une chronique.<\/span><\/p>\n<p style=\"text-align: justify;\"><span style=\"font-size: 18pt; color: #0000ff;\"><strong style=\"color: #0000ff;\"><span style=\"color: #3366ff;\"><a style=\"color: #3366ff;\" href=\"http:\/\/dicodusport.fr\/blog\/coeur-de-team-dardillat-1-domination-totale-daytona-beach\/\" target=\"_blank\" rel=\"noopener noreferrer\">Au coeur de la Team Dardillat #1<br \/>\n<\/a><a style=\"color: #3366ff;\" href=\"http:\/\/dicodusport.fr\/blog\/coeur-de-team-dardillat-2-debut-de-mois-de-juillet-pour-briller\/\" target=\"_blank\" rel=\"noopener noreferrer\">Au coeur de la Team Dardillat #2<br \/>\n<\/a><a style=\"color: #3366ff;\" href=\"http:\/\/dicodusport.fr\/blog\/coeur-de-team-dardillat-3-podium-championnat-europe\/\" target=\"_blank\" rel=\"noopener noreferrer\">Au coeur de la Team Dardillat #3<\/a><\/span><\/strong><\/span><\/p>\n","protected":false},"excerpt":{"rendered":"<p>Double champion du monde et double champion d&rsquo;Europe, Valentin Dardillat est un des pilotes fran\u00e7ais de Jet Ski les plus titr\u00e9s. Alors qu&rsquo;il aura 26 ans en ao\u00fbt, Valentin repart motiv\u00e9 comme jamais pour r\u00e9aliser de grandes performances sur le circuit et c&rsquo;est chaque mois (le 20) qu&rsquo;il viendra vous parler de sa vie de [&hellip;]<\/p>\n","protected":false},"author":1,"featured_media":1825,"comment_status":"open","ping_status":"closed","sticky":false,"template":"","format":"standard","meta":{"_acf_changed":false,"_daextam_enable_autolinks":"","footnotes":""},"categories":[2],"tags":[981,24],"class_list":["post-1822","post","type-post","status-publish","format-standard","has-post-thumbnail","hentry","category-actualites","tag-course","tag-sport"],"acf":[],"yoast_head":"<!-- This site is optimized with the Yoast SEO Premium plugin v26.7 (Yoast SEO v26.7) - https:\/\/yoast.com\/wordpress\/plugins\/seo\/ -->\n<title>&quot;Au coeur de la Team Dardillat&quot;, tous les mois sur dicodusport.fr<\/title>\n<meta name=\"description\" content=\"Double champion du monde et double champion d&#039;Europe, Valentin Dardillat est un des pilotes fran\u00e7ais de jetski les plus titr\u00e9s.\" \/>\n<meta name=\"robots\" content=\"index, follow, max-snippet:-1, max-image-preview:large, max-video-preview:-1\" \/>\n<link rel=\"canonical\" href=\"https:\/\/dicodusport.fr\/blog\/au-coeur-de-team-dardillat-mois-dicodusport-fr\/\" \/>\n<meta property=\"og:locale\" content=\"fr_FR\" \/>\n<meta property=\"og:type\" content=\"article\" \/>\n<meta property=\"og:title\" content=\"&quot;Au coeur de la Team Dardillat&quot;, tous les mois sur dicodusport.fr\" \/>\n<meta property=\"og:description\" content=\"Double champion du monde et double champion d&#039;Europe, Valentin Dardillat est un des pilotes fran\u00e7ais de jetski les plus titr\u00e9s.\" \/>\n<meta property=\"og:url\" content=\"https:\/\/dicodusport.fr\/blog\/au-coeur-de-team-dardillat-mois-dicodusport-fr\/\" \/>\n<meta property=\"og:site_name\" content=\"Dicodusport\" \/>\n<meta property=\"article:publisher\" content=\"https:\/\/www.facebook.com\/dicodusport\" \/>\n<meta property=\"article:author\" content=\"https:\/\/www.facebook.com\/dicodusport\" \/>\n<meta property=\"article:published_time\" content=\"2017-05-21T13:46:23+00:00\" \/>\n<meta property=\"article:modified_time\" content=\"2021-04-13T21:19:48+00:00\" \/>\n<meta property=\"og:image\" content=\"https:\/\/dicodusport.fr\/blog\/wp-content\/uploads\/2017\/05\/coeur-Valentin-dardillat.png\" \/>\n\t<meta property=\"og:image:width\" content=\"1200\" \/>\n\t<meta property=\"og:image:height\" content=\"670\" \/>\n\t<meta property=\"og:image:type\" content=\"image\/png\" \/>\n<meta name=\"author\" content=\"Nicolas Jacquemard\" \/>\n<meta name=\"twitter:card\" content=\"summary_large_image\" \/>\n<meta name=\"twitter:creator\" content=\"@https:\/\/twitter.com\/Nico_Jacquemard\" \/>\n<meta name=\"twitter:site\" content=\"@dicodusport\" \/>\n<script type=\"application\/ld+json\" class=\"yoast-schema-graph\">{\"@context\":\"https:\/\/schema.org\",\"@graph\":[{\"@type\":\"NewsArticle\",\"@id\":\"https:\/\/dicodusport.fr\/blog\/au-coeur-de-team-dardillat-mois-dicodusport-fr\/#article\",\"isPartOf\":{\"@id\":\"https:\/\/dicodusport.fr\/blog\/au-coeur-de-team-dardillat-mois-dicodusport-fr\/\"},\"author\":{\"name\":\"Nicolas Jacquemard\",\"@id\":\"https:\/\/dicodusport.fr\/blog\/#\/schema\/person\/55dcb50ad410894e431ed812bbb70191\"},\"headline\":\"\u00ab\u00a0Au coeur de la Team Dardillat\u00a0\u00bb, tous les mois sur dicodusport.fr\",\"datePublished\":\"2017-05-21T13:46:23+00:00\",\"dateModified\":\"2021-04-13T21:19:48+00:00\",\"mainEntityOfPage\":{\"@id\":\"https:\/\/dicodusport.fr\/blog\/au-coeur-de-team-dardillat-mois-dicodusport-fr\/\"},\"wordCount\":152,\"commentCount\":0,\"publisher\":{\"@id\":\"https:\/\/dicodusport.fr\/blog\/#organization\"},\"image\":{\"@id\":\"https:\/\/dicodusport.fr\/blog\/au-coeur-de-team-dardillat-mois-dicodusport-fr\/#primaryimage\"},\"thumbnailUrl\":\"https:\/\/dicodusport.fr\/blog\/wp-content\/uploads\/2017\/05\/coeur-Valentin-dardillat.png\",\"keywords\":[\"course\",\"sport\"],\"articleSection\":[\"Actualit\u00e9s\"],\"inLanguage\":\"fr-FR\",\"potentialAction\":[{\"@type\":\"CommentAction\",\"name\":\"Comment\",\"target\":[\"https:\/\/dicodusport.fr\/blog\/au-coeur-de-team-dardillat-mois-dicodusport-fr\/#respond\"]}],\"copyrightYear\":\"2017\",\"copyrightHolder\":{\"@id\":\"https:\/\/dicodusport.fr\/blog\/#organization\"}},{\"@type\":\"WebPage\",\"@id\":\"https:\/\/dicodusport.fr\/blog\/au-coeur-de-team-dardillat-mois-dicodusport-fr\/\",\"url\":\"https:\/\/dicodusport.fr\/blog\/au-coeur-de-team-dardillat-mois-dicodusport-fr\/\",\"name\":\"\\\"Au coeur de la Team Dardillat\\\", tous les mois sur dicodusport.fr\",\"isPartOf\":{\"@id\":\"https:\/\/dicodusport.fr\/blog\/#website\"},\"primaryImageOfPage\":{\"@id\":\"https:\/\/dicodusport.fr\/blog\/au-coeur-de-team-dardillat-mois-dicodusport-fr\/#primaryimage\"},\"image\":{\"@id\":\"https:\/\/dicodusport.fr\/blog\/au-coeur-de-team-dardillat-mois-dicodusport-fr\/#primaryimage\"},\"thumbnailUrl\":\"https:\/\/dicodusport.fr\/blog\/wp-content\/uploads\/2017\/05\/coeur-Valentin-dardillat.png\",\"datePublished\":\"2017-05-21T13:46:23+00:00\",\"dateModified\":\"2021-04-13T21:19:48+00:00\",\"description\":\"Double champion du monde et double champion d'Europe, Valentin Dardillat est un des pilotes fran\u00e7ais de jetski les plus titr\u00e9s.\",\"breadcrumb\":{\"@id\":\"https:\/\/dicodusport.fr\/blog\/au-coeur-de-team-dardillat-mois-dicodusport-fr\/#breadcrumb\"},\"inLanguage\":\"fr-FR\",\"potentialAction\":[{\"@type\":\"ReadAction\",\"target\":[\"https:\/\/dicodusport.fr\/blog\/au-coeur-de-team-dardillat-mois-dicodusport-fr\/\"]}]},{\"@type\":\"ImageObject\",\"inLanguage\":\"fr-FR\",\"@id\":\"https:\/\/dicodusport.fr\/blog\/au-coeur-de-team-dardillat-mois-dicodusport-fr\/#primaryimage\",\"url\":\"https:\/\/dicodusport.fr\/blog\/wp-content\/uploads\/2017\/05\/coeur-Valentin-dardillat.png\",\"contentUrl\":\"https:\/\/dicodusport.fr\/blog\/wp-content\/uploads\/2017\/05\/coeur-Valentin-dardillat.png\",\"width\":1200,\"height\":670,\"caption\":\"coeur team Dardillat\"},{\"@type\":\"BreadcrumbList\",\"@id\":\"https:\/\/dicodusport.fr\/blog\/au-coeur-de-team-dardillat-mois-dicodusport-fr\/#breadcrumb\",\"itemListElement\":[{\"@type\":\"ListItem\",\"position\":1,\"name\":\"Accueil\",\"item\":\"https:\/\/dicodusport.fr\/blog\/\"},{\"@type\":\"ListItem\",\"position\":2,\"name\":\"\u00ab\u00a0Au coeur de la Team Dardillat\u00a0\u00bb, tous les mois sur dicodusport.fr\"}]},{\"@type\":\"WebSite\",\"@id\":\"https:\/\/dicodusport.fr\/blog\/#website\",\"url\":\"https:\/\/dicodusport.fr\/blog\/\",\"name\":\"Dicodusport\",\"description\":\"L&#039;encyclop\u00e9die de l&#039;actualit\u00e9 sportive\",\"publisher\":{\"@id\":\"https:\/\/dicodusport.fr\/blog\/#organization\"},\"potentialAction\":[{\"@type\":\"SearchAction\",\"target\":{\"@type\":\"EntryPoint\",\"urlTemplate\":\"https:\/\/dicodusport.fr\/blog\/?s={search_term_string}\"},\"query-input\":{\"@type\":\"PropertyValueSpecification\",\"valueRequired\":true,\"valueName\":\"search_term_string\"}}],\"inLanguage\":\"fr-FR\"},{\"@type\":\"NewsMediaOrganization\",\"@id\":\"https:\/\/dicodusport.fr\/blog\/#organization\",\"name\":\"Dicodusport\",\"url\":\"https:\/\/dicodusport.fr\/blog\/\",\"logo\":{\"@type\":\"ImageObject\",\"inLanguage\":\"fr-FR\",\"@id\":\"https:\/\/dicodusport.fr\/blog\/#\/schema\/logo\/image\/\",\"url\":\"https:\/\/dicodusport.fr\/blog\/wp-content\/uploads\/2020\/06\/cropped-LOGO-DICODUSPORT-2020-SANS-FOND-SANS-TEXTE.png\",\"contentUrl\":\"https:\/\/dicodusport.fr\/blog\/wp-content\/uploads\/2020\/06\/cropped-LOGO-DICODUSPORT-2020-SANS-FOND-SANS-TEXTE.png\",\"width\":512,\"height\":512,\"caption\":\"Dicodusport\"},\"image\":{\"@id\":\"https:\/\/dicodusport.fr\/blog\/#\/schema\/logo\/image\/\"},\"sameAs\":[\"https:\/\/www.facebook.com\/dicodusport\",\"https:\/\/x.com\/dicodusport\",\"https:\/\/www.instagram.com\/dicodusport\/\",\"https:\/\/www.youtube.com\/channel\/UC7V2KZ5sd3htJivAbA4ZG3w\"],\"description\":\"Dicodusport est l'encyclop\u00e9die de l'actualit\u00e9 sportive.\",\"email\":\"bonjour@dicodusport.fr\",\"legalName\":\"DICODUSPORT\",\"foundingDate\":\"2018-01-14\",\"vatID\":\"FR71834470973\",\"taxID\":\"83447097300043\",\"numberOfEmployees\":{\"@type\":\"QuantitativeValue\",\"minValue\":\"1\",\"maxValue\":\"10\"}},{\"@type\":\"Person\",\"@id\":\"https:\/\/dicodusport.fr\/blog\/#\/schema\/person\/55dcb50ad410894e431ed812bbb70191\",\"name\":\"Nicolas Jacquemard\",\"image\":{\"@type\":\"ImageObject\",\"inLanguage\":\"fr-FR\",\"@id\":\"https:\/\/dicodusport.fr\/blog\/#\/schema\/person\/image\/\",\"url\":\"https:\/\/dicodusport.fr\/blog\/wp-content\/uploads\/2021\/05\/Nicolas-Jacquemard-150x150.jpeg\",\"contentUrl\":\"https:\/\/dicodusport.fr\/blog\/wp-content\/uploads\/2021\/05\/Nicolas-Jacquemard-150x150.jpeg\",\"caption\":\"Nicolas Jacquemard\"},\"description\":\"Passionn\u00e9 de sport et entrepreneur depuis mes 18 ans, la cr\u00e9ation de Dicodusport m'a sembl\u00e9 \u00e9vidente pour participer \u00e0 la m\u00e9diatisation d'un plus grand nombre de sports. Le chemin est long mais avec une \u00e9quipe des plus motiv\u00e9es et les Jeux Olympiques de Paris 2024 en point de mire, nous y arriverons ! Journaliste dans le monde du sport depuis plus de 5 ans, je traite aussi bien de football, de rugby, de biathlon que de cyclisme.\",\"sameAs\":[\"https:\/\/www.facebook.com\/dicodusport\",\"https:\/\/x.com\/https:\/\/twitter.com\/Nico_Jacquemard\"],\"url\":\"https:\/\/dicodusport.fr\/blog\/author\/dicodusport\/\"}]}<\/script>\n<!-- \/ Yoast SEO Premium plugin. -->","yoast_head_json":{"title":"\"Au coeur de la Team Dardillat\", tous les mois sur dicodusport.fr","description":"Double champion du monde et double champion d'Europe, Valentin Dardillat est un des pilotes fran\u00e7ais de jetski les plus titr\u00e9s.","robots":{"index":"index","follow":"follow","max-snippet":"max-snippet:-1","max-image-preview":"max-image-preview:large","max-video-preview":"max-video-preview:-1"},"canonical":"https:\/\/dicodusport.fr\/blog\/au-coeur-de-team-dardillat-mois-dicodusport-fr\/","og_locale":"fr_FR","og_type":"article","og_title":"\"Au coeur de la Team Dardillat\", tous les mois sur dicodusport.fr","og_description":"Double champion du monde et double champion d'Europe, Valentin Dardillat est un des pilotes fran\u00e7ais de jetski les plus titr\u00e9s.","og_url":"https:\/\/dicodusport.fr\/blog\/au-coeur-de-team-dardillat-mois-dicodusport-fr\/","og_site_name":"Dicodusport","article_publisher":"https:\/\/www.facebook.com\/dicodusport","article_author":"https:\/\/www.facebook.com\/dicodusport","article_published_time":"2017-05-21T13:46:23+00:00","article_modified_time":"2021-04-13T21:19:48+00:00","og_image":[{"width":1200,"height":670,"url":"https:\/\/dicodusport.fr\/blog\/wp-content\/uploads\/2017\/05\/coeur-Valentin-dardillat.png","type":"image\/png"}],"author":"Nicolas Jacquemard","twitter_card":"summary_large_image","twitter_creator":"@https:\/\/twitter.com\/Nico_Jacquemard","twitter_site":"@dicodusport","schema":{"@context":"https:\/\/schema.org","@graph":[{"@type":"NewsArticle","@id":"https:\/\/dicodusport.fr\/blog\/au-coeur-de-team-dardillat-mois-dicodusport-fr\/#article","isPartOf":{"@id":"https:\/\/dicodusport.fr\/blog\/au-coeur-de-team-dardillat-mois-dicodusport-fr\/"},"author":{"name":"Nicolas Jacquemard","@id":"https:\/\/dicodusport.fr\/blog\/#\/schema\/person\/55dcb50ad410894e431ed812bbb70191"},"headline":"\u00ab\u00a0Au coeur de la Team Dardillat\u00a0\u00bb, tous les mois sur dicodusport.fr","datePublished":"2017-05-21T13:46:23+00:00","dateModified":"2021-04-13T21:19:48+00:00","mainEntityOfPage":{"@id":"https:\/\/dicodusport.fr\/blog\/au-coeur-de-team-dardillat-mois-dicodusport-fr\/"},"wordCount":152,"commentCount":0,"publisher":{"@id":"https:\/\/dicodusport.fr\/blog\/#organization"},"image":{"@id":"https:\/\/dicodusport.fr\/blog\/au-coeur-de-team-dardillat-mois-dicodusport-fr\/#primaryimage"},"thumbnailUrl":"https:\/\/dicodusport.fr\/blog\/wp-content\/uploads\/2017\/05\/coeur-Valentin-dardillat.png","keywords":["course","sport"],"articleSection":["Actualit\u00e9s"],"inLanguage":"fr-FR","potentialAction":[{"@type":"CommentAction","name":"Comment","target":["https:\/\/dicodusport.fr\/blog\/au-coeur-de-team-dardillat-mois-dicodusport-fr\/#respond"]}],"copyrightYear":"2017","copyrightHolder":{"@id":"https:\/\/dicodusport.fr\/blog\/#organization"}},{"@type":"WebPage","@id":"https:\/\/dicodusport.fr\/blog\/au-coeur-de-team-dardillat-mois-dicodusport-fr\/","url":"https:\/\/dicodusport.fr\/blog\/au-coeur-de-team-dardillat-mois-dicodusport-fr\/","name":"\"Au coeur de la Team Dardillat\", tous les mois sur dicodusport.fr","isPartOf":{"@id":"https:\/\/dicodusport.fr\/blog\/#website"},"primaryImageOfPage":{"@id":"https:\/\/dicodusport.fr\/blog\/au-coeur-de-team-dardillat-mois-dicodusport-fr\/#primaryimage"},"image":{"@id":"https:\/\/dicodusport.fr\/blog\/au-coeur-de-team-dardillat-mois-dicodusport-fr\/#primaryimage"},"thumbnailUrl":"https:\/\/dicodusport.fr\/blog\/wp-content\/uploads\/2017\/05\/coeur-Valentin-dardillat.png","datePublished":"2017-05-21T13:46:23+00:00","dateModified":"2021-04-13T21:19:48+00:00","description":"Double champion du monde et double champion d'Europe, Valentin Dardillat est un des pilotes fran\u00e7ais de jetski les plus titr\u00e9s.","breadcrumb":{"@id":"https:\/\/dicodusport.fr\/blog\/au-coeur-de-team-dardillat-mois-dicodusport-fr\/#breadcrumb"},"inLanguage":"fr-FR","potentialAction":[{"@type":"ReadAction","target":["https:\/\/dicodusport.fr\/blog\/au-coeur-de-team-dardillat-mois-dicodusport-fr\/"]}]},{"@type":"ImageObject","inLanguage":"fr-FR","@id":"https:\/\/dicodusport.fr\/blog\/au-coeur-de-team-dardillat-mois-dicodusport-fr\/#primaryimage","url":"https:\/\/dicodusport.fr\/blog\/wp-content\/uploads\/2017\/05\/coeur-Valentin-dardillat.png","contentUrl":"https:\/\/dicodusport.fr\/blog\/wp-content\/uploads\/2017\/05\/coeur-Valentin-dardillat.png","width":1200,"height":670,"caption":"coeur team Dardillat"},{"@type":"BreadcrumbList","@id":"https:\/\/dicodusport.fr\/blog\/au-coeur-de-team-dardillat-mois-dicodusport-fr\/#breadcrumb","itemListElement":[{"@type":"ListItem","position":1,"name":"Accueil","item":"https:\/\/dicodusport.fr\/blog\/"},{"@type":"ListItem","position":2,"name":"\u00ab\u00a0Au coeur de la Team Dardillat\u00a0\u00bb, tous les mois sur dicodusport.fr"}]},{"@type":"WebSite","@id":"https:\/\/dicodusport.fr\/blog\/#website","url":"https:\/\/dicodusport.fr\/blog\/","name":"Dicodusport","description":"L&#039;encyclop\u00e9die de l&#039;actualit\u00e9 sportive","publisher":{"@id":"https:\/\/dicodusport.fr\/blog\/#organization"},"potentialAction":[{"@type":"SearchAction","target":{"@type":"EntryPoint","urlTemplate":"https:\/\/dicodusport.fr\/blog\/?s={search_term_string}"},"query-input":{"@type":"PropertyValueSpecification","valueRequired":true,"valueName":"search_term_string"}}],"inLanguage":"fr-FR"},{"@type":"NewsMediaOrganization","@id":"https:\/\/dicodusport.fr\/blog\/#organization","name":"Dicodusport","url":"https:\/\/dicodusport.fr\/blog\/","logo":{"@type":"ImageObject","inLanguage":"fr-FR","@id":"https:\/\/dicodusport.fr\/blog\/#\/schema\/logo\/image\/","url":"https:\/\/dicodusport.fr\/blog\/wp-content\/uploads\/2020\/06\/cropped-LOGO-DICODUSPORT-2020-SANS-FOND-SANS-TEXTE.png","contentUrl":"https:\/\/dicodusport.fr\/blog\/wp-content\/uploads\/2020\/06\/cropped-LOGO-DICODUSPORT-2020-SANS-FOND-SANS-TEXTE.png","width":512,"height":512,"caption":"Dicodusport"},"image":{"@id":"https:\/\/dicodusport.fr\/blog\/#\/schema\/logo\/image\/"},"sameAs":["https:\/\/www.facebook.com\/dicodusport","https:\/\/x.com\/dicodusport","https:\/\/www.instagram.com\/dicodusport\/","https:\/\/www.youtube.com\/channel\/UC7V2KZ5sd3htJivAbA4ZG3w"],"description":"Dicodusport est l'encyclop\u00e9die de l'actualit\u00e9 sportive.","email":"bonjour@dicodusport.fr","legalName":"DICODUSPORT","foundingDate":"2018-01-14","vatID":"FR71834470973","taxID":"83447097300043","numberOfEmployees":{"@type":"QuantitativeValue","minValue":"1","maxValue":"10"}},{"@type":"Person","@id":"https:\/\/dicodusport.fr\/blog\/#\/schema\/person\/55dcb50ad410894e431ed812bbb70191","name":"Nicolas Jacquemard","image":{"@type":"ImageObject","inLanguage":"fr-FR","@id":"https:\/\/dicodusport.fr\/blog\/#\/schema\/person\/image\/","url":"https:\/\/dicodusport.fr\/blog\/wp-content\/uploads\/2021\/05\/Nicolas-Jacquemard-150x150.jpeg","contentUrl":"https:\/\/dicodusport.fr\/blog\/wp-content\/uploads\/2021\/05\/Nicolas-Jacquemard-150x150.jpeg","caption":"Nicolas Jacquemard"},"description":"Passionn\u00e9 de sport et entrepreneur depuis mes 18 ans, la cr\u00e9ation de Dicodusport m'a sembl\u00e9 \u00e9vidente pour participer \u00e0 la m\u00e9diatisation d'un plus grand nombre de sports. Le chemin est long mais avec une \u00e9quipe des plus motiv\u00e9es et les Jeux Olympiques de Paris 2024 en point de mire, nous y arriverons ! Journaliste dans le monde du sport depuis plus de 5 ans, je traite aussi bien de football, de rugby, de biathlon que de cyclisme.","sameAs":["https:\/\/www.facebook.com\/dicodusport","https:\/\/x.com\/https:\/\/twitter.com\/Nico_Jacquemard"],"url":"https:\/\/dicodusport.fr\/blog\/author\/dicodusport\/"}]}},"_links":{"self":[{"href":"https:\/\/dicodusport.fr\/blog\/wp-json\/wp\/v2\/posts\/1822","targetHints":{"allow":["GET"]}}],"collection":[{"href":"https:\/\/dicodusport.fr\/blog\/wp-json\/wp\/v2\/posts"}],"about":[{"href":"https:\/\/dicodusport.fr\/blog\/wp-json\/wp\/v2\/types\/post"}],"author":[{"embeddable":true,"href":"https:\/\/dicodusport.fr\/blog\/wp-json\/wp\/v2\/users\/1"}],"replies":[{"embeddable":true,"href":"https:\/\/dicodusport.fr\/blog\/wp-json\/wp\/v2\/comments?post=1822"}],"version-history":[{"count":0,"href":"https:\/\/dicodusport.fr\/blog\/wp-json\/wp\/v2\/posts\/1822\/revisions"}],"wp:featuredmedia":[{"embeddable":true,"href":"https:\/\/dicodusport.fr\/blog\/wp-json\/wp\/v2\/media\/1825"}],"wp:attachment":[{"href":"https:\/\/dicodusport.fr\/blog\/wp-json\/wp\/v2\/media?parent=1822"}],"wp:term":[{"taxonomy":"category","embeddable":true,"href":"https:\/\/dicodusport.fr\/blog\/wp-json\/wp\/v2\/categories?post=1822"},{"taxonomy":"post_tag","embeddable":true,"href":"https:\/\/dicodusport.fr\/blog\/wp-json\/wp\/v2\/tags?post=1822"}],"curies":[{"name":"wp","href":"https:\/\/api.w.org\/{rel}","templated":true}]}}