{"id":182329,"date":"2021-11-29T10:52:02","date_gmt":"2021-11-29T09:52:02","guid":{"rendered":"https:\/\/dicodusport.fr\/blog\/?p=182329&#038;preview=true&#038;preview_id=182329"},"modified":"2021-11-29T10:52:02","modified_gmt":"2021-11-29T09:52:02","slug":"simon-desthieux-c-est-le-reve-d-une-carriere-d-etre-en-jaune","status":"publish","type":"post","link":"https:\/\/dicodusport.fr\/blog\/simon-desthieux-c-est-le-reve-d-une-carriere-d-etre-en-jaune\/","title":{"rendered":"Simon Desthieux : \u00ab\u00a0C&rsquo;est le r\u00eave d&rsquo;une carri\u00e8re d&rsquo;\u00eatre en jaune\u00a0\u00bb"},"content":{"rendered":"<p style=\"text-align: justify;\"><em><strong>COUPE DU MONDE DE BIATHLON &#8211; Sur le podium de l&rsquo;individuel samedi, Simon Desthieux portera le maillot jaune de leader de la Coupe du monde sur la prochaine course, apr\u00e8s une cinqui\u00e8me place sur le sprint d&rsquo;Ostersund.\u00a0<\/strong><\/em><\/p>\n<p style=\"text-align: justify;\">Sur la lanc\u00e9e de sa fin de saison pass\u00e9e, <strong>Simon Desthieux<\/strong> d\u00e9marre tr\u00e8s fort et apr\u00e8s deux courses, il est en t\u00eate du <a href=\"https:\/\/dicodusport.fr\/blog\/biathlon-coupe-du-monde-2021-2022-classement-general-hommes\/\">classement g\u00e9n\u00e9ral de la Coupe du monde<\/a> \u00e0 \u00e9galit\u00e9 de points avec <strong>Johannes Boe<\/strong>. Au micro de <em>La Cha\u00eene L&rsquo;\u00c9quipe<\/em>, il a fait part de sa satisfaction dimanche.<\/p>\n<blockquote>\n<p style=\"text-align: justify;\">C&rsquo;est le r\u00eave d&rsquo;une vie ! Je n&rsquo;ai jamais port\u00e9 de maillot jusque-l\u00e0. J&rsquo;ai d\u00e9j\u00e0 \u00e9t\u00e9 bien plac\u00e9 sur le g\u00e9n\u00e9ral, troisi\u00e8me, deuxi\u00e8me une fois, mais jamais aussi devant. Apr\u00e8s, on n&rsquo;a fait que deux courses, il reste encore beaucoup de choses devant moi, je profite simplement du moment parce que c&rsquo;est chouette. C&rsquo;est le r\u00eave d&rsquo;une carri\u00e8re d&rsquo;\u00eatre en jaune. Quand j&rsquo;ai fait le bilan de la saison pass\u00e9e, je me suis dit l&rsquo;objectif l&rsquo;an prochain, c&rsquo;est un petit Globe, porter des maillots rouges. Je ne me suis pas forc\u00e9ment dit porter le maillot jaune. Peu importe ce qu&rsquo;il adviendra par la suite, je suis content. Content de ce que j&rsquo;ai fait. Je vis les courses les unes apr\u00e8s les autres et je ne me soucie pas de tout \u00e7a. Le but, c&rsquo;est forc\u00e9ment d&rsquo;\u00eatre performant aux Jeux, et pour \u00e7a, si je le suis avant (performant), c&rsquo;est tant mieux. C&rsquo;est \u00e7a ma ligne de conduite.<\/p>\n<\/blockquote>\n<p style=\"text-align: justify;\">Souvent plac\u00e9, il a remport\u00e9 ses deux premi\u00e8res courses en Coupe du monde la saison pass\u00e9e : un sprint \u00e0 Nove Mestro et une mass start \u00e0&#8230; Ostersund !<\/p>\n<blockquote class=\"twitter-tweet\">\n<p dir=\"ltr\" lang=\"fr\">ILS SONT L\u00c0 NOS BLEUS &#x1f4aa;&#x1f1eb;&#x1f1f7; <a href=\"https:\/\/twitter.com\/hashtag\/lequipeBIATHLON?src=hash&amp;ref_src=twsrc%5Etfw\">#lequipeBIATHLON<\/a> <a href=\"https:\/\/t.co\/Ki3HhgK6FV\">pic.twitter.com\/Ki3HhgK6FV<\/a><\/p>\n<p>\u2014 la chaine L&rsquo;\u00c9quipe (@lachainelequipe) <a href=\"https:\/\/twitter.com\/lachainelequipe\/status\/1464962873130729486?ref_src=twsrc%5Etfw\">November 28, 2021<\/a><\/p><\/blockquote>\n<p style=\"text-align: justify;\"><script async src=\"https:\/\/platform.twitter.com\/widgets.js\" charset=\"utf-8\"><\/script><\/p>\n","protected":false},"excerpt":{"rendered":"<p>COUPE DU MONDE DE BIATHLON &#8211; Sur le podium de l&rsquo;individuel samedi, Simon Desthieux portera le maillot jaune de leader de la Coupe du monde sur la prochaine course, apr\u00e8s une cinqui\u00e8me place sur le sprint d&rsquo;Ostersund.\u00a0<\/p>\n","protected":false},"author":1,"featured_media":182331,"comment_status":"open","ping_status":"closed","sticky":false,"template":"","format":"standard","meta":{"_acf_changed":false,"_daextam_enable_autolinks":"","footnotes":""},"categories":[47040],"tags":[15220,2941],"class_list":["post-182329","post","type-post","status-publish","format-standard","has-post-thumbnail","hentry","category-coupe-du-monde-de-biathlon","tag-biathlon-ostersund","tag-simon-desthieux"],"acf":[],"yoast_head":"<!-- This site is optimized with the Yoast SEO Premium plugin v26.7 (Yoast SEO v26.7) - https:\/\/yoast.com\/wordpress\/plugins\/seo\/ -->\n<title>Simon Desthieux : &quot;C&#039;est le r\u00eave d&#039;une carri\u00e8re d&#039;\u00eatre en jaune&quot;<\/title>\n<meta name=\"description\" content=\"COUPE DU MONDE DE BIATHLON - Sur le podium de l&#039;individuel samedi, Simon Desthieux portera le maillot jaune de leader de la Coupe du monde.\" \/>\n<meta name=\"robots\" content=\"index, follow, max-snippet:-1, max-image-preview:large, max-video-preview:-1\" \/>\n<link rel=\"canonical\" href=\"https:\/\/dicodusport.fr\/blog\/simon-desthieux-c-est-le-reve-d-une-carriere-d-etre-en-jaune\/\" \/>\n<meta property=\"og:locale\" content=\"fr_FR\" \/>\n<meta property=\"og:type\" content=\"article\" \/>\n<meta property=\"og:title\" content=\"Simon Desthieux : &quot;C&#039;est le r\u00eave d&#039;une carri\u00e8re d&#039;\u00eatre en jaune&quot;\" \/>\n<meta property=\"og:description\" content=\"COUPE DU MONDE DE BIATHLON - Sur le podium de l&#039;individuel samedi, Simon Desthieux portera le maillot jaune de leader de la Coupe du monde.\" \/>\n<meta property=\"og:url\" content=\"https:\/\/dicodusport.fr\/blog\/simon-desthieux-c-est-le-reve-d-une-carriere-d-etre-en-jaune\/\" \/>\n<meta property=\"og:site_name\" content=\"Dicodusport\" \/>\n<meta property=\"article:publisher\" content=\"https:\/\/www.facebook.com\/dicodusport\" \/>\n<meta property=\"article:author\" content=\"https:\/\/www.facebook.com\/dicodusport\" \/>\n<meta property=\"article:published_time\" content=\"2021-11-29T09:52:02+00:00\" \/>\n<meta property=\"og:image\" content=\"https:\/\/dicodusport.fr\/blog\/wp-content\/uploads\/2021\/11\/Simon-Desthieux-Cest-le-re\u0302ve-dune-carrie\u0300re-de\u0302tre-en-jaune.png\" \/>\n\t<meta property=\"og:image:width\" content=\"800\" \/>\n\t<meta property=\"og:image:height\" content=\"445\" \/>\n\t<meta property=\"og:image:type\" content=\"image\/png\" \/>\n<meta name=\"author\" content=\"Nicolas Jacquemard\" \/>\n<meta name=\"twitter:card\" content=\"summary_large_image\" \/>\n<meta name=\"twitter:title\" content=\"Simon Desthieux : &quot;C&#039;est le r\u00eave d&#039;une carri\u00e8re d&#039;\u00eatre en jaune&quot;\" \/>\n<meta name=\"twitter:creator\" content=\"@https:\/\/twitter.com\/Nico_Jacquemard\" \/>\n<meta name=\"twitter:site\" content=\"@dicodusport\" \/>\n<script type=\"application\/ld+json\" class=\"yoast-schema-graph\">{\"@context\":\"https:\/\/schema.org\",\"@graph\":[{\"@type\":\"NewsArticle\",\"@id\":\"https:\/\/dicodusport.fr\/blog\/simon-desthieux-c-est-le-reve-d-une-carriere-d-etre-en-jaune\/#article\",\"isPartOf\":{\"@id\":\"https:\/\/dicodusport.fr\/blog\/simon-desthieux-c-est-le-reve-d-une-carriere-d-etre-en-jaune\/\"},\"author\":{\"name\":\"Nicolas Jacquemard\",\"@id\":\"https:\/\/dicodusport.fr\/blog\/#\/schema\/person\/55dcb50ad410894e431ed812bbb70191\"},\"headline\":\"Simon Desthieux : \u00ab\u00a0C&rsquo;est le r\u00eave d&rsquo;une carri\u00e8re d&rsquo;\u00eatre en jaune\u00a0\u00bb\",\"datePublished\":\"2021-11-29T09:52:02+00:00\",\"mainEntityOfPage\":{\"@id\":\"https:\/\/dicodusport.fr\/blog\/simon-desthieux-c-est-le-reve-d-une-carriere-d-etre-en-jaune\/\"},\"wordCount\":358,\"commentCount\":0,\"publisher\":{\"@id\":\"https:\/\/dicodusport.fr\/blog\/#organization\"},\"image\":{\"@id\":\"https:\/\/dicodusport.fr\/blog\/simon-desthieux-c-est-le-reve-d-une-carriere-d-etre-en-jaune\/#primaryimage\"},\"thumbnailUrl\":\"https:\/\/dicodusport.fr\/blog\/wp-content\/uploads\/2021\/11\/Simon-Desthieux-Cest-le-re\u0302ve-dune-carrie\u0300re-de\u0302tre-en-jaune.png\",\"keywords\":[\"Biathlon Ostersund\",\"Simon Desthieux\"],\"articleSection\":[\"Coupe du monde de biathlon\"],\"inLanguage\":\"fr-FR\",\"potentialAction\":[{\"@type\":\"CommentAction\",\"name\":\"Comment\",\"target\":[\"https:\/\/dicodusport.fr\/blog\/simon-desthieux-c-est-le-reve-d-une-carriere-d-etre-en-jaune\/#respond\"]}],\"copyrightYear\":\"2021\",\"copyrightHolder\":{\"@id\":\"https:\/\/dicodusport.fr\/blog\/#organization\"}},{\"@type\":\"WebPage\",\"@id\":\"https:\/\/dicodusport.fr\/blog\/simon-desthieux-c-est-le-reve-d-une-carriere-d-etre-en-jaune\/\",\"url\":\"https:\/\/dicodusport.fr\/blog\/simon-desthieux-c-est-le-reve-d-une-carriere-d-etre-en-jaune\/\",\"name\":\"Simon Desthieux : \\\"C'est le r\u00eave d'une carri\u00e8re d'\u00eatre en jaune\\\"\",\"isPartOf\":{\"@id\":\"https:\/\/dicodusport.fr\/blog\/#website\"},\"primaryImageOfPage\":{\"@id\":\"https:\/\/dicodusport.fr\/blog\/simon-desthieux-c-est-le-reve-d-une-carriere-d-etre-en-jaune\/#primaryimage\"},\"image\":{\"@id\":\"https:\/\/dicodusport.fr\/blog\/simon-desthieux-c-est-le-reve-d-une-carriere-d-etre-en-jaune\/#primaryimage\"},\"thumbnailUrl\":\"https:\/\/dicodusport.fr\/blog\/wp-content\/uploads\/2021\/11\/Simon-Desthieux-Cest-le-re\u0302ve-dune-carrie\u0300re-de\u0302tre-en-jaune.png\",\"datePublished\":\"2021-11-29T09:52:02+00:00\",\"description\":\"COUPE DU MONDE DE BIATHLON - Sur le podium de l'individuel samedi, Simon Desthieux portera le maillot jaune de leader de la Coupe du monde.\",\"breadcrumb\":{\"@id\":\"https:\/\/dicodusport.fr\/blog\/simon-desthieux-c-est-le-reve-d-une-carriere-d-etre-en-jaune\/#breadcrumb\"},\"inLanguage\":\"fr-FR\",\"potentialAction\":[{\"@type\":\"ReadAction\",\"target\":[\"https:\/\/dicodusport.fr\/blog\/simon-desthieux-c-est-le-reve-d-une-carriere-d-etre-en-jaune\/\"]}]},{\"@type\":\"ImageObject\",\"inLanguage\":\"fr-FR\",\"@id\":\"https:\/\/dicodusport.fr\/blog\/simon-desthieux-c-est-le-reve-d-une-carriere-d-etre-en-jaune\/#primaryimage\",\"url\":\"https:\/\/dicodusport.fr\/blog\/wp-content\/uploads\/2021\/11\/Simon-Desthieux-Cest-le-re\u0302ve-dune-carrie\u0300re-de\u0302tre-en-jaune.png\",\"contentUrl\":\"https:\/\/dicodusport.fr\/blog\/wp-content\/uploads\/2021\/11\/Simon-Desthieux-Cest-le-re\u0302ve-dune-carrie\u0300re-de\u0302tre-en-jaune.png\",\"width\":800,\"height\":445},{\"@type\":\"BreadcrumbList\",\"@id\":\"https:\/\/dicodusport.fr\/blog\/simon-desthieux-c-est-le-reve-d-une-carriere-d-etre-en-jaune\/#breadcrumb\",\"itemListElement\":[{\"@type\":\"ListItem\",\"position\":1,\"name\":\"Accueil\",\"item\":\"https:\/\/dicodusport.fr\/blog\/\"},{\"@type\":\"ListItem\",\"position\":2,\"name\":\"Simon Desthieux : \u00ab\u00a0C&rsquo;est le r\u00eave d&rsquo;une carri\u00e8re d&rsquo;\u00eatre en jaune\u00a0\u00bb\"}]},{\"@type\":\"WebSite\",\"@id\":\"https:\/\/dicodusport.fr\/blog\/#website\",\"url\":\"https:\/\/dicodusport.fr\/blog\/\",\"name\":\"Dicodusport\",\"description\":\"L&#039;encyclop\u00e9die de l&#039;actualit\u00e9 sportive\",\"publisher\":{\"@id\":\"https:\/\/dicodusport.fr\/blog\/#organization\"},\"potentialAction\":[{\"@type\":\"SearchAction\",\"target\":{\"@type\":\"EntryPoint\",\"urlTemplate\":\"https:\/\/dicodusport.fr\/blog\/?s={search_term_string}\"},\"query-input\":{\"@type\":\"PropertyValueSpecification\",\"valueRequired\":true,\"valueName\":\"search_term_string\"}}],\"inLanguage\":\"fr-FR\"},{\"@type\":\"NewsMediaOrganization\",\"@id\":\"https:\/\/dicodusport.fr\/blog\/#organization\",\"name\":\"Dicodusport\",\"url\":\"https:\/\/dicodusport.fr\/blog\/\",\"logo\":{\"@type\":\"ImageObject\",\"inLanguage\":\"fr-FR\",\"@id\":\"https:\/\/dicodusport.fr\/blog\/#\/schema\/logo\/image\/\",\"url\":\"https:\/\/dicodusport.fr\/blog\/wp-content\/uploads\/2020\/06\/cropped-LOGO-DICODUSPORT-2020-SANS-FOND-SANS-TEXTE.png\",\"contentUrl\":\"https:\/\/dicodusport.fr\/blog\/wp-content\/uploads\/2020\/06\/cropped-LOGO-DICODUSPORT-2020-SANS-FOND-SANS-TEXTE.png\",\"width\":512,\"height\":512,\"caption\":\"Dicodusport\"},\"image\":{\"@id\":\"https:\/\/dicodusport.fr\/blog\/#\/schema\/logo\/image\/\"},\"sameAs\":[\"https:\/\/www.facebook.com\/dicodusport\",\"https:\/\/x.com\/dicodusport\",\"https:\/\/www.instagram.com\/dicodusport\/\",\"https:\/\/www.youtube.com\/channel\/UC7V2KZ5sd3htJivAbA4ZG3w\"],\"description\":\"Dicodusport est l'encyclop\u00e9die de l'actualit\u00e9 sportive.\",\"email\":\"bonjour@dicodusport.fr\",\"legalName\":\"DICODUSPORT\",\"foundingDate\":\"2018-01-14\",\"vatID\":\"FR71834470973\",\"taxID\":\"83447097300043\",\"numberOfEmployees\":{\"@type\":\"QuantitativeValue\",\"minValue\":\"1\",\"maxValue\":\"10\"}},{\"@type\":\"Person\",\"@id\":\"https:\/\/dicodusport.fr\/blog\/#\/schema\/person\/55dcb50ad410894e431ed812bbb70191\",\"name\":\"Nicolas Jacquemard\",\"image\":{\"@type\":\"ImageObject\",\"inLanguage\":\"fr-FR\",\"@id\":\"https:\/\/dicodusport.fr\/blog\/#\/schema\/person\/image\/\",\"url\":\"https:\/\/dicodusport.fr\/blog\/wp-content\/uploads\/2021\/05\/Nicolas-Jacquemard-150x150.jpeg\",\"contentUrl\":\"https:\/\/dicodusport.fr\/blog\/wp-content\/uploads\/2021\/05\/Nicolas-Jacquemard-150x150.jpeg\",\"caption\":\"Nicolas Jacquemard\"},\"description\":\"Passionn\u00e9 de sport et entrepreneur depuis mes 18 ans, la cr\u00e9ation de Dicodusport m'a sembl\u00e9 \u00e9vidente pour participer \u00e0 la m\u00e9diatisation d'un plus grand nombre de sports. Le chemin est long mais avec une \u00e9quipe des plus motiv\u00e9es et les Jeux Olympiques de Paris 2024 en point de mire, nous y arriverons ! Journaliste dans le monde du sport depuis plus de 5 ans, je traite aussi bien de football, de rugby, de biathlon que de cyclisme.\",\"sameAs\":[\"https:\/\/www.facebook.com\/dicodusport\",\"https:\/\/x.com\/https:\/\/twitter.com\/Nico_Jacquemard\"],\"url\":\"https:\/\/dicodusport.fr\/blog\/author\/dicodusport\/\"}]}<\/script>\n<!-- \/ Yoast SEO Premium plugin. -->","yoast_head_json":{"title":"Simon Desthieux : \"C'est le r\u00eave d'une carri\u00e8re d'\u00eatre en jaune\"","description":"COUPE DU MONDE DE BIATHLON - Sur le podium de l'individuel samedi, Simon Desthieux portera le maillot jaune de leader de la Coupe du monde.","robots":{"index":"index","follow":"follow","max-snippet":"max-snippet:-1","max-image-preview":"max-image-preview:large","max-video-preview":"max-video-preview:-1"},"canonical":"https:\/\/dicodusport.fr\/blog\/simon-desthieux-c-est-le-reve-d-une-carriere-d-etre-en-jaune\/","og_locale":"fr_FR","og_type":"article","og_title":"Simon Desthieux : \"C'est le r\u00eave d'une carri\u00e8re d'\u00eatre en jaune\"","og_description":"COUPE DU MONDE DE BIATHLON - Sur le podium de l'individuel samedi, Simon Desthieux portera le maillot jaune de leader de la Coupe du monde.","og_url":"https:\/\/dicodusport.fr\/blog\/simon-desthieux-c-est-le-reve-d-une-carriere-d-etre-en-jaune\/","og_site_name":"Dicodusport","article_publisher":"https:\/\/www.facebook.com\/dicodusport","article_author":"https:\/\/www.facebook.com\/dicodusport","article_published_time":"2021-11-29T09:52:02+00:00","og_image":[{"width":800,"height":445,"url":"https:\/\/dicodusport.fr\/blog\/wp-content\/uploads\/2021\/11\/Simon-Desthieux-Cest-le-re\u0302ve-dune-carrie\u0300re-de\u0302tre-en-jaune.png","type":"image\/png"}],"author":"Nicolas Jacquemard","twitter_card":"summary_large_image","twitter_title":"Simon Desthieux : \"C'est le r\u00eave d'une carri\u00e8re d'\u00eatre en jaune\"","twitter_creator":"@https:\/\/twitter.com\/Nico_Jacquemard","twitter_site":"@dicodusport","schema":{"@context":"https:\/\/schema.org","@graph":[{"@type":"NewsArticle","@id":"https:\/\/dicodusport.fr\/blog\/simon-desthieux-c-est-le-reve-d-une-carriere-d-etre-en-jaune\/#article","isPartOf":{"@id":"https:\/\/dicodusport.fr\/blog\/simon-desthieux-c-est-le-reve-d-une-carriere-d-etre-en-jaune\/"},"author":{"name":"Nicolas Jacquemard","@id":"https:\/\/dicodusport.fr\/blog\/#\/schema\/person\/55dcb50ad410894e431ed812bbb70191"},"headline":"Simon Desthieux : \u00ab\u00a0C&rsquo;est le r\u00eave d&rsquo;une carri\u00e8re d&rsquo;\u00eatre en jaune\u00a0\u00bb","datePublished":"2021-11-29T09:52:02+00:00","mainEntityOfPage":{"@id":"https:\/\/dicodusport.fr\/blog\/simon-desthieux-c-est-le-reve-d-une-carriere-d-etre-en-jaune\/"},"wordCount":358,"commentCount":0,"publisher":{"@id":"https:\/\/dicodusport.fr\/blog\/#organization"},"image":{"@id":"https:\/\/dicodusport.fr\/blog\/simon-desthieux-c-est-le-reve-d-une-carriere-d-etre-en-jaune\/#primaryimage"},"thumbnailUrl":"https:\/\/dicodusport.fr\/blog\/wp-content\/uploads\/2021\/11\/Simon-Desthieux-Cest-le-re\u0302ve-dune-carrie\u0300re-de\u0302tre-en-jaune.png","keywords":["Biathlon Ostersund","Simon Desthieux"],"articleSection":["Coupe du monde de biathlon"],"inLanguage":"fr-FR","potentialAction":[{"@type":"CommentAction","name":"Comment","target":["https:\/\/dicodusport.fr\/blog\/simon-desthieux-c-est-le-reve-d-une-carriere-d-etre-en-jaune\/#respond"]}],"copyrightYear":"2021","copyrightHolder":{"@id":"https:\/\/dicodusport.fr\/blog\/#organization"}},{"@type":"WebPage","@id":"https:\/\/dicodusport.fr\/blog\/simon-desthieux-c-est-le-reve-d-une-carriere-d-etre-en-jaune\/","url":"https:\/\/dicodusport.fr\/blog\/simon-desthieux-c-est-le-reve-d-une-carriere-d-etre-en-jaune\/","name":"Simon Desthieux : \"C'est le r\u00eave d'une carri\u00e8re d'\u00eatre en jaune\"","isPartOf":{"@id":"https:\/\/dicodusport.fr\/blog\/#website"},"primaryImageOfPage":{"@id":"https:\/\/dicodusport.fr\/blog\/simon-desthieux-c-est-le-reve-d-une-carriere-d-etre-en-jaune\/#primaryimage"},"image":{"@id":"https:\/\/dicodusport.fr\/blog\/simon-desthieux-c-est-le-reve-d-une-carriere-d-etre-en-jaune\/#primaryimage"},"thumbnailUrl":"https:\/\/dicodusport.fr\/blog\/wp-content\/uploads\/2021\/11\/Simon-Desthieux-Cest-le-re\u0302ve-dune-carrie\u0300re-de\u0302tre-en-jaune.png","datePublished":"2021-11-29T09:52:02+00:00","description":"COUPE DU MONDE DE BIATHLON - Sur le podium de l'individuel samedi, Simon Desthieux portera le maillot jaune de leader de la Coupe du monde.","breadcrumb":{"@id":"https:\/\/dicodusport.fr\/blog\/simon-desthieux-c-est-le-reve-d-une-carriere-d-etre-en-jaune\/#breadcrumb"},"inLanguage":"fr-FR","potentialAction":[{"@type":"ReadAction","target":["https:\/\/dicodusport.fr\/blog\/simon-desthieux-c-est-le-reve-d-une-carriere-d-etre-en-jaune\/"]}]},{"@type":"ImageObject","inLanguage":"fr-FR","@id":"https:\/\/dicodusport.fr\/blog\/simon-desthieux-c-est-le-reve-d-une-carriere-d-etre-en-jaune\/#primaryimage","url":"https:\/\/dicodusport.fr\/blog\/wp-content\/uploads\/2021\/11\/Simon-Desthieux-Cest-le-re\u0302ve-dune-carrie\u0300re-de\u0302tre-en-jaune.png","contentUrl":"https:\/\/dicodusport.fr\/blog\/wp-content\/uploads\/2021\/11\/Simon-Desthieux-Cest-le-re\u0302ve-dune-carrie\u0300re-de\u0302tre-en-jaune.png","width":800,"height":445},{"@type":"BreadcrumbList","@id":"https:\/\/dicodusport.fr\/blog\/simon-desthieux-c-est-le-reve-d-une-carriere-d-etre-en-jaune\/#breadcrumb","itemListElement":[{"@type":"ListItem","position":1,"name":"Accueil","item":"https:\/\/dicodusport.fr\/blog\/"},{"@type":"ListItem","position":2,"name":"Simon Desthieux : \u00ab\u00a0C&rsquo;est le r\u00eave d&rsquo;une carri\u00e8re d&rsquo;\u00eatre en jaune\u00a0\u00bb"}]},{"@type":"WebSite","@id":"https:\/\/dicodusport.fr\/blog\/#website","url":"https:\/\/dicodusport.fr\/blog\/","name":"Dicodusport","description":"L&#039;encyclop\u00e9die de l&#039;actualit\u00e9 sportive","publisher":{"@id":"https:\/\/dicodusport.fr\/blog\/#organization"},"potentialAction":[{"@type":"SearchAction","target":{"@type":"EntryPoint","urlTemplate":"https:\/\/dicodusport.fr\/blog\/?s={search_term_string}"},"query-input":{"@type":"PropertyValueSpecification","valueRequired":true,"valueName":"search_term_string"}}],"inLanguage":"fr-FR"},{"@type":"NewsMediaOrganization","@id":"https:\/\/dicodusport.fr\/blog\/#organization","name":"Dicodusport","url":"https:\/\/dicodusport.fr\/blog\/","logo":{"@type":"ImageObject","inLanguage":"fr-FR","@id":"https:\/\/dicodusport.fr\/blog\/#\/schema\/logo\/image\/","url":"https:\/\/dicodusport.fr\/blog\/wp-content\/uploads\/2020\/06\/cropped-LOGO-DICODUSPORT-2020-SANS-FOND-SANS-TEXTE.png","contentUrl":"https:\/\/dicodusport.fr\/blog\/wp-content\/uploads\/2020\/06\/cropped-LOGO-DICODUSPORT-2020-SANS-FOND-SANS-TEXTE.png","width":512,"height":512,"caption":"Dicodusport"},"image":{"@id":"https:\/\/dicodusport.fr\/blog\/#\/schema\/logo\/image\/"},"sameAs":["https:\/\/www.facebook.com\/dicodusport","https:\/\/x.com\/dicodusport","https:\/\/www.instagram.com\/dicodusport\/","https:\/\/www.youtube.com\/channel\/UC7V2KZ5sd3htJivAbA4ZG3w"],"description":"Dicodusport est l'encyclop\u00e9die de l'actualit\u00e9 sportive.","email":"bonjour@dicodusport.fr","legalName":"DICODUSPORT","foundingDate":"2018-01-14","vatID":"FR71834470973","taxID":"83447097300043","numberOfEmployees":{"@type":"QuantitativeValue","minValue":"1","maxValue":"10"}},{"@type":"Person","@id":"https:\/\/dicodusport.fr\/blog\/#\/schema\/person\/55dcb50ad410894e431ed812bbb70191","name":"Nicolas Jacquemard","image":{"@type":"ImageObject","inLanguage":"fr-FR","@id":"https:\/\/dicodusport.fr\/blog\/#\/schema\/person\/image\/","url":"https:\/\/dicodusport.fr\/blog\/wp-content\/uploads\/2021\/05\/Nicolas-Jacquemard-150x150.jpeg","contentUrl":"https:\/\/dicodusport.fr\/blog\/wp-content\/uploads\/2021\/05\/Nicolas-Jacquemard-150x150.jpeg","caption":"Nicolas Jacquemard"},"description":"Passionn\u00e9 de sport et entrepreneur depuis mes 18 ans, la cr\u00e9ation de Dicodusport m'a sembl\u00e9 \u00e9vidente pour participer \u00e0 la m\u00e9diatisation d'un plus grand nombre de sports. Le chemin est long mais avec une \u00e9quipe des plus motiv\u00e9es et les Jeux Olympiques de Paris 2024 en point de mire, nous y arriverons ! Journaliste dans le monde du sport depuis plus de 5 ans, je traite aussi bien de football, de rugby, de biathlon que de cyclisme.","sameAs":["https:\/\/www.facebook.com\/dicodusport","https:\/\/x.com\/https:\/\/twitter.com\/Nico_Jacquemard"],"url":"https:\/\/dicodusport.fr\/blog\/author\/dicodusport\/"}]}},"_links":{"self":[{"href":"https:\/\/dicodusport.fr\/blog\/wp-json\/wp\/v2\/posts\/182329","targetHints":{"allow":["GET"]}}],"collection":[{"href":"https:\/\/dicodusport.fr\/blog\/wp-json\/wp\/v2\/posts"}],"about":[{"href":"https:\/\/dicodusport.fr\/blog\/wp-json\/wp\/v2\/types\/post"}],"author":[{"embeddable":true,"href":"https:\/\/dicodusport.fr\/blog\/wp-json\/wp\/v2\/users\/1"}],"replies":[{"embeddable":true,"href":"https:\/\/dicodusport.fr\/blog\/wp-json\/wp\/v2\/comments?post=182329"}],"version-history":[{"count":0,"href":"https:\/\/dicodusport.fr\/blog\/wp-json\/wp\/v2\/posts\/182329\/revisions"}],"wp:featuredmedia":[{"embeddable":true,"href":"https:\/\/dicodusport.fr\/blog\/wp-json\/wp\/v2\/media\/182331"}],"wp:attachment":[{"href":"https:\/\/dicodusport.fr\/blog\/wp-json\/wp\/v2\/media?parent=182329"}],"wp:term":[{"taxonomy":"category","embeddable":true,"href":"https:\/\/dicodusport.fr\/blog\/wp-json\/wp\/v2\/categories?post=182329"},{"taxonomy":"post_tag","embeddable":true,"href":"https:\/\/dicodusport.fr\/blog\/wp-json\/wp\/v2\/tags?post=182329"}],"curies":[{"name":"wp","href":"https:\/\/api.w.org\/{rel}","templated":true}]}}