{"id":182532,"date":"2021-12-10T16:21:47","date_gmt":"2021-12-10T15:21:47","guid":{"rendered":"https:\/\/dicodusport.fr\/blog\/?p=182532&#038;preview=true&#038;preview_id=182532"},"modified":"2025-11-20T18:28:20","modified_gmt":"2025-11-20T17:28:20","slug":"elisez-championne-des-championnes-francaises-2021","status":"publish","type":"post","link":"https:\/\/dicodusport.fr\/blog\/elisez-championne-des-championnes-francaises-2021\/","title":{"rendered":"\u00c9lisez la Championne des Championnes fran\u00e7aises 2021"},"content":{"rendered":"<p style=\"text-align: justify;\"><strong><em>MULTISPORTS &#8211; Comme chaque ann\u00e9e depuis 2018, Dicodusport vous propose d&rsquo;\u00e9lire la Championne des Championnes fran\u00e7aises. Entre Jeux Olympiques et Paralympiques et autres grands \u00e9v\u00e9nements, le choix des 10 nomm\u00e9es n&rsquo;a pas \u00e9t\u00e9 simple. Et il le sera encore moins pour vous, afin de s\u00e9lectionner la sportive tricolore de l&rsquo;ann\u00e9e. \u00c0 vous de jouer !<\/em><\/strong><\/p>\n<h2 style=\"text-align: justify;\">Le palmar\u00e8s<\/h2>\n<table style=\"width: 800px; border-collapse: collapse; border-color: #e6e6e6; border-style: solid;\">\n<tbody>\n<tr>\n<td style=\"background-color: #000000; width: 80px; border-color: #d9d9d9; border-style: solid; text-align: center; vertical-align: middle;\" rowspan=\"3\"><span style=\"color: #ffffff;\"><strong>&#x1f947;<br \/>\n2020<\/strong><\/span><\/td>\n<td style=\"background-color: #e2b756; border-color: #d9d9d9; width: 50px; text-align: center; vertical-align: middle;\"><strong><span style=\"color: #ffffff;\">1.<\/span><\/strong><\/td>\n<td style=\"border-color: #d9d9d9; width: 400px; vertical-align: middle; background-color: #ededed;\"><strong><span style=\"color: #000000;\">Pauline FERRAND-PR\u00c9VOT<\/span><\/strong><\/td>\n<\/tr>\n<tr>\n<td style=\"background-color: #bababa; border-color: #d9d9d9; width: 50px; text-align: center; vertical-align: middle;\"><strong><span style=\"color: #ffffff;\">2.<\/span><\/strong><\/td>\n<td style=\"border-color: #d9d9d9; width: 400px; vertical-align: middle; background-color: #ededed;\"><span style=\"color: #000000;\">Perrine LAFFONT<\/span><\/td>\n<\/tr>\n<tr>\n<td style=\"background-color: #c47e3e; border-color: #d9d9d9; width: 50px; text-align: center; vertical-align: middle;\"><strong><span style=\"color: #ffffff;\">3.<\/span><\/strong><\/td>\n<td style=\"border-color: #d9d9d9; width: 400px; vertical-align: middle; background-color: #ededed;\"><span style=\"color: #000000;\">Clarisse AGBEGNENOU<\/span><\/td>\n<\/tr>\n<tr>\n<td style=\"background-color: #0057ae; width: 80px; border-color: #d9d9d9; border-style: solid; text-align: center; vertical-align: middle;\" rowspan=\"3\">&#x1f947;<br \/>\n<span style=\"color: #ffffff;\"><strong>2019<\/strong><\/span><\/td>\n<td style=\"background-color: #e2b756; border-color: #d9d9d9; width: 50px; text-align: center; vertical-align: middle;\"><strong><span style=\"color: #ffffff;\">1.<\/span><\/strong><\/td>\n<td style=\"border-color: #d9d9d9; width: 400px; vertical-align: middle; background-color: #ededed;\"><span style=\"color: #000000;\"><strong>Pauline FERRAND-PR\u00c9VOT<\/strong><\/span><\/td>\n<\/tr>\n<tr>\n<td style=\"background-color: #bababa; border-color: #d9d9d9; width: 50px; text-align: center; vertical-align: middle;\"><strong><span style=\"color: #ffffff;\">2.<\/span><\/strong><\/td>\n<td style=\"border-color: #d9d9d9; width: 400px; vertical-align: middle; background-color: #ededed;\"><span style=\"color: #000000;\">M\u00e9lanie DE JESUS DOS SANTOS<\/span><\/td>\n<\/tr>\n<tr>\n<td style=\"background-color: #c47e3e; border-color: #d9d9d9; width: 50px; text-align: center; vertical-align: middle;\"><strong><span style=\"color: #ffffff;\">3.<\/span><\/strong><\/td>\n<td style=\"border-color: #d9d9d9; width: 400px; vertical-align: middle; background-color: #ededed;\"><span style=\"color: #000000;\">Clarisse AGBEGNENOU<\/span><\/td>\n<\/tr>\n<tr>\n<td style=\"background-color: #000000; width: 80px; border-color: #d9d9d9; border-style: solid; text-align: center; vertical-align: middle;\" rowspan=\"3\"><span style=\"color: #ffffff;\"><strong>&#x1f947;<br \/>\n2018<\/strong><\/span><\/td>\n<td style=\"background-color: #e2b756; border-color: #d9d9d9; width: 50px; text-align: center; vertical-align: middle;\"><strong><span style=\"color: #ffffff;\">1.<\/span><\/strong><\/td>\n<td style=\"border-color: #d9d9d9; width: 400px; vertical-align: middle; background-color: #ededed;\"><span style=\"color: #000000;\"><strong>M\u00e9lanie DE JESUS DOS SANTOS<\/strong><\/span><\/td>\n<\/tr>\n<tr>\n<td style=\"background-color: #bababa; border-color: #d9d9d9; width: 50px; text-align: center; vertical-align: middle;\"><strong><span style=\"color: #ffffff;\">2.<\/span><\/strong><\/td>\n<td style=\"border-color: #d9d9d9; width: 400px; vertical-align: middle; background-color: #ededed;\"><span style=\"color: #000000;\">Ana\u00efs BESCOND<\/span><\/td>\n<\/tr>\n<tr>\n<td style=\"background-color: #c47e3e; border-color: #d9d9d9; width: 50px; text-align: center; vertical-align: middle;\"><strong><span style=\"color: #ffffff;\">3.<\/span><\/strong><\/td>\n<td style=\"border-color: #d9d9d9; width: 400px; vertical-align: middle; background-color: #ededed;\"><span style=\"color: #000000;\">Marie BOCHET<\/span><\/td>\n<\/tr>\n<\/tbody>\n<\/table>\n<hr \/>\n<h2 style=\"text-align: justify;\">Les nomm\u00e9es pour 2021<\/h2>\n<h3 style=\"text-align: justify;\">Clarisse Agbegnenou &#8211; Judo<\/h3>\n<p style=\"text-align: justify;\">Championne olympique et championne du monde pour la 5\u00e8me fois, et laur\u00e9ate du Masters mondial de Doha dans la cat\u00e9gorie des moins de 63 kg. Championne olympique par \u00e9quipes mixte.<\/p>\n<h3 style=\"text-align: justify;\">N\u00e9lia Barbosa &#8211; Para-cano\u00eb<\/h3>\n<p style=\"text-align: justify;\">Vice-championne paralympique, m\u00e9daill\u00e9e de bronze aux Mondiaux et vice-championne d&rsquo;Europe dans la cat\u00e9gorie KL3 200.<\/p>\n<h3 style=\"text-align: justify;\">Mandy Fran\u00e7ois-\u00c9lie &#8211; Para-athl\u00e9tisme<\/h3>\n<p style=\"text-align: justify;\">M\u00e9daill\u00e9e de bronze sur le 200 m des Jeux Paralympiques et double championne d&rsquo;Europe sur 100 m et 200 m dans la cat\u00e9gorie T37.<\/p>\n<h3 style=\"text-align: justify;\">Perrine Laffont &#8211; Ski de bosses<\/h3>\n<p style=\"text-align: justify;\">Championne du monde en bosses simple et laur\u00e9ate d&rsquo;une 4\u00e8me petit globe en ski de bosses, 5 victoires en Coupe du monde en prime.<\/p>\n<h3 style=\"text-align: justify;\">Loana Lecomte &#8211; VTT Cross-country<\/h3>\n<p style=\"text-align: justify;\">Laur\u00e9ate du classement g\u00e9n\u00e9ral de la Coupe du monde de VTT Cross-country, avec quatre victoires de suite en prime (Albstadt, Nove Mesto, Leogang et Les Gets).<\/p>\n<h3 style=\"text-align: justify;\">Tess Ledeux &#8211; Ski acrobatique<\/h3>\n<p style=\"text-align: justify;\">Laur\u00e9ate du petit globe en ski slopestyle et du gros globe au classement g\u00e9n\u00e9ral de la Coupe du monde de ski acrobatique, avec 4 victoires en Coupe du monde en prime.<\/p>\n<h3 style=\"text-align: justify;\">Marie-Am\u00e9lie Le Fur &#8211; Para-athl\u00e9tisme<\/h3>\n<p style=\"text-align: justify;\">Vice-championne paralympique du saut en longueur et record du monde (6.14 m) battu lors du Grand Prix de Duba\u00ef dans la cat\u00e9gorie T44.<\/p>\n<h3 style=\"text-align: justify;\">Madeleine Malonga &#8211; Judo<\/h3>\n<p style=\"text-align: justify;\">Vice-championne olympique et du monde, laur\u00e9ate du Masters mondial de Doha dans la cat\u00e9gorie des moins de 78 kg. Championne olympique par \u00e9quipes mixtes.<\/p>\n<h3 style=\"text-align: justify;\">Charline Picon &#8211; Voile<\/h3>\n<p style=\"text-align: justify;\">Vice-championne olympique, m\u00e9daill\u00e9e de bronze aux championnats du monde et championne d&rsquo;Europe en planche \u00e0 voile RS:X.<\/p>\n<h3 style=\"text-align: justify;\">Julia Simon &#8211; Biathlon<\/h3>\n<p style=\"text-align: justify;\">Laur\u00e9ate de deux mass starts sur la Coupe du monde de biathlon et championne du monde sur le relais mixte simple aux c\u00f4t\u00e9s d&rsquo;Antonin Guigonnat.<\/p>\n<hr \/>\n<h2 style=\"text-align: justify;\">\u00c0 vous de choisir !<\/h2>\n<p style=\"text-align: justify;\"><span style=\"color: #ff0000;\"><strong><em>Les votes sont termin\u00e9s.<\/em><\/strong><\/span><\/p>\n<p style=\"text-align: justify;\"><a href=\"https:\/\/dicodusport.fr\/blog\/tag\/championne-des-championnes-francaises-2021\/\" class=\"su-button su-button-style-default\" style=\"color:#ffffff;background-color:#0057ae;border-color:#00468c;border-radius:5px\" target=\"_blank\" rel=\"noopener noreferrer\"><span style=\"color:#ffffff;padding:0px 24px;font-size:18px;line-height:36px;border-color:#4d8ac7;border-radius:5px;text-shadow:none\"> <strong>Voir les r\u00e9sultats<\/strong><\/span><\/a>\n<h2 style=\"text-align: justify;\"><strong>\u00c0 voir aussi<\/strong><\/h2>\n<ul>\n<li style=\"text-align: justify;\"><a href=\"https:\/\/dicodusport.fr\/blog\/elisez-le-champion-des-champions-francais-2021\/\"><strong>\u00c9lisez le Champion des Champions fran\u00e7ais 2021<\/strong><\/a><\/li>\n<li style=\"text-align: justify;\"><strong><a href=\"https:\/\/dicodusport.fr\/blog\/elisez-equipe-france-annee-2021\/\">\u00c9lisez l&rsquo;\u00c9quipe fran\u00e7ais de l&rsquo;ann\u00e9e 2021<\/a><\/strong><\/li>\n<\/ul>\n","protected":false},"excerpt":{"rendered":"<p>MULTISPORTS &#8211; Comme chaque ann\u00e9e depuis 2018, Dicodusport vous propose d&rsquo;\u00e9lire la Championne des Championnes fran\u00e7aises de l&rsquo;ann\u00e9e. Entre Jeux Olympiques et Paralympiques et autres grands \u00e9v\u00e9nements, le choix des 10 nomm\u00e9es n&rsquo;a pas \u00e9t\u00e9 simple. Et il le sera encore moins pour vous, afin de s\u00e9lectionner la sportive tricolore de l&rsquo;ann\u00e9e. \u00c0 vous de jouer !<\/p>\n","protected":false},"author":4,"featured_media":182549,"comment_status":"open","ping_status":"closed","sticky":false,"template":"","format":"standard","meta":{"_acf_changed":false,"_daextam_enable_autolinks":"","footnotes":""},"categories":[2316],"tags":[12789,20621,12790],"class_list":["post-182532","post","type-post","status-publish","format-standard","has-post-thumbnail","hentry","category-tous-les-sports","tag-recompense","tag-recompenses-tricolores","tag-sportives-francaises"],"acf":[],"yoast_head":"<!-- This site is optimized with the Yoast SEO Premium plugin v26.7 (Yoast SEO v26.7) - https:\/\/yoast.com\/wordpress\/plugins\/seo\/ -->\n<title>\u00c9lisez la Championne des Championnes fran\u00e7aises 2021<\/title>\n<meta name=\"description\" content=\"Nous avons s\u00e9lectionn\u00e9 10 sportives tricolores qui ont fait r\u00eaver en 2021. Qui sera \u00e9lue Championne des Championnes fran\u00e7aises 2021 ?\" \/>\n<meta name=\"robots\" content=\"index, follow, max-snippet:-1, max-image-preview:large, max-video-preview:-1\" \/>\n<link rel=\"canonical\" href=\"https:\/\/dicodusport.fr\/blog\/elisez-championne-des-championnes-francaises-2021\/\" \/>\n<meta property=\"og:locale\" content=\"fr_FR\" \/>\n<meta property=\"og:type\" content=\"article\" \/>\n<meta property=\"og:title\" content=\"\u00c9lisez la Championne des Championnes fran\u00e7aises 2021\" \/>\n<meta property=\"og:description\" content=\"Nous avons s\u00e9lectionn\u00e9 10 sportives tricolores qui ont fait r\u00eaver en 2021. Qui sera \u00e9lue Championne des Championnes fran\u00e7aises 2021 ?\" \/>\n<meta property=\"og:url\" content=\"https:\/\/dicodusport.fr\/blog\/elisez-championne-des-championnes-francaises-2021\/\" \/>\n<meta property=\"og:site_name\" content=\"Dicodusport\" \/>\n<meta property=\"article:publisher\" content=\"https:\/\/www.facebook.com\/dicodusport\" \/>\n<meta property=\"article:author\" content=\"https:\/\/www.facebook.com\/florent.ostermann\" \/>\n<meta property=\"article:published_time\" content=\"2021-12-10T15:21:47+00:00\" \/>\n<meta property=\"article:modified_time\" content=\"2025-11-20T17:28:20+00:00\" \/>\n<meta property=\"og:image\" content=\"https:\/\/dicodusport.fr\/blog\/wp-content\/uploads\/2021\/11\/Elisez-la-Championne-des-Championnes-francaises-2021.png\" \/>\n\t<meta property=\"og:image:width\" content=\"800\" \/>\n\t<meta property=\"og:image:height\" content=\"445\" \/>\n\t<meta property=\"og:image:type\" content=\"image\/png\" \/>\n<meta name=\"author\" content=\"Flo Ostermann\" \/>\n<meta name=\"twitter:card\" content=\"summary_large_image\" \/>\n<meta name=\"twitter:title\" content=\"\u00c9lisez la Championne des Championnes fran\u00e7aises 2021\" \/>\n<meta name=\"twitter:image\" content=\"https:\/\/dicodusport.fr\/blog\/wp-content\/uploads\/2021\/11\/Elisez-la-Championne-des-Championnes-francaises-2021.png\" \/>\n<meta name=\"twitter:creator\" content=\"@https:\/\/twitter.com\/FlOstermann\" \/>\n<meta name=\"twitter:site\" content=\"@dicodusport\" \/>\n<script type=\"application\/ld+json\" class=\"yoast-schema-graph\">{\"@context\":\"https:\/\/schema.org\",\"@graph\":[{\"@type\":\"NewsArticle\",\"@id\":\"https:\/\/dicodusport.fr\/blog\/elisez-championne-des-championnes-francaises-2021\/#article\",\"isPartOf\":{\"@id\":\"https:\/\/dicodusport.fr\/blog\/elisez-championne-des-championnes-francaises-2021\/\"},\"author\":{\"name\":\"Flo Ostermann\",\"@id\":\"https:\/\/dicodusport.fr\/blog\/#\/schema\/person\/cb02af4c173ce4a653b55e9baf388d4a\"},\"headline\":\"\u00c9lisez la Championne des Championnes fran\u00e7aises 2021\",\"datePublished\":\"2021-12-10T15:21:47+00:00\",\"dateModified\":\"2025-11-20T17:28:20+00:00\",\"mainEntityOfPage\":{\"@id\":\"https:\/\/dicodusport.fr\/blog\/elisez-championne-des-championnes-francaises-2021\/\"},\"wordCount\":471,\"commentCount\":1,\"publisher\":{\"@id\":\"https:\/\/dicodusport.fr\/blog\/#organization\"},\"image\":{\"@id\":\"https:\/\/dicodusport.fr\/blog\/elisez-championne-des-championnes-francaises-2021\/#primaryimage\"},\"thumbnailUrl\":\"https:\/\/dicodusport.fr\/blog\/wp-content\/uploads\/2021\/11\/Elisez-la-Championne-des-Championnes-francaises-2021.png\",\"keywords\":[\"R\u00e9compense\",\"R\u00e9compenses tricolores\",\"Sportives fran\u00e7aises\"],\"articleSection\":[\"Sports\"],\"inLanguage\":\"fr-FR\",\"potentialAction\":[{\"@type\":\"CommentAction\",\"name\":\"Comment\",\"target\":[\"https:\/\/dicodusport.fr\/blog\/elisez-championne-des-championnes-francaises-2021\/#respond\"]}],\"copyrightYear\":\"2021\",\"copyrightHolder\":{\"@id\":\"https:\/\/dicodusport.fr\/blog\/#organization\"}},{\"@type\":\"WebPage\",\"@id\":\"https:\/\/dicodusport.fr\/blog\/elisez-championne-des-championnes-francaises-2021\/\",\"url\":\"https:\/\/dicodusport.fr\/blog\/elisez-championne-des-championnes-francaises-2021\/\",\"name\":\"\u00c9lisez la Championne des Championnes fran\u00e7aises 2021\",\"isPartOf\":{\"@id\":\"https:\/\/dicodusport.fr\/blog\/#website\"},\"primaryImageOfPage\":{\"@id\":\"https:\/\/dicodusport.fr\/blog\/elisez-championne-des-championnes-francaises-2021\/#primaryimage\"},\"image\":{\"@id\":\"https:\/\/dicodusport.fr\/blog\/elisez-championne-des-championnes-francaises-2021\/#primaryimage\"},\"thumbnailUrl\":\"https:\/\/dicodusport.fr\/blog\/wp-content\/uploads\/2021\/11\/Elisez-la-Championne-des-Championnes-francaises-2021.png\",\"datePublished\":\"2021-12-10T15:21:47+00:00\",\"dateModified\":\"2025-11-20T17:28:20+00:00\",\"description\":\"Nous avons s\u00e9lectionn\u00e9 10 sportives tricolores qui ont fait r\u00eaver en 2021. Qui sera \u00e9lue Championne des Championnes fran\u00e7aises 2021 ?\",\"breadcrumb\":{\"@id\":\"https:\/\/dicodusport.fr\/blog\/elisez-championne-des-championnes-francaises-2021\/#breadcrumb\"},\"inLanguage\":\"fr-FR\",\"potentialAction\":[{\"@type\":\"ReadAction\",\"target\":[\"https:\/\/dicodusport.fr\/blog\/elisez-championne-des-championnes-francaises-2021\/\"]}]},{\"@type\":\"ImageObject\",\"inLanguage\":\"fr-FR\",\"@id\":\"https:\/\/dicodusport.fr\/blog\/elisez-championne-des-championnes-francaises-2021\/#primaryimage\",\"url\":\"https:\/\/dicodusport.fr\/blog\/wp-content\/uploads\/2021\/11\/Elisez-la-Championne-des-Championnes-francaises-2021.png\",\"contentUrl\":\"https:\/\/dicodusport.fr\/blog\/wp-content\/uploads\/2021\/11\/Elisez-la-Championne-des-Championnes-francaises-2021.png\",\"width\":800,\"height\":445,\"caption\":\"\u00c9lisez la Championne des Championnes fran\u00e7aises 2021\"},{\"@type\":\"BreadcrumbList\",\"@id\":\"https:\/\/dicodusport.fr\/blog\/elisez-championne-des-championnes-francaises-2021\/#breadcrumb\",\"itemListElement\":[{\"@type\":\"ListItem\",\"position\":1,\"name\":\"Accueil\",\"item\":\"https:\/\/dicodusport.fr\/blog\/\"},{\"@type\":\"ListItem\",\"position\":2,\"name\":\"\u00c9lisez la Championne des Championnes fran\u00e7aises 2021\"}]},{\"@type\":\"WebSite\",\"@id\":\"https:\/\/dicodusport.fr\/blog\/#website\",\"url\":\"https:\/\/dicodusport.fr\/blog\/\",\"name\":\"Dicodusport\",\"description\":\"L&#039;encyclop\u00e9die de l&#039;actualit\u00e9 sportive\",\"publisher\":{\"@id\":\"https:\/\/dicodusport.fr\/blog\/#organization\"},\"potentialAction\":[{\"@type\":\"SearchAction\",\"target\":{\"@type\":\"EntryPoint\",\"urlTemplate\":\"https:\/\/dicodusport.fr\/blog\/?s={search_term_string}\"},\"query-input\":{\"@type\":\"PropertyValueSpecification\",\"valueRequired\":true,\"valueName\":\"search_term_string\"}}],\"inLanguage\":\"fr-FR\"},{\"@type\":\"NewsMediaOrganization\",\"@id\":\"https:\/\/dicodusport.fr\/blog\/#organization\",\"name\":\"Dicodusport\",\"url\":\"https:\/\/dicodusport.fr\/blog\/\",\"logo\":{\"@type\":\"ImageObject\",\"inLanguage\":\"fr-FR\",\"@id\":\"https:\/\/dicodusport.fr\/blog\/#\/schema\/logo\/image\/\",\"url\":\"https:\/\/dicodusport.fr\/blog\/wp-content\/uploads\/2020\/06\/cropped-LOGO-DICODUSPORT-2020-SANS-FOND-SANS-TEXTE.png\",\"contentUrl\":\"https:\/\/dicodusport.fr\/blog\/wp-content\/uploads\/2020\/06\/cropped-LOGO-DICODUSPORT-2020-SANS-FOND-SANS-TEXTE.png\",\"width\":512,\"height\":512,\"caption\":\"Dicodusport\"},\"image\":{\"@id\":\"https:\/\/dicodusport.fr\/blog\/#\/schema\/logo\/image\/\"},\"sameAs\":[\"https:\/\/www.facebook.com\/dicodusport\",\"https:\/\/x.com\/dicodusport\",\"https:\/\/www.instagram.com\/dicodusport\/\",\"https:\/\/www.youtube.com\/channel\/UC7V2KZ5sd3htJivAbA4ZG3w\"],\"description\":\"Dicodusport est l'encyclop\u00e9die de l'actualit\u00e9 sportive.\",\"email\":\"bonjour@dicodusport.fr\",\"legalName\":\"DICODUSPORT\",\"foundingDate\":\"2018-01-14\",\"vatID\":\"FR71834470973\",\"taxID\":\"83447097300043\",\"numberOfEmployees\":{\"@type\":\"QuantitativeValue\",\"minValue\":\"1\",\"maxValue\":\"10\"}},{\"@type\":\"Person\",\"@id\":\"https:\/\/dicodusport.fr\/blog\/#\/schema\/person\/cb02af4c173ce4a653b55e9baf388d4a\",\"name\":\"Flo Ostermann\",\"image\":{\"@type\":\"ImageObject\",\"inLanguage\":\"fr-FR\",\"@id\":\"https:\/\/dicodusport.fr\/blog\/#\/schema\/person\/image\/\",\"url\":\"https:\/\/dicodusport.fr\/blog\/wp-content\/uploads\/2021\/05\/Flo-Ostermann-150x150.jpg\",\"contentUrl\":\"https:\/\/dicodusport.fr\/blog\/wp-content\/uploads\/2021\/05\/Flo-Ostermann-150x150.jpg\",\"caption\":\"Flo Ostermann\"},\"description\":\"Journaliste\/R\u00e9dacteur depuis septembre 2015 - Mes premiers souvenirs dans le sport ? Les envol\u00e9es du Stade Toulousain et les duels Villeneuve-Schumacher et H\u00e4kkinen-Schumacher \u00e0 la fin des ann\u00e9es 90, la Coupe du monde de football en 1998, l\u2019exploit du XV de France face aux All Blacks en 1999, mais aussi Richard C\u0153ur de Lion qui vole sur les montagnes du Tour de France. Bien parti pour devenir professeur d\u2019EPS, les \u00e9v\u00e9nements de la vie (et la flemme d\u2019animer des s\u00e9ances de 3x500 m\u00e8tres toute ma vie) m\u2019ont conduit \u00e0 revoir mes plans. Me voil\u00e0 depuis fin 2017 sur Dicodusport, m\u00e9dia gr\u00e2ce (et pour) lequel je partage ma passion : le sport dans tous ses \u00e9tats. Le tout accompagn\u00e9 par les fous furieux et folles furieuses cit\u00e9s sur cette page !\",\"sameAs\":[\"https:\/\/www.facebook.com\/florent.ostermann\",\"https:\/\/x.com\/https:\/\/twitter.com\/FlOstermann\",\"admin\"],\"url\":\"https:\/\/dicodusport.fr\/blog\/author\/flo\/\"}]}<\/script>\n<!-- \/ Yoast SEO Premium plugin. -->","yoast_head_json":{"title":"\u00c9lisez la Championne des Championnes fran\u00e7aises 2021","description":"Nous avons s\u00e9lectionn\u00e9 10 sportives tricolores qui ont fait r\u00eaver en 2021. Qui sera \u00e9lue Championne des Championnes fran\u00e7aises 2021 ?","robots":{"index":"index","follow":"follow","max-snippet":"max-snippet:-1","max-image-preview":"max-image-preview:large","max-video-preview":"max-video-preview:-1"},"canonical":"https:\/\/dicodusport.fr\/blog\/elisez-championne-des-championnes-francaises-2021\/","og_locale":"fr_FR","og_type":"article","og_title":"\u00c9lisez la Championne des Championnes fran\u00e7aises 2021","og_description":"Nous avons s\u00e9lectionn\u00e9 10 sportives tricolores qui ont fait r\u00eaver en 2021. Qui sera \u00e9lue Championne des Championnes fran\u00e7aises 2021 ?","og_url":"https:\/\/dicodusport.fr\/blog\/elisez-championne-des-championnes-francaises-2021\/","og_site_name":"Dicodusport","article_publisher":"https:\/\/www.facebook.com\/dicodusport","article_author":"https:\/\/www.facebook.com\/florent.ostermann","article_published_time":"2021-12-10T15:21:47+00:00","article_modified_time":"2025-11-20T17:28:20+00:00","og_image":[{"width":800,"height":445,"url":"https:\/\/dicodusport.fr\/blog\/wp-content\/uploads\/2021\/11\/Elisez-la-Championne-des-Championnes-francaises-2021.png","type":"image\/png"}],"author":"Flo Ostermann","twitter_card":"summary_large_image","twitter_title":"\u00c9lisez la Championne des Championnes fran\u00e7aises 2021","twitter_image":"https:\/\/dicodusport.fr\/blog\/wp-content\/uploads\/2021\/11\/Elisez-la-Championne-des-Championnes-francaises-2021.png","twitter_creator":"@https:\/\/twitter.com\/FlOstermann","twitter_site":"@dicodusport","schema":{"@context":"https:\/\/schema.org","@graph":[{"@type":"NewsArticle","@id":"https:\/\/dicodusport.fr\/blog\/elisez-championne-des-championnes-francaises-2021\/#article","isPartOf":{"@id":"https:\/\/dicodusport.fr\/blog\/elisez-championne-des-championnes-francaises-2021\/"},"author":{"name":"Flo Ostermann","@id":"https:\/\/dicodusport.fr\/blog\/#\/schema\/person\/cb02af4c173ce4a653b55e9baf388d4a"},"headline":"\u00c9lisez la Championne des Championnes fran\u00e7aises 2021","datePublished":"2021-12-10T15:21:47+00:00","dateModified":"2025-11-20T17:28:20+00:00","mainEntityOfPage":{"@id":"https:\/\/dicodusport.fr\/blog\/elisez-championne-des-championnes-francaises-2021\/"},"wordCount":471,"commentCount":1,"publisher":{"@id":"https:\/\/dicodusport.fr\/blog\/#organization"},"image":{"@id":"https:\/\/dicodusport.fr\/blog\/elisez-championne-des-championnes-francaises-2021\/#primaryimage"},"thumbnailUrl":"https:\/\/dicodusport.fr\/blog\/wp-content\/uploads\/2021\/11\/Elisez-la-Championne-des-Championnes-francaises-2021.png","keywords":["R\u00e9compense","R\u00e9compenses tricolores","Sportives fran\u00e7aises"],"articleSection":["Sports"],"inLanguage":"fr-FR","potentialAction":[{"@type":"CommentAction","name":"Comment","target":["https:\/\/dicodusport.fr\/blog\/elisez-championne-des-championnes-francaises-2021\/#respond"]}],"copyrightYear":"2021","copyrightHolder":{"@id":"https:\/\/dicodusport.fr\/blog\/#organization"}},{"@type":"WebPage","@id":"https:\/\/dicodusport.fr\/blog\/elisez-championne-des-championnes-francaises-2021\/","url":"https:\/\/dicodusport.fr\/blog\/elisez-championne-des-championnes-francaises-2021\/","name":"\u00c9lisez la Championne des Championnes fran\u00e7aises 2021","isPartOf":{"@id":"https:\/\/dicodusport.fr\/blog\/#website"},"primaryImageOfPage":{"@id":"https:\/\/dicodusport.fr\/blog\/elisez-championne-des-championnes-francaises-2021\/#primaryimage"},"image":{"@id":"https:\/\/dicodusport.fr\/blog\/elisez-championne-des-championnes-francaises-2021\/#primaryimage"},"thumbnailUrl":"https:\/\/dicodusport.fr\/blog\/wp-content\/uploads\/2021\/11\/Elisez-la-Championne-des-Championnes-francaises-2021.png","datePublished":"2021-12-10T15:21:47+00:00","dateModified":"2025-11-20T17:28:20+00:00","description":"Nous avons s\u00e9lectionn\u00e9 10 sportives tricolores qui ont fait r\u00eaver en 2021. Qui sera \u00e9lue Championne des Championnes fran\u00e7aises 2021 ?","breadcrumb":{"@id":"https:\/\/dicodusport.fr\/blog\/elisez-championne-des-championnes-francaises-2021\/#breadcrumb"},"inLanguage":"fr-FR","potentialAction":[{"@type":"ReadAction","target":["https:\/\/dicodusport.fr\/blog\/elisez-championne-des-championnes-francaises-2021\/"]}]},{"@type":"ImageObject","inLanguage":"fr-FR","@id":"https:\/\/dicodusport.fr\/blog\/elisez-championne-des-championnes-francaises-2021\/#primaryimage","url":"https:\/\/dicodusport.fr\/blog\/wp-content\/uploads\/2021\/11\/Elisez-la-Championne-des-Championnes-francaises-2021.png","contentUrl":"https:\/\/dicodusport.fr\/blog\/wp-content\/uploads\/2021\/11\/Elisez-la-Championne-des-Championnes-francaises-2021.png","width":800,"height":445,"caption":"\u00c9lisez la Championne des Championnes fran\u00e7aises 2021"},{"@type":"BreadcrumbList","@id":"https:\/\/dicodusport.fr\/blog\/elisez-championne-des-championnes-francaises-2021\/#breadcrumb","itemListElement":[{"@type":"ListItem","position":1,"name":"Accueil","item":"https:\/\/dicodusport.fr\/blog\/"},{"@type":"ListItem","position":2,"name":"\u00c9lisez la Championne des Championnes fran\u00e7aises 2021"}]},{"@type":"WebSite","@id":"https:\/\/dicodusport.fr\/blog\/#website","url":"https:\/\/dicodusport.fr\/blog\/","name":"Dicodusport","description":"L&#039;encyclop\u00e9die de l&#039;actualit\u00e9 sportive","publisher":{"@id":"https:\/\/dicodusport.fr\/blog\/#organization"},"potentialAction":[{"@type":"SearchAction","target":{"@type":"EntryPoint","urlTemplate":"https:\/\/dicodusport.fr\/blog\/?s={search_term_string}"},"query-input":{"@type":"PropertyValueSpecification","valueRequired":true,"valueName":"search_term_string"}}],"inLanguage":"fr-FR"},{"@type":"NewsMediaOrganization","@id":"https:\/\/dicodusport.fr\/blog\/#organization","name":"Dicodusport","url":"https:\/\/dicodusport.fr\/blog\/","logo":{"@type":"ImageObject","inLanguage":"fr-FR","@id":"https:\/\/dicodusport.fr\/blog\/#\/schema\/logo\/image\/","url":"https:\/\/dicodusport.fr\/blog\/wp-content\/uploads\/2020\/06\/cropped-LOGO-DICODUSPORT-2020-SANS-FOND-SANS-TEXTE.png","contentUrl":"https:\/\/dicodusport.fr\/blog\/wp-content\/uploads\/2020\/06\/cropped-LOGO-DICODUSPORT-2020-SANS-FOND-SANS-TEXTE.png","width":512,"height":512,"caption":"Dicodusport"},"image":{"@id":"https:\/\/dicodusport.fr\/blog\/#\/schema\/logo\/image\/"},"sameAs":["https:\/\/www.facebook.com\/dicodusport","https:\/\/x.com\/dicodusport","https:\/\/www.instagram.com\/dicodusport\/","https:\/\/www.youtube.com\/channel\/UC7V2KZ5sd3htJivAbA4ZG3w"],"description":"Dicodusport est l'encyclop\u00e9die de l'actualit\u00e9 sportive.","email":"bonjour@dicodusport.fr","legalName":"DICODUSPORT","foundingDate":"2018-01-14","vatID":"FR71834470973","taxID":"83447097300043","numberOfEmployees":{"@type":"QuantitativeValue","minValue":"1","maxValue":"10"}},{"@type":"Person","@id":"https:\/\/dicodusport.fr\/blog\/#\/schema\/person\/cb02af4c173ce4a653b55e9baf388d4a","name":"Flo Ostermann","image":{"@type":"ImageObject","inLanguage":"fr-FR","@id":"https:\/\/dicodusport.fr\/blog\/#\/schema\/person\/image\/","url":"https:\/\/dicodusport.fr\/blog\/wp-content\/uploads\/2021\/05\/Flo-Ostermann-150x150.jpg","contentUrl":"https:\/\/dicodusport.fr\/blog\/wp-content\/uploads\/2021\/05\/Flo-Ostermann-150x150.jpg","caption":"Flo Ostermann"},"description":"Journaliste\/R\u00e9dacteur depuis septembre 2015 - Mes premiers souvenirs dans le sport ? Les envol\u00e9es du Stade Toulousain et les duels Villeneuve-Schumacher et H\u00e4kkinen-Schumacher \u00e0 la fin des ann\u00e9es 90, la Coupe du monde de football en 1998, l\u2019exploit du XV de France face aux All Blacks en 1999, mais aussi Richard C\u0153ur de Lion qui vole sur les montagnes du Tour de France. Bien parti pour devenir professeur d\u2019EPS, les \u00e9v\u00e9nements de la vie (et la flemme d\u2019animer des s\u00e9ances de 3x500 m\u00e8tres toute ma vie) m\u2019ont conduit \u00e0 revoir mes plans. Me voil\u00e0 depuis fin 2017 sur Dicodusport, m\u00e9dia gr\u00e2ce (et pour) lequel je partage ma passion : le sport dans tous ses \u00e9tats. Le tout accompagn\u00e9 par les fous furieux et folles furieuses cit\u00e9s sur cette page !","sameAs":["https:\/\/www.facebook.com\/florent.ostermann","https:\/\/x.com\/https:\/\/twitter.com\/FlOstermann","admin"],"url":"https:\/\/dicodusport.fr\/blog\/author\/flo\/"}]}},"_links":{"self":[{"href":"https:\/\/dicodusport.fr\/blog\/wp-json\/wp\/v2\/posts\/182532","targetHints":{"allow":["GET"]}}],"collection":[{"href":"https:\/\/dicodusport.fr\/blog\/wp-json\/wp\/v2\/posts"}],"about":[{"href":"https:\/\/dicodusport.fr\/blog\/wp-json\/wp\/v2\/types\/post"}],"author":[{"embeddable":true,"href":"https:\/\/dicodusport.fr\/blog\/wp-json\/wp\/v2\/users\/4"}],"replies":[{"embeddable":true,"href":"https:\/\/dicodusport.fr\/blog\/wp-json\/wp\/v2\/comments?post=182532"}],"version-history":[{"count":1,"href":"https:\/\/dicodusport.fr\/blog\/wp-json\/wp\/v2\/posts\/182532\/revisions"}],"predecessor-version":[{"id":626886,"href":"https:\/\/dicodusport.fr\/blog\/wp-json\/wp\/v2\/posts\/182532\/revisions\/626886"}],"wp:featuredmedia":[{"embeddable":true,"href":"https:\/\/dicodusport.fr\/blog\/wp-json\/wp\/v2\/media\/182549"}],"wp:attachment":[{"href":"https:\/\/dicodusport.fr\/blog\/wp-json\/wp\/v2\/media?parent=182532"}],"wp:term":[{"taxonomy":"category","embeddable":true,"href":"https:\/\/dicodusport.fr\/blog\/wp-json\/wp\/v2\/categories?post=182532"},{"taxonomy":"post_tag","embeddable":true,"href":"https:\/\/dicodusport.fr\/blog\/wp-json\/wp\/v2\/tags?post=182532"}],"curies":[{"name":"wp","href":"https:\/\/api.w.org\/{rel}","templated":true}]}}