{"id":182566,"date":"2021-11-30T13:55:59","date_gmt":"2021-11-30T12:55:59","guid":{"rendered":"https:\/\/dicodusport.fr\/blog\/?p=182566"},"modified":"2021-11-30T13:55:59","modified_gmt":"2021-11-30T12:55:59","slug":"urc-neuf-nouveaux-cas-de-covid-19-detectes-dans-leffectif-du-munster","status":"publish","type":"post","link":"https:\/\/dicodusport.fr\/blog\/urc-neuf-nouveaux-cas-de-covid-19-detectes-dans-leffectif-du-munster\/","title":{"rendered":"URC : Neuf nouveaux cas de Covid-19 d\u00e9tect\u00e9s dans l&rsquo;effectif du Munster"},"content":{"rendered":"<p style=\"text-align: justify;\"><em><b>RUGBY &#8211; Dimanche dernier, un joueur du Munster \u00e9tait test\u00e9 positif au Covid-19, provoquant la n\u00e9cessit\u00e9 d&rsquo;effectuer de nouveaux tests pour le reste de l&rsquo;effectif. R\u00e9alis\u00e9s hier, ces tests ont r\u00e9v\u00e9l\u00e9, ce matin, neuf nouveaux cas de Covid-19.\u00a0<\/b><\/em><\/p>\n<p style=\"text-align: justify;\">Le cauchemar continue pour le club irlandais. Dans le cadre du <em>United Rugby Championship<\/em>, le <strong>Munster<\/strong> se trouvait en Afrique du Sud pour affronter plusieurs provinces locales. Malheureusement, les nouvelles complications dans le pays, li\u00e9es notamment \u00e0 l&rsquo;apparition du variant Omicron, ont d\u00fb interrompre cette tourn\u00e9e. Ce week-end, le Munster a communiqu\u00e9 sur un premier cas de Covid-19 d\u00e9tect\u00e9 au sein de son effectif. Ce matin, neuf autres cas ont fait leur apparition. Ces dix membres du club devront subir une p\u00e9riode d&rsquo;isolement dans la ville du Cap. Pour ce qui est du reste de l&rsquo;effectif, test\u00e9 n\u00e9gatif, il est autoris\u00e9 \u00e0 rentrer en Irlande.<\/p>\n<blockquote class=\"twitter-tweet\">\n<p dir=\"ltr\" lang=\"en\">&#x1f4f0; Update | <a href=\"https:\/\/twitter.com\/hashtag\/MunsterInSA?src=hash&amp;ref_src=twsrc%5Etfw\">#MunsterInSA<\/a> &#x1f1ff;&#x1f1e6;<\/p>\n<p>Further positive cases have returned from yesterday&rsquo;s round of PCR testing.<\/p>\n<p>We have tested again this morning.<\/p>\n<p>Players &amp; staff are as well as can be in this challenging situation.<\/p>\n<p>Thank you for your best wishes.<a href=\"https:\/\/twitter.com\/hashtag\/SUAF?src=hash&amp;ref_src=twsrc%5Etfw\">#SUAF<\/a> &#x1f534;<\/p>\n<p>More Info &#x2935;<\/p>\n<p>\u2014 Munster Rugby (@Munsterrugby) <a href=\"https:\/\/twitter.com\/Munsterrugby\/status\/1465630690549055489?ref_src=twsrc%5Etfw\">November 30, 2021<\/a><\/p><\/blockquote>\n<p><script async src=\"https:\/\/platform.twitter.com\/widgets.js\" charset=\"utf-8\"><\/script><\/p>\n<h2>Un d\u00e9but de Coupe d&rsquo;Europe menac\u00e9 ?<\/h2>\n<p style=\"text-align: justify;\">Si on sait, depuis quelques jours d\u00e9j\u00e0, que les rencontres entre le Munster et les provinces sud-africaines vont \u00eatre report\u00e9es, l&rsquo;\u00e9pid\u00e9mie qui touche le club de Limerick pourrait \u00e9galement avoir un impact sur une autre comp\u00e9tition. En effet, la Coupe d&rsquo;Europe d\u00e9bute dans moins de deux semaines. Le 12 d\u00e9cembre, les Irlandais doivent se d\u00e9placer sur la pelouse des <strong>Wasps<\/strong> et la tenue de ce match semble fortement menac\u00e9e. La semaine suivante, ils accueilleront le <strong>Castres Olympiques<\/strong>, \u00e0 Limerick. Par ailleurs, chez les <strong>Cardiff Blues<\/strong>, qui se trouvaient dans la m\u00eame situation que le Munster, deux cas de Covid-19 ont \u00e9t\u00e9 enregistr\u00e9s. La menace plane donc \u00e9galement sur la rencontre entre les Gallois et le <strong>Stade Toulousain<\/strong>.<\/p>\n","protected":false},"excerpt":{"rendered":"<p>RUGBY &#8211; Dimanche dernier, un joueur du Munster \u00e9tait test\u00e9 positif au Covid-19, provoquant la n\u00e9cessit\u00e9 d&rsquo;effectuer de nouveaux tests pour le reste de l&rsquo;effectif. R\u00e9alis\u00e9s hier, ces tests ont r\u00e9v\u00e9l\u00e9, ce matin, neuf nouveaux cas de Covid-19.\u00a0<\/p>\n","protected":false},"author":45,"featured_media":182587,"comment_status":"open","ping_status":"closed","sticky":false,"template":"","format":"standard","meta":{"_acf_changed":false,"_daextam_enable_autolinks":"","footnotes":""},"categories":[47051,9129],"tags":[2823,4361,13,19443],"class_list":["post-182566","post","type-post","status-publish","format-standard","has-post-thumbnail","hentry","category-champions-cup","category-rugby-a-xv","tag-champions-cup","tag-munster","tag-rugby","tag-united-rugby-championship"],"acf":[],"yoast_head":"<!-- This site is optimized with the Yoast SEO Premium plugin v26.7 (Yoast SEO v26.7) - https:\/\/yoast.com\/wordpress\/plugins\/seo\/ -->\n<title>URC : Neuf nouveaux cas de Covid-19 d\u00e9tect\u00e9s dans l&#039;effectif du Munster<\/title>\n<meta name=\"description\" content=\"Dimanche dernier, un joueur du Munster \u00e9tait test\u00e9 positif au Covid-19. Ce matin, le club annonce la pr\u00e9sence de neuf nouveaux cas.\" \/>\n<meta name=\"robots\" content=\"index, follow, max-snippet:-1, max-image-preview:large, max-video-preview:-1\" \/>\n<link rel=\"canonical\" href=\"https:\/\/dicodusport.fr\/blog\/urc-neuf-nouveaux-cas-de-covid-19-detectes-dans-leffectif-du-munster\/\" \/>\n<meta property=\"og:locale\" content=\"fr_FR\" \/>\n<meta property=\"og:type\" content=\"article\" \/>\n<meta property=\"og:title\" content=\"URC : Neuf nouveaux cas de Covid-19 d\u00e9tect\u00e9s dans l&#039;effectif du Munster\" \/>\n<meta property=\"og:description\" content=\"Dimanche dernier, un joueur du Munster \u00e9tait test\u00e9 positif au Covid-19. Ce matin, le club annonce la pr\u00e9sence de neuf nouveaux cas.\" \/>\n<meta property=\"og:url\" content=\"https:\/\/dicodusport.fr\/blog\/urc-neuf-nouveaux-cas-de-covid-19-detectes-dans-leffectif-du-munster\/\" \/>\n<meta property=\"og:site_name\" content=\"Dicodusport\" \/>\n<meta property=\"article:publisher\" content=\"https:\/\/www.facebook.com\/dicodusport\" \/>\n<meta property=\"article:author\" content=\"https:\/\/www.facebook.com\/alexandre.jeffroy.3\/\" \/>\n<meta property=\"article:published_time\" content=\"2021-11-30T12:55:59+00:00\" \/>\n<meta property=\"og:image\" content=\"https:\/\/dicodusport.fr\/blog\/wp-content\/uploads\/2021\/11\/URC-Neuf-nouveaux-cas-de-Covid-19-detectes-dans-leffectif-du-Munster.png\" \/>\n\t<meta property=\"og:image:width\" content=\"800\" \/>\n\t<meta property=\"og:image:height\" content=\"445\" \/>\n\t<meta property=\"og:image:type\" content=\"image\/png\" \/>\n<meta name=\"author\" content=\"Alexandre Jeffroy\" \/>\n<meta name=\"twitter:card\" content=\"summary_large_image\" \/>\n<meta name=\"twitter:title\" content=\"URC : Neuf nouveaux cas de Covid-19 d\u00e9tect\u00e9s dans l&#039;effectif du Munster\" \/>\n<meta name=\"twitter:creator\" content=\"@https:\/\/twitter.com\/smokinalexjoe\" \/>\n<meta name=\"twitter:site\" content=\"@dicodusport\" \/>\n<script type=\"application\/ld+json\" class=\"yoast-schema-graph\">{\"@context\":\"https:\/\/schema.org\",\"@graph\":[{\"@type\":\"NewsArticle\",\"@id\":\"https:\/\/dicodusport.fr\/blog\/urc-neuf-nouveaux-cas-de-covid-19-detectes-dans-leffectif-du-munster\/#article\",\"isPartOf\":{\"@id\":\"https:\/\/dicodusport.fr\/blog\/urc-neuf-nouveaux-cas-de-covid-19-detectes-dans-leffectif-du-munster\/\"},\"author\":{\"name\":\"Alexandre Jeffroy\",\"@id\":\"https:\/\/dicodusport.fr\/blog\/#\/schema\/person\/0e50be5ee9a0e6705846ac950257c4a0\"},\"headline\":\"URC : Neuf nouveaux cas de Covid-19 d\u00e9tect\u00e9s dans l&rsquo;effectif du Munster\",\"datePublished\":\"2021-11-30T12:55:59+00:00\",\"mainEntityOfPage\":{\"@id\":\"https:\/\/dicodusport.fr\/blog\/urc-neuf-nouveaux-cas-de-covid-19-detectes-dans-leffectif-du-munster\/\"},\"wordCount\":363,\"commentCount\":0,\"publisher\":{\"@id\":\"https:\/\/dicodusport.fr\/blog\/#organization\"},\"image\":{\"@id\":\"https:\/\/dicodusport.fr\/blog\/urc-neuf-nouveaux-cas-de-covid-19-detectes-dans-leffectif-du-munster\/#primaryimage\"},\"thumbnailUrl\":\"https:\/\/dicodusport.fr\/blog\/wp-content\/uploads\/2021\/11\/URC-Neuf-nouveaux-cas-de-Covid-19-detectes-dans-leffectif-du-Munster.png\",\"keywords\":[\"Champions Cup\",\"Munster\",\"Rugby\",\"United Rugby Championship\"],\"articleSection\":[\"Champions Cup\",\"Rugby \u00e0 XV\"],\"inLanguage\":\"fr-FR\",\"potentialAction\":[{\"@type\":\"CommentAction\",\"name\":\"Comment\",\"target\":[\"https:\/\/dicodusport.fr\/blog\/urc-neuf-nouveaux-cas-de-covid-19-detectes-dans-leffectif-du-munster\/#respond\"]}],\"copyrightYear\":\"2021\",\"copyrightHolder\":{\"@id\":\"https:\/\/dicodusport.fr\/blog\/#organization\"}},{\"@type\":\"WebPage\",\"@id\":\"https:\/\/dicodusport.fr\/blog\/urc-neuf-nouveaux-cas-de-covid-19-detectes-dans-leffectif-du-munster\/\",\"url\":\"https:\/\/dicodusport.fr\/blog\/urc-neuf-nouveaux-cas-de-covid-19-detectes-dans-leffectif-du-munster\/\",\"name\":\"URC : Neuf nouveaux cas de Covid-19 d\u00e9tect\u00e9s dans l'effectif du Munster\",\"isPartOf\":{\"@id\":\"https:\/\/dicodusport.fr\/blog\/#website\"},\"primaryImageOfPage\":{\"@id\":\"https:\/\/dicodusport.fr\/blog\/urc-neuf-nouveaux-cas-de-covid-19-detectes-dans-leffectif-du-munster\/#primaryimage\"},\"image\":{\"@id\":\"https:\/\/dicodusport.fr\/blog\/urc-neuf-nouveaux-cas-de-covid-19-detectes-dans-leffectif-du-munster\/#primaryimage\"},\"thumbnailUrl\":\"https:\/\/dicodusport.fr\/blog\/wp-content\/uploads\/2021\/11\/URC-Neuf-nouveaux-cas-de-Covid-19-detectes-dans-leffectif-du-Munster.png\",\"datePublished\":\"2021-11-30T12:55:59+00:00\",\"description\":\"Dimanche dernier, un joueur du Munster \u00e9tait test\u00e9 positif au Covid-19. Ce matin, le club annonce la pr\u00e9sence de neuf nouveaux cas.\",\"breadcrumb\":{\"@id\":\"https:\/\/dicodusport.fr\/blog\/urc-neuf-nouveaux-cas-de-covid-19-detectes-dans-leffectif-du-munster\/#breadcrumb\"},\"inLanguage\":\"fr-FR\",\"potentialAction\":[{\"@type\":\"ReadAction\",\"target\":[\"https:\/\/dicodusport.fr\/blog\/urc-neuf-nouveaux-cas-de-covid-19-detectes-dans-leffectif-du-munster\/\"]}]},{\"@type\":\"ImageObject\",\"inLanguage\":\"fr-FR\",\"@id\":\"https:\/\/dicodusport.fr\/blog\/urc-neuf-nouveaux-cas-de-covid-19-detectes-dans-leffectif-du-munster\/#primaryimage\",\"url\":\"https:\/\/dicodusport.fr\/blog\/wp-content\/uploads\/2021\/11\/URC-Neuf-nouveaux-cas-de-Covid-19-detectes-dans-leffectif-du-Munster.png\",\"contentUrl\":\"https:\/\/dicodusport.fr\/blog\/wp-content\/uploads\/2021\/11\/URC-Neuf-nouveaux-cas-de-Covid-19-detectes-dans-leffectif-du-Munster.png\",\"width\":800,\"height\":445,\"caption\":\"URC Neuf nouveaux cas de Covid-19 d\u00e9tect\u00e9s dans l'effectif du Munster\"},{\"@type\":\"BreadcrumbList\",\"@id\":\"https:\/\/dicodusport.fr\/blog\/urc-neuf-nouveaux-cas-de-covid-19-detectes-dans-leffectif-du-munster\/#breadcrumb\",\"itemListElement\":[{\"@type\":\"ListItem\",\"position\":1,\"name\":\"Accueil\",\"item\":\"https:\/\/dicodusport.fr\/blog\/\"},{\"@type\":\"ListItem\",\"position\":2,\"name\":\"URC : Neuf nouveaux cas de Covid-19 d\u00e9tect\u00e9s dans l&rsquo;effectif du Munster\"}]},{\"@type\":\"WebSite\",\"@id\":\"https:\/\/dicodusport.fr\/blog\/#website\",\"url\":\"https:\/\/dicodusport.fr\/blog\/\",\"name\":\"Dicodusport\",\"description\":\"L&#039;encyclop\u00e9die de l&#039;actualit\u00e9 sportive\",\"publisher\":{\"@id\":\"https:\/\/dicodusport.fr\/blog\/#organization\"},\"potentialAction\":[{\"@type\":\"SearchAction\",\"target\":{\"@type\":\"EntryPoint\",\"urlTemplate\":\"https:\/\/dicodusport.fr\/blog\/?s={search_term_string}\"},\"query-input\":{\"@type\":\"PropertyValueSpecification\",\"valueRequired\":true,\"valueName\":\"search_term_string\"}}],\"inLanguage\":\"fr-FR\"},{\"@type\":\"NewsMediaOrganization\",\"@id\":\"https:\/\/dicodusport.fr\/blog\/#organization\",\"name\":\"Dicodusport\",\"url\":\"https:\/\/dicodusport.fr\/blog\/\",\"logo\":{\"@type\":\"ImageObject\",\"inLanguage\":\"fr-FR\",\"@id\":\"https:\/\/dicodusport.fr\/blog\/#\/schema\/logo\/image\/\",\"url\":\"https:\/\/dicodusport.fr\/blog\/wp-content\/uploads\/2020\/06\/cropped-LOGO-DICODUSPORT-2020-SANS-FOND-SANS-TEXTE.png\",\"contentUrl\":\"https:\/\/dicodusport.fr\/blog\/wp-content\/uploads\/2020\/06\/cropped-LOGO-DICODUSPORT-2020-SANS-FOND-SANS-TEXTE.png\",\"width\":512,\"height\":512,\"caption\":\"Dicodusport\"},\"image\":{\"@id\":\"https:\/\/dicodusport.fr\/blog\/#\/schema\/logo\/image\/\"},\"sameAs\":[\"https:\/\/www.facebook.com\/dicodusport\",\"https:\/\/x.com\/dicodusport\",\"https:\/\/www.instagram.com\/dicodusport\/\",\"https:\/\/www.youtube.com\/channel\/UC7V2KZ5sd3htJivAbA4ZG3w\"],\"description\":\"Dicodusport est l'encyclop\u00e9die de l'actualit\u00e9 sportive.\",\"email\":\"bonjour@dicodusport.fr\",\"legalName\":\"DICODUSPORT\",\"foundingDate\":\"2018-01-14\",\"vatID\":\"FR71834470973\",\"taxID\":\"83447097300043\",\"numberOfEmployees\":{\"@type\":\"QuantitativeValue\",\"minValue\":\"1\",\"maxValue\":\"10\"}},{\"@type\":\"Person\",\"@id\":\"https:\/\/dicodusport.fr\/blog\/#\/schema\/person\/0e50be5ee9a0e6705846ac950257c4a0\",\"name\":\"Alexandre Jeffroy\",\"image\":{\"@type\":\"ImageObject\",\"inLanguage\":\"fr-FR\",\"@id\":\"https:\/\/dicodusport.fr\/blog\/#\/schema\/person\/image\/\",\"url\":\"https:\/\/dicodusport.fr\/blog\/wp-content\/uploads\/2021\/05\/Alexandre-Jeffroy-150x150.jpg\",\"contentUrl\":\"https:\/\/dicodusport.fr\/blog\/wp-content\/uploads\/2021\/05\/Alexandre-Jeffroy-150x150.jpg\",\"caption\":\"Alexandre Jeffroy\"},\"description\":\"Journaliste\/R\u00e9dacteur depuis octobre 2020 - Bolt qui foudroie le record du monde du 100 m\u00e8tres, les derniers essais de Dominici, les premi\u00e8res charges d\u00e9vastatrices de Bastarocket... de beaux souvenirs pour une grande passion, celle du sport. L\u2019histoire du sport aussi. Comprendre le r\u00f4le qu\u2019il a eu, celui qu\u2019il a et celui qu\u2019il aura dans notre soci\u00e9t\u00e9. Le sport au pass\u00e9, au pr\u00e9sent, au futur. Le sport tous les jours, matin, midi et soir. A d\u00e9faut d\u2019\u00eatre un grand sportif, je suis et je raconte l\u2019actualit\u00e9 et l\u2019histoire des championnes et des champions qui savent se d\u00e9passer pour accomplir des merveilles.\",\"sameAs\":[\"https:\/\/www.facebook.com\/alexandre.jeffroy.3\/\",\"https:\/\/x.com\/https:\/\/twitter.com\/smokinalexjoe\"],\"url\":\"https:\/\/dicodusport.fr\/blog\/author\/alexandrejeffroy\/\"}]}<\/script>\n<!-- \/ Yoast SEO Premium plugin. -->","yoast_head_json":{"title":"URC : Neuf nouveaux cas de Covid-19 d\u00e9tect\u00e9s dans l'effectif du Munster","description":"Dimanche dernier, un joueur du Munster \u00e9tait test\u00e9 positif au Covid-19. Ce matin, le club annonce la pr\u00e9sence de neuf nouveaux cas.","robots":{"index":"index","follow":"follow","max-snippet":"max-snippet:-1","max-image-preview":"max-image-preview:large","max-video-preview":"max-video-preview:-1"},"canonical":"https:\/\/dicodusport.fr\/blog\/urc-neuf-nouveaux-cas-de-covid-19-detectes-dans-leffectif-du-munster\/","og_locale":"fr_FR","og_type":"article","og_title":"URC : Neuf nouveaux cas de Covid-19 d\u00e9tect\u00e9s dans l'effectif du Munster","og_description":"Dimanche dernier, un joueur du Munster \u00e9tait test\u00e9 positif au Covid-19. Ce matin, le club annonce la pr\u00e9sence de neuf nouveaux cas.","og_url":"https:\/\/dicodusport.fr\/blog\/urc-neuf-nouveaux-cas-de-covid-19-detectes-dans-leffectif-du-munster\/","og_site_name":"Dicodusport","article_publisher":"https:\/\/www.facebook.com\/dicodusport","article_author":"https:\/\/www.facebook.com\/alexandre.jeffroy.3\/","article_published_time":"2021-11-30T12:55:59+00:00","og_image":[{"width":800,"height":445,"url":"https:\/\/dicodusport.fr\/blog\/wp-content\/uploads\/2021\/11\/URC-Neuf-nouveaux-cas-de-Covid-19-detectes-dans-leffectif-du-Munster.png","type":"image\/png"}],"author":"Alexandre Jeffroy","twitter_card":"summary_large_image","twitter_title":"URC : Neuf nouveaux cas de Covid-19 d\u00e9tect\u00e9s dans l'effectif du Munster","twitter_creator":"@https:\/\/twitter.com\/smokinalexjoe","twitter_site":"@dicodusport","schema":{"@context":"https:\/\/schema.org","@graph":[{"@type":"NewsArticle","@id":"https:\/\/dicodusport.fr\/blog\/urc-neuf-nouveaux-cas-de-covid-19-detectes-dans-leffectif-du-munster\/#article","isPartOf":{"@id":"https:\/\/dicodusport.fr\/blog\/urc-neuf-nouveaux-cas-de-covid-19-detectes-dans-leffectif-du-munster\/"},"author":{"name":"Alexandre Jeffroy","@id":"https:\/\/dicodusport.fr\/blog\/#\/schema\/person\/0e50be5ee9a0e6705846ac950257c4a0"},"headline":"URC : Neuf nouveaux cas de Covid-19 d\u00e9tect\u00e9s dans l&rsquo;effectif du Munster","datePublished":"2021-11-30T12:55:59+00:00","mainEntityOfPage":{"@id":"https:\/\/dicodusport.fr\/blog\/urc-neuf-nouveaux-cas-de-covid-19-detectes-dans-leffectif-du-munster\/"},"wordCount":363,"commentCount":0,"publisher":{"@id":"https:\/\/dicodusport.fr\/blog\/#organization"},"image":{"@id":"https:\/\/dicodusport.fr\/blog\/urc-neuf-nouveaux-cas-de-covid-19-detectes-dans-leffectif-du-munster\/#primaryimage"},"thumbnailUrl":"https:\/\/dicodusport.fr\/blog\/wp-content\/uploads\/2021\/11\/URC-Neuf-nouveaux-cas-de-Covid-19-detectes-dans-leffectif-du-Munster.png","keywords":["Champions Cup","Munster","Rugby","United Rugby Championship"],"articleSection":["Champions Cup","Rugby \u00e0 XV"],"inLanguage":"fr-FR","potentialAction":[{"@type":"CommentAction","name":"Comment","target":["https:\/\/dicodusport.fr\/blog\/urc-neuf-nouveaux-cas-de-covid-19-detectes-dans-leffectif-du-munster\/#respond"]}],"copyrightYear":"2021","copyrightHolder":{"@id":"https:\/\/dicodusport.fr\/blog\/#organization"}},{"@type":"WebPage","@id":"https:\/\/dicodusport.fr\/blog\/urc-neuf-nouveaux-cas-de-covid-19-detectes-dans-leffectif-du-munster\/","url":"https:\/\/dicodusport.fr\/blog\/urc-neuf-nouveaux-cas-de-covid-19-detectes-dans-leffectif-du-munster\/","name":"URC : Neuf nouveaux cas de Covid-19 d\u00e9tect\u00e9s dans l'effectif du Munster","isPartOf":{"@id":"https:\/\/dicodusport.fr\/blog\/#website"},"primaryImageOfPage":{"@id":"https:\/\/dicodusport.fr\/blog\/urc-neuf-nouveaux-cas-de-covid-19-detectes-dans-leffectif-du-munster\/#primaryimage"},"image":{"@id":"https:\/\/dicodusport.fr\/blog\/urc-neuf-nouveaux-cas-de-covid-19-detectes-dans-leffectif-du-munster\/#primaryimage"},"thumbnailUrl":"https:\/\/dicodusport.fr\/blog\/wp-content\/uploads\/2021\/11\/URC-Neuf-nouveaux-cas-de-Covid-19-detectes-dans-leffectif-du-Munster.png","datePublished":"2021-11-30T12:55:59+00:00","description":"Dimanche dernier, un joueur du Munster \u00e9tait test\u00e9 positif au Covid-19. Ce matin, le club annonce la pr\u00e9sence de neuf nouveaux cas.","breadcrumb":{"@id":"https:\/\/dicodusport.fr\/blog\/urc-neuf-nouveaux-cas-de-covid-19-detectes-dans-leffectif-du-munster\/#breadcrumb"},"inLanguage":"fr-FR","potentialAction":[{"@type":"ReadAction","target":["https:\/\/dicodusport.fr\/blog\/urc-neuf-nouveaux-cas-de-covid-19-detectes-dans-leffectif-du-munster\/"]}]},{"@type":"ImageObject","inLanguage":"fr-FR","@id":"https:\/\/dicodusport.fr\/blog\/urc-neuf-nouveaux-cas-de-covid-19-detectes-dans-leffectif-du-munster\/#primaryimage","url":"https:\/\/dicodusport.fr\/blog\/wp-content\/uploads\/2021\/11\/URC-Neuf-nouveaux-cas-de-Covid-19-detectes-dans-leffectif-du-Munster.png","contentUrl":"https:\/\/dicodusport.fr\/blog\/wp-content\/uploads\/2021\/11\/URC-Neuf-nouveaux-cas-de-Covid-19-detectes-dans-leffectif-du-Munster.png","width":800,"height":445,"caption":"URC Neuf nouveaux cas de Covid-19 d\u00e9tect\u00e9s dans l'effectif du Munster"},{"@type":"BreadcrumbList","@id":"https:\/\/dicodusport.fr\/blog\/urc-neuf-nouveaux-cas-de-covid-19-detectes-dans-leffectif-du-munster\/#breadcrumb","itemListElement":[{"@type":"ListItem","position":1,"name":"Accueil","item":"https:\/\/dicodusport.fr\/blog\/"},{"@type":"ListItem","position":2,"name":"URC : Neuf nouveaux cas de Covid-19 d\u00e9tect\u00e9s dans l&rsquo;effectif du Munster"}]},{"@type":"WebSite","@id":"https:\/\/dicodusport.fr\/blog\/#website","url":"https:\/\/dicodusport.fr\/blog\/","name":"Dicodusport","description":"L&#039;encyclop\u00e9die de l&#039;actualit\u00e9 sportive","publisher":{"@id":"https:\/\/dicodusport.fr\/blog\/#organization"},"potentialAction":[{"@type":"SearchAction","target":{"@type":"EntryPoint","urlTemplate":"https:\/\/dicodusport.fr\/blog\/?s={search_term_string}"},"query-input":{"@type":"PropertyValueSpecification","valueRequired":true,"valueName":"search_term_string"}}],"inLanguage":"fr-FR"},{"@type":"NewsMediaOrganization","@id":"https:\/\/dicodusport.fr\/blog\/#organization","name":"Dicodusport","url":"https:\/\/dicodusport.fr\/blog\/","logo":{"@type":"ImageObject","inLanguage":"fr-FR","@id":"https:\/\/dicodusport.fr\/blog\/#\/schema\/logo\/image\/","url":"https:\/\/dicodusport.fr\/blog\/wp-content\/uploads\/2020\/06\/cropped-LOGO-DICODUSPORT-2020-SANS-FOND-SANS-TEXTE.png","contentUrl":"https:\/\/dicodusport.fr\/blog\/wp-content\/uploads\/2020\/06\/cropped-LOGO-DICODUSPORT-2020-SANS-FOND-SANS-TEXTE.png","width":512,"height":512,"caption":"Dicodusport"},"image":{"@id":"https:\/\/dicodusport.fr\/blog\/#\/schema\/logo\/image\/"},"sameAs":["https:\/\/www.facebook.com\/dicodusport","https:\/\/x.com\/dicodusport","https:\/\/www.instagram.com\/dicodusport\/","https:\/\/www.youtube.com\/channel\/UC7V2KZ5sd3htJivAbA4ZG3w"],"description":"Dicodusport est l'encyclop\u00e9die de l'actualit\u00e9 sportive.","email":"bonjour@dicodusport.fr","legalName":"DICODUSPORT","foundingDate":"2018-01-14","vatID":"FR71834470973","taxID":"83447097300043","numberOfEmployees":{"@type":"QuantitativeValue","minValue":"1","maxValue":"10"}},{"@type":"Person","@id":"https:\/\/dicodusport.fr\/blog\/#\/schema\/person\/0e50be5ee9a0e6705846ac950257c4a0","name":"Alexandre Jeffroy","image":{"@type":"ImageObject","inLanguage":"fr-FR","@id":"https:\/\/dicodusport.fr\/blog\/#\/schema\/person\/image\/","url":"https:\/\/dicodusport.fr\/blog\/wp-content\/uploads\/2021\/05\/Alexandre-Jeffroy-150x150.jpg","contentUrl":"https:\/\/dicodusport.fr\/blog\/wp-content\/uploads\/2021\/05\/Alexandre-Jeffroy-150x150.jpg","caption":"Alexandre Jeffroy"},"description":"Journaliste\/R\u00e9dacteur depuis octobre 2020 - Bolt qui foudroie le record du monde du 100 m\u00e8tres, les derniers essais de Dominici, les premi\u00e8res charges d\u00e9vastatrices de Bastarocket... de beaux souvenirs pour une grande passion, celle du sport. L\u2019histoire du sport aussi. Comprendre le r\u00f4le qu\u2019il a eu, celui qu\u2019il a et celui qu\u2019il aura dans notre soci\u00e9t\u00e9. Le sport au pass\u00e9, au pr\u00e9sent, au futur. Le sport tous les jours, matin, midi et soir. A d\u00e9faut d\u2019\u00eatre un grand sportif, je suis et je raconte l\u2019actualit\u00e9 et l\u2019histoire des championnes et des champions qui savent se d\u00e9passer pour accomplir des merveilles.","sameAs":["https:\/\/www.facebook.com\/alexandre.jeffroy.3\/","https:\/\/x.com\/https:\/\/twitter.com\/smokinalexjoe"],"url":"https:\/\/dicodusport.fr\/blog\/author\/alexandrejeffroy\/"}]}},"_links":{"self":[{"href":"https:\/\/dicodusport.fr\/blog\/wp-json\/wp\/v2\/posts\/182566","targetHints":{"allow":["GET"]}}],"collection":[{"href":"https:\/\/dicodusport.fr\/blog\/wp-json\/wp\/v2\/posts"}],"about":[{"href":"https:\/\/dicodusport.fr\/blog\/wp-json\/wp\/v2\/types\/post"}],"author":[{"embeddable":true,"href":"https:\/\/dicodusport.fr\/blog\/wp-json\/wp\/v2\/users\/45"}],"replies":[{"embeddable":true,"href":"https:\/\/dicodusport.fr\/blog\/wp-json\/wp\/v2\/comments?post=182566"}],"version-history":[{"count":0,"href":"https:\/\/dicodusport.fr\/blog\/wp-json\/wp\/v2\/posts\/182566\/revisions"}],"wp:featuredmedia":[{"embeddable":true,"href":"https:\/\/dicodusport.fr\/blog\/wp-json\/wp\/v2\/media\/182587"}],"wp:attachment":[{"href":"https:\/\/dicodusport.fr\/blog\/wp-json\/wp\/v2\/media?parent=182566"}],"wp:term":[{"taxonomy":"category","embeddable":true,"href":"https:\/\/dicodusport.fr\/blog\/wp-json\/wp\/v2\/categories?post=182566"},{"taxonomy":"post_tag","embeddable":true,"href":"https:\/\/dicodusport.fr\/blog\/wp-json\/wp\/v2\/tags?post=182566"}],"curies":[{"name":"wp","href":"https:\/\/api.w.org\/{rel}","templated":true}]}}