{"id":182852,"date":"2021-12-02T14:59:34","date_gmt":"2021-12-02T13:59:34","guid":{"rendered":"https:\/\/dicodusport.fr\/blog\/?p=182852&#038;preview=true&#038;preview_id=182852"},"modified":"2021-12-02T16:30:40","modified_gmt":"2021-12-02T15:30:40","slug":"sprint-dostersund-2-lisa-theresa-hauser-simpose-largement","status":"publish","type":"post","link":"https:\/\/dicodusport.fr\/blog\/sprint-dostersund-2-lisa-theresa-hauser-simpose-largement\/","title":{"rendered":"Sprint d&rsquo;Ostersund 2 : Lisa Theresa Hauser s&rsquo;impose largement"},"content":{"rendered":"<p style=\"text-align: justify;\"><em><a style=\"font-weight: bold;\" href=\"https:\/\/dicodusport.fr\/blog\/coupe-du-monde-de-biathlon-ostersund-2-programme-et-resultats\/\">BIATHLON &#8211; COUPE DU MONDE D&rsquo;OSTERSUND 2<\/a><b> &#8211; Lors du deuxi\u00e8me sprint de la saison et sur le m\u00eame site que la semaine derni\u00e8re, l&rsquo;Autrichienne Lisa Theresa Hauser a \u00e9t\u00e9 imp\u00e9riale. Avec un 10\/10 au tir et un tr\u00e8s bon temps de ski, elle devance l&rsquo;impressionnante Su\u00e9doise Elvira Oeberg malgr\u00e9 son 8\/10 au tir. La Bi\u00e9lorusse Hanna Sola compl\u00e8te le podium. La premi\u00e8re Fran\u00e7aise est Ana\u00efs Chevalier-Bouchet avec une 6\u00e8me place.<\/b><\/em><\/p>\n<p style=\"text-align: justify;\">Pas moins de 113 biathl\u00e8tes prenaient le d\u00e9part de ce sprint \u00e0 Ostersund aujourd\u2019hui. Parmi celles-ci, la grande majorit\u00e9 des favorites se trouvaient dans les 40 premiers dossards. Surprise, la tenante du gros globe 2020, <strong>Tiril Eckhoff<\/strong>, partait avec le dossard n\u00b0111. Les Fran\u00e7aises \u00e9taient 6 \u00e0 \u00eatre align\u00e9es sur ce sprint puisque <strong>Caroline Colombo<\/strong> a \u00e9t\u00e9 promue de l\u2019IBU Cup.<\/p>\n<h2 style=\"text-align: justify;\">Des Fran\u00e7aises solides mais pas flamboyantes<\/h2>\n<p style=\"text-align: justify;\"><strong>Justine Braisaz-Bouchet<\/strong>, premi\u00e8re Fran\u00e7aise \u00e0 s\u2019\u00e9lancer avec le dossard 7, est bien partie sur les skis. N\u00e9anmoins, son 8\/10 au tir lui fait perdre du temps et elle finira par s\u00e9curiser le Top 20 de cette course. <strong>Ana\u00efs Chevalier-Bouchet<\/strong> r\u00e9alise de son c\u00f4t\u00e9 encore une course solide avec un 9\/10 au tir et finit par prendre la 6<sup>\u00e8me<\/sup> place \u00e0 l\u2019arriv\u00e9e de ce sprint.<\/p>\n<p style=\"text-align: justify;\">A nouveau, <strong>Julia Simon<\/strong> \u00e9tait en difficult\u00e9 sur le tir. Un 6\/10 qui ne lui assurait pas forc\u00e9ment une place parmi les 60 premi\u00e8res, synonyme de qualification pour la poursuite de samedi. Finalement, avec une place dans le Top 50, elle pourra participer \u00e0 la course. Puis, <strong>Ana\u00efs Bescond<\/strong> s\u2019est adjug\u00e9e d\u2019un joli 9\/10 qui lui permet d\u2019int\u00e9grer le Top 15 \u00e0 l\u2019arriv\u00e9e de cette course avec une jolie 14<sup>\u00e8me<\/sup> place.<\/p>\n<p style=\"text-align: justify;\">Sa compatriote <strong>Chlo\u00e9 Chevalier<\/strong> a impressionn\u00e9 en ressortant 2<sup>\u00e8me<\/sup> du tir couch\u00e9 avec un beau 5\/5. Logiquement tr\u00e8s stress\u00e9e sur le tir debout, la Fran\u00e7aise s\u2019est remobilis\u00e9e pour sortir le 5\/5. Avec un score parfait et un bon temps sur les skis malgr\u00e9 des difficult\u00e9s dans le dernier tour, elle prend une belle 8<sup>\u00e8me<\/sup> place \u00e0 l\u2019arriv\u00e9e.<\/p>\n<blockquote class=\"twitter-tweet\">\n<p dir=\"ltr\" lang=\"fr\">OUI le 10\/10 pour Chlo\u00e9 Chevalier ! La Fran\u00e7aise a pris son temps mais ne fera pas de tour de p\u00e9nalit\u00e9, elle sera parfaitement plac\u00e9e pour la poursuite pr\u00e9vue ce samedi<\/p>\n<p>Suivez la course ici &gt; <a href=\"https:\/\/t.co\/SinkgE0dJf\">https:\/\/t.co\/SinkgE0dJf<\/a><\/p>\n<p>R\u00e9agissez en direct avec le hashtag <a href=\"https:\/\/twitter.com\/hashtag\/lequipeBIATHLON?src=hash&amp;ref_src=twsrc%5Etfw\">#lequipeBIATHLON<\/a> <a href=\"https:\/\/t.co\/7cmS0lv1zG\">pic.twitter.com\/7cmS0lv1zG<\/a><\/p>\n<p>\u2014 la chaine L&rsquo;\u00c9quipe (@lachainelequipe) <a href=\"https:\/\/twitter.com\/lachainelequipe\/status\/1466401878846193665?ref_src=twsrc%5Etfw\">December 2, 2021<\/a><\/p><\/blockquote>\n<p><script async src=\"https:\/\/platform.twitter.com\/widgets.js\" charset=\"utf-8\"><\/script><\/p>\n<p style=\"text-align: justify;\">Derni\u00e8re Fran\u00e7aise \u00e0 s\u2019\u00e9lancer et pour la premi\u00e8re course de sa saison en Coupe du monde, <strong>Caroline Colombo<\/strong> n\u2019a pas assur\u00e9 au tir avec un 6\/10 qui la classe assez loin. Elle ne participera pas \u00e0 la poursuite samedi.<\/p>\n<h2>Lisa Theresa Hauser au-dessus du lot<\/h2>\n<p style=\"text-align: justify;\">Sur le podium de l\u2019individuel la semaine derni\u00e8re, l\u2019Autrichienne <strong>Lisa Therasa Hauser<\/strong> et son 10\/10 a r\u00e9sist\u00e9 \u00e0 la fus\u00e9e su\u00e9doise <strong>Elvira Oeberg<\/strong>, qui \u00e9tait la plus forte sur les skis. La jeune femme remporte le premier sprint de sa carri\u00e8re en Coupe du monde.<\/p>\n<p style=\"text-align: justify;\">La prometteuse su\u00e9doise de 22 ans<strong> Elvira Oeberg<\/strong> \u00e9tait la premi\u00e8re \u00e0 prendre le d\u00e9part avec le dossard 1. En effet, la petite s\u0153ur d\u2019Hanna \u00e9tait la favorite des bookmakers gr\u00e2ce \u00e0 des temps de ski bien meilleurs que toutes les autres biathl\u00e8tes<strong>. <\/strong>Malgr\u00e9 un 8\/10 sur le pas de tir, elle a impressionn\u00e9 pour d\u00e9crocher ce podium, le premier de sa carri\u00e8re en Coupe du monde sur une \u00e9preuve individuelle.<\/p>\n<p style=\"text-align: justify;\">Encore une fois, les Bi\u00e9lorusses<strong> Dzinara Alimbekava <\/strong>et<strong> Hanna Sola <\/strong>r\u00e9alisent une tr\u00e8s belle course. Respectivement 4<sup>\u00e8me<\/sup> et 5<sup>\u00e8me<\/sup> sur le dernier sprint, les deux jeunes femmes ont encore impressionn\u00e9 aujourd\u2019hui. <strong>Hanna Sola <\/strong>vient prendre la derni\u00e8re place du podium tandis que sa compatriote aura la m\u00e9daille en chocolat avec sa 4<sup>\u00e8me<\/sup> place, la troisi\u00e8me en trois courses.<\/p>\n<blockquote class=\"twitter-tweet\">\n<p dir=\"ltr\" lang=\"fr\">&#x1f1e6;&#x1f1f9; L&rsquo;Autrichienne Lisa Theresa Hauser remporte le deuxi\u00e8me sprint d&rsquo;Ostersund en patronne ! &#x1f4aa; <a href=\"https:\/\/twitter.com\/hashtag\/Biathlon?src=hash&amp;ref_src=twsrc%5Etfw\">#Biathlon<\/a> <a href=\"https:\/\/t.co\/ilzgbvPChO\">pic.twitter.com\/ilzgbvPChO<\/a><\/p>\n<p>\u2014 Dicodusport &#x2b50;&#x2b50; (@dicodusport) <a href=\"https:\/\/twitter.com\/dicodusport\/status\/1466407275040542720?ref_src=twsrc%5Etfw\">December 2, 2021<\/a><\/p><\/blockquote>\n<p><script async src=\"https:\/\/platform.twitter.com\/widgets.js\" charset=\"utf-8\"><\/script><\/p>\n<p style=\"text-align: justify;\">Un petit mot sur les Norv\u00e9giennes dont la premi\u00e8re est <strong>Marte Olsbu Roeiseland<\/strong> avec seulement la 12<sup>\u00e8me<\/sup> place. Laur\u00e9ate du gros globe la saison pass\u00e9e, Tiril Eckhoff (8\/10 et 21\u00e8me temps de ski) doit se contenter de la 32\u00e8me place.<\/p>\n<p style=\"text-align: justify;\">Samedi, sur la poursuite, <strong>Lisa Theresa Hauser<\/strong> portera le dossard jaune de leader au g\u00e9n\u00e9ral. Et lors du prochain sprint \u00e0 Hochfilzen le 10 d\u00e9cembre prochain, c&rsquo;est <strong>Ana\u00efs Chevalier-Bouchet<\/strong> qui portera le dossard rouge de leader au classement de la sp\u00e9cialit\u00e9.<\/p>\n<h2 align=\"JUSTIFY\"><strong>\u00c0 lire aussi<\/strong><\/h2>\n<ul>\n<li style=\"text-align: justify;\"><a href=\"https:\/\/dicodusport.fr\/blog\/biathlon-ostersund-2-classement-sprint-femmes\/\"><strong>Le classement du sprint femmes d&rsquo;Ostersund n\u00b02 2021<\/strong><\/a><\/li>\n<li><a href=\"https:\/\/dicodusport.fr\/blog\/biathlon-coupe-du-monde-2021-2022-classement-general-femmes\/\"><strong>Le classement g\u00e9n\u00e9ral de la Coupe du monde femmes<\/strong><\/a><\/li>\n<\/ul>\n","protected":false},"excerpt":{"rendered":"<p>BIATHLON &#8211; COUPE DU MONDE D&rsquo;OSTERSUND 2 &#8211; Lors du deuxi\u00e8me sprint de la saison et sur le m\u00eame site que la semaine derni\u00e8re, l&rsquo;Autrichienne Lisa Theresa Hauser a \u00e9t\u00e9 imp\u00e9riale. Avec un 10\/10 au tir et un tr\u00e8s bon temps de ski, elle devance l&rsquo;impressionnante Su\u00e9doise Elvira Oeberg malgr\u00e9 son 8\/10 au tir. La Bi\u00e9lorusse Hanna Sola compl\u00e8te le podium. La premi\u00e8re Fran\u00e7aise est Ana\u00efs Chevalier-Bouchet avec une 6\u00e8me place.<\/p>\n","protected":false},"author":54,"featured_media":182876,"comment_status":"open","ping_status":"closed","sticky":false,"template":"","format":"standard","meta":{"_acf_changed":false,"_daextam_enable_autolinks":"","footnotes":""},"categories":[47040],"tags":[24],"class_list":["post-182852","post","type-post","status-publish","format-standard","has-post-thumbnail","hentry","category-coupe-du-monde-de-biathlon","tag-sport"],"acf":[],"yoast_head":"<!-- This site is optimized with the Yoast SEO Premium plugin v26.7 (Yoast SEO v26.7) - https:\/\/yoast.com\/wordpress\/plugins\/seo\/ -->\n<title>Sprint d&#039;Ostersund 2 : Lisa Theresa Hauser s&#039;impose largement<\/title>\n<meta name=\"description\" content=\"BIATHLON - COUPE DU MONDE D&#039;OSTERSUND n\u00b02 - L&#039;Autrichienne Lisa Theresa Hauser remporte le deuxi\u00e8me sprint de la saison devant Elvira Oeberg.\" \/>\n<meta name=\"robots\" content=\"index, follow, max-snippet:-1, max-image-preview:large, max-video-preview:-1\" \/>\n<link rel=\"canonical\" href=\"https:\/\/dicodusport.fr\/blog\/sprint-dostersund-2-lisa-theresa-hauser-simpose-largement\/\" \/>\n<meta property=\"og:locale\" content=\"fr_FR\" \/>\n<meta property=\"og:type\" content=\"article\" \/>\n<meta property=\"og:title\" content=\"Sprint d&#039;Ostersund 2 : Lisa Theresa Hauser s&#039;impose largement\" \/>\n<meta property=\"og:description\" content=\"BIATHLON - COUPE DU MONDE D&#039;OSTERSUND n\u00b02 - L&#039;Autrichienne Lisa Theresa Hauser remporte le deuxi\u00e8me sprint de la saison devant Elvira Oeberg.\" \/>\n<meta property=\"og:url\" content=\"https:\/\/dicodusport.fr\/blog\/sprint-dostersund-2-lisa-theresa-hauser-simpose-largement\/\" \/>\n<meta property=\"og:site_name\" content=\"Dicodusport\" \/>\n<meta property=\"article:publisher\" content=\"https:\/\/www.facebook.com\/dicodusport\" \/>\n<meta property=\"article:author\" content=\"https:\/\/www.facebook.com\/roxane.lecacher\" \/>\n<meta property=\"article:published_time\" content=\"2021-12-02T13:59:34+00:00\" \/>\n<meta property=\"article:modified_time\" content=\"2021-12-02T15:30:40+00:00\" \/>\n<meta property=\"og:image\" content=\"https:\/\/dicodusport.fr\/blog\/wp-content\/uploads\/2021\/12\/Sprint-dOstersund-2-Lisa-Theresa-Hauser-simpose-largement.png\" \/>\n\t<meta property=\"og:image:width\" content=\"800\" \/>\n\t<meta property=\"og:image:height\" content=\"445\" \/>\n\t<meta property=\"og:image:type\" content=\"image\/png\" \/>\n<meta name=\"author\" content=\"Roxane Lecacher\" \/>\n<meta name=\"twitter:card\" content=\"summary_large_image\" \/>\n<meta name=\"twitter:title\" content=\"Sprint d&#039;Ostersund 2 : Lisa Theresa Hauser s&#039;impose largement\" \/>\n<meta name=\"twitter:creator\" content=\"@dicodusport\" \/>\n<meta name=\"twitter:site\" content=\"@dicodusport\" \/>\n<script type=\"application\/ld+json\" class=\"yoast-schema-graph\">{\"@context\":\"https:\/\/schema.org\",\"@graph\":[{\"@type\":\"NewsArticle\",\"@id\":\"https:\/\/dicodusport.fr\/blog\/sprint-dostersund-2-lisa-theresa-hauser-simpose-largement\/#article\",\"isPartOf\":{\"@id\":\"https:\/\/dicodusport.fr\/blog\/sprint-dostersund-2-lisa-theresa-hauser-simpose-largement\/\"},\"author\":{\"name\":\"Roxane Lecacher\",\"@id\":\"https:\/\/dicodusport.fr\/blog\/#\/schema\/person\/819fb2545dd2715bd7c0580d6d4b411a\"},\"headline\":\"Sprint d&rsquo;Ostersund 2 : Lisa Theresa Hauser s&rsquo;impose largement\",\"datePublished\":\"2021-12-02T13:59:34+00:00\",\"dateModified\":\"2021-12-02T15:30:40+00:00\",\"mainEntityOfPage\":{\"@id\":\"https:\/\/dicodusport.fr\/blog\/sprint-dostersund-2-lisa-theresa-hauser-simpose-largement\/\"},\"wordCount\":807,\"commentCount\":0,\"publisher\":{\"@id\":\"https:\/\/dicodusport.fr\/blog\/#organization\"},\"image\":{\"@id\":\"https:\/\/dicodusport.fr\/blog\/sprint-dostersund-2-lisa-theresa-hauser-simpose-largement\/#primaryimage\"},\"thumbnailUrl\":\"https:\/\/dicodusport.fr\/blog\/wp-content\/uploads\/2021\/12\/Sprint-dOstersund-2-Lisa-Theresa-Hauser-simpose-largement.png\",\"keywords\":[\"sport\"],\"articleSection\":[\"Coupe du monde de biathlon\"],\"inLanguage\":\"fr-FR\",\"potentialAction\":[{\"@type\":\"CommentAction\",\"name\":\"Comment\",\"target\":[\"https:\/\/dicodusport.fr\/blog\/sprint-dostersund-2-lisa-theresa-hauser-simpose-largement\/#respond\"]}],\"copyrightYear\":\"2021\",\"copyrightHolder\":{\"@id\":\"https:\/\/dicodusport.fr\/blog\/#organization\"}},{\"@type\":\"WebPage\",\"@id\":\"https:\/\/dicodusport.fr\/blog\/sprint-dostersund-2-lisa-theresa-hauser-simpose-largement\/\",\"url\":\"https:\/\/dicodusport.fr\/blog\/sprint-dostersund-2-lisa-theresa-hauser-simpose-largement\/\",\"name\":\"Sprint d'Ostersund 2 : Lisa Theresa Hauser s'impose largement\",\"isPartOf\":{\"@id\":\"https:\/\/dicodusport.fr\/blog\/#website\"},\"primaryImageOfPage\":{\"@id\":\"https:\/\/dicodusport.fr\/blog\/sprint-dostersund-2-lisa-theresa-hauser-simpose-largement\/#primaryimage\"},\"image\":{\"@id\":\"https:\/\/dicodusport.fr\/blog\/sprint-dostersund-2-lisa-theresa-hauser-simpose-largement\/#primaryimage\"},\"thumbnailUrl\":\"https:\/\/dicodusport.fr\/blog\/wp-content\/uploads\/2021\/12\/Sprint-dOstersund-2-Lisa-Theresa-Hauser-simpose-largement.png\",\"datePublished\":\"2021-12-02T13:59:34+00:00\",\"dateModified\":\"2021-12-02T15:30:40+00:00\",\"description\":\"BIATHLON - COUPE DU MONDE D'OSTERSUND n\u00b02 - L'Autrichienne Lisa Theresa Hauser remporte le deuxi\u00e8me sprint de la saison devant Elvira Oeberg.\",\"breadcrumb\":{\"@id\":\"https:\/\/dicodusport.fr\/blog\/sprint-dostersund-2-lisa-theresa-hauser-simpose-largement\/#breadcrumb\"},\"inLanguage\":\"fr-FR\",\"potentialAction\":[{\"@type\":\"ReadAction\",\"target\":[\"https:\/\/dicodusport.fr\/blog\/sprint-dostersund-2-lisa-theresa-hauser-simpose-largement\/\"]}]},{\"@type\":\"ImageObject\",\"inLanguage\":\"fr-FR\",\"@id\":\"https:\/\/dicodusport.fr\/blog\/sprint-dostersund-2-lisa-theresa-hauser-simpose-largement\/#primaryimage\",\"url\":\"https:\/\/dicodusport.fr\/blog\/wp-content\/uploads\/2021\/12\/Sprint-dOstersund-2-Lisa-Theresa-Hauser-simpose-largement.png\",\"contentUrl\":\"https:\/\/dicodusport.fr\/blog\/wp-content\/uploads\/2021\/12\/Sprint-dOstersund-2-Lisa-Theresa-Hauser-simpose-largement.png\",\"width\":800,\"height\":445,\"caption\":\"Lisa Theresa Hauser - Photo Icon Sport\"},{\"@type\":\"BreadcrumbList\",\"@id\":\"https:\/\/dicodusport.fr\/blog\/sprint-dostersund-2-lisa-theresa-hauser-simpose-largement\/#breadcrumb\",\"itemListElement\":[{\"@type\":\"ListItem\",\"position\":1,\"name\":\"Accueil\",\"item\":\"https:\/\/dicodusport.fr\/blog\/\"},{\"@type\":\"ListItem\",\"position\":2,\"name\":\"Sprint d&rsquo;Ostersund 2 : Lisa Theresa Hauser s&rsquo;impose largement\"}]},{\"@type\":\"WebSite\",\"@id\":\"https:\/\/dicodusport.fr\/blog\/#website\",\"url\":\"https:\/\/dicodusport.fr\/blog\/\",\"name\":\"Dicodusport\",\"description\":\"L&#039;encyclop\u00e9die de l&#039;actualit\u00e9 sportive\",\"publisher\":{\"@id\":\"https:\/\/dicodusport.fr\/blog\/#organization\"},\"potentialAction\":[{\"@type\":\"SearchAction\",\"target\":{\"@type\":\"EntryPoint\",\"urlTemplate\":\"https:\/\/dicodusport.fr\/blog\/?s={search_term_string}\"},\"query-input\":{\"@type\":\"PropertyValueSpecification\",\"valueRequired\":true,\"valueName\":\"search_term_string\"}}],\"inLanguage\":\"fr-FR\"},{\"@type\":\"NewsMediaOrganization\",\"@id\":\"https:\/\/dicodusport.fr\/blog\/#organization\",\"name\":\"Dicodusport\",\"url\":\"https:\/\/dicodusport.fr\/blog\/\",\"logo\":{\"@type\":\"ImageObject\",\"inLanguage\":\"fr-FR\",\"@id\":\"https:\/\/dicodusport.fr\/blog\/#\/schema\/logo\/image\/\",\"url\":\"https:\/\/dicodusport.fr\/blog\/wp-content\/uploads\/2020\/06\/cropped-LOGO-DICODUSPORT-2020-SANS-FOND-SANS-TEXTE.png\",\"contentUrl\":\"https:\/\/dicodusport.fr\/blog\/wp-content\/uploads\/2020\/06\/cropped-LOGO-DICODUSPORT-2020-SANS-FOND-SANS-TEXTE.png\",\"width\":512,\"height\":512,\"caption\":\"Dicodusport\"},\"image\":{\"@id\":\"https:\/\/dicodusport.fr\/blog\/#\/schema\/logo\/image\/\"},\"sameAs\":[\"https:\/\/www.facebook.com\/dicodusport\",\"https:\/\/x.com\/dicodusport\",\"https:\/\/www.instagram.com\/dicodusport\/\",\"https:\/\/www.youtube.com\/channel\/UC7V2KZ5sd3htJivAbA4ZG3w\"],\"description\":\"Dicodusport est l'encyclop\u00e9die de l'actualit\u00e9 sportive.\",\"email\":\"bonjour@dicodusport.fr\",\"legalName\":\"DICODUSPORT\",\"foundingDate\":\"2018-01-14\",\"vatID\":\"FR71834470973\",\"taxID\":\"83447097300043\",\"numberOfEmployees\":{\"@type\":\"QuantitativeValue\",\"minValue\":\"1\",\"maxValue\":\"10\"}},{\"@type\":\"Person\",\"@id\":\"https:\/\/dicodusport.fr\/blog\/#\/schema\/person\/819fb2545dd2715bd7c0580d6d4b411a\",\"name\":\"Roxane Lecacher\",\"image\":{\"@type\":\"ImageObject\",\"inLanguage\":\"fr-FR\",\"@id\":\"https:\/\/dicodusport.fr\/blog\/#\/schema\/person\/image\/\",\"url\":\"https:\/\/dicodusport.fr\/blog\/wp-content\/uploads\/2021\/05\/Roxane-Lecacher-150x150.jpg\",\"contentUrl\":\"https:\/\/dicodusport.fr\/blog\/wp-content\/uploads\/2021\/05\/Roxane-Lecacher-150x150.jpg\",\"caption\":\"Roxane Lecacher\"},\"description\":\"Journaliste\/r\u00e9dactrice depuis janvier 2021 - N\u00e9e quelques jours avant la premi\u00e8re \u00e9toile des Bleus, je baigne dans une famille tr\u00e8s sportive. Je n\u2019ai eu d\u2019autres choix que de me passionner pour le sujet. Pratiquante de l\u2019athl\u00e9tisme depuis toute petite, j\u2019ai aussi un attrait tout particulier pour la Formule 1, le biathlon et le foot. Pendant les grands \u00e9v\u00e9nements, il est impossible de d\u00e9crocher de ma t\u00e9l\u00e9. C\u2019est \u00e0 travers Dicodusport que j\u2019aime d\u00e9sormais vous transmettre mes \u00e9motions et ma passion.\",\"sameAs\":[\"https:\/\/www.facebook.com\/roxane.lecacher\",\"https:\/\/fr.linkedin.com\/in\/roxane-lecacher-23368313b\"],\"url\":\"https:\/\/dicodusport.fr\/blog\/author\/roxanel\/\"}]}<\/script>\n<!-- \/ Yoast SEO Premium plugin. -->","yoast_head_json":{"title":"Sprint d'Ostersund 2 : Lisa Theresa Hauser s'impose largement","description":"BIATHLON - COUPE DU MONDE D'OSTERSUND n\u00b02 - L'Autrichienne Lisa Theresa Hauser remporte le deuxi\u00e8me sprint de la saison devant Elvira Oeberg.","robots":{"index":"index","follow":"follow","max-snippet":"max-snippet:-1","max-image-preview":"max-image-preview:large","max-video-preview":"max-video-preview:-1"},"canonical":"https:\/\/dicodusport.fr\/blog\/sprint-dostersund-2-lisa-theresa-hauser-simpose-largement\/","og_locale":"fr_FR","og_type":"article","og_title":"Sprint d'Ostersund 2 : Lisa Theresa Hauser s'impose largement","og_description":"BIATHLON - COUPE DU MONDE D'OSTERSUND n\u00b02 - L'Autrichienne Lisa Theresa Hauser remporte le deuxi\u00e8me sprint de la saison devant Elvira Oeberg.","og_url":"https:\/\/dicodusport.fr\/blog\/sprint-dostersund-2-lisa-theresa-hauser-simpose-largement\/","og_site_name":"Dicodusport","article_publisher":"https:\/\/www.facebook.com\/dicodusport","article_author":"https:\/\/www.facebook.com\/roxane.lecacher","article_published_time":"2021-12-02T13:59:34+00:00","article_modified_time":"2021-12-02T15:30:40+00:00","og_image":[{"width":800,"height":445,"url":"https:\/\/dicodusport.fr\/blog\/wp-content\/uploads\/2021\/12\/Sprint-dOstersund-2-Lisa-Theresa-Hauser-simpose-largement.png","type":"image\/png"}],"author":"Roxane Lecacher","twitter_card":"summary_large_image","twitter_title":"Sprint d'Ostersund 2 : Lisa Theresa Hauser s'impose largement","twitter_creator":"@dicodusport","twitter_site":"@dicodusport","schema":{"@context":"https:\/\/schema.org","@graph":[{"@type":"NewsArticle","@id":"https:\/\/dicodusport.fr\/blog\/sprint-dostersund-2-lisa-theresa-hauser-simpose-largement\/#article","isPartOf":{"@id":"https:\/\/dicodusport.fr\/blog\/sprint-dostersund-2-lisa-theresa-hauser-simpose-largement\/"},"author":{"name":"Roxane Lecacher","@id":"https:\/\/dicodusport.fr\/blog\/#\/schema\/person\/819fb2545dd2715bd7c0580d6d4b411a"},"headline":"Sprint d&rsquo;Ostersund 2 : Lisa Theresa Hauser s&rsquo;impose largement","datePublished":"2021-12-02T13:59:34+00:00","dateModified":"2021-12-02T15:30:40+00:00","mainEntityOfPage":{"@id":"https:\/\/dicodusport.fr\/blog\/sprint-dostersund-2-lisa-theresa-hauser-simpose-largement\/"},"wordCount":807,"commentCount":0,"publisher":{"@id":"https:\/\/dicodusport.fr\/blog\/#organization"},"image":{"@id":"https:\/\/dicodusport.fr\/blog\/sprint-dostersund-2-lisa-theresa-hauser-simpose-largement\/#primaryimage"},"thumbnailUrl":"https:\/\/dicodusport.fr\/blog\/wp-content\/uploads\/2021\/12\/Sprint-dOstersund-2-Lisa-Theresa-Hauser-simpose-largement.png","keywords":["sport"],"articleSection":["Coupe du monde de biathlon"],"inLanguage":"fr-FR","potentialAction":[{"@type":"CommentAction","name":"Comment","target":["https:\/\/dicodusport.fr\/blog\/sprint-dostersund-2-lisa-theresa-hauser-simpose-largement\/#respond"]}],"copyrightYear":"2021","copyrightHolder":{"@id":"https:\/\/dicodusport.fr\/blog\/#organization"}},{"@type":"WebPage","@id":"https:\/\/dicodusport.fr\/blog\/sprint-dostersund-2-lisa-theresa-hauser-simpose-largement\/","url":"https:\/\/dicodusport.fr\/blog\/sprint-dostersund-2-lisa-theresa-hauser-simpose-largement\/","name":"Sprint d'Ostersund 2 : Lisa Theresa Hauser s'impose largement","isPartOf":{"@id":"https:\/\/dicodusport.fr\/blog\/#website"},"primaryImageOfPage":{"@id":"https:\/\/dicodusport.fr\/blog\/sprint-dostersund-2-lisa-theresa-hauser-simpose-largement\/#primaryimage"},"image":{"@id":"https:\/\/dicodusport.fr\/blog\/sprint-dostersund-2-lisa-theresa-hauser-simpose-largement\/#primaryimage"},"thumbnailUrl":"https:\/\/dicodusport.fr\/blog\/wp-content\/uploads\/2021\/12\/Sprint-dOstersund-2-Lisa-Theresa-Hauser-simpose-largement.png","datePublished":"2021-12-02T13:59:34+00:00","dateModified":"2021-12-02T15:30:40+00:00","description":"BIATHLON - COUPE DU MONDE D'OSTERSUND n\u00b02 - L'Autrichienne Lisa Theresa Hauser remporte le deuxi\u00e8me sprint de la saison devant Elvira Oeberg.","breadcrumb":{"@id":"https:\/\/dicodusport.fr\/blog\/sprint-dostersund-2-lisa-theresa-hauser-simpose-largement\/#breadcrumb"},"inLanguage":"fr-FR","potentialAction":[{"@type":"ReadAction","target":["https:\/\/dicodusport.fr\/blog\/sprint-dostersund-2-lisa-theresa-hauser-simpose-largement\/"]}]},{"@type":"ImageObject","inLanguage":"fr-FR","@id":"https:\/\/dicodusport.fr\/blog\/sprint-dostersund-2-lisa-theresa-hauser-simpose-largement\/#primaryimage","url":"https:\/\/dicodusport.fr\/blog\/wp-content\/uploads\/2021\/12\/Sprint-dOstersund-2-Lisa-Theresa-Hauser-simpose-largement.png","contentUrl":"https:\/\/dicodusport.fr\/blog\/wp-content\/uploads\/2021\/12\/Sprint-dOstersund-2-Lisa-Theresa-Hauser-simpose-largement.png","width":800,"height":445,"caption":"Lisa Theresa Hauser - Photo Icon Sport"},{"@type":"BreadcrumbList","@id":"https:\/\/dicodusport.fr\/blog\/sprint-dostersund-2-lisa-theresa-hauser-simpose-largement\/#breadcrumb","itemListElement":[{"@type":"ListItem","position":1,"name":"Accueil","item":"https:\/\/dicodusport.fr\/blog\/"},{"@type":"ListItem","position":2,"name":"Sprint d&rsquo;Ostersund 2 : Lisa Theresa Hauser s&rsquo;impose largement"}]},{"@type":"WebSite","@id":"https:\/\/dicodusport.fr\/blog\/#website","url":"https:\/\/dicodusport.fr\/blog\/","name":"Dicodusport","description":"L&#039;encyclop\u00e9die de l&#039;actualit\u00e9 sportive","publisher":{"@id":"https:\/\/dicodusport.fr\/blog\/#organization"},"potentialAction":[{"@type":"SearchAction","target":{"@type":"EntryPoint","urlTemplate":"https:\/\/dicodusport.fr\/blog\/?s={search_term_string}"},"query-input":{"@type":"PropertyValueSpecification","valueRequired":true,"valueName":"search_term_string"}}],"inLanguage":"fr-FR"},{"@type":"NewsMediaOrganization","@id":"https:\/\/dicodusport.fr\/blog\/#organization","name":"Dicodusport","url":"https:\/\/dicodusport.fr\/blog\/","logo":{"@type":"ImageObject","inLanguage":"fr-FR","@id":"https:\/\/dicodusport.fr\/blog\/#\/schema\/logo\/image\/","url":"https:\/\/dicodusport.fr\/blog\/wp-content\/uploads\/2020\/06\/cropped-LOGO-DICODUSPORT-2020-SANS-FOND-SANS-TEXTE.png","contentUrl":"https:\/\/dicodusport.fr\/blog\/wp-content\/uploads\/2020\/06\/cropped-LOGO-DICODUSPORT-2020-SANS-FOND-SANS-TEXTE.png","width":512,"height":512,"caption":"Dicodusport"},"image":{"@id":"https:\/\/dicodusport.fr\/blog\/#\/schema\/logo\/image\/"},"sameAs":["https:\/\/www.facebook.com\/dicodusport","https:\/\/x.com\/dicodusport","https:\/\/www.instagram.com\/dicodusport\/","https:\/\/www.youtube.com\/channel\/UC7V2KZ5sd3htJivAbA4ZG3w"],"description":"Dicodusport est l'encyclop\u00e9die de l'actualit\u00e9 sportive.","email":"bonjour@dicodusport.fr","legalName":"DICODUSPORT","foundingDate":"2018-01-14","vatID":"FR71834470973","taxID":"83447097300043","numberOfEmployees":{"@type":"QuantitativeValue","minValue":"1","maxValue":"10"}},{"@type":"Person","@id":"https:\/\/dicodusport.fr\/blog\/#\/schema\/person\/819fb2545dd2715bd7c0580d6d4b411a","name":"Roxane Lecacher","image":{"@type":"ImageObject","inLanguage":"fr-FR","@id":"https:\/\/dicodusport.fr\/blog\/#\/schema\/person\/image\/","url":"https:\/\/dicodusport.fr\/blog\/wp-content\/uploads\/2021\/05\/Roxane-Lecacher-150x150.jpg","contentUrl":"https:\/\/dicodusport.fr\/blog\/wp-content\/uploads\/2021\/05\/Roxane-Lecacher-150x150.jpg","caption":"Roxane Lecacher"},"description":"Journaliste\/r\u00e9dactrice depuis janvier 2021 - N\u00e9e quelques jours avant la premi\u00e8re \u00e9toile des Bleus, je baigne dans une famille tr\u00e8s sportive. Je n\u2019ai eu d\u2019autres choix que de me passionner pour le sujet. Pratiquante de l\u2019athl\u00e9tisme depuis toute petite, j\u2019ai aussi un attrait tout particulier pour la Formule 1, le biathlon et le foot. Pendant les grands \u00e9v\u00e9nements, il est impossible de d\u00e9crocher de ma t\u00e9l\u00e9. C\u2019est \u00e0 travers Dicodusport que j\u2019aime d\u00e9sormais vous transmettre mes \u00e9motions et ma passion.","sameAs":["https:\/\/www.facebook.com\/roxane.lecacher","https:\/\/fr.linkedin.com\/in\/roxane-lecacher-23368313b"],"url":"https:\/\/dicodusport.fr\/blog\/author\/roxanel\/"}]}},"_links":{"self":[{"href":"https:\/\/dicodusport.fr\/blog\/wp-json\/wp\/v2\/posts\/182852","targetHints":{"allow":["GET"]}}],"collection":[{"href":"https:\/\/dicodusport.fr\/blog\/wp-json\/wp\/v2\/posts"}],"about":[{"href":"https:\/\/dicodusport.fr\/blog\/wp-json\/wp\/v2\/types\/post"}],"author":[{"embeddable":true,"href":"https:\/\/dicodusport.fr\/blog\/wp-json\/wp\/v2\/users\/54"}],"replies":[{"embeddable":true,"href":"https:\/\/dicodusport.fr\/blog\/wp-json\/wp\/v2\/comments?post=182852"}],"version-history":[{"count":0,"href":"https:\/\/dicodusport.fr\/blog\/wp-json\/wp\/v2\/posts\/182852\/revisions"}],"wp:featuredmedia":[{"embeddable":true,"href":"https:\/\/dicodusport.fr\/blog\/wp-json\/wp\/v2\/media\/182876"}],"wp:attachment":[{"href":"https:\/\/dicodusport.fr\/blog\/wp-json\/wp\/v2\/media?parent=182852"}],"wp:term":[{"taxonomy":"category","embeddable":true,"href":"https:\/\/dicodusport.fr\/blog\/wp-json\/wp\/v2\/categories?post=182852"},{"taxonomy":"post_tag","embeddable":true,"href":"https:\/\/dicodusport.fr\/blog\/wp-json\/wp\/v2\/tags?post=182852"}],"curies":[{"name":"wp","href":"https:\/\/api.w.org\/{rel}","templated":true}]}}