{"id":182855,"date":"2021-12-02T14:30:14","date_gmt":"2021-12-02T13:30:14","guid":{"rendered":"https:\/\/dicodusport.fr\/blog\/?p=182855&#038;preview=true&#038;preview_id=182855"},"modified":"2021-12-02T14:30:14","modified_gmt":"2021-12-02T13:30:14","slug":"franck-azema-rct-sur-le-recrutement-evidemment-on-ne-va-rien-mimposer","status":"publish","type":"post","link":"https:\/\/dicodusport.fr\/blog\/franck-azema-rct-sur-le-recrutement-evidemment-on-ne-va-rien-mimposer\/","title":{"rendered":"Franck Az\u00e9ma (RCT) sur le recrutement : \u00ab\u00a0\u00c9videmment, on ne va rien m&rsquo;imposer\u00a0\u00bb"},"content":{"rendered":"<p style=\"text-align: justify;\"><em><b>TOP 14 &#8211; Dans les colonnes de Rugbyrama, Franck Az\u00e9ma, manager du RC Toulon, est revenu sur ses premi\u00e8res semaines \u00e0 Toulon et \u00e9voque le futur <\/b><\/em><b><i>recrutement.<\/i><\/b><\/p>\n<p style=\"text-align: justify;\">L&rsquo;ancien manager de l&rsquo;ASM Clermont, <strong>Franck Az\u00e9ma<\/strong>, a d&rsquo;abord \u00e9voqu\u00e9 son groupe actuel, et a expliqu\u00e9 qu&rsquo;il \u00e9tait satisfait de l&rsquo;attitude de ses joueurs.<\/p>\n<blockquote>\n<p style=\"text-align: justify;\">Je sens les gar\u00e7ons impliqu\u00e9s. J&rsquo;ai trouv\u00e9 bon le retour des internationaux, leur implication d\u00e8s le lundi. Je trouve encore que ce d\u00e9but de semaine est bon mais ce n&rsquo;est pas gage de garantie, samedi, \u00e0 Pau. Il y a de tr\u00e8s bonnes attitudes mais elles ne sont pas satisfaisantes, il faut aller chercher encore plus haut.<\/p>\n<\/blockquote>\n<p style=\"text-align: justify;\">Concernant le prochain recrutement, <strong>Franck Az\u00e9ma<\/strong> a confi\u00e9 qu&rsquo;il avait un accord avec le pr\u00e9sident pour avoir le choix des futurs recrues.<\/p>\n<blockquote>\n<p style=\"text-align: justify;\">Nous avons des exigences li\u00e9es au JIFF\u00a0 et au salary cap. Il faut tenir compte de ces param\u00e8tres avant de se demander ce qui serait le plus profitable pour avoir des forces vives dans chaque ligne. \u00c9videmment, on ne va rien m&rsquo;imposer. C&rsquo;est aussi le deal mais il vaut mieux avoir plusieurs cerveaux pour y r\u00e9fl\u00e9chir.<\/p>\n<\/blockquote>\n<blockquote class=\"twitter-tweet\">\n<p dir=\"ltr\" lang=\"fr\">Un mois apr\u00e8s son arriv\u00e9e \u00e0 Toulon, Franck Az\u00e9ma tente de redonner confiance \u00e0 son nouveau club, 11e du Top 14, en travaillant sur les bases. Sa m\u00e9thode ? \u00ab\u00a0Je n&rsquo;invente rien\u00a0\u00bb, explique le nouveau manager du RCT dans un entretien !<a href=\"https:\/\/t.co\/FGcZpXQdD8\">https:\/\/t.co\/FGcZpXQdD8<\/a><\/p>\n<p>\u2014 RUGBYRAMA (@RugbyramaFR) <a href=\"https:\/\/twitter.com\/RugbyramaFR\/status\/1466379657515876357?ref_src=twsrc%5Etfw\">December 2, 2021<\/a><\/p><\/blockquote>\n<p style=\"text-align: justify;\"><script async src=\"https:\/\/platform.twitter.com\/widgets.js\" charset=\"utf-8\"><\/script><\/p>\n","protected":false},"excerpt":{"rendered":"<p>TOP 14 &#8211; Dans les colonnes de Rugbyrama, Franck Az\u00e9ma, manager du RC Toulon, est revenu sur ses premi\u00e8res semaines \u00e0 Toulon et \u00e9voque le futur recrutement.<\/p>\n","protected":false},"author":1,"featured_media":182856,"comment_status":"open","ping_status":"closed","sticky":false,"template":"","format":"standard","meta":{"_acf_changed":false,"_daextam_enable_autolinks":"","footnotes":""},"categories":[47050],"tags":[14652,3078],"class_list":["post-182855","post","type-post","status-publish","format-standard","has-post-thumbnail","hentry","category-top-14","tag-franck-azema","tag-rc-toulon"],"acf":[],"yoast_head":"<!-- This site is optimized with the Yoast SEO Premium plugin v26.7 (Yoast SEO v26.7) - https:\/\/yoast.com\/wordpress\/plugins\/seo\/ -->\n<title>Franck Az\u00e9ma (RCT) sur le recrutement : &quot;\u00c9videmment, on ne va rien m&#039;imposer&quot;<\/title>\n<meta name=\"description\" content=\"TOP 14 - Dans les colonnes de Rugbyrama, Franck Az\u00e9ma, manager du RC Toulon, est revenu sur ses premi\u00e8res semaines \u00e0 Toulon.\" \/>\n<meta name=\"robots\" content=\"index, follow, max-snippet:-1, max-image-preview:large, max-video-preview:-1\" \/>\n<link rel=\"canonical\" href=\"https:\/\/dicodusport.fr\/blog\/franck-azema-rct-sur-le-recrutement-evidemment-on-ne-va-rien-mimposer\/\" \/>\n<meta property=\"og:locale\" content=\"fr_FR\" \/>\n<meta property=\"og:type\" content=\"article\" \/>\n<meta property=\"og:title\" content=\"Franck Az\u00e9ma (RCT) sur le recrutement : &quot;\u00c9videmment, on ne va rien m&#039;imposer&quot;\" \/>\n<meta property=\"og:description\" content=\"TOP 14 - Dans les colonnes de Rugbyrama, Franck Az\u00e9ma, manager du RC Toulon, est revenu sur ses premi\u00e8res semaines \u00e0 Toulon.\" \/>\n<meta property=\"og:url\" content=\"https:\/\/dicodusport.fr\/blog\/franck-azema-rct-sur-le-recrutement-evidemment-on-ne-va-rien-mimposer\/\" \/>\n<meta property=\"og:site_name\" content=\"Dicodusport\" \/>\n<meta property=\"article:publisher\" content=\"https:\/\/www.facebook.com\/dicodusport\" \/>\n<meta property=\"article:author\" content=\"https:\/\/www.facebook.com\/dicodusport\" \/>\n<meta property=\"article:published_time\" content=\"2021-12-02T13:30:14+00:00\" \/>\n<meta property=\"og:image\" content=\"https:\/\/dicodusport.fr\/blog\/wp-content\/uploads\/2021\/12\/Franck-Aze\u0301ma-sur-le-recrutement-E\u0301videmment-on-ne-va-rien-mimposer.png\" \/>\n\t<meta property=\"og:image:width\" content=\"800\" \/>\n\t<meta property=\"og:image:height\" content=\"445\" \/>\n\t<meta property=\"og:image:type\" content=\"image\/png\" \/>\n<meta name=\"author\" content=\"Nicolas Jacquemard\" \/>\n<meta name=\"twitter:card\" content=\"summary_large_image\" \/>\n<meta name=\"twitter:title\" content=\"Franck Az\u00e9ma (RCT) sur le recrutement : &quot;\u00c9videmment, on ne va rien m&#039;imposer&quot;\" \/>\n<meta name=\"twitter:creator\" content=\"@https:\/\/twitter.com\/Nico_Jacquemard\" \/>\n<meta name=\"twitter:site\" content=\"@dicodusport\" \/>\n<script type=\"application\/ld+json\" class=\"yoast-schema-graph\">{\"@context\":\"https:\/\/schema.org\",\"@graph\":[{\"@type\":\"NewsArticle\",\"@id\":\"https:\/\/dicodusport.fr\/blog\/franck-azema-rct-sur-le-recrutement-evidemment-on-ne-va-rien-mimposer\/#article\",\"isPartOf\":{\"@id\":\"https:\/\/dicodusport.fr\/blog\/franck-azema-rct-sur-le-recrutement-evidemment-on-ne-va-rien-mimposer\/\"},\"author\":{\"name\":\"Nicolas Jacquemard\",\"@id\":\"https:\/\/dicodusport.fr\/blog\/#\/schema\/person\/55dcb50ad410894e431ed812bbb70191\"},\"headline\":\"Franck Az\u00e9ma (RCT) sur le recrutement : \u00ab\u00a0\u00c9videmment, on ne va rien m&rsquo;imposer\u00a0\u00bb\",\"datePublished\":\"2021-12-02T13:30:14+00:00\",\"mainEntityOfPage\":{\"@id\":\"https:\/\/dicodusport.fr\/blog\/franck-azema-rct-sur-le-recrutement-evidemment-on-ne-va-rien-mimposer\/\"},\"wordCount\":270,\"commentCount\":0,\"publisher\":{\"@id\":\"https:\/\/dicodusport.fr\/blog\/#organization\"},\"image\":{\"@id\":\"https:\/\/dicodusport.fr\/blog\/franck-azema-rct-sur-le-recrutement-evidemment-on-ne-va-rien-mimposer\/#primaryimage\"},\"thumbnailUrl\":\"https:\/\/dicodusport.fr\/blog\/wp-content\/uploads\/2021\/12\/Franck-Aze\u0301ma-sur-le-recrutement-E\u0301videmment-on-ne-va-rien-mimposer.png\",\"keywords\":[\"Franck Az\u00e9ma\",\"RC Toulon\"],\"articleSection\":[\"Top 14\"],\"inLanguage\":\"fr-FR\",\"potentialAction\":[{\"@type\":\"CommentAction\",\"name\":\"Comment\",\"target\":[\"https:\/\/dicodusport.fr\/blog\/franck-azema-rct-sur-le-recrutement-evidemment-on-ne-va-rien-mimposer\/#respond\"]}],\"copyrightYear\":\"2021\",\"copyrightHolder\":{\"@id\":\"https:\/\/dicodusport.fr\/blog\/#organization\"}},{\"@type\":\"WebPage\",\"@id\":\"https:\/\/dicodusport.fr\/blog\/franck-azema-rct-sur-le-recrutement-evidemment-on-ne-va-rien-mimposer\/\",\"url\":\"https:\/\/dicodusport.fr\/blog\/franck-azema-rct-sur-le-recrutement-evidemment-on-ne-va-rien-mimposer\/\",\"name\":\"Franck Az\u00e9ma (RCT) sur le recrutement : \\\"\u00c9videmment, on ne va rien m'imposer\\\"\",\"isPartOf\":{\"@id\":\"https:\/\/dicodusport.fr\/blog\/#website\"},\"primaryImageOfPage\":{\"@id\":\"https:\/\/dicodusport.fr\/blog\/franck-azema-rct-sur-le-recrutement-evidemment-on-ne-va-rien-mimposer\/#primaryimage\"},\"image\":{\"@id\":\"https:\/\/dicodusport.fr\/blog\/franck-azema-rct-sur-le-recrutement-evidemment-on-ne-va-rien-mimposer\/#primaryimage\"},\"thumbnailUrl\":\"https:\/\/dicodusport.fr\/blog\/wp-content\/uploads\/2021\/12\/Franck-Aze\u0301ma-sur-le-recrutement-E\u0301videmment-on-ne-va-rien-mimposer.png\",\"datePublished\":\"2021-12-02T13:30:14+00:00\",\"description\":\"TOP 14 - Dans les colonnes de Rugbyrama, Franck Az\u00e9ma, manager du RC Toulon, est revenu sur ses premi\u00e8res semaines \u00e0 Toulon.\",\"breadcrumb\":{\"@id\":\"https:\/\/dicodusport.fr\/blog\/franck-azema-rct-sur-le-recrutement-evidemment-on-ne-va-rien-mimposer\/#breadcrumb\"},\"inLanguage\":\"fr-FR\",\"potentialAction\":[{\"@type\":\"ReadAction\",\"target\":[\"https:\/\/dicodusport.fr\/blog\/franck-azema-rct-sur-le-recrutement-evidemment-on-ne-va-rien-mimposer\/\"]}]},{\"@type\":\"ImageObject\",\"inLanguage\":\"fr-FR\",\"@id\":\"https:\/\/dicodusport.fr\/blog\/franck-azema-rct-sur-le-recrutement-evidemment-on-ne-va-rien-mimposer\/#primaryimage\",\"url\":\"https:\/\/dicodusport.fr\/blog\/wp-content\/uploads\/2021\/12\/Franck-Aze\u0301ma-sur-le-recrutement-E\u0301videmment-on-ne-va-rien-mimposer.png\",\"contentUrl\":\"https:\/\/dicodusport.fr\/blog\/wp-content\/uploads\/2021\/12\/Franck-Aze\u0301ma-sur-le-recrutement-E\u0301videmment-on-ne-va-rien-mimposer.png\",\"width\":800,\"height\":445},{\"@type\":\"BreadcrumbList\",\"@id\":\"https:\/\/dicodusport.fr\/blog\/franck-azema-rct-sur-le-recrutement-evidemment-on-ne-va-rien-mimposer\/#breadcrumb\",\"itemListElement\":[{\"@type\":\"ListItem\",\"position\":1,\"name\":\"Accueil\",\"item\":\"https:\/\/dicodusport.fr\/blog\/\"},{\"@type\":\"ListItem\",\"position\":2,\"name\":\"Franck Az\u00e9ma (RCT) sur le recrutement : \u00ab\u00a0\u00c9videmment, on ne va rien m&rsquo;imposer\u00a0\u00bb\"}]},{\"@type\":\"WebSite\",\"@id\":\"https:\/\/dicodusport.fr\/blog\/#website\",\"url\":\"https:\/\/dicodusport.fr\/blog\/\",\"name\":\"Dicodusport\",\"description\":\"L&#039;encyclop\u00e9die de l&#039;actualit\u00e9 sportive\",\"publisher\":{\"@id\":\"https:\/\/dicodusport.fr\/blog\/#organization\"},\"potentialAction\":[{\"@type\":\"SearchAction\",\"target\":{\"@type\":\"EntryPoint\",\"urlTemplate\":\"https:\/\/dicodusport.fr\/blog\/?s={search_term_string}\"},\"query-input\":{\"@type\":\"PropertyValueSpecification\",\"valueRequired\":true,\"valueName\":\"search_term_string\"}}],\"inLanguage\":\"fr-FR\"},{\"@type\":\"NewsMediaOrganization\",\"@id\":\"https:\/\/dicodusport.fr\/blog\/#organization\",\"name\":\"Dicodusport\",\"url\":\"https:\/\/dicodusport.fr\/blog\/\",\"logo\":{\"@type\":\"ImageObject\",\"inLanguage\":\"fr-FR\",\"@id\":\"https:\/\/dicodusport.fr\/blog\/#\/schema\/logo\/image\/\",\"url\":\"https:\/\/dicodusport.fr\/blog\/wp-content\/uploads\/2020\/06\/cropped-LOGO-DICODUSPORT-2020-SANS-FOND-SANS-TEXTE.png\",\"contentUrl\":\"https:\/\/dicodusport.fr\/blog\/wp-content\/uploads\/2020\/06\/cropped-LOGO-DICODUSPORT-2020-SANS-FOND-SANS-TEXTE.png\",\"width\":512,\"height\":512,\"caption\":\"Dicodusport\"},\"image\":{\"@id\":\"https:\/\/dicodusport.fr\/blog\/#\/schema\/logo\/image\/\"},\"sameAs\":[\"https:\/\/www.facebook.com\/dicodusport\",\"https:\/\/x.com\/dicodusport\",\"https:\/\/www.instagram.com\/dicodusport\/\",\"https:\/\/www.youtube.com\/channel\/UC7V2KZ5sd3htJivAbA4ZG3w\"],\"description\":\"Dicodusport est l'encyclop\u00e9die de l'actualit\u00e9 sportive.\",\"email\":\"bonjour@dicodusport.fr\",\"legalName\":\"DICODUSPORT\",\"foundingDate\":\"2018-01-14\",\"vatID\":\"FR71834470973\",\"taxID\":\"83447097300043\",\"numberOfEmployees\":{\"@type\":\"QuantitativeValue\",\"minValue\":\"1\",\"maxValue\":\"10\"}},{\"@type\":\"Person\",\"@id\":\"https:\/\/dicodusport.fr\/blog\/#\/schema\/person\/55dcb50ad410894e431ed812bbb70191\",\"name\":\"Nicolas Jacquemard\",\"image\":{\"@type\":\"ImageObject\",\"inLanguage\":\"fr-FR\",\"@id\":\"https:\/\/dicodusport.fr\/blog\/#\/schema\/person\/image\/\",\"url\":\"https:\/\/dicodusport.fr\/blog\/wp-content\/uploads\/2021\/05\/Nicolas-Jacquemard-150x150.jpeg\",\"contentUrl\":\"https:\/\/dicodusport.fr\/blog\/wp-content\/uploads\/2021\/05\/Nicolas-Jacquemard-150x150.jpeg\",\"caption\":\"Nicolas Jacquemard\"},\"description\":\"Passionn\u00e9 de sport et entrepreneur depuis mes 18 ans, la cr\u00e9ation de Dicodusport m'a sembl\u00e9 \u00e9vidente pour participer \u00e0 la m\u00e9diatisation d'un plus grand nombre de sports. Le chemin est long mais avec une \u00e9quipe des plus motiv\u00e9es et les Jeux Olympiques de Paris 2024 en point de mire, nous y arriverons ! Journaliste dans le monde du sport depuis plus de 5 ans, je traite aussi bien de football, de rugby, de biathlon que de cyclisme.\",\"sameAs\":[\"https:\/\/www.facebook.com\/dicodusport\",\"https:\/\/x.com\/https:\/\/twitter.com\/Nico_Jacquemard\"],\"url\":\"https:\/\/dicodusport.fr\/blog\/author\/dicodusport\/\"}]}<\/script>\n<!-- \/ Yoast SEO Premium plugin. -->","yoast_head_json":{"title":"Franck Az\u00e9ma (RCT) sur le recrutement : \"\u00c9videmment, on ne va rien m'imposer\"","description":"TOP 14 - Dans les colonnes de Rugbyrama, Franck Az\u00e9ma, manager du RC Toulon, est revenu sur ses premi\u00e8res semaines \u00e0 Toulon.","robots":{"index":"index","follow":"follow","max-snippet":"max-snippet:-1","max-image-preview":"max-image-preview:large","max-video-preview":"max-video-preview:-1"},"canonical":"https:\/\/dicodusport.fr\/blog\/franck-azema-rct-sur-le-recrutement-evidemment-on-ne-va-rien-mimposer\/","og_locale":"fr_FR","og_type":"article","og_title":"Franck Az\u00e9ma (RCT) sur le recrutement : \"\u00c9videmment, on ne va rien m'imposer\"","og_description":"TOP 14 - Dans les colonnes de Rugbyrama, Franck Az\u00e9ma, manager du RC Toulon, est revenu sur ses premi\u00e8res semaines \u00e0 Toulon.","og_url":"https:\/\/dicodusport.fr\/blog\/franck-azema-rct-sur-le-recrutement-evidemment-on-ne-va-rien-mimposer\/","og_site_name":"Dicodusport","article_publisher":"https:\/\/www.facebook.com\/dicodusport","article_author":"https:\/\/www.facebook.com\/dicodusport","article_published_time":"2021-12-02T13:30:14+00:00","og_image":[{"width":800,"height":445,"url":"https:\/\/dicodusport.fr\/blog\/wp-content\/uploads\/2021\/12\/Franck-Aze\u0301ma-sur-le-recrutement-E\u0301videmment-on-ne-va-rien-mimposer.png","type":"image\/png"}],"author":"Nicolas Jacquemard","twitter_card":"summary_large_image","twitter_title":"Franck Az\u00e9ma (RCT) sur le recrutement : \"\u00c9videmment, on ne va rien m'imposer\"","twitter_creator":"@https:\/\/twitter.com\/Nico_Jacquemard","twitter_site":"@dicodusport","schema":{"@context":"https:\/\/schema.org","@graph":[{"@type":"NewsArticle","@id":"https:\/\/dicodusport.fr\/blog\/franck-azema-rct-sur-le-recrutement-evidemment-on-ne-va-rien-mimposer\/#article","isPartOf":{"@id":"https:\/\/dicodusport.fr\/blog\/franck-azema-rct-sur-le-recrutement-evidemment-on-ne-va-rien-mimposer\/"},"author":{"name":"Nicolas Jacquemard","@id":"https:\/\/dicodusport.fr\/blog\/#\/schema\/person\/55dcb50ad410894e431ed812bbb70191"},"headline":"Franck Az\u00e9ma (RCT) sur le recrutement : \u00ab\u00a0\u00c9videmment, on ne va rien m&rsquo;imposer\u00a0\u00bb","datePublished":"2021-12-02T13:30:14+00:00","mainEntityOfPage":{"@id":"https:\/\/dicodusport.fr\/blog\/franck-azema-rct-sur-le-recrutement-evidemment-on-ne-va-rien-mimposer\/"},"wordCount":270,"commentCount":0,"publisher":{"@id":"https:\/\/dicodusport.fr\/blog\/#organization"},"image":{"@id":"https:\/\/dicodusport.fr\/blog\/franck-azema-rct-sur-le-recrutement-evidemment-on-ne-va-rien-mimposer\/#primaryimage"},"thumbnailUrl":"https:\/\/dicodusport.fr\/blog\/wp-content\/uploads\/2021\/12\/Franck-Aze\u0301ma-sur-le-recrutement-E\u0301videmment-on-ne-va-rien-mimposer.png","keywords":["Franck Az\u00e9ma","RC Toulon"],"articleSection":["Top 14"],"inLanguage":"fr-FR","potentialAction":[{"@type":"CommentAction","name":"Comment","target":["https:\/\/dicodusport.fr\/blog\/franck-azema-rct-sur-le-recrutement-evidemment-on-ne-va-rien-mimposer\/#respond"]}],"copyrightYear":"2021","copyrightHolder":{"@id":"https:\/\/dicodusport.fr\/blog\/#organization"}},{"@type":"WebPage","@id":"https:\/\/dicodusport.fr\/blog\/franck-azema-rct-sur-le-recrutement-evidemment-on-ne-va-rien-mimposer\/","url":"https:\/\/dicodusport.fr\/blog\/franck-azema-rct-sur-le-recrutement-evidemment-on-ne-va-rien-mimposer\/","name":"Franck Az\u00e9ma (RCT) sur le recrutement : \"\u00c9videmment, on ne va rien m'imposer\"","isPartOf":{"@id":"https:\/\/dicodusport.fr\/blog\/#website"},"primaryImageOfPage":{"@id":"https:\/\/dicodusport.fr\/blog\/franck-azema-rct-sur-le-recrutement-evidemment-on-ne-va-rien-mimposer\/#primaryimage"},"image":{"@id":"https:\/\/dicodusport.fr\/blog\/franck-azema-rct-sur-le-recrutement-evidemment-on-ne-va-rien-mimposer\/#primaryimage"},"thumbnailUrl":"https:\/\/dicodusport.fr\/blog\/wp-content\/uploads\/2021\/12\/Franck-Aze\u0301ma-sur-le-recrutement-E\u0301videmment-on-ne-va-rien-mimposer.png","datePublished":"2021-12-02T13:30:14+00:00","description":"TOP 14 - Dans les colonnes de Rugbyrama, Franck Az\u00e9ma, manager du RC Toulon, est revenu sur ses premi\u00e8res semaines \u00e0 Toulon.","breadcrumb":{"@id":"https:\/\/dicodusport.fr\/blog\/franck-azema-rct-sur-le-recrutement-evidemment-on-ne-va-rien-mimposer\/#breadcrumb"},"inLanguage":"fr-FR","potentialAction":[{"@type":"ReadAction","target":["https:\/\/dicodusport.fr\/blog\/franck-azema-rct-sur-le-recrutement-evidemment-on-ne-va-rien-mimposer\/"]}]},{"@type":"ImageObject","inLanguage":"fr-FR","@id":"https:\/\/dicodusport.fr\/blog\/franck-azema-rct-sur-le-recrutement-evidemment-on-ne-va-rien-mimposer\/#primaryimage","url":"https:\/\/dicodusport.fr\/blog\/wp-content\/uploads\/2021\/12\/Franck-Aze\u0301ma-sur-le-recrutement-E\u0301videmment-on-ne-va-rien-mimposer.png","contentUrl":"https:\/\/dicodusport.fr\/blog\/wp-content\/uploads\/2021\/12\/Franck-Aze\u0301ma-sur-le-recrutement-E\u0301videmment-on-ne-va-rien-mimposer.png","width":800,"height":445},{"@type":"BreadcrumbList","@id":"https:\/\/dicodusport.fr\/blog\/franck-azema-rct-sur-le-recrutement-evidemment-on-ne-va-rien-mimposer\/#breadcrumb","itemListElement":[{"@type":"ListItem","position":1,"name":"Accueil","item":"https:\/\/dicodusport.fr\/blog\/"},{"@type":"ListItem","position":2,"name":"Franck Az\u00e9ma (RCT) sur le recrutement : \u00ab\u00a0\u00c9videmment, on ne va rien m&rsquo;imposer\u00a0\u00bb"}]},{"@type":"WebSite","@id":"https:\/\/dicodusport.fr\/blog\/#website","url":"https:\/\/dicodusport.fr\/blog\/","name":"Dicodusport","description":"L&#039;encyclop\u00e9die de l&#039;actualit\u00e9 sportive","publisher":{"@id":"https:\/\/dicodusport.fr\/blog\/#organization"},"potentialAction":[{"@type":"SearchAction","target":{"@type":"EntryPoint","urlTemplate":"https:\/\/dicodusport.fr\/blog\/?s={search_term_string}"},"query-input":{"@type":"PropertyValueSpecification","valueRequired":true,"valueName":"search_term_string"}}],"inLanguage":"fr-FR"},{"@type":"NewsMediaOrganization","@id":"https:\/\/dicodusport.fr\/blog\/#organization","name":"Dicodusport","url":"https:\/\/dicodusport.fr\/blog\/","logo":{"@type":"ImageObject","inLanguage":"fr-FR","@id":"https:\/\/dicodusport.fr\/blog\/#\/schema\/logo\/image\/","url":"https:\/\/dicodusport.fr\/blog\/wp-content\/uploads\/2020\/06\/cropped-LOGO-DICODUSPORT-2020-SANS-FOND-SANS-TEXTE.png","contentUrl":"https:\/\/dicodusport.fr\/blog\/wp-content\/uploads\/2020\/06\/cropped-LOGO-DICODUSPORT-2020-SANS-FOND-SANS-TEXTE.png","width":512,"height":512,"caption":"Dicodusport"},"image":{"@id":"https:\/\/dicodusport.fr\/blog\/#\/schema\/logo\/image\/"},"sameAs":["https:\/\/www.facebook.com\/dicodusport","https:\/\/x.com\/dicodusport","https:\/\/www.instagram.com\/dicodusport\/","https:\/\/www.youtube.com\/channel\/UC7V2KZ5sd3htJivAbA4ZG3w"],"description":"Dicodusport est l'encyclop\u00e9die de l'actualit\u00e9 sportive.","email":"bonjour@dicodusport.fr","legalName":"DICODUSPORT","foundingDate":"2018-01-14","vatID":"FR71834470973","taxID":"83447097300043","numberOfEmployees":{"@type":"QuantitativeValue","minValue":"1","maxValue":"10"}},{"@type":"Person","@id":"https:\/\/dicodusport.fr\/blog\/#\/schema\/person\/55dcb50ad410894e431ed812bbb70191","name":"Nicolas Jacquemard","image":{"@type":"ImageObject","inLanguage":"fr-FR","@id":"https:\/\/dicodusport.fr\/blog\/#\/schema\/person\/image\/","url":"https:\/\/dicodusport.fr\/blog\/wp-content\/uploads\/2021\/05\/Nicolas-Jacquemard-150x150.jpeg","contentUrl":"https:\/\/dicodusport.fr\/blog\/wp-content\/uploads\/2021\/05\/Nicolas-Jacquemard-150x150.jpeg","caption":"Nicolas Jacquemard"},"description":"Passionn\u00e9 de sport et entrepreneur depuis mes 18 ans, la cr\u00e9ation de Dicodusport m'a sembl\u00e9 \u00e9vidente pour participer \u00e0 la m\u00e9diatisation d'un plus grand nombre de sports. Le chemin est long mais avec une \u00e9quipe des plus motiv\u00e9es et les Jeux Olympiques de Paris 2024 en point de mire, nous y arriverons ! Journaliste dans le monde du sport depuis plus de 5 ans, je traite aussi bien de football, de rugby, de biathlon que de cyclisme.","sameAs":["https:\/\/www.facebook.com\/dicodusport","https:\/\/x.com\/https:\/\/twitter.com\/Nico_Jacquemard"],"url":"https:\/\/dicodusport.fr\/blog\/author\/dicodusport\/"}]}},"_links":{"self":[{"href":"https:\/\/dicodusport.fr\/blog\/wp-json\/wp\/v2\/posts\/182855","targetHints":{"allow":["GET"]}}],"collection":[{"href":"https:\/\/dicodusport.fr\/blog\/wp-json\/wp\/v2\/posts"}],"about":[{"href":"https:\/\/dicodusport.fr\/blog\/wp-json\/wp\/v2\/types\/post"}],"author":[{"embeddable":true,"href":"https:\/\/dicodusport.fr\/blog\/wp-json\/wp\/v2\/users\/1"}],"replies":[{"embeddable":true,"href":"https:\/\/dicodusport.fr\/blog\/wp-json\/wp\/v2\/comments?post=182855"}],"version-history":[{"count":0,"href":"https:\/\/dicodusport.fr\/blog\/wp-json\/wp\/v2\/posts\/182855\/revisions"}],"wp:featuredmedia":[{"embeddable":true,"href":"https:\/\/dicodusport.fr\/blog\/wp-json\/wp\/v2\/media\/182856"}],"wp:attachment":[{"href":"https:\/\/dicodusport.fr\/blog\/wp-json\/wp\/v2\/media?parent=182855"}],"wp:term":[{"taxonomy":"category","embeddable":true,"href":"https:\/\/dicodusport.fr\/blog\/wp-json\/wp\/v2\/categories?post=182855"},{"taxonomy":"post_tag","embeddable":true,"href":"https:\/\/dicodusport.fr\/blog\/wp-json\/wp\/v2\/tags?post=182855"}],"curies":[{"name":"wp","href":"https:\/\/api.w.org\/{rel}","templated":true}]}}