{"id":182949,"date":"2021-12-02T20:02:57","date_gmt":"2021-12-02T19:02:57","guid":{"rendered":"https:\/\/dicodusport.fr\/blog\/?p=182949&#038;preview=true&#038;preview_id=182949"},"modified":"2021-12-02T20:20:52","modified_gmt":"2021-12-02T19:20:52","slug":"morgan-parra-va-s-engager-avec-le-stade-francais","status":"publish","type":"post","link":"https:\/\/dicodusport.fr\/blog\/morgan-parra-va-s-engager-avec-le-stade-francais\/","title":{"rendered":"Morgan Parra va s&rsquo;engager avec le Stade Fran\u00e7ais"},"content":{"rendered":"<p style=\"text-align: justify;\"><em><strong>TOP 14 &#8211; En fin de contrat en juin prochain et sur le d\u00e9part de l&rsquo;ASM Clermont, Morgan Parra va s&rsquo;engager au Stade Fran\u00e7ais, selon les informations de RMC Sport.<\/strong><\/em><\/p>\n<p style=\"text-align: justify;\">Le suspense n&rsquo;aura pas dur\u00e9 bien longtemps. <a href=\"https:\/\/dicodusport.fr\/blog\/top-14-morgan-parra-va-quitter-l-asm-clermont-en-fin-de-saison\/\">Apr\u00e8s avoir annonc\u00e9 son d\u00e9part de l&rsquo;ASM Clermont<\/a>, club dans lequel il est arriv\u00e9 en 2009, <strong>Morgan Parra<\/strong> (33 ans) va s&rsquo;engager avec le Stade Fran\u00e7ais la saison prochaine. Selon les informations de <a href=\"https:\/\/rmcsport.bfmtv.com\/rugby\/top-14-direction-le-stade-francais-pour-morgan-parra_AV-202112020489.html\" target=\"_blank\" rel=\"nofollow noopener\"><em>RMC Sport<\/em><\/a>, l&rsquo;international aux 71 s\u00e9lections s&rsquo;est entendu avec le club de la capitale cette semaine. Pour le moment, rien n&rsquo;a filtr\u00e9 sur la dur\u00e9e du contrat. <a href=\"https:\/\/dicodusport.fr\/blog\/stade-francais-sekou-macalou-prolonge-avec-un-contrat-longue-duree\/\">Apr\u00e8s avoir prolong\u00e9 sur la (longue) dur\u00e9e <strong>Sekou Macalou<\/strong><\/a>, le Stade Fran\u00e7ais r\u00e9alise un nouveau gros coup, puisque le natif de Metz \u00e9tait \u00e9galement courtis\u00e9 pour deux autres grosses \u00e9curies du Top 14, le Stade Toulousain et le RC Toulon.<\/p>\n<blockquote class=\"twitter-tweet\">\n<p dir=\"ltr\" lang=\"fr\">&#x1f3c9; Info RMC SPORT<\/p>\n<p>Morgan Parra ne portera plus les couleurs de Clermont la saison prochaine et va rejoindre le Stade Fran\u00e7ais en fin de saison <a href=\"https:\/\/t.co\/9hQDRwvzmg\">https:\/\/t.co\/9hQDRwvzmg<\/a><\/p>\n<p>\u2014 RMC Sport (@RMCsport) <a href=\"https:\/\/twitter.com\/RMCsport\/status\/1466474243449933826?ref_src=twsrc%5Etfw\">December 2, 2021<\/a><\/p><\/blockquote>\n<p><script async src=\"https:\/\/platform.twitter.com\/widgets.js\" charset=\"utf-8\"><\/script><\/p>\n","protected":false},"excerpt":{"rendered":"<p>TOP 14 &#8211; En fin de contrat en juin prochain et sur le d\u00e9part de l&rsquo;ASM Clermont, Morgan Parra va s&rsquo;engager au Stade Fran\u00e7ais, selon les informations de RMC Sport.<\/p>\n","protected":false},"author":4,"featured_media":181184,"comment_status":"open","ping_status":"closed","sticky":false,"template":"","format":"standard","meta":{"_acf_changed":false,"_daextam_enable_autolinks":"","footnotes":""},"categories":[47050],"tags":[2243,3076,111],"class_list":["post-182949","post","type-post","status-publish","format-standard","has-post-thumbnail","hentry","category-top-14","tag-morgan-parra","tag-stade-francais","tag-top-14"],"acf":[],"yoast_head":"<!-- This site is optimized with the Yoast SEO Premium plugin v26.7 (Yoast SEO v26.7) - https:\/\/yoast.com\/wordpress\/plugins\/seo\/ -->\n<title>Morgan Parra va s&#039;engager avec le Stade Fran\u00e7ais<\/title>\n<meta name=\"description\" content=\"TOP 14 - En fin de contrat en juin prochain et sur le d\u00e9part de l&#039;ASM Clermont, Morgan Parra va s&#039;engager au Stade Fran\u00e7ais.\" \/>\n<meta name=\"robots\" content=\"index, follow, max-snippet:-1, max-image-preview:large, max-video-preview:-1\" \/>\n<link rel=\"canonical\" href=\"https:\/\/dicodusport.fr\/blog\/morgan-parra-va-s-engager-avec-le-stade-francais\/\" \/>\n<meta property=\"og:locale\" content=\"fr_FR\" \/>\n<meta property=\"og:type\" content=\"article\" \/>\n<meta property=\"og:title\" content=\"Morgan Parra va s&#039;engager avec le Stade Fran\u00e7ais\" \/>\n<meta property=\"og:description\" content=\"TOP 14 - En fin de contrat en juin prochain et sur le d\u00e9part de l&#039;ASM Clermont, Morgan Parra va s&#039;engager au Stade Fran\u00e7ais.\" \/>\n<meta property=\"og:url\" content=\"https:\/\/dicodusport.fr\/blog\/morgan-parra-va-s-engager-avec-le-stade-francais\/\" \/>\n<meta property=\"og:site_name\" content=\"Dicodusport\" \/>\n<meta property=\"article:publisher\" content=\"https:\/\/www.facebook.com\/dicodusport\" \/>\n<meta property=\"article:author\" content=\"https:\/\/www.facebook.com\/florent.ostermann\" \/>\n<meta property=\"article:published_time\" content=\"2021-12-02T19:02:57+00:00\" \/>\n<meta property=\"article:modified_time\" content=\"2021-12-02T19:20:52+00:00\" \/>\n<meta property=\"og:image\" content=\"https:\/\/dicodusport.fr\/blog\/wp-content\/uploads\/2021\/11\/ASM-Clermont-Morgan-Parra-parti-pour-rester-.png\" \/>\n\t<meta property=\"og:image:width\" content=\"800\" \/>\n\t<meta property=\"og:image:height\" content=\"445\" \/>\n\t<meta property=\"og:image:type\" content=\"image\/png\" \/>\n<meta name=\"author\" content=\"Flo Ostermann\" \/>\n<meta name=\"twitter:card\" content=\"summary_large_image\" \/>\n<meta name=\"twitter:title\" content=\"Morgan Parra va s&#039;engager avec le Stade Fran\u00e7ais\" \/>\n<meta name=\"twitter:creator\" content=\"@https:\/\/twitter.com\/FlOstermann\" \/>\n<meta name=\"twitter:site\" content=\"@dicodusport\" \/>\n<script type=\"application\/ld+json\" class=\"yoast-schema-graph\">{\"@context\":\"https:\/\/schema.org\",\"@graph\":[{\"@type\":\"NewsArticle\",\"@id\":\"https:\/\/dicodusport.fr\/blog\/morgan-parra-va-s-engager-avec-le-stade-francais\/#article\",\"isPartOf\":{\"@id\":\"https:\/\/dicodusport.fr\/blog\/morgan-parra-va-s-engager-avec-le-stade-francais\/\"},\"author\":{\"name\":\"Flo Ostermann\",\"@id\":\"https:\/\/dicodusport.fr\/blog\/#\/schema\/person\/cb02af4c173ce4a653b55e9baf388d4a\"},\"headline\":\"Morgan Parra va s&rsquo;engager avec le Stade Fran\u00e7ais\",\"datePublished\":\"2021-12-02T19:02:57+00:00\",\"dateModified\":\"2021-12-02T19:20:52+00:00\",\"mainEntityOfPage\":{\"@id\":\"https:\/\/dicodusport.fr\/blog\/morgan-parra-va-s-engager-avec-le-stade-francais\/\"},\"wordCount\":198,\"commentCount\":0,\"publisher\":{\"@id\":\"https:\/\/dicodusport.fr\/blog\/#organization\"},\"image\":{\"@id\":\"https:\/\/dicodusport.fr\/blog\/morgan-parra-va-s-engager-avec-le-stade-francais\/#primaryimage\"},\"thumbnailUrl\":\"https:\/\/dicodusport.fr\/blog\/wp-content\/uploads\/2021\/11\/ASM-Clermont-Morgan-Parra-parti-pour-rester-.png\",\"keywords\":[\"Morgan Parra\",\"Stade Fran\u00e7ais\",\"Top 14\"],\"articleSection\":[\"Top 14\"],\"inLanguage\":\"fr-FR\",\"potentialAction\":[{\"@type\":\"CommentAction\",\"name\":\"Comment\",\"target\":[\"https:\/\/dicodusport.fr\/blog\/morgan-parra-va-s-engager-avec-le-stade-francais\/#respond\"]}],\"copyrightYear\":\"2021\",\"copyrightHolder\":{\"@id\":\"https:\/\/dicodusport.fr\/blog\/#organization\"}},{\"@type\":\"WebPage\",\"@id\":\"https:\/\/dicodusport.fr\/blog\/morgan-parra-va-s-engager-avec-le-stade-francais\/\",\"url\":\"https:\/\/dicodusport.fr\/blog\/morgan-parra-va-s-engager-avec-le-stade-francais\/\",\"name\":\"Morgan Parra va s'engager avec le Stade Fran\u00e7ais\",\"isPartOf\":{\"@id\":\"https:\/\/dicodusport.fr\/blog\/#website\"},\"primaryImageOfPage\":{\"@id\":\"https:\/\/dicodusport.fr\/blog\/morgan-parra-va-s-engager-avec-le-stade-francais\/#primaryimage\"},\"image\":{\"@id\":\"https:\/\/dicodusport.fr\/blog\/morgan-parra-va-s-engager-avec-le-stade-francais\/#primaryimage\"},\"thumbnailUrl\":\"https:\/\/dicodusport.fr\/blog\/wp-content\/uploads\/2021\/11\/ASM-Clermont-Morgan-Parra-parti-pour-rester-.png\",\"datePublished\":\"2021-12-02T19:02:57+00:00\",\"dateModified\":\"2021-12-02T19:20:52+00:00\",\"description\":\"TOP 14 - En fin de contrat en juin prochain et sur le d\u00e9part de l'ASM Clermont, Morgan Parra va s'engager au Stade Fran\u00e7ais.\",\"breadcrumb\":{\"@id\":\"https:\/\/dicodusport.fr\/blog\/morgan-parra-va-s-engager-avec-le-stade-francais\/#breadcrumb\"},\"inLanguage\":\"fr-FR\",\"potentialAction\":[{\"@type\":\"ReadAction\",\"target\":[\"https:\/\/dicodusport.fr\/blog\/morgan-parra-va-s-engager-avec-le-stade-francais\/\"]}]},{\"@type\":\"ImageObject\",\"inLanguage\":\"fr-FR\",\"@id\":\"https:\/\/dicodusport.fr\/blog\/morgan-parra-va-s-engager-avec-le-stade-francais\/#primaryimage\",\"url\":\"https:\/\/dicodusport.fr\/blog\/wp-content\/uploads\/2021\/11\/ASM-Clermont-Morgan-Parra-parti-pour-rester-.png\",\"contentUrl\":\"https:\/\/dicodusport.fr\/blog\/wp-content\/uploads\/2021\/11\/ASM-Clermont-Morgan-Parra-parti-pour-rester-.png\",\"width\":800,\"height\":445,\"caption\":\"ASM Clermont Morgan Parra parti pour rester\"},{\"@type\":\"BreadcrumbList\",\"@id\":\"https:\/\/dicodusport.fr\/blog\/morgan-parra-va-s-engager-avec-le-stade-francais\/#breadcrumb\",\"itemListElement\":[{\"@type\":\"ListItem\",\"position\":1,\"name\":\"Accueil\",\"item\":\"https:\/\/dicodusport.fr\/blog\/\"},{\"@type\":\"ListItem\",\"position\":2,\"name\":\"Morgan Parra va s&rsquo;engager avec le Stade Fran\u00e7ais\"}]},{\"@type\":\"WebSite\",\"@id\":\"https:\/\/dicodusport.fr\/blog\/#website\",\"url\":\"https:\/\/dicodusport.fr\/blog\/\",\"name\":\"Dicodusport\",\"description\":\"L&#039;encyclop\u00e9die de l&#039;actualit\u00e9 sportive\",\"publisher\":{\"@id\":\"https:\/\/dicodusport.fr\/blog\/#organization\"},\"potentialAction\":[{\"@type\":\"SearchAction\",\"target\":{\"@type\":\"EntryPoint\",\"urlTemplate\":\"https:\/\/dicodusport.fr\/blog\/?s={search_term_string}\"},\"query-input\":{\"@type\":\"PropertyValueSpecification\",\"valueRequired\":true,\"valueName\":\"search_term_string\"}}],\"inLanguage\":\"fr-FR\"},{\"@type\":\"NewsMediaOrganization\",\"@id\":\"https:\/\/dicodusport.fr\/blog\/#organization\",\"name\":\"Dicodusport\",\"url\":\"https:\/\/dicodusport.fr\/blog\/\",\"logo\":{\"@type\":\"ImageObject\",\"inLanguage\":\"fr-FR\",\"@id\":\"https:\/\/dicodusport.fr\/blog\/#\/schema\/logo\/image\/\",\"url\":\"https:\/\/dicodusport.fr\/blog\/wp-content\/uploads\/2020\/06\/cropped-LOGO-DICODUSPORT-2020-SANS-FOND-SANS-TEXTE.png\",\"contentUrl\":\"https:\/\/dicodusport.fr\/blog\/wp-content\/uploads\/2020\/06\/cropped-LOGO-DICODUSPORT-2020-SANS-FOND-SANS-TEXTE.png\",\"width\":512,\"height\":512,\"caption\":\"Dicodusport\"},\"image\":{\"@id\":\"https:\/\/dicodusport.fr\/blog\/#\/schema\/logo\/image\/\"},\"sameAs\":[\"https:\/\/www.facebook.com\/dicodusport\",\"https:\/\/x.com\/dicodusport\",\"https:\/\/www.instagram.com\/dicodusport\/\",\"https:\/\/www.youtube.com\/channel\/UC7V2KZ5sd3htJivAbA4ZG3w\"],\"description\":\"Dicodusport est l'encyclop\u00e9die de l'actualit\u00e9 sportive.\",\"email\":\"bonjour@dicodusport.fr\",\"legalName\":\"DICODUSPORT\",\"foundingDate\":\"2018-01-14\",\"vatID\":\"FR71834470973\",\"taxID\":\"83447097300043\",\"numberOfEmployees\":{\"@type\":\"QuantitativeValue\",\"minValue\":\"1\",\"maxValue\":\"10\"}},{\"@type\":\"Person\",\"@id\":\"https:\/\/dicodusport.fr\/blog\/#\/schema\/person\/cb02af4c173ce4a653b55e9baf388d4a\",\"name\":\"Flo Ostermann\",\"image\":{\"@type\":\"ImageObject\",\"inLanguage\":\"fr-FR\",\"@id\":\"https:\/\/dicodusport.fr\/blog\/#\/schema\/person\/image\/\",\"url\":\"https:\/\/dicodusport.fr\/blog\/wp-content\/uploads\/2021\/05\/Flo-Ostermann-150x150.jpg\",\"contentUrl\":\"https:\/\/dicodusport.fr\/blog\/wp-content\/uploads\/2021\/05\/Flo-Ostermann-150x150.jpg\",\"caption\":\"Flo Ostermann\"},\"description\":\"Journaliste\/R\u00e9dacteur depuis septembre 2015 - Mes premiers souvenirs dans le sport ? Les envol\u00e9es du Stade Toulousain et les duels Villeneuve-Schumacher et H\u00e4kkinen-Schumacher \u00e0 la fin des ann\u00e9es 90, la Coupe du monde de football en 1998, l\u2019exploit du XV de France face aux All Blacks en 1999, mais aussi Richard C\u0153ur de Lion qui vole sur les montagnes du Tour de France. Bien parti pour devenir professeur d\u2019EPS, les \u00e9v\u00e9nements de la vie (et la flemme d\u2019animer des s\u00e9ances de 3x500 m\u00e8tres toute ma vie) m\u2019ont conduit \u00e0 revoir mes plans. Me voil\u00e0 depuis fin 2017 sur Dicodusport, m\u00e9dia gr\u00e2ce (et pour) lequel je partage ma passion : le sport dans tous ses \u00e9tats. Le tout accompagn\u00e9 par les fous furieux et folles furieuses cit\u00e9s sur cette page !\",\"sameAs\":[\"https:\/\/www.facebook.com\/florent.ostermann\",\"https:\/\/x.com\/https:\/\/twitter.com\/FlOstermann\",\"admin\"],\"url\":\"https:\/\/dicodusport.fr\/blog\/author\/flo\/\"}]}<\/script>\n<!-- \/ Yoast SEO Premium plugin. -->","yoast_head_json":{"title":"Morgan Parra va s'engager avec le Stade Fran\u00e7ais","description":"TOP 14 - En fin de contrat en juin prochain et sur le d\u00e9part de l'ASM Clermont, Morgan Parra va s'engager au Stade Fran\u00e7ais.","robots":{"index":"index","follow":"follow","max-snippet":"max-snippet:-1","max-image-preview":"max-image-preview:large","max-video-preview":"max-video-preview:-1"},"canonical":"https:\/\/dicodusport.fr\/blog\/morgan-parra-va-s-engager-avec-le-stade-francais\/","og_locale":"fr_FR","og_type":"article","og_title":"Morgan Parra va s'engager avec le Stade Fran\u00e7ais","og_description":"TOP 14 - En fin de contrat en juin prochain et sur le d\u00e9part de l'ASM Clermont, Morgan Parra va s'engager au Stade Fran\u00e7ais.","og_url":"https:\/\/dicodusport.fr\/blog\/morgan-parra-va-s-engager-avec-le-stade-francais\/","og_site_name":"Dicodusport","article_publisher":"https:\/\/www.facebook.com\/dicodusport","article_author":"https:\/\/www.facebook.com\/florent.ostermann","article_published_time":"2021-12-02T19:02:57+00:00","article_modified_time":"2021-12-02T19:20:52+00:00","og_image":[{"width":800,"height":445,"url":"https:\/\/dicodusport.fr\/blog\/wp-content\/uploads\/2021\/11\/ASM-Clermont-Morgan-Parra-parti-pour-rester-.png","type":"image\/png"}],"author":"Flo Ostermann","twitter_card":"summary_large_image","twitter_title":"Morgan Parra va s'engager avec le Stade Fran\u00e7ais","twitter_creator":"@https:\/\/twitter.com\/FlOstermann","twitter_site":"@dicodusport","schema":{"@context":"https:\/\/schema.org","@graph":[{"@type":"NewsArticle","@id":"https:\/\/dicodusport.fr\/blog\/morgan-parra-va-s-engager-avec-le-stade-francais\/#article","isPartOf":{"@id":"https:\/\/dicodusport.fr\/blog\/morgan-parra-va-s-engager-avec-le-stade-francais\/"},"author":{"name":"Flo Ostermann","@id":"https:\/\/dicodusport.fr\/blog\/#\/schema\/person\/cb02af4c173ce4a653b55e9baf388d4a"},"headline":"Morgan Parra va s&rsquo;engager avec le Stade Fran\u00e7ais","datePublished":"2021-12-02T19:02:57+00:00","dateModified":"2021-12-02T19:20:52+00:00","mainEntityOfPage":{"@id":"https:\/\/dicodusport.fr\/blog\/morgan-parra-va-s-engager-avec-le-stade-francais\/"},"wordCount":198,"commentCount":0,"publisher":{"@id":"https:\/\/dicodusport.fr\/blog\/#organization"},"image":{"@id":"https:\/\/dicodusport.fr\/blog\/morgan-parra-va-s-engager-avec-le-stade-francais\/#primaryimage"},"thumbnailUrl":"https:\/\/dicodusport.fr\/blog\/wp-content\/uploads\/2021\/11\/ASM-Clermont-Morgan-Parra-parti-pour-rester-.png","keywords":["Morgan Parra","Stade Fran\u00e7ais","Top 14"],"articleSection":["Top 14"],"inLanguage":"fr-FR","potentialAction":[{"@type":"CommentAction","name":"Comment","target":["https:\/\/dicodusport.fr\/blog\/morgan-parra-va-s-engager-avec-le-stade-francais\/#respond"]}],"copyrightYear":"2021","copyrightHolder":{"@id":"https:\/\/dicodusport.fr\/blog\/#organization"}},{"@type":"WebPage","@id":"https:\/\/dicodusport.fr\/blog\/morgan-parra-va-s-engager-avec-le-stade-francais\/","url":"https:\/\/dicodusport.fr\/blog\/morgan-parra-va-s-engager-avec-le-stade-francais\/","name":"Morgan Parra va s'engager avec le Stade Fran\u00e7ais","isPartOf":{"@id":"https:\/\/dicodusport.fr\/blog\/#website"},"primaryImageOfPage":{"@id":"https:\/\/dicodusport.fr\/blog\/morgan-parra-va-s-engager-avec-le-stade-francais\/#primaryimage"},"image":{"@id":"https:\/\/dicodusport.fr\/blog\/morgan-parra-va-s-engager-avec-le-stade-francais\/#primaryimage"},"thumbnailUrl":"https:\/\/dicodusport.fr\/blog\/wp-content\/uploads\/2021\/11\/ASM-Clermont-Morgan-Parra-parti-pour-rester-.png","datePublished":"2021-12-02T19:02:57+00:00","dateModified":"2021-12-02T19:20:52+00:00","description":"TOP 14 - En fin de contrat en juin prochain et sur le d\u00e9part de l'ASM Clermont, Morgan Parra va s'engager au Stade Fran\u00e7ais.","breadcrumb":{"@id":"https:\/\/dicodusport.fr\/blog\/morgan-parra-va-s-engager-avec-le-stade-francais\/#breadcrumb"},"inLanguage":"fr-FR","potentialAction":[{"@type":"ReadAction","target":["https:\/\/dicodusport.fr\/blog\/morgan-parra-va-s-engager-avec-le-stade-francais\/"]}]},{"@type":"ImageObject","inLanguage":"fr-FR","@id":"https:\/\/dicodusport.fr\/blog\/morgan-parra-va-s-engager-avec-le-stade-francais\/#primaryimage","url":"https:\/\/dicodusport.fr\/blog\/wp-content\/uploads\/2021\/11\/ASM-Clermont-Morgan-Parra-parti-pour-rester-.png","contentUrl":"https:\/\/dicodusport.fr\/blog\/wp-content\/uploads\/2021\/11\/ASM-Clermont-Morgan-Parra-parti-pour-rester-.png","width":800,"height":445,"caption":"ASM Clermont Morgan Parra parti pour rester"},{"@type":"BreadcrumbList","@id":"https:\/\/dicodusport.fr\/blog\/morgan-parra-va-s-engager-avec-le-stade-francais\/#breadcrumb","itemListElement":[{"@type":"ListItem","position":1,"name":"Accueil","item":"https:\/\/dicodusport.fr\/blog\/"},{"@type":"ListItem","position":2,"name":"Morgan Parra va s&rsquo;engager avec le Stade Fran\u00e7ais"}]},{"@type":"WebSite","@id":"https:\/\/dicodusport.fr\/blog\/#website","url":"https:\/\/dicodusport.fr\/blog\/","name":"Dicodusport","description":"L&#039;encyclop\u00e9die de l&#039;actualit\u00e9 sportive","publisher":{"@id":"https:\/\/dicodusport.fr\/blog\/#organization"},"potentialAction":[{"@type":"SearchAction","target":{"@type":"EntryPoint","urlTemplate":"https:\/\/dicodusport.fr\/blog\/?s={search_term_string}"},"query-input":{"@type":"PropertyValueSpecification","valueRequired":true,"valueName":"search_term_string"}}],"inLanguage":"fr-FR"},{"@type":"NewsMediaOrganization","@id":"https:\/\/dicodusport.fr\/blog\/#organization","name":"Dicodusport","url":"https:\/\/dicodusport.fr\/blog\/","logo":{"@type":"ImageObject","inLanguage":"fr-FR","@id":"https:\/\/dicodusport.fr\/blog\/#\/schema\/logo\/image\/","url":"https:\/\/dicodusport.fr\/blog\/wp-content\/uploads\/2020\/06\/cropped-LOGO-DICODUSPORT-2020-SANS-FOND-SANS-TEXTE.png","contentUrl":"https:\/\/dicodusport.fr\/blog\/wp-content\/uploads\/2020\/06\/cropped-LOGO-DICODUSPORT-2020-SANS-FOND-SANS-TEXTE.png","width":512,"height":512,"caption":"Dicodusport"},"image":{"@id":"https:\/\/dicodusport.fr\/blog\/#\/schema\/logo\/image\/"},"sameAs":["https:\/\/www.facebook.com\/dicodusport","https:\/\/x.com\/dicodusport","https:\/\/www.instagram.com\/dicodusport\/","https:\/\/www.youtube.com\/channel\/UC7V2KZ5sd3htJivAbA4ZG3w"],"description":"Dicodusport est l'encyclop\u00e9die de l'actualit\u00e9 sportive.","email":"bonjour@dicodusport.fr","legalName":"DICODUSPORT","foundingDate":"2018-01-14","vatID":"FR71834470973","taxID":"83447097300043","numberOfEmployees":{"@type":"QuantitativeValue","minValue":"1","maxValue":"10"}},{"@type":"Person","@id":"https:\/\/dicodusport.fr\/blog\/#\/schema\/person\/cb02af4c173ce4a653b55e9baf388d4a","name":"Flo Ostermann","image":{"@type":"ImageObject","inLanguage":"fr-FR","@id":"https:\/\/dicodusport.fr\/blog\/#\/schema\/person\/image\/","url":"https:\/\/dicodusport.fr\/blog\/wp-content\/uploads\/2021\/05\/Flo-Ostermann-150x150.jpg","contentUrl":"https:\/\/dicodusport.fr\/blog\/wp-content\/uploads\/2021\/05\/Flo-Ostermann-150x150.jpg","caption":"Flo Ostermann"},"description":"Journaliste\/R\u00e9dacteur depuis septembre 2015 - Mes premiers souvenirs dans le sport ? Les envol\u00e9es du Stade Toulousain et les duels Villeneuve-Schumacher et H\u00e4kkinen-Schumacher \u00e0 la fin des ann\u00e9es 90, la Coupe du monde de football en 1998, l\u2019exploit du XV de France face aux All Blacks en 1999, mais aussi Richard C\u0153ur de Lion qui vole sur les montagnes du Tour de France. Bien parti pour devenir professeur d\u2019EPS, les \u00e9v\u00e9nements de la vie (et la flemme d\u2019animer des s\u00e9ances de 3x500 m\u00e8tres toute ma vie) m\u2019ont conduit \u00e0 revoir mes plans. Me voil\u00e0 depuis fin 2017 sur Dicodusport, m\u00e9dia gr\u00e2ce (et pour) lequel je partage ma passion : le sport dans tous ses \u00e9tats. Le tout accompagn\u00e9 par les fous furieux et folles furieuses cit\u00e9s sur cette page !","sameAs":["https:\/\/www.facebook.com\/florent.ostermann","https:\/\/x.com\/https:\/\/twitter.com\/FlOstermann","admin"],"url":"https:\/\/dicodusport.fr\/blog\/author\/flo\/"}]}},"_links":{"self":[{"href":"https:\/\/dicodusport.fr\/blog\/wp-json\/wp\/v2\/posts\/182949","targetHints":{"allow":["GET"]}}],"collection":[{"href":"https:\/\/dicodusport.fr\/blog\/wp-json\/wp\/v2\/posts"}],"about":[{"href":"https:\/\/dicodusport.fr\/blog\/wp-json\/wp\/v2\/types\/post"}],"author":[{"embeddable":true,"href":"https:\/\/dicodusport.fr\/blog\/wp-json\/wp\/v2\/users\/4"}],"replies":[{"embeddable":true,"href":"https:\/\/dicodusport.fr\/blog\/wp-json\/wp\/v2\/comments?post=182949"}],"version-history":[{"count":0,"href":"https:\/\/dicodusport.fr\/blog\/wp-json\/wp\/v2\/posts\/182949\/revisions"}],"wp:featuredmedia":[{"embeddable":true,"href":"https:\/\/dicodusport.fr\/blog\/wp-json\/wp\/v2\/media\/181184"}],"wp:attachment":[{"href":"https:\/\/dicodusport.fr\/blog\/wp-json\/wp\/v2\/media?parent=182949"}],"wp:term":[{"taxonomy":"category","embeddable":true,"href":"https:\/\/dicodusport.fr\/blog\/wp-json\/wp\/v2\/categories?post=182949"},{"taxonomy":"post_tag","embeddable":true,"href":"https:\/\/dicodusport.fr\/blog\/wp-json\/wp\/v2\/tags?post=182949"}],"curies":[{"name":"wp","href":"https:\/\/api.w.org\/{rel}","templated":true}]}}