{"id":183061,"date":"2021-12-05T08:30:09","date_gmt":"2021-12-05T07:30:09","guid":{"rendered":"https:\/\/dicodusport.fr\/blog\/?p=183061"},"modified":"2021-12-05T08:29:26","modified_gmt":"2021-12-05T07:29:26","slug":"5-decembre-2013-deces-de-nelson-mandela-lhommage-continue","status":"publish","type":"post","link":"https:\/\/dicodusport.fr\/blog\/5-decembre-2013-deces-de-nelson-mandela-lhommage-continue\/","title":{"rendered":"5 d\u00e9cembre 2013 : D\u00e9c\u00e8s de Nelson Mandela, l\u2019hommage continue"},"content":{"rendered":"<p style=\"text-align: justify;\"><em><strong>Apr\u00e8s une vie \u00e0 lutter contre la s\u00e9gr\u00e9gation raciale, Nelson Mandela est d\u00e9c\u00e9d\u00e9 ce 5 d\u00e9cembre 2013 \u00e0 l\u2019\u00e2ge de 95 ans. A l&rsquo;annonce de cette nouvelle, les hommages se sont succ\u00e9d\u00e9s, ils n\u2019ont ensuite jamais cess\u00e9.<\/strong> <\/em><\/p>\n<h2>\u00c7a s&rsquo;est pass\u00e9 le 5 d\u00e9cembre 2013<\/h2>\n<p style=\"text-align: justify;\">Passionn\u00e9 de sport et pratiquant la boxe avant -et pendant- ses 27 ann\u00e9es de prison, <strong>Nelson Mandela<\/strong> s\u2019est servi de celui-ci. Convaincu que le sport pouvait unir et non diviser les peuples -le bonjour \u00e0 quelques supporters- il a d\u2019abord utilis\u00e9 le rugby comme point d\u2019ancrage d\u2019une nouvelle union. C\u2019est s\u00fbrement le moment le plus symbolique de l\u2019histoire sportive\u2026 <strong>Nelson Mandela<\/strong> remet le troph\u00e9e Webb Ellis \u00e0 <strong>Fran\u00e7ois Pienaar<\/strong> en finale de Coupe du monde 1995. Si le maillot des Springboks tient toujours une signification pro-apartheid (aboli en 1991), le premier pr\u00e9sident noir de l\u2019Afrique du Sud le rev\u00eat sur son dos pour recevoir le capitaine sud-africain. Sur ce maillot, un nouvel embl\u00e8me cohabite d\u00e9sormais avec l\u2019antilope, signe d\u2019un nouvel espoir, la plante Protea.<\/p>\n<p style=\"text-align: justify;\">Apr\u00e8s le rugby, c\u2019est le football qui brille. F\u00e9vrier 1996, le pays arc-en-ciel remporte la Coupe d\u2019Afrique des Nations, une victoire c\u00e9l\u00e9br\u00e9e de nouveau par le Prix Nobel 1993. Ces deux victoires ont b\u00e2ti un peu plus la r\u00e9conciliation du pays. Alors quand l\u2019<a href=\"https:\/\/dicodusport.fr\/blog\/afrique-du-sud-remporte-troisieme-titre-championne-monde\/\">Afrique du Sud remporte la Coupe du monde de rugby 2019<\/a>, quatre ans apr\u00e8s le d\u00e9c\u00e8s de <strong>Nelson Mandela<\/strong>, les pens\u00e9es se tournent \u00e9videmment vers lui.<\/p>\n<blockquote class=\"twitter-tweet\">\n<p dir=\"ltr\" lang=\"fr\">2 novembre 2019 : le discours inspirant de <a href=\"https:\/\/twitter.com\/siyakolisi1?ref_src=twsrc%5Etfw\">@siyakolisi1<\/a>, capitaine des <a href=\"https:\/\/twitter.com\/Springboks?ref_src=twsrc%5Etfw\">@Springboks<\/a>, qui est entr\u00e9 dans l&rsquo;histoire du rugby international &#x1f64f;<a href=\"https:\/\/twitter.com\/hashtag\/RWC2019?src=hash&amp;ref_src=twsrc%5Etfw\">#RWC2019<\/a> <a href=\"https:\/\/t.co\/web9qzSDC2\">pic.twitter.com\/web9qzSDC2<\/a><\/p>\n<p>\u2014 Rugby World Cup (@RugbyWorldCupFR) <a href=\"https:\/\/twitter.com\/RugbyWorldCupFR\/status\/1190645104823943169?ref_src=twsrc%5Etfw\">November 2, 2019<\/a><\/p><\/blockquote>\n<p><script async src=\"https:\/\/platform.twitter.com\/widgets.js\" charset=\"utf-8\"><\/script><\/p>\n<p style=\"text-align: justify;\"><strong>Info\u00a0<\/strong>: Le symbole de la Coupe du monde de rugby 1995 \u00e9tait tellement fort, que Clint Eastwood s\u2019en est inspir\u00e9 pour un film, Invictus.<\/p>\n","protected":false},"excerpt":{"rendered":"<p>Le 5 d\u00e9cembre 2013, Nelson Mandela est d\u00e9c\u00e9d\u00e9 \u00e0 95 ans apr\u00e8s une vie \u00e0 lutter contre la s\u00e9gr\u00e9gation raciale, gr\u00e2ce au sport notamment.<\/p>\n","protected":false},"author":18,"featured_media":183642,"comment_status":"open","ping_status":"closed","sticky":false,"template":"","format":"standard","meta":{"_acf_changed":false,"_daextam_enable_autolinks":"","footnotes":""},"categories":[8],"tags":[74,8481,13,5995],"class_list":["post-183061","post","type-post","status-publish","format-standard","has-post-thumbnail","hentry","category-histoire","tag-foot","tag-histoire","tag-rugby","tag-springboks"],"acf":[],"yoast_head":"<!-- This site is optimized with the Yoast SEO Premium plugin v26.7 (Yoast SEO v26.7) - https:\/\/yoast.com\/wordpress\/plugins\/seo\/ -->\n<title>5 d\u00e9cembre 2013 : D\u00e9c\u00e8s de Nelson Mandela, l\u2019hommage continue<\/title>\n<meta name=\"description\" content=\"Le 5 d\u00e9cembre 2013, Nelson Mandela est d\u00e9c\u00e9d\u00e9 \u00e0 95 ans apr\u00e8s une vie \u00e0 lutter contre la s\u00e9gr\u00e9gation raciale, gr\u00e2ce au sport notamment.\" \/>\n<meta name=\"robots\" content=\"index, follow, max-snippet:-1, max-image-preview:large, max-video-preview:-1\" \/>\n<link rel=\"canonical\" href=\"https:\/\/dicodusport.fr\/blog\/5-decembre-2013-deces-de-nelson-mandela-lhommage-continue\/\" \/>\n<meta property=\"og:locale\" content=\"fr_FR\" \/>\n<meta property=\"og:type\" content=\"article\" \/>\n<meta property=\"og:title\" content=\"5 d\u00e9cembre 2013 : D\u00e9c\u00e8s de Nelson Mandela, l\u2019hommage continue\" \/>\n<meta property=\"og:description\" content=\"Le 5 d\u00e9cembre 2013, Nelson Mandela est d\u00e9c\u00e9d\u00e9 \u00e0 95 ans apr\u00e8s une vie \u00e0 lutter contre la s\u00e9gr\u00e9gation raciale, gr\u00e2ce au sport notamment.\" \/>\n<meta property=\"og:url\" content=\"https:\/\/dicodusport.fr\/blog\/5-decembre-2013-deces-de-nelson-mandela-lhommage-continue\/\" \/>\n<meta property=\"og:site_name\" content=\"Dicodusport\" \/>\n<meta property=\"article:publisher\" content=\"https:\/\/www.facebook.com\/dicodusport\" \/>\n<meta property=\"article:author\" content=\"https:\/\/www.facebook.com\/soocube\" \/>\n<meta property=\"article:published_time\" content=\"2021-12-05T07:30:09+00:00\" \/>\n<meta property=\"og:image\" content=\"https:\/\/dicodusport.fr\/blog\/wp-content\/uploads\/2021\/12\/5-decembre-2013-Deces-de-Nelson-Mandela-lhommage-continue.png\" \/>\n\t<meta property=\"og:image:width\" content=\"800\" \/>\n\t<meta property=\"og:image:height\" content=\"445\" \/>\n\t<meta property=\"og:image:type\" content=\"image\/png\" \/>\n<meta name=\"author\" content=\"Sophie Clapier\" \/>\n<meta name=\"twitter:card\" content=\"summary_large_image\" \/>\n<meta name=\"twitter:title\" content=\"5 d\u00e9cembre 2013 : D\u00e9c\u00e8s de Nelson Mandela, l\u2019hommage continue\" \/>\n<meta name=\"twitter:creator\" content=\"@https:\/\/twitter.com\/soocube\" \/>\n<meta name=\"twitter:site\" content=\"@dicodusport\" \/>\n<script type=\"application\/ld+json\" class=\"yoast-schema-graph\">{\"@context\":\"https:\/\/schema.org\",\"@graph\":[{\"@type\":\"NewsArticle\",\"@id\":\"https:\/\/dicodusport.fr\/blog\/5-decembre-2013-deces-de-nelson-mandela-lhommage-continue\/#article\",\"isPartOf\":{\"@id\":\"https:\/\/dicodusport.fr\/blog\/5-decembre-2013-deces-de-nelson-mandela-lhommage-continue\/\"},\"author\":{\"name\":\"Sophie Clapier\",\"@id\":\"https:\/\/dicodusport.fr\/blog\/#\/schema\/person\/416c975648aca9da8839bdfe333a21c9\"},\"headline\":\"5 d\u00e9cembre 2013 : D\u00e9c\u00e8s de Nelson Mandela, l\u2019hommage continue\",\"datePublished\":\"2021-12-05T07:30:09+00:00\",\"mainEntityOfPage\":{\"@id\":\"https:\/\/dicodusport.fr\/blog\/5-decembre-2013-deces-de-nelson-mandela-lhommage-continue\/\"},\"wordCount\":333,\"commentCount\":0,\"publisher\":{\"@id\":\"https:\/\/dicodusport.fr\/blog\/#organization\"},\"image\":{\"@id\":\"https:\/\/dicodusport.fr\/blog\/5-decembre-2013-deces-de-nelson-mandela-lhommage-continue\/#primaryimage\"},\"thumbnailUrl\":\"https:\/\/dicodusport.fr\/blog\/wp-content\/uploads\/2021\/12\/5-decembre-2013-Deces-de-Nelson-Mandela-lhommage-continue.png\",\"keywords\":[\"foot\",\"histoire\",\"Rugby\",\"Springboks\"],\"articleSection\":[\"Histoire\"],\"inLanguage\":\"fr-FR\",\"potentialAction\":[{\"@type\":\"CommentAction\",\"name\":\"Comment\",\"target\":[\"https:\/\/dicodusport.fr\/blog\/5-decembre-2013-deces-de-nelson-mandela-lhommage-continue\/#respond\"]}],\"copyrightYear\":\"2021\",\"copyrightHolder\":{\"@id\":\"https:\/\/dicodusport.fr\/blog\/#organization\"}},{\"@type\":\"WebPage\",\"@id\":\"https:\/\/dicodusport.fr\/blog\/5-decembre-2013-deces-de-nelson-mandela-lhommage-continue\/\",\"url\":\"https:\/\/dicodusport.fr\/blog\/5-decembre-2013-deces-de-nelson-mandela-lhommage-continue\/\",\"name\":\"5 d\u00e9cembre 2013 : D\u00e9c\u00e8s de Nelson Mandela, l\u2019hommage continue\",\"isPartOf\":{\"@id\":\"https:\/\/dicodusport.fr\/blog\/#website\"},\"primaryImageOfPage\":{\"@id\":\"https:\/\/dicodusport.fr\/blog\/5-decembre-2013-deces-de-nelson-mandela-lhommage-continue\/#primaryimage\"},\"image\":{\"@id\":\"https:\/\/dicodusport.fr\/blog\/5-decembre-2013-deces-de-nelson-mandela-lhommage-continue\/#primaryimage\"},\"thumbnailUrl\":\"https:\/\/dicodusport.fr\/blog\/wp-content\/uploads\/2021\/12\/5-decembre-2013-Deces-de-Nelson-Mandela-lhommage-continue.png\",\"datePublished\":\"2021-12-05T07:30:09+00:00\",\"description\":\"Le 5 d\u00e9cembre 2013, Nelson Mandela est d\u00e9c\u00e9d\u00e9 \u00e0 95 ans apr\u00e8s une vie \u00e0 lutter contre la s\u00e9gr\u00e9gation raciale, gr\u00e2ce au sport notamment.\",\"breadcrumb\":{\"@id\":\"https:\/\/dicodusport.fr\/blog\/5-decembre-2013-deces-de-nelson-mandela-lhommage-continue\/#breadcrumb\"},\"inLanguage\":\"fr-FR\",\"potentialAction\":[{\"@type\":\"ReadAction\",\"target\":[\"https:\/\/dicodusport.fr\/blog\/5-decembre-2013-deces-de-nelson-mandela-lhommage-continue\/\"]}]},{\"@type\":\"ImageObject\",\"inLanguage\":\"fr-FR\",\"@id\":\"https:\/\/dicodusport.fr\/blog\/5-decembre-2013-deces-de-nelson-mandela-lhommage-continue\/#primaryimage\",\"url\":\"https:\/\/dicodusport.fr\/blog\/wp-content\/uploads\/2021\/12\/5-decembre-2013-Deces-de-Nelson-Mandela-lhommage-continue.png\",\"contentUrl\":\"https:\/\/dicodusport.fr\/blog\/wp-content\/uploads\/2021\/12\/5-decembre-2013-Deces-de-Nelson-Mandela-lhommage-continue.png\",\"width\":800,\"height\":445,\"caption\":\"5 d\u00e9cembre 2013 D\u00e9c\u00e8s de Nelson Mandela, l\u2019hommage continue\"},{\"@type\":\"BreadcrumbList\",\"@id\":\"https:\/\/dicodusport.fr\/blog\/5-decembre-2013-deces-de-nelson-mandela-lhommage-continue\/#breadcrumb\",\"itemListElement\":[{\"@type\":\"ListItem\",\"position\":1,\"name\":\"Accueil\",\"item\":\"https:\/\/dicodusport.fr\/blog\/\"},{\"@type\":\"ListItem\",\"position\":2,\"name\":\"5 d\u00e9cembre 2013 : D\u00e9c\u00e8s de Nelson Mandela, l\u2019hommage continue\"}]},{\"@type\":\"WebSite\",\"@id\":\"https:\/\/dicodusport.fr\/blog\/#website\",\"url\":\"https:\/\/dicodusport.fr\/blog\/\",\"name\":\"Dicodusport\",\"description\":\"L&#039;encyclop\u00e9die de l&#039;actualit\u00e9 sportive\",\"publisher\":{\"@id\":\"https:\/\/dicodusport.fr\/blog\/#organization\"},\"potentialAction\":[{\"@type\":\"SearchAction\",\"target\":{\"@type\":\"EntryPoint\",\"urlTemplate\":\"https:\/\/dicodusport.fr\/blog\/?s={search_term_string}\"},\"query-input\":{\"@type\":\"PropertyValueSpecification\",\"valueRequired\":true,\"valueName\":\"search_term_string\"}}],\"inLanguage\":\"fr-FR\"},{\"@type\":\"NewsMediaOrganization\",\"@id\":\"https:\/\/dicodusport.fr\/blog\/#organization\",\"name\":\"Dicodusport\",\"url\":\"https:\/\/dicodusport.fr\/blog\/\",\"logo\":{\"@type\":\"ImageObject\",\"inLanguage\":\"fr-FR\",\"@id\":\"https:\/\/dicodusport.fr\/blog\/#\/schema\/logo\/image\/\",\"url\":\"https:\/\/dicodusport.fr\/blog\/wp-content\/uploads\/2020\/06\/cropped-LOGO-DICODUSPORT-2020-SANS-FOND-SANS-TEXTE.png\",\"contentUrl\":\"https:\/\/dicodusport.fr\/blog\/wp-content\/uploads\/2020\/06\/cropped-LOGO-DICODUSPORT-2020-SANS-FOND-SANS-TEXTE.png\",\"width\":512,\"height\":512,\"caption\":\"Dicodusport\"},\"image\":{\"@id\":\"https:\/\/dicodusport.fr\/blog\/#\/schema\/logo\/image\/\"},\"sameAs\":[\"https:\/\/www.facebook.com\/dicodusport\",\"https:\/\/x.com\/dicodusport\",\"https:\/\/www.instagram.com\/dicodusport\/\",\"https:\/\/www.youtube.com\/channel\/UC7V2KZ5sd3htJivAbA4ZG3w\"],\"description\":\"Dicodusport est l'encyclop\u00e9die de l'actualit\u00e9 sportive.\",\"email\":\"bonjour@dicodusport.fr\",\"legalName\":\"DICODUSPORT\",\"foundingDate\":\"2018-01-14\",\"vatID\":\"FR71834470973\",\"taxID\":\"83447097300043\",\"numberOfEmployees\":{\"@type\":\"QuantitativeValue\",\"minValue\":\"1\",\"maxValue\":\"10\"}},{\"@type\":\"Person\",\"@id\":\"https:\/\/dicodusport.fr\/blog\/#\/schema\/person\/416c975648aca9da8839bdfe333a21c9\",\"name\":\"Sophie Clapier\",\"image\":{\"@type\":\"ImageObject\",\"inLanguage\":\"fr-FR\",\"@id\":\"https:\/\/dicodusport.fr\/blog\/#\/schema\/person\/image\/\",\"url\":\"https:\/\/dicodusport.fr\/blog\/wp-content\/uploads\/2021\/05\/Sophie-Clapier-150x150.jpg\",\"contentUrl\":\"https:\/\/dicodusport.fr\/blog\/wp-content\/uploads\/2021\/05\/Sophie-Clapier-150x150.jpg\",\"caption\":\"Sophie Clapier\"},\"description\":\"Journaliste\/r\u00e9dactrice depuis janvier 2016 - Passionn\u00e9e de sport depuis toujours, j\u2019en ai pratiqu\u00e9 quelques-uns. Judo, football, handball ou encore tennis, je n\u2019ai jamais pu me mettre d\u2019accord sur un en particulier. Mais \u00e7a, c\u2019\u00e9tait avant de d\u00e9couvrir le basket, devenu mon sport de pr\u00e9dilection. Les actions NBA, le All-Star Week-end, la fureur des Game 7 pendant les playoffs ou mieux, lors des Finals, this is why we play. Team Spurs T.P, je m\u2019accroche encore \u00e0 Gregg Popovich (don\u2019t leave !). Team chef Curry, je souhaite qu\u2019il finisse aux Warriors (staaaay !). Non, il n\u2019y a pas qu\u2019eux, des petits nouveaux -et des petites nouvelles \u00e9videmment- arrivent chaque jour dans toutes les disciplines et cr\u00e9ent de nouveaux exploits. Alors pour les grands \u00e9v\u00e9nements et comp\u00e9titions internationales, vive les pulsations 240\/minutes et le d\u00e9fibrillateur pas loin, et allez les Bleu(e)s ! C\u2019est s\u00fbr, j\u2019aurai plus vu ma vie sur un terrain de sport, mais \u00e0 d\u00e9faut d\u2019en faire en haut niveau, je le partage avec vous.\",\"sameAs\":[\"https:\/\/www.facebook.com\/soocube\",\"https:\/\/x.com\/https:\/\/twitter.com\/soocube\",\"admin\"],\"url\":\"https:\/\/dicodusport.fr\/blog\/author\/sophie\/\"}]}<\/script>\n<!-- \/ Yoast SEO Premium plugin. -->","yoast_head_json":{"title":"5 d\u00e9cembre 2013 : D\u00e9c\u00e8s de Nelson Mandela, l\u2019hommage continue","description":"Le 5 d\u00e9cembre 2013, Nelson Mandela est d\u00e9c\u00e9d\u00e9 \u00e0 95 ans apr\u00e8s une vie \u00e0 lutter contre la s\u00e9gr\u00e9gation raciale, gr\u00e2ce au sport notamment.","robots":{"index":"index","follow":"follow","max-snippet":"max-snippet:-1","max-image-preview":"max-image-preview:large","max-video-preview":"max-video-preview:-1"},"canonical":"https:\/\/dicodusport.fr\/blog\/5-decembre-2013-deces-de-nelson-mandela-lhommage-continue\/","og_locale":"fr_FR","og_type":"article","og_title":"5 d\u00e9cembre 2013 : D\u00e9c\u00e8s de Nelson Mandela, l\u2019hommage continue","og_description":"Le 5 d\u00e9cembre 2013, Nelson Mandela est d\u00e9c\u00e9d\u00e9 \u00e0 95 ans apr\u00e8s une vie \u00e0 lutter contre la s\u00e9gr\u00e9gation raciale, gr\u00e2ce au sport notamment.","og_url":"https:\/\/dicodusport.fr\/blog\/5-decembre-2013-deces-de-nelson-mandela-lhommage-continue\/","og_site_name":"Dicodusport","article_publisher":"https:\/\/www.facebook.com\/dicodusport","article_author":"https:\/\/www.facebook.com\/soocube","article_published_time":"2021-12-05T07:30:09+00:00","og_image":[{"width":800,"height":445,"url":"https:\/\/dicodusport.fr\/blog\/wp-content\/uploads\/2021\/12\/5-decembre-2013-Deces-de-Nelson-Mandela-lhommage-continue.png","type":"image\/png"}],"author":"Sophie Clapier","twitter_card":"summary_large_image","twitter_title":"5 d\u00e9cembre 2013 : D\u00e9c\u00e8s de Nelson Mandela, l\u2019hommage continue","twitter_creator":"@https:\/\/twitter.com\/soocube","twitter_site":"@dicodusport","schema":{"@context":"https:\/\/schema.org","@graph":[{"@type":"NewsArticle","@id":"https:\/\/dicodusport.fr\/blog\/5-decembre-2013-deces-de-nelson-mandela-lhommage-continue\/#article","isPartOf":{"@id":"https:\/\/dicodusport.fr\/blog\/5-decembre-2013-deces-de-nelson-mandela-lhommage-continue\/"},"author":{"name":"Sophie Clapier","@id":"https:\/\/dicodusport.fr\/blog\/#\/schema\/person\/416c975648aca9da8839bdfe333a21c9"},"headline":"5 d\u00e9cembre 2013 : D\u00e9c\u00e8s de Nelson Mandela, l\u2019hommage continue","datePublished":"2021-12-05T07:30:09+00:00","mainEntityOfPage":{"@id":"https:\/\/dicodusport.fr\/blog\/5-decembre-2013-deces-de-nelson-mandela-lhommage-continue\/"},"wordCount":333,"commentCount":0,"publisher":{"@id":"https:\/\/dicodusport.fr\/blog\/#organization"},"image":{"@id":"https:\/\/dicodusport.fr\/blog\/5-decembre-2013-deces-de-nelson-mandela-lhommage-continue\/#primaryimage"},"thumbnailUrl":"https:\/\/dicodusport.fr\/blog\/wp-content\/uploads\/2021\/12\/5-decembre-2013-Deces-de-Nelson-Mandela-lhommage-continue.png","keywords":["foot","histoire","Rugby","Springboks"],"articleSection":["Histoire"],"inLanguage":"fr-FR","potentialAction":[{"@type":"CommentAction","name":"Comment","target":["https:\/\/dicodusport.fr\/blog\/5-decembre-2013-deces-de-nelson-mandela-lhommage-continue\/#respond"]}],"copyrightYear":"2021","copyrightHolder":{"@id":"https:\/\/dicodusport.fr\/blog\/#organization"}},{"@type":"WebPage","@id":"https:\/\/dicodusport.fr\/blog\/5-decembre-2013-deces-de-nelson-mandela-lhommage-continue\/","url":"https:\/\/dicodusport.fr\/blog\/5-decembre-2013-deces-de-nelson-mandela-lhommage-continue\/","name":"5 d\u00e9cembre 2013 : D\u00e9c\u00e8s de Nelson Mandela, l\u2019hommage continue","isPartOf":{"@id":"https:\/\/dicodusport.fr\/blog\/#website"},"primaryImageOfPage":{"@id":"https:\/\/dicodusport.fr\/blog\/5-decembre-2013-deces-de-nelson-mandela-lhommage-continue\/#primaryimage"},"image":{"@id":"https:\/\/dicodusport.fr\/blog\/5-decembre-2013-deces-de-nelson-mandela-lhommage-continue\/#primaryimage"},"thumbnailUrl":"https:\/\/dicodusport.fr\/blog\/wp-content\/uploads\/2021\/12\/5-decembre-2013-Deces-de-Nelson-Mandela-lhommage-continue.png","datePublished":"2021-12-05T07:30:09+00:00","description":"Le 5 d\u00e9cembre 2013, Nelson Mandela est d\u00e9c\u00e9d\u00e9 \u00e0 95 ans apr\u00e8s une vie \u00e0 lutter contre la s\u00e9gr\u00e9gation raciale, gr\u00e2ce au sport notamment.","breadcrumb":{"@id":"https:\/\/dicodusport.fr\/blog\/5-decembre-2013-deces-de-nelson-mandela-lhommage-continue\/#breadcrumb"},"inLanguage":"fr-FR","potentialAction":[{"@type":"ReadAction","target":["https:\/\/dicodusport.fr\/blog\/5-decembre-2013-deces-de-nelson-mandela-lhommage-continue\/"]}]},{"@type":"ImageObject","inLanguage":"fr-FR","@id":"https:\/\/dicodusport.fr\/blog\/5-decembre-2013-deces-de-nelson-mandela-lhommage-continue\/#primaryimage","url":"https:\/\/dicodusport.fr\/blog\/wp-content\/uploads\/2021\/12\/5-decembre-2013-Deces-de-Nelson-Mandela-lhommage-continue.png","contentUrl":"https:\/\/dicodusport.fr\/blog\/wp-content\/uploads\/2021\/12\/5-decembre-2013-Deces-de-Nelson-Mandela-lhommage-continue.png","width":800,"height":445,"caption":"5 d\u00e9cembre 2013 D\u00e9c\u00e8s de Nelson Mandela, l\u2019hommage continue"},{"@type":"BreadcrumbList","@id":"https:\/\/dicodusport.fr\/blog\/5-decembre-2013-deces-de-nelson-mandela-lhommage-continue\/#breadcrumb","itemListElement":[{"@type":"ListItem","position":1,"name":"Accueil","item":"https:\/\/dicodusport.fr\/blog\/"},{"@type":"ListItem","position":2,"name":"5 d\u00e9cembre 2013 : D\u00e9c\u00e8s de Nelson Mandela, l\u2019hommage continue"}]},{"@type":"WebSite","@id":"https:\/\/dicodusport.fr\/blog\/#website","url":"https:\/\/dicodusport.fr\/blog\/","name":"Dicodusport","description":"L&#039;encyclop\u00e9die de l&#039;actualit\u00e9 sportive","publisher":{"@id":"https:\/\/dicodusport.fr\/blog\/#organization"},"potentialAction":[{"@type":"SearchAction","target":{"@type":"EntryPoint","urlTemplate":"https:\/\/dicodusport.fr\/blog\/?s={search_term_string}"},"query-input":{"@type":"PropertyValueSpecification","valueRequired":true,"valueName":"search_term_string"}}],"inLanguage":"fr-FR"},{"@type":"NewsMediaOrganization","@id":"https:\/\/dicodusport.fr\/blog\/#organization","name":"Dicodusport","url":"https:\/\/dicodusport.fr\/blog\/","logo":{"@type":"ImageObject","inLanguage":"fr-FR","@id":"https:\/\/dicodusport.fr\/blog\/#\/schema\/logo\/image\/","url":"https:\/\/dicodusport.fr\/blog\/wp-content\/uploads\/2020\/06\/cropped-LOGO-DICODUSPORT-2020-SANS-FOND-SANS-TEXTE.png","contentUrl":"https:\/\/dicodusport.fr\/blog\/wp-content\/uploads\/2020\/06\/cropped-LOGO-DICODUSPORT-2020-SANS-FOND-SANS-TEXTE.png","width":512,"height":512,"caption":"Dicodusport"},"image":{"@id":"https:\/\/dicodusport.fr\/blog\/#\/schema\/logo\/image\/"},"sameAs":["https:\/\/www.facebook.com\/dicodusport","https:\/\/x.com\/dicodusport","https:\/\/www.instagram.com\/dicodusport\/","https:\/\/www.youtube.com\/channel\/UC7V2KZ5sd3htJivAbA4ZG3w"],"description":"Dicodusport est l'encyclop\u00e9die de l'actualit\u00e9 sportive.","email":"bonjour@dicodusport.fr","legalName":"DICODUSPORT","foundingDate":"2018-01-14","vatID":"FR71834470973","taxID":"83447097300043","numberOfEmployees":{"@type":"QuantitativeValue","minValue":"1","maxValue":"10"}},{"@type":"Person","@id":"https:\/\/dicodusport.fr\/blog\/#\/schema\/person\/416c975648aca9da8839bdfe333a21c9","name":"Sophie Clapier","image":{"@type":"ImageObject","inLanguage":"fr-FR","@id":"https:\/\/dicodusport.fr\/blog\/#\/schema\/person\/image\/","url":"https:\/\/dicodusport.fr\/blog\/wp-content\/uploads\/2021\/05\/Sophie-Clapier-150x150.jpg","contentUrl":"https:\/\/dicodusport.fr\/blog\/wp-content\/uploads\/2021\/05\/Sophie-Clapier-150x150.jpg","caption":"Sophie Clapier"},"description":"Journaliste\/r\u00e9dactrice depuis janvier 2016 - Passionn\u00e9e de sport depuis toujours, j\u2019en ai pratiqu\u00e9 quelques-uns. Judo, football, handball ou encore tennis, je n\u2019ai jamais pu me mettre d\u2019accord sur un en particulier. Mais \u00e7a, c\u2019\u00e9tait avant de d\u00e9couvrir le basket, devenu mon sport de pr\u00e9dilection. Les actions NBA, le All-Star Week-end, la fureur des Game 7 pendant les playoffs ou mieux, lors des Finals, this is why we play. Team Spurs T.P, je m\u2019accroche encore \u00e0 Gregg Popovich (don\u2019t leave !). Team chef Curry, je souhaite qu\u2019il finisse aux Warriors (staaaay !). Non, il n\u2019y a pas qu\u2019eux, des petits nouveaux -et des petites nouvelles \u00e9videmment- arrivent chaque jour dans toutes les disciplines et cr\u00e9ent de nouveaux exploits. Alors pour les grands \u00e9v\u00e9nements et comp\u00e9titions internationales, vive les pulsations 240\/minutes et le d\u00e9fibrillateur pas loin, et allez les Bleu(e)s ! C\u2019est s\u00fbr, j\u2019aurai plus vu ma vie sur un terrain de sport, mais \u00e0 d\u00e9faut d\u2019en faire en haut niveau, je le partage avec vous.","sameAs":["https:\/\/www.facebook.com\/soocube","https:\/\/x.com\/https:\/\/twitter.com\/soocube","admin"],"url":"https:\/\/dicodusport.fr\/blog\/author\/sophie\/"}]}},"_links":{"self":[{"href":"https:\/\/dicodusport.fr\/blog\/wp-json\/wp\/v2\/posts\/183061","targetHints":{"allow":["GET"]}}],"collection":[{"href":"https:\/\/dicodusport.fr\/blog\/wp-json\/wp\/v2\/posts"}],"about":[{"href":"https:\/\/dicodusport.fr\/blog\/wp-json\/wp\/v2\/types\/post"}],"author":[{"embeddable":true,"href":"https:\/\/dicodusport.fr\/blog\/wp-json\/wp\/v2\/users\/18"}],"replies":[{"embeddable":true,"href":"https:\/\/dicodusport.fr\/blog\/wp-json\/wp\/v2\/comments?post=183061"}],"version-history":[{"count":0,"href":"https:\/\/dicodusport.fr\/blog\/wp-json\/wp\/v2\/posts\/183061\/revisions"}],"wp:featuredmedia":[{"embeddable":true,"href":"https:\/\/dicodusport.fr\/blog\/wp-json\/wp\/v2\/media\/183642"}],"wp:attachment":[{"href":"https:\/\/dicodusport.fr\/blog\/wp-json\/wp\/v2\/media?parent=183061"}],"wp:term":[{"taxonomy":"category","embeddable":true,"href":"https:\/\/dicodusport.fr\/blog\/wp-json\/wp\/v2\/categories?post=183061"},{"taxonomy":"post_tag","embeddable":true,"href":"https:\/\/dicodusport.fr\/blog\/wp-json\/wp\/v2\/tags?post=183061"}],"curies":[{"name":"wp","href":"https:\/\/api.w.org\/{rel}","templated":true}]}}