{"id":183364,"date":"2021-12-04T13:41:17","date_gmt":"2021-12-04T12:41:17","guid":{"rendered":"https:\/\/dicodusport.fr\/blog\/?p=183364&#038;preview=true&#038;preview_id=183364"},"modified":"2021-12-04T22:38:05","modified_gmt":"2021-12-04T21:38:05","slug":"poursuite-ostersund-roeiseland-vainqueur-bescond-et-chevalier-bouchet-sur-le-podium","status":"publish","type":"post","link":"https:\/\/dicodusport.fr\/blog\/poursuite-ostersund-roeiseland-vainqueur-bescond-et-chevalier-bouchet-sur-le-podium\/","title":{"rendered":"Poursuite d&rsquo;Ostersund : Roeiseland vainqueur, Bescond et Chevalier-Bouchet sur le podium"},"content":{"rendered":"<p style=\"text-align: justify;\"><em><b><a href=\"https:\/\/dicodusport.fr\/blog\/coupe-du-monde-de-biathlon-ostersund-2-programme-et-resultats\/\" target=\"_blank\" rel=\"noopener noreferrer\">COUPE DU MONDE DE BIATHLON \u2013 OSTERSUND<\/a> \u2013 La Norv\u00e9gienne Marte Olsbu Roeiseland s&rsquo;impose sur la poursuite femmes. Les Fran\u00e7aises Ana\u00efs Bescond et Ana\u00efs Chevalier-Bouchet compl\u00e8tent le podium.<\/b><\/em><\/p>\n<p align=\"justify\"><strong>Lisa Theresa-Hauser<\/strong> s\u2019\u00e9lan\u00e7ait donc en t\u00eate apr\u00e8s sa <a href=\"https:\/\/dicodusport.fr\/blog\/sprint-dostersund-2-lisa-theresa-hauser-simpose-largement\/\">belle victoire sur le sprint<\/a>, poursuivie 13 secondes plus tard par <strong>Elvira Oeberg<\/strong> et <strong>Hanna Sola<\/strong>. <strong>Les s\u0153urs Chevalier<\/strong> pouvaient r\u00eaver au d\u00e9part d\u2019un podium, Ana\u00efs partant 6<sup>\u00e8me<\/sup> \u00e0 28 secondes et Chlo\u00e9 8<sup>\u00e8me<\/sup> \u00e0 38 secondes.<\/p>\n<h2 style=\"text-align: justify;\" align=\"justify\">Elvira Oeberg assure en d\u00e9but de course<\/h2>\n<p align=\"justify\">Avec un beau 9\/10 sur les deux couch\u00e9s, la jeune Su\u00e9doise prend rapidement le large face \u00e0 <strong>Ana\u00efs Chevalier-Bouchet<\/strong> et <strong>Lisa Theresa Hauser<\/strong>, pourtant auteures d\u2019un 10\/10. La vitesse \u00e0 ski d\u2019Elvira impressionne encore une fois en ce d\u00e9but de course.<\/p>\n<p align=\"justify\">Les Fran\u00e7aises sont divis\u00e9es en deux camps : <strong>Ana\u00efs Chevalier-Bouchet<\/strong> et <strong>Ana\u00efs Bescond<\/strong> semblent \u00eatre encore dans la lutte pour une belle place, alors que les autres Fran\u00e7aises ont d\u00e9j\u00e0 craqu\u00e9. Sur les deux couch\u00e9s, <strong>Justine Braisaz-Bouchet<\/strong> commet 4 erreurs alors que <strong>Chlo\u00e9 Chevalier<\/strong> et <strong>Julia Simon<\/strong> en sont d\u00e9j\u00e0 \u00e0 3 fautes.<\/p>\n<h2 style=\"text-align: justify;\" align=\"justify\">Regroupement en t\u00eate de course<\/h2>\n<p align=\"justify\">Malheureusement pour elle, <strong>Elvira Oeberg <\/strong>craque sur le premier debout avec deux fautes. Ana\u00efs, <strong>Marte Olsbu-Roeiseland<\/strong> et <strong>Hanna Oeberg<\/strong> font une faute et c\u2019est donc Hauser qui ressort en t\u00eate du 3\u00e8me tir. Derri\u00e8re, <strong>Ana\u00efs Bescond se replace \u00e0 la 5\u00e8me place<\/strong> avec 26 secondes de retard sur Hauser.<\/p>\n<p align=\"justify\">Mais tout ce petit monde va fondre sur Hauser, qui va voir revenir 5 concurrentes : les deux s\u0153urs Oeberg, Marte Olsbu Roeiseland, Ana\u00efs Chevalier-Bouchet et Ana\u00efs Bescond. Six femmes vont donc s\u2019affronter sur le dernier tir.<\/p>\n<blockquote class=\"twitter-tweet\">\n<p dir=\"ltr\" lang=\"fr\">Deux fautes pour Elvira Oeberg, une faute pour Anais Chevalier Bouchet mais surtout deux fran\u00e7aises dans le top 5 avant le dernier tir de cette poursuite d&rsquo;\u00d6stersund.<\/p>\n<p>Voir la course ici &gt; <a href=\"https:\/\/t.co\/WWq2AxS1B6\">https:\/\/t.co\/WWq2AxS1B6<\/a><a href=\"https:\/\/twitter.com\/hashtag\/lequipeBIATHLON?src=hash&amp;ref_src=twsrc%5Etfw\">#lequipeBIATHLON<\/a> <a href=\"https:\/\/t.co\/LNNLjlrjqX\">pic.twitter.com\/LNNLjlrjqX<\/a><\/p>\n<p>\u2014 la chaine L&rsquo;\u00c9quipe (@lachainelequipe) <a href=\"https:\/\/twitter.com\/lachainelequipe\/status\/1467107603612319747?ref_src=twsrc%5Etfw\">December 4, 2021<\/a><\/p><\/blockquote>\n<p><script async src=\"https:\/\/platform.twitter.com\/widgets.js\" charset=\"utf-8\"><\/script><\/p>\n<h2 style=\"text-align: justify;\" align=\"justify\">Un dernier tir favorable aux Fran\u00e7aises<\/h2>\n<p align=\"justify\">Les deux Su\u00e9doises craquent avec une faute chacune, et ce sont donc les 4 autres concurrentes qui ressortent ensemble pour un dernier tour plein de suspense. Lisa Theresa Hauser craque rapidement sur les skis et laisse filer les deux fran\u00e7aises vers le podium ! Malheureusement, <strong>Marte Olsbu Roieseland <\/strong>est trop forte et s\u2019\u00e9chappe \u00e0 son tour, laissant les Fran\u00e7aises se disputer les places d\u2019honneur sur le podium. <strong>Roeiseland s&rsquo;impose, Ana\u00efs Bescond prend la 2\u00e8me place et Ana\u00efs Chevalier-Bouchet compl\u00e8te le podium<\/strong>. Beau podium pour les Tricolores, qui lancent d\u00e9finitivement la saison du biathlon f\u00e9minin !<\/p>\n<blockquote class=\"twitter-tweet\">\n<p dir=\"ltr\" lang=\"fr\">DEUX FRANCAISES SUR LE PODIUM &#x1f1eb;&#x1f1f7;&#x1f1eb;&#x1f1f7;<\/p>\n<p>Anais Bescond, avec son 20\/20, prend la deuxi\u00e8me place, alors qu&rsquo;Anais Chevalier-Bouchet compl\u00e8te le podium !<br \/>\nPremi\u00e8re poursuite de l&rsquo;ann\u00e9e r\u00e9ussie pour les Bleues<\/p>\n<p>Voir les r\u00e9actions ici &gt; <a href=\"https:\/\/t.co\/WWq2AxS1B6\">https:\/\/t.co\/WWq2AxS1B6<\/a><a href=\"https:\/\/twitter.com\/hashtag\/lequipeBIATHLON?src=hash&amp;ref_src=twsrc%5Etfw\">#lequipeBIATHLON<\/a> <a href=\"https:\/\/t.co\/iVZnR3iPyQ\">pic.twitter.com\/iVZnR3iPyQ<\/a><\/p>\n<p>\u2014 la chaine L&rsquo;\u00c9quipe (@lachainelequipe) <a href=\"https:\/\/twitter.com\/lachainelequipe\/status\/1467112062115528704?ref_src=twsrc%5Etfw\">December 4, 2021<\/a><\/p><\/blockquote>\n<p><script async src=\"https:\/\/platform.twitter.com\/widgets.js\" charset=\"utf-8\"><\/script><\/p>\n<p style=\"text-align: justify;\" align=\"justify\">Pour les autres Fran\u00e7aises, <strong>Justine Braisaz-Bouchet<\/strong> finit 12<sup>\u00e8me<\/sup> avec pourtant 5 fautes, signe de sa bonne forme sur les skis, avec le meilleur temps sur la piste. <strong>Julia Simon<\/strong> termine 25<sup>\u00e8me<\/sup>, <strong>Chlo\u00e9 Chevalier<\/strong> 33<sup>\u00e8me<\/sup>.<\/p>\n<h2 style=\"text-align: justify;\" align=\"justify\"><strong>\u00c0 lire aussi<\/strong><\/h2>\n<ul>\n<li style=\"text-align: justify;\"><strong><a href=\"https:\/\/dicodusport.fr\/blog\/biathlon-ostersund-2-classement-poursuite-femmes\/\">Biathlon \u2013 Ostersund 2 : Classement de la poursuite femmes<\/a><\/strong><\/li>\n<li style=\"text-align: justify;\"><a href=\"https:\/\/dicodusport.fr\/blog\/biathlon-coupe-du-monde-2021-2022-classement-general-femmes\/\"><strong>Le classement g\u00e9n\u00e9ral de la Coupe du monde de biathlon<\/strong><\/a><\/li>\n<\/ul>\n","protected":false},"excerpt":{"rendered":"<p>COUPE DU MONDE DE BIATHLON \u2013 OSTERSUND \u2013 La Norv\u00e9gienne Marte Olsbu Roeiseland s&rsquo;impose sur la poursuite femmes. Les Fran\u00e7aises Ana\u00efs Bescond et Ana\u00efs Chevalier-Bouchet compl\u00e8tent le podium.<\/p>\n","protected":false},"author":21,"featured_media":183395,"comment_status":"open","ping_status":"closed","sticky":false,"template":"","format":"standard","meta":{"_acf_changed":false,"_daextam_enable_autolinks":"","footnotes":""},"categories":[47040],"tags":[2427,9258,6945,24],"class_list":["post-183364","post","type-post","status-publish","format-standard","has-post-thumbnail","hentry","category-coupe-du-monde-de-biathlon","tag-biathlon","tag-ostersund","tag-poursuite-femmes","tag-sport"],"acf":[],"yoast_head":"<!-- This site is optimized with the Yoast SEO Premium plugin v26.7 (Yoast SEO v26.7) - https:\/\/yoast.com\/wordpress\/plugins\/seo\/ -->\n<title>Biathlon - Ostersund 2 : Roeiseland vainqueur, Ana\u00efs Bescond et Ana\u00efs Chevalier-Bouchet sur le podium<\/title>\n<meta name=\"description\" content=\"COUPE DU MONDE DE BIATHLON \u2013 OSTERSUND \u2013 La Norv\u00e9gienne Marte Olsbu Roeiseland s&#039;impose sur la poursuite femmes.\" \/>\n<meta name=\"robots\" content=\"index, follow, max-snippet:-1, max-image-preview:large, max-video-preview:-1\" \/>\n<link rel=\"canonical\" href=\"https:\/\/dicodusport.fr\/blog\/poursuite-ostersund-roeiseland-vainqueur-bescond-et-chevalier-bouchet-sur-le-podium\/\" \/>\n<meta property=\"og:locale\" content=\"fr_FR\" \/>\n<meta property=\"og:type\" content=\"article\" \/>\n<meta property=\"og:title\" content=\"Poursuite d&#039;Ostersund : Roeiseland vainqueur, Bescond et Chevalier-Bouchet sur le podium\" \/>\n<meta property=\"og:description\" content=\"COUPE DU MONDE DE BIATHLON \u2013 OSTERSUND \u2013 La Norv\u00e9gienne Marte Olsbu Roeiseland s&#039;impose sur la poursuite femmes.\" \/>\n<meta property=\"og:url\" content=\"https:\/\/dicodusport.fr\/blog\/poursuite-ostersund-roeiseland-vainqueur-bescond-et-chevalier-bouchet-sur-le-podium\/\" \/>\n<meta property=\"og:site_name\" content=\"Dicodusport\" \/>\n<meta property=\"article:publisher\" content=\"https:\/\/www.facebook.com\/dicodusport\" \/>\n<meta property=\"article:published_time\" content=\"2021-12-04T12:41:17+00:00\" \/>\n<meta property=\"article:modified_time\" content=\"2021-12-04T21:38:05+00:00\" \/>\n<meta property=\"og:image\" content=\"https:\/\/dicodusport.fr\/blog\/wp-content\/uploads\/2021\/12\/Biathlon-Poursuite-dOstersund-Roeiseland-vainqueur-Bescond-et-Chevalier-Bouchet-sur-le-podium.png\" \/>\n\t<meta property=\"og:image:width\" content=\"800\" \/>\n\t<meta property=\"og:image:height\" content=\"445\" \/>\n\t<meta property=\"og:image:type\" content=\"image\/png\" \/>\n<meta name=\"author\" content=\"Mathieu Veillon\" \/>\n<meta name=\"twitter:card\" content=\"summary_large_image\" \/>\n<meta name=\"twitter:title\" content=\"Poursuite d&#039;Ostersund : Roeiseland vainqueur, Bescond et Chevalier-Bouchet sur le podium\" \/>\n<meta name=\"twitter:creator\" content=\"@https:\/\/twitter.com\/MathieuVeillon\" \/>\n<meta name=\"twitter:site\" content=\"@dicodusport\" \/>\n<script type=\"application\/ld+json\" class=\"yoast-schema-graph\">{\"@context\":\"https:\/\/schema.org\",\"@graph\":[{\"@type\":\"NewsArticle\",\"@id\":\"https:\/\/dicodusport.fr\/blog\/poursuite-ostersund-roeiseland-vainqueur-bescond-et-chevalier-bouchet-sur-le-podium\/#article\",\"isPartOf\":{\"@id\":\"https:\/\/dicodusport.fr\/blog\/poursuite-ostersund-roeiseland-vainqueur-bescond-et-chevalier-bouchet-sur-le-podium\/\"},\"author\":{\"name\":\"Mathieu Veillon\",\"@id\":\"https:\/\/dicodusport.fr\/blog\/#\/schema\/person\/9731cdc747db1ceb457a2bfa9180a806\"},\"headline\":\"Poursuite d&rsquo;Ostersund : Roeiseland vainqueur, Bescond et Chevalier-Bouchet sur le podium\",\"datePublished\":\"2021-12-04T12:41:17+00:00\",\"dateModified\":\"2021-12-04T21:38:05+00:00\",\"mainEntityOfPage\":{\"@id\":\"https:\/\/dicodusport.fr\/blog\/poursuite-ostersund-roeiseland-vainqueur-bescond-et-chevalier-bouchet-sur-le-podium\/\"},\"wordCount\":581,\"commentCount\":0,\"publisher\":{\"@id\":\"https:\/\/dicodusport.fr\/blog\/#organization\"},\"image\":{\"@id\":\"https:\/\/dicodusport.fr\/blog\/poursuite-ostersund-roeiseland-vainqueur-bescond-et-chevalier-bouchet-sur-le-podium\/#primaryimage\"},\"thumbnailUrl\":\"https:\/\/dicodusport.fr\/blog\/wp-content\/uploads\/2021\/12\/Biathlon-Poursuite-dOstersund-Roeiseland-vainqueur-Bescond-et-Chevalier-Bouchet-sur-le-podium.png\",\"keywords\":[\"Biathlon\",\"Ostersund\",\"Poursuite femmes\",\"sport\"],\"articleSection\":[\"Coupe du monde de biathlon\"],\"inLanguage\":\"fr-FR\",\"potentialAction\":[{\"@type\":\"CommentAction\",\"name\":\"Comment\",\"target\":[\"https:\/\/dicodusport.fr\/blog\/poursuite-ostersund-roeiseland-vainqueur-bescond-et-chevalier-bouchet-sur-le-podium\/#respond\"]}],\"copyrightYear\":\"2021\",\"copyrightHolder\":{\"@id\":\"https:\/\/dicodusport.fr\/blog\/#organization\"}},{\"@type\":\"WebPage\",\"@id\":\"https:\/\/dicodusport.fr\/blog\/poursuite-ostersund-roeiseland-vainqueur-bescond-et-chevalier-bouchet-sur-le-podium\/\",\"url\":\"https:\/\/dicodusport.fr\/blog\/poursuite-ostersund-roeiseland-vainqueur-bescond-et-chevalier-bouchet-sur-le-podium\/\",\"name\":\"Biathlon - Ostersund 2 : Roeiseland vainqueur, Ana\u00efs Bescond et Ana\u00efs Chevalier-Bouchet sur le podium\",\"isPartOf\":{\"@id\":\"https:\/\/dicodusport.fr\/blog\/#website\"},\"primaryImageOfPage\":{\"@id\":\"https:\/\/dicodusport.fr\/blog\/poursuite-ostersund-roeiseland-vainqueur-bescond-et-chevalier-bouchet-sur-le-podium\/#primaryimage\"},\"image\":{\"@id\":\"https:\/\/dicodusport.fr\/blog\/poursuite-ostersund-roeiseland-vainqueur-bescond-et-chevalier-bouchet-sur-le-podium\/#primaryimage\"},\"thumbnailUrl\":\"https:\/\/dicodusport.fr\/blog\/wp-content\/uploads\/2021\/12\/Biathlon-Poursuite-dOstersund-Roeiseland-vainqueur-Bescond-et-Chevalier-Bouchet-sur-le-podium.png\",\"datePublished\":\"2021-12-04T12:41:17+00:00\",\"dateModified\":\"2021-12-04T21:38:05+00:00\",\"description\":\"COUPE DU MONDE DE BIATHLON \u2013 OSTERSUND \u2013 La Norv\u00e9gienne Marte Olsbu Roeiseland s'impose sur la poursuite femmes.\",\"breadcrumb\":{\"@id\":\"https:\/\/dicodusport.fr\/blog\/poursuite-ostersund-roeiseland-vainqueur-bescond-et-chevalier-bouchet-sur-le-podium\/#breadcrumb\"},\"inLanguage\":\"fr-FR\",\"potentialAction\":[{\"@type\":\"ReadAction\",\"target\":[\"https:\/\/dicodusport.fr\/blog\/poursuite-ostersund-roeiseland-vainqueur-bescond-et-chevalier-bouchet-sur-le-podium\/\"]}]},{\"@type\":\"ImageObject\",\"inLanguage\":\"fr-FR\",\"@id\":\"https:\/\/dicodusport.fr\/blog\/poursuite-ostersund-roeiseland-vainqueur-bescond-et-chevalier-bouchet-sur-le-podium\/#primaryimage\",\"url\":\"https:\/\/dicodusport.fr\/blog\/wp-content\/uploads\/2021\/12\/Biathlon-Poursuite-dOstersund-Roeiseland-vainqueur-Bescond-et-Chevalier-Bouchet-sur-le-podium.png\",\"contentUrl\":\"https:\/\/dicodusport.fr\/blog\/wp-content\/uploads\/2021\/12\/Biathlon-Poursuite-dOstersund-Roeiseland-vainqueur-Bescond-et-Chevalier-Bouchet-sur-le-podium.png\",\"width\":800,\"height\":445,\"caption\":\"Biathlon - Poursuite d'Ostersund Roeiseland vainqueur, Bescond et Chevalier-Bouchet sur le podium\"},{\"@type\":\"BreadcrumbList\",\"@id\":\"https:\/\/dicodusport.fr\/blog\/poursuite-ostersund-roeiseland-vainqueur-bescond-et-chevalier-bouchet-sur-le-podium\/#breadcrumb\",\"itemListElement\":[{\"@type\":\"ListItem\",\"position\":1,\"name\":\"Accueil\",\"item\":\"https:\/\/dicodusport.fr\/blog\/\"},{\"@type\":\"ListItem\",\"position\":2,\"name\":\"Poursuite d&rsquo;Ostersund : Roeiseland vainqueur, Bescond et Chevalier-Bouchet sur le podium\"}]},{\"@type\":\"WebSite\",\"@id\":\"https:\/\/dicodusport.fr\/blog\/#website\",\"url\":\"https:\/\/dicodusport.fr\/blog\/\",\"name\":\"Dicodusport\",\"description\":\"L&#039;encyclop\u00e9die de l&#039;actualit\u00e9 sportive\",\"publisher\":{\"@id\":\"https:\/\/dicodusport.fr\/blog\/#organization\"},\"potentialAction\":[{\"@type\":\"SearchAction\",\"target\":{\"@type\":\"EntryPoint\",\"urlTemplate\":\"https:\/\/dicodusport.fr\/blog\/?s={search_term_string}\"},\"query-input\":{\"@type\":\"PropertyValueSpecification\",\"valueRequired\":true,\"valueName\":\"search_term_string\"}}],\"inLanguage\":\"fr-FR\"},{\"@type\":\"NewsMediaOrganization\",\"@id\":\"https:\/\/dicodusport.fr\/blog\/#organization\",\"name\":\"Dicodusport\",\"url\":\"https:\/\/dicodusport.fr\/blog\/\",\"logo\":{\"@type\":\"ImageObject\",\"inLanguage\":\"fr-FR\",\"@id\":\"https:\/\/dicodusport.fr\/blog\/#\/schema\/logo\/image\/\",\"url\":\"https:\/\/dicodusport.fr\/blog\/wp-content\/uploads\/2020\/06\/cropped-LOGO-DICODUSPORT-2020-SANS-FOND-SANS-TEXTE.png\",\"contentUrl\":\"https:\/\/dicodusport.fr\/blog\/wp-content\/uploads\/2020\/06\/cropped-LOGO-DICODUSPORT-2020-SANS-FOND-SANS-TEXTE.png\",\"width\":512,\"height\":512,\"caption\":\"Dicodusport\"},\"image\":{\"@id\":\"https:\/\/dicodusport.fr\/blog\/#\/schema\/logo\/image\/\"},\"sameAs\":[\"https:\/\/www.facebook.com\/dicodusport\",\"https:\/\/x.com\/dicodusport\",\"https:\/\/www.instagram.com\/dicodusport\/\",\"https:\/\/www.youtube.com\/channel\/UC7V2KZ5sd3htJivAbA4ZG3w\"],\"description\":\"Dicodusport est l'encyclop\u00e9die de l'actualit\u00e9 sportive.\",\"email\":\"bonjour@dicodusport.fr\",\"legalName\":\"DICODUSPORT\",\"foundingDate\":\"2018-01-14\",\"vatID\":\"FR71834470973\",\"taxID\":\"83447097300043\",\"numberOfEmployees\":{\"@type\":\"QuantitativeValue\",\"minValue\":\"1\",\"maxValue\":\"10\"}},{\"@type\":\"Person\",\"@id\":\"https:\/\/dicodusport.fr\/blog\/#\/schema\/person\/9731cdc747db1ceb457a2bfa9180a806\",\"name\":\"Mathieu Veillon\",\"image\":{\"@type\":\"ImageObject\",\"inLanguage\":\"fr-FR\",\"@id\":\"https:\/\/dicodusport.fr\/blog\/#\/schema\/person\/image\/\",\"url\":\"https:\/\/dicodusport.fr\/blog\/wp-content\/uploads\/2021\/05\/Mathieu-Veillon-150x150.jpg\",\"contentUrl\":\"https:\/\/dicodusport.fr\/blog\/wp-content\/uploads\/2021\/05\/Mathieu-Veillon-150x150.jpg\",\"caption\":\"Mathieu Veillon\"},\"description\":\"Journaliste\/r\u00e9dacteur depuis septembre 2015 - Ma d\u00e9finition du bonheur ? Une galette-saucisse au Roazhon Park ou un caf\u00e9 devant un Lakers\/Celtics au petit matin. Fid\u00e8le membre de la team insomniaque de la r\u00e9dac, j\u2019ai le pouvoir de rester \u00e9veill\u00e9 jusqu\u2019\u00e0 l\u2019aube pour faire vivre aux lecteurs ma passion du sport. Ainsi, j\u2019\u00e9cris principalement sur la NBA, le biathlon, le cyclisme ou encore la F1. Comptez dans mes exploits sportifs le fait d\u2019avoir fait gagner le Tour de France 2018 \u00e0 Tony Gallopin sur Pro Cycling Manager, ou encore d\u2019avoir men\u00e9 l\u2019\u00e9quipe nationale de Bretagne en finale de Coupe du monde sur Football Manager.\",\"sameAs\":[\"https:\/\/x.com\/https:\/\/twitter.com\/MathieuVeillon\"],\"url\":\"https:\/\/dicodusport.fr\/blog\/author\/mathieu\/\"}]}<\/script>\n<!-- \/ Yoast SEO Premium plugin. -->","yoast_head_json":{"title":"Biathlon - Ostersund 2 : Roeiseland vainqueur, Ana\u00efs Bescond et Ana\u00efs Chevalier-Bouchet sur le podium","description":"COUPE DU MONDE DE BIATHLON \u2013 OSTERSUND \u2013 La Norv\u00e9gienne Marte Olsbu Roeiseland s'impose sur la poursuite femmes.","robots":{"index":"index","follow":"follow","max-snippet":"max-snippet:-1","max-image-preview":"max-image-preview:large","max-video-preview":"max-video-preview:-1"},"canonical":"https:\/\/dicodusport.fr\/blog\/poursuite-ostersund-roeiseland-vainqueur-bescond-et-chevalier-bouchet-sur-le-podium\/","og_locale":"fr_FR","og_type":"article","og_title":"Poursuite d'Ostersund : Roeiseland vainqueur, Bescond et Chevalier-Bouchet sur le podium","og_description":"COUPE DU MONDE DE BIATHLON \u2013 OSTERSUND \u2013 La Norv\u00e9gienne Marte Olsbu Roeiseland s'impose sur la poursuite femmes.","og_url":"https:\/\/dicodusport.fr\/blog\/poursuite-ostersund-roeiseland-vainqueur-bescond-et-chevalier-bouchet-sur-le-podium\/","og_site_name":"Dicodusport","article_publisher":"https:\/\/www.facebook.com\/dicodusport","article_published_time":"2021-12-04T12:41:17+00:00","article_modified_time":"2021-12-04T21:38:05+00:00","og_image":[{"width":800,"height":445,"url":"https:\/\/dicodusport.fr\/blog\/wp-content\/uploads\/2021\/12\/Biathlon-Poursuite-dOstersund-Roeiseland-vainqueur-Bescond-et-Chevalier-Bouchet-sur-le-podium.png","type":"image\/png"}],"author":"Mathieu Veillon","twitter_card":"summary_large_image","twitter_title":"Poursuite d'Ostersund : Roeiseland vainqueur, Bescond et Chevalier-Bouchet sur le podium","twitter_creator":"@https:\/\/twitter.com\/MathieuVeillon","twitter_site":"@dicodusport","schema":{"@context":"https:\/\/schema.org","@graph":[{"@type":"NewsArticle","@id":"https:\/\/dicodusport.fr\/blog\/poursuite-ostersund-roeiseland-vainqueur-bescond-et-chevalier-bouchet-sur-le-podium\/#article","isPartOf":{"@id":"https:\/\/dicodusport.fr\/blog\/poursuite-ostersund-roeiseland-vainqueur-bescond-et-chevalier-bouchet-sur-le-podium\/"},"author":{"name":"Mathieu Veillon","@id":"https:\/\/dicodusport.fr\/blog\/#\/schema\/person\/9731cdc747db1ceb457a2bfa9180a806"},"headline":"Poursuite d&rsquo;Ostersund : Roeiseland vainqueur, Bescond et Chevalier-Bouchet sur le podium","datePublished":"2021-12-04T12:41:17+00:00","dateModified":"2021-12-04T21:38:05+00:00","mainEntityOfPage":{"@id":"https:\/\/dicodusport.fr\/blog\/poursuite-ostersund-roeiseland-vainqueur-bescond-et-chevalier-bouchet-sur-le-podium\/"},"wordCount":581,"commentCount":0,"publisher":{"@id":"https:\/\/dicodusport.fr\/blog\/#organization"},"image":{"@id":"https:\/\/dicodusport.fr\/blog\/poursuite-ostersund-roeiseland-vainqueur-bescond-et-chevalier-bouchet-sur-le-podium\/#primaryimage"},"thumbnailUrl":"https:\/\/dicodusport.fr\/blog\/wp-content\/uploads\/2021\/12\/Biathlon-Poursuite-dOstersund-Roeiseland-vainqueur-Bescond-et-Chevalier-Bouchet-sur-le-podium.png","keywords":["Biathlon","Ostersund","Poursuite femmes","sport"],"articleSection":["Coupe du monde de biathlon"],"inLanguage":"fr-FR","potentialAction":[{"@type":"CommentAction","name":"Comment","target":["https:\/\/dicodusport.fr\/blog\/poursuite-ostersund-roeiseland-vainqueur-bescond-et-chevalier-bouchet-sur-le-podium\/#respond"]}],"copyrightYear":"2021","copyrightHolder":{"@id":"https:\/\/dicodusport.fr\/blog\/#organization"}},{"@type":"WebPage","@id":"https:\/\/dicodusport.fr\/blog\/poursuite-ostersund-roeiseland-vainqueur-bescond-et-chevalier-bouchet-sur-le-podium\/","url":"https:\/\/dicodusport.fr\/blog\/poursuite-ostersund-roeiseland-vainqueur-bescond-et-chevalier-bouchet-sur-le-podium\/","name":"Biathlon - Ostersund 2 : Roeiseland vainqueur, Ana\u00efs Bescond et Ana\u00efs Chevalier-Bouchet sur le podium","isPartOf":{"@id":"https:\/\/dicodusport.fr\/blog\/#website"},"primaryImageOfPage":{"@id":"https:\/\/dicodusport.fr\/blog\/poursuite-ostersund-roeiseland-vainqueur-bescond-et-chevalier-bouchet-sur-le-podium\/#primaryimage"},"image":{"@id":"https:\/\/dicodusport.fr\/blog\/poursuite-ostersund-roeiseland-vainqueur-bescond-et-chevalier-bouchet-sur-le-podium\/#primaryimage"},"thumbnailUrl":"https:\/\/dicodusport.fr\/blog\/wp-content\/uploads\/2021\/12\/Biathlon-Poursuite-dOstersund-Roeiseland-vainqueur-Bescond-et-Chevalier-Bouchet-sur-le-podium.png","datePublished":"2021-12-04T12:41:17+00:00","dateModified":"2021-12-04T21:38:05+00:00","description":"COUPE DU MONDE DE BIATHLON \u2013 OSTERSUND \u2013 La Norv\u00e9gienne Marte Olsbu Roeiseland s'impose sur la poursuite femmes.","breadcrumb":{"@id":"https:\/\/dicodusport.fr\/blog\/poursuite-ostersund-roeiseland-vainqueur-bescond-et-chevalier-bouchet-sur-le-podium\/#breadcrumb"},"inLanguage":"fr-FR","potentialAction":[{"@type":"ReadAction","target":["https:\/\/dicodusport.fr\/blog\/poursuite-ostersund-roeiseland-vainqueur-bescond-et-chevalier-bouchet-sur-le-podium\/"]}]},{"@type":"ImageObject","inLanguage":"fr-FR","@id":"https:\/\/dicodusport.fr\/blog\/poursuite-ostersund-roeiseland-vainqueur-bescond-et-chevalier-bouchet-sur-le-podium\/#primaryimage","url":"https:\/\/dicodusport.fr\/blog\/wp-content\/uploads\/2021\/12\/Biathlon-Poursuite-dOstersund-Roeiseland-vainqueur-Bescond-et-Chevalier-Bouchet-sur-le-podium.png","contentUrl":"https:\/\/dicodusport.fr\/blog\/wp-content\/uploads\/2021\/12\/Biathlon-Poursuite-dOstersund-Roeiseland-vainqueur-Bescond-et-Chevalier-Bouchet-sur-le-podium.png","width":800,"height":445,"caption":"Biathlon - Poursuite d'Ostersund Roeiseland vainqueur, Bescond et Chevalier-Bouchet sur le podium"},{"@type":"BreadcrumbList","@id":"https:\/\/dicodusport.fr\/blog\/poursuite-ostersund-roeiseland-vainqueur-bescond-et-chevalier-bouchet-sur-le-podium\/#breadcrumb","itemListElement":[{"@type":"ListItem","position":1,"name":"Accueil","item":"https:\/\/dicodusport.fr\/blog\/"},{"@type":"ListItem","position":2,"name":"Poursuite d&rsquo;Ostersund : Roeiseland vainqueur, Bescond et Chevalier-Bouchet sur le podium"}]},{"@type":"WebSite","@id":"https:\/\/dicodusport.fr\/blog\/#website","url":"https:\/\/dicodusport.fr\/blog\/","name":"Dicodusport","description":"L&#039;encyclop\u00e9die de l&#039;actualit\u00e9 sportive","publisher":{"@id":"https:\/\/dicodusport.fr\/blog\/#organization"},"potentialAction":[{"@type":"SearchAction","target":{"@type":"EntryPoint","urlTemplate":"https:\/\/dicodusport.fr\/blog\/?s={search_term_string}"},"query-input":{"@type":"PropertyValueSpecification","valueRequired":true,"valueName":"search_term_string"}}],"inLanguage":"fr-FR"},{"@type":"NewsMediaOrganization","@id":"https:\/\/dicodusport.fr\/blog\/#organization","name":"Dicodusport","url":"https:\/\/dicodusport.fr\/blog\/","logo":{"@type":"ImageObject","inLanguage":"fr-FR","@id":"https:\/\/dicodusport.fr\/blog\/#\/schema\/logo\/image\/","url":"https:\/\/dicodusport.fr\/blog\/wp-content\/uploads\/2020\/06\/cropped-LOGO-DICODUSPORT-2020-SANS-FOND-SANS-TEXTE.png","contentUrl":"https:\/\/dicodusport.fr\/blog\/wp-content\/uploads\/2020\/06\/cropped-LOGO-DICODUSPORT-2020-SANS-FOND-SANS-TEXTE.png","width":512,"height":512,"caption":"Dicodusport"},"image":{"@id":"https:\/\/dicodusport.fr\/blog\/#\/schema\/logo\/image\/"},"sameAs":["https:\/\/www.facebook.com\/dicodusport","https:\/\/x.com\/dicodusport","https:\/\/www.instagram.com\/dicodusport\/","https:\/\/www.youtube.com\/channel\/UC7V2KZ5sd3htJivAbA4ZG3w"],"description":"Dicodusport est l'encyclop\u00e9die de l'actualit\u00e9 sportive.","email":"bonjour@dicodusport.fr","legalName":"DICODUSPORT","foundingDate":"2018-01-14","vatID":"FR71834470973","taxID":"83447097300043","numberOfEmployees":{"@type":"QuantitativeValue","minValue":"1","maxValue":"10"}},{"@type":"Person","@id":"https:\/\/dicodusport.fr\/blog\/#\/schema\/person\/9731cdc747db1ceb457a2bfa9180a806","name":"Mathieu Veillon","image":{"@type":"ImageObject","inLanguage":"fr-FR","@id":"https:\/\/dicodusport.fr\/blog\/#\/schema\/person\/image\/","url":"https:\/\/dicodusport.fr\/blog\/wp-content\/uploads\/2021\/05\/Mathieu-Veillon-150x150.jpg","contentUrl":"https:\/\/dicodusport.fr\/blog\/wp-content\/uploads\/2021\/05\/Mathieu-Veillon-150x150.jpg","caption":"Mathieu Veillon"},"description":"Journaliste\/r\u00e9dacteur depuis septembre 2015 - Ma d\u00e9finition du bonheur ? Une galette-saucisse au Roazhon Park ou un caf\u00e9 devant un Lakers\/Celtics au petit matin. Fid\u00e8le membre de la team insomniaque de la r\u00e9dac, j\u2019ai le pouvoir de rester \u00e9veill\u00e9 jusqu\u2019\u00e0 l\u2019aube pour faire vivre aux lecteurs ma passion du sport. Ainsi, j\u2019\u00e9cris principalement sur la NBA, le biathlon, le cyclisme ou encore la F1. Comptez dans mes exploits sportifs le fait d\u2019avoir fait gagner le Tour de France 2018 \u00e0 Tony Gallopin sur Pro Cycling Manager, ou encore d\u2019avoir men\u00e9 l\u2019\u00e9quipe nationale de Bretagne en finale de Coupe du monde sur Football Manager.","sameAs":["https:\/\/x.com\/https:\/\/twitter.com\/MathieuVeillon"],"url":"https:\/\/dicodusport.fr\/blog\/author\/mathieu\/"}]}},"_links":{"self":[{"href":"https:\/\/dicodusport.fr\/blog\/wp-json\/wp\/v2\/posts\/183364","targetHints":{"allow":["GET"]}}],"collection":[{"href":"https:\/\/dicodusport.fr\/blog\/wp-json\/wp\/v2\/posts"}],"about":[{"href":"https:\/\/dicodusport.fr\/blog\/wp-json\/wp\/v2\/types\/post"}],"author":[{"embeddable":true,"href":"https:\/\/dicodusport.fr\/blog\/wp-json\/wp\/v2\/users\/21"}],"replies":[{"embeddable":true,"href":"https:\/\/dicodusport.fr\/blog\/wp-json\/wp\/v2\/comments?post=183364"}],"version-history":[{"count":0,"href":"https:\/\/dicodusport.fr\/blog\/wp-json\/wp\/v2\/posts\/183364\/revisions"}],"wp:featuredmedia":[{"embeddable":true,"href":"https:\/\/dicodusport.fr\/blog\/wp-json\/wp\/v2\/media\/183395"}],"wp:attachment":[{"href":"https:\/\/dicodusport.fr\/blog\/wp-json\/wp\/v2\/media?parent=183364"}],"wp:term":[{"taxonomy":"category","embeddable":true,"href":"https:\/\/dicodusport.fr\/blog\/wp-json\/wp\/v2\/categories?post=183364"},{"taxonomy":"post_tag","embeddable":true,"href":"https:\/\/dicodusport.fr\/blog\/wp-json\/wp\/v2\/tags?post=183364"}],"curies":[{"name":"wp","href":"https:\/\/api.w.org\/{rel}","templated":true}]}}