{"id":184188,"date":"2021-12-08T08:31:18","date_gmt":"2021-12-08T07:31:18","guid":{"rendered":"https:\/\/dicodusport.fr\/blog\/?p=184188&#038;preview=true&#038;preview_id=184188"},"modified":"2021-12-08T08:31:18","modified_gmt":"2021-12-08T07:31:18","slug":"juninho-devrait-quitter-lol-des-le-mois-de-janvier","status":"publish","type":"post","link":"https:\/\/dicodusport.fr\/blog\/juninho-devrait-quitter-lol-des-le-mois-de-janvier\/","title":{"rendered":"Juninho devrait quitter l&rsquo;OL d\u00e8s le mois de janvier"},"content":{"rendered":"<p style=\"text-align: justify;\"><em><strong>FOOTBALL &#8211; En fin de contrat en juin prochain, Juninho devrait quitter son poste de directeur sportif de l&rsquo;Olympique Lyonnais d\u00e8s le mois de janvier.\u00a0<\/strong><\/em><\/p>\n<p style=\"text-align: justify;\">Il y a quelques semaines, le Br\u00e9silien <strong>Juninho<\/strong> avait annonc\u00e9 dans<em> Rothen s&rsquo;enflamme<\/em> sur <em>RMC Sport<\/em> qu&rsquo;il comptait quitter son poste de directeur sportif de l&rsquo;OL \u00e0 la fin de son contrat, en juin prochain. Selon nos confr\u00e8res de <em>L&rsquo;\u00c9quipe<\/em>, cette annonce a \u00e9t\u00e9 mal per\u00e7ue en interne car jug\u00e9e \u00e9go\u00efste. Surtout, <strong>Juninho<\/strong> n&rsquo;avait pr\u00e9venu personne de son choix de quitter le club en juin 2022. D\u00e8s lors qu&rsquo;il ne sera plus en poste la saison prochaine, il y a peu d&rsquo;int\u00e9r\u00eat pour les deux parties de commencer \u00e0 travailler sur le recrutement, ou m\u00eame sur des dossiers \u00e0 plus long terme. <strong>Juninho<\/strong> pourrait donc annoncer son d\u00e9part plus t\u00f4t que pr\u00e9vu, d\u00e8s janvier, et Lyon se mettrait en qu\u00eate d&rsquo;un rempla\u00e7ant pour le poste de directeur sportif.<\/p>\n<blockquote class=\"twitter-tweet\">\n<p dir=\"ltr\" lang=\"fr\"><a href=\"https:\/\/twitter.com\/hashtag\/Juninho?src=hash&amp;ref_src=twsrc%5Etfw\">#Juninho<\/a> vers un d\u00e9part de l&rsquo;<a href=\"https:\/\/twitter.com\/hashtag\/OL?src=hash&amp;ref_src=twsrc%5Etfw\">#OL<\/a> d\u00e8s le mois de janvier<a href=\"https:\/\/twitter.com\/Juninhope08?ref_src=twsrc%5Etfw\">@Juninhope08<\/a><br \/>\n(L&rsquo;\u00c9quipe : <a href=\"https:\/\/t.co\/b50rNNs4sn\">https:\/\/t.co\/b50rNNs4sn<\/a>) <a href=\"https:\/\/t.co\/Z0gpmK6lPf\">pic.twitter.com\/Z0gpmK6lPf<\/a><\/p>\n<p>\u2014 OL+ (@OL__Plus) <a href=\"https:\/\/twitter.com\/OL__Plus\/status\/1468365882464346113?ref_src=twsrc%5Etfw\">December 7, 2021<\/a><\/p><\/blockquote>\n<p style=\"text-align: justify;\"><script async src=\"https:\/\/platform.twitter.com\/widgets.js\" charset=\"utf-8\"><\/script><\/p>\n","protected":false},"excerpt":{"rendered":"<p>FOOTBALL &#8211; En fin de contrat en juin prochain, Juninho devrait quitter son poste de directeur sportif de l&rsquo;Olympique Lyonnais d\u00e8s le mois de janvier.\u00a0<\/p>\n","protected":false},"author":1,"featured_media":184189,"comment_status":"open","ping_status":"closed","sticky":false,"template":"","format":"standard","meta":{"_acf_changed":false,"_daextam_enable_autolinks":"","footnotes":""},"categories":[47045],"tags":[1457,1554,449,1145],"class_list":["post-184188","post","type-post","status-publish","format-standard","has-post-thumbnail","hentry","category-ligue-1","tag-juninho","tag-ligue-1","tag-lyon","tag-ol"],"acf":[],"yoast_head":"<!-- This site is optimized with the Yoast SEO Premium plugin v26.7 (Yoast SEO v26.7) - https:\/\/yoast.com\/wordpress\/plugins\/seo\/ -->\n<title>Juninho devrait quitter l&#039;OL d\u00e8s le mois de janvier<\/title>\n<meta name=\"description\" content=\"FOOTBALL - En fin de contrat en juin prochain, Juninho devrait quitter son poste de directeur sportif de l&#039;Olympique Lyonnais en janvier.\" \/>\n<meta name=\"robots\" content=\"index, follow, max-snippet:-1, max-image-preview:large, max-video-preview:-1\" \/>\n<link rel=\"canonical\" href=\"https:\/\/dicodusport.fr\/blog\/juninho-devrait-quitter-lol-des-le-mois-de-janvier\/\" \/>\n<meta property=\"og:locale\" content=\"fr_FR\" \/>\n<meta property=\"og:type\" content=\"article\" \/>\n<meta property=\"og:title\" content=\"Juninho devrait quitter l&#039;OL d\u00e8s le mois de janvier\" \/>\n<meta property=\"og:description\" content=\"FOOTBALL - En fin de contrat en juin prochain, Juninho devrait quitter son poste de directeur sportif de l&#039;Olympique Lyonnais en janvier.\" \/>\n<meta property=\"og:url\" content=\"https:\/\/dicodusport.fr\/blog\/juninho-devrait-quitter-lol-des-le-mois-de-janvier\/\" \/>\n<meta property=\"og:site_name\" content=\"Dicodusport\" \/>\n<meta property=\"article:publisher\" content=\"https:\/\/www.facebook.com\/dicodusport\" \/>\n<meta property=\"article:author\" content=\"https:\/\/www.facebook.com\/dicodusport\" \/>\n<meta property=\"article:published_time\" content=\"2021-12-08T07:31:18+00:00\" \/>\n<meta property=\"og:image\" content=\"https:\/\/dicodusport.fr\/blog\/wp-content\/uploads\/2021\/12\/Juninho-devrait-quitter-lOL-de\u0300s-le-mois-de-janvier.png\" \/>\n\t<meta property=\"og:image:width\" content=\"800\" \/>\n\t<meta property=\"og:image:height\" content=\"445\" \/>\n\t<meta property=\"og:image:type\" content=\"image\/png\" \/>\n<meta name=\"author\" content=\"Nicolas Jacquemard\" \/>\n<meta name=\"twitter:card\" content=\"summary_large_image\" \/>\n<meta name=\"twitter:title\" content=\"Juninho devrait quitter l&#039;OL d\u00e8s le mois de janvier\" \/>\n<meta name=\"twitter:creator\" content=\"@https:\/\/twitter.com\/Nico_Jacquemard\" \/>\n<meta name=\"twitter:site\" content=\"@dicodusport\" \/>\n<script type=\"application\/ld+json\" class=\"yoast-schema-graph\">{\"@context\":\"https:\/\/schema.org\",\"@graph\":[{\"@type\":\"NewsArticle\",\"@id\":\"https:\/\/dicodusport.fr\/blog\/juninho-devrait-quitter-lol-des-le-mois-de-janvier\/#article\",\"isPartOf\":{\"@id\":\"https:\/\/dicodusport.fr\/blog\/juninho-devrait-quitter-lol-des-le-mois-de-janvier\/\"},\"author\":{\"name\":\"Nicolas Jacquemard\",\"@id\":\"https:\/\/dicodusport.fr\/blog\/#\/schema\/person\/55dcb50ad410894e431ed812bbb70191\"},\"headline\":\"Juninho devrait quitter l&rsquo;OL d\u00e8s le mois de janvier\",\"datePublished\":\"2021-12-08T07:31:18+00:00\",\"mainEntityOfPage\":{\"@id\":\"https:\/\/dicodusport.fr\/blog\/juninho-devrait-quitter-lol-des-le-mois-de-janvier\/\"},\"wordCount\":219,\"commentCount\":0,\"publisher\":{\"@id\":\"https:\/\/dicodusport.fr\/blog\/#organization\"},\"image\":{\"@id\":\"https:\/\/dicodusport.fr\/blog\/juninho-devrait-quitter-lol-des-le-mois-de-janvier\/#primaryimage\"},\"thumbnailUrl\":\"https:\/\/dicodusport.fr\/blog\/wp-content\/uploads\/2021\/12\/Juninho-devrait-quitter-lOL-de\u0300s-le-mois-de-janvier.png\",\"keywords\":[\"juninho\",\"Ligue 1\",\"Lyon\",\"OL\"],\"articleSection\":[\"Ligue 1\"],\"inLanguage\":\"fr-FR\",\"potentialAction\":[{\"@type\":\"CommentAction\",\"name\":\"Comment\",\"target\":[\"https:\/\/dicodusport.fr\/blog\/juninho-devrait-quitter-lol-des-le-mois-de-janvier\/#respond\"]}],\"copyrightYear\":\"2021\",\"copyrightHolder\":{\"@id\":\"https:\/\/dicodusport.fr\/blog\/#organization\"}},{\"@type\":\"WebPage\",\"@id\":\"https:\/\/dicodusport.fr\/blog\/juninho-devrait-quitter-lol-des-le-mois-de-janvier\/\",\"url\":\"https:\/\/dicodusport.fr\/blog\/juninho-devrait-quitter-lol-des-le-mois-de-janvier\/\",\"name\":\"Juninho devrait quitter l'OL d\u00e8s le mois de janvier\",\"isPartOf\":{\"@id\":\"https:\/\/dicodusport.fr\/blog\/#website\"},\"primaryImageOfPage\":{\"@id\":\"https:\/\/dicodusport.fr\/blog\/juninho-devrait-quitter-lol-des-le-mois-de-janvier\/#primaryimage\"},\"image\":{\"@id\":\"https:\/\/dicodusport.fr\/blog\/juninho-devrait-quitter-lol-des-le-mois-de-janvier\/#primaryimage\"},\"thumbnailUrl\":\"https:\/\/dicodusport.fr\/blog\/wp-content\/uploads\/2021\/12\/Juninho-devrait-quitter-lOL-de\u0300s-le-mois-de-janvier.png\",\"datePublished\":\"2021-12-08T07:31:18+00:00\",\"description\":\"FOOTBALL - En fin de contrat en juin prochain, Juninho devrait quitter son poste de directeur sportif de l'Olympique Lyonnais en janvier.\",\"breadcrumb\":{\"@id\":\"https:\/\/dicodusport.fr\/blog\/juninho-devrait-quitter-lol-des-le-mois-de-janvier\/#breadcrumb\"},\"inLanguage\":\"fr-FR\",\"potentialAction\":[{\"@type\":\"ReadAction\",\"target\":[\"https:\/\/dicodusport.fr\/blog\/juninho-devrait-quitter-lol-des-le-mois-de-janvier\/\"]}]},{\"@type\":\"ImageObject\",\"inLanguage\":\"fr-FR\",\"@id\":\"https:\/\/dicodusport.fr\/blog\/juninho-devrait-quitter-lol-des-le-mois-de-janvier\/#primaryimage\",\"url\":\"https:\/\/dicodusport.fr\/blog\/wp-content\/uploads\/2021\/12\/Juninho-devrait-quitter-lOL-de\u0300s-le-mois-de-janvier.png\",\"contentUrl\":\"https:\/\/dicodusport.fr\/blog\/wp-content\/uploads\/2021\/12\/Juninho-devrait-quitter-lOL-de\u0300s-le-mois-de-janvier.png\",\"width\":800,\"height\":445},{\"@type\":\"BreadcrumbList\",\"@id\":\"https:\/\/dicodusport.fr\/blog\/juninho-devrait-quitter-lol-des-le-mois-de-janvier\/#breadcrumb\",\"itemListElement\":[{\"@type\":\"ListItem\",\"position\":1,\"name\":\"Accueil\",\"item\":\"https:\/\/dicodusport.fr\/blog\/\"},{\"@type\":\"ListItem\",\"position\":2,\"name\":\"Juninho devrait quitter l&rsquo;OL d\u00e8s le mois de janvier\"}]},{\"@type\":\"WebSite\",\"@id\":\"https:\/\/dicodusport.fr\/blog\/#website\",\"url\":\"https:\/\/dicodusport.fr\/blog\/\",\"name\":\"Dicodusport\",\"description\":\"L&#039;encyclop\u00e9die de l&#039;actualit\u00e9 sportive\",\"publisher\":{\"@id\":\"https:\/\/dicodusport.fr\/blog\/#organization\"},\"potentialAction\":[{\"@type\":\"SearchAction\",\"target\":{\"@type\":\"EntryPoint\",\"urlTemplate\":\"https:\/\/dicodusport.fr\/blog\/?s={search_term_string}\"},\"query-input\":{\"@type\":\"PropertyValueSpecification\",\"valueRequired\":true,\"valueName\":\"search_term_string\"}}],\"inLanguage\":\"fr-FR\"},{\"@type\":\"NewsMediaOrganization\",\"@id\":\"https:\/\/dicodusport.fr\/blog\/#organization\",\"name\":\"Dicodusport\",\"url\":\"https:\/\/dicodusport.fr\/blog\/\",\"logo\":{\"@type\":\"ImageObject\",\"inLanguage\":\"fr-FR\",\"@id\":\"https:\/\/dicodusport.fr\/blog\/#\/schema\/logo\/image\/\",\"url\":\"https:\/\/dicodusport.fr\/blog\/wp-content\/uploads\/2020\/06\/cropped-LOGO-DICODUSPORT-2020-SANS-FOND-SANS-TEXTE.png\",\"contentUrl\":\"https:\/\/dicodusport.fr\/blog\/wp-content\/uploads\/2020\/06\/cropped-LOGO-DICODUSPORT-2020-SANS-FOND-SANS-TEXTE.png\",\"width\":512,\"height\":512,\"caption\":\"Dicodusport\"},\"image\":{\"@id\":\"https:\/\/dicodusport.fr\/blog\/#\/schema\/logo\/image\/\"},\"sameAs\":[\"https:\/\/www.facebook.com\/dicodusport\",\"https:\/\/x.com\/dicodusport\",\"https:\/\/www.instagram.com\/dicodusport\/\",\"https:\/\/www.youtube.com\/channel\/UC7V2KZ5sd3htJivAbA4ZG3w\"],\"description\":\"Dicodusport est l'encyclop\u00e9die de l'actualit\u00e9 sportive.\",\"email\":\"bonjour@dicodusport.fr\",\"legalName\":\"DICODUSPORT\",\"foundingDate\":\"2018-01-14\",\"vatID\":\"FR71834470973\",\"taxID\":\"83447097300043\",\"numberOfEmployees\":{\"@type\":\"QuantitativeValue\",\"minValue\":\"1\",\"maxValue\":\"10\"}},{\"@type\":\"Person\",\"@id\":\"https:\/\/dicodusport.fr\/blog\/#\/schema\/person\/55dcb50ad410894e431ed812bbb70191\",\"name\":\"Nicolas Jacquemard\",\"image\":{\"@type\":\"ImageObject\",\"inLanguage\":\"fr-FR\",\"@id\":\"https:\/\/dicodusport.fr\/blog\/#\/schema\/person\/image\/\",\"url\":\"https:\/\/dicodusport.fr\/blog\/wp-content\/uploads\/2021\/05\/Nicolas-Jacquemard-150x150.jpeg\",\"contentUrl\":\"https:\/\/dicodusport.fr\/blog\/wp-content\/uploads\/2021\/05\/Nicolas-Jacquemard-150x150.jpeg\",\"caption\":\"Nicolas Jacquemard\"},\"description\":\"Passionn\u00e9 de sport et entrepreneur depuis mes 18 ans, la cr\u00e9ation de Dicodusport m'a sembl\u00e9 \u00e9vidente pour participer \u00e0 la m\u00e9diatisation d'un plus grand nombre de sports. Le chemin est long mais avec une \u00e9quipe des plus motiv\u00e9es et les Jeux Olympiques de Paris 2024 en point de mire, nous y arriverons ! Journaliste dans le monde du sport depuis plus de 5 ans, je traite aussi bien de football, de rugby, de biathlon que de cyclisme.\",\"sameAs\":[\"https:\/\/www.facebook.com\/dicodusport\",\"https:\/\/x.com\/https:\/\/twitter.com\/Nico_Jacquemard\"],\"url\":\"https:\/\/dicodusport.fr\/blog\/author\/dicodusport\/\"}]}<\/script>\n<!-- \/ Yoast SEO Premium plugin. -->","yoast_head_json":{"title":"Juninho devrait quitter l'OL d\u00e8s le mois de janvier","description":"FOOTBALL - En fin de contrat en juin prochain, Juninho devrait quitter son poste de directeur sportif de l'Olympique Lyonnais en janvier.","robots":{"index":"index","follow":"follow","max-snippet":"max-snippet:-1","max-image-preview":"max-image-preview:large","max-video-preview":"max-video-preview:-1"},"canonical":"https:\/\/dicodusport.fr\/blog\/juninho-devrait-quitter-lol-des-le-mois-de-janvier\/","og_locale":"fr_FR","og_type":"article","og_title":"Juninho devrait quitter l'OL d\u00e8s le mois de janvier","og_description":"FOOTBALL - En fin de contrat en juin prochain, Juninho devrait quitter son poste de directeur sportif de l'Olympique Lyonnais en janvier.","og_url":"https:\/\/dicodusport.fr\/blog\/juninho-devrait-quitter-lol-des-le-mois-de-janvier\/","og_site_name":"Dicodusport","article_publisher":"https:\/\/www.facebook.com\/dicodusport","article_author":"https:\/\/www.facebook.com\/dicodusport","article_published_time":"2021-12-08T07:31:18+00:00","og_image":[{"width":800,"height":445,"url":"https:\/\/dicodusport.fr\/blog\/wp-content\/uploads\/2021\/12\/Juninho-devrait-quitter-lOL-de\u0300s-le-mois-de-janvier.png","type":"image\/png"}],"author":"Nicolas Jacquemard","twitter_card":"summary_large_image","twitter_title":"Juninho devrait quitter l'OL d\u00e8s le mois de janvier","twitter_creator":"@https:\/\/twitter.com\/Nico_Jacquemard","twitter_site":"@dicodusport","schema":{"@context":"https:\/\/schema.org","@graph":[{"@type":"NewsArticle","@id":"https:\/\/dicodusport.fr\/blog\/juninho-devrait-quitter-lol-des-le-mois-de-janvier\/#article","isPartOf":{"@id":"https:\/\/dicodusport.fr\/blog\/juninho-devrait-quitter-lol-des-le-mois-de-janvier\/"},"author":{"name":"Nicolas Jacquemard","@id":"https:\/\/dicodusport.fr\/blog\/#\/schema\/person\/55dcb50ad410894e431ed812bbb70191"},"headline":"Juninho devrait quitter l&rsquo;OL d\u00e8s le mois de janvier","datePublished":"2021-12-08T07:31:18+00:00","mainEntityOfPage":{"@id":"https:\/\/dicodusport.fr\/blog\/juninho-devrait-quitter-lol-des-le-mois-de-janvier\/"},"wordCount":219,"commentCount":0,"publisher":{"@id":"https:\/\/dicodusport.fr\/blog\/#organization"},"image":{"@id":"https:\/\/dicodusport.fr\/blog\/juninho-devrait-quitter-lol-des-le-mois-de-janvier\/#primaryimage"},"thumbnailUrl":"https:\/\/dicodusport.fr\/blog\/wp-content\/uploads\/2021\/12\/Juninho-devrait-quitter-lOL-de\u0300s-le-mois-de-janvier.png","keywords":["juninho","Ligue 1","Lyon","OL"],"articleSection":["Ligue 1"],"inLanguage":"fr-FR","potentialAction":[{"@type":"CommentAction","name":"Comment","target":["https:\/\/dicodusport.fr\/blog\/juninho-devrait-quitter-lol-des-le-mois-de-janvier\/#respond"]}],"copyrightYear":"2021","copyrightHolder":{"@id":"https:\/\/dicodusport.fr\/blog\/#organization"}},{"@type":"WebPage","@id":"https:\/\/dicodusport.fr\/blog\/juninho-devrait-quitter-lol-des-le-mois-de-janvier\/","url":"https:\/\/dicodusport.fr\/blog\/juninho-devrait-quitter-lol-des-le-mois-de-janvier\/","name":"Juninho devrait quitter l'OL d\u00e8s le mois de janvier","isPartOf":{"@id":"https:\/\/dicodusport.fr\/blog\/#website"},"primaryImageOfPage":{"@id":"https:\/\/dicodusport.fr\/blog\/juninho-devrait-quitter-lol-des-le-mois-de-janvier\/#primaryimage"},"image":{"@id":"https:\/\/dicodusport.fr\/blog\/juninho-devrait-quitter-lol-des-le-mois-de-janvier\/#primaryimage"},"thumbnailUrl":"https:\/\/dicodusport.fr\/blog\/wp-content\/uploads\/2021\/12\/Juninho-devrait-quitter-lOL-de\u0300s-le-mois-de-janvier.png","datePublished":"2021-12-08T07:31:18+00:00","description":"FOOTBALL - En fin de contrat en juin prochain, Juninho devrait quitter son poste de directeur sportif de l'Olympique Lyonnais en janvier.","breadcrumb":{"@id":"https:\/\/dicodusport.fr\/blog\/juninho-devrait-quitter-lol-des-le-mois-de-janvier\/#breadcrumb"},"inLanguage":"fr-FR","potentialAction":[{"@type":"ReadAction","target":["https:\/\/dicodusport.fr\/blog\/juninho-devrait-quitter-lol-des-le-mois-de-janvier\/"]}]},{"@type":"ImageObject","inLanguage":"fr-FR","@id":"https:\/\/dicodusport.fr\/blog\/juninho-devrait-quitter-lol-des-le-mois-de-janvier\/#primaryimage","url":"https:\/\/dicodusport.fr\/blog\/wp-content\/uploads\/2021\/12\/Juninho-devrait-quitter-lOL-de\u0300s-le-mois-de-janvier.png","contentUrl":"https:\/\/dicodusport.fr\/blog\/wp-content\/uploads\/2021\/12\/Juninho-devrait-quitter-lOL-de\u0300s-le-mois-de-janvier.png","width":800,"height":445},{"@type":"BreadcrumbList","@id":"https:\/\/dicodusport.fr\/blog\/juninho-devrait-quitter-lol-des-le-mois-de-janvier\/#breadcrumb","itemListElement":[{"@type":"ListItem","position":1,"name":"Accueil","item":"https:\/\/dicodusport.fr\/blog\/"},{"@type":"ListItem","position":2,"name":"Juninho devrait quitter l&rsquo;OL d\u00e8s le mois de janvier"}]},{"@type":"WebSite","@id":"https:\/\/dicodusport.fr\/blog\/#website","url":"https:\/\/dicodusport.fr\/blog\/","name":"Dicodusport","description":"L&#039;encyclop\u00e9die de l&#039;actualit\u00e9 sportive","publisher":{"@id":"https:\/\/dicodusport.fr\/blog\/#organization"},"potentialAction":[{"@type":"SearchAction","target":{"@type":"EntryPoint","urlTemplate":"https:\/\/dicodusport.fr\/blog\/?s={search_term_string}"},"query-input":{"@type":"PropertyValueSpecification","valueRequired":true,"valueName":"search_term_string"}}],"inLanguage":"fr-FR"},{"@type":"NewsMediaOrganization","@id":"https:\/\/dicodusport.fr\/blog\/#organization","name":"Dicodusport","url":"https:\/\/dicodusport.fr\/blog\/","logo":{"@type":"ImageObject","inLanguage":"fr-FR","@id":"https:\/\/dicodusport.fr\/blog\/#\/schema\/logo\/image\/","url":"https:\/\/dicodusport.fr\/blog\/wp-content\/uploads\/2020\/06\/cropped-LOGO-DICODUSPORT-2020-SANS-FOND-SANS-TEXTE.png","contentUrl":"https:\/\/dicodusport.fr\/blog\/wp-content\/uploads\/2020\/06\/cropped-LOGO-DICODUSPORT-2020-SANS-FOND-SANS-TEXTE.png","width":512,"height":512,"caption":"Dicodusport"},"image":{"@id":"https:\/\/dicodusport.fr\/blog\/#\/schema\/logo\/image\/"},"sameAs":["https:\/\/www.facebook.com\/dicodusport","https:\/\/x.com\/dicodusport","https:\/\/www.instagram.com\/dicodusport\/","https:\/\/www.youtube.com\/channel\/UC7V2KZ5sd3htJivAbA4ZG3w"],"description":"Dicodusport est l'encyclop\u00e9die de l'actualit\u00e9 sportive.","email":"bonjour@dicodusport.fr","legalName":"DICODUSPORT","foundingDate":"2018-01-14","vatID":"FR71834470973","taxID":"83447097300043","numberOfEmployees":{"@type":"QuantitativeValue","minValue":"1","maxValue":"10"}},{"@type":"Person","@id":"https:\/\/dicodusport.fr\/blog\/#\/schema\/person\/55dcb50ad410894e431ed812bbb70191","name":"Nicolas Jacquemard","image":{"@type":"ImageObject","inLanguage":"fr-FR","@id":"https:\/\/dicodusport.fr\/blog\/#\/schema\/person\/image\/","url":"https:\/\/dicodusport.fr\/blog\/wp-content\/uploads\/2021\/05\/Nicolas-Jacquemard-150x150.jpeg","contentUrl":"https:\/\/dicodusport.fr\/blog\/wp-content\/uploads\/2021\/05\/Nicolas-Jacquemard-150x150.jpeg","caption":"Nicolas Jacquemard"},"description":"Passionn\u00e9 de sport et entrepreneur depuis mes 18 ans, la cr\u00e9ation de Dicodusport m'a sembl\u00e9 \u00e9vidente pour participer \u00e0 la m\u00e9diatisation d'un plus grand nombre de sports. Le chemin est long mais avec une \u00e9quipe des plus motiv\u00e9es et les Jeux Olympiques de Paris 2024 en point de mire, nous y arriverons ! Journaliste dans le monde du sport depuis plus de 5 ans, je traite aussi bien de football, de rugby, de biathlon que de cyclisme.","sameAs":["https:\/\/www.facebook.com\/dicodusport","https:\/\/x.com\/https:\/\/twitter.com\/Nico_Jacquemard"],"url":"https:\/\/dicodusport.fr\/blog\/author\/dicodusport\/"}]}},"_links":{"self":[{"href":"https:\/\/dicodusport.fr\/blog\/wp-json\/wp\/v2\/posts\/184188","targetHints":{"allow":["GET"]}}],"collection":[{"href":"https:\/\/dicodusport.fr\/blog\/wp-json\/wp\/v2\/posts"}],"about":[{"href":"https:\/\/dicodusport.fr\/blog\/wp-json\/wp\/v2\/types\/post"}],"author":[{"embeddable":true,"href":"https:\/\/dicodusport.fr\/blog\/wp-json\/wp\/v2\/users\/1"}],"replies":[{"embeddable":true,"href":"https:\/\/dicodusport.fr\/blog\/wp-json\/wp\/v2\/comments?post=184188"}],"version-history":[{"count":0,"href":"https:\/\/dicodusport.fr\/blog\/wp-json\/wp\/v2\/posts\/184188\/revisions"}],"wp:featuredmedia":[{"embeddable":true,"href":"https:\/\/dicodusport.fr\/blog\/wp-json\/wp\/v2\/media\/184189"}],"wp:attachment":[{"href":"https:\/\/dicodusport.fr\/blog\/wp-json\/wp\/v2\/media?parent=184188"}],"wp:term":[{"taxonomy":"category","embeddable":true,"href":"https:\/\/dicodusport.fr\/blog\/wp-json\/wp\/v2\/categories?post=184188"},{"taxonomy":"post_tag","embeddable":true,"href":"https:\/\/dicodusport.fr\/blog\/wp-json\/wp\/v2\/tags?post=184188"}],"curies":[{"name":"wp","href":"https:\/\/api.w.org\/{rel}","templated":true}]}}