{"id":184194,"date":"2021-12-16T12:16:59","date_gmt":"2021-12-16T11:16:59","guid":{"rendered":"https:\/\/dicodusport.fr\/blog\/?p=184194&#038;preview=true&#038;preview_id=184194"},"modified":"2025-11-20T18:28:19","modified_gmt":"2025-11-20T17:28:19","slug":"elisez-equipe-france-annee-2021","status":"publish","type":"post","link":"https:\/\/dicodusport.fr\/blog\/elisez-equipe-france-annee-2021\/","title":{"rendered":"\u00c9lisez l&rsquo;\u00c9quipe fran\u00e7aise de l&rsquo;ann\u00e9e 2021"},"content":{"rendered":"<p style=\"text-align: justify;\"><strong><em>MULTISPORTS &#8211; En 2018, les Dragons Catalans (Rugby \u00e0 XIII) remportaient le titre de l&rsquo;\u00c9quipe fran\u00e7aise de l&rsquo;ann\u00e9e. Apr\u00e8s deux ann\u00e9es o\u00f9 nous avions fait le choix de ne plus organiser ce concours, la r\u00e9compense de l&rsquo;\u00c9quipe fran\u00e7aise de l&rsquo;ann\u00e9e est donc de retour en 2021. Sports collectifs, duos, \u00e9quipes mixtes, handisport : nous avons s\u00e9lectionn\u00e9 12 \u00e9quipes pour cette r\u00e9compense. \u00c0 vous de trancher !<\/em><\/strong><\/p>\n<hr \/>\n<h2 style=\"text-align: justify;\">Les nomm\u00e9es pour 2021<\/h2>\n<h3 style=\"text-align: justify;\">Matthieu\u00a0Androdias\u00a0et Hugo\u00a0Boucheron &#8211; Aviron<\/h3>\n<p style=\"text-align: justify;\">Champions olympique \u00e0 Tokyo et champions d&rsquo;Europe pour la deuxi\u00e8me fois en deux de couple.<\/p>\n<h3 style=\"text-align: justify;\">\u00c9quipe de France masculine de basketball<\/h3>\n<p style=\"text-align: justify;\">M\u00e9daill\u00e9e d&rsquo;argent aux Jeux Olympiques pour la troisi\u00e8me fois de son histoire avec en prime, une victoire face aux USA en phase de poules.<\/p>\n<h3 style=\"text-align: justify;\">\u00c9quipe de France f\u00e9minine de handball<\/h3>\n<p style=\"text-align: justify;\">Championne olympique \u00e0 Tokyo pour la premi\u00e8re fois de son histoire, deuxi\u00e8me m\u00e9daille aux JO.<\/p>\n<h3 style=\"text-align: justify;\">\u00c9quipe de France masculine de handball<\/h3>\n<p style=\"text-align: justify;\">Championne olympique \u00e0 Tokyo pour la troisi\u00e8me fois de son histoire, cinqui\u00e8me m\u00e9daille aux JO.<\/p>\n<h3 style=\"text-align: justify;\">\u00c9quipe de France mixte de judo<\/h3>\n<p style=\"text-align: justify;\">Championne olympique \u00e0 Tokyo en battant le Japon en finale (Clarisse Agbegnenou, Axel Clerget, Romane Dicko, Teddy Riner, Sarah-L\u00e9onie Cysique, Guillaume Chaine, Margaux Pinot,\u00a0 Amandine Buchard, Alexandre Iddir, Kilian Le Blouch et Madeleine Malonga).<\/p>\n<h3 style=\"text-align: justify;\">\u00c9quipe de France f\u00e9minine de roller hockey<\/h3>\n<p style=\"text-align: justify;\">Championne du monde pour la premi\u00e8re fois de son histoire.<\/p>\n<h3 style=\"text-align: justify;\">\u00c9quipe de France masculine de volley<\/h3>\n<p style=\"text-align: justify;\">Championne olympique pour la premi\u00e8re fois de son histoire, premi\u00e8re m\u00e9daille aux JO.<\/p>\n<h3 style=\"text-align: justify;\">Pierre-Hugues Herbert et Nicolas Mahut\u00a0 &#8211; Tennis (Double messieurs)<\/h3>\n<p style=\"text-align: justify;\">Vainqueurs d&rsquo;un deuxi\u00e8me Roland-Garros et d&rsquo;un deuxi\u00e8me Masters ATP.<\/p>\n<h3 style=\"text-align: justify;\">St\u00e9phane Houdet et Nicolas Peifer\u00a0 &#8211; Para tennis (Double messieurs)<\/h3>\n<p style=\"text-align: justify;\">Champions paralympiques \u00e0 Tokyo pour la deuxi\u00e8me fois cons\u00e9cutive.<\/p>\n<h3 style=\"text-align: justify;\">Alexandre\u00a0Lloveras\u00a0et Corentin\u00a0Ermenault &#8211; Para cyclisme<\/h3>\n<p style=\"text-align: justify;\">Champions paralympiques \u00e0 Tokyo sur le contre-la-montre et m\u00e9daill\u00e9s de bronze sur la course en ligne dans la cat\u00e9gorie B.<\/p>\n<h3 style=\"text-align: justify;\">S\u00e9bastien Ogier et Julien Ingrassia\u00a0 &#8211; Rallye WRC<\/h3>\n<p style=\"text-align: justify;\">Champions du monde WRC pour la 8\u00e8me fois.<\/p>\n<h3 style=\"text-align: justify;\">Stade Toulousain &#8211; Rugby \u00e0 XV<\/h3>\n<p style=\"text-align: justify;\">Champion de France de premi\u00e8re division pour la 21\u00e8me fois et pour la deuxi\u00e8me saison cons\u00e9cutive (hors Covid-19) et champion d&rsquo;Europe pour la 5\u00e8me fois, devenant le club le plus titr\u00e9 d&rsquo;Europe.<\/p>\n<hr \/>\n<h2 style=\"text-align: justify;\">\u00c0 vous de choisir !<\/h2>\n<p style=\"text-align: justify;\"><span style=\"color: #ff0000;\"><strong><em>Les votes sont termin\u00e9s.<\/em><\/strong><\/span><\/p>\n<p style=\"text-align: justify;\"><a href=\"https:\/\/dicodusport.fr\/blog\/tag\/equipe-francaise-de-lannee-2021\/\" class=\"su-button su-button-style-default\" style=\"color:#ffffff;background-color:#0057ae;border-color:#00468c;border-radius:5px\" target=\"_blank\" rel=\"noopener noreferrer\"><span style=\"color:#ffffff;padding:0px 24px;font-size:18px;line-height:36px;border-color:#4d8ac7;border-radius:5px;text-shadow:none\"> <strong>Voir les r\u00e9sultats<\/strong><\/span><\/a>\n<h2 style=\"text-align: justify;\"><strong>\u00c0 voir aussi<\/strong><\/h2>\n<ul>\n<li style=\"text-align: justify;\"><a href=\"https:\/\/dicodusport.fr\/blog\/elisez-le-champion-des-champions-francais-2021\/\"><strong>\u00c9lisez le Champion des Champions fran\u00e7ais 2021<\/strong><\/a><\/li>\n<li style=\"text-align: justify;\"><a href=\"https:\/\/dicodusport.fr\/blog\/elisez-championne-des-championnes-francaises-2021\/\"><strong>\u00c9lisez la Championne des Championnes fran\u00e7aises 2021<\/strong><\/a><\/li>\n<\/ul>\n","protected":false},"excerpt":{"rendered":"<p>MULTISPORTS &#8211; En 2018, les Dragons Catalans (Rugby \u00e0 XIII) remportaient le titre de l&rsquo;\u00c9quipe fran\u00e7aise de l&rsquo;ann\u00e9e. Apr\u00e8s deux ann\u00e9es o\u00f9 nous avions fait le choix de ne plus organiser, la r\u00e9compense de l&rsquo;\u00c9quipe fran\u00e7aise de l&rsquo;ann\u00e9e est donc de retour. Sports collectifs, duos, \u00e9quipes mixtes, handisport : nous avons s\u00e9lectionn\u00e9 12 \u00e9quipes pour cette r\u00e9compense. \u00c0 vous de trancher !<\/p>\n","protected":false},"author":4,"featured_media":184243,"comment_status":"open","ping_status":"closed","sticky":false,"template":"","format":"standard","meta":{"_acf_changed":false,"_daextam_enable_autolinks":"","footnotes":""},"categories":[2316],"tags":[12789,20621],"class_list":["post-184194","post","type-post","status-publish","format-standard","has-post-thumbnail","hentry","category-tous-les-sports","tag-recompense","tag-recompenses-tricolores"],"acf":[],"yoast_head":"<!-- This site is optimized with the Yoast SEO Premium plugin v26.7 (Yoast SEO v26.7) - https:\/\/yoast.com\/wordpress\/plugins\/seo\/ -->\n<title>\u00c9lisez l&#039;\u00c9quipe fran\u00e7aise de l&#039;ann\u00e9e 2021<\/title>\n<meta name=\"description\" content=\"Nous avons s\u00e9lectionn\u00e9 12 \u00e9quipes fran\u00e7aises qui ont flamb\u00e9 en 2021. Qui sera \u00e9lue l&#039;\u00c9quipe fran\u00e7aise de l&#039;ann\u00e9e 2021 ?\" \/>\n<meta name=\"robots\" content=\"index, follow, max-snippet:-1, max-image-preview:large, max-video-preview:-1\" \/>\n<link rel=\"canonical\" href=\"https:\/\/dicodusport.fr\/blog\/elisez-equipe-france-annee-2021\/\" \/>\n<meta property=\"og:locale\" content=\"fr_FR\" \/>\n<meta property=\"og:type\" content=\"article\" \/>\n<meta property=\"og:title\" content=\"\u00c9lisez l&#039;\u00c9quipe fran\u00e7aise de l&#039;ann\u00e9e 2021\" \/>\n<meta property=\"og:description\" content=\"Nous avons s\u00e9lectionn\u00e9 12 \u00e9quipes fran\u00e7aises qui ont flamb\u00e9 en 2021. Qui sera \u00e9lue l&#039;\u00c9quipe fran\u00e7aise de l&#039;ann\u00e9e 2021 ?\" \/>\n<meta property=\"og:url\" content=\"https:\/\/dicodusport.fr\/blog\/elisez-equipe-france-annee-2021\/\" \/>\n<meta property=\"og:site_name\" content=\"Dicodusport\" \/>\n<meta property=\"article:publisher\" content=\"https:\/\/www.facebook.com\/dicodusport\" \/>\n<meta property=\"article:author\" content=\"https:\/\/www.facebook.com\/florent.ostermann\" \/>\n<meta property=\"article:published_time\" content=\"2021-12-16T11:16:59+00:00\" \/>\n<meta property=\"article:modified_time\" content=\"2025-11-20T17:28:19+00:00\" \/>\n<meta property=\"og:image\" content=\"https:\/\/dicodusport.fr\/blog\/wp-content\/uploads\/2021\/12\/Elisez-lEquipe-francaise-de-lannee-2021.png\" \/>\n\t<meta property=\"og:image:width\" content=\"800\" \/>\n\t<meta property=\"og:image:height\" content=\"445\" \/>\n\t<meta property=\"og:image:type\" content=\"image\/png\" \/>\n<meta name=\"author\" content=\"Flo Ostermann\" \/>\n<meta name=\"twitter:card\" content=\"summary_large_image\" \/>\n<meta name=\"twitter:title\" content=\"\u00c9lisez l&#039;\u00c9quipe fran\u00e7aise de l&#039;ann\u00e9e 2021\" \/>\n<meta name=\"twitter:image\" content=\"https:\/\/dicodusport.fr\/blog\/wp-content\/uploads\/2021\/12\/Elisez-lEquipe-francaise-de-lannee-2021.png\" \/>\n<meta name=\"twitter:creator\" content=\"@https:\/\/twitter.com\/FlOstermann\" \/>\n<meta name=\"twitter:site\" content=\"@dicodusport\" \/>\n<script type=\"application\/ld+json\" class=\"yoast-schema-graph\">{\"@context\":\"https:\/\/schema.org\",\"@graph\":[{\"@type\":\"NewsArticle\",\"@id\":\"https:\/\/dicodusport.fr\/blog\/elisez-equipe-france-annee-2021\/#article\",\"isPartOf\":{\"@id\":\"https:\/\/dicodusport.fr\/blog\/elisez-equipe-france-annee-2021\/\"},\"author\":{\"name\":\"Flo Ostermann\",\"@id\":\"https:\/\/dicodusport.fr\/blog\/#\/schema\/person\/cb02af4c173ce4a653b55e9baf388d4a\"},\"headline\":\"\u00c9lisez l&rsquo;\u00c9quipe fran\u00e7aise de l&rsquo;ann\u00e9e 2021\",\"datePublished\":\"2021-12-16T11:16:59+00:00\",\"dateModified\":\"2025-11-20T17:28:19+00:00\",\"mainEntityOfPage\":{\"@id\":\"https:\/\/dicodusport.fr\/blog\/elisez-equipe-france-annee-2021\/\"},\"wordCount\":453,\"commentCount\":0,\"publisher\":{\"@id\":\"https:\/\/dicodusport.fr\/blog\/#organization\"},\"image\":{\"@id\":\"https:\/\/dicodusport.fr\/blog\/elisez-equipe-france-annee-2021\/#primaryimage\"},\"thumbnailUrl\":\"https:\/\/dicodusport.fr\/blog\/wp-content\/uploads\/2021\/12\/Elisez-lEquipe-francaise-de-lannee-2021.png\",\"keywords\":[\"R\u00e9compense\",\"R\u00e9compenses tricolores\"],\"articleSection\":[\"Sports\"],\"inLanguage\":\"fr-FR\",\"potentialAction\":[{\"@type\":\"CommentAction\",\"name\":\"Comment\",\"target\":[\"https:\/\/dicodusport.fr\/blog\/elisez-equipe-france-annee-2021\/#respond\"]}],\"copyrightYear\":\"2021\",\"copyrightHolder\":{\"@id\":\"https:\/\/dicodusport.fr\/blog\/#organization\"}},{\"@type\":\"WebPage\",\"@id\":\"https:\/\/dicodusport.fr\/blog\/elisez-equipe-france-annee-2021\/\",\"url\":\"https:\/\/dicodusport.fr\/blog\/elisez-equipe-france-annee-2021\/\",\"name\":\"\u00c9lisez l'\u00c9quipe fran\u00e7aise de l'ann\u00e9e 2021\",\"isPartOf\":{\"@id\":\"https:\/\/dicodusport.fr\/blog\/#website\"},\"primaryImageOfPage\":{\"@id\":\"https:\/\/dicodusport.fr\/blog\/elisez-equipe-france-annee-2021\/#primaryimage\"},\"image\":{\"@id\":\"https:\/\/dicodusport.fr\/blog\/elisez-equipe-france-annee-2021\/#primaryimage\"},\"thumbnailUrl\":\"https:\/\/dicodusport.fr\/blog\/wp-content\/uploads\/2021\/12\/Elisez-lEquipe-francaise-de-lannee-2021.png\",\"datePublished\":\"2021-12-16T11:16:59+00:00\",\"dateModified\":\"2025-11-20T17:28:19+00:00\",\"description\":\"Nous avons s\u00e9lectionn\u00e9 12 \u00e9quipes fran\u00e7aises qui ont flamb\u00e9 en 2021. Qui sera \u00e9lue l'\u00c9quipe fran\u00e7aise de l'ann\u00e9e 2021 ?\",\"breadcrumb\":{\"@id\":\"https:\/\/dicodusport.fr\/blog\/elisez-equipe-france-annee-2021\/#breadcrumb\"},\"inLanguage\":\"fr-FR\",\"potentialAction\":[{\"@type\":\"ReadAction\",\"target\":[\"https:\/\/dicodusport.fr\/blog\/elisez-equipe-france-annee-2021\/\"]}]},{\"@type\":\"ImageObject\",\"inLanguage\":\"fr-FR\",\"@id\":\"https:\/\/dicodusport.fr\/blog\/elisez-equipe-france-annee-2021\/#primaryimage\",\"url\":\"https:\/\/dicodusport.fr\/blog\/wp-content\/uploads\/2021\/12\/Elisez-lEquipe-francaise-de-lannee-2021.png\",\"contentUrl\":\"https:\/\/dicodusport.fr\/blog\/wp-content\/uploads\/2021\/12\/Elisez-lEquipe-francaise-de-lannee-2021.png\",\"width\":800,\"height\":445,\"caption\":\"\u00c9lisez l'\u00c9quipe fran\u00e7aise de l'ann\u00e9e 2021\"},{\"@type\":\"BreadcrumbList\",\"@id\":\"https:\/\/dicodusport.fr\/blog\/elisez-equipe-france-annee-2021\/#breadcrumb\",\"itemListElement\":[{\"@type\":\"ListItem\",\"position\":1,\"name\":\"Accueil\",\"item\":\"https:\/\/dicodusport.fr\/blog\/\"},{\"@type\":\"ListItem\",\"position\":2,\"name\":\"\u00c9lisez l&rsquo;\u00c9quipe fran\u00e7aise de l&rsquo;ann\u00e9e 2021\"}]},{\"@type\":\"WebSite\",\"@id\":\"https:\/\/dicodusport.fr\/blog\/#website\",\"url\":\"https:\/\/dicodusport.fr\/blog\/\",\"name\":\"Dicodusport\",\"description\":\"L&#039;encyclop\u00e9die de l&#039;actualit\u00e9 sportive\",\"publisher\":{\"@id\":\"https:\/\/dicodusport.fr\/blog\/#organization\"},\"potentialAction\":[{\"@type\":\"SearchAction\",\"target\":{\"@type\":\"EntryPoint\",\"urlTemplate\":\"https:\/\/dicodusport.fr\/blog\/?s={search_term_string}\"},\"query-input\":{\"@type\":\"PropertyValueSpecification\",\"valueRequired\":true,\"valueName\":\"search_term_string\"}}],\"inLanguage\":\"fr-FR\"},{\"@type\":\"NewsMediaOrganization\",\"@id\":\"https:\/\/dicodusport.fr\/blog\/#organization\",\"name\":\"Dicodusport\",\"url\":\"https:\/\/dicodusport.fr\/blog\/\",\"logo\":{\"@type\":\"ImageObject\",\"inLanguage\":\"fr-FR\",\"@id\":\"https:\/\/dicodusport.fr\/blog\/#\/schema\/logo\/image\/\",\"url\":\"https:\/\/dicodusport.fr\/blog\/wp-content\/uploads\/2020\/06\/cropped-LOGO-DICODUSPORT-2020-SANS-FOND-SANS-TEXTE.png\",\"contentUrl\":\"https:\/\/dicodusport.fr\/blog\/wp-content\/uploads\/2020\/06\/cropped-LOGO-DICODUSPORT-2020-SANS-FOND-SANS-TEXTE.png\",\"width\":512,\"height\":512,\"caption\":\"Dicodusport\"},\"image\":{\"@id\":\"https:\/\/dicodusport.fr\/blog\/#\/schema\/logo\/image\/\"},\"sameAs\":[\"https:\/\/www.facebook.com\/dicodusport\",\"https:\/\/x.com\/dicodusport\",\"https:\/\/www.instagram.com\/dicodusport\/\",\"https:\/\/www.youtube.com\/channel\/UC7V2KZ5sd3htJivAbA4ZG3w\"],\"description\":\"Dicodusport est l'encyclop\u00e9die de l'actualit\u00e9 sportive.\",\"email\":\"bonjour@dicodusport.fr\",\"legalName\":\"DICODUSPORT\",\"foundingDate\":\"2018-01-14\",\"vatID\":\"FR71834470973\",\"taxID\":\"83447097300043\",\"numberOfEmployees\":{\"@type\":\"QuantitativeValue\",\"minValue\":\"1\",\"maxValue\":\"10\"}},{\"@type\":\"Person\",\"@id\":\"https:\/\/dicodusport.fr\/blog\/#\/schema\/person\/cb02af4c173ce4a653b55e9baf388d4a\",\"name\":\"Flo Ostermann\",\"image\":{\"@type\":\"ImageObject\",\"inLanguage\":\"fr-FR\",\"@id\":\"https:\/\/dicodusport.fr\/blog\/#\/schema\/person\/image\/\",\"url\":\"https:\/\/dicodusport.fr\/blog\/wp-content\/uploads\/2021\/05\/Flo-Ostermann-150x150.jpg\",\"contentUrl\":\"https:\/\/dicodusport.fr\/blog\/wp-content\/uploads\/2021\/05\/Flo-Ostermann-150x150.jpg\",\"caption\":\"Flo Ostermann\"},\"description\":\"Journaliste\/R\u00e9dacteur depuis septembre 2015 - Mes premiers souvenirs dans le sport ? Les envol\u00e9es du Stade Toulousain et les duels Villeneuve-Schumacher et H\u00e4kkinen-Schumacher \u00e0 la fin des ann\u00e9es 90, la Coupe du monde de football en 1998, l\u2019exploit du XV de France face aux All Blacks en 1999, mais aussi Richard C\u0153ur de Lion qui vole sur les montagnes du Tour de France. Bien parti pour devenir professeur d\u2019EPS, les \u00e9v\u00e9nements de la vie (et la flemme d\u2019animer des s\u00e9ances de 3x500 m\u00e8tres toute ma vie) m\u2019ont conduit \u00e0 revoir mes plans. Me voil\u00e0 depuis fin 2017 sur Dicodusport, m\u00e9dia gr\u00e2ce (et pour) lequel je partage ma passion : le sport dans tous ses \u00e9tats. Le tout accompagn\u00e9 par les fous furieux et folles furieuses cit\u00e9s sur cette page !\",\"sameAs\":[\"https:\/\/www.facebook.com\/florent.ostermann\",\"https:\/\/x.com\/https:\/\/twitter.com\/FlOstermann\",\"admin\"],\"url\":\"https:\/\/dicodusport.fr\/blog\/author\/flo\/\"}]}<\/script>\n<!-- \/ Yoast SEO Premium plugin. -->","yoast_head_json":{"title":"\u00c9lisez l'\u00c9quipe fran\u00e7aise de l'ann\u00e9e 2021","description":"Nous avons s\u00e9lectionn\u00e9 12 \u00e9quipes fran\u00e7aises qui ont flamb\u00e9 en 2021. Qui sera \u00e9lue l'\u00c9quipe fran\u00e7aise de l'ann\u00e9e 2021 ?","robots":{"index":"index","follow":"follow","max-snippet":"max-snippet:-1","max-image-preview":"max-image-preview:large","max-video-preview":"max-video-preview:-1"},"canonical":"https:\/\/dicodusport.fr\/blog\/elisez-equipe-france-annee-2021\/","og_locale":"fr_FR","og_type":"article","og_title":"\u00c9lisez l'\u00c9quipe fran\u00e7aise de l'ann\u00e9e 2021","og_description":"Nous avons s\u00e9lectionn\u00e9 12 \u00e9quipes fran\u00e7aises qui ont flamb\u00e9 en 2021. Qui sera \u00e9lue l'\u00c9quipe fran\u00e7aise de l'ann\u00e9e 2021 ?","og_url":"https:\/\/dicodusport.fr\/blog\/elisez-equipe-france-annee-2021\/","og_site_name":"Dicodusport","article_publisher":"https:\/\/www.facebook.com\/dicodusport","article_author":"https:\/\/www.facebook.com\/florent.ostermann","article_published_time":"2021-12-16T11:16:59+00:00","article_modified_time":"2025-11-20T17:28:19+00:00","og_image":[{"width":800,"height":445,"url":"https:\/\/dicodusport.fr\/blog\/wp-content\/uploads\/2021\/12\/Elisez-lEquipe-francaise-de-lannee-2021.png","type":"image\/png"}],"author":"Flo Ostermann","twitter_card":"summary_large_image","twitter_title":"\u00c9lisez l'\u00c9quipe fran\u00e7aise de l'ann\u00e9e 2021","twitter_image":"https:\/\/dicodusport.fr\/blog\/wp-content\/uploads\/2021\/12\/Elisez-lEquipe-francaise-de-lannee-2021.png","twitter_creator":"@https:\/\/twitter.com\/FlOstermann","twitter_site":"@dicodusport","schema":{"@context":"https:\/\/schema.org","@graph":[{"@type":"NewsArticle","@id":"https:\/\/dicodusport.fr\/blog\/elisez-equipe-france-annee-2021\/#article","isPartOf":{"@id":"https:\/\/dicodusport.fr\/blog\/elisez-equipe-france-annee-2021\/"},"author":{"name":"Flo Ostermann","@id":"https:\/\/dicodusport.fr\/blog\/#\/schema\/person\/cb02af4c173ce4a653b55e9baf388d4a"},"headline":"\u00c9lisez l&rsquo;\u00c9quipe fran\u00e7aise de l&rsquo;ann\u00e9e 2021","datePublished":"2021-12-16T11:16:59+00:00","dateModified":"2025-11-20T17:28:19+00:00","mainEntityOfPage":{"@id":"https:\/\/dicodusport.fr\/blog\/elisez-equipe-france-annee-2021\/"},"wordCount":453,"commentCount":0,"publisher":{"@id":"https:\/\/dicodusport.fr\/blog\/#organization"},"image":{"@id":"https:\/\/dicodusport.fr\/blog\/elisez-equipe-france-annee-2021\/#primaryimage"},"thumbnailUrl":"https:\/\/dicodusport.fr\/blog\/wp-content\/uploads\/2021\/12\/Elisez-lEquipe-francaise-de-lannee-2021.png","keywords":["R\u00e9compense","R\u00e9compenses tricolores"],"articleSection":["Sports"],"inLanguage":"fr-FR","potentialAction":[{"@type":"CommentAction","name":"Comment","target":["https:\/\/dicodusport.fr\/blog\/elisez-equipe-france-annee-2021\/#respond"]}],"copyrightYear":"2021","copyrightHolder":{"@id":"https:\/\/dicodusport.fr\/blog\/#organization"}},{"@type":"WebPage","@id":"https:\/\/dicodusport.fr\/blog\/elisez-equipe-france-annee-2021\/","url":"https:\/\/dicodusport.fr\/blog\/elisez-equipe-france-annee-2021\/","name":"\u00c9lisez l'\u00c9quipe fran\u00e7aise de l'ann\u00e9e 2021","isPartOf":{"@id":"https:\/\/dicodusport.fr\/blog\/#website"},"primaryImageOfPage":{"@id":"https:\/\/dicodusport.fr\/blog\/elisez-equipe-france-annee-2021\/#primaryimage"},"image":{"@id":"https:\/\/dicodusport.fr\/blog\/elisez-equipe-france-annee-2021\/#primaryimage"},"thumbnailUrl":"https:\/\/dicodusport.fr\/blog\/wp-content\/uploads\/2021\/12\/Elisez-lEquipe-francaise-de-lannee-2021.png","datePublished":"2021-12-16T11:16:59+00:00","dateModified":"2025-11-20T17:28:19+00:00","description":"Nous avons s\u00e9lectionn\u00e9 12 \u00e9quipes fran\u00e7aises qui ont flamb\u00e9 en 2021. Qui sera \u00e9lue l'\u00c9quipe fran\u00e7aise de l'ann\u00e9e 2021 ?","breadcrumb":{"@id":"https:\/\/dicodusport.fr\/blog\/elisez-equipe-france-annee-2021\/#breadcrumb"},"inLanguage":"fr-FR","potentialAction":[{"@type":"ReadAction","target":["https:\/\/dicodusport.fr\/blog\/elisez-equipe-france-annee-2021\/"]}]},{"@type":"ImageObject","inLanguage":"fr-FR","@id":"https:\/\/dicodusport.fr\/blog\/elisez-equipe-france-annee-2021\/#primaryimage","url":"https:\/\/dicodusport.fr\/blog\/wp-content\/uploads\/2021\/12\/Elisez-lEquipe-francaise-de-lannee-2021.png","contentUrl":"https:\/\/dicodusport.fr\/blog\/wp-content\/uploads\/2021\/12\/Elisez-lEquipe-francaise-de-lannee-2021.png","width":800,"height":445,"caption":"\u00c9lisez l'\u00c9quipe fran\u00e7aise de l'ann\u00e9e 2021"},{"@type":"BreadcrumbList","@id":"https:\/\/dicodusport.fr\/blog\/elisez-equipe-france-annee-2021\/#breadcrumb","itemListElement":[{"@type":"ListItem","position":1,"name":"Accueil","item":"https:\/\/dicodusport.fr\/blog\/"},{"@type":"ListItem","position":2,"name":"\u00c9lisez l&rsquo;\u00c9quipe fran\u00e7aise de l&rsquo;ann\u00e9e 2021"}]},{"@type":"WebSite","@id":"https:\/\/dicodusport.fr\/blog\/#website","url":"https:\/\/dicodusport.fr\/blog\/","name":"Dicodusport","description":"L&#039;encyclop\u00e9die de l&#039;actualit\u00e9 sportive","publisher":{"@id":"https:\/\/dicodusport.fr\/blog\/#organization"},"potentialAction":[{"@type":"SearchAction","target":{"@type":"EntryPoint","urlTemplate":"https:\/\/dicodusport.fr\/blog\/?s={search_term_string}"},"query-input":{"@type":"PropertyValueSpecification","valueRequired":true,"valueName":"search_term_string"}}],"inLanguage":"fr-FR"},{"@type":"NewsMediaOrganization","@id":"https:\/\/dicodusport.fr\/blog\/#organization","name":"Dicodusport","url":"https:\/\/dicodusport.fr\/blog\/","logo":{"@type":"ImageObject","inLanguage":"fr-FR","@id":"https:\/\/dicodusport.fr\/blog\/#\/schema\/logo\/image\/","url":"https:\/\/dicodusport.fr\/blog\/wp-content\/uploads\/2020\/06\/cropped-LOGO-DICODUSPORT-2020-SANS-FOND-SANS-TEXTE.png","contentUrl":"https:\/\/dicodusport.fr\/blog\/wp-content\/uploads\/2020\/06\/cropped-LOGO-DICODUSPORT-2020-SANS-FOND-SANS-TEXTE.png","width":512,"height":512,"caption":"Dicodusport"},"image":{"@id":"https:\/\/dicodusport.fr\/blog\/#\/schema\/logo\/image\/"},"sameAs":["https:\/\/www.facebook.com\/dicodusport","https:\/\/x.com\/dicodusport","https:\/\/www.instagram.com\/dicodusport\/","https:\/\/www.youtube.com\/channel\/UC7V2KZ5sd3htJivAbA4ZG3w"],"description":"Dicodusport est l'encyclop\u00e9die de l'actualit\u00e9 sportive.","email":"bonjour@dicodusport.fr","legalName":"DICODUSPORT","foundingDate":"2018-01-14","vatID":"FR71834470973","taxID":"83447097300043","numberOfEmployees":{"@type":"QuantitativeValue","minValue":"1","maxValue":"10"}},{"@type":"Person","@id":"https:\/\/dicodusport.fr\/blog\/#\/schema\/person\/cb02af4c173ce4a653b55e9baf388d4a","name":"Flo Ostermann","image":{"@type":"ImageObject","inLanguage":"fr-FR","@id":"https:\/\/dicodusport.fr\/blog\/#\/schema\/person\/image\/","url":"https:\/\/dicodusport.fr\/blog\/wp-content\/uploads\/2021\/05\/Flo-Ostermann-150x150.jpg","contentUrl":"https:\/\/dicodusport.fr\/blog\/wp-content\/uploads\/2021\/05\/Flo-Ostermann-150x150.jpg","caption":"Flo Ostermann"},"description":"Journaliste\/R\u00e9dacteur depuis septembre 2015 - Mes premiers souvenirs dans le sport ? Les envol\u00e9es du Stade Toulousain et les duels Villeneuve-Schumacher et H\u00e4kkinen-Schumacher \u00e0 la fin des ann\u00e9es 90, la Coupe du monde de football en 1998, l\u2019exploit du XV de France face aux All Blacks en 1999, mais aussi Richard C\u0153ur de Lion qui vole sur les montagnes du Tour de France. Bien parti pour devenir professeur d\u2019EPS, les \u00e9v\u00e9nements de la vie (et la flemme d\u2019animer des s\u00e9ances de 3x500 m\u00e8tres toute ma vie) m\u2019ont conduit \u00e0 revoir mes plans. Me voil\u00e0 depuis fin 2017 sur Dicodusport, m\u00e9dia gr\u00e2ce (et pour) lequel je partage ma passion : le sport dans tous ses \u00e9tats. Le tout accompagn\u00e9 par les fous furieux et folles furieuses cit\u00e9s sur cette page !","sameAs":["https:\/\/www.facebook.com\/florent.ostermann","https:\/\/x.com\/https:\/\/twitter.com\/FlOstermann","admin"],"url":"https:\/\/dicodusport.fr\/blog\/author\/flo\/"}]}},"_links":{"self":[{"href":"https:\/\/dicodusport.fr\/blog\/wp-json\/wp\/v2\/posts\/184194","targetHints":{"allow":["GET"]}}],"collection":[{"href":"https:\/\/dicodusport.fr\/blog\/wp-json\/wp\/v2\/posts"}],"about":[{"href":"https:\/\/dicodusport.fr\/blog\/wp-json\/wp\/v2\/types\/post"}],"author":[{"embeddable":true,"href":"https:\/\/dicodusport.fr\/blog\/wp-json\/wp\/v2\/users\/4"}],"replies":[{"embeddable":true,"href":"https:\/\/dicodusport.fr\/blog\/wp-json\/wp\/v2\/comments?post=184194"}],"version-history":[{"count":1,"href":"https:\/\/dicodusport.fr\/blog\/wp-json\/wp\/v2\/posts\/184194\/revisions"}],"predecessor-version":[{"id":626885,"href":"https:\/\/dicodusport.fr\/blog\/wp-json\/wp\/v2\/posts\/184194\/revisions\/626885"}],"wp:featuredmedia":[{"embeddable":true,"href":"https:\/\/dicodusport.fr\/blog\/wp-json\/wp\/v2\/media\/184243"}],"wp:attachment":[{"href":"https:\/\/dicodusport.fr\/blog\/wp-json\/wp\/v2\/media?parent=184194"}],"wp:term":[{"taxonomy":"category","embeddable":true,"href":"https:\/\/dicodusport.fr\/blog\/wp-json\/wp\/v2\/categories?post=184194"},{"taxonomy":"post_tag","embeddable":true,"href":"https:\/\/dicodusport.fr\/blog\/wp-json\/wp\/v2\/tags?post=184194"}],"curies":[{"name":"wp","href":"https:\/\/api.w.org\/{rel}","templated":true}]}}