{"id":18430,"date":"2018-05-16T16:30:57","date_gmt":"2018-05-16T14:30:57","guid":{"rendered":"http:\/\/dicodusport.fr\/blog\/?p=18430"},"modified":"2020-05-15T19:04:47","modified_gmt":"2020-05-15T17:04:47","slug":"julien-absalon-ce-geant-tout-terrain","status":"publish","type":"post","link":"https:\/\/dicodusport.fr\/blog\/julien-absalon-ce-geant-tout-terrain\/","title":{"rendered":"Julien Absalon, ce g\u00e9ant tout terrain"},"content":{"rendered":"<p style=\"text-align: justify;\"><em><strong>C&rsquo;est L&rsquo;Equipe qui a r\u00e9v\u00e9l\u00e9 l&rsquo;information il y a quelques jours :\u00a0Julien Absalon, l\u00e9gende du VTT fran\u00e7ais, prend sa retraite avec effet imm\u00e9diat. Retour sur la carri\u00e8re hors norme d&rsquo;un champion d&rsquo;exception.<\/strong><\/em><\/p>\n<p style=\"text-align: justify;\"><strong>1995<\/strong> : Apr\u00e8s seulement quelques mois de pratique, il termine quatri\u00e8me du Championnat de France cadets.<br \/>\n<strong>1996<\/strong> : Pour sa deuxi\u00e8me ann\u00e9e chez les cadets, il est vice-champion de France.<br \/>\n<strong>1997<\/strong> : Lors de sa premi\u00e8re ann\u00e9e chez les juniors, il remporte le Roc d&rsquo;Azur.<br \/>\n<strong>1998<\/strong> : Il r\u00e9alise un premier tripl\u00e9 historique, en juniors,\u00a0en remportant\u00a0le Championnat de France, d&rsquo;Europe et du monde.<br \/>\n<strong>1999<\/strong> : Pour sa premi\u00e8re ann\u00e9e chez les espoirs, il est vice-champion de France et d&rsquo;Europe.<br \/>\n<strong>2000<\/strong> : Malgr\u00e9 une double fracture du poignet en d\u00e9but de saison, il termine quatri\u00e8me des Championnats du monde espoirs.<br \/>\n<strong>2001<\/strong> : Il remporte sa premi\u00e8re Coupe du monde chez les \u00e9lites et r\u00e9alise le tripl\u00e9 en espoirs : Championnat de France, d&rsquo;Europe et du monde.<br \/>\n<strong>2002<\/strong> : Pour la deuxi\u00e8me ann\u00e9e de suite, il r\u00e9alise le tripl\u00e9 chez les espoirs.<br \/>\n<strong>2003<\/strong> : Pour sa premi\u00e8re ann\u00e9e en \u00e9lite, il remporte le classement g\u00e9n\u00e9ral de la Coupe du monde, le titre de champion de France et est vice-champion d&rsquo;Europe.<br \/>\n<strong>2004<\/strong> : Ann\u00e9e de la cons\u00e9cration :\u00a0il remporte le titre olympique \u00e0 Ath\u00e8nes, celui de champion du monde et conserve son titre de champion de France.<br \/>\n<strong>2005<\/strong> : Il conserve son titre de champion de France et celui de champion du monde. Il termine aussi vice-champion d&rsquo;Europe derri\u00e8re un certain\u00a0Jean-Christophe P\u00e9raud.<br \/>\n<strong>2006<\/strong> : L&rsquo;ann\u00e9e parfaite puisqu&rsquo;il remporte le titre mondial, europ\u00e9en et\u00a0national ainsi que le classement g\u00e9n\u00e9ral de la Coupe du monde.<br \/>\n<strong>2007<\/strong> : Quatri\u00e8me titre de champion du monde, cinqui\u00e8me titre national et troisi\u00e8me classement g\u00e9n\u00e9ral de la Coupe du monde. Le Fran\u00e7ais p\u00e9dale sur l&rsquo;eau.<\/p>\n<p style=\"text-align: justify;\">https:\/\/www.youtube.com\/watch?v=78GfG1ecPSk<\/p>\n<p style=\"text-align: justify;\"><strong>2008<\/strong> : S&rsquo;il ne monte pas sur le podium aux Championnats du monde et d&rsquo;Europe, le\u00a0Vosgien d\u00e9croche son deuxi\u00e8me titre olympique et sa quatri\u00e8me Coupe du monde.<br \/>\n<strong>2009<\/strong> : En remportant\u00a0quatre manches, il d\u00e9croche pour la cinqui\u00e8me fois le classement g\u00e9n\u00e9ral de la Coupe du monde.<br \/>\n<strong>2010<\/strong> : Il remporte son huiti\u00e8me titre national cons\u00e9cutif et \u00e9choue \u00e0 la deuxi\u00e8me place de la Coupe du monde.<br \/>\n<strong>2011<\/strong> : S&rsquo;il remporte un neuvi\u00e8me titre national, il se contente de la deuxi\u00e8me place aux Championnats d&rsquo;Europe et de la troisi\u00e8me aux Championnats du monde.<br \/>\n<strong>2012<\/strong> : Un dixi\u00e8me titre de champion de France n&rsquo;att\u00e9nuera pas le terrible \u00e9chec de Londres. Le\u00a0natif de Remiremont\u00a0cr\u00e8ve dans le premier tour mors des Jeux Olympiques et abandonne.<br \/>\n<strong>2013<\/strong> : Il remporte un onzi\u00e8me titre de champion de France et s&rsquo;impose aux Championnats d&rsquo;Europe.<br \/>\n<strong>2014<\/strong> : Une nouvelle ann\u00e9e parfaite pour Julien Absalon. Il remporte le championnat de France, du monde, d&rsquo;Europe et le classement g\u00e9n\u00e9ral de la Coupe du monde.<br \/>\n<strong>2015<\/strong> : Un 13\u00e8me titre national, un nouveau titre de champion d&rsquo;Europe et vice-champion du monde derri\u00e8re\u00a0Nino Schurter.<br \/>\n<strong>2016<\/strong> : S&rsquo;il \u00e9choue une nouvelle fois aux JO, il remporte encore le championnat de France, d&rsquo;Europe et la Coupe du monde.<br \/>\n<strong>2017<\/strong> : Il court peu mais termine malgr\u00e9 tout deuxi\u00e8me aux Championnats d&rsquo;Europe.<br \/>\n<strong>2018<\/strong> : A cause d&rsquo;allergies r\u00e9currentes, il met un terme \u00e0 sa carri\u00e8re en mai.<\/p>\n<p style=\"text-align: justify;\"><em><strong>Julien Absalon se retire du haut niveau avec un palmar\u00e8s gigantesque (et c&rsquo;est peu dire), l&rsquo;un des plus beaux du sport fran\u00e7ais, (si ce n&rsquo;est le plus beau). Bravo champion !\u00a0<\/strong><\/em><\/p>\n<p style=\"text-align: justify;\"><em><strong>Nicolas Jacquemard<br \/>\n<\/strong><\/em><a style=\"color: #000000;\" href=\"https:\/\/twitter.com\/Nico_Jacquemard\" target=\"_blank\" rel=\"noopener noreferrer\"><img loading=\"lazy\" decoding=\"async\" class=\"alignnone wp-image-2908\" src=\"http:\/\/dicodusport.fr\/blog\/wp-content\/uploads\/2017\/07\/logo-twitter-150x150.png\" alt=\"\" width=\"39\" height=\"39\" \/><\/a><a style=\"color: #000000;\" href=\"https:\/\/www.facebook.com\/dicodusport\/\" target=\"_blank\" rel=\"noopener noreferrer\"><img loading=\"lazy\" decoding=\"async\" class=\"alignnone wp-image-2909\" src=\"http:\/\/dicodusport.fr\/blog\/wp-content\/uploads\/2017\/07\/logo-facebook-150x150.png\" alt=\"\" width=\"40\" height=\"40\" \/><\/a><\/p>\n","protected":false},"excerpt":{"rendered":"<p>C&rsquo;est L&rsquo;Equipe qui a r\u00e9v\u00e9l\u00e9 l&rsquo;information il y a quelques jours, Julien Absalon, l\u00e9gende du VTT fran\u00e7ais, prend sa retraite avec effet imm\u00e9diat. Retour sur la carri\u00e8re hors norme d&rsquo;un champion d&rsquo;exception.<\/p>\n","protected":false},"author":1,"featured_media":18444,"comment_status":"open","ping_status":"closed","sticky":false,"template":"","format":"standard","meta":{"_acf_changed":false,"_daextam_enable_autolinks":"","footnotes":""},"categories":[2,2307,10279],"tags":[574,579,692],"class_list":["post-18430","post","type-post","status-publish","format-standard","has-post-thumbnail","hentry","category-actualites","category-cyclisme","category-vtt","tag-cyclisme","tag-velo","tag-vtt"],"acf":[],"yoast_head":"<!-- This site is optimized with the Yoast SEO Premium plugin v26.7 (Yoast SEO v26.7) - https:\/\/yoast.com\/wordpress\/plugins\/seo\/ -->\n<title>Julien Absalon, ce g\u00e9ant tout terrain<\/title>\n<meta name=\"description\" content=\"C&#039;est L&#039;Equipe qui a r\u00e9v\u00e9l\u00e9 l&#039;information il y a quelques jours, Julien Absalon, l\u00e9gende du VTT fran\u00e7ais, prend sa retraite avec effet imm\u00e9diat. Retour sur la carri\u00e8re hors norme d&#039;un champion d&#039;exception.\" \/>\n<meta name=\"robots\" content=\"index, follow, max-snippet:-1, max-image-preview:large, max-video-preview:-1\" \/>\n<link rel=\"canonical\" href=\"https:\/\/dicodusport.fr\/blog\/julien-absalon-ce-geant-tout-terrain\/\" \/>\n<meta property=\"og:locale\" content=\"fr_FR\" \/>\n<meta property=\"og:type\" content=\"article\" \/>\n<meta property=\"og:title\" content=\"Julien Absalon, ce g\u00e9ant tout terrain\" \/>\n<meta property=\"og:description\" content=\"C&#039;est L&#039;Equipe qui a r\u00e9v\u00e9l\u00e9 l&#039;information il y a quelques jours, Julien Absalon, l\u00e9gende du VTT fran\u00e7ais, prend sa retraite avec effet imm\u00e9diat. Retour sur la carri\u00e8re hors norme d&#039;un champion d&#039;exception.\" \/>\n<meta property=\"og:url\" content=\"https:\/\/dicodusport.fr\/blog\/julien-absalon-ce-geant-tout-terrain\/\" \/>\n<meta property=\"og:site_name\" content=\"Dicodusport\" \/>\n<meta property=\"article:publisher\" content=\"https:\/\/www.facebook.com\/dicodusport\" \/>\n<meta property=\"article:author\" content=\"https:\/\/www.facebook.com\/dicodusport\" \/>\n<meta property=\"article:published_time\" content=\"2018-05-16T14:30:57+00:00\" \/>\n<meta property=\"article:modified_time\" content=\"2020-05-15T17:04:47+00:00\" \/>\n<meta property=\"og:image\" content=\"https:\/\/dicodusport.fr\/blog\/wp-content\/uploads\/2018\/05\/Julien-Absalon.png\" \/>\n\t<meta property=\"og:image:width\" content=\"1200\" \/>\n\t<meta property=\"og:image:height\" content=\"670\" \/>\n\t<meta property=\"og:image:type\" content=\"image\/png\" \/>\n<meta name=\"author\" content=\"Nicolas Jacquemard\" \/>\n<meta name=\"twitter:card\" content=\"summary_large_image\" \/>\n<meta name=\"twitter:creator\" content=\"@https:\/\/twitter.com\/Nico_Jacquemard\" \/>\n<meta name=\"twitter:site\" content=\"@dicodusport\" \/>\n<script type=\"application\/ld+json\" class=\"yoast-schema-graph\">{\"@context\":\"https:\/\/schema.org\",\"@graph\":[{\"@type\":\"NewsArticle\",\"@id\":\"https:\/\/dicodusport.fr\/blog\/julien-absalon-ce-geant-tout-terrain\/#article\",\"isPartOf\":{\"@id\":\"https:\/\/dicodusport.fr\/blog\/julien-absalon-ce-geant-tout-terrain\/\"},\"author\":{\"name\":\"Nicolas Jacquemard\",\"@id\":\"https:\/\/dicodusport.fr\/blog\/#\/schema\/person\/55dcb50ad410894e431ed812bbb70191\"},\"headline\":\"Julien Absalon, ce g\u00e9ant tout terrain\",\"datePublished\":\"2018-05-16T14:30:57+00:00\",\"dateModified\":\"2020-05-15T17:04:47+00:00\",\"mainEntityOfPage\":{\"@id\":\"https:\/\/dicodusport.fr\/blog\/julien-absalon-ce-geant-tout-terrain\/\"},\"wordCount\":631,\"commentCount\":0,\"publisher\":{\"@id\":\"https:\/\/dicodusport.fr\/blog\/#organization\"},\"image\":{\"@id\":\"https:\/\/dicodusport.fr\/blog\/julien-absalon-ce-geant-tout-terrain\/#primaryimage\"},\"thumbnailUrl\":\"https:\/\/dicodusport.fr\/blog\/wp-content\/uploads\/2018\/05\/Julien-Absalon.png\",\"keywords\":[\"Cyclisme\",\"v\u00e9lo\",\"VTT\"],\"articleSection\":[\"Actualit\u00e9s\",\"Cyclisme\",\"VTT\"],\"inLanguage\":\"fr-FR\",\"potentialAction\":[{\"@type\":\"CommentAction\",\"name\":\"Comment\",\"target\":[\"https:\/\/dicodusport.fr\/blog\/julien-absalon-ce-geant-tout-terrain\/#respond\"]}],\"copyrightYear\":\"2018\",\"copyrightHolder\":{\"@id\":\"https:\/\/dicodusport.fr\/blog\/#organization\"}},{\"@type\":\"WebPage\",\"@id\":\"https:\/\/dicodusport.fr\/blog\/julien-absalon-ce-geant-tout-terrain\/\",\"url\":\"https:\/\/dicodusport.fr\/blog\/julien-absalon-ce-geant-tout-terrain\/\",\"name\":\"Julien Absalon, ce g\u00e9ant tout terrain\",\"isPartOf\":{\"@id\":\"https:\/\/dicodusport.fr\/blog\/#website\"},\"primaryImageOfPage\":{\"@id\":\"https:\/\/dicodusport.fr\/blog\/julien-absalon-ce-geant-tout-terrain\/#primaryimage\"},\"image\":{\"@id\":\"https:\/\/dicodusport.fr\/blog\/julien-absalon-ce-geant-tout-terrain\/#primaryimage\"},\"thumbnailUrl\":\"https:\/\/dicodusport.fr\/blog\/wp-content\/uploads\/2018\/05\/Julien-Absalon.png\",\"datePublished\":\"2018-05-16T14:30:57+00:00\",\"dateModified\":\"2020-05-15T17:04:47+00:00\",\"description\":\"C'est L'Equipe qui a r\u00e9v\u00e9l\u00e9 l'information il y a quelques jours, Julien Absalon, l\u00e9gende du VTT fran\u00e7ais, prend sa retraite avec effet imm\u00e9diat. Retour sur la carri\u00e8re hors norme d'un champion d'exception.\",\"breadcrumb\":{\"@id\":\"https:\/\/dicodusport.fr\/blog\/julien-absalon-ce-geant-tout-terrain\/#breadcrumb\"},\"inLanguage\":\"fr-FR\",\"potentialAction\":[{\"@type\":\"ReadAction\",\"target\":[\"https:\/\/dicodusport.fr\/blog\/julien-absalon-ce-geant-tout-terrain\/\"]}]},{\"@type\":\"ImageObject\",\"inLanguage\":\"fr-FR\",\"@id\":\"https:\/\/dicodusport.fr\/blog\/julien-absalon-ce-geant-tout-terrain\/#primaryimage\",\"url\":\"https:\/\/dicodusport.fr\/blog\/wp-content\/uploads\/2018\/05\/Julien-Absalon.png\",\"contentUrl\":\"https:\/\/dicodusport.fr\/blog\/wp-content\/uploads\/2018\/05\/Julien-Absalon.png\",\"width\":1200,\"height\":670},{\"@type\":\"BreadcrumbList\",\"@id\":\"https:\/\/dicodusport.fr\/blog\/julien-absalon-ce-geant-tout-terrain\/#breadcrumb\",\"itemListElement\":[{\"@type\":\"ListItem\",\"position\":1,\"name\":\"Accueil\",\"item\":\"https:\/\/dicodusport.fr\/blog\/\"},{\"@type\":\"ListItem\",\"position\":2,\"name\":\"Julien Absalon, ce g\u00e9ant tout terrain\"}]},{\"@type\":\"WebSite\",\"@id\":\"https:\/\/dicodusport.fr\/blog\/#website\",\"url\":\"https:\/\/dicodusport.fr\/blog\/\",\"name\":\"Dicodusport\",\"description\":\"L&#039;encyclop\u00e9die de l&#039;actualit\u00e9 sportive\",\"publisher\":{\"@id\":\"https:\/\/dicodusport.fr\/blog\/#organization\"},\"potentialAction\":[{\"@type\":\"SearchAction\",\"target\":{\"@type\":\"EntryPoint\",\"urlTemplate\":\"https:\/\/dicodusport.fr\/blog\/?s={search_term_string}\"},\"query-input\":{\"@type\":\"PropertyValueSpecification\",\"valueRequired\":true,\"valueName\":\"search_term_string\"}}],\"inLanguage\":\"fr-FR\"},{\"@type\":\"NewsMediaOrganization\",\"@id\":\"https:\/\/dicodusport.fr\/blog\/#organization\",\"name\":\"Dicodusport\",\"url\":\"https:\/\/dicodusport.fr\/blog\/\",\"logo\":{\"@type\":\"ImageObject\",\"inLanguage\":\"fr-FR\",\"@id\":\"https:\/\/dicodusport.fr\/blog\/#\/schema\/logo\/image\/\",\"url\":\"https:\/\/dicodusport.fr\/blog\/wp-content\/uploads\/2020\/06\/cropped-LOGO-DICODUSPORT-2020-SANS-FOND-SANS-TEXTE.png\",\"contentUrl\":\"https:\/\/dicodusport.fr\/blog\/wp-content\/uploads\/2020\/06\/cropped-LOGO-DICODUSPORT-2020-SANS-FOND-SANS-TEXTE.png\",\"width\":512,\"height\":512,\"caption\":\"Dicodusport\"},\"image\":{\"@id\":\"https:\/\/dicodusport.fr\/blog\/#\/schema\/logo\/image\/\"},\"sameAs\":[\"https:\/\/www.facebook.com\/dicodusport\",\"https:\/\/x.com\/dicodusport\",\"https:\/\/www.instagram.com\/dicodusport\/\",\"https:\/\/www.youtube.com\/channel\/UC7V2KZ5sd3htJivAbA4ZG3w\"],\"description\":\"Dicodusport est l'encyclop\u00e9die de l'actualit\u00e9 sportive.\",\"email\":\"bonjour@dicodusport.fr\",\"legalName\":\"DICODUSPORT\",\"foundingDate\":\"2018-01-14\",\"vatID\":\"FR71834470973\",\"taxID\":\"83447097300043\",\"numberOfEmployees\":{\"@type\":\"QuantitativeValue\",\"minValue\":\"1\",\"maxValue\":\"10\"}},{\"@type\":\"Person\",\"@id\":\"https:\/\/dicodusport.fr\/blog\/#\/schema\/person\/55dcb50ad410894e431ed812bbb70191\",\"name\":\"Nicolas Jacquemard\",\"image\":{\"@type\":\"ImageObject\",\"inLanguage\":\"fr-FR\",\"@id\":\"https:\/\/dicodusport.fr\/blog\/#\/schema\/person\/image\/\",\"url\":\"https:\/\/dicodusport.fr\/blog\/wp-content\/uploads\/2021\/05\/Nicolas-Jacquemard-150x150.jpeg\",\"contentUrl\":\"https:\/\/dicodusport.fr\/blog\/wp-content\/uploads\/2021\/05\/Nicolas-Jacquemard-150x150.jpeg\",\"caption\":\"Nicolas Jacquemard\"},\"description\":\"Passionn\u00e9 de sport et entrepreneur depuis mes 18 ans, la cr\u00e9ation de Dicodusport m'a sembl\u00e9 \u00e9vidente pour participer \u00e0 la m\u00e9diatisation d'un plus grand nombre de sports. Le chemin est long mais avec une \u00e9quipe des plus motiv\u00e9es et les Jeux Olympiques de Paris 2024 en point de mire, nous y arriverons ! Journaliste dans le monde du sport depuis plus de 5 ans, je traite aussi bien de football, de rugby, de biathlon que de cyclisme.\",\"sameAs\":[\"https:\/\/www.facebook.com\/dicodusport\",\"https:\/\/x.com\/https:\/\/twitter.com\/Nico_Jacquemard\"],\"url\":\"https:\/\/dicodusport.fr\/blog\/author\/dicodusport\/\"}]}<\/script>\n<!-- \/ Yoast SEO Premium plugin. -->","yoast_head_json":{"title":"Julien Absalon, ce g\u00e9ant tout terrain","description":"C'est L'Equipe qui a r\u00e9v\u00e9l\u00e9 l'information il y a quelques jours, Julien Absalon, l\u00e9gende du VTT fran\u00e7ais, prend sa retraite avec effet imm\u00e9diat. Retour sur la carri\u00e8re hors norme d'un champion d'exception.","robots":{"index":"index","follow":"follow","max-snippet":"max-snippet:-1","max-image-preview":"max-image-preview:large","max-video-preview":"max-video-preview:-1"},"canonical":"https:\/\/dicodusport.fr\/blog\/julien-absalon-ce-geant-tout-terrain\/","og_locale":"fr_FR","og_type":"article","og_title":"Julien Absalon, ce g\u00e9ant tout terrain","og_description":"C'est L'Equipe qui a r\u00e9v\u00e9l\u00e9 l'information il y a quelques jours, Julien Absalon, l\u00e9gende du VTT fran\u00e7ais, prend sa retraite avec effet imm\u00e9diat. Retour sur la carri\u00e8re hors norme d'un champion d'exception.","og_url":"https:\/\/dicodusport.fr\/blog\/julien-absalon-ce-geant-tout-terrain\/","og_site_name":"Dicodusport","article_publisher":"https:\/\/www.facebook.com\/dicodusport","article_author":"https:\/\/www.facebook.com\/dicodusport","article_published_time":"2018-05-16T14:30:57+00:00","article_modified_time":"2020-05-15T17:04:47+00:00","og_image":[{"width":1200,"height":670,"url":"https:\/\/dicodusport.fr\/blog\/wp-content\/uploads\/2018\/05\/Julien-Absalon.png","type":"image\/png"}],"author":"Nicolas Jacquemard","twitter_card":"summary_large_image","twitter_creator":"@https:\/\/twitter.com\/Nico_Jacquemard","twitter_site":"@dicodusport","schema":{"@context":"https:\/\/schema.org","@graph":[{"@type":"NewsArticle","@id":"https:\/\/dicodusport.fr\/blog\/julien-absalon-ce-geant-tout-terrain\/#article","isPartOf":{"@id":"https:\/\/dicodusport.fr\/blog\/julien-absalon-ce-geant-tout-terrain\/"},"author":{"name":"Nicolas Jacquemard","@id":"https:\/\/dicodusport.fr\/blog\/#\/schema\/person\/55dcb50ad410894e431ed812bbb70191"},"headline":"Julien Absalon, ce g\u00e9ant tout terrain","datePublished":"2018-05-16T14:30:57+00:00","dateModified":"2020-05-15T17:04:47+00:00","mainEntityOfPage":{"@id":"https:\/\/dicodusport.fr\/blog\/julien-absalon-ce-geant-tout-terrain\/"},"wordCount":631,"commentCount":0,"publisher":{"@id":"https:\/\/dicodusport.fr\/blog\/#organization"},"image":{"@id":"https:\/\/dicodusport.fr\/blog\/julien-absalon-ce-geant-tout-terrain\/#primaryimage"},"thumbnailUrl":"https:\/\/dicodusport.fr\/blog\/wp-content\/uploads\/2018\/05\/Julien-Absalon.png","keywords":["Cyclisme","v\u00e9lo","VTT"],"articleSection":["Actualit\u00e9s","Cyclisme","VTT"],"inLanguage":"fr-FR","potentialAction":[{"@type":"CommentAction","name":"Comment","target":["https:\/\/dicodusport.fr\/blog\/julien-absalon-ce-geant-tout-terrain\/#respond"]}],"copyrightYear":"2018","copyrightHolder":{"@id":"https:\/\/dicodusport.fr\/blog\/#organization"}},{"@type":"WebPage","@id":"https:\/\/dicodusport.fr\/blog\/julien-absalon-ce-geant-tout-terrain\/","url":"https:\/\/dicodusport.fr\/blog\/julien-absalon-ce-geant-tout-terrain\/","name":"Julien Absalon, ce g\u00e9ant tout terrain","isPartOf":{"@id":"https:\/\/dicodusport.fr\/blog\/#website"},"primaryImageOfPage":{"@id":"https:\/\/dicodusport.fr\/blog\/julien-absalon-ce-geant-tout-terrain\/#primaryimage"},"image":{"@id":"https:\/\/dicodusport.fr\/blog\/julien-absalon-ce-geant-tout-terrain\/#primaryimage"},"thumbnailUrl":"https:\/\/dicodusport.fr\/blog\/wp-content\/uploads\/2018\/05\/Julien-Absalon.png","datePublished":"2018-05-16T14:30:57+00:00","dateModified":"2020-05-15T17:04:47+00:00","description":"C'est L'Equipe qui a r\u00e9v\u00e9l\u00e9 l'information il y a quelques jours, Julien Absalon, l\u00e9gende du VTT fran\u00e7ais, prend sa retraite avec effet imm\u00e9diat. Retour sur la carri\u00e8re hors norme d'un champion d'exception.","breadcrumb":{"@id":"https:\/\/dicodusport.fr\/blog\/julien-absalon-ce-geant-tout-terrain\/#breadcrumb"},"inLanguage":"fr-FR","potentialAction":[{"@type":"ReadAction","target":["https:\/\/dicodusport.fr\/blog\/julien-absalon-ce-geant-tout-terrain\/"]}]},{"@type":"ImageObject","inLanguage":"fr-FR","@id":"https:\/\/dicodusport.fr\/blog\/julien-absalon-ce-geant-tout-terrain\/#primaryimage","url":"https:\/\/dicodusport.fr\/blog\/wp-content\/uploads\/2018\/05\/Julien-Absalon.png","contentUrl":"https:\/\/dicodusport.fr\/blog\/wp-content\/uploads\/2018\/05\/Julien-Absalon.png","width":1200,"height":670},{"@type":"BreadcrumbList","@id":"https:\/\/dicodusport.fr\/blog\/julien-absalon-ce-geant-tout-terrain\/#breadcrumb","itemListElement":[{"@type":"ListItem","position":1,"name":"Accueil","item":"https:\/\/dicodusport.fr\/blog\/"},{"@type":"ListItem","position":2,"name":"Julien Absalon, ce g\u00e9ant tout terrain"}]},{"@type":"WebSite","@id":"https:\/\/dicodusport.fr\/blog\/#website","url":"https:\/\/dicodusport.fr\/blog\/","name":"Dicodusport","description":"L&#039;encyclop\u00e9die de l&#039;actualit\u00e9 sportive","publisher":{"@id":"https:\/\/dicodusport.fr\/blog\/#organization"},"potentialAction":[{"@type":"SearchAction","target":{"@type":"EntryPoint","urlTemplate":"https:\/\/dicodusport.fr\/blog\/?s={search_term_string}"},"query-input":{"@type":"PropertyValueSpecification","valueRequired":true,"valueName":"search_term_string"}}],"inLanguage":"fr-FR"},{"@type":"NewsMediaOrganization","@id":"https:\/\/dicodusport.fr\/blog\/#organization","name":"Dicodusport","url":"https:\/\/dicodusport.fr\/blog\/","logo":{"@type":"ImageObject","inLanguage":"fr-FR","@id":"https:\/\/dicodusport.fr\/blog\/#\/schema\/logo\/image\/","url":"https:\/\/dicodusport.fr\/blog\/wp-content\/uploads\/2020\/06\/cropped-LOGO-DICODUSPORT-2020-SANS-FOND-SANS-TEXTE.png","contentUrl":"https:\/\/dicodusport.fr\/blog\/wp-content\/uploads\/2020\/06\/cropped-LOGO-DICODUSPORT-2020-SANS-FOND-SANS-TEXTE.png","width":512,"height":512,"caption":"Dicodusport"},"image":{"@id":"https:\/\/dicodusport.fr\/blog\/#\/schema\/logo\/image\/"},"sameAs":["https:\/\/www.facebook.com\/dicodusport","https:\/\/x.com\/dicodusport","https:\/\/www.instagram.com\/dicodusport\/","https:\/\/www.youtube.com\/channel\/UC7V2KZ5sd3htJivAbA4ZG3w"],"description":"Dicodusport est l'encyclop\u00e9die de l'actualit\u00e9 sportive.","email":"bonjour@dicodusport.fr","legalName":"DICODUSPORT","foundingDate":"2018-01-14","vatID":"FR71834470973","taxID":"83447097300043","numberOfEmployees":{"@type":"QuantitativeValue","minValue":"1","maxValue":"10"}},{"@type":"Person","@id":"https:\/\/dicodusport.fr\/blog\/#\/schema\/person\/55dcb50ad410894e431ed812bbb70191","name":"Nicolas Jacquemard","image":{"@type":"ImageObject","inLanguage":"fr-FR","@id":"https:\/\/dicodusport.fr\/blog\/#\/schema\/person\/image\/","url":"https:\/\/dicodusport.fr\/blog\/wp-content\/uploads\/2021\/05\/Nicolas-Jacquemard-150x150.jpeg","contentUrl":"https:\/\/dicodusport.fr\/blog\/wp-content\/uploads\/2021\/05\/Nicolas-Jacquemard-150x150.jpeg","caption":"Nicolas Jacquemard"},"description":"Passionn\u00e9 de sport et entrepreneur depuis mes 18 ans, la cr\u00e9ation de Dicodusport m'a sembl\u00e9 \u00e9vidente pour participer \u00e0 la m\u00e9diatisation d'un plus grand nombre de sports. Le chemin est long mais avec une \u00e9quipe des plus motiv\u00e9es et les Jeux Olympiques de Paris 2024 en point de mire, nous y arriverons ! Journaliste dans le monde du sport depuis plus de 5 ans, je traite aussi bien de football, de rugby, de biathlon que de cyclisme.","sameAs":["https:\/\/www.facebook.com\/dicodusport","https:\/\/x.com\/https:\/\/twitter.com\/Nico_Jacquemard"],"url":"https:\/\/dicodusport.fr\/blog\/author\/dicodusport\/"}]}},"_links":{"self":[{"href":"https:\/\/dicodusport.fr\/blog\/wp-json\/wp\/v2\/posts\/18430","targetHints":{"allow":["GET"]}}],"collection":[{"href":"https:\/\/dicodusport.fr\/blog\/wp-json\/wp\/v2\/posts"}],"about":[{"href":"https:\/\/dicodusport.fr\/blog\/wp-json\/wp\/v2\/types\/post"}],"author":[{"embeddable":true,"href":"https:\/\/dicodusport.fr\/blog\/wp-json\/wp\/v2\/users\/1"}],"replies":[{"embeddable":true,"href":"https:\/\/dicodusport.fr\/blog\/wp-json\/wp\/v2\/comments?post=18430"}],"version-history":[{"count":0,"href":"https:\/\/dicodusport.fr\/blog\/wp-json\/wp\/v2\/posts\/18430\/revisions"}],"wp:featuredmedia":[{"embeddable":true,"href":"https:\/\/dicodusport.fr\/blog\/wp-json\/wp\/v2\/media\/18444"}],"wp:attachment":[{"href":"https:\/\/dicodusport.fr\/blog\/wp-json\/wp\/v2\/media?parent=18430"}],"wp:term":[{"taxonomy":"category","embeddable":true,"href":"https:\/\/dicodusport.fr\/blog\/wp-json\/wp\/v2\/categories?post=18430"},{"taxonomy":"post_tag","embeddable":true,"href":"https:\/\/dicodusport.fr\/blog\/wp-json\/wp\/v2\/tags?post=18430"}],"curies":[{"name":"wp","href":"https:\/\/api.w.org\/{rel}","templated":true}]}}