{"id":184382,"date":"2021-12-09T09:53:25","date_gmt":"2021-12-09T08:53:25","guid":{"rendered":"https:\/\/dicodusport.fr\/blog\/?p=184382&#038;preview=true&#038;preview_id=184382"},"modified":"2021-12-09T09:53:25","modified_gmt":"2021-12-09T08:53:25","slug":"eddy-merckx-julian-alaphilippe-est-un-super-champion","status":"publish","type":"post","link":"https:\/\/dicodusport.fr\/blog\/eddy-merckx-julian-alaphilippe-est-un-super-champion\/","title":{"rendered":"Eddy Merckx : \u00ab\u00a0Julian Alaphilippe est un super champion\u00a0\u00bb"},"content":{"rendered":"<p style=\"text-align: justify;\"><em><strong>CYCLYSME &#8211; Chez nos confr\u00e8res d&rsquo;Eurosport, Eddy Merckx a \u00e9voqu\u00e9 plusieurs champions actuels du cyclisme mondial, dont Julian Alaphilippe.\u00a0<\/strong><\/em><\/p>\n<p style=\"text-align: justify;\">Le Cannibale ne tarit pas d&rsquo;\u00e9loges pour le double champion du monde fran\u00e7ais <strong>Julian Alaphilippe<\/strong>. <strong>Eddy Merckx<\/strong> a particuli\u00e8rement appr\u00e9ci\u00e9 <a href=\"https:\/\/dicodusport.fr\/blog\/flandres-2021-julian-alaphilippe-conserve-son-titre-de-champion-du-monde\/\">sa victoire lors des Mondiaux en Belgique<\/a>.<\/p>\n<blockquote>\n<p style=\"text-align: justify;\">Julian Alaphilippe est un super champion. Quand on voit comment il gagne, la mani\u00e8re dont il a port\u00e9 le maillot jaune sur le Tour de France, et puis ses deux championnats du monde&#8230; Cette ann\u00e9e en Belgique, il \u00e9tait vraiment impressionnant. Faire une d\u00e9monstration pareille devant tous les Belges, on ne peut que lui tirer notre chapeau et le f\u00e9liciter \u00e0 200%.<\/p>\n<\/blockquote>\n<p style=\"text-align: justify;\"><strong>Eddy Merckx<\/strong> a aussi \u00e9voqu\u00e9 <strong>Remco Evenepoel<\/strong>, son tr\u00e8s jeune compatriote, avec lequel il n&rsquo;a pas toujours \u00e9t\u00e9 tendre par le pass\u00e9.<\/p>\n<blockquote>\n<p style=\"text-align: justify;\">Je suis admiratif du personnage de Remco Evenepoel, c&rsquo;est vraiment un coureur d&rsquo;une grande classe et d&rsquo;une force exceptionnelle. Son probl\u00e8me, c&rsquo;est qu&rsquo;il a saut\u00e9 des cat\u00e9gories de jeunes et du coup je pense qu&rsquo;il lui manque quelque chose dans sa pr\u00e9paration pour devenir professionnel. Mais j&rsquo;esp\u00e8re qu&rsquo;il comblera ce retard lors des prochaines ann\u00e9es pour d\u00e9montrer qu&rsquo;il est un super champion.<\/p>\n<\/blockquote>\n<blockquote class=\"twitter-tweet\">\n<p dir=\"ltr\" lang=\"fr\">&#x1f399; D\u00e9cla \/ &#x1f1e7;&#x1f1ea; Eddy Merckx tacle encore &#x1f1e7;&#x1f1ea; Remco Evenepoel (DQT) : \u00ab\u00a0Il a une force exceptionnelle mais il manque quelque chose dans sa pr\u00e9paration\u00a0\u00bb<a href=\"https:\/\/t.co\/4Z1z4T8od1\">https:\/\/t.co\/4Z1z4T8od1<\/a> via <a href=\"https:\/\/twitter.com\/Eurosport_FR?ref_src=twsrc%5Etfw\">@Eurosport_FR<\/a> (&#x1f1eb;&#x1f1f7;)<\/p>\n<p>\u2014 Renaud Breban (@RenaudB31) <a href=\"https:\/\/twitter.com\/RenaudB31\/status\/1468554199491178496?ref_src=twsrc%5Etfw\">December 8, 2021<\/a><\/p><\/blockquote>\n<p style=\"text-align: justify;\"><script async src=\"https:\/\/platform.twitter.com\/widgets.js\" charset=\"utf-8\"><\/script><\/p>\n","protected":false},"excerpt":{"rendered":"<p>CYCLYSME &#8211; Chez nos confr\u00e8res d&rsquo;Eurosport, Eddy Merckx a \u00e9voqu\u00e9 plusieurs champions actuels du cyclisme mondial, dont Julian Alaphilippe.\u00a0<\/p>\n","protected":false},"author":1,"featured_media":184385,"comment_status":"open","ping_status":"closed","sticky":false,"template":"","format":"standard","meta":{"_acf_changed":false,"_daextam_enable_autolinks":"","footnotes":""},"categories":[2307],"tags":[574,9021,1719],"class_list":["post-184382","post","type-post","status-publish","format-standard","has-post-thumbnail","hentry","category-cyclisme","tag-cyclisme","tag-eddy-merckx","tag-julian-alaphilippe"],"acf":[],"yoast_head":"<!-- This site is optimized with the Yoast SEO Premium plugin v26.7 (Yoast SEO v26.7) - https:\/\/yoast.com\/wordpress\/plugins\/seo\/ -->\n<title>Eddy Merckx : &quot;Julian Alaphilippe est un super champion&quot;<\/title>\n<meta name=\"description\" content=\"CYCLYSME - Chez nos confr\u00e8res d&#039;Eurosport, Eddy Merckx a \u00e9voqu\u00e9 plusieurs champions actuels du cyclisme mondial, dont Julian Alaphilippe.\u00a0\" \/>\n<meta name=\"robots\" content=\"index, follow, max-snippet:-1, max-image-preview:large, max-video-preview:-1\" \/>\n<link rel=\"canonical\" href=\"https:\/\/dicodusport.fr\/blog\/eddy-merckx-julian-alaphilippe-est-un-super-champion\/\" \/>\n<meta property=\"og:locale\" content=\"fr_FR\" \/>\n<meta property=\"og:type\" content=\"article\" \/>\n<meta property=\"og:title\" content=\"Eddy Merckx : &quot;Julian Alaphilippe est un super champion&quot;\" \/>\n<meta property=\"og:description\" content=\"CYCLYSME - Chez nos confr\u00e8res d&#039;Eurosport, Eddy Merckx a \u00e9voqu\u00e9 plusieurs champions actuels du cyclisme mondial, dont Julian Alaphilippe.\u00a0\" \/>\n<meta property=\"og:url\" content=\"https:\/\/dicodusport.fr\/blog\/eddy-merckx-julian-alaphilippe-est-un-super-champion\/\" \/>\n<meta property=\"og:site_name\" content=\"Dicodusport\" \/>\n<meta property=\"article:publisher\" content=\"https:\/\/www.facebook.com\/dicodusport\" \/>\n<meta property=\"article:author\" content=\"https:\/\/www.facebook.com\/dicodusport\" \/>\n<meta property=\"article:published_time\" content=\"2021-12-09T08:53:25+00:00\" \/>\n<meta property=\"og:image\" content=\"https:\/\/dicodusport.fr\/blog\/wp-content\/uploads\/2021\/12\/Eddy-Merckx-Julian-Alaphilippe-est-un-super-champion.png\" \/>\n\t<meta property=\"og:image:width\" content=\"800\" \/>\n\t<meta property=\"og:image:height\" content=\"445\" \/>\n\t<meta property=\"og:image:type\" content=\"image\/png\" \/>\n<meta name=\"author\" content=\"Nicolas Jacquemard\" \/>\n<meta name=\"twitter:card\" content=\"summary_large_image\" \/>\n<meta name=\"twitter:title\" content=\"Eddy Merckx : &quot;Julian Alaphilippe est un super champion&quot;\" \/>\n<meta name=\"twitter:creator\" content=\"@https:\/\/twitter.com\/Nico_Jacquemard\" \/>\n<meta name=\"twitter:site\" content=\"@dicodusport\" \/>\n<script type=\"application\/ld+json\" class=\"yoast-schema-graph\">{\"@context\":\"https:\/\/schema.org\",\"@graph\":[{\"@type\":\"NewsArticle\",\"@id\":\"https:\/\/dicodusport.fr\/blog\/eddy-merckx-julian-alaphilippe-est-un-super-champion\/#article\",\"isPartOf\":{\"@id\":\"https:\/\/dicodusport.fr\/blog\/eddy-merckx-julian-alaphilippe-est-un-super-champion\/\"},\"author\":{\"name\":\"Nicolas Jacquemard\",\"@id\":\"https:\/\/dicodusport.fr\/blog\/#\/schema\/person\/55dcb50ad410894e431ed812bbb70191\"},\"headline\":\"Eddy Merckx : \u00ab\u00a0Julian Alaphilippe est un super champion\u00a0\u00bb\",\"datePublished\":\"2021-12-09T08:53:25+00:00\",\"mainEntityOfPage\":{\"@id\":\"https:\/\/dicodusport.fr\/blog\/eddy-merckx-julian-alaphilippe-est-un-super-champion\/\"},\"wordCount\":282,\"commentCount\":0,\"publisher\":{\"@id\":\"https:\/\/dicodusport.fr\/blog\/#organization\"},\"image\":{\"@id\":\"https:\/\/dicodusport.fr\/blog\/eddy-merckx-julian-alaphilippe-est-un-super-champion\/#primaryimage\"},\"thumbnailUrl\":\"https:\/\/dicodusport.fr\/blog\/wp-content\/uploads\/2021\/12\/Eddy-Merckx-Julian-Alaphilippe-est-un-super-champion.png\",\"keywords\":[\"Cyclisme\",\"Eddy Merckx\",\"Julian Alaphilippe\"],\"articleSection\":[\"Cyclisme\"],\"inLanguage\":\"fr-FR\",\"potentialAction\":[{\"@type\":\"CommentAction\",\"name\":\"Comment\",\"target\":[\"https:\/\/dicodusport.fr\/blog\/eddy-merckx-julian-alaphilippe-est-un-super-champion\/#respond\"]}],\"copyrightYear\":\"2021\",\"copyrightHolder\":{\"@id\":\"https:\/\/dicodusport.fr\/blog\/#organization\"}},{\"@type\":\"WebPage\",\"@id\":\"https:\/\/dicodusport.fr\/blog\/eddy-merckx-julian-alaphilippe-est-un-super-champion\/\",\"url\":\"https:\/\/dicodusport.fr\/blog\/eddy-merckx-julian-alaphilippe-est-un-super-champion\/\",\"name\":\"Eddy Merckx : \\\"Julian Alaphilippe est un super champion\\\"\",\"isPartOf\":{\"@id\":\"https:\/\/dicodusport.fr\/blog\/#website\"},\"primaryImageOfPage\":{\"@id\":\"https:\/\/dicodusport.fr\/blog\/eddy-merckx-julian-alaphilippe-est-un-super-champion\/#primaryimage\"},\"image\":{\"@id\":\"https:\/\/dicodusport.fr\/blog\/eddy-merckx-julian-alaphilippe-est-un-super-champion\/#primaryimage\"},\"thumbnailUrl\":\"https:\/\/dicodusport.fr\/blog\/wp-content\/uploads\/2021\/12\/Eddy-Merckx-Julian-Alaphilippe-est-un-super-champion.png\",\"datePublished\":\"2021-12-09T08:53:25+00:00\",\"description\":\"CYCLYSME - Chez nos confr\u00e8res d'Eurosport, Eddy Merckx a \u00e9voqu\u00e9 plusieurs champions actuels du cyclisme mondial, dont Julian Alaphilippe.\u00a0\",\"breadcrumb\":{\"@id\":\"https:\/\/dicodusport.fr\/blog\/eddy-merckx-julian-alaphilippe-est-un-super-champion\/#breadcrumb\"},\"inLanguage\":\"fr-FR\",\"potentialAction\":[{\"@type\":\"ReadAction\",\"target\":[\"https:\/\/dicodusport.fr\/blog\/eddy-merckx-julian-alaphilippe-est-un-super-champion\/\"]}]},{\"@type\":\"ImageObject\",\"inLanguage\":\"fr-FR\",\"@id\":\"https:\/\/dicodusport.fr\/blog\/eddy-merckx-julian-alaphilippe-est-un-super-champion\/#primaryimage\",\"url\":\"https:\/\/dicodusport.fr\/blog\/wp-content\/uploads\/2021\/12\/Eddy-Merckx-Julian-Alaphilippe-est-un-super-champion.png\",\"contentUrl\":\"https:\/\/dicodusport.fr\/blog\/wp-content\/uploads\/2021\/12\/Eddy-Merckx-Julian-Alaphilippe-est-un-super-champion.png\",\"width\":800,\"height\":445},{\"@type\":\"BreadcrumbList\",\"@id\":\"https:\/\/dicodusport.fr\/blog\/eddy-merckx-julian-alaphilippe-est-un-super-champion\/#breadcrumb\",\"itemListElement\":[{\"@type\":\"ListItem\",\"position\":1,\"name\":\"Accueil\",\"item\":\"https:\/\/dicodusport.fr\/blog\/\"},{\"@type\":\"ListItem\",\"position\":2,\"name\":\"Eddy Merckx : \u00ab\u00a0Julian Alaphilippe est un super champion\u00a0\u00bb\"}]},{\"@type\":\"WebSite\",\"@id\":\"https:\/\/dicodusport.fr\/blog\/#website\",\"url\":\"https:\/\/dicodusport.fr\/blog\/\",\"name\":\"Dicodusport\",\"description\":\"L&#039;encyclop\u00e9die de l&#039;actualit\u00e9 sportive\",\"publisher\":{\"@id\":\"https:\/\/dicodusport.fr\/blog\/#organization\"},\"potentialAction\":[{\"@type\":\"SearchAction\",\"target\":{\"@type\":\"EntryPoint\",\"urlTemplate\":\"https:\/\/dicodusport.fr\/blog\/?s={search_term_string}\"},\"query-input\":{\"@type\":\"PropertyValueSpecification\",\"valueRequired\":true,\"valueName\":\"search_term_string\"}}],\"inLanguage\":\"fr-FR\"},{\"@type\":\"NewsMediaOrganization\",\"@id\":\"https:\/\/dicodusport.fr\/blog\/#organization\",\"name\":\"Dicodusport\",\"url\":\"https:\/\/dicodusport.fr\/blog\/\",\"logo\":{\"@type\":\"ImageObject\",\"inLanguage\":\"fr-FR\",\"@id\":\"https:\/\/dicodusport.fr\/blog\/#\/schema\/logo\/image\/\",\"url\":\"https:\/\/dicodusport.fr\/blog\/wp-content\/uploads\/2020\/06\/cropped-LOGO-DICODUSPORT-2020-SANS-FOND-SANS-TEXTE.png\",\"contentUrl\":\"https:\/\/dicodusport.fr\/blog\/wp-content\/uploads\/2020\/06\/cropped-LOGO-DICODUSPORT-2020-SANS-FOND-SANS-TEXTE.png\",\"width\":512,\"height\":512,\"caption\":\"Dicodusport\"},\"image\":{\"@id\":\"https:\/\/dicodusport.fr\/blog\/#\/schema\/logo\/image\/\"},\"sameAs\":[\"https:\/\/www.facebook.com\/dicodusport\",\"https:\/\/x.com\/dicodusport\",\"https:\/\/www.instagram.com\/dicodusport\/\",\"https:\/\/www.youtube.com\/channel\/UC7V2KZ5sd3htJivAbA4ZG3w\"],\"description\":\"Dicodusport est l'encyclop\u00e9die de l'actualit\u00e9 sportive.\",\"email\":\"bonjour@dicodusport.fr\",\"legalName\":\"DICODUSPORT\",\"foundingDate\":\"2018-01-14\",\"vatID\":\"FR71834470973\",\"taxID\":\"83447097300043\",\"numberOfEmployees\":{\"@type\":\"QuantitativeValue\",\"minValue\":\"1\",\"maxValue\":\"10\"}},{\"@type\":\"Person\",\"@id\":\"https:\/\/dicodusport.fr\/blog\/#\/schema\/person\/55dcb50ad410894e431ed812bbb70191\",\"name\":\"Nicolas Jacquemard\",\"image\":{\"@type\":\"ImageObject\",\"inLanguage\":\"fr-FR\",\"@id\":\"https:\/\/dicodusport.fr\/blog\/#\/schema\/person\/image\/\",\"url\":\"https:\/\/dicodusport.fr\/blog\/wp-content\/uploads\/2021\/05\/Nicolas-Jacquemard-150x150.jpeg\",\"contentUrl\":\"https:\/\/dicodusport.fr\/blog\/wp-content\/uploads\/2021\/05\/Nicolas-Jacquemard-150x150.jpeg\",\"caption\":\"Nicolas Jacquemard\"},\"description\":\"Passionn\u00e9 de sport et entrepreneur depuis mes 18 ans, la cr\u00e9ation de Dicodusport m'a sembl\u00e9 \u00e9vidente pour participer \u00e0 la m\u00e9diatisation d'un plus grand nombre de sports. Le chemin est long mais avec une \u00e9quipe des plus motiv\u00e9es et les Jeux Olympiques de Paris 2024 en point de mire, nous y arriverons ! Journaliste dans le monde du sport depuis plus de 5 ans, je traite aussi bien de football, de rugby, de biathlon que de cyclisme.\",\"sameAs\":[\"https:\/\/www.facebook.com\/dicodusport\",\"https:\/\/x.com\/https:\/\/twitter.com\/Nico_Jacquemard\"],\"url\":\"https:\/\/dicodusport.fr\/blog\/author\/dicodusport\/\"}]}<\/script>\n<!-- \/ Yoast SEO Premium plugin. -->","yoast_head_json":{"title":"Eddy Merckx : \"Julian Alaphilippe est un super champion\"","description":"CYCLYSME - Chez nos confr\u00e8res d'Eurosport, Eddy Merckx a \u00e9voqu\u00e9 plusieurs champions actuels du cyclisme mondial, dont Julian Alaphilippe.\u00a0","robots":{"index":"index","follow":"follow","max-snippet":"max-snippet:-1","max-image-preview":"max-image-preview:large","max-video-preview":"max-video-preview:-1"},"canonical":"https:\/\/dicodusport.fr\/blog\/eddy-merckx-julian-alaphilippe-est-un-super-champion\/","og_locale":"fr_FR","og_type":"article","og_title":"Eddy Merckx : \"Julian Alaphilippe est un super champion\"","og_description":"CYCLYSME - Chez nos confr\u00e8res d'Eurosport, Eddy Merckx a \u00e9voqu\u00e9 plusieurs champions actuels du cyclisme mondial, dont Julian Alaphilippe.\u00a0","og_url":"https:\/\/dicodusport.fr\/blog\/eddy-merckx-julian-alaphilippe-est-un-super-champion\/","og_site_name":"Dicodusport","article_publisher":"https:\/\/www.facebook.com\/dicodusport","article_author":"https:\/\/www.facebook.com\/dicodusport","article_published_time":"2021-12-09T08:53:25+00:00","og_image":[{"width":800,"height":445,"url":"https:\/\/dicodusport.fr\/blog\/wp-content\/uploads\/2021\/12\/Eddy-Merckx-Julian-Alaphilippe-est-un-super-champion.png","type":"image\/png"}],"author":"Nicolas Jacquemard","twitter_card":"summary_large_image","twitter_title":"Eddy Merckx : \"Julian Alaphilippe est un super champion\"","twitter_creator":"@https:\/\/twitter.com\/Nico_Jacquemard","twitter_site":"@dicodusport","schema":{"@context":"https:\/\/schema.org","@graph":[{"@type":"NewsArticle","@id":"https:\/\/dicodusport.fr\/blog\/eddy-merckx-julian-alaphilippe-est-un-super-champion\/#article","isPartOf":{"@id":"https:\/\/dicodusport.fr\/blog\/eddy-merckx-julian-alaphilippe-est-un-super-champion\/"},"author":{"name":"Nicolas Jacquemard","@id":"https:\/\/dicodusport.fr\/blog\/#\/schema\/person\/55dcb50ad410894e431ed812bbb70191"},"headline":"Eddy Merckx : \u00ab\u00a0Julian Alaphilippe est un super champion\u00a0\u00bb","datePublished":"2021-12-09T08:53:25+00:00","mainEntityOfPage":{"@id":"https:\/\/dicodusport.fr\/blog\/eddy-merckx-julian-alaphilippe-est-un-super-champion\/"},"wordCount":282,"commentCount":0,"publisher":{"@id":"https:\/\/dicodusport.fr\/blog\/#organization"},"image":{"@id":"https:\/\/dicodusport.fr\/blog\/eddy-merckx-julian-alaphilippe-est-un-super-champion\/#primaryimage"},"thumbnailUrl":"https:\/\/dicodusport.fr\/blog\/wp-content\/uploads\/2021\/12\/Eddy-Merckx-Julian-Alaphilippe-est-un-super-champion.png","keywords":["Cyclisme","Eddy Merckx","Julian Alaphilippe"],"articleSection":["Cyclisme"],"inLanguage":"fr-FR","potentialAction":[{"@type":"CommentAction","name":"Comment","target":["https:\/\/dicodusport.fr\/blog\/eddy-merckx-julian-alaphilippe-est-un-super-champion\/#respond"]}],"copyrightYear":"2021","copyrightHolder":{"@id":"https:\/\/dicodusport.fr\/blog\/#organization"}},{"@type":"WebPage","@id":"https:\/\/dicodusport.fr\/blog\/eddy-merckx-julian-alaphilippe-est-un-super-champion\/","url":"https:\/\/dicodusport.fr\/blog\/eddy-merckx-julian-alaphilippe-est-un-super-champion\/","name":"Eddy Merckx : \"Julian Alaphilippe est un super champion\"","isPartOf":{"@id":"https:\/\/dicodusport.fr\/blog\/#website"},"primaryImageOfPage":{"@id":"https:\/\/dicodusport.fr\/blog\/eddy-merckx-julian-alaphilippe-est-un-super-champion\/#primaryimage"},"image":{"@id":"https:\/\/dicodusport.fr\/blog\/eddy-merckx-julian-alaphilippe-est-un-super-champion\/#primaryimage"},"thumbnailUrl":"https:\/\/dicodusport.fr\/blog\/wp-content\/uploads\/2021\/12\/Eddy-Merckx-Julian-Alaphilippe-est-un-super-champion.png","datePublished":"2021-12-09T08:53:25+00:00","description":"CYCLYSME - Chez nos confr\u00e8res d'Eurosport, Eddy Merckx a \u00e9voqu\u00e9 plusieurs champions actuels du cyclisme mondial, dont Julian Alaphilippe.\u00a0","breadcrumb":{"@id":"https:\/\/dicodusport.fr\/blog\/eddy-merckx-julian-alaphilippe-est-un-super-champion\/#breadcrumb"},"inLanguage":"fr-FR","potentialAction":[{"@type":"ReadAction","target":["https:\/\/dicodusport.fr\/blog\/eddy-merckx-julian-alaphilippe-est-un-super-champion\/"]}]},{"@type":"ImageObject","inLanguage":"fr-FR","@id":"https:\/\/dicodusport.fr\/blog\/eddy-merckx-julian-alaphilippe-est-un-super-champion\/#primaryimage","url":"https:\/\/dicodusport.fr\/blog\/wp-content\/uploads\/2021\/12\/Eddy-Merckx-Julian-Alaphilippe-est-un-super-champion.png","contentUrl":"https:\/\/dicodusport.fr\/blog\/wp-content\/uploads\/2021\/12\/Eddy-Merckx-Julian-Alaphilippe-est-un-super-champion.png","width":800,"height":445},{"@type":"BreadcrumbList","@id":"https:\/\/dicodusport.fr\/blog\/eddy-merckx-julian-alaphilippe-est-un-super-champion\/#breadcrumb","itemListElement":[{"@type":"ListItem","position":1,"name":"Accueil","item":"https:\/\/dicodusport.fr\/blog\/"},{"@type":"ListItem","position":2,"name":"Eddy Merckx : \u00ab\u00a0Julian Alaphilippe est un super champion\u00a0\u00bb"}]},{"@type":"WebSite","@id":"https:\/\/dicodusport.fr\/blog\/#website","url":"https:\/\/dicodusport.fr\/blog\/","name":"Dicodusport","description":"L&#039;encyclop\u00e9die de l&#039;actualit\u00e9 sportive","publisher":{"@id":"https:\/\/dicodusport.fr\/blog\/#organization"},"potentialAction":[{"@type":"SearchAction","target":{"@type":"EntryPoint","urlTemplate":"https:\/\/dicodusport.fr\/blog\/?s={search_term_string}"},"query-input":{"@type":"PropertyValueSpecification","valueRequired":true,"valueName":"search_term_string"}}],"inLanguage":"fr-FR"},{"@type":"NewsMediaOrganization","@id":"https:\/\/dicodusport.fr\/blog\/#organization","name":"Dicodusport","url":"https:\/\/dicodusport.fr\/blog\/","logo":{"@type":"ImageObject","inLanguage":"fr-FR","@id":"https:\/\/dicodusport.fr\/blog\/#\/schema\/logo\/image\/","url":"https:\/\/dicodusport.fr\/blog\/wp-content\/uploads\/2020\/06\/cropped-LOGO-DICODUSPORT-2020-SANS-FOND-SANS-TEXTE.png","contentUrl":"https:\/\/dicodusport.fr\/blog\/wp-content\/uploads\/2020\/06\/cropped-LOGO-DICODUSPORT-2020-SANS-FOND-SANS-TEXTE.png","width":512,"height":512,"caption":"Dicodusport"},"image":{"@id":"https:\/\/dicodusport.fr\/blog\/#\/schema\/logo\/image\/"},"sameAs":["https:\/\/www.facebook.com\/dicodusport","https:\/\/x.com\/dicodusport","https:\/\/www.instagram.com\/dicodusport\/","https:\/\/www.youtube.com\/channel\/UC7V2KZ5sd3htJivAbA4ZG3w"],"description":"Dicodusport est l'encyclop\u00e9die de l'actualit\u00e9 sportive.","email":"bonjour@dicodusport.fr","legalName":"DICODUSPORT","foundingDate":"2018-01-14","vatID":"FR71834470973","taxID":"83447097300043","numberOfEmployees":{"@type":"QuantitativeValue","minValue":"1","maxValue":"10"}},{"@type":"Person","@id":"https:\/\/dicodusport.fr\/blog\/#\/schema\/person\/55dcb50ad410894e431ed812bbb70191","name":"Nicolas Jacquemard","image":{"@type":"ImageObject","inLanguage":"fr-FR","@id":"https:\/\/dicodusport.fr\/blog\/#\/schema\/person\/image\/","url":"https:\/\/dicodusport.fr\/blog\/wp-content\/uploads\/2021\/05\/Nicolas-Jacquemard-150x150.jpeg","contentUrl":"https:\/\/dicodusport.fr\/blog\/wp-content\/uploads\/2021\/05\/Nicolas-Jacquemard-150x150.jpeg","caption":"Nicolas Jacquemard"},"description":"Passionn\u00e9 de sport et entrepreneur depuis mes 18 ans, la cr\u00e9ation de Dicodusport m'a sembl\u00e9 \u00e9vidente pour participer \u00e0 la m\u00e9diatisation d'un plus grand nombre de sports. Le chemin est long mais avec une \u00e9quipe des plus motiv\u00e9es et les Jeux Olympiques de Paris 2024 en point de mire, nous y arriverons ! Journaliste dans le monde du sport depuis plus de 5 ans, je traite aussi bien de football, de rugby, de biathlon que de cyclisme.","sameAs":["https:\/\/www.facebook.com\/dicodusport","https:\/\/x.com\/https:\/\/twitter.com\/Nico_Jacquemard"],"url":"https:\/\/dicodusport.fr\/blog\/author\/dicodusport\/"}]}},"_links":{"self":[{"href":"https:\/\/dicodusport.fr\/blog\/wp-json\/wp\/v2\/posts\/184382","targetHints":{"allow":["GET"]}}],"collection":[{"href":"https:\/\/dicodusport.fr\/blog\/wp-json\/wp\/v2\/posts"}],"about":[{"href":"https:\/\/dicodusport.fr\/blog\/wp-json\/wp\/v2\/types\/post"}],"author":[{"embeddable":true,"href":"https:\/\/dicodusport.fr\/blog\/wp-json\/wp\/v2\/users\/1"}],"replies":[{"embeddable":true,"href":"https:\/\/dicodusport.fr\/blog\/wp-json\/wp\/v2\/comments?post=184382"}],"version-history":[{"count":0,"href":"https:\/\/dicodusport.fr\/blog\/wp-json\/wp\/v2\/posts\/184382\/revisions"}],"wp:featuredmedia":[{"embeddable":true,"href":"https:\/\/dicodusport.fr\/blog\/wp-json\/wp\/v2\/media\/184385"}],"wp:attachment":[{"href":"https:\/\/dicodusport.fr\/blog\/wp-json\/wp\/v2\/media?parent=184382"}],"wp:term":[{"taxonomy":"category","embeddable":true,"href":"https:\/\/dicodusport.fr\/blog\/wp-json\/wp\/v2\/categories?post=184382"},{"taxonomy":"post_tag","embeddable":true,"href":"https:\/\/dicodusport.fr\/blog\/wp-json\/wp\/v2\/tags?post=184382"}],"curies":[{"name":"wp","href":"https:\/\/api.w.org\/{rel}","templated":true}]}}