{"id":18454,"date":"2018-05-17T10:00:38","date_gmt":"2018-05-17T08:00:38","guid":{"rendered":"http:\/\/dicodusport.fr\/blog\/?p=18454"},"modified":"2018-05-17T10:35:27","modified_gmt":"2018-05-17T08:35:27","slug":"om-atletico-non-zambo-tout-est-pas-de-ta-faute","status":"publish","type":"post","link":"https:\/\/dicodusport.fr\/blog\/om-atletico-non-zambo-tout-est-pas-de-ta-faute\/","title":{"rendered":"OM &#8211; Atl\u00e9tico : non Zambo, tout n&rsquo;est pas de ta faute !"},"content":{"rendered":"<p style=\"text-align: justify;\"><em><strong>L&rsquo;OM a perdu sa troisi\u00e8me finale de Ligue Europa\u00a0(ex-Coupe UEFA) :\u00a0apr\u00e8s 1999 et 2004, il y aura maintenant 2018. L&rsquo;Atl\u00e9tico Madrid d&rsquo;Antoine Griezmann \u00e9tait trop fort. Tout le monde s&rsquo;en est pris \u00e0 Zambo Anguissa, coupable selon eux d&rsquo;un contr\u00f4le rat\u00e9 qui a amen\u00e9 le premier but. Mais non, tout n&rsquo;est pas de sa faute, loin de l\u00e0 m\u00eame.\u00a0<\/strong><\/em><\/p>\n<h4 style=\"text-align: justify;\">Pas le seul coupable sur le premier but<\/h4>\n<p style=\"text-align: justify;\"><span style=\"font-family: -apple-system, BlinkMacSystemFont, 'Segoe UI', Roboto, Oxygen-Sans, Ubuntu, Cantarell, 'Helvetica Neue', sans-serif;\">A lire les r\u00e9seaux sociaux et \u00e0 \u00e9couter les deux commentateurs de M6, Denis Balbir et\u00a0Jean-Marc Ferreri, tout est de la faute de Zambo Anguissa, coupable d&rsquo;un mauvais contr\u00f4le. S&rsquo;il est difficile de nier que le milieu marseillais rate son contr\u00f4le, il est loin d&rsquo;\u00eatre le seul fautif sur cette action. Steve Mandanda, qui en a vu d&rsquo;autres, d\u00e9cide de relancer dans l&rsquo;axe, en faisant une passe tr\u00e8s appuy\u00e9e, \u00e0 un joueur qui est entour\u00e9 de Colchoneros. Le gardien marseillais n&rsquo;avait-il pas de meilleures options moins risqu\u00e9es ? Il semble que si. Le ballon arrive vite, il rebondit un peu, cela n&rsquo;excuse pas le rat\u00e9 de Zambo, mais c&rsquo;\u00e9tait loin d&rsquo;\u00eatre un cadeau.\u00a0<\/span><\/p>\n<h4 style=\"text-align: justify;\">L&rsquo;occasion manqu\u00e9e de Germain, le premier tournant<\/h4>\n<p style=\"text-align: justify;\">La diff\u00e9rence hier soir est une histoire de G, pas le point pour une fois, mais une initiale : Germain d&rsquo;un c\u00f4t\u00e9 et Griezmann de l&rsquo;autre. A la deuxi\u00e8me minute, Germain a une occasion franche, la seule de la premi\u00e8re mi-temps, mais il manque son duel avec Oblak. A la 21\u00e8me, Griezmann, aura aussi la seule situation madril\u00e8ne de la mi-temps, et, au contraire du Marseillais, il ne laissera pas passer sa chance. Les finales se jouent sur des d\u00e9tails et se gagnent gr\u00e2ce \u00e0 des grands joueurs. Diego Simeone est un ma\u00eetre pour r\u00e9gler le moindre d\u00e9tail, Antoine Griezmann est l&rsquo;un des meilleurs joueurs de la plan\u00e8te.<\/p>\n<h4 style=\"text-align: justify;\">Dans son style caract\u00e9ristique, l&rsquo;Atl\u00e9tico ne brille pas, mais gagne facilement cette finale<\/h4>\n<p style=\"text-align: justify;\">C&rsquo;est toujours la m\u00eame histoire avec l&rsquo;Atl\u00e9tico Madrid :\u00a0le jeu propos\u00e9 ne fait jamais r\u00eaver, l&rsquo;\u00e9quipe est souvent domin\u00e9e, mais \u00e0 la fin, c&rsquo;est tr\u00e8s souvent\u00a0elle qui gagne. En premi\u00e8re mi-temps, les Marseillais ont domin\u00e9, eu la possession et fait circuler le ballon, en vain. Les Colchoneros ont fait le dos rond et g\u00e9r\u00e9 les vell\u00e9it\u00e9s marseillaises pour mieux les surprendre, comme souvent. Certains regretteront l&rsquo;occasion de Germain, d&rsquo;autres le premier but encaiss\u00e9, mais hier soir, il y avait malgr\u00e9 tout une classe d&rsquo;\u00e9cart entre les deux \u00e9quipes, il ne faut pas le nier. Si l&rsquo;Atl\u00e9tico Madrid a jou\u00e9\u00a0deux finales de Ligue des Champions et remport\u00e9\u00a0une Ligue Europa en 5 ans, ce n&rsquo;est s\u00fbrement pas pour rien.<\/p>\n<p style=\"text-align: justify;\"><em><strong>Nicolas Jacquemard<br \/>\n<\/strong><\/em><a style=\"color: #000000;\" href=\"https:\/\/twitter.com\/Nico_Jacquemard\" target=\"_blank\" rel=\"noopener noreferrer\"><img loading=\"lazy\" decoding=\"async\" class=\"alignnone wp-image-2908\" src=\"http:\/\/dicodusport.fr\/blog\/wp-content\/uploads\/2017\/07\/logo-twitter-150x150.png\" alt=\"\" width=\"39\" height=\"39\" \/><\/a><a style=\"color: #000000;\" href=\"https:\/\/www.facebook.com\/dicodusport\/\" target=\"_blank\" rel=\"noopener noreferrer\"><img loading=\"lazy\" decoding=\"async\" class=\"alignnone wp-image-2909\" src=\"http:\/\/dicodusport.fr\/blog\/wp-content\/uploads\/2017\/07\/logo-facebook-150x150.png\" alt=\"\" width=\"40\" height=\"40\" \/><\/a><\/p>\n","protected":false},"excerpt":{"rendered":"<p>L&rsquo;OM a perdu sa troisi\u00e8me finale de Ligue Europa : apr\u00e8s 1999 et 2004, il y aura maintenant 2018. L&rsquo;Atl\u00e9tico Madrid d&rsquo;Antoine Griezmann \u00e9tait trop fort. Tout le monde s&rsquo;en est pris \u00e0 Zambo Anguissa, coupable selon eux d&rsquo;un contr\u00f4le rat\u00e9 qui a amen\u00e9 le premier but. Mais non, tout n&rsquo;est pas de sa faute, loin de l\u00e0 m\u00eame. <\/p>\n","protected":false},"author":1,"featured_media":18461,"comment_status":"open","ping_status":"closed","sticky":false,"template":"","format":"standard","meta":{"_acf_changed":false,"_daextam_enable_autolinks":"","footnotes":""},"categories":[2,2301],"tags":[4789,75,196,4437,1889],"class_list":["post-18454","post","type-post","status-publish","format-standard","has-post-thumbnail","hentry","category-actualites","category-football","tag-atletico-madrid","tag-football","tag-griezmann","tag-ligue-europa","tag-om"],"acf":[],"yoast_head":"<!-- This site is optimized with the Yoast SEO Premium plugin v26.7 (Yoast SEO v26.7) - https:\/\/yoast.com\/wordpress\/plugins\/seo\/ -->\n<title>OM - Atl\u00e9tico : non Zambo, tout n&#039;est pas de ta faute !<\/title>\n<meta name=\"description\" content=\"L&#039;OM a perdu sa troisi\u00e8me finale de Ligue Europa : apr\u00e8s 1999 et 2004, il y aura maintenant 2018. L&#039;Atl\u00e9tico Madrid d&#039;Antoine Griezmann \u00e9tait trop fort. Tout le monde s&#039;en est pris \u00e0 Zambo Anguissa, coupable selon eux d&#039;un contr\u00f4le rat\u00e9 qui a amen\u00e9 le premier but. Mais non, tout n&#039;est pas de sa faute, loin de l\u00e0 m\u00eame.\" \/>\n<meta name=\"robots\" content=\"index, follow, max-snippet:-1, max-image-preview:large, max-video-preview:-1\" \/>\n<link rel=\"canonical\" href=\"https:\/\/dicodusport.fr\/blog\/om-atletico-non-zambo-tout-est-pas-de-ta-faute\/\" \/>\n<meta property=\"og:locale\" content=\"fr_FR\" \/>\n<meta property=\"og:type\" content=\"article\" \/>\n<meta property=\"og:title\" content=\"OM - Atl\u00e9tico : non Zambo, tout n&#039;est pas de ta faute !\" \/>\n<meta property=\"og:description\" content=\"L&#039;OM a perdu sa troisi\u00e8me finale de Ligue Europa : apr\u00e8s 1999 et 2004, il y aura maintenant 2018. L&#039;Atl\u00e9tico Madrid d&#039;Antoine Griezmann \u00e9tait trop fort. Tout le monde s&#039;en est pris \u00e0 Zambo Anguissa, coupable selon eux d&#039;un contr\u00f4le rat\u00e9 qui a amen\u00e9 le premier but. Mais non, tout n&#039;est pas de sa faute, loin de l\u00e0 m\u00eame.\" \/>\n<meta property=\"og:url\" content=\"https:\/\/dicodusport.fr\/blog\/om-atletico-non-zambo-tout-est-pas-de-ta-faute\/\" \/>\n<meta property=\"og:site_name\" content=\"Dicodusport\" \/>\n<meta property=\"article:publisher\" content=\"https:\/\/www.facebook.com\/dicodusport\" \/>\n<meta property=\"article:author\" content=\"https:\/\/www.facebook.com\/dicodusport\" \/>\n<meta property=\"article:published_time\" content=\"2018-05-17T08:00:38+00:00\" \/>\n<meta property=\"article:modified_time\" content=\"2018-05-17T08:35:27+00:00\" \/>\n<meta property=\"og:image\" content=\"https:\/\/dicodusport.fr\/blog\/wp-content\/uploads\/2018\/05\/OM-Atle\u0301tico.png\" \/>\n\t<meta property=\"og:image:width\" content=\"800\" \/>\n\t<meta property=\"og:image:height\" content=\"445\" \/>\n\t<meta property=\"og:image:type\" content=\"image\/png\" \/>\n<meta name=\"author\" content=\"Nicolas Jacquemard\" \/>\n<meta name=\"twitter:card\" content=\"summary_large_image\" \/>\n<meta name=\"twitter:creator\" content=\"@https:\/\/twitter.com\/Nico_Jacquemard\" \/>\n<meta name=\"twitter:site\" content=\"@dicodusport\" \/>\n<script type=\"application\/ld+json\" class=\"yoast-schema-graph\">{\"@context\":\"https:\/\/schema.org\",\"@graph\":[{\"@type\":\"NewsArticle\",\"@id\":\"https:\/\/dicodusport.fr\/blog\/om-atletico-non-zambo-tout-est-pas-de-ta-faute\/#article\",\"isPartOf\":{\"@id\":\"https:\/\/dicodusport.fr\/blog\/om-atletico-non-zambo-tout-est-pas-de-ta-faute\/\"},\"author\":{\"name\":\"Nicolas Jacquemard\",\"@id\":\"https:\/\/dicodusport.fr\/blog\/#\/schema\/person\/55dcb50ad410894e431ed812bbb70191\"},\"headline\":\"OM &#8211; Atl\u00e9tico : non Zambo, tout n&rsquo;est pas de ta faute !\",\"datePublished\":\"2018-05-17T08:00:38+00:00\",\"dateModified\":\"2018-05-17T08:35:27+00:00\",\"mainEntityOfPage\":{\"@id\":\"https:\/\/dicodusport.fr\/blog\/om-atletico-non-zambo-tout-est-pas-de-ta-faute\/\"},\"wordCount\":500,\"commentCount\":0,\"publisher\":{\"@id\":\"https:\/\/dicodusport.fr\/blog\/#organization\"},\"image\":{\"@id\":\"https:\/\/dicodusport.fr\/blog\/om-atletico-non-zambo-tout-est-pas-de-ta-faute\/#primaryimage\"},\"thumbnailUrl\":\"https:\/\/dicodusport.fr\/blog\/wp-content\/uploads\/2018\/05\/OM-Atle\u0301tico.png\",\"keywords\":[\"Atl\u00e9tico madrid\",\"Football\",\"Griezmann\",\"Ligue Europa\",\"OM\"],\"articleSection\":[\"Actualit\u00e9s\",\"Football\"],\"inLanguage\":\"fr-FR\",\"potentialAction\":[{\"@type\":\"CommentAction\",\"name\":\"Comment\",\"target\":[\"https:\/\/dicodusport.fr\/blog\/om-atletico-non-zambo-tout-est-pas-de-ta-faute\/#respond\"]}],\"copyrightYear\":\"2018\",\"copyrightHolder\":{\"@id\":\"https:\/\/dicodusport.fr\/blog\/#organization\"}},{\"@type\":\"WebPage\",\"@id\":\"https:\/\/dicodusport.fr\/blog\/om-atletico-non-zambo-tout-est-pas-de-ta-faute\/\",\"url\":\"https:\/\/dicodusport.fr\/blog\/om-atletico-non-zambo-tout-est-pas-de-ta-faute\/\",\"name\":\"OM - Atl\u00e9tico : non Zambo, tout n'est pas de ta faute !\",\"isPartOf\":{\"@id\":\"https:\/\/dicodusport.fr\/blog\/#website\"},\"primaryImageOfPage\":{\"@id\":\"https:\/\/dicodusport.fr\/blog\/om-atletico-non-zambo-tout-est-pas-de-ta-faute\/#primaryimage\"},\"image\":{\"@id\":\"https:\/\/dicodusport.fr\/blog\/om-atletico-non-zambo-tout-est-pas-de-ta-faute\/#primaryimage\"},\"thumbnailUrl\":\"https:\/\/dicodusport.fr\/blog\/wp-content\/uploads\/2018\/05\/OM-Atle\u0301tico.png\",\"datePublished\":\"2018-05-17T08:00:38+00:00\",\"dateModified\":\"2018-05-17T08:35:27+00:00\",\"description\":\"L'OM a perdu sa troisi\u00e8me finale de Ligue Europa : apr\u00e8s 1999 et 2004, il y aura maintenant 2018. L'Atl\u00e9tico Madrid d'Antoine Griezmann \u00e9tait trop fort. Tout le monde s'en est pris \u00e0 Zambo Anguissa, coupable selon eux d'un contr\u00f4le rat\u00e9 qui a amen\u00e9 le premier but. Mais non, tout n'est pas de sa faute, loin de l\u00e0 m\u00eame.\",\"breadcrumb\":{\"@id\":\"https:\/\/dicodusport.fr\/blog\/om-atletico-non-zambo-tout-est-pas-de-ta-faute\/#breadcrumb\"},\"inLanguage\":\"fr-FR\",\"potentialAction\":[{\"@type\":\"ReadAction\",\"target\":[\"https:\/\/dicodusport.fr\/blog\/om-atletico-non-zambo-tout-est-pas-de-ta-faute\/\"]}]},{\"@type\":\"ImageObject\",\"inLanguage\":\"fr-FR\",\"@id\":\"https:\/\/dicodusport.fr\/blog\/om-atletico-non-zambo-tout-est-pas-de-ta-faute\/#primaryimage\",\"url\":\"https:\/\/dicodusport.fr\/blog\/wp-content\/uploads\/2018\/05\/OM-Atle\u0301tico.png\",\"contentUrl\":\"https:\/\/dicodusport.fr\/blog\/wp-content\/uploads\/2018\/05\/OM-Atle\u0301tico.png\",\"width\":800,\"height\":445},{\"@type\":\"BreadcrumbList\",\"@id\":\"https:\/\/dicodusport.fr\/blog\/om-atletico-non-zambo-tout-est-pas-de-ta-faute\/#breadcrumb\",\"itemListElement\":[{\"@type\":\"ListItem\",\"position\":1,\"name\":\"Accueil\",\"item\":\"https:\/\/dicodusport.fr\/blog\/\"},{\"@type\":\"ListItem\",\"position\":2,\"name\":\"OM &#8211; Atl\u00e9tico : non Zambo, tout n&rsquo;est pas de ta faute !\"}]},{\"@type\":\"WebSite\",\"@id\":\"https:\/\/dicodusport.fr\/blog\/#website\",\"url\":\"https:\/\/dicodusport.fr\/blog\/\",\"name\":\"Dicodusport\",\"description\":\"L&#039;encyclop\u00e9die de l&#039;actualit\u00e9 sportive\",\"publisher\":{\"@id\":\"https:\/\/dicodusport.fr\/blog\/#organization\"},\"potentialAction\":[{\"@type\":\"SearchAction\",\"target\":{\"@type\":\"EntryPoint\",\"urlTemplate\":\"https:\/\/dicodusport.fr\/blog\/?s={search_term_string}\"},\"query-input\":{\"@type\":\"PropertyValueSpecification\",\"valueRequired\":true,\"valueName\":\"search_term_string\"}}],\"inLanguage\":\"fr-FR\"},{\"@type\":\"NewsMediaOrganization\",\"@id\":\"https:\/\/dicodusport.fr\/blog\/#organization\",\"name\":\"Dicodusport\",\"url\":\"https:\/\/dicodusport.fr\/blog\/\",\"logo\":{\"@type\":\"ImageObject\",\"inLanguage\":\"fr-FR\",\"@id\":\"https:\/\/dicodusport.fr\/blog\/#\/schema\/logo\/image\/\",\"url\":\"https:\/\/dicodusport.fr\/blog\/wp-content\/uploads\/2020\/06\/cropped-LOGO-DICODUSPORT-2020-SANS-FOND-SANS-TEXTE.png\",\"contentUrl\":\"https:\/\/dicodusport.fr\/blog\/wp-content\/uploads\/2020\/06\/cropped-LOGO-DICODUSPORT-2020-SANS-FOND-SANS-TEXTE.png\",\"width\":512,\"height\":512,\"caption\":\"Dicodusport\"},\"image\":{\"@id\":\"https:\/\/dicodusport.fr\/blog\/#\/schema\/logo\/image\/\"},\"sameAs\":[\"https:\/\/www.facebook.com\/dicodusport\",\"https:\/\/x.com\/dicodusport\",\"https:\/\/www.instagram.com\/dicodusport\/\",\"https:\/\/www.youtube.com\/channel\/UC7V2KZ5sd3htJivAbA4ZG3w\"],\"description\":\"Dicodusport est l'encyclop\u00e9die de l'actualit\u00e9 sportive.\",\"email\":\"bonjour@dicodusport.fr\",\"legalName\":\"DICODUSPORT\",\"foundingDate\":\"2018-01-14\",\"vatID\":\"FR71834470973\",\"taxID\":\"83447097300043\",\"numberOfEmployees\":{\"@type\":\"QuantitativeValue\",\"minValue\":\"1\",\"maxValue\":\"10\"}},{\"@type\":\"Person\",\"@id\":\"https:\/\/dicodusport.fr\/blog\/#\/schema\/person\/55dcb50ad410894e431ed812bbb70191\",\"name\":\"Nicolas Jacquemard\",\"image\":{\"@type\":\"ImageObject\",\"inLanguage\":\"fr-FR\",\"@id\":\"https:\/\/dicodusport.fr\/blog\/#\/schema\/person\/image\/\",\"url\":\"https:\/\/dicodusport.fr\/blog\/wp-content\/uploads\/2021\/05\/Nicolas-Jacquemard-150x150.jpeg\",\"contentUrl\":\"https:\/\/dicodusport.fr\/blog\/wp-content\/uploads\/2021\/05\/Nicolas-Jacquemard-150x150.jpeg\",\"caption\":\"Nicolas Jacquemard\"},\"description\":\"Passionn\u00e9 de sport et entrepreneur depuis mes 18 ans, la cr\u00e9ation de Dicodusport m'a sembl\u00e9 \u00e9vidente pour participer \u00e0 la m\u00e9diatisation d'un plus grand nombre de sports. Le chemin est long mais avec une \u00e9quipe des plus motiv\u00e9es et les Jeux Olympiques de Paris 2024 en point de mire, nous y arriverons ! Journaliste dans le monde du sport depuis plus de 5 ans, je traite aussi bien de football, de rugby, de biathlon que de cyclisme.\",\"sameAs\":[\"https:\/\/www.facebook.com\/dicodusport\",\"https:\/\/x.com\/https:\/\/twitter.com\/Nico_Jacquemard\"],\"url\":\"https:\/\/dicodusport.fr\/blog\/author\/dicodusport\/\"}]}<\/script>\n<!-- \/ Yoast SEO Premium plugin. -->","yoast_head_json":{"title":"OM - Atl\u00e9tico : non Zambo, tout n'est pas de ta faute !","description":"L'OM a perdu sa troisi\u00e8me finale de Ligue Europa : apr\u00e8s 1999 et 2004, il y aura maintenant 2018. L'Atl\u00e9tico Madrid d'Antoine Griezmann \u00e9tait trop fort. Tout le monde s'en est pris \u00e0 Zambo Anguissa, coupable selon eux d'un contr\u00f4le rat\u00e9 qui a amen\u00e9 le premier but. Mais non, tout n'est pas de sa faute, loin de l\u00e0 m\u00eame.","robots":{"index":"index","follow":"follow","max-snippet":"max-snippet:-1","max-image-preview":"max-image-preview:large","max-video-preview":"max-video-preview:-1"},"canonical":"https:\/\/dicodusport.fr\/blog\/om-atletico-non-zambo-tout-est-pas-de-ta-faute\/","og_locale":"fr_FR","og_type":"article","og_title":"OM - Atl\u00e9tico : non Zambo, tout n'est pas de ta faute !","og_description":"L'OM a perdu sa troisi\u00e8me finale de Ligue Europa : apr\u00e8s 1999 et 2004, il y aura maintenant 2018. L'Atl\u00e9tico Madrid d'Antoine Griezmann \u00e9tait trop fort. Tout le monde s'en est pris \u00e0 Zambo Anguissa, coupable selon eux d'un contr\u00f4le rat\u00e9 qui a amen\u00e9 le premier but. Mais non, tout n'est pas de sa faute, loin de l\u00e0 m\u00eame.","og_url":"https:\/\/dicodusport.fr\/blog\/om-atletico-non-zambo-tout-est-pas-de-ta-faute\/","og_site_name":"Dicodusport","article_publisher":"https:\/\/www.facebook.com\/dicodusport","article_author":"https:\/\/www.facebook.com\/dicodusport","article_published_time":"2018-05-17T08:00:38+00:00","article_modified_time":"2018-05-17T08:35:27+00:00","og_image":[{"width":800,"height":445,"url":"https:\/\/dicodusport.fr\/blog\/wp-content\/uploads\/2018\/05\/OM-Atle\u0301tico.png","type":"image\/png"}],"author":"Nicolas Jacquemard","twitter_card":"summary_large_image","twitter_creator":"@https:\/\/twitter.com\/Nico_Jacquemard","twitter_site":"@dicodusport","schema":{"@context":"https:\/\/schema.org","@graph":[{"@type":"NewsArticle","@id":"https:\/\/dicodusport.fr\/blog\/om-atletico-non-zambo-tout-est-pas-de-ta-faute\/#article","isPartOf":{"@id":"https:\/\/dicodusport.fr\/blog\/om-atletico-non-zambo-tout-est-pas-de-ta-faute\/"},"author":{"name":"Nicolas Jacquemard","@id":"https:\/\/dicodusport.fr\/blog\/#\/schema\/person\/55dcb50ad410894e431ed812bbb70191"},"headline":"OM &#8211; Atl\u00e9tico : non Zambo, tout n&rsquo;est pas de ta faute !","datePublished":"2018-05-17T08:00:38+00:00","dateModified":"2018-05-17T08:35:27+00:00","mainEntityOfPage":{"@id":"https:\/\/dicodusport.fr\/blog\/om-atletico-non-zambo-tout-est-pas-de-ta-faute\/"},"wordCount":500,"commentCount":0,"publisher":{"@id":"https:\/\/dicodusport.fr\/blog\/#organization"},"image":{"@id":"https:\/\/dicodusport.fr\/blog\/om-atletico-non-zambo-tout-est-pas-de-ta-faute\/#primaryimage"},"thumbnailUrl":"https:\/\/dicodusport.fr\/blog\/wp-content\/uploads\/2018\/05\/OM-Atle\u0301tico.png","keywords":["Atl\u00e9tico madrid","Football","Griezmann","Ligue Europa","OM"],"articleSection":["Actualit\u00e9s","Football"],"inLanguage":"fr-FR","potentialAction":[{"@type":"CommentAction","name":"Comment","target":["https:\/\/dicodusport.fr\/blog\/om-atletico-non-zambo-tout-est-pas-de-ta-faute\/#respond"]}],"copyrightYear":"2018","copyrightHolder":{"@id":"https:\/\/dicodusport.fr\/blog\/#organization"}},{"@type":"WebPage","@id":"https:\/\/dicodusport.fr\/blog\/om-atletico-non-zambo-tout-est-pas-de-ta-faute\/","url":"https:\/\/dicodusport.fr\/blog\/om-atletico-non-zambo-tout-est-pas-de-ta-faute\/","name":"OM - Atl\u00e9tico : non Zambo, tout n'est pas de ta faute !","isPartOf":{"@id":"https:\/\/dicodusport.fr\/blog\/#website"},"primaryImageOfPage":{"@id":"https:\/\/dicodusport.fr\/blog\/om-atletico-non-zambo-tout-est-pas-de-ta-faute\/#primaryimage"},"image":{"@id":"https:\/\/dicodusport.fr\/blog\/om-atletico-non-zambo-tout-est-pas-de-ta-faute\/#primaryimage"},"thumbnailUrl":"https:\/\/dicodusport.fr\/blog\/wp-content\/uploads\/2018\/05\/OM-Atle\u0301tico.png","datePublished":"2018-05-17T08:00:38+00:00","dateModified":"2018-05-17T08:35:27+00:00","description":"L'OM a perdu sa troisi\u00e8me finale de Ligue Europa : apr\u00e8s 1999 et 2004, il y aura maintenant 2018. L'Atl\u00e9tico Madrid d'Antoine Griezmann \u00e9tait trop fort. Tout le monde s'en est pris \u00e0 Zambo Anguissa, coupable selon eux d'un contr\u00f4le rat\u00e9 qui a amen\u00e9 le premier but. Mais non, tout n'est pas de sa faute, loin de l\u00e0 m\u00eame.","breadcrumb":{"@id":"https:\/\/dicodusport.fr\/blog\/om-atletico-non-zambo-tout-est-pas-de-ta-faute\/#breadcrumb"},"inLanguage":"fr-FR","potentialAction":[{"@type":"ReadAction","target":["https:\/\/dicodusport.fr\/blog\/om-atletico-non-zambo-tout-est-pas-de-ta-faute\/"]}]},{"@type":"ImageObject","inLanguage":"fr-FR","@id":"https:\/\/dicodusport.fr\/blog\/om-atletico-non-zambo-tout-est-pas-de-ta-faute\/#primaryimage","url":"https:\/\/dicodusport.fr\/blog\/wp-content\/uploads\/2018\/05\/OM-Atle\u0301tico.png","contentUrl":"https:\/\/dicodusport.fr\/blog\/wp-content\/uploads\/2018\/05\/OM-Atle\u0301tico.png","width":800,"height":445},{"@type":"BreadcrumbList","@id":"https:\/\/dicodusport.fr\/blog\/om-atletico-non-zambo-tout-est-pas-de-ta-faute\/#breadcrumb","itemListElement":[{"@type":"ListItem","position":1,"name":"Accueil","item":"https:\/\/dicodusport.fr\/blog\/"},{"@type":"ListItem","position":2,"name":"OM &#8211; Atl\u00e9tico : non Zambo, tout n&rsquo;est pas de ta faute !"}]},{"@type":"WebSite","@id":"https:\/\/dicodusport.fr\/blog\/#website","url":"https:\/\/dicodusport.fr\/blog\/","name":"Dicodusport","description":"L&#039;encyclop\u00e9die de l&#039;actualit\u00e9 sportive","publisher":{"@id":"https:\/\/dicodusport.fr\/blog\/#organization"},"potentialAction":[{"@type":"SearchAction","target":{"@type":"EntryPoint","urlTemplate":"https:\/\/dicodusport.fr\/blog\/?s={search_term_string}"},"query-input":{"@type":"PropertyValueSpecification","valueRequired":true,"valueName":"search_term_string"}}],"inLanguage":"fr-FR"},{"@type":"NewsMediaOrganization","@id":"https:\/\/dicodusport.fr\/blog\/#organization","name":"Dicodusport","url":"https:\/\/dicodusport.fr\/blog\/","logo":{"@type":"ImageObject","inLanguage":"fr-FR","@id":"https:\/\/dicodusport.fr\/blog\/#\/schema\/logo\/image\/","url":"https:\/\/dicodusport.fr\/blog\/wp-content\/uploads\/2020\/06\/cropped-LOGO-DICODUSPORT-2020-SANS-FOND-SANS-TEXTE.png","contentUrl":"https:\/\/dicodusport.fr\/blog\/wp-content\/uploads\/2020\/06\/cropped-LOGO-DICODUSPORT-2020-SANS-FOND-SANS-TEXTE.png","width":512,"height":512,"caption":"Dicodusport"},"image":{"@id":"https:\/\/dicodusport.fr\/blog\/#\/schema\/logo\/image\/"},"sameAs":["https:\/\/www.facebook.com\/dicodusport","https:\/\/x.com\/dicodusport","https:\/\/www.instagram.com\/dicodusport\/","https:\/\/www.youtube.com\/channel\/UC7V2KZ5sd3htJivAbA4ZG3w"],"description":"Dicodusport est l'encyclop\u00e9die de l'actualit\u00e9 sportive.","email":"bonjour@dicodusport.fr","legalName":"DICODUSPORT","foundingDate":"2018-01-14","vatID":"FR71834470973","taxID":"83447097300043","numberOfEmployees":{"@type":"QuantitativeValue","minValue":"1","maxValue":"10"}},{"@type":"Person","@id":"https:\/\/dicodusport.fr\/blog\/#\/schema\/person\/55dcb50ad410894e431ed812bbb70191","name":"Nicolas Jacquemard","image":{"@type":"ImageObject","inLanguage":"fr-FR","@id":"https:\/\/dicodusport.fr\/blog\/#\/schema\/person\/image\/","url":"https:\/\/dicodusport.fr\/blog\/wp-content\/uploads\/2021\/05\/Nicolas-Jacquemard-150x150.jpeg","contentUrl":"https:\/\/dicodusport.fr\/blog\/wp-content\/uploads\/2021\/05\/Nicolas-Jacquemard-150x150.jpeg","caption":"Nicolas Jacquemard"},"description":"Passionn\u00e9 de sport et entrepreneur depuis mes 18 ans, la cr\u00e9ation de Dicodusport m'a sembl\u00e9 \u00e9vidente pour participer \u00e0 la m\u00e9diatisation d'un plus grand nombre de sports. Le chemin est long mais avec une \u00e9quipe des plus motiv\u00e9es et les Jeux Olympiques de Paris 2024 en point de mire, nous y arriverons ! Journaliste dans le monde du sport depuis plus de 5 ans, je traite aussi bien de football, de rugby, de biathlon que de cyclisme.","sameAs":["https:\/\/www.facebook.com\/dicodusport","https:\/\/x.com\/https:\/\/twitter.com\/Nico_Jacquemard"],"url":"https:\/\/dicodusport.fr\/blog\/author\/dicodusport\/"}]}},"_links":{"self":[{"href":"https:\/\/dicodusport.fr\/blog\/wp-json\/wp\/v2\/posts\/18454","targetHints":{"allow":["GET"]}}],"collection":[{"href":"https:\/\/dicodusport.fr\/blog\/wp-json\/wp\/v2\/posts"}],"about":[{"href":"https:\/\/dicodusport.fr\/blog\/wp-json\/wp\/v2\/types\/post"}],"author":[{"embeddable":true,"href":"https:\/\/dicodusport.fr\/blog\/wp-json\/wp\/v2\/users\/1"}],"replies":[{"embeddable":true,"href":"https:\/\/dicodusport.fr\/blog\/wp-json\/wp\/v2\/comments?post=18454"}],"version-history":[{"count":0,"href":"https:\/\/dicodusport.fr\/blog\/wp-json\/wp\/v2\/posts\/18454\/revisions"}],"wp:featuredmedia":[{"embeddable":true,"href":"https:\/\/dicodusport.fr\/blog\/wp-json\/wp\/v2\/media\/18461"}],"wp:attachment":[{"href":"https:\/\/dicodusport.fr\/blog\/wp-json\/wp\/v2\/media?parent=18454"}],"wp:term":[{"taxonomy":"category","embeddable":true,"href":"https:\/\/dicodusport.fr\/blog\/wp-json\/wp\/v2\/categories?post=18454"},{"taxonomy":"post_tag","embeddable":true,"href":"https:\/\/dicodusport.fr\/blog\/wp-json\/wp\/v2\/tags?post=18454"}],"curies":[{"name":"wp","href":"https:\/\/api.w.org\/{rel}","templated":true}]}}