{"id":185068,"date":"2021-12-11T16:35:47","date_gmt":"2021-12-11T15:35:47","guid":{"rendered":"https:\/\/dicodusport.fr\/blog\/?p=185068"},"modified":"2021-12-11T21:02:05","modified_gmt":"2021-12-11T20:02:05","slug":"coupe-du-monde-de-skicross-terence-tchiknavorian-lemporte-a-val-thorens","status":"publish","type":"post","link":"https:\/\/dicodusport.fr\/blog\/coupe-du-monde-de-skicross-terence-tchiknavorian-lemporte-a-val-thorens\/","title":{"rendered":"Coupe du monde de skicross : Terence Tchiknavorian l&#8217;emporte \u00e0 Val Thorens"},"content":{"rendered":"<p style=\"text-align: justify;\"><strong><em>COUPE DU MONDE DE SKICROSS 2021-2022 &#8211; Quelle belle journ\u00e9e pour les Bleu(e)s ! Pour l&rsquo;\u00e9tape \u00e0 domicile, les skieurs tricolores ont r\u00e9gal\u00e9 \u00e0 Val Thorens. L&rsquo;annulation d&rsquo;hier valait le coup puisque Terence Tchiknavorian s&rsquo;offre la victoire devant un autre Fran\u00e7ais, Bastien Midol, ainsi qu&rsquo;une troisi\u00e8me place chez les femmes.<\/em><\/strong><\/p>\n<h2 style=\"text-align: justify;\">Grande premi\u00e8re \u00e0 la maison<\/h2>\n<p style=\"text-align: justify;\">Il n&rsquo;avait jamais gagn\u00e9 en Coupe du monde, c&rsquo;est maintenant chose faite et qui plus est, \u00e0 domicile ! Malheureux il y a quatre ans apr\u00e8s sa blessure qui l&rsquo;avait priv\u00e9 des Jeux Olympiques de Pyeongchang, <strong>Terence Tchiknavorian<\/strong> a pris sa revanche au meilleur moment. Troisi\u00e8me des qualifications, l&rsquo;Avignonnais de 29 ans remporte sa premi\u00e8re manche de Coupe du monde de sa carri\u00e8re, l\u00e0 o\u00f9 il avait sign\u00e9 son premier podium quatre ans plus t\u00f4t. Une performance majuscule puisqu&rsquo;il n&rsquo;a jamais \u00e9t\u00e9 inqui\u00e9t\u00e9 de la journ\u00e9e, malgr\u00e9 l&rsquo;\u00e9pais brouillard et les interruptions de course. \u00c0 n&rsquo;en pas douter, il faudra faire avec lui pour les Jeux Olympiques de P\u00e9kin.<\/p>\n<p style=\"text-align: justify;\">Et comme la f\u00eate n&rsquo;est jamais finie, <strong>Bastien Midol<\/strong> accompagne son compatriote sur le podium en terminant \u00e0 la deuxi\u00e8me place. L&rsquo;Allemand <strong>Florian Wilmsmann<\/strong> compl\u00e8te le podium. \u00c0 noter qu&rsquo;un troisi\u00e8me fran\u00e7ais \u00e9tait en demi-finale, le champion olympique de Sotchi <strong>Jean-Fr\u00e9d\u00e9ric Chapuis<\/strong> prend en effet la 7\u00e8me place.<\/p>\n<p style=\"text-align: justify;\">Chez les femmes aussi, elles \u00e9taient trois fran\u00e7aises en demi-finale, dans la m\u00eame manche ! Il y avait une place assur\u00e9e pour la finale pour une des trois, et c&rsquo;est finalement <strong>Marielle Berger-Sabbatel<\/strong> et <strong>Aliz\u00e9e Baron<\/strong> qui passaient. <strong>Jade Grillet-Aubert<\/strong> \u00e9tait \u00e9limin\u00e9e, avant de terminer derni\u00e8re de la petite finale. Derri\u00e8re l&rsquo;intouchable <strong>Sandra Naeslund<\/strong>, les Fran\u00e7aises ont bataill\u00e9 et prennent la troisi\u00e8me place, pour <strong>Marielle Berger-Sabbatel<\/strong> et la 4\u00e8me place pour <strong>Aliz\u00e9e Baron<\/strong>. La Canadienne <strong>Brittany Phelan<\/strong> s&rsquo;intercale en deuxi\u00e8me position .<\/p>\n<blockquote class=\"twitter-tweet\">\n<p dir=\"ltr\" lang=\"fr\">Le doubl\u00e9 fran\u00e7ais \u00e0 domicile \u00e0 <a href=\"https:\/\/twitter.com\/Val_Tho?ref_src=twsrc%5Etfw\">@Val_Tho<\/a> ! Terence Tchiknavorian s&rsquo;impose devant Bastien Midol ! Quel samedi. <a href=\"https:\/\/twitter.com\/hashtag\/skicross?src=hash&amp;ref_src=twsrc%5Etfw\">#skicross<\/a> <a href=\"https:\/\/twitter.com\/FedFranceSki?ref_src=twsrc%5Etfw\">@FedFranceSki<\/a> <a href=\"https:\/\/t.co\/Xk8zug1DJl\">pic.twitter.com\/Xk8zug1DJl<\/a><\/p>\n<p>\u2014 Chalet &#x2744;&#xfe0f; Club (@ChaletClub2021) <a href=\"https:\/\/twitter.com\/ChaletClub2021\/status\/1469677822134427652?ref_src=twsrc%5Etfw\">December 11, 2021<\/a><\/p><\/blockquote>\n<p><script async src=\"https:\/\/platform.twitter.com\/widgets.js\" charset=\"utf-8\"><\/script><\/p>\n","protected":false},"excerpt":{"rendered":"<p>COUPE DU MONDE DE SKICROSS 2021-2022 &#8211; Quelle belle journ\u00e9e pour les Bleu(e)s ! Pour l&rsquo;\u00e9tape \u00e0 domicile, les skieurs tricolores ont r\u00e9gal\u00e9 \u00e0 Val Thorens. L&rsquo;annulation d&rsquo;hier valait le coup puisque Terence Tchiknavorian s&rsquo;offre la victoire devant un autre Fran\u00e7ais, Bastien Midol, ainsi qu&rsquo;une troisi\u00e8me place chez les femmes.<\/p>\n","protected":false},"author":43,"featured_media":185091,"comment_status":"open","ping_status":"closed","sticky":false,"template":"","format":"standard","meta":{"_acf_changed":false,"_daextam_enable_autolinks":"","footnotes":""},"categories":[9217],"tags":[9411,13800,2947],"class_list":["post-185068","post","type-post","status-publish","format-standard","has-post-thumbnail","hentry","category-ski","tag-bastien-midol","tag-marielle-berger-sabbatel","tag-skicross"],"acf":[],"yoast_head":"<!-- This site is optimized with the Yoast SEO Premium plugin v26.7 (Yoast SEO v26.7) - https:\/\/yoast.com\/wordpress\/plugins\/seo\/ -->\n<title>Coupe du monde de skicross : Terence Tchiknavorian l&#039;emporte \u00e0 Val Thorens<\/title>\n<meta name=\"description\" content=\"Premi\u00e8re victoire en carri\u00e8re pour Terence Tchiknavorian Coupe du monde de skicross, qui signe un joli doubl\u00e9 \u00e0 domicile avec Bastien Midol.\" \/>\n<meta name=\"robots\" content=\"index, follow, max-snippet:-1, max-image-preview:large, max-video-preview:-1\" \/>\n<link rel=\"canonical\" href=\"https:\/\/dicodusport.fr\/blog\/coupe-du-monde-de-skicross-terence-tchiknavorian-lemporte-a-val-thorens\/\" \/>\n<meta property=\"og:locale\" content=\"fr_FR\" \/>\n<meta property=\"og:type\" content=\"article\" \/>\n<meta property=\"og:title\" content=\"Coupe du monde de skicross : Terence Tchiknavorian l&#039;emporte \u00e0 Val Thorens\" \/>\n<meta property=\"og:description\" content=\"Premi\u00e8re victoire en carri\u00e8re pour Terence Tchiknavorian Coupe du monde de skicross, qui signe un joli doubl\u00e9 \u00e0 domicile avec Bastien Midol.\" \/>\n<meta property=\"og:url\" content=\"https:\/\/dicodusport.fr\/blog\/coupe-du-monde-de-skicross-terence-tchiknavorian-lemporte-a-val-thorens\/\" \/>\n<meta property=\"og:site_name\" content=\"Dicodusport\" \/>\n<meta property=\"article:publisher\" content=\"https:\/\/www.facebook.com\/dicodusport\" \/>\n<meta property=\"article:author\" content=\"https:\/\/www.facebook.com\/Max.Bld2\/\" \/>\n<meta property=\"article:published_time\" content=\"2021-12-11T15:35:47+00:00\" \/>\n<meta property=\"article:modified_time\" content=\"2021-12-11T20:02:05+00:00\" \/>\n<meta property=\"og:image\" content=\"https:\/\/dicodusport.fr\/blog\/wp-content\/uploads\/2021\/12\/Coupe-du-monde-de-skicross-Terence-Tchiknavorian-lemporte-a-Val-Thorens.png\" \/>\n\t<meta property=\"og:image:width\" content=\"800\" \/>\n\t<meta property=\"og:image:height\" content=\"445\" \/>\n\t<meta property=\"og:image:type\" content=\"image\/png\" \/>\n<meta name=\"author\" content=\"Maxime Boulard\" \/>\n<meta name=\"twitter:card\" content=\"summary_large_image\" \/>\n<meta name=\"twitter:title\" content=\"Coupe du monde de skicross : Terence Tchiknavorian l&#039;emporte \u00e0 Val Thorens\" \/>\n<meta name=\"twitter:creator\" content=\"@https:\/\/twitter.com\/MaximeB_2\" \/>\n<meta name=\"twitter:site\" content=\"@dicodusport\" \/>\n<script type=\"application\/ld+json\" class=\"yoast-schema-graph\">{\"@context\":\"https:\/\/schema.org\",\"@graph\":[{\"@type\":\"NewsArticle\",\"@id\":\"https:\/\/dicodusport.fr\/blog\/coupe-du-monde-de-skicross-terence-tchiknavorian-lemporte-a-val-thorens\/#article\",\"isPartOf\":{\"@id\":\"https:\/\/dicodusport.fr\/blog\/coupe-du-monde-de-skicross-terence-tchiknavorian-lemporte-a-val-thorens\/\"},\"author\":{\"name\":\"Maxime Boulard\",\"@id\":\"https:\/\/dicodusport.fr\/blog\/#\/schema\/person\/5aab10ee856e86ac63e9819a9da34784\"},\"headline\":\"Coupe du monde de skicross : Terence Tchiknavorian l&#8217;emporte \u00e0 Val Thorens\",\"datePublished\":\"2021-12-11T15:35:47+00:00\",\"dateModified\":\"2021-12-11T20:02:05+00:00\",\"mainEntityOfPage\":{\"@id\":\"https:\/\/dicodusport.fr\/blog\/coupe-du-monde-de-skicross-terence-tchiknavorian-lemporte-a-val-thorens\/\"},\"wordCount\":376,\"commentCount\":0,\"publisher\":{\"@id\":\"https:\/\/dicodusport.fr\/blog\/#organization\"},\"image\":{\"@id\":\"https:\/\/dicodusport.fr\/blog\/coupe-du-monde-de-skicross-terence-tchiknavorian-lemporte-a-val-thorens\/#primaryimage\"},\"thumbnailUrl\":\"https:\/\/dicodusport.fr\/blog\/wp-content\/uploads\/2021\/12\/Coupe-du-monde-de-skicross-Terence-Tchiknavorian-lemporte-a-Val-Thorens.png\",\"keywords\":[\"Bastien Midol\",\"Marielle Berger Sabbatel\",\"skicross\"],\"articleSection\":[\"Ski\"],\"inLanguage\":\"fr-FR\",\"potentialAction\":[{\"@type\":\"CommentAction\",\"name\":\"Comment\",\"target\":[\"https:\/\/dicodusport.fr\/blog\/coupe-du-monde-de-skicross-terence-tchiknavorian-lemporte-a-val-thorens\/#respond\"]}],\"copyrightYear\":\"2021\",\"copyrightHolder\":{\"@id\":\"https:\/\/dicodusport.fr\/blog\/#organization\"}},{\"@type\":\"WebPage\",\"@id\":\"https:\/\/dicodusport.fr\/blog\/coupe-du-monde-de-skicross-terence-tchiknavorian-lemporte-a-val-thorens\/\",\"url\":\"https:\/\/dicodusport.fr\/blog\/coupe-du-monde-de-skicross-terence-tchiknavorian-lemporte-a-val-thorens\/\",\"name\":\"Coupe du monde de skicross : Terence Tchiknavorian l'emporte \u00e0 Val Thorens\",\"isPartOf\":{\"@id\":\"https:\/\/dicodusport.fr\/blog\/#website\"},\"primaryImageOfPage\":{\"@id\":\"https:\/\/dicodusport.fr\/blog\/coupe-du-monde-de-skicross-terence-tchiknavorian-lemporte-a-val-thorens\/#primaryimage\"},\"image\":{\"@id\":\"https:\/\/dicodusport.fr\/blog\/coupe-du-monde-de-skicross-terence-tchiknavorian-lemporte-a-val-thorens\/#primaryimage\"},\"thumbnailUrl\":\"https:\/\/dicodusport.fr\/blog\/wp-content\/uploads\/2021\/12\/Coupe-du-monde-de-skicross-Terence-Tchiknavorian-lemporte-a-Val-Thorens.png\",\"datePublished\":\"2021-12-11T15:35:47+00:00\",\"dateModified\":\"2021-12-11T20:02:05+00:00\",\"description\":\"Premi\u00e8re victoire en carri\u00e8re pour Terence Tchiknavorian Coupe du monde de skicross, qui signe un joli doubl\u00e9 \u00e0 domicile avec Bastien Midol.\",\"breadcrumb\":{\"@id\":\"https:\/\/dicodusport.fr\/blog\/coupe-du-monde-de-skicross-terence-tchiknavorian-lemporte-a-val-thorens\/#breadcrumb\"},\"inLanguage\":\"fr-FR\",\"potentialAction\":[{\"@type\":\"ReadAction\",\"target\":[\"https:\/\/dicodusport.fr\/blog\/coupe-du-monde-de-skicross-terence-tchiknavorian-lemporte-a-val-thorens\/\"]}]},{\"@type\":\"ImageObject\",\"inLanguage\":\"fr-FR\",\"@id\":\"https:\/\/dicodusport.fr\/blog\/coupe-du-monde-de-skicross-terence-tchiknavorian-lemporte-a-val-thorens\/#primaryimage\",\"url\":\"https:\/\/dicodusport.fr\/blog\/wp-content\/uploads\/2021\/12\/Coupe-du-monde-de-skicross-Terence-Tchiknavorian-lemporte-a-Val-Thorens.png\",\"contentUrl\":\"https:\/\/dicodusport.fr\/blog\/wp-content\/uploads\/2021\/12\/Coupe-du-monde-de-skicross-Terence-Tchiknavorian-lemporte-a-Val-Thorens.png\",\"width\":800,\"height\":445,\"caption\":\"Coupe du monde de skicross Terence Tchiknavorian l'emporte \u00e0 Val Thorens\"},{\"@type\":\"BreadcrumbList\",\"@id\":\"https:\/\/dicodusport.fr\/blog\/coupe-du-monde-de-skicross-terence-tchiknavorian-lemporte-a-val-thorens\/#breadcrumb\",\"itemListElement\":[{\"@type\":\"ListItem\",\"position\":1,\"name\":\"Accueil\",\"item\":\"https:\/\/dicodusport.fr\/blog\/\"},{\"@type\":\"ListItem\",\"position\":2,\"name\":\"Coupe du monde de skicross : Terence Tchiknavorian l&#8217;emporte \u00e0 Val Thorens\"}]},{\"@type\":\"WebSite\",\"@id\":\"https:\/\/dicodusport.fr\/blog\/#website\",\"url\":\"https:\/\/dicodusport.fr\/blog\/\",\"name\":\"Dicodusport\",\"description\":\"L&#039;encyclop\u00e9die de l&#039;actualit\u00e9 sportive\",\"publisher\":{\"@id\":\"https:\/\/dicodusport.fr\/blog\/#organization\"},\"potentialAction\":[{\"@type\":\"SearchAction\",\"target\":{\"@type\":\"EntryPoint\",\"urlTemplate\":\"https:\/\/dicodusport.fr\/blog\/?s={search_term_string}\"},\"query-input\":{\"@type\":\"PropertyValueSpecification\",\"valueRequired\":true,\"valueName\":\"search_term_string\"}}],\"inLanguage\":\"fr-FR\"},{\"@type\":\"NewsMediaOrganization\",\"@id\":\"https:\/\/dicodusport.fr\/blog\/#organization\",\"name\":\"Dicodusport\",\"url\":\"https:\/\/dicodusport.fr\/blog\/\",\"logo\":{\"@type\":\"ImageObject\",\"inLanguage\":\"fr-FR\",\"@id\":\"https:\/\/dicodusport.fr\/blog\/#\/schema\/logo\/image\/\",\"url\":\"https:\/\/dicodusport.fr\/blog\/wp-content\/uploads\/2020\/06\/cropped-LOGO-DICODUSPORT-2020-SANS-FOND-SANS-TEXTE.png\",\"contentUrl\":\"https:\/\/dicodusport.fr\/blog\/wp-content\/uploads\/2020\/06\/cropped-LOGO-DICODUSPORT-2020-SANS-FOND-SANS-TEXTE.png\",\"width\":512,\"height\":512,\"caption\":\"Dicodusport\"},\"image\":{\"@id\":\"https:\/\/dicodusport.fr\/blog\/#\/schema\/logo\/image\/\"},\"sameAs\":[\"https:\/\/www.facebook.com\/dicodusport\",\"https:\/\/x.com\/dicodusport\",\"https:\/\/www.instagram.com\/dicodusport\/\",\"https:\/\/www.youtube.com\/channel\/UC7V2KZ5sd3htJivAbA4ZG3w\"],\"description\":\"Dicodusport est l'encyclop\u00e9die de l'actualit\u00e9 sportive.\",\"email\":\"bonjour@dicodusport.fr\",\"legalName\":\"DICODUSPORT\",\"foundingDate\":\"2018-01-14\",\"vatID\":\"FR71834470973\",\"taxID\":\"83447097300043\",\"numberOfEmployees\":{\"@type\":\"QuantitativeValue\",\"minValue\":\"1\",\"maxValue\":\"10\"}},{\"@type\":\"Person\",\"@id\":\"https:\/\/dicodusport.fr\/blog\/#\/schema\/person\/5aab10ee856e86ac63e9819a9da34784\",\"name\":\"Maxime Boulard\",\"image\":{\"@type\":\"ImageObject\",\"inLanguage\":\"fr-FR\",\"@id\":\"https:\/\/dicodusport.fr\/blog\/#\/schema\/person\/image\/\",\"url\":\"https:\/\/dicodusport.fr\/blog\/wp-content\/uploads\/2021\/05\/Maxime-Boulard-150x150.jpg\",\"contentUrl\":\"https:\/\/dicodusport.fr\/blog\/wp-content\/uploads\/2021\/05\/Maxime-Boulard-150x150.jpg\",\"caption\":\"Maxime Boulard\"},\"description\":\"Journaliste\/r\u00e9dacteur depuis octobre 2020 - Si mon plus vieux souvenir de sport aurait pu m'en d\u00e9go\u00fbter, la finale de la Coupe du monde 2006 a \u00e9t\u00e9 tout le contraire. V\u00e9ritable d\u00e9clencheur d'une passion qui aujourd'hui ne fait que grandir avec le temps, mon leitmotiv est la France qui brille ! Je relate les exploits pass\u00e9s et pr\u00e9sents du sport bleu-blanc-rouge sans m\u00e9nagement depuis octobre 2020. Sport valide ou handisport, aucune diff\u00e9rence, il n'y a que du sport et plusieurs fa\u00e7ons de le pratiquer.\",\"sameAs\":[\"https:\/\/www.facebook.com\/Max.Bld2\/\",\"https:\/\/x.com\/https:\/\/twitter.com\/MaximeB_2\"],\"url\":\"https:\/\/dicodusport.fr\/blog\/author\/maxime-b\/\"}]}<\/script>\n<!-- \/ Yoast SEO Premium plugin. -->","yoast_head_json":{"title":"Coupe du monde de skicross : Terence Tchiknavorian l'emporte \u00e0 Val Thorens","description":"Premi\u00e8re victoire en carri\u00e8re pour Terence Tchiknavorian Coupe du monde de skicross, qui signe un joli doubl\u00e9 \u00e0 domicile avec Bastien Midol.","robots":{"index":"index","follow":"follow","max-snippet":"max-snippet:-1","max-image-preview":"max-image-preview:large","max-video-preview":"max-video-preview:-1"},"canonical":"https:\/\/dicodusport.fr\/blog\/coupe-du-monde-de-skicross-terence-tchiknavorian-lemporte-a-val-thorens\/","og_locale":"fr_FR","og_type":"article","og_title":"Coupe du monde de skicross : Terence Tchiknavorian l'emporte \u00e0 Val Thorens","og_description":"Premi\u00e8re victoire en carri\u00e8re pour Terence Tchiknavorian Coupe du monde de skicross, qui signe un joli doubl\u00e9 \u00e0 domicile avec Bastien Midol.","og_url":"https:\/\/dicodusport.fr\/blog\/coupe-du-monde-de-skicross-terence-tchiknavorian-lemporte-a-val-thorens\/","og_site_name":"Dicodusport","article_publisher":"https:\/\/www.facebook.com\/dicodusport","article_author":"https:\/\/www.facebook.com\/Max.Bld2\/","article_published_time":"2021-12-11T15:35:47+00:00","article_modified_time":"2021-12-11T20:02:05+00:00","og_image":[{"width":800,"height":445,"url":"https:\/\/dicodusport.fr\/blog\/wp-content\/uploads\/2021\/12\/Coupe-du-monde-de-skicross-Terence-Tchiknavorian-lemporte-a-Val-Thorens.png","type":"image\/png"}],"author":"Maxime Boulard","twitter_card":"summary_large_image","twitter_title":"Coupe du monde de skicross : Terence Tchiknavorian l'emporte \u00e0 Val Thorens","twitter_creator":"@https:\/\/twitter.com\/MaximeB_2","twitter_site":"@dicodusport","schema":{"@context":"https:\/\/schema.org","@graph":[{"@type":"NewsArticle","@id":"https:\/\/dicodusport.fr\/blog\/coupe-du-monde-de-skicross-terence-tchiknavorian-lemporte-a-val-thorens\/#article","isPartOf":{"@id":"https:\/\/dicodusport.fr\/blog\/coupe-du-monde-de-skicross-terence-tchiknavorian-lemporte-a-val-thorens\/"},"author":{"name":"Maxime Boulard","@id":"https:\/\/dicodusport.fr\/blog\/#\/schema\/person\/5aab10ee856e86ac63e9819a9da34784"},"headline":"Coupe du monde de skicross : Terence Tchiknavorian l&#8217;emporte \u00e0 Val Thorens","datePublished":"2021-12-11T15:35:47+00:00","dateModified":"2021-12-11T20:02:05+00:00","mainEntityOfPage":{"@id":"https:\/\/dicodusport.fr\/blog\/coupe-du-monde-de-skicross-terence-tchiknavorian-lemporte-a-val-thorens\/"},"wordCount":376,"commentCount":0,"publisher":{"@id":"https:\/\/dicodusport.fr\/blog\/#organization"},"image":{"@id":"https:\/\/dicodusport.fr\/blog\/coupe-du-monde-de-skicross-terence-tchiknavorian-lemporte-a-val-thorens\/#primaryimage"},"thumbnailUrl":"https:\/\/dicodusport.fr\/blog\/wp-content\/uploads\/2021\/12\/Coupe-du-monde-de-skicross-Terence-Tchiknavorian-lemporte-a-Val-Thorens.png","keywords":["Bastien Midol","Marielle Berger Sabbatel","skicross"],"articleSection":["Ski"],"inLanguage":"fr-FR","potentialAction":[{"@type":"CommentAction","name":"Comment","target":["https:\/\/dicodusport.fr\/blog\/coupe-du-monde-de-skicross-terence-tchiknavorian-lemporte-a-val-thorens\/#respond"]}],"copyrightYear":"2021","copyrightHolder":{"@id":"https:\/\/dicodusport.fr\/blog\/#organization"}},{"@type":"WebPage","@id":"https:\/\/dicodusport.fr\/blog\/coupe-du-monde-de-skicross-terence-tchiknavorian-lemporte-a-val-thorens\/","url":"https:\/\/dicodusport.fr\/blog\/coupe-du-monde-de-skicross-terence-tchiknavorian-lemporte-a-val-thorens\/","name":"Coupe du monde de skicross : Terence Tchiknavorian l'emporte \u00e0 Val Thorens","isPartOf":{"@id":"https:\/\/dicodusport.fr\/blog\/#website"},"primaryImageOfPage":{"@id":"https:\/\/dicodusport.fr\/blog\/coupe-du-monde-de-skicross-terence-tchiknavorian-lemporte-a-val-thorens\/#primaryimage"},"image":{"@id":"https:\/\/dicodusport.fr\/blog\/coupe-du-monde-de-skicross-terence-tchiknavorian-lemporte-a-val-thorens\/#primaryimage"},"thumbnailUrl":"https:\/\/dicodusport.fr\/blog\/wp-content\/uploads\/2021\/12\/Coupe-du-monde-de-skicross-Terence-Tchiknavorian-lemporte-a-Val-Thorens.png","datePublished":"2021-12-11T15:35:47+00:00","dateModified":"2021-12-11T20:02:05+00:00","description":"Premi\u00e8re victoire en carri\u00e8re pour Terence Tchiknavorian Coupe du monde de skicross, qui signe un joli doubl\u00e9 \u00e0 domicile avec Bastien Midol.","breadcrumb":{"@id":"https:\/\/dicodusport.fr\/blog\/coupe-du-monde-de-skicross-terence-tchiknavorian-lemporte-a-val-thorens\/#breadcrumb"},"inLanguage":"fr-FR","potentialAction":[{"@type":"ReadAction","target":["https:\/\/dicodusport.fr\/blog\/coupe-du-monde-de-skicross-terence-tchiknavorian-lemporte-a-val-thorens\/"]}]},{"@type":"ImageObject","inLanguage":"fr-FR","@id":"https:\/\/dicodusport.fr\/blog\/coupe-du-monde-de-skicross-terence-tchiknavorian-lemporte-a-val-thorens\/#primaryimage","url":"https:\/\/dicodusport.fr\/blog\/wp-content\/uploads\/2021\/12\/Coupe-du-monde-de-skicross-Terence-Tchiknavorian-lemporte-a-Val-Thorens.png","contentUrl":"https:\/\/dicodusport.fr\/blog\/wp-content\/uploads\/2021\/12\/Coupe-du-monde-de-skicross-Terence-Tchiknavorian-lemporte-a-Val-Thorens.png","width":800,"height":445,"caption":"Coupe du monde de skicross Terence Tchiknavorian l'emporte \u00e0 Val Thorens"},{"@type":"BreadcrumbList","@id":"https:\/\/dicodusport.fr\/blog\/coupe-du-monde-de-skicross-terence-tchiknavorian-lemporte-a-val-thorens\/#breadcrumb","itemListElement":[{"@type":"ListItem","position":1,"name":"Accueil","item":"https:\/\/dicodusport.fr\/blog\/"},{"@type":"ListItem","position":2,"name":"Coupe du monde de skicross : Terence Tchiknavorian l&#8217;emporte \u00e0 Val Thorens"}]},{"@type":"WebSite","@id":"https:\/\/dicodusport.fr\/blog\/#website","url":"https:\/\/dicodusport.fr\/blog\/","name":"Dicodusport","description":"L&#039;encyclop\u00e9die de l&#039;actualit\u00e9 sportive","publisher":{"@id":"https:\/\/dicodusport.fr\/blog\/#organization"},"potentialAction":[{"@type":"SearchAction","target":{"@type":"EntryPoint","urlTemplate":"https:\/\/dicodusport.fr\/blog\/?s={search_term_string}"},"query-input":{"@type":"PropertyValueSpecification","valueRequired":true,"valueName":"search_term_string"}}],"inLanguage":"fr-FR"},{"@type":"NewsMediaOrganization","@id":"https:\/\/dicodusport.fr\/blog\/#organization","name":"Dicodusport","url":"https:\/\/dicodusport.fr\/blog\/","logo":{"@type":"ImageObject","inLanguage":"fr-FR","@id":"https:\/\/dicodusport.fr\/blog\/#\/schema\/logo\/image\/","url":"https:\/\/dicodusport.fr\/blog\/wp-content\/uploads\/2020\/06\/cropped-LOGO-DICODUSPORT-2020-SANS-FOND-SANS-TEXTE.png","contentUrl":"https:\/\/dicodusport.fr\/blog\/wp-content\/uploads\/2020\/06\/cropped-LOGO-DICODUSPORT-2020-SANS-FOND-SANS-TEXTE.png","width":512,"height":512,"caption":"Dicodusport"},"image":{"@id":"https:\/\/dicodusport.fr\/blog\/#\/schema\/logo\/image\/"},"sameAs":["https:\/\/www.facebook.com\/dicodusport","https:\/\/x.com\/dicodusport","https:\/\/www.instagram.com\/dicodusport\/","https:\/\/www.youtube.com\/channel\/UC7V2KZ5sd3htJivAbA4ZG3w"],"description":"Dicodusport est l'encyclop\u00e9die de l'actualit\u00e9 sportive.","email":"bonjour@dicodusport.fr","legalName":"DICODUSPORT","foundingDate":"2018-01-14","vatID":"FR71834470973","taxID":"83447097300043","numberOfEmployees":{"@type":"QuantitativeValue","minValue":"1","maxValue":"10"}},{"@type":"Person","@id":"https:\/\/dicodusport.fr\/blog\/#\/schema\/person\/5aab10ee856e86ac63e9819a9da34784","name":"Maxime Boulard","image":{"@type":"ImageObject","inLanguage":"fr-FR","@id":"https:\/\/dicodusport.fr\/blog\/#\/schema\/person\/image\/","url":"https:\/\/dicodusport.fr\/blog\/wp-content\/uploads\/2021\/05\/Maxime-Boulard-150x150.jpg","contentUrl":"https:\/\/dicodusport.fr\/blog\/wp-content\/uploads\/2021\/05\/Maxime-Boulard-150x150.jpg","caption":"Maxime Boulard"},"description":"Journaliste\/r\u00e9dacteur depuis octobre 2020 - Si mon plus vieux souvenir de sport aurait pu m'en d\u00e9go\u00fbter, la finale de la Coupe du monde 2006 a \u00e9t\u00e9 tout le contraire. V\u00e9ritable d\u00e9clencheur d'une passion qui aujourd'hui ne fait que grandir avec le temps, mon leitmotiv est la France qui brille ! Je relate les exploits pass\u00e9s et pr\u00e9sents du sport bleu-blanc-rouge sans m\u00e9nagement depuis octobre 2020. Sport valide ou handisport, aucune diff\u00e9rence, il n'y a que du sport et plusieurs fa\u00e7ons de le pratiquer.","sameAs":["https:\/\/www.facebook.com\/Max.Bld2\/","https:\/\/x.com\/https:\/\/twitter.com\/MaximeB_2"],"url":"https:\/\/dicodusport.fr\/blog\/author\/maxime-b\/"}]}},"_links":{"self":[{"href":"https:\/\/dicodusport.fr\/blog\/wp-json\/wp\/v2\/posts\/185068","targetHints":{"allow":["GET"]}}],"collection":[{"href":"https:\/\/dicodusport.fr\/blog\/wp-json\/wp\/v2\/posts"}],"about":[{"href":"https:\/\/dicodusport.fr\/blog\/wp-json\/wp\/v2\/types\/post"}],"author":[{"embeddable":true,"href":"https:\/\/dicodusport.fr\/blog\/wp-json\/wp\/v2\/users\/43"}],"replies":[{"embeddable":true,"href":"https:\/\/dicodusport.fr\/blog\/wp-json\/wp\/v2\/comments?post=185068"}],"version-history":[{"count":0,"href":"https:\/\/dicodusport.fr\/blog\/wp-json\/wp\/v2\/posts\/185068\/revisions"}],"wp:featuredmedia":[{"embeddable":true,"href":"https:\/\/dicodusport.fr\/blog\/wp-json\/wp\/v2\/media\/185091"}],"wp:attachment":[{"href":"https:\/\/dicodusport.fr\/blog\/wp-json\/wp\/v2\/media?parent=185068"}],"wp:term":[{"taxonomy":"category","embeddable":true,"href":"https:\/\/dicodusport.fr\/blog\/wp-json\/wp\/v2\/categories?post=185068"},{"taxonomy":"post_tag","embeddable":true,"href":"https:\/\/dicodusport.fr\/blog\/wp-json\/wp\/v2\/tags?post=185068"}],"curies":[{"name":"wp","href":"https:\/\/api.w.org\/{rel}","templated":true}]}}