{"id":185088,"date":"2021-12-11T19:03:55","date_gmt":"2021-12-11T18:03:55","guid":{"rendered":"https:\/\/dicodusport.fr\/blog\/?p=185088&#038;preview=true&#038;preview_id=185088"},"modified":"2022-11-18T08:36:57","modified_gmt":"2022-11-18T07:36:57","slug":"le-psg-judo-realise-le-double-en-europa-league","status":"publish","type":"post","link":"https:\/\/dicodusport.fr\/blog\/le-psg-judo-realise-le-double-en-europa-league\/","title":{"rendered":"Le PSG Judo r\u00e9alise le doubl\u00e9 en Europa League !"},"content":{"rendered":"<p style=\"text-align: justify;\"><strong><em><a href=\"https:\/\/dicodusport.fr\/blog\/europa-league-de-judo-2021-le-programme-complet\/\" target=\"_blank\" rel=\"noopener\">EUROPA LEAGUE DE JUDO<\/a> &#8211; Carton plein pour le PSG Judo qui a remport\u00e9 l&rsquo;Europa League chez les hommes et les femmes !<\/em><\/strong><\/p>\n<p style=\"text-align: justify;\">Le <strong>PSG Judo<\/strong> a fait coup double \u00e0 Prague avec la victoire chez les femmes et les hommes. C&rsquo;\u00e9tait l&rsquo;objectif annonc\u00e9 : retrouver la Ligue des champions, objectif rempli donc !<\/p>\n<p style=\"text-align: justify;\">Chez les femmes, le <strong>PSG Judo<\/strong> a battu USK Judo Prague en demi-finale.<\/p>\n<p style=\"text-align: justify;\">En finale, les Parisiennes affrontaient les Russes d&rsquo;<strong>UWS<\/strong>.<\/p>\n<p style=\"text-align: justify;\">Il y a d&rsquo;abord eu un forfait russe en -52 kg.<\/p>\n<p style=\"text-align: justify;\">Apr\u00e8s un bon mouvement sur le bras gauche de la Russe Kyzy Salkarbek, <strong>Fa\u00efza Mokdar<\/strong> (-57 kg) a pris les devants. Elle s&rsquo;est finalement impos\u00e9e sur ippon.<\/p>\n<p style=\"text-align: justify;\">La N\u00e9erlandaise <strong>Sanne Vermeer<\/strong> (-63 kg) a battu Daria Kurbonmamadova sur ippon.<\/p>\n<p style=\"text-align: justify;\"><b>Marie-\u00c8ve Gahi\u00e9<\/b> a r\u00e9alis\u00e9 un ippon en 30 secondes face \u00e0 Iana Poliakova. La Russe a d\u00fb \u00eatre \u00e9vacu\u00e9e apr\u00e8s \u00eatre retomb\u00e9e sur l&rsquo;\u00e9paule.<\/p>\n<p style=\"text-align: justify;\">Comme sa co\u00e9quipi\u00e8re, <strong>Romane Dicko<\/strong> (+70 kg) a eu besoin de 30 secondes pour r\u00e9aliser un ippon face \u00e0 Daria Vladimirova.<\/p>\n<p style=\"text-align: justify;\"><strong>Victoire \u00e9clatante du PSG 5-0<\/strong> !<\/p>\n<h2>Les hommes imitent les femmes<\/h2>\n<p style=\"text-align: justify;\">Du c\u00f4t\u00e9 des <strong>hommes<\/strong>, le <strong>PSG Judo<\/strong> s&rsquo;est impos\u00e9 4-1 en huiti\u00e8mes de finale face \u00e0 Akhmat, 3-2 en quarts face \u00e0 Spartakivets et face au Lokomotiv-KBR en demies.<\/p>\n<p style=\"text-align: justify;\">On a eu le droit \u00e0 une finale franco-fran\u00e7aise entre le <strong>PSG Judo<\/strong> et <strong>Sainte-Genevi\u00e8ve Sports Judo<\/strong>.<\/p>\n<p style=\"text-align: justify;\">En -66 kg, le Moldave <strong>Denis Vieru<\/strong> (PSG) s&rsquo;est impos\u00e9, <strong>Vincent Limare<\/strong> (SGS) ayant re\u00e7u 3 p\u00e9nalit\u00e9s<\/p>\n<p style=\"text-align: justify;\">En -73 kg, <strong>Luca Otmane<\/strong> (PSG) s&rsquo;est impos\u00e9 face \u00e0 <strong>Th\u00e9o Riquin<\/strong> (SGS) au golden score.<\/p>\n<p style=\"text-align: justify;\">Gr\u00e2ce \u00e0 un uchi-mata, <strong>Arnaud Aregba<\/strong> (-81 kg) a donn\u00e9 la victoire au PSG face \u00e0 <strong>Quentin Joubert<\/strong>.<\/p>\n<p style=\"text-align: justify;\">En fin de combat de -90 kg, <strong>Davlat Bobonov<\/strong> (PSG) a inscrit un waza-ari face \u00e0 <strong>Armann Khalatian<\/strong>.<\/p>\n<p style=\"text-align: justify;\">Pour finir en +90 kg, <strong>Amadou Meite<\/strong> a sauv\u00e9 l&rsquo;honneur pour SGS Judo en s&rsquo;imposant face \u00e0 <strong>Khamzat Saparbaev<\/strong>.<\/p>\n<p style=\"text-align: justify;\">Le <strong>PSG<\/strong> remporte donc l&rsquo;or avec une <strong>victoire 4-1<\/strong>.<\/p>\n<blockquote class=\"twitter-tweet\">\n<p dir=\"ltr\" lang=\"fr\">Et c&rsquo;est le doubl\u00e9 en Europa League pour le <a href=\"https:\/\/twitter.com\/PSG_Judo?ref_src=twsrc%5Etfw\">@PSG_Judo<\/a> apr\u00e8s la victoire 4-1 des masculins lors de la finale franco-fran\u00e7aise les opposant aux Essonniens de Sainte-Genevi\u00e8ve Sports. Mission accomplie &#x1f947;&#x1f947;&#x1f1eb;&#x1f1f7;&#x1f94b;&#x1f534;&#x1f535;<a href=\"https:\/\/twitter.com\/hashtag\/ICICESTPARIS?src=hash&amp;ref_src=twsrc%5Etfw\">#ICICESTPARIS<\/a> <a href=\"https:\/\/twitter.com\/hashtag\/allezparis?src=hash&amp;ref_src=twsrc%5Etfw\">#allezparis<\/a> <a href=\"https:\/\/twitter.com\/PSG_inside?ref_src=twsrc%5Etfw\">@PSG_inside<\/a> <a href=\"https:\/\/twitter.com\/francejudo_?ref_src=twsrc%5Etfw\">@francejudo_<\/a> <a href=\"https:\/\/t.co\/sIl8cxpSmh\">pic.twitter.com\/sIl8cxpSmh<\/a><\/p>\n<p>\u2014 PSG Judo (@PSG_Judo) <a href=\"https:\/\/twitter.com\/PSG_Judo\/status\/1469714649083957256?ref_src=twsrc%5Etfw\">December 11, 2021<\/a><\/p><\/blockquote>\n<p><script async src=\"https:\/\/platform.twitter.com\/widgets.js\" charset=\"utf-8\"><\/script><\/p>\n<p style=\"text-align: justify;\">Auparavant, <strong>SGS Judo<\/strong> s&rsquo;\u00e9tait impos\u00e9 3-2 face \u00e0 UWS, Dnipro et Sorbis. 5e en 2019, c&rsquo;est une belle <strong>m\u00e9daille d&rsquo;argent<\/strong> pour le club du 91.<\/p>\n<p>Le <strong>Dojo B\u00e9glais<\/strong> s&rsquo;est inclin\u00e9 2-3 en huiti\u00e8mes face \u00e0 Prague.<\/p>\n<h2 style=\"text-align: justify;\">Blanc-Mesnil en bronze<\/h2>\n<p style=\"text-align: justify;\">5e en 2019, le <strong>Blanc Mesnil Sport Judo<\/strong> a remport\u00e9 le bronze.<\/p>\n<p style=\"text-align: justify;\">Apr\u00e8s s&rsquo;\u00eatre inclin\u00e9 en demies face \u00e0 UWS, Blanc-Mesnil affrontait l&rsquo;<strong>UKS Judo Prague<\/strong> pour le bronze.<\/p>\n<p style=\"text-align: justify;\">La Hongroise <strong>Reka Pupp<\/strong> (-52 kg) s&rsquo;est impos\u00e9e sur ippon face \u00e0 Marie Polnicka<\/p>\n<p style=\"text-align: justify;\"><strong>Meriem Medjouri<\/strong> (-57 kg) s&rsquo;est inclin\u00e9e sur waza-ari face \u00e0 Tereza Vaclavkova.<\/p>\n<p style=\"text-align: justify;\"><strong>Nadja Bazynski<\/strong> (-63 kg) a ensuite r\u00e9ussi \u00e0 immobiliser Anna Skalska pour apporter le 2e point au club fran\u00e7ais.<\/p>\n<p style=\"text-align: justify;\">Ippon rapide \u00e9galement pour <strong>Candice Lebreton<\/strong> (-70 kg) face \u00e0 Lucie Pustejovska pour assurer la m\u00e9daille.<\/p>\n<p style=\"text-align: justify;\">Pour finir en +70 kg, <strong>Tahina Durand<\/strong> n&rsquo;est pas parvenue \u00e0 remonter le waza-ari d&rsquo;Alice Matejckova.<\/p>\n<p style=\"text-align: justify;\"><strong>Victoire finale<\/strong> de Blanc-Mesnil <strong>3-2<\/strong>.<\/p>\n<h2 style=\"text-align: justify;\">Classement final<\/h2>\n<p style=\"text-align: justify;\"><div class=\"su-row\"><div class=\"su-column su-column-size-1-2\"><div class=\"su-column-inner su-u-clearfix su-u-trim\">\n<p style=\"text-align: justify;\"><strong>Femmes<\/strong><\/p>\n<p style=\"text-align: justify;\">1 &#8211; <strong>PSG Judo (France)<\/strong><\/p>\n<p>2 &#8211; UWS (Russie)<\/p>\n<p>3 &#8211; <strong>Blanc-Mesnil Sport Judo (France)<\/strong><\/p>\n<p>4 &#8211; USK Prague (R\u00e9publique tch\u00e8que)<\/p>\n<p style=\"text-align: justify;\"><\/div><\/div>\n<p style=\"text-align: justify;\"><div class=\"su-column su-column-size-1-2\"><div class=\"su-column-inner su-u-clearfix su-u-trim\">\n<p style=\"text-align: justify;\"><strong>Hommes<\/strong><\/p>\n<p style=\"text-align: justify;\">1 &#8211; <strong>PSG Judo (France)<\/strong><\/p>\n<p>2 &#8211; <strong>Sainte-Genevi\u00e8ve Sports (France)<\/strong><\/p>\n<p>3 &#8211; Akhmat (Russie)<\/p>\n<p>3 &#8211; UWS (Russie)<\/p>\n<p>5 &#8211; Sorbis PJSC (Russie)<\/p>\n<p>5 &#8211; Lokomotiv-KBR (Russie)<\/p>\n<p>7 &#8211; JC Spartakivets Kyiv (Ukraine)<\/p>\n<p>7 &#8211; JC Judo Dnipropetrovsk (Ukraine)<\/p>\n<p>9 &#8211;\u00a0Omladinac (Serbie)<\/p>\n<p>9 &#8211; Judo SKKP<\/p>\n<p>11 &#8211; USK Judo Prague<\/p>\n<p>11 &#8211; <strong>Dojo B\u00e9glais (France)<\/strong><\/p>\n<p>13 &#8211; CS Dinamo Bucarest (Roumanie)<\/p>\n<p style=\"text-align: justify;\"><\/div><\/div><\/div>\n<h2 style=\"text-align: justify;\"><\/h2>\n","protected":false},"excerpt":{"rendered":"<p>EUROPA LEAGUE DE JUDO &#8211; Carton plein pour le PSG judo qui a remport\u00e9 l&rsquo;Europa League chez les hommes et les femmes !<\/p>\n","protected":false},"author":12,"featured_media":185226,"comment_status":"open","ping_status":"closed","sticky":false,"template":"","format":"standard","meta":{"_acf_changed":false,"_daextam_enable_autolinks":"","footnotes":""},"categories":[8651],"tags":[68],"class_list":["post-185088","post","type-post","status-publish","format-standard","has-post-thumbnail","hentry","category-judo","tag-judo"],"acf":[],"yoast_head":"<!-- This site is optimized with the Yoast SEO Premium plugin v26.7 (Yoast SEO v26.7) - https:\/\/yoast.com\/wordpress\/plugins\/seo\/ -->\n<title>Le PSG Judo r\u00e9alise le doubl\u00e9 en Europa League !<\/title>\n<meta name=\"description\" content=\"EUROPA LEAGUE DE JUDO - Carton plein pour le PSG judo qui a remport\u00e9 l&#039;Europa League chez les hommes et les femmes !\" \/>\n<meta name=\"robots\" content=\"index, follow, max-snippet:-1, max-image-preview:large, max-video-preview:-1\" \/>\n<link rel=\"canonical\" href=\"https:\/\/dicodusport.fr\/blog\/le-psg-judo-realise-le-double-en-europa-league\/\" \/>\n<meta property=\"og:locale\" content=\"fr_FR\" \/>\n<meta property=\"og:type\" content=\"article\" \/>\n<meta property=\"og:title\" content=\"Le PSG Judo r\u00e9alise le doubl\u00e9 en Europa League !\" \/>\n<meta property=\"og:description\" content=\"EUROPA LEAGUE DE JUDO - Carton plein pour le PSG judo qui a remport\u00e9 l&#039;Europa League chez les hommes et les femmes !\" \/>\n<meta property=\"og:url\" content=\"https:\/\/dicodusport.fr\/blog\/le-psg-judo-realise-le-double-en-europa-league\/\" \/>\n<meta property=\"og:site_name\" content=\"Dicodusport\" \/>\n<meta property=\"article:publisher\" content=\"https:\/\/www.facebook.com\/dicodusport\" \/>\n<meta property=\"article:published_time\" content=\"2021-12-11T18:03:55+00:00\" \/>\n<meta property=\"article:modified_time\" content=\"2022-11-18T07:36:57+00:00\" \/>\n<meta property=\"og:image\" content=\"https:\/\/dicodusport.fr\/blog\/wp-content\/uploads\/2021\/12\/Europa-League-2021-de-judo-le-PSG-judo-fait-le-double-.jpg\" \/>\n\t<meta property=\"og:image:width\" content=\"2560\" \/>\n\t<meta property=\"og:image:height\" content=\"1374\" \/>\n\t<meta property=\"og:image:type\" content=\"image\/jpeg\" \/>\n<meta name=\"author\" content=\"Arlette Yeye\" \/>\n<meta name=\"twitter:card\" content=\"summary_large_image\" \/>\n<meta name=\"twitter:title\" content=\"Le PSG Judo r\u00e9alise le doubl\u00e9 en Europa League !\" \/>\n<meta name=\"twitter:creator\" content=\"@https:\/\/twitter.com\/Shiclette94\" \/>\n<meta name=\"twitter:site\" content=\"@dicodusport\" \/>\n<script type=\"application\/ld+json\" class=\"yoast-schema-graph\">{\"@context\":\"https:\/\/schema.org\",\"@graph\":[{\"@type\":\"NewsArticle\",\"@id\":\"https:\/\/dicodusport.fr\/blog\/le-psg-judo-realise-le-double-en-europa-league\/#article\",\"isPartOf\":{\"@id\":\"https:\/\/dicodusport.fr\/blog\/le-psg-judo-realise-le-double-en-europa-league\/\"},\"author\":{\"name\":\"Arlette Yeye\",\"@id\":\"https:\/\/dicodusport.fr\/blog\/#\/schema\/person\/cce96fa88785bd8573e3d43078ac8c79\"},\"headline\":\"Le PSG Judo r\u00e9alise le doubl\u00e9 en Europa League !\",\"datePublished\":\"2021-12-11T18:03:55+00:00\",\"dateModified\":\"2022-11-18T07:36:57+00:00\",\"mainEntityOfPage\":{\"@id\":\"https:\/\/dicodusport.fr\/blog\/le-psg-judo-realise-le-double-en-europa-league\/\"},\"wordCount\":666,\"commentCount\":0,\"publisher\":{\"@id\":\"https:\/\/dicodusport.fr\/blog\/#organization\"},\"image\":{\"@id\":\"https:\/\/dicodusport.fr\/blog\/le-psg-judo-realise-le-double-en-europa-league\/#primaryimage\"},\"thumbnailUrl\":\"https:\/\/dicodusport.fr\/blog\/wp-content\/uploads\/2021\/12\/Europa-League-2021-de-judo-le-PSG-judo-fait-le-double-.jpg\",\"keywords\":[\"Judo\"],\"articleSection\":[\"Judo\"],\"inLanguage\":\"fr-FR\",\"potentialAction\":[{\"@type\":\"CommentAction\",\"name\":\"Comment\",\"target\":[\"https:\/\/dicodusport.fr\/blog\/le-psg-judo-realise-le-double-en-europa-league\/#respond\"]}],\"copyrightYear\":\"2021\",\"copyrightHolder\":{\"@id\":\"https:\/\/dicodusport.fr\/blog\/#organization\"}},{\"@type\":\"WebPage\",\"@id\":\"https:\/\/dicodusport.fr\/blog\/le-psg-judo-realise-le-double-en-europa-league\/\",\"url\":\"https:\/\/dicodusport.fr\/blog\/le-psg-judo-realise-le-double-en-europa-league\/\",\"name\":\"Le PSG Judo r\u00e9alise le doubl\u00e9 en Europa League !\",\"isPartOf\":{\"@id\":\"https:\/\/dicodusport.fr\/blog\/#website\"},\"primaryImageOfPage\":{\"@id\":\"https:\/\/dicodusport.fr\/blog\/le-psg-judo-realise-le-double-en-europa-league\/#primaryimage\"},\"image\":{\"@id\":\"https:\/\/dicodusport.fr\/blog\/le-psg-judo-realise-le-double-en-europa-league\/#primaryimage\"},\"thumbnailUrl\":\"https:\/\/dicodusport.fr\/blog\/wp-content\/uploads\/2021\/12\/Europa-League-2021-de-judo-le-PSG-judo-fait-le-double-.jpg\",\"datePublished\":\"2021-12-11T18:03:55+00:00\",\"dateModified\":\"2022-11-18T07:36:57+00:00\",\"description\":\"EUROPA LEAGUE DE JUDO - Carton plein pour le PSG judo qui a remport\u00e9 l'Europa League chez les hommes et les femmes !\",\"breadcrumb\":{\"@id\":\"https:\/\/dicodusport.fr\/blog\/le-psg-judo-realise-le-double-en-europa-league\/#breadcrumb\"},\"inLanguage\":\"fr-FR\",\"potentialAction\":[{\"@type\":\"ReadAction\",\"target\":[\"https:\/\/dicodusport.fr\/blog\/le-psg-judo-realise-le-double-en-europa-league\/\"]}]},{\"@type\":\"ImageObject\",\"inLanguage\":\"fr-FR\",\"@id\":\"https:\/\/dicodusport.fr\/blog\/le-psg-judo-realise-le-double-en-europa-league\/#primaryimage\",\"url\":\"https:\/\/dicodusport.fr\/blog\/wp-content\/uploads\/2021\/12\/Europa-League-2021-de-judo-le-PSG-judo-fait-le-double-.jpg\",\"contentUrl\":\"https:\/\/dicodusport.fr\/blog\/wp-content\/uploads\/2021\/12\/Europa-League-2021-de-judo-le-PSG-judo-fait-le-double-.jpg\",\"width\":2560,\"height\":1374,\"caption\":\"Europa League 2021 de judo le PSG judo fait le doubl\u00e9 !\"},{\"@type\":\"BreadcrumbList\",\"@id\":\"https:\/\/dicodusport.fr\/blog\/le-psg-judo-realise-le-double-en-europa-league\/#breadcrumb\",\"itemListElement\":[{\"@type\":\"ListItem\",\"position\":1,\"name\":\"Accueil\",\"item\":\"https:\/\/dicodusport.fr\/blog\/\"},{\"@type\":\"ListItem\",\"position\":2,\"name\":\"Le PSG Judo r\u00e9alise le doubl\u00e9 en Europa League !\"}]},{\"@type\":\"WebSite\",\"@id\":\"https:\/\/dicodusport.fr\/blog\/#website\",\"url\":\"https:\/\/dicodusport.fr\/blog\/\",\"name\":\"Dicodusport\",\"description\":\"L&#039;encyclop\u00e9die de l&#039;actualit\u00e9 sportive\",\"publisher\":{\"@id\":\"https:\/\/dicodusport.fr\/blog\/#organization\"},\"potentialAction\":[{\"@type\":\"SearchAction\",\"target\":{\"@type\":\"EntryPoint\",\"urlTemplate\":\"https:\/\/dicodusport.fr\/blog\/?s={search_term_string}\"},\"query-input\":{\"@type\":\"PropertyValueSpecification\",\"valueRequired\":true,\"valueName\":\"search_term_string\"}}],\"inLanguage\":\"fr-FR\"},{\"@type\":\"NewsMediaOrganization\",\"@id\":\"https:\/\/dicodusport.fr\/blog\/#organization\",\"name\":\"Dicodusport\",\"url\":\"https:\/\/dicodusport.fr\/blog\/\",\"logo\":{\"@type\":\"ImageObject\",\"inLanguage\":\"fr-FR\",\"@id\":\"https:\/\/dicodusport.fr\/blog\/#\/schema\/logo\/image\/\",\"url\":\"https:\/\/dicodusport.fr\/blog\/wp-content\/uploads\/2020\/06\/cropped-LOGO-DICODUSPORT-2020-SANS-FOND-SANS-TEXTE.png\",\"contentUrl\":\"https:\/\/dicodusport.fr\/blog\/wp-content\/uploads\/2020\/06\/cropped-LOGO-DICODUSPORT-2020-SANS-FOND-SANS-TEXTE.png\",\"width\":512,\"height\":512,\"caption\":\"Dicodusport\"},\"image\":{\"@id\":\"https:\/\/dicodusport.fr\/blog\/#\/schema\/logo\/image\/\"},\"sameAs\":[\"https:\/\/www.facebook.com\/dicodusport\",\"https:\/\/x.com\/dicodusport\",\"https:\/\/www.instagram.com\/dicodusport\/\",\"https:\/\/www.youtube.com\/channel\/UC7V2KZ5sd3htJivAbA4ZG3w\"],\"description\":\"Dicodusport est l'encyclop\u00e9die de l'actualit\u00e9 sportive.\",\"email\":\"bonjour@dicodusport.fr\",\"legalName\":\"DICODUSPORT\",\"foundingDate\":\"2018-01-14\",\"vatID\":\"FR71834470973\",\"taxID\":\"83447097300043\",\"numberOfEmployees\":{\"@type\":\"QuantitativeValue\",\"minValue\":\"1\",\"maxValue\":\"10\"}},{\"@type\":\"Person\",\"@id\":\"https:\/\/dicodusport.fr\/blog\/#\/schema\/person\/cce96fa88785bd8573e3d43078ac8c79\",\"name\":\"Arlette Yeye\",\"image\":{\"@type\":\"ImageObject\",\"inLanguage\":\"fr-FR\",\"@id\":\"https:\/\/dicodusport.fr\/blog\/#\/schema\/person\/image\/\",\"url\":\"https:\/\/secure.gravatar.com\/avatar\/dca4a6239e6d708e46c45d60e160de6c?s=96&d=wp_user_avatar&r=g\",\"contentUrl\":\"https:\/\/secure.gravatar.com\/avatar\/dca4a6239e6d708e46c45d60e160de6c?s=96&d=wp_user_avatar&r=g\",\"caption\":\"Arlette Yeye\"},\"description\":\"Journaliste\/r\u00e9dactrice depuis septembre 2015 - Supportrice de Chelsea, j'ai pour sports de pr\u00e9dilection le handball, l'athl\u00e9tisme et le tennis. Si je tweete plus vite que mon ombre, vous pouvez aussi me retrouver les week-ends sur les playgrounds de Bruxelles pour un petit foot ou basket entre potes. Parcourir la France, l'Europe et plus si affinit\u00e9s pour suivre mes sportifs pr\u00e9f\u00e9r\u00e9s ? Mon kif ! Et c'est avec plaisir que je partage les r\u00e9sultats des sports populaires mais \u00e9galement plus confidentiels pour Dicodusport.\",\"sameAs\":[\"https:\/\/x.com\/https:\/\/twitter.com\/Shiclette94\"],\"url\":\"https:\/\/dicodusport.fr\/blog\/author\/arlette\/\"}]}<\/script>\n<!-- \/ Yoast SEO Premium plugin. -->","yoast_head_json":{"title":"Le PSG Judo r\u00e9alise le doubl\u00e9 en Europa League !","description":"EUROPA LEAGUE DE JUDO - Carton plein pour le PSG judo qui a remport\u00e9 l'Europa League chez les hommes et les femmes !","robots":{"index":"index","follow":"follow","max-snippet":"max-snippet:-1","max-image-preview":"max-image-preview:large","max-video-preview":"max-video-preview:-1"},"canonical":"https:\/\/dicodusport.fr\/blog\/le-psg-judo-realise-le-double-en-europa-league\/","og_locale":"fr_FR","og_type":"article","og_title":"Le PSG Judo r\u00e9alise le doubl\u00e9 en Europa League !","og_description":"EUROPA LEAGUE DE JUDO - Carton plein pour le PSG judo qui a remport\u00e9 l'Europa League chez les hommes et les femmes !","og_url":"https:\/\/dicodusport.fr\/blog\/le-psg-judo-realise-le-double-en-europa-league\/","og_site_name":"Dicodusport","article_publisher":"https:\/\/www.facebook.com\/dicodusport","article_published_time":"2021-12-11T18:03:55+00:00","article_modified_time":"2022-11-18T07:36:57+00:00","og_image":[{"width":2560,"height":1374,"url":"https:\/\/dicodusport.fr\/blog\/wp-content\/uploads\/2021\/12\/Europa-League-2021-de-judo-le-PSG-judo-fait-le-double-.jpg","type":"image\/jpeg"}],"author":"Arlette Yeye","twitter_card":"summary_large_image","twitter_title":"Le PSG Judo r\u00e9alise le doubl\u00e9 en Europa League !","twitter_creator":"@https:\/\/twitter.com\/Shiclette94","twitter_site":"@dicodusport","schema":{"@context":"https:\/\/schema.org","@graph":[{"@type":"NewsArticle","@id":"https:\/\/dicodusport.fr\/blog\/le-psg-judo-realise-le-double-en-europa-league\/#article","isPartOf":{"@id":"https:\/\/dicodusport.fr\/blog\/le-psg-judo-realise-le-double-en-europa-league\/"},"author":{"name":"Arlette Yeye","@id":"https:\/\/dicodusport.fr\/blog\/#\/schema\/person\/cce96fa88785bd8573e3d43078ac8c79"},"headline":"Le PSG Judo r\u00e9alise le doubl\u00e9 en Europa League !","datePublished":"2021-12-11T18:03:55+00:00","dateModified":"2022-11-18T07:36:57+00:00","mainEntityOfPage":{"@id":"https:\/\/dicodusport.fr\/blog\/le-psg-judo-realise-le-double-en-europa-league\/"},"wordCount":666,"commentCount":0,"publisher":{"@id":"https:\/\/dicodusport.fr\/blog\/#organization"},"image":{"@id":"https:\/\/dicodusport.fr\/blog\/le-psg-judo-realise-le-double-en-europa-league\/#primaryimage"},"thumbnailUrl":"https:\/\/dicodusport.fr\/blog\/wp-content\/uploads\/2021\/12\/Europa-League-2021-de-judo-le-PSG-judo-fait-le-double-.jpg","keywords":["Judo"],"articleSection":["Judo"],"inLanguage":"fr-FR","potentialAction":[{"@type":"CommentAction","name":"Comment","target":["https:\/\/dicodusport.fr\/blog\/le-psg-judo-realise-le-double-en-europa-league\/#respond"]}],"copyrightYear":"2021","copyrightHolder":{"@id":"https:\/\/dicodusport.fr\/blog\/#organization"}},{"@type":"WebPage","@id":"https:\/\/dicodusport.fr\/blog\/le-psg-judo-realise-le-double-en-europa-league\/","url":"https:\/\/dicodusport.fr\/blog\/le-psg-judo-realise-le-double-en-europa-league\/","name":"Le PSG Judo r\u00e9alise le doubl\u00e9 en Europa League !","isPartOf":{"@id":"https:\/\/dicodusport.fr\/blog\/#website"},"primaryImageOfPage":{"@id":"https:\/\/dicodusport.fr\/blog\/le-psg-judo-realise-le-double-en-europa-league\/#primaryimage"},"image":{"@id":"https:\/\/dicodusport.fr\/blog\/le-psg-judo-realise-le-double-en-europa-league\/#primaryimage"},"thumbnailUrl":"https:\/\/dicodusport.fr\/blog\/wp-content\/uploads\/2021\/12\/Europa-League-2021-de-judo-le-PSG-judo-fait-le-double-.jpg","datePublished":"2021-12-11T18:03:55+00:00","dateModified":"2022-11-18T07:36:57+00:00","description":"EUROPA LEAGUE DE JUDO - Carton plein pour le PSG judo qui a remport\u00e9 l'Europa League chez les hommes et les femmes !","breadcrumb":{"@id":"https:\/\/dicodusport.fr\/blog\/le-psg-judo-realise-le-double-en-europa-league\/#breadcrumb"},"inLanguage":"fr-FR","potentialAction":[{"@type":"ReadAction","target":["https:\/\/dicodusport.fr\/blog\/le-psg-judo-realise-le-double-en-europa-league\/"]}]},{"@type":"ImageObject","inLanguage":"fr-FR","@id":"https:\/\/dicodusport.fr\/blog\/le-psg-judo-realise-le-double-en-europa-league\/#primaryimage","url":"https:\/\/dicodusport.fr\/blog\/wp-content\/uploads\/2021\/12\/Europa-League-2021-de-judo-le-PSG-judo-fait-le-double-.jpg","contentUrl":"https:\/\/dicodusport.fr\/blog\/wp-content\/uploads\/2021\/12\/Europa-League-2021-de-judo-le-PSG-judo-fait-le-double-.jpg","width":2560,"height":1374,"caption":"Europa League 2021 de judo le PSG judo fait le doubl\u00e9 !"},{"@type":"BreadcrumbList","@id":"https:\/\/dicodusport.fr\/blog\/le-psg-judo-realise-le-double-en-europa-league\/#breadcrumb","itemListElement":[{"@type":"ListItem","position":1,"name":"Accueil","item":"https:\/\/dicodusport.fr\/blog\/"},{"@type":"ListItem","position":2,"name":"Le PSG Judo r\u00e9alise le doubl\u00e9 en Europa League !"}]},{"@type":"WebSite","@id":"https:\/\/dicodusport.fr\/blog\/#website","url":"https:\/\/dicodusport.fr\/blog\/","name":"Dicodusport","description":"L&#039;encyclop\u00e9die de l&#039;actualit\u00e9 sportive","publisher":{"@id":"https:\/\/dicodusport.fr\/blog\/#organization"},"potentialAction":[{"@type":"SearchAction","target":{"@type":"EntryPoint","urlTemplate":"https:\/\/dicodusport.fr\/blog\/?s={search_term_string}"},"query-input":{"@type":"PropertyValueSpecification","valueRequired":true,"valueName":"search_term_string"}}],"inLanguage":"fr-FR"},{"@type":"NewsMediaOrganization","@id":"https:\/\/dicodusport.fr\/blog\/#organization","name":"Dicodusport","url":"https:\/\/dicodusport.fr\/blog\/","logo":{"@type":"ImageObject","inLanguage":"fr-FR","@id":"https:\/\/dicodusport.fr\/blog\/#\/schema\/logo\/image\/","url":"https:\/\/dicodusport.fr\/blog\/wp-content\/uploads\/2020\/06\/cropped-LOGO-DICODUSPORT-2020-SANS-FOND-SANS-TEXTE.png","contentUrl":"https:\/\/dicodusport.fr\/blog\/wp-content\/uploads\/2020\/06\/cropped-LOGO-DICODUSPORT-2020-SANS-FOND-SANS-TEXTE.png","width":512,"height":512,"caption":"Dicodusport"},"image":{"@id":"https:\/\/dicodusport.fr\/blog\/#\/schema\/logo\/image\/"},"sameAs":["https:\/\/www.facebook.com\/dicodusport","https:\/\/x.com\/dicodusport","https:\/\/www.instagram.com\/dicodusport\/","https:\/\/www.youtube.com\/channel\/UC7V2KZ5sd3htJivAbA4ZG3w"],"description":"Dicodusport est l'encyclop\u00e9die de l'actualit\u00e9 sportive.","email":"bonjour@dicodusport.fr","legalName":"DICODUSPORT","foundingDate":"2018-01-14","vatID":"FR71834470973","taxID":"83447097300043","numberOfEmployees":{"@type":"QuantitativeValue","minValue":"1","maxValue":"10"}},{"@type":"Person","@id":"https:\/\/dicodusport.fr\/blog\/#\/schema\/person\/cce96fa88785bd8573e3d43078ac8c79","name":"Arlette Yeye","image":{"@type":"ImageObject","inLanguage":"fr-FR","@id":"https:\/\/dicodusport.fr\/blog\/#\/schema\/person\/image\/","url":"https:\/\/secure.gravatar.com\/avatar\/dca4a6239e6d708e46c45d60e160de6c?s=96&d=wp_user_avatar&r=g","contentUrl":"https:\/\/secure.gravatar.com\/avatar\/dca4a6239e6d708e46c45d60e160de6c?s=96&d=wp_user_avatar&r=g","caption":"Arlette Yeye"},"description":"Journaliste\/r\u00e9dactrice depuis septembre 2015 - Supportrice de Chelsea, j'ai pour sports de pr\u00e9dilection le handball, l'athl\u00e9tisme et le tennis. Si je tweete plus vite que mon ombre, vous pouvez aussi me retrouver les week-ends sur les playgrounds de Bruxelles pour un petit foot ou basket entre potes. Parcourir la France, l'Europe et plus si affinit\u00e9s pour suivre mes sportifs pr\u00e9f\u00e9r\u00e9s ? Mon kif ! Et c'est avec plaisir que je partage les r\u00e9sultats des sports populaires mais \u00e9galement plus confidentiels pour Dicodusport.","sameAs":["https:\/\/x.com\/https:\/\/twitter.com\/Shiclette94"],"url":"https:\/\/dicodusport.fr\/blog\/author\/arlette\/"}]}},"_links":{"self":[{"href":"https:\/\/dicodusport.fr\/blog\/wp-json\/wp\/v2\/posts\/185088","targetHints":{"allow":["GET"]}}],"collection":[{"href":"https:\/\/dicodusport.fr\/blog\/wp-json\/wp\/v2\/posts"}],"about":[{"href":"https:\/\/dicodusport.fr\/blog\/wp-json\/wp\/v2\/types\/post"}],"author":[{"embeddable":true,"href":"https:\/\/dicodusport.fr\/blog\/wp-json\/wp\/v2\/users\/12"}],"replies":[{"embeddable":true,"href":"https:\/\/dicodusport.fr\/blog\/wp-json\/wp\/v2\/comments?post=185088"}],"version-history":[{"count":0,"href":"https:\/\/dicodusport.fr\/blog\/wp-json\/wp\/v2\/posts\/185088\/revisions"}],"wp:featuredmedia":[{"embeddable":true,"href":"https:\/\/dicodusport.fr\/blog\/wp-json\/wp\/v2\/media\/185226"}],"wp:attachment":[{"href":"https:\/\/dicodusport.fr\/blog\/wp-json\/wp\/v2\/media?parent=185088"}],"wp:term":[{"taxonomy":"category","embeddable":true,"href":"https:\/\/dicodusport.fr\/blog\/wp-json\/wp\/v2\/categories?post=185088"},{"taxonomy":"post_tag","embeddable":true,"href":"https:\/\/dicodusport.fr\/blog\/wp-json\/wp\/v2\/tags?post=185088"}],"curies":[{"name":"wp","href":"https:\/\/api.w.org\/{rel}","templated":true}]}}