{"id":185228,"date":"2021-12-12T13:52:43","date_gmt":"2021-12-12T12:52:43","guid":{"rendered":"https:\/\/dicodusport.fr\/blog\/?p=185228"},"modified":"2021-12-12T18:46:03","modified_gmt":"2021-12-12T17:46:03","slug":"val-d-isere-la-demonstration-de-clement-noel-sur-le-slalom","status":"publish","type":"post","link":"https:\/\/dicodusport.fr\/blog\/val-d-isere-la-demonstration-de-clement-noel-sur-le-slalom\/","title":{"rendered":"Val d&rsquo;Is\u00e8re : La d\u00e9monstration de Cl\u00e9ment No\u00ebl sur le slalom"},"content":{"rendered":"<p style=\"text-align: justify;\"><em><span class=\"tojvnm2t a6sixzi8 abs2jz4q a8s20v7p t1p8iaqh k5wvi7nf q3lfd5jv pk4s997a bipmatt0 cebpdrjk qowsmv63 owwhemhu dp1hu0rb dhp61c6y iyyx5f41\"><strong><b><i><a href=\"https:\/\/dicodusport.fr\/blog\/actualites\/sports-dhiver\/ski\/coupe-du-monde-ski-alpin-2021-2022\/\">COUPE DU MONDE DE SKI ALPIN 2021-2022<\/a> &#8211; Le Fran\u00e7ais Cl\u00e9ment No\u00ebl a largement remport\u00e9 le premier slalom de la saison qui se d\u00e9roulait ce dimanche \u00e0 <\/i><\/b><\/strong><\/span><span class=\"tojvnm2t a6sixzi8 abs2jz4q a8s20v7p t1p8iaqh k5wvi7nf q3lfd5jv pk4s997a bipmatt0 cebpdrjk qowsmv63 owwhemhu dp1hu0rb dhp61c6y iyyx5f41\"><strong>Val d&rsquo;Is\u00e8re. Il a devanc\u00e9 le Su\u00e9dois Kristoffer Jakobsen et le Croate Filip Zubcic.<br \/>\n<\/strong><\/span><\/em><\/p>\n<h2 style=\"text-align: justify;\">Cl\u00e9ment No\u00ebl en t\u00eate sur la premi\u00e8re manche<\/h2>\n<p style=\"text-align: justify;\"><strong>Cl\u00e9ment No\u00ebl<\/strong> a r\u00e9alis\u00e9 le meilleur temps de la premi\u00e8re manche en 44.51 avec des appuis courts et l\u00e9gers mais avec un petit d\u00e9s\u00e9quilibre quand les portes se sont resserr\u00e9es sur bas. Avec de l&rsquo;engagement dans l&rsquo;entr\u00e9e du mur, l&rsquo;Italien <strong>Alex Vinatzer<\/strong> a fait le 2e chrono \u00e0 12 centi\u00e8mes<\/p>\n<p style=\"text-align: justify;\">Parti avec le dossard 1, <strong>Sebastian Foss-Solevagg<\/strong> a profit\u00e9 d&rsquo;un parcours dessin\u00e9 par l&rsquo;entra\u00eeneur norv\u00e9gien avec beaucoup de vitesse avec 55 portes pour terminer avec le 3e temps \u00e0 17 centi\u00e8mes devant Tanguy Nef (4e \u00e0 0.41), parti avec le dossard 18. 3e du g\u00e9ant d&rsquo;hier, Manuel Feller a r\u00e9alis\u00e9 le 4e temps de ce premier parcours \u00e0 46 centi\u00e8mes.<\/p>\n<h2 style=\"text-align: justify;\">Les malheurs de Victor Muffat-Jeandet et d&rsquo;Alexis Pinturault<\/h2>\n<p style=\"text-align: justify;\">Parti tr\u00e8s fort, <strong>Victor Muffat-Jeandet<\/strong> a r\u00e9alis\u00e9 une excellente premi\u00e8re manche sur une neige plus dure qu&rsquo;hier (6e \u00e0 0.53) devant le duo <strong>Kristoffer Jakobsen<\/strong> et <strong>Filip Zubcic<\/strong> (7e \u00e0 0.81). Mais le skieur de Val-d&rsquo;Is\u00e8re a \u00e9t\u00e9 disqualifi\u00e9 suite \u00e0 une r\u00e9clamation de l&rsquo;\u00e9quipe d&rsquo;Italie apr\u00e8s avoir enfourch\u00e9 une porte.<\/p>\n<p style=\"text-align: justify;\">Malheureusement, <strong>Alexis Pinturault<\/strong> ne s&rsquo;est pas qualifi\u00e9 pour la seconde manche \u00e0 cause d&rsquo;une grosse faute sur la triple sur le bas et a donc termin\u00e9 tr\u00e8s loin \u00e0 2.90. Vainqueur du petit globe de la discipline l&rsquo;an dernier, <strong>Marco Schwarz<\/strong> n&rsquo;a jamais trouv\u00e9 le rythme et n&rsquo;a pas pass\u00e9 le cut \u00e0 2.53. Pour les autres fran\u00e7ais, <strong>Th\u00e9o Letitre<\/strong> a termin\u00e9 \u00e0 3 secondes 10 tandis que <strong>Steven Amiez<\/strong> n&rsquo;a pas fini sa manche.<\/p>\n<h2 style=\"text-align: justify;\">Impressionnant Cl\u00e9ment No\u00ebl !<\/h2>\n<p style=\"text-align: justify;\">Sur une seconde manche plus tournante avec 60 portes dessin\u00e9e par le coach suisse, <strong>Cl\u00e9ment No\u00ebl<\/strong> a r\u00e9alis\u00e9 un chef d&rsquo;\u0153uvre dans l&rsquo;ombre pour remporter son 9e succ\u00e8s en Coupe du monde en 55 courses avec un temps de dingue en 1;30.52. Le Vosgien de 24 ans a r\u00e9ussi \u00e0 faire le meilleur temps de la seconde manche.<\/p>\n<blockquote class=\"twitter-tweet\">\n<p dir=\"ltr\" lang=\"fr\">LE R\u00c9CITAL DE NO\u00cbL !<\/p>\n<p>Cl\u00e9ment No\u00ebl a \u00e9cras\u00e9 la concurrence sur le slalom de Val d&rsquo;Is\u00e8re, le Fran\u00e7ais remporte le premier slalom de la saison &#x1f1eb;&#x1f1f7;&#x1f4aa;<a href=\"https:\/\/twitter.com\/hashtag\/lequipeSKI?src=hash&amp;ref_src=twsrc%5Etfw\">#lequipeSKI<\/a> <a href=\"https:\/\/t.co\/QqVTYsJOHR\">pic.twitter.com\/QqVTYsJOHR<\/a><\/p>\n<p>\u2014 la chaine L&rsquo;\u00c9quipe (@lachainelequipe) <a href=\"https:\/\/twitter.com\/lachainelequipe\/status\/1470014415332380680?ref_src=twsrc%5Etfw\">December 12, 2021<\/a><\/p><\/blockquote>\n<p><script async src=\"https:\/\/platform.twitter.com\/widgets.js\" charset=\"utf-8\"><\/script><\/p>\n<p style=\"text-align: justify;\">Ensuite, <strong>Kristoffer Jakobsen<\/strong> est mont\u00e9 sur le premier podium avec la 2e place \u00e0 1 seconde et 41 centi\u00e8mes avec une grosse seconde manche gr\u00e2ce une belle entr\u00e9e de mur.<\/p>\n<p style=\"text-align: justify;\">Puis, <strong>Filip Zubcic<\/strong> a \u00e9t\u00e9 bon sur la fin du parcours pour compl\u00e9ter le podium \u00e0 1.85 de No\u00ebl. Il a devanc\u00e9 de peu <strong>Daniel Yule<\/strong> (4e \u00e0 1.89) et <strong>Dave Ryding<\/strong> (5e \u00e0 1.90). Le slalomeur belge <strong>Armand Marchant<\/strong> (18e de la premi\u00e8re manche) est remont\u00e9 au 7e rang \u00e0 2.02 derri\u00e8re <strong>Sebastian Foss-Solevagg<\/strong> (6e \u00e0 1.99) qui a connu beaucoup de probl\u00e8mes sur le haut du parcours.<\/p>\n<h2 style=\"text-align: justify;\">H\u00e9catombe sur la deuxi\u00e8me manche<\/h2>\n<p style=\"text-align: justify;\">5e de la premi\u00e8re manche, <strong>Manuel Feller<\/strong> a \u00e9t\u00e9 trop agressif et a finalement enfourch\u00e9 tandis que <strong>Tanguy Nef<\/strong> (4e sur le premier trac\u00e9) a \u00e9galement enfourch\u00e9 mais d\u00e8s le premier piquet. <strong>Alex Vinatzer<\/strong> a \u00e9galement craqu\u00e9 sur ce second parcours en ratant la derni\u00e8re porte.<\/p>\n<h2 style=\"text-align: justify;\"><strong>\u00c0 lire aussi<\/strong><\/h2>\n<ul>\n<li style=\"text-align: justify;\"><a href=\"https:\/\/dicodusport.fr\/blog\/ski-alpin-val-d-isere-classement-slalom-hommes\/\"><strong>Le classement du slalom de Val-d&rsquo;Is\u00e8re<\/strong><\/a><\/li>\n<li style=\"text-align: justify;\"><a href=\"https:\/\/dicodusport.fr\/blog\/ski-alpin-coupe-du-monde-2021-2022-classement-general-hommes\/\"><strong>Le classement g\u00e9n\u00e9ral de la Coupe du monde masculine<\/strong><\/a><\/li>\n<\/ul>\n","protected":false},"excerpt":{"rendered":"<p>COUPE DU MONDE DE SKI ALPIN 2021-2022 &#8211; Le Fran\u00e7ais Cl\u00e9ment No\u00ebl a largement remport\u00e9 le premier slalom de la saison qui se d\u00e9roulait ce dimanche \u00e0 Val d&rsquo;Is\u00e8re. Il a devanc\u00e9 le Su\u00e9dois Kristoffer Jakobsen et le Croate Filip Zubcic.<\/p>\n","protected":false},"author":48,"featured_media":185526,"comment_status":"open","ping_status":"closed","sticky":false,"template":"","format":"standard","meta":{"_acf_changed":false,"_daextam_enable_autolinks":"","footnotes":""},"categories":[47084],"tags":[12586,24,9368],"class_list":["post-185228","post","type-post","status-publish","format-standard","has-post-thumbnail","hentry","category-coupe-du-monde-ski-alpin","tag-coupe-du-monde-de-ski-alpin","tag-sport","tag-val-disere"],"acf":[],"yoast_head":"<!-- This site is optimized with the Yoast SEO Premium plugin v26.7 (Yoast SEO v26.7) - https:\/\/yoast.com\/wordpress\/plugins\/seo\/ -->\n<title>Val d&#039;Is\u00e8re : La d\u00e9monstration de Cl\u00e9ment No\u00ebl sur le slalom<\/title>\n<meta name=\"description\" content=\"COUPE DU MONDE DE SKI ALPIN - Le Fran\u00e7ais Cl\u00e9ment No\u00ebl a largement remport\u00e9 le premier slalom de la saison ce dimanche \u00e0 Val d&#039;Is\u00e8re.\" \/>\n<meta name=\"robots\" content=\"index, follow, max-snippet:-1, max-image-preview:large, max-video-preview:-1\" \/>\n<link rel=\"canonical\" href=\"https:\/\/dicodusport.fr\/blog\/val-d-isere-la-demonstration-de-clement-noel-sur-le-slalom\/\" \/>\n<meta property=\"og:locale\" content=\"fr_FR\" \/>\n<meta property=\"og:type\" content=\"article\" \/>\n<meta property=\"og:title\" content=\"Val d&#039;Is\u00e8re : La d\u00e9monstration de Cl\u00e9ment No\u00ebl sur le slalom\" \/>\n<meta property=\"og:description\" content=\"COUPE DU MONDE DE SKI ALPIN - Le Fran\u00e7ais Cl\u00e9ment No\u00ebl a largement remport\u00e9 le premier slalom de la saison ce dimanche \u00e0 Val d&#039;Is\u00e8re.\" \/>\n<meta property=\"og:url\" content=\"https:\/\/dicodusport.fr\/blog\/val-d-isere-la-demonstration-de-clement-noel-sur-le-slalom\/\" \/>\n<meta property=\"og:site_name\" content=\"Dicodusport\" \/>\n<meta property=\"article:publisher\" content=\"https:\/\/www.facebook.com\/dicodusport\" \/>\n<meta property=\"article:author\" content=\"https:\/\/www.facebook.com\/groups\/LesRoisDuPeloton\" \/>\n<meta property=\"article:published_time\" content=\"2021-12-12T12:52:43+00:00\" \/>\n<meta property=\"article:modified_time\" content=\"2021-12-12T17:46:03+00:00\" \/>\n<meta property=\"og:image\" content=\"https:\/\/dicodusport.fr\/blog\/wp-content\/uploads\/2021\/12\/Ski-alpin-Val-dIsere-La-demonstration-de-Clement-Noel-sur-le-slalom-1.png\" \/>\n\t<meta property=\"og:image:width\" content=\"800\" \/>\n\t<meta property=\"og:image:height\" content=\"445\" \/>\n\t<meta property=\"og:image:type\" content=\"image\/png\" \/>\n<meta name=\"author\" content=\"Emilien Descampiaux\" \/>\n<meta name=\"twitter:card\" content=\"summary_large_image\" \/>\n<meta name=\"twitter:title\" content=\"Val d&#039;Is\u00e8re : La d\u00e9monstration de Cl\u00e9ment No\u00ebl sur le slalom\" \/>\n<meta name=\"twitter:creator\" content=\"@https:\/\/twitter.com\/LRoisDuPeloton\" \/>\n<meta name=\"twitter:site\" content=\"@dicodusport\" \/>\n<script type=\"application\/ld+json\" class=\"yoast-schema-graph\">{\"@context\":\"https:\/\/schema.org\",\"@graph\":[{\"@type\":\"NewsArticle\",\"@id\":\"https:\/\/dicodusport.fr\/blog\/val-d-isere-la-demonstration-de-clement-noel-sur-le-slalom\/#article\",\"isPartOf\":{\"@id\":\"https:\/\/dicodusport.fr\/blog\/val-d-isere-la-demonstration-de-clement-noel-sur-le-slalom\/\"},\"author\":{\"name\":\"Emilien Descampiaux\",\"@id\":\"https:\/\/dicodusport.fr\/blog\/#\/schema\/person\/6db4bae06b171592211be385b32876a7\"},\"headline\":\"Val d&rsquo;Is\u00e8re : La d\u00e9monstration de Cl\u00e9ment No\u00ebl sur le slalom\",\"datePublished\":\"2021-12-12T12:52:43+00:00\",\"dateModified\":\"2021-12-12T17:46:03+00:00\",\"mainEntityOfPage\":{\"@id\":\"https:\/\/dicodusport.fr\/blog\/val-d-isere-la-demonstration-de-clement-noel-sur-le-slalom\/\"},\"wordCount\":624,\"commentCount\":0,\"publisher\":{\"@id\":\"https:\/\/dicodusport.fr\/blog\/#organization\"},\"image\":{\"@id\":\"https:\/\/dicodusport.fr\/blog\/val-d-isere-la-demonstration-de-clement-noel-sur-le-slalom\/#primaryimage\"},\"thumbnailUrl\":\"https:\/\/dicodusport.fr\/blog\/wp-content\/uploads\/2021\/12\/Ski-alpin-Val-dIsere-La-demonstration-de-Clement-Noel-sur-le-slalom-1.png\",\"keywords\":[\"Coupe du monde de ski alpin\",\"sport\",\"Val d'Is\u00e8re\"],\"articleSection\":[\"Coupe du monde de ski alpin\"],\"inLanguage\":\"fr-FR\",\"potentialAction\":[{\"@type\":\"CommentAction\",\"name\":\"Comment\",\"target\":[\"https:\/\/dicodusport.fr\/blog\/val-d-isere-la-demonstration-de-clement-noel-sur-le-slalom\/#respond\"]}],\"copyrightYear\":\"2021\",\"copyrightHolder\":{\"@id\":\"https:\/\/dicodusport.fr\/blog\/#organization\"}},{\"@type\":\"WebPage\",\"@id\":\"https:\/\/dicodusport.fr\/blog\/val-d-isere-la-demonstration-de-clement-noel-sur-le-slalom\/\",\"url\":\"https:\/\/dicodusport.fr\/blog\/val-d-isere-la-demonstration-de-clement-noel-sur-le-slalom\/\",\"name\":\"Val d'Is\u00e8re : La d\u00e9monstration de Cl\u00e9ment No\u00ebl sur le slalom\",\"isPartOf\":{\"@id\":\"https:\/\/dicodusport.fr\/blog\/#website\"},\"primaryImageOfPage\":{\"@id\":\"https:\/\/dicodusport.fr\/blog\/val-d-isere-la-demonstration-de-clement-noel-sur-le-slalom\/#primaryimage\"},\"image\":{\"@id\":\"https:\/\/dicodusport.fr\/blog\/val-d-isere-la-demonstration-de-clement-noel-sur-le-slalom\/#primaryimage\"},\"thumbnailUrl\":\"https:\/\/dicodusport.fr\/blog\/wp-content\/uploads\/2021\/12\/Ski-alpin-Val-dIsere-La-demonstration-de-Clement-Noel-sur-le-slalom-1.png\",\"datePublished\":\"2021-12-12T12:52:43+00:00\",\"dateModified\":\"2021-12-12T17:46:03+00:00\",\"description\":\"COUPE DU MONDE DE SKI ALPIN - Le Fran\u00e7ais Cl\u00e9ment No\u00ebl a largement remport\u00e9 le premier slalom de la saison ce dimanche \u00e0 Val d'Is\u00e8re.\",\"breadcrumb\":{\"@id\":\"https:\/\/dicodusport.fr\/blog\/val-d-isere-la-demonstration-de-clement-noel-sur-le-slalom\/#breadcrumb\"},\"inLanguage\":\"fr-FR\",\"potentialAction\":[{\"@type\":\"ReadAction\",\"target\":[\"https:\/\/dicodusport.fr\/blog\/val-d-isere-la-demonstration-de-clement-noel-sur-le-slalom\/\"]}]},{\"@type\":\"ImageObject\",\"inLanguage\":\"fr-FR\",\"@id\":\"https:\/\/dicodusport.fr\/blog\/val-d-isere-la-demonstration-de-clement-noel-sur-le-slalom\/#primaryimage\",\"url\":\"https:\/\/dicodusport.fr\/blog\/wp-content\/uploads\/2021\/12\/Ski-alpin-Val-dIsere-La-demonstration-de-Clement-Noel-sur-le-slalom-1.png\",\"contentUrl\":\"https:\/\/dicodusport.fr\/blog\/wp-content\/uploads\/2021\/12\/Ski-alpin-Val-dIsere-La-demonstration-de-Clement-Noel-sur-le-slalom-1.png\",\"width\":800,\"height\":445,\"caption\":\"Ski alpin - Val d'Is\u00e8re La d\u00e9monstration de Cl\u00e9ment No\u00ebl sur le slalom\"},{\"@type\":\"BreadcrumbList\",\"@id\":\"https:\/\/dicodusport.fr\/blog\/val-d-isere-la-demonstration-de-clement-noel-sur-le-slalom\/#breadcrumb\",\"itemListElement\":[{\"@type\":\"ListItem\",\"position\":1,\"name\":\"Accueil\",\"item\":\"https:\/\/dicodusport.fr\/blog\/\"},{\"@type\":\"ListItem\",\"position\":2,\"name\":\"Val d&rsquo;Is\u00e8re : La d\u00e9monstration de Cl\u00e9ment No\u00ebl sur le slalom\"}]},{\"@type\":\"WebSite\",\"@id\":\"https:\/\/dicodusport.fr\/blog\/#website\",\"url\":\"https:\/\/dicodusport.fr\/blog\/\",\"name\":\"Dicodusport\",\"description\":\"L&#039;encyclop\u00e9die de l&#039;actualit\u00e9 sportive\",\"publisher\":{\"@id\":\"https:\/\/dicodusport.fr\/blog\/#organization\"},\"potentialAction\":[{\"@type\":\"SearchAction\",\"target\":{\"@type\":\"EntryPoint\",\"urlTemplate\":\"https:\/\/dicodusport.fr\/blog\/?s={search_term_string}\"},\"query-input\":{\"@type\":\"PropertyValueSpecification\",\"valueRequired\":true,\"valueName\":\"search_term_string\"}}],\"inLanguage\":\"fr-FR\"},{\"@type\":\"NewsMediaOrganization\",\"@id\":\"https:\/\/dicodusport.fr\/blog\/#organization\",\"name\":\"Dicodusport\",\"url\":\"https:\/\/dicodusport.fr\/blog\/\",\"logo\":{\"@type\":\"ImageObject\",\"inLanguage\":\"fr-FR\",\"@id\":\"https:\/\/dicodusport.fr\/blog\/#\/schema\/logo\/image\/\",\"url\":\"https:\/\/dicodusport.fr\/blog\/wp-content\/uploads\/2020\/06\/cropped-LOGO-DICODUSPORT-2020-SANS-FOND-SANS-TEXTE.png\",\"contentUrl\":\"https:\/\/dicodusport.fr\/blog\/wp-content\/uploads\/2020\/06\/cropped-LOGO-DICODUSPORT-2020-SANS-FOND-SANS-TEXTE.png\",\"width\":512,\"height\":512,\"caption\":\"Dicodusport\"},\"image\":{\"@id\":\"https:\/\/dicodusport.fr\/blog\/#\/schema\/logo\/image\/\"},\"sameAs\":[\"https:\/\/www.facebook.com\/dicodusport\",\"https:\/\/x.com\/dicodusport\",\"https:\/\/www.instagram.com\/dicodusport\/\",\"https:\/\/www.youtube.com\/channel\/UC7V2KZ5sd3htJivAbA4ZG3w\"],\"description\":\"Dicodusport est l'encyclop\u00e9die de l'actualit\u00e9 sportive.\",\"email\":\"bonjour@dicodusport.fr\",\"legalName\":\"DICODUSPORT\",\"foundingDate\":\"2018-01-14\",\"vatID\":\"FR71834470973\",\"taxID\":\"83447097300043\",\"numberOfEmployees\":{\"@type\":\"QuantitativeValue\",\"minValue\":\"1\",\"maxValue\":\"10\"}},{\"@type\":\"Person\",\"@id\":\"https:\/\/dicodusport.fr\/blog\/#\/schema\/person\/6db4bae06b171592211be385b32876a7\",\"name\":\"Emilien Descampiaux\",\"image\":{\"@type\":\"ImageObject\",\"inLanguage\":\"fr-FR\",\"@id\":\"https:\/\/dicodusport.fr\/blog\/#\/schema\/person\/image\/\",\"url\":\"https:\/\/dicodusport.fr\/blog\/wp-content\/uploads\/2021\/05\/Emilien-Descampiaux-150x150.jpg\",\"contentUrl\":\"https:\/\/dicodusport.fr\/blog\/wp-content\/uploads\/2021\/05\/Emilien-Descampiaux-150x150.jpg\",\"caption\":\"Emilien Descampiaux\"},\"description\":\"Journaliste\/r\u00e9dacteur depuis 2014 - Fan de la classe de Frank Vandenbroucke, je vis cyclisme (et de ses paysages) depuis plus de 20 ans. Je suis tr\u00e8s impliqu\u00e9 sur mes diff\u00e9rents r\u00e9seaux sociaux pour partager ma passion sur le monde et l'Histoire de la bicyclette avec ma voix sur les images en noir et blanc du succ\u00e8s de Rik Van Steenbergen lors du Ronde sur le V\u00e9lodrome de Gand.\",\"sameAs\":[\"https:\/\/www.facebook.com\/groups\/LesRoisDuPeloton\",\"https:\/\/x.com\/https:\/\/twitter.com\/LRoisDuPeloton\"],\"url\":\"https:\/\/dicodusport.fr\/blog\/author\/emiliend\/\"}]}<\/script>\n<!-- \/ Yoast SEO Premium plugin. -->","yoast_head_json":{"title":"Val d'Is\u00e8re : La d\u00e9monstration de Cl\u00e9ment No\u00ebl sur le slalom","description":"COUPE DU MONDE DE SKI ALPIN - Le Fran\u00e7ais Cl\u00e9ment No\u00ebl a largement remport\u00e9 le premier slalom de la saison ce dimanche \u00e0 Val d'Is\u00e8re.","robots":{"index":"index","follow":"follow","max-snippet":"max-snippet:-1","max-image-preview":"max-image-preview:large","max-video-preview":"max-video-preview:-1"},"canonical":"https:\/\/dicodusport.fr\/blog\/val-d-isere-la-demonstration-de-clement-noel-sur-le-slalom\/","og_locale":"fr_FR","og_type":"article","og_title":"Val d'Is\u00e8re : La d\u00e9monstration de Cl\u00e9ment No\u00ebl sur le slalom","og_description":"COUPE DU MONDE DE SKI ALPIN - Le Fran\u00e7ais Cl\u00e9ment No\u00ebl a largement remport\u00e9 le premier slalom de la saison ce dimanche \u00e0 Val d'Is\u00e8re.","og_url":"https:\/\/dicodusport.fr\/blog\/val-d-isere-la-demonstration-de-clement-noel-sur-le-slalom\/","og_site_name":"Dicodusport","article_publisher":"https:\/\/www.facebook.com\/dicodusport","article_author":"https:\/\/www.facebook.com\/groups\/LesRoisDuPeloton","article_published_time":"2021-12-12T12:52:43+00:00","article_modified_time":"2021-12-12T17:46:03+00:00","og_image":[{"width":800,"height":445,"url":"https:\/\/dicodusport.fr\/blog\/wp-content\/uploads\/2021\/12\/Ski-alpin-Val-dIsere-La-demonstration-de-Clement-Noel-sur-le-slalom-1.png","type":"image\/png"}],"author":"Emilien Descampiaux","twitter_card":"summary_large_image","twitter_title":"Val d'Is\u00e8re : La d\u00e9monstration de Cl\u00e9ment No\u00ebl sur le slalom","twitter_creator":"@https:\/\/twitter.com\/LRoisDuPeloton","twitter_site":"@dicodusport","schema":{"@context":"https:\/\/schema.org","@graph":[{"@type":"NewsArticle","@id":"https:\/\/dicodusport.fr\/blog\/val-d-isere-la-demonstration-de-clement-noel-sur-le-slalom\/#article","isPartOf":{"@id":"https:\/\/dicodusport.fr\/blog\/val-d-isere-la-demonstration-de-clement-noel-sur-le-slalom\/"},"author":{"name":"Emilien Descampiaux","@id":"https:\/\/dicodusport.fr\/blog\/#\/schema\/person\/6db4bae06b171592211be385b32876a7"},"headline":"Val d&rsquo;Is\u00e8re : La d\u00e9monstration de Cl\u00e9ment No\u00ebl sur le slalom","datePublished":"2021-12-12T12:52:43+00:00","dateModified":"2021-12-12T17:46:03+00:00","mainEntityOfPage":{"@id":"https:\/\/dicodusport.fr\/blog\/val-d-isere-la-demonstration-de-clement-noel-sur-le-slalom\/"},"wordCount":624,"commentCount":0,"publisher":{"@id":"https:\/\/dicodusport.fr\/blog\/#organization"},"image":{"@id":"https:\/\/dicodusport.fr\/blog\/val-d-isere-la-demonstration-de-clement-noel-sur-le-slalom\/#primaryimage"},"thumbnailUrl":"https:\/\/dicodusport.fr\/blog\/wp-content\/uploads\/2021\/12\/Ski-alpin-Val-dIsere-La-demonstration-de-Clement-Noel-sur-le-slalom-1.png","keywords":["Coupe du monde de ski alpin","sport","Val d'Is\u00e8re"],"articleSection":["Coupe du monde de ski alpin"],"inLanguage":"fr-FR","potentialAction":[{"@type":"CommentAction","name":"Comment","target":["https:\/\/dicodusport.fr\/blog\/val-d-isere-la-demonstration-de-clement-noel-sur-le-slalom\/#respond"]}],"copyrightYear":"2021","copyrightHolder":{"@id":"https:\/\/dicodusport.fr\/blog\/#organization"}},{"@type":"WebPage","@id":"https:\/\/dicodusport.fr\/blog\/val-d-isere-la-demonstration-de-clement-noel-sur-le-slalom\/","url":"https:\/\/dicodusport.fr\/blog\/val-d-isere-la-demonstration-de-clement-noel-sur-le-slalom\/","name":"Val d'Is\u00e8re : La d\u00e9monstration de Cl\u00e9ment No\u00ebl sur le slalom","isPartOf":{"@id":"https:\/\/dicodusport.fr\/blog\/#website"},"primaryImageOfPage":{"@id":"https:\/\/dicodusport.fr\/blog\/val-d-isere-la-demonstration-de-clement-noel-sur-le-slalom\/#primaryimage"},"image":{"@id":"https:\/\/dicodusport.fr\/blog\/val-d-isere-la-demonstration-de-clement-noel-sur-le-slalom\/#primaryimage"},"thumbnailUrl":"https:\/\/dicodusport.fr\/blog\/wp-content\/uploads\/2021\/12\/Ski-alpin-Val-dIsere-La-demonstration-de-Clement-Noel-sur-le-slalom-1.png","datePublished":"2021-12-12T12:52:43+00:00","dateModified":"2021-12-12T17:46:03+00:00","description":"COUPE DU MONDE DE SKI ALPIN - Le Fran\u00e7ais Cl\u00e9ment No\u00ebl a largement remport\u00e9 le premier slalom de la saison ce dimanche \u00e0 Val d'Is\u00e8re.","breadcrumb":{"@id":"https:\/\/dicodusport.fr\/blog\/val-d-isere-la-demonstration-de-clement-noel-sur-le-slalom\/#breadcrumb"},"inLanguage":"fr-FR","potentialAction":[{"@type":"ReadAction","target":["https:\/\/dicodusport.fr\/blog\/val-d-isere-la-demonstration-de-clement-noel-sur-le-slalom\/"]}]},{"@type":"ImageObject","inLanguage":"fr-FR","@id":"https:\/\/dicodusport.fr\/blog\/val-d-isere-la-demonstration-de-clement-noel-sur-le-slalom\/#primaryimage","url":"https:\/\/dicodusport.fr\/blog\/wp-content\/uploads\/2021\/12\/Ski-alpin-Val-dIsere-La-demonstration-de-Clement-Noel-sur-le-slalom-1.png","contentUrl":"https:\/\/dicodusport.fr\/blog\/wp-content\/uploads\/2021\/12\/Ski-alpin-Val-dIsere-La-demonstration-de-Clement-Noel-sur-le-slalom-1.png","width":800,"height":445,"caption":"Ski alpin - Val d'Is\u00e8re La d\u00e9monstration de Cl\u00e9ment No\u00ebl sur le slalom"},{"@type":"BreadcrumbList","@id":"https:\/\/dicodusport.fr\/blog\/val-d-isere-la-demonstration-de-clement-noel-sur-le-slalom\/#breadcrumb","itemListElement":[{"@type":"ListItem","position":1,"name":"Accueil","item":"https:\/\/dicodusport.fr\/blog\/"},{"@type":"ListItem","position":2,"name":"Val d&rsquo;Is\u00e8re : La d\u00e9monstration de Cl\u00e9ment No\u00ebl sur le slalom"}]},{"@type":"WebSite","@id":"https:\/\/dicodusport.fr\/blog\/#website","url":"https:\/\/dicodusport.fr\/blog\/","name":"Dicodusport","description":"L&#039;encyclop\u00e9die de l&#039;actualit\u00e9 sportive","publisher":{"@id":"https:\/\/dicodusport.fr\/blog\/#organization"},"potentialAction":[{"@type":"SearchAction","target":{"@type":"EntryPoint","urlTemplate":"https:\/\/dicodusport.fr\/blog\/?s={search_term_string}"},"query-input":{"@type":"PropertyValueSpecification","valueRequired":true,"valueName":"search_term_string"}}],"inLanguage":"fr-FR"},{"@type":"NewsMediaOrganization","@id":"https:\/\/dicodusport.fr\/blog\/#organization","name":"Dicodusport","url":"https:\/\/dicodusport.fr\/blog\/","logo":{"@type":"ImageObject","inLanguage":"fr-FR","@id":"https:\/\/dicodusport.fr\/blog\/#\/schema\/logo\/image\/","url":"https:\/\/dicodusport.fr\/blog\/wp-content\/uploads\/2020\/06\/cropped-LOGO-DICODUSPORT-2020-SANS-FOND-SANS-TEXTE.png","contentUrl":"https:\/\/dicodusport.fr\/blog\/wp-content\/uploads\/2020\/06\/cropped-LOGO-DICODUSPORT-2020-SANS-FOND-SANS-TEXTE.png","width":512,"height":512,"caption":"Dicodusport"},"image":{"@id":"https:\/\/dicodusport.fr\/blog\/#\/schema\/logo\/image\/"},"sameAs":["https:\/\/www.facebook.com\/dicodusport","https:\/\/x.com\/dicodusport","https:\/\/www.instagram.com\/dicodusport\/","https:\/\/www.youtube.com\/channel\/UC7V2KZ5sd3htJivAbA4ZG3w"],"description":"Dicodusport est l'encyclop\u00e9die de l'actualit\u00e9 sportive.","email":"bonjour@dicodusport.fr","legalName":"DICODUSPORT","foundingDate":"2018-01-14","vatID":"FR71834470973","taxID":"83447097300043","numberOfEmployees":{"@type":"QuantitativeValue","minValue":"1","maxValue":"10"}},{"@type":"Person","@id":"https:\/\/dicodusport.fr\/blog\/#\/schema\/person\/6db4bae06b171592211be385b32876a7","name":"Emilien Descampiaux","image":{"@type":"ImageObject","inLanguage":"fr-FR","@id":"https:\/\/dicodusport.fr\/blog\/#\/schema\/person\/image\/","url":"https:\/\/dicodusport.fr\/blog\/wp-content\/uploads\/2021\/05\/Emilien-Descampiaux-150x150.jpg","contentUrl":"https:\/\/dicodusport.fr\/blog\/wp-content\/uploads\/2021\/05\/Emilien-Descampiaux-150x150.jpg","caption":"Emilien Descampiaux"},"description":"Journaliste\/r\u00e9dacteur depuis 2014 - Fan de la classe de Frank Vandenbroucke, je vis cyclisme (et de ses paysages) depuis plus de 20 ans. Je suis tr\u00e8s impliqu\u00e9 sur mes diff\u00e9rents r\u00e9seaux sociaux pour partager ma passion sur le monde et l'Histoire de la bicyclette avec ma voix sur les images en noir et blanc du succ\u00e8s de Rik Van Steenbergen lors du Ronde sur le V\u00e9lodrome de Gand.","sameAs":["https:\/\/www.facebook.com\/groups\/LesRoisDuPeloton","https:\/\/x.com\/https:\/\/twitter.com\/LRoisDuPeloton"],"url":"https:\/\/dicodusport.fr\/blog\/author\/emiliend\/"}]}},"_links":{"self":[{"href":"https:\/\/dicodusport.fr\/blog\/wp-json\/wp\/v2\/posts\/185228","targetHints":{"allow":["GET"]}}],"collection":[{"href":"https:\/\/dicodusport.fr\/blog\/wp-json\/wp\/v2\/posts"}],"about":[{"href":"https:\/\/dicodusport.fr\/blog\/wp-json\/wp\/v2\/types\/post"}],"author":[{"embeddable":true,"href":"https:\/\/dicodusport.fr\/blog\/wp-json\/wp\/v2\/users\/48"}],"replies":[{"embeddable":true,"href":"https:\/\/dicodusport.fr\/blog\/wp-json\/wp\/v2\/comments?post=185228"}],"version-history":[{"count":0,"href":"https:\/\/dicodusport.fr\/blog\/wp-json\/wp\/v2\/posts\/185228\/revisions"}],"wp:featuredmedia":[{"embeddable":true,"href":"https:\/\/dicodusport.fr\/blog\/wp-json\/wp\/v2\/media\/185526"}],"wp:attachment":[{"href":"https:\/\/dicodusport.fr\/blog\/wp-json\/wp\/v2\/media?parent=185228"}],"wp:term":[{"taxonomy":"category","embeddable":true,"href":"https:\/\/dicodusport.fr\/blog\/wp-json\/wp\/v2\/categories?post=185228"},{"taxonomy":"post_tag","embeddable":true,"href":"https:\/\/dicodusport.fr\/blog\/wp-json\/wp\/v2\/tags?post=185228"}],"curies":[{"name":"wp","href":"https:\/\/api.w.org\/{rel}","templated":true}]}}