{"id":185659,"date":"2021-12-13T17:02:28","date_gmt":"2021-12-13T16:02:28","guid":{"rendered":"https:\/\/dicodusport.fr\/blog\/?p=185659&#038;preview=true&#038;preview_id=185659"},"modified":"2021-12-13T18:26:44","modified_gmt":"2021-12-13T17:26:44","slug":"biathlon-le-grand-bornand-la-selection-francaise-reste-inchangee","status":"publish","type":"post","link":"https:\/\/dicodusport.fr\/blog\/biathlon-le-grand-bornand-la-selection-francaise-reste-inchangee\/","title":{"rendered":"Biathlon Le Grand Bornand &#8211; La s\u00e9lection fran\u00e7aise reste inchang\u00e9e"},"content":{"rendered":"<p style=\"text-align: justify;\"><em><b><a href=\"https:\/\/dicodusport.fr\/blog\/biathlon-coupe-du-monde-2021-2022-le-calendrier-complet\/\">COUPE DU MONDE DE BIATHLON 2021-2022<\/a> &#8211; Le staff de l&rsquo;\u00e9quipe de France a d\u00e9voil\u00e9 sa s\u00e9lection pour la quatri\u00e8me \u00e9tape de la Coupe du monde de biathlon au Grand Bornand avec toujours les m\u00eames athl\u00e8tes.\u00a0<\/b><\/em><\/p>\n<p style=\"text-align: justify;\">Pas de changement pour l&rsquo;\u00e9tape fran\u00e7aise de la <strong>Coupe du monde de biathlon<\/strong>. Les 12 biathl\u00e8tes pr\u00e9sents en Autriche seront \u00e0 Annecy &#8211; Le Grand Bornand ce week-end.<\/p>\n<h2 style=\"text-align: justify;\">La s\u00e9lection fran\u00e7aise<\/h2>\n<h3 style=\"text-align: justify;\"><strong>Femmes<\/strong><\/h3>\n<p style=\"text-align: justify;\">Ana\u00efs BESCOND \u2013 ARMEES Morbier Bellefontaine (Massif Jurassien)<br \/>\nJustine BRAISAZ-BOUCHET \u2013 DOUANES Les Saisies (Savoie)<br \/>\nAna\u00efs CHEVALIER-BOUCHET \u2013 DOUANES Les 7 Laux (Sports de Neige du Dauphin\u00e9)<br \/>\nChlo\u00e9 CHEVALIER \u2013 Les 7 Laux (Sports de Neige du Dauphin\u00e9)<br \/>\nCaroline COLOMBO \u2013 Mouthe (Massif Jurassien)<br \/>\nJulia SIMON \u2013 DOUANES Les Saisies (Savoie)<\/p>\n<h3 style=\"text-align: justify;\"><strong>Hommes\u00a0<\/strong><\/h3>\n<p style=\"text-align: justify;\">Fabien CLAUDE \u2013 ARMEES Basse Le Rupt (Massif des Vosges)<br \/>\nSimon DESTHIEUX \u2013 ARMEES Lompnes (Lyonnais et Pays de l\u2019Ain)<br \/>\nQuentin FILLON MAILLET \u2013 DOUANES Grandvaux (Massif Jurassien)<br \/>\nAntonin GUIGONNAT \u2013 ARMEES Morzine-Avoriaz (Mont-Blanc)<br \/>\nEmilien JACQUELIN \u2013 DOUANES Villard-de-Lans (Sports de Neige du Dauphin\u00e9)<br \/>\nEric PERROT \u2013 Peisey Vallandry (Savoie)<\/p>\n<blockquote class=\"twitter-tweet\">\n<p dir=\"ltr\" lang=\"fr\">Les s\u00e9lections nordiques pour la suite de la Coupe du Monde, c&rsquo;est par ici : <a href=\"https:\/\/t.co\/j4TxGiNjEs\">https:\/\/t.co\/j4TxGiNjEs<\/a><br \/>\nA noter : 4 jours de folie sur l&rsquo;\u00e9tape de <a href=\"https:\/\/twitter.com\/BiathlonALGB?ref_src=twsrc%5Etfw\">@BiathlonALGB<\/a> &#x1f1eb;&#x1f1f7; ! <a href=\"https:\/\/t.co\/e5qZ6A5mtK\">pic.twitter.com\/e5qZ6A5mtK<\/a><\/p>\n<p>\u2014 FFS &#8211; F\u00e9d\u00e9ration Fran\u00e7aise de Ski (@FedFranceSki) <a href=\"https:\/\/twitter.com\/FedFranceSki\/status\/1470420728575049737?ref_src=twsrc%5Etfw\">December 13, 2021<\/a><\/p><\/blockquote>\n<p style=\"text-align: justify;\"><script async src=\"https:\/\/platform.twitter.com\/widgets.js\" charset=\"utf-8\"><\/script><\/p>\n","protected":false},"excerpt":{"rendered":"<p>COUPE DU MONDE DE BIATHLON 2021-2022 &#8211; Le staff de l&rsquo;\u00e9quipe de France a d\u00e9voil\u00e9 sa s\u00e9lection pour la quatri\u00e8me \u00e9tape de la Coupe du monde de biathlon au Grand Bornand avec toujours les m\u00eames athl\u00e8tes.\u00a0<\/p>\n","protected":false},"author":1,"featured_media":185661,"comment_status":"open","ping_status":"closed","sticky":false,"template":"","format":"standard","meta":{"_acf_changed":false,"_daextam_enable_autolinks":"","footnotes":""},"categories":[47040],"tags":[2427,30,2927],"class_list":["post-185659","post","type-post","status-publish","format-standard","has-post-thumbnail","hentry","category-coupe-du-monde-de-biathlon","tag-biathlon","tag-france","tag-le-grand-bornand"],"acf":[],"yoast_head":"<!-- This site is optimized with the Yoast SEO Premium plugin v26.7 (Yoast SEO v26.7) - https:\/\/yoast.com\/wordpress\/plugins\/seo\/ -->\n<title>Biathlon Le Grand Bornand - La s\u00e9lection fran\u00e7aise reste inchang\u00e9e<\/title>\n<meta name=\"description\" content=\"Le staff de l&#039;\u00e9quipe de France a d\u00e9voil\u00e9 sa s\u00e9lection pour la quatri\u00e8me \u00e9tape de la Coupe du monde de biathlon au Grand Bornand avec toujours les m\u00eames athl\u00e8tes.\u00a0\" \/>\n<meta name=\"robots\" content=\"index, follow, max-snippet:-1, max-image-preview:large, max-video-preview:-1\" \/>\n<link rel=\"canonical\" href=\"https:\/\/dicodusport.fr\/blog\/biathlon-le-grand-bornand-la-selection-francaise-reste-inchangee\/\" \/>\n<meta property=\"og:locale\" content=\"fr_FR\" \/>\n<meta property=\"og:type\" content=\"article\" \/>\n<meta property=\"og:title\" content=\"Biathlon Le Grand Bornand - La s\u00e9lection fran\u00e7aise reste inchang\u00e9e\" \/>\n<meta property=\"og:description\" content=\"Le staff de l&#039;\u00e9quipe de France a d\u00e9voil\u00e9 sa s\u00e9lection pour la quatri\u00e8me \u00e9tape de la Coupe du monde de biathlon au Grand Bornand avec toujours les m\u00eames athl\u00e8tes.\u00a0\" \/>\n<meta property=\"og:url\" content=\"https:\/\/dicodusport.fr\/blog\/biathlon-le-grand-bornand-la-selection-francaise-reste-inchangee\/\" \/>\n<meta property=\"og:site_name\" content=\"Dicodusport\" \/>\n<meta property=\"article:publisher\" content=\"https:\/\/www.facebook.com\/dicodusport\" \/>\n<meta property=\"article:author\" content=\"https:\/\/www.facebook.com\/dicodusport\" \/>\n<meta property=\"article:published_time\" content=\"2021-12-13T16:02:28+00:00\" \/>\n<meta property=\"article:modified_time\" content=\"2021-12-13T17:26:44+00:00\" \/>\n<meta property=\"og:image\" content=\"https:\/\/dicodusport.fr\/blog\/wp-content\/uploads\/2021\/12\/Biathlon-Le-Grand-Bornand-La-se\u0301lection-franc\u0327aise-reste-inchange\u0301e.png\" \/>\n\t<meta property=\"og:image:width\" content=\"800\" \/>\n\t<meta property=\"og:image:height\" content=\"445\" \/>\n\t<meta property=\"og:image:type\" content=\"image\/png\" \/>\n<meta name=\"author\" content=\"Nicolas Jacquemard\" \/>\n<meta name=\"twitter:card\" content=\"summary_large_image\" \/>\n<meta name=\"twitter:title\" content=\"Biathlon Le Grand Bornand - La s\u00e9lection fran\u00e7aise reste inchang\u00e9e\" \/>\n<meta name=\"twitter:creator\" content=\"@https:\/\/twitter.com\/Nico_Jacquemard\" \/>\n<meta name=\"twitter:site\" content=\"@dicodusport\" \/>\n<script type=\"application\/ld+json\" class=\"yoast-schema-graph\">{\"@context\":\"https:\/\/schema.org\",\"@graph\":[{\"@type\":\"NewsArticle\",\"@id\":\"https:\/\/dicodusport.fr\/blog\/biathlon-le-grand-bornand-la-selection-francaise-reste-inchangee\/#article\",\"isPartOf\":{\"@id\":\"https:\/\/dicodusport.fr\/blog\/biathlon-le-grand-bornand-la-selection-francaise-reste-inchangee\/\"},\"author\":{\"name\":\"Nicolas Jacquemard\",\"@id\":\"https:\/\/dicodusport.fr\/blog\/#\/schema\/person\/55dcb50ad410894e431ed812bbb70191\"},\"headline\":\"Biathlon Le Grand Bornand &#8211; La s\u00e9lection fran\u00e7aise reste inchang\u00e9e\",\"datePublished\":\"2021-12-13T16:02:28+00:00\",\"dateModified\":\"2021-12-13T17:26:44+00:00\",\"mainEntityOfPage\":{\"@id\":\"https:\/\/dicodusport.fr\/blog\/biathlon-le-grand-bornand-la-selection-francaise-reste-inchangee\/\"},\"wordCount\":237,\"commentCount\":0,\"publisher\":{\"@id\":\"https:\/\/dicodusport.fr\/blog\/#organization\"},\"image\":{\"@id\":\"https:\/\/dicodusport.fr\/blog\/biathlon-le-grand-bornand-la-selection-francaise-reste-inchangee\/#primaryimage\"},\"thumbnailUrl\":\"https:\/\/dicodusport.fr\/blog\/wp-content\/uploads\/2021\/12\/Biathlon-Le-Grand-Bornand-La-se\u0301lection-franc\u0327aise-reste-inchange\u0301e.png\",\"keywords\":[\"Biathlon\",\"France\",\"Le Grand Bornand\"],\"articleSection\":[\"Coupe du monde de biathlon\"],\"inLanguage\":\"fr-FR\",\"potentialAction\":[{\"@type\":\"CommentAction\",\"name\":\"Comment\",\"target\":[\"https:\/\/dicodusport.fr\/blog\/biathlon-le-grand-bornand-la-selection-francaise-reste-inchangee\/#respond\"]}],\"copyrightYear\":\"2021\",\"copyrightHolder\":{\"@id\":\"https:\/\/dicodusport.fr\/blog\/#organization\"}},{\"@type\":\"WebPage\",\"@id\":\"https:\/\/dicodusport.fr\/blog\/biathlon-le-grand-bornand-la-selection-francaise-reste-inchangee\/\",\"url\":\"https:\/\/dicodusport.fr\/blog\/biathlon-le-grand-bornand-la-selection-francaise-reste-inchangee\/\",\"name\":\"Biathlon Le Grand Bornand - La s\u00e9lection fran\u00e7aise reste inchang\u00e9e\",\"isPartOf\":{\"@id\":\"https:\/\/dicodusport.fr\/blog\/#website\"},\"primaryImageOfPage\":{\"@id\":\"https:\/\/dicodusport.fr\/blog\/biathlon-le-grand-bornand-la-selection-francaise-reste-inchangee\/#primaryimage\"},\"image\":{\"@id\":\"https:\/\/dicodusport.fr\/blog\/biathlon-le-grand-bornand-la-selection-francaise-reste-inchangee\/#primaryimage\"},\"thumbnailUrl\":\"https:\/\/dicodusport.fr\/blog\/wp-content\/uploads\/2021\/12\/Biathlon-Le-Grand-Bornand-La-se\u0301lection-franc\u0327aise-reste-inchange\u0301e.png\",\"datePublished\":\"2021-12-13T16:02:28+00:00\",\"dateModified\":\"2021-12-13T17:26:44+00:00\",\"description\":\"Le staff de l'\u00e9quipe de France a d\u00e9voil\u00e9 sa s\u00e9lection pour la quatri\u00e8me \u00e9tape de la Coupe du monde de biathlon au Grand Bornand avec toujours les m\u00eames athl\u00e8tes.\u00a0\",\"breadcrumb\":{\"@id\":\"https:\/\/dicodusport.fr\/blog\/biathlon-le-grand-bornand-la-selection-francaise-reste-inchangee\/#breadcrumb\"},\"inLanguage\":\"fr-FR\",\"potentialAction\":[{\"@type\":\"ReadAction\",\"target\":[\"https:\/\/dicodusport.fr\/blog\/biathlon-le-grand-bornand-la-selection-francaise-reste-inchangee\/\"]}]},{\"@type\":\"ImageObject\",\"inLanguage\":\"fr-FR\",\"@id\":\"https:\/\/dicodusport.fr\/blog\/biathlon-le-grand-bornand-la-selection-francaise-reste-inchangee\/#primaryimage\",\"url\":\"https:\/\/dicodusport.fr\/blog\/wp-content\/uploads\/2021\/12\/Biathlon-Le-Grand-Bornand-La-se\u0301lection-franc\u0327aise-reste-inchange\u0301e.png\",\"contentUrl\":\"https:\/\/dicodusport.fr\/blog\/wp-content\/uploads\/2021\/12\/Biathlon-Le-Grand-Bornand-La-se\u0301lection-franc\u0327aise-reste-inchange\u0301e.png\",\"width\":800,\"height\":445},{\"@type\":\"BreadcrumbList\",\"@id\":\"https:\/\/dicodusport.fr\/blog\/biathlon-le-grand-bornand-la-selection-francaise-reste-inchangee\/#breadcrumb\",\"itemListElement\":[{\"@type\":\"ListItem\",\"position\":1,\"name\":\"Accueil\",\"item\":\"https:\/\/dicodusport.fr\/blog\/\"},{\"@type\":\"ListItem\",\"position\":2,\"name\":\"Biathlon Le Grand Bornand &#8211; La s\u00e9lection fran\u00e7aise reste inchang\u00e9e\"}]},{\"@type\":\"WebSite\",\"@id\":\"https:\/\/dicodusport.fr\/blog\/#website\",\"url\":\"https:\/\/dicodusport.fr\/blog\/\",\"name\":\"Dicodusport\",\"description\":\"L&#039;encyclop\u00e9die de l&#039;actualit\u00e9 sportive\",\"publisher\":{\"@id\":\"https:\/\/dicodusport.fr\/blog\/#organization\"},\"potentialAction\":[{\"@type\":\"SearchAction\",\"target\":{\"@type\":\"EntryPoint\",\"urlTemplate\":\"https:\/\/dicodusport.fr\/blog\/?s={search_term_string}\"},\"query-input\":{\"@type\":\"PropertyValueSpecification\",\"valueRequired\":true,\"valueName\":\"search_term_string\"}}],\"inLanguage\":\"fr-FR\"},{\"@type\":\"NewsMediaOrganization\",\"@id\":\"https:\/\/dicodusport.fr\/blog\/#organization\",\"name\":\"Dicodusport\",\"url\":\"https:\/\/dicodusport.fr\/blog\/\",\"logo\":{\"@type\":\"ImageObject\",\"inLanguage\":\"fr-FR\",\"@id\":\"https:\/\/dicodusport.fr\/blog\/#\/schema\/logo\/image\/\",\"url\":\"https:\/\/dicodusport.fr\/blog\/wp-content\/uploads\/2020\/06\/cropped-LOGO-DICODUSPORT-2020-SANS-FOND-SANS-TEXTE.png\",\"contentUrl\":\"https:\/\/dicodusport.fr\/blog\/wp-content\/uploads\/2020\/06\/cropped-LOGO-DICODUSPORT-2020-SANS-FOND-SANS-TEXTE.png\",\"width\":512,\"height\":512,\"caption\":\"Dicodusport\"},\"image\":{\"@id\":\"https:\/\/dicodusport.fr\/blog\/#\/schema\/logo\/image\/\"},\"sameAs\":[\"https:\/\/www.facebook.com\/dicodusport\",\"https:\/\/x.com\/dicodusport\",\"https:\/\/www.instagram.com\/dicodusport\/\",\"https:\/\/www.youtube.com\/channel\/UC7V2KZ5sd3htJivAbA4ZG3w\"],\"description\":\"Dicodusport est l'encyclop\u00e9die de l'actualit\u00e9 sportive.\",\"email\":\"bonjour@dicodusport.fr\",\"legalName\":\"DICODUSPORT\",\"foundingDate\":\"2018-01-14\",\"vatID\":\"FR71834470973\",\"taxID\":\"83447097300043\",\"numberOfEmployees\":{\"@type\":\"QuantitativeValue\",\"minValue\":\"1\",\"maxValue\":\"10\"}},{\"@type\":\"Person\",\"@id\":\"https:\/\/dicodusport.fr\/blog\/#\/schema\/person\/55dcb50ad410894e431ed812bbb70191\",\"name\":\"Nicolas Jacquemard\",\"image\":{\"@type\":\"ImageObject\",\"inLanguage\":\"fr-FR\",\"@id\":\"https:\/\/dicodusport.fr\/blog\/#\/schema\/person\/image\/\",\"url\":\"https:\/\/dicodusport.fr\/blog\/wp-content\/uploads\/2021\/05\/Nicolas-Jacquemard-150x150.jpeg\",\"contentUrl\":\"https:\/\/dicodusport.fr\/blog\/wp-content\/uploads\/2021\/05\/Nicolas-Jacquemard-150x150.jpeg\",\"caption\":\"Nicolas Jacquemard\"},\"description\":\"Passionn\u00e9 de sport et entrepreneur depuis mes 18 ans, la cr\u00e9ation de Dicodusport m'a sembl\u00e9 \u00e9vidente pour participer \u00e0 la m\u00e9diatisation d'un plus grand nombre de sports. Le chemin est long mais avec une \u00e9quipe des plus motiv\u00e9es et les Jeux Olympiques de Paris 2024 en point de mire, nous y arriverons ! Journaliste dans le monde du sport depuis plus de 5 ans, je traite aussi bien de football, de rugby, de biathlon que de cyclisme.\",\"sameAs\":[\"https:\/\/www.facebook.com\/dicodusport\",\"https:\/\/x.com\/https:\/\/twitter.com\/Nico_Jacquemard\"],\"url\":\"https:\/\/dicodusport.fr\/blog\/author\/dicodusport\/\"}]}<\/script>\n<!-- \/ Yoast SEO Premium plugin. -->","yoast_head_json":{"title":"Biathlon Le Grand Bornand - La s\u00e9lection fran\u00e7aise reste inchang\u00e9e","description":"Le staff de l'\u00e9quipe de France a d\u00e9voil\u00e9 sa s\u00e9lection pour la quatri\u00e8me \u00e9tape de la Coupe du monde de biathlon au Grand Bornand avec toujours les m\u00eames athl\u00e8tes.\u00a0","robots":{"index":"index","follow":"follow","max-snippet":"max-snippet:-1","max-image-preview":"max-image-preview:large","max-video-preview":"max-video-preview:-1"},"canonical":"https:\/\/dicodusport.fr\/blog\/biathlon-le-grand-bornand-la-selection-francaise-reste-inchangee\/","og_locale":"fr_FR","og_type":"article","og_title":"Biathlon Le Grand Bornand - La s\u00e9lection fran\u00e7aise reste inchang\u00e9e","og_description":"Le staff de l'\u00e9quipe de France a d\u00e9voil\u00e9 sa s\u00e9lection pour la quatri\u00e8me \u00e9tape de la Coupe du monde de biathlon au Grand Bornand avec toujours les m\u00eames athl\u00e8tes.\u00a0","og_url":"https:\/\/dicodusport.fr\/blog\/biathlon-le-grand-bornand-la-selection-francaise-reste-inchangee\/","og_site_name":"Dicodusport","article_publisher":"https:\/\/www.facebook.com\/dicodusport","article_author":"https:\/\/www.facebook.com\/dicodusport","article_published_time":"2021-12-13T16:02:28+00:00","article_modified_time":"2021-12-13T17:26:44+00:00","og_image":[{"width":800,"height":445,"url":"https:\/\/dicodusport.fr\/blog\/wp-content\/uploads\/2021\/12\/Biathlon-Le-Grand-Bornand-La-se\u0301lection-franc\u0327aise-reste-inchange\u0301e.png","type":"image\/png"}],"author":"Nicolas Jacquemard","twitter_card":"summary_large_image","twitter_title":"Biathlon Le Grand Bornand - La s\u00e9lection fran\u00e7aise reste inchang\u00e9e","twitter_creator":"@https:\/\/twitter.com\/Nico_Jacquemard","twitter_site":"@dicodusport","schema":{"@context":"https:\/\/schema.org","@graph":[{"@type":"NewsArticle","@id":"https:\/\/dicodusport.fr\/blog\/biathlon-le-grand-bornand-la-selection-francaise-reste-inchangee\/#article","isPartOf":{"@id":"https:\/\/dicodusport.fr\/blog\/biathlon-le-grand-bornand-la-selection-francaise-reste-inchangee\/"},"author":{"name":"Nicolas Jacquemard","@id":"https:\/\/dicodusport.fr\/blog\/#\/schema\/person\/55dcb50ad410894e431ed812bbb70191"},"headline":"Biathlon Le Grand Bornand &#8211; La s\u00e9lection fran\u00e7aise reste inchang\u00e9e","datePublished":"2021-12-13T16:02:28+00:00","dateModified":"2021-12-13T17:26:44+00:00","mainEntityOfPage":{"@id":"https:\/\/dicodusport.fr\/blog\/biathlon-le-grand-bornand-la-selection-francaise-reste-inchangee\/"},"wordCount":237,"commentCount":0,"publisher":{"@id":"https:\/\/dicodusport.fr\/blog\/#organization"},"image":{"@id":"https:\/\/dicodusport.fr\/blog\/biathlon-le-grand-bornand-la-selection-francaise-reste-inchangee\/#primaryimage"},"thumbnailUrl":"https:\/\/dicodusport.fr\/blog\/wp-content\/uploads\/2021\/12\/Biathlon-Le-Grand-Bornand-La-se\u0301lection-franc\u0327aise-reste-inchange\u0301e.png","keywords":["Biathlon","France","Le Grand Bornand"],"articleSection":["Coupe du monde de biathlon"],"inLanguage":"fr-FR","potentialAction":[{"@type":"CommentAction","name":"Comment","target":["https:\/\/dicodusport.fr\/blog\/biathlon-le-grand-bornand-la-selection-francaise-reste-inchangee\/#respond"]}],"copyrightYear":"2021","copyrightHolder":{"@id":"https:\/\/dicodusport.fr\/blog\/#organization"}},{"@type":"WebPage","@id":"https:\/\/dicodusport.fr\/blog\/biathlon-le-grand-bornand-la-selection-francaise-reste-inchangee\/","url":"https:\/\/dicodusport.fr\/blog\/biathlon-le-grand-bornand-la-selection-francaise-reste-inchangee\/","name":"Biathlon Le Grand Bornand - La s\u00e9lection fran\u00e7aise reste inchang\u00e9e","isPartOf":{"@id":"https:\/\/dicodusport.fr\/blog\/#website"},"primaryImageOfPage":{"@id":"https:\/\/dicodusport.fr\/blog\/biathlon-le-grand-bornand-la-selection-francaise-reste-inchangee\/#primaryimage"},"image":{"@id":"https:\/\/dicodusport.fr\/blog\/biathlon-le-grand-bornand-la-selection-francaise-reste-inchangee\/#primaryimage"},"thumbnailUrl":"https:\/\/dicodusport.fr\/blog\/wp-content\/uploads\/2021\/12\/Biathlon-Le-Grand-Bornand-La-se\u0301lection-franc\u0327aise-reste-inchange\u0301e.png","datePublished":"2021-12-13T16:02:28+00:00","dateModified":"2021-12-13T17:26:44+00:00","description":"Le staff de l'\u00e9quipe de France a d\u00e9voil\u00e9 sa s\u00e9lection pour la quatri\u00e8me \u00e9tape de la Coupe du monde de biathlon au Grand Bornand avec toujours les m\u00eames athl\u00e8tes.\u00a0","breadcrumb":{"@id":"https:\/\/dicodusport.fr\/blog\/biathlon-le-grand-bornand-la-selection-francaise-reste-inchangee\/#breadcrumb"},"inLanguage":"fr-FR","potentialAction":[{"@type":"ReadAction","target":["https:\/\/dicodusport.fr\/blog\/biathlon-le-grand-bornand-la-selection-francaise-reste-inchangee\/"]}]},{"@type":"ImageObject","inLanguage":"fr-FR","@id":"https:\/\/dicodusport.fr\/blog\/biathlon-le-grand-bornand-la-selection-francaise-reste-inchangee\/#primaryimage","url":"https:\/\/dicodusport.fr\/blog\/wp-content\/uploads\/2021\/12\/Biathlon-Le-Grand-Bornand-La-se\u0301lection-franc\u0327aise-reste-inchange\u0301e.png","contentUrl":"https:\/\/dicodusport.fr\/blog\/wp-content\/uploads\/2021\/12\/Biathlon-Le-Grand-Bornand-La-se\u0301lection-franc\u0327aise-reste-inchange\u0301e.png","width":800,"height":445},{"@type":"BreadcrumbList","@id":"https:\/\/dicodusport.fr\/blog\/biathlon-le-grand-bornand-la-selection-francaise-reste-inchangee\/#breadcrumb","itemListElement":[{"@type":"ListItem","position":1,"name":"Accueil","item":"https:\/\/dicodusport.fr\/blog\/"},{"@type":"ListItem","position":2,"name":"Biathlon Le Grand Bornand &#8211; La s\u00e9lection fran\u00e7aise reste inchang\u00e9e"}]},{"@type":"WebSite","@id":"https:\/\/dicodusport.fr\/blog\/#website","url":"https:\/\/dicodusport.fr\/blog\/","name":"Dicodusport","description":"L&#039;encyclop\u00e9die de l&#039;actualit\u00e9 sportive","publisher":{"@id":"https:\/\/dicodusport.fr\/blog\/#organization"},"potentialAction":[{"@type":"SearchAction","target":{"@type":"EntryPoint","urlTemplate":"https:\/\/dicodusport.fr\/blog\/?s={search_term_string}"},"query-input":{"@type":"PropertyValueSpecification","valueRequired":true,"valueName":"search_term_string"}}],"inLanguage":"fr-FR"},{"@type":"NewsMediaOrganization","@id":"https:\/\/dicodusport.fr\/blog\/#organization","name":"Dicodusport","url":"https:\/\/dicodusport.fr\/blog\/","logo":{"@type":"ImageObject","inLanguage":"fr-FR","@id":"https:\/\/dicodusport.fr\/blog\/#\/schema\/logo\/image\/","url":"https:\/\/dicodusport.fr\/blog\/wp-content\/uploads\/2020\/06\/cropped-LOGO-DICODUSPORT-2020-SANS-FOND-SANS-TEXTE.png","contentUrl":"https:\/\/dicodusport.fr\/blog\/wp-content\/uploads\/2020\/06\/cropped-LOGO-DICODUSPORT-2020-SANS-FOND-SANS-TEXTE.png","width":512,"height":512,"caption":"Dicodusport"},"image":{"@id":"https:\/\/dicodusport.fr\/blog\/#\/schema\/logo\/image\/"},"sameAs":["https:\/\/www.facebook.com\/dicodusport","https:\/\/x.com\/dicodusport","https:\/\/www.instagram.com\/dicodusport\/","https:\/\/www.youtube.com\/channel\/UC7V2KZ5sd3htJivAbA4ZG3w"],"description":"Dicodusport est l'encyclop\u00e9die de l'actualit\u00e9 sportive.","email":"bonjour@dicodusport.fr","legalName":"DICODUSPORT","foundingDate":"2018-01-14","vatID":"FR71834470973","taxID":"83447097300043","numberOfEmployees":{"@type":"QuantitativeValue","minValue":"1","maxValue":"10"}},{"@type":"Person","@id":"https:\/\/dicodusport.fr\/blog\/#\/schema\/person\/55dcb50ad410894e431ed812bbb70191","name":"Nicolas Jacquemard","image":{"@type":"ImageObject","inLanguage":"fr-FR","@id":"https:\/\/dicodusport.fr\/blog\/#\/schema\/person\/image\/","url":"https:\/\/dicodusport.fr\/blog\/wp-content\/uploads\/2021\/05\/Nicolas-Jacquemard-150x150.jpeg","contentUrl":"https:\/\/dicodusport.fr\/blog\/wp-content\/uploads\/2021\/05\/Nicolas-Jacquemard-150x150.jpeg","caption":"Nicolas Jacquemard"},"description":"Passionn\u00e9 de sport et entrepreneur depuis mes 18 ans, la cr\u00e9ation de Dicodusport m'a sembl\u00e9 \u00e9vidente pour participer \u00e0 la m\u00e9diatisation d'un plus grand nombre de sports. Le chemin est long mais avec une \u00e9quipe des plus motiv\u00e9es et les Jeux Olympiques de Paris 2024 en point de mire, nous y arriverons ! Journaliste dans le monde du sport depuis plus de 5 ans, je traite aussi bien de football, de rugby, de biathlon que de cyclisme.","sameAs":["https:\/\/www.facebook.com\/dicodusport","https:\/\/x.com\/https:\/\/twitter.com\/Nico_Jacquemard"],"url":"https:\/\/dicodusport.fr\/blog\/author\/dicodusport\/"}]}},"_links":{"self":[{"href":"https:\/\/dicodusport.fr\/blog\/wp-json\/wp\/v2\/posts\/185659","targetHints":{"allow":["GET"]}}],"collection":[{"href":"https:\/\/dicodusport.fr\/blog\/wp-json\/wp\/v2\/posts"}],"about":[{"href":"https:\/\/dicodusport.fr\/blog\/wp-json\/wp\/v2\/types\/post"}],"author":[{"embeddable":true,"href":"https:\/\/dicodusport.fr\/blog\/wp-json\/wp\/v2\/users\/1"}],"replies":[{"embeddable":true,"href":"https:\/\/dicodusport.fr\/blog\/wp-json\/wp\/v2\/comments?post=185659"}],"version-history":[{"count":0,"href":"https:\/\/dicodusport.fr\/blog\/wp-json\/wp\/v2\/posts\/185659\/revisions"}],"wp:featuredmedia":[{"embeddable":true,"href":"https:\/\/dicodusport.fr\/blog\/wp-json\/wp\/v2\/media\/185661"}],"wp:attachment":[{"href":"https:\/\/dicodusport.fr\/blog\/wp-json\/wp\/v2\/media?parent=185659"}],"wp:term":[{"taxonomy":"category","embeddable":true,"href":"https:\/\/dicodusport.fr\/blog\/wp-json\/wp\/v2\/categories?post=185659"},{"taxonomy":"post_tag","embeddable":true,"href":"https:\/\/dicodusport.fr\/blog\/wp-json\/wp\/v2\/tags?post=185659"}],"curies":[{"name":"wp","href":"https:\/\/api.w.org\/{rel}","templated":true}]}}