{"id":185759,"date":"2021-12-14T14:46:56","date_gmt":"2021-12-14T13:46:56","guid":{"rendered":"https:\/\/dicodusport.fr\/blog\/?p=185759&#038;preview=true&#038;preview_id=185759"},"modified":"2021-12-14T14:46:56","modified_gmt":"2021-12-14T13:46:56","slug":"champions-cup-vers-une-annulation-du-match-montpellier-leinster","status":"publish","type":"post","link":"https:\/\/dicodusport.fr\/blog\/champions-cup-vers-une-annulation-du-match-montpellier-leinster\/","title":{"rendered":"Champions Cup : Vers une annulation du match Montpellier &#8211; Leinster ?"},"content":{"rendered":"<p style=\"text-align: justify;\"><em><strong>CHAMPIONS CUP 2021-2022 &#8211; Ce mardi, le MHR a annonc\u00e9 qu&rsquo;un 5\u00e8me cas de Covid-19 avait \u00e9t\u00e9 d\u00e9tect\u00e9 dans ses rangs. Une mauvaise nouvelle, forc\u00e9ment, \u00e0 quelques jours d&rsquo;affronter le Leinster dans le cadre de la 2\u00e8me journ\u00e9e de la Coupe d&rsquo;Europe.<\/strong><\/em><\/p>\n<p style=\"text-align: justify;\"><em>\u00ab Suite \u00e0 la s\u00e9rie de tests effectu\u00e9e ce lundi 13 d\u00e9cembre, le Montpellier H\u00e9rault Rugby officialise un nouveau un cas positif \u00e0 la Covid-19 au sein du groupe. Il s&rsquo;agit du cinqui\u00e8me cas de contamination d\u00e9tect\u00e9 sur une p\u00e9riode de 7 jours dans l&rsquo;effectif h\u00e9raultais, ce qui impacte consid\u00e9rablement la pr\u00e9paration du match face au Leinster \u00bb<\/em>. Voici ce qui est indiqu\u00e9 dans le communiqu\u00e9 publi\u00e9 par le club h\u00e9raultais ce mardi. Apr\u00e8s les quatre premiers cas d\u00e9tect\u00e9s en fin de semaine derni\u00e8re avant la rencontre face \u00e0 Exeter, c&rsquo;est donc un cinqui\u00e8me membre du groupe montpelli\u00e9rain qui a \u00e9t\u00e9 test\u00e9 positif. Un nouveau cas qui force, une fois encore, le staff ciste \u00e0 am\u00e9nager les entra\u00eenements.<\/p>\n<blockquote class=\"twitter-tweet\">\n<p dir=\"ltr\" lang=\"fr\"> \u00e9  <\/p>\n<p>Suite \u00e0 la s\u00e9rie de tests effectu\u00e9e ce lundi 13 d\u00e9cembre, le <a href=\"https:\/\/twitter.com\/MHR_officiel?ref_src=twsrc%5Etfw\">@MHR_officiel<\/a> officialise un nouveau un cas positif \u00e0 la Covid-19.<\/p>\n<p>Plus d&rsquo;infos  <a href=\"https:\/\/t.co\/QOu96piJqU\">https:\/\/t.co\/QOu96piJqU<\/a><a href=\"https:\/\/twitter.com\/hashtag\/TeamMHR?src=hash&amp;ref_src=twsrc%5Etfw\">#TeamMHR<\/a> &#x26aa;&#xfe0f; <a href=\"https:\/\/t.co\/x3PnDPAPtT\">pic.twitter.com\/x3PnDPAPtT<\/a><\/p>\n<p>\u2014 Montpellier Rugby (@MHR_officiel) <a href=\"https:\/\/twitter.com\/MHR_officiel\/status\/1470680601632161793?ref_src=twsrc%5Etfw\">December 14, 2021<\/a><\/p><\/blockquote>\n<p><script async src=\"https:\/\/platform.twitter.com\/widgets.js\" charset=\"utf-8\"><\/script><\/p>\n<p style=\"text-align: justify;\">Autre probl\u00e8me, et pas des moindres, l&rsquo;adversaire du <strong>MHR<\/strong> de ce vendredi (21h), le Leinster, est \u00e9galement impact\u00e9 par la Covid-19. En effet, la semaine pass\u00e9e, quatre cas avaient \u00e9t\u00e9 d\u00e9tect\u00e9s dans le groupe des Leinstermen. Vainqueurs de Bath lors de la 1\u00e8re journ\u00e9e (45-20), les quadruples champions d&rsquo;Europe sont donc toujours sous la menace de nouveaux cas. <a href=\"https:\/\/dicodusport.fr\/blog\/champions-cup-wasps-vers-forfait-face-stade-toulousain\/\">\u00c0 l&rsquo;heure o\u00f9 les Wasps ne sont pas certains de pouvoir se rendre \u00e0 Toulouse dimanche<\/a>, \u00e0 cause en partie du coronavirus, et alors que <a href=\"https:\/\/dicodusport.fr\/blog\/champions-cup-les-scarlets-forfaits-pour-la-premiere-journee\/\">les Scarlets de Llanelli ont d\u00e9j\u00e0 d\u00e9clar\u00e9 forfaits lors de la 1\u00e8re journ\u00e9e<\/a>, le Covid-19 n&rsquo;a, semble-t-il, pas fini de contrarier la <strong>Champions Cup 2021-2022<\/strong>.<\/p>\n","protected":false},"excerpt":{"rendered":"<p>CHAMPIONS CUP 2021-2022 &#8211; Ce mardi, le MHR a annonc\u00e9 qu&rsquo;un 5\u00e8me cas de Covid-19 avait \u00e9t\u00e9 d\u00e9tect\u00e9 dans ses rangs. Une mauvaise nouvelle, forc\u00e9ment, \u00e0 quelques jours d&rsquo;affronter le Leinster dans le cadre de la 2\u00e8me journ\u00e9e de la Coupe d&rsquo;Europe.<\/p>\n","protected":false},"author":4,"featured_media":185761,"comment_status":"open","ping_status":"closed","sticky":false,"template":"","format":"standard","meta":{"_acf_changed":false,"_daextam_enable_autolinks":"","footnotes":""},"categories":[47051],"tags":[2823,7057,4950,8027],"class_list":["post-185759","post","type-post","status-publish","format-standard","has-post-thumbnail","hentry","category-champions-cup","tag-champions-cup","tag-leinster","tag-mhr","tag-montpellier-rugby"],"acf":[],"yoast_head":"<!-- This site is optimized with the Yoast SEO Premium plugin v26.7 (Yoast SEO v26.7) - https:\/\/yoast.com\/wordpress\/plugins\/seo\/ -->\n<title>Champions Cup : Vers une annulation du match Montpellier - Leinster ?<\/title>\n<meta name=\"description\" content=\"CHAMPIONS CUP - Ce mardi, le MHR a annonc\u00e9 qu&#039;un 5\u00e8me cas de Covid-19 avait \u00e9t\u00e9 d\u00e9tect\u00e9 dans ses rangs. Une mauvaise nouvelle, forc\u00e9ment.\" \/>\n<meta name=\"robots\" content=\"index, follow, max-snippet:-1, max-image-preview:large, max-video-preview:-1\" \/>\n<link rel=\"canonical\" href=\"https:\/\/dicodusport.fr\/blog\/champions-cup-vers-une-annulation-du-match-montpellier-leinster\/\" \/>\n<meta property=\"og:locale\" content=\"fr_FR\" \/>\n<meta property=\"og:type\" content=\"article\" \/>\n<meta property=\"og:title\" content=\"Champions Cup : Vers une annulation du match Montpellier - Leinster ?\" \/>\n<meta property=\"og:description\" content=\"CHAMPIONS CUP - Ce mardi, le MHR a annonc\u00e9 qu&#039;un 5\u00e8me cas de Covid-19 avait \u00e9t\u00e9 d\u00e9tect\u00e9 dans ses rangs. Une mauvaise nouvelle, forc\u00e9ment.\" \/>\n<meta property=\"og:url\" content=\"https:\/\/dicodusport.fr\/blog\/champions-cup-vers-une-annulation-du-match-montpellier-leinster\/\" \/>\n<meta property=\"og:site_name\" content=\"Dicodusport\" \/>\n<meta property=\"article:publisher\" content=\"https:\/\/www.facebook.com\/dicodusport\" \/>\n<meta property=\"article:author\" content=\"https:\/\/www.facebook.com\/florent.ostermann\" \/>\n<meta property=\"article:published_time\" content=\"2021-12-14T13:46:56+00:00\" \/>\n<meta property=\"og:image\" content=\"https:\/\/dicodusport.fr\/blog\/wp-content\/uploads\/2021\/12\/Champions-Cup-Vers-une-annulation-du-match-Montpellier-Leinster-.png\" \/>\n\t<meta property=\"og:image:width\" content=\"800\" \/>\n\t<meta property=\"og:image:height\" content=\"445\" \/>\n\t<meta property=\"og:image:type\" content=\"image\/png\" \/>\n<meta name=\"author\" content=\"Flo Ostermann\" \/>\n<meta name=\"twitter:card\" content=\"summary_large_image\" \/>\n<meta name=\"twitter:title\" content=\"Champions Cup : Vers une annulation du match Montpellier - Leinster ?\" \/>\n<meta name=\"twitter:creator\" content=\"@https:\/\/twitter.com\/FlOstermann\" \/>\n<meta name=\"twitter:site\" content=\"@dicodusport\" \/>\n<script type=\"application\/ld+json\" class=\"yoast-schema-graph\">{\"@context\":\"https:\/\/schema.org\",\"@graph\":[{\"@type\":\"NewsArticle\",\"@id\":\"https:\/\/dicodusport.fr\/blog\/champions-cup-vers-une-annulation-du-match-montpellier-leinster\/#article\",\"isPartOf\":{\"@id\":\"https:\/\/dicodusport.fr\/blog\/champions-cup-vers-une-annulation-du-match-montpellier-leinster\/\"},\"author\":{\"name\":\"Flo Ostermann\",\"@id\":\"https:\/\/dicodusport.fr\/blog\/#\/schema\/person\/cb02af4c173ce4a653b55e9baf388d4a\"},\"headline\":\"Champions Cup : Vers une annulation du match Montpellier &#8211; Leinster ?\",\"datePublished\":\"2021-12-14T13:46:56+00:00\",\"mainEntityOfPage\":{\"@id\":\"https:\/\/dicodusport.fr\/blog\/champions-cup-vers-une-annulation-du-match-montpellier-leinster\/\"},\"wordCount\":352,\"commentCount\":0,\"publisher\":{\"@id\":\"https:\/\/dicodusport.fr\/blog\/#organization\"},\"image\":{\"@id\":\"https:\/\/dicodusport.fr\/blog\/champions-cup-vers-une-annulation-du-match-montpellier-leinster\/#primaryimage\"},\"thumbnailUrl\":\"https:\/\/dicodusport.fr\/blog\/wp-content\/uploads\/2021\/12\/Champions-Cup-Vers-une-annulation-du-match-Montpellier-Leinster-.png\",\"keywords\":[\"Champions Cup\",\"Leinster\",\"MHR\",\"Montpellier Rugby\"],\"articleSection\":[\"Champions Cup\"],\"inLanguage\":\"fr-FR\",\"potentialAction\":[{\"@type\":\"CommentAction\",\"name\":\"Comment\",\"target\":[\"https:\/\/dicodusport.fr\/blog\/champions-cup-vers-une-annulation-du-match-montpellier-leinster\/#respond\"]}],\"copyrightYear\":\"2021\",\"copyrightHolder\":{\"@id\":\"https:\/\/dicodusport.fr\/blog\/#organization\"}},{\"@type\":\"WebPage\",\"@id\":\"https:\/\/dicodusport.fr\/blog\/champions-cup-vers-une-annulation-du-match-montpellier-leinster\/\",\"url\":\"https:\/\/dicodusport.fr\/blog\/champions-cup-vers-une-annulation-du-match-montpellier-leinster\/\",\"name\":\"Champions Cup : Vers une annulation du match Montpellier - Leinster ?\",\"isPartOf\":{\"@id\":\"https:\/\/dicodusport.fr\/blog\/#website\"},\"primaryImageOfPage\":{\"@id\":\"https:\/\/dicodusport.fr\/blog\/champions-cup-vers-une-annulation-du-match-montpellier-leinster\/#primaryimage\"},\"image\":{\"@id\":\"https:\/\/dicodusport.fr\/blog\/champions-cup-vers-une-annulation-du-match-montpellier-leinster\/#primaryimage\"},\"thumbnailUrl\":\"https:\/\/dicodusport.fr\/blog\/wp-content\/uploads\/2021\/12\/Champions-Cup-Vers-une-annulation-du-match-Montpellier-Leinster-.png\",\"datePublished\":\"2021-12-14T13:46:56+00:00\",\"description\":\"CHAMPIONS CUP - Ce mardi, le MHR a annonc\u00e9 qu'un 5\u00e8me cas de Covid-19 avait \u00e9t\u00e9 d\u00e9tect\u00e9 dans ses rangs. Une mauvaise nouvelle, forc\u00e9ment.\",\"breadcrumb\":{\"@id\":\"https:\/\/dicodusport.fr\/blog\/champions-cup-vers-une-annulation-du-match-montpellier-leinster\/#breadcrumb\"},\"inLanguage\":\"fr-FR\",\"potentialAction\":[{\"@type\":\"ReadAction\",\"target\":[\"https:\/\/dicodusport.fr\/blog\/champions-cup-vers-une-annulation-du-match-montpellier-leinster\/\"]}]},{\"@type\":\"ImageObject\",\"inLanguage\":\"fr-FR\",\"@id\":\"https:\/\/dicodusport.fr\/blog\/champions-cup-vers-une-annulation-du-match-montpellier-leinster\/#primaryimage\",\"url\":\"https:\/\/dicodusport.fr\/blog\/wp-content\/uploads\/2021\/12\/Champions-Cup-Vers-une-annulation-du-match-Montpellier-Leinster-.png\",\"contentUrl\":\"https:\/\/dicodusport.fr\/blog\/wp-content\/uploads\/2021\/12\/Champions-Cup-Vers-une-annulation-du-match-Montpellier-Leinster-.png\",\"width\":800,\"height\":445,\"caption\":\"Champions Cup Vers une annulation du match Montpellier - Leinster\"},{\"@type\":\"BreadcrumbList\",\"@id\":\"https:\/\/dicodusport.fr\/blog\/champions-cup-vers-une-annulation-du-match-montpellier-leinster\/#breadcrumb\",\"itemListElement\":[{\"@type\":\"ListItem\",\"position\":1,\"name\":\"Accueil\",\"item\":\"https:\/\/dicodusport.fr\/blog\/\"},{\"@type\":\"ListItem\",\"position\":2,\"name\":\"Champions Cup : Vers une annulation du match Montpellier &#8211; Leinster ?\"}]},{\"@type\":\"WebSite\",\"@id\":\"https:\/\/dicodusport.fr\/blog\/#website\",\"url\":\"https:\/\/dicodusport.fr\/blog\/\",\"name\":\"Dicodusport\",\"description\":\"L&#039;encyclop\u00e9die de l&#039;actualit\u00e9 sportive\",\"publisher\":{\"@id\":\"https:\/\/dicodusport.fr\/blog\/#organization\"},\"potentialAction\":[{\"@type\":\"SearchAction\",\"target\":{\"@type\":\"EntryPoint\",\"urlTemplate\":\"https:\/\/dicodusport.fr\/blog\/?s={search_term_string}\"},\"query-input\":{\"@type\":\"PropertyValueSpecification\",\"valueRequired\":true,\"valueName\":\"search_term_string\"}}],\"inLanguage\":\"fr-FR\"},{\"@type\":\"NewsMediaOrganization\",\"@id\":\"https:\/\/dicodusport.fr\/blog\/#organization\",\"name\":\"Dicodusport\",\"url\":\"https:\/\/dicodusport.fr\/blog\/\",\"logo\":{\"@type\":\"ImageObject\",\"inLanguage\":\"fr-FR\",\"@id\":\"https:\/\/dicodusport.fr\/blog\/#\/schema\/logo\/image\/\",\"url\":\"https:\/\/dicodusport.fr\/blog\/wp-content\/uploads\/2020\/06\/cropped-LOGO-DICODUSPORT-2020-SANS-FOND-SANS-TEXTE.png\",\"contentUrl\":\"https:\/\/dicodusport.fr\/blog\/wp-content\/uploads\/2020\/06\/cropped-LOGO-DICODUSPORT-2020-SANS-FOND-SANS-TEXTE.png\",\"width\":512,\"height\":512,\"caption\":\"Dicodusport\"},\"image\":{\"@id\":\"https:\/\/dicodusport.fr\/blog\/#\/schema\/logo\/image\/\"},\"sameAs\":[\"https:\/\/www.facebook.com\/dicodusport\",\"https:\/\/x.com\/dicodusport\",\"https:\/\/www.instagram.com\/dicodusport\/\",\"https:\/\/www.youtube.com\/channel\/UC7V2KZ5sd3htJivAbA4ZG3w\"],\"description\":\"Dicodusport est l'encyclop\u00e9die de l'actualit\u00e9 sportive.\",\"email\":\"bonjour@dicodusport.fr\",\"legalName\":\"DICODUSPORT\",\"foundingDate\":\"2018-01-14\",\"vatID\":\"FR71834470973\",\"taxID\":\"83447097300043\",\"numberOfEmployees\":{\"@type\":\"QuantitativeValue\",\"minValue\":\"1\",\"maxValue\":\"10\"}},{\"@type\":\"Person\",\"@id\":\"https:\/\/dicodusport.fr\/blog\/#\/schema\/person\/cb02af4c173ce4a653b55e9baf388d4a\",\"name\":\"Flo Ostermann\",\"image\":{\"@type\":\"ImageObject\",\"inLanguage\":\"fr-FR\",\"@id\":\"https:\/\/dicodusport.fr\/blog\/#\/schema\/person\/image\/\",\"url\":\"https:\/\/dicodusport.fr\/blog\/wp-content\/uploads\/2021\/05\/Flo-Ostermann-150x150.jpg\",\"contentUrl\":\"https:\/\/dicodusport.fr\/blog\/wp-content\/uploads\/2021\/05\/Flo-Ostermann-150x150.jpg\",\"caption\":\"Flo Ostermann\"},\"description\":\"Journaliste\/R\u00e9dacteur depuis septembre 2015 - Mes premiers souvenirs dans le sport ? Les envol\u00e9es du Stade Toulousain et les duels Villeneuve-Schumacher et H\u00e4kkinen-Schumacher \u00e0 la fin des ann\u00e9es 90, la Coupe du monde de football en 1998, l\u2019exploit du XV de France face aux All Blacks en 1999, mais aussi Richard C\u0153ur de Lion qui vole sur les montagnes du Tour de France. Bien parti pour devenir professeur d\u2019EPS, les \u00e9v\u00e9nements de la vie (et la flemme d\u2019animer des s\u00e9ances de 3x500 m\u00e8tres toute ma vie) m\u2019ont conduit \u00e0 revoir mes plans. Me voil\u00e0 depuis fin 2017 sur Dicodusport, m\u00e9dia gr\u00e2ce (et pour) lequel je partage ma passion : le sport dans tous ses \u00e9tats. Le tout accompagn\u00e9 par les fous furieux et folles furieuses cit\u00e9s sur cette page !\",\"sameAs\":[\"https:\/\/www.facebook.com\/florent.ostermann\",\"https:\/\/x.com\/https:\/\/twitter.com\/FlOstermann\",\"admin\"],\"url\":\"https:\/\/dicodusport.fr\/blog\/author\/flo\/\"}]}<\/script>\n<!-- \/ Yoast SEO Premium plugin. -->","yoast_head_json":{"title":"Champions Cup : Vers une annulation du match Montpellier - Leinster ?","description":"CHAMPIONS CUP - Ce mardi, le MHR a annonc\u00e9 qu'un 5\u00e8me cas de Covid-19 avait \u00e9t\u00e9 d\u00e9tect\u00e9 dans ses rangs. Une mauvaise nouvelle, forc\u00e9ment.","robots":{"index":"index","follow":"follow","max-snippet":"max-snippet:-1","max-image-preview":"max-image-preview:large","max-video-preview":"max-video-preview:-1"},"canonical":"https:\/\/dicodusport.fr\/blog\/champions-cup-vers-une-annulation-du-match-montpellier-leinster\/","og_locale":"fr_FR","og_type":"article","og_title":"Champions Cup : Vers une annulation du match Montpellier - Leinster ?","og_description":"CHAMPIONS CUP - Ce mardi, le MHR a annonc\u00e9 qu'un 5\u00e8me cas de Covid-19 avait \u00e9t\u00e9 d\u00e9tect\u00e9 dans ses rangs. Une mauvaise nouvelle, forc\u00e9ment.","og_url":"https:\/\/dicodusport.fr\/blog\/champions-cup-vers-une-annulation-du-match-montpellier-leinster\/","og_site_name":"Dicodusport","article_publisher":"https:\/\/www.facebook.com\/dicodusport","article_author":"https:\/\/www.facebook.com\/florent.ostermann","article_published_time":"2021-12-14T13:46:56+00:00","og_image":[{"width":800,"height":445,"url":"https:\/\/dicodusport.fr\/blog\/wp-content\/uploads\/2021\/12\/Champions-Cup-Vers-une-annulation-du-match-Montpellier-Leinster-.png","type":"image\/png"}],"author":"Flo Ostermann","twitter_card":"summary_large_image","twitter_title":"Champions Cup : Vers une annulation du match Montpellier - Leinster ?","twitter_creator":"@https:\/\/twitter.com\/FlOstermann","twitter_site":"@dicodusport","schema":{"@context":"https:\/\/schema.org","@graph":[{"@type":"NewsArticle","@id":"https:\/\/dicodusport.fr\/blog\/champions-cup-vers-une-annulation-du-match-montpellier-leinster\/#article","isPartOf":{"@id":"https:\/\/dicodusport.fr\/blog\/champions-cup-vers-une-annulation-du-match-montpellier-leinster\/"},"author":{"name":"Flo Ostermann","@id":"https:\/\/dicodusport.fr\/blog\/#\/schema\/person\/cb02af4c173ce4a653b55e9baf388d4a"},"headline":"Champions Cup : Vers une annulation du match Montpellier &#8211; Leinster ?","datePublished":"2021-12-14T13:46:56+00:00","mainEntityOfPage":{"@id":"https:\/\/dicodusport.fr\/blog\/champions-cup-vers-une-annulation-du-match-montpellier-leinster\/"},"wordCount":352,"commentCount":0,"publisher":{"@id":"https:\/\/dicodusport.fr\/blog\/#organization"},"image":{"@id":"https:\/\/dicodusport.fr\/blog\/champions-cup-vers-une-annulation-du-match-montpellier-leinster\/#primaryimage"},"thumbnailUrl":"https:\/\/dicodusport.fr\/blog\/wp-content\/uploads\/2021\/12\/Champions-Cup-Vers-une-annulation-du-match-Montpellier-Leinster-.png","keywords":["Champions Cup","Leinster","MHR","Montpellier Rugby"],"articleSection":["Champions Cup"],"inLanguage":"fr-FR","potentialAction":[{"@type":"CommentAction","name":"Comment","target":["https:\/\/dicodusport.fr\/blog\/champions-cup-vers-une-annulation-du-match-montpellier-leinster\/#respond"]}],"copyrightYear":"2021","copyrightHolder":{"@id":"https:\/\/dicodusport.fr\/blog\/#organization"}},{"@type":"WebPage","@id":"https:\/\/dicodusport.fr\/blog\/champions-cup-vers-une-annulation-du-match-montpellier-leinster\/","url":"https:\/\/dicodusport.fr\/blog\/champions-cup-vers-une-annulation-du-match-montpellier-leinster\/","name":"Champions Cup : Vers une annulation du match Montpellier - Leinster ?","isPartOf":{"@id":"https:\/\/dicodusport.fr\/blog\/#website"},"primaryImageOfPage":{"@id":"https:\/\/dicodusport.fr\/blog\/champions-cup-vers-une-annulation-du-match-montpellier-leinster\/#primaryimage"},"image":{"@id":"https:\/\/dicodusport.fr\/blog\/champions-cup-vers-une-annulation-du-match-montpellier-leinster\/#primaryimage"},"thumbnailUrl":"https:\/\/dicodusport.fr\/blog\/wp-content\/uploads\/2021\/12\/Champions-Cup-Vers-une-annulation-du-match-Montpellier-Leinster-.png","datePublished":"2021-12-14T13:46:56+00:00","description":"CHAMPIONS CUP - Ce mardi, le MHR a annonc\u00e9 qu'un 5\u00e8me cas de Covid-19 avait \u00e9t\u00e9 d\u00e9tect\u00e9 dans ses rangs. Une mauvaise nouvelle, forc\u00e9ment.","breadcrumb":{"@id":"https:\/\/dicodusport.fr\/blog\/champions-cup-vers-une-annulation-du-match-montpellier-leinster\/#breadcrumb"},"inLanguage":"fr-FR","potentialAction":[{"@type":"ReadAction","target":["https:\/\/dicodusport.fr\/blog\/champions-cup-vers-une-annulation-du-match-montpellier-leinster\/"]}]},{"@type":"ImageObject","inLanguage":"fr-FR","@id":"https:\/\/dicodusport.fr\/blog\/champions-cup-vers-une-annulation-du-match-montpellier-leinster\/#primaryimage","url":"https:\/\/dicodusport.fr\/blog\/wp-content\/uploads\/2021\/12\/Champions-Cup-Vers-une-annulation-du-match-Montpellier-Leinster-.png","contentUrl":"https:\/\/dicodusport.fr\/blog\/wp-content\/uploads\/2021\/12\/Champions-Cup-Vers-une-annulation-du-match-Montpellier-Leinster-.png","width":800,"height":445,"caption":"Champions Cup Vers une annulation du match Montpellier - Leinster"},{"@type":"BreadcrumbList","@id":"https:\/\/dicodusport.fr\/blog\/champions-cup-vers-une-annulation-du-match-montpellier-leinster\/#breadcrumb","itemListElement":[{"@type":"ListItem","position":1,"name":"Accueil","item":"https:\/\/dicodusport.fr\/blog\/"},{"@type":"ListItem","position":2,"name":"Champions Cup : Vers une annulation du match Montpellier &#8211; Leinster ?"}]},{"@type":"WebSite","@id":"https:\/\/dicodusport.fr\/blog\/#website","url":"https:\/\/dicodusport.fr\/blog\/","name":"Dicodusport","description":"L&#039;encyclop\u00e9die de l&#039;actualit\u00e9 sportive","publisher":{"@id":"https:\/\/dicodusport.fr\/blog\/#organization"},"potentialAction":[{"@type":"SearchAction","target":{"@type":"EntryPoint","urlTemplate":"https:\/\/dicodusport.fr\/blog\/?s={search_term_string}"},"query-input":{"@type":"PropertyValueSpecification","valueRequired":true,"valueName":"search_term_string"}}],"inLanguage":"fr-FR"},{"@type":"NewsMediaOrganization","@id":"https:\/\/dicodusport.fr\/blog\/#organization","name":"Dicodusport","url":"https:\/\/dicodusport.fr\/blog\/","logo":{"@type":"ImageObject","inLanguage":"fr-FR","@id":"https:\/\/dicodusport.fr\/blog\/#\/schema\/logo\/image\/","url":"https:\/\/dicodusport.fr\/blog\/wp-content\/uploads\/2020\/06\/cropped-LOGO-DICODUSPORT-2020-SANS-FOND-SANS-TEXTE.png","contentUrl":"https:\/\/dicodusport.fr\/blog\/wp-content\/uploads\/2020\/06\/cropped-LOGO-DICODUSPORT-2020-SANS-FOND-SANS-TEXTE.png","width":512,"height":512,"caption":"Dicodusport"},"image":{"@id":"https:\/\/dicodusport.fr\/blog\/#\/schema\/logo\/image\/"},"sameAs":["https:\/\/www.facebook.com\/dicodusport","https:\/\/x.com\/dicodusport","https:\/\/www.instagram.com\/dicodusport\/","https:\/\/www.youtube.com\/channel\/UC7V2KZ5sd3htJivAbA4ZG3w"],"description":"Dicodusport est l'encyclop\u00e9die de l'actualit\u00e9 sportive.","email":"bonjour@dicodusport.fr","legalName":"DICODUSPORT","foundingDate":"2018-01-14","vatID":"FR71834470973","taxID":"83447097300043","numberOfEmployees":{"@type":"QuantitativeValue","minValue":"1","maxValue":"10"}},{"@type":"Person","@id":"https:\/\/dicodusport.fr\/blog\/#\/schema\/person\/cb02af4c173ce4a653b55e9baf388d4a","name":"Flo Ostermann","image":{"@type":"ImageObject","inLanguage":"fr-FR","@id":"https:\/\/dicodusport.fr\/blog\/#\/schema\/person\/image\/","url":"https:\/\/dicodusport.fr\/blog\/wp-content\/uploads\/2021\/05\/Flo-Ostermann-150x150.jpg","contentUrl":"https:\/\/dicodusport.fr\/blog\/wp-content\/uploads\/2021\/05\/Flo-Ostermann-150x150.jpg","caption":"Flo Ostermann"},"description":"Journaliste\/R\u00e9dacteur depuis septembre 2015 - Mes premiers souvenirs dans le sport ? Les envol\u00e9es du Stade Toulousain et les duels Villeneuve-Schumacher et H\u00e4kkinen-Schumacher \u00e0 la fin des ann\u00e9es 90, la Coupe du monde de football en 1998, l\u2019exploit du XV de France face aux All Blacks en 1999, mais aussi Richard C\u0153ur de Lion qui vole sur les montagnes du Tour de France. Bien parti pour devenir professeur d\u2019EPS, les \u00e9v\u00e9nements de la vie (et la flemme d\u2019animer des s\u00e9ances de 3x500 m\u00e8tres toute ma vie) m\u2019ont conduit \u00e0 revoir mes plans. Me voil\u00e0 depuis fin 2017 sur Dicodusport, m\u00e9dia gr\u00e2ce (et pour) lequel je partage ma passion : le sport dans tous ses \u00e9tats. Le tout accompagn\u00e9 par les fous furieux et folles furieuses cit\u00e9s sur cette page !","sameAs":["https:\/\/www.facebook.com\/florent.ostermann","https:\/\/x.com\/https:\/\/twitter.com\/FlOstermann","admin"],"url":"https:\/\/dicodusport.fr\/blog\/author\/flo\/"}]}},"_links":{"self":[{"href":"https:\/\/dicodusport.fr\/blog\/wp-json\/wp\/v2\/posts\/185759","targetHints":{"allow":["GET"]}}],"collection":[{"href":"https:\/\/dicodusport.fr\/blog\/wp-json\/wp\/v2\/posts"}],"about":[{"href":"https:\/\/dicodusport.fr\/blog\/wp-json\/wp\/v2\/types\/post"}],"author":[{"embeddable":true,"href":"https:\/\/dicodusport.fr\/blog\/wp-json\/wp\/v2\/users\/4"}],"replies":[{"embeddable":true,"href":"https:\/\/dicodusport.fr\/blog\/wp-json\/wp\/v2\/comments?post=185759"}],"version-history":[{"count":0,"href":"https:\/\/dicodusport.fr\/blog\/wp-json\/wp\/v2\/posts\/185759\/revisions"}],"wp:featuredmedia":[{"embeddable":true,"href":"https:\/\/dicodusport.fr\/blog\/wp-json\/wp\/v2\/media\/185761"}],"wp:attachment":[{"href":"https:\/\/dicodusport.fr\/blog\/wp-json\/wp\/v2\/media?parent=185759"}],"wp:term":[{"taxonomy":"category","embeddable":true,"href":"https:\/\/dicodusport.fr\/blog\/wp-json\/wp\/v2\/categories?post=185759"},{"taxonomy":"post_tag","embeddable":true,"href":"https:\/\/dicodusport.fr\/blog\/wp-json\/wp\/v2\/tags?post=185759"}],"curies":[{"name":"wp","href":"https:\/\/api.w.org\/{rel}","templated":true}]}}