{"id":185808,"date":"2021-12-15T08:27:10","date_gmt":"2021-12-15T07:27:10","guid":{"rendered":"https:\/\/dicodusport.fr\/blog\/?p=185808"},"modified":"2021-12-15T08:27:10","modified_gmt":"2021-12-15T07:27:10","slug":"coupe-du-monde-de-skicross-troisieme-podium-de-suite-pour-terence-tchiknavorian","status":"publish","type":"post","link":"https:\/\/dicodusport.fr\/blog\/coupe-du-monde-de-skicross-troisieme-podium-de-suite-pour-terence-tchiknavorian\/","title":{"rendered":"Coupe du monde de skicross : Troisi\u00e8me podium de suite pour Terence Tchiknavorian"},"content":{"rendered":"<p style=\"text-align: justify;\"><strong><em>COUPE DU MONDE DE SKICROSS 2021-2022 &#8211; O\u00f9 s&rsquo;arr\u00eatera-t-il ? Apr\u00e8s \u00eatre mont\u00e9 deux fois sur le podium \u00e0 Val Thorens le week-end dernier, Terence Tchiknavorian continue d&rsquo;impressionner en signant une deuxi\u00e8me place \u00e0 Arosa (Suisse).<\/em><\/strong><\/p>\n<h2 style=\"text-align: justify;\">Jamais 2 sans 3<\/h2>\n<p style=\"text-align: justify;\">La semaine derni\u00e8re, il comptait seulement 2 podiums en Coupe du monde et aucune victoire. D\u00e9sormais, <strong>Terence Tchiknavorian<\/strong> totalise 3 podiums de plus, <a href=\"https:\/\/dicodusport.fr\/blog\/coupe-du-monde-de-skicross-terence-tchiknavorian-lemporte-a-val-thorens\/\">dont une victoire<\/a>. Sur une superbe lanc\u00e9e sur l&rsquo;\u00e9tape en France \u00e0 Val Thorens, le Fran\u00e7ais est litt\u00e9ralement en feu ces derniers jours. Ce mardi soir, la Coupe du monde de skicross faisait escale \u00e0 Arosa en Suisse pour une \u00e9preuve de sprint, et bien que la course se d\u00e9roule de nuit, l&rsquo;Avignonnais n&rsquo;en a pas pour autant perdu ses bonnes habitudes de podium. Pourtant auteur d&rsquo;un bon d\u00e9part, <strong>Terence Tchiknavorian<\/strong> voit le Su\u00e9dois <strong>David Mobaerg<\/strong> le devancer avant de prendre le large. Si en temps normal, une deuxi\u00e8me place au d\u00e9part n&rsquo;est pas r\u00e9dhibitoire pour la gagne, le format sprint (plus court) laisse peu de chances pour un \u00e9ventuel retour de l&rsquo;arri\u00e8re. Qu&rsquo;importe, le Tricolore termine une nouvelle fois \u00e0 la seconde place et accroit son avance au classement du petit globe de skicross, en particulier sur son dauphin <strong>Bastien Midol<\/strong>, \u00e9limin\u00e9 en quart. Le Canadien <strong>Jared Schmidt<\/strong> compl\u00e8te le podium.<\/p>\n<p style=\"text-align: justify;\">Chez les femmes, aucune Fran\u00e7aise n&rsquo;est parvenue \u00e0 accrocher la finale. <strong>Jade Grillet-Aubert<\/strong>, la meilleure d&rsquo;entre elles, prend la troisi\u00e8me place de la petite finale et se classe 7\u00e8me. La Canadienne, championne olympique \u00e0 Sotchi, <strong>Marielle Thompson<\/strong>, s&rsquo;impose devant la Suissesse <strong>Fanny Smith<\/strong> et une autre Canadienne, <strong>Zoe Chore<\/strong>. La favorite, <strong>Sandra Naeslund<\/strong>, termine au pied du podium apr\u00e8s avoir chut\u00e9.<\/p>\n<blockquote class=\"twitter-tweet\">\n<p dir=\"ltr\" lang=\"fr\">IL CONFIRME SA GRANDE FORME ! &#x1f1eb;&#x1f1f7; <a href=\"https:\/\/twitter.com\/terence_tchik?ref_src=twsrc%5Etfw\">@terence_tchik<\/a> ne quitte plus le podium avec une 2e place en Ski Cross, ce soir, \u00e0 Arosa !<br \/>\nJade Grillet-Aubert, 3e de la petite finale.<a href=\"https:\/\/twitter.com\/AudiFrance?ref_src=twsrc%5Etfw\">@AudiFrance<\/a> <a href=\"https:\/\/twitter.com\/richesmonts_?ref_src=twsrc%5Etfw\">@richesmonts_<\/a> <a href=\"https:\/\/twitter.com\/ColmarSport?ref_src=twsrc%5Etfw\">@ColmarSport<\/a> <a href=\"https:\/\/twitter.com\/SavoieMontBlanc?ref_src=twsrc%5Etfw\">@SavoieMontBlanc<\/a> <a href=\"https:\/\/twitter.com\/Caisse_Epargne?ref_src=twsrc%5Etfw\">@Caisse_Epargne<\/a> <a href=\"https:\/\/twitter.com\/auvergnerhalpes?ref_src=twsrc%5Etfw\">@auvergnerhalpes<\/a> <a href=\"https:\/\/twitter.com\/DSkiables?ref_src=twsrc%5Etfw\">@DSkiables<\/a> <a href=\"https:\/\/t.co\/FS6t1HCqwB\">https:\/\/t.co\/FS6t1HCqwB<\/a><\/p>\n<p>\u2014 FFS &#8211; F\u00e9d\u00e9ration Fran\u00e7aise de Ski (@FedFranceSki) <a href=\"https:\/\/twitter.com\/FedFranceSki\/status\/1470860267588395016?ref_src=twsrc%5Etfw\">December 14, 2021<\/a><\/p><\/blockquote>\n<p><script async src=\"https:\/\/platform.twitter.com\/widgets.js\" charset=\"utf-8\"><\/script><\/p>\n","protected":false},"excerpt":{"rendered":"<p>COUPE DU MONDE DE SKICROSS 2021-2022 &#8211; O\u00f9 s&rsquo;arr\u00eatera-t-il ? Apr\u00e8s \u00eatre mont\u00e9 deux fois sur le podium \u00e0 Val Thorens le week-end dernier, Terence Tchiknavorian continue d&rsquo;impressionner en signant une deuxi\u00e8me place \u00e0 Arosa (Suisse).<\/p>\n","protected":false},"author":43,"featured_media":185835,"comment_status":"open","ping_status":"closed","sticky":false,"template":"","format":"standard","meta":{"_acf_changed":false,"_daextam_enable_autolinks":"","footnotes":""},"categories":[9217],"tags":[2947,20815],"class_list":["post-185808","post","type-post","status-publish","format-standard","has-post-thumbnail","hentry","category-ski","tag-skicross","tag-terence-tchiknavorian"],"acf":[],"yoast_head":"<!-- This site is optimized with the Yoast SEO Premium plugin v26.7 (Yoast SEO v26.7) - https:\/\/yoast.com\/wordpress\/plugins\/seo\/ -->\n<title>Coupe du monde de skicross : Troisi\u00e8me podium de suite pour Terence Tchiknavorian<\/title>\n<meta name=\"description\" content=\"Il est inarr\u00eatable ! Terence Tchiknavorian signe un troisi\u00e8me podium de suite sur l&#039;\u00e9preuve de sprint de skicross \u00e0 Arosa.\" \/>\n<meta name=\"robots\" content=\"index, follow, max-snippet:-1, max-image-preview:large, max-video-preview:-1\" \/>\n<link rel=\"canonical\" href=\"https:\/\/dicodusport.fr\/blog\/coupe-du-monde-de-skicross-troisieme-podium-de-suite-pour-terence-tchiknavorian\/\" \/>\n<meta property=\"og:locale\" content=\"fr_FR\" \/>\n<meta property=\"og:type\" content=\"article\" \/>\n<meta property=\"og:title\" content=\"Coupe du monde de skicross : Troisi\u00e8me podium de suite pour Terence Tchiknavorian\" \/>\n<meta property=\"og:description\" content=\"Il est inarr\u00eatable ! Terence Tchiknavorian signe un troisi\u00e8me podium de suite sur l&#039;\u00e9preuve de sprint de skicross \u00e0 Arosa.\" \/>\n<meta property=\"og:url\" content=\"https:\/\/dicodusport.fr\/blog\/coupe-du-monde-de-skicross-troisieme-podium-de-suite-pour-terence-tchiknavorian\/\" \/>\n<meta property=\"og:site_name\" content=\"Dicodusport\" \/>\n<meta property=\"article:publisher\" content=\"https:\/\/www.facebook.com\/dicodusport\" \/>\n<meta property=\"article:author\" content=\"https:\/\/www.facebook.com\/Max.Bld2\/\" \/>\n<meta property=\"article:published_time\" content=\"2021-12-15T07:27:10+00:00\" \/>\n<meta property=\"og:image\" content=\"https:\/\/dicodusport.fr\/blog\/wp-content\/uploads\/2021\/12\/Coupe-du-monde-de-skicross-Troisieme-podium-de-suite-pour-Terence-Tchiknavorian.png\" \/>\n\t<meta property=\"og:image:width\" content=\"800\" \/>\n\t<meta property=\"og:image:height\" content=\"445\" \/>\n\t<meta property=\"og:image:type\" content=\"image\/png\" \/>\n<meta name=\"author\" content=\"Maxime Boulard\" \/>\n<meta name=\"twitter:card\" content=\"summary_large_image\" \/>\n<meta name=\"twitter:title\" content=\"Coupe du monde de skicross : Troisi\u00e8me podium de suite pour Terence Tchiknavorian\" \/>\n<meta name=\"twitter:creator\" content=\"@https:\/\/twitter.com\/MaximeB_2\" \/>\n<meta name=\"twitter:site\" content=\"@dicodusport\" \/>\n<script type=\"application\/ld+json\" class=\"yoast-schema-graph\">{\"@context\":\"https:\/\/schema.org\",\"@graph\":[{\"@type\":\"NewsArticle\",\"@id\":\"https:\/\/dicodusport.fr\/blog\/coupe-du-monde-de-skicross-troisieme-podium-de-suite-pour-terence-tchiknavorian\/#article\",\"isPartOf\":{\"@id\":\"https:\/\/dicodusport.fr\/blog\/coupe-du-monde-de-skicross-troisieme-podium-de-suite-pour-terence-tchiknavorian\/\"},\"author\":{\"name\":\"Maxime Boulard\",\"@id\":\"https:\/\/dicodusport.fr\/blog\/#\/schema\/person\/5aab10ee856e86ac63e9819a9da34784\"},\"headline\":\"Coupe du monde de skicross : Troisi\u00e8me podium de suite pour Terence Tchiknavorian\",\"datePublished\":\"2021-12-15T07:27:10+00:00\",\"mainEntityOfPage\":{\"@id\":\"https:\/\/dicodusport.fr\/blog\/coupe-du-monde-de-skicross-troisieme-podium-de-suite-pour-terence-tchiknavorian\/\"},\"wordCount\":368,\"commentCount\":0,\"publisher\":{\"@id\":\"https:\/\/dicodusport.fr\/blog\/#organization\"},\"image\":{\"@id\":\"https:\/\/dicodusport.fr\/blog\/coupe-du-monde-de-skicross-troisieme-podium-de-suite-pour-terence-tchiknavorian\/#primaryimage\"},\"thumbnailUrl\":\"https:\/\/dicodusport.fr\/blog\/wp-content\/uploads\/2021\/12\/Coupe-du-monde-de-skicross-Troisieme-podium-de-suite-pour-Terence-Tchiknavorian.png\",\"keywords\":[\"skicross\",\"Terence Tchiknavorian\"],\"articleSection\":[\"Ski\"],\"inLanguage\":\"fr-FR\",\"potentialAction\":[{\"@type\":\"CommentAction\",\"name\":\"Comment\",\"target\":[\"https:\/\/dicodusport.fr\/blog\/coupe-du-monde-de-skicross-troisieme-podium-de-suite-pour-terence-tchiknavorian\/#respond\"]}],\"copyrightYear\":\"2021\",\"copyrightHolder\":{\"@id\":\"https:\/\/dicodusport.fr\/blog\/#organization\"}},{\"@type\":\"WebPage\",\"@id\":\"https:\/\/dicodusport.fr\/blog\/coupe-du-monde-de-skicross-troisieme-podium-de-suite-pour-terence-tchiknavorian\/\",\"url\":\"https:\/\/dicodusport.fr\/blog\/coupe-du-monde-de-skicross-troisieme-podium-de-suite-pour-terence-tchiknavorian\/\",\"name\":\"Coupe du monde de skicross : Troisi\u00e8me podium de suite pour Terence Tchiknavorian\",\"isPartOf\":{\"@id\":\"https:\/\/dicodusport.fr\/blog\/#website\"},\"primaryImageOfPage\":{\"@id\":\"https:\/\/dicodusport.fr\/blog\/coupe-du-monde-de-skicross-troisieme-podium-de-suite-pour-terence-tchiknavorian\/#primaryimage\"},\"image\":{\"@id\":\"https:\/\/dicodusport.fr\/blog\/coupe-du-monde-de-skicross-troisieme-podium-de-suite-pour-terence-tchiknavorian\/#primaryimage\"},\"thumbnailUrl\":\"https:\/\/dicodusport.fr\/blog\/wp-content\/uploads\/2021\/12\/Coupe-du-monde-de-skicross-Troisieme-podium-de-suite-pour-Terence-Tchiknavorian.png\",\"datePublished\":\"2021-12-15T07:27:10+00:00\",\"description\":\"Il est inarr\u00eatable ! Terence Tchiknavorian signe un troisi\u00e8me podium de suite sur l'\u00e9preuve de sprint de skicross \u00e0 Arosa.\",\"breadcrumb\":{\"@id\":\"https:\/\/dicodusport.fr\/blog\/coupe-du-monde-de-skicross-troisieme-podium-de-suite-pour-terence-tchiknavorian\/#breadcrumb\"},\"inLanguage\":\"fr-FR\",\"potentialAction\":[{\"@type\":\"ReadAction\",\"target\":[\"https:\/\/dicodusport.fr\/blog\/coupe-du-monde-de-skicross-troisieme-podium-de-suite-pour-terence-tchiknavorian\/\"]}]},{\"@type\":\"ImageObject\",\"inLanguage\":\"fr-FR\",\"@id\":\"https:\/\/dicodusport.fr\/blog\/coupe-du-monde-de-skicross-troisieme-podium-de-suite-pour-terence-tchiknavorian\/#primaryimage\",\"url\":\"https:\/\/dicodusport.fr\/blog\/wp-content\/uploads\/2021\/12\/Coupe-du-monde-de-skicross-Troisieme-podium-de-suite-pour-Terence-Tchiknavorian.png\",\"contentUrl\":\"https:\/\/dicodusport.fr\/blog\/wp-content\/uploads\/2021\/12\/Coupe-du-monde-de-skicross-Troisieme-podium-de-suite-pour-Terence-Tchiknavorian.png\",\"width\":800,\"height\":445,\"caption\":\"Coupe du monde de skicross Troisi\u00e8me podium de suite pour Terence Tchiknavorian\"},{\"@type\":\"BreadcrumbList\",\"@id\":\"https:\/\/dicodusport.fr\/blog\/coupe-du-monde-de-skicross-troisieme-podium-de-suite-pour-terence-tchiknavorian\/#breadcrumb\",\"itemListElement\":[{\"@type\":\"ListItem\",\"position\":1,\"name\":\"Accueil\",\"item\":\"https:\/\/dicodusport.fr\/blog\/\"},{\"@type\":\"ListItem\",\"position\":2,\"name\":\"Coupe du monde de skicross : Troisi\u00e8me podium de suite pour Terence Tchiknavorian\"}]},{\"@type\":\"WebSite\",\"@id\":\"https:\/\/dicodusport.fr\/blog\/#website\",\"url\":\"https:\/\/dicodusport.fr\/blog\/\",\"name\":\"Dicodusport\",\"description\":\"L&#039;encyclop\u00e9die de l&#039;actualit\u00e9 sportive\",\"publisher\":{\"@id\":\"https:\/\/dicodusport.fr\/blog\/#organization\"},\"potentialAction\":[{\"@type\":\"SearchAction\",\"target\":{\"@type\":\"EntryPoint\",\"urlTemplate\":\"https:\/\/dicodusport.fr\/blog\/?s={search_term_string}\"},\"query-input\":{\"@type\":\"PropertyValueSpecification\",\"valueRequired\":true,\"valueName\":\"search_term_string\"}}],\"inLanguage\":\"fr-FR\"},{\"@type\":\"NewsMediaOrganization\",\"@id\":\"https:\/\/dicodusport.fr\/blog\/#organization\",\"name\":\"Dicodusport\",\"url\":\"https:\/\/dicodusport.fr\/blog\/\",\"logo\":{\"@type\":\"ImageObject\",\"inLanguage\":\"fr-FR\",\"@id\":\"https:\/\/dicodusport.fr\/blog\/#\/schema\/logo\/image\/\",\"url\":\"https:\/\/dicodusport.fr\/blog\/wp-content\/uploads\/2020\/06\/cropped-LOGO-DICODUSPORT-2020-SANS-FOND-SANS-TEXTE.png\",\"contentUrl\":\"https:\/\/dicodusport.fr\/blog\/wp-content\/uploads\/2020\/06\/cropped-LOGO-DICODUSPORT-2020-SANS-FOND-SANS-TEXTE.png\",\"width\":512,\"height\":512,\"caption\":\"Dicodusport\"},\"image\":{\"@id\":\"https:\/\/dicodusport.fr\/blog\/#\/schema\/logo\/image\/\"},\"sameAs\":[\"https:\/\/www.facebook.com\/dicodusport\",\"https:\/\/x.com\/dicodusport\",\"https:\/\/www.instagram.com\/dicodusport\/\",\"https:\/\/www.youtube.com\/channel\/UC7V2KZ5sd3htJivAbA4ZG3w\"],\"description\":\"Dicodusport est l'encyclop\u00e9die de l'actualit\u00e9 sportive.\",\"email\":\"bonjour@dicodusport.fr\",\"legalName\":\"DICODUSPORT\",\"foundingDate\":\"2018-01-14\",\"vatID\":\"FR71834470973\",\"taxID\":\"83447097300043\",\"numberOfEmployees\":{\"@type\":\"QuantitativeValue\",\"minValue\":\"1\",\"maxValue\":\"10\"}},{\"@type\":\"Person\",\"@id\":\"https:\/\/dicodusport.fr\/blog\/#\/schema\/person\/5aab10ee856e86ac63e9819a9da34784\",\"name\":\"Maxime Boulard\",\"image\":{\"@type\":\"ImageObject\",\"inLanguage\":\"fr-FR\",\"@id\":\"https:\/\/dicodusport.fr\/blog\/#\/schema\/person\/image\/\",\"url\":\"https:\/\/dicodusport.fr\/blog\/wp-content\/uploads\/2021\/05\/Maxime-Boulard-150x150.jpg\",\"contentUrl\":\"https:\/\/dicodusport.fr\/blog\/wp-content\/uploads\/2021\/05\/Maxime-Boulard-150x150.jpg\",\"caption\":\"Maxime Boulard\"},\"description\":\"Journaliste\/r\u00e9dacteur depuis octobre 2020 - Si mon plus vieux souvenir de sport aurait pu m'en d\u00e9go\u00fbter, la finale de la Coupe du monde 2006 a \u00e9t\u00e9 tout le contraire. V\u00e9ritable d\u00e9clencheur d'une passion qui aujourd'hui ne fait que grandir avec le temps, mon leitmotiv est la France qui brille ! Je relate les exploits pass\u00e9s et pr\u00e9sents du sport bleu-blanc-rouge sans m\u00e9nagement depuis octobre 2020. Sport valide ou handisport, aucune diff\u00e9rence, il n'y a que du sport et plusieurs fa\u00e7ons de le pratiquer.\",\"sameAs\":[\"https:\/\/www.facebook.com\/Max.Bld2\/\",\"https:\/\/x.com\/https:\/\/twitter.com\/MaximeB_2\"],\"url\":\"https:\/\/dicodusport.fr\/blog\/author\/maxime-b\/\"}]}<\/script>\n<!-- \/ Yoast SEO Premium plugin. -->","yoast_head_json":{"title":"Coupe du monde de skicross : Troisi\u00e8me podium de suite pour Terence Tchiknavorian","description":"Il est inarr\u00eatable ! Terence Tchiknavorian signe un troisi\u00e8me podium de suite sur l'\u00e9preuve de sprint de skicross \u00e0 Arosa.","robots":{"index":"index","follow":"follow","max-snippet":"max-snippet:-1","max-image-preview":"max-image-preview:large","max-video-preview":"max-video-preview:-1"},"canonical":"https:\/\/dicodusport.fr\/blog\/coupe-du-monde-de-skicross-troisieme-podium-de-suite-pour-terence-tchiknavorian\/","og_locale":"fr_FR","og_type":"article","og_title":"Coupe du monde de skicross : Troisi\u00e8me podium de suite pour Terence Tchiknavorian","og_description":"Il est inarr\u00eatable ! Terence Tchiknavorian signe un troisi\u00e8me podium de suite sur l'\u00e9preuve de sprint de skicross \u00e0 Arosa.","og_url":"https:\/\/dicodusport.fr\/blog\/coupe-du-monde-de-skicross-troisieme-podium-de-suite-pour-terence-tchiknavorian\/","og_site_name":"Dicodusport","article_publisher":"https:\/\/www.facebook.com\/dicodusport","article_author":"https:\/\/www.facebook.com\/Max.Bld2\/","article_published_time":"2021-12-15T07:27:10+00:00","og_image":[{"width":800,"height":445,"url":"https:\/\/dicodusport.fr\/blog\/wp-content\/uploads\/2021\/12\/Coupe-du-monde-de-skicross-Troisieme-podium-de-suite-pour-Terence-Tchiknavorian.png","type":"image\/png"}],"author":"Maxime Boulard","twitter_card":"summary_large_image","twitter_title":"Coupe du monde de skicross : Troisi\u00e8me podium de suite pour Terence Tchiknavorian","twitter_creator":"@https:\/\/twitter.com\/MaximeB_2","twitter_site":"@dicodusport","schema":{"@context":"https:\/\/schema.org","@graph":[{"@type":"NewsArticle","@id":"https:\/\/dicodusport.fr\/blog\/coupe-du-monde-de-skicross-troisieme-podium-de-suite-pour-terence-tchiknavorian\/#article","isPartOf":{"@id":"https:\/\/dicodusport.fr\/blog\/coupe-du-monde-de-skicross-troisieme-podium-de-suite-pour-terence-tchiknavorian\/"},"author":{"name":"Maxime Boulard","@id":"https:\/\/dicodusport.fr\/blog\/#\/schema\/person\/5aab10ee856e86ac63e9819a9da34784"},"headline":"Coupe du monde de skicross : Troisi\u00e8me podium de suite pour Terence Tchiknavorian","datePublished":"2021-12-15T07:27:10+00:00","mainEntityOfPage":{"@id":"https:\/\/dicodusport.fr\/blog\/coupe-du-monde-de-skicross-troisieme-podium-de-suite-pour-terence-tchiknavorian\/"},"wordCount":368,"commentCount":0,"publisher":{"@id":"https:\/\/dicodusport.fr\/blog\/#organization"},"image":{"@id":"https:\/\/dicodusport.fr\/blog\/coupe-du-monde-de-skicross-troisieme-podium-de-suite-pour-terence-tchiknavorian\/#primaryimage"},"thumbnailUrl":"https:\/\/dicodusport.fr\/blog\/wp-content\/uploads\/2021\/12\/Coupe-du-monde-de-skicross-Troisieme-podium-de-suite-pour-Terence-Tchiknavorian.png","keywords":["skicross","Terence Tchiknavorian"],"articleSection":["Ski"],"inLanguage":"fr-FR","potentialAction":[{"@type":"CommentAction","name":"Comment","target":["https:\/\/dicodusport.fr\/blog\/coupe-du-monde-de-skicross-troisieme-podium-de-suite-pour-terence-tchiknavorian\/#respond"]}],"copyrightYear":"2021","copyrightHolder":{"@id":"https:\/\/dicodusport.fr\/blog\/#organization"}},{"@type":"WebPage","@id":"https:\/\/dicodusport.fr\/blog\/coupe-du-monde-de-skicross-troisieme-podium-de-suite-pour-terence-tchiknavorian\/","url":"https:\/\/dicodusport.fr\/blog\/coupe-du-monde-de-skicross-troisieme-podium-de-suite-pour-terence-tchiknavorian\/","name":"Coupe du monde de skicross : Troisi\u00e8me podium de suite pour Terence Tchiknavorian","isPartOf":{"@id":"https:\/\/dicodusport.fr\/blog\/#website"},"primaryImageOfPage":{"@id":"https:\/\/dicodusport.fr\/blog\/coupe-du-monde-de-skicross-troisieme-podium-de-suite-pour-terence-tchiknavorian\/#primaryimage"},"image":{"@id":"https:\/\/dicodusport.fr\/blog\/coupe-du-monde-de-skicross-troisieme-podium-de-suite-pour-terence-tchiknavorian\/#primaryimage"},"thumbnailUrl":"https:\/\/dicodusport.fr\/blog\/wp-content\/uploads\/2021\/12\/Coupe-du-monde-de-skicross-Troisieme-podium-de-suite-pour-Terence-Tchiknavorian.png","datePublished":"2021-12-15T07:27:10+00:00","description":"Il est inarr\u00eatable ! Terence Tchiknavorian signe un troisi\u00e8me podium de suite sur l'\u00e9preuve de sprint de skicross \u00e0 Arosa.","breadcrumb":{"@id":"https:\/\/dicodusport.fr\/blog\/coupe-du-monde-de-skicross-troisieme-podium-de-suite-pour-terence-tchiknavorian\/#breadcrumb"},"inLanguage":"fr-FR","potentialAction":[{"@type":"ReadAction","target":["https:\/\/dicodusport.fr\/blog\/coupe-du-monde-de-skicross-troisieme-podium-de-suite-pour-terence-tchiknavorian\/"]}]},{"@type":"ImageObject","inLanguage":"fr-FR","@id":"https:\/\/dicodusport.fr\/blog\/coupe-du-monde-de-skicross-troisieme-podium-de-suite-pour-terence-tchiknavorian\/#primaryimage","url":"https:\/\/dicodusport.fr\/blog\/wp-content\/uploads\/2021\/12\/Coupe-du-monde-de-skicross-Troisieme-podium-de-suite-pour-Terence-Tchiknavorian.png","contentUrl":"https:\/\/dicodusport.fr\/blog\/wp-content\/uploads\/2021\/12\/Coupe-du-monde-de-skicross-Troisieme-podium-de-suite-pour-Terence-Tchiknavorian.png","width":800,"height":445,"caption":"Coupe du monde de skicross Troisi\u00e8me podium de suite pour Terence Tchiknavorian"},{"@type":"BreadcrumbList","@id":"https:\/\/dicodusport.fr\/blog\/coupe-du-monde-de-skicross-troisieme-podium-de-suite-pour-terence-tchiknavorian\/#breadcrumb","itemListElement":[{"@type":"ListItem","position":1,"name":"Accueil","item":"https:\/\/dicodusport.fr\/blog\/"},{"@type":"ListItem","position":2,"name":"Coupe du monde de skicross : Troisi\u00e8me podium de suite pour Terence Tchiknavorian"}]},{"@type":"WebSite","@id":"https:\/\/dicodusport.fr\/blog\/#website","url":"https:\/\/dicodusport.fr\/blog\/","name":"Dicodusport","description":"L&#039;encyclop\u00e9die de l&#039;actualit\u00e9 sportive","publisher":{"@id":"https:\/\/dicodusport.fr\/blog\/#organization"},"potentialAction":[{"@type":"SearchAction","target":{"@type":"EntryPoint","urlTemplate":"https:\/\/dicodusport.fr\/blog\/?s={search_term_string}"},"query-input":{"@type":"PropertyValueSpecification","valueRequired":true,"valueName":"search_term_string"}}],"inLanguage":"fr-FR"},{"@type":"NewsMediaOrganization","@id":"https:\/\/dicodusport.fr\/blog\/#organization","name":"Dicodusport","url":"https:\/\/dicodusport.fr\/blog\/","logo":{"@type":"ImageObject","inLanguage":"fr-FR","@id":"https:\/\/dicodusport.fr\/blog\/#\/schema\/logo\/image\/","url":"https:\/\/dicodusport.fr\/blog\/wp-content\/uploads\/2020\/06\/cropped-LOGO-DICODUSPORT-2020-SANS-FOND-SANS-TEXTE.png","contentUrl":"https:\/\/dicodusport.fr\/blog\/wp-content\/uploads\/2020\/06\/cropped-LOGO-DICODUSPORT-2020-SANS-FOND-SANS-TEXTE.png","width":512,"height":512,"caption":"Dicodusport"},"image":{"@id":"https:\/\/dicodusport.fr\/blog\/#\/schema\/logo\/image\/"},"sameAs":["https:\/\/www.facebook.com\/dicodusport","https:\/\/x.com\/dicodusport","https:\/\/www.instagram.com\/dicodusport\/","https:\/\/www.youtube.com\/channel\/UC7V2KZ5sd3htJivAbA4ZG3w"],"description":"Dicodusport est l'encyclop\u00e9die de l'actualit\u00e9 sportive.","email":"bonjour@dicodusport.fr","legalName":"DICODUSPORT","foundingDate":"2018-01-14","vatID":"FR71834470973","taxID":"83447097300043","numberOfEmployees":{"@type":"QuantitativeValue","minValue":"1","maxValue":"10"}},{"@type":"Person","@id":"https:\/\/dicodusport.fr\/blog\/#\/schema\/person\/5aab10ee856e86ac63e9819a9da34784","name":"Maxime Boulard","image":{"@type":"ImageObject","inLanguage":"fr-FR","@id":"https:\/\/dicodusport.fr\/blog\/#\/schema\/person\/image\/","url":"https:\/\/dicodusport.fr\/blog\/wp-content\/uploads\/2021\/05\/Maxime-Boulard-150x150.jpg","contentUrl":"https:\/\/dicodusport.fr\/blog\/wp-content\/uploads\/2021\/05\/Maxime-Boulard-150x150.jpg","caption":"Maxime Boulard"},"description":"Journaliste\/r\u00e9dacteur depuis octobre 2020 - Si mon plus vieux souvenir de sport aurait pu m'en d\u00e9go\u00fbter, la finale de la Coupe du monde 2006 a \u00e9t\u00e9 tout le contraire. V\u00e9ritable d\u00e9clencheur d'une passion qui aujourd'hui ne fait que grandir avec le temps, mon leitmotiv est la France qui brille ! Je relate les exploits pass\u00e9s et pr\u00e9sents du sport bleu-blanc-rouge sans m\u00e9nagement depuis octobre 2020. Sport valide ou handisport, aucune diff\u00e9rence, il n'y a que du sport et plusieurs fa\u00e7ons de le pratiquer.","sameAs":["https:\/\/www.facebook.com\/Max.Bld2\/","https:\/\/x.com\/https:\/\/twitter.com\/MaximeB_2"],"url":"https:\/\/dicodusport.fr\/blog\/author\/maxime-b\/"}]}},"_links":{"self":[{"href":"https:\/\/dicodusport.fr\/blog\/wp-json\/wp\/v2\/posts\/185808","targetHints":{"allow":["GET"]}}],"collection":[{"href":"https:\/\/dicodusport.fr\/blog\/wp-json\/wp\/v2\/posts"}],"about":[{"href":"https:\/\/dicodusport.fr\/blog\/wp-json\/wp\/v2\/types\/post"}],"author":[{"embeddable":true,"href":"https:\/\/dicodusport.fr\/blog\/wp-json\/wp\/v2\/users\/43"}],"replies":[{"embeddable":true,"href":"https:\/\/dicodusport.fr\/blog\/wp-json\/wp\/v2\/comments?post=185808"}],"version-history":[{"count":0,"href":"https:\/\/dicodusport.fr\/blog\/wp-json\/wp\/v2\/posts\/185808\/revisions"}],"wp:featuredmedia":[{"embeddable":true,"href":"https:\/\/dicodusport.fr\/blog\/wp-json\/wp\/v2\/media\/185835"}],"wp:attachment":[{"href":"https:\/\/dicodusport.fr\/blog\/wp-json\/wp\/v2\/media?parent=185808"}],"wp:term":[{"taxonomy":"category","embeddable":true,"href":"https:\/\/dicodusport.fr\/blog\/wp-json\/wp\/v2\/categories?post=185808"},{"taxonomy":"post_tag","embeddable":true,"href":"https:\/\/dicodusport.fr\/blog\/wp-json\/wp\/v2\/tags?post=185808"}],"curies":[{"name":"wp","href":"https:\/\/api.w.org\/{rel}","templated":true}]}}